{"id":25073,"date":"2021-05-20T19:12:26","date_gmt":"2021-05-20T16:12:26","guid":{"rendered":"https:\/\/buletin.de\/bucuresti\/?p=25073"},"modified":"2021-05-20T19:12:27","modified_gmt":"2021-05-20T16:12:27","slug":"n-dan-confirma-dna-investigheaza-angajati-ai-administratiei-fondului-imobiliar-26-de-perchezitii-in-dosar-in-bucuresti-ilfov-si-giurgiu","status":"publish","type":"post","link":"https:\/\/buletin.de\/bucuresti\/n-dan-confirma-dna-investigheaza-angajati-ai-administratiei-fondului-imobiliar-26-de-perchezitii-in-dosar-in-bucuresti-ilfov-si-giurgiu\/","title":{"rendered":"N. Dan confirm\u0103: DNA investigheaz\u0103 angaja\u021bi ai Administra\u021biei Fondului Imobiliar. 26 de perchezi\u021bii \u00een dosar, \u00een Bucure\u0219ti, Ilfov \u0219i Giurgiu"},"content":{"rendered":"\n<p>Procurorii DNA au descins, ast\u0103zi, la 26 de adrese din Bucure\u0219ti, Ilfov \u0219i Giurgiu \u00een c\u0103utarea de probe \u00eentr-un dosar ce vizeaz\u0103 atribuirea ilegal\u0103 a unor locuin\u021be din fondul locativ de stat. Ancheta vizeaz\u0103 suspiciuni privind s\u0103v\u00e2r\u0219irea unor infrac\u021biuni de corup\u021bie \u0219i asimilate celor de corup\u021bie comise \u00een perioada -2018 \u2013 2020. Anun\u021bul a fost f\u0103cut \u00eentr-un comunicat de pres\u0103 postat pe site-ul institu\u021biei.<\/p>\n\n\n\n<p><em>\u00cen cursul zilei de 20 mai 2021, ca urmare a ob\u021binerii autoriz\u0103rilor legale de la instan\u021ba competent\u0103, se efectueaz\u0103 perchezi\u021bii domiciliare \u00een 26 loca\u021bii situate \u00een municipiul Bucure\u0219ti \u0219i jude\u021bele Giurgiu \u0219i Ilfov, dintre care una este sediul unui cabinet notarial, restul reprezent\u00e2nd domiciliile unor persoane fizice<\/em>, scrie \u00een <a href=\"http:\/\/www.pna.ro\/comunicat.xhtml?id=10388&amp;fbclid=IwAR15wcCEfki_HjtVDYbkyl_J5THwoLTC8Tq4tsvhvn5SZCJ6MOCuvdhOpYQ\">comunicatul DNA<\/a>.<\/p>\n\n\n\n<p>Despre ce este vorba a l\u0103murit c\u00e2teva ore mai t\u00e2rziu chiar edilul \u0219ef al Capitalei, Nicu\u0219or Dan, care a confirmat c\u0103 este vorba de angaja\u021bi ai Administra\u021biei Fondului Imobiliar Bucure\u0219ti, Primarul general a dat asigur\u0103ri c\u0103, ancheta \u00een cauz\u0103 va avea tot sprijinul actualei administra\u021bii. <\/p>\n\n\n\n<p><em>M\u0103 bucur c\u0103 autorit\u0103\u021bile din justi\u021bie continu\u0103 s\u0103 intervin\u0103 \u0219i s\u0103 investigheze suspiciuni de corup\u021bie din perioada fostei administra\u021bii locale bucure\u0219tene, de aceast\u0103 dat\u0103 \u00een leg\u0103tur\u0103 cu domeniul imobiliar. Confirm c\u0103 DNA investigheaz\u0103 suspiciuni de corup\u021bie \u00een administra\u021bia local\u0103 bucure\u0219tean\u0103, \u00een leg\u0103tur\u0103 cu angaja\u021bi ai Administra\u021biei Fondului Imobiliar, fiind vorba despre lucruri din perioada 2018-2020. Prim\u0103ria Capitalei va oferi tot sprijinul care \u00eei este solicitat \u00een cadrul acestor investiga\u021bii. Nu vom acoperi pe nimeni \u0219i nu accept\u0103m ca astfel de practici s\u0103 continue sub umbrela administra\u021biei municipale<\/em>, a scris Nicu\u0219or Dan, pe pagina sa de Facebook.<\/p>\n\n\n\n<p><\/p>\n\n\n\n<p><\/p>\n","protected":false},"excerpt":{"rendered":"<p>Procurorii DNA au descins, ast\u0103zi, la 26 de adrese din Bucure\u0219ti, Ilfov \u0219i Giurgiu \u00een c\u0103utarea de probe \u00eentr-un dosar ce vizeaz\u0103 atribuirea ilegal\u0103 a unor locuin\u021be din fondul locativ de stat. Ancheta vizeaz\u0103 suspiciuni privind s\u0103v\u00e2r\u0219irea unor infrac\u021biuni de corup\u021bie \u0219i asimilate celor de corup\u021bie comise \u00een perioada -2018 \u2013 2020. Anun\u021bul a fost [&hellip;]<\/p>\n","protected":false},"author":18,"featured_media":25075,"comment_status":"closed","ping_status":"open","sticky":false,"template":"","format":"standard","meta":{"_acf_changed":false,"inline_featured_image":false,"ngg_post_thumbnail":0,"footnotes":""},"categories":[62],"tags":[2791,2790,223],"ppma_author":[22579],"class_list":["post-25073","post","type-post","status-publish","format-standard","has-post-thumbnail","hentry","category-stiri","tag-administratia-fondului-imobiliar","tag-ancheta-dna","tag-nicusor-dan"],"acf":[],"yoast_head":"<!-- This site is optimized with the Yoast SEO Premium plugin v25.3 (Yoast SEO v27.4) - https:\/\/yoast.com\/product\/yoast-seo-premium-wordpress\/ -->\n<title>N. Dan confirm\u0103: DNA investigheaz\u0103 angaja\u021bi ai Administra\u021biei Fondului Imobiliar. 26 de perchezi\u021bii \u00een dosar, \u00een Bucure\u0219ti, Ilfov \u0219i Giurgiu - Buletin de Bucure\u0219ti<\/title>\n<meta name=\"robots\" content=\"index, follow, max-snippet:-1, max-image-preview:large, max-video-preview:-1\" \/>\n<link rel=\"canonical\" href=\"https:\/\/buletin.de\/bucuresti\/n-dan-confirma-dna-investigheaza-angajati-ai-administratiei-fondului-imobiliar-26-de-perchezitii-in-dosar-in-bucuresti-ilfov-si-giurgiu\/\" \/>\n<meta property=\"og:locale\" content=\"en_GB\" \/>\n<meta property=\"og:type\" content=\"article\" \/>\n<meta property=\"og:title\" content=\"N. Dan confirm\u0103: DNA investigheaz\u0103 angaja\u021bi ai Administra\u021biei Fondului Imobiliar. 26 de perchezi\u021bii \u00een dosar, \u00een Bucure\u0219ti, Ilfov \u0219i Giurgiu\" \/>\n<meta property=\"og:description\" content=\"Procurorii DNA au descins, ast\u0103zi, la 26 de adrese din Bucure\u0219ti, Ilfov \u0219i Giurgiu \u00een c\u0103utarea de probe \u00eentr-un dosar ce vizeaz\u0103 atribuirea ilegal\u0103 a unor locuin\u021be din fondul locativ de stat. Ancheta vizeaz\u0103 suspiciuni privind s\u0103v\u00e2r\u0219irea unor infrac\u021biuni de corup\u021bie \u0219i asimilate celor de corup\u021bie comise \u00een perioada -2018 \u2013 2020. Anun\u021bul a fost [&hellip;]\" \/>\n<meta property=\"og:url\" content=\"https:\/\/buletin.de\/bucuresti\/n-dan-confirma-dna-investigheaza-angajati-ai-administratiei-fondului-imobiliar-26-de-perchezitii-in-dosar-in-bucuresti-ilfov-si-giurgiu\/\" \/>\n<meta property=\"og:site_name\" content=\"Buletin de Bucure\u0219ti\" \/>\n<meta property=\"article:publisher\" content=\"https:\/\/www.facebook.com\/buletin.de.buc\" \/>\n<meta property=\"article:published_time\" content=\"2021-05-20T16:12:26+00:00\" \/>\n<meta property=\"article:modified_time\" content=\"2021-05-20T16:12:27+00:00\" \/>\n<meta property=\"og:image\" content=\"https:\/\/buletin.de\/bucuresti\/wp-content\/uploads\/20200527_194819.jpg\" \/>\n\t<meta property=\"og:image:width\" content=\"1319\" \/>\n\t<meta property=\"og:image:height\" content=\"625\" \/>\n\t<meta property=\"og:image:type\" content=\"image\/jpeg\" \/>\n<meta name=\"author\" content=\"Teodora Stroe\" \/>\n<meta name=\"twitter:card\" content=\"summary_large_image\" \/>\n<meta name=\"twitter:label1\" content=\"Written by\" \/>\n\t<meta name=\"twitter:data1\" content=\"Teodora Stroe\" \/>\n\t<meta name=\"twitter:label2\" content=\"Estimated reading time\" \/>\n\t<meta name=\"twitter:data2\" content=\"2 minutes\" \/>\n<script type=\"application\/ld+json\" class=\"yoast-schema-graph\">{\"@context\":\"https:\\\/\\\/schema.org\",\"@graph\":[{\"@type\":\"Article\",\"@id\":\"https:\\\/\\\/buletin.de\\\/bucuresti\\\/n-dan-confirma-dna-investigheaza-angajati-ai-administratiei-fondului-imobiliar-26-de-perchezitii-in-dosar-in-bucuresti-ilfov-si-giurgiu\\\/#article\",\"isPartOf\":{\"@id\":\"https:\\\/\\\/buletin.de\\\/bucuresti\\\/n-dan-confirma-dna-investigheaza-angajati-ai-administratiei-fondului-imobiliar-26-de-perchezitii-in-dosar-in-bucuresti-ilfov-si-giurgiu\\\/\"},\"author\":{\"name\":\"Teodora Stroe\",\"@id\":\"https:\\\/\\\/buletin.de\\\/bucuresti\\\/#\\\/schema\\\/person\\\/d369d7ddc775abece205795e0b804614\"},\"headline\":\"N. Dan confirm\u0103: DNA investigheaz\u0103 angaja\u021bi ai Administra\u021biei Fondului Imobiliar. 26 de perchezi\u021bii \u00een dosar, \u00een Bucure\u0219ti, Ilfov \u0219i Giurgiu\",\"datePublished\":\"2021-05-20T16:12:26+00:00\",\"dateModified\":\"2021-05-20T16:12:27+00:00\",\"mainEntityOfPage\":{\"@id\":\"https:\\\/\\\/buletin.de\\\/bucuresti\\\/n-dan-confirma-dna-investigheaza-angajati-ai-administratiei-fondului-imobiliar-26-de-perchezitii-in-dosar-in-bucuresti-ilfov-si-giurgiu\\\/\"},\"wordCount\":320,\"publisher\":{\"@id\":\"https:\\\/\\\/buletin.de\\\/bucuresti\\\/#organization\"},\"image\":{\"@id\":\"https:\\\/\\\/buletin.de\\\/bucuresti\\\/n-dan-confirma-dna-investigheaza-angajati-ai-administratiei-fondului-imobiliar-26-de-perchezitii-in-dosar-in-bucuresti-ilfov-si-giurgiu\\\/#primaryimage\"},\"thumbnailUrl\":\"https:\\\/\\\/buletin.de\\\/bucuresti\\\/wp-content\\\/uploads\\\/20200527_194819.jpg\",\"keywords\":[\"administratia fondului imobiliar\",\"ancheta dna\",\"nicusor dan\"],\"articleSection\":[\"\u0218tiri\"],\"inLanguage\":\"en-GB\",\"copyrightYear\":\"2021\",\"copyrightHolder\":{\"@id\":\"https:\\\/\\\/buletin.de\\\/bucuresti\\\/#organization\"}},{\"@type\":\"WebPage\",\"@id\":\"https:\\\/\\\/buletin.de\\\/bucuresti\\\/n-dan-confirma-dna-investigheaza-angajati-ai-administratiei-fondului-imobiliar-26-de-perchezitii-in-dosar-in-bucuresti-ilfov-si-giurgiu\\\/\",\"url\":\"https:\\\/\\\/buletin.de\\\/bucuresti\\\/n-dan-confirma-dna-investigheaza-angajati-ai-administratiei-fondului-imobiliar-26-de-perchezitii-in-dosar-in-bucuresti-ilfov-si-giurgiu\\\/\",\"name\":\"N. Dan confirm\u0103: DNA investigheaz\u0103 angaja\u021bi ai Administra\u021biei Fondului Imobiliar. 26 de perchezi\u021bii \u00een dosar, \u00een Bucure\u0219ti, Ilfov \u0219i Giurgiu - Buletin de Bucure\u0219ti\",\"isPartOf\":{\"@id\":\"https:\\\/\\\/buletin.de\\\/bucuresti\\\/#website\"},\"primaryImageOfPage\":{\"@id\":\"https:\\\/\\\/buletin.de\\\/bucuresti\\\/n-dan-confirma-dna-investigheaza-angajati-ai-administratiei-fondului-imobiliar-26-de-perchezitii-in-dosar-in-bucuresti-ilfov-si-giurgiu\\\/#primaryimage\"},\"image\":{\"@id\":\"https:\\\/\\\/buletin.de\\\/bucuresti\\\/n-dan-confirma-dna-investigheaza-angajati-ai-administratiei-fondului-imobiliar-26-de-perchezitii-in-dosar-in-bucuresti-ilfov-si-giurgiu\\\/#primaryimage\"},\"thumbnailUrl\":\"https:\\\/\\\/buletin.de\\\/bucuresti\\\/wp-content\\\/uploads\\\/20200527_194819.jpg\",\"datePublished\":\"2021-05-20T16:12:26+00:00\",\"dateModified\":\"2021-05-20T16:12:27+00:00\",\"breadcrumb\":{\"@id\":\"https:\\\/\\\/buletin.de\\\/bucuresti\\\/n-dan-confirma-dna-investigheaza-angajati-ai-administratiei-fondului-imobiliar-26-de-perchezitii-in-dosar-in-bucuresti-ilfov-si-giurgiu\\\/#breadcrumb\"},\"inLanguage\":\"en-GB\",\"potentialAction\":[{\"@type\":\"ReadAction\",\"target\":[\"https:\\\/\\\/buletin.de\\\/bucuresti\\\/n-dan-confirma-dna-investigheaza-angajati-ai-administratiei-fondului-imobiliar-26-de-perchezitii-in-dosar-in-bucuresti-ilfov-si-giurgiu\\\/\"]}]},{\"@type\":\"ImageObject\",\"inLanguage\":\"en-GB\",\"@id\":\"https:\\\/\\\/buletin.de\\\/bucuresti\\\/n-dan-confirma-dna-investigheaza-angajati-ai-administratiei-fondului-imobiliar-26-de-perchezitii-in-dosar-in-bucuresti-ilfov-si-giurgiu\\\/#primaryimage\",\"url\":\"https:\\\/\\\/buletin.de\\\/bucuresti\\\/wp-content\\\/uploads\\\/20200527_194819.jpg\",\"contentUrl\":\"https:\\\/\\\/buletin.de\\\/bucuresti\\\/wp-content\\\/uploads\\\/20200527_194819.jpg\",\"width\":1319,\"height\":625},{\"@type\":\"BreadcrumbList\",\"@id\":\"https:\\\/\\\/buletin.de\\\/bucuresti\\\/n-dan-confirma-dna-investigheaza-angajati-ai-administratiei-fondului-imobiliar-26-de-perchezitii-in-dosar-in-bucuresti-ilfov-si-giurgiu\\\/#breadcrumb\",\"itemListElement\":[{\"@type\":\"ListItem\",\"position\":1,\"name\":\"Acas\u0103\",\"item\":\"https:\\\/\\\/buletin.de\\\/bucuresti\\\/\"},{\"@type\":\"ListItem\",\"position\":2,\"name\":\"N. Dan confirm\u0103: DNA investigheaz\u0103 angaja\u021bi ai Administra\u021biei Fondului Imobiliar. 26 de perchezi\u021bii \u00een dosar, \u00een Bucure\u0219ti, Ilfov \u0219i Giurgiu\"}]},{\"@type\":\"WebSite\",\"@id\":\"https:\\\/\\\/buletin.de\\\/bucuresti\\\/#website\",\"url\":\"https:\\\/\\\/buletin.de\\\/bucuresti\\\/\",\"name\":\"Buletin de Bucure\u0219ti\",\"description\":\"\u0218tiri \u0219i investiga\u021bii esen\u021biale din capital\u0103\",\"publisher\":{\"@id\":\"https:\\\/\\\/buletin.de\\\/bucuresti\\\/#organization\"},\"potentialAction\":[{\"@type\":\"SearchAction\",\"target\":{\"@type\":\"EntryPoint\",\"urlTemplate\":\"https:\\\/\\\/buletin.de\\\/bucuresti\\\/?s={search_term_string}\"},\"query-input\":{\"@type\":\"PropertyValueSpecification\",\"valueRequired\":true,\"valueName\":\"search_term_string\"}}],\"inLanguage\":\"en-GB\"},{\"@type\":\"Organization\",\"@id\":\"https:\\\/\\\/buletin.de\\\/bucuresti\\\/#organization\",\"name\":\"Buletin de Bucure\u0219ti\",\"url\":\"https:\\\/\\\/buletin.de\\\/bucuresti\\\/\",\"logo\":{\"@type\":\"ImageObject\",\"inLanguage\":\"en-GB\",\"@id\":\"https:\\\/\\\/buletin.de\\\/bucuresti\\\/#\\\/schema\\\/logo\\\/image\\\/\",\"url\":\"https:\\\/\\\/buletin.de\\\/bucuresti\\\/wp-content\\\/uploads\\\/logo-bdb-full-wide-vernil-transparent.png\",\"contentUrl\":\"https:\\\/\\\/buletin.de\\\/bucuresti\\\/wp-content\\\/uploads\\\/logo-bdb-full-wide-vernil-transparent.png\",\"width\":1782,\"height\":626,\"caption\":\"Buletin de Bucure\u0219ti\"},\"image\":{\"@id\":\"https:\\\/\\\/buletin.de\\\/bucuresti\\\/#\\\/schema\\\/logo\\\/image\\\/\"},\"sameAs\":[\"https:\\\/\\\/www.facebook.com\\\/buletin.de.buc\",\"https:\\\/\\\/www.instagram.com\\\/buletinde.bucuresti\\\/\"]},{\"@type\":\"Person\",\"@id\":\"https:\\\/\\\/buletin.de\\\/bucuresti\\\/#\\\/schema\\\/person\\\/d369d7ddc775abece205795e0b804614\",\"name\":\"Teodora Stroe\",\"image\":{\"@type\":\"ImageObject\",\"inLanguage\":\"en-GB\",\"@id\":\"https:\\\/\\\/secure.gravatar.com\\\/avatar\\\/2560b4cd9f5f1bc100b123158e657d75584bd1c3e1d9c69285720b9457c1b78d?s=96&d=monsterid&r=gc104800242ba5f2d78dd5d7dc4df08b6\",\"url\":\"https:\\\/\\\/secure.gravatar.com\\\/avatar\\\/2560b4cd9f5f1bc100b123158e657d75584bd1c3e1d9c69285720b9457c1b78d?s=96&d=monsterid&r=g\",\"contentUrl\":\"https:\\\/\\\/secure.gravatar.com\\\/avatar\\\/2560b4cd9f5f1bc100b123158e657d75584bd1c3e1d9c69285720b9457c1b78d?s=96&d=monsterid&r=g\",\"caption\":\"Teodora Stroe\"},\"url\":\"https:\\\/\\\/buletin.de\\\/bucuresti\\\/author\\\/simonacarlugea\\\/\"}]}<\/script>\n<!-- \/ Yoast SEO Premium plugin. -->","yoast_head_json":{"title":"N. Dan confirm\u0103: DNA investigheaz\u0103 angaja\u021bi ai Administra\u021biei Fondului Imobiliar. 26 de perchezi\u021bii \u00een dosar, \u00een Bucure\u0219ti, Ilfov \u0219i Giurgiu - Buletin de Bucure\u0219ti","robots":{"index":"index","follow":"follow","max-snippet":"max-snippet:-1","max-image-preview":"max-image-preview:large","max-video-preview":"max-video-preview:-1"},"canonical":"https:\/\/buletin.de\/bucuresti\/n-dan-confirma-dna-investigheaza-angajati-ai-administratiei-fondului-imobiliar-26-de-perchezitii-in-dosar-in-bucuresti-ilfov-si-giurgiu\/","og_locale":"en_GB","og_type":"article","og_title":"N. Dan confirm\u0103: DNA investigheaz\u0103 angaja\u021bi ai Administra\u021biei Fondului Imobiliar. 26 de perchezi\u021bii \u00een dosar, \u00een Bucure\u0219ti, Ilfov \u0219i Giurgiu","og_description":"Procurorii DNA au descins, ast\u0103zi, la 26 de adrese din Bucure\u0219ti, Ilfov \u0219i Giurgiu \u00een c\u0103utarea de probe \u00eentr-un dosar ce vizeaz\u0103 atribuirea ilegal\u0103 a unor locuin\u021be din fondul locativ de stat. Ancheta vizeaz\u0103 suspiciuni privind s\u0103v\u00e2r\u0219irea unor infrac\u021biuni de corup\u021bie \u0219i asimilate celor de corup\u021bie comise \u00een perioada -2018 \u2013 2020. Anun\u021bul a fost [&hellip;]","og_url":"https:\/\/buletin.de\/bucuresti\/n-dan-confirma-dna-investigheaza-angajati-ai-administratiei-fondului-imobiliar-26-de-perchezitii-in-dosar-in-bucuresti-ilfov-si-giurgiu\/","og_site_name":"Buletin de Bucure\u0219ti","article_publisher":"https:\/\/www.facebook.com\/buletin.de.buc","article_published_time":"2021-05-20T16:12:26+00:00","article_modified_time":"2021-05-20T16:12:27+00:00","og_image":[{"width":1319,"height":625,"url":"https:\/\/buletin.de\/bucuresti\/wp-content\/uploads\/20200527_194819.jpg","type":"image\/jpeg"}],"author":"Teodora Stroe","twitter_card":"summary_large_image","twitter_misc":{"Written by":"Teodora Stroe","Estimated reading time":"2 minutes"},"schema":{"@context":"https:\/\/schema.org","@graph":[{"@type":"Article","@id":"https:\/\/buletin.de\/bucuresti\/n-dan-confirma-dna-investigheaza-angajati-ai-administratiei-fondului-imobiliar-26-de-perchezitii-in-dosar-in-bucuresti-ilfov-si-giurgiu\/#article","isPartOf":{"@id":"https:\/\/buletin.de\/bucuresti\/n-dan-confirma-dna-investigheaza-angajati-ai-administratiei-fondului-imobiliar-26-de-perchezitii-in-dosar-in-bucuresti-ilfov-si-giurgiu\/"},"author":{"name":"Teodora Stroe","@id":"https:\/\/buletin.de\/bucuresti\/#\/schema\/person\/d369d7ddc775abece205795e0b804614"},"headline":"N. Dan confirm\u0103: DNA investigheaz\u0103 angaja\u021bi ai Administra\u021biei Fondului Imobiliar. 26 de perchezi\u021bii \u00een dosar, \u00een Bucure\u0219ti, Ilfov \u0219i Giurgiu","datePublished":"2021-05-20T16:12:26+00:00","dateModified":"2021-05-20T16:12:27+00:00","mainEntityOfPage":{"@id":"https:\/\/buletin.de\/bucuresti\/n-dan-confirma-dna-investigheaza-angajati-ai-administratiei-fondului-imobiliar-26-de-perchezitii-in-dosar-in-bucuresti-ilfov-si-giurgiu\/"},"wordCount":320,"publisher":{"@id":"https:\/\/buletin.de\/bucuresti\/#organization"},"image":{"@id":"https:\/\/buletin.de\/bucuresti\/n-dan-confirma-dna-investigheaza-angajati-ai-administratiei-fondului-imobiliar-26-de-perchezitii-in-dosar-in-bucuresti-ilfov-si-giurgiu\/#primaryimage"},"thumbnailUrl":"https:\/\/buletin.de\/bucuresti\/wp-content\/uploads\/20200527_194819.jpg","keywords":["administratia fondului imobiliar","ancheta dna","nicusor dan"],"articleSection":["\u0218tiri"],"inLanguage":"en-GB","copyrightYear":"2021","copyrightHolder":{"@id":"https:\/\/buletin.de\/bucuresti\/#organization"}},{"@type":"WebPage","@id":"https:\/\/buletin.de\/bucuresti\/n-dan-confirma-dna-investigheaza-angajati-ai-administratiei-fondului-imobiliar-26-de-perchezitii-in-dosar-in-bucuresti-ilfov-si-giurgiu\/","url":"https:\/\/buletin.de\/bucuresti\/n-dan-confirma-dna-investigheaza-angajati-ai-administratiei-fondului-imobiliar-26-de-perchezitii-in-dosar-in-bucuresti-ilfov-si-giurgiu\/","name":"N. Dan confirm\u0103: DNA investigheaz\u0103 angaja\u021bi ai Administra\u021biei Fondului Imobiliar. 26 de perchezi\u021bii \u00een dosar, \u00een Bucure\u0219ti, Ilfov \u0219i Giurgiu - Buletin de Bucure\u0219ti","isPartOf":{"@id":"https:\/\/buletin.de\/bucuresti\/#website"},"primaryImageOfPage":{"@id":"https:\/\/buletin.de\/bucuresti\/n-dan-confirma-dna-investigheaza-angajati-ai-administratiei-fondului-imobiliar-26-de-perchezitii-in-dosar-in-bucuresti-ilfov-si-giurgiu\/#primaryimage"},"image":{"@id":"https:\/\/buletin.de\/bucuresti\/n-dan-confirma-dna-investigheaza-angajati-ai-administratiei-fondului-imobiliar-26-de-perchezitii-in-dosar-in-bucuresti-ilfov-si-giurgiu\/#primaryimage"},"thumbnailUrl":"https:\/\/buletin.de\/bucuresti\/wp-content\/uploads\/20200527_194819.jpg","datePublished":"2021-05-20T16:12:26+00:00","dateModified":"2021-05-20T16:12:27+00:00","breadcrumb":{"@id":"https:\/\/buletin.de\/bucuresti\/n-dan-confirma-dna-investigheaza-angajati-ai-administratiei-fondului-imobiliar-26-de-perchezitii-in-dosar-in-bucuresti-ilfov-si-giurgiu\/#breadcrumb"},"inLanguage":"en-GB","potentialAction":[{"@type":"ReadAction","target":["https:\/\/buletin.de\/bucuresti\/n-dan-confirma-dna-investigheaza-angajati-ai-administratiei-fondului-imobiliar-26-de-perchezitii-in-dosar-in-bucuresti-ilfov-si-giurgiu\/"]}]},{"@type":"ImageObject","inLanguage":"en-GB","@id":"https:\/\/buletin.de\/bucuresti\/n-dan-confirma-dna-investigheaza-angajati-ai-administratiei-fondului-imobiliar-26-de-perchezitii-in-dosar-in-bucuresti-ilfov-si-giurgiu\/#primaryimage","url":"https:\/\/buletin.de\/bucuresti\/wp-content\/uploads\/20200527_194819.jpg","contentUrl":"https:\/\/buletin.de\/bucuresti\/wp-content\/uploads\/20200527_194819.jpg","width":1319,"height":625},{"@type":"BreadcrumbList","@id":"https:\/\/buletin.de\/bucuresti\/n-dan-confirma-dna-investigheaza-angajati-ai-administratiei-fondului-imobiliar-26-de-perchezitii-in-dosar-in-bucuresti-ilfov-si-giurgiu\/#breadcrumb","itemListElement":[{"@type":"ListItem","position":1,"name":"Acas\u0103","item":"https:\/\/buletin.de\/bucuresti\/"},{"@type":"ListItem","position":2,"name":"N. Dan confirm\u0103: DNA investigheaz\u0103 angaja\u021bi ai Administra\u021biei Fondului Imobiliar. 26 de perchezi\u021bii \u00een dosar, \u00een Bucure\u0219ti, Ilfov \u0219i Giurgiu"}]},{"@type":"WebSite","@id":"https:\/\/buletin.de\/bucuresti\/#website","url":"https:\/\/buletin.de\/bucuresti\/","name":"Buletin de Bucure\u0219ti","description":"\u0218tiri \u0219i investiga\u021bii esen\u021biale din capital\u0103","publisher":{"@id":"https:\/\/buletin.de\/bucuresti\/#organization"},"potentialAction":[{"@type":"SearchAction","target":{"@type":"EntryPoint","urlTemplate":"https:\/\/buletin.de\/bucuresti\/?s={search_term_string}"},"query-input":{"@type":"PropertyValueSpecification","valueRequired":true,"valueName":"search_term_string"}}],"inLanguage":"en-GB"},{"@type":"Organization","@id":"https:\/\/buletin.de\/bucuresti\/#organization","name":"Buletin de Bucure\u0219ti","url":"https:\/\/buletin.de\/bucuresti\/","logo":{"@type":"ImageObject","inLanguage":"en-GB","@id":"https:\/\/buletin.de\/bucuresti\/#\/schema\/logo\/image\/","url":"https:\/\/buletin.de\/bucuresti\/wp-content\/uploads\/logo-bdb-full-wide-vernil-transparent.png","contentUrl":"https:\/\/buletin.de\/bucuresti\/wp-content\/uploads\/logo-bdb-full-wide-vernil-transparent.png","width":1782,"height":626,"caption":"Buletin de Bucure\u0219ti"},"image":{"@id":"https:\/\/buletin.de\/bucuresti\/#\/schema\/logo\/image\/"},"sameAs":["https:\/\/www.facebook.com\/buletin.de.buc","https:\/\/www.instagram.com\/buletinde.bucuresti\/"]},{"@type":"Person","@id":"https:\/\/buletin.de\/bucuresti\/#\/schema\/person\/d369d7ddc775abece205795e0b804614","name":"Teodora Stroe","image":{"@type":"ImageObject","inLanguage":"en-GB","@id":"https:\/\/secure.gravatar.com\/avatar\/2560b4cd9f5f1bc100b123158e657d75584bd1c3e1d9c69285720b9457c1b78d?s=96&d=monsterid&r=gc104800242ba5f2d78dd5d7dc4df08b6","url":"https:\/\/secure.gravatar.com\/avatar\/2560b4cd9f5f1bc100b123158e657d75584bd1c3e1d9c69285720b9457c1b78d?s=96&d=monsterid&r=g","contentUrl":"https:\/\/secure.gravatar.com\/avatar\/2560b4cd9f5f1bc100b123158e657d75584bd1c3e1d9c69285720b9457c1b78d?s=96&d=monsterid&r=g","caption":"Teodora Stroe"},"url":"https:\/\/buletin.de\/bucuresti\/author\/simonacarlugea\/"}]}},"authors":[{"term_id":22579,"user_id":18,"is_guest":0,"slug":"simonacarlugea","display_name":"Teodora Stroe","avatar_url":"https:\/\/secure.gravatar.com\/avatar\/2560b4cd9f5f1bc100b123158e657d75584bd1c3e1d9c69285720b9457c1b78d?s=96&d=monsterid&r=g","0":null,"1":"","2":"","3":"","4":"","5":"","6":"","7":"","8":""}],"_links":{"self":[{"href":"https:\/\/buletin.de\/bucuresti\/wp-json\/wp\/v2\/posts\/25073","targetHints":{"allow":["GET"]}}],"collection":[{"href":"https:\/\/buletin.de\/bucuresti\/wp-json\/wp\/v2\/posts"}],"about":[{"href":"https:\/\/buletin.de\/bucuresti\/wp-json\/wp\/v2\/types\/post"}],"author":[{"embeddable":true,"href":"https:\/\/buletin.de\/bucuresti\/wp-json\/wp\/v2\/users\/18"}],"replies":[{"embeddable":true,"href":"https:\/\/buletin.de\/bucuresti\/wp-json\/wp\/v2\/comments?post=25073"}],"version-history":[{"count":2,"href":"https:\/\/buletin.de\/bucuresti\/wp-json\/wp\/v2\/posts\/25073\/revisions"}],"predecessor-version":[{"id":25076,"href":"https:\/\/buletin.de\/bucuresti\/wp-json\/wp\/v2\/posts\/25073\/revisions\/25076"}],"wp:featuredmedia":[{"embeddable":true,"href":"https:\/\/buletin.de\/bucuresti\/wp-json\/wp\/v2\/media\/25075"}],"wp:attachment":[{"href":"https:\/\/buletin.de\/bucuresti\/wp-json\/wp\/v2\/media?parent=25073"}],"wp:term":[{"taxonomy":"category","embeddable":true,"href":"https:\/\/buletin.de\/bucuresti\/wp-json\/wp\/v2\/categories?post=25073"},{"taxonomy":"post_tag","embeddable":true,"href":"https:\/\/buletin.de\/bucuresti\/wp-json\/wp\/v2\/tags?post=25073"},{"taxonomy":"author","embeddable":true,"href":"https:\/\/buletin.de\/bucuresti\/wp-json\/wp\/v2\/ppma_author?post=25073"}],"curies":[{"name":"wp","href":"https:\/\/api.w.org\/{rel}","templated":true}]}}