{"id":24945,"date":"2021-05-19T15:19:44","date_gmt":"2021-05-19T12:19:44","guid":{"rendered":"https:\/\/buletin.de\/bucuresti\/?p=24945"},"modified":"2021-05-19T15:19:44","modified_gmt":"2021-05-19T12:19:44","slug":"ultimul-bolnav-covid-de-la-spitalul-foisor-transferat-spitalul-poate-incepe-tranzitia-spre-activitatea-non-covid","status":"publish","type":"post","link":"https:\/\/buletin.de\/bucuresti\/ultimul-bolnav-covid-de-la-spitalul-foisor-transferat-spitalul-poate-incepe-tranzitia-spre-activitatea-non-covid\/","title":{"rendered":"Ultimul bolnav Covid de la Spitalul Foi\u0219or, transferat. Spitalul poate \u00eencepe tranzi\u021bia spre activitatea non-covid"},"content":{"rendered":"\n<p><strong>Administra\u021bia Spitalelor \u0219i Serviciilor Medicale Bucure\u0219ti a anun\u021bat c\u0103, \u00een aceast\u0103 diminea\u021b\u0103 a fost transferat ultimul pacient bolnav de Covid-19 de la Spitalul Foi\u0219or din Capital\u0103. Unitatea sanitar\u0103 a \u00eenceput deja procedurile de dezinfec\u021bie pentru a trece la func\u021bionare normal\u0103. Tot ast\u0103zi a fost depus la DSPMB \u0219i dosarul pentru a a ob\u021bine avizul de func\u021bionare non-Covid. <\/strong><\/p>\n\n\n\n<p class=\"has-background\" style=\"background-color:#eff1b1\"><em>\u201e\u00cen cursul dimine\u021bii de miercuri, 19.05.2021, \u00een urma transfer\u0103rii ultimului pacient COVID-19 internat \u00een Sec\u021bia ATI a Spitalului Clinic de Ortopedie, Trumatologie \u0219i TBC Osteoarticular Foi\u0219or, unitatea sanitar\u0103 a \u00eenceput procedurile de nebulizare, cur\u0103\u021benie, dezinfec\u021bie, verific\u0103ri probe biologice \u0219i resecurizare a circuitelor aflate \u00een reconversie, \u00een vederea revenirii la regimul normal de func\u021bionare la o dat\u0103 ulterioar\u0103.<\/em>\u201d, se arat\u0103 \u00een comunicatul de pres\u0103 al ASSMB <\/p>\n\n\n\n<p>De asemenea, Direc\u021bia de S\u0103n\u0103tate Public\u0103 Bucure\u0219ti a f\u0103cut, ast\u0103zi, o inspec\u021bie sanitar\u0103 la Spitalul Foi\u0219or, \u00een urma c\u0103reia va analiza cererea de redeschidere a spitalului pentru pacien\u021bii non-Covid.<\/p>\n\n\n\n<p class=\"has-background\" style=\"background-color:#eff1b1\">\u201e<em>Preciz\u0103m c\u0103 Spitalul Foi\u0219or, administrat de Prim\u0103ria Capitalei prin ASSMB,&nbsp; a depus la Direc\u021bia de S\u0103n\u0103tate Public\u0103 a Municipiului Bucure\u0219ti (DSPMB), \u00een data de 18.05.2021, \u00eentreaga documenta\u021bie necesar\u0103 \u00een vederea ob\u021binerii avizului provizoriu de func\u021bionare care s\u0103 permit\u0103 revenirea la activitatea medical\u0103 obi\u0219nuit\u0103.&nbsp;Reprezentan\u021bii DSPMB au efectuat \u00een cursul zilei de miercuri, 19.05.2021, o inspec\u021bie sanitar\u0103 la Spitalul Foi\u0219or.&nbsp;&nbsp;\u00cen func\u021bie de decizia DSPMB, Spitalul Foi\u0219or va informa opinia public\u0103 \u00een timp util, prin toate canalele de comunicare, privind data eventualei relu\u0103ri a activit\u0103\u021bii \u00een regim normal, dup\u0103 finalizarea procesului de preg\u0103tire medical\u0103 \u0219i administrativ\u0103.<\/em>\u201d, continu\u0103 \u00een comunicatul ASSMB <\/p>\n\n\n\n<p>Spitalul de Ortopedie Foi\u015for a devenit spital COVID din 10 aprilie. \u00cen urm\u0103 cu dou\u0103 zile, spitalul, care are 27 de medici, mai avea doar un pacient.<\/p>\n\n\n\n<p><strong>CITE\u0218TE \u0218I: <\/strong><\/p>\n\n\n\n<ul class=\"wp-block-list\"><li><a href=\"https:\/\/buletin.de\/bucuresti\/dilema-foisor-cine-decide-revenirea-spitalului-la-fluxul-non-covid\/\">Dilema Foi\u0219or |Cine decide revenirea spitalului la fluxul non Covid?<\/a><\/li><li><a href=\"https:\/\/buletin.de\/bucuresti\/pacienti-evacuati-spitalul-foisor\/\">(FOTO) Zeci de pacien\u021bi de la Spitalul \u201dFoi\u0219or\u201d, unii abia opera\u021bi, evacua\u021bi \u00een plin\u0103 noapte la alte spitale din Capital\u0103. \u201dFoi\u0219or\u201d devine unitate COVID<\/a><\/li><\/ul>\n\n\n\n<p>Surs\u0103 Foto: Facebook\/Spitalul Clinic de Ortopedie, Traumatologie \u0219i TBC Osteoarticular \u201eFoi\u0219or\u201d <\/p>\n","protected":false},"excerpt":{"rendered":"<p>Administra\u021bia Spitalelor \u0219i Serviciilor Medicale Bucure\u0219ti a anun\u021bat c\u0103, \u00een aceast\u0103 diminea\u021b\u0103 a fost transferat ultimul pacient bolnav de Covid-19 de la Spitalul Foi\u0219or din Capital\u0103. Unitatea sanitar\u0103 a \u00eenceput deja procedurile de dezinfec\u021bie pentru a trece la func\u021bionare normal\u0103. Tot ast\u0103zi a fost depus la DSPMB \u0219i dosarul pentru a a ob\u021bine avizul de [&hellip;]<\/p>\n","protected":false},"author":17,"featured_media":24951,"comment_status":"closed","ping_status":"open","sticky":false,"template":"","format":"standard","meta":{"_acf_changed":false,"inline_featured_image":false,"ngg_post_thumbnail":0,"footnotes":""},"categories":[62],"tags":[474,643,2737,2554],"ppma_author":[22576],"class_list":["post-24945","post","type-post","status-publish","format-standard","has-post-thumbnail","hentry","category-stiri","tag-assmb","tag-covid19","tag-non-covid","tag-spitalul-foisor"],"acf":[],"yoast_head":"<!-- This site is optimized with the Yoast SEO Premium plugin v25.3 (Yoast SEO v27.5) - https:\/\/yoast.com\/product\/yoast-seo-premium-wordpress\/ -->\n<title>Ultimul bolnav Covid de la Spitalul Foi\u0219or, transferat. Spitalul poate \u00eencepe tranzi\u021bia spre activitatea non-covid - Buletin de Bucure\u0219ti<\/title>\n<meta name=\"robots\" content=\"index, follow, max-snippet:-1, max-image-preview:large, max-video-preview:-1\" \/>\n<link rel=\"canonical\" href=\"https:\/\/buletin.de\/bucuresti\/ultimul-bolnav-covid-de-la-spitalul-foisor-transferat-spitalul-poate-incepe-tranzitia-spre-activitatea-non-covid\/\" \/>\n<meta property=\"og:locale\" content=\"en_GB\" \/>\n<meta property=\"og:type\" content=\"article\" \/>\n<meta property=\"og:title\" content=\"Ultimul bolnav Covid de la Spitalul Foi\u0219or, transferat. Spitalul poate \u00eencepe tranzi\u021bia spre activitatea non-covid\" \/>\n<meta property=\"og:description\" content=\"Administra\u021bia Spitalelor \u0219i Serviciilor Medicale Bucure\u0219ti a anun\u021bat c\u0103, \u00een aceast\u0103 diminea\u021b\u0103 a fost transferat ultimul pacient bolnav de Covid-19 de la Spitalul Foi\u0219or din Capital\u0103. Unitatea sanitar\u0103 a \u00eenceput deja procedurile de dezinfec\u021bie pentru a trece la func\u021bionare normal\u0103. Tot ast\u0103zi a fost depus la DSPMB \u0219i dosarul pentru a a ob\u021bine avizul de [&hellip;]\" \/>\n<meta property=\"og:url\" content=\"https:\/\/buletin.de\/bucuresti\/ultimul-bolnav-covid-de-la-spitalul-foisor-transferat-spitalul-poate-incepe-tranzitia-spre-activitatea-non-covid\/\" \/>\n<meta property=\"og:site_name\" content=\"Buletin de Bucure\u0219ti\" \/>\n<meta property=\"article:publisher\" content=\"https:\/\/www.facebook.com\/buletin.de.buc\" \/>\n<meta property=\"article:published_time\" content=\"2021-05-19T12:19:44+00:00\" \/>\n<meta property=\"og:image\" content=\"https:\/\/buletin.de\/bucuresti\/wp-content\/uploads\/39282992_977784025755705_9176026937313722368_n.jpg\" \/>\n\t<meta property=\"og:image:width\" content=\"1280\" \/>\n\t<meta property=\"og:image:height\" content=\"720\" \/>\n\t<meta property=\"og:image:type\" content=\"image\/jpeg\" \/>\n<meta name=\"author\" content=\"Florin R\u00e2\u0219teiu\" \/>\n<meta name=\"twitter:card\" content=\"summary_large_image\" \/>\n<meta name=\"twitter:label1\" content=\"Written by\" \/>\n\t<meta name=\"twitter:data1\" content=\"Florin R\u00e2\u0219teiu\" \/>\n\t<meta name=\"twitter:label2\" content=\"Estimated reading time\" \/>\n\t<meta name=\"twitter:data2\" content=\"2 minutes\" \/>\n<script type=\"application\/ld+json\" class=\"yoast-schema-graph\">{\"@context\":\"https:\\\/\\\/schema.org\",\"@graph\":[{\"@type\":\"Article\",\"@id\":\"https:\\\/\\\/buletin.de\\\/bucuresti\\\/ultimul-bolnav-covid-de-la-spitalul-foisor-transferat-spitalul-poate-incepe-tranzitia-spre-activitatea-non-covid\\\/#article\",\"isPartOf\":{\"@id\":\"https:\\\/\\\/buletin.de\\\/bucuresti\\\/ultimul-bolnav-covid-de-la-spitalul-foisor-transferat-spitalul-poate-incepe-tranzitia-spre-activitatea-non-covid\\\/\"},\"author\":{\"name\":\"Florin R\u00e2\u0219teiu\",\"@id\":\"https:\\\/\\\/buletin.de\\\/bucuresti\\\/#\\\/schema\\\/person\\\/b0686d7a8b666c6afc78239777fd8a89\"},\"headline\":\"Ultimul bolnav Covid de la Spitalul Foi\u0219or, transferat. Spitalul poate \u00eencepe tranzi\u021bia spre activitatea non-covid\",\"datePublished\":\"2021-05-19T12:19:44+00:00\",\"mainEntityOfPage\":{\"@id\":\"https:\\\/\\\/buletin.de\\\/bucuresti\\\/ultimul-bolnav-covid-de-la-spitalul-foisor-transferat-spitalul-poate-incepe-tranzitia-spre-activitatea-non-covid\\\/\"},\"wordCount\":396,\"publisher\":{\"@id\":\"https:\\\/\\\/buletin.de\\\/bucuresti\\\/#organization\"},\"image\":{\"@id\":\"https:\\\/\\\/buletin.de\\\/bucuresti\\\/ultimul-bolnav-covid-de-la-spitalul-foisor-transferat-spitalul-poate-incepe-tranzitia-spre-activitatea-non-covid\\\/#primaryimage\"},\"thumbnailUrl\":\"https:\\\/\\\/buletin.de\\\/bucuresti\\\/wp-content\\\/uploads\\\/39282992_977784025755705_9176026937313722368_n.jpg\",\"keywords\":[\"assmb\",\"covid19\",\"non-covid\",\"spitalul foisor\"],\"articleSection\":[\"\u0218tiri\"],\"inLanguage\":\"en-GB\",\"copyrightYear\":\"2021\",\"copyrightHolder\":{\"@id\":\"https:\\\/\\\/buletin.de\\\/bucuresti\\\/#organization\"}},{\"@type\":\"WebPage\",\"@id\":\"https:\\\/\\\/buletin.de\\\/bucuresti\\\/ultimul-bolnav-covid-de-la-spitalul-foisor-transferat-spitalul-poate-incepe-tranzitia-spre-activitatea-non-covid\\\/\",\"url\":\"https:\\\/\\\/buletin.de\\\/bucuresti\\\/ultimul-bolnav-covid-de-la-spitalul-foisor-transferat-spitalul-poate-incepe-tranzitia-spre-activitatea-non-covid\\\/\",\"name\":\"Ultimul bolnav Covid de la Spitalul Foi\u0219or, transferat. Spitalul poate \u00eencepe tranzi\u021bia spre activitatea non-covid - Buletin de Bucure\u0219ti\",\"isPartOf\":{\"@id\":\"https:\\\/\\\/buletin.de\\\/bucuresti\\\/#website\"},\"primaryImageOfPage\":{\"@id\":\"https:\\\/\\\/buletin.de\\\/bucuresti\\\/ultimul-bolnav-covid-de-la-spitalul-foisor-transferat-spitalul-poate-incepe-tranzitia-spre-activitatea-non-covid\\\/#primaryimage\"},\"image\":{\"@id\":\"https:\\\/\\\/buletin.de\\\/bucuresti\\\/ultimul-bolnav-covid-de-la-spitalul-foisor-transferat-spitalul-poate-incepe-tranzitia-spre-activitatea-non-covid\\\/#primaryimage\"},\"thumbnailUrl\":\"https:\\\/\\\/buletin.de\\\/bucuresti\\\/wp-content\\\/uploads\\\/39282992_977784025755705_9176026937313722368_n.jpg\",\"datePublished\":\"2021-05-19T12:19:44+00:00\",\"breadcrumb\":{\"@id\":\"https:\\\/\\\/buletin.de\\\/bucuresti\\\/ultimul-bolnav-covid-de-la-spitalul-foisor-transferat-spitalul-poate-incepe-tranzitia-spre-activitatea-non-covid\\\/#breadcrumb\"},\"inLanguage\":\"en-GB\",\"potentialAction\":[{\"@type\":\"ReadAction\",\"target\":[\"https:\\\/\\\/buletin.de\\\/bucuresti\\\/ultimul-bolnav-covid-de-la-spitalul-foisor-transferat-spitalul-poate-incepe-tranzitia-spre-activitatea-non-covid\\\/\"]}]},{\"@type\":\"ImageObject\",\"inLanguage\":\"en-GB\",\"@id\":\"https:\\\/\\\/buletin.de\\\/bucuresti\\\/ultimul-bolnav-covid-de-la-spitalul-foisor-transferat-spitalul-poate-incepe-tranzitia-spre-activitatea-non-covid\\\/#primaryimage\",\"url\":\"https:\\\/\\\/buletin.de\\\/bucuresti\\\/wp-content\\\/uploads\\\/39282992_977784025755705_9176026937313722368_n.jpg\",\"contentUrl\":\"https:\\\/\\\/buletin.de\\\/bucuresti\\\/wp-content\\\/uploads\\\/39282992_977784025755705_9176026937313722368_n.jpg\",\"width\":1280,\"height\":720},{\"@type\":\"BreadcrumbList\",\"@id\":\"https:\\\/\\\/buletin.de\\\/bucuresti\\\/ultimul-bolnav-covid-de-la-spitalul-foisor-transferat-spitalul-poate-incepe-tranzitia-spre-activitatea-non-covid\\\/#breadcrumb\",\"itemListElement\":[{\"@type\":\"ListItem\",\"position\":1,\"name\":\"Acas\u0103\",\"item\":\"https:\\\/\\\/buletin.de\\\/bucuresti\\\/\"},{\"@type\":\"ListItem\",\"position\":2,\"name\":\"Ultimul bolnav Covid de la Spitalul Foi\u0219or, transferat. Spitalul poate \u00eencepe tranzi\u021bia spre activitatea non-covid\"}]},{\"@type\":\"WebSite\",\"@id\":\"https:\\\/\\\/buletin.de\\\/bucuresti\\\/#website\",\"url\":\"https:\\\/\\\/buletin.de\\\/bucuresti\\\/\",\"name\":\"Buletin de Bucure\u0219ti\",\"description\":\"\u0218tiri \u0219i investiga\u021bii esen\u021biale din capital\u0103\",\"publisher\":{\"@id\":\"https:\\\/\\\/buletin.de\\\/bucuresti\\\/#organization\"},\"potentialAction\":[{\"@type\":\"SearchAction\",\"target\":{\"@type\":\"EntryPoint\",\"urlTemplate\":\"https:\\\/\\\/buletin.de\\\/bucuresti\\\/?s={search_term_string}\"},\"query-input\":{\"@type\":\"PropertyValueSpecification\",\"valueRequired\":true,\"valueName\":\"search_term_string\"}}],\"inLanguage\":\"en-GB\"},{\"@type\":\"Organization\",\"@id\":\"https:\\\/\\\/buletin.de\\\/bucuresti\\\/#organization\",\"name\":\"Buletin de Bucure\u0219ti\",\"url\":\"https:\\\/\\\/buletin.de\\\/bucuresti\\\/\",\"logo\":{\"@type\":\"ImageObject\",\"inLanguage\":\"en-GB\",\"@id\":\"https:\\\/\\\/buletin.de\\\/bucuresti\\\/#\\\/schema\\\/logo\\\/image\\\/\",\"url\":\"https:\\\/\\\/buletin.de\\\/bucuresti\\\/wp-content\\\/uploads\\\/logo-bdb-full-wide-vernil-transparent.png\",\"contentUrl\":\"https:\\\/\\\/buletin.de\\\/bucuresti\\\/wp-content\\\/uploads\\\/logo-bdb-full-wide-vernil-transparent.png\",\"width\":1782,\"height\":626,\"caption\":\"Buletin de Bucure\u0219ti\"},\"image\":{\"@id\":\"https:\\\/\\\/buletin.de\\\/bucuresti\\\/#\\\/schema\\\/logo\\\/image\\\/\"},\"sameAs\":[\"https:\\\/\\\/www.facebook.com\\\/buletin.de.buc\",\"https:\\\/\\\/www.instagram.com\\\/buletinde.bucuresti\\\/\"]},{\"@type\":\"Person\",\"@id\":\"https:\\\/\\\/buletin.de\\\/bucuresti\\\/#\\\/schema\\\/person\\\/b0686d7a8b666c6afc78239777fd8a89\",\"name\":\"Florin R\u00e2\u0219teiu\",\"image\":{\"@type\":\"ImageObject\",\"inLanguage\":\"en-GB\",\"@id\":\"https:\\\/\\\/buletin.de\\\/bucuresti\\\/wp-content\\\/uploads\\\/Florin-Rasteiu-96x96.jpgf0a6fe28453aa12f0a60e4d0a2e3a78c\",\"url\":\"https:\\\/\\\/buletin.de\\\/bucuresti\\\/wp-content\\\/uploads\\\/Florin-Rasteiu-96x96.jpg\",\"contentUrl\":\"https:\\\/\\\/buletin.de\\\/bucuresti\\\/wp-content\\\/uploads\\\/Florin-Rasteiu-96x96.jpg\",\"caption\":\"Florin R\u00e2\u0219teiu\"},\"description\":\"Jurnalist de investiga\u021bie. Lucreaz\u0103 de aproape 6 ani la Buletin de Bucure\u0219ti, unde a publicat articole care scot la suprafa\u021b\u0103 corup\u021bia din Capital\u0103. Analizeaz\u0103 baze de date zilnic \u0219i scoate pove\u0219ti din exceluri pline de cifre. Pune reflectorul pe adev\u0103r cu fiecare ocazie. A c\u00e2\u0219tigat premiul I la categoria Pres\u0103 Local\u0103 \u00een 2025 \u0219i locul al II-lea la aceea\u0219i categorie \u00een 2024 \u00een cadrul Premiilor Superscrieri pentru jurnalism independent.\",\"url\":\"https:\\\/\\\/buletin.de\\\/bucuresti\\\/author\\\/florinrasteiu\\\/\"}]}<\/script>\n<!-- \/ Yoast SEO Premium plugin. -->","yoast_head_json":{"title":"Ultimul bolnav Covid de la Spitalul Foi\u0219or, transferat. Spitalul poate \u00eencepe tranzi\u021bia spre activitatea non-covid - Buletin de Bucure\u0219ti","robots":{"index":"index","follow":"follow","max-snippet":"max-snippet:-1","max-image-preview":"max-image-preview:large","max-video-preview":"max-video-preview:-1"},"canonical":"https:\/\/buletin.de\/bucuresti\/ultimul-bolnav-covid-de-la-spitalul-foisor-transferat-spitalul-poate-incepe-tranzitia-spre-activitatea-non-covid\/","og_locale":"en_GB","og_type":"article","og_title":"Ultimul bolnav Covid de la Spitalul Foi\u0219or, transferat. Spitalul poate \u00eencepe tranzi\u021bia spre activitatea non-covid","og_description":"Administra\u021bia Spitalelor \u0219i Serviciilor Medicale Bucure\u0219ti a anun\u021bat c\u0103, \u00een aceast\u0103 diminea\u021b\u0103 a fost transferat ultimul pacient bolnav de Covid-19 de la Spitalul Foi\u0219or din Capital\u0103. Unitatea sanitar\u0103 a \u00eenceput deja procedurile de dezinfec\u021bie pentru a trece la func\u021bionare normal\u0103. Tot ast\u0103zi a fost depus la DSPMB \u0219i dosarul pentru a a ob\u021bine avizul de [&hellip;]","og_url":"https:\/\/buletin.de\/bucuresti\/ultimul-bolnav-covid-de-la-spitalul-foisor-transferat-spitalul-poate-incepe-tranzitia-spre-activitatea-non-covid\/","og_site_name":"Buletin de Bucure\u0219ti","article_publisher":"https:\/\/www.facebook.com\/buletin.de.buc","article_published_time":"2021-05-19T12:19:44+00:00","og_image":[{"width":1280,"height":720,"url":"https:\/\/buletin.de\/bucuresti\/wp-content\/uploads\/39282992_977784025755705_9176026937313722368_n.jpg","type":"image\/jpeg"}],"author":"Florin R\u00e2\u0219teiu","twitter_card":"summary_large_image","twitter_misc":{"Written by":"Florin R\u00e2\u0219teiu","Estimated reading time":"2 minutes"},"schema":{"@context":"https:\/\/schema.org","@graph":[{"@type":"Article","@id":"https:\/\/buletin.de\/bucuresti\/ultimul-bolnav-covid-de-la-spitalul-foisor-transferat-spitalul-poate-incepe-tranzitia-spre-activitatea-non-covid\/#article","isPartOf":{"@id":"https:\/\/buletin.de\/bucuresti\/ultimul-bolnav-covid-de-la-spitalul-foisor-transferat-spitalul-poate-incepe-tranzitia-spre-activitatea-non-covid\/"},"author":{"name":"Florin R\u00e2\u0219teiu","@id":"https:\/\/buletin.de\/bucuresti\/#\/schema\/person\/b0686d7a8b666c6afc78239777fd8a89"},"headline":"Ultimul bolnav Covid de la Spitalul Foi\u0219or, transferat. Spitalul poate \u00eencepe tranzi\u021bia spre activitatea non-covid","datePublished":"2021-05-19T12:19:44+00:00","mainEntityOfPage":{"@id":"https:\/\/buletin.de\/bucuresti\/ultimul-bolnav-covid-de-la-spitalul-foisor-transferat-spitalul-poate-incepe-tranzitia-spre-activitatea-non-covid\/"},"wordCount":396,"publisher":{"@id":"https:\/\/buletin.de\/bucuresti\/#organization"},"image":{"@id":"https:\/\/buletin.de\/bucuresti\/ultimul-bolnav-covid-de-la-spitalul-foisor-transferat-spitalul-poate-incepe-tranzitia-spre-activitatea-non-covid\/#primaryimage"},"thumbnailUrl":"https:\/\/buletin.de\/bucuresti\/wp-content\/uploads\/39282992_977784025755705_9176026937313722368_n.jpg","keywords":["assmb","covid19","non-covid","spitalul foisor"],"articleSection":["\u0218tiri"],"inLanguage":"en-GB","copyrightYear":"2021","copyrightHolder":{"@id":"https:\/\/buletin.de\/bucuresti\/#organization"}},{"@type":"WebPage","@id":"https:\/\/buletin.de\/bucuresti\/ultimul-bolnav-covid-de-la-spitalul-foisor-transferat-spitalul-poate-incepe-tranzitia-spre-activitatea-non-covid\/","url":"https:\/\/buletin.de\/bucuresti\/ultimul-bolnav-covid-de-la-spitalul-foisor-transferat-spitalul-poate-incepe-tranzitia-spre-activitatea-non-covid\/","name":"Ultimul bolnav Covid de la Spitalul Foi\u0219or, transferat. Spitalul poate \u00eencepe tranzi\u021bia spre activitatea non-covid - Buletin de Bucure\u0219ti","isPartOf":{"@id":"https:\/\/buletin.de\/bucuresti\/#website"},"primaryImageOfPage":{"@id":"https:\/\/buletin.de\/bucuresti\/ultimul-bolnav-covid-de-la-spitalul-foisor-transferat-spitalul-poate-incepe-tranzitia-spre-activitatea-non-covid\/#primaryimage"},"image":{"@id":"https:\/\/buletin.de\/bucuresti\/ultimul-bolnav-covid-de-la-spitalul-foisor-transferat-spitalul-poate-incepe-tranzitia-spre-activitatea-non-covid\/#primaryimage"},"thumbnailUrl":"https:\/\/buletin.de\/bucuresti\/wp-content\/uploads\/39282992_977784025755705_9176026937313722368_n.jpg","datePublished":"2021-05-19T12:19:44+00:00","breadcrumb":{"@id":"https:\/\/buletin.de\/bucuresti\/ultimul-bolnav-covid-de-la-spitalul-foisor-transferat-spitalul-poate-incepe-tranzitia-spre-activitatea-non-covid\/#breadcrumb"},"inLanguage":"en-GB","potentialAction":[{"@type":"ReadAction","target":["https:\/\/buletin.de\/bucuresti\/ultimul-bolnav-covid-de-la-spitalul-foisor-transferat-spitalul-poate-incepe-tranzitia-spre-activitatea-non-covid\/"]}]},{"@type":"ImageObject","inLanguage":"en-GB","@id":"https:\/\/buletin.de\/bucuresti\/ultimul-bolnav-covid-de-la-spitalul-foisor-transferat-spitalul-poate-incepe-tranzitia-spre-activitatea-non-covid\/#primaryimage","url":"https:\/\/buletin.de\/bucuresti\/wp-content\/uploads\/39282992_977784025755705_9176026937313722368_n.jpg","contentUrl":"https:\/\/buletin.de\/bucuresti\/wp-content\/uploads\/39282992_977784025755705_9176026937313722368_n.jpg","width":1280,"height":720},{"@type":"BreadcrumbList","@id":"https:\/\/buletin.de\/bucuresti\/ultimul-bolnav-covid-de-la-spitalul-foisor-transferat-spitalul-poate-incepe-tranzitia-spre-activitatea-non-covid\/#breadcrumb","itemListElement":[{"@type":"ListItem","position":1,"name":"Acas\u0103","item":"https:\/\/buletin.de\/bucuresti\/"},{"@type":"ListItem","position":2,"name":"Ultimul bolnav Covid de la Spitalul Foi\u0219or, transferat. Spitalul poate \u00eencepe tranzi\u021bia spre activitatea non-covid"}]},{"@type":"WebSite","@id":"https:\/\/buletin.de\/bucuresti\/#website","url":"https:\/\/buletin.de\/bucuresti\/","name":"Buletin de Bucure\u0219ti","description":"\u0218tiri \u0219i investiga\u021bii esen\u021biale din capital\u0103","publisher":{"@id":"https:\/\/buletin.de\/bucuresti\/#organization"},"potentialAction":[{"@type":"SearchAction","target":{"@type":"EntryPoint","urlTemplate":"https:\/\/buletin.de\/bucuresti\/?s={search_term_string}"},"query-input":{"@type":"PropertyValueSpecification","valueRequired":true,"valueName":"search_term_string"}}],"inLanguage":"en-GB"},{"@type":"Organization","@id":"https:\/\/buletin.de\/bucuresti\/#organization","name":"Buletin de Bucure\u0219ti","url":"https:\/\/buletin.de\/bucuresti\/","logo":{"@type":"ImageObject","inLanguage":"en-GB","@id":"https:\/\/buletin.de\/bucuresti\/#\/schema\/logo\/image\/","url":"https:\/\/buletin.de\/bucuresti\/wp-content\/uploads\/logo-bdb-full-wide-vernil-transparent.png","contentUrl":"https:\/\/buletin.de\/bucuresti\/wp-content\/uploads\/logo-bdb-full-wide-vernil-transparent.png","width":1782,"height":626,"caption":"Buletin de Bucure\u0219ti"},"image":{"@id":"https:\/\/buletin.de\/bucuresti\/#\/schema\/logo\/image\/"},"sameAs":["https:\/\/www.facebook.com\/buletin.de.buc","https:\/\/www.instagram.com\/buletinde.bucuresti\/"]},{"@type":"Person","@id":"https:\/\/buletin.de\/bucuresti\/#\/schema\/person\/b0686d7a8b666c6afc78239777fd8a89","name":"Florin R\u00e2\u0219teiu","image":{"@type":"ImageObject","inLanguage":"en-GB","@id":"https:\/\/buletin.de\/bucuresti\/wp-content\/uploads\/Florin-Rasteiu-96x96.jpgf0a6fe28453aa12f0a60e4d0a2e3a78c","url":"https:\/\/buletin.de\/bucuresti\/wp-content\/uploads\/Florin-Rasteiu-96x96.jpg","contentUrl":"https:\/\/buletin.de\/bucuresti\/wp-content\/uploads\/Florin-Rasteiu-96x96.jpg","caption":"Florin R\u00e2\u0219teiu"},"description":"Jurnalist de investiga\u021bie. Lucreaz\u0103 de aproape 6 ani la Buletin de Bucure\u0219ti, unde a publicat articole care scot la suprafa\u021b\u0103 corup\u021bia din Capital\u0103. Analizeaz\u0103 baze de date zilnic \u0219i scoate pove\u0219ti din exceluri pline de cifre. Pune reflectorul pe adev\u0103r cu fiecare ocazie. A c\u00e2\u0219tigat premiul I la categoria Pres\u0103 Local\u0103 \u00een 2025 \u0219i locul al II-lea la aceea\u0219i categorie \u00een 2024 \u00een cadrul Premiilor Superscrieri pentru jurnalism independent.","url":"https:\/\/buletin.de\/bucuresti\/author\/florinrasteiu\/"}]}},"authors":[{"term_id":22576,"user_id":17,"is_guest":0,"slug":"florinrasteiu","display_name":"Florin R\u00e2\u0219teiu","avatar_url":"https:\/\/buletin.de\/bucuresti\/wp-content\/uploads\/Florin-Rasteiu-96x96.jpg","0":null,"1":"","2":"","3":"","4":"","5":"","6":"","7":"","8":""}],"_links":{"self":[{"href":"https:\/\/buletin.de\/bucuresti\/wp-json\/wp\/v2\/posts\/24945","targetHints":{"allow":["GET"]}}],"collection":[{"href":"https:\/\/buletin.de\/bucuresti\/wp-json\/wp\/v2\/posts"}],"about":[{"href":"https:\/\/buletin.de\/bucuresti\/wp-json\/wp\/v2\/types\/post"}],"author":[{"embeddable":true,"href":"https:\/\/buletin.de\/bucuresti\/wp-json\/wp\/v2\/users\/17"}],"replies":[{"embeddable":true,"href":"https:\/\/buletin.de\/bucuresti\/wp-json\/wp\/v2\/comments?post=24945"}],"version-history":[{"count":3,"href":"https:\/\/buletin.de\/bucuresti\/wp-json\/wp\/v2\/posts\/24945\/revisions"}],"predecessor-version":[{"id":24961,"href":"https:\/\/buletin.de\/bucuresti\/wp-json\/wp\/v2\/posts\/24945\/revisions\/24961"}],"wp:featuredmedia":[{"embeddable":true,"href":"https:\/\/buletin.de\/bucuresti\/wp-json\/wp\/v2\/media\/24951"}],"wp:attachment":[{"href":"https:\/\/buletin.de\/bucuresti\/wp-json\/wp\/v2\/media?parent=24945"}],"wp:term":[{"taxonomy":"category","embeddable":true,"href":"https:\/\/buletin.de\/bucuresti\/wp-json\/wp\/v2\/categories?post=24945"},{"taxonomy":"post_tag","embeddable":true,"href":"https:\/\/buletin.de\/bucuresti\/wp-json\/wp\/v2\/tags?post=24945"},{"taxonomy":"author","embeddable":true,"href":"https:\/\/buletin.de\/bucuresti\/wp-json\/wp\/v2\/ppma_author?post=24945"}],"curies":[{"name":"wp","href":"https:\/\/api.w.org\/{rel}","templated":true}]}}