{"id":24942,"date":"2021-05-19T15:32:22","date_gmt":"2021-05-19T12:32:22","guid":{"rendered":"https:\/\/buletin.de\/bucuresti\/?p=24942"},"modified":"2021-05-19T15:32:23","modified_gmt":"2021-05-19T12:32:23","slug":"m-transporturilor-se-pune-problema-daca-metroul-pana-la-aeroportul-otopeni-e-util","status":"publish","type":"post","link":"https:\/\/buletin.de\/bucuresti\/m-transporturilor-se-pune-problema-daca-metroul-pana-la-aeroportul-otopeni-e-util\/","title":{"rendered":"M. Transporturilor: Se pune problema dac\u0103 Metroul p\u00e2n\u0103 la Aeroportul Otopeni e util"},"content":{"rendered":"\n<p>Ministrul Transporturilor \u015fi Infrastructurii, C\u0103t\u0103lin Drul\u0103, a vorbit, miercuri, \u00een timpul unei vizite pe \u015fantierul Autostr\u0103zii de Centur\u0103 Bucure\u0219ti Sud, A0 Sud, despre proiectul de extindere a liniei de metrou p\u00e2n\u0103 la Aeroportul Otopeni. \u00cen opinia sa, sunt semne de \u00eentrebare legate de utilitatea extinderii metroului \u00een aceast\u0103 direc\u021bie. <\/p>\n\n\n\n<p>C\u0103t\u0103lin Drul\u0103 a explicat c\u0103, \u00een eventualitatea dezvolt\u0103rii proiectului, c\u0103l\u0103torii vor fi nevoi\u021bi, totu\u0219i, s\u0103 parcurg\u0103 3 kilometri cu autobuzul. Mai mult, zona respectiv\u0103 este una cu o densitate foarte mic\u0103 a popula\u021biei ce ar putea c\u0103l\u0103tori cu metroul, fiind, \u00een principal, vorba de o zon\u0103 de p\u0103dure.<\/p>\n\n\n\n<blockquote class=\"wp-block-quote is-layout-flow wp-block-quote-is-layout-flow\"><p>Bucure\u0219tiul are mare nevoie de alte linii de metrou a\u0219a cum mi-au spus \u0219i primarii de sector \u0219i primarul general. E vorba de linia M5, care traverseaz\u0103 de la est la vest Bucurestiul, e vorba de continuarea de la Gara de Nord spre sud a liniei M4. Chiar \u0219i de linia M7, acea diagonal\u0103 din Colentina p\u00e2n\u0103 \u00een Rahova. Toate acestea sunt linii necesare care unesc cartiere cu densitate mare de oameni. Densitatea zonei de la sta\u021bia Tokyo la Aeroportul Otopeni este cea mai mic\u0103 din Bucure\u0219ti. Sunt p\u0103duri acolo. Toate aceste lucruri indic\u0103 semne de \u00eentrebare asupra fezabilit\u0103\u021bii. O linie de metrou nu cost\u0103 doar construc\u021bia ei, ci cost\u0103 operarea foarte mult. Linia, cea deschisa \u00een Drumul Taberei, ne cost\u0103 175 de milioane (n.r. de lei) pe an, recuper\u0103m 25 de milioane din bilete. Deci 150 de milioane sunt subven\u021bionate.<\/p><p>Trebuie s\u0103 investim cu cap. Exper\u021bii B\u0103ncii Europene de Investi\u021bii ne ajut\u0103 s\u0103 investim cu cap.<\/p><cite>C\u0103t\u0103lin Drul\u0103, ministrul Transporturilor \u0219i Infrastructurii<\/cite><\/blockquote>\n\n\n\n<p>\u201eTrebuie s\u0103 investim cu cap. Exper\u021bii B\u0103ncii Europene de Investi\u021bii ne ajut\u0103 s\u0103 investim cu cap\u201d, <\/p>\n\n\n\n<p>\u00cen cadrul Planului Na\u021bional de Redresare \u0219i Rezilien\u021b\u0103 (PNRR), sumele prev\u0103zute pentru investi\u021biile \u00een extinderea metroului sunt de 300 de milioane de euro pentru Bucure\u0219ti \u0219i al\u021bi 300 de milioane de euro pentru Cluj.<\/p>\n\n\n\n<p><strong>Lucr\u0103rile la Autostrada de Centur\u0103 Bucure\u0219ti A0, \u00eengreunate de birocra\u021bie<\/strong><\/p>\n\n\n\n<p>La vizita pe \u0219antier a participat \u0219i vicepremierul Dan Barna, care a precizat c\u0103 pentru Autostrada de Centur\u0103 Bucure\u0219ti s-a f\u0103cut \u201ccea mai mare alocare bugetar\u0103 care a existat \u00een bugetele Rom\u00e2niei\u201d.<\/p>\n\n\n\n<p>\u201cAnul acesta, la final de lun\u0103 aprilie, avem aproape 1,4 miliarde de lei cheltui\u021bi pe ceea ce \u00eenseamn\u0103 infrastructur\u0103 \u00een Rom\u00e2nia, o sum\u0103 f\u0103r\u0103 precedent, mai mare cu 14% fa\u021b\u0103 de anul trecut, mai mare cu 135% fa\u021b\u0103 de acum doi ani. Lucrurile se mi\u0219c\u0103 \u00een infrastructur\u0103\u201d, a mai spus Dan Barna.<\/p>\n\n\n\n<p>Vicepremierul a transmis c\u0103 solicit\u0103 autorit\u0103\u021bilor de mediu \u0219i resurse minerale s\u0103 respecte termenele \u0219i s\u0103 dea avizele necesare pentru lucr\u0103rile din infrastructur\u0103, acuz\u00e2nd procedurile birocratice din ultimele decenii.<\/p>\n\n\n\n<p>Surs\u0103 foto: captur\u0103 Facebook C\u0103t\u0103lin Drul\u0103<\/p>\n","protected":false},"excerpt":{"rendered":"<p>Ministrul Transporturilor \u015fi Infrastructurii, C\u0103t\u0103lin Drul\u0103, a vorbit, miercuri, \u00een timpul unei vizite pe \u015fantierul Autostr\u0103zii de Centur\u0103 Bucure\u0219ti Sud, A0 Sud, despre proiectul de extindere a liniei de metrou p\u00e2n\u0103 la Aeroportul Otopeni. \u00cen opinia sa, sunt semne de \u00eentrebare legate de utilitatea extinderii metroului \u00een aceast\u0103 direc\u021bie. C\u0103t\u0103lin Drul\u0103 a explicat c\u0103, \u00een [&hellip;]<\/p>\n","protected":false},"author":26,"featured_media":24964,"comment_status":"closed","ping_status":"open","sticky":false,"template":"","format":"standard","meta":{"_acf_changed":false,"inline_featured_image":false,"ngg_post_thumbnail":0,"footnotes":""},"categories":[62],"tags":[],"ppma_author":[26106],"class_list":["post-24942","post","type-post","status-publish","format-standard","has-post-thumbnail","hentry","category-stiri"],"acf":[],"yoast_head":"<!-- This site is optimized with the Yoast SEO Premium plugin v25.3 (Yoast SEO v27.5) - https:\/\/yoast.com\/product\/yoast-seo-premium-wordpress\/ -->\n<title>M. Transporturilor: Se pune problema dac\u0103 Metroul p\u00e2n\u0103 la Aeroportul Otopeni e util - Buletin de Bucure\u0219ti<\/title>\n<meta name=\"robots\" content=\"index, follow, max-snippet:-1, max-image-preview:large, max-video-preview:-1\" \/>\n<link rel=\"canonical\" href=\"https:\/\/buletin.de\/bucuresti\/m-transporturilor-se-pune-problema-daca-metroul-pana-la-aeroportul-otopeni-e-util\/\" \/>\n<meta property=\"og:locale\" content=\"en_GB\" \/>\n<meta property=\"og:type\" content=\"article\" \/>\n<meta property=\"og:title\" content=\"M. Transporturilor: Se pune problema dac\u0103 Metroul p\u00e2n\u0103 la Aeroportul Otopeni e util\" \/>\n<meta property=\"og:description\" content=\"Ministrul Transporturilor \u015fi Infrastructurii, C\u0103t\u0103lin Drul\u0103, a vorbit, miercuri, \u00een timpul unei vizite pe \u015fantierul Autostr\u0103zii de Centur\u0103 Bucure\u0219ti Sud, A0 Sud, despre proiectul de extindere a liniei de metrou p\u00e2n\u0103 la Aeroportul Otopeni. \u00cen opinia sa, sunt semne de \u00eentrebare legate de utilitatea extinderii metroului \u00een aceast\u0103 direc\u021bie. C\u0103t\u0103lin Drul\u0103 a explicat c\u0103, \u00een [&hellip;]\" \/>\n<meta property=\"og:url\" content=\"https:\/\/buletin.de\/bucuresti\/m-transporturilor-se-pune-problema-daca-metroul-pana-la-aeroportul-otopeni-e-util\/\" \/>\n<meta property=\"og:site_name\" content=\"Buletin de Bucure\u0219ti\" \/>\n<meta property=\"article:publisher\" content=\"https:\/\/www.facebook.com\/buletin.de.buc\" \/>\n<meta property=\"article:published_time\" content=\"2021-05-19T12:32:22+00:00\" \/>\n<meta property=\"article:modified_time\" content=\"2021-05-19T12:32:23+00:00\" \/>\n<meta property=\"og:image\" content=\"https:\/\/buletin.de\/bucuresti\/wp-content\/uploads\/barna-drula-900x491.png\" \/>\n\t<meta property=\"og:image:width\" content=\"900\" \/>\n\t<meta property=\"og:image:height\" content=\"491\" \/>\n\t<meta property=\"og:image:type\" content=\"image\/png\" \/>\n<meta name=\"author\" content=\"Fredi Radu\" \/>\n<meta name=\"twitter:card\" content=\"summary_large_image\" \/>\n<meta name=\"twitter:label1\" content=\"Written by\" \/>\n\t<meta name=\"twitter:data1\" content=\"Fredi Radu\" \/>\n\t<meta name=\"twitter:label2\" content=\"Estimated reading time\" \/>\n\t<meta name=\"twitter:data2\" content=\"2 minutes\" \/>\n<script type=\"application\/ld+json\" class=\"yoast-schema-graph\">{\"@context\":\"https:\\\/\\\/schema.org\",\"@graph\":[{\"@type\":\"Article\",\"@id\":\"https:\\\/\\\/buletin.de\\\/bucuresti\\\/m-transporturilor-se-pune-problema-daca-metroul-pana-la-aeroportul-otopeni-e-util\\\/#article\",\"isPartOf\":{\"@id\":\"https:\\\/\\\/buletin.de\\\/bucuresti\\\/m-transporturilor-se-pune-problema-daca-metroul-pana-la-aeroportul-otopeni-e-util\\\/\"},\"author\":{\"name\":\"Fredi Radu\",\"@id\":\"https:\\\/\\\/buletin.de\\\/bucuresti\\\/#\\\/schema\\\/person\\\/af0e820905fa3334c5c1cc437d882ff3\"},\"headline\":\"M. Transporturilor: Se pune problema dac\u0103 Metroul p\u00e2n\u0103 la Aeroportul Otopeni e util\",\"datePublished\":\"2021-05-19T12:32:22+00:00\",\"dateModified\":\"2021-05-19T12:32:23+00:00\",\"mainEntityOfPage\":{\"@id\":\"https:\\\/\\\/buletin.de\\\/bucuresti\\\/m-transporturilor-se-pune-problema-daca-metroul-pana-la-aeroportul-otopeni-e-util\\\/\"},\"wordCount\":500,\"publisher\":{\"@id\":\"https:\\\/\\\/buletin.de\\\/bucuresti\\\/#organization\"},\"image\":{\"@id\":\"https:\\\/\\\/buletin.de\\\/bucuresti\\\/m-transporturilor-se-pune-problema-daca-metroul-pana-la-aeroportul-otopeni-e-util\\\/#primaryimage\"},\"thumbnailUrl\":\"https:\\\/\\\/buletin.de\\\/bucuresti\\\/wp-content\\\/uploads\\\/barna-drula.png\",\"articleSection\":[\"\u0218tiri\"],\"inLanguage\":\"en-GB\",\"copyrightYear\":\"2021\",\"copyrightHolder\":{\"@id\":\"https:\\\/\\\/buletin.de\\\/bucuresti\\\/#organization\"}},{\"@type\":\"WebPage\",\"@id\":\"https:\\\/\\\/buletin.de\\\/bucuresti\\\/m-transporturilor-se-pune-problema-daca-metroul-pana-la-aeroportul-otopeni-e-util\\\/\",\"url\":\"https:\\\/\\\/buletin.de\\\/bucuresti\\\/m-transporturilor-se-pune-problema-daca-metroul-pana-la-aeroportul-otopeni-e-util\\\/\",\"name\":\"M. Transporturilor: Se pune problema dac\u0103 Metroul p\u00e2n\u0103 la Aeroportul Otopeni e util - Buletin de Bucure\u0219ti\",\"isPartOf\":{\"@id\":\"https:\\\/\\\/buletin.de\\\/bucuresti\\\/#website\"},\"primaryImageOfPage\":{\"@id\":\"https:\\\/\\\/buletin.de\\\/bucuresti\\\/m-transporturilor-se-pune-problema-daca-metroul-pana-la-aeroportul-otopeni-e-util\\\/#primaryimage\"},\"image\":{\"@id\":\"https:\\\/\\\/buletin.de\\\/bucuresti\\\/m-transporturilor-se-pune-problema-daca-metroul-pana-la-aeroportul-otopeni-e-util\\\/#primaryimage\"},\"thumbnailUrl\":\"https:\\\/\\\/buletin.de\\\/bucuresti\\\/wp-content\\\/uploads\\\/barna-drula.png\",\"datePublished\":\"2021-05-19T12:32:22+00:00\",\"dateModified\":\"2021-05-19T12:32:23+00:00\",\"breadcrumb\":{\"@id\":\"https:\\\/\\\/buletin.de\\\/bucuresti\\\/m-transporturilor-se-pune-problema-daca-metroul-pana-la-aeroportul-otopeni-e-util\\\/#breadcrumb\"},\"inLanguage\":\"en-GB\",\"potentialAction\":[{\"@type\":\"ReadAction\",\"target\":[\"https:\\\/\\\/buletin.de\\\/bucuresti\\\/m-transporturilor-se-pune-problema-daca-metroul-pana-la-aeroportul-otopeni-e-util\\\/\"]}]},{\"@type\":\"ImageObject\",\"inLanguage\":\"en-GB\",\"@id\":\"https:\\\/\\\/buletin.de\\\/bucuresti\\\/m-transporturilor-se-pune-problema-daca-metroul-pana-la-aeroportul-otopeni-e-util\\\/#primaryimage\",\"url\":\"https:\\\/\\\/buletin.de\\\/bucuresti\\\/wp-content\\\/uploads\\\/barna-drula.png\",\"contentUrl\":\"https:\\\/\\\/buletin.de\\\/bucuresti\\\/wp-content\\\/uploads\\\/barna-drula.png\",\"width\":1919,\"height\":1047},{\"@type\":\"BreadcrumbList\",\"@id\":\"https:\\\/\\\/buletin.de\\\/bucuresti\\\/m-transporturilor-se-pune-problema-daca-metroul-pana-la-aeroportul-otopeni-e-util\\\/#breadcrumb\",\"itemListElement\":[{\"@type\":\"ListItem\",\"position\":1,\"name\":\"Acas\u0103\",\"item\":\"https:\\\/\\\/buletin.de\\\/bucuresti\\\/\"},{\"@type\":\"ListItem\",\"position\":2,\"name\":\"M. Transporturilor: Se pune problema dac\u0103 Metroul p\u00e2n\u0103 la Aeroportul Otopeni e util\"}]},{\"@type\":\"WebSite\",\"@id\":\"https:\\\/\\\/buletin.de\\\/bucuresti\\\/#website\",\"url\":\"https:\\\/\\\/buletin.de\\\/bucuresti\\\/\",\"name\":\"Buletin de Bucure\u0219ti\",\"description\":\"\u0218tiri \u0219i investiga\u021bii esen\u021biale din capital\u0103\",\"publisher\":{\"@id\":\"https:\\\/\\\/buletin.de\\\/bucuresti\\\/#organization\"},\"potentialAction\":[{\"@type\":\"SearchAction\",\"target\":{\"@type\":\"EntryPoint\",\"urlTemplate\":\"https:\\\/\\\/buletin.de\\\/bucuresti\\\/?s={search_term_string}\"},\"query-input\":{\"@type\":\"PropertyValueSpecification\",\"valueRequired\":true,\"valueName\":\"search_term_string\"}}],\"inLanguage\":\"en-GB\"},{\"@type\":\"Organization\",\"@id\":\"https:\\\/\\\/buletin.de\\\/bucuresti\\\/#organization\",\"name\":\"Buletin de Bucure\u0219ti\",\"url\":\"https:\\\/\\\/buletin.de\\\/bucuresti\\\/\",\"logo\":{\"@type\":\"ImageObject\",\"inLanguage\":\"en-GB\",\"@id\":\"https:\\\/\\\/buletin.de\\\/bucuresti\\\/#\\\/schema\\\/logo\\\/image\\\/\",\"url\":\"https:\\\/\\\/buletin.de\\\/bucuresti\\\/wp-content\\\/uploads\\\/logo-bdb-full-wide-vernil-transparent.png\",\"contentUrl\":\"https:\\\/\\\/buletin.de\\\/bucuresti\\\/wp-content\\\/uploads\\\/logo-bdb-full-wide-vernil-transparent.png\",\"width\":1782,\"height\":626,\"caption\":\"Buletin de Bucure\u0219ti\"},\"image\":{\"@id\":\"https:\\\/\\\/buletin.de\\\/bucuresti\\\/#\\\/schema\\\/logo\\\/image\\\/\"},\"sameAs\":[\"https:\\\/\\\/www.facebook.com\\\/buletin.de.buc\",\"https:\\\/\\\/www.instagram.com\\\/buletinde.bucuresti\\\/\"]},{\"@type\":\"Person\",\"@id\":\"https:\\\/\\\/buletin.de\\\/bucuresti\\\/#\\\/schema\\\/person\\\/af0e820905fa3334c5c1cc437d882ff3\",\"name\":\"Fredi Radu\",\"image\":{\"@type\":\"ImageObject\",\"inLanguage\":\"en-GB\",\"@id\":\"https:\\\/\\\/secure.gravatar.com\\\/avatar\\\/6601925ca6cb7a4d8aa653d20ebe68e0588c85daaebac2407463e3dfff63599c?s=96&d=monsterid&r=g0c80ca1df7ee47b93a354c9d2ba58e97\",\"url\":\"https:\\\/\\\/secure.gravatar.com\\\/avatar\\\/6601925ca6cb7a4d8aa653d20ebe68e0588c85daaebac2407463e3dfff63599c?s=96&d=monsterid&r=g\",\"contentUrl\":\"https:\\\/\\\/secure.gravatar.com\\\/avatar\\\/6601925ca6cb7a4d8aa653d20ebe68e0588c85daaebac2407463e3dfff63599c?s=96&d=monsterid&r=g\",\"caption\":\"Fredi Radu\"},\"url\":\"https:\\\/\\\/buletin.de\\\/bucuresti\\\/author\\\/radu\\\/\"}]}<\/script>\n<!-- \/ Yoast SEO Premium plugin. -->","yoast_head_json":{"title":"M. Transporturilor: Se pune problema dac\u0103 Metroul p\u00e2n\u0103 la Aeroportul Otopeni e util - Buletin de Bucure\u0219ti","robots":{"index":"index","follow":"follow","max-snippet":"max-snippet:-1","max-image-preview":"max-image-preview:large","max-video-preview":"max-video-preview:-1"},"canonical":"https:\/\/buletin.de\/bucuresti\/m-transporturilor-se-pune-problema-daca-metroul-pana-la-aeroportul-otopeni-e-util\/","og_locale":"en_GB","og_type":"article","og_title":"M. Transporturilor: Se pune problema dac\u0103 Metroul p\u00e2n\u0103 la Aeroportul Otopeni e util","og_description":"Ministrul Transporturilor \u015fi Infrastructurii, C\u0103t\u0103lin Drul\u0103, a vorbit, miercuri, \u00een timpul unei vizite pe \u015fantierul Autostr\u0103zii de Centur\u0103 Bucure\u0219ti Sud, A0 Sud, despre proiectul de extindere a liniei de metrou p\u00e2n\u0103 la Aeroportul Otopeni. \u00cen opinia sa, sunt semne de \u00eentrebare legate de utilitatea extinderii metroului \u00een aceast\u0103 direc\u021bie. C\u0103t\u0103lin Drul\u0103 a explicat c\u0103, \u00een [&hellip;]","og_url":"https:\/\/buletin.de\/bucuresti\/m-transporturilor-se-pune-problema-daca-metroul-pana-la-aeroportul-otopeni-e-util\/","og_site_name":"Buletin de Bucure\u0219ti","article_publisher":"https:\/\/www.facebook.com\/buletin.de.buc","article_published_time":"2021-05-19T12:32:22+00:00","article_modified_time":"2021-05-19T12:32:23+00:00","og_image":[{"width":900,"height":491,"url":"https:\/\/buletin.de\/bucuresti\/wp-content\/uploads\/barna-drula-900x491.png","type":"image\/png"}],"author":"Fredi Radu","twitter_card":"summary_large_image","twitter_misc":{"Written by":"Fredi Radu","Estimated reading time":"2 minutes"},"schema":{"@context":"https:\/\/schema.org","@graph":[{"@type":"Article","@id":"https:\/\/buletin.de\/bucuresti\/m-transporturilor-se-pune-problema-daca-metroul-pana-la-aeroportul-otopeni-e-util\/#article","isPartOf":{"@id":"https:\/\/buletin.de\/bucuresti\/m-transporturilor-se-pune-problema-daca-metroul-pana-la-aeroportul-otopeni-e-util\/"},"author":{"name":"Fredi Radu","@id":"https:\/\/buletin.de\/bucuresti\/#\/schema\/person\/af0e820905fa3334c5c1cc437d882ff3"},"headline":"M. Transporturilor: Se pune problema dac\u0103 Metroul p\u00e2n\u0103 la Aeroportul Otopeni e util","datePublished":"2021-05-19T12:32:22+00:00","dateModified":"2021-05-19T12:32:23+00:00","mainEntityOfPage":{"@id":"https:\/\/buletin.de\/bucuresti\/m-transporturilor-se-pune-problema-daca-metroul-pana-la-aeroportul-otopeni-e-util\/"},"wordCount":500,"publisher":{"@id":"https:\/\/buletin.de\/bucuresti\/#organization"},"image":{"@id":"https:\/\/buletin.de\/bucuresti\/m-transporturilor-se-pune-problema-daca-metroul-pana-la-aeroportul-otopeni-e-util\/#primaryimage"},"thumbnailUrl":"https:\/\/buletin.de\/bucuresti\/wp-content\/uploads\/barna-drula.png","articleSection":["\u0218tiri"],"inLanguage":"en-GB","copyrightYear":"2021","copyrightHolder":{"@id":"https:\/\/buletin.de\/bucuresti\/#organization"}},{"@type":"WebPage","@id":"https:\/\/buletin.de\/bucuresti\/m-transporturilor-se-pune-problema-daca-metroul-pana-la-aeroportul-otopeni-e-util\/","url":"https:\/\/buletin.de\/bucuresti\/m-transporturilor-se-pune-problema-daca-metroul-pana-la-aeroportul-otopeni-e-util\/","name":"M. Transporturilor: Se pune problema dac\u0103 Metroul p\u00e2n\u0103 la Aeroportul Otopeni e util - Buletin de Bucure\u0219ti","isPartOf":{"@id":"https:\/\/buletin.de\/bucuresti\/#website"},"primaryImageOfPage":{"@id":"https:\/\/buletin.de\/bucuresti\/m-transporturilor-se-pune-problema-daca-metroul-pana-la-aeroportul-otopeni-e-util\/#primaryimage"},"image":{"@id":"https:\/\/buletin.de\/bucuresti\/m-transporturilor-se-pune-problema-daca-metroul-pana-la-aeroportul-otopeni-e-util\/#primaryimage"},"thumbnailUrl":"https:\/\/buletin.de\/bucuresti\/wp-content\/uploads\/barna-drula.png","datePublished":"2021-05-19T12:32:22+00:00","dateModified":"2021-05-19T12:32:23+00:00","breadcrumb":{"@id":"https:\/\/buletin.de\/bucuresti\/m-transporturilor-se-pune-problema-daca-metroul-pana-la-aeroportul-otopeni-e-util\/#breadcrumb"},"inLanguage":"en-GB","potentialAction":[{"@type":"ReadAction","target":["https:\/\/buletin.de\/bucuresti\/m-transporturilor-se-pune-problema-daca-metroul-pana-la-aeroportul-otopeni-e-util\/"]}]},{"@type":"ImageObject","inLanguage":"en-GB","@id":"https:\/\/buletin.de\/bucuresti\/m-transporturilor-se-pune-problema-daca-metroul-pana-la-aeroportul-otopeni-e-util\/#primaryimage","url":"https:\/\/buletin.de\/bucuresti\/wp-content\/uploads\/barna-drula.png","contentUrl":"https:\/\/buletin.de\/bucuresti\/wp-content\/uploads\/barna-drula.png","width":1919,"height":1047},{"@type":"BreadcrumbList","@id":"https:\/\/buletin.de\/bucuresti\/m-transporturilor-se-pune-problema-daca-metroul-pana-la-aeroportul-otopeni-e-util\/#breadcrumb","itemListElement":[{"@type":"ListItem","position":1,"name":"Acas\u0103","item":"https:\/\/buletin.de\/bucuresti\/"},{"@type":"ListItem","position":2,"name":"M. Transporturilor: Se pune problema dac\u0103 Metroul p\u00e2n\u0103 la Aeroportul Otopeni e util"}]},{"@type":"WebSite","@id":"https:\/\/buletin.de\/bucuresti\/#website","url":"https:\/\/buletin.de\/bucuresti\/","name":"Buletin de Bucure\u0219ti","description":"\u0218tiri \u0219i investiga\u021bii esen\u021biale din capital\u0103","publisher":{"@id":"https:\/\/buletin.de\/bucuresti\/#organization"},"potentialAction":[{"@type":"SearchAction","target":{"@type":"EntryPoint","urlTemplate":"https:\/\/buletin.de\/bucuresti\/?s={search_term_string}"},"query-input":{"@type":"PropertyValueSpecification","valueRequired":true,"valueName":"search_term_string"}}],"inLanguage":"en-GB"},{"@type":"Organization","@id":"https:\/\/buletin.de\/bucuresti\/#organization","name":"Buletin de Bucure\u0219ti","url":"https:\/\/buletin.de\/bucuresti\/","logo":{"@type":"ImageObject","inLanguage":"en-GB","@id":"https:\/\/buletin.de\/bucuresti\/#\/schema\/logo\/image\/","url":"https:\/\/buletin.de\/bucuresti\/wp-content\/uploads\/logo-bdb-full-wide-vernil-transparent.png","contentUrl":"https:\/\/buletin.de\/bucuresti\/wp-content\/uploads\/logo-bdb-full-wide-vernil-transparent.png","width":1782,"height":626,"caption":"Buletin de Bucure\u0219ti"},"image":{"@id":"https:\/\/buletin.de\/bucuresti\/#\/schema\/logo\/image\/"},"sameAs":["https:\/\/www.facebook.com\/buletin.de.buc","https:\/\/www.instagram.com\/buletinde.bucuresti\/"]},{"@type":"Person","@id":"https:\/\/buletin.de\/bucuresti\/#\/schema\/person\/af0e820905fa3334c5c1cc437d882ff3","name":"Fredi Radu","image":{"@type":"ImageObject","inLanguage":"en-GB","@id":"https:\/\/secure.gravatar.com\/avatar\/6601925ca6cb7a4d8aa653d20ebe68e0588c85daaebac2407463e3dfff63599c?s=96&d=monsterid&r=g0c80ca1df7ee47b93a354c9d2ba58e97","url":"https:\/\/secure.gravatar.com\/avatar\/6601925ca6cb7a4d8aa653d20ebe68e0588c85daaebac2407463e3dfff63599c?s=96&d=monsterid&r=g","contentUrl":"https:\/\/secure.gravatar.com\/avatar\/6601925ca6cb7a4d8aa653d20ebe68e0588c85daaebac2407463e3dfff63599c?s=96&d=monsterid&r=g","caption":"Fredi Radu"},"url":"https:\/\/buletin.de\/bucuresti\/author\/radu\/"}]}},"authors":[{"term_id":26106,"user_id":26,"is_guest":0,"slug":"radu","display_name":"Fredi Radu","avatar_url":"https:\/\/secure.gravatar.com\/avatar\/6601925ca6cb7a4d8aa653d20ebe68e0588c85daaebac2407463e3dfff63599c?s=96&d=monsterid&r=g","0":null,"1":"","2":"","3":"","4":"","5":"","6":"","7":"","8":""}],"_links":{"self":[{"href":"https:\/\/buletin.de\/bucuresti\/wp-json\/wp\/v2\/posts\/24942","targetHints":{"allow":["GET"]}}],"collection":[{"href":"https:\/\/buletin.de\/bucuresti\/wp-json\/wp\/v2\/posts"}],"about":[{"href":"https:\/\/buletin.de\/bucuresti\/wp-json\/wp\/v2\/types\/post"}],"author":[{"embeddable":true,"href":"https:\/\/buletin.de\/bucuresti\/wp-json\/wp\/v2\/users\/26"}],"replies":[{"embeddable":true,"href":"https:\/\/buletin.de\/bucuresti\/wp-json\/wp\/v2\/comments?post=24942"}],"version-history":[{"count":5,"href":"https:\/\/buletin.de\/bucuresti\/wp-json\/wp\/v2\/posts\/24942\/revisions"}],"predecessor-version":[{"id":24967,"href":"https:\/\/buletin.de\/bucuresti\/wp-json\/wp\/v2\/posts\/24942\/revisions\/24967"}],"wp:featuredmedia":[{"embeddable":true,"href":"https:\/\/buletin.de\/bucuresti\/wp-json\/wp\/v2\/media\/24964"}],"wp:attachment":[{"href":"https:\/\/buletin.de\/bucuresti\/wp-json\/wp\/v2\/media?parent=24942"}],"wp:term":[{"taxonomy":"category","embeddable":true,"href":"https:\/\/buletin.de\/bucuresti\/wp-json\/wp\/v2\/categories?post=24942"},{"taxonomy":"post_tag","embeddable":true,"href":"https:\/\/buletin.de\/bucuresti\/wp-json\/wp\/v2\/tags?post=24942"},{"taxonomy":"author","embeddable":true,"href":"https:\/\/buletin.de\/bucuresti\/wp-json\/wp\/v2\/ppma_author?post=24942"}],"curies":[{"name":"wp","href":"https:\/\/api.w.org\/{rel}","templated":true}]}}