{"id":24941,"date":"2021-05-24T07:58:31","date_gmt":"2021-05-24T04:58:31","guid":{"rendered":"https:\/\/buletin.de\/bucuresti\/?p=24941"},"modified":"2021-05-24T08:14:14","modified_gmt":"2021-05-24T05:14:14","slug":"serviciul-de-transport-voluntari-inchiriaza-pe-doi-ani-echipamente-de-monitorizare-a-flotei-miza-200-de-milioane-de-euro-subventie-de-la-pmb-pentru-urmatorii-10-ani","status":"publish","type":"post","link":"https:\/\/buletin.de\/bucuresti\/serviciul-de-transport-voluntari-inchiriaza-pe-doi-ani-echipamente-de-monitorizare-a-flotei-miza-200-de-milioane-de-euro-subventie-de-la-pmb-pentru-urmatorii-10-ani\/","title":{"rendered":"Serviciul de Transport Voluntari \u00eenchiriaz\u0103 pe doi ani echipamente de monitorizare a flotei. Miza: 200 de milioane de euro, subven\u021bie de la PMB, pentru urm\u0103torii 10 ani"},"content":{"rendered":"\n<p><strong>Votat pe repede \u00eenainte \u00een cele 40 de administra\u021bii ilfovene care compun Asocia\u021bia de Dezvoltare Intercomunitar\u0103 pentru Transport Public Bucure\u0219ti \u2013 Ilfov (TPBI), contractul de delegare a transportului public din zona metropolitan\u0103 s-a oprit la Consiliul General al Capitalei dup\u0103 ce o parte din consilieri au anun\u021bat c\u0103 nu vor vota proiectul \u00een forma actual\u0103. <a href=\"https:\/\/buletin.de\/bucuresti\/subventia-de-peste-3-miliarde-de-euro-pentru-transportul-metropolitan-acordata-in-baza-unui-studiu-vechi-de-sapte-ani-serviciul-de-transport-voluntari-principalul-beneficiar-din-ilfov\/\">Dup\u0103 dezv\u0103luirile Buletin de Bucure\u0219ti, potrivit c\u0103rora banii vor ajunge \u0219i \u00een contul unor firme controlate de primarii ilfoveni, printre care Serviciul de Transport Voluntari, f\u0103r\u0103 o analiz\u0103 cerere-cost, delegarea transportului public metropolitan va fi supus\u0103 dezbaterii publice.<\/a> Mai mult, pentru data de 3 iunie este programat\u0103 \u0219i o \u00eent\u00e2lnire cu participarea fizic\u0103 a celor care doresc s\u0103 vin\u0103 cu propuneri.<\/strong><\/p>\n\n\n\n<p>Contractul pentru transportul public din Bucure\u0219ti \u0219i Ilfov ar fi trebuit semnat luna aceasta. Potrivit documentelor transmise de TPBI celor 40 de UAT-uri, termenul limit\u0103 era de 14 mai. Asta \u00een condi\u021biile \u00een care contractul de delegare a gestiunii c\u0103tre Serviciul de Transport Voluntari a expirat pe 18 mai.<\/p>\n\n\n\n<figure class=\"wp-block-image size-large\"><img fetchpriority=\"high\" decoding=\"async\" width=\"900\" height=\"599\" src=\"data:image\/gif;base64,R0lGODlhAQABAAAAACH5BAEKAAEALAAAAAABAAEAAAICTAEAOw==\" data-src=\"https:\/\/buletin.de\/bucuresti\/wp-content\/uploads\/dead-line-900x599.jpg\" alt=\"\" class=\"wp-image-24943 lazyload\" data-sizes=\"auto\" data-srcset=\"https:\/\/buletin.de\/bucuresti\/wp-content\/uploads\/dead-line-900x599.jpg 900w, https:\/\/buletin.de\/bucuresti\/wp-content\/uploads\/dead-line-300x200.jpg 300w, https:\/\/buletin.de\/bucuresti\/wp-content\/uploads\/dead-line-768x511.jpg 768w, https:\/\/buletin.de\/bucuresti\/wp-content\/uploads\/dead-line-550x366.jpg 550w, https:\/\/buletin.de\/bucuresti\/wp-content\/uploads\/dead-line-752x500.jpg 752w, https:\/\/buletin.de\/bucuresti\/wp-content\/uploads\/dead-line-600x399.jpg 600w, https:\/\/buletin.de\/bucuresti\/wp-content\/uploads\/dead-line.jpg 977w\" sizes=\"(max-width: 900px) 100vw, 900px\" \/><figcaption>TBPI a solicitat &#8220;sprijinul prin organizarea \u00een regim de urgen\u021b\u0103 a \u0219edin\u021belor de consilii&#8221; pentru acordarea de c\u0103tre UAT-uri a mandatului pentru semnarea contractului de delegare a serviciilor de transport public.<\/figcaption><\/figure>\n\n\n\n<p><a href=\"https:\/\/buletin.de\/bucuresti\/subventia-de-peste-3-miliarde-de-euro-pentru-transportul-metropolitan-acordata-in-baza-unui-studiu-vechi-de-sapte-ani-serviciul-de-transport-voluntari-principalul-beneficiar-din-ilfov\/\">Buletin de Bucure\u0219ti a dezv\u0103luit la \u00eenceputul lunii c\u0103 subven\u021bia de peste 3 miliarde de euro pentru transportul metropolitan urmeaz\u0103 s\u0103 fie acordat\u0103 \u00een baza unui studiu vechi de \u0219apte ani <\/a>dar \u0219i c\u0103\u00a0Serviciul de Transport Voluntari este principalul beneficiar din Ilfov.<\/p>\n\n\n\n<ul class=\"wp-block-list\"><li><strong>Societatea de Transport Bucure\u0219ti STB S.A.<\/strong><ul><li>Valoarea total\u01ce a contractului este&nbsp;<strong>13.958.165.321,14&nbsp;<\/strong>lei (la care se adaug\u0103 TVA).<\/li><li>Valoarea total\u0103 planificat\u0103 pentru anul 1 este&nbsp;<strong>1.049.718.680,94&nbsp;<\/strong>lei, la care se adaug\u0103 TVA.<\/li><\/ul><\/li><li><strong>Serviciul Transport Voluntari STV S.A.<\/strong><ul><li>Valoarea total\u01ce a contractului este&nbsp;<strong>919.343.214,46&nbsp;<\/strong>lei (la care se adaug\u0103 TVA).<\/li><li>Valoarea total\u0103 planificat\u0103 pentru anul 1 este&nbsp;<strong>69.338.500,53&nbsp;<\/strong>lei la care se adaug\u0103 TVA.<\/li><\/ul><\/li><li><strong>S.C. Ecotrans STCM S.R.L.<\/strong><ul><li>Valoarea total\u01ce a contractului este&nbsp;<strong>107.044.298,00&nbsp;<\/strong>lei (la care se adaug\u0103 TVA).<\/li><li>Valoarea total\u0103 planificat\u0103 pentru anul 1 este&nbsp;<strong>8.066.837,05&nbsp;<\/strong>lei la care se adaug\u0103 TVA.<\/li><\/ul><\/li><li><strong>S.C. Regio Serv Transport S.R.L.- contract de urgen\u021b\u0103 1 an<\/strong><ul><li>Valoarea total\u01ce a contractului este&nbsp;<strong>2.226.335,90&nbsp;<\/strong>lei (la care se adaug\u0103 TVA).<\/li><\/ul><\/li><li><strong>S.C. Regio Serv Transport S.R.L. \u2013 contract termen lung<\/strong><ul><li>Valoarea total\u01ce a contractului este&nbsp;<strong>29.582.228,22&nbsp;<\/strong>lei (la care se adaug\u0103 TVA).<\/li><li>Valoarea total\u0103 planificat\u0103 pentru anul 1 este&nbsp;<strong>2.228.281,62&nbsp;<\/strong>lei la care se adaug\u0103 TVA.<\/li><\/ul><\/li><\/ul>\n\n\n\n<p>Mai mult, subven\u021bia anual\u0103 pe care urmeaz\u0103 s\u0103 o \u00eencaseze timp de 10 ani firma controlat\u0103 de Florentin Pandele se ridic\u0103 la 20 de milioane de euro, \u00een condi\u021biile \u00een care bugetul Voluntariului pe 2020 a fost de 53 de milioane de euro iar autobuzele cu care opereaz\u0103 STV sunt second-hand \u0219i achizi\u021bionate \u00een rate.<\/p>\n\n\n\n<p>\u201c<em>Primarul general a fost informat de c\u0103tre cei de la USR-Plus c\u0103 nu vor vota contractul \u00een form\u0103 actual\u0103. Printre motivele invocate sunt lipsa de transparen\u021b\u0103 dar \u0219i c\u0103 nu s-a f\u0103cut o dezbatere real\u0103. S-au mai f\u0103cut modific\u0103ri la proiectul de contract ini\u021bial pentru la ce estim\u0103ri erau acolo PMB nu avea bani s\u0103 pl\u0103teasc\u0103<\/em>\u201d, au declarat pentru Buletin de Bucure\u0219ti surse din domeniul transportului metropolitan.<\/p>\n\n\n\n<p>Proiectul contractului pe 10 ani a fost votat ini\u021bial \u00een iunie 2020 de c\u0103tre Consiliul General al Municipiului Bucure\u0219ti, controlat de Gabriela Firea. Atunci a fost avizat inclusiv studiul de oportunitate care nu includea o analiz\u0103 cerere-cost \u00een baza c\u0103reia urma s\u0103 fie acordat\u0103 subven\u021bia pe urm\u0103torii 10 ani.<\/p>\n\n\n\n<p>Valoarea stabilit\u0103 de fostul Consiliu General al Capitalei pentru contractul cu STV a fost de 1.028.279.386 lei f\u0103r\u0103 TVA, cu o valoare planificat\u0103 pentru primul an de 102.827.938 f\u0103r\u0103 TVA. Suma era mai mare cu 108.936.172 de lei  si ar fi avut o valoare medie anul\u0103 mai mare cu 10 milioane de lei, potrvit ultimei varinte de lucru.<\/p>\n\n\n\n<p>\u201cProfitul rezonabil\u201d anual al STV ar fi urmat s\u0103 fie de 3.982.076 lei, \u00eencep\u00e2nd cu 2021, adic\u0103 mai mare de \u0219ase ori fa\u021b\u0103 de cel \u00eenregistrat acum doi ani. La aceste cifre se ad\u0103ug\u0103 \u0219i banii \u00eencasa\u021bi pe bilete \u0219i abonamente.<\/p>\n\n\n\n<h2 class=\"wp-block-heading\"><strong>GPS-ul, c\u00e2t e GPS-ul?<\/strong><\/h2>\n\n\n\n<p>\u201c<em>Nici acum obligativitatea de a avea fiecare autobuz montat un GPS nu a fost luat\u0103 \u00een calcul. \u00cen schimb, TPBI a f\u0103cut un protocol cu PMB pentru implementarea unui proiect de digitalizate numit ITS(Intelligent Transportation System) care ar include \u0219i partea de monitorizare a vehiculelor. Proiectul ar urma s\u0103 fie f\u0103cut pe PNRR sau pe Programul Opera\u021bional Regional<\/em>\u201d, mai spun sursele citate.&nbsp;&nbsp;<\/p>\n\n\n\n<p>Asta \u00een condi\u021biile \u00een care Serviciului de Transport Voluntari i-au fost delegate rute \u00een Pope\u0219ti-Leordeni, la peste 20 de kilometri de autobaz\u0103, ca urmare a votului primarilor din Ilfov care compun TPBI.<\/p>\n\n\n\n<p>Mai mult, <a href=\"https:\/\/buletin.de\/bucuresti\/subventia-lui-pandele-de-la-gabriela-firea-autobuzele-second-hand-ale-voluntariului-primesc-100-000-de-euro-pe-luna-ca-sa-ajunga-la-capetele-de-linie\/\">reprezentan\u021bii societ\u0103\u021bii au recunoscut c\u0103 sunt situa\u021bii c\u00e2nd autobuzele r\u0103m\u00e2n \u00een Pope\u0219ti-Leordeni de\u0219i contractul prevede plata unor kilometri \u201cpe gol\u201d pentru acces \u0219i retragere. <\/a><\/p>\n\n\n\n<p><a href=\"https:\/\/buletin.de\/bucuresti\/subventia-lui-pandele-de-la-gabriela-firea-autobuzele-second-hand-ale-voluntariului-primesc-100-000-de-euro-pe-luna-ca-sa-ajunga-la-capetele-de-linie\/\">La nivelul tuturor liniilor operate de STV, decontul pentru a ajunge la capetele de linie este de aproape 100 de mii de euro pe lun\u0103.  90% din bani vin de la PMB iar 10% de la localit\u0103\u021bile tranzitate.<\/a><\/p>\n\n\n\n<h2 class=\"wp-block-heading\">Transparen\u0163\u0103 pe perioad\u0103 determinat\u0103 <\/h2>\n\n\n\n<p>La jum\u0103tatea lunii aprilie, Serviciul de Transport Voluntari S.A., a publicat pe SEAP un anun\u021b de participare pentru \u201cServicii de instalare de sisteme speciale de transport\u201d, \u201cSistem de localizare a vehiculelor\u201d \u0219i \u201cEchipamente de monitorizare a traficului\u201d.<\/p>\n\n\n\n<p>Cu ajutorul acestora se vor putea calcula kilometrii efectua\u021bi pe lun\u0103 de c\u0103tre \u00eentregul parc de vehicule cu defalcarea acestora \u00een kilometri pe traseul liniilor aflate in gestiune \u0219i kilometrii efectua\u021bi \u00een afara traseului prestabilit \u0219i a programului de circula\u021bie.<\/p>\n\n\n\n<figure class=\"wp-block-image size-large\"><img decoding=\"async\" width=\"900\" height=\"127\" src=\"data:image\/gif;base64,R0lGODlhAQABAAAAACH5BAEKAAEALAAAAAABAAEAAAICTAEAOw==\" data-src=\"https:\/\/buletin.de\/bucuresti\/wp-content\/uploads\/stv-seap-900x127.jpg\" alt=\"\" class=\"wp-image-25050 lazyload\" data-sizes=\"auto\" data-srcset=\"https:\/\/buletin.de\/bucuresti\/wp-content\/uploads\/stv-seap-900x127.jpg 900w, https:\/\/buletin.de\/bucuresti\/wp-content\/uploads\/stv-seap-300x42.jpg 300w, https:\/\/buletin.de\/bucuresti\/wp-content\/uploads\/stv-seap-768x108.jpg 768w, https:\/\/buletin.de\/bucuresti\/wp-content\/uploads\/stv-seap-1536x217.jpg 1536w, https:\/\/buletin.de\/bucuresti\/wp-content\/uploads\/stv-seap-1060x150.jpg 1060w, https:\/\/buletin.de\/bucuresti\/wp-content\/uploads\/stv-seap-550x78.jpg 550w, https:\/\/buletin.de\/bucuresti\/wp-content\/uploads\/stv-seap-600x85.jpg 600w, https:\/\/buletin.de\/bucuresti\/wp-content\/uploads\/stv-seap.jpg 1813w\" sizes=\"(max-width: 900px) 100vw, 900px\" \/><figcaption>Data limit\u0103 de depunere a ofertelor pentru anun\u0163ul de participare al STV S.A. este 14 iunie. <\/figcaption><\/figure>\n\n\n\n<p>Dispozitivele, pentru care societatea controlat\u0103 de Florentin Pandele este dispus\u0103 s\u0103 pl\u0103teasc\u0103 100 de mii de euro, nu au \u00eens\u0103 caracter permanent pentru ca inten\u021bia STV este de a le \u00eenchiria pe o perioad\u0103 de cel pu\u021bin doi ani.<\/p>\n\n\n\n<h2 class=\"wp-block-heading\"><strong>Dezbatere public\u0103 cu participare fizic\u0103<\/strong><\/h2>\n\n\n\n<p>De\u0219i ar fi trebuit s\u0103 fie votat \u0219i de Consiliul General al Municipiului Bucure\u0219ti p\u00e2n\u0103 pe 14 mai, contractul a fost pus \u00een stand-by, timp \u00een care se vor face dezbateri pe marginea acestuia.<\/p>\n\n\n\n<p>Potrivit calendarului estimativ, pe 3 iunie ar urma s\u0103 aib\u0103 loc dezbatere public\u0103 fizic\u0103, \u00eentre 7-11 iunie ar trebui s\u0103 se lucreze la forma final\u0103 a contractului iar pe 15 iunie s\u0103 fie organizat\u0103 o nou\u0103 dezbatere pe marginea ultimei variante a proiectului de contract pentru delegarea serviciilor de transport din zona metropolitan\u0103.<\/p>\n\n\n\n<p>Propuneri pentru cre\u0219terea atractivit\u0103\u021bii transportului public au ap\u0103rut deja. Mai mul\u021bi consilieri locali din Otopeni, Tunari, Corbeanca, \u0218tef\u0103ne\u0219tii de Jos, Ciolpani, Peri\u0219 \u0219i Balote\u0219ti dar \u0219i consilieri jude\u021beni au \u00eenaintat o peti\u021bie conducerii TBPI prin care cer ca liniile regionale din Nordul jude\u021bului Ilfov s\u0103 fie interconectate cu sta\u021bia de metrou de la Pia\u021ba Victoriei.<\/p>\n\n\n\n<p style=\" margin: 12px auto 6px auto; font-family: Helvetica,Arial,Sans-serif; font-style: normal; font-variant: normal; font-weight: normal; font-size: 14px; line-height: normal; font-size-adjust: none; font-stretch: normal; -x-system-font: none; display: block;\">   <a title=\"View Peti\u021bie ADITPBI semnat\u0103 de consilieri locali din Otopeni, Tunari, Corbeanca, \u0218tef\u0103ne\u0219tii de Jos, Ciolpani, Peri\u0219 \u0219i Balote\u0219ti  on Scribd\" href=\"https:\/\/www.scribd.com\/document\/508460544\/Peti%C8%9Bie-ADITPBI-semnat%C4%83-de-consilieri-locali-din-Otopeni-Tunari-Corbeanca-%C8%98tef%C4%83ne%C8%99tii-de-Jos-Ciolpani-Peri%C8%99-%C8%99i-Balote%C8%99ti#from_embed\" style=\"text-decoration: underline;\">Peti\u021bie ADITPBI semnat\u0103 de consilieri locali din Otopeni, Tunari, Corbeanca, \u0218tef\u0103ne\u0219tii de Jos, Ciolpani,&#8230;<\/a> by <a title=\"View C\u0103t\u0103lin Dosca\u0219's profile on Scribd\" href=\"https:\/\/www.scribd.com\/user\/129749357\/C%C4%83t%C4%83lin-Dosca%C8%99#from_embed\" style=\"text-decoration: underline;\">C\u0103t\u0103lin Dosca\u0219<\/a> on Scribd<\/p><iframe class=\"scribd_iframe_embed\" title=\"Peti\u021bie ADITPBI semnat\u0103 de consilieri locali din Otopeni, Tunari, Corbeanca, \u0218tef\u0103ne\u0219tii de Jos, Ciolpani, Peri\u0219 \u0219i Balote\u0219ti \" src=\"https:\/\/www.scribd.com\/embeds\/508460544\/content?start_page=1&amp;view_mode=scroll&amp;access_key=key-SeDBle94j6BRTvw5CrnA\" data-auto-height=\"false\" data-aspect-ratio=\"0.7729220222793488\" scrolling=\"no\" id=\"doc_33916\" width=\"100%\" height=\"600\" frameborder=\"0\"><\/iframe>\n\n\n\n<p>Este vorba despre liniile R403, R441, R442, R443, R444, R445, R446, R447, R448, R477, R478 cu puncte terminus, \u00een prezent, la Pia\u021ba Presei Libere.<\/p>\n\n\n\n<p>CITE\u0218TE \u0218I<\/p>\n\n\n\n<p><a href=\"https:\/\/buletin.de\/bucuresti\/subventia-de-peste-3-miliarde-de-euro-pentru-transportul-metropolitan-acordata-in-baza-unui-studiu-vechi-de-sapte-ani-serviciul-de-transport-voluntari-principalul-beneficiar-din-ilfov\/\">Subven\u021bia de peste 3 miliarde de euro pentru transportul metropolitan, acordat\u0103 \u00een baza unui studiu vechi de \u0219apte ani. Serviciul de Transport Voluntari, principalul beneficiar din Ilfov<\/a><\/p>\n\n\n\n<p><a href=\"https:\/\/buletin.de\/bucuresti\/cum-protejeaza-tpbi-subventia-pentru-autobuzele-lui-pandele-retrage-stb-din-zona-de-influenta-a-serviciului-de-transport-voluntari\/\">Cum protejeaz\u0103 TPBI subven\u021bia pentru autobuzele lui Pandele: retrage STB din zona de influen\u021b\u0103 a Serviciului de Transport Voluntari<\/a><\/p>\n\n\n\n<p><a href=\"https:\/\/buletin.de\/bucuresti\/subventia-lui-pandele-de-la-gabriela-firea-autobuzele-second-hand-ale-voluntariului-primesc-100-000-de-euro-pe-luna-ca-sa-ajunga-la-capetele-de-linie\/\">\u201cSubven\u021bia\u201d lui Pandele de la Gabriela Firea: autobuzele second-hand ale Voluntariului primesc 100.000 de euro pe lun\u0103 ca s\u0103 ajung\u0103 la capetele de linie<\/a><\/p>\n\n\n\n<p>FOTO: Asocia\u021bia Metrou U\u0219or\/Victor Silaghi<\/p>\n","protected":false},"excerpt":{"rendered":"<p>Votat pe repede \u00eenainte \u00een cele 40 de administra\u021bii ilfovene care compun Asocia\u021bia de Dezvoltare Intercomunitar\u0103 pentru Transport Public Bucure\u0219ti \u2013 Ilfov (TPBI), contractul de delegare a transportului public din zona metropolitan\u0103 s-a oprit la Consiliul General al Capitalei dup\u0103 ce o parte din consilieri au anun\u021bat c\u0103 nu vor vota proiectul \u00een forma actual\u0103. [&hellip;]<\/p>\n","protected":false},"author":10,"featured_media":24989,"comment_status":"closed","ping_status":"open","sticky":false,"template":"","format":"standard","meta":{"_acf_changed":false,"inline_featured_image":false,"ngg_post_thumbnail":0,"footnotes":""},"categories":[62],"tags":[1935,878,2782,2193],"ppma_author":[22575],"class_list":["post-24941","post","type-post","status-publish","format-standard","has-post-thumbnail","hentry","category-stiri","tag-contract","tag-pandele","tag-serviciul-de-transport-voluntari","tag-subventie"],"acf":[],"yoast_head":"<!-- This site is optimized with the Yoast SEO Premium plugin v25.3 (Yoast SEO v27.5) - https:\/\/yoast.com\/product\/yoast-seo-premium-wordpress\/ -->\n<title>Serviciul de Transport Voluntari \u00eenchiriaz\u0103 pe doi ani echipamente de monitorizare a flotei. Miza: 200 de milioane de euro, subven\u021bie de la PMB, pentru urm\u0103torii 10 ani - Buletin de Bucure\u0219ti<\/title>\n<meta name=\"robots\" content=\"index, follow, max-snippet:-1, max-image-preview:large, max-video-preview:-1\" \/>\n<link rel=\"canonical\" href=\"https:\/\/buletin.de\/bucuresti\/serviciul-de-transport-voluntari-inchiriaza-pe-doi-ani-echipamente-de-monitorizare-a-flotei-miza-200-de-milioane-de-euro-subventie-de-la-pmb-pentru-urmatorii-10-ani\/\" \/>\n<meta property=\"og:locale\" content=\"en_GB\" \/>\n<meta property=\"og:type\" content=\"article\" \/>\n<meta property=\"og:title\" content=\"Serviciul de Transport Voluntari \u00eenchiriaz\u0103 pe doi ani echipamente de monitorizare a flotei. Miza: 200 de milioane de euro, subven\u021bie de la PMB, pentru urm\u0103torii 10 ani\" \/>\n<meta property=\"og:description\" content=\"Votat pe repede \u00eenainte \u00een cele 40 de administra\u021bii ilfovene care compun Asocia\u021bia de Dezvoltare Intercomunitar\u0103 pentru Transport Public Bucure\u0219ti \u2013 Ilfov (TPBI), contractul de delegare a transportului public din zona metropolitan\u0103 s-a oprit la Consiliul General al Capitalei dup\u0103 ce o parte din consilieri au anun\u021bat c\u0103 nu vor vota proiectul \u00een forma actual\u0103. [&hellip;]\" \/>\n<meta property=\"og:url\" content=\"https:\/\/buletin.de\/bucuresti\/serviciul-de-transport-voluntari-inchiriaza-pe-doi-ani-echipamente-de-monitorizare-a-flotei-miza-200-de-milioane-de-euro-subventie-de-la-pmb-pentru-urmatorii-10-ani\/\" \/>\n<meta property=\"og:site_name\" content=\"Buletin de Bucure\u0219ti\" \/>\n<meta property=\"article:publisher\" content=\"https:\/\/www.facebook.com\/buletin.de.buc\" \/>\n<meta property=\"article:published_time\" content=\"2021-05-24T04:58:31+00:00\" \/>\n<meta property=\"article:modified_time\" content=\"2021-05-24T05:14:14+00:00\" \/>\n<meta property=\"og:image\" content=\"https:\/\/buletin.de\/bucuresti\/wp-content\/uploads\/DSC_0886.jpg\" \/>\n\t<meta property=\"og:image:width\" content=\"800\" \/>\n\t<meta property=\"og:image:height\" content=\"533\" \/>\n\t<meta property=\"og:image:type\" content=\"image\/jpeg\" \/>\n<meta name=\"author\" content=\"C\u0103t\u0103lin Dosca\u0219\" \/>\n<meta name=\"twitter:card\" content=\"summary_large_image\" \/>\n<meta name=\"twitter:label1\" content=\"Written by\" \/>\n\t<meta name=\"twitter:data1\" content=\"C\u0103t\u0103lin Dosca\u0219\" \/>\n\t<meta name=\"twitter:label2\" content=\"Estimated reading time\" \/>\n\t<meta name=\"twitter:data2\" content=\"6 minutes\" \/>\n<script type=\"application\/ld+json\" class=\"yoast-schema-graph\">{\"@context\":\"https:\\\/\\\/schema.org\",\"@graph\":[{\"@type\":\"Article\",\"@id\":\"https:\\\/\\\/buletin.de\\\/bucuresti\\\/serviciul-de-transport-voluntari-inchiriaza-pe-doi-ani-echipamente-de-monitorizare-a-flotei-miza-200-de-milioane-de-euro-subventie-de-la-pmb-pentru-urmatorii-10-ani\\\/#article\",\"isPartOf\":{\"@id\":\"https:\\\/\\\/buletin.de\\\/bucuresti\\\/serviciul-de-transport-voluntari-inchiriaza-pe-doi-ani-echipamente-de-monitorizare-a-flotei-miza-200-de-milioane-de-euro-subventie-de-la-pmb-pentru-urmatorii-10-ani\\\/\"},\"author\":{\"name\":\"C\u0103t\u0103lin Dosca\u0219\",\"@id\":\"https:\\\/\\\/buletin.de\\\/bucuresti\\\/#\\\/schema\\\/person\\\/31117187ed4d0bdb0a4c7d6acc79d0f8\"},\"headline\":\"Serviciul de Transport Voluntari \u00eenchiriaz\u0103 pe doi ani echipamente de monitorizare a flotei. Miza: 200 de milioane de euro, subven\u021bie de la PMB, pentru urm\u0103torii 10 ani\",\"datePublished\":\"2021-05-24T04:58:31+00:00\",\"dateModified\":\"2021-05-24T05:14:14+00:00\",\"mainEntityOfPage\":{\"@id\":\"https:\\\/\\\/buletin.de\\\/bucuresti\\\/serviciul-de-transport-voluntari-inchiriaza-pe-doi-ani-echipamente-de-monitorizare-a-flotei-miza-200-de-milioane-de-euro-subventie-de-la-pmb-pentru-urmatorii-10-ani\\\/\"},\"wordCount\":1332,\"publisher\":{\"@id\":\"https:\\\/\\\/buletin.de\\\/bucuresti\\\/#organization\"},\"image\":{\"@id\":\"https:\\\/\\\/buletin.de\\\/bucuresti\\\/serviciul-de-transport-voluntari-inchiriaza-pe-doi-ani-echipamente-de-monitorizare-a-flotei-miza-200-de-milioane-de-euro-subventie-de-la-pmb-pentru-urmatorii-10-ani\\\/#primaryimage\"},\"thumbnailUrl\":\"https:\\\/\\\/buletin.de\\\/bucuresti\\\/wp-content\\\/uploads\\\/DSC_0886.jpg\",\"keywords\":[\"contract\",\"pandele\",\"serviciul de transport voluntari\",\"subventie\"],\"articleSection\":[\"\u0218tiri\"],\"inLanguage\":\"en-GB\",\"copyrightYear\":\"2021\",\"copyrightHolder\":{\"@id\":\"https:\\\/\\\/buletin.de\\\/bucuresti\\\/#organization\"}},{\"@type\":\"WebPage\",\"@id\":\"https:\\\/\\\/buletin.de\\\/bucuresti\\\/serviciul-de-transport-voluntari-inchiriaza-pe-doi-ani-echipamente-de-monitorizare-a-flotei-miza-200-de-milioane-de-euro-subventie-de-la-pmb-pentru-urmatorii-10-ani\\\/\",\"url\":\"https:\\\/\\\/buletin.de\\\/bucuresti\\\/serviciul-de-transport-voluntari-inchiriaza-pe-doi-ani-echipamente-de-monitorizare-a-flotei-miza-200-de-milioane-de-euro-subventie-de-la-pmb-pentru-urmatorii-10-ani\\\/\",\"name\":\"Serviciul de Transport Voluntari \u00eenchiriaz\u0103 pe doi ani echipamente de monitorizare a flotei. Miza: 200 de milioane de euro, subven\u021bie de la PMB, pentru urm\u0103torii 10 ani - Buletin de Bucure\u0219ti\",\"isPartOf\":{\"@id\":\"https:\\\/\\\/buletin.de\\\/bucuresti\\\/#website\"},\"primaryImageOfPage\":{\"@id\":\"https:\\\/\\\/buletin.de\\\/bucuresti\\\/serviciul-de-transport-voluntari-inchiriaza-pe-doi-ani-echipamente-de-monitorizare-a-flotei-miza-200-de-milioane-de-euro-subventie-de-la-pmb-pentru-urmatorii-10-ani\\\/#primaryimage\"},\"image\":{\"@id\":\"https:\\\/\\\/buletin.de\\\/bucuresti\\\/serviciul-de-transport-voluntari-inchiriaza-pe-doi-ani-echipamente-de-monitorizare-a-flotei-miza-200-de-milioane-de-euro-subventie-de-la-pmb-pentru-urmatorii-10-ani\\\/#primaryimage\"},\"thumbnailUrl\":\"https:\\\/\\\/buletin.de\\\/bucuresti\\\/wp-content\\\/uploads\\\/DSC_0886.jpg\",\"datePublished\":\"2021-05-24T04:58:31+00:00\",\"dateModified\":\"2021-05-24T05:14:14+00:00\",\"breadcrumb\":{\"@id\":\"https:\\\/\\\/buletin.de\\\/bucuresti\\\/serviciul-de-transport-voluntari-inchiriaza-pe-doi-ani-echipamente-de-monitorizare-a-flotei-miza-200-de-milioane-de-euro-subventie-de-la-pmb-pentru-urmatorii-10-ani\\\/#breadcrumb\"},\"inLanguage\":\"en-GB\",\"potentialAction\":[{\"@type\":\"ReadAction\",\"target\":[\"https:\\\/\\\/buletin.de\\\/bucuresti\\\/serviciul-de-transport-voluntari-inchiriaza-pe-doi-ani-echipamente-de-monitorizare-a-flotei-miza-200-de-milioane-de-euro-subventie-de-la-pmb-pentru-urmatorii-10-ani\\\/\"]}]},{\"@type\":\"ImageObject\",\"inLanguage\":\"en-GB\",\"@id\":\"https:\\\/\\\/buletin.de\\\/bucuresti\\\/serviciul-de-transport-voluntari-inchiriaza-pe-doi-ani-echipamente-de-monitorizare-a-flotei-miza-200-de-milioane-de-euro-subventie-de-la-pmb-pentru-urmatorii-10-ani\\\/#primaryimage\",\"url\":\"https:\\\/\\\/buletin.de\\\/bucuresti\\\/wp-content\\\/uploads\\\/DSC_0886.jpg\",\"contentUrl\":\"https:\\\/\\\/buletin.de\\\/bucuresti\\\/wp-content\\\/uploads\\\/DSC_0886.jpg\",\"width\":800,\"height\":533,\"caption\":\"????????????????????????????????????\"},{\"@type\":\"BreadcrumbList\",\"@id\":\"https:\\\/\\\/buletin.de\\\/bucuresti\\\/serviciul-de-transport-voluntari-inchiriaza-pe-doi-ani-echipamente-de-monitorizare-a-flotei-miza-200-de-milioane-de-euro-subventie-de-la-pmb-pentru-urmatorii-10-ani\\\/#breadcrumb\",\"itemListElement\":[{\"@type\":\"ListItem\",\"position\":1,\"name\":\"Acas\u0103\",\"item\":\"https:\\\/\\\/buletin.de\\\/bucuresti\\\/\"},{\"@type\":\"ListItem\",\"position\":2,\"name\":\"Serviciul de Transport Voluntari \u00eenchiriaz\u0103 pe doi ani echipamente de monitorizare a flotei. Miza: 200 de milioane de euro, subven\u021bie de la PMB, pentru urm\u0103torii 10 ani\"}]},{\"@type\":\"WebSite\",\"@id\":\"https:\\\/\\\/buletin.de\\\/bucuresti\\\/#website\",\"url\":\"https:\\\/\\\/buletin.de\\\/bucuresti\\\/\",\"name\":\"Buletin de Bucure\u0219ti\",\"description\":\"\u0218tiri \u0219i investiga\u021bii esen\u021biale din capital\u0103\",\"publisher\":{\"@id\":\"https:\\\/\\\/buletin.de\\\/bucuresti\\\/#organization\"},\"potentialAction\":[{\"@type\":\"SearchAction\",\"target\":{\"@type\":\"EntryPoint\",\"urlTemplate\":\"https:\\\/\\\/buletin.de\\\/bucuresti\\\/?s={search_term_string}\"},\"query-input\":{\"@type\":\"PropertyValueSpecification\",\"valueRequired\":true,\"valueName\":\"search_term_string\"}}],\"inLanguage\":\"en-GB\"},{\"@type\":\"Organization\",\"@id\":\"https:\\\/\\\/buletin.de\\\/bucuresti\\\/#organization\",\"name\":\"Buletin de Bucure\u0219ti\",\"url\":\"https:\\\/\\\/buletin.de\\\/bucuresti\\\/\",\"logo\":{\"@type\":\"ImageObject\",\"inLanguage\":\"en-GB\",\"@id\":\"https:\\\/\\\/buletin.de\\\/bucuresti\\\/#\\\/schema\\\/logo\\\/image\\\/\",\"url\":\"https:\\\/\\\/buletin.de\\\/bucuresti\\\/wp-content\\\/uploads\\\/logo-bdb-full-wide-vernil-transparent.png\",\"contentUrl\":\"https:\\\/\\\/buletin.de\\\/bucuresti\\\/wp-content\\\/uploads\\\/logo-bdb-full-wide-vernil-transparent.png\",\"width\":1782,\"height\":626,\"caption\":\"Buletin de Bucure\u0219ti\"},\"image\":{\"@id\":\"https:\\\/\\\/buletin.de\\\/bucuresti\\\/#\\\/schema\\\/logo\\\/image\\\/\"},\"sameAs\":[\"https:\\\/\\\/www.facebook.com\\\/buletin.de.buc\",\"https:\\\/\\\/www.instagram.com\\\/buletinde.bucuresti\\\/\"]},{\"@type\":\"Person\",\"@id\":\"https:\\\/\\\/buletin.de\\\/bucuresti\\\/#\\\/schema\\\/person\\\/31117187ed4d0bdb0a4c7d6acc79d0f8\",\"name\":\"C\u0103t\u0103lin Dosca\u0219\",\"image\":{\"@type\":\"ImageObject\",\"inLanguage\":\"en-GB\",\"@id\":\"https:\\\/\\\/buletin.de\\\/bucuresti\\\/wp-content\\\/uploads\\\/Catalin-Doscas-e1732731064764-96x96.jpga93e2943bb3b1c1f9ead823df6e6317a\",\"url\":\"https:\\\/\\\/buletin.de\\\/bucuresti\\\/wp-content\\\/uploads\\\/Catalin-Doscas-e1732731064764-96x96.jpg\",\"contentUrl\":\"https:\\\/\\\/buletin.de\\\/bucuresti\\\/wp-content\\\/uploads\\\/Catalin-Doscas-e1732731064764-96x96.jpg\",\"caption\":\"C\u0103t\u0103lin Dosca\u0219\"},\"description\":\"Reporter \u0219i redactor-\u0219ef Buletin de Bucure\u0219ti. Lucreaz\u0103 \u00een mass-media de la v\u00e2rsta de 15 ani, c\u00e2nd a publicat primele articole \u00een presa local\u0103 din Tecuci. \u00cen Bucure\u0219ti a lucrat \u00een redac\u021bii radio ca reporter, redactor \u0219i prezentator (StudentFM, Na\u021bionalFM, Radio Total, Smart FM), unde a acoperit domeniile politic, economic, social \u0219i externe. Ulterior, a fost editor-coordonator al postului Realitatea FM. Experien\u021ba \u00een jurnalismul online a dob\u00e2ndit-o la portalul B365.ro, unde a fost editor. \u00cen 2012 s-a angajat \u00een televiziune. La Realitatea TV a fost, pe r\u00e2nd, reporter la sec\u021bia Social, reporter special la emisiunea de reportaje \u0219i anchete \u201eReporterii Realit\u0103\u021bii\u201d, dar \u0219i editor al jurnalelor de \u0219tiri. Ulterior, a f\u0103cut parte din sec\u021bia de Investiga\u021bii de la Digi24 \u0219i a lucrat la campania \u201eRom\u00e2nia furat\u0103\u201d. A revenit \u00een presa scris\u0103 \u00een 2017, ca reporter special, \u00een cadrul unui proiect de repozi\u021bionare a tabloidului Libertatea \u00een cotidian generalist. Este jurnalist Buletin de Bucure\u0219ti din 2019.\",\"url\":\"https:\\\/\\\/buletin.de\\\/bucuresti\\\/author\\\/catalin\\\/\"}]}<\/script>\n<!-- \/ Yoast SEO Premium plugin. -->","yoast_head_json":{"title":"Serviciul de Transport Voluntari \u00eenchiriaz\u0103 pe doi ani echipamente de monitorizare a flotei. Miza: 200 de milioane de euro, subven\u021bie de la PMB, pentru urm\u0103torii 10 ani - Buletin de Bucure\u0219ti","robots":{"index":"index","follow":"follow","max-snippet":"max-snippet:-1","max-image-preview":"max-image-preview:large","max-video-preview":"max-video-preview:-1"},"canonical":"https:\/\/buletin.de\/bucuresti\/serviciul-de-transport-voluntari-inchiriaza-pe-doi-ani-echipamente-de-monitorizare-a-flotei-miza-200-de-milioane-de-euro-subventie-de-la-pmb-pentru-urmatorii-10-ani\/","og_locale":"en_GB","og_type":"article","og_title":"Serviciul de Transport Voluntari \u00eenchiriaz\u0103 pe doi ani echipamente de monitorizare a flotei. Miza: 200 de milioane de euro, subven\u021bie de la PMB, pentru urm\u0103torii 10 ani","og_description":"Votat pe repede \u00eenainte \u00een cele 40 de administra\u021bii ilfovene care compun Asocia\u021bia de Dezvoltare Intercomunitar\u0103 pentru Transport Public Bucure\u0219ti \u2013 Ilfov (TPBI), contractul de delegare a transportului public din zona metropolitan\u0103 s-a oprit la Consiliul General al Capitalei dup\u0103 ce o parte din consilieri au anun\u021bat c\u0103 nu vor vota proiectul \u00een forma actual\u0103. [&hellip;]","og_url":"https:\/\/buletin.de\/bucuresti\/serviciul-de-transport-voluntari-inchiriaza-pe-doi-ani-echipamente-de-monitorizare-a-flotei-miza-200-de-milioane-de-euro-subventie-de-la-pmb-pentru-urmatorii-10-ani\/","og_site_name":"Buletin de Bucure\u0219ti","article_publisher":"https:\/\/www.facebook.com\/buletin.de.buc","article_published_time":"2021-05-24T04:58:31+00:00","article_modified_time":"2021-05-24T05:14:14+00:00","og_image":[{"width":800,"height":533,"url":"https:\/\/buletin.de\/bucuresti\/wp-content\/uploads\/DSC_0886.jpg","type":"image\/jpeg"}],"author":"C\u0103t\u0103lin Dosca\u0219","twitter_card":"summary_large_image","twitter_misc":{"Written by":"C\u0103t\u0103lin Dosca\u0219","Estimated reading time":"6 minutes"},"schema":{"@context":"https:\/\/schema.org","@graph":[{"@type":"Article","@id":"https:\/\/buletin.de\/bucuresti\/serviciul-de-transport-voluntari-inchiriaza-pe-doi-ani-echipamente-de-monitorizare-a-flotei-miza-200-de-milioane-de-euro-subventie-de-la-pmb-pentru-urmatorii-10-ani\/#article","isPartOf":{"@id":"https:\/\/buletin.de\/bucuresti\/serviciul-de-transport-voluntari-inchiriaza-pe-doi-ani-echipamente-de-monitorizare-a-flotei-miza-200-de-milioane-de-euro-subventie-de-la-pmb-pentru-urmatorii-10-ani\/"},"author":{"name":"C\u0103t\u0103lin Dosca\u0219","@id":"https:\/\/buletin.de\/bucuresti\/#\/schema\/person\/31117187ed4d0bdb0a4c7d6acc79d0f8"},"headline":"Serviciul de Transport Voluntari \u00eenchiriaz\u0103 pe doi ani echipamente de monitorizare a flotei. Miza: 200 de milioane de euro, subven\u021bie de la PMB, pentru urm\u0103torii 10 ani","datePublished":"2021-05-24T04:58:31+00:00","dateModified":"2021-05-24T05:14:14+00:00","mainEntityOfPage":{"@id":"https:\/\/buletin.de\/bucuresti\/serviciul-de-transport-voluntari-inchiriaza-pe-doi-ani-echipamente-de-monitorizare-a-flotei-miza-200-de-milioane-de-euro-subventie-de-la-pmb-pentru-urmatorii-10-ani\/"},"wordCount":1332,"publisher":{"@id":"https:\/\/buletin.de\/bucuresti\/#organization"},"image":{"@id":"https:\/\/buletin.de\/bucuresti\/serviciul-de-transport-voluntari-inchiriaza-pe-doi-ani-echipamente-de-monitorizare-a-flotei-miza-200-de-milioane-de-euro-subventie-de-la-pmb-pentru-urmatorii-10-ani\/#primaryimage"},"thumbnailUrl":"https:\/\/buletin.de\/bucuresti\/wp-content\/uploads\/DSC_0886.jpg","keywords":["contract","pandele","serviciul de transport voluntari","subventie"],"articleSection":["\u0218tiri"],"inLanguage":"en-GB","copyrightYear":"2021","copyrightHolder":{"@id":"https:\/\/buletin.de\/bucuresti\/#organization"}},{"@type":"WebPage","@id":"https:\/\/buletin.de\/bucuresti\/serviciul-de-transport-voluntari-inchiriaza-pe-doi-ani-echipamente-de-monitorizare-a-flotei-miza-200-de-milioane-de-euro-subventie-de-la-pmb-pentru-urmatorii-10-ani\/","url":"https:\/\/buletin.de\/bucuresti\/serviciul-de-transport-voluntari-inchiriaza-pe-doi-ani-echipamente-de-monitorizare-a-flotei-miza-200-de-milioane-de-euro-subventie-de-la-pmb-pentru-urmatorii-10-ani\/","name":"Serviciul de Transport Voluntari \u00eenchiriaz\u0103 pe doi ani echipamente de monitorizare a flotei. Miza: 200 de milioane de euro, subven\u021bie de la PMB, pentru urm\u0103torii 10 ani - Buletin de Bucure\u0219ti","isPartOf":{"@id":"https:\/\/buletin.de\/bucuresti\/#website"},"primaryImageOfPage":{"@id":"https:\/\/buletin.de\/bucuresti\/serviciul-de-transport-voluntari-inchiriaza-pe-doi-ani-echipamente-de-monitorizare-a-flotei-miza-200-de-milioane-de-euro-subventie-de-la-pmb-pentru-urmatorii-10-ani\/#primaryimage"},"image":{"@id":"https:\/\/buletin.de\/bucuresti\/serviciul-de-transport-voluntari-inchiriaza-pe-doi-ani-echipamente-de-monitorizare-a-flotei-miza-200-de-milioane-de-euro-subventie-de-la-pmb-pentru-urmatorii-10-ani\/#primaryimage"},"thumbnailUrl":"https:\/\/buletin.de\/bucuresti\/wp-content\/uploads\/DSC_0886.jpg","datePublished":"2021-05-24T04:58:31+00:00","dateModified":"2021-05-24T05:14:14+00:00","breadcrumb":{"@id":"https:\/\/buletin.de\/bucuresti\/serviciul-de-transport-voluntari-inchiriaza-pe-doi-ani-echipamente-de-monitorizare-a-flotei-miza-200-de-milioane-de-euro-subventie-de-la-pmb-pentru-urmatorii-10-ani\/#breadcrumb"},"inLanguage":"en-GB","potentialAction":[{"@type":"ReadAction","target":["https:\/\/buletin.de\/bucuresti\/serviciul-de-transport-voluntari-inchiriaza-pe-doi-ani-echipamente-de-monitorizare-a-flotei-miza-200-de-milioane-de-euro-subventie-de-la-pmb-pentru-urmatorii-10-ani\/"]}]},{"@type":"ImageObject","inLanguage":"en-GB","@id":"https:\/\/buletin.de\/bucuresti\/serviciul-de-transport-voluntari-inchiriaza-pe-doi-ani-echipamente-de-monitorizare-a-flotei-miza-200-de-milioane-de-euro-subventie-de-la-pmb-pentru-urmatorii-10-ani\/#primaryimage","url":"https:\/\/buletin.de\/bucuresti\/wp-content\/uploads\/DSC_0886.jpg","contentUrl":"https:\/\/buletin.de\/bucuresti\/wp-content\/uploads\/DSC_0886.jpg","width":800,"height":533,"caption":"????????????????????????????????????"},{"@type":"BreadcrumbList","@id":"https:\/\/buletin.de\/bucuresti\/serviciul-de-transport-voluntari-inchiriaza-pe-doi-ani-echipamente-de-monitorizare-a-flotei-miza-200-de-milioane-de-euro-subventie-de-la-pmb-pentru-urmatorii-10-ani\/#breadcrumb","itemListElement":[{"@type":"ListItem","position":1,"name":"Acas\u0103","item":"https:\/\/buletin.de\/bucuresti\/"},{"@type":"ListItem","position":2,"name":"Serviciul de Transport Voluntari \u00eenchiriaz\u0103 pe doi ani echipamente de monitorizare a flotei. Miza: 200 de milioane de euro, subven\u021bie de la PMB, pentru urm\u0103torii 10 ani"}]},{"@type":"WebSite","@id":"https:\/\/buletin.de\/bucuresti\/#website","url":"https:\/\/buletin.de\/bucuresti\/","name":"Buletin de Bucure\u0219ti","description":"\u0218tiri \u0219i investiga\u021bii esen\u021biale din capital\u0103","publisher":{"@id":"https:\/\/buletin.de\/bucuresti\/#organization"},"potentialAction":[{"@type":"SearchAction","target":{"@type":"EntryPoint","urlTemplate":"https:\/\/buletin.de\/bucuresti\/?s={search_term_string}"},"query-input":{"@type":"PropertyValueSpecification","valueRequired":true,"valueName":"search_term_string"}}],"inLanguage":"en-GB"},{"@type":"Organization","@id":"https:\/\/buletin.de\/bucuresti\/#organization","name":"Buletin de Bucure\u0219ti","url":"https:\/\/buletin.de\/bucuresti\/","logo":{"@type":"ImageObject","inLanguage":"en-GB","@id":"https:\/\/buletin.de\/bucuresti\/#\/schema\/logo\/image\/","url":"https:\/\/buletin.de\/bucuresti\/wp-content\/uploads\/logo-bdb-full-wide-vernil-transparent.png","contentUrl":"https:\/\/buletin.de\/bucuresti\/wp-content\/uploads\/logo-bdb-full-wide-vernil-transparent.png","width":1782,"height":626,"caption":"Buletin de Bucure\u0219ti"},"image":{"@id":"https:\/\/buletin.de\/bucuresti\/#\/schema\/logo\/image\/"},"sameAs":["https:\/\/www.facebook.com\/buletin.de.buc","https:\/\/www.instagram.com\/buletinde.bucuresti\/"]},{"@type":"Person","@id":"https:\/\/buletin.de\/bucuresti\/#\/schema\/person\/31117187ed4d0bdb0a4c7d6acc79d0f8","name":"C\u0103t\u0103lin Dosca\u0219","image":{"@type":"ImageObject","inLanguage":"en-GB","@id":"https:\/\/buletin.de\/bucuresti\/wp-content\/uploads\/Catalin-Doscas-e1732731064764-96x96.jpga93e2943bb3b1c1f9ead823df6e6317a","url":"https:\/\/buletin.de\/bucuresti\/wp-content\/uploads\/Catalin-Doscas-e1732731064764-96x96.jpg","contentUrl":"https:\/\/buletin.de\/bucuresti\/wp-content\/uploads\/Catalin-Doscas-e1732731064764-96x96.jpg","caption":"C\u0103t\u0103lin Dosca\u0219"},"description":"Reporter \u0219i redactor-\u0219ef Buletin de Bucure\u0219ti. Lucreaz\u0103 \u00een mass-media de la v\u00e2rsta de 15 ani, c\u00e2nd a publicat primele articole \u00een presa local\u0103 din Tecuci. \u00cen Bucure\u0219ti a lucrat \u00een redac\u021bii radio ca reporter, redactor \u0219i prezentator (StudentFM, Na\u021bionalFM, Radio Total, Smart FM), unde a acoperit domeniile politic, economic, social \u0219i externe. Ulterior, a fost editor-coordonator al postului Realitatea FM. Experien\u021ba \u00een jurnalismul online a dob\u00e2ndit-o la portalul B365.ro, unde a fost editor. \u00cen 2012 s-a angajat \u00een televiziune. La Realitatea TV a fost, pe r\u00e2nd, reporter la sec\u021bia Social, reporter special la emisiunea de reportaje \u0219i anchete \u201eReporterii Realit\u0103\u021bii\u201d, dar \u0219i editor al jurnalelor de \u0219tiri. Ulterior, a f\u0103cut parte din sec\u021bia de Investiga\u021bii de la Digi24 \u0219i a lucrat la campania \u201eRom\u00e2nia furat\u0103\u201d. A revenit \u00een presa scris\u0103 \u00een 2017, ca reporter special, \u00een cadrul unui proiect de repozi\u021bionare a tabloidului Libertatea \u00een cotidian generalist. Este jurnalist Buletin de Bucure\u0219ti din 2019.","url":"https:\/\/buletin.de\/bucuresti\/author\/catalin\/"}]}},"authors":[{"term_id":22575,"user_id":10,"is_guest":0,"slug":"catalin","display_name":"C\u0103t\u0103lin Dosca\u0219","avatar_url":"https:\/\/buletin.de\/bucuresti\/wp-content\/uploads\/Catalin-Doscas-e1732731064764-96x96.jpg","0":null,"1":"","2":"","3":"","4":"","5":"","6":"","7":"","8":""}],"_links":{"self":[{"href":"https:\/\/buletin.de\/bucuresti\/wp-json\/wp\/v2\/posts\/24941","targetHints":{"allow":["GET"]}}],"collection":[{"href":"https:\/\/buletin.de\/bucuresti\/wp-json\/wp\/v2\/posts"}],"about":[{"href":"https:\/\/buletin.de\/bucuresti\/wp-json\/wp\/v2\/types\/post"}],"author":[{"embeddable":true,"href":"https:\/\/buletin.de\/bucuresti\/wp-json\/wp\/v2\/users\/10"}],"replies":[{"embeddable":true,"href":"https:\/\/buletin.de\/bucuresti\/wp-json\/wp\/v2\/comments?post=24941"}],"version-history":[{"count":21,"href":"https:\/\/buletin.de\/bucuresti\/wp-json\/wp\/v2\/posts\/24941\/revisions"}],"predecessor-version":[{"id":25152,"href":"https:\/\/buletin.de\/bucuresti\/wp-json\/wp\/v2\/posts\/24941\/revisions\/25152"}],"wp:featuredmedia":[{"embeddable":true,"href":"https:\/\/buletin.de\/bucuresti\/wp-json\/wp\/v2\/media\/24989"}],"wp:attachment":[{"href":"https:\/\/buletin.de\/bucuresti\/wp-json\/wp\/v2\/media?parent=24941"}],"wp:term":[{"taxonomy":"category","embeddable":true,"href":"https:\/\/buletin.de\/bucuresti\/wp-json\/wp\/v2\/categories?post=24941"},{"taxonomy":"post_tag","embeddable":true,"href":"https:\/\/buletin.de\/bucuresti\/wp-json\/wp\/v2\/tags?post=24941"},{"taxonomy":"author","embeddable":true,"href":"https:\/\/buletin.de\/bucuresti\/wp-json\/wp\/v2\/ppma_author?post=24941"}],"curies":[{"name":"wp","href":"https:\/\/api.w.org\/{rel}","templated":true}]}}