{"id":24745,"date":"2021-05-17T11:34:52","date_gmt":"2021-05-17T08:34:52","guid":{"rendered":"https:\/\/buletin.de\/bucuresti\/?p=24745"},"modified":"2021-05-17T11:34:53","modified_gmt":"2021-05-17T08:34:53","slug":"bucuresti-rata-de-incidenta-sub-1-s-cimpeanu-redeschiderea-totala-a-scolilor-cel-mai-devreme-miercuri","status":"publish","type":"post","link":"https:\/\/buletin.de\/bucuresti\/bucuresti-rata-de-incidenta-sub-1-s-cimpeanu-redeschiderea-totala-a-scolilor-cel-mai-devreme-miercuri\/","title":{"rendered":"Bucure\u0219ti, rata de inciden\u021b\u0103 sub 1 | S. C\u00eempeanu: redeschiderea total\u0103 a \u0219colilor, cel mai devreme miercuri"},"content":{"rendered":"\n<p>Capitala a sc\u0103zut, ast\u0103zi, sub pragul de 1\/1000 de locuitori potrivit datelor publicate de Direc\u021bia de S\u0103n\u0103tate Public\u0103 Bucure\u0219ti. Teoretic, Capitala a intrat \u00een scenariul verde de func\u021bionare a unit\u0103\u021bilor de \u00eenv\u0103\u021b\u0103m\u00e2nt. Ministrul S. C\u00eempeanu a declarat \u00eens\u0103, pentru Hotnews.ro, c\u0103 elevii vor reveni fizic \u00een clase, cel mai devreme miercuri. <\/p>\n\n\n\n<p>Bucure\u0219tiul are, luni, o rat\u0103 a inciden\u021bei cumulate calculate la 14 zile de 0,94 la mia de locuitori. Site-ul DSP a fost indisponibil de mai multe ori \u00een aceast\u0103 diminea\u021b\u0103, p\u00e2n\u0103 la afi\u0219area cifrei de azi. <\/p>\n\n\n\n<p>Ministrul S\u0103n\u0103t\u0103\u021bii, Sorin C\u00eempeanu, a anun\u021bat, ieri, c\u0103 va solicita modificarea ordinului comun pe baza c\u0103ruia a fost reglementat\u0103 aplicarea scenariilor de func\u021bionare a \u0219colilor. Conform noului ordin, care ar trebui emis ast\u0103zi, decizia intr\u0103rii \u0219colilor \u00een scenariul verde se va lua \u00een ziua \u00een care rata de inciden\u021b\u0103 din localitate scade sub 1, \u0219i nu vinerea a\u0219a cum era p\u00e2n\u0103 acum. <\/p>\n\n\n\n<p>Decizia privind \u00eentoarcerea elevilor din to\u021bii anii de studiu \u00een b\u0103nci va fi luat\u0103 apoi de Comitetul pentru Situa\u021bii de Urgen\u021b\u0103 Bucure\u0219ti, convocat de prefectul Capitalei.<\/p>\n\n\n\n<p>Sorin C\u00eempeanu a declarat, \u00een aceast\u0103 diminea\u021b\u0103, pentru Hotnews.ro c\u0103 toat\u0103 aceast\u0103 procedur\u0103 va dura, cel mai probabil p\u00e2n\u0103 miercuri.<\/p>\n\n\n\n<p>&#8220;Av\u00e2nd \u00een vedere ace\u0219ti pa\u0219i de urmat, cel mai devreme elevii s-ar putea \u00eentoarce fizic la \u0219coal\u0103 de miercuri&#8221;, a spus Sorin C\u00eempeanu.<\/p>\n","protected":false},"excerpt":{"rendered":"<p>Capitala a sc\u0103zut, ast\u0103zi, sub pragul de 1\/1000 de locuitori potrivit datelor publicate de Direc\u021bia de S\u0103n\u0103tate Public\u0103 Bucure\u0219ti. Teoretic, Capitala a intrat \u00een scenariul verde de func\u021bionare a unit\u0103\u021bilor de \u00eenv\u0103\u021b\u0103m\u00e2nt. Ministrul S. C\u00eempeanu a declarat \u00eens\u0103, pentru Hotnews.ro, c\u0103 elevii vor reveni fizic \u00een clase, cel mai devreme miercuri. Bucure\u0219tiul are, luni, o [&hellip;]<\/p>\n","protected":false},"author":26,"featured_media":16431,"comment_status":"closed","ping_status":"open","sticky":false,"template":"","format":"standard","meta":{"_acf_changed":false,"inline_featured_image":false,"ngg_post_thumbnail":0,"footnotes":""},"categories":[62],"tags":[],"ppma_author":[26106],"class_list":["post-24745","post","type-post","status-publish","format-standard","has-post-thumbnail","hentry","category-stiri"],"acf":[],"yoast_head":"<!-- This site is optimized with the Yoast SEO Premium plugin v25.3 (Yoast SEO v27.4) - https:\/\/yoast.com\/product\/yoast-seo-premium-wordpress\/ -->\n<title>Bucure\u0219ti, rata de inciden\u021b\u0103 sub 1 | S. C\u00eempeanu: redeschiderea total\u0103 a \u0219colilor, cel mai devreme miercuri - Buletin de Bucure\u0219ti<\/title>\n<meta name=\"robots\" content=\"index, follow, max-snippet:-1, max-image-preview:large, max-video-preview:-1\" \/>\n<link rel=\"canonical\" href=\"https:\/\/buletin.de\/bucuresti\/bucuresti-rata-de-incidenta-sub-1-s-cimpeanu-redeschiderea-totala-a-scolilor-cel-mai-devreme-miercuri\/\" \/>\n<meta property=\"og:locale\" content=\"en_GB\" \/>\n<meta property=\"og:type\" content=\"article\" \/>\n<meta property=\"og:title\" content=\"Bucure\u0219ti, rata de inciden\u021b\u0103 sub 1 | S. C\u00eempeanu: redeschiderea total\u0103 a \u0219colilor, cel mai devreme miercuri\" \/>\n<meta property=\"og:description\" content=\"Capitala a sc\u0103zut, ast\u0103zi, sub pragul de 1\/1000 de locuitori potrivit datelor publicate de Direc\u021bia de S\u0103n\u0103tate Public\u0103 Bucure\u0219ti. Teoretic, Capitala a intrat \u00een scenariul verde de func\u021bionare a unit\u0103\u021bilor de \u00eenv\u0103\u021b\u0103m\u00e2nt. Ministrul S. C\u00eempeanu a declarat \u00eens\u0103, pentru Hotnews.ro, c\u0103 elevii vor reveni fizic \u00een clase, cel mai devreme miercuri. Bucure\u0219tiul are, luni, o [&hellip;]\" \/>\n<meta property=\"og:url\" content=\"https:\/\/buletin.de\/bucuresti\/bucuresti-rata-de-incidenta-sub-1-s-cimpeanu-redeschiderea-totala-a-scolilor-cel-mai-devreme-miercuri\/\" \/>\n<meta property=\"og:site_name\" content=\"Buletin de Bucure\u0219ti\" \/>\n<meta property=\"article:publisher\" content=\"https:\/\/www.facebook.com\/buletin.de.buc\" \/>\n<meta property=\"article:published_time\" content=\"2021-05-17T08:34:52+00:00\" \/>\n<meta property=\"article:modified_time\" content=\"2021-05-17T08:34:53+00:00\" \/>\n<meta property=\"og:image\" content=\"https:\/\/buletin.de\/bucuresti\/wp-content\/uploads\/scoala.jpg\" \/>\n\t<meta property=\"og:image:width\" content=\"2048\" \/>\n\t<meta property=\"og:image:height\" content=\"1536\" \/>\n\t<meta property=\"og:image:type\" content=\"image\/jpeg\" \/>\n<meta name=\"author\" content=\"Fredi Radu\" \/>\n<meta name=\"twitter:card\" content=\"summary_large_image\" \/>\n<meta name=\"twitter:label1\" content=\"Written by\" \/>\n\t<meta name=\"twitter:data1\" content=\"Fredi Radu\" \/>\n\t<meta name=\"twitter:label2\" content=\"Estimated reading time\" \/>\n\t<meta name=\"twitter:data2\" content=\"1 minute\" \/>\n<script type=\"application\/ld+json\" class=\"yoast-schema-graph\">{\"@context\":\"https:\\\/\\\/schema.org\",\"@graph\":[{\"@type\":\"Article\",\"@id\":\"https:\\\/\\\/buletin.de\\\/bucuresti\\\/bucuresti-rata-de-incidenta-sub-1-s-cimpeanu-redeschiderea-totala-a-scolilor-cel-mai-devreme-miercuri\\\/#article\",\"isPartOf\":{\"@id\":\"https:\\\/\\\/buletin.de\\\/bucuresti\\\/bucuresti-rata-de-incidenta-sub-1-s-cimpeanu-redeschiderea-totala-a-scolilor-cel-mai-devreme-miercuri\\\/\"},\"author\":{\"name\":\"Fredi Radu\",\"@id\":\"https:\\\/\\\/buletin.de\\\/bucuresti\\\/#\\\/schema\\\/person\\\/af0e820905fa3334c5c1cc437d882ff3\"},\"headline\":\"Bucure\u0219ti, rata de inciden\u021b\u0103 sub 1 | S. C\u00eempeanu: redeschiderea total\u0103 a \u0219colilor, cel mai devreme miercuri\",\"datePublished\":\"2021-05-17T08:34:52+00:00\",\"dateModified\":\"2021-05-17T08:34:53+00:00\",\"mainEntityOfPage\":{\"@id\":\"https:\\\/\\\/buletin.de\\\/bucuresti\\\/bucuresti-rata-de-incidenta-sub-1-s-cimpeanu-redeschiderea-totala-a-scolilor-cel-mai-devreme-miercuri\\\/\"},\"wordCount\":269,\"publisher\":{\"@id\":\"https:\\\/\\\/buletin.de\\\/bucuresti\\\/#organization\"},\"image\":{\"@id\":\"https:\\\/\\\/buletin.de\\\/bucuresti\\\/bucuresti-rata-de-incidenta-sub-1-s-cimpeanu-redeschiderea-totala-a-scolilor-cel-mai-devreme-miercuri\\\/#primaryimage\"},\"thumbnailUrl\":\"https:\\\/\\\/buletin.de\\\/bucuresti\\\/wp-content\\\/uploads\\\/scoala.jpg\",\"articleSection\":[\"\u0218tiri\"],\"inLanguage\":\"en-GB\",\"copyrightYear\":\"2021\",\"copyrightHolder\":{\"@id\":\"https:\\\/\\\/buletin.de\\\/bucuresti\\\/#organization\"}},{\"@type\":\"WebPage\",\"@id\":\"https:\\\/\\\/buletin.de\\\/bucuresti\\\/bucuresti-rata-de-incidenta-sub-1-s-cimpeanu-redeschiderea-totala-a-scolilor-cel-mai-devreme-miercuri\\\/\",\"url\":\"https:\\\/\\\/buletin.de\\\/bucuresti\\\/bucuresti-rata-de-incidenta-sub-1-s-cimpeanu-redeschiderea-totala-a-scolilor-cel-mai-devreme-miercuri\\\/\",\"name\":\"Bucure\u0219ti, rata de inciden\u021b\u0103 sub 1 | S. C\u00eempeanu: redeschiderea total\u0103 a \u0219colilor, cel mai devreme miercuri - Buletin de Bucure\u0219ti\",\"isPartOf\":{\"@id\":\"https:\\\/\\\/buletin.de\\\/bucuresti\\\/#website\"},\"primaryImageOfPage\":{\"@id\":\"https:\\\/\\\/buletin.de\\\/bucuresti\\\/bucuresti-rata-de-incidenta-sub-1-s-cimpeanu-redeschiderea-totala-a-scolilor-cel-mai-devreme-miercuri\\\/#primaryimage\"},\"image\":{\"@id\":\"https:\\\/\\\/buletin.de\\\/bucuresti\\\/bucuresti-rata-de-incidenta-sub-1-s-cimpeanu-redeschiderea-totala-a-scolilor-cel-mai-devreme-miercuri\\\/#primaryimage\"},\"thumbnailUrl\":\"https:\\\/\\\/buletin.de\\\/bucuresti\\\/wp-content\\\/uploads\\\/scoala.jpg\",\"datePublished\":\"2021-05-17T08:34:52+00:00\",\"dateModified\":\"2021-05-17T08:34:53+00:00\",\"breadcrumb\":{\"@id\":\"https:\\\/\\\/buletin.de\\\/bucuresti\\\/bucuresti-rata-de-incidenta-sub-1-s-cimpeanu-redeschiderea-totala-a-scolilor-cel-mai-devreme-miercuri\\\/#breadcrumb\"},\"inLanguage\":\"en-GB\",\"potentialAction\":[{\"@type\":\"ReadAction\",\"target\":[\"https:\\\/\\\/buletin.de\\\/bucuresti\\\/bucuresti-rata-de-incidenta-sub-1-s-cimpeanu-redeschiderea-totala-a-scolilor-cel-mai-devreme-miercuri\\\/\"]}]},{\"@type\":\"ImageObject\",\"inLanguage\":\"en-GB\",\"@id\":\"https:\\\/\\\/buletin.de\\\/bucuresti\\\/bucuresti-rata-de-incidenta-sub-1-s-cimpeanu-redeschiderea-totala-a-scolilor-cel-mai-devreme-miercuri\\\/#primaryimage\",\"url\":\"https:\\\/\\\/buletin.de\\\/bucuresti\\\/wp-content\\\/uploads\\\/scoala.jpg\",\"contentUrl\":\"https:\\\/\\\/buletin.de\\\/bucuresti\\\/wp-content\\\/uploads\\\/scoala.jpg\",\"width\":2048,\"height\":1536,\"caption\":\"FOTO: Arhiva\"},{\"@type\":\"BreadcrumbList\",\"@id\":\"https:\\\/\\\/buletin.de\\\/bucuresti\\\/bucuresti-rata-de-incidenta-sub-1-s-cimpeanu-redeschiderea-totala-a-scolilor-cel-mai-devreme-miercuri\\\/#breadcrumb\",\"itemListElement\":[{\"@type\":\"ListItem\",\"position\":1,\"name\":\"Acas\u0103\",\"item\":\"https:\\\/\\\/buletin.de\\\/bucuresti\\\/\"},{\"@type\":\"ListItem\",\"position\":2,\"name\":\"Bucure\u0219ti, rata de inciden\u021b\u0103 sub 1 | S. C\u00eempeanu: redeschiderea total\u0103 a \u0219colilor, cel mai devreme miercuri\"}]},{\"@type\":\"WebSite\",\"@id\":\"https:\\\/\\\/buletin.de\\\/bucuresti\\\/#website\",\"url\":\"https:\\\/\\\/buletin.de\\\/bucuresti\\\/\",\"name\":\"Buletin de Bucure\u0219ti\",\"description\":\"\u0218tiri \u0219i investiga\u021bii esen\u021biale din capital\u0103\",\"publisher\":{\"@id\":\"https:\\\/\\\/buletin.de\\\/bucuresti\\\/#organization\"},\"potentialAction\":[{\"@type\":\"SearchAction\",\"target\":{\"@type\":\"EntryPoint\",\"urlTemplate\":\"https:\\\/\\\/buletin.de\\\/bucuresti\\\/?s={search_term_string}\"},\"query-input\":{\"@type\":\"PropertyValueSpecification\",\"valueRequired\":true,\"valueName\":\"search_term_string\"}}],\"inLanguage\":\"en-GB\"},{\"@type\":\"Organization\",\"@id\":\"https:\\\/\\\/buletin.de\\\/bucuresti\\\/#organization\",\"name\":\"Buletin de Bucure\u0219ti\",\"url\":\"https:\\\/\\\/buletin.de\\\/bucuresti\\\/\",\"logo\":{\"@type\":\"ImageObject\",\"inLanguage\":\"en-GB\",\"@id\":\"https:\\\/\\\/buletin.de\\\/bucuresti\\\/#\\\/schema\\\/logo\\\/image\\\/\",\"url\":\"https:\\\/\\\/buletin.de\\\/bucuresti\\\/wp-content\\\/uploads\\\/logo-bdb-full-wide-vernil-transparent.png\",\"contentUrl\":\"https:\\\/\\\/buletin.de\\\/bucuresti\\\/wp-content\\\/uploads\\\/logo-bdb-full-wide-vernil-transparent.png\",\"width\":1782,\"height\":626,\"caption\":\"Buletin de Bucure\u0219ti\"},\"image\":{\"@id\":\"https:\\\/\\\/buletin.de\\\/bucuresti\\\/#\\\/schema\\\/logo\\\/image\\\/\"},\"sameAs\":[\"https:\\\/\\\/www.facebook.com\\\/buletin.de.buc\",\"https:\\\/\\\/www.instagram.com\\\/buletinde.bucuresti\\\/\"]},{\"@type\":\"Person\",\"@id\":\"https:\\\/\\\/buletin.de\\\/bucuresti\\\/#\\\/schema\\\/person\\\/af0e820905fa3334c5c1cc437d882ff3\",\"name\":\"Fredi Radu\",\"image\":{\"@type\":\"ImageObject\",\"inLanguage\":\"en-GB\",\"@id\":\"https:\\\/\\\/secure.gravatar.com\\\/avatar\\\/6601925ca6cb7a4d8aa653d20ebe68e0588c85daaebac2407463e3dfff63599c?s=96&d=monsterid&r=g0c80ca1df7ee47b93a354c9d2ba58e97\",\"url\":\"https:\\\/\\\/secure.gravatar.com\\\/avatar\\\/6601925ca6cb7a4d8aa653d20ebe68e0588c85daaebac2407463e3dfff63599c?s=96&d=monsterid&r=g\",\"contentUrl\":\"https:\\\/\\\/secure.gravatar.com\\\/avatar\\\/6601925ca6cb7a4d8aa653d20ebe68e0588c85daaebac2407463e3dfff63599c?s=96&d=monsterid&r=g\",\"caption\":\"Fredi Radu\"},\"url\":\"https:\\\/\\\/buletin.de\\\/bucuresti\\\/author\\\/radu\\\/\"}]}<\/script>\n<!-- \/ Yoast SEO Premium plugin. -->","yoast_head_json":{"title":"Bucure\u0219ti, rata de inciden\u021b\u0103 sub 1 | S. C\u00eempeanu: redeschiderea total\u0103 a \u0219colilor, cel mai devreme miercuri - Buletin de Bucure\u0219ti","robots":{"index":"index","follow":"follow","max-snippet":"max-snippet:-1","max-image-preview":"max-image-preview:large","max-video-preview":"max-video-preview:-1"},"canonical":"https:\/\/buletin.de\/bucuresti\/bucuresti-rata-de-incidenta-sub-1-s-cimpeanu-redeschiderea-totala-a-scolilor-cel-mai-devreme-miercuri\/","og_locale":"en_GB","og_type":"article","og_title":"Bucure\u0219ti, rata de inciden\u021b\u0103 sub 1 | S. C\u00eempeanu: redeschiderea total\u0103 a \u0219colilor, cel mai devreme miercuri","og_description":"Capitala a sc\u0103zut, ast\u0103zi, sub pragul de 1\/1000 de locuitori potrivit datelor publicate de Direc\u021bia de S\u0103n\u0103tate Public\u0103 Bucure\u0219ti. Teoretic, Capitala a intrat \u00een scenariul verde de func\u021bionare a unit\u0103\u021bilor de \u00eenv\u0103\u021b\u0103m\u00e2nt. Ministrul S. C\u00eempeanu a declarat \u00eens\u0103, pentru Hotnews.ro, c\u0103 elevii vor reveni fizic \u00een clase, cel mai devreme miercuri. Bucure\u0219tiul are, luni, o [&hellip;]","og_url":"https:\/\/buletin.de\/bucuresti\/bucuresti-rata-de-incidenta-sub-1-s-cimpeanu-redeschiderea-totala-a-scolilor-cel-mai-devreme-miercuri\/","og_site_name":"Buletin de Bucure\u0219ti","article_publisher":"https:\/\/www.facebook.com\/buletin.de.buc","article_published_time":"2021-05-17T08:34:52+00:00","article_modified_time":"2021-05-17T08:34:53+00:00","og_image":[{"width":2048,"height":1536,"url":"https:\/\/buletin.de\/bucuresti\/wp-content\/uploads\/scoala.jpg","type":"image\/jpeg"}],"author":"Fredi Radu","twitter_card":"summary_large_image","twitter_misc":{"Written by":"Fredi Radu","Estimated reading time":"1 minute"},"schema":{"@context":"https:\/\/schema.org","@graph":[{"@type":"Article","@id":"https:\/\/buletin.de\/bucuresti\/bucuresti-rata-de-incidenta-sub-1-s-cimpeanu-redeschiderea-totala-a-scolilor-cel-mai-devreme-miercuri\/#article","isPartOf":{"@id":"https:\/\/buletin.de\/bucuresti\/bucuresti-rata-de-incidenta-sub-1-s-cimpeanu-redeschiderea-totala-a-scolilor-cel-mai-devreme-miercuri\/"},"author":{"name":"Fredi Radu","@id":"https:\/\/buletin.de\/bucuresti\/#\/schema\/person\/af0e820905fa3334c5c1cc437d882ff3"},"headline":"Bucure\u0219ti, rata de inciden\u021b\u0103 sub 1 | S. C\u00eempeanu: redeschiderea total\u0103 a \u0219colilor, cel mai devreme miercuri","datePublished":"2021-05-17T08:34:52+00:00","dateModified":"2021-05-17T08:34:53+00:00","mainEntityOfPage":{"@id":"https:\/\/buletin.de\/bucuresti\/bucuresti-rata-de-incidenta-sub-1-s-cimpeanu-redeschiderea-totala-a-scolilor-cel-mai-devreme-miercuri\/"},"wordCount":269,"publisher":{"@id":"https:\/\/buletin.de\/bucuresti\/#organization"},"image":{"@id":"https:\/\/buletin.de\/bucuresti\/bucuresti-rata-de-incidenta-sub-1-s-cimpeanu-redeschiderea-totala-a-scolilor-cel-mai-devreme-miercuri\/#primaryimage"},"thumbnailUrl":"https:\/\/buletin.de\/bucuresti\/wp-content\/uploads\/scoala.jpg","articleSection":["\u0218tiri"],"inLanguage":"en-GB","copyrightYear":"2021","copyrightHolder":{"@id":"https:\/\/buletin.de\/bucuresti\/#organization"}},{"@type":"WebPage","@id":"https:\/\/buletin.de\/bucuresti\/bucuresti-rata-de-incidenta-sub-1-s-cimpeanu-redeschiderea-totala-a-scolilor-cel-mai-devreme-miercuri\/","url":"https:\/\/buletin.de\/bucuresti\/bucuresti-rata-de-incidenta-sub-1-s-cimpeanu-redeschiderea-totala-a-scolilor-cel-mai-devreme-miercuri\/","name":"Bucure\u0219ti, rata de inciden\u021b\u0103 sub 1 | S. C\u00eempeanu: redeschiderea total\u0103 a \u0219colilor, cel mai devreme miercuri - Buletin de Bucure\u0219ti","isPartOf":{"@id":"https:\/\/buletin.de\/bucuresti\/#website"},"primaryImageOfPage":{"@id":"https:\/\/buletin.de\/bucuresti\/bucuresti-rata-de-incidenta-sub-1-s-cimpeanu-redeschiderea-totala-a-scolilor-cel-mai-devreme-miercuri\/#primaryimage"},"image":{"@id":"https:\/\/buletin.de\/bucuresti\/bucuresti-rata-de-incidenta-sub-1-s-cimpeanu-redeschiderea-totala-a-scolilor-cel-mai-devreme-miercuri\/#primaryimage"},"thumbnailUrl":"https:\/\/buletin.de\/bucuresti\/wp-content\/uploads\/scoala.jpg","datePublished":"2021-05-17T08:34:52+00:00","dateModified":"2021-05-17T08:34:53+00:00","breadcrumb":{"@id":"https:\/\/buletin.de\/bucuresti\/bucuresti-rata-de-incidenta-sub-1-s-cimpeanu-redeschiderea-totala-a-scolilor-cel-mai-devreme-miercuri\/#breadcrumb"},"inLanguage":"en-GB","potentialAction":[{"@type":"ReadAction","target":["https:\/\/buletin.de\/bucuresti\/bucuresti-rata-de-incidenta-sub-1-s-cimpeanu-redeschiderea-totala-a-scolilor-cel-mai-devreme-miercuri\/"]}]},{"@type":"ImageObject","inLanguage":"en-GB","@id":"https:\/\/buletin.de\/bucuresti\/bucuresti-rata-de-incidenta-sub-1-s-cimpeanu-redeschiderea-totala-a-scolilor-cel-mai-devreme-miercuri\/#primaryimage","url":"https:\/\/buletin.de\/bucuresti\/wp-content\/uploads\/scoala.jpg","contentUrl":"https:\/\/buletin.de\/bucuresti\/wp-content\/uploads\/scoala.jpg","width":2048,"height":1536,"caption":"FOTO: Arhiva"},{"@type":"BreadcrumbList","@id":"https:\/\/buletin.de\/bucuresti\/bucuresti-rata-de-incidenta-sub-1-s-cimpeanu-redeschiderea-totala-a-scolilor-cel-mai-devreme-miercuri\/#breadcrumb","itemListElement":[{"@type":"ListItem","position":1,"name":"Acas\u0103","item":"https:\/\/buletin.de\/bucuresti\/"},{"@type":"ListItem","position":2,"name":"Bucure\u0219ti, rata de inciden\u021b\u0103 sub 1 | S. C\u00eempeanu: redeschiderea total\u0103 a \u0219colilor, cel mai devreme miercuri"}]},{"@type":"WebSite","@id":"https:\/\/buletin.de\/bucuresti\/#website","url":"https:\/\/buletin.de\/bucuresti\/","name":"Buletin de Bucure\u0219ti","description":"\u0218tiri \u0219i investiga\u021bii esen\u021biale din capital\u0103","publisher":{"@id":"https:\/\/buletin.de\/bucuresti\/#organization"},"potentialAction":[{"@type":"SearchAction","target":{"@type":"EntryPoint","urlTemplate":"https:\/\/buletin.de\/bucuresti\/?s={search_term_string}"},"query-input":{"@type":"PropertyValueSpecification","valueRequired":true,"valueName":"search_term_string"}}],"inLanguage":"en-GB"},{"@type":"Organization","@id":"https:\/\/buletin.de\/bucuresti\/#organization","name":"Buletin de Bucure\u0219ti","url":"https:\/\/buletin.de\/bucuresti\/","logo":{"@type":"ImageObject","inLanguage":"en-GB","@id":"https:\/\/buletin.de\/bucuresti\/#\/schema\/logo\/image\/","url":"https:\/\/buletin.de\/bucuresti\/wp-content\/uploads\/logo-bdb-full-wide-vernil-transparent.png","contentUrl":"https:\/\/buletin.de\/bucuresti\/wp-content\/uploads\/logo-bdb-full-wide-vernil-transparent.png","width":1782,"height":626,"caption":"Buletin de Bucure\u0219ti"},"image":{"@id":"https:\/\/buletin.de\/bucuresti\/#\/schema\/logo\/image\/"},"sameAs":["https:\/\/www.facebook.com\/buletin.de.buc","https:\/\/www.instagram.com\/buletinde.bucuresti\/"]},{"@type":"Person","@id":"https:\/\/buletin.de\/bucuresti\/#\/schema\/person\/af0e820905fa3334c5c1cc437d882ff3","name":"Fredi Radu","image":{"@type":"ImageObject","inLanguage":"en-GB","@id":"https:\/\/secure.gravatar.com\/avatar\/6601925ca6cb7a4d8aa653d20ebe68e0588c85daaebac2407463e3dfff63599c?s=96&d=monsterid&r=g0c80ca1df7ee47b93a354c9d2ba58e97","url":"https:\/\/secure.gravatar.com\/avatar\/6601925ca6cb7a4d8aa653d20ebe68e0588c85daaebac2407463e3dfff63599c?s=96&d=monsterid&r=g","contentUrl":"https:\/\/secure.gravatar.com\/avatar\/6601925ca6cb7a4d8aa653d20ebe68e0588c85daaebac2407463e3dfff63599c?s=96&d=monsterid&r=g","caption":"Fredi Radu"},"url":"https:\/\/buletin.de\/bucuresti\/author\/radu\/"}]}},"authors":[{"term_id":26106,"user_id":26,"is_guest":0,"slug":"radu","display_name":"Fredi Radu","avatar_url":"https:\/\/secure.gravatar.com\/avatar\/6601925ca6cb7a4d8aa653d20ebe68e0588c85daaebac2407463e3dfff63599c?s=96&d=monsterid&r=g","0":null,"1":"","2":"","3":"","4":"","5":"","6":"","7":"","8":""}],"_links":{"self":[{"href":"https:\/\/buletin.de\/bucuresti\/wp-json\/wp\/v2\/posts\/24745","targetHints":{"allow":["GET"]}}],"collection":[{"href":"https:\/\/buletin.de\/bucuresti\/wp-json\/wp\/v2\/posts"}],"about":[{"href":"https:\/\/buletin.de\/bucuresti\/wp-json\/wp\/v2\/types\/post"}],"author":[{"embeddable":true,"href":"https:\/\/buletin.de\/bucuresti\/wp-json\/wp\/v2\/users\/26"}],"replies":[{"embeddable":true,"href":"https:\/\/buletin.de\/bucuresti\/wp-json\/wp\/v2\/comments?post=24745"}],"version-history":[{"count":5,"href":"https:\/\/buletin.de\/bucuresti\/wp-json\/wp\/v2\/posts\/24745\/revisions"}],"predecessor-version":[{"id":24752,"href":"https:\/\/buletin.de\/bucuresti\/wp-json\/wp\/v2\/posts\/24745\/revisions\/24752"}],"wp:featuredmedia":[{"embeddable":true,"href":"https:\/\/buletin.de\/bucuresti\/wp-json\/wp\/v2\/media\/16431"}],"wp:attachment":[{"href":"https:\/\/buletin.de\/bucuresti\/wp-json\/wp\/v2\/media?parent=24745"}],"wp:term":[{"taxonomy":"category","embeddable":true,"href":"https:\/\/buletin.de\/bucuresti\/wp-json\/wp\/v2\/categories?post=24745"},{"taxonomy":"post_tag","embeddable":true,"href":"https:\/\/buletin.de\/bucuresti\/wp-json\/wp\/v2\/tags?post=24745"},{"taxonomy":"author","embeddable":true,"href":"https:\/\/buletin.de\/bucuresti\/wp-json\/wp\/v2\/ppma_author?post=24745"}],"curies":[{"name":"wp","href":"https:\/\/api.w.org\/{rel}","templated":true}]}}