{"id":24645,"date":"2021-05-14T15:51:25","date_gmt":"2021-05-14T12:51:25","guid":{"rendered":"https:\/\/buletin.de\/bucuresti\/?p=24645"},"modified":"2021-05-14T15:51:26","modified_gmt":"2021-05-14T12:51:26","slug":"proiect-se-scumpeste-transportul-in-comun-biletul-stb-valabil-o-ora-va-costa-3-lei","status":"publish","type":"post","link":"https:\/\/buletin.de\/bucuresti\/proiect-se-scumpeste-transportul-in-comun-biletul-stb-valabil-o-ora-va-costa-3-lei\/","title":{"rendered":"Proiect |Se scumpe\u0219te transportul \u00een comun. Biletul STB, valabil o or\u0103, va costa 3 lei"},"content":{"rendered":"\n<p>Directorul Societ\u0103\u0163ii de Transport Bucure\u015fti, Adrian Cri\u0163, a anun\u021bat vineri, \u00eentr-o conferin\u021b\u0103 de pres\u0103, c\u0103&nbsp;propune introducerea unui tarif de 3 lei pe or\u0103 pe mijloacele de transport \u00een comun \u015fi a unui abonament anual de cel mult 500 de lei.<\/p>\n\n\n\n<p>Directorul STB sus\u021bine c\u0103 noul model de tarifare va avantaja utilizatorul frecvent, cel care merge pe baz\u0103 de abonament. Propunerea sa este ca un abonament anual s\u0103 coste \u00een jur de 500 de lei.<\/p>\n\n\n\n<blockquote class=\"wp-block-quote is-layout-flow wp-block-quote-is-layout-flow\"><p>Trebuie s\u0103 promov\u0103m abonamentele \u00een defavoarea c\u0103l\u0103torilor ocazionali. Cet\u0103\u0163enii care circul\u0103 zilnic cu transportul \u00een comun trebuie s\u0103 aib\u0103 beneficii, iar aceste beneficii trebuie cuantificate prin calitatea transportului \u015fi prin tarife care s\u0103 \u00eei avantajeze.<\/p><cite>Adrian Cri\u021b, Directorul STB<\/cite><\/blockquote>\n\n\n\n<p>Proiectul, cu propunerile de tarife, va ajunge \u00een zilele urm\u0103toare la Asocia\u0163ia de Dezvoltare Intercomunitar\u0103 Transport Bucure\u015fti-Ilfov (ATDBI) \u0219i primarul general. Pentru c\u0103l\u0103toria de o or\u0103, noul tarif propus este de 3 lei, fa\u021b\u0103 de 1,3 c\u00e2t cost\u0103 acum.<\/p>\n\n\n\n<blockquote class=\"wp-block-quote is-layout-flow wp-block-quote-is-layout-flow\"><p>De asemenea, dorim implementarea pe modelul european a unor abonamente pe jum\u0103tate de an, abonamente anuale cu beneficii majore pentru cet\u0103\u0163ean. (&#8230;) Lu\u00e2nd \u00een considerare ce se \u00eent\u00e2mpl\u0103 \u015fi \u00een Europa \u015fi lu\u00e2nd \u00een considerare tarifele existente \u00een momentul de fa\u0163\u0103 \u00een municipiile re\u015fedin\u0163\u0103 de jude\u0163, consider c\u0103 un tarif pentru utilizarea transportului public \u00een decurs de o or\u0103, de circa 3 lei, \u015fi aici este discutabil, ar fi unul corect. <\/p><cite>Adrian Cri\u021b, Directorul STB<\/cite><\/blockquote>\n\n\n\n<p>Proiectul propus de directorul STB va intra in dezbatere publica. Decizia de modificare a tarifelor de c\u0103l\u0103torie va fi luat\u0103 de ATDBI.<\/p>\n\n\n\n<p>\u00centrebat despre transportul de la Aeroportul Otopeni, directorul STB a subliniat c\u0103 se discut\u0103, \u00eempreun\u0103 cu ATDBI, CFR C\u0103l\u0103tori, Metrorex \u0219i ceilal\u021bi operatori de pe calea ferat\u0103, despre integrarea tarifar\u0103 \u0219i a acestui segment. <\/p>\n","protected":false},"excerpt":{"rendered":"<p>Directorul Societ\u0103\u0163ii de Transport Bucure\u015fti, Adrian Cri\u0163, a anun\u021bat vineri, \u00eentr-o conferin\u021b\u0103 de pres\u0103, c\u0103&nbsp;propune introducerea unui tarif de 3 lei pe or\u0103 pe mijloacele de transport \u00een comun \u015fi a unui abonament anual de cel mult 500 de lei. Directorul STB sus\u021bine c\u0103 noul model de tarifare va avantaja utilizatorul frecvent, cel care merge [&hellip;]<\/p>\n","protected":false},"author":26,"featured_media":24660,"comment_status":"closed","ping_status":"open","sticky":false,"template":"","format":"standard","meta":{"_acf_changed":false,"inline_featured_image":false,"ngg_post_thumbnail":0,"footnotes":""},"categories":[62],"tags":[],"ppma_author":[26106],"class_list":["post-24645","post","type-post","status-publish","format-standard","has-post-thumbnail","hentry","category-stiri"],"acf":[],"yoast_head":"<!-- This site is optimized with the Yoast SEO Premium plugin v25.3 (Yoast SEO v27.5) - https:\/\/yoast.com\/product\/yoast-seo-premium-wordpress\/ -->\n<title>Proiect |Se scumpe\u0219te transportul \u00een comun. Biletul STB, valabil o or\u0103, va costa 3 lei - Buletin de Bucure\u0219ti<\/title>\n<meta name=\"robots\" content=\"index, follow, max-snippet:-1, max-image-preview:large, max-video-preview:-1\" \/>\n<link rel=\"canonical\" href=\"https:\/\/buletin.de\/bucuresti\/proiect-se-scumpeste-transportul-in-comun-biletul-stb-valabil-o-ora-va-costa-3-lei\/\" \/>\n<meta property=\"og:locale\" content=\"en_GB\" \/>\n<meta property=\"og:type\" content=\"article\" \/>\n<meta property=\"og:title\" content=\"Proiect |Se scumpe\u0219te transportul \u00een comun. Biletul STB, valabil o or\u0103, va costa 3 lei\" \/>\n<meta property=\"og:description\" content=\"Directorul Societ\u0103\u0163ii de Transport Bucure\u015fti, Adrian Cri\u0163, a anun\u021bat vineri, \u00eentr-o conferin\u021b\u0103 de pres\u0103, c\u0103&nbsp;propune introducerea unui tarif de 3 lei pe or\u0103 pe mijloacele de transport \u00een comun \u015fi a unui abonament anual de cel mult 500 de lei. Directorul STB sus\u021bine c\u0103 noul model de tarifare va avantaja utilizatorul frecvent, cel care merge [&hellip;]\" \/>\n<meta property=\"og:url\" content=\"https:\/\/buletin.de\/bucuresti\/proiect-se-scumpeste-transportul-in-comun-biletul-stb-valabil-o-ora-va-costa-3-lei\/\" \/>\n<meta property=\"og:site_name\" content=\"Buletin de Bucure\u0219ti\" \/>\n<meta property=\"article:publisher\" content=\"https:\/\/www.facebook.com\/buletin.de.buc\" \/>\n<meta property=\"article:published_time\" content=\"2021-05-14T12:51:25+00:00\" \/>\n<meta property=\"article:modified_time\" content=\"2021-05-14T12:51:26+00:00\" \/>\n<meta property=\"og:image\" content=\"https:\/\/buletin.de\/bucuresti\/wp-content\/uploads\/stb-1.jpg\" \/>\n\t<meta property=\"og:image:width\" content=\"960\" \/>\n\t<meta property=\"og:image:height\" content=\"720\" \/>\n\t<meta property=\"og:image:type\" content=\"image\/jpeg\" \/>\n<meta name=\"author\" content=\"Fredi Radu\" \/>\n<meta name=\"twitter:card\" content=\"summary_large_image\" \/>\n<meta name=\"twitter:label1\" content=\"Written by\" \/>\n\t<meta name=\"twitter:data1\" content=\"Fredi Radu\" \/>\n\t<meta name=\"twitter:label2\" content=\"Estimated reading time\" \/>\n\t<meta name=\"twitter:data2\" content=\"2 minutes\" \/>\n<script type=\"application\/ld+json\" class=\"yoast-schema-graph\">{\"@context\":\"https:\\\/\\\/schema.org\",\"@graph\":[{\"@type\":\"Article\",\"@id\":\"https:\\\/\\\/buletin.de\\\/bucuresti\\\/proiect-se-scumpeste-transportul-in-comun-biletul-stb-valabil-o-ora-va-costa-3-lei\\\/#article\",\"isPartOf\":{\"@id\":\"https:\\\/\\\/buletin.de\\\/bucuresti\\\/proiect-se-scumpeste-transportul-in-comun-biletul-stb-valabil-o-ora-va-costa-3-lei\\\/\"},\"author\":{\"name\":\"Fredi Radu\",\"@id\":\"https:\\\/\\\/buletin.de\\\/bucuresti\\\/#\\\/schema\\\/person\\\/af0e820905fa3334c5c1cc437d882ff3\"},\"headline\":\"Proiect |Se scumpe\u0219te transportul \u00een comun. Biletul STB, valabil o or\u0103, va costa 3 lei\",\"datePublished\":\"2021-05-14T12:51:25+00:00\",\"dateModified\":\"2021-05-14T12:51:26+00:00\",\"mainEntityOfPage\":{\"@id\":\"https:\\\/\\\/buletin.de\\\/bucuresti\\\/proiect-se-scumpeste-transportul-in-comun-biletul-stb-valabil-o-ora-va-costa-3-lei\\\/\"},\"wordCount\":318,\"publisher\":{\"@id\":\"https:\\\/\\\/buletin.de\\\/bucuresti\\\/#organization\"},\"image\":{\"@id\":\"https:\\\/\\\/buletin.de\\\/bucuresti\\\/proiect-se-scumpeste-transportul-in-comun-biletul-stb-valabil-o-ora-va-costa-3-lei\\\/#primaryimage\"},\"thumbnailUrl\":\"https:\\\/\\\/buletin.de\\\/bucuresti\\\/wp-content\\\/uploads\\\/stb-1.jpg\",\"articleSection\":[\"\u0218tiri\"],\"inLanguage\":\"en-GB\",\"copyrightYear\":\"2021\",\"copyrightHolder\":{\"@id\":\"https:\\\/\\\/buletin.de\\\/bucuresti\\\/#organization\"}},{\"@type\":\"WebPage\",\"@id\":\"https:\\\/\\\/buletin.de\\\/bucuresti\\\/proiect-se-scumpeste-transportul-in-comun-biletul-stb-valabil-o-ora-va-costa-3-lei\\\/\",\"url\":\"https:\\\/\\\/buletin.de\\\/bucuresti\\\/proiect-se-scumpeste-transportul-in-comun-biletul-stb-valabil-o-ora-va-costa-3-lei\\\/\",\"name\":\"Proiect |Se scumpe\u0219te transportul \u00een comun. Biletul STB, valabil o or\u0103, va costa 3 lei - Buletin de Bucure\u0219ti\",\"isPartOf\":{\"@id\":\"https:\\\/\\\/buletin.de\\\/bucuresti\\\/#website\"},\"primaryImageOfPage\":{\"@id\":\"https:\\\/\\\/buletin.de\\\/bucuresti\\\/proiect-se-scumpeste-transportul-in-comun-biletul-stb-valabil-o-ora-va-costa-3-lei\\\/#primaryimage\"},\"image\":{\"@id\":\"https:\\\/\\\/buletin.de\\\/bucuresti\\\/proiect-se-scumpeste-transportul-in-comun-biletul-stb-valabil-o-ora-va-costa-3-lei\\\/#primaryimage\"},\"thumbnailUrl\":\"https:\\\/\\\/buletin.de\\\/bucuresti\\\/wp-content\\\/uploads\\\/stb-1.jpg\",\"datePublished\":\"2021-05-14T12:51:25+00:00\",\"dateModified\":\"2021-05-14T12:51:26+00:00\",\"breadcrumb\":{\"@id\":\"https:\\\/\\\/buletin.de\\\/bucuresti\\\/proiect-se-scumpeste-transportul-in-comun-biletul-stb-valabil-o-ora-va-costa-3-lei\\\/#breadcrumb\"},\"inLanguage\":\"en-GB\",\"potentialAction\":[{\"@type\":\"ReadAction\",\"target\":[\"https:\\\/\\\/buletin.de\\\/bucuresti\\\/proiect-se-scumpeste-transportul-in-comun-biletul-stb-valabil-o-ora-va-costa-3-lei\\\/\"]}]},{\"@type\":\"ImageObject\",\"inLanguage\":\"en-GB\",\"@id\":\"https:\\\/\\\/buletin.de\\\/bucuresti\\\/proiect-se-scumpeste-transportul-in-comun-biletul-stb-valabil-o-ora-va-costa-3-lei\\\/#primaryimage\",\"url\":\"https:\\\/\\\/buletin.de\\\/bucuresti\\\/wp-content\\\/uploads\\\/stb-1.jpg\",\"contentUrl\":\"https:\\\/\\\/buletin.de\\\/bucuresti\\\/wp-content\\\/uploads\\\/stb-1.jpg\",\"width\":960,\"height\":720},{\"@type\":\"BreadcrumbList\",\"@id\":\"https:\\\/\\\/buletin.de\\\/bucuresti\\\/proiect-se-scumpeste-transportul-in-comun-biletul-stb-valabil-o-ora-va-costa-3-lei\\\/#breadcrumb\",\"itemListElement\":[{\"@type\":\"ListItem\",\"position\":1,\"name\":\"Acas\u0103\",\"item\":\"https:\\\/\\\/buletin.de\\\/bucuresti\\\/\"},{\"@type\":\"ListItem\",\"position\":2,\"name\":\"Proiect |Se scumpe\u0219te transportul \u00een comun. Biletul STB, valabil o or\u0103, va costa 3 lei\"}]},{\"@type\":\"WebSite\",\"@id\":\"https:\\\/\\\/buletin.de\\\/bucuresti\\\/#website\",\"url\":\"https:\\\/\\\/buletin.de\\\/bucuresti\\\/\",\"name\":\"Buletin de Bucure\u0219ti\",\"description\":\"\u0218tiri \u0219i investiga\u021bii esen\u021biale din capital\u0103\",\"publisher\":{\"@id\":\"https:\\\/\\\/buletin.de\\\/bucuresti\\\/#organization\"},\"potentialAction\":[{\"@type\":\"SearchAction\",\"target\":{\"@type\":\"EntryPoint\",\"urlTemplate\":\"https:\\\/\\\/buletin.de\\\/bucuresti\\\/?s={search_term_string}\"},\"query-input\":{\"@type\":\"PropertyValueSpecification\",\"valueRequired\":true,\"valueName\":\"search_term_string\"}}],\"inLanguage\":\"en-GB\"},{\"@type\":\"Organization\",\"@id\":\"https:\\\/\\\/buletin.de\\\/bucuresti\\\/#organization\",\"name\":\"Buletin de Bucure\u0219ti\",\"url\":\"https:\\\/\\\/buletin.de\\\/bucuresti\\\/\",\"logo\":{\"@type\":\"ImageObject\",\"inLanguage\":\"en-GB\",\"@id\":\"https:\\\/\\\/buletin.de\\\/bucuresti\\\/#\\\/schema\\\/logo\\\/image\\\/\",\"url\":\"https:\\\/\\\/buletin.de\\\/bucuresti\\\/wp-content\\\/uploads\\\/logo-bdb-full-wide-vernil-transparent.png\",\"contentUrl\":\"https:\\\/\\\/buletin.de\\\/bucuresti\\\/wp-content\\\/uploads\\\/logo-bdb-full-wide-vernil-transparent.png\",\"width\":1782,\"height\":626,\"caption\":\"Buletin de Bucure\u0219ti\"},\"image\":{\"@id\":\"https:\\\/\\\/buletin.de\\\/bucuresti\\\/#\\\/schema\\\/logo\\\/image\\\/\"},\"sameAs\":[\"https:\\\/\\\/www.facebook.com\\\/buletin.de.buc\",\"https:\\\/\\\/www.instagram.com\\\/buletinde.bucuresti\\\/\"]},{\"@type\":\"Person\",\"@id\":\"https:\\\/\\\/buletin.de\\\/bucuresti\\\/#\\\/schema\\\/person\\\/af0e820905fa3334c5c1cc437d882ff3\",\"name\":\"Fredi Radu\",\"image\":{\"@type\":\"ImageObject\",\"inLanguage\":\"en-GB\",\"@id\":\"https:\\\/\\\/secure.gravatar.com\\\/avatar\\\/6601925ca6cb7a4d8aa653d20ebe68e0588c85daaebac2407463e3dfff63599c?s=96&d=monsterid&r=g0c80ca1df7ee47b93a354c9d2ba58e97\",\"url\":\"https:\\\/\\\/secure.gravatar.com\\\/avatar\\\/6601925ca6cb7a4d8aa653d20ebe68e0588c85daaebac2407463e3dfff63599c?s=96&d=monsterid&r=g\",\"contentUrl\":\"https:\\\/\\\/secure.gravatar.com\\\/avatar\\\/6601925ca6cb7a4d8aa653d20ebe68e0588c85daaebac2407463e3dfff63599c?s=96&d=monsterid&r=g\",\"caption\":\"Fredi Radu\"},\"url\":\"https:\\\/\\\/buletin.de\\\/bucuresti\\\/author\\\/radu\\\/\"}]}<\/script>\n<!-- \/ Yoast SEO Premium plugin. -->","yoast_head_json":{"title":"Proiect |Se scumpe\u0219te transportul \u00een comun. Biletul STB, valabil o or\u0103, va costa 3 lei - Buletin de Bucure\u0219ti","robots":{"index":"index","follow":"follow","max-snippet":"max-snippet:-1","max-image-preview":"max-image-preview:large","max-video-preview":"max-video-preview:-1"},"canonical":"https:\/\/buletin.de\/bucuresti\/proiect-se-scumpeste-transportul-in-comun-biletul-stb-valabil-o-ora-va-costa-3-lei\/","og_locale":"en_GB","og_type":"article","og_title":"Proiect |Se scumpe\u0219te transportul \u00een comun. Biletul STB, valabil o or\u0103, va costa 3 lei","og_description":"Directorul Societ\u0103\u0163ii de Transport Bucure\u015fti, Adrian Cri\u0163, a anun\u021bat vineri, \u00eentr-o conferin\u021b\u0103 de pres\u0103, c\u0103&nbsp;propune introducerea unui tarif de 3 lei pe or\u0103 pe mijloacele de transport \u00een comun \u015fi a unui abonament anual de cel mult 500 de lei. Directorul STB sus\u021bine c\u0103 noul model de tarifare va avantaja utilizatorul frecvent, cel care merge [&hellip;]","og_url":"https:\/\/buletin.de\/bucuresti\/proiect-se-scumpeste-transportul-in-comun-biletul-stb-valabil-o-ora-va-costa-3-lei\/","og_site_name":"Buletin de Bucure\u0219ti","article_publisher":"https:\/\/www.facebook.com\/buletin.de.buc","article_published_time":"2021-05-14T12:51:25+00:00","article_modified_time":"2021-05-14T12:51:26+00:00","og_image":[{"width":960,"height":720,"url":"https:\/\/buletin.de\/bucuresti\/wp-content\/uploads\/stb-1.jpg","type":"image\/jpeg"}],"author":"Fredi Radu","twitter_card":"summary_large_image","twitter_misc":{"Written by":"Fredi Radu","Estimated reading time":"2 minutes"},"schema":{"@context":"https:\/\/schema.org","@graph":[{"@type":"Article","@id":"https:\/\/buletin.de\/bucuresti\/proiect-se-scumpeste-transportul-in-comun-biletul-stb-valabil-o-ora-va-costa-3-lei\/#article","isPartOf":{"@id":"https:\/\/buletin.de\/bucuresti\/proiect-se-scumpeste-transportul-in-comun-biletul-stb-valabil-o-ora-va-costa-3-lei\/"},"author":{"name":"Fredi Radu","@id":"https:\/\/buletin.de\/bucuresti\/#\/schema\/person\/af0e820905fa3334c5c1cc437d882ff3"},"headline":"Proiect |Se scumpe\u0219te transportul \u00een comun. Biletul STB, valabil o or\u0103, va costa 3 lei","datePublished":"2021-05-14T12:51:25+00:00","dateModified":"2021-05-14T12:51:26+00:00","mainEntityOfPage":{"@id":"https:\/\/buletin.de\/bucuresti\/proiect-se-scumpeste-transportul-in-comun-biletul-stb-valabil-o-ora-va-costa-3-lei\/"},"wordCount":318,"publisher":{"@id":"https:\/\/buletin.de\/bucuresti\/#organization"},"image":{"@id":"https:\/\/buletin.de\/bucuresti\/proiect-se-scumpeste-transportul-in-comun-biletul-stb-valabil-o-ora-va-costa-3-lei\/#primaryimage"},"thumbnailUrl":"https:\/\/buletin.de\/bucuresti\/wp-content\/uploads\/stb-1.jpg","articleSection":["\u0218tiri"],"inLanguage":"en-GB","copyrightYear":"2021","copyrightHolder":{"@id":"https:\/\/buletin.de\/bucuresti\/#organization"}},{"@type":"WebPage","@id":"https:\/\/buletin.de\/bucuresti\/proiect-se-scumpeste-transportul-in-comun-biletul-stb-valabil-o-ora-va-costa-3-lei\/","url":"https:\/\/buletin.de\/bucuresti\/proiect-se-scumpeste-transportul-in-comun-biletul-stb-valabil-o-ora-va-costa-3-lei\/","name":"Proiect |Se scumpe\u0219te transportul \u00een comun. Biletul STB, valabil o or\u0103, va costa 3 lei - Buletin de Bucure\u0219ti","isPartOf":{"@id":"https:\/\/buletin.de\/bucuresti\/#website"},"primaryImageOfPage":{"@id":"https:\/\/buletin.de\/bucuresti\/proiect-se-scumpeste-transportul-in-comun-biletul-stb-valabil-o-ora-va-costa-3-lei\/#primaryimage"},"image":{"@id":"https:\/\/buletin.de\/bucuresti\/proiect-se-scumpeste-transportul-in-comun-biletul-stb-valabil-o-ora-va-costa-3-lei\/#primaryimage"},"thumbnailUrl":"https:\/\/buletin.de\/bucuresti\/wp-content\/uploads\/stb-1.jpg","datePublished":"2021-05-14T12:51:25+00:00","dateModified":"2021-05-14T12:51:26+00:00","breadcrumb":{"@id":"https:\/\/buletin.de\/bucuresti\/proiect-se-scumpeste-transportul-in-comun-biletul-stb-valabil-o-ora-va-costa-3-lei\/#breadcrumb"},"inLanguage":"en-GB","potentialAction":[{"@type":"ReadAction","target":["https:\/\/buletin.de\/bucuresti\/proiect-se-scumpeste-transportul-in-comun-biletul-stb-valabil-o-ora-va-costa-3-lei\/"]}]},{"@type":"ImageObject","inLanguage":"en-GB","@id":"https:\/\/buletin.de\/bucuresti\/proiect-se-scumpeste-transportul-in-comun-biletul-stb-valabil-o-ora-va-costa-3-lei\/#primaryimage","url":"https:\/\/buletin.de\/bucuresti\/wp-content\/uploads\/stb-1.jpg","contentUrl":"https:\/\/buletin.de\/bucuresti\/wp-content\/uploads\/stb-1.jpg","width":960,"height":720},{"@type":"BreadcrumbList","@id":"https:\/\/buletin.de\/bucuresti\/proiect-se-scumpeste-transportul-in-comun-biletul-stb-valabil-o-ora-va-costa-3-lei\/#breadcrumb","itemListElement":[{"@type":"ListItem","position":1,"name":"Acas\u0103","item":"https:\/\/buletin.de\/bucuresti\/"},{"@type":"ListItem","position":2,"name":"Proiect |Se scumpe\u0219te transportul \u00een comun. Biletul STB, valabil o or\u0103, va costa 3 lei"}]},{"@type":"WebSite","@id":"https:\/\/buletin.de\/bucuresti\/#website","url":"https:\/\/buletin.de\/bucuresti\/","name":"Buletin de Bucure\u0219ti","description":"\u0218tiri \u0219i investiga\u021bii esen\u021biale din capital\u0103","publisher":{"@id":"https:\/\/buletin.de\/bucuresti\/#organization"},"potentialAction":[{"@type":"SearchAction","target":{"@type":"EntryPoint","urlTemplate":"https:\/\/buletin.de\/bucuresti\/?s={search_term_string}"},"query-input":{"@type":"PropertyValueSpecification","valueRequired":true,"valueName":"search_term_string"}}],"inLanguage":"en-GB"},{"@type":"Organization","@id":"https:\/\/buletin.de\/bucuresti\/#organization","name":"Buletin de Bucure\u0219ti","url":"https:\/\/buletin.de\/bucuresti\/","logo":{"@type":"ImageObject","inLanguage":"en-GB","@id":"https:\/\/buletin.de\/bucuresti\/#\/schema\/logo\/image\/","url":"https:\/\/buletin.de\/bucuresti\/wp-content\/uploads\/logo-bdb-full-wide-vernil-transparent.png","contentUrl":"https:\/\/buletin.de\/bucuresti\/wp-content\/uploads\/logo-bdb-full-wide-vernil-transparent.png","width":1782,"height":626,"caption":"Buletin de Bucure\u0219ti"},"image":{"@id":"https:\/\/buletin.de\/bucuresti\/#\/schema\/logo\/image\/"},"sameAs":["https:\/\/www.facebook.com\/buletin.de.buc","https:\/\/www.instagram.com\/buletinde.bucuresti\/"]},{"@type":"Person","@id":"https:\/\/buletin.de\/bucuresti\/#\/schema\/person\/af0e820905fa3334c5c1cc437d882ff3","name":"Fredi Radu","image":{"@type":"ImageObject","inLanguage":"en-GB","@id":"https:\/\/secure.gravatar.com\/avatar\/6601925ca6cb7a4d8aa653d20ebe68e0588c85daaebac2407463e3dfff63599c?s=96&d=monsterid&r=g0c80ca1df7ee47b93a354c9d2ba58e97","url":"https:\/\/secure.gravatar.com\/avatar\/6601925ca6cb7a4d8aa653d20ebe68e0588c85daaebac2407463e3dfff63599c?s=96&d=monsterid&r=g","contentUrl":"https:\/\/secure.gravatar.com\/avatar\/6601925ca6cb7a4d8aa653d20ebe68e0588c85daaebac2407463e3dfff63599c?s=96&d=monsterid&r=g","caption":"Fredi Radu"},"url":"https:\/\/buletin.de\/bucuresti\/author\/radu\/"}]}},"authors":[{"term_id":26106,"user_id":26,"is_guest":0,"slug":"radu","display_name":"Fredi Radu","avatar_url":"https:\/\/secure.gravatar.com\/avatar\/6601925ca6cb7a4d8aa653d20ebe68e0588c85daaebac2407463e3dfff63599c?s=96&d=monsterid&r=g","0":null,"1":"","2":"","3":"","4":"","5":"","6":"","7":"","8":""}],"_links":{"self":[{"href":"https:\/\/buletin.de\/bucuresti\/wp-json\/wp\/v2\/posts\/24645","targetHints":{"allow":["GET"]}}],"collection":[{"href":"https:\/\/buletin.de\/bucuresti\/wp-json\/wp\/v2\/posts"}],"about":[{"href":"https:\/\/buletin.de\/bucuresti\/wp-json\/wp\/v2\/types\/post"}],"author":[{"embeddable":true,"href":"https:\/\/buletin.de\/bucuresti\/wp-json\/wp\/v2\/users\/26"}],"replies":[{"embeddable":true,"href":"https:\/\/buletin.de\/bucuresti\/wp-json\/wp\/v2\/comments?post=24645"}],"version-history":[{"count":7,"href":"https:\/\/buletin.de\/bucuresti\/wp-json\/wp\/v2\/posts\/24645\/revisions"}],"predecessor-version":[{"id":24667,"href":"https:\/\/buletin.de\/bucuresti\/wp-json\/wp\/v2\/posts\/24645\/revisions\/24667"}],"wp:featuredmedia":[{"embeddable":true,"href":"https:\/\/buletin.de\/bucuresti\/wp-json\/wp\/v2\/media\/24660"}],"wp:attachment":[{"href":"https:\/\/buletin.de\/bucuresti\/wp-json\/wp\/v2\/media?parent=24645"}],"wp:term":[{"taxonomy":"category","embeddable":true,"href":"https:\/\/buletin.de\/bucuresti\/wp-json\/wp\/v2\/categories?post=24645"},{"taxonomy":"post_tag","embeddable":true,"href":"https:\/\/buletin.de\/bucuresti\/wp-json\/wp\/v2\/tags?post=24645"},{"taxonomy":"author","embeddable":true,"href":"https:\/\/buletin.de\/bucuresti\/wp-json\/wp\/v2\/ppma_author?post=24645"}],"curies":[{"name":"wp","href":"https:\/\/api.w.org\/{rel}","templated":true}]}}