{"id":24643,"date":"2021-05-14T16:28:28","date_gmt":"2021-05-14T13:28:28","guid":{"rendered":"https:\/\/buletin.de\/bucuresti\/?p=24643"},"modified":"2021-05-14T16:49:49","modified_gmt":"2021-05-14T13:49:49","slug":"dezvoltator-imobiliar-din-sectorul-1-amendat-pentru-construire-fara-autorizatie-clotilde-armand-l-a-demis-si-pe-seful-disciplinei-in-constructii","status":"publish","type":"post","link":"https:\/\/buletin.de\/bucuresti\/dezvoltator-imobiliar-din-sectorul-1-amendat-pentru-construire-fara-autorizatie-clotilde-armand-l-a-demis-si-pe-seful-disciplinei-in-constructii\/","title":{"rendered":"Dezvoltator imobiliar din Sectorul 1, amendat pentru construire f\u0103r\u0103 autoriza\u021bie. Clotilde Armand l-a demis \u0219i pe \u0219eful disciplinei \u00een construc\u021bii"},"content":{"rendered":"\n<p>Dezvoltatorul imobiliar SC ONIX Residence a fost amendat cu 60.000 de lei \u0219i s-a dispus sistarea lucr\u0103rilor p\u00e2n\u0103 la intrarea \u00een legalitate, a anun\u021bat primarul Sectorului 1, Clotilde Armand, pe pagina sa de Facebook. Este vorba de un complex reziden\u021bial, de 3 blocuri, ce se edific\u0103 pe Drumul Nisipoasa. La c\u0103teva ore dup\u0103 acest anun\u021b, \u0219eful Biroului Disciplina \u00een Construc\u0163ii \u015fi Afi\u015faj Stradal din cadrul Poli\u021biei Locale Sector 1, a fost demis.<\/p>\n\n\n\n<p>Lucr\u0103rile la ansamblul reziden\u021bial au \u00eenceput \u00een baza unei Autoriza\u021bii de Construire emis\u0103 \u00een 2018. Este vorba de 3 corpuri de imobile colective, dou\u0103 cu 4 etaje \u0219i unul cu 11. O echip\u0103 de control a Prim\u0103riei Sector 1 a fost \u00een control pe \u0219antier \u0219i a descoperit o serie de nereguli, modific\u0103ri constructive fa\u021b\u0103 de proiectul autorizat \u0219i chiar lucr\u0103ri executate f\u0103r\u0103 autoriza\u021bie.<\/p>\n\n\n\n<ul class=\"wp-block-list\"><li>modific\u0103ri ale pozi\u021biei u\u0219ilor de acces fa\u021b\u0103 de planurile aprobate<\/li><li>\u00eenchideri cu t\u00e2mpl\u0103rie termopan <\/li><li>modific\u0103ri ale dimensiunilor unor geamuri<\/li><li>modific\u0103ri ale parape\u021bilor balcoanelor <\/li><li>montarea unor elemente decorative neprev\u0103zute \u00een proiect<\/li><li>reconfigurarea total\u0103 a parc\u0103rilor la sol <\/li><li>realizarea, l\u00e2ng\u0103 blocul turn, a unei s\u0103p\u0103turi, \u00een taluz \u00eenclinat, pe o suprafa\u021b\u0103 de aproximativ 2000mp p\u00e2n\u0103 la 8 m ad\u00e2ncime \u0219i a alteia de 3,0m lungime \u0219i l\u0103\u021bime de aproximativ 3,5m, f\u0103r\u0103 sprijiniri, ambele f\u0103r\u0103 autoriza\u021bie de construire.<\/li><\/ul>\n\n\n\n<p>\u201e<em>Am sanc\u021bionat acest dezvoltator imobiliar care a edificat un ansamblu reziden\u021bial compus din 3 corpuri de locuin\u021be colective, parc\u0103ri subterane \u0219i supraterane pentru c\u0103 nu a respectat autoriza\u021bia de construire. Totodat\u0103 au fost verificate mai multe corpuri \u0219i s-a constatat c\u0103 s-a construit f\u0103r\u0103 autoriza\u021bie de construire. Astfel, S.C. Onix Residence SRL a primit trei amenzi \u00een valoare de 20.000 lei fiecare \u0219i sistarea tuturor lucr\u0103rilor<\/em>\u201d, a scris Clotilde Armand pe pagina sa de Facebook.<\/p>\n\n\n\n<p>La c\u00e2teva ore dup\u0103 ce a anun\u021bat sanc\u021bionarea dezvoltatorului, Clotilde Armand a scris pe pagina sa Facebook c\u0103 l-a eliberat din func\u021bie pe \u0219eful &nbsp;Biroului Disciplina \u00een Construc\u0163ii \u015fi Afi\u015faj Stradal din cadrul Poli\u021biei Locale Sector 1.<\/p>\n\n\n\n<p>&#8220;<em>L-am eliberat ast\u0103zi din func\u021bie pe \u0219eful Biroului Disciplina \u00een Construc\u0163ii \u015fi Afi\u015faj Stradal din cadrul Poli\u021biei Locale Sector 1. Nu mai \u00eenchidem ochii la nereguli \u0219i la haosul urbanistic din Sectorul 1.<\/em>&#8220;, a scris Clotilde Armand, pe pagina sa de Facebook.<\/p>\n\n\n\n<p>SC ONIX Residence are ca ac\u021bionari societatea Glina SA, cu 99%, \u015fi Mandy Foods International, cu 1 %.&nbsp;Glina SA este una dintre societ\u0103\u021bile de\u021binute de omul de afaceri Hassan Morad, despre care presa sus\u021bine c\u0103 ar fi fratele lui Mohammad Murat. Firma sa Morad Group are mai multe investi\u021bii \u00een imobiliare \u00een Capital\u0103.<\/p>\n\n\n\n<figure class=\"wp-block-image size-large\"><img fetchpriority=\"high\" decoding=\"async\" width=\"900\" height=\"608\" src=\"data:image\/gif;base64,R0lGODlhAQABAAAAACH5BAEKAAEALAAAAAABAAEAAAICTAEAOw==\" data-src=\"https:\/\/buletin.de\/bucuresti\/wp-content\/uploads\/image-682-900x608.png\" alt=\"\" class=\"wp-image-24671 lazyload\" data-sizes=\"auto\" data-srcset=\"https:\/\/buletin.de\/bucuresti\/wp-content\/uploads\/image-682-900x608.png 900w, https:\/\/buletin.de\/bucuresti\/wp-content\/uploads\/image-682-300x203.png 300w, https:\/\/buletin.de\/bucuresti\/wp-content\/uploads\/image-682-768x519.png 768w, https:\/\/buletin.de\/bucuresti\/wp-content\/uploads\/image-682-1060x716.png 1060w, https:\/\/buletin.de\/bucuresti\/wp-content\/uploads\/image-682-550x372.png 550w, https:\/\/buletin.de\/bucuresti\/wp-content\/uploads\/image-682-740x500.png 740w, https:\/\/buletin.de\/bucuresti\/wp-content\/uploads\/image-682-600x405.png 600w, https:\/\/buletin.de\/bucuresti\/wp-content\/uploads\/image-682.png 1113w\" sizes=\"(max-width: 900px) 100vw, 900px\" \/><figcaption>sursa confidas.ro<\/figcaption><\/figure>\n\n\n\n<p>Cealalt\u0103 firm\u0103 ac\u021bionar\u0103 la ONIX Residence este de\u021binut\u0103 de Aly Fady Morad \u0219i Aoun Akram.<\/p>\n\n\n\n<p>sursa foto cover Facebook Clotilde Armand<\/p>\n\n\n\n<p><\/p>\n","protected":false},"excerpt":{"rendered":"<p>Dezvoltatorul imobiliar SC ONIX Residence a fost amendat cu 60.000 de lei \u0219i s-a dispus sistarea lucr\u0103rilor p\u00e2n\u0103 la intrarea \u00een legalitate, a anun\u021bat primarul Sectorului 1, Clotilde Armand, pe pagina sa de Facebook. Este vorba de un complex reziden\u021bial, de 3 blocuri, ce se edific\u0103 pe Drumul Nisipoasa. La c\u0103teva ore dup\u0103 acest anun\u021b, [&hellip;]<\/p>\n","protected":false},"author":18,"featured_media":24659,"comment_status":"closed","ping_status":"open","sticky":false,"template":"","format":"standard","meta":{"_acf_changed":false,"inline_featured_image":false,"ngg_post_thumbnail":0,"footnotes":""},"categories":[1,24,62],"tags":[154,2739,2738],"ppma_author":[22579],"class_list":["post-24643","post","type-post","status-publish","format-standard","has-post-thumbnail","hentry","category-diverse","category-primarie","category-stiri","tag-amenzi","tag-disciplina-in-constructii","tag-onix-residence"],"acf":[],"yoast_head":"<!-- This site is optimized with the Yoast SEO Premium plugin v25.3 (Yoast SEO v27.5) - https:\/\/yoast.com\/product\/yoast-seo-premium-wordpress\/ -->\n<title>Dezvoltator imobiliar din Sectorul 1, amendat pentru construire f\u0103r\u0103 autoriza\u021bie. Clotilde Armand l-a demis \u0219i pe \u0219eful disciplinei \u00een construc\u021bii - Buletin de Bucure\u0219ti<\/title>\n<meta name=\"robots\" content=\"index, follow, max-snippet:-1, max-image-preview:large, max-video-preview:-1\" \/>\n<link rel=\"canonical\" href=\"https:\/\/buletin.de\/bucuresti\/dezvoltator-imobiliar-din-sectorul-1-amendat-pentru-construire-fara-autorizatie-clotilde-armand-l-a-demis-si-pe-seful-disciplinei-in-constructii\/\" \/>\n<meta property=\"og:locale\" content=\"en_GB\" \/>\n<meta property=\"og:type\" content=\"article\" \/>\n<meta property=\"og:title\" content=\"Dezvoltator imobiliar din Sectorul 1, amendat pentru construire f\u0103r\u0103 autoriza\u021bie. Clotilde Armand l-a demis \u0219i pe \u0219eful disciplinei \u00een construc\u021bii\" \/>\n<meta property=\"og:description\" content=\"Dezvoltatorul imobiliar SC ONIX Residence a fost amendat cu 60.000 de lei \u0219i s-a dispus sistarea lucr\u0103rilor p\u00e2n\u0103 la intrarea \u00een legalitate, a anun\u021bat primarul Sectorului 1, Clotilde Armand, pe pagina sa de Facebook. Este vorba de un complex reziden\u021bial, de 3 blocuri, ce se edific\u0103 pe Drumul Nisipoasa. La c\u0103teva ore dup\u0103 acest anun\u021b, [&hellip;]\" \/>\n<meta property=\"og:url\" content=\"https:\/\/buletin.de\/bucuresti\/dezvoltator-imobiliar-din-sectorul-1-amendat-pentru-construire-fara-autorizatie-clotilde-armand-l-a-demis-si-pe-seful-disciplinei-in-constructii\/\" \/>\n<meta property=\"og:site_name\" content=\"Buletin de Bucure\u0219ti\" \/>\n<meta property=\"article:publisher\" content=\"https:\/\/www.facebook.com\/buletin.de.buc\" \/>\n<meta property=\"article:published_time\" content=\"2021-05-14T13:28:28+00:00\" \/>\n<meta property=\"article:modified_time\" content=\"2021-05-14T13:49:49+00:00\" \/>\n<meta property=\"og:image\" content=\"https:\/\/buletin.de\/bucuresti\/wp-content\/uploads\/image-681-900x426.png\" \/>\n\t<meta property=\"og:image:width\" content=\"900\" \/>\n\t<meta property=\"og:image:height\" content=\"426\" \/>\n\t<meta property=\"og:image:type\" content=\"image\/png\" \/>\n<meta name=\"author\" content=\"Teodora Stroe\" \/>\n<meta name=\"twitter:card\" content=\"summary_large_image\" \/>\n<meta name=\"twitter:label1\" content=\"Written by\" \/>\n\t<meta name=\"twitter:data1\" content=\"Teodora Stroe\" \/>\n\t<meta name=\"twitter:label2\" content=\"Estimated reading time\" \/>\n\t<meta name=\"twitter:data2\" content=\"3 minutes\" \/>\n<script type=\"application\/ld+json\" class=\"yoast-schema-graph\">{\"@context\":\"https:\\\/\\\/schema.org\",\"@graph\":[{\"@type\":\"Article\",\"@id\":\"https:\\\/\\\/buletin.de\\\/bucuresti\\\/dezvoltator-imobiliar-din-sectorul-1-amendat-pentru-construire-fara-autorizatie-clotilde-armand-l-a-demis-si-pe-seful-disciplinei-in-constructii\\\/#article\",\"isPartOf\":{\"@id\":\"https:\\\/\\\/buletin.de\\\/bucuresti\\\/dezvoltator-imobiliar-din-sectorul-1-amendat-pentru-construire-fara-autorizatie-clotilde-armand-l-a-demis-si-pe-seful-disciplinei-in-constructii\\\/\"},\"author\":{\"name\":\"Teodora Stroe\",\"@id\":\"https:\\\/\\\/buletin.de\\\/bucuresti\\\/#\\\/schema\\\/person\\\/d369d7ddc775abece205795e0b804614\"},\"headline\":\"Dezvoltator imobiliar din Sectorul 1, amendat pentru construire f\u0103r\u0103 autoriza\u021bie. Clotilde Armand l-a demis \u0219i pe \u0219eful disciplinei \u00een construc\u021bii\",\"datePublished\":\"2021-05-14T13:28:28+00:00\",\"dateModified\":\"2021-05-14T13:49:49+00:00\",\"mainEntityOfPage\":{\"@id\":\"https:\\\/\\\/buletin.de\\\/bucuresti\\\/dezvoltator-imobiliar-din-sectorul-1-amendat-pentru-construire-fara-autorizatie-clotilde-armand-l-a-demis-si-pe-seful-disciplinei-in-constructii\\\/\"},\"wordCount\":512,\"publisher\":{\"@id\":\"https:\\\/\\\/buletin.de\\\/bucuresti\\\/#organization\"},\"image\":{\"@id\":\"https:\\\/\\\/buletin.de\\\/bucuresti\\\/dezvoltator-imobiliar-din-sectorul-1-amendat-pentru-construire-fara-autorizatie-clotilde-armand-l-a-demis-si-pe-seful-disciplinei-in-constructii\\\/#primaryimage\"},\"thumbnailUrl\":\"https:\\\/\\\/buletin.de\\\/bucuresti\\\/wp-content\\\/uploads\\\/image-681.png\",\"keywords\":[\"amenzi\",\"disciplina in constructii\",\"onix residence\"],\"articleSection\":[\"Diverse\",\"Prim\u0103rie\",\"\u0218tiri\"],\"inLanguage\":\"en-GB\",\"copyrightYear\":\"2021\",\"copyrightHolder\":{\"@id\":\"https:\\\/\\\/buletin.de\\\/bucuresti\\\/#organization\"}},{\"@type\":\"WebPage\",\"@id\":\"https:\\\/\\\/buletin.de\\\/bucuresti\\\/dezvoltator-imobiliar-din-sectorul-1-amendat-pentru-construire-fara-autorizatie-clotilde-armand-l-a-demis-si-pe-seful-disciplinei-in-constructii\\\/\",\"url\":\"https:\\\/\\\/buletin.de\\\/bucuresti\\\/dezvoltator-imobiliar-din-sectorul-1-amendat-pentru-construire-fara-autorizatie-clotilde-armand-l-a-demis-si-pe-seful-disciplinei-in-constructii\\\/\",\"name\":\"Dezvoltator imobiliar din Sectorul 1, amendat pentru construire f\u0103r\u0103 autoriza\u021bie. Clotilde Armand l-a demis \u0219i pe \u0219eful disciplinei \u00een construc\u021bii - Buletin de Bucure\u0219ti\",\"isPartOf\":{\"@id\":\"https:\\\/\\\/buletin.de\\\/bucuresti\\\/#website\"},\"primaryImageOfPage\":{\"@id\":\"https:\\\/\\\/buletin.de\\\/bucuresti\\\/dezvoltator-imobiliar-din-sectorul-1-amendat-pentru-construire-fara-autorizatie-clotilde-armand-l-a-demis-si-pe-seful-disciplinei-in-constructii\\\/#primaryimage\"},\"image\":{\"@id\":\"https:\\\/\\\/buletin.de\\\/bucuresti\\\/dezvoltator-imobiliar-din-sectorul-1-amendat-pentru-construire-fara-autorizatie-clotilde-armand-l-a-demis-si-pe-seful-disciplinei-in-constructii\\\/#primaryimage\"},\"thumbnailUrl\":\"https:\\\/\\\/buletin.de\\\/bucuresti\\\/wp-content\\\/uploads\\\/image-681.png\",\"datePublished\":\"2021-05-14T13:28:28+00:00\",\"dateModified\":\"2021-05-14T13:49:49+00:00\",\"breadcrumb\":{\"@id\":\"https:\\\/\\\/buletin.de\\\/bucuresti\\\/dezvoltator-imobiliar-din-sectorul-1-amendat-pentru-construire-fara-autorizatie-clotilde-armand-l-a-demis-si-pe-seful-disciplinei-in-constructii\\\/#breadcrumb\"},\"inLanguage\":\"en-GB\",\"potentialAction\":[{\"@type\":\"ReadAction\",\"target\":[\"https:\\\/\\\/buletin.de\\\/bucuresti\\\/dezvoltator-imobiliar-din-sectorul-1-amendat-pentru-construire-fara-autorizatie-clotilde-armand-l-a-demis-si-pe-seful-disciplinei-in-constructii\\\/\"]}]},{\"@type\":\"ImageObject\",\"inLanguage\":\"en-GB\",\"@id\":\"https:\\\/\\\/buletin.de\\\/bucuresti\\\/dezvoltator-imobiliar-din-sectorul-1-amendat-pentru-construire-fara-autorizatie-clotilde-armand-l-a-demis-si-pe-seful-disciplinei-in-constructii\\\/#primaryimage\",\"url\":\"https:\\\/\\\/buletin.de\\\/bucuresti\\\/wp-content\\\/uploads\\\/image-681.png\",\"contentUrl\":\"https:\\\/\\\/buletin.de\\\/bucuresti\\\/wp-content\\\/uploads\\\/image-681.png\",\"width\":1600,\"height\":758},{\"@type\":\"BreadcrumbList\",\"@id\":\"https:\\\/\\\/buletin.de\\\/bucuresti\\\/dezvoltator-imobiliar-din-sectorul-1-amendat-pentru-construire-fara-autorizatie-clotilde-armand-l-a-demis-si-pe-seful-disciplinei-in-constructii\\\/#breadcrumb\",\"itemListElement\":[{\"@type\":\"ListItem\",\"position\":1,\"name\":\"Acas\u0103\",\"item\":\"https:\\\/\\\/buletin.de\\\/bucuresti\\\/\"},{\"@type\":\"ListItem\",\"position\":2,\"name\":\"Dezvoltator imobiliar din Sectorul 1, amendat pentru construire f\u0103r\u0103 autoriza\u021bie. Clotilde Armand l-a demis \u0219i pe \u0219eful disciplinei \u00een construc\u021bii\"}]},{\"@type\":\"WebSite\",\"@id\":\"https:\\\/\\\/buletin.de\\\/bucuresti\\\/#website\",\"url\":\"https:\\\/\\\/buletin.de\\\/bucuresti\\\/\",\"name\":\"Buletin de Bucure\u0219ti\",\"description\":\"\u0218tiri \u0219i investiga\u021bii esen\u021biale din capital\u0103\",\"publisher\":{\"@id\":\"https:\\\/\\\/buletin.de\\\/bucuresti\\\/#organization\"},\"potentialAction\":[{\"@type\":\"SearchAction\",\"target\":{\"@type\":\"EntryPoint\",\"urlTemplate\":\"https:\\\/\\\/buletin.de\\\/bucuresti\\\/?s={search_term_string}\"},\"query-input\":{\"@type\":\"PropertyValueSpecification\",\"valueRequired\":true,\"valueName\":\"search_term_string\"}}],\"inLanguage\":\"en-GB\"},{\"@type\":\"Organization\",\"@id\":\"https:\\\/\\\/buletin.de\\\/bucuresti\\\/#organization\",\"name\":\"Buletin de Bucure\u0219ti\",\"url\":\"https:\\\/\\\/buletin.de\\\/bucuresti\\\/\",\"logo\":{\"@type\":\"ImageObject\",\"inLanguage\":\"en-GB\",\"@id\":\"https:\\\/\\\/buletin.de\\\/bucuresti\\\/#\\\/schema\\\/logo\\\/image\\\/\",\"url\":\"https:\\\/\\\/buletin.de\\\/bucuresti\\\/wp-content\\\/uploads\\\/logo-bdb-full-wide-vernil-transparent.png\",\"contentUrl\":\"https:\\\/\\\/buletin.de\\\/bucuresti\\\/wp-content\\\/uploads\\\/logo-bdb-full-wide-vernil-transparent.png\",\"width\":1782,\"height\":626,\"caption\":\"Buletin de Bucure\u0219ti\"},\"image\":{\"@id\":\"https:\\\/\\\/buletin.de\\\/bucuresti\\\/#\\\/schema\\\/logo\\\/image\\\/\"},\"sameAs\":[\"https:\\\/\\\/www.facebook.com\\\/buletin.de.buc\",\"https:\\\/\\\/www.instagram.com\\\/buletinde.bucuresti\\\/\"]},{\"@type\":\"Person\",\"@id\":\"https:\\\/\\\/buletin.de\\\/bucuresti\\\/#\\\/schema\\\/person\\\/d369d7ddc775abece205795e0b804614\",\"name\":\"Teodora Stroe\",\"image\":{\"@type\":\"ImageObject\",\"inLanguage\":\"en-GB\",\"@id\":\"https:\\\/\\\/secure.gravatar.com\\\/avatar\\\/2560b4cd9f5f1bc100b123158e657d75584bd1c3e1d9c69285720b9457c1b78d?s=96&d=monsterid&r=gc104800242ba5f2d78dd5d7dc4df08b6\",\"url\":\"https:\\\/\\\/secure.gravatar.com\\\/avatar\\\/2560b4cd9f5f1bc100b123158e657d75584bd1c3e1d9c69285720b9457c1b78d?s=96&d=monsterid&r=g\",\"contentUrl\":\"https:\\\/\\\/secure.gravatar.com\\\/avatar\\\/2560b4cd9f5f1bc100b123158e657d75584bd1c3e1d9c69285720b9457c1b78d?s=96&d=monsterid&r=g\",\"caption\":\"Teodora Stroe\"},\"url\":\"https:\\\/\\\/buletin.de\\\/bucuresti\\\/author\\\/simonacarlugea\\\/\"}]}<\/script>\n<!-- \/ Yoast SEO Premium plugin. -->","yoast_head_json":{"title":"Dezvoltator imobiliar din Sectorul 1, amendat pentru construire f\u0103r\u0103 autoriza\u021bie. Clotilde Armand l-a demis \u0219i pe \u0219eful disciplinei \u00een construc\u021bii - Buletin de Bucure\u0219ti","robots":{"index":"index","follow":"follow","max-snippet":"max-snippet:-1","max-image-preview":"max-image-preview:large","max-video-preview":"max-video-preview:-1"},"canonical":"https:\/\/buletin.de\/bucuresti\/dezvoltator-imobiliar-din-sectorul-1-amendat-pentru-construire-fara-autorizatie-clotilde-armand-l-a-demis-si-pe-seful-disciplinei-in-constructii\/","og_locale":"en_GB","og_type":"article","og_title":"Dezvoltator imobiliar din Sectorul 1, amendat pentru construire f\u0103r\u0103 autoriza\u021bie. Clotilde Armand l-a demis \u0219i pe \u0219eful disciplinei \u00een construc\u021bii","og_description":"Dezvoltatorul imobiliar SC ONIX Residence a fost amendat cu 60.000 de lei \u0219i s-a dispus sistarea lucr\u0103rilor p\u00e2n\u0103 la intrarea \u00een legalitate, a anun\u021bat primarul Sectorului 1, Clotilde Armand, pe pagina sa de Facebook. Este vorba de un complex reziden\u021bial, de 3 blocuri, ce se edific\u0103 pe Drumul Nisipoasa. La c\u0103teva ore dup\u0103 acest anun\u021b, [&hellip;]","og_url":"https:\/\/buletin.de\/bucuresti\/dezvoltator-imobiliar-din-sectorul-1-amendat-pentru-construire-fara-autorizatie-clotilde-armand-l-a-demis-si-pe-seful-disciplinei-in-constructii\/","og_site_name":"Buletin de Bucure\u0219ti","article_publisher":"https:\/\/www.facebook.com\/buletin.de.buc","article_published_time":"2021-05-14T13:28:28+00:00","article_modified_time":"2021-05-14T13:49:49+00:00","og_image":[{"width":900,"height":426,"url":"https:\/\/buletin.de\/bucuresti\/wp-content\/uploads\/image-681-900x426.png","type":"image\/png"}],"author":"Teodora Stroe","twitter_card":"summary_large_image","twitter_misc":{"Written by":"Teodora Stroe","Estimated reading time":"3 minutes"},"schema":{"@context":"https:\/\/schema.org","@graph":[{"@type":"Article","@id":"https:\/\/buletin.de\/bucuresti\/dezvoltator-imobiliar-din-sectorul-1-amendat-pentru-construire-fara-autorizatie-clotilde-armand-l-a-demis-si-pe-seful-disciplinei-in-constructii\/#article","isPartOf":{"@id":"https:\/\/buletin.de\/bucuresti\/dezvoltator-imobiliar-din-sectorul-1-amendat-pentru-construire-fara-autorizatie-clotilde-armand-l-a-demis-si-pe-seful-disciplinei-in-constructii\/"},"author":{"name":"Teodora Stroe","@id":"https:\/\/buletin.de\/bucuresti\/#\/schema\/person\/d369d7ddc775abece205795e0b804614"},"headline":"Dezvoltator imobiliar din Sectorul 1, amendat pentru construire f\u0103r\u0103 autoriza\u021bie. Clotilde Armand l-a demis \u0219i pe \u0219eful disciplinei \u00een construc\u021bii","datePublished":"2021-05-14T13:28:28+00:00","dateModified":"2021-05-14T13:49:49+00:00","mainEntityOfPage":{"@id":"https:\/\/buletin.de\/bucuresti\/dezvoltator-imobiliar-din-sectorul-1-amendat-pentru-construire-fara-autorizatie-clotilde-armand-l-a-demis-si-pe-seful-disciplinei-in-constructii\/"},"wordCount":512,"publisher":{"@id":"https:\/\/buletin.de\/bucuresti\/#organization"},"image":{"@id":"https:\/\/buletin.de\/bucuresti\/dezvoltator-imobiliar-din-sectorul-1-amendat-pentru-construire-fara-autorizatie-clotilde-armand-l-a-demis-si-pe-seful-disciplinei-in-constructii\/#primaryimage"},"thumbnailUrl":"https:\/\/buletin.de\/bucuresti\/wp-content\/uploads\/image-681.png","keywords":["amenzi","disciplina in constructii","onix residence"],"articleSection":["Diverse","Prim\u0103rie","\u0218tiri"],"inLanguage":"en-GB","copyrightYear":"2021","copyrightHolder":{"@id":"https:\/\/buletin.de\/bucuresti\/#organization"}},{"@type":"WebPage","@id":"https:\/\/buletin.de\/bucuresti\/dezvoltator-imobiliar-din-sectorul-1-amendat-pentru-construire-fara-autorizatie-clotilde-armand-l-a-demis-si-pe-seful-disciplinei-in-constructii\/","url":"https:\/\/buletin.de\/bucuresti\/dezvoltator-imobiliar-din-sectorul-1-amendat-pentru-construire-fara-autorizatie-clotilde-armand-l-a-demis-si-pe-seful-disciplinei-in-constructii\/","name":"Dezvoltator imobiliar din Sectorul 1, amendat pentru construire f\u0103r\u0103 autoriza\u021bie. Clotilde Armand l-a demis \u0219i pe \u0219eful disciplinei \u00een construc\u021bii - Buletin de Bucure\u0219ti","isPartOf":{"@id":"https:\/\/buletin.de\/bucuresti\/#website"},"primaryImageOfPage":{"@id":"https:\/\/buletin.de\/bucuresti\/dezvoltator-imobiliar-din-sectorul-1-amendat-pentru-construire-fara-autorizatie-clotilde-armand-l-a-demis-si-pe-seful-disciplinei-in-constructii\/#primaryimage"},"image":{"@id":"https:\/\/buletin.de\/bucuresti\/dezvoltator-imobiliar-din-sectorul-1-amendat-pentru-construire-fara-autorizatie-clotilde-armand-l-a-demis-si-pe-seful-disciplinei-in-constructii\/#primaryimage"},"thumbnailUrl":"https:\/\/buletin.de\/bucuresti\/wp-content\/uploads\/image-681.png","datePublished":"2021-05-14T13:28:28+00:00","dateModified":"2021-05-14T13:49:49+00:00","breadcrumb":{"@id":"https:\/\/buletin.de\/bucuresti\/dezvoltator-imobiliar-din-sectorul-1-amendat-pentru-construire-fara-autorizatie-clotilde-armand-l-a-demis-si-pe-seful-disciplinei-in-constructii\/#breadcrumb"},"inLanguage":"en-GB","potentialAction":[{"@type":"ReadAction","target":["https:\/\/buletin.de\/bucuresti\/dezvoltator-imobiliar-din-sectorul-1-amendat-pentru-construire-fara-autorizatie-clotilde-armand-l-a-demis-si-pe-seful-disciplinei-in-constructii\/"]}]},{"@type":"ImageObject","inLanguage":"en-GB","@id":"https:\/\/buletin.de\/bucuresti\/dezvoltator-imobiliar-din-sectorul-1-amendat-pentru-construire-fara-autorizatie-clotilde-armand-l-a-demis-si-pe-seful-disciplinei-in-constructii\/#primaryimage","url":"https:\/\/buletin.de\/bucuresti\/wp-content\/uploads\/image-681.png","contentUrl":"https:\/\/buletin.de\/bucuresti\/wp-content\/uploads\/image-681.png","width":1600,"height":758},{"@type":"BreadcrumbList","@id":"https:\/\/buletin.de\/bucuresti\/dezvoltator-imobiliar-din-sectorul-1-amendat-pentru-construire-fara-autorizatie-clotilde-armand-l-a-demis-si-pe-seful-disciplinei-in-constructii\/#breadcrumb","itemListElement":[{"@type":"ListItem","position":1,"name":"Acas\u0103","item":"https:\/\/buletin.de\/bucuresti\/"},{"@type":"ListItem","position":2,"name":"Dezvoltator imobiliar din Sectorul 1, amendat pentru construire f\u0103r\u0103 autoriza\u021bie. Clotilde Armand l-a demis \u0219i pe \u0219eful disciplinei \u00een construc\u021bii"}]},{"@type":"WebSite","@id":"https:\/\/buletin.de\/bucuresti\/#website","url":"https:\/\/buletin.de\/bucuresti\/","name":"Buletin de Bucure\u0219ti","description":"\u0218tiri \u0219i investiga\u021bii esen\u021biale din capital\u0103","publisher":{"@id":"https:\/\/buletin.de\/bucuresti\/#organization"},"potentialAction":[{"@type":"SearchAction","target":{"@type":"EntryPoint","urlTemplate":"https:\/\/buletin.de\/bucuresti\/?s={search_term_string}"},"query-input":{"@type":"PropertyValueSpecification","valueRequired":true,"valueName":"search_term_string"}}],"inLanguage":"en-GB"},{"@type":"Organization","@id":"https:\/\/buletin.de\/bucuresti\/#organization","name":"Buletin de Bucure\u0219ti","url":"https:\/\/buletin.de\/bucuresti\/","logo":{"@type":"ImageObject","inLanguage":"en-GB","@id":"https:\/\/buletin.de\/bucuresti\/#\/schema\/logo\/image\/","url":"https:\/\/buletin.de\/bucuresti\/wp-content\/uploads\/logo-bdb-full-wide-vernil-transparent.png","contentUrl":"https:\/\/buletin.de\/bucuresti\/wp-content\/uploads\/logo-bdb-full-wide-vernil-transparent.png","width":1782,"height":626,"caption":"Buletin de Bucure\u0219ti"},"image":{"@id":"https:\/\/buletin.de\/bucuresti\/#\/schema\/logo\/image\/"},"sameAs":["https:\/\/www.facebook.com\/buletin.de.buc","https:\/\/www.instagram.com\/buletinde.bucuresti\/"]},{"@type":"Person","@id":"https:\/\/buletin.de\/bucuresti\/#\/schema\/person\/d369d7ddc775abece205795e0b804614","name":"Teodora Stroe","image":{"@type":"ImageObject","inLanguage":"en-GB","@id":"https:\/\/secure.gravatar.com\/avatar\/2560b4cd9f5f1bc100b123158e657d75584bd1c3e1d9c69285720b9457c1b78d?s=96&d=monsterid&r=gc104800242ba5f2d78dd5d7dc4df08b6","url":"https:\/\/secure.gravatar.com\/avatar\/2560b4cd9f5f1bc100b123158e657d75584bd1c3e1d9c69285720b9457c1b78d?s=96&d=monsterid&r=g","contentUrl":"https:\/\/secure.gravatar.com\/avatar\/2560b4cd9f5f1bc100b123158e657d75584bd1c3e1d9c69285720b9457c1b78d?s=96&d=monsterid&r=g","caption":"Teodora Stroe"},"url":"https:\/\/buletin.de\/bucuresti\/author\/simonacarlugea\/"}]}},"authors":[{"term_id":22579,"user_id":18,"is_guest":0,"slug":"simonacarlugea","display_name":"Teodora Stroe","avatar_url":"https:\/\/secure.gravatar.com\/avatar\/2560b4cd9f5f1bc100b123158e657d75584bd1c3e1d9c69285720b9457c1b78d?s=96&d=monsterid&r=g","0":null,"1":"","2":"","3":"","4":"","5":"","6":"","7":"","8":""}],"_links":{"self":[{"href":"https:\/\/buletin.de\/bucuresti\/wp-json\/wp\/v2\/posts\/24643","targetHints":{"allow":["GET"]}}],"collection":[{"href":"https:\/\/buletin.de\/bucuresti\/wp-json\/wp\/v2\/posts"}],"about":[{"href":"https:\/\/buletin.de\/bucuresti\/wp-json\/wp\/v2\/types\/post"}],"author":[{"embeddable":true,"href":"https:\/\/buletin.de\/bucuresti\/wp-json\/wp\/v2\/users\/18"}],"replies":[{"embeddable":true,"href":"https:\/\/buletin.de\/bucuresti\/wp-json\/wp\/v2\/comments?post=24643"}],"version-history":[{"count":8,"href":"https:\/\/buletin.de\/bucuresti\/wp-json\/wp\/v2\/posts\/24643\/revisions"}],"predecessor-version":[{"id":24683,"href":"https:\/\/buletin.de\/bucuresti\/wp-json\/wp\/v2\/posts\/24643\/revisions\/24683"}],"wp:featuredmedia":[{"embeddable":true,"href":"https:\/\/buletin.de\/bucuresti\/wp-json\/wp\/v2\/media\/24659"}],"wp:attachment":[{"href":"https:\/\/buletin.de\/bucuresti\/wp-json\/wp\/v2\/media?parent=24643"}],"wp:term":[{"taxonomy":"category","embeddable":true,"href":"https:\/\/buletin.de\/bucuresti\/wp-json\/wp\/v2\/categories?post=24643"},{"taxonomy":"post_tag","embeddable":true,"href":"https:\/\/buletin.de\/bucuresti\/wp-json\/wp\/v2\/tags?post=24643"},{"taxonomy":"author","embeddable":true,"href":"https:\/\/buletin.de\/bucuresti\/wp-json\/wp\/v2\/ppma_author?post=24643"}],"curies":[{"name":"wp","href":"https:\/\/api.w.org\/{rel}","templated":true}]}}