{"id":24627,"date":"2021-05-14T16:55:49","date_gmt":"2021-05-14T13:55:49","guid":{"rendered":"https:\/\/buletin.de\/bucuresti\/?p=24627"},"modified":"2021-05-14T16:55:50","modified_gmt":"2021-05-14T13:55:50","slug":"spitalul-colentina-isi-deschide-portile-si-pentru-pacientii-non-covid","status":"publish","type":"post","link":"https:\/\/buletin.de\/bucuresti\/spitalul-colentina-isi-deschide-portile-si-pentru-pacientii-non-covid\/","title":{"rendered":"Spitalul Colentina \u00ee\u0219i deschide por\u021bile \u0219i pentru pacien\u021bii non-Covid"},"content":{"rendered":"\n<p><strong>Spitalul Clinic Colentina a anun\u021bat, ast\u0103zi, c\u0103 a ob\u021binut  un aviz temporar de func\u021bionare mixt\u0103, din partea Direc\u021biei de S\u0103n\u0103tate Public\u0103 Bucure\u0219ti. Data exact\u0103 de redeschidere \u0219i pentru pacien\u021bii non-Covid va fi anun\u021bat\u0103 \u00een cursul s\u0103pt\u0103m\u00e2nii viitoare. <\/strong><\/p>\n\n\n\n<figure class=\"wp-block-image size-large\"><a href=\"https:\/\/buletin.de\/bucuresti\/wp-content\/uploads\/186457262_966839737421950_4110532303597120785_n.jpg\"><img fetchpriority=\"high\" decoding=\"async\" width=\"810\" height=\"900\" src=\"data:image\/gif;base64,R0lGODlhAQABAAAAACH5BAEKAAEALAAAAAABAAEAAAICTAEAOw==\" data-src=\"https:\/\/buletin.de\/bucuresti\/wp-content\/uploads\/186457262_966839737421950_4110532303597120785_n-810x900.jpg\" alt=\"\" class=\"wp-image-24628 lazyload\" data-sizes=\"auto\" data-srcset=\"https:\/\/buletin.de\/bucuresti\/wp-content\/uploads\/186457262_966839737421950_4110532303597120785_n-810x900.jpg 810w, https:\/\/buletin.de\/bucuresti\/wp-content\/uploads\/186457262_966839737421950_4110532303597120785_n-270x300.jpg 270w, https:\/\/buletin.de\/bucuresti\/wp-content\/uploads\/186457262_966839737421950_4110532303597120785_n-768x853.jpg 768w, https:\/\/buletin.de\/bucuresti\/wp-content\/uploads\/186457262_966839737421950_4110532303597120785_n-550x611.jpg 550w, https:\/\/buletin.de\/bucuresti\/wp-content\/uploads\/186457262_966839737421950_4110532303597120785_n-450x500.jpg 450w, https:\/\/buletin.de\/bucuresti\/wp-content\/uploads\/186457262_966839737421950_4110532303597120785_n-600x667.jpg 600w, https:\/\/buletin.de\/bucuresti\/wp-content\/uploads\/186457262_966839737421950_4110532303597120785_n.jpg 864w\" sizes=\"(max-width: 810px) 100vw, 810px\" \/><\/a><figcaption>Surs\u0103 Foto: Facebook\/Spitalul Colentina <\/figcaption><\/figure>\n\n\n\n<p>De asemenea, vor exista circuite separate pentru pacien\u021bii blonavi de Covid-19 \u0219i pentru cei non-covid, a\u0219a cum prev\u0103d normele sanitare \u00een vigoare. <\/p>\n\n\n\n<p>\u00cencep\u00e2nd din data de 16 martie 2020, Spitalul Clinic Colentina a fost desemnat spital-suport COVID \u015fi a func\u0163ionat la capacitate maxim\u0103, cu paturi \u00een regim de spitalizare continu\u0103.<\/p>\n\n\n\n<p>Surs\u0103 Foto: Arhiva Buletin de Bucure\u0219ti <\/p>\n","protected":false},"excerpt":{"rendered":"<p>Spitalul Clinic Colentina a anun\u021bat, ast\u0103zi, c\u0103 a ob\u021binut un aviz temporar de func\u021bionare mixt\u0103, din partea Direc\u021biei de S\u0103n\u0103tate Public\u0103 Bucure\u0219ti. Data exact\u0103 de redeschidere \u0219i pentru pacien\u021bii non-Covid va fi anun\u021bat\u0103 \u00een cursul s\u0103pt\u0103m\u00e2nii viitoare. De asemenea, vor exista circuite separate pentru pacien\u021bii blonavi de Covid-19 \u0219i pentru cei non-covid, a\u0219a cum prev\u0103d [&hellip;]<\/p>\n","protected":false},"author":17,"featured_media":396,"comment_status":"closed","ping_status":"open","sticky":false,"template":"","format":"standard","meta":{"_acf_changed":false,"inline_featured_image":false,"ngg_post_thumbnail":0,"footnotes":""},"categories":[62],"tags":[2737,2736],"ppma_author":[22576],"class_list":["post-24627","post","type-post","status-publish","format-standard","has-post-thumbnail","hentry","category-stiri","tag-non-covid","tag-spitalul-cole"],"acf":[],"yoast_head":"<!-- This site is optimized with the Yoast SEO Premium plugin v25.3 (Yoast SEO v27.5) - https:\/\/yoast.com\/product\/yoast-seo-premium-wordpress\/ -->\n<title>Spitalul Colentina \u00ee\u0219i deschide por\u021bile \u0219i pentru pacien\u021bii non-Covid - Buletin de Bucure\u0219ti<\/title>\n<meta name=\"robots\" content=\"index, follow, max-snippet:-1, max-image-preview:large, max-video-preview:-1\" \/>\n<link rel=\"canonical\" href=\"https:\/\/buletin.de\/bucuresti\/spitalul-colentina-isi-deschide-portile-si-pentru-pacientii-non-covid\/\" \/>\n<meta property=\"og:locale\" content=\"en_GB\" \/>\n<meta property=\"og:type\" content=\"article\" \/>\n<meta property=\"og:title\" content=\"Spitalul Colentina \u00ee\u0219i deschide por\u021bile \u0219i pentru pacien\u021bii non-Covid\" \/>\n<meta property=\"og:description\" content=\"Spitalul Clinic Colentina a anun\u021bat, ast\u0103zi, c\u0103 a ob\u021binut un aviz temporar de func\u021bionare mixt\u0103, din partea Direc\u021biei de S\u0103n\u0103tate Public\u0103 Bucure\u0219ti. Data exact\u0103 de redeschidere \u0219i pentru pacien\u021bii non-Covid va fi anun\u021bat\u0103 \u00een cursul s\u0103pt\u0103m\u00e2nii viitoare. De asemenea, vor exista circuite separate pentru pacien\u021bii blonavi de Covid-19 \u0219i pentru cei non-covid, a\u0219a cum prev\u0103d [&hellip;]\" \/>\n<meta property=\"og:url\" content=\"https:\/\/buletin.de\/bucuresti\/spitalul-colentina-isi-deschide-portile-si-pentru-pacientii-non-covid\/\" \/>\n<meta property=\"og:site_name\" content=\"Buletin de Bucure\u0219ti\" \/>\n<meta property=\"article:publisher\" content=\"https:\/\/www.facebook.com\/buletin.de.buc\" \/>\n<meta property=\"article:published_time\" content=\"2021-05-14T13:55:49+00:00\" \/>\n<meta property=\"article:modified_time\" content=\"2021-05-14T13:55:50+00:00\" \/>\n<meta property=\"og:image\" content=\"https:\/\/buletin.de\/bucuresti\/wp-content\/uploads\/banii-de-sub-salteaua-patului-de-spital-cover-scaled.jpg\" \/>\n\t<meta property=\"og:image:width\" content=\"2560\" \/>\n\t<meta property=\"og:image:height\" content=\"1707\" \/>\n\t<meta property=\"og:image:type\" content=\"image\/jpeg\" \/>\n<meta name=\"author\" content=\"Florin R\u00e2\u0219teiu\" \/>\n<meta name=\"twitter:card\" content=\"summary_large_image\" \/>\n<meta name=\"twitter:label1\" content=\"Written by\" \/>\n\t<meta name=\"twitter:data1\" content=\"Florin R\u00e2\u0219teiu\" \/>\n\t<meta name=\"twitter:label2\" content=\"Estimated reading time\" \/>\n\t<meta name=\"twitter:data2\" content=\"1 minute\" \/>\n<script type=\"application\/ld+json\" class=\"yoast-schema-graph\">{\"@context\":\"https:\\\/\\\/schema.org\",\"@graph\":[{\"@type\":\"Article\",\"@id\":\"https:\\\/\\\/buletin.de\\\/bucuresti\\\/spitalul-colentina-isi-deschide-portile-si-pentru-pacientii-non-covid\\\/#article\",\"isPartOf\":{\"@id\":\"https:\\\/\\\/buletin.de\\\/bucuresti\\\/spitalul-colentina-isi-deschide-portile-si-pentru-pacientii-non-covid\\\/\"},\"author\":{\"name\":\"Florin R\u00e2\u0219teiu\",\"@id\":\"https:\\\/\\\/buletin.de\\\/bucuresti\\\/#\\\/schema\\\/person\\\/b0686d7a8b666c6afc78239777fd8a89\"},\"headline\":\"Spitalul Colentina \u00ee\u0219i deschide por\u021bile \u0219i pentru pacien\u021bii non-Covid\",\"datePublished\":\"2021-05-14T13:55:49+00:00\",\"dateModified\":\"2021-05-14T13:55:50+00:00\",\"mainEntityOfPage\":{\"@id\":\"https:\\\/\\\/buletin.de\\\/bucuresti\\\/spitalul-colentina-isi-deschide-portile-si-pentru-pacientii-non-covid\\\/\"},\"wordCount\":126,\"publisher\":{\"@id\":\"https:\\\/\\\/buletin.de\\\/bucuresti\\\/#organization\"},\"image\":{\"@id\":\"https:\\\/\\\/buletin.de\\\/bucuresti\\\/spitalul-colentina-isi-deschide-portile-si-pentru-pacientii-non-covid\\\/#primaryimage\"},\"thumbnailUrl\":\"https:\\\/\\\/buletin.de\\\/bucuresti\\\/wp-content\\\/uploads\\\/banii-de-sub-salteaua-patului-de-spital-cover-scaled.jpg\",\"keywords\":[\"non-covid\",\"Spitalul Cole\"],\"articleSection\":[\"\u0218tiri\"],\"inLanguage\":\"en-GB\",\"copyrightYear\":\"2021\",\"copyrightHolder\":{\"@id\":\"https:\\\/\\\/buletin.de\\\/bucuresti\\\/#organization\"}},{\"@type\":\"WebPage\",\"@id\":\"https:\\\/\\\/buletin.de\\\/bucuresti\\\/spitalul-colentina-isi-deschide-portile-si-pentru-pacientii-non-covid\\\/\",\"url\":\"https:\\\/\\\/buletin.de\\\/bucuresti\\\/spitalul-colentina-isi-deschide-portile-si-pentru-pacientii-non-covid\\\/\",\"name\":\"Spitalul Colentina \u00ee\u0219i deschide por\u021bile \u0219i pentru pacien\u021bii non-Covid - Buletin de Bucure\u0219ti\",\"isPartOf\":{\"@id\":\"https:\\\/\\\/buletin.de\\\/bucuresti\\\/#website\"},\"primaryImageOfPage\":{\"@id\":\"https:\\\/\\\/buletin.de\\\/bucuresti\\\/spitalul-colentina-isi-deschide-portile-si-pentru-pacientii-non-covid\\\/#primaryimage\"},\"image\":{\"@id\":\"https:\\\/\\\/buletin.de\\\/bucuresti\\\/spitalul-colentina-isi-deschide-portile-si-pentru-pacientii-non-covid\\\/#primaryimage\"},\"thumbnailUrl\":\"https:\\\/\\\/buletin.de\\\/bucuresti\\\/wp-content\\\/uploads\\\/banii-de-sub-salteaua-patului-de-spital-cover-scaled.jpg\",\"datePublished\":\"2021-05-14T13:55:49+00:00\",\"dateModified\":\"2021-05-14T13:55:50+00:00\",\"breadcrumb\":{\"@id\":\"https:\\\/\\\/buletin.de\\\/bucuresti\\\/spitalul-colentina-isi-deschide-portile-si-pentru-pacientii-non-covid\\\/#breadcrumb\"},\"inLanguage\":\"en-GB\",\"potentialAction\":[{\"@type\":\"ReadAction\",\"target\":[\"https:\\\/\\\/buletin.de\\\/bucuresti\\\/spitalul-colentina-isi-deschide-portile-si-pentru-pacientii-non-covid\\\/\"]}]},{\"@type\":\"ImageObject\",\"inLanguage\":\"en-GB\",\"@id\":\"https:\\\/\\\/buletin.de\\\/bucuresti\\\/spitalul-colentina-isi-deschide-portile-si-pentru-pacientii-non-covid\\\/#primaryimage\",\"url\":\"https:\\\/\\\/buletin.de\\\/bucuresti\\\/wp-content\\\/uploads\\\/banii-de-sub-salteaua-patului-de-spital-cover-scaled.jpg\",\"contentUrl\":\"https:\\\/\\\/buletin.de\\\/bucuresti\\\/wp-content\\\/uploads\\\/banii-de-sub-salteaua-patului-de-spital-cover-scaled.jpg\",\"width\":2560,\"height\":1707,\"caption\":\"Primarul general al Capitalei, Gabriela Firea, \u015fi ministrul S\u0103n\u0103t\u0103\u0163ii, Florian Bodog, inaugureaz\u0103 noul Spital de Ortopedie, Traumatologie \u015fi TBC Osteoarticular Foi\u015for, \u00een Bucure\u0219ti, luni 18 decembrie 2017. Inquam Photos \\\/ George Calin\"},{\"@type\":\"BreadcrumbList\",\"@id\":\"https:\\\/\\\/buletin.de\\\/bucuresti\\\/spitalul-colentina-isi-deschide-portile-si-pentru-pacientii-non-covid\\\/#breadcrumb\",\"itemListElement\":[{\"@type\":\"ListItem\",\"position\":1,\"name\":\"Acas\u0103\",\"item\":\"https:\\\/\\\/buletin.de\\\/bucuresti\\\/\"},{\"@type\":\"ListItem\",\"position\":2,\"name\":\"Spitalul Colentina \u00ee\u0219i deschide por\u021bile \u0219i pentru pacien\u021bii non-Covid\"}]},{\"@type\":\"WebSite\",\"@id\":\"https:\\\/\\\/buletin.de\\\/bucuresti\\\/#website\",\"url\":\"https:\\\/\\\/buletin.de\\\/bucuresti\\\/\",\"name\":\"Buletin de Bucure\u0219ti\",\"description\":\"\u0218tiri \u0219i investiga\u021bii esen\u021biale din capital\u0103\",\"publisher\":{\"@id\":\"https:\\\/\\\/buletin.de\\\/bucuresti\\\/#organization\"},\"potentialAction\":[{\"@type\":\"SearchAction\",\"target\":{\"@type\":\"EntryPoint\",\"urlTemplate\":\"https:\\\/\\\/buletin.de\\\/bucuresti\\\/?s={search_term_string}\"},\"query-input\":{\"@type\":\"PropertyValueSpecification\",\"valueRequired\":true,\"valueName\":\"search_term_string\"}}],\"inLanguage\":\"en-GB\"},{\"@type\":\"Organization\",\"@id\":\"https:\\\/\\\/buletin.de\\\/bucuresti\\\/#organization\",\"name\":\"Buletin de Bucure\u0219ti\",\"url\":\"https:\\\/\\\/buletin.de\\\/bucuresti\\\/\",\"logo\":{\"@type\":\"ImageObject\",\"inLanguage\":\"en-GB\",\"@id\":\"https:\\\/\\\/buletin.de\\\/bucuresti\\\/#\\\/schema\\\/logo\\\/image\\\/\",\"url\":\"https:\\\/\\\/buletin.de\\\/bucuresti\\\/wp-content\\\/uploads\\\/logo-bdb-full-wide-vernil-transparent.png\",\"contentUrl\":\"https:\\\/\\\/buletin.de\\\/bucuresti\\\/wp-content\\\/uploads\\\/logo-bdb-full-wide-vernil-transparent.png\",\"width\":1782,\"height\":626,\"caption\":\"Buletin de Bucure\u0219ti\"},\"image\":{\"@id\":\"https:\\\/\\\/buletin.de\\\/bucuresti\\\/#\\\/schema\\\/logo\\\/image\\\/\"},\"sameAs\":[\"https:\\\/\\\/www.facebook.com\\\/buletin.de.buc\",\"https:\\\/\\\/www.instagram.com\\\/buletinde.bucuresti\\\/\"]},{\"@type\":\"Person\",\"@id\":\"https:\\\/\\\/buletin.de\\\/bucuresti\\\/#\\\/schema\\\/person\\\/b0686d7a8b666c6afc78239777fd8a89\",\"name\":\"Florin R\u00e2\u0219teiu\",\"image\":{\"@type\":\"ImageObject\",\"inLanguage\":\"en-GB\",\"@id\":\"https:\\\/\\\/buletin.de\\\/bucuresti\\\/wp-content\\\/uploads\\\/Florin-Rasteiu-96x96.jpgf0a6fe28453aa12f0a60e4d0a2e3a78c\",\"url\":\"https:\\\/\\\/buletin.de\\\/bucuresti\\\/wp-content\\\/uploads\\\/Florin-Rasteiu-96x96.jpg\",\"contentUrl\":\"https:\\\/\\\/buletin.de\\\/bucuresti\\\/wp-content\\\/uploads\\\/Florin-Rasteiu-96x96.jpg\",\"caption\":\"Florin R\u00e2\u0219teiu\"},\"description\":\"Jurnalist de investiga\u021bie. Lucreaz\u0103 de aproape 6 ani la Buletin de Bucure\u0219ti, unde a publicat articole care scot la suprafa\u021b\u0103 corup\u021bia din Capital\u0103. Analizeaz\u0103 baze de date zilnic \u0219i scoate pove\u0219ti din exceluri pline de cifre. Pune reflectorul pe adev\u0103r cu fiecare ocazie. A c\u00e2\u0219tigat premiul I la categoria Pres\u0103 Local\u0103 \u00een 2025 \u0219i locul al II-lea la aceea\u0219i categorie \u00een 2024 \u00een cadrul Premiilor Superscrieri pentru jurnalism independent.\",\"url\":\"https:\\\/\\\/buletin.de\\\/bucuresti\\\/author\\\/florinrasteiu\\\/\"}]}<\/script>\n<!-- \/ Yoast SEO Premium plugin. -->","yoast_head_json":{"title":"Spitalul Colentina \u00ee\u0219i deschide por\u021bile \u0219i pentru pacien\u021bii non-Covid - Buletin de Bucure\u0219ti","robots":{"index":"index","follow":"follow","max-snippet":"max-snippet:-1","max-image-preview":"max-image-preview:large","max-video-preview":"max-video-preview:-1"},"canonical":"https:\/\/buletin.de\/bucuresti\/spitalul-colentina-isi-deschide-portile-si-pentru-pacientii-non-covid\/","og_locale":"en_GB","og_type":"article","og_title":"Spitalul Colentina \u00ee\u0219i deschide por\u021bile \u0219i pentru pacien\u021bii non-Covid","og_description":"Spitalul Clinic Colentina a anun\u021bat, ast\u0103zi, c\u0103 a ob\u021binut un aviz temporar de func\u021bionare mixt\u0103, din partea Direc\u021biei de S\u0103n\u0103tate Public\u0103 Bucure\u0219ti. Data exact\u0103 de redeschidere \u0219i pentru pacien\u021bii non-Covid va fi anun\u021bat\u0103 \u00een cursul s\u0103pt\u0103m\u00e2nii viitoare. De asemenea, vor exista circuite separate pentru pacien\u021bii blonavi de Covid-19 \u0219i pentru cei non-covid, a\u0219a cum prev\u0103d [&hellip;]","og_url":"https:\/\/buletin.de\/bucuresti\/spitalul-colentina-isi-deschide-portile-si-pentru-pacientii-non-covid\/","og_site_name":"Buletin de Bucure\u0219ti","article_publisher":"https:\/\/www.facebook.com\/buletin.de.buc","article_published_time":"2021-05-14T13:55:49+00:00","article_modified_time":"2021-05-14T13:55:50+00:00","og_image":[{"width":2560,"height":1707,"url":"https:\/\/buletin.de\/bucuresti\/wp-content\/uploads\/banii-de-sub-salteaua-patului-de-spital-cover-scaled.jpg","type":"image\/jpeg"}],"author":"Florin R\u00e2\u0219teiu","twitter_card":"summary_large_image","twitter_misc":{"Written by":"Florin R\u00e2\u0219teiu","Estimated reading time":"1 minute"},"schema":{"@context":"https:\/\/schema.org","@graph":[{"@type":"Article","@id":"https:\/\/buletin.de\/bucuresti\/spitalul-colentina-isi-deschide-portile-si-pentru-pacientii-non-covid\/#article","isPartOf":{"@id":"https:\/\/buletin.de\/bucuresti\/spitalul-colentina-isi-deschide-portile-si-pentru-pacientii-non-covid\/"},"author":{"name":"Florin R\u00e2\u0219teiu","@id":"https:\/\/buletin.de\/bucuresti\/#\/schema\/person\/b0686d7a8b666c6afc78239777fd8a89"},"headline":"Spitalul Colentina \u00ee\u0219i deschide por\u021bile \u0219i pentru pacien\u021bii non-Covid","datePublished":"2021-05-14T13:55:49+00:00","dateModified":"2021-05-14T13:55:50+00:00","mainEntityOfPage":{"@id":"https:\/\/buletin.de\/bucuresti\/spitalul-colentina-isi-deschide-portile-si-pentru-pacientii-non-covid\/"},"wordCount":126,"publisher":{"@id":"https:\/\/buletin.de\/bucuresti\/#organization"},"image":{"@id":"https:\/\/buletin.de\/bucuresti\/spitalul-colentina-isi-deschide-portile-si-pentru-pacientii-non-covid\/#primaryimage"},"thumbnailUrl":"https:\/\/buletin.de\/bucuresti\/wp-content\/uploads\/banii-de-sub-salteaua-patului-de-spital-cover-scaled.jpg","keywords":["non-covid","Spitalul Cole"],"articleSection":["\u0218tiri"],"inLanguage":"en-GB","copyrightYear":"2021","copyrightHolder":{"@id":"https:\/\/buletin.de\/bucuresti\/#organization"}},{"@type":"WebPage","@id":"https:\/\/buletin.de\/bucuresti\/spitalul-colentina-isi-deschide-portile-si-pentru-pacientii-non-covid\/","url":"https:\/\/buletin.de\/bucuresti\/spitalul-colentina-isi-deschide-portile-si-pentru-pacientii-non-covid\/","name":"Spitalul Colentina \u00ee\u0219i deschide por\u021bile \u0219i pentru pacien\u021bii non-Covid - Buletin de Bucure\u0219ti","isPartOf":{"@id":"https:\/\/buletin.de\/bucuresti\/#website"},"primaryImageOfPage":{"@id":"https:\/\/buletin.de\/bucuresti\/spitalul-colentina-isi-deschide-portile-si-pentru-pacientii-non-covid\/#primaryimage"},"image":{"@id":"https:\/\/buletin.de\/bucuresti\/spitalul-colentina-isi-deschide-portile-si-pentru-pacientii-non-covid\/#primaryimage"},"thumbnailUrl":"https:\/\/buletin.de\/bucuresti\/wp-content\/uploads\/banii-de-sub-salteaua-patului-de-spital-cover-scaled.jpg","datePublished":"2021-05-14T13:55:49+00:00","dateModified":"2021-05-14T13:55:50+00:00","breadcrumb":{"@id":"https:\/\/buletin.de\/bucuresti\/spitalul-colentina-isi-deschide-portile-si-pentru-pacientii-non-covid\/#breadcrumb"},"inLanguage":"en-GB","potentialAction":[{"@type":"ReadAction","target":["https:\/\/buletin.de\/bucuresti\/spitalul-colentina-isi-deschide-portile-si-pentru-pacientii-non-covid\/"]}]},{"@type":"ImageObject","inLanguage":"en-GB","@id":"https:\/\/buletin.de\/bucuresti\/spitalul-colentina-isi-deschide-portile-si-pentru-pacientii-non-covid\/#primaryimage","url":"https:\/\/buletin.de\/bucuresti\/wp-content\/uploads\/banii-de-sub-salteaua-patului-de-spital-cover-scaled.jpg","contentUrl":"https:\/\/buletin.de\/bucuresti\/wp-content\/uploads\/banii-de-sub-salteaua-patului-de-spital-cover-scaled.jpg","width":2560,"height":1707,"caption":"Primarul general al Capitalei, Gabriela Firea, \u015fi ministrul S\u0103n\u0103t\u0103\u0163ii, Florian Bodog, inaugureaz\u0103 noul Spital de Ortopedie, Traumatologie \u015fi TBC Osteoarticular Foi\u015for, \u00een Bucure\u0219ti, luni 18 decembrie 2017. Inquam Photos \/ George Calin"},{"@type":"BreadcrumbList","@id":"https:\/\/buletin.de\/bucuresti\/spitalul-colentina-isi-deschide-portile-si-pentru-pacientii-non-covid\/#breadcrumb","itemListElement":[{"@type":"ListItem","position":1,"name":"Acas\u0103","item":"https:\/\/buletin.de\/bucuresti\/"},{"@type":"ListItem","position":2,"name":"Spitalul Colentina \u00ee\u0219i deschide por\u021bile \u0219i pentru pacien\u021bii non-Covid"}]},{"@type":"WebSite","@id":"https:\/\/buletin.de\/bucuresti\/#website","url":"https:\/\/buletin.de\/bucuresti\/","name":"Buletin de Bucure\u0219ti","description":"\u0218tiri \u0219i investiga\u021bii esen\u021biale din capital\u0103","publisher":{"@id":"https:\/\/buletin.de\/bucuresti\/#organization"},"potentialAction":[{"@type":"SearchAction","target":{"@type":"EntryPoint","urlTemplate":"https:\/\/buletin.de\/bucuresti\/?s={search_term_string}"},"query-input":{"@type":"PropertyValueSpecification","valueRequired":true,"valueName":"search_term_string"}}],"inLanguage":"en-GB"},{"@type":"Organization","@id":"https:\/\/buletin.de\/bucuresti\/#organization","name":"Buletin de Bucure\u0219ti","url":"https:\/\/buletin.de\/bucuresti\/","logo":{"@type":"ImageObject","inLanguage":"en-GB","@id":"https:\/\/buletin.de\/bucuresti\/#\/schema\/logo\/image\/","url":"https:\/\/buletin.de\/bucuresti\/wp-content\/uploads\/logo-bdb-full-wide-vernil-transparent.png","contentUrl":"https:\/\/buletin.de\/bucuresti\/wp-content\/uploads\/logo-bdb-full-wide-vernil-transparent.png","width":1782,"height":626,"caption":"Buletin de Bucure\u0219ti"},"image":{"@id":"https:\/\/buletin.de\/bucuresti\/#\/schema\/logo\/image\/"},"sameAs":["https:\/\/www.facebook.com\/buletin.de.buc","https:\/\/www.instagram.com\/buletinde.bucuresti\/"]},{"@type":"Person","@id":"https:\/\/buletin.de\/bucuresti\/#\/schema\/person\/b0686d7a8b666c6afc78239777fd8a89","name":"Florin R\u00e2\u0219teiu","image":{"@type":"ImageObject","inLanguage":"en-GB","@id":"https:\/\/buletin.de\/bucuresti\/wp-content\/uploads\/Florin-Rasteiu-96x96.jpgf0a6fe28453aa12f0a60e4d0a2e3a78c","url":"https:\/\/buletin.de\/bucuresti\/wp-content\/uploads\/Florin-Rasteiu-96x96.jpg","contentUrl":"https:\/\/buletin.de\/bucuresti\/wp-content\/uploads\/Florin-Rasteiu-96x96.jpg","caption":"Florin R\u00e2\u0219teiu"},"description":"Jurnalist de investiga\u021bie. Lucreaz\u0103 de aproape 6 ani la Buletin de Bucure\u0219ti, unde a publicat articole care scot la suprafa\u021b\u0103 corup\u021bia din Capital\u0103. Analizeaz\u0103 baze de date zilnic \u0219i scoate pove\u0219ti din exceluri pline de cifre. Pune reflectorul pe adev\u0103r cu fiecare ocazie. A c\u00e2\u0219tigat premiul I la categoria Pres\u0103 Local\u0103 \u00een 2025 \u0219i locul al II-lea la aceea\u0219i categorie \u00een 2024 \u00een cadrul Premiilor Superscrieri pentru jurnalism independent.","url":"https:\/\/buletin.de\/bucuresti\/author\/florinrasteiu\/"}]}},"authors":[{"term_id":22576,"user_id":17,"is_guest":0,"slug":"florinrasteiu","display_name":"Florin R\u00e2\u0219teiu","avatar_url":"https:\/\/buletin.de\/bucuresti\/wp-content\/uploads\/Florin-Rasteiu-96x96.jpg","0":null,"1":"","2":"","3":"","4":"","5":"","6":"","7":"","8":""}],"_links":{"self":[{"href":"https:\/\/buletin.de\/bucuresti\/wp-json\/wp\/v2\/posts\/24627","targetHints":{"allow":["GET"]}}],"collection":[{"href":"https:\/\/buletin.de\/bucuresti\/wp-json\/wp\/v2\/posts"}],"about":[{"href":"https:\/\/buletin.de\/bucuresti\/wp-json\/wp\/v2\/types\/post"}],"author":[{"embeddable":true,"href":"https:\/\/buletin.de\/bucuresti\/wp-json\/wp\/v2\/users\/17"}],"replies":[{"embeddable":true,"href":"https:\/\/buletin.de\/bucuresti\/wp-json\/wp\/v2\/comments?post=24627"}],"version-history":[{"count":3,"href":"https:\/\/buletin.de\/bucuresti\/wp-json\/wp\/v2\/posts\/24627\/revisions"}],"predecessor-version":[{"id":24682,"href":"https:\/\/buletin.de\/bucuresti\/wp-json\/wp\/v2\/posts\/24627\/revisions\/24682"}],"wp:featuredmedia":[{"embeddable":true,"href":"https:\/\/buletin.de\/bucuresti\/wp-json\/wp\/v2\/media\/396"}],"wp:attachment":[{"href":"https:\/\/buletin.de\/bucuresti\/wp-json\/wp\/v2\/media?parent=24627"}],"wp:term":[{"taxonomy":"category","embeddable":true,"href":"https:\/\/buletin.de\/bucuresti\/wp-json\/wp\/v2\/categories?post=24627"},{"taxonomy":"post_tag","embeddable":true,"href":"https:\/\/buletin.de\/bucuresti\/wp-json\/wp\/v2\/tags?post=24627"},{"taxonomy":"author","embeddable":true,"href":"https:\/\/buletin.de\/bucuresti\/wp-json\/wp\/v2\/ppma_author?post=24627"}],"curies":[{"name":"wp","href":"https:\/\/api.w.org\/{rel}","templated":true}]}}