{"id":24344,"date":"2021-05-11T13:12:05","date_gmt":"2021-05-11T10:12:05","guid":{"rendered":"https:\/\/buletin.de\/bucuresti\/?p=24344"},"modified":"2021-05-12T10:16:06","modified_gmt":"2021-05-12T07:16:06","slug":"scolala-in-bucuresti-si-ilfov-situatia-la-zi-cu-localitatile-unde-elevii-merg-fizic-la-scoala-2","status":"publish","type":"post","link":"https:\/\/buletin.de\/bucuresti\/scolala-in-bucuresti-si-ilfov-situatia-la-zi-cu-localitatile-unde-elevii-merg-fizic-la-scoala-2\/","title":{"rendered":"\u0218coala \u00een Bucure\u0219ti \u0219i Ilfov.  \u0218itua\u021bia la zi cu localit\u0103\u021bile unde elevii merg fizic la \u0219coal\u0103"},"content":{"rendered":"\n<p>De ast\u0103zi, <strong>11 mai, <\/strong>intr\u0103 \u00een scenariul verde localit\u0103\u021bile <strong>Domne\u0219ti<\/strong> \u0219i<strong> Glina <\/strong>ceea ce \u00eenseamn\u0103 c\u0103 to\u021bi elevii se vor \u00eentoarce \u00een b\u0103nci, indiferent de anul de studiu.<\/p>\n\n\n\n<p>De la ultima comunicare, din partea autorit\u0103\u021bilor, a inciden\u021bei cumulate a cazurilor de COVID-19, nicio localitate din jude\u021bul Ilfov nu a mai dep\u0103\u0219it pragul 1\/1000 de locuitori.<\/p>\n\n\n\n<p><strong>Capitala<\/strong> se men\u021bine \u00een al doilea scenariu, scenariul galben, cu o rat\u0103 a inciden\u021bei de 1,49\/1000 de locuitori.<\/p>\n\n\n\n<p>\u00cen acest moment, \u00een <strong>jude\u021bul Ilfov<\/strong>, \u00een urm\u0103toarele localit\u0103\u021bi elevii fac ore cu prezen\u021b\u0103 fizic\u0103<\/p>\n\n\n\n<ul class=\"wp-block-list\"><li>Buftea (0,68)<\/li><li>Cornetu (0,15)<\/li><li>Dasc\u0103lu (0,66)<\/li><li>D\u0103r\u0103\u0219ti Iflov (0,00)<\/li><li>1 Decembrie (0,59)<\/li><li>Dobroe\u0219ti (0,98)<\/li><li>Domne\u0219ti (1,00)<\/li><li>G\u0103neasa (0,93)<\/li><li>Glina (0,93)<\/li><li>Gr\u0103di\u0219tea (0,96)<\/li><li>Gruiu (0,85)<\/li><li>M\u0103gurele (0,80)<\/li><li>Nuci (0,36)<\/li><li>\u0218tef\u0103ne\u0219tii de Jos (0,49)<\/li><li>Vidra (0,90)<\/li><\/ul>\n\n\n\n<p>\u0218coala a re\u00eenceput miercuri, 5 mai, pentru to\u021bi elevii cu excep\u021bia celor din clasele terminale, \u00eens\u0103 prezen\u021ba fizic\u0103 \u00een clase a elevilor este corelat\u0103 cu rata inciden\u021bei cumulate \u00een ultimele 14 zile a cazurilor de COVID. Astfel, autorit\u0103\u021bile au elaborat dou\u0103 scenarii de func\u021bionare a \u0219coilor.<\/p>\n\n\n\n<p class=\"has-vivid-green-cyan-background-color has-background\"><strong>Scenariul 1<\/strong>: inciden\u021ba cumulat\u0103 \u00een ultimele 14 zile a cazurilor de COVID de sub 1\/1000 de locuitori, presupune participarea zilnic\u0103 a tuturor pre\u015fcolarilor \u015fi elevilor \u00een unit\u0103\u0163ile de \u00eenv\u0103\u0163\u0103m\u00e2nt, cu respectarea \u015fi aplicarea tuturor normelor de protec\u0163ie<\/p>\n\n\n\n<p class=\"has-luminous-vivid-amber-background-color has-background\"><strong>Scenariul 2<\/strong>: inciden\u021ba cumulat\u0103 \u00een ultimele 14 zile a cazurilor de COVID dep\u0103\u0219e\u0219te 1\/1000 de locuitori. \u00cen acest caz merg la \u0219coal\u0103, fizic, pre\u0219colarii, elevii din \u00eenv\u0103\u021b\u0103m\u00e2ntul primar, elevii din clasele a VIII-a, a XII-a \u0219i a XIII-a, cei din anii terminali din \u00eenv\u0103\u021b\u0103m\u00e2ntul profesional \u0219i postliceal \u0219i elevii din \u00eenv\u0103\u021b\u0103m\u00e2ntul special, indiferent de clas\u0103. Restul elevilor continu\u0103 \u0219coala \u00een regim online<\/p>\n","protected":false},"excerpt":{"rendered":"<p>De ast\u0103zi, 11 mai, intr\u0103 \u00een scenariul verde localit\u0103\u021bile Domne\u0219ti \u0219i Glina ceea ce \u00eenseamn\u0103 c\u0103 to\u021bi elevii se vor \u00eentoarce \u00een b\u0103nci, indiferent de anul de studiu. De la ultima comunicare, din partea autorit\u0103\u021bilor, a inciden\u021bei cumulate a cazurilor de COVID-19, nicio localitate din jude\u021bul Ilfov nu a mai dep\u0103\u0219it pragul 1\/1000 de locuitori. [&hellip;]<\/p>\n","protected":false},"author":26,"featured_media":24345,"comment_status":"closed","ping_status":"open","sticky":false,"template":"","format":"standard","meta":{"_acf_changed":false,"inline_featured_image":false,"ngg_post_thumbnail":0,"footnotes":""},"categories":[62],"tags":[],"ppma_author":[26106],"class_list":["post-24344","post","type-post","status-publish","format-standard","has-post-thumbnail","hentry","category-stiri"],"acf":[],"yoast_head":"<!-- This site is optimized with the Yoast SEO Premium plugin v25.3 (Yoast SEO v27.5) - https:\/\/yoast.com\/product\/yoast-seo-premium-wordpress\/ -->\n<title>\u0218coala \u00een Bucure\u0219ti \u0219i Ilfov. \u0218itua\u021bia la zi cu localit\u0103\u021bile unde elevii merg fizic la \u0219coal\u0103 - Buletin de Bucure\u0219ti<\/title>\n<meta name=\"robots\" content=\"index, follow, max-snippet:-1, max-image-preview:large, max-video-preview:-1\" \/>\n<link rel=\"canonical\" href=\"https:\/\/buletin.de\/bucuresti\/scolala-in-bucuresti-si-ilfov-situatia-la-zi-cu-localitatile-unde-elevii-merg-fizic-la-scoala-2\/\" \/>\n<meta property=\"og:locale\" content=\"en_GB\" \/>\n<meta property=\"og:type\" content=\"article\" \/>\n<meta property=\"og:title\" content=\"\u0218coala \u00een Bucure\u0219ti \u0219i Ilfov. \u0218itua\u021bia la zi cu localit\u0103\u021bile unde elevii merg fizic la \u0219coal\u0103\" \/>\n<meta property=\"og:description\" content=\"De ast\u0103zi, 11 mai, intr\u0103 \u00een scenariul verde localit\u0103\u021bile Domne\u0219ti \u0219i Glina ceea ce \u00eenseamn\u0103 c\u0103 to\u021bi elevii se vor \u00eentoarce \u00een b\u0103nci, indiferent de anul de studiu. De la ultima comunicare, din partea autorit\u0103\u021bilor, a inciden\u021bei cumulate a cazurilor de COVID-19, nicio localitate din jude\u021bul Ilfov nu a mai dep\u0103\u0219it pragul 1\/1000 de locuitori. [&hellip;]\" \/>\n<meta property=\"og:url\" content=\"https:\/\/buletin.de\/bucuresti\/scolala-in-bucuresti-si-ilfov-situatia-la-zi-cu-localitatile-unde-elevii-merg-fizic-la-scoala-2\/\" \/>\n<meta property=\"og:site_name\" content=\"Buletin de Bucure\u0219ti\" \/>\n<meta property=\"article:publisher\" content=\"https:\/\/www.facebook.com\/buletin.de.buc\" \/>\n<meta property=\"article:published_time\" content=\"2021-05-11T10:12:05+00:00\" \/>\n<meta property=\"article:modified_time\" content=\"2021-05-12T07:16:06+00:00\" \/>\n<meta property=\"og:image\" content=\"https:\/\/buletin.de\/bucuresti\/wp-content\/uploads\/SCOALA-LA-ZI-1.png\" \/>\n\t<meta property=\"og:image:width\" content=\"1920\" \/>\n\t<meta property=\"og:image:height\" content=\"1080\" \/>\n\t<meta property=\"og:image:type\" content=\"image\/png\" \/>\n<meta name=\"author\" content=\"Fredi Radu\" \/>\n<meta name=\"twitter:card\" content=\"summary_large_image\" \/>\n<meta name=\"twitter:label1\" content=\"Written by\" \/>\n\t<meta name=\"twitter:data1\" content=\"Fredi Radu\" \/>\n\t<meta name=\"twitter:label2\" content=\"Estimated reading time\" \/>\n\t<meta name=\"twitter:data2\" content=\"2 minutes\" \/>\n<script type=\"application\/ld+json\" class=\"yoast-schema-graph\">{\"@context\":\"https:\\\/\\\/schema.org\",\"@graph\":[{\"@type\":\"Article\",\"@id\":\"https:\\\/\\\/buletin.de\\\/bucuresti\\\/scolala-in-bucuresti-si-ilfov-situatia-la-zi-cu-localitatile-unde-elevii-merg-fizic-la-scoala-2\\\/#article\",\"isPartOf\":{\"@id\":\"https:\\\/\\\/buletin.de\\\/bucuresti\\\/scolala-in-bucuresti-si-ilfov-situatia-la-zi-cu-localitatile-unde-elevii-merg-fizic-la-scoala-2\\\/\"},\"author\":{\"name\":\"Fredi Radu\",\"@id\":\"https:\\\/\\\/buletin.de\\\/bucuresti\\\/#\\\/schema\\\/person\\\/af0e820905fa3334c5c1cc437d882ff3\"},\"headline\":\"\u0218coala \u00een Bucure\u0219ti \u0219i Ilfov. \u0218itua\u021bia la zi cu localit\u0103\u021bile unde elevii merg fizic la \u0219coal\u0103\",\"datePublished\":\"2021-05-11T10:12:05+00:00\",\"dateModified\":\"2021-05-12T07:16:06+00:00\",\"mainEntityOfPage\":{\"@id\":\"https:\\\/\\\/buletin.de\\\/bucuresti\\\/scolala-in-bucuresti-si-ilfov-situatia-la-zi-cu-localitatile-unde-elevii-merg-fizic-la-scoala-2\\\/\"},\"wordCount\":307,\"publisher\":{\"@id\":\"https:\\\/\\\/buletin.de\\\/bucuresti\\\/#organization\"},\"image\":{\"@id\":\"https:\\\/\\\/buletin.de\\\/bucuresti\\\/scolala-in-bucuresti-si-ilfov-situatia-la-zi-cu-localitatile-unde-elevii-merg-fizic-la-scoala-2\\\/#primaryimage\"},\"thumbnailUrl\":\"https:\\\/\\\/buletin.de\\\/bucuresti\\\/wp-content\\\/uploads\\\/SCOALA-LA-ZI-1.png\",\"articleSection\":[\"\u0218tiri\"],\"inLanguage\":\"en-GB\",\"copyrightYear\":\"2021\",\"copyrightHolder\":{\"@id\":\"https:\\\/\\\/buletin.de\\\/bucuresti\\\/#organization\"}},{\"@type\":\"WebPage\",\"@id\":\"https:\\\/\\\/buletin.de\\\/bucuresti\\\/scolala-in-bucuresti-si-ilfov-situatia-la-zi-cu-localitatile-unde-elevii-merg-fizic-la-scoala-2\\\/\",\"url\":\"https:\\\/\\\/buletin.de\\\/bucuresti\\\/scolala-in-bucuresti-si-ilfov-situatia-la-zi-cu-localitatile-unde-elevii-merg-fizic-la-scoala-2\\\/\",\"name\":\"\u0218coala \u00een Bucure\u0219ti \u0219i Ilfov. \u0218itua\u021bia la zi cu localit\u0103\u021bile unde elevii merg fizic la \u0219coal\u0103 - Buletin de Bucure\u0219ti\",\"isPartOf\":{\"@id\":\"https:\\\/\\\/buletin.de\\\/bucuresti\\\/#website\"},\"primaryImageOfPage\":{\"@id\":\"https:\\\/\\\/buletin.de\\\/bucuresti\\\/scolala-in-bucuresti-si-ilfov-situatia-la-zi-cu-localitatile-unde-elevii-merg-fizic-la-scoala-2\\\/#primaryimage\"},\"image\":{\"@id\":\"https:\\\/\\\/buletin.de\\\/bucuresti\\\/scolala-in-bucuresti-si-ilfov-situatia-la-zi-cu-localitatile-unde-elevii-merg-fizic-la-scoala-2\\\/#primaryimage\"},\"thumbnailUrl\":\"https:\\\/\\\/buletin.de\\\/bucuresti\\\/wp-content\\\/uploads\\\/SCOALA-LA-ZI-1.png\",\"datePublished\":\"2021-05-11T10:12:05+00:00\",\"dateModified\":\"2021-05-12T07:16:06+00:00\",\"breadcrumb\":{\"@id\":\"https:\\\/\\\/buletin.de\\\/bucuresti\\\/scolala-in-bucuresti-si-ilfov-situatia-la-zi-cu-localitatile-unde-elevii-merg-fizic-la-scoala-2\\\/#breadcrumb\"},\"inLanguage\":\"en-GB\",\"potentialAction\":[{\"@type\":\"ReadAction\",\"target\":[\"https:\\\/\\\/buletin.de\\\/bucuresti\\\/scolala-in-bucuresti-si-ilfov-situatia-la-zi-cu-localitatile-unde-elevii-merg-fizic-la-scoala-2\\\/\"]}]},{\"@type\":\"ImageObject\",\"inLanguage\":\"en-GB\",\"@id\":\"https:\\\/\\\/buletin.de\\\/bucuresti\\\/scolala-in-bucuresti-si-ilfov-situatia-la-zi-cu-localitatile-unde-elevii-merg-fizic-la-scoala-2\\\/#primaryimage\",\"url\":\"https:\\\/\\\/buletin.de\\\/bucuresti\\\/wp-content\\\/uploads\\\/SCOALA-LA-ZI-1.png\",\"contentUrl\":\"https:\\\/\\\/buletin.de\\\/bucuresti\\\/wp-content\\\/uploads\\\/SCOALA-LA-ZI-1.png\",\"width\":1920,\"height\":1080},{\"@type\":\"BreadcrumbList\",\"@id\":\"https:\\\/\\\/buletin.de\\\/bucuresti\\\/scolala-in-bucuresti-si-ilfov-situatia-la-zi-cu-localitatile-unde-elevii-merg-fizic-la-scoala-2\\\/#breadcrumb\",\"itemListElement\":[{\"@type\":\"ListItem\",\"position\":1,\"name\":\"Acas\u0103\",\"item\":\"https:\\\/\\\/buletin.de\\\/bucuresti\\\/\"},{\"@type\":\"ListItem\",\"position\":2,\"name\":\"\u0218coala \u00een Bucure\u0219ti \u0219i Ilfov. \u0218itua\u021bia la zi cu localit\u0103\u021bile unde elevii merg fizic la \u0219coal\u0103\"}]},{\"@type\":\"WebSite\",\"@id\":\"https:\\\/\\\/buletin.de\\\/bucuresti\\\/#website\",\"url\":\"https:\\\/\\\/buletin.de\\\/bucuresti\\\/\",\"name\":\"Buletin de Bucure\u0219ti\",\"description\":\"\u0218tiri \u0219i investiga\u021bii esen\u021biale din capital\u0103\",\"publisher\":{\"@id\":\"https:\\\/\\\/buletin.de\\\/bucuresti\\\/#organization\"},\"potentialAction\":[{\"@type\":\"SearchAction\",\"target\":{\"@type\":\"EntryPoint\",\"urlTemplate\":\"https:\\\/\\\/buletin.de\\\/bucuresti\\\/?s={search_term_string}\"},\"query-input\":{\"@type\":\"PropertyValueSpecification\",\"valueRequired\":true,\"valueName\":\"search_term_string\"}}],\"inLanguage\":\"en-GB\"},{\"@type\":\"Organization\",\"@id\":\"https:\\\/\\\/buletin.de\\\/bucuresti\\\/#organization\",\"name\":\"Buletin de Bucure\u0219ti\",\"url\":\"https:\\\/\\\/buletin.de\\\/bucuresti\\\/\",\"logo\":{\"@type\":\"ImageObject\",\"inLanguage\":\"en-GB\",\"@id\":\"https:\\\/\\\/buletin.de\\\/bucuresti\\\/#\\\/schema\\\/logo\\\/image\\\/\",\"url\":\"https:\\\/\\\/buletin.de\\\/bucuresti\\\/wp-content\\\/uploads\\\/logo-bdb-full-wide-vernil-transparent.png\",\"contentUrl\":\"https:\\\/\\\/buletin.de\\\/bucuresti\\\/wp-content\\\/uploads\\\/logo-bdb-full-wide-vernil-transparent.png\",\"width\":1782,\"height\":626,\"caption\":\"Buletin de Bucure\u0219ti\"},\"image\":{\"@id\":\"https:\\\/\\\/buletin.de\\\/bucuresti\\\/#\\\/schema\\\/logo\\\/image\\\/\"},\"sameAs\":[\"https:\\\/\\\/www.facebook.com\\\/buletin.de.buc\",\"https:\\\/\\\/www.instagram.com\\\/buletinde.bucuresti\\\/\"]},{\"@type\":\"Person\",\"@id\":\"https:\\\/\\\/buletin.de\\\/bucuresti\\\/#\\\/schema\\\/person\\\/af0e820905fa3334c5c1cc437d882ff3\",\"name\":\"Fredi Radu\",\"image\":{\"@type\":\"ImageObject\",\"inLanguage\":\"en-GB\",\"@id\":\"https:\\\/\\\/secure.gravatar.com\\\/avatar\\\/6601925ca6cb7a4d8aa653d20ebe68e0588c85daaebac2407463e3dfff63599c?s=96&d=monsterid&r=g0c80ca1df7ee47b93a354c9d2ba58e97\",\"url\":\"https:\\\/\\\/secure.gravatar.com\\\/avatar\\\/6601925ca6cb7a4d8aa653d20ebe68e0588c85daaebac2407463e3dfff63599c?s=96&d=monsterid&r=g\",\"contentUrl\":\"https:\\\/\\\/secure.gravatar.com\\\/avatar\\\/6601925ca6cb7a4d8aa653d20ebe68e0588c85daaebac2407463e3dfff63599c?s=96&d=monsterid&r=g\",\"caption\":\"Fredi Radu\"},\"url\":\"https:\\\/\\\/buletin.de\\\/bucuresti\\\/author\\\/radu\\\/\"}]}<\/script>\n<!-- \/ Yoast SEO Premium plugin. -->","yoast_head_json":{"title":"\u0218coala \u00een Bucure\u0219ti \u0219i Ilfov. \u0218itua\u021bia la zi cu localit\u0103\u021bile unde elevii merg fizic la \u0219coal\u0103 - Buletin de Bucure\u0219ti","robots":{"index":"index","follow":"follow","max-snippet":"max-snippet:-1","max-image-preview":"max-image-preview:large","max-video-preview":"max-video-preview:-1"},"canonical":"https:\/\/buletin.de\/bucuresti\/scolala-in-bucuresti-si-ilfov-situatia-la-zi-cu-localitatile-unde-elevii-merg-fizic-la-scoala-2\/","og_locale":"en_GB","og_type":"article","og_title":"\u0218coala \u00een Bucure\u0219ti \u0219i Ilfov. \u0218itua\u021bia la zi cu localit\u0103\u021bile unde elevii merg fizic la \u0219coal\u0103","og_description":"De ast\u0103zi, 11 mai, intr\u0103 \u00een scenariul verde localit\u0103\u021bile Domne\u0219ti \u0219i Glina ceea ce \u00eenseamn\u0103 c\u0103 to\u021bi elevii se vor \u00eentoarce \u00een b\u0103nci, indiferent de anul de studiu. De la ultima comunicare, din partea autorit\u0103\u021bilor, a inciden\u021bei cumulate a cazurilor de COVID-19, nicio localitate din jude\u021bul Ilfov nu a mai dep\u0103\u0219it pragul 1\/1000 de locuitori. [&hellip;]","og_url":"https:\/\/buletin.de\/bucuresti\/scolala-in-bucuresti-si-ilfov-situatia-la-zi-cu-localitatile-unde-elevii-merg-fizic-la-scoala-2\/","og_site_name":"Buletin de Bucure\u0219ti","article_publisher":"https:\/\/www.facebook.com\/buletin.de.buc","article_published_time":"2021-05-11T10:12:05+00:00","article_modified_time":"2021-05-12T07:16:06+00:00","og_image":[{"width":1920,"height":1080,"url":"https:\/\/buletin.de\/bucuresti\/wp-content\/uploads\/SCOALA-LA-ZI-1.png","type":"image\/png"}],"author":"Fredi Radu","twitter_card":"summary_large_image","twitter_misc":{"Written by":"Fredi Radu","Estimated reading time":"2 minutes"},"schema":{"@context":"https:\/\/schema.org","@graph":[{"@type":"Article","@id":"https:\/\/buletin.de\/bucuresti\/scolala-in-bucuresti-si-ilfov-situatia-la-zi-cu-localitatile-unde-elevii-merg-fizic-la-scoala-2\/#article","isPartOf":{"@id":"https:\/\/buletin.de\/bucuresti\/scolala-in-bucuresti-si-ilfov-situatia-la-zi-cu-localitatile-unde-elevii-merg-fizic-la-scoala-2\/"},"author":{"name":"Fredi Radu","@id":"https:\/\/buletin.de\/bucuresti\/#\/schema\/person\/af0e820905fa3334c5c1cc437d882ff3"},"headline":"\u0218coala \u00een Bucure\u0219ti \u0219i Ilfov. \u0218itua\u021bia la zi cu localit\u0103\u021bile unde elevii merg fizic la \u0219coal\u0103","datePublished":"2021-05-11T10:12:05+00:00","dateModified":"2021-05-12T07:16:06+00:00","mainEntityOfPage":{"@id":"https:\/\/buletin.de\/bucuresti\/scolala-in-bucuresti-si-ilfov-situatia-la-zi-cu-localitatile-unde-elevii-merg-fizic-la-scoala-2\/"},"wordCount":307,"publisher":{"@id":"https:\/\/buletin.de\/bucuresti\/#organization"},"image":{"@id":"https:\/\/buletin.de\/bucuresti\/scolala-in-bucuresti-si-ilfov-situatia-la-zi-cu-localitatile-unde-elevii-merg-fizic-la-scoala-2\/#primaryimage"},"thumbnailUrl":"https:\/\/buletin.de\/bucuresti\/wp-content\/uploads\/SCOALA-LA-ZI-1.png","articleSection":["\u0218tiri"],"inLanguage":"en-GB","copyrightYear":"2021","copyrightHolder":{"@id":"https:\/\/buletin.de\/bucuresti\/#organization"}},{"@type":"WebPage","@id":"https:\/\/buletin.de\/bucuresti\/scolala-in-bucuresti-si-ilfov-situatia-la-zi-cu-localitatile-unde-elevii-merg-fizic-la-scoala-2\/","url":"https:\/\/buletin.de\/bucuresti\/scolala-in-bucuresti-si-ilfov-situatia-la-zi-cu-localitatile-unde-elevii-merg-fizic-la-scoala-2\/","name":"\u0218coala \u00een Bucure\u0219ti \u0219i Ilfov. \u0218itua\u021bia la zi cu localit\u0103\u021bile unde elevii merg fizic la \u0219coal\u0103 - Buletin de Bucure\u0219ti","isPartOf":{"@id":"https:\/\/buletin.de\/bucuresti\/#website"},"primaryImageOfPage":{"@id":"https:\/\/buletin.de\/bucuresti\/scolala-in-bucuresti-si-ilfov-situatia-la-zi-cu-localitatile-unde-elevii-merg-fizic-la-scoala-2\/#primaryimage"},"image":{"@id":"https:\/\/buletin.de\/bucuresti\/scolala-in-bucuresti-si-ilfov-situatia-la-zi-cu-localitatile-unde-elevii-merg-fizic-la-scoala-2\/#primaryimage"},"thumbnailUrl":"https:\/\/buletin.de\/bucuresti\/wp-content\/uploads\/SCOALA-LA-ZI-1.png","datePublished":"2021-05-11T10:12:05+00:00","dateModified":"2021-05-12T07:16:06+00:00","breadcrumb":{"@id":"https:\/\/buletin.de\/bucuresti\/scolala-in-bucuresti-si-ilfov-situatia-la-zi-cu-localitatile-unde-elevii-merg-fizic-la-scoala-2\/#breadcrumb"},"inLanguage":"en-GB","potentialAction":[{"@type":"ReadAction","target":["https:\/\/buletin.de\/bucuresti\/scolala-in-bucuresti-si-ilfov-situatia-la-zi-cu-localitatile-unde-elevii-merg-fizic-la-scoala-2\/"]}]},{"@type":"ImageObject","inLanguage":"en-GB","@id":"https:\/\/buletin.de\/bucuresti\/scolala-in-bucuresti-si-ilfov-situatia-la-zi-cu-localitatile-unde-elevii-merg-fizic-la-scoala-2\/#primaryimage","url":"https:\/\/buletin.de\/bucuresti\/wp-content\/uploads\/SCOALA-LA-ZI-1.png","contentUrl":"https:\/\/buletin.de\/bucuresti\/wp-content\/uploads\/SCOALA-LA-ZI-1.png","width":1920,"height":1080},{"@type":"BreadcrumbList","@id":"https:\/\/buletin.de\/bucuresti\/scolala-in-bucuresti-si-ilfov-situatia-la-zi-cu-localitatile-unde-elevii-merg-fizic-la-scoala-2\/#breadcrumb","itemListElement":[{"@type":"ListItem","position":1,"name":"Acas\u0103","item":"https:\/\/buletin.de\/bucuresti\/"},{"@type":"ListItem","position":2,"name":"\u0218coala \u00een Bucure\u0219ti \u0219i Ilfov. \u0218itua\u021bia la zi cu localit\u0103\u021bile unde elevii merg fizic la \u0219coal\u0103"}]},{"@type":"WebSite","@id":"https:\/\/buletin.de\/bucuresti\/#website","url":"https:\/\/buletin.de\/bucuresti\/","name":"Buletin de Bucure\u0219ti","description":"\u0218tiri \u0219i investiga\u021bii esen\u021biale din capital\u0103","publisher":{"@id":"https:\/\/buletin.de\/bucuresti\/#organization"},"potentialAction":[{"@type":"SearchAction","target":{"@type":"EntryPoint","urlTemplate":"https:\/\/buletin.de\/bucuresti\/?s={search_term_string}"},"query-input":{"@type":"PropertyValueSpecification","valueRequired":true,"valueName":"search_term_string"}}],"inLanguage":"en-GB"},{"@type":"Organization","@id":"https:\/\/buletin.de\/bucuresti\/#organization","name":"Buletin de Bucure\u0219ti","url":"https:\/\/buletin.de\/bucuresti\/","logo":{"@type":"ImageObject","inLanguage":"en-GB","@id":"https:\/\/buletin.de\/bucuresti\/#\/schema\/logo\/image\/","url":"https:\/\/buletin.de\/bucuresti\/wp-content\/uploads\/logo-bdb-full-wide-vernil-transparent.png","contentUrl":"https:\/\/buletin.de\/bucuresti\/wp-content\/uploads\/logo-bdb-full-wide-vernil-transparent.png","width":1782,"height":626,"caption":"Buletin de Bucure\u0219ti"},"image":{"@id":"https:\/\/buletin.de\/bucuresti\/#\/schema\/logo\/image\/"},"sameAs":["https:\/\/www.facebook.com\/buletin.de.buc","https:\/\/www.instagram.com\/buletinde.bucuresti\/"]},{"@type":"Person","@id":"https:\/\/buletin.de\/bucuresti\/#\/schema\/person\/af0e820905fa3334c5c1cc437d882ff3","name":"Fredi Radu","image":{"@type":"ImageObject","inLanguage":"en-GB","@id":"https:\/\/secure.gravatar.com\/avatar\/6601925ca6cb7a4d8aa653d20ebe68e0588c85daaebac2407463e3dfff63599c?s=96&d=monsterid&r=g0c80ca1df7ee47b93a354c9d2ba58e97","url":"https:\/\/secure.gravatar.com\/avatar\/6601925ca6cb7a4d8aa653d20ebe68e0588c85daaebac2407463e3dfff63599c?s=96&d=monsterid&r=g","contentUrl":"https:\/\/secure.gravatar.com\/avatar\/6601925ca6cb7a4d8aa653d20ebe68e0588c85daaebac2407463e3dfff63599c?s=96&d=monsterid&r=g","caption":"Fredi Radu"},"url":"https:\/\/buletin.de\/bucuresti\/author\/radu\/"}]}},"authors":[{"term_id":26106,"user_id":26,"is_guest":0,"slug":"radu","display_name":"Fredi Radu","avatar_url":"https:\/\/secure.gravatar.com\/avatar\/6601925ca6cb7a4d8aa653d20ebe68e0588c85daaebac2407463e3dfff63599c?s=96&d=monsterid&r=g","0":null,"1":"","2":"","3":"","4":"","5":"","6":"","7":"","8":""}],"_links":{"self":[{"href":"https:\/\/buletin.de\/bucuresti\/wp-json\/wp\/v2\/posts\/24344","targetHints":{"allow":["GET"]}}],"collection":[{"href":"https:\/\/buletin.de\/bucuresti\/wp-json\/wp\/v2\/posts"}],"about":[{"href":"https:\/\/buletin.de\/bucuresti\/wp-json\/wp\/v2\/types\/post"}],"author":[{"embeddable":true,"href":"https:\/\/buletin.de\/bucuresti\/wp-json\/wp\/v2\/users\/26"}],"replies":[{"embeddable":true,"href":"https:\/\/buletin.de\/bucuresti\/wp-json\/wp\/v2\/comments?post=24344"}],"version-history":[{"count":3,"href":"https:\/\/buletin.de\/bucuresti\/wp-json\/wp\/v2\/posts\/24344\/revisions"}],"predecessor-version":[{"id":24444,"href":"https:\/\/buletin.de\/bucuresti\/wp-json\/wp\/v2\/posts\/24344\/revisions\/24444"}],"wp:featuredmedia":[{"embeddable":true,"href":"https:\/\/buletin.de\/bucuresti\/wp-json\/wp\/v2\/media\/24345"}],"wp:attachment":[{"href":"https:\/\/buletin.de\/bucuresti\/wp-json\/wp\/v2\/media?parent=24344"}],"wp:term":[{"taxonomy":"category","embeddable":true,"href":"https:\/\/buletin.de\/bucuresti\/wp-json\/wp\/v2\/categories?post=24344"},{"taxonomy":"post_tag","embeddable":true,"href":"https:\/\/buletin.de\/bucuresti\/wp-json\/wp\/v2\/tags?post=24344"},{"taxonomy":"author","embeddable":true,"href":"https:\/\/buletin.de\/bucuresti\/wp-json\/wp\/v2\/ppma_author?post=24344"}],"curies":[{"name":"wp","href":"https:\/\/api.w.org\/{rel}","templated":true}]}}