{"id":24041,"date":"2021-05-04T14:26:54","date_gmt":"2021-05-04T11:26:54","guid":{"rendered":"https:\/\/buletin.de\/bucuresti\/?p=24041"},"modified":"2021-05-04T14:37:19","modified_gmt":"2021-05-04T11:37:19","slug":"v-gheorghita-bucurestiul-acoperire-vaccinala-de-31-cea-mai-mare-din-tara","status":"publish","type":"post","link":"https:\/\/buletin.de\/bucuresti\/v-gheorghita-bucurestiul-acoperire-vaccinala-de-31-cea-mai-mare-din-tara\/","title":{"rendered":"V. Gheorghi\u021b\u0103| Bucure\u0219tiul, acoperire vaccinal\u0103 de 31%, cea mai mare din \u021bar\u0103"},"content":{"rendered":"\n<p>\u0218eful CNCAV a declarat, \u00een urm\u0103 cu pu\u021bin timp, c\u0103 rata de acoperire vaccinal\u0103 \u00een Capital\u0103 este de 31%, cea mai mare din \u021bar\u0103. \u00cen clasament Bucuere\u0219tiul este urmat de jude\u021bele Cluj, Timi\u0219, Constan\u021ba \u0219i Bra\u0219ov, toate cu procente mai mari dec\u00e2t media na\u021bional\u0103, care e de 20%.<\/p>\n\n\n\n<p>Valeriu Gheorghi\u021b\u0103 a mai anun\u021bat \u0219i c\u0103, din 7 mai, este liber la vaccinare \u00een toate centrele de imunizare din \u021bar\u0103. Persoanele cu v\u00e2rsta de peste 60 de ani pot veni direct la centre cu un act de identitate, iar cei mai tineri se vor putea imuniza dup\u0103 ora 14, \u00een limita locurilor disponibile din fiecare centru.<\/p>\n\n\n\n<p>sursa foto cover Facebook Guvernul Romaniei<\/p>\n","protected":false},"excerpt":{"rendered":"<p>\u0218eful CNCAV a declarat, \u00een urm\u0103 cu pu\u021bin timp, c\u0103 rata de acoperire vaccinal\u0103 \u00een Capital\u0103 este de 31%, cea mai mare din \u021bar\u0103. \u00cen clasament Bucuere\u0219tiul este urmat de jude\u021bele Cluj, Timi\u0219, Constan\u021ba \u0219i Bra\u0219ov, toate cu procente mai mari dec\u00e2t media na\u021bional\u0103, care e de 20%. Valeriu Gheorghi\u021b\u0103 a mai anun\u021bat \u0219i c\u0103, [&hellip;]<\/p>\n","protected":false},"author":18,"featured_media":24043,"comment_status":"closed","ping_status":"open","sticky":false,"template":"","format":"standard","meta":{"_acf_changed":false,"inline_featured_image":false,"ngg_post_thumbnail":0,"footnotes":""},"categories":[62],"tags":[2670,9],"ppma_author":[22579],"class_list":["post-24041","post","type-post","status-publish","format-standard","has-post-thumbnail","hentry","category-stiri","tag-acoperire-vaccinala","tag-bucuresti"],"acf":[],"yoast_head":"<!-- This site is optimized with the Yoast SEO Premium plugin v25.3 (Yoast SEO v27.5) - https:\/\/yoast.com\/product\/yoast-seo-premium-wordpress\/ -->\n<title>V. Gheorghi\u021b\u0103| Bucure\u0219tiul, acoperire vaccinal\u0103 de 31%, cea mai mare din \u021bar\u0103 - Buletin de Bucure\u0219ti<\/title>\n<meta name=\"robots\" content=\"index, follow, max-snippet:-1, max-image-preview:large, max-video-preview:-1\" \/>\n<link rel=\"canonical\" href=\"https:\/\/buletin.de\/bucuresti\/v-gheorghita-bucurestiul-acoperire-vaccinala-de-31-cea-mai-mare-din-tara\/\" \/>\n<meta property=\"og:locale\" content=\"en_GB\" \/>\n<meta property=\"og:type\" content=\"article\" \/>\n<meta property=\"og:title\" content=\"V. Gheorghi\u021b\u0103| Bucure\u0219tiul, acoperire vaccinal\u0103 de 31%, cea mai mare din \u021bar\u0103\" \/>\n<meta property=\"og:description\" content=\"\u0218eful CNCAV a declarat, \u00een urm\u0103 cu pu\u021bin timp, c\u0103 rata de acoperire vaccinal\u0103 \u00een Capital\u0103 este de 31%, cea mai mare din \u021bar\u0103. \u00cen clasament Bucuere\u0219tiul este urmat de jude\u021bele Cluj, Timi\u0219, Constan\u021ba \u0219i Bra\u0219ov, toate cu procente mai mari dec\u00e2t media na\u021bional\u0103, care e de 20%. Valeriu Gheorghi\u021b\u0103 a mai anun\u021bat \u0219i c\u0103, [&hellip;]\" \/>\n<meta property=\"og:url\" content=\"https:\/\/buletin.de\/bucuresti\/v-gheorghita-bucurestiul-acoperire-vaccinala-de-31-cea-mai-mare-din-tara\/\" \/>\n<meta property=\"og:site_name\" content=\"Buletin de Bucure\u0219ti\" \/>\n<meta property=\"article:publisher\" content=\"https:\/\/www.facebook.com\/buletin.de.buc\" \/>\n<meta property=\"article:published_time\" content=\"2021-05-04T11:26:54+00:00\" \/>\n<meta property=\"article:modified_time\" content=\"2021-05-04T11:37:19+00:00\" \/>\n<meta property=\"og:image\" content=\"https:\/\/buletin.de\/bucuresti\/wp-content\/uploads\/image-666.png\" \/>\n\t<meta property=\"og:image:width\" content=\"1600\" \/>\n\t<meta property=\"og:image:height\" content=\"739\" \/>\n\t<meta property=\"og:image:type\" content=\"image\/png\" \/>\n<meta name=\"author\" content=\"Teodora Stroe\" \/>\n<meta name=\"twitter:card\" content=\"summary_large_image\" \/>\n<meta name=\"twitter:label1\" content=\"Written by\" \/>\n\t<meta name=\"twitter:data1\" content=\"Teodora Stroe\" \/>\n\t<meta name=\"twitter:label2\" content=\"Estimated reading time\" \/>\n\t<meta name=\"twitter:data2\" content=\"1 minute\" \/>\n<script type=\"application\/ld+json\" class=\"yoast-schema-graph\">{\"@context\":\"https:\\\/\\\/schema.org\",\"@graph\":[{\"@type\":\"Article\",\"@id\":\"https:\\\/\\\/buletin.de\\\/bucuresti\\\/v-gheorghita-bucurestiul-acoperire-vaccinala-de-31-cea-mai-mare-din-tara\\\/#article\",\"isPartOf\":{\"@id\":\"https:\\\/\\\/buletin.de\\\/bucuresti\\\/v-gheorghita-bucurestiul-acoperire-vaccinala-de-31-cea-mai-mare-din-tara\\\/\"},\"author\":{\"name\":\"Teodora Stroe\",\"@id\":\"https:\\\/\\\/buletin.de\\\/bucuresti\\\/#\\\/schema\\\/person\\\/d369d7ddc775abece205795e0b804614\"},\"headline\":\"V. Gheorghi\u021b\u0103| Bucure\u0219tiul, acoperire vaccinal\u0103 de 31%, cea mai mare din \u021bar\u0103\",\"datePublished\":\"2021-05-04T11:26:54+00:00\",\"dateModified\":\"2021-05-04T11:37:19+00:00\",\"mainEntityOfPage\":{\"@id\":\"https:\\\/\\\/buletin.de\\\/bucuresti\\\/v-gheorghita-bucurestiul-acoperire-vaccinala-de-31-cea-mai-mare-din-tara\\\/\"},\"wordCount\":127,\"publisher\":{\"@id\":\"https:\\\/\\\/buletin.de\\\/bucuresti\\\/#organization\"},\"image\":{\"@id\":\"https:\\\/\\\/buletin.de\\\/bucuresti\\\/v-gheorghita-bucurestiul-acoperire-vaccinala-de-31-cea-mai-mare-din-tara\\\/#primaryimage\"},\"thumbnailUrl\":\"https:\\\/\\\/buletin.de\\\/bucuresti\\\/wp-content\\\/uploads\\\/image-666.png\",\"keywords\":[\"acoperire vaccinala\",\"bucuresti\"],\"articleSection\":[\"\u0218tiri\"],\"inLanguage\":\"en-GB\",\"copyrightYear\":\"2021\",\"copyrightHolder\":{\"@id\":\"https:\\\/\\\/buletin.de\\\/bucuresti\\\/#organization\"}},{\"@type\":\"WebPage\",\"@id\":\"https:\\\/\\\/buletin.de\\\/bucuresti\\\/v-gheorghita-bucurestiul-acoperire-vaccinala-de-31-cea-mai-mare-din-tara\\\/\",\"url\":\"https:\\\/\\\/buletin.de\\\/bucuresti\\\/v-gheorghita-bucurestiul-acoperire-vaccinala-de-31-cea-mai-mare-din-tara\\\/\",\"name\":\"V. Gheorghi\u021b\u0103| Bucure\u0219tiul, acoperire vaccinal\u0103 de 31%, cea mai mare din \u021bar\u0103 - Buletin de Bucure\u0219ti\",\"isPartOf\":{\"@id\":\"https:\\\/\\\/buletin.de\\\/bucuresti\\\/#website\"},\"primaryImageOfPage\":{\"@id\":\"https:\\\/\\\/buletin.de\\\/bucuresti\\\/v-gheorghita-bucurestiul-acoperire-vaccinala-de-31-cea-mai-mare-din-tara\\\/#primaryimage\"},\"image\":{\"@id\":\"https:\\\/\\\/buletin.de\\\/bucuresti\\\/v-gheorghita-bucurestiul-acoperire-vaccinala-de-31-cea-mai-mare-din-tara\\\/#primaryimage\"},\"thumbnailUrl\":\"https:\\\/\\\/buletin.de\\\/bucuresti\\\/wp-content\\\/uploads\\\/image-666.png\",\"datePublished\":\"2021-05-04T11:26:54+00:00\",\"dateModified\":\"2021-05-04T11:37:19+00:00\",\"breadcrumb\":{\"@id\":\"https:\\\/\\\/buletin.de\\\/bucuresti\\\/v-gheorghita-bucurestiul-acoperire-vaccinala-de-31-cea-mai-mare-din-tara\\\/#breadcrumb\"},\"inLanguage\":\"en-GB\",\"potentialAction\":[{\"@type\":\"ReadAction\",\"target\":[\"https:\\\/\\\/buletin.de\\\/bucuresti\\\/v-gheorghita-bucurestiul-acoperire-vaccinala-de-31-cea-mai-mare-din-tara\\\/\"]}]},{\"@type\":\"ImageObject\",\"inLanguage\":\"en-GB\",\"@id\":\"https:\\\/\\\/buletin.de\\\/bucuresti\\\/v-gheorghita-bucurestiul-acoperire-vaccinala-de-31-cea-mai-mare-din-tara\\\/#primaryimage\",\"url\":\"https:\\\/\\\/buletin.de\\\/bucuresti\\\/wp-content\\\/uploads\\\/image-666.png\",\"contentUrl\":\"https:\\\/\\\/buletin.de\\\/bucuresti\\\/wp-content\\\/uploads\\\/image-666.png\",\"width\":1600,\"height\":739},{\"@type\":\"BreadcrumbList\",\"@id\":\"https:\\\/\\\/buletin.de\\\/bucuresti\\\/v-gheorghita-bucurestiul-acoperire-vaccinala-de-31-cea-mai-mare-din-tara\\\/#breadcrumb\",\"itemListElement\":[{\"@type\":\"ListItem\",\"position\":1,\"name\":\"Acas\u0103\",\"item\":\"https:\\\/\\\/buletin.de\\\/bucuresti\\\/\"},{\"@type\":\"ListItem\",\"position\":2,\"name\":\"V. Gheorghi\u021b\u0103| Bucure\u0219tiul, acoperire vaccinal\u0103 de 31%, cea mai mare din \u021bar\u0103\"}]},{\"@type\":\"WebSite\",\"@id\":\"https:\\\/\\\/buletin.de\\\/bucuresti\\\/#website\",\"url\":\"https:\\\/\\\/buletin.de\\\/bucuresti\\\/\",\"name\":\"Buletin de Bucure\u0219ti\",\"description\":\"\u0218tiri \u0219i investiga\u021bii esen\u021biale din capital\u0103\",\"publisher\":{\"@id\":\"https:\\\/\\\/buletin.de\\\/bucuresti\\\/#organization\"},\"potentialAction\":[{\"@type\":\"SearchAction\",\"target\":{\"@type\":\"EntryPoint\",\"urlTemplate\":\"https:\\\/\\\/buletin.de\\\/bucuresti\\\/?s={search_term_string}\"},\"query-input\":{\"@type\":\"PropertyValueSpecification\",\"valueRequired\":true,\"valueName\":\"search_term_string\"}}],\"inLanguage\":\"en-GB\"},{\"@type\":\"Organization\",\"@id\":\"https:\\\/\\\/buletin.de\\\/bucuresti\\\/#organization\",\"name\":\"Buletin de Bucure\u0219ti\",\"url\":\"https:\\\/\\\/buletin.de\\\/bucuresti\\\/\",\"logo\":{\"@type\":\"ImageObject\",\"inLanguage\":\"en-GB\",\"@id\":\"https:\\\/\\\/buletin.de\\\/bucuresti\\\/#\\\/schema\\\/logo\\\/image\\\/\",\"url\":\"https:\\\/\\\/buletin.de\\\/bucuresti\\\/wp-content\\\/uploads\\\/logo-bdb-full-wide-vernil-transparent.png\",\"contentUrl\":\"https:\\\/\\\/buletin.de\\\/bucuresti\\\/wp-content\\\/uploads\\\/logo-bdb-full-wide-vernil-transparent.png\",\"width\":1782,\"height\":626,\"caption\":\"Buletin de Bucure\u0219ti\"},\"image\":{\"@id\":\"https:\\\/\\\/buletin.de\\\/bucuresti\\\/#\\\/schema\\\/logo\\\/image\\\/\"},\"sameAs\":[\"https:\\\/\\\/www.facebook.com\\\/buletin.de.buc\",\"https:\\\/\\\/www.instagram.com\\\/buletinde.bucuresti\\\/\"]},{\"@type\":\"Person\",\"@id\":\"https:\\\/\\\/buletin.de\\\/bucuresti\\\/#\\\/schema\\\/person\\\/d369d7ddc775abece205795e0b804614\",\"name\":\"Teodora Stroe\",\"image\":{\"@type\":\"ImageObject\",\"inLanguage\":\"en-GB\",\"@id\":\"https:\\\/\\\/secure.gravatar.com\\\/avatar\\\/2560b4cd9f5f1bc100b123158e657d75584bd1c3e1d9c69285720b9457c1b78d?s=96&d=monsterid&r=gc104800242ba5f2d78dd5d7dc4df08b6\",\"url\":\"https:\\\/\\\/secure.gravatar.com\\\/avatar\\\/2560b4cd9f5f1bc100b123158e657d75584bd1c3e1d9c69285720b9457c1b78d?s=96&d=monsterid&r=g\",\"contentUrl\":\"https:\\\/\\\/secure.gravatar.com\\\/avatar\\\/2560b4cd9f5f1bc100b123158e657d75584bd1c3e1d9c69285720b9457c1b78d?s=96&d=monsterid&r=g\",\"caption\":\"Teodora Stroe\"},\"url\":\"https:\\\/\\\/buletin.de\\\/bucuresti\\\/author\\\/simonacarlugea\\\/\"}]}<\/script>\n<!-- \/ Yoast SEO Premium plugin. -->","yoast_head_json":{"title":"V. Gheorghi\u021b\u0103| Bucure\u0219tiul, acoperire vaccinal\u0103 de 31%, cea mai mare din \u021bar\u0103 - Buletin de Bucure\u0219ti","robots":{"index":"index","follow":"follow","max-snippet":"max-snippet:-1","max-image-preview":"max-image-preview:large","max-video-preview":"max-video-preview:-1"},"canonical":"https:\/\/buletin.de\/bucuresti\/v-gheorghita-bucurestiul-acoperire-vaccinala-de-31-cea-mai-mare-din-tara\/","og_locale":"en_GB","og_type":"article","og_title":"V. Gheorghi\u021b\u0103| Bucure\u0219tiul, acoperire vaccinal\u0103 de 31%, cea mai mare din \u021bar\u0103","og_description":"\u0218eful CNCAV a declarat, \u00een urm\u0103 cu pu\u021bin timp, c\u0103 rata de acoperire vaccinal\u0103 \u00een Capital\u0103 este de 31%, cea mai mare din \u021bar\u0103. \u00cen clasament Bucuere\u0219tiul este urmat de jude\u021bele Cluj, Timi\u0219, Constan\u021ba \u0219i Bra\u0219ov, toate cu procente mai mari dec\u00e2t media na\u021bional\u0103, care e de 20%. Valeriu Gheorghi\u021b\u0103 a mai anun\u021bat \u0219i c\u0103, [&hellip;]","og_url":"https:\/\/buletin.de\/bucuresti\/v-gheorghita-bucurestiul-acoperire-vaccinala-de-31-cea-mai-mare-din-tara\/","og_site_name":"Buletin de Bucure\u0219ti","article_publisher":"https:\/\/www.facebook.com\/buletin.de.buc","article_published_time":"2021-05-04T11:26:54+00:00","article_modified_time":"2021-05-04T11:37:19+00:00","og_image":[{"width":1600,"height":739,"url":"https:\/\/buletin.de\/bucuresti\/wp-content\/uploads\/image-666.png","type":"image\/png"}],"author":"Teodora Stroe","twitter_card":"summary_large_image","twitter_misc":{"Written by":"Teodora Stroe","Estimated reading time":"1 minute"},"schema":{"@context":"https:\/\/schema.org","@graph":[{"@type":"Article","@id":"https:\/\/buletin.de\/bucuresti\/v-gheorghita-bucurestiul-acoperire-vaccinala-de-31-cea-mai-mare-din-tara\/#article","isPartOf":{"@id":"https:\/\/buletin.de\/bucuresti\/v-gheorghita-bucurestiul-acoperire-vaccinala-de-31-cea-mai-mare-din-tara\/"},"author":{"name":"Teodora Stroe","@id":"https:\/\/buletin.de\/bucuresti\/#\/schema\/person\/d369d7ddc775abece205795e0b804614"},"headline":"V. Gheorghi\u021b\u0103| Bucure\u0219tiul, acoperire vaccinal\u0103 de 31%, cea mai mare din \u021bar\u0103","datePublished":"2021-05-04T11:26:54+00:00","dateModified":"2021-05-04T11:37:19+00:00","mainEntityOfPage":{"@id":"https:\/\/buletin.de\/bucuresti\/v-gheorghita-bucurestiul-acoperire-vaccinala-de-31-cea-mai-mare-din-tara\/"},"wordCount":127,"publisher":{"@id":"https:\/\/buletin.de\/bucuresti\/#organization"},"image":{"@id":"https:\/\/buletin.de\/bucuresti\/v-gheorghita-bucurestiul-acoperire-vaccinala-de-31-cea-mai-mare-din-tara\/#primaryimage"},"thumbnailUrl":"https:\/\/buletin.de\/bucuresti\/wp-content\/uploads\/image-666.png","keywords":["acoperire vaccinala","bucuresti"],"articleSection":["\u0218tiri"],"inLanguage":"en-GB","copyrightYear":"2021","copyrightHolder":{"@id":"https:\/\/buletin.de\/bucuresti\/#organization"}},{"@type":"WebPage","@id":"https:\/\/buletin.de\/bucuresti\/v-gheorghita-bucurestiul-acoperire-vaccinala-de-31-cea-mai-mare-din-tara\/","url":"https:\/\/buletin.de\/bucuresti\/v-gheorghita-bucurestiul-acoperire-vaccinala-de-31-cea-mai-mare-din-tara\/","name":"V. Gheorghi\u021b\u0103| Bucure\u0219tiul, acoperire vaccinal\u0103 de 31%, cea mai mare din \u021bar\u0103 - Buletin de Bucure\u0219ti","isPartOf":{"@id":"https:\/\/buletin.de\/bucuresti\/#website"},"primaryImageOfPage":{"@id":"https:\/\/buletin.de\/bucuresti\/v-gheorghita-bucurestiul-acoperire-vaccinala-de-31-cea-mai-mare-din-tara\/#primaryimage"},"image":{"@id":"https:\/\/buletin.de\/bucuresti\/v-gheorghita-bucurestiul-acoperire-vaccinala-de-31-cea-mai-mare-din-tara\/#primaryimage"},"thumbnailUrl":"https:\/\/buletin.de\/bucuresti\/wp-content\/uploads\/image-666.png","datePublished":"2021-05-04T11:26:54+00:00","dateModified":"2021-05-04T11:37:19+00:00","breadcrumb":{"@id":"https:\/\/buletin.de\/bucuresti\/v-gheorghita-bucurestiul-acoperire-vaccinala-de-31-cea-mai-mare-din-tara\/#breadcrumb"},"inLanguage":"en-GB","potentialAction":[{"@type":"ReadAction","target":["https:\/\/buletin.de\/bucuresti\/v-gheorghita-bucurestiul-acoperire-vaccinala-de-31-cea-mai-mare-din-tara\/"]}]},{"@type":"ImageObject","inLanguage":"en-GB","@id":"https:\/\/buletin.de\/bucuresti\/v-gheorghita-bucurestiul-acoperire-vaccinala-de-31-cea-mai-mare-din-tara\/#primaryimage","url":"https:\/\/buletin.de\/bucuresti\/wp-content\/uploads\/image-666.png","contentUrl":"https:\/\/buletin.de\/bucuresti\/wp-content\/uploads\/image-666.png","width":1600,"height":739},{"@type":"BreadcrumbList","@id":"https:\/\/buletin.de\/bucuresti\/v-gheorghita-bucurestiul-acoperire-vaccinala-de-31-cea-mai-mare-din-tara\/#breadcrumb","itemListElement":[{"@type":"ListItem","position":1,"name":"Acas\u0103","item":"https:\/\/buletin.de\/bucuresti\/"},{"@type":"ListItem","position":2,"name":"V. Gheorghi\u021b\u0103| Bucure\u0219tiul, acoperire vaccinal\u0103 de 31%, cea mai mare din \u021bar\u0103"}]},{"@type":"WebSite","@id":"https:\/\/buletin.de\/bucuresti\/#website","url":"https:\/\/buletin.de\/bucuresti\/","name":"Buletin de Bucure\u0219ti","description":"\u0218tiri \u0219i investiga\u021bii esen\u021biale din capital\u0103","publisher":{"@id":"https:\/\/buletin.de\/bucuresti\/#organization"},"potentialAction":[{"@type":"SearchAction","target":{"@type":"EntryPoint","urlTemplate":"https:\/\/buletin.de\/bucuresti\/?s={search_term_string}"},"query-input":{"@type":"PropertyValueSpecification","valueRequired":true,"valueName":"search_term_string"}}],"inLanguage":"en-GB"},{"@type":"Organization","@id":"https:\/\/buletin.de\/bucuresti\/#organization","name":"Buletin de Bucure\u0219ti","url":"https:\/\/buletin.de\/bucuresti\/","logo":{"@type":"ImageObject","inLanguage":"en-GB","@id":"https:\/\/buletin.de\/bucuresti\/#\/schema\/logo\/image\/","url":"https:\/\/buletin.de\/bucuresti\/wp-content\/uploads\/logo-bdb-full-wide-vernil-transparent.png","contentUrl":"https:\/\/buletin.de\/bucuresti\/wp-content\/uploads\/logo-bdb-full-wide-vernil-transparent.png","width":1782,"height":626,"caption":"Buletin de Bucure\u0219ti"},"image":{"@id":"https:\/\/buletin.de\/bucuresti\/#\/schema\/logo\/image\/"},"sameAs":["https:\/\/www.facebook.com\/buletin.de.buc","https:\/\/www.instagram.com\/buletinde.bucuresti\/"]},{"@type":"Person","@id":"https:\/\/buletin.de\/bucuresti\/#\/schema\/person\/d369d7ddc775abece205795e0b804614","name":"Teodora Stroe","image":{"@type":"ImageObject","inLanguage":"en-GB","@id":"https:\/\/secure.gravatar.com\/avatar\/2560b4cd9f5f1bc100b123158e657d75584bd1c3e1d9c69285720b9457c1b78d?s=96&d=monsterid&r=gc104800242ba5f2d78dd5d7dc4df08b6","url":"https:\/\/secure.gravatar.com\/avatar\/2560b4cd9f5f1bc100b123158e657d75584bd1c3e1d9c69285720b9457c1b78d?s=96&d=monsterid&r=g","contentUrl":"https:\/\/secure.gravatar.com\/avatar\/2560b4cd9f5f1bc100b123158e657d75584bd1c3e1d9c69285720b9457c1b78d?s=96&d=monsterid&r=g","caption":"Teodora Stroe"},"url":"https:\/\/buletin.de\/bucuresti\/author\/simonacarlugea\/"}]}},"authors":[{"term_id":22579,"user_id":18,"is_guest":0,"slug":"simonacarlugea","display_name":"Teodora Stroe","avatar_url":"https:\/\/secure.gravatar.com\/avatar\/2560b4cd9f5f1bc100b123158e657d75584bd1c3e1d9c69285720b9457c1b78d?s=96&d=monsterid&r=g","0":null,"1":"","2":"","3":"","4":"","5":"","6":"","7":"","8":""}],"_links":{"self":[{"href":"https:\/\/buletin.de\/bucuresti\/wp-json\/wp\/v2\/posts\/24041","targetHints":{"allow":["GET"]}}],"collection":[{"href":"https:\/\/buletin.de\/bucuresti\/wp-json\/wp\/v2\/posts"}],"about":[{"href":"https:\/\/buletin.de\/bucuresti\/wp-json\/wp\/v2\/types\/post"}],"author":[{"embeddable":true,"href":"https:\/\/buletin.de\/bucuresti\/wp-json\/wp\/v2\/users\/18"}],"replies":[{"embeddable":true,"href":"https:\/\/buletin.de\/bucuresti\/wp-json\/wp\/v2\/comments?post=24041"}],"version-history":[{"count":4,"href":"https:\/\/buletin.de\/bucuresti\/wp-json\/wp\/v2\/posts\/24041\/revisions"}],"predecessor-version":[{"id":24046,"href":"https:\/\/buletin.de\/bucuresti\/wp-json\/wp\/v2\/posts\/24041\/revisions\/24046"}],"wp:featuredmedia":[{"embeddable":true,"href":"https:\/\/buletin.de\/bucuresti\/wp-json\/wp\/v2\/media\/24043"}],"wp:attachment":[{"href":"https:\/\/buletin.de\/bucuresti\/wp-json\/wp\/v2\/media?parent=24041"}],"wp:term":[{"taxonomy":"category","embeddable":true,"href":"https:\/\/buletin.de\/bucuresti\/wp-json\/wp\/v2\/categories?post=24041"},{"taxonomy":"post_tag","embeddable":true,"href":"https:\/\/buletin.de\/bucuresti\/wp-json\/wp\/v2\/tags?post=24041"},{"taxonomy":"author","embeddable":true,"href":"https:\/\/buletin.de\/bucuresti\/wp-json\/wp\/v2\/ppma_author?post=24041"}],"curies":[{"name":"wp","href":"https:\/\/api.w.org\/{rel}","templated":true}]}}