{"id":24026,"date":"2021-05-04T12:54:22","date_gmt":"2021-05-04T09:54:22","guid":{"rendered":"https:\/\/buletin.de\/bucuresti\/?p=24026"},"modified":"2021-05-04T12:56:57","modified_gmt":"2021-05-04T09:56:57","slug":"77-dintre-medicii-de-familie-din-bucuresti-nu-participa-la-campania-de-vaccinare-in-ilfov-procentul-e-de-67","status":"publish","type":"post","link":"https:\/\/buletin.de\/bucuresti\/77-dintre-medicii-de-familie-din-bucuresti-nu-participa-la-campania-de-vaccinare-in-ilfov-procentul-e-de-67\/","title":{"rendered":"77% dintre medicii de familie din Bucure\u0219ti nu particip\u0103 la campania de vaccinare.  \u00cen Ilfov, procentul e de 67%"},"content":{"rendered":"\n<p>Ast\u0103zi, \u00eencepe oficial campania de imunizare antiCOVID19, \u00een cabinetele medicilor de familie, cu vaccinul de la Johnson&amp;Johnson. Conform informa\u021biilor publicate pe pagina sa de Facebook de secretarul de stat Andrei Baciu, \u00een Bucure\u0219ti, s-au \u00eenscris \u00een aceast\u0103 campanie 225 de medici, din cei 989 care activeaz\u0103, iar, \u00een Ilfov, 53 din 160. Pre\u0219edintele CNCAV, colonelul Valeriu Gheorghi\u021b\u0103 a declarat, pentru Buletin de Bucure\u0219ti, c\u0103 \u00een acest moment este o problem\u0103 cu derularea campaniei, pentru c\u0103 &#8220;<em>inc\u0103 nu sunt to\u021bi preg\u0103ti\u021bi s\u0103 inceap\u0103 de azi. Vor \u00eencepe progresiv, incepand cu azi<\/em>&#8220;.<\/p>\n\n\n\n<h2 class=\"wp-block-heading\">DSP Bucure\u0219ti nu r\u0103spunde la solicit\u0103ri de informa\u021bii publice<\/h2>\n\n\n\n<p>Pe 7 aprilie, am cerut la DSP Bucure\u0219ti, printr-un email, num\u0103rul de medici de familie care s-au \u00eenscris \u00een campania de vaccinare. Dup\u0103 expirarea termenului legal, conform legii 544.2001, pe 22 aprilie, am revenit cu o solicitare. Niciuna dintre ele nu a primit r\u0103spuns p\u00e2n\u0103 la aceast\u0103 or\u0103.<\/p>\n\n\n\n<p>Am aflat c\u00e2\u021bi medici de familie vor s\u0103 participe la imunizare \u00een Capital\u0103 abia dup\u0103 ce secretarul de stat, Andrei Baciu, a publicat pe pagina sa de Facebook num\u0103rul de participan\u021bi la campanie din fiecare jude\u021b. <strong>225 din 989, adic\u0103 \u00een jur de 23%. <\/strong><\/p>\n\n\n\n<p>\u00cen schimb, DSP Ilfov a r\u0103spuns solicit\u0103rii. Conform adresei primite, <strong>53 din cei 160 de medici de familie<\/strong> din jude\u021b s-au \u00eenscris \u00een campania de imunizare, adic\u0103 <strong>\u00een jur de 33%.<\/strong><\/p>\n\n\n\n<h2 class=\"wp-block-heading\">La nivel na\u021bional, procentul de participare este de 27.7%<\/h2>\n\n\n\n<p>Nici la nivel na\u021bional, datele nu arat\u0103 mai bine. Conform informa\u021biilor furnizate de secretarul de stat Andrei Baciu, este vorba de <strong>3035 de medici din totalul de 10940.<\/strong><\/p>\n\n\n\n<p class=\"has-luminous-vivid-amber-background-color has-background\">?A\u0219a arat\u0103 lista detaliat\u0103 cu cei 3.035 de medici \u00eenscri\u0219i p\u00e2n\u0103 acum:* Mun. Bucure\u0219ti (225), Alba (46), Arad (96), Arge\u0219 (68), Bac\u0103u (63), Bihor (66), Bistri\u021ba (112), Boto\u0219ani (41), Bra\u0219ov (74), Br\u0103ila (30), Buz\u0103u (85), C\u0103l\u0103ra\u0219i (63), Cara\u0219 Severin (9), Cluj (64), Constan\u021ba (77), Covasna (46), D\u00e2mbovi\u021ba (76), Dolj (119), Gala\u021bi (36), Giurgiu (25), Gorj (59), Harghita (59), Hunedoara (39), Ialomi\u021ba (34), Ia\u0219i (191), Ilfov (53), Maramure\u0219 (109), Mehedin\u021bi (55), Mure\u0219 (130), Neam\u021b (107), Olt (112), Prahova (70), Satu Mare (58), S\u0103laj (38), Sibiu (105), Suceava (43), Teleorman (57), Timi\u0219 (113), Tulcea (35), Vaslui (37), V\u00e2lcea (29), Vrancea (81).<br>*<strong>cifrele se schimb\u0103 de la o zi la alta<\/strong><\/p>\n\n\n\n<p class=\"has-text-align-center\">Sursa Facebook Andrei Baciu<\/p>\n\n\n\n<p>Cifrele nu s-au modificat \u00eens\u0103, de aproape o lun\u0103 de zile. Pe 6 Aprilie, conducerea CNCAV a vorbit \u00eentr-o conferin\u021b\u0103 de pres\u0103 despre campania de vaccinare prin intermediul medicilor de familie. Era finalul perioadei \u00een care ace\u0219tia se puteau \u00eenscrie la DSP pentru a participa la campanie. <\/p>\n\n\n\n<p><em>Avem situa\u021bia centralizat\u0103 la nivel na\u021bional, sunt 3.028 de medici de familie care au optat pentru a participa la campania de vaccinare prin cabinetele proprii, din totalul celor 10.940 de medici de familie care se afl\u0103 \u00een rela\u021bie contractual\u0103 cu Casa Na\u021bional\u0103 de Asigur\u0103ri de S\u0103n\u0103tate, ceea ce \u00eenseamn\u0103 un procent de circa 30%. Este mai pu\u021bin dec\u00e2t ne a\u0219teptam \u0219i c\u00e2t estimam din datele disponibile preliminare.&nbsp;<\/em>a declarat dr. Valeriu Gheorghi\u021b\u0103, pe 6 aprilie.<\/p>\n\n\n\n<p>Adic\u0103, \u00eentr-o lun\u0103 s-au mai \u00eenscris \u00een plus doar 7 medici.<\/p>\n\n\n\n<h2 class=\"wp-block-heading\">R\u0103m\u00e2ne doar Johnson&amp;Johnson<\/h2>\n\n\n\n<p>\u00cen aceea\u0219i conferin\u021b\u0103 de pres\u0103 din aprilie, \u0219eful CNCAV a explicat \u0219i cum va func\u021biona campania. Medicii de familie urmau s\u0103 administreze vaccinurile de la Johnson&amp;Johnson \u0219i Astra Zeneca ce nu au nevoie de condi\u021bii speciale de p\u0103strare.<\/p>\n\n\n\n<p><em>\u00cen primul r\u00e2nd, \u00een cabinetele medicilor de familie vor fi alocate vaccinuri pentru care se poate asigura condi\u021biile de lan\u021b de frig, vaccinuri care pot s\u0103 fie depozitate \u00eentre 2 \u0219i 8 grade \u0219i, de asemenea, s\u0103 fie distribuite pe acelea\u0219i condi\u021bii de temperatur\u0103, ceea ce \u00eenseamn\u0103 c\u0103 avem la acest moment dou\u0103 op\u021biuni: vaccinul de la AstraZeneca \u0219i vaccinul de la Johnson &amp; Johnson, \u00een func\u021bie de num\u0103rul de doze pe care urmeaz\u0103 s\u0103 le recep\u021bion\u0103m. Vaccinurile \u0219i materialele sanitare, inclusiv trusele de adrenalin\u0103 preumplute, seringile preumplute de adrenalin\u0103,&nbsp; EpiPen-uri, vor fi alocate c\u0103tre fiecare cabinet de medicin\u0103 de familie.<\/em>, a declarat dr. Valeriu Gheorghi\u021b\u0103, pe 6 aprilie.<\/p>\n\n\n\n<p>\u00cen postarea sa de ieri, secretarul de stat, Andrei Baciu, vorbe\u0219te doar de Jansenn, vaccinul celor de la Johnson&amp;Johnson. <\/p>\n\n\n\n<p><em>\u00cencep\u00e2nd de m\u00e2ine vom avea \u00eenc\u0103 3.035 fluxuri noi de vaccinare! Medicii de familie se al\u0103tur\u0103 campaniei anti-covid \u0219i \u00eencep imunizarea \u00een propriile cabinete cu vaccinul Johnson&amp;Johnson (Janssen). Le mul\u021bumesc tuturor celor care au acceptat s\u0103 fac\u0103 parte din echipa care se lupt\u0103 \u00een fiecare zi cu pandemia de coronavirus. Serul va ajunge \u00een toate zonele \u021b\u0103rii, inclusiv \u00een mediul rural.<\/em>, a scris Andrei Baciu pe Facebook.<\/p>\n\n\n\n<h2 class=\"wp-block-heading\">\u0218i pu\u021bini, \u0219i nepreg\u0103ti\u021bi<\/h2>\n\n\n\n<p>Campania oficial\u0103 de vaccinare prin intermediul medicilor de familie a \u00eenceput, teoretic, ast\u0103zi. <\/p>\n\n\n\n<p>Practic \u00eens\u0103, nu \u0219tim exact c\u00e2\u021bi din medicii de familie au \u0219i \u00eenceput imunizarea pentru c\u0103 nu exist\u0103 nicio statistic\u0103 oficial\u0103. \u0218eful CNCAV a declarat, pentru Buletin de Bucure\u0219ti, c\u0103 vaccinarea va \u00eencepe treptat pentru c\u0103 nu to\u021bi medicii sunt preg\u0103ti\u021bi.<\/p>\n\n\n\n<p><em>Problema este c\u0103 \u00eenc\u0103 nu sunt to\u021bi preg\u0103ti\u021bi s\u0103 inceap\u0103 de azi. Vor incepe progresiv, \u00eencep\u00e2nd cu azi<\/em>., ne-a declarat dr. Valeriu Gheorghi\u021b\u0103.<\/p>\n\n\n\n<h2 class=\"wp-block-heading\">Programarea se va face direct la medicii de familie, nu prin platform\u0103<\/h2>\n\n\n\n<p>Procedura de imunizare prin intermediul medicilor de familie se va face f\u0103r\u0103 programare \u00een platforma de vaccinare. <\/p>\n\n\n\n<p><em>Pacien\u021bii trebuie s\u0103 se adreseze medicilor de familie la care sunt aronda\u021bi \u00een vederea acestor informa\u021bii. Listele nu ajut\u0103 la nimic, av\u00e2nd \u00een vedere c\u0103 sunt extrem de dinamice, mai ales \u00een aceast\u0103 perioad\u0103 de inceput \u0219i nu ar face dec\u00e2t s\u0103 bulverseze oamenii<\/em>, a declarat dr. Valeriu Gheorghi\u021b\u0103, pentru Buletin de Bucure\u0219ti.<\/p>\n\n\n\n<p>Vaccinarea cu Janssen se face cu o doz\u0103 unic\u0103. Medicii de familie trebuie s\u0103 programeze zilnic un num\u0103r de pacien\u021bi multiplu de 5, deoarece, dintr-un flacon de vaccin, se pot administra 5 doze.<\/p>\n\n\n\n<p><em>Vaccin\u0103rile \u00een cabinetele medicilor de familie se vor desf\u0103\u0219ura \u00een afara programului de lucru obi\u0219nuit. Fiecare medic de familie \u00ee\u0219i va stabili propriul program de vaccinare, \u00een func\u021bie de orele contractate cu Casa Na\u021bional\u0103 de Asigur\u0103ri, a\u0219a \u00eenc\u00e2t s\u0103 existe un program destinat strict pentru vaccinarea \u00eempotriva COVID 19 a persoanelor doritoare. De asemenea, se va asigura un circuit conform celui deja existent, pentru c\u0103 \u0219tim, \u00een cabinetele medicilor de familie se deruleaz\u0103 activit\u0103\u021bi de vaccinare \u00een cadrul Programului Na\u021bional de Imunizare<\/em>. &#8211; comunicat CNCAV.<\/p>\n\n\n\n<p>Dup\u0103 imunizare, medicii de familie \u00eenscriu persoanele vaccinate \u00een platforma na\u021bional\u0103.<\/p>\n\n\n\n<p><\/p>\n","protected":false},"excerpt":{"rendered":"<p>Ast\u0103zi, \u00eencepe oficial campania de imunizare antiCOVID19, \u00een cabinetele medicilor de familie, cu vaccinul de la Johnson&amp;Johnson. Conform informa\u021biilor publicate pe pagina sa de Facebook de secretarul de stat Andrei Baciu, \u00een Bucure\u0219ti, s-au \u00eenscris \u00een aceast\u0103 campanie 225 de medici, din cei 989 care activeaz\u0103, iar, \u00een Ilfov, 53 din 160. Pre\u0219edintele CNCAV, colonelul [&hellip;]<\/p>\n","protected":false},"author":18,"featured_media":24038,"comment_status":"closed","ping_status":"open","sticky":false,"template":"","format":"standard","meta":{"_acf_changed":false,"inline_featured_image":false,"ngg_post_thumbnail":0,"footnotes":""},"categories":[62],"tags":[9,820,2669,2042],"ppma_author":[22579],"class_list":["post-24026","post","type-post","status-publish","format-standard","has-post-thumbnail","hentry","category-stiri","tag-bucuresti","tag-ilfov","tag-medici-de-familie","tag-vaccinare"],"acf":[],"yoast_head":"<!-- This site is optimized with the Yoast SEO Premium plugin v25.3 (Yoast SEO v27.5) - https:\/\/yoast.com\/product\/yoast-seo-premium-wordpress\/ -->\n<title>77% dintre medicii de familie din Bucure\u0219ti nu particip\u0103 la campania de vaccinare. \u00cen Ilfov, procentul e de 67% - Buletin de Bucure\u0219ti<\/title>\n<meta name=\"robots\" content=\"index, follow, max-snippet:-1, max-image-preview:large, max-video-preview:-1\" \/>\n<link rel=\"canonical\" href=\"https:\/\/buletin.de\/bucuresti\/77-dintre-medicii-de-familie-din-bucuresti-nu-participa-la-campania-de-vaccinare-in-ilfov-procentul-e-de-67\/\" \/>\n<meta property=\"og:locale\" content=\"en_GB\" \/>\n<meta property=\"og:type\" content=\"article\" \/>\n<meta property=\"og:title\" content=\"77% dintre medicii de familie din Bucure\u0219ti nu particip\u0103 la campania de vaccinare. \u00cen Ilfov, procentul e de 67%\" \/>\n<meta property=\"og:description\" content=\"Ast\u0103zi, \u00eencepe oficial campania de imunizare antiCOVID19, \u00een cabinetele medicilor de familie, cu vaccinul de la Johnson&amp;Johnson. Conform informa\u021biilor publicate pe pagina sa de Facebook de secretarul de stat Andrei Baciu, \u00een Bucure\u0219ti, s-au \u00eenscris \u00een aceast\u0103 campanie 225 de medici, din cei 989 care activeaz\u0103, iar, \u00een Ilfov, 53 din 160. Pre\u0219edintele CNCAV, colonelul [&hellip;]\" \/>\n<meta property=\"og:url\" content=\"https:\/\/buletin.de\/bucuresti\/77-dintre-medicii-de-familie-din-bucuresti-nu-participa-la-campania-de-vaccinare-in-ilfov-procentul-e-de-67\/\" \/>\n<meta property=\"og:site_name\" content=\"Buletin de Bucure\u0219ti\" \/>\n<meta property=\"article:publisher\" content=\"https:\/\/www.facebook.com\/buletin.de.buc\" \/>\n<meta property=\"article:published_time\" content=\"2021-05-04T09:54:22+00:00\" \/>\n<meta property=\"article:modified_time\" content=\"2021-05-04T09:56:57+00:00\" \/>\n<meta property=\"og:image\" content=\"https:\/\/buletin.de\/bucuresti\/wp-content\/uploads\/mat-napo-pIJ34ZrZEEw-unsplash-scaled.jpg\" \/>\n\t<meta property=\"og:image:width\" content=\"2560\" \/>\n\t<meta property=\"og:image:height\" content=\"1707\" \/>\n\t<meta property=\"og:image:type\" content=\"image\/jpeg\" \/>\n<meta name=\"author\" content=\"Teodora Stroe\" \/>\n<meta name=\"twitter:card\" content=\"summary_large_image\" \/>\n<meta name=\"twitter:label1\" content=\"Written by\" \/>\n\t<meta name=\"twitter:data1\" content=\"Teodora Stroe\" \/>\n\t<meta name=\"twitter:label2\" content=\"Estimated reading time\" \/>\n\t<meta name=\"twitter:data2\" content=\"5 minutes\" \/>\n<script type=\"application\/ld+json\" class=\"yoast-schema-graph\">{\"@context\":\"https:\\\/\\\/schema.org\",\"@graph\":[{\"@type\":\"Article\",\"@id\":\"https:\\\/\\\/buletin.de\\\/bucuresti\\\/77-dintre-medicii-de-familie-din-bucuresti-nu-participa-la-campania-de-vaccinare-in-ilfov-procentul-e-de-67\\\/#article\",\"isPartOf\":{\"@id\":\"https:\\\/\\\/buletin.de\\\/bucuresti\\\/77-dintre-medicii-de-familie-din-bucuresti-nu-participa-la-campania-de-vaccinare-in-ilfov-procentul-e-de-67\\\/\"},\"author\":{\"name\":\"Teodora Stroe\",\"@id\":\"https:\\\/\\\/buletin.de\\\/bucuresti\\\/#\\\/schema\\\/person\\\/d369d7ddc775abece205795e0b804614\"},\"headline\":\"77% dintre medicii de familie din Bucure\u0219ti nu particip\u0103 la campania de vaccinare. \u00cen Ilfov, procentul e de 67%\",\"datePublished\":\"2021-05-04T09:54:22+00:00\",\"dateModified\":\"2021-05-04T09:56:57+00:00\",\"mainEntityOfPage\":{\"@id\":\"https:\\\/\\\/buletin.de\\\/bucuresti\\\/77-dintre-medicii-de-familie-din-bucuresti-nu-participa-la-campania-de-vaccinare-in-ilfov-procentul-e-de-67\\\/\"},\"wordCount\":1102,\"publisher\":{\"@id\":\"https:\\\/\\\/buletin.de\\\/bucuresti\\\/#organization\"},\"image\":{\"@id\":\"https:\\\/\\\/buletin.de\\\/bucuresti\\\/77-dintre-medicii-de-familie-din-bucuresti-nu-participa-la-campania-de-vaccinare-in-ilfov-procentul-e-de-67\\\/#primaryimage\"},\"thumbnailUrl\":\"https:\\\/\\\/buletin.de\\\/bucuresti\\\/wp-content\\\/uploads\\\/mat-napo-pIJ34ZrZEEw-unsplash-scaled.jpg\",\"keywords\":[\"bucuresti\",\"Ilfov\",\"medici de familie\",\"vaccinare\"],\"articleSection\":[\"\u0218tiri\"],\"inLanguage\":\"en-GB\",\"copyrightYear\":\"2021\",\"copyrightHolder\":{\"@id\":\"https:\\\/\\\/buletin.de\\\/bucuresti\\\/#organization\"}},{\"@type\":\"WebPage\",\"@id\":\"https:\\\/\\\/buletin.de\\\/bucuresti\\\/77-dintre-medicii-de-familie-din-bucuresti-nu-participa-la-campania-de-vaccinare-in-ilfov-procentul-e-de-67\\\/\",\"url\":\"https:\\\/\\\/buletin.de\\\/bucuresti\\\/77-dintre-medicii-de-familie-din-bucuresti-nu-participa-la-campania-de-vaccinare-in-ilfov-procentul-e-de-67\\\/\",\"name\":\"77% dintre medicii de familie din Bucure\u0219ti nu particip\u0103 la campania de vaccinare. \u00cen Ilfov, procentul e de 67% - Buletin de Bucure\u0219ti\",\"isPartOf\":{\"@id\":\"https:\\\/\\\/buletin.de\\\/bucuresti\\\/#website\"},\"primaryImageOfPage\":{\"@id\":\"https:\\\/\\\/buletin.de\\\/bucuresti\\\/77-dintre-medicii-de-familie-din-bucuresti-nu-participa-la-campania-de-vaccinare-in-ilfov-procentul-e-de-67\\\/#primaryimage\"},\"image\":{\"@id\":\"https:\\\/\\\/buletin.de\\\/bucuresti\\\/77-dintre-medicii-de-familie-din-bucuresti-nu-participa-la-campania-de-vaccinare-in-ilfov-procentul-e-de-67\\\/#primaryimage\"},\"thumbnailUrl\":\"https:\\\/\\\/buletin.de\\\/bucuresti\\\/wp-content\\\/uploads\\\/mat-napo-pIJ34ZrZEEw-unsplash-scaled.jpg\",\"datePublished\":\"2021-05-04T09:54:22+00:00\",\"dateModified\":\"2021-05-04T09:56:57+00:00\",\"breadcrumb\":{\"@id\":\"https:\\\/\\\/buletin.de\\\/bucuresti\\\/77-dintre-medicii-de-familie-din-bucuresti-nu-participa-la-campania-de-vaccinare-in-ilfov-procentul-e-de-67\\\/#breadcrumb\"},\"inLanguage\":\"en-GB\",\"potentialAction\":[{\"@type\":\"ReadAction\",\"target\":[\"https:\\\/\\\/buletin.de\\\/bucuresti\\\/77-dintre-medicii-de-familie-din-bucuresti-nu-participa-la-campania-de-vaccinare-in-ilfov-procentul-e-de-67\\\/\"]}]},{\"@type\":\"ImageObject\",\"inLanguage\":\"en-GB\",\"@id\":\"https:\\\/\\\/buletin.de\\\/bucuresti\\\/77-dintre-medicii-de-familie-din-bucuresti-nu-participa-la-campania-de-vaccinare-in-ilfov-procentul-e-de-67\\\/#primaryimage\",\"url\":\"https:\\\/\\\/buletin.de\\\/bucuresti\\\/wp-content\\\/uploads\\\/mat-napo-pIJ34ZrZEEw-unsplash-scaled.jpg\",\"contentUrl\":\"https:\\\/\\\/buletin.de\\\/bucuresti\\\/wp-content\\\/uploads\\\/mat-napo-pIJ34ZrZEEw-unsplash-scaled.jpg\",\"width\":2560,\"height\":1707},{\"@type\":\"BreadcrumbList\",\"@id\":\"https:\\\/\\\/buletin.de\\\/bucuresti\\\/77-dintre-medicii-de-familie-din-bucuresti-nu-participa-la-campania-de-vaccinare-in-ilfov-procentul-e-de-67\\\/#breadcrumb\",\"itemListElement\":[{\"@type\":\"ListItem\",\"position\":1,\"name\":\"Acas\u0103\",\"item\":\"https:\\\/\\\/buletin.de\\\/bucuresti\\\/\"},{\"@type\":\"ListItem\",\"position\":2,\"name\":\"77% dintre medicii de familie din Bucure\u0219ti nu particip\u0103 la campania de vaccinare. \u00cen Ilfov, procentul e de 67%\"}]},{\"@type\":\"WebSite\",\"@id\":\"https:\\\/\\\/buletin.de\\\/bucuresti\\\/#website\",\"url\":\"https:\\\/\\\/buletin.de\\\/bucuresti\\\/\",\"name\":\"Buletin de Bucure\u0219ti\",\"description\":\"\u0218tiri \u0219i investiga\u021bii esen\u021biale din capital\u0103\",\"publisher\":{\"@id\":\"https:\\\/\\\/buletin.de\\\/bucuresti\\\/#organization\"},\"potentialAction\":[{\"@type\":\"SearchAction\",\"target\":{\"@type\":\"EntryPoint\",\"urlTemplate\":\"https:\\\/\\\/buletin.de\\\/bucuresti\\\/?s={search_term_string}\"},\"query-input\":{\"@type\":\"PropertyValueSpecification\",\"valueRequired\":true,\"valueName\":\"search_term_string\"}}],\"inLanguage\":\"en-GB\"},{\"@type\":\"Organization\",\"@id\":\"https:\\\/\\\/buletin.de\\\/bucuresti\\\/#organization\",\"name\":\"Buletin de Bucure\u0219ti\",\"url\":\"https:\\\/\\\/buletin.de\\\/bucuresti\\\/\",\"logo\":{\"@type\":\"ImageObject\",\"inLanguage\":\"en-GB\",\"@id\":\"https:\\\/\\\/buletin.de\\\/bucuresti\\\/#\\\/schema\\\/logo\\\/image\\\/\",\"url\":\"https:\\\/\\\/buletin.de\\\/bucuresti\\\/wp-content\\\/uploads\\\/logo-bdb-full-wide-vernil-transparent.png\",\"contentUrl\":\"https:\\\/\\\/buletin.de\\\/bucuresti\\\/wp-content\\\/uploads\\\/logo-bdb-full-wide-vernil-transparent.png\",\"width\":1782,\"height\":626,\"caption\":\"Buletin de Bucure\u0219ti\"},\"image\":{\"@id\":\"https:\\\/\\\/buletin.de\\\/bucuresti\\\/#\\\/schema\\\/logo\\\/image\\\/\"},\"sameAs\":[\"https:\\\/\\\/www.facebook.com\\\/buletin.de.buc\",\"https:\\\/\\\/www.instagram.com\\\/buletinde.bucuresti\\\/\"]},{\"@type\":\"Person\",\"@id\":\"https:\\\/\\\/buletin.de\\\/bucuresti\\\/#\\\/schema\\\/person\\\/d369d7ddc775abece205795e0b804614\",\"name\":\"Teodora Stroe\",\"image\":{\"@type\":\"ImageObject\",\"inLanguage\":\"en-GB\",\"@id\":\"https:\\\/\\\/secure.gravatar.com\\\/avatar\\\/2560b4cd9f5f1bc100b123158e657d75584bd1c3e1d9c69285720b9457c1b78d?s=96&d=monsterid&r=gc104800242ba5f2d78dd5d7dc4df08b6\",\"url\":\"https:\\\/\\\/secure.gravatar.com\\\/avatar\\\/2560b4cd9f5f1bc100b123158e657d75584bd1c3e1d9c69285720b9457c1b78d?s=96&d=monsterid&r=g\",\"contentUrl\":\"https:\\\/\\\/secure.gravatar.com\\\/avatar\\\/2560b4cd9f5f1bc100b123158e657d75584bd1c3e1d9c69285720b9457c1b78d?s=96&d=monsterid&r=g\",\"caption\":\"Teodora Stroe\"},\"url\":\"https:\\\/\\\/buletin.de\\\/bucuresti\\\/author\\\/simonacarlugea\\\/\"}]}<\/script>\n<!-- \/ Yoast SEO Premium plugin. -->","yoast_head_json":{"title":"77% dintre medicii de familie din Bucure\u0219ti nu particip\u0103 la campania de vaccinare. \u00cen Ilfov, procentul e de 67% - Buletin de Bucure\u0219ti","robots":{"index":"index","follow":"follow","max-snippet":"max-snippet:-1","max-image-preview":"max-image-preview:large","max-video-preview":"max-video-preview:-1"},"canonical":"https:\/\/buletin.de\/bucuresti\/77-dintre-medicii-de-familie-din-bucuresti-nu-participa-la-campania-de-vaccinare-in-ilfov-procentul-e-de-67\/","og_locale":"en_GB","og_type":"article","og_title":"77% dintre medicii de familie din Bucure\u0219ti nu particip\u0103 la campania de vaccinare. \u00cen Ilfov, procentul e de 67%","og_description":"Ast\u0103zi, \u00eencepe oficial campania de imunizare antiCOVID19, \u00een cabinetele medicilor de familie, cu vaccinul de la Johnson&amp;Johnson. Conform informa\u021biilor publicate pe pagina sa de Facebook de secretarul de stat Andrei Baciu, \u00een Bucure\u0219ti, s-au \u00eenscris \u00een aceast\u0103 campanie 225 de medici, din cei 989 care activeaz\u0103, iar, \u00een Ilfov, 53 din 160. Pre\u0219edintele CNCAV, colonelul [&hellip;]","og_url":"https:\/\/buletin.de\/bucuresti\/77-dintre-medicii-de-familie-din-bucuresti-nu-participa-la-campania-de-vaccinare-in-ilfov-procentul-e-de-67\/","og_site_name":"Buletin de Bucure\u0219ti","article_publisher":"https:\/\/www.facebook.com\/buletin.de.buc","article_published_time":"2021-05-04T09:54:22+00:00","article_modified_time":"2021-05-04T09:56:57+00:00","og_image":[{"width":2560,"height":1707,"url":"https:\/\/buletin.de\/bucuresti\/wp-content\/uploads\/mat-napo-pIJ34ZrZEEw-unsplash-scaled.jpg","type":"image\/jpeg"}],"author":"Teodora Stroe","twitter_card":"summary_large_image","twitter_misc":{"Written by":"Teodora Stroe","Estimated reading time":"5 minutes"},"schema":{"@context":"https:\/\/schema.org","@graph":[{"@type":"Article","@id":"https:\/\/buletin.de\/bucuresti\/77-dintre-medicii-de-familie-din-bucuresti-nu-participa-la-campania-de-vaccinare-in-ilfov-procentul-e-de-67\/#article","isPartOf":{"@id":"https:\/\/buletin.de\/bucuresti\/77-dintre-medicii-de-familie-din-bucuresti-nu-participa-la-campania-de-vaccinare-in-ilfov-procentul-e-de-67\/"},"author":{"name":"Teodora Stroe","@id":"https:\/\/buletin.de\/bucuresti\/#\/schema\/person\/d369d7ddc775abece205795e0b804614"},"headline":"77% dintre medicii de familie din Bucure\u0219ti nu particip\u0103 la campania de vaccinare. \u00cen Ilfov, procentul e de 67%","datePublished":"2021-05-04T09:54:22+00:00","dateModified":"2021-05-04T09:56:57+00:00","mainEntityOfPage":{"@id":"https:\/\/buletin.de\/bucuresti\/77-dintre-medicii-de-familie-din-bucuresti-nu-participa-la-campania-de-vaccinare-in-ilfov-procentul-e-de-67\/"},"wordCount":1102,"publisher":{"@id":"https:\/\/buletin.de\/bucuresti\/#organization"},"image":{"@id":"https:\/\/buletin.de\/bucuresti\/77-dintre-medicii-de-familie-din-bucuresti-nu-participa-la-campania-de-vaccinare-in-ilfov-procentul-e-de-67\/#primaryimage"},"thumbnailUrl":"https:\/\/buletin.de\/bucuresti\/wp-content\/uploads\/mat-napo-pIJ34ZrZEEw-unsplash-scaled.jpg","keywords":["bucuresti","Ilfov","medici de familie","vaccinare"],"articleSection":["\u0218tiri"],"inLanguage":"en-GB","copyrightYear":"2021","copyrightHolder":{"@id":"https:\/\/buletin.de\/bucuresti\/#organization"}},{"@type":"WebPage","@id":"https:\/\/buletin.de\/bucuresti\/77-dintre-medicii-de-familie-din-bucuresti-nu-participa-la-campania-de-vaccinare-in-ilfov-procentul-e-de-67\/","url":"https:\/\/buletin.de\/bucuresti\/77-dintre-medicii-de-familie-din-bucuresti-nu-participa-la-campania-de-vaccinare-in-ilfov-procentul-e-de-67\/","name":"77% dintre medicii de familie din Bucure\u0219ti nu particip\u0103 la campania de vaccinare. \u00cen Ilfov, procentul e de 67% - Buletin de Bucure\u0219ti","isPartOf":{"@id":"https:\/\/buletin.de\/bucuresti\/#website"},"primaryImageOfPage":{"@id":"https:\/\/buletin.de\/bucuresti\/77-dintre-medicii-de-familie-din-bucuresti-nu-participa-la-campania-de-vaccinare-in-ilfov-procentul-e-de-67\/#primaryimage"},"image":{"@id":"https:\/\/buletin.de\/bucuresti\/77-dintre-medicii-de-familie-din-bucuresti-nu-participa-la-campania-de-vaccinare-in-ilfov-procentul-e-de-67\/#primaryimage"},"thumbnailUrl":"https:\/\/buletin.de\/bucuresti\/wp-content\/uploads\/mat-napo-pIJ34ZrZEEw-unsplash-scaled.jpg","datePublished":"2021-05-04T09:54:22+00:00","dateModified":"2021-05-04T09:56:57+00:00","breadcrumb":{"@id":"https:\/\/buletin.de\/bucuresti\/77-dintre-medicii-de-familie-din-bucuresti-nu-participa-la-campania-de-vaccinare-in-ilfov-procentul-e-de-67\/#breadcrumb"},"inLanguage":"en-GB","potentialAction":[{"@type":"ReadAction","target":["https:\/\/buletin.de\/bucuresti\/77-dintre-medicii-de-familie-din-bucuresti-nu-participa-la-campania-de-vaccinare-in-ilfov-procentul-e-de-67\/"]}]},{"@type":"ImageObject","inLanguage":"en-GB","@id":"https:\/\/buletin.de\/bucuresti\/77-dintre-medicii-de-familie-din-bucuresti-nu-participa-la-campania-de-vaccinare-in-ilfov-procentul-e-de-67\/#primaryimage","url":"https:\/\/buletin.de\/bucuresti\/wp-content\/uploads\/mat-napo-pIJ34ZrZEEw-unsplash-scaled.jpg","contentUrl":"https:\/\/buletin.de\/bucuresti\/wp-content\/uploads\/mat-napo-pIJ34ZrZEEw-unsplash-scaled.jpg","width":2560,"height":1707},{"@type":"BreadcrumbList","@id":"https:\/\/buletin.de\/bucuresti\/77-dintre-medicii-de-familie-din-bucuresti-nu-participa-la-campania-de-vaccinare-in-ilfov-procentul-e-de-67\/#breadcrumb","itemListElement":[{"@type":"ListItem","position":1,"name":"Acas\u0103","item":"https:\/\/buletin.de\/bucuresti\/"},{"@type":"ListItem","position":2,"name":"77% dintre medicii de familie din Bucure\u0219ti nu particip\u0103 la campania de vaccinare. \u00cen Ilfov, procentul e de 67%"}]},{"@type":"WebSite","@id":"https:\/\/buletin.de\/bucuresti\/#website","url":"https:\/\/buletin.de\/bucuresti\/","name":"Buletin de Bucure\u0219ti","description":"\u0218tiri \u0219i investiga\u021bii esen\u021biale din capital\u0103","publisher":{"@id":"https:\/\/buletin.de\/bucuresti\/#organization"},"potentialAction":[{"@type":"SearchAction","target":{"@type":"EntryPoint","urlTemplate":"https:\/\/buletin.de\/bucuresti\/?s={search_term_string}"},"query-input":{"@type":"PropertyValueSpecification","valueRequired":true,"valueName":"search_term_string"}}],"inLanguage":"en-GB"},{"@type":"Organization","@id":"https:\/\/buletin.de\/bucuresti\/#organization","name":"Buletin de Bucure\u0219ti","url":"https:\/\/buletin.de\/bucuresti\/","logo":{"@type":"ImageObject","inLanguage":"en-GB","@id":"https:\/\/buletin.de\/bucuresti\/#\/schema\/logo\/image\/","url":"https:\/\/buletin.de\/bucuresti\/wp-content\/uploads\/logo-bdb-full-wide-vernil-transparent.png","contentUrl":"https:\/\/buletin.de\/bucuresti\/wp-content\/uploads\/logo-bdb-full-wide-vernil-transparent.png","width":1782,"height":626,"caption":"Buletin de Bucure\u0219ti"},"image":{"@id":"https:\/\/buletin.de\/bucuresti\/#\/schema\/logo\/image\/"},"sameAs":["https:\/\/www.facebook.com\/buletin.de.buc","https:\/\/www.instagram.com\/buletinde.bucuresti\/"]},{"@type":"Person","@id":"https:\/\/buletin.de\/bucuresti\/#\/schema\/person\/d369d7ddc775abece205795e0b804614","name":"Teodora Stroe","image":{"@type":"ImageObject","inLanguage":"en-GB","@id":"https:\/\/secure.gravatar.com\/avatar\/2560b4cd9f5f1bc100b123158e657d75584bd1c3e1d9c69285720b9457c1b78d?s=96&d=monsterid&r=gc104800242ba5f2d78dd5d7dc4df08b6","url":"https:\/\/secure.gravatar.com\/avatar\/2560b4cd9f5f1bc100b123158e657d75584bd1c3e1d9c69285720b9457c1b78d?s=96&d=monsterid&r=g","contentUrl":"https:\/\/secure.gravatar.com\/avatar\/2560b4cd9f5f1bc100b123158e657d75584bd1c3e1d9c69285720b9457c1b78d?s=96&d=monsterid&r=g","caption":"Teodora Stroe"},"url":"https:\/\/buletin.de\/bucuresti\/author\/simonacarlugea\/"}]}},"authors":[{"term_id":22579,"user_id":18,"is_guest":0,"slug":"simonacarlugea","display_name":"Teodora Stroe","avatar_url":"https:\/\/secure.gravatar.com\/avatar\/2560b4cd9f5f1bc100b123158e657d75584bd1c3e1d9c69285720b9457c1b78d?s=96&d=monsterid&r=g","0":null,"1":"","2":"","3":"","4":"","5":"","6":"","7":"","8":""}],"_links":{"self":[{"href":"https:\/\/buletin.de\/bucuresti\/wp-json\/wp\/v2\/posts\/24026","targetHints":{"allow":["GET"]}}],"collection":[{"href":"https:\/\/buletin.de\/bucuresti\/wp-json\/wp\/v2\/posts"}],"about":[{"href":"https:\/\/buletin.de\/bucuresti\/wp-json\/wp\/v2\/types\/post"}],"author":[{"embeddable":true,"href":"https:\/\/buletin.de\/bucuresti\/wp-json\/wp\/v2\/users\/18"}],"replies":[{"embeddable":true,"href":"https:\/\/buletin.de\/bucuresti\/wp-json\/wp\/v2\/comments?post=24026"}],"version-history":[{"count":11,"href":"https:\/\/buletin.de\/bucuresti\/wp-json\/wp\/v2\/posts\/24026\/revisions"}],"predecessor-version":[{"id":24040,"href":"https:\/\/buletin.de\/bucuresti\/wp-json\/wp\/v2\/posts\/24026\/revisions\/24040"}],"wp:featuredmedia":[{"embeddable":true,"href":"https:\/\/buletin.de\/bucuresti\/wp-json\/wp\/v2\/media\/24038"}],"wp:attachment":[{"href":"https:\/\/buletin.de\/bucuresti\/wp-json\/wp\/v2\/media?parent=24026"}],"wp:term":[{"taxonomy":"category","embeddable":true,"href":"https:\/\/buletin.de\/bucuresti\/wp-json\/wp\/v2\/categories?post=24026"},{"taxonomy":"post_tag","embeddable":true,"href":"https:\/\/buletin.de\/bucuresti\/wp-json\/wp\/v2\/tags?post=24026"},{"taxonomy":"author","embeddable":true,"href":"https:\/\/buletin.de\/bucuresti\/wp-json\/wp\/v2\/ppma_author?post=24026"}],"curies":[{"name":"wp","href":"https:\/\/api.w.org\/{rel}","templated":true}]}}