{"id":23838,"date":"2021-04-27T11:48:43","date_gmt":"2021-04-27T08:48:43","guid":{"rendered":"https:\/\/buletin.de\/bucuresti\/?p=23838"},"modified":"2023-09-19T14:44:42","modified_gmt":"2023-09-19T12:44:42","slug":"s-a-lansat-licitatia-pentru-reabilitarea-retelei-de-termoficare-din-capitala-150-de-milioane-de-lei-pentru-40-de-kilometri","status":"publish","type":"post","link":"https:\/\/buletin.de\/bucuresti\/s-a-lansat-licitatia-pentru-reabilitarea-retelei-de-termoficare-din-capitala-150-de-milioane-de-lei-pentru-40-de-kilometri\/","title":{"rendered":"S-a lansat licita\u021bia pentru reabilitarea re\u021belei de termoficare din Capital\u0103: 150 de milioane de lei pentru 40 de kilometri"},"content":{"rendered":"\n<p><strong>Primarul general al Capitalei, Nicu\u0219or Dan, a anun\u021bat c\u0103 a fost lansat\u0103 licita\u021bia pentru reabilitarea re\u021belei de termoficare din Bucure\u0219ti. Costurile reabilit\u0103rii a 40 de kilometri de re\u021bea se ridic\u0103 la 150 de milioane de lei.<\/strong><\/p>\n\n\n\n<p>\u201dDup\u0103 mai mul\u021bi pa\u0219i procedurali \u00eencepu\u021bi \u00een februarie, lucr\u0103rile pentru reabilitarea re\u021belei de termoficare a Capitalei au fost publicate oficial pe site-ul SEAP. E vorba despre 40 de kilometri de re\u021bea, cu o valoare total\u0103 estimat\u0103 a lucr\u0103rilor de 150 de milioane de lei + TVA, bani din fondurile Prim\u0103riei, care se adaug\u0103 altor 13 kilometri pe care i-am \u00eenceput \u00een februarie cu Energetica, compania Prim\u0103riei.<\/p>\n\n\n\n<p>Lucr\u0103rile sunt \u00eemp\u0103r\u021bite \u00een patru obiective de investi\u021bie. A\u0219tept\u0103m depunerea ofertelor p\u00e2n\u0103 la termenul limit\u0103 de 7 iunie 2021.<\/p>\n\n\n\n<p>Aceast\u0103 licita\u021bie e urmarea discu\u021biei pe care am avut-o \u00een luna februarie cu firmele de construc\u021bie din domeniu, \u00een care Prim\u0103ria Capitalei a explicat priorit\u0103\u021bile pe care le are \u00een privin\u021ba moderniz\u0103rii re\u021belelor termice din Bucure\u0219ti.<\/p>\n\n\n\n<p>A\u0219a cum am spus, \u00eembun\u0103t\u0103\u021birea sistemului de termoficare r\u0103m\u00e2ne prioritatea num\u0103rul 1 pentru Bucure\u0219ti, iar cu aceast\u0103 investi\u021bie vom ameliora problemele legate de furnizarea c\u0103ldurii \u0219i apei calde\u201d, a precizat, mar\u021bi, Nicu\u0219or Dan.<\/p>\n\n\n\n<iframe src=\"https:\/\/www.facebook.com\/plugins\/post.php?href=https%3A%2F%2Fwww.facebook.com%2FNicusorDan.ro%2Fposts%2F3921598697917714&#038;width=500&#038;show_text=true&#038;height=729&#038;appId\" width=\"500\" height=\"729\" style=\"border:none;overflow:hidden\" scrolling=\"no\" frameborder=\"0\" allowfullscreen=\"true\" allow=\"autoplay; clipboard-write; encrypted-media; picture-in-picture; web-share\"><\/iframe>\n","protected":false},"excerpt":{"rendered":"<p>Primarul general al Capitalei, Nicu\u0219or Dan, a anun\u021bat c\u0103 a fost lansat\u0103 licita\u021bia pentru reabilitarea re\u021belei de termoficare din Bucure\u0219ti. Costurile reabilit\u0103rii a 40 de kilometri de re\u021bea se ridic\u0103 la 150 de milioane de lei. \u201dDup\u0103 mai mul\u021bi pa\u0219i procedurali \u00eencepu\u021bi \u00een februarie, lucr\u0103rile pentru reabilitarea re\u021belei de termoficare a Capitalei au fost publicate [&hellip;]<\/p>\n","protected":false},"author":25,"featured_media":9253,"comment_status":"closed","ping_status":"open","sticky":false,"template":"","format":"standard","meta":{"_acf_changed":false,"inline_featured_image":false,"ngg_post_thumbnail":0,"footnotes":""},"categories":[6214],"tags":[990,223,1977,233,288,423],"ppma_author":[22597],"class_list":["post-23838","post","type-post","status-publish","format-standard","has-post-thumbnail","hentry","category-termo","tag-licitatie","tag-nicusor-dan","tag-reteaua-de-termoficare","tag-seap","tag-termoficare","tag-termoficare-bucuresti"],"acf":[],"yoast_head":"<!-- This site is optimized with the Yoast SEO Premium plugin v25.3 (Yoast SEO v27.4) - https:\/\/yoast.com\/product\/yoast-seo-premium-wordpress\/ -->\n<title>S-a lansat licita\u021bia pentru reabilitarea re\u021belei de termoficare din Capital\u0103: 150 de milioane de lei pentru 40 de kilometri - Buletin de Bucure\u0219ti<\/title>\n<meta name=\"robots\" content=\"index, follow, max-snippet:-1, max-image-preview:large, max-video-preview:-1\" \/>\n<link rel=\"canonical\" href=\"https:\/\/buletin.de\/bucuresti\/s-a-lansat-licitatia-pentru-reabilitarea-retelei-de-termoficare-din-capitala-150-de-milioane-de-lei-pentru-40-de-kilometri\/\" \/>\n<meta property=\"og:locale\" content=\"en_GB\" \/>\n<meta property=\"og:type\" content=\"article\" \/>\n<meta property=\"og:title\" content=\"S-a lansat licita\u021bia pentru reabilitarea re\u021belei de termoficare din Capital\u0103: 150 de milioane de lei pentru 40 de kilometri\" \/>\n<meta property=\"og:description\" content=\"Primarul general al Capitalei, Nicu\u0219or Dan, a anun\u021bat c\u0103 a fost lansat\u0103 licita\u021bia pentru reabilitarea re\u021belei de termoficare din Bucure\u0219ti. Costurile reabilit\u0103rii a 40 de kilometri de re\u021bea se ridic\u0103 la 150 de milioane de lei. \u201dDup\u0103 mai mul\u021bi pa\u0219i procedurali \u00eencepu\u021bi \u00een februarie, lucr\u0103rile pentru reabilitarea re\u021belei de termoficare a Capitalei au fost publicate [&hellip;]\" \/>\n<meta property=\"og:url\" content=\"https:\/\/buletin.de\/bucuresti\/s-a-lansat-licitatia-pentru-reabilitarea-retelei-de-termoficare-din-capitala-150-de-milioane-de-lei-pentru-40-de-kilometri\/\" \/>\n<meta property=\"og:site_name\" content=\"Buletin de Bucure\u0219ti\" \/>\n<meta property=\"article:publisher\" content=\"https:\/\/www.facebook.com\/buletin.de.buc\" \/>\n<meta property=\"article:published_time\" content=\"2021-04-27T08:48:43+00:00\" \/>\n<meta property=\"article:modified_time\" content=\"2023-09-19T12:44:42+00:00\" \/>\n<meta property=\"og:image\" content=\"https:\/\/buletin.de\/bucuresti\/wp-content\/uploads\/RADET-Alexandru-Dobre-770x540-1.jpg\" \/>\n\t<meta property=\"og:image:width\" content=\"770\" \/>\n\t<meta property=\"og:image:height\" content=\"540\" \/>\n\t<meta property=\"og:image:type\" content=\"image\/jpeg\" \/>\n<meta name=\"author\" content=\"Ana Tudor\" \/>\n<meta name=\"twitter:card\" content=\"summary_large_image\" \/>\n<meta name=\"twitter:label1\" content=\"Written by\" \/>\n\t<meta name=\"twitter:data1\" content=\"Ana Tudor\" \/>\n\t<meta name=\"twitter:label2\" content=\"Estimated reading time\" \/>\n\t<meta name=\"twitter:data2\" content=\"1 minute\" \/>\n<script type=\"application\/ld+json\" class=\"yoast-schema-graph\">{\"@context\":\"https:\\\/\\\/schema.org\",\"@graph\":[{\"@type\":\"Article\",\"@id\":\"https:\\\/\\\/buletin.de\\\/bucuresti\\\/s-a-lansat-licitatia-pentru-reabilitarea-retelei-de-termoficare-din-capitala-150-de-milioane-de-lei-pentru-40-de-kilometri\\\/#article\",\"isPartOf\":{\"@id\":\"https:\\\/\\\/buletin.de\\\/bucuresti\\\/s-a-lansat-licitatia-pentru-reabilitarea-retelei-de-termoficare-din-capitala-150-de-milioane-de-lei-pentru-40-de-kilometri\\\/\"},\"author\":{\"name\":\"Ana Tudor\",\"@id\":\"https:\\\/\\\/buletin.de\\\/bucuresti\\\/#\\\/schema\\\/person\\\/8ce85bbda5515a1abb525993294155a8\"},\"headline\":\"S-a lansat licita\u021bia pentru reabilitarea re\u021belei de termoficare din Capital\u0103: 150 de milioane de lei pentru 40 de kilometri\",\"datePublished\":\"2021-04-27T08:48:43+00:00\",\"dateModified\":\"2023-09-19T12:44:42+00:00\",\"mainEntityOfPage\":{\"@id\":\"https:\\\/\\\/buletin.de\\\/bucuresti\\\/s-a-lansat-licitatia-pentru-reabilitarea-retelei-de-termoficare-din-capitala-150-de-milioane-de-lei-pentru-40-de-kilometri\\\/\"},\"wordCount\":243,\"publisher\":{\"@id\":\"https:\\\/\\\/buletin.de\\\/bucuresti\\\/#organization\"},\"image\":{\"@id\":\"https:\\\/\\\/buletin.de\\\/bucuresti\\\/s-a-lansat-licitatia-pentru-reabilitarea-retelei-de-termoficare-din-capitala-150-de-milioane-de-lei-pentru-40-de-kilometri\\\/#primaryimage\"},\"thumbnailUrl\":\"https:\\\/\\\/buletin.de\\\/bucuresti\\\/wp-content\\\/uploads\\\/RADET-Alexandru-Dobre-770x540-1.jpg\",\"keywords\":[\"licitatie\",\"nicusor dan\",\"Reteaua de termoficare\",\"seap\",\"termoficare\",\"termoficare bucuresti\"],\"articleSection\":[\"Termoficare\"],\"inLanguage\":\"en-GB\",\"copyrightYear\":\"2021\",\"copyrightHolder\":{\"@id\":\"https:\\\/\\\/buletin.de\\\/bucuresti\\\/#organization\"}},{\"@type\":\"WebPage\",\"@id\":\"https:\\\/\\\/buletin.de\\\/bucuresti\\\/s-a-lansat-licitatia-pentru-reabilitarea-retelei-de-termoficare-din-capitala-150-de-milioane-de-lei-pentru-40-de-kilometri\\\/\",\"url\":\"https:\\\/\\\/buletin.de\\\/bucuresti\\\/s-a-lansat-licitatia-pentru-reabilitarea-retelei-de-termoficare-din-capitala-150-de-milioane-de-lei-pentru-40-de-kilometri\\\/\",\"name\":\"S-a lansat licita\u021bia pentru reabilitarea re\u021belei de termoficare din Capital\u0103: 150 de milioane de lei pentru 40 de kilometri - Buletin de Bucure\u0219ti\",\"isPartOf\":{\"@id\":\"https:\\\/\\\/buletin.de\\\/bucuresti\\\/#website\"},\"primaryImageOfPage\":{\"@id\":\"https:\\\/\\\/buletin.de\\\/bucuresti\\\/s-a-lansat-licitatia-pentru-reabilitarea-retelei-de-termoficare-din-capitala-150-de-milioane-de-lei-pentru-40-de-kilometri\\\/#primaryimage\"},\"image\":{\"@id\":\"https:\\\/\\\/buletin.de\\\/bucuresti\\\/s-a-lansat-licitatia-pentru-reabilitarea-retelei-de-termoficare-din-capitala-150-de-milioane-de-lei-pentru-40-de-kilometri\\\/#primaryimage\"},\"thumbnailUrl\":\"https:\\\/\\\/buletin.de\\\/bucuresti\\\/wp-content\\\/uploads\\\/RADET-Alexandru-Dobre-770x540-1.jpg\",\"datePublished\":\"2021-04-27T08:48:43+00:00\",\"dateModified\":\"2023-09-19T12:44:42+00:00\",\"breadcrumb\":{\"@id\":\"https:\\\/\\\/buletin.de\\\/bucuresti\\\/s-a-lansat-licitatia-pentru-reabilitarea-retelei-de-termoficare-din-capitala-150-de-milioane-de-lei-pentru-40-de-kilometri\\\/#breadcrumb\"},\"inLanguage\":\"en-GB\",\"potentialAction\":[{\"@type\":\"ReadAction\",\"target\":[\"https:\\\/\\\/buletin.de\\\/bucuresti\\\/s-a-lansat-licitatia-pentru-reabilitarea-retelei-de-termoficare-din-capitala-150-de-milioane-de-lei-pentru-40-de-kilometri\\\/\"]}]},{\"@type\":\"ImageObject\",\"inLanguage\":\"en-GB\",\"@id\":\"https:\\\/\\\/buletin.de\\\/bucuresti\\\/s-a-lansat-licitatia-pentru-reabilitarea-retelei-de-termoficare-din-capitala-150-de-milioane-de-lei-pentru-40-de-kilometri\\\/#primaryimage\",\"url\":\"https:\\\/\\\/buletin.de\\\/bucuresti\\\/wp-content\\\/uploads\\\/RADET-Alexandru-Dobre-770x540-1.jpg\",\"contentUrl\":\"https:\\\/\\\/buletin.de\\\/bucuresti\\\/wp-content\\\/uploads\\\/RADET-Alexandru-Dobre-770x540-1.jpg\",\"width\":770,\"height\":540,\"caption\":\"Mai multe echipamente si accesorii specifice activitatii Regiei Autonome de Distribuire a Energiei Termice (RADET) au fost prezentate in timpul unei conferinte de presa organizata de conducerea regiei ca urmare a deselor intreruperi ale livrarii de apa calda menajera si a incalzirii apartamentelor conectate la reteaua de termoficare a Bucurestiului, vineri 29 noiembrie 2019. ALEXANDRU DOBRE \\\/ MEDIAFAX FOTO\"},{\"@type\":\"BreadcrumbList\",\"@id\":\"https:\\\/\\\/buletin.de\\\/bucuresti\\\/s-a-lansat-licitatia-pentru-reabilitarea-retelei-de-termoficare-din-capitala-150-de-milioane-de-lei-pentru-40-de-kilometri\\\/#breadcrumb\",\"itemListElement\":[{\"@type\":\"ListItem\",\"position\":1,\"name\":\"Acas\u0103\",\"item\":\"https:\\\/\\\/buletin.de\\\/bucuresti\\\/\"},{\"@type\":\"ListItem\",\"position\":2,\"name\":\"S-a lansat licita\u021bia pentru reabilitarea re\u021belei de termoficare din Capital\u0103: 150 de milioane de lei pentru 40 de kilometri\"}]},{\"@type\":\"WebSite\",\"@id\":\"https:\\\/\\\/buletin.de\\\/bucuresti\\\/#website\",\"url\":\"https:\\\/\\\/buletin.de\\\/bucuresti\\\/\",\"name\":\"Buletin de Bucure\u0219ti\",\"description\":\"\u0218tiri \u0219i investiga\u021bii esen\u021biale din capital\u0103\",\"publisher\":{\"@id\":\"https:\\\/\\\/buletin.de\\\/bucuresti\\\/#organization\"},\"potentialAction\":[{\"@type\":\"SearchAction\",\"target\":{\"@type\":\"EntryPoint\",\"urlTemplate\":\"https:\\\/\\\/buletin.de\\\/bucuresti\\\/?s={search_term_string}\"},\"query-input\":{\"@type\":\"PropertyValueSpecification\",\"valueRequired\":true,\"valueName\":\"search_term_string\"}}],\"inLanguage\":\"en-GB\"},{\"@type\":\"Organization\",\"@id\":\"https:\\\/\\\/buletin.de\\\/bucuresti\\\/#organization\",\"name\":\"Buletin de Bucure\u0219ti\",\"url\":\"https:\\\/\\\/buletin.de\\\/bucuresti\\\/\",\"logo\":{\"@type\":\"ImageObject\",\"inLanguage\":\"en-GB\",\"@id\":\"https:\\\/\\\/buletin.de\\\/bucuresti\\\/#\\\/schema\\\/logo\\\/image\\\/\",\"url\":\"https:\\\/\\\/buletin.de\\\/bucuresti\\\/wp-content\\\/uploads\\\/logo-bdb-full-wide-vernil-transparent.png\",\"contentUrl\":\"https:\\\/\\\/buletin.de\\\/bucuresti\\\/wp-content\\\/uploads\\\/logo-bdb-full-wide-vernil-transparent.png\",\"width\":1782,\"height\":626,\"caption\":\"Buletin de Bucure\u0219ti\"},\"image\":{\"@id\":\"https:\\\/\\\/buletin.de\\\/bucuresti\\\/#\\\/schema\\\/logo\\\/image\\\/\"},\"sameAs\":[\"https:\\\/\\\/www.facebook.com\\\/buletin.de.buc\",\"https:\\\/\\\/www.instagram.com\\\/buletinde.bucuresti\\\/\"]},{\"@type\":\"Person\",\"@id\":\"https:\\\/\\\/buletin.de\\\/bucuresti\\\/#\\\/schema\\\/person\\\/8ce85bbda5515a1abb525993294155a8\",\"name\":\"Ana Tudor\",\"image\":{\"@type\":\"ImageObject\",\"inLanguage\":\"en-GB\",\"@id\":\"https:\\\/\\\/secure.gravatar.com\\\/avatar\\\/390c40e2d9367046adb10d832317e3f5fb181fdecb236cb1a8187477756ae24a?s=96&d=monsterid&r=g0f86ad5d6b77046fd61bd633bbfa4a29\",\"url\":\"https:\\\/\\\/secure.gravatar.com\\\/avatar\\\/390c40e2d9367046adb10d832317e3f5fb181fdecb236cb1a8187477756ae24a?s=96&d=monsterid&r=g\",\"contentUrl\":\"https:\\\/\\\/secure.gravatar.com\\\/avatar\\\/390c40e2d9367046adb10d832317e3f5fb181fdecb236cb1a8187477756ae24a?s=96&d=monsterid&r=g\",\"caption\":\"Ana Tudor\"},\"url\":\"https:\\\/\\\/buletin.de\\\/bucuresti\\\/author\\\/anamaria\\\/\"}]}<\/script>\n<!-- \/ Yoast SEO Premium plugin. -->","yoast_head_json":{"title":"S-a lansat licita\u021bia pentru reabilitarea re\u021belei de termoficare din Capital\u0103: 150 de milioane de lei pentru 40 de kilometri - Buletin de Bucure\u0219ti","robots":{"index":"index","follow":"follow","max-snippet":"max-snippet:-1","max-image-preview":"max-image-preview:large","max-video-preview":"max-video-preview:-1"},"canonical":"https:\/\/buletin.de\/bucuresti\/s-a-lansat-licitatia-pentru-reabilitarea-retelei-de-termoficare-din-capitala-150-de-milioane-de-lei-pentru-40-de-kilometri\/","og_locale":"en_GB","og_type":"article","og_title":"S-a lansat licita\u021bia pentru reabilitarea re\u021belei de termoficare din Capital\u0103: 150 de milioane de lei pentru 40 de kilometri","og_description":"Primarul general al Capitalei, Nicu\u0219or Dan, a anun\u021bat c\u0103 a fost lansat\u0103 licita\u021bia pentru reabilitarea re\u021belei de termoficare din Bucure\u0219ti. Costurile reabilit\u0103rii a 40 de kilometri de re\u021bea se ridic\u0103 la 150 de milioane de lei. \u201dDup\u0103 mai mul\u021bi pa\u0219i procedurali \u00eencepu\u021bi \u00een februarie, lucr\u0103rile pentru reabilitarea re\u021belei de termoficare a Capitalei au fost publicate [&hellip;]","og_url":"https:\/\/buletin.de\/bucuresti\/s-a-lansat-licitatia-pentru-reabilitarea-retelei-de-termoficare-din-capitala-150-de-milioane-de-lei-pentru-40-de-kilometri\/","og_site_name":"Buletin de Bucure\u0219ti","article_publisher":"https:\/\/www.facebook.com\/buletin.de.buc","article_published_time":"2021-04-27T08:48:43+00:00","article_modified_time":"2023-09-19T12:44:42+00:00","og_image":[{"width":770,"height":540,"url":"https:\/\/buletin.de\/bucuresti\/wp-content\/uploads\/RADET-Alexandru-Dobre-770x540-1.jpg","type":"image\/jpeg"}],"author":"Ana Tudor","twitter_card":"summary_large_image","twitter_misc":{"Written by":"Ana Tudor","Estimated reading time":"1 minute"},"schema":{"@context":"https:\/\/schema.org","@graph":[{"@type":"Article","@id":"https:\/\/buletin.de\/bucuresti\/s-a-lansat-licitatia-pentru-reabilitarea-retelei-de-termoficare-din-capitala-150-de-milioane-de-lei-pentru-40-de-kilometri\/#article","isPartOf":{"@id":"https:\/\/buletin.de\/bucuresti\/s-a-lansat-licitatia-pentru-reabilitarea-retelei-de-termoficare-din-capitala-150-de-milioane-de-lei-pentru-40-de-kilometri\/"},"author":{"name":"Ana Tudor","@id":"https:\/\/buletin.de\/bucuresti\/#\/schema\/person\/8ce85bbda5515a1abb525993294155a8"},"headline":"S-a lansat licita\u021bia pentru reabilitarea re\u021belei de termoficare din Capital\u0103: 150 de milioane de lei pentru 40 de kilometri","datePublished":"2021-04-27T08:48:43+00:00","dateModified":"2023-09-19T12:44:42+00:00","mainEntityOfPage":{"@id":"https:\/\/buletin.de\/bucuresti\/s-a-lansat-licitatia-pentru-reabilitarea-retelei-de-termoficare-din-capitala-150-de-milioane-de-lei-pentru-40-de-kilometri\/"},"wordCount":243,"publisher":{"@id":"https:\/\/buletin.de\/bucuresti\/#organization"},"image":{"@id":"https:\/\/buletin.de\/bucuresti\/s-a-lansat-licitatia-pentru-reabilitarea-retelei-de-termoficare-din-capitala-150-de-milioane-de-lei-pentru-40-de-kilometri\/#primaryimage"},"thumbnailUrl":"https:\/\/buletin.de\/bucuresti\/wp-content\/uploads\/RADET-Alexandru-Dobre-770x540-1.jpg","keywords":["licitatie","nicusor dan","Reteaua de termoficare","seap","termoficare","termoficare bucuresti"],"articleSection":["Termoficare"],"inLanguage":"en-GB","copyrightYear":"2021","copyrightHolder":{"@id":"https:\/\/buletin.de\/bucuresti\/#organization"}},{"@type":"WebPage","@id":"https:\/\/buletin.de\/bucuresti\/s-a-lansat-licitatia-pentru-reabilitarea-retelei-de-termoficare-din-capitala-150-de-milioane-de-lei-pentru-40-de-kilometri\/","url":"https:\/\/buletin.de\/bucuresti\/s-a-lansat-licitatia-pentru-reabilitarea-retelei-de-termoficare-din-capitala-150-de-milioane-de-lei-pentru-40-de-kilometri\/","name":"S-a lansat licita\u021bia pentru reabilitarea re\u021belei de termoficare din Capital\u0103: 150 de milioane de lei pentru 40 de kilometri - Buletin de Bucure\u0219ti","isPartOf":{"@id":"https:\/\/buletin.de\/bucuresti\/#website"},"primaryImageOfPage":{"@id":"https:\/\/buletin.de\/bucuresti\/s-a-lansat-licitatia-pentru-reabilitarea-retelei-de-termoficare-din-capitala-150-de-milioane-de-lei-pentru-40-de-kilometri\/#primaryimage"},"image":{"@id":"https:\/\/buletin.de\/bucuresti\/s-a-lansat-licitatia-pentru-reabilitarea-retelei-de-termoficare-din-capitala-150-de-milioane-de-lei-pentru-40-de-kilometri\/#primaryimage"},"thumbnailUrl":"https:\/\/buletin.de\/bucuresti\/wp-content\/uploads\/RADET-Alexandru-Dobre-770x540-1.jpg","datePublished":"2021-04-27T08:48:43+00:00","dateModified":"2023-09-19T12:44:42+00:00","breadcrumb":{"@id":"https:\/\/buletin.de\/bucuresti\/s-a-lansat-licitatia-pentru-reabilitarea-retelei-de-termoficare-din-capitala-150-de-milioane-de-lei-pentru-40-de-kilometri\/#breadcrumb"},"inLanguage":"en-GB","potentialAction":[{"@type":"ReadAction","target":["https:\/\/buletin.de\/bucuresti\/s-a-lansat-licitatia-pentru-reabilitarea-retelei-de-termoficare-din-capitala-150-de-milioane-de-lei-pentru-40-de-kilometri\/"]}]},{"@type":"ImageObject","inLanguage":"en-GB","@id":"https:\/\/buletin.de\/bucuresti\/s-a-lansat-licitatia-pentru-reabilitarea-retelei-de-termoficare-din-capitala-150-de-milioane-de-lei-pentru-40-de-kilometri\/#primaryimage","url":"https:\/\/buletin.de\/bucuresti\/wp-content\/uploads\/RADET-Alexandru-Dobre-770x540-1.jpg","contentUrl":"https:\/\/buletin.de\/bucuresti\/wp-content\/uploads\/RADET-Alexandru-Dobre-770x540-1.jpg","width":770,"height":540,"caption":"Mai multe echipamente si accesorii specifice activitatii Regiei Autonome de Distribuire a Energiei Termice (RADET) au fost prezentate in timpul unei conferinte de presa organizata de conducerea regiei ca urmare a deselor intreruperi ale livrarii de apa calda menajera si a incalzirii apartamentelor conectate la reteaua de termoficare a Bucurestiului, vineri 29 noiembrie 2019. ALEXANDRU DOBRE \/ MEDIAFAX FOTO"},{"@type":"BreadcrumbList","@id":"https:\/\/buletin.de\/bucuresti\/s-a-lansat-licitatia-pentru-reabilitarea-retelei-de-termoficare-din-capitala-150-de-milioane-de-lei-pentru-40-de-kilometri\/#breadcrumb","itemListElement":[{"@type":"ListItem","position":1,"name":"Acas\u0103","item":"https:\/\/buletin.de\/bucuresti\/"},{"@type":"ListItem","position":2,"name":"S-a lansat licita\u021bia pentru reabilitarea re\u021belei de termoficare din Capital\u0103: 150 de milioane de lei pentru 40 de kilometri"}]},{"@type":"WebSite","@id":"https:\/\/buletin.de\/bucuresti\/#website","url":"https:\/\/buletin.de\/bucuresti\/","name":"Buletin de Bucure\u0219ti","description":"\u0218tiri \u0219i investiga\u021bii esen\u021biale din capital\u0103","publisher":{"@id":"https:\/\/buletin.de\/bucuresti\/#organization"},"potentialAction":[{"@type":"SearchAction","target":{"@type":"EntryPoint","urlTemplate":"https:\/\/buletin.de\/bucuresti\/?s={search_term_string}"},"query-input":{"@type":"PropertyValueSpecification","valueRequired":true,"valueName":"search_term_string"}}],"inLanguage":"en-GB"},{"@type":"Organization","@id":"https:\/\/buletin.de\/bucuresti\/#organization","name":"Buletin de Bucure\u0219ti","url":"https:\/\/buletin.de\/bucuresti\/","logo":{"@type":"ImageObject","inLanguage":"en-GB","@id":"https:\/\/buletin.de\/bucuresti\/#\/schema\/logo\/image\/","url":"https:\/\/buletin.de\/bucuresti\/wp-content\/uploads\/logo-bdb-full-wide-vernil-transparent.png","contentUrl":"https:\/\/buletin.de\/bucuresti\/wp-content\/uploads\/logo-bdb-full-wide-vernil-transparent.png","width":1782,"height":626,"caption":"Buletin de Bucure\u0219ti"},"image":{"@id":"https:\/\/buletin.de\/bucuresti\/#\/schema\/logo\/image\/"},"sameAs":["https:\/\/www.facebook.com\/buletin.de.buc","https:\/\/www.instagram.com\/buletinde.bucuresti\/"]},{"@type":"Person","@id":"https:\/\/buletin.de\/bucuresti\/#\/schema\/person\/8ce85bbda5515a1abb525993294155a8","name":"Ana Tudor","image":{"@type":"ImageObject","inLanguage":"en-GB","@id":"https:\/\/secure.gravatar.com\/avatar\/390c40e2d9367046adb10d832317e3f5fb181fdecb236cb1a8187477756ae24a?s=96&d=monsterid&r=g0f86ad5d6b77046fd61bd633bbfa4a29","url":"https:\/\/secure.gravatar.com\/avatar\/390c40e2d9367046adb10d832317e3f5fb181fdecb236cb1a8187477756ae24a?s=96&d=monsterid&r=g","contentUrl":"https:\/\/secure.gravatar.com\/avatar\/390c40e2d9367046adb10d832317e3f5fb181fdecb236cb1a8187477756ae24a?s=96&d=monsterid&r=g","caption":"Ana Tudor"},"url":"https:\/\/buletin.de\/bucuresti\/author\/anamaria\/"}]}},"authors":[{"term_id":22597,"user_id":25,"is_guest":0,"slug":"anamaria","display_name":"Ana Tudor","avatar_url":"https:\/\/secure.gravatar.com\/avatar\/390c40e2d9367046adb10d832317e3f5fb181fdecb236cb1a8187477756ae24a?s=96&d=monsterid&r=g","0":null,"1":"","2":"","3":"","4":"","5":"","6":"","7":"","8":""}],"_links":{"self":[{"href":"https:\/\/buletin.de\/bucuresti\/wp-json\/wp\/v2\/posts\/23838","targetHints":{"allow":["GET"]}}],"collection":[{"href":"https:\/\/buletin.de\/bucuresti\/wp-json\/wp\/v2\/posts"}],"about":[{"href":"https:\/\/buletin.de\/bucuresti\/wp-json\/wp\/v2\/types\/post"}],"author":[{"embeddable":true,"href":"https:\/\/buletin.de\/bucuresti\/wp-json\/wp\/v2\/users\/25"}],"replies":[{"embeddable":true,"href":"https:\/\/buletin.de\/bucuresti\/wp-json\/wp\/v2\/comments?post=23838"}],"version-history":[{"count":1,"href":"https:\/\/buletin.de\/bucuresti\/wp-json\/wp\/v2\/posts\/23838\/revisions"}],"predecessor-version":[{"id":23841,"href":"https:\/\/buletin.de\/bucuresti\/wp-json\/wp\/v2\/posts\/23838\/revisions\/23841"}],"wp:featuredmedia":[{"embeddable":true,"href":"https:\/\/buletin.de\/bucuresti\/wp-json\/wp\/v2\/media\/9253"}],"wp:attachment":[{"href":"https:\/\/buletin.de\/bucuresti\/wp-json\/wp\/v2\/media?parent=23838"}],"wp:term":[{"taxonomy":"category","embeddable":true,"href":"https:\/\/buletin.de\/bucuresti\/wp-json\/wp\/v2\/categories?post=23838"},{"taxonomy":"post_tag","embeddable":true,"href":"https:\/\/buletin.de\/bucuresti\/wp-json\/wp\/v2\/tags?post=23838"},{"taxonomy":"author","embeddable":true,"href":"https:\/\/buletin.de\/bucuresti\/wp-json\/wp\/v2\/ppma_author?post=23838"}],"curies":[{"name":"wp","href":"https:\/\/api.w.org\/{rel}","templated":true}]}}