{"id":23834,"date":"2021-04-27T11:37:14","date_gmt":"2021-04-27T08:37:14","guid":{"rendered":"https:\/\/buletin.de\/bucuresti\/?p=23834"},"modified":"2021-04-27T11:43:35","modified_gmt":"2021-04-27T08:43:35","slug":"nicusor-dan-verifica-angajarile-si-achizitiile-din-primul-an-de-mandat-al-gabrielei-firea-mai-sunt-vizate-infractiunile-de-coruptie-deturnarile-de-fonduri-si-folosirea-functiei-pentru-favorizarea-un","status":"publish","type":"post","link":"https:\/\/buletin.de\/bucuresti\/nicusor-dan-verifica-angajarile-si-achizitiile-din-primul-an-de-mandat-al-gabrielei-firea-mai-sunt-vizate-infractiunile-de-coruptie-deturnarile-de-fonduri-si-folosirea-functiei-pentru-favorizarea-un\/","title":{"rendered":"Nicu\u0219or Dan verific\u0103 angaj\u0103rile \u0219i achizi\u021biile din primul an de mandat al Gabrielei Firea. Mai sunt vizate infrac\u021biunile de corup\u021bie, deturn\u0103rile de fonduri \u0219i folosirea func\u021biei pentru favorizarea unor persoane"},"content":{"rendered":"\n<p><strong>Analizarea cheltuielilor, verificarea procedurilor de achizi\u021bie public\u0103, a utiliz\u0103rii resurselor umane, a eliber\u0103rii de certificate de urbanism \u0219i autoriza\u021bii de construc\u021bie, se num\u0103r\u0103 printre capitolele incluse \u00een contractul de audit pe care municipalitatea vrea s\u0103-l \u00eencheie cu exper\u021bi independen\u021bi.<\/strong><\/p>\n\n\n\n<p>Modul de aducere la \u00eendeplinire a recomand\u0103rilor \u0219i a m\u0103surilor constatate prin actele de control precedente \u00eencheiate de c\u0103tre organele abilitate, inclusiv de c\u0103tre Direc\u021bia de Audit Public Intern din aparatul de specialitate, \u00een perioada auditata este principalul punct inclus \u00een proiectul de hot\u0103r\u00e2re privind contractarea unui auditor extern care sa verifice activitatea Prim\u0103riei Generale \u0219i a structurilor din subordine.<\/p>\n\n\n\n<p>La acestea se mai adaug\u0103:<\/p>\n\n\n\n<ul class=\"wp-block-list\"><li>Analizarea datelor din activul \u0219i pasivul bilantului din punct de vedere al realitatii, legalitatii si conformitatii cu normele legale \u00een vigoare.<\/li><li>Analizarea cheltuielilor \u00eenregistrate \u00een perioada auditata (inclusiv cele angajate \u00een perioade precedente dar derulate \u00een perioada auditata).<\/li><li>Verificarea legalitatii documentelor care stau la baza efectu\u0103rii <strong>cheltuielilor \u0219i respectarea condi\u021biei necesit\u0103\u021bii \u00een vederea desf\u0103\u0219ur\u0103rii activit\u0103\u021bii. <\/strong>Cheltuielile vor fi verificate prin procedee de e\u0219antionare specifice activit\u0103\u021bii de audit. Firmele de audit vor stabili pragul de semnifica\u021bie.<\/li><li>Execu\u021bia bugetului de venituri \u0219i cheltuieli pentru perioada analizata: analiza modului \u00een care au fost identificate \u0219i fundamentate sumele prev\u0103zute \u00een Bugetul de Venituri \u0219i Cheltuieli, analiza veniturilor \u0219i \u00eencadr\u0103rii cheltuielilor efectuate \u00een limita creditelor bugetare aprobate pentru activitatea proprie a institu\u021biei, eviden\u021biate \u00een contul de execu\u021bie bugetar\u0103.<\/li><li>Modul de respectare a prevederilor legale cu privire la inventarierea anuala a patrimoniului, verificarea respect\u0103rii condi\u021biei de confirmare de c\u0103tre beneficiarii serviciilor si furnizori a soldurilor privind datoriile \u0219i crean\u021bele.<\/li><li>Aplicarea corect\u0103 a procedurilor de achizitie publica &#8211; se vor verifica urmatoarele aspecte : daca exista proceduri proprii de achizitie publica, dac\u0103 achizi\u021biile au la baza referate de necesitate \u0219i documente legale de achizitie, daca au fost achizi\u021bionate la pre\u021bul de pia\u021ba \u0219i dac\u0103 au viza de control financiar preventiv.<\/li><li>Verificarea modului de constituire a veniturilor ob\u021binute. Firmele de audit vor stabili pragul de semnifica\u021bie.<\/li><li>Analizarea eficientei utilizarii resurselor umane (grad de ocupare pe fiecare post dar \u0219i organizational), dac\u0103 se impune <strong>diminuarea respectiv cre\u0219terea resurselor umane <\/strong>pentru fiecare direc\u021bie\/serviciu din structura aparatului de specialitate, respectiv din structura organizatoric\u0103 a societ\u0103\u021bilor \u0219i a oric\u0103ror alte entit\u0103\u021bi din subordinea Primarului General sau a Consiliului General al Municipiului Bucure\u0219ti.<\/li><li>Evaluarea sistemului informatic la nivelul aparatului de specialitate (sistem de management, soft de contabilitate integral \u00een sistemul de management, registratur\u0103 electronic\u0103, alte sisteme informatice existente \u0219i opera\u021bionale etc. ).<\/li><li>Verificarea respect\u0103rii procedurilor legale la emiterea c<strong>ertificatelor de urbanism \u0219i a autoriza\u021biilor de construire<\/strong>, verificarea respect\u0103rii procedurilor legale \u0219i verificarea conformarii cu strategiile de dezvoltare na\u021bionale \u0219i locale la emiterea documentatiilor de urbanism.<\/li><\/ul>\n\n\n\n<p>Serviciile contractate vor viza societ\u0103\u021bile \u00een care unitatea administrativ-teritorial\u0103 Mun. Bucure\u0219ti este ac\u021bionar unic sau majoritar pentru anii \u00een care societatea a \u00eenregistrat pierderi.<\/p>\n\n\n\n<p>Auditorii vor avea dreptul de a extinde cercetarea pentru orice alta perioada sau la orice entitate din subordinea Consiliului General al Municipiului Bucure\u0219ti sau a Primarului General, dac\u0103 va fi necesar pentru a clarifica anumite aspecte, f\u0103r\u0103 a fi pl\u0103tit\u0103 o suma suplimentara.<\/p>\n\n\n\n<p>Prima perioada care va fi analizata este 01. 01. 2017 &#8211; 31. 12. 2017, urmand ca, \u00een cazul \u00een care din raportul de audit, \u00eentocmit la finalizarea misiunii de audit, vor rezulta deficien\u021be semnificative, sa se continue cu analizarea perioadei 01.01.2018 &#8211; 31. 12.2018, apoi 01. 01. 2019-31. 12. 2019 iar la final va fi analizata perioada 01. 01. 2020-31. 12. 2020.<\/p>\n\n\n\n<blockquote class=\"wp-block-quote is-layout-flow wp-block-quote-is-layout-flow\"><p>\u201c<em>\u00cen urma controlului f\u0103cut de Ministerul de Finante la Compania Municipala de Cimitire, doar pentru dou\u0103 achizi\u021bii de terenuri s-a constatat un prejudiciu de peste 10 milioane de lei. E vorba de analize punctuale care ne va ajuta sa ne eficientizam activitatea<\/em>\u201d, a explicat Nicu\u0219or Dan.<\/p><\/blockquote>\n\n\n\n<p>La final, pe l\u00e2ng\u0103 concluzii, raportul de audit&nbsp; ar urma s\u0103 includ\u0103 \u0219i recomand\u0103ri cu privire la eficientizarea utiliz\u0103rii resurselor umane, precum \u0219i, dac\u0103 va fi cazul, informarea cu privire la existen\u021ba unor indicii referitoare la savarsirea unor infractiuni de coruptie \u0219i infractiuni de serviciu \u0219i sesizarea organelor judiciare competente.<\/p>\n\n\n\n<p>Aici sunt incluse luarea de mit\u0103, traficul de influen\u021ba, delapidarea, abuzul \u00een serviciu, deturnarea de fonduri, uzurparea func\u021biei sau folosirea func\u021biei pentru favorizarea unor persoane) sau alt tip de infrac\u021biuni prev\u0103zute de Codul penal.<\/p>\n\n\n\n<p>Valoarea maxim\u0103 pentru serviciile de audit prev\u0103zute \u00een proiectul de hot\u0103r\u00e2re, care a trecut 34 de voturi pentru, 20 \u00eempotriv\u0103 si o abtinere, este de un milion de lei.<\/p>\n\n\n\n<p>FOTO: Inquam Photos\/Octav Ganea<\/p>\n","protected":false},"excerpt":{"rendered":"<p>Analizarea cheltuielilor, verificarea procedurilor de achizi\u021bie public\u0103, a utiliz\u0103rii resurselor umane, a eliber\u0103rii de certificate de urbanism \u0219i autoriza\u021bii de construc\u021bie, se num\u0103r\u0103 printre capitolele incluse \u00een contractul de audit pe care municipalitatea vrea s\u0103-l \u00eencheie cu exper\u021bi independen\u021bi. Modul de aducere la \u00eendeplinire a recomand\u0103rilor \u0219i a m\u0103surilor constatate prin actele de control precedente [&hellip;]<\/p>\n","protected":false},"author":10,"featured_media":23835,"comment_status":"closed","ping_status":"open","sticky":false,"template":"","format":"standard","meta":{"_acf_changed":false,"inline_featured_image":false,"ngg_post_thumbnail":0,"footnotes":""},"categories":[62],"tags":[872,1816,2638,28,223],"ppma_author":[22575],"class_list":["post-23834","post","type-post","status-publish","format-standard","has-post-thumbnail","hentry","category-stiri","tag-angajari","tag-audit","tag-coruptie","tag-firea","tag-nicusor-dan"],"acf":[],"yoast_head":"<!-- This site is optimized with the Yoast SEO Premium plugin v25.3 (Yoast SEO v27.4) - https:\/\/yoast.com\/product\/yoast-seo-premium-wordpress\/ -->\n<title>Nicu\u0219or Dan verific\u0103 angaj\u0103rile \u0219i achizi\u021biile din primul an de mandat al Gabrielei Firea. Mai sunt vizate infrac\u021biunile de corup\u021bie, deturn\u0103rile de fonduri \u0219i folosirea func\u021biei pentru favorizarea unor persoane - Buletin de Bucure\u0219ti<\/title>\n<meta name=\"robots\" content=\"index, follow, max-snippet:-1, max-image-preview:large, max-video-preview:-1\" \/>\n<link rel=\"canonical\" href=\"https:\/\/buletin.de\/bucuresti\/nicusor-dan-verifica-angajarile-si-achizitiile-din-primul-an-de-mandat-al-gabrielei-firea-mai-sunt-vizate-infractiunile-de-coruptie-deturnarile-de-fonduri-si-folosirea-functiei-pentru-favorizarea-un\/\" \/>\n<meta property=\"og:locale\" content=\"en_GB\" \/>\n<meta property=\"og:type\" content=\"article\" \/>\n<meta property=\"og:title\" content=\"Nicu\u0219or Dan verific\u0103 angaj\u0103rile \u0219i achizi\u021biile din primul an de mandat al Gabrielei Firea. Mai sunt vizate infrac\u021biunile de corup\u021bie, deturn\u0103rile de fonduri \u0219i folosirea func\u021biei pentru favorizarea unor persoane\" \/>\n<meta property=\"og:description\" content=\"Analizarea cheltuielilor, verificarea procedurilor de achizi\u021bie public\u0103, a utiliz\u0103rii resurselor umane, a eliber\u0103rii de certificate de urbanism \u0219i autoriza\u021bii de construc\u021bie, se num\u0103r\u0103 printre capitolele incluse \u00een contractul de audit pe care municipalitatea vrea s\u0103-l \u00eencheie cu exper\u021bi independen\u021bi. Modul de aducere la \u00eendeplinire a recomand\u0103rilor \u0219i a m\u0103surilor constatate prin actele de control precedente [&hellip;]\" \/>\n<meta property=\"og:url\" content=\"https:\/\/buletin.de\/bucuresti\/nicusor-dan-verifica-angajarile-si-achizitiile-din-primul-an-de-mandat-al-gabrielei-firea-mai-sunt-vizate-infractiunile-de-coruptie-deturnarile-de-fonduri-si-folosirea-functiei-pentru-favorizarea-un\/\" \/>\n<meta property=\"og:site_name\" content=\"Buletin de Bucure\u0219ti\" \/>\n<meta property=\"article:publisher\" content=\"https:\/\/www.facebook.com\/buletin.de.buc\" \/>\n<meta property=\"article:published_time\" content=\"2021-04-27T08:37:14+00:00\" \/>\n<meta property=\"article:modified_time\" content=\"2021-04-27T08:43:35+00:00\" \/>\n<meta property=\"og:image\" content=\"https:\/\/buletin.de\/bucuresti\/wp-content\/uploads\/ID146914_INQUAM_Photos_Octav_Ganea.jpg\" \/>\n\t<meta property=\"og:image:width\" content=\"2000\" \/>\n\t<meta property=\"og:image:height\" content=\"1333\" \/>\n\t<meta property=\"og:image:type\" content=\"image\/jpeg\" \/>\n<meta name=\"author\" content=\"C\u0103t\u0103lin Dosca\u0219\" \/>\n<meta name=\"twitter:card\" content=\"summary_large_image\" \/>\n<meta name=\"twitter:label1\" content=\"Written by\" \/>\n\t<meta name=\"twitter:data1\" content=\"C\u0103t\u0103lin Dosca\u0219\" \/>\n\t<meta name=\"twitter:label2\" content=\"Estimated reading time\" \/>\n\t<meta name=\"twitter:data2\" content=\"4 minutes\" \/>\n<script type=\"application\/ld+json\" class=\"yoast-schema-graph\">{\"@context\":\"https:\\\/\\\/schema.org\",\"@graph\":[{\"@type\":\"Article\",\"@id\":\"https:\\\/\\\/buletin.de\\\/bucuresti\\\/nicusor-dan-verifica-angajarile-si-achizitiile-din-primul-an-de-mandat-al-gabrielei-firea-mai-sunt-vizate-infractiunile-de-coruptie-deturnarile-de-fonduri-si-folosirea-functiei-pentru-favorizarea-un\\\/#article\",\"isPartOf\":{\"@id\":\"https:\\\/\\\/buletin.de\\\/bucuresti\\\/nicusor-dan-verifica-angajarile-si-achizitiile-din-primul-an-de-mandat-al-gabrielei-firea-mai-sunt-vizate-infractiunile-de-coruptie-deturnarile-de-fonduri-si-folosirea-functiei-pentru-favorizarea-un\\\/\"},\"author\":{\"name\":\"C\u0103t\u0103lin Dosca\u0219\",\"@id\":\"https:\\\/\\\/buletin.de\\\/bucuresti\\\/#\\\/schema\\\/person\\\/31117187ed4d0bdb0a4c7d6acc79d0f8\"},\"headline\":\"Nicu\u0219or Dan verific\u0103 angaj\u0103rile \u0219i achizi\u021biile din primul an de mandat al Gabrielei Firea. Mai sunt vizate infrac\u021biunile de corup\u021bie, deturn\u0103rile de fonduri \u0219i folosirea func\u021biei pentru favorizarea unor persoane\",\"datePublished\":\"2021-04-27T08:37:14+00:00\",\"dateModified\":\"2021-04-27T08:43:35+00:00\",\"mainEntityOfPage\":{\"@id\":\"https:\\\/\\\/buletin.de\\\/bucuresti\\\/nicusor-dan-verifica-angajarile-si-achizitiile-din-primul-an-de-mandat-al-gabrielei-firea-mai-sunt-vizate-infractiunile-de-coruptie-deturnarile-de-fonduri-si-folosirea-functiei-pentru-favorizarea-un\\\/\"},\"wordCount\":821,\"publisher\":{\"@id\":\"https:\\\/\\\/buletin.de\\\/bucuresti\\\/#organization\"},\"image\":{\"@id\":\"https:\\\/\\\/buletin.de\\\/bucuresti\\\/nicusor-dan-verifica-angajarile-si-achizitiile-din-primul-an-de-mandat-al-gabrielei-firea-mai-sunt-vizate-infractiunile-de-coruptie-deturnarile-de-fonduri-si-folosirea-functiei-pentru-favorizarea-un\\\/#primaryimage\"},\"thumbnailUrl\":\"https:\\\/\\\/buletin.de\\\/bucuresti\\\/wp-content\\\/uploads\\\/ID146914_INQUAM_Photos_Octav_Ganea.jpg\",\"keywords\":[\"angajari\",\"audit\",\"coruptie\",\"firea\",\"nicusor dan\"],\"articleSection\":[\"\u0218tiri\"],\"inLanguage\":\"en-GB\",\"copyrightYear\":\"2021\",\"copyrightHolder\":{\"@id\":\"https:\\\/\\\/buletin.de\\\/bucuresti\\\/#organization\"}},{\"@type\":\"WebPage\",\"@id\":\"https:\\\/\\\/buletin.de\\\/bucuresti\\\/nicusor-dan-verifica-angajarile-si-achizitiile-din-primul-an-de-mandat-al-gabrielei-firea-mai-sunt-vizate-infractiunile-de-coruptie-deturnarile-de-fonduri-si-folosirea-functiei-pentru-favorizarea-un\\\/\",\"url\":\"https:\\\/\\\/buletin.de\\\/bucuresti\\\/nicusor-dan-verifica-angajarile-si-achizitiile-din-primul-an-de-mandat-al-gabrielei-firea-mai-sunt-vizate-infractiunile-de-coruptie-deturnarile-de-fonduri-si-folosirea-functiei-pentru-favorizarea-un\\\/\",\"name\":\"Nicu\u0219or Dan verific\u0103 angaj\u0103rile \u0219i achizi\u021biile din primul an de mandat al Gabrielei Firea. Mai sunt vizate infrac\u021biunile de corup\u021bie, deturn\u0103rile de fonduri \u0219i folosirea func\u021biei pentru favorizarea unor persoane - Buletin de Bucure\u0219ti\",\"isPartOf\":{\"@id\":\"https:\\\/\\\/buletin.de\\\/bucuresti\\\/#website\"},\"primaryImageOfPage\":{\"@id\":\"https:\\\/\\\/buletin.de\\\/bucuresti\\\/nicusor-dan-verifica-angajarile-si-achizitiile-din-primul-an-de-mandat-al-gabrielei-firea-mai-sunt-vizate-infractiunile-de-coruptie-deturnarile-de-fonduri-si-folosirea-functiei-pentru-favorizarea-un\\\/#primaryimage\"},\"image\":{\"@id\":\"https:\\\/\\\/buletin.de\\\/bucuresti\\\/nicusor-dan-verifica-angajarile-si-achizitiile-din-primul-an-de-mandat-al-gabrielei-firea-mai-sunt-vizate-infractiunile-de-coruptie-deturnarile-de-fonduri-si-folosirea-functiei-pentru-favorizarea-un\\\/#primaryimage\"},\"thumbnailUrl\":\"https:\\\/\\\/buletin.de\\\/bucuresti\\\/wp-content\\\/uploads\\\/ID146914_INQUAM_Photos_Octav_Ganea.jpg\",\"datePublished\":\"2021-04-27T08:37:14+00:00\",\"dateModified\":\"2021-04-27T08:43:35+00:00\",\"breadcrumb\":{\"@id\":\"https:\\\/\\\/buletin.de\\\/bucuresti\\\/nicusor-dan-verifica-angajarile-si-achizitiile-din-primul-an-de-mandat-al-gabrielei-firea-mai-sunt-vizate-infractiunile-de-coruptie-deturnarile-de-fonduri-si-folosirea-functiei-pentru-favorizarea-un\\\/#breadcrumb\"},\"inLanguage\":\"en-GB\",\"potentialAction\":[{\"@type\":\"ReadAction\",\"target\":[\"https:\\\/\\\/buletin.de\\\/bucuresti\\\/nicusor-dan-verifica-angajarile-si-achizitiile-din-primul-an-de-mandat-al-gabrielei-firea-mai-sunt-vizate-infractiunile-de-coruptie-deturnarile-de-fonduri-si-folosirea-functiei-pentru-favorizarea-un\\\/\"]}]},{\"@type\":\"ImageObject\",\"inLanguage\":\"en-GB\",\"@id\":\"https:\\\/\\\/buletin.de\\\/bucuresti\\\/nicusor-dan-verifica-angajarile-si-achizitiile-din-primul-an-de-mandat-al-gabrielei-firea-mai-sunt-vizate-infractiunile-de-coruptie-deturnarile-de-fonduri-si-folosirea-functiei-pentru-favorizarea-un\\\/#primaryimage\",\"url\":\"https:\\\/\\\/buletin.de\\\/bucuresti\\\/wp-content\\\/uploads\\\/ID146914_INQUAM_Photos_Octav_Ganea.jpg\",\"contentUrl\":\"https:\\\/\\\/buletin.de\\\/bucuresti\\\/wp-content\\\/uploads\\\/ID146914_INQUAM_Photos_Octav_Ganea.jpg\",\"width\":2000,\"height\":1333},{\"@type\":\"BreadcrumbList\",\"@id\":\"https:\\\/\\\/buletin.de\\\/bucuresti\\\/nicusor-dan-verifica-angajarile-si-achizitiile-din-primul-an-de-mandat-al-gabrielei-firea-mai-sunt-vizate-infractiunile-de-coruptie-deturnarile-de-fonduri-si-folosirea-functiei-pentru-favorizarea-un\\\/#breadcrumb\",\"itemListElement\":[{\"@type\":\"ListItem\",\"position\":1,\"name\":\"Acas\u0103\",\"item\":\"https:\\\/\\\/buletin.de\\\/bucuresti\\\/\"},{\"@type\":\"ListItem\",\"position\":2,\"name\":\"Nicu\u0219or Dan verific\u0103 angaj\u0103rile \u0219i achizi\u021biile din primul an de mandat al Gabrielei Firea. Mai sunt vizate infrac\u021biunile de corup\u021bie, deturn\u0103rile de fonduri \u0219i folosirea func\u021biei pentru favorizarea unor persoane\"}]},{\"@type\":\"WebSite\",\"@id\":\"https:\\\/\\\/buletin.de\\\/bucuresti\\\/#website\",\"url\":\"https:\\\/\\\/buletin.de\\\/bucuresti\\\/\",\"name\":\"Buletin de Bucure\u0219ti\",\"description\":\"\u0218tiri \u0219i investiga\u021bii esen\u021biale din capital\u0103\",\"publisher\":{\"@id\":\"https:\\\/\\\/buletin.de\\\/bucuresti\\\/#organization\"},\"potentialAction\":[{\"@type\":\"SearchAction\",\"target\":{\"@type\":\"EntryPoint\",\"urlTemplate\":\"https:\\\/\\\/buletin.de\\\/bucuresti\\\/?s={search_term_string}\"},\"query-input\":{\"@type\":\"PropertyValueSpecification\",\"valueRequired\":true,\"valueName\":\"search_term_string\"}}],\"inLanguage\":\"en-GB\"},{\"@type\":\"Organization\",\"@id\":\"https:\\\/\\\/buletin.de\\\/bucuresti\\\/#organization\",\"name\":\"Buletin de Bucure\u0219ti\",\"url\":\"https:\\\/\\\/buletin.de\\\/bucuresti\\\/\",\"logo\":{\"@type\":\"ImageObject\",\"inLanguage\":\"en-GB\",\"@id\":\"https:\\\/\\\/buletin.de\\\/bucuresti\\\/#\\\/schema\\\/logo\\\/image\\\/\",\"url\":\"https:\\\/\\\/buletin.de\\\/bucuresti\\\/wp-content\\\/uploads\\\/logo-bdb-full-wide-vernil-transparent.png\",\"contentUrl\":\"https:\\\/\\\/buletin.de\\\/bucuresti\\\/wp-content\\\/uploads\\\/logo-bdb-full-wide-vernil-transparent.png\",\"width\":1782,\"height\":626,\"caption\":\"Buletin de Bucure\u0219ti\"},\"image\":{\"@id\":\"https:\\\/\\\/buletin.de\\\/bucuresti\\\/#\\\/schema\\\/logo\\\/image\\\/\"},\"sameAs\":[\"https:\\\/\\\/www.facebook.com\\\/buletin.de.buc\",\"https:\\\/\\\/www.instagram.com\\\/buletinde.bucuresti\\\/\"]},{\"@type\":\"Person\",\"@id\":\"https:\\\/\\\/buletin.de\\\/bucuresti\\\/#\\\/schema\\\/person\\\/31117187ed4d0bdb0a4c7d6acc79d0f8\",\"name\":\"C\u0103t\u0103lin Dosca\u0219\",\"image\":{\"@type\":\"ImageObject\",\"inLanguage\":\"en-GB\",\"@id\":\"https:\\\/\\\/buletin.de\\\/bucuresti\\\/wp-content\\\/uploads\\\/Catalin-Doscas-e1732731064764-96x96.jpga93e2943bb3b1c1f9ead823df6e6317a\",\"url\":\"https:\\\/\\\/buletin.de\\\/bucuresti\\\/wp-content\\\/uploads\\\/Catalin-Doscas-e1732731064764-96x96.jpg\",\"contentUrl\":\"https:\\\/\\\/buletin.de\\\/bucuresti\\\/wp-content\\\/uploads\\\/Catalin-Doscas-e1732731064764-96x96.jpg\",\"caption\":\"C\u0103t\u0103lin Dosca\u0219\"},\"description\":\"Reporter \u0219i redactor-\u0219ef Buletin de Bucure\u0219ti. Lucreaz\u0103 \u00een mass-media de la v\u00e2rsta de 15 ani, c\u00e2nd a publicat primele articole \u00een presa local\u0103 din Tecuci. \u00cen Bucure\u0219ti a lucrat \u00een redac\u021bii radio ca reporter, redactor \u0219i prezentator (StudentFM, Na\u021bionalFM, Radio Total, Smart FM), unde a acoperit domeniile politic, economic, social \u0219i externe. Ulterior, a fost editor-coordonator al postului Realitatea FM. Experien\u021ba \u00een jurnalismul online a dob\u00e2ndit-o la portalul B365.ro, unde a fost editor. \u00cen 2012 s-a angajat \u00een televiziune. La Realitatea TV a fost, pe r\u00e2nd, reporter la sec\u021bia Social, reporter special la emisiunea de reportaje \u0219i anchete \u201eReporterii Realit\u0103\u021bii\u201d, dar \u0219i editor al jurnalelor de \u0219tiri. Ulterior, a f\u0103cut parte din sec\u021bia de Investiga\u021bii de la Digi24 \u0219i a lucrat la campania \u201eRom\u00e2nia furat\u0103\u201d. A revenit \u00een presa scris\u0103 \u00een 2017, ca reporter special, \u00een cadrul unui proiect de repozi\u021bionare a tabloidului Libertatea \u00een cotidian generalist. Este jurnalist Buletin de Bucure\u0219ti din 2019.\",\"url\":\"https:\\\/\\\/buletin.de\\\/bucuresti\\\/author\\\/catalin\\\/\"}]}<\/script>\n<!-- \/ Yoast SEO Premium plugin. -->","yoast_head_json":{"title":"Nicu\u0219or Dan verific\u0103 angaj\u0103rile \u0219i achizi\u021biile din primul an de mandat al Gabrielei Firea. Mai sunt vizate infrac\u021biunile de corup\u021bie, deturn\u0103rile de fonduri \u0219i folosirea func\u021biei pentru favorizarea unor persoane - Buletin de Bucure\u0219ti","robots":{"index":"index","follow":"follow","max-snippet":"max-snippet:-1","max-image-preview":"max-image-preview:large","max-video-preview":"max-video-preview:-1"},"canonical":"https:\/\/buletin.de\/bucuresti\/nicusor-dan-verifica-angajarile-si-achizitiile-din-primul-an-de-mandat-al-gabrielei-firea-mai-sunt-vizate-infractiunile-de-coruptie-deturnarile-de-fonduri-si-folosirea-functiei-pentru-favorizarea-un\/","og_locale":"en_GB","og_type":"article","og_title":"Nicu\u0219or Dan verific\u0103 angaj\u0103rile \u0219i achizi\u021biile din primul an de mandat al Gabrielei Firea. Mai sunt vizate infrac\u021biunile de corup\u021bie, deturn\u0103rile de fonduri \u0219i folosirea func\u021biei pentru favorizarea unor persoane","og_description":"Analizarea cheltuielilor, verificarea procedurilor de achizi\u021bie public\u0103, a utiliz\u0103rii resurselor umane, a eliber\u0103rii de certificate de urbanism \u0219i autoriza\u021bii de construc\u021bie, se num\u0103r\u0103 printre capitolele incluse \u00een contractul de audit pe care municipalitatea vrea s\u0103-l \u00eencheie cu exper\u021bi independen\u021bi. Modul de aducere la \u00eendeplinire a recomand\u0103rilor \u0219i a m\u0103surilor constatate prin actele de control precedente [&hellip;]","og_url":"https:\/\/buletin.de\/bucuresti\/nicusor-dan-verifica-angajarile-si-achizitiile-din-primul-an-de-mandat-al-gabrielei-firea-mai-sunt-vizate-infractiunile-de-coruptie-deturnarile-de-fonduri-si-folosirea-functiei-pentru-favorizarea-un\/","og_site_name":"Buletin de Bucure\u0219ti","article_publisher":"https:\/\/www.facebook.com\/buletin.de.buc","article_published_time":"2021-04-27T08:37:14+00:00","article_modified_time":"2021-04-27T08:43:35+00:00","og_image":[{"width":2000,"height":1333,"url":"https:\/\/buletin.de\/bucuresti\/wp-content\/uploads\/ID146914_INQUAM_Photos_Octav_Ganea.jpg","type":"image\/jpeg"}],"author":"C\u0103t\u0103lin Dosca\u0219","twitter_card":"summary_large_image","twitter_misc":{"Written by":"C\u0103t\u0103lin Dosca\u0219","Estimated reading time":"4 minutes"},"schema":{"@context":"https:\/\/schema.org","@graph":[{"@type":"Article","@id":"https:\/\/buletin.de\/bucuresti\/nicusor-dan-verifica-angajarile-si-achizitiile-din-primul-an-de-mandat-al-gabrielei-firea-mai-sunt-vizate-infractiunile-de-coruptie-deturnarile-de-fonduri-si-folosirea-functiei-pentru-favorizarea-un\/#article","isPartOf":{"@id":"https:\/\/buletin.de\/bucuresti\/nicusor-dan-verifica-angajarile-si-achizitiile-din-primul-an-de-mandat-al-gabrielei-firea-mai-sunt-vizate-infractiunile-de-coruptie-deturnarile-de-fonduri-si-folosirea-functiei-pentru-favorizarea-un\/"},"author":{"name":"C\u0103t\u0103lin Dosca\u0219","@id":"https:\/\/buletin.de\/bucuresti\/#\/schema\/person\/31117187ed4d0bdb0a4c7d6acc79d0f8"},"headline":"Nicu\u0219or Dan verific\u0103 angaj\u0103rile \u0219i achizi\u021biile din primul an de mandat al Gabrielei Firea. Mai sunt vizate infrac\u021biunile de corup\u021bie, deturn\u0103rile de fonduri \u0219i folosirea func\u021biei pentru favorizarea unor persoane","datePublished":"2021-04-27T08:37:14+00:00","dateModified":"2021-04-27T08:43:35+00:00","mainEntityOfPage":{"@id":"https:\/\/buletin.de\/bucuresti\/nicusor-dan-verifica-angajarile-si-achizitiile-din-primul-an-de-mandat-al-gabrielei-firea-mai-sunt-vizate-infractiunile-de-coruptie-deturnarile-de-fonduri-si-folosirea-functiei-pentru-favorizarea-un\/"},"wordCount":821,"publisher":{"@id":"https:\/\/buletin.de\/bucuresti\/#organization"},"image":{"@id":"https:\/\/buletin.de\/bucuresti\/nicusor-dan-verifica-angajarile-si-achizitiile-din-primul-an-de-mandat-al-gabrielei-firea-mai-sunt-vizate-infractiunile-de-coruptie-deturnarile-de-fonduri-si-folosirea-functiei-pentru-favorizarea-un\/#primaryimage"},"thumbnailUrl":"https:\/\/buletin.de\/bucuresti\/wp-content\/uploads\/ID146914_INQUAM_Photos_Octav_Ganea.jpg","keywords":["angajari","audit","coruptie","firea","nicusor dan"],"articleSection":["\u0218tiri"],"inLanguage":"en-GB","copyrightYear":"2021","copyrightHolder":{"@id":"https:\/\/buletin.de\/bucuresti\/#organization"}},{"@type":"WebPage","@id":"https:\/\/buletin.de\/bucuresti\/nicusor-dan-verifica-angajarile-si-achizitiile-din-primul-an-de-mandat-al-gabrielei-firea-mai-sunt-vizate-infractiunile-de-coruptie-deturnarile-de-fonduri-si-folosirea-functiei-pentru-favorizarea-un\/","url":"https:\/\/buletin.de\/bucuresti\/nicusor-dan-verifica-angajarile-si-achizitiile-din-primul-an-de-mandat-al-gabrielei-firea-mai-sunt-vizate-infractiunile-de-coruptie-deturnarile-de-fonduri-si-folosirea-functiei-pentru-favorizarea-un\/","name":"Nicu\u0219or Dan verific\u0103 angaj\u0103rile \u0219i achizi\u021biile din primul an de mandat al Gabrielei Firea. Mai sunt vizate infrac\u021biunile de corup\u021bie, deturn\u0103rile de fonduri \u0219i folosirea func\u021biei pentru favorizarea unor persoane - Buletin de Bucure\u0219ti","isPartOf":{"@id":"https:\/\/buletin.de\/bucuresti\/#website"},"primaryImageOfPage":{"@id":"https:\/\/buletin.de\/bucuresti\/nicusor-dan-verifica-angajarile-si-achizitiile-din-primul-an-de-mandat-al-gabrielei-firea-mai-sunt-vizate-infractiunile-de-coruptie-deturnarile-de-fonduri-si-folosirea-functiei-pentru-favorizarea-un\/#primaryimage"},"image":{"@id":"https:\/\/buletin.de\/bucuresti\/nicusor-dan-verifica-angajarile-si-achizitiile-din-primul-an-de-mandat-al-gabrielei-firea-mai-sunt-vizate-infractiunile-de-coruptie-deturnarile-de-fonduri-si-folosirea-functiei-pentru-favorizarea-un\/#primaryimage"},"thumbnailUrl":"https:\/\/buletin.de\/bucuresti\/wp-content\/uploads\/ID146914_INQUAM_Photos_Octav_Ganea.jpg","datePublished":"2021-04-27T08:37:14+00:00","dateModified":"2021-04-27T08:43:35+00:00","breadcrumb":{"@id":"https:\/\/buletin.de\/bucuresti\/nicusor-dan-verifica-angajarile-si-achizitiile-din-primul-an-de-mandat-al-gabrielei-firea-mai-sunt-vizate-infractiunile-de-coruptie-deturnarile-de-fonduri-si-folosirea-functiei-pentru-favorizarea-un\/#breadcrumb"},"inLanguage":"en-GB","potentialAction":[{"@type":"ReadAction","target":["https:\/\/buletin.de\/bucuresti\/nicusor-dan-verifica-angajarile-si-achizitiile-din-primul-an-de-mandat-al-gabrielei-firea-mai-sunt-vizate-infractiunile-de-coruptie-deturnarile-de-fonduri-si-folosirea-functiei-pentru-favorizarea-un\/"]}]},{"@type":"ImageObject","inLanguage":"en-GB","@id":"https:\/\/buletin.de\/bucuresti\/nicusor-dan-verifica-angajarile-si-achizitiile-din-primul-an-de-mandat-al-gabrielei-firea-mai-sunt-vizate-infractiunile-de-coruptie-deturnarile-de-fonduri-si-folosirea-functiei-pentru-favorizarea-un\/#primaryimage","url":"https:\/\/buletin.de\/bucuresti\/wp-content\/uploads\/ID146914_INQUAM_Photos_Octav_Ganea.jpg","contentUrl":"https:\/\/buletin.de\/bucuresti\/wp-content\/uploads\/ID146914_INQUAM_Photos_Octav_Ganea.jpg","width":2000,"height":1333},{"@type":"BreadcrumbList","@id":"https:\/\/buletin.de\/bucuresti\/nicusor-dan-verifica-angajarile-si-achizitiile-din-primul-an-de-mandat-al-gabrielei-firea-mai-sunt-vizate-infractiunile-de-coruptie-deturnarile-de-fonduri-si-folosirea-functiei-pentru-favorizarea-un\/#breadcrumb","itemListElement":[{"@type":"ListItem","position":1,"name":"Acas\u0103","item":"https:\/\/buletin.de\/bucuresti\/"},{"@type":"ListItem","position":2,"name":"Nicu\u0219or Dan verific\u0103 angaj\u0103rile \u0219i achizi\u021biile din primul an de mandat al Gabrielei Firea. Mai sunt vizate infrac\u021biunile de corup\u021bie, deturn\u0103rile de fonduri \u0219i folosirea func\u021biei pentru favorizarea unor persoane"}]},{"@type":"WebSite","@id":"https:\/\/buletin.de\/bucuresti\/#website","url":"https:\/\/buletin.de\/bucuresti\/","name":"Buletin de Bucure\u0219ti","description":"\u0218tiri \u0219i investiga\u021bii esen\u021biale din capital\u0103","publisher":{"@id":"https:\/\/buletin.de\/bucuresti\/#organization"},"potentialAction":[{"@type":"SearchAction","target":{"@type":"EntryPoint","urlTemplate":"https:\/\/buletin.de\/bucuresti\/?s={search_term_string}"},"query-input":{"@type":"PropertyValueSpecification","valueRequired":true,"valueName":"search_term_string"}}],"inLanguage":"en-GB"},{"@type":"Organization","@id":"https:\/\/buletin.de\/bucuresti\/#organization","name":"Buletin de Bucure\u0219ti","url":"https:\/\/buletin.de\/bucuresti\/","logo":{"@type":"ImageObject","inLanguage":"en-GB","@id":"https:\/\/buletin.de\/bucuresti\/#\/schema\/logo\/image\/","url":"https:\/\/buletin.de\/bucuresti\/wp-content\/uploads\/logo-bdb-full-wide-vernil-transparent.png","contentUrl":"https:\/\/buletin.de\/bucuresti\/wp-content\/uploads\/logo-bdb-full-wide-vernil-transparent.png","width":1782,"height":626,"caption":"Buletin de Bucure\u0219ti"},"image":{"@id":"https:\/\/buletin.de\/bucuresti\/#\/schema\/logo\/image\/"},"sameAs":["https:\/\/www.facebook.com\/buletin.de.buc","https:\/\/www.instagram.com\/buletinde.bucuresti\/"]},{"@type":"Person","@id":"https:\/\/buletin.de\/bucuresti\/#\/schema\/person\/31117187ed4d0bdb0a4c7d6acc79d0f8","name":"C\u0103t\u0103lin Dosca\u0219","image":{"@type":"ImageObject","inLanguage":"en-GB","@id":"https:\/\/buletin.de\/bucuresti\/wp-content\/uploads\/Catalin-Doscas-e1732731064764-96x96.jpga93e2943bb3b1c1f9ead823df6e6317a","url":"https:\/\/buletin.de\/bucuresti\/wp-content\/uploads\/Catalin-Doscas-e1732731064764-96x96.jpg","contentUrl":"https:\/\/buletin.de\/bucuresti\/wp-content\/uploads\/Catalin-Doscas-e1732731064764-96x96.jpg","caption":"C\u0103t\u0103lin Dosca\u0219"},"description":"Reporter \u0219i redactor-\u0219ef Buletin de Bucure\u0219ti. Lucreaz\u0103 \u00een mass-media de la v\u00e2rsta de 15 ani, c\u00e2nd a publicat primele articole \u00een presa local\u0103 din Tecuci. \u00cen Bucure\u0219ti a lucrat \u00een redac\u021bii radio ca reporter, redactor \u0219i prezentator (StudentFM, Na\u021bionalFM, Radio Total, Smart FM), unde a acoperit domeniile politic, economic, social \u0219i externe. Ulterior, a fost editor-coordonator al postului Realitatea FM. Experien\u021ba \u00een jurnalismul online a dob\u00e2ndit-o la portalul B365.ro, unde a fost editor. \u00cen 2012 s-a angajat \u00een televiziune. La Realitatea TV a fost, pe r\u00e2nd, reporter la sec\u021bia Social, reporter special la emisiunea de reportaje \u0219i anchete \u201eReporterii Realit\u0103\u021bii\u201d, dar \u0219i editor al jurnalelor de \u0219tiri. Ulterior, a f\u0103cut parte din sec\u021bia de Investiga\u021bii de la Digi24 \u0219i a lucrat la campania \u201eRom\u00e2nia furat\u0103\u201d. A revenit \u00een presa scris\u0103 \u00een 2017, ca reporter special, \u00een cadrul unui proiect de repozi\u021bionare a tabloidului Libertatea \u00een cotidian generalist. Este jurnalist Buletin de Bucure\u0219ti din 2019.","url":"https:\/\/buletin.de\/bucuresti\/author\/catalin\/"}]}},"authors":[{"term_id":22575,"user_id":10,"is_guest":0,"slug":"catalin","display_name":"C\u0103t\u0103lin Dosca\u0219","avatar_url":"https:\/\/buletin.de\/bucuresti\/wp-content\/uploads\/Catalin-Doscas-e1732731064764-96x96.jpg","0":null,"1":"","2":"","3":"","4":"","5":"","6":"","7":"","8":""}],"_links":{"self":[{"href":"https:\/\/buletin.de\/bucuresti\/wp-json\/wp\/v2\/posts\/23834","targetHints":{"allow":["GET"]}}],"collection":[{"href":"https:\/\/buletin.de\/bucuresti\/wp-json\/wp\/v2\/posts"}],"about":[{"href":"https:\/\/buletin.de\/bucuresti\/wp-json\/wp\/v2\/types\/post"}],"author":[{"embeddable":true,"href":"https:\/\/buletin.de\/bucuresti\/wp-json\/wp\/v2\/users\/10"}],"replies":[{"embeddable":true,"href":"https:\/\/buletin.de\/bucuresti\/wp-json\/wp\/v2\/comments?post=23834"}],"version-history":[{"count":3,"href":"https:\/\/buletin.de\/bucuresti\/wp-json\/wp\/v2\/posts\/23834\/revisions"}],"predecessor-version":[{"id":23840,"href":"https:\/\/buletin.de\/bucuresti\/wp-json\/wp\/v2\/posts\/23834\/revisions\/23840"}],"wp:featuredmedia":[{"embeddable":true,"href":"https:\/\/buletin.de\/bucuresti\/wp-json\/wp\/v2\/media\/23835"}],"wp:attachment":[{"href":"https:\/\/buletin.de\/bucuresti\/wp-json\/wp\/v2\/media?parent=23834"}],"wp:term":[{"taxonomy":"category","embeddable":true,"href":"https:\/\/buletin.de\/bucuresti\/wp-json\/wp\/v2\/categories?post=23834"},{"taxonomy":"post_tag","embeddable":true,"href":"https:\/\/buletin.de\/bucuresti\/wp-json\/wp\/v2\/tags?post=23834"},{"taxonomy":"author","embeddable":true,"href":"https:\/\/buletin.de\/bucuresti\/wp-json\/wp\/v2\/ppma_author?post=23834"}],"curies":[{"name":"wp","href":"https:\/\/api.w.org\/{rel}","templated":true}]}}