{"id":23787,"date":"2021-04-23T18:14:38","date_gmt":"2021-04-23T15:14:38","guid":{"rendered":"https:\/\/buletin.de\/bucuresti\/?p=23787"},"modified":"2021-04-23T18:14:39","modified_gmt":"2021-04-23T15:14:39","slug":"video-dezastru-in-cartierul-henri-coanda-din-voluntari-dejectiile-din-case-se-varsa-direct-in-lac","status":"publish","type":"post","link":"https:\/\/buletin.de\/bucuresti\/video-dezastru-in-cartierul-henri-coanda-din-voluntari-dejectiile-din-case-se-varsa-direct-in-lac\/","title":{"rendered":"(VIDEO) Dezastru \u00een cartierul Henri Coand\u0103 din Voluntari: dejec\u021biile din case se vars\u0103 direct \u00een lac"},"content":{"rendered":"\n<p><strong>Proprietarii caselor din cartierul Henri Coand\u0103, din Voluntari, risc\u0103 amenzi ustur\u0103toare, dup\u0103 ce comisarii G\u0103rzii de Mediu au descoperit, vineri, c\u0103 dejec\u021biile sunt v\u0103rsate direct \u00eentr-un lac din apropiere.<\/strong><\/p>\n\n\n\n<p>Octavian Berceanu, comisarul \u0219ef al G\u0103rzii de Mediu, a f\u0103cut public dezastrul pe pagina sa de Facebook, \u00een urm\u0103 cu pu\u021bin timp:<\/p>\n\n\n\n<p>\u201dCartier de case foarte frumoase \u00een jurul Bucure\u0219tiului, construite f\u0103r\u0103 niciun fel de canalizare sau o infrastructur\u0103. Canalizarea este \u00een plan, vedem gurile de canal. Totu\u0219i, p\u00e2n\u0103 s\u0103 ajungem la o canalizare, oamenii folosesc alt tip de canalizare.<\/p>\n\n\n\n<p>Suntem \u00eempreun\u0103 cu comisarii G\u0103rzii de Mediu. Un lac care ar trebui s\u0103 fie o bijuterie pentru cei de aici \u0219i pentru bucure\u0219teni, \u00een fa\u021b\u0103 sunt pistele de avion. Cam a\u0219a arat\u0103 canalizarea \u00een zona aceasta: frumos de tot, se vars\u0103 direct \u00een lac.<\/p>\n\n\n\n<p>E un lac plin de mizerie, cu cartiere \u0219i case racordate direct la luciul apei. A\u0219a se construie\u0219te \u00een Voluntari \u0219i \u00een 1 Mai.<\/p>\n\n\n\n<p>Nu e doar Voluntariul \u00een acest caz, dar e emblematic.<\/p>\n\n\n\n<p>Foarte mult\u0103 mizerie \u00een salba de lacuri \u0219i, din p\u0103cate, e o surs\u0103 de infec\u021bie \u00een momentul de fa\u021b\u0103.<\/p>\n\n\n\n<p>Comisarii G\u0103rzii de Mediu vor merge \u0219i vor lua casele la r\u00e2nd, vor verifica unde se duce aceast\u0103 canalizare, cas\u0103 cu cas\u0103, \u0219i vor aplica sanc\u021biunile respective.<\/p>\n\n\n\n<p>Nu e un caz unic: sunt foarte multe case din jurul Bucure\u0219tiului, care au astfel de canaliz\u0103ri. Proprietarii vor risca amenzi foarte mari\u201d, a declarat Octavian Berceanu.<\/p>\n\n\n\n<iframe src=\"https:\/\/www.facebook.com\/plugins\/video.php?height=314&#038;href=https%3A%2F%2Fwww.facebook.com%2FOctavianBerceanuUSR%2Fvideos%2F3024554351110494%2F&#038;show_text=true&#038;width=560\" width=\"560\" height=\"429\" style=\"border:none;overflow:hidden\" scrolling=\"no\" frameborder=\"0\" allowfullscreen=\"true\" allow=\"autoplay; clipboard-write; encrypted-media; picture-in-picture; web-share\" allowFullScreen=\"true\"><\/iframe>\n\n\n","protected":false},"excerpt":{"rendered":"<p>Proprietarii caselor din cartierul Henri Coand\u0103, din Voluntari, risc\u0103 amenzi ustur\u0103toare, dup\u0103 ce comisarii G\u0103rzii de Mediu au descoperit, vineri, c\u0103 dejec\u021biile sunt v\u0103rsate direct \u00eentr-un lac din apropiere. Octavian Berceanu, comisarul \u0219ef al G\u0103rzii de Mediu, a f\u0103cut public dezastrul pe pagina sa de Facebook, \u00een urm\u0103 cu pu\u021bin timp: \u201dCartier de case foarte [&hellip;]<\/p>\n","protected":false},"author":25,"featured_media":23788,"comment_status":"closed","ping_status":"open","sticky":false,"template":"","format":"standard","meta":{"_acf_changed":false,"inline_featured_image":false,"ngg_post_thumbnail":0,"footnotes":""},"categories":[1432,62],"tags":[],"ppma_author":[22597],"class_list":["post-23787","post","type-post","status-publish","format-standard","has-post-thumbnail","hentry","category-buletin-de-ilfov","category-stiri"],"acf":[],"yoast_head":"<!-- This site is optimized with the Yoast SEO Premium plugin v25.3 (Yoast SEO v27.4) - https:\/\/yoast.com\/product\/yoast-seo-premium-wordpress\/ -->\n<title>(VIDEO) Dezastru \u00een cartierul Henri Coand\u0103 din Voluntari: dejec\u021biile din case se vars\u0103 direct \u00een lac - Buletin de Bucure\u0219ti<\/title>\n<meta name=\"robots\" content=\"index, follow, max-snippet:-1, max-image-preview:large, max-video-preview:-1\" \/>\n<link rel=\"canonical\" href=\"https:\/\/buletin.de\/bucuresti\/video-dezastru-in-cartierul-henri-coanda-din-voluntari-dejectiile-din-case-se-varsa-direct-in-lac\/\" \/>\n<meta property=\"og:locale\" content=\"en_GB\" \/>\n<meta property=\"og:type\" content=\"article\" \/>\n<meta property=\"og:title\" content=\"(VIDEO) Dezastru \u00een cartierul Henri Coand\u0103 din Voluntari: dejec\u021biile din case se vars\u0103 direct \u00een lac\" \/>\n<meta property=\"og:description\" content=\"Proprietarii caselor din cartierul Henri Coand\u0103, din Voluntari, risc\u0103 amenzi ustur\u0103toare, dup\u0103 ce comisarii G\u0103rzii de Mediu au descoperit, vineri, c\u0103 dejec\u021biile sunt v\u0103rsate direct \u00eentr-un lac din apropiere. Octavian Berceanu, comisarul \u0219ef al G\u0103rzii de Mediu, a f\u0103cut public dezastrul pe pagina sa de Facebook, \u00een urm\u0103 cu pu\u021bin timp: \u201dCartier de case foarte [&hellip;]\" \/>\n<meta property=\"og:url\" content=\"https:\/\/buletin.de\/bucuresti\/video-dezastru-in-cartierul-henri-coanda-din-voluntari-dejectiile-din-case-se-varsa-direct-in-lac\/\" \/>\n<meta property=\"og:site_name\" content=\"Buletin de Bucure\u0219ti\" \/>\n<meta property=\"article:publisher\" content=\"https:\/\/www.facebook.com\/buletin.de.buc\" \/>\n<meta property=\"article:published_time\" content=\"2021-04-23T15:14:38+00:00\" \/>\n<meta property=\"article:modified_time\" content=\"2021-04-23T15:14:39+00:00\" \/>\n<meta property=\"og:image\" content=\"https:\/\/buletin.de\/bucuresti\/wp-content\/uploads\/canalizare-ilfov.jpg\" \/>\n\t<meta property=\"og:image:width\" content=\"913\" \/>\n\t<meta property=\"og:image:height\" content=\"525\" \/>\n\t<meta property=\"og:image:type\" content=\"image\/jpeg\" \/>\n<meta name=\"author\" content=\"Ana Tudor\" \/>\n<meta name=\"twitter:card\" content=\"summary_large_image\" \/>\n<meta name=\"twitter:label1\" content=\"Written by\" \/>\n\t<meta name=\"twitter:data1\" content=\"Ana Tudor\" \/>\n\t<meta name=\"twitter:label2\" content=\"Estimated reading time\" \/>\n\t<meta name=\"twitter:data2\" content=\"2 minutes\" \/>\n<script type=\"application\/ld+json\" class=\"yoast-schema-graph\">{\"@context\":\"https:\\\/\\\/schema.org\",\"@graph\":[{\"@type\":\"Article\",\"@id\":\"https:\\\/\\\/buletin.de\\\/bucuresti\\\/video-dezastru-in-cartierul-henri-coanda-din-voluntari-dejectiile-din-case-se-varsa-direct-in-lac\\\/#article\",\"isPartOf\":{\"@id\":\"https:\\\/\\\/buletin.de\\\/bucuresti\\\/video-dezastru-in-cartierul-henri-coanda-din-voluntari-dejectiile-din-case-se-varsa-direct-in-lac\\\/\"},\"author\":{\"name\":\"Ana Tudor\",\"@id\":\"https:\\\/\\\/buletin.de\\\/bucuresti\\\/#\\\/schema\\\/person\\\/8ce85bbda5515a1abb525993294155a8\"},\"headline\":\"(VIDEO) Dezastru \u00een cartierul Henri Coand\u0103 din Voluntari: dejec\u021biile din case se vars\u0103 direct \u00een lac\",\"datePublished\":\"2021-04-23T15:14:38+00:00\",\"dateModified\":\"2021-04-23T15:14:39+00:00\",\"mainEntityOfPage\":{\"@id\":\"https:\\\/\\\/buletin.de\\\/bucuresti\\\/video-dezastru-in-cartierul-henri-coanda-din-voluntari-dejectiile-din-case-se-varsa-direct-in-lac\\\/\"},\"wordCount\":279,\"publisher\":{\"@id\":\"https:\\\/\\\/buletin.de\\\/bucuresti\\\/#organization\"},\"image\":{\"@id\":\"https:\\\/\\\/buletin.de\\\/bucuresti\\\/video-dezastru-in-cartierul-henri-coanda-din-voluntari-dejectiile-din-case-se-varsa-direct-in-lac\\\/#primaryimage\"},\"thumbnailUrl\":\"https:\\\/\\\/buletin.de\\\/bucuresti\\\/wp-content\\\/uploads\\\/canalizare-ilfov.jpg\",\"articleSection\":[\"Buletin de Ilfov\",\"\u0218tiri\"],\"inLanguage\":\"en-GB\",\"copyrightYear\":\"2021\",\"copyrightHolder\":{\"@id\":\"https:\\\/\\\/buletin.de\\\/bucuresti\\\/#organization\"}},{\"@type\":\"WebPage\",\"@id\":\"https:\\\/\\\/buletin.de\\\/bucuresti\\\/video-dezastru-in-cartierul-henri-coanda-din-voluntari-dejectiile-din-case-se-varsa-direct-in-lac\\\/\",\"url\":\"https:\\\/\\\/buletin.de\\\/bucuresti\\\/video-dezastru-in-cartierul-henri-coanda-din-voluntari-dejectiile-din-case-se-varsa-direct-in-lac\\\/\",\"name\":\"(VIDEO) Dezastru \u00een cartierul Henri Coand\u0103 din Voluntari: dejec\u021biile din case se vars\u0103 direct \u00een lac - Buletin de Bucure\u0219ti\",\"isPartOf\":{\"@id\":\"https:\\\/\\\/buletin.de\\\/bucuresti\\\/#website\"},\"primaryImageOfPage\":{\"@id\":\"https:\\\/\\\/buletin.de\\\/bucuresti\\\/video-dezastru-in-cartierul-henri-coanda-din-voluntari-dejectiile-din-case-se-varsa-direct-in-lac\\\/#primaryimage\"},\"image\":{\"@id\":\"https:\\\/\\\/buletin.de\\\/bucuresti\\\/video-dezastru-in-cartierul-henri-coanda-din-voluntari-dejectiile-din-case-se-varsa-direct-in-lac\\\/#primaryimage\"},\"thumbnailUrl\":\"https:\\\/\\\/buletin.de\\\/bucuresti\\\/wp-content\\\/uploads\\\/canalizare-ilfov.jpg\",\"datePublished\":\"2021-04-23T15:14:38+00:00\",\"dateModified\":\"2021-04-23T15:14:39+00:00\",\"breadcrumb\":{\"@id\":\"https:\\\/\\\/buletin.de\\\/bucuresti\\\/video-dezastru-in-cartierul-henri-coanda-din-voluntari-dejectiile-din-case-se-varsa-direct-in-lac\\\/#breadcrumb\"},\"inLanguage\":\"en-GB\",\"potentialAction\":[{\"@type\":\"ReadAction\",\"target\":[\"https:\\\/\\\/buletin.de\\\/bucuresti\\\/video-dezastru-in-cartierul-henri-coanda-din-voluntari-dejectiile-din-case-se-varsa-direct-in-lac\\\/\"]}]},{\"@type\":\"ImageObject\",\"inLanguage\":\"en-GB\",\"@id\":\"https:\\\/\\\/buletin.de\\\/bucuresti\\\/video-dezastru-in-cartierul-henri-coanda-din-voluntari-dejectiile-din-case-se-varsa-direct-in-lac\\\/#primaryimage\",\"url\":\"https:\\\/\\\/buletin.de\\\/bucuresti\\\/wp-content\\\/uploads\\\/canalizare-ilfov.jpg\",\"contentUrl\":\"https:\\\/\\\/buletin.de\\\/bucuresti\\\/wp-content\\\/uploads\\\/canalizare-ilfov.jpg\",\"width\":913,\"height\":525,\"caption\":\"50 de milioane \u20ac pentru re\u021beaua de ap\u0103 din patru zone ale Capitalei. Printre acestea \u0219i Cartierul \u201eHenri Coand\u0103\u201d, cu apele menajere, \u201emufate\u201d la Balta Pipera\"},{\"@type\":\"BreadcrumbList\",\"@id\":\"https:\\\/\\\/buletin.de\\\/bucuresti\\\/video-dezastru-in-cartierul-henri-coanda-din-voluntari-dejectiile-din-case-se-varsa-direct-in-lac\\\/#breadcrumb\",\"itemListElement\":[{\"@type\":\"ListItem\",\"position\":1,\"name\":\"Acas\u0103\",\"item\":\"https:\\\/\\\/buletin.de\\\/bucuresti\\\/\"},{\"@type\":\"ListItem\",\"position\":2,\"name\":\"(VIDEO) Dezastru \u00een cartierul Henri Coand\u0103 din Voluntari: dejec\u021biile din case se vars\u0103 direct \u00een lac\"}]},{\"@type\":\"WebSite\",\"@id\":\"https:\\\/\\\/buletin.de\\\/bucuresti\\\/#website\",\"url\":\"https:\\\/\\\/buletin.de\\\/bucuresti\\\/\",\"name\":\"Buletin de Bucure\u0219ti\",\"description\":\"\u0218tiri \u0219i investiga\u021bii esen\u021biale din capital\u0103\",\"publisher\":{\"@id\":\"https:\\\/\\\/buletin.de\\\/bucuresti\\\/#organization\"},\"potentialAction\":[{\"@type\":\"SearchAction\",\"target\":{\"@type\":\"EntryPoint\",\"urlTemplate\":\"https:\\\/\\\/buletin.de\\\/bucuresti\\\/?s={search_term_string}\"},\"query-input\":{\"@type\":\"PropertyValueSpecification\",\"valueRequired\":true,\"valueName\":\"search_term_string\"}}],\"inLanguage\":\"en-GB\"},{\"@type\":\"Organization\",\"@id\":\"https:\\\/\\\/buletin.de\\\/bucuresti\\\/#organization\",\"name\":\"Buletin de Bucure\u0219ti\",\"url\":\"https:\\\/\\\/buletin.de\\\/bucuresti\\\/\",\"logo\":{\"@type\":\"ImageObject\",\"inLanguage\":\"en-GB\",\"@id\":\"https:\\\/\\\/buletin.de\\\/bucuresti\\\/#\\\/schema\\\/logo\\\/image\\\/\",\"url\":\"https:\\\/\\\/buletin.de\\\/bucuresti\\\/wp-content\\\/uploads\\\/logo-bdb-full-wide-vernil-transparent.png\",\"contentUrl\":\"https:\\\/\\\/buletin.de\\\/bucuresti\\\/wp-content\\\/uploads\\\/logo-bdb-full-wide-vernil-transparent.png\",\"width\":1782,\"height\":626,\"caption\":\"Buletin de Bucure\u0219ti\"},\"image\":{\"@id\":\"https:\\\/\\\/buletin.de\\\/bucuresti\\\/#\\\/schema\\\/logo\\\/image\\\/\"},\"sameAs\":[\"https:\\\/\\\/www.facebook.com\\\/buletin.de.buc\",\"https:\\\/\\\/www.instagram.com\\\/buletinde.bucuresti\\\/\"]},{\"@type\":\"Person\",\"@id\":\"https:\\\/\\\/buletin.de\\\/bucuresti\\\/#\\\/schema\\\/person\\\/8ce85bbda5515a1abb525993294155a8\",\"name\":\"Ana Tudor\",\"image\":{\"@type\":\"ImageObject\",\"inLanguage\":\"en-GB\",\"@id\":\"https:\\\/\\\/secure.gravatar.com\\\/avatar\\\/390c40e2d9367046adb10d832317e3f5fb181fdecb236cb1a8187477756ae24a?s=96&d=monsterid&r=g0f86ad5d6b77046fd61bd633bbfa4a29\",\"url\":\"https:\\\/\\\/secure.gravatar.com\\\/avatar\\\/390c40e2d9367046adb10d832317e3f5fb181fdecb236cb1a8187477756ae24a?s=96&d=monsterid&r=g\",\"contentUrl\":\"https:\\\/\\\/secure.gravatar.com\\\/avatar\\\/390c40e2d9367046adb10d832317e3f5fb181fdecb236cb1a8187477756ae24a?s=96&d=monsterid&r=g\",\"caption\":\"Ana Tudor\"},\"url\":\"https:\\\/\\\/buletin.de\\\/bucuresti\\\/author\\\/anamaria\\\/\"}]}<\/script>\n<!-- \/ Yoast SEO Premium plugin. -->","yoast_head_json":{"title":"(VIDEO) Dezastru \u00een cartierul Henri Coand\u0103 din Voluntari: dejec\u021biile din case se vars\u0103 direct \u00een lac - Buletin de Bucure\u0219ti","robots":{"index":"index","follow":"follow","max-snippet":"max-snippet:-1","max-image-preview":"max-image-preview:large","max-video-preview":"max-video-preview:-1"},"canonical":"https:\/\/buletin.de\/bucuresti\/video-dezastru-in-cartierul-henri-coanda-din-voluntari-dejectiile-din-case-se-varsa-direct-in-lac\/","og_locale":"en_GB","og_type":"article","og_title":"(VIDEO) Dezastru \u00een cartierul Henri Coand\u0103 din Voluntari: dejec\u021biile din case se vars\u0103 direct \u00een lac","og_description":"Proprietarii caselor din cartierul Henri Coand\u0103, din Voluntari, risc\u0103 amenzi ustur\u0103toare, dup\u0103 ce comisarii G\u0103rzii de Mediu au descoperit, vineri, c\u0103 dejec\u021biile sunt v\u0103rsate direct \u00eentr-un lac din apropiere. Octavian Berceanu, comisarul \u0219ef al G\u0103rzii de Mediu, a f\u0103cut public dezastrul pe pagina sa de Facebook, \u00een urm\u0103 cu pu\u021bin timp: \u201dCartier de case foarte [&hellip;]","og_url":"https:\/\/buletin.de\/bucuresti\/video-dezastru-in-cartierul-henri-coanda-din-voluntari-dejectiile-din-case-se-varsa-direct-in-lac\/","og_site_name":"Buletin de Bucure\u0219ti","article_publisher":"https:\/\/www.facebook.com\/buletin.de.buc","article_published_time":"2021-04-23T15:14:38+00:00","article_modified_time":"2021-04-23T15:14:39+00:00","og_image":[{"width":913,"height":525,"url":"https:\/\/buletin.de\/bucuresti\/wp-content\/uploads\/canalizare-ilfov.jpg","type":"image\/jpeg"}],"author":"Ana Tudor","twitter_card":"summary_large_image","twitter_misc":{"Written by":"Ana Tudor","Estimated reading time":"2 minutes"},"schema":{"@context":"https:\/\/schema.org","@graph":[{"@type":"Article","@id":"https:\/\/buletin.de\/bucuresti\/video-dezastru-in-cartierul-henri-coanda-din-voluntari-dejectiile-din-case-se-varsa-direct-in-lac\/#article","isPartOf":{"@id":"https:\/\/buletin.de\/bucuresti\/video-dezastru-in-cartierul-henri-coanda-din-voluntari-dejectiile-din-case-se-varsa-direct-in-lac\/"},"author":{"name":"Ana Tudor","@id":"https:\/\/buletin.de\/bucuresti\/#\/schema\/person\/8ce85bbda5515a1abb525993294155a8"},"headline":"(VIDEO) Dezastru \u00een cartierul Henri Coand\u0103 din Voluntari: dejec\u021biile din case se vars\u0103 direct \u00een lac","datePublished":"2021-04-23T15:14:38+00:00","dateModified":"2021-04-23T15:14:39+00:00","mainEntityOfPage":{"@id":"https:\/\/buletin.de\/bucuresti\/video-dezastru-in-cartierul-henri-coanda-din-voluntari-dejectiile-din-case-se-varsa-direct-in-lac\/"},"wordCount":279,"publisher":{"@id":"https:\/\/buletin.de\/bucuresti\/#organization"},"image":{"@id":"https:\/\/buletin.de\/bucuresti\/video-dezastru-in-cartierul-henri-coanda-din-voluntari-dejectiile-din-case-se-varsa-direct-in-lac\/#primaryimage"},"thumbnailUrl":"https:\/\/buletin.de\/bucuresti\/wp-content\/uploads\/canalizare-ilfov.jpg","articleSection":["Buletin de Ilfov","\u0218tiri"],"inLanguage":"en-GB","copyrightYear":"2021","copyrightHolder":{"@id":"https:\/\/buletin.de\/bucuresti\/#organization"}},{"@type":"WebPage","@id":"https:\/\/buletin.de\/bucuresti\/video-dezastru-in-cartierul-henri-coanda-din-voluntari-dejectiile-din-case-se-varsa-direct-in-lac\/","url":"https:\/\/buletin.de\/bucuresti\/video-dezastru-in-cartierul-henri-coanda-din-voluntari-dejectiile-din-case-se-varsa-direct-in-lac\/","name":"(VIDEO) Dezastru \u00een cartierul Henri Coand\u0103 din Voluntari: dejec\u021biile din case se vars\u0103 direct \u00een lac - Buletin de Bucure\u0219ti","isPartOf":{"@id":"https:\/\/buletin.de\/bucuresti\/#website"},"primaryImageOfPage":{"@id":"https:\/\/buletin.de\/bucuresti\/video-dezastru-in-cartierul-henri-coanda-din-voluntari-dejectiile-din-case-se-varsa-direct-in-lac\/#primaryimage"},"image":{"@id":"https:\/\/buletin.de\/bucuresti\/video-dezastru-in-cartierul-henri-coanda-din-voluntari-dejectiile-din-case-se-varsa-direct-in-lac\/#primaryimage"},"thumbnailUrl":"https:\/\/buletin.de\/bucuresti\/wp-content\/uploads\/canalizare-ilfov.jpg","datePublished":"2021-04-23T15:14:38+00:00","dateModified":"2021-04-23T15:14:39+00:00","breadcrumb":{"@id":"https:\/\/buletin.de\/bucuresti\/video-dezastru-in-cartierul-henri-coanda-din-voluntari-dejectiile-din-case-se-varsa-direct-in-lac\/#breadcrumb"},"inLanguage":"en-GB","potentialAction":[{"@type":"ReadAction","target":["https:\/\/buletin.de\/bucuresti\/video-dezastru-in-cartierul-henri-coanda-din-voluntari-dejectiile-din-case-se-varsa-direct-in-lac\/"]}]},{"@type":"ImageObject","inLanguage":"en-GB","@id":"https:\/\/buletin.de\/bucuresti\/video-dezastru-in-cartierul-henri-coanda-din-voluntari-dejectiile-din-case-se-varsa-direct-in-lac\/#primaryimage","url":"https:\/\/buletin.de\/bucuresti\/wp-content\/uploads\/canalizare-ilfov.jpg","contentUrl":"https:\/\/buletin.de\/bucuresti\/wp-content\/uploads\/canalizare-ilfov.jpg","width":913,"height":525,"caption":"50 de milioane \u20ac pentru re\u021beaua de ap\u0103 din patru zone ale Capitalei. Printre acestea \u0219i Cartierul \u201eHenri Coand\u0103\u201d, cu apele menajere, \u201emufate\u201d la Balta Pipera"},{"@type":"BreadcrumbList","@id":"https:\/\/buletin.de\/bucuresti\/video-dezastru-in-cartierul-henri-coanda-din-voluntari-dejectiile-din-case-se-varsa-direct-in-lac\/#breadcrumb","itemListElement":[{"@type":"ListItem","position":1,"name":"Acas\u0103","item":"https:\/\/buletin.de\/bucuresti\/"},{"@type":"ListItem","position":2,"name":"(VIDEO) Dezastru \u00een cartierul Henri Coand\u0103 din Voluntari: dejec\u021biile din case se vars\u0103 direct \u00een lac"}]},{"@type":"WebSite","@id":"https:\/\/buletin.de\/bucuresti\/#website","url":"https:\/\/buletin.de\/bucuresti\/","name":"Buletin de Bucure\u0219ti","description":"\u0218tiri \u0219i investiga\u021bii esen\u021biale din capital\u0103","publisher":{"@id":"https:\/\/buletin.de\/bucuresti\/#organization"},"potentialAction":[{"@type":"SearchAction","target":{"@type":"EntryPoint","urlTemplate":"https:\/\/buletin.de\/bucuresti\/?s={search_term_string}"},"query-input":{"@type":"PropertyValueSpecification","valueRequired":true,"valueName":"search_term_string"}}],"inLanguage":"en-GB"},{"@type":"Organization","@id":"https:\/\/buletin.de\/bucuresti\/#organization","name":"Buletin de Bucure\u0219ti","url":"https:\/\/buletin.de\/bucuresti\/","logo":{"@type":"ImageObject","inLanguage":"en-GB","@id":"https:\/\/buletin.de\/bucuresti\/#\/schema\/logo\/image\/","url":"https:\/\/buletin.de\/bucuresti\/wp-content\/uploads\/logo-bdb-full-wide-vernil-transparent.png","contentUrl":"https:\/\/buletin.de\/bucuresti\/wp-content\/uploads\/logo-bdb-full-wide-vernil-transparent.png","width":1782,"height":626,"caption":"Buletin de Bucure\u0219ti"},"image":{"@id":"https:\/\/buletin.de\/bucuresti\/#\/schema\/logo\/image\/"},"sameAs":["https:\/\/www.facebook.com\/buletin.de.buc","https:\/\/www.instagram.com\/buletinde.bucuresti\/"]},{"@type":"Person","@id":"https:\/\/buletin.de\/bucuresti\/#\/schema\/person\/8ce85bbda5515a1abb525993294155a8","name":"Ana Tudor","image":{"@type":"ImageObject","inLanguage":"en-GB","@id":"https:\/\/secure.gravatar.com\/avatar\/390c40e2d9367046adb10d832317e3f5fb181fdecb236cb1a8187477756ae24a?s=96&d=monsterid&r=g0f86ad5d6b77046fd61bd633bbfa4a29","url":"https:\/\/secure.gravatar.com\/avatar\/390c40e2d9367046adb10d832317e3f5fb181fdecb236cb1a8187477756ae24a?s=96&d=monsterid&r=g","contentUrl":"https:\/\/secure.gravatar.com\/avatar\/390c40e2d9367046adb10d832317e3f5fb181fdecb236cb1a8187477756ae24a?s=96&d=monsterid&r=g","caption":"Ana Tudor"},"url":"https:\/\/buletin.de\/bucuresti\/author\/anamaria\/"}]}},"authors":[{"term_id":22597,"user_id":25,"is_guest":0,"slug":"anamaria","display_name":"Ana Tudor","avatar_url":"https:\/\/secure.gravatar.com\/avatar\/390c40e2d9367046adb10d832317e3f5fb181fdecb236cb1a8187477756ae24a?s=96&d=monsterid&r=g","0":null,"1":"","2":"","3":"","4":"","5":"","6":"","7":"","8":""}],"_links":{"self":[{"href":"https:\/\/buletin.de\/bucuresti\/wp-json\/wp\/v2\/posts\/23787","targetHints":{"allow":["GET"]}}],"collection":[{"href":"https:\/\/buletin.de\/bucuresti\/wp-json\/wp\/v2\/posts"}],"about":[{"href":"https:\/\/buletin.de\/bucuresti\/wp-json\/wp\/v2\/types\/post"}],"author":[{"embeddable":true,"href":"https:\/\/buletin.de\/bucuresti\/wp-json\/wp\/v2\/users\/25"}],"replies":[{"embeddable":true,"href":"https:\/\/buletin.de\/bucuresti\/wp-json\/wp\/v2\/comments?post=23787"}],"version-history":[{"count":1,"href":"https:\/\/buletin.de\/bucuresti\/wp-json\/wp\/v2\/posts\/23787\/revisions"}],"predecessor-version":[{"id":23789,"href":"https:\/\/buletin.de\/bucuresti\/wp-json\/wp\/v2\/posts\/23787\/revisions\/23789"}],"wp:featuredmedia":[{"embeddable":true,"href":"https:\/\/buletin.de\/bucuresti\/wp-json\/wp\/v2\/media\/23788"}],"wp:attachment":[{"href":"https:\/\/buletin.de\/bucuresti\/wp-json\/wp\/v2\/media?parent=23787"}],"wp:term":[{"taxonomy":"category","embeddable":true,"href":"https:\/\/buletin.de\/bucuresti\/wp-json\/wp\/v2\/categories?post=23787"},{"taxonomy":"post_tag","embeddable":true,"href":"https:\/\/buletin.de\/bucuresti\/wp-json\/wp\/v2\/tags?post=23787"},{"taxonomy":"author","embeddable":true,"href":"https:\/\/buletin.de\/bucuresti\/wp-json\/wp\/v2\/ppma_author?post=23787"}],"curies":[{"name":"wp","href":"https:\/\/api.w.org\/{rel}","templated":true}]}}