{"id":23730,"date":"2021-04-22T16:11:03","date_gmt":"2021-04-22T13:11:03","guid":{"rendered":"https:\/\/buletin.de\/bucuresti\/?p=23730"},"modified":"2021-04-22T16:11:04","modified_gmt":"2021-04-22T13:11:04","slug":"bugetul-sectorului-1-misiune-imposibila-sedinta-de-consiliu-local-covocata-de-clotilde-armand-nu-a-avut-cvorum","status":"publish","type":"post","link":"https:\/\/buletin.de\/bucuresti\/bugetul-sectorului-1-misiune-imposibila-sedinta-de-consiliu-local-covocata-de-clotilde-armand-nu-a-avut-cvorum\/","title":{"rendered":"Bugetul Sectorului 1, misiune imposibil\u0103. \u0218edin\u021ba de Consiliu Local, covocat\u0103 de Clotilde Armand, nu a avut cvorum."},"content":{"rendered":"\n<p><strong>Clotilde Armand, primarul Sectorului 1, a convocat&nbsp;ieri pentru azi, ora 15:00, o \u0219edin\u021b\u0103 de \u00eendat\u0103 a Consiliului Local Sector 1<\/strong>, <strong>pe ordinea de zi fiind \u0219i votul pe bugetul 2021. Doar c\u0103 la \u0219edin\u021b\u0103 nu s-au prezentat nici ale\u0219ii PNL \u0219i nici PSD, a\u0219a c\u0103, din lips\u0103 de cvroum, lucr\u0103rile au fost suspendate. <\/strong><\/p>\n\n\n\n<blockquote class=\"wp-block-quote is-layout-flow wp-block-quote-is-layout-flow\"><p>Ast\u0103zi am convocat (a treia oar\u0103) Consiliul Local al Sectorului 1 pentru \u0219edin\u021ba de buget. Consilierii PSD \u0219i PNL nu s-au prezent \u0219i nu a fost cvorum pentru \u0219edin\u021b\u0103. Dac\u0103 pe consilierii PSD pot s\u0103-i \u00een\u021beleg, c\u0103 \u00eenva\u021b\u0103 s\u0103 numere voturile pierdute la alegerile locale \u00een frunte cu \u0219eful lor, pe consilierii PNL Sector 1 nu pot. Fac un apel public c\u0103tre conducerea PNL Bucure\u0219ti s\u0103 dispun\u0103 urgent de toate m\u0103surile statutare pentru a-\u0219i clarifica situa\u021bia politic\u0103 intern\u0103 \u0219i a opri acest \u0219antaj \u00eempotriva locuitorilor \u0219i al cet\u0103\u021benilor din Sectorul 1. De asemenea, fac un apel c\u0103tre domnul pre\u0219edinte Ludovic Orban s\u0103 realizeze c\u0103 astfel de consilieri locali care refuz\u0103 dialogul nu fac cinste PNL \u0219i pun \u00een pericol coali\u021bia de guvernare. Campania electoral\u0103 s-a terminat \u0219i cet\u0103\u021benii a\u0219teapt\u0103 rezultate. Cei care sufer\u0103 din cauza incon\u0219tien\u021bei celor absen\u021bi ast\u0103zi la \u0219edin\u021ba de buget sunt cet\u0103\u021benii.<\/p><cite>A scris Clotilde Armand pe <a href=\"https:\/\/www.facebook.com\/clotildearmand.ro\/posts\/301024738055525?__cft__[0]=AZUP8D7WTzWrgDBg_GYGw8WiPmKcP7qjp0AoNjSMSm6MWnE0Qe3-aOO7m9NpFzCbyR-lF7ACCvkrd62QCNPEPS97F1jmcSE9SYxUwrWVV6Oz3p67QU6lW1Q-b9TVmbVSLlTrUYuBc5QIqz-y2jUjdQa4&amp;__tn__=%2CO%2CP-R\">Facebook <\/a><\/cite><\/blockquote>\n\n\n\n<p> Ale\u0219ii locali PNL au anun\u021bat \u00eenc\u0103 de diminea\u021b\u0103, printr-un comunicat de pres\u0103, c\u0103 nu se vor prezenta la \u0219edint\u0103.  Mai multi, au cerut demisia secretarului general al prim\u0103riei Sector 1, considerat\u0103 a fi <em>omul<\/em> Gabrielei Firea. <\/p>\n\n\n\n<p class=\"has-background\" style=\"background-color:#f2f6bd\"><em>\u201eO nou\u0103 zi, o nou\u0103 \u0219edin\u021b\u0103 extraordinar\u0103 de \u00eendat\u0103 la prim\u0103ria sectorului 1, convocat\u0103 spre finalul zilei de ieri pentru azi, orele 15. \u0218edin\u021bele de \u00eendat\u0103 au devenit un instrument la ordinea zilei la sectorul 1, abuzat de nenum\u0103rate ori de actuala administra\u021bie, ca un mijloc de presiune asupra consiliului local. \u0218i \u00een al doisprezecelea ceas, primarul sectorului 1 \u0219i aparatul s\u0103u administrativ insist\u0103 cu un proiect de buget ilegal, care sfideaz\u0103 o decizie a Tribunalului Bucure\u0219ti \u0219i o opinie avizat\u0103 emis\u0103 sub semn\u0103tura pre\u0219edintelui Agen\u0163iei Na\u0163ionale a Func\u0163ionarilor Publici (ANFP).&nbsp; Pe baza motiv\u0103rii instan\u021bei, la care se adaug\u0103 toate derapajele din ultimele s\u0103pt\u0103m\u00e2ni \u0219i cu un comportament abuziv, caracterizat de presiuni \u0219i amenin\u021b\u0103ri,&nbsp;<strong>PNL Sector 1 solicit\u0103 public demisia secretarului general al prim\u0103riei Sectorului 1, Lavinia Ionescu.&nbsp;<\/strong>Este regretabil c\u0103 primarul&nbsp;Clotilde Armand a ales s\u0103 lucreze cu un om care a f\u0103cut parte din cercul restr\u00e2ns al fostului primar PSD Gabriela Firea, care a numit-o \u0219ef peste Compania Municipal\u0103 Dezvoltare Durabil\u0103 Bucure\u0219ti.&nbsp;\u201d<\/em>, Se arat\u0103 \u00een <a href=\"https:\/\/pnlsector1.ro\/2021\/04\/22\/pnl-sector-1-nu-voteaza-un-buget-ilegal-si-cere-public-demisia-secretarului-general-al-primariei\/?fbclid=IwAR2Y78zWdBnzPX3RPlb5cMO7u6dJ4Nw2KeH-5ZUZ-bZHYkqAq3n8hitYJk0\">comunicatul de pres\u0103<\/a> al PNL Sector 1 <\/p>\n\n\n\n<p>Imediat dup\u0103 suspendarea \u0219edin\u021bei de CL, Clotilde Armand a f\u0103cut apel c\u0103tre PNL Bucure\u0219ti s\u0103-\u0219i clarifice situa\u021bia politic\u0103 intern\u0103, \u0219i i-a acuzat de \u0219antaj \u00eempotriva locuitorilor Sectorului 1.<\/p>\n\n\n\n<p>Aceasta a fost a treia \u0219edin\u021b\u0103 de consiliu local convocat\u0103 de edilul Sectorului 1 pentru a aproba bugetul local. La \u0219edin\u021b\u0103 au fost prezen\u021bi 12 consilieri din num\u0103rul total de 27 consilieri locali \u00een func\u021bie. <\/p>\n\n\n\n<p>Surs\u0103 Foto: Clotilde Armand\/Facebook <\/p>\n","protected":false},"excerpt":{"rendered":"<p>Clotilde Armand, primarul Sectorului 1, a convocat&nbsp;ieri pentru azi, ora 15:00, o \u0219edin\u021b\u0103 de \u00eendat\u0103 a Consiliului Local Sector 1, pe ordinea de zi fiind \u0219i votul pe bugetul 2021. Doar c\u0103 la \u0219edin\u021b\u0103 nu s-au prezentat nici ale\u0219ii PNL \u0219i nici PSD, a\u0219a c\u0103, din lips\u0103 de cvroum, lucr\u0103rile au fost suspendate. Ast\u0103zi am [&hellip;]<\/p>\n","protected":false},"author":17,"featured_media":23740,"comment_status":"closed","ping_status":"open","sticky":false,"template":"","format":"standard","meta":{"_acf_changed":false,"inline_featured_image":false,"ngg_post_thumbnail":0,"footnotes":""},"categories":[62],"tags":[2632,1487,2566],"ppma_author":[22576],"class_list":["post-23730","post","type-post","status-publish","format-standard","has-post-thumbnail","hentry","category-stiri","tag-buget-local","tag-clotilde-armand","tag-pnl-sector-1"],"acf":[],"yoast_head":"<!-- This site is optimized with the Yoast SEO Premium plugin v25.3 (Yoast SEO v27.5) - https:\/\/yoast.com\/product\/yoast-seo-premium-wordpress\/ -->\n<title>Bugetul Sectorului 1, misiune imposibil\u0103. \u0218edin\u021ba de Consiliu Local, covocat\u0103 de Clotilde Armand, nu a avut cvorum. - Buletin de Bucure\u0219ti<\/title>\n<meta name=\"robots\" content=\"index, follow, max-snippet:-1, max-image-preview:large, max-video-preview:-1\" \/>\n<link rel=\"canonical\" href=\"https:\/\/buletin.de\/bucuresti\/bugetul-sectorului-1-misiune-imposibila-sedinta-de-consiliu-local-covocata-de-clotilde-armand-nu-a-avut-cvorum\/\" \/>\n<meta property=\"og:locale\" content=\"en_GB\" \/>\n<meta property=\"og:type\" content=\"article\" \/>\n<meta property=\"og:title\" content=\"Bugetul Sectorului 1, misiune imposibil\u0103. \u0218edin\u021ba de Consiliu Local, covocat\u0103 de Clotilde Armand, nu a avut cvorum.\" \/>\n<meta property=\"og:description\" content=\"Clotilde Armand, primarul Sectorului 1, a convocat&nbsp;ieri pentru azi, ora 15:00, o \u0219edin\u021b\u0103 de \u00eendat\u0103 a Consiliului Local Sector 1, pe ordinea de zi fiind \u0219i votul pe bugetul 2021. Doar c\u0103 la \u0219edin\u021b\u0103 nu s-au prezentat nici ale\u0219ii PNL \u0219i nici PSD, a\u0219a c\u0103, din lips\u0103 de cvroum, lucr\u0103rile au fost suspendate. Ast\u0103zi am [&hellip;]\" \/>\n<meta property=\"og:url\" content=\"https:\/\/buletin.de\/bucuresti\/bugetul-sectorului-1-misiune-imposibila-sedinta-de-consiliu-local-covocata-de-clotilde-armand-nu-a-avut-cvorum\/\" \/>\n<meta property=\"og:site_name\" content=\"Buletin de Bucure\u0219ti\" \/>\n<meta property=\"article:publisher\" content=\"https:\/\/www.facebook.com\/buletin.de.buc\" \/>\n<meta property=\"article:published_time\" content=\"2021-04-22T13:11:03+00:00\" \/>\n<meta property=\"article:modified_time\" content=\"2021-04-22T13:11:04+00:00\" \/>\n<meta property=\"og:image\" content=\"https:\/\/buletin.de\/bucuresti\/wp-content\/uploads\/154808343_266646921493307_1407608185511221067_n.jpg\" \/>\n\t<meta property=\"og:image:width\" content=\"2048\" \/>\n\t<meta property=\"og:image:height\" content=\"1153\" \/>\n\t<meta property=\"og:image:type\" content=\"image\/jpeg\" \/>\n<meta name=\"author\" content=\"Florin R\u00e2\u0219teiu\" \/>\n<meta name=\"twitter:card\" content=\"summary_large_image\" \/>\n<meta name=\"twitter:label1\" content=\"Written by\" \/>\n\t<meta name=\"twitter:data1\" content=\"Florin R\u00e2\u0219teiu\" \/>\n\t<meta name=\"twitter:label2\" content=\"Estimated reading time\" \/>\n\t<meta name=\"twitter:data2\" content=\"3 minutes\" \/>\n<script type=\"application\/ld+json\" class=\"yoast-schema-graph\">{\"@context\":\"https:\\\/\\\/schema.org\",\"@graph\":[{\"@type\":\"Article\",\"@id\":\"https:\\\/\\\/buletin.de\\\/bucuresti\\\/bugetul-sectorului-1-misiune-imposibila-sedinta-de-consiliu-local-covocata-de-clotilde-armand-nu-a-avut-cvorum\\\/#article\",\"isPartOf\":{\"@id\":\"https:\\\/\\\/buletin.de\\\/bucuresti\\\/bugetul-sectorului-1-misiune-imposibila-sedinta-de-consiliu-local-covocata-de-clotilde-armand-nu-a-avut-cvorum\\\/\"},\"author\":{\"name\":\"Florin R\u00e2\u0219teiu\",\"@id\":\"https:\\\/\\\/buletin.de\\\/bucuresti\\\/#\\\/schema\\\/person\\\/b0686d7a8b666c6afc78239777fd8a89\"},\"headline\":\"Bugetul Sectorului 1, misiune imposibil\u0103. \u0218edin\u021ba de Consiliu Local, covocat\u0103 de Clotilde Armand, nu a avut cvorum.\",\"datePublished\":\"2021-04-22T13:11:03+00:00\",\"dateModified\":\"2021-04-22T13:11:04+00:00\",\"mainEntityOfPage\":{\"@id\":\"https:\\\/\\\/buletin.de\\\/bucuresti\\\/bugetul-sectorului-1-misiune-imposibila-sedinta-de-consiliu-local-covocata-de-clotilde-armand-nu-a-avut-cvorum\\\/\"},\"wordCount\":545,\"publisher\":{\"@id\":\"https:\\\/\\\/buletin.de\\\/bucuresti\\\/#organization\"},\"image\":{\"@id\":\"https:\\\/\\\/buletin.de\\\/bucuresti\\\/bugetul-sectorului-1-misiune-imposibila-sedinta-de-consiliu-local-covocata-de-clotilde-armand-nu-a-avut-cvorum\\\/#primaryimage\"},\"thumbnailUrl\":\"https:\\\/\\\/buletin.de\\\/bucuresti\\\/wp-content\\\/uploads\\\/154808343_266646921493307_1407608185511221067_n.jpg\",\"keywords\":[\"Buget local\",\"clotilde armand\",\"PNL Sector 1\"],\"articleSection\":[\"\u0218tiri\"],\"inLanguage\":\"en-GB\",\"copyrightYear\":\"2021\",\"copyrightHolder\":{\"@id\":\"https:\\\/\\\/buletin.de\\\/bucuresti\\\/#organization\"}},{\"@type\":\"WebPage\",\"@id\":\"https:\\\/\\\/buletin.de\\\/bucuresti\\\/bugetul-sectorului-1-misiune-imposibila-sedinta-de-consiliu-local-covocata-de-clotilde-armand-nu-a-avut-cvorum\\\/\",\"url\":\"https:\\\/\\\/buletin.de\\\/bucuresti\\\/bugetul-sectorului-1-misiune-imposibila-sedinta-de-consiliu-local-covocata-de-clotilde-armand-nu-a-avut-cvorum\\\/\",\"name\":\"Bugetul Sectorului 1, misiune imposibil\u0103. \u0218edin\u021ba de Consiliu Local, covocat\u0103 de Clotilde Armand, nu a avut cvorum. - Buletin de Bucure\u0219ti\",\"isPartOf\":{\"@id\":\"https:\\\/\\\/buletin.de\\\/bucuresti\\\/#website\"},\"primaryImageOfPage\":{\"@id\":\"https:\\\/\\\/buletin.de\\\/bucuresti\\\/bugetul-sectorului-1-misiune-imposibila-sedinta-de-consiliu-local-covocata-de-clotilde-armand-nu-a-avut-cvorum\\\/#primaryimage\"},\"image\":{\"@id\":\"https:\\\/\\\/buletin.de\\\/bucuresti\\\/bugetul-sectorului-1-misiune-imposibila-sedinta-de-consiliu-local-covocata-de-clotilde-armand-nu-a-avut-cvorum\\\/#primaryimage\"},\"thumbnailUrl\":\"https:\\\/\\\/buletin.de\\\/bucuresti\\\/wp-content\\\/uploads\\\/154808343_266646921493307_1407608185511221067_n.jpg\",\"datePublished\":\"2021-04-22T13:11:03+00:00\",\"dateModified\":\"2021-04-22T13:11:04+00:00\",\"breadcrumb\":{\"@id\":\"https:\\\/\\\/buletin.de\\\/bucuresti\\\/bugetul-sectorului-1-misiune-imposibila-sedinta-de-consiliu-local-covocata-de-clotilde-armand-nu-a-avut-cvorum\\\/#breadcrumb\"},\"inLanguage\":\"en-GB\",\"potentialAction\":[{\"@type\":\"ReadAction\",\"target\":[\"https:\\\/\\\/buletin.de\\\/bucuresti\\\/bugetul-sectorului-1-misiune-imposibila-sedinta-de-consiliu-local-covocata-de-clotilde-armand-nu-a-avut-cvorum\\\/\"]}]},{\"@type\":\"ImageObject\",\"inLanguage\":\"en-GB\",\"@id\":\"https:\\\/\\\/buletin.de\\\/bucuresti\\\/bugetul-sectorului-1-misiune-imposibila-sedinta-de-consiliu-local-covocata-de-clotilde-armand-nu-a-avut-cvorum\\\/#primaryimage\",\"url\":\"https:\\\/\\\/buletin.de\\\/bucuresti\\\/wp-content\\\/uploads\\\/154808343_266646921493307_1407608185511221067_n.jpg\",\"contentUrl\":\"https:\\\/\\\/buletin.de\\\/bucuresti\\\/wp-content\\\/uploads\\\/154808343_266646921493307_1407608185511221067_n.jpg\",\"width\":2048,\"height\":1153},{\"@type\":\"BreadcrumbList\",\"@id\":\"https:\\\/\\\/buletin.de\\\/bucuresti\\\/bugetul-sectorului-1-misiune-imposibila-sedinta-de-consiliu-local-covocata-de-clotilde-armand-nu-a-avut-cvorum\\\/#breadcrumb\",\"itemListElement\":[{\"@type\":\"ListItem\",\"position\":1,\"name\":\"Acas\u0103\",\"item\":\"https:\\\/\\\/buletin.de\\\/bucuresti\\\/\"},{\"@type\":\"ListItem\",\"position\":2,\"name\":\"Bugetul Sectorului 1, misiune imposibil\u0103. \u0218edin\u021ba de Consiliu Local, covocat\u0103 de Clotilde Armand, nu a avut cvorum.\"}]},{\"@type\":\"WebSite\",\"@id\":\"https:\\\/\\\/buletin.de\\\/bucuresti\\\/#website\",\"url\":\"https:\\\/\\\/buletin.de\\\/bucuresti\\\/\",\"name\":\"Buletin de Bucure\u0219ti\",\"description\":\"\u0218tiri \u0219i investiga\u021bii esen\u021biale din capital\u0103\",\"publisher\":{\"@id\":\"https:\\\/\\\/buletin.de\\\/bucuresti\\\/#organization\"},\"potentialAction\":[{\"@type\":\"SearchAction\",\"target\":{\"@type\":\"EntryPoint\",\"urlTemplate\":\"https:\\\/\\\/buletin.de\\\/bucuresti\\\/?s={search_term_string}\"},\"query-input\":{\"@type\":\"PropertyValueSpecification\",\"valueRequired\":true,\"valueName\":\"search_term_string\"}}],\"inLanguage\":\"en-GB\"},{\"@type\":\"Organization\",\"@id\":\"https:\\\/\\\/buletin.de\\\/bucuresti\\\/#organization\",\"name\":\"Buletin de Bucure\u0219ti\",\"url\":\"https:\\\/\\\/buletin.de\\\/bucuresti\\\/\",\"logo\":{\"@type\":\"ImageObject\",\"inLanguage\":\"en-GB\",\"@id\":\"https:\\\/\\\/buletin.de\\\/bucuresti\\\/#\\\/schema\\\/logo\\\/image\\\/\",\"url\":\"https:\\\/\\\/buletin.de\\\/bucuresti\\\/wp-content\\\/uploads\\\/logo-bdb-full-wide-vernil-transparent.png\",\"contentUrl\":\"https:\\\/\\\/buletin.de\\\/bucuresti\\\/wp-content\\\/uploads\\\/logo-bdb-full-wide-vernil-transparent.png\",\"width\":1782,\"height\":626,\"caption\":\"Buletin de Bucure\u0219ti\"},\"image\":{\"@id\":\"https:\\\/\\\/buletin.de\\\/bucuresti\\\/#\\\/schema\\\/logo\\\/image\\\/\"},\"sameAs\":[\"https:\\\/\\\/www.facebook.com\\\/buletin.de.buc\",\"https:\\\/\\\/www.instagram.com\\\/buletinde.bucuresti\\\/\"]},{\"@type\":\"Person\",\"@id\":\"https:\\\/\\\/buletin.de\\\/bucuresti\\\/#\\\/schema\\\/person\\\/b0686d7a8b666c6afc78239777fd8a89\",\"name\":\"Florin R\u00e2\u0219teiu\",\"image\":{\"@type\":\"ImageObject\",\"inLanguage\":\"en-GB\",\"@id\":\"https:\\\/\\\/buletin.de\\\/bucuresti\\\/wp-content\\\/uploads\\\/Florin-Rasteiu-96x96.jpgf0a6fe28453aa12f0a60e4d0a2e3a78c\",\"url\":\"https:\\\/\\\/buletin.de\\\/bucuresti\\\/wp-content\\\/uploads\\\/Florin-Rasteiu-96x96.jpg\",\"contentUrl\":\"https:\\\/\\\/buletin.de\\\/bucuresti\\\/wp-content\\\/uploads\\\/Florin-Rasteiu-96x96.jpg\",\"caption\":\"Florin R\u00e2\u0219teiu\"},\"description\":\"Jurnalist de investiga\u021bie. Lucreaz\u0103 de aproape 6 ani la Buletin de Bucure\u0219ti, unde a publicat articole care scot la suprafa\u021b\u0103 corup\u021bia din Capital\u0103. Analizeaz\u0103 baze de date zilnic \u0219i scoate pove\u0219ti din exceluri pline de cifre. Pune reflectorul pe adev\u0103r cu fiecare ocazie. A c\u00e2\u0219tigat premiul I la categoria Pres\u0103 Local\u0103 \u00een 2025 \u0219i locul al II-lea la aceea\u0219i categorie \u00een 2024 \u00een cadrul Premiilor Superscrieri pentru jurnalism independent.\",\"url\":\"https:\\\/\\\/buletin.de\\\/bucuresti\\\/author\\\/florinrasteiu\\\/\"}]}<\/script>\n<!-- \/ Yoast SEO Premium plugin. -->","yoast_head_json":{"title":"Bugetul Sectorului 1, misiune imposibil\u0103. \u0218edin\u021ba de Consiliu Local, covocat\u0103 de Clotilde Armand, nu a avut cvorum. - Buletin de Bucure\u0219ti","robots":{"index":"index","follow":"follow","max-snippet":"max-snippet:-1","max-image-preview":"max-image-preview:large","max-video-preview":"max-video-preview:-1"},"canonical":"https:\/\/buletin.de\/bucuresti\/bugetul-sectorului-1-misiune-imposibila-sedinta-de-consiliu-local-covocata-de-clotilde-armand-nu-a-avut-cvorum\/","og_locale":"en_GB","og_type":"article","og_title":"Bugetul Sectorului 1, misiune imposibil\u0103. \u0218edin\u021ba de Consiliu Local, covocat\u0103 de Clotilde Armand, nu a avut cvorum.","og_description":"Clotilde Armand, primarul Sectorului 1, a convocat&nbsp;ieri pentru azi, ora 15:00, o \u0219edin\u021b\u0103 de \u00eendat\u0103 a Consiliului Local Sector 1, pe ordinea de zi fiind \u0219i votul pe bugetul 2021. Doar c\u0103 la \u0219edin\u021b\u0103 nu s-au prezentat nici ale\u0219ii PNL \u0219i nici PSD, a\u0219a c\u0103, din lips\u0103 de cvroum, lucr\u0103rile au fost suspendate. Ast\u0103zi am [&hellip;]","og_url":"https:\/\/buletin.de\/bucuresti\/bugetul-sectorului-1-misiune-imposibila-sedinta-de-consiliu-local-covocata-de-clotilde-armand-nu-a-avut-cvorum\/","og_site_name":"Buletin de Bucure\u0219ti","article_publisher":"https:\/\/www.facebook.com\/buletin.de.buc","article_published_time":"2021-04-22T13:11:03+00:00","article_modified_time":"2021-04-22T13:11:04+00:00","og_image":[{"width":2048,"height":1153,"url":"https:\/\/buletin.de\/bucuresti\/wp-content\/uploads\/154808343_266646921493307_1407608185511221067_n.jpg","type":"image\/jpeg"}],"author":"Florin R\u00e2\u0219teiu","twitter_card":"summary_large_image","twitter_misc":{"Written by":"Florin R\u00e2\u0219teiu","Estimated reading time":"3 minutes"},"schema":{"@context":"https:\/\/schema.org","@graph":[{"@type":"Article","@id":"https:\/\/buletin.de\/bucuresti\/bugetul-sectorului-1-misiune-imposibila-sedinta-de-consiliu-local-covocata-de-clotilde-armand-nu-a-avut-cvorum\/#article","isPartOf":{"@id":"https:\/\/buletin.de\/bucuresti\/bugetul-sectorului-1-misiune-imposibila-sedinta-de-consiliu-local-covocata-de-clotilde-armand-nu-a-avut-cvorum\/"},"author":{"name":"Florin R\u00e2\u0219teiu","@id":"https:\/\/buletin.de\/bucuresti\/#\/schema\/person\/b0686d7a8b666c6afc78239777fd8a89"},"headline":"Bugetul Sectorului 1, misiune imposibil\u0103. \u0218edin\u021ba de Consiliu Local, covocat\u0103 de Clotilde Armand, nu a avut cvorum.","datePublished":"2021-04-22T13:11:03+00:00","dateModified":"2021-04-22T13:11:04+00:00","mainEntityOfPage":{"@id":"https:\/\/buletin.de\/bucuresti\/bugetul-sectorului-1-misiune-imposibila-sedinta-de-consiliu-local-covocata-de-clotilde-armand-nu-a-avut-cvorum\/"},"wordCount":545,"publisher":{"@id":"https:\/\/buletin.de\/bucuresti\/#organization"},"image":{"@id":"https:\/\/buletin.de\/bucuresti\/bugetul-sectorului-1-misiune-imposibila-sedinta-de-consiliu-local-covocata-de-clotilde-armand-nu-a-avut-cvorum\/#primaryimage"},"thumbnailUrl":"https:\/\/buletin.de\/bucuresti\/wp-content\/uploads\/154808343_266646921493307_1407608185511221067_n.jpg","keywords":["Buget local","clotilde armand","PNL Sector 1"],"articleSection":["\u0218tiri"],"inLanguage":"en-GB","copyrightYear":"2021","copyrightHolder":{"@id":"https:\/\/buletin.de\/bucuresti\/#organization"}},{"@type":"WebPage","@id":"https:\/\/buletin.de\/bucuresti\/bugetul-sectorului-1-misiune-imposibila-sedinta-de-consiliu-local-covocata-de-clotilde-armand-nu-a-avut-cvorum\/","url":"https:\/\/buletin.de\/bucuresti\/bugetul-sectorului-1-misiune-imposibila-sedinta-de-consiliu-local-covocata-de-clotilde-armand-nu-a-avut-cvorum\/","name":"Bugetul Sectorului 1, misiune imposibil\u0103. \u0218edin\u021ba de Consiliu Local, covocat\u0103 de Clotilde Armand, nu a avut cvorum. - Buletin de Bucure\u0219ti","isPartOf":{"@id":"https:\/\/buletin.de\/bucuresti\/#website"},"primaryImageOfPage":{"@id":"https:\/\/buletin.de\/bucuresti\/bugetul-sectorului-1-misiune-imposibila-sedinta-de-consiliu-local-covocata-de-clotilde-armand-nu-a-avut-cvorum\/#primaryimage"},"image":{"@id":"https:\/\/buletin.de\/bucuresti\/bugetul-sectorului-1-misiune-imposibila-sedinta-de-consiliu-local-covocata-de-clotilde-armand-nu-a-avut-cvorum\/#primaryimage"},"thumbnailUrl":"https:\/\/buletin.de\/bucuresti\/wp-content\/uploads\/154808343_266646921493307_1407608185511221067_n.jpg","datePublished":"2021-04-22T13:11:03+00:00","dateModified":"2021-04-22T13:11:04+00:00","breadcrumb":{"@id":"https:\/\/buletin.de\/bucuresti\/bugetul-sectorului-1-misiune-imposibila-sedinta-de-consiliu-local-covocata-de-clotilde-armand-nu-a-avut-cvorum\/#breadcrumb"},"inLanguage":"en-GB","potentialAction":[{"@type":"ReadAction","target":["https:\/\/buletin.de\/bucuresti\/bugetul-sectorului-1-misiune-imposibila-sedinta-de-consiliu-local-covocata-de-clotilde-armand-nu-a-avut-cvorum\/"]}]},{"@type":"ImageObject","inLanguage":"en-GB","@id":"https:\/\/buletin.de\/bucuresti\/bugetul-sectorului-1-misiune-imposibila-sedinta-de-consiliu-local-covocata-de-clotilde-armand-nu-a-avut-cvorum\/#primaryimage","url":"https:\/\/buletin.de\/bucuresti\/wp-content\/uploads\/154808343_266646921493307_1407608185511221067_n.jpg","contentUrl":"https:\/\/buletin.de\/bucuresti\/wp-content\/uploads\/154808343_266646921493307_1407608185511221067_n.jpg","width":2048,"height":1153},{"@type":"BreadcrumbList","@id":"https:\/\/buletin.de\/bucuresti\/bugetul-sectorului-1-misiune-imposibila-sedinta-de-consiliu-local-covocata-de-clotilde-armand-nu-a-avut-cvorum\/#breadcrumb","itemListElement":[{"@type":"ListItem","position":1,"name":"Acas\u0103","item":"https:\/\/buletin.de\/bucuresti\/"},{"@type":"ListItem","position":2,"name":"Bugetul Sectorului 1, misiune imposibil\u0103. \u0218edin\u021ba de Consiliu Local, covocat\u0103 de Clotilde Armand, nu a avut cvorum."}]},{"@type":"WebSite","@id":"https:\/\/buletin.de\/bucuresti\/#website","url":"https:\/\/buletin.de\/bucuresti\/","name":"Buletin de Bucure\u0219ti","description":"\u0218tiri \u0219i investiga\u021bii esen\u021biale din capital\u0103","publisher":{"@id":"https:\/\/buletin.de\/bucuresti\/#organization"},"potentialAction":[{"@type":"SearchAction","target":{"@type":"EntryPoint","urlTemplate":"https:\/\/buletin.de\/bucuresti\/?s={search_term_string}"},"query-input":{"@type":"PropertyValueSpecification","valueRequired":true,"valueName":"search_term_string"}}],"inLanguage":"en-GB"},{"@type":"Organization","@id":"https:\/\/buletin.de\/bucuresti\/#organization","name":"Buletin de Bucure\u0219ti","url":"https:\/\/buletin.de\/bucuresti\/","logo":{"@type":"ImageObject","inLanguage":"en-GB","@id":"https:\/\/buletin.de\/bucuresti\/#\/schema\/logo\/image\/","url":"https:\/\/buletin.de\/bucuresti\/wp-content\/uploads\/logo-bdb-full-wide-vernil-transparent.png","contentUrl":"https:\/\/buletin.de\/bucuresti\/wp-content\/uploads\/logo-bdb-full-wide-vernil-transparent.png","width":1782,"height":626,"caption":"Buletin de Bucure\u0219ti"},"image":{"@id":"https:\/\/buletin.de\/bucuresti\/#\/schema\/logo\/image\/"},"sameAs":["https:\/\/www.facebook.com\/buletin.de.buc","https:\/\/www.instagram.com\/buletinde.bucuresti\/"]},{"@type":"Person","@id":"https:\/\/buletin.de\/bucuresti\/#\/schema\/person\/b0686d7a8b666c6afc78239777fd8a89","name":"Florin R\u00e2\u0219teiu","image":{"@type":"ImageObject","inLanguage":"en-GB","@id":"https:\/\/buletin.de\/bucuresti\/wp-content\/uploads\/Florin-Rasteiu-96x96.jpgf0a6fe28453aa12f0a60e4d0a2e3a78c","url":"https:\/\/buletin.de\/bucuresti\/wp-content\/uploads\/Florin-Rasteiu-96x96.jpg","contentUrl":"https:\/\/buletin.de\/bucuresti\/wp-content\/uploads\/Florin-Rasteiu-96x96.jpg","caption":"Florin R\u00e2\u0219teiu"},"description":"Jurnalist de investiga\u021bie. Lucreaz\u0103 de aproape 6 ani la Buletin de Bucure\u0219ti, unde a publicat articole care scot la suprafa\u021b\u0103 corup\u021bia din Capital\u0103. Analizeaz\u0103 baze de date zilnic \u0219i scoate pove\u0219ti din exceluri pline de cifre. Pune reflectorul pe adev\u0103r cu fiecare ocazie. A c\u00e2\u0219tigat premiul I la categoria Pres\u0103 Local\u0103 \u00een 2025 \u0219i locul al II-lea la aceea\u0219i categorie \u00een 2024 \u00een cadrul Premiilor Superscrieri pentru jurnalism independent.","url":"https:\/\/buletin.de\/bucuresti\/author\/florinrasteiu\/"}]}},"authors":[{"term_id":22576,"user_id":17,"is_guest":0,"slug":"florinrasteiu","display_name":"Florin R\u00e2\u0219teiu","avatar_url":"https:\/\/buletin.de\/bucuresti\/wp-content\/uploads\/Florin-Rasteiu-96x96.jpg","0":null,"1":"","2":"","3":"","4":"","5":"","6":"","7":"","8":""}],"_links":{"self":[{"href":"https:\/\/buletin.de\/bucuresti\/wp-json\/wp\/v2\/posts\/23730","targetHints":{"allow":["GET"]}}],"collection":[{"href":"https:\/\/buletin.de\/bucuresti\/wp-json\/wp\/v2\/posts"}],"about":[{"href":"https:\/\/buletin.de\/bucuresti\/wp-json\/wp\/v2\/types\/post"}],"author":[{"embeddable":true,"href":"https:\/\/buletin.de\/bucuresti\/wp-json\/wp\/v2\/users\/17"}],"replies":[{"embeddable":true,"href":"https:\/\/buletin.de\/bucuresti\/wp-json\/wp\/v2\/comments?post=23730"}],"version-history":[{"count":5,"href":"https:\/\/buletin.de\/bucuresti\/wp-json\/wp\/v2\/posts\/23730\/revisions"}],"predecessor-version":[{"id":23742,"href":"https:\/\/buletin.de\/bucuresti\/wp-json\/wp\/v2\/posts\/23730\/revisions\/23742"}],"wp:featuredmedia":[{"embeddable":true,"href":"https:\/\/buletin.de\/bucuresti\/wp-json\/wp\/v2\/media\/23740"}],"wp:attachment":[{"href":"https:\/\/buletin.de\/bucuresti\/wp-json\/wp\/v2\/media?parent=23730"}],"wp:term":[{"taxonomy":"category","embeddable":true,"href":"https:\/\/buletin.de\/bucuresti\/wp-json\/wp\/v2\/categories?post=23730"},{"taxonomy":"post_tag","embeddable":true,"href":"https:\/\/buletin.de\/bucuresti\/wp-json\/wp\/v2\/tags?post=23730"},{"taxonomy":"author","embeddable":true,"href":"https:\/\/buletin.de\/bucuresti\/wp-json\/wp\/v2\/ppma_author?post=23730"}],"curies":[{"name":"wp","href":"https:\/\/api.w.org\/{rel}","templated":true}]}}