{"id":23609,"date":"2021-04-20T17:58:14","date_gmt":"2021-04-20T14:58:14","guid":{"rendered":"https:\/\/buletin.de\/bucuresti\/?p=23609"},"modified":"2021-04-20T17:58:15","modified_gmt":"2021-04-20T14:58:15","slug":"romania-pe-primul-loc-in-ue-la-decesele-in-accidente-rutiere-si-in-2020-al-6-lea-an-consecutiv","status":"publish","type":"post","link":"https:\/\/buletin.de\/bucuresti\/romania-pe-primul-loc-in-ue-la-decesele-in-accidente-rutiere-si-in-2020-al-6-lea-an-consecutiv\/","title":{"rendered":"Rom\u00e2nia, pe primul loc \u00een UE la decesele \u00een accidente rutiere \u0219i \u00een 2020. Al 6-lea an consecutiv"},"content":{"rendered":"\n<p>Comisia European\u0103 a publicat, ast\u0103zi, un raport preliminar cu privire la num\u0103rul deceselor cauzate de accidentele rutiere \u00een Uniunea European\u0103, \u00een 2020. Rom\u00e2nia este, \u00een continuare, statul european cu cele mai multe accidente soldate cu pierderi de vie\u021bi omene\u0219ti.<\/p>\n\n\n\n<p>Potrivit raportului Comisiei Europene, aproximativ 18.800 de persoane \u0219i-au pierdut vie\u021bile \u00een accidente rutiere \u00een 2020, \u00een sc\u0103dere cu 17% fa\u021b\u0103 de 2019. \u0218i Rom\u00e2nia a inregistrat o sc\u0103dere a cifrelor, \u00eens\u0103 p\u0103streaz\u0103 prima pozi\u021bie \u00een acest clasament negativ \u0219i \u00een 2020, pozi\u021bie pe care se afl\u0103 constant \u00eenc\u0103 din anul 2015.<\/p>\n\n\n\n<p>Rom\u00e2nia, cu 85 de mor\u021bi la un milion de locuitori \u00een 2020, este \u00een sc\u0103dere cu 31% fa\u021b\u0103 de perioada 2010-2020. \u021aara noastr\u0103 este urmat\u0103 de Letonia \u0219i Bulgaria, cu 74, respectiv 67 de decese la un milion de locuitori. La cel\u0103lalt cap\u0103t al topului se afl\u0103 Liechtenstein cu un singur deces \u00een trafic \u00een anul 2020. <\/p>\n\n\n\n<figure class=\"wp-block-image size-large\"><img fetchpriority=\"high\" decoding=\"async\" width=\"570\" height=\"260\" src=\"data:image\/gif;base64,R0lGODlhAQABAAAAACH5BAEKAAEALAAAAAABAAEAAAICTAEAOw==\" data-src=\"https:\/\/buletin.de\/bucuresti\/wp-content\/uploads\/eU27.png\" alt=\"\" class=\"wp-image-23618 lazyload\" data-sizes=\"auto\" data-srcset=\"https:\/\/buletin.de\/bucuresti\/wp-content\/uploads\/eU27.png 570w, https:\/\/buletin.de\/bucuresti\/wp-content\/uploads\/eU27-300x137.png 300w, https:\/\/buletin.de\/bucuresti\/wp-content\/uploads\/eU27-550x251.png 550w\" sizes=\"(max-width: 570px) 100vw, 570px\" \/><\/figure>\n\n\n\n<figure class=\"wp-block-image size-large\"><img decoding=\"async\" width=\"572\" height=\"640\" src=\"data:image\/gif;base64,R0lGODlhAQABAAAAACH5BAEKAAEALAAAAAABAAEAAAICTAEAOw==\" data-src=\"https:\/\/buletin.de\/bucuresti\/wp-content\/uploads\/romania27.png\" alt=\"\" class=\"wp-image-23619 lazyload\" data-sizes=\"auto\" data-srcset=\"https:\/\/buletin.de\/bucuresti\/wp-content\/uploads\/romania27.png 572w, https:\/\/buletin.de\/bucuresti\/wp-content\/uploads\/romania27-268x300.png 268w, https:\/\/buletin.de\/bucuresti\/wp-content\/uploads\/romania27-550x615.png 550w, https:\/\/buletin.de\/bucuresti\/wp-content\/uploads\/romania27-447x500.png 447w\" sizes=\"(max-width: 572px) 100vw, 572px\" \/><\/figure>\n\n\n\n<p>\u00cen 2010, Uniunea European\u0103 \u0219i-a propus, ca \u021bint\u0103 p\u00e2n\u0103 \u00een anul 2020, reducerea la jum\u0103tate num\u0103rului de persoane decedate din cauza accidentelor rutiere. Procentul, \u00eens\u0103, a sc\u0103zut cu numai 36% \u00een aceast\u0103 perioad\u0103. Grecia este singura \u021bar\u0103 care a redus acest procent cu 54%, dep\u0103\u0219ind, astfel, pragul stabilit de UE.<\/p>\n\n\n\n<p>&#8220;Cu aproape 4000 mai pu\u021bine mor\u021bi pe drumurile din UE \u00een 2020, \u00een compara\u021bie cu 2019, drumurile noastre r\u0103m\u00e2n cele mai sigure din lume. Totu\u0219i, suntem \u00eenc\u0103 \u00een urm\u0103 cu \u021binta propus\u0103 pentru ultimul deceneiu \u0219i este nevoie de un efort comun pentru a preveni \u00eentoarcerea la cifrele de dinaintea pandemiei de Covid-19&#8221;, a transmis Adina V\u0103lean, comisar european pentru Transport.<\/p>\n\n\n\n<p>Rata fatalit\u0103\u021bii a sc\u0103zut \u00een 2020, cel mai mult, \u00een Belgia, Bulgaria, Danemarca, Spania, Croa\u021bia, Italia, Ungaria, Malta \u0219i Slovenia. Nu toate statele au \u00eenregistrat \u00een sc\u0103deri ale cifrelor privind accidentele. \u00cen Estonia, Irlanda, Letonia, Luxemburg \u0219i Finlanda num\u0103rul evenimentelor rutiere soldate cu deces a crescut \u00een ultimul an.<\/p>\n\n\n\n<p>Politica european\u0103 pentru intervalul 2021-2030 este reducerea num\u0103rului de decese \u00een accidentele rutiere \u00een UE la 50% \u0219i, p\u00e2n\u0103 \u00een 2050, atingerea pragului zero.<br><br>Surs\u0103 foto cover Facebook Comisia European\u0103 \u00een Rom\u00e2nia<\/p>\n","protected":false},"excerpt":{"rendered":"<p>Comisia European\u0103 a publicat, ast\u0103zi, un raport preliminar cu privire la num\u0103rul deceselor cauzate de accidentele rutiere \u00een Uniunea European\u0103, \u00een 2020. Rom\u00e2nia este, \u00een continuare, statul european cu cele mai multe accidente soldate cu pierderi de vie\u021bi omene\u0219ti. Potrivit raportului Comisiei Europene, aproximativ 18.800 de persoane \u0219i-au pierdut vie\u021bile \u00een accidente rutiere \u00een 2020, [&hellip;]<\/p>\n","protected":false},"author":26,"featured_media":23620,"comment_status":"closed","ping_status":"open","sticky":false,"template":"","format":"standard","meta":{"_acf_changed":false,"inline_featured_image":false,"ngg_post_thumbnail":0,"footnotes":""},"categories":[62],"tags":[],"ppma_author":[26106],"class_list":["post-23609","post","type-post","status-publish","format-standard","has-post-thumbnail","hentry","category-stiri"],"acf":[],"yoast_head":"<!-- This site is optimized with the Yoast SEO Premium plugin v25.3 (Yoast SEO v27.5) - https:\/\/yoast.com\/product\/yoast-seo-premium-wordpress\/ -->\n<title>Rom\u00e2nia, pe primul loc \u00een UE la decesele \u00een accidente rutiere \u0219i \u00een 2020. Al 6-lea an consecutiv - Buletin de Bucure\u0219ti<\/title>\n<meta name=\"robots\" content=\"index, follow, max-snippet:-1, max-image-preview:large, max-video-preview:-1\" \/>\n<link rel=\"canonical\" href=\"https:\/\/buletin.de\/bucuresti\/romania-pe-primul-loc-in-ue-la-decesele-in-accidente-rutiere-si-in-2020-al-6-lea-an-consecutiv\/\" \/>\n<meta property=\"og:locale\" content=\"en_GB\" \/>\n<meta property=\"og:type\" content=\"article\" \/>\n<meta property=\"og:title\" content=\"Rom\u00e2nia, pe primul loc \u00een UE la decesele \u00een accidente rutiere \u0219i \u00een 2020. Al 6-lea an consecutiv\" \/>\n<meta property=\"og:description\" content=\"Comisia European\u0103 a publicat, ast\u0103zi, un raport preliminar cu privire la num\u0103rul deceselor cauzate de accidentele rutiere \u00een Uniunea European\u0103, \u00een 2020. Rom\u00e2nia este, \u00een continuare, statul european cu cele mai multe accidente soldate cu pierderi de vie\u021bi omene\u0219ti. Potrivit raportului Comisiei Europene, aproximativ 18.800 de persoane \u0219i-au pierdut vie\u021bile \u00een accidente rutiere \u00een 2020, [&hellip;]\" \/>\n<meta property=\"og:url\" content=\"https:\/\/buletin.de\/bucuresti\/romania-pe-primul-loc-in-ue-la-decesele-in-accidente-rutiere-si-in-2020-al-6-lea-an-consecutiv\/\" \/>\n<meta property=\"og:site_name\" content=\"Buletin de Bucure\u0219ti\" \/>\n<meta property=\"article:publisher\" content=\"https:\/\/www.facebook.com\/buletin.de.buc\" \/>\n<meta property=\"article:published_time\" content=\"2021-04-20T14:58:14+00:00\" \/>\n<meta property=\"article:modified_time\" content=\"2021-04-20T14:58:15+00:00\" \/>\n<meta property=\"og:image\" content=\"https:\/\/buletin.de\/bucuresti\/wp-content\/uploads\/176162532_10158097293077031_5038534060580147760_n.png\" \/>\n\t<meta property=\"og:image:width\" content=\"1024\" \/>\n\t<meta property=\"og:image:height\" content=\"600\" \/>\n\t<meta property=\"og:image:type\" content=\"image\/png\" \/>\n<meta name=\"author\" content=\"Fredi Radu\" \/>\n<meta name=\"twitter:card\" content=\"summary_large_image\" \/>\n<meta name=\"twitter:label1\" content=\"Written by\" \/>\n\t<meta name=\"twitter:data1\" content=\"Fredi Radu\" \/>\n\t<meta name=\"twitter:label2\" content=\"Estimated reading time\" \/>\n\t<meta name=\"twitter:data2\" content=\"2 minutes\" \/>\n<script type=\"application\/ld+json\" class=\"yoast-schema-graph\">{\"@context\":\"https:\\\/\\\/schema.org\",\"@graph\":[{\"@type\":\"Article\",\"@id\":\"https:\\\/\\\/buletin.de\\\/bucuresti\\\/romania-pe-primul-loc-in-ue-la-decesele-in-accidente-rutiere-si-in-2020-al-6-lea-an-consecutiv\\\/#article\",\"isPartOf\":{\"@id\":\"https:\\\/\\\/buletin.de\\\/bucuresti\\\/romania-pe-primul-loc-in-ue-la-decesele-in-accidente-rutiere-si-in-2020-al-6-lea-an-consecutiv\\\/\"},\"author\":{\"name\":\"Fredi Radu\",\"@id\":\"https:\\\/\\\/buletin.de\\\/bucuresti\\\/#\\\/schema\\\/person\\\/af0e820905fa3334c5c1cc437d882ff3\"},\"headline\":\"Rom\u00e2nia, pe primul loc \u00een UE la decesele \u00een accidente rutiere \u0219i \u00een 2020. Al 6-lea an consecutiv\",\"datePublished\":\"2021-04-20T14:58:14+00:00\",\"dateModified\":\"2021-04-20T14:58:15+00:00\",\"mainEntityOfPage\":{\"@id\":\"https:\\\/\\\/buletin.de\\\/bucuresti\\\/romania-pe-primul-loc-in-ue-la-decesele-in-accidente-rutiere-si-in-2020-al-6-lea-an-consecutiv\\\/\"},\"wordCount\":372,\"publisher\":{\"@id\":\"https:\\\/\\\/buletin.de\\\/bucuresti\\\/#organization\"},\"image\":{\"@id\":\"https:\\\/\\\/buletin.de\\\/bucuresti\\\/romania-pe-primul-loc-in-ue-la-decesele-in-accidente-rutiere-si-in-2020-al-6-lea-an-consecutiv\\\/#primaryimage\"},\"thumbnailUrl\":\"https:\\\/\\\/buletin.de\\\/bucuresti\\\/wp-content\\\/uploads\\\/176162532_10158097293077031_5038534060580147760_n.png\",\"articleSection\":[\"\u0218tiri\"],\"inLanguage\":\"en-GB\",\"copyrightYear\":\"2021\",\"copyrightHolder\":{\"@id\":\"https:\\\/\\\/buletin.de\\\/bucuresti\\\/#organization\"}},{\"@type\":\"WebPage\",\"@id\":\"https:\\\/\\\/buletin.de\\\/bucuresti\\\/romania-pe-primul-loc-in-ue-la-decesele-in-accidente-rutiere-si-in-2020-al-6-lea-an-consecutiv\\\/\",\"url\":\"https:\\\/\\\/buletin.de\\\/bucuresti\\\/romania-pe-primul-loc-in-ue-la-decesele-in-accidente-rutiere-si-in-2020-al-6-lea-an-consecutiv\\\/\",\"name\":\"Rom\u00e2nia, pe primul loc \u00een UE la decesele \u00een accidente rutiere \u0219i \u00een 2020. Al 6-lea an consecutiv - Buletin de Bucure\u0219ti\",\"isPartOf\":{\"@id\":\"https:\\\/\\\/buletin.de\\\/bucuresti\\\/#website\"},\"primaryImageOfPage\":{\"@id\":\"https:\\\/\\\/buletin.de\\\/bucuresti\\\/romania-pe-primul-loc-in-ue-la-decesele-in-accidente-rutiere-si-in-2020-al-6-lea-an-consecutiv\\\/#primaryimage\"},\"image\":{\"@id\":\"https:\\\/\\\/buletin.de\\\/bucuresti\\\/romania-pe-primul-loc-in-ue-la-decesele-in-accidente-rutiere-si-in-2020-al-6-lea-an-consecutiv\\\/#primaryimage\"},\"thumbnailUrl\":\"https:\\\/\\\/buletin.de\\\/bucuresti\\\/wp-content\\\/uploads\\\/176162532_10158097293077031_5038534060580147760_n.png\",\"datePublished\":\"2021-04-20T14:58:14+00:00\",\"dateModified\":\"2021-04-20T14:58:15+00:00\",\"breadcrumb\":{\"@id\":\"https:\\\/\\\/buletin.de\\\/bucuresti\\\/romania-pe-primul-loc-in-ue-la-decesele-in-accidente-rutiere-si-in-2020-al-6-lea-an-consecutiv\\\/#breadcrumb\"},\"inLanguage\":\"en-GB\",\"potentialAction\":[{\"@type\":\"ReadAction\",\"target\":[\"https:\\\/\\\/buletin.de\\\/bucuresti\\\/romania-pe-primul-loc-in-ue-la-decesele-in-accidente-rutiere-si-in-2020-al-6-lea-an-consecutiv\\\/\"]}]},{\"@type\":\"ImageObject\",\"inLanguage\":\"en-GB\",\"@id\":\"https:\\\/\\\/buletin.de\\\/bucuresti\\\/romania-pe-primul-loc-in-ue-la-decesele-in-accidente-rutiere-si-in-2020-al-6-lea-an-consecutiv\\\/#primaryimage\",\"url\":\"https:\\\/\\\/buletin.de\\\/bucuresti\\\/wp-content\\\/uploads\\\/176162532_10158097293077031_5038534060580147760_n.png\",\"contentUrl\":\"https:\\\/\\\/buletin.de\\\/bucuresti\\\/wp-content\\\/uploads\\\/176162532_10158097293077031_5038534060580147760_n.png\",\"width\":1024,\"height\":600},{\"@type\":\"BreadcrumbList\",\"@id\":\"https:\\\/\\\/buletin.de\\\/bucuresti\\\/romania-pe-primul-loc-in-ue-la-decesele-in-accidente-rutiere-si-in-2020-al-6-lea-an-consecutiv\\\/#breadcrumb\",\"itemListElement\":[{\"@type\":\"ListItem\",\"position\":1,\"name\":\"Acas\u0103\",\"item\":\"https:\\\/\\\/buletin.de\\\/bucuresti\\\/\"},{\"@type\":\"ListItem\",\"position\":2,\"name\":\"Rom\u00e2nia, pe primul loc \u00een UE la decesele \u00een accidente rutiere \u0219i \u00een 2020. Al 6-lea an consecutiv\"}]},{\"@type\":\"WebSite\",\"@id\":\"https:\\\/\\\/buletin.de\\\/bucuresti\\\/#website\",\"url\":\"https:\\\/\\\/buletin.de\\\/bucuresti\\\/\",\"name\":\"Buletin de Bucure\u0219ti\",\"description\":\"\u0218tiri \u0219i investiga\u021bii esen\u021biale din capital\u0103\",\"publisher\":{\"@id\":\"https:\\\/\\\/buletin.de\\\/bucuresti\\\/#organization\"},\"potentialAction\":[{\"@type\":\"SearchAction\",\"target\":{\"@type\":\"EntryPoint\",\"urlTemplate\":\"https:\\\/\\\/buletin.de\\\/bucuresti\\\/?s={search_term_string}\"},\"query-input\":{\"@type\":\"PropertyValueSpecification\",\"valueRequired\":true,\"valueName\":\"search_term_string\"}}],\"inLanguage\":\"en-GB\"},{\"@type\":\"Organization\",\"@id\":\"https:\\\/\\\/buletin.de\\\/bucuresti\\\/#organization\",\"name\":\"Buletin de Bucure\u0219ti\",\"url\":\"https:\\\/\\\/buletin.de\\\/bucuresti\\\/\",\"logo\":{\"@type\":\"ImageObject\",\"inLanguage\":\"en-GB\",\"@id\":\"https:\\\/\\\/buletin.de\\\/bucuresti\\\/#\\\/schema\\\/logo\\\/image\\\/\",\"url\":\"https:\\\/\\\/buletin.de\\\/bucuresti\\\/wp-content\\\/uploads\\\/logo-bdb-full-wide-vernil-transparent.png\",\"contentUrl\":\"https:\\\/\\\/buletin.de\\\/bucuresti\\\/wp-content\\\/uploads\\\/logo-bdb-full-wide-vernil-transparent.png\",\"width\":1782,\"height\":626,\"caption\":\"Buletin de Bucure\u0219ti\"},\"image\":{\"@id\":\"https:\\\/\\\/buletin.de\\\/bucuresti\\\/#\\\/schema\\\/logo\\\/image\\\/\"},\"sameAs\":[\"https:\\\/\\\/www.facebook.com\\\/buletin.de.buc\",\"https:\\\/\\\/www.instagram.com\\\/buletinde.bucuresti\\\/\"]},{\"@type\":\"Person\",\"@id\":\"https:\\\/\\\/buletin.de\\\/bucuresti\\\/#\\\/schema\\\/person\\\/af0e820905fa3334c5c1cc437d882ff3\",\"name\":\"Fredi Radu\",\"image\":{\"@type\":\"ImageObject\",\"inLanguage\":\"en-GB\",\"@id\":\"https:\\\/\\\/secure.gravatar.com\\\/avatar\\\/6601925ca6cb7a4d8aa653d20ebe68e0588c85daaebac2407463e3dfff63599c?s=96&d=monsterid&r=g0c80ca1df7ee47b93a354c9d2ba58e97\",\"url\":\"https:\\\/\\\/secure.gravatar.com\\\/avatar\\\/6601925ca6cb7a4d8aa653d20ebe68e0588c85daaebac2407463e3dfff63599c?s=96&d=monsterid&r=g\",\"contentUrl\":\"https:\\\/\\\/secure.gravatar.com\\\/avatar\\\/6601925ca6cb7a4d8aa653d20ebe68e0588c85daaebac2407463e3dfff63599c?s=96&d=monsterid&r=g\",\"caption\":\"Fredi Radu\"},\"url\":\"https:\\\/\\\/buletin.de\\\/bucuresti\\\/author\\\/radu\\\/\"}]}<\/script>\n<!-- \/ Yoast SEO Premium plugin. -->","yoast_head_json":{"title":"Rom\u00e2nia, pe primul loc \u00een UE la decesele \u00een accidente rutiere \u0219i \u00een 2020. Al 6-lea an consecutiv - Buletin de Bucure\u0219ti","robots":{"index":"index","follow":"follow","max-snippet":"max-snippet:-1","max-image-preview":"max-image-preview:large","max-video-preview":"max-video-preview:-1"},"canonical":"https:\/\/buletin.de\/bucuresti\/romania-pe-primul-loc-in-ue-la-decesele-in-accidente-rutiere-si-in-2020-al-6-lea-an-consecutiv\/","og_locale":"en_GB","og_type":"article","og_title":"Rom\u00e2nia, pe primul loc \u00een UE la decesele \u00een accidente rutiere \u0219i \u00een 2020. Al 6-lea an consecutiv","og_description":"Comisia European\u0103 a publicat, ast\u0103zi, un raport preliminar cu privire la num\u0103rul deceselor cauzate de accidentele rutiere \u00een Uniunea European\u0103, \u00een 2020. Rom\u00e2nia este, \u00een continuare, statul european cu cele mai multe accidente soldate cu pierderi de vie\u021bi omene\u0219ti. Potrivit raportului Comisiei Europene, aproximativ 18.800 de persoane \u0219i-au pierdut vie\u021bile \u00een accidente rutiere \u00een 2020, [&hellip;]","og_url":"https:\/\/buletin.de\/bucuresti\/romania-pe-primul-loc-in-ue-la-decesele-in-accidente-rutiere-si-in-2020-al-6-lea-an-consecutiv\/","og_site_name":"Buletin de Bucure\u0219ti","article_publisher":"https:\/\/www.facebook.com\/buletin.de.buc","article_published_time":"2021-04-20T14:58:14+00:00","article_modified_time":"2021-04-20T14:58:15+00:00","og_image":[{"width":1024,"height":600,"url":"https:\/\/buletin.de\/bucuresti\/wp-content\/uploads\/176162532_10158097293077031_5038534060580147760_n.png","type":"image\/png"}],"author":"Fredi Radu","twitter_card":"summary_large_image","twitter_misc":{"Written by":"Fredi Radu","Estimated reading time":"2 minutes"},"schema":{"@context":"https:\/\/schema.org","@graph":[{"@type":"Article","@id":"https:\/\/buletin.de\/bucuresti\/romania-pe-primul-loc-in-ue-la-decesele-in-accidente-rutiere-si-in-2020-al-6-lea-an-consecutiv\/#article","isPartOf":{"@id":"https:\/\/buletin.de\/bucuresti\/romania-pe-primul-loc-in-ue-la-decesele-in-accidente-rutiere-si-in-2020-al-6-lea-an-consecutiv\/"},"author":{"name":"Fredi Radu","@id":"https:\/\/buletin.de\/bucuresti\/#\/schema\/person\/af0e820905fa3334c5c1cc437d882ff3"},"headline":"Rom\u00e2nia, pe primul loc \u00een UE la decesele \u00een accidente rutiere \u0219i \u00een 2020. Al 6-lea an consecutiv","datePublished":"2021-04-20T14:58:14+00:00","dateModified":"2021-04-20T14:58:15+00:00","mainEntityOfPage":{"@id":"https:\/\/buletin.de\/bucuresti\/romania-pe-primul-loc-in-ue-la-decesele-in-accidente-rutiere-si-in-2020-al-6-lea-an-consecutiv\/"},"wordCount":372,"publisher":{"@id":"https:\/\/buletin.de\/bucuresti\/#organization"},"image":{"@id":"https:\/\/buletin.de\/bucuresti\/romania-pe-primul-loc-in-ue-la-decesele-in-accidente-rutiere-si-in-2020-al-6-lea-an-consecutiv\/#primaryimage"},"thumbnailUrl":"https:\/\/buletin.de\/bucuresti\/wp-content\/uploads\/176162532_10158097293077031_5038534060580147760_n.png","articleSection":["\u0218tiri"],"inLanguage":"en-GB","copyrightYear":"2021","copyrightHolder":{"@id":"https:\/\/buletin.de\/bucuresti\/#organization"}},{"@type":"WebPage","@id":"https:\/\/buletin.de\/bucuresti\/romania-pe-primul-loc-in-ue-la-decesele-in-accidente-rutiere-si-in-2020-al-6-lea-an-consecutiv\/","url":"https:\/\/buletin.de\/bucuresti\/romania-pe-primul-loc-in-ue-la-decesele-in-accidente-rutiere-si-in-2020-al-6-lea-an-consecutiv\/","name":"Rom\u00e2nia, pe primul loc \u00een UE la decesele \u00een accidente rutiere \u0219i \u00een 2020. Al 6-lea an consecutiv - Buletin de Bucure\u0219ti","isPartOf":{"@id":"https:\/\/buletin.de\/bucuresti\/#website"},"primaryImageOfPage":{"@id":"https:\/\/buletin.de\/bucuresti\/romania-pe-primul-loc-in-ue-la-decesele-in-accidente-rutiere-si-in-2020-al-6-lea-an-consecutiv\/#primaryimage"},"image":{"@id":"https:\/\/buletin.de\/bucuresti\/romania-pe-primul-loc-in-ue-la-decesele-in-accidente-rutiere-si-in-2020-al-6-lea-an-consecutiv\/#primaryimage"},"thumbnailUrl":"https:\/\/buletin.de\/bucuresti\/wp-content\/uploads\/176162532_10158097293077031_5038534060580147760_n.png","datePublished":"2021-04-20T14:58:14+00:00","dateModified":"2021-04-20T14:58:15+00:00","breadcrumb":{"@id":"https:\/\/buletin.de\/bucuresti\/romania-pe-primul-loc-in-ue-la-decesele-in-accidente-rutiere-si-in-2020-al-6-lea-an-consecutiv\/#breadcrumb"},"inLanguage":"en-GB","potentialAction":[{"@type":"ReadAction","target":["https:\/\/buletin.de\/bucuresti\/romania-pe-primul-loc-in-ue-la-decesele-in-accidente-rutiere-si-in-2020-al-6-lea-an-consecutiv\/"]}]},{"@type":"ImageObject","inLanguage":"en-GB","@id":"https:\/\/buletin.de\/bucuresti\/romania-pe-primul-loc-in-ue-la-decesele-in-accidente-rutiere-si-in-2020-al-6-lea-an-consecutiv\/#primaryimage","url":"https:\/\/buletin.de\/bucuresti\/wp-content\/uploads\/176162532_10158097293077031_5038534060580147760_n.png","contentUrl":"https:\/\/buletin.de\/bucuresti\/wp-content\/uploads\/176162532_10158097293077031_5038534060580147760_n.png","width":1024,"height":600},{"@type":"BreadcrumbList","@id":"https:\/\/buletin.de\/bucuresti\/romania-pe-primul-loc-in-ue-la-decesele-in-accidente-rutiere-si-in-2020-al-6-lea-an-consecutiv\/#breadcrumb","itemListElement":[{"@type":"ListItem","position":1,"name":"Acas\u0103","item":"https:\/\/buletin.de\/bucuresti\/"},{"@type":"ListItem","position":2,"name":"Rom\u00e2nia, pe primul loc \u00een UE la decesele \u00een accidente rutiere \u0219i \u00een 2020. Al 6-lea an consecutiv"}]},{"@type":"WebSite","@id":"https:\/\/buletin.de\/bucuresti\/#website","url":"https:\/\/buletin.de\/bucuresti\/","name":"Buletin de Bucure\u0219ti","description":"\u0218tiri \u0219i investiga\u021bii esen\u021biale din capital\u0103","publisher":{"@id":"https:\/\/buletin.de\/bucuresti\/#organization"},"potentialAction":[{"@type":"SearchAction","target":{"@type":"EntryPoint","urlTemplate":"https:\/\/buletin.de\/bucuresti\/?s={search_term_string}"},"query-input":{"@type":"PropertyValueSpecification","valueRequired":true,"valueName":"search_term_string"}}],"inLanguage":"en-GB"},{"@type":"Organization","@id":"https:\/\/buletin.de\/bucuresti\/#organization","name":"Buletin de Bucure\u0219ti","url":"https:\/\/buletin.de\/bucuresti\/","logo":{"@type":"ImageObject","inLanguage":"en-GB","@id":"https:\/\/buletin.de\/bucuresti\/#\/schema\/logo\/image\/","url":"https:\/\/buletin.de\/bucuresti\/wp-content\/uploads\/logo-bdb-full-wide-vernil-transparent.png","contentUrl":"https:\/\/buletin.de\/bucuresti\/wp-content\/uploads\/logo-bdb-full-wide-vernil-transparent.png","width":1782,"height":626,"caption":"Buletin de Bucure\u0219ti"},"image":{"@id":"https:\/\/buletin.de\/bucuresti\/#\/schema\/logo\/image\/"},"sameAs":["https:\/\/www.facebook.com\/buletin.de.buc","https:\/\/www.instagram.com\/buletinde.bucuresti\/"]},{"@type":"Person","@id":"https:\/\/buletin.de\/bucuresti\/#\/schema\/person\/af0e820905fa3334c5c1cc437d882ff3","name":"Fredi Radu","image":{"@type":"ImageObject","inLanguage":"en-GB","@id":"https:\/\/secure.gravatar.com\/avatar\/6601925ca6cb7a4d8aa653d20ebe68e0588c85daaebac2407463e3dfff63599c?s=96&d=monsterid&r=g0c80ca1df7ee47b93a354c9d2ba58e97","url":"https:\/\/secure.gravatar.com\/avatar\/6601925ca6cb7a4d8aa653d20ebe68e0588c85daaebac2407463e3dfff63599c?s=96&d=monsterid&r=g","contentUrl":"https:\/\/secure.gravatar.com\/avatar\/6601925ca6cb7a4d8aa653d20ebe68e0588c85daaebac2407463e3dfff63599c?s=96&d=monsterid&r=g","caption":"Fredi Radu"},"url":"https:\/\/buletin.de\/bucuresti\/author\/radu\/"}]}},"authors":[{"term_id":26106,"user_id":26,"is_guest":0,"slug":"radu","display_name":"Fredi Radu","avatar_url":"https:\/\/secure.gravatar.com\/avatar\/6601925ca6cb7a4d8aa653d20ebe68e0588c85daaebac2407463e3dfff63599c?s=96&d=monsterid&r=g","0":null,"1":"","2":"","3":"","4":"","5":"","6":"","7":"","8":""}],"_links":{"self":[{"href":"https:\/\/buletin.de\/bucuresti\/wp-json\/wp\/v2\/posts\/23609","targetHints":{"allow":["GET"]}}],"collection":[{"href":"https:\/\/buletin.de\/bucuresti\/wp-json\/wp\/v2\/posts"}],"about":[{"href":"https:\/\/buletin.de\/bucuresti\/wp-json\/wp\/v2\/types\/post"}],"author":[{"embeddable":true,"href":"https:\/\/buletin.de\/bucuresti\/wp-json\/wp\/v2\/users\/26"}],"replies":[{"embeddable":true,"href":"https:\/\/buletin.de\/bucuresti\/wp-json\/wp\/v2\/comments?post=23609"}],"version-history":[{"count":3,"href":"https:\/\/buletin.de\/bucuresti\/wp-json\/wp\/v2\/posts\/23609\/revisions"}],"predecessor-version":[{"id":23621,"href":"https:\/\/buletin.de\/bucuresti\/wp-json\/wp\/v2\/posts\/23609\/revisions\/23621"}],"wp:featuredmedia":[{"embeddable":true,"href":"https:\/\/buletin.de\/bucuresti\/wp-json\/wp\/v2\/media\/23620"}],"wp:attachment":[{"href":"https:\/\/buletin.de\/bucuresti\/wp-json\/wp\/v2\/media?parent=23609"}],"wp:term":[{"taxonomy":"category","embeddable":true,"href":"https:\/\/buletin.de\/bucuresti\/wp-json\/wp\/v2\/categories?post=23609"},{"taxonomy":"post_tag","embeddable":true,"href":"https:\/\/buletin.de\/bucuresti\/wp-json\/wp\/v2\/tags?post=23609"},{"taxonomy":"author","embeddable":true,"href":"https:\/\/buletin.de\/bucuresti\/wp-json\/wp\/v2\/ppma_author?post=23609"}],"curies":[{"name":"wp","href":"https:\/\/api.w.org\/{rel}","templated":true}]}}