{"id":23589,"date":"2021-04-20T17:27:31","date_gmt":"2021-04-20T14:27:31","guid":{"rendered":"https:\/\/buletin.de\/bucuresti\/?p=23589"},"modified":"2021-04-20T17:27:32","modified_gmt":"2021-04-20T14:27:32","slug":"locuitorii-din-volutari-trebuie-sa-puna-tablite-cu-numarul-postal-in-fata-locuintelor","status":"publish","type":"post","link":"https:\/\/buletin.de\/bucuresti\/locuitorii-din-volutari-trebuie-sa-puna-tablite-cu-numarul-postal-in-fata-locuintelor\/","title":{"rendered":"Locuitorii din Volutari trebuie s\u0103 pun\u0103 t\u0103bli\u021be cu num\u0103rul po\u0219tal \u00een fa\u021ba locuin\u021belor"},"content":{"rendered":"\n<p><strong>Prim\u0103ria Voluntari a anun\u021bat, ast\u0103zi, proprietarii de imobile din ora\u0219 c\u0103 trebuie s\u0103-\u0219i monteze t\u0103bli\u021be cu num\u0103rul, la loc vizibil. Ac\u021biunea vine \u00een preg\u0103tirea recens\u0103m\u00e2ntului popula\u021biei \u0219i locuin\u021belor, ce se va desf\u0103\u0219ura anul viitor. <\/strong>\u00ce<strong>n anun\u021bul prim\u0103riei conduse de Florentin Pandele, nu este specificat \u00eens\u0103 \u0219i termenul p\u00e2n\u0103 la care trebuie s\u0103 fie montate acestea. <\/strong><\/p>\n\n\n\n<figure class=\"wp-block-image size-large\"><img fetchpriority=\"high\" decoding=\"async\" width=\"500\" height=\"585\" src=\"data:image\/gif;base64,R0lGODlhAQABAAAAACH5BAEKAAEALAAAAAABAAEAAAICTAEAOw==\" data-src=\"https:\/\/buletin.de\/bucuresti\/wp-content\/uploads\/176234671_3140981932848590_4024917353172695958_n.png\" alt=\"\" class=\"wp-image-23605 lazyload\" data-sizes=\"auto\" data-srcset=\"https:\/\/buletin.de\/bucuresti\/wp-content\/uploads\/176234671_3140981932848590_4024917353172695958_n.png 500w, https:\/\/buletin.de\/bucuresti\/wp-content\/uploads\/176234671_3140981932848590_4024917353172695958_n-256x300.png 256w, https:\/\/buletin.de\/bucuresti\/wp-content\/uploads\/176234671_3140981932848590_4024917353172695958_n-427x500.png 427w\" sizes=\"(max-width: 500px) 100vw, 500px\" \/><figcaption>Surs\u0103 Foto: <a href=\"https:\/\/www.facebook.com\/Primaria.orasului.Voluntari\/photos\/a.1566887670258032\/3140981929515257\/\">Facebook\/Prim\u0103ria Voluntari<\/a><\/figcaption><\/figure>\n\n\n\n<p>Prim\u0103ria Volutari a anun\u021bat c\u0103 recens\u0103m\u00e2ntul va avea loc \u00een 2021, \u00eens\u0103 acesta urmeaz\u0103 s\u0103 \u00eenceap\u0103 abia \u00een ianuarie 2022, data fiind decalat\u0103 din cauza pandemiei. <\/p>\n\n\n\n<figure class=\"wp-block-gallery columns-1 is-cropped wp-block-gallery-1 is-layout-flex wp-block-gallery-is-layout-flex\"><ul class=\"blocks-gallery-grid\"><li class=\"blocks-gallery-item\"><figure><img decoding=\"async\" width=\"648\" height=\"797\" src=\"data:image\/gif;base64,R0lGODlhAQABAAAAACH5BAEKAAEALAAAAAABAAEAAAICTAEAOw==\" data-src=\"https:\/\/buletin.de\/bucuresti\/wp-content\/uploads\/Screenshot-214.png\" alt=\"\" data-id=\"23606\" data-full-url=\"https:\/\/buletin.de\/bucuresti\/wp-content\/uploads\/Screenshot-214.png\" data-link=\"https:\/\/buletin.de\/bucuresti\/?attachment_id=23606\" class=\"wp-image-23606 lazyload\" data-sizes=\"auto\" data-srcset=\"https:\/\/buletin.de\/bucuresti\/wp-content\/uploads\/Screenshot-214.png 648w, https:\/\/buletin.de\/bucuresti\/wp-content\/uploads\/Screenshot-214-244x300.png 244w, https:\/\/buletin.de\/bucuresti\/wp-content\/uploads\/Screenshot-214-550x676.png 550w, https:\/\/buletin.de\/bucuresti\/wp-content\/uploads\/Screenshot-214-407x500.png 407w, https:\/\/buletin.de\/bucuresti\/wp-content\/uploads\/Screenshot-214-600x738.png 600w\" sizes=\"(max-width: 648px) 100vw, 648px\" \/><\/figure><\/li><\/ul><\/figure>\n\n\n\n<p>Surs\u0103 Foto: Arhiva Buletin de Bucure\u0219ti <\/p>\n","protected":false},"excerpt":{"rendered":"<p>Prim\u0103ria Voluntari a anun\u021bat, ast\u0103zi, proprietarii de imobile din ora\u0219 c\u0103 trebuie s\u0103-\u0219i monteze t\u0103bli\u021be cu num\u0103rul, la loc vizibil. Ac\u021biunea vine \u00een preg\u0103tirea recens\u0103m\u00e2ntului popula\u021biei \u0219i locuin\u021belor, ce se va desf\u0103\u0219ura anul viitor. \u00cen anun\u021bul prim\u0103riei conduse de Florentin Pandele, nu este specificat \u00eens\u0103 \u0219i termenul p\u00e2n\u0103 la care trebuie s\u0103 fie montate acestea. [&hellip;]<\/p>\n","protected":false},"author":17,"featured_media":17548,"comment_status":"closed","ping_status":"open","sticky":false,"template":"","format":"standard","meta":{"_acf_changed":false,"inline_featured_image":false,"ngg_post_thumbnail":0,"footnotes":""},"categories":[62],"tags":[488,2613,2612,487],"ppma_author":[22576],"class_list":["post-23589","post","type-post","status-publish","format-standard","has-post-thumbnail","hentry","category-stiri","tag-florentin-pandele","tag-recensamant-2","tag-tablite-cu-numere-postale","tag-voluntari"],"acf":[],"yoast_head":"<!-- This site is optimized with the Yoast SEO Premium plugin v25.3 (Yoast SEO v27.5) - https:\/\/yoast.com\/product\/yoast-seo-premium-wordpress\/ -->\n<title>Locuitorii din Volutari trebuie s\u0103 pun\u0103 t\u0103bli\u021be cu num\u0103rul po\u0219tal \u00een fa\u021ba locuin\u021belor - Buletin de Bucure\u0219ti<\/title>\n<meta name=\"robots\" content=\"index, follow, max-snippet:-1, max-image-preview:large, max-video-preview:-1\" \/>\n<link rel=\"canonical\" href=\"https:\/\/buletin.de\/bucuresti\/locuitorii-din-volutari-trebuie-sa-puna-tablite-cu-numarul-postal-in-fata-locuintelor\/\" \/>\n<meta property=\"og:locale\" content=\"en_GB\" \/>\n<meta property=\"og:type\" content=\"article\" \/>\n<meta property=\"og:title\" content=\"Locuitorii din Volutari trebuie s\u0103 pun\u0103 t\u0103bli\u021be cu num\u0103rul po\u0219tal \u00een fa\u021ba locuin\u021belor\" \/>\n<meta property=\"og:description\" content=\"Prim\u0103ria Voluntari a anun\u021bat, ast\u0103zi, proprietarii de imobile din ora\u0219 c\u0103 trebuie s\u0103-\u0219i monteze t\u0103bli\u021be cu num\u0103rul, la loc vizibil. Ac\u021biunea vine \u00een preg\u0103tirea recens\u0103m\u00e2ntului popula\u021biei \u0219i locuin\u021belor, ce se va desf\u0103\u0219ura anul viitor. \u00cen anun\u021bul prim\u0103riei conduse de Florentin Pandele, nu este specificat \u00eens\u0103 \u0219i termenul p\u00e2n\u0103 la care trebuie s\u0103 fie montate acestea. [&hellip;]\" \/>\n<meta property=\"og:url\" content=\"https:\/\/buletin.de\/bucuresti\/locuitorii-din-volutari-trebuie-sa-puna-tablite-cu-numarul-postal-in-fata-locuintelor\/\" \/>\n<meta property=\"og:site_name\" content=\"Buletin de Bucure\u0219ti\" \/>\n<meta property=\"article:publisher\" content=\"https:\/\/www.facebook.com\/buletin.de.buc\" \/>\n<meta property=\"article:published_time\" content=\"2021-04-20T14:27:31+00:00\" \/>\n<meta property=\"article:modified_time\" content=\"2021-04-20T14:27:32+00:00\" \/>\n<meta property=\"og:image\" content=\"https:\/\/buletin.de\/bucuresti\/wp-content\/uploads\/Cimitir_Orasenesc-Voluntari5.jpg\" \/>\n\t<meta property=\"og:image:width\" content=\"894\" \/>\n\t<meta property=\"og:image:height\" content=\"503\" \/>\n\t<meta property=\"og:image:type\" content=\"image\/jpeg\" \/>\n<meta name=\"author\" content=\"Florin R\u00e2\u0219teiu\" \/>\n<meta name=\"twitter:card\" content=\"summary_large_image\" \/>\n<meta name=\"twitter:label1\" content=\"Written by\" \/>\n\t<meta name=\"twitter:data1\" content=\"Florin R\u00e2\u0219teiu\" \/>\n\t<meta name=\"twitter:label2\" content=\"Estimated reading time\" \/>\n\t<meta name=\"twitter:data2\" content=\"1 minute\" \/>\n<script type=\"application\/ld+json\" class=\"yoast-schema-graph\">{\"@context\":\"https:\\\/\\\/schema.org\",\"@graph\":[{\"@type\":\"Article\",\"@id\":\"https:\\\/\\\/buletin.de\\\/bucuresti\\\/locuitorii-din-volutari-trebuie-sa-puna-tablite-cu-numarul-postal-in-fata-locuintelor\\\/#article\",\"isPartOf\":{\"@id\":\"https:\\\/\\\/buletin.de\\\/bucuresti\\\/locuitorii-din-volutari-trebuie-sa-puna-tablite-cu-numarul-postal-in-fata-locuintelor\\\/\"},\"author\":{\"name\":\"Florin R\u00e2\u0219teiu\",\"@id\":\"https:\\\/\\\/buletin.de\\\/bucuresti\\\/#\\\/schema\\\/person\\\/b0686d7a8b666c6afc78239777fd8a89\"},\"headline\":\"Locuitorii din Volutari trebuie s\u0103 pun\u0103 t\u0103bli\u021be cu num\u0103rul po\u0219tal \u00een fa\u021ba locuin\u021belor\",\"datePublished\":\"2021-04-20T14:27:31+00:00\",\"dateModified\":\"2021-04-20T14:27:32+00:00\",\"mainEntityOfPage\":{\"@id\":\"https:\\\/\\\/buletin.de\\\/bucuresti\\\/locuitorii-din-volutari-trebuie-sa-puna-tablite-cu-numarul-postal-in-fata-locuintelor\\\/\"},\"wordCount\":133,\"publisher\":{\"@id\":\"https:\\\/\\\/buletin.de\\\/bucuresti\\\/#organization\"},\"image\":{\"@id\":\"https:\\\/\\\/buletin.de\\\/bucuresti\\\/locuitorii-din-volutari-trebuie-sa-puna-tablite-cu-numarul-postal-in-fata-locuintelor\\\/#primaryimage\"},\"thumbnailUrl\":\"https:\\\/\\\/buletin.de\\\/bucuresti\\\/wp-content\\\/uploads\\\/Cimitir_Orasenesc-Voluntari5.jpg\",\"keywords\":[\"florentin pandele\",\"Recens\u0103m\u00e2nt\",\"t\u0103bli\u021be cu numere po\u0219tale\",\"voluntari\"],\"articleSection\":[\"\u0218tiri\"],\"inLanguage\":\"en-GB\",\"copyrightYear\":\"2021\",\"copyrightHolder\":{\"@id\":\"https:\\\/\\\/buletin.de\\\/bucuresti\\\/#organization\"}},{\"@type\":\"WebPage\",\"@id\":\"https:\\\/\\\/buletin.de\\\/bucuresti\\\/locuitorii-din-volutari-trebuie-sa-puna-tablite-cu-numarul-postal-in-fata-locuintelor\\\/\",\"url\":\"https:\\\/\\\/buletin.de\\\/bucuresti\\\/locuitorii-din-volutari-trebuie-sa-puna-tablite-cu-numarul-postal-in-fata-locuintelor\\\/\",\"name\":\"Locuitorii din Volutari trebuie s\u0103 pun\u0103 t\u0103bli\u021be cu num\u0103rul po\u0219tal \u00een fa\u021ba locuin\u021belor - Buletin de Bucure\u0219ti\",\"isPartOf\":{\"@id\":\"https:\\\/\\\/buletin.de\\\/bucuresti\\\/#website\"},\"primaryImageOfPage\":{\"@id\":\"https:\\\/\\\/buletin.de\\\/bucuresti\\\/locuitorii-din-volutari-trebuie-sa-puna-tablite-cu-numarul-postal-in-fata-locuintelor\\\/#primaryimage\"},\"image\":{\"@id\":\"https:\\\/\\\/buletin.de\\\/bucuresti\\\/locuitorii-din-volutari-trebuie-sa-puna-tablite-cu-numarul-postal-in-fata-locuintelor\\\/#primaryimage\"},\"thumbnailUrl\":\"https:\\\/\\\/buletin.de\\\/bucuresti\\\/wp-content\\\/uploads\\\/Cimitir_Orasenesc-Voluntari5.jpg\",\"datePublished\":\"2021-04-20T14:27:31+00:00\",\"dateModified\":\"2021-04-20T14:27:32+00:00\",\"breadcrumb\":{\"@id\":\"https:\\\/\\\/buletin.de\\\/bucuresti\\\/locuitorii-din-volutari-trebuie-sa-puna-tablite-cu-numarul-postal-in-fata-locuintelor\\\/#breadcrumb\"},\"inLanguage\":\"en-GB\",\"potentialAction\":[{\"@type\":\"ReadAction\",\"target\":[\"https:\\\/\\\/buletin.de\\\/bucuresti\\\/locuitorii-din-volutari-trebuie-sa-puna-tablite-cu-numarul-postal-in-fata-locuintelor\\\/\"]}]},{\"@type\":\"ImageObject\",\"inLanguage\":\"en-GB\",\"@id\":\"https:\\\/\\\/buletin.de\\\/bucuresti\\\/locuitorii-din-volutari-trebuie-sa-puna-tablite-cu-numarul-postal-in-fata-locuintelor\\\/#primaryimage\",\"url\":\"https:\\\/\\\/buletin.de\\\/bucuresti\\\/wp-content\\\/uploads\\\/Cimitir_Orasenesc-Voluntari5.jpg\",\"contentUrl\":\"https:\\\/\\\/buletin.de\\\/bucuresti\\\/wp-content\\\/uploads\\\/Cimitir_Orasenesc-Voluntari5.jpg\",\"width\":894,\"height\":503},{\"@type\":\"BreadcrumbList\",\"@id\":\"https:\\\/\\\/buletin.de\\\/bucuresti\\\/locuitorii-din-volutari-trebuie-sa-puna-tablite-cu-numarul-postal-in-fata-locuintelor\\\/#breadcrumb\",\"itemListElement\":[{\"@type\":\"ListItem\",\"position\":1,\"name\":\"Acas\u0103\",\"item\":\"https:\\\/\\\/buletin.de\\\/bucuresti\\\/\"},{\"@type\":\"ListItem\",\"position\":2,\"name\":\"Locuitorii din Volutari trebuie s\u0103 pun\u0103 t\u0103bli\u021be cu num\u0103rul po\u0219tal \u00een fa\u021ba locuin\u021belor\"}]},{\"@type\":\"WebSite\",\"@id\":\"https:\\\/\\\/buletin.de\\\/bucuresti\\\/#website\",\"url\":\"https:\\\/\\\/buletin.de\\\/bucuresti\\\/\",\"name\":\"Buletin de Bucure\u0219ti\",\"description\":\"\u0218tiri \u0219i investiga\u021bii esen\u021biale din capital\u0103\",\"publisher\":{\"@id\":\"https:\\\/\\\/buletin.de\\\/bucuresti\\\/#organization\"},\"potentialAction\":[{\"@type\":\"SearchAction\",\"target\":{\"@type\":\"EntryPoint\",\"urlTemplate\":\"https:\\\/\\\/buletin.de\\\/bucuresti\\\/?s={search_term_string}\"},\"query-input\":{\"@type\":\"PropertyValueSpecification\",\"valueRequired\":true,\"valueName\":\"search_term_string\"}}],\"inLanguage\":\"en-GB\"},{\"@type\":\"Organization\",\"@id\":\"https:\\\/\\\/buletin.de\\\/bucuresti\\\/#organization\",\"name\":\"Buletin de Bucure\u0219ti\",\"url\":\"https:\\\/\\\/buletin.de\\\/bucuresti\\\/\",\"logo\":{\"@type\":\"ImageObject\",\"inLanguage\":\"en-GB\",\"@id\":\"https:\\\/\\\/buletin.de\\\/bucuresti\\\/#\\\/schema\\\/logo\\\/image\\\/\",\"url\":\"https:\\\/\\\/buletin.de\\\/bucuresti\\\/wp-content\\\/uploads\\\/logo-bdb-full-wide-vernil-transparent.png\",\"contentUrl\":\"https:\\\/\\\/buletin.de\\\/bucuresti\\\/wp-content\\\/uploads\\\/logo-bdb-full-wide-vernil-transparent.png\",\"width\":1782,\"height\":626,\"caption\":\"Buletin de Bucure\u0219ti\"},\"image\":{\"@id\":\"https:\\\/\\\/buletin.de\\\/bucuresti\\\/#\\\/schema\\\/logo\\\/image\\\/\"},\"sameAs\":[\"https:\\\/\\\/www.facebook.com\\\/buletin.de.buc\",\"https:\\\/\\\/www.instagram.com\\\/buletinde.bucuresti\\\/\"]},{\"@type\":\"Person\",\"@id\":\"https:\\\/\\\/buletin.de\\\/bucuresti\\\/#\\\/schema\\\/person\\\/b0686d7a8b666c6afc78239777fd8a89\",\"name\":\"Florin R\u00e2\u0219teiu\",\"image\":{\"@type\":\"ImageObject\",\"inLanguage\":\"en-GB\",\"@id\":\"https:\\\/\\\/buletin.de\\\/bucuresti\\\/wp-content\\\/uploads\\\/Florin-Rasteiu-96x96.jpgf0a6fe28453aa12f0a60e4d0a2e3a78c\",\"url\":\"https:\\\/\\\/buletin.de\\\/bucuresti\\\/wp-content\\\/uploads\\\/Florin-Rasteiu-96x96.jpg\",\"contentUrl\":\"https:\\\/\\\/buletin.de\\\/bucuresti\\\/wp-content\\\/uploads\\\/Florin-Rasteiu-96x96.jpg\",\"caption\":\"Florin R\u00e2\u0219teiu\"},\"description\":\"Jurnalist de investiga\u021bie. Lucreaz\u0103 de aproape 6 ani la Buletin de Bucure\u0219ti, unde a publicat articole care scot la suprafa\u021b\u0103 corup\u021bia din Capital\u0103. Analizeaz\u0103 baze de date zilnic \u0219i scoate pove\u0219ti din exceluri pline de cifre. Pune reflectorul pe adev\u0103r cu fiecare ocazie. A c\u00e2\u0219tigat premiul I la categoria Pres\u0103 Local\u0103 \u00een 2025 \u0219i locul al II-lea la aceea\u0219i categorie \u00een 2024 \u00een cadrul Premiilor Superscrieri pentru jurnalism independent.\",\"url\":\"https:\\\/\\\/buletin.de\\\/bucuresti\\\/author\\\/florinrasteiu\\\/\"}]}<\/script>\n<!-- \/ Yoast SEO Premium plugin. -->","yoast_head_json":{"title":"Locuitorii din Volutari trebuie s\u0103 pun\u0103 t\u0103bli\u021be cu num\u0103rul po\u0219tal \u00een fa\u021ba locuin\u021belor - Buletin de Bucure\u0219ti","robots":{"index":"index","follow":"follow","max-snippet":"max-snippet:-1","max-image-preview":"max-image-preview:large","max-video-preview":"max-video-preview:-1"},"canonical":"https:\/\/buletin.de\/bucuresti\/locuitorii-din-volutari-trebuie-sa-puna-tablite-cu-numarul-postal-in-fata-locuintelor\/","og_locale":"en_GB","og_type":"article","og_title":"Locuitorii din Volutari trebuie s\u0103 pun\u0103 t\u0103bli\u021be cu num\u0103rul po\u0219tal \u00een fa\u021ba locuin\u021belor","og_description":"Prim\u0103ria Voluntari a anun\u021bat, ast\u0103zi, proprietarii de imobile din ora\u0219 c\u0103 trebuie s\u0103-\u0219i monteze t\u0103bli\u021be cu num\u0103rul, la loc vizibil. Ac\u021biunea vine \u00een preg\u0103tirea recens\u0103m\u00e2ntului popula\u021biei \u0219i locuin\u021belor, ce se va desf\u0103\u0219ura anul viitor. \u00cen anun\u021bul prim\u0103riei conduse de Florentin Pandele, nu este specificat \u00eens\u0103 \u0219i termenul p\u00e2n\u0103 la care trebuie s\u0103 fie montate acestea. [&hellip;]","og_url":"https:\/\/buletin.de\/bucuresti\/locuitorii-din-volutari-trebuie-sa-puna-tablite-cu-numarul-postal-in-fata-locuintelor\/","og_site_name":"Buletin de Bucure\u0219ti","article_publisher":"https:\/\/www.facebook.com\/buletin.de.buc","article_published_time":"2021-04-20T14:27:31+00:00","article_modified_time":"2021-04-20T14:27:32+00:00","og_image":[{"width":894,"height":503,"url":"https:\/\/buletin.de\/bucuresti\/wp-content\/uploads\/Cimitir_Orasenesc-Voluntari5.jpg","type":"image\/jpeg"}],"author":"Florin R\u00e2\u0219teiu","twitter_card":"summary_large_image","twitter_misc":{"Written by":"Florin R\u00e2\u0219teiu","Estimated reading time":"1 minute"},"schema":{"@context":"https:\/\/schema.org","@graph":[{"@type":"Article","@id":"https:\/\/buletin.de\/bucuresti\/locuitorii-din-volutari-trebuie-sa-puna-tablite-cu-numarul-postal-in-fata-locuintelor\/#article","isPartOf":{"@id":"https:\/\/buletin.de\/bucuresti\/locuitorii-din-volutari-trebuie-sa-puna-tablite-cu-numarul-postal-in-fata-locuintelor\/"},"author":{"name":"Florin R\u00e2\u0219teiu","@id":"https:\/\/buletin.de\/bucuresti\/#\/schema\/person\/b0686d7a8b666c6afc78239777fd8a89"},"headline":"Locuitorii din Volutari trebuie s\u0103 pun\u0103 t\u0103bli\u021be cu num\u0103rul po\u0219tal \u00een fa\u021ba locuin\u021belor","datePublished":"2021-04-20T14:27:31+00:00","dateModified":"2021-04-20T14:27:32+00:00","mainEntityOfPage":{"@id":"https:\/\/buletin.de\/bucuresti\/locuitorii-din-volutari-trebuie-sa-puna-tablite-cu-numarul-postal-in-fata-locuintelor\/"},"wordCount":133,"publisher":{"@id":"https:\/\/buletin.de\/bucuresti\/#organization"},"image":{"@id":"https:\/\/buletin.de\/bucuresti\/locuitorii-din-volutari-trebuie-sa-puna-tablite-cu-numarul-postal-in-fata-locuintelor\/#primaryimage"},"thumbnailUrl":"https:\/\/buletin.de\/bucuresti\/wp-content\/uploads\/Cimitir_Orasenesc-Voluntari5.jpg","keywords":["florentin pandele","Recens\u0103m\u00e2nt","t\u0103bli\u021be cu numere po\u0219tale","voluntari"],"articleSection":["\u0218tiri"],"inLanguage":"en-GB","copyrightYear":"2021","copyrightHolder":{"@id":"https:\/\/buletin.de\/bucuresti\/#organization"}},{"@type":"WebPage","@id":"https:\/\/buletin.de\/bucuresti\/locuitorii-din-volutari-trebuie-sa-puna-tablite-cu-numarul-postal-in-fata-locuintelor\/","url":"https:\/\/buletin.de\/bucuresti\/locuitorii-din-volutari-trebuie-sa-puna-tablite-cu-numarul-postal-in-fata-locuintelor\/","name":"Locuitorii din Volutari trebuie s\u0103 pun\u0103 t\u0103bli\u021be cu num\u0103rul po\u0219tal \u00een fa\u021ba locuin\u021belor - Buletin de Bucure\u0219ti","isPartOf":{"@id":"https:\/\/buletin.de\/bucuresti\/#website"},"primaryImageOfPage":{"@id":"https:\/\/buletin.de\/bucuresti\/locuitorii-din-volutari-trebuie-sa-puna-tablite-cu-numarul-postal-in-fata-locuintelor\/#primaryimage"},"image":{"@id":"https:\/\/buletin.de\/bucuresti\/locuitorii-din-volutari-trebuie-sa-puna-tablite-cu-numarul-postal-in-fata-locuintelor\/#primaryimage"},"thumbnailUrl":"https:\/\/buletin.de\/bucuresti\/wp-content\/uploads\/Cimitir_Orasenesc-Voluntari5.jpg","datePublished":"2021-04-20T14:27:31+00:00","dateModified":"2021-04-20T14:27:32+00:00","breadcrumb":{"@id":"https:\/\/buletin.de\/bucuresti\/locuitorii-din-volutari-trebuie-sa-puna-tablite-cu-numarul-postal-in-fata-locuintelor\/#breadcrumb"},"inLanguage":"en-GB","potentialAction":[{"@type":"ReadAction","target":["https:\/\/buletin.de\/bucuresti\/locuitorii-din-volutari-trebuie-sa-puna-tablite-cu-numarul-postal-in-fata-locuintelor\/"]}]},{"@type":"ImageObject","inLanguage":"en-GB","@id":"https:\/\/buletin.de\/bucuresti\/locuitorii-din-volutari-trebuie-sa-puna-tablite-cu-numarul-postal-in-fata-locuintelor\/#primaryimage","url":"https:\/\/buletin.de\/bucuresti\/wp-content\/uploads\/Cimitir_Orasenesc-Voluntari5.jpg","contentUrl":"https:\/\/buletin.de\/bucuresti\/wp-content\/uploads\/Cimitir_Orasenesc-Voluntari5.jpg","width":894,"height":503},{"@type":"BreadcrumbList","@id":"https:\/\/buletin.de\/bucuresti\/locuitorii-din-volutari-trebuie-sa-puna-tablite-cu-numarul-postal-in-fata-locuintelor\/#breadcrumb","itemListElement":[{"@type":"ListItem","position":1,"name":"Acas\u0103","item":"https:\/\/buletin.de\/bucuresti\/"},{"@type":"ListItem","position":2,"name":"Locuitorii din Volutari trebuie s\u0103 pun\u0103 t\u0103bli\u021be cu num\u0103rul po\u0219tal \u00een fa\u021ba locuin\u021belor"}]},{"@type":"WebSite","@id":"https:\/\/buletin.de\/bucuresti\/#website","url":"https:\/\/buletin.de\/bucuresti\/","name":"Buletin de Bucure\u0219ti","description":"\u0218tiri \u0219i investiga\u021bii esen\u021biale din capital\u0103","publisher":{"@id":"https:\/\/buletin.de\/bucuresti\/#organization"},"potentialAction":[{"@type":"SearchAction","target":{"@type":"EntryPoint","urlTemplate":"https:\/\/buletin.de\/bucuresti\/?s={search_term_string}"},"query-input":{"@type":"PropertyValueSpecification","valueRequired":true,"valueName":"search_term_string"}}],"inLanguage":"en-GB"},{"@type":"Organization","@id":"https:\/\/buletin.de\/bucuresti\/#organization","name":"Buletin de Bucure\u0219ti","url":"https:\/\/buletin.de\/bucuresti\/","logo":{"@type":"ImageObject","inLanguage":"en-GB","@id":"https:\/\/buletin.de\/bucuresti\/#\/schema\/logo\/image\/","url":"https:\/\/buletin.de\/bucuresti\/wp-content\/uploads\/logo-bdb-full-wide-vernil-transparent.png","contentUrl":"https:\/\/buletin.de\/bucuresti\/wp-content\/uploads\/logo-bdb-full-wide-vernil-transparent.png","width":1782,"height":626,"caption":"Buletin de Bucure\u0219ti"},"image":{"@id":"https:\/\/buletin.de\/bucuresti\/#\/schema\/logo\/image\/"},"sameAs":["https:\/\/www.facebook.com\/buletin.de.buc","https:\/\/www.instagram.com\/buletinde.bucuresti\/"]},{"@type":"Person","@id":"https:\/\/buletin.de\/bucuresti\/#\/schema\/person\/b0686d7a8b666c6afc78239777fd8a89","name":"Florin R\u00e2\u0219teiu","image":{"@type":"ImageObject","inLanguage":"en-GB","@id":"https:\/\/buletin.de\/bucuresti\/wp-content\/uploads\/Florin-Rasteiu-96x96.jpgf0a6fe28453aa12f0a60e4d0a2e3a78c","url":"https:\/\/buletin.de\/bucuresti\/wp-content\/uploads\/Florin-Rasteiu-96x96.jpg","contentUrl":"https:\/\/buletin.de\/bucuresti\/wp-content\/uploads\/Florin-Rasteiu-96x96.jpg","caption":"Florin R\u00e2\u0219teiu"},"description":"Jurnalist de investiga\u021bie. Lucreaz\u0103 de aproape 6 ani la Buletin de Bucure\u0219ti, unde a publicat articole care scot la suprafa\u021b\u0103 corup\u021bia din Capital\u0103. Analizeaz\u0103 baze de date zilnic \u0219i scoate pove\u0219ti din exceluri pline de cifre. Pune reflectorul pe adev\u0103r cu fiecare ocazie. A c\u00e2\u0219tigat premiul I la categoria Pres\u0103 Local\u0103 \u00een 2025 \u0219i locul al II-lea la aceea\u0219i categorie \u00een 2024 \u00een cadrul Premiilor Superscrieri pentru jurnalism independent.","url":"https:\/\/buletin.de\/bucuresti\/author\/florinrasteiu\/"}]}},"authors":[{"term_id":22576,"user_id":17,"is_guest":0,"slug":"florinrasteiu","display_name":"Florin R\u00e2\u0219teiu","avatar_url":"https:\/\/buletin.de\/bucuresti\/wp-content\/uploads\/Florin-Rasteiu-96x96.jpg","0":null,"1":"","2":"","3":"","4":"","5":"","6":"","7":"","8":""}],"_links":{"self":[{"href":"https:\/\/buletin.de\/bucuresti\/wp-json\/wp\/v2\/posts\/23589","targetHints":{"allow":["GET"]}}],"collection":[{"href":"https:\/\/buletin.de\/bucuresti\/wp-json\/wp\/v2\/posts"}],"about":[{"href":"https:\/\/buletin.de\/bucuresti\/wp-json\/wp\/v2\/types\/post"}],"author":[{"embeddable":true,"href":"https:\/\/buletin.de\/bucuresti\/wp-json\/wp\/v2\/users\/17"}],"replies":[{"embeddable":true,"href":"https:\/\/buletin.de\/bucuresti\/wp-json\/wp\/v2\/comments?post=23589"}],"version-history":[{"count":3,"href":"https:\/\/buletin.de\/bucuresti\/wp-json\/wp\/v2\/posts\/23589\/revisions"}],"predecessor-version":[{"id":23614,"href":"https:\/\/buletin.de\/bucuresti\/wp-json\/wp\/v2\/posts\/23589\/revisions\/23614"}],"wp:featuredmedia":[{"embeddable":true,"href":"https:\/\/buletin.de\/bucuresti\/wp-json\/wp\/v2\/media\/17548"}],"wp:attachment":[{"href":"https:\/\/buletin.de\/bucuresti\/wp-json\/wp\/v2\/media?parent=23589"}],"wp:term":[{"taxonomy":"category","embeddable":true,"href":"https:\/\/buletin.de\/bucuresti\/wp-json\/wp\/v2\/categories?post=23589"},{"taxonomy":"post_tag","embeddable":true,"href":"https:\/\/buletin.de\/bucuresti\/wp-json\/wp\/v2\/tags?post=23589"},{"taxonomy":"author","embeddable":true,"href":"https:\/\/buletin.de\/bucuresti\/wp-json\/wp\/v2\/ppma_author?post=23589"}],"curies":[{"name":"wp","href":"https:\/\/api.w.org\/{rel}","templated":true}]}}