{"id":23541,"date":"2021-04-20T09:19:03","date_gmt":"2021-04-20T06:19:03","guid":{"rendered":"https:\/\/buletin.de\/bucuresti\/?p=23541"},"modified":"2021-04-20T09:19:03","modified_gmt":"2021-04-20T06:19:03","slug":"sectorul-1-proiect-de-aproape-jumatate-de-milion-de-euro-pentru-persoanele-din-categorii-vulnerabile","status":"publish","type":"post","link":"https:\/\/buletin.de\/bucuresti\/sectorul-1-proiect-de-aproape-jumatate-de-milion-de-euro-pentru-persoanele-din-categorii-vulnerabile\/","title":{"rendered":"Sectorul 1 | Proiect de aproape jum\u0103tate de milion de euro pentru persoanele din categorii vulnerabile"},"content":{"rendered":"\n<p>Primarul Sectorului 1, Clotilde Armand, a anun\u021bat, pe Facebook, c\u0103 prim\u0103ria pe care o conduce a depus, \u00eempreun\u0103 cu dou\u0103 asocia\u021bii partenere, un proiect cu finan\u021bare extern\u0103 \u00een valoare de aproape \u20ac500.000 menit s\u0103 vin\u0103, \u00een ajutorul persoanelor defavorizate, cu servicii integrate de educa\u021bie, s\u0103n\u0103tate, ocupare \u0219i abilitare.<\/p>\n\n\n\n<p>Este vorba de 600 de persoane din categorii vulnerabile pentru care, potrivit proiectului, se dore\u0219te oferirea de servicii de asisten\u021b\u0103 social\u0103, servicii de educa\u021bie (consiliere, mentorat, mediere), servicii de consiliere voca\u021bional\u0103, mediere sanitar\u0103 \u0219i abilitare a persoanelor de etnie rom\u0103, \u00een special femei.<\/p>\n\n\n\n<p>\u00cen cadrul aceluia\u0219i proiect se urm\u0103re\u0219te formarea unui grup de ini\u021biativ\u0103 \u0219i dezvoltarea unei propuneri de politic\u0103 public\u0103, formare de speciali\u0219ti \u0219i voluntari pentru lucrul cu persoane de etnie rom\u0103, un mecanism de referire a p\u0103r\u0103sirii timpurii a \u0219colii \u0219i organizare de campanii de informare privind importan\u021ba educa\u021biei \u0219i a parenting-ului.<\/p>\n\n\n\n<p>Proiectul, spune Clotilde Armand, este finan\u021bat extern prin Granturile SEE \u0219i Norvegiene reprezent\u00e2nd contribu\u021bia Islandei, Principatului Liechtenstein \u0219i Regatului Norvegiei la reducerea disparit\u0103\u021bilor economice \u0219i sociale \u00een Spa\u021biul Economic European. Cele trei state acord\u0103, prin aceste mecanisme financiare, \u20ac2.8 miliarde \u00een perioada 2014-2021.<\/p>\n\n\n\n<p>Pentru \u201cFacilitarea accesului la servicii integrate de educa\u021bie, s\u0103n\u0103tate, ocupare \u0219i abilitare pentru persoanele vulnerabile din Sectorul 1\u201d, proiect \u00een cadrul Programului \u201cCre\u0219terea incluziunii \u0219i abilitarea romilor\u201d, bugetul estimat este de 2.050.467,40 lei, din care 152.560 lei vin din partea unor organiza\u021bii partenere, Funda\u021bia Via\u021b\u0103 \u0219i Lumin\u0103 \u0219i Asocia\u021bia E-Romnja, a mai ad\u0103ugat primarul.<\/p>\n","protected":false},"excerpt":{"rendered":"<p>Primarul Sectorului 1, Clotilde Armand, a anun\u021bat, pe Facebook, c\u0103 prim\u0103ria pe care o conduce a depus, \u00eempreun\u0103 cu dou\u0103 asocia\u021bii partenere, un proiect cu finan\u021bare extern\u0103 \u00een valoare de aproape \u20ac500.000 menit s\u0103 vin\u0103, \u00een ajutorul persoanelor defavorizate, cu servicii integrate de educa\u021bie, s\u0103n\u0103tate, ocupare \u0219i abilitare. Este vorba de 600 de persoane din [&hellip;]<\/p>\n","protected":false},"author":26,"featured_media":23542,"comment_status":"closed","ping_status":"open","sticky":false,"template":"","format":"standard","meta":{"_acf_changed":false,"inline_featured_image":false,"ngg_post_thumbnail":0,"footnotes":""},"categories":[62],"tags":[],"ppma_author":[26106],"class_list":["post-23541","post","type-post","status-publish","format-standard","has-post-thumbnail","hentry","category-stiri"],"acf":[],"yoast_head":"<!-- This site is optimized with the Yoast SEO Premium plugin v25.3 (Yoast SEO v27.5) - https:\/\/yoast.com\/product\/yoast-seo-premium-wordpress\/ -->\n<title>Sectorul 1 | Proiect de aproape jum\u0103tate de milion de euro pentru persoanele din categorii vulnerabile - Buletin de Bucure\u0219ti<\/title>\n<meta name=\"robots\" content=\"index, follow, max-snippet:-1, max-image-preview:large, max-video-preview:-1\" \/>\n<link rel=\"canonical\" href=\"https:\/\/buletin.de\/bucuresti\/sectorul-1-proiect-de-aproape-jumatate-de-milion-de-euro-pentru-persoanele-din-categorii-vulnerabile\/\" \/>\n<meta property=\"og:locale\" content=\"en_GB\" \/>\n<meta property=\"og:type\" content=\"article\" \/>\n<meta property=\"og:title\" content=\"Sectorul 1 | Proiect de aproape jum\u0103tate de milion de euro pentru persoanele din categorii vulnerabile\" \/>\n<meta property=\"og:description\" content=\"Primarul Sectorului 1, Clotilde Armand, a anun\u021bat, pe Facebook, c\u0103 prim\u0103ria pe care o conduce a depus, \u00eempreun\u0103 cu dou\u0103 asocia\u021bii partenere, un proiect cu finan\u021bare extern\u0103 \u00een valoare de aproape \u20ac500.000 menit s\u0103 vin\u0103, \u00een ajutorul persoanelor defavorizate, cu servicii integrate de educa\u021bie, s\u0103n\u0103tate, ocupare \u0219i abilitare. Este vorba de 600 de persoane din [&hellip;]\" \/>\n<meta property=\"og:url\" content=\"https:\/\/buletin.de\/bucuresti\/sectorul-1-proiect-de-aproape-jumatate-de-milion-de-euro-pentru-persoanele-din-categorii-vulnerabile\/\" \/>\n<meta property=\"og:site_name\" content=\"Buletin de Bucure\u0219ti\" \/>\n<meta property=\"article:publisher\" content=\"https:\/\/www.facebook.com\/buletin.de.buc\" \/>\n<meta property=\"article:published_time\" content=\"2021-04-20T06:19:03+00:00\" \/>\n<meta property=\"og:image\" content=\"https:\/\/buletin.de\/bucuresti\/wp-content\/uploads\/168071652_287181982773134_1614593910970798683_n.jpg\" \/>\n\t<meta property=\"og:image:width\" content=\"1920\" \/>\n\t<meta property=\"og:image:height\" content=\"1280\" \/>\n\t<meta property=\"og:image:type\" content=\"image\/jpeg\" \/>\n<meta name=\"author\" content=\"Fredi Radu\" \/>\n<meta name=\"twitter:card\" content=\"summary_large_image\" \/>\n<meta name=\"twitter:label1\" content=\"Written by\" \/>\n\t<meta name=\"twitter:data1\" content=\"Fredi Radu\" \/>\n\t<meta name=\"twitter:label2\" content=\"Estimated reading time\" \/>\n\t<meta name=\"twitter:data2\" content=\"2 minutes\" \/>\n<script type=\"application\/ld+json\" class=\"yoast-schema-graph\">{\"@context\":\"https:\\\/\\\/schema.org\",\"@graph\":[{\"@type\":\"Article\",\"@id\":\"https:\\\/\\\/buletin.de\\\/bucuresti\\\/sectorul-1-proiect-de-aproape-jumatate-de-milion-de-euro-pentru-persoanele-din-categorii-vulnerabile\\\/#article\",\"isPartOf\":{\"@id\":\"https:\\\/\\\/buletin.de\\\/bucuresti\\\/sectorul-1-proiect-de-aproape-jumatate-de-milion-de-euro-pentru-persoanele-din-categorii-vulnerabile\\\/\"},\"author\":{\"name\":\"Fredi Radu\",\"@id\":\"https:\\\/\\\/buletin.de\\\/bucuresti\\\/#\\\/schema\\\/person\\\/af0e820905fa3334c5c1cc437d882ff3\"},\"headline\":\"Sectorul 1 | Proiect de aproape jum\u0103tate de milion de euro pentru persoanele din categorii vulnerabile\",\"datePublished\":\"2021-04-20T06:19:03+00:00\",\"mainEntityOfPage\":{\"@id\":\"https:\\\/\\\/buletin.de\\\/bucuresti\\\/sectorul-1-proiect-de-aproape-jumatate-de-milion-de-euro-pentru-persoanele-din-categorii-vulnerabile\\\/\"},\"wordCount\":279,\"publisher\":{\"@id\":\"https:\\\/\\\/buletin.de\\\/bucuresti\\\/#organization\"},\"image\":{\"@id\":\"https:\\\/\\\/buletin.de\\\/bucuresti\\\/sectorul-1-proiect-de-aproape-jumatate-de-milion-de-euro-pentru-persoanele-din-categorii-vulnerabile\\\/#primaryimage\"},\"thumbnailUrl\":\"https:\\\/\\\/buletin.de\\\/bucuresti\\\/wp-content\\\/uploads\\\/168071652_287181982773134_1614593910970798683_n.jpg\",\"articleSection\":[\"\u0218tiri\"],\"inLanguage\":\"en-GB\",\"copyrightYear\":\"2021\",\"copyrightHolder\":{\"@id\":\"https:\\\/\\\/buletin.de\\\/bucuresti\\\/#organization\"}},{\"@type\":\"WebPage\",\"@id\":\"https:\\\/\\\/buletin.de\\\/bucuresti\\\/sectorul-1-proiect-de-aproape-jumatate-de-milion-de-euro-pentru-persoanele-din-categorii-vulnerabile\\\/\",\"url\":\"https:\\\/\\\/buletin.de\\\/bucuresti\\\/sectorul-1-proiect-de-aproape-jumatate-de-milion-de-euro-pentru-persoanele-din-categorii-vulnerabile\\\/\",\"name\":\"Sectorul 1 | Proiect de aproape jum\u0103tate de milion de euro pentru persoanele din categorii vulnerabile - Buletin de Bucure\u0219ti\",\"isPartOf\":{\"@id\":\"https:\\\/\\\/buletin.de\\\/bucuresti\\\/#website\"},\"primaryImageOfPage\":{\"@id\":\"https:\\\/\\\/buletin.de\\\/bucuresti\\\/sectorul-1-proiect-de-aproape-jumatate-de-milion-de-euro-pentru-persoanele-din-categorii-vulnerabile\\\/#primaryimage\"},\"image\":{\"@id\":\"https:\\\/\\\/buletin.de\\\/bucuresti\\\/sectorul-1-proiect-de-aproape-jumatate-de-milion-de-euro-pentru-persoanele-din-categorii-vulnerabile\\\/#primaryimage\"},\"thumbnailUrl\":\"https:\\\/\\\/buletin.de\\\/bucuresti\\\/wp-content\\\/uploads\\\/168071652_287181982773134_1614593910970798683_n.jpg\",\"datePublished\":\"2021-04-20T06:19:03+00:00\",\"breadcrumb\":{\"@id\":\"https:\\\/\\\/buletin.de\\\/bucuresti\\\/sectorul-1-proiect-de-aproape-jumatate-de-milion-de-euro-pentru-persoanele-din-categorii-vulnerabile\\\/#breadcrumb\"},\"inLanguage\":\"en-GB\",\"potentialAction\":[{\"@type\":\"ReadAction\",\"target\":[\"https:\\\/\\\/buletin.de\\\/bucuresti\\\/sectorul-1-proiect-de-aproape-jumatate-de-milion-de-euro-pentru-persoanele-din-categorii-vulnerabile\\\/\"]}]},{\"@type\":\"ImageObject\",\"inLanguage\":\"en-GB\",\"@id\":\"https:\\\/\\\/buletin.de\\\/bucuresti\\\/sectorul-1-proiect-de-aproape-jumatate-de-milion-de-euro-pentru-persoanele-din-categorii-vulnerabile\\\/#primaryimage\",\"url\":\"https:\\\/\\\/buletin.de\\\/bucuresti\\\/wp-content\\\/uploads\\\/168071652_287181982773134_1614593910970798683_n.jpg\",\"contentUrl\":\"https:\\\/\\\/buletin.de\\\/bucuresti\\\/wp-content\\\/uploads\\\/168071652_287181982773134_1614593910970798683_n.jpg\",\"width\":1920,\"height\":1280},{\"@type\":\"BreadcrumbList\",\"@id\":\"https:\\\/\\\/buletin.de\\\/bucuresti\\\/sectorul-1-proiect-de-aproape-jumatate-de-milion-de-euro-pentru-persoanele-din-categorii-vulnerabile\\\/#breadcrumb\",\"itemListElement\":[{\"@type\":\"ListItem\",\"position\":1,\"name\":\"Acas\u0103\",\"item\":\"https:\\\/\\\/buletin.de\\\/bucuresti\\\/\"},{\"@type\":\"ListItem\",\"position\":2,\"name\":\"Sectorul 1 | Proiect de aproape jum\u0103tate de milion de euro pentru persoanele din categorii vulnerabile\"}]},{\"@type\":\"WebSite\",\"@id\":\"https:\\\/\\\/buletin.de\\\/bucuresti\\\/#website\",\"url\":\"https:\\\/\\\/buletin.de\\\/bucuresti\\\/\",\"name\":\"Buletin de Bucure\u0219ti\",\"description\":\"\u0218tiri \u0219i investiga\u021bii esen\u021biale din capital\u0103\",\"publisher\":{\"@id\":\"https:\\\/\\\/buletin.de\\\/bucuresti\\\/#organization\"},\"potentialAction\":[{\"@type\":\"SearchAction\",\"target\":{\"@type\":\"EntryPoint\",\"urlTemplate\":\"https:\\\/\\\/buletin.de\\\/bucuresti\\\/?s={search_term_string}\"},\"query-input\":{\"@type\":\"PropertyValueSpecification\",\"valueRequired\":true,\"valueName\":\"search_term_string\"}}],\"inLanguage\":\"en-GB\"},{\"@type\":\"Organization\",\"@id\":\"https:\\\/\\\/buletin.de\\\/bucuresti\\\/#organization\",\"name\":\"Buletin de Bucure\u0219ti\",\"url\":\"https:\\\/\\\/buletin.de\\\/bucuresti\\\/\",\"logo\":{\"@type\":\"ImageObject\",\"inLanguage\":\"en-GB\",\"@id\":\"https:\\\/\\\/buletin.de\\\/bucuresti\\\/#\\\/schema\\\/logo\\\/image\\\/\",\"url\":\"https:\\\/\\\/buletin.de\\\/bucuresti\\\/wp-content\\\/uploads\\\/logo-bdb-full-wide-vernil-transparent.png\",\"contentUrl\":\"https:\\\/\\\/buletin.de\\\/bucuresti\\\/wp-content\\\/uploads\\\/logo-bdb-full-wide-vernil-transparent.png\",\"width\":1782,\"height\":626,\"caption\":\"Buletin de Bucure\u0219ti\"},\"image\":{\"@id\":\"https:\\\/\\\/buletin.de\\\/bucuresti\\\/#\\\/schema\\\/logo\\\/image\\\/\"},\"sameAs\":[\"https:\\\/\\\/www.facebook.com\\\/buletin.de.buc\",\"https:\\\/\\\/www.instagram.com\\\/buletinde.bucuresti\\\/\"]},{\"@type\":\"Person\",\"@id\":\"https:\\\/\\\/buletin.de\\\/bucuresti\\\/#\\\/schema\\\/person\\\/af0e820905fa3334c5c1cc437d882ff3\",\"name\":\"Fredi Radu\",\"image\":{\"@type\":\"ImageObject\",\"inLanguage\":\"en-GB\",\"@id\":\"https:\\\/\\\/secure.gravatar.com\\\/avatar\\\/6601925ca6cb7a4d8aa653d20ebe68e0588c85daaebac2407463e3dfff63599c?s=96&d=monsterid&r=g0c80ca1df7ee47b93a354c9d2ba58e97\",\"url\":\"https:\\\/\\\/secure.gravatar.com\\\/avatar\\\/6601925ca6cb7a4d8aa653d20ebe68e0588c85daaebac2407463e3dfff63599c?s=96&d=monsterid&r=g\",\"contentUrl\":\"https:\\\/\\\/secure.gravatar.com\\\/avatar\\\/6601925ca6cb7a4d8aa653d20ebe68e0588c85daaebac2407463e3dfff63599c?s=96&d=monsterid&r=g\",\"caption\":\"Fredi Radu\"},\"url\":\"https:\\\/\\\/buletin.de\\\/bucuresti\\\/author\\\/radu\\\/\"}]}<\/script>\n<!-- \/ Yoast SEO Premium plugin. -->","yoast_head_json":{"title":"Sectorul 1 | Proiect de aproape jum\u0103tate de milion de euro pentru persoanele din categorii vulnerabile - Buletin de Bucure\u0219ti","robots":{"index":"index","follow":"follow","max-snippet":"max-snippet:-1","max-image-preview":"max-image-preview:large","max-video-preview":"max-video-preview:-1"},"canonical":"https:\/\/buletin.de\/bucuresti\/sectorul-1-proiect-de-aproape-jumatate-de-milion-de-euro-pentru-persoanele-din-categorii-vulnerabile\/","og_locale":"en_GB","og_type":"article","og_title":"Sectorul 1 | Proiect de aproape jum\u0103tate de milion de euro pentru persoanele din categorii vulnerabile","og_description":"Primarul Sectorului 1, Clotilde Armand, a anun\u021bat, pe Facebook, c\u0103 prim\u0103ria pe care o conduce a depus, \u00eempreun\u0103 cu dou\u0103 asocia\u021bii partenere, un proiect cu finan\u021bare extern\u0103 \u00een valoare de aproape \u20ac500.000 menit s\u0103 vin\u0103, \u00een ajutorul persoanelor defavorizate, cu servicii integrate de educa\u021bie, s\u0103n\u0103tate, ocupare \u0219i abilitare. Este vorba de 600 de persoane din [&hellip;]","og_url":"https:\/\/buletin.de\/bucuresti\/sectorul-1-proiect-de-aproape-jumatate-de-milion-de-euro-pentru-persoanele-din-categorii-vulnerabile\/","og_site_name":"Buletin de Bucure\u0219ti","article_publisher":"https:\/\/www.facebook.com\/buletin.de.buc","article_published_time":"2021-04-20T06:19:03+00:00","og_image":[{"width":1920,"height":1280,"url":"https:\/\/buletin.de\/bucuresti\/wp-content\/uploads\/168071652_287181982773134_1614593910970798683_n.jpg","type":"image\/jpeg"}],"author":"Fredi Radu","twitter_card":"summary_large_image","twitter_misc":{"Written by":"Fredi Radu","Estimated reading time":"2 minutes"},"schema":{"@context":"https:\/\/schema.org","@graph":[{"@type":"Article","@id":"https:\/\/buletin.de\/bucuresti\/sectorul-1-proiect-de-aproape-jumatate-de-milion-de-euro-pentru-persoanele-din-categorii-vulnerabile\/#article","isPartOf":{"@id":"https:\/\/buletin.de\/bucuresti\/sectorul-1-proiect-de-aproape-jumatate-de-milion-de-euro-pentru-persoanele-din-categorii-vulnerabile\/"},"author":{"name":"Fredi Radu","@id":"https:\/\/buletin.de\/bucuresti\/#\/schema\/person\/af0e820905fa3334c5c1cc437d882ff3"},"headline":"Sectorul 1 | Proiect de aproape jum\u0103tate de milion de euro pentru persoanele din categorii vulnerabile","datePublished":"2021-04-20T06:19:03+00:00","mainEntityOfPage":{"@id":"https:\/\/buletin.de\/bucuresti\/sectorul-1-proiect-de-aproape-jumatate-de-milion-de-euro-pentru-persoanele-din-categorii-vulnerabile\/"},"wordCount":279,"publisher":{"@id":"https:\/\/buletin.de\/bucuresti\/#organization"},"image":{"@id":"https:\/\/buletin.de\/bucuresti\/sectorul-1-proiect-de-aproape-jumatate-de-milion-de-euro-pentru-persoanele-din-categorii-vulnerabile\/#primaryimage"},"thumbnailUrl":"https:\/\/buletin.de\/bucuresti\/wp-content\/uploads\/168071652_287181982773134_1614593910970798683_n.jpg","articleSection":["\u0218tiri"],"inLanguage":"en-GB","copyrightYear":"2021","copyrightHolder":{"@id":"https:\/\/buletin.de\/bucuresti\/#organization"}},{"@type":"WebPage","@id":"https:\/\/buletin.de\/bucuresti\/sectorul-1-proiect-de-aproape-jumatate-de-milion-de-euro-pentru-persoanele-din-categorii-vulnerabile\/","url":"https:\/\/buletin.de\/bucuresti\/sectorul-1-proiect-de-aproape-jumatate-de-milion-de-euro-pentru-persoanele-din-categorii-vulnerabile\/","name":"Sectorul 1 | Proiect de aproape jum\u0103tate de milion de euro pentru persoanele din categorii vulnerabile - Buletin de Bucure\u0219ti","isPartOf":{"@id":"https:\/\/buletin.de\/bucuresti\/#website"},"primaryImageOfPage":{"@id":"https:\/\/buletin.de\/bucuresti\/sectorul-1-proiect-de-aproape-jumatate-de-milion-de-euro-pentru-persoanele-din-categorii-vulnerabile\/#primaryimage"},"image":{"@id":"https:\/\/buletin.de\/bucuresti\/sectorul-1-proiect-de-aproape-jumatate-de-milion-de-euro-pentru-persoanele-din-categorii-vulnerabile\/#primaryimage"},"thumbnailUrl":"https:\/\/buletin.de\/bucuresti\/wp-content\/uploads\/168071652_287181982773134_1614593910970798683_n.jpg","datePublished":"2021-04-20T06:19:03+00:00","breadcrumb":{"@id":"https:\/\/buletin.de\/bucuresti\/sectorul-1-proiect-de-aproape-jumatate-de-milion-de-euro-pentru-persoanele-din-categorii-vulnerabile\/#breadcrumb"},"inLanguage":"en-GB","potentialAction":[{"@type":"ReadAction","target":["https:\/\/buletin.de\/bucuresti\/sectorul-1-proiect-de-aproape-jumatate-de-milion-de-euro-pentru-persoanele-din-categorii-vulnerabile\/"]}]},{"@type":"ImageObject","inLanguage":"en-GB","@id":"https:\/\/buletin.de\/bucuresti\/sectorul-1-proiect-de-aproape-jumatate-de-milion-de-euro-pentru-persoanele-din-categorii-vulnerabile\/#primaryimage","url":"https:\/\/buletin.de\/bucuresti\/wp-content\/uploads\/168071652_287181982773134_1614593910970798683_n.jpg","contentUrl":"https:\/\/buletin.de\/bucuresti\/wp-content\/uploads\/168071652_287181982773134_1614593910970798683_n.jpg","width":1920,"height":1280},{"@type":"BreadcrumbList","@id":"https:\/\/buletin.de\/bucuresti\/sectorul-1-proiect-de-aproape-jumatate-de-milion-de-euro-pentru-persoanele-din-categorii-vulnerabile\/#breadcrumb","itemListElement":[{"@type":"ListItem","position":1,"name":"Acas\u0103","item":"https:\/\/buletin.de\/bucuresti\/"},{"@type":"ListItem","position":2,"name":"Sectorul 1 | Proiect de aproape jum\u0103tate de milion de euro pentru persoanele din categorii vulnerabile"}]},{"@type":"WebSite","@id":"https:\/\/buletin.de\/bucuresti\/#website","url":"https:\/\/buletin.de\/bucuresti\/","name":"Buletin de Bucure\u0219ti","description":"\u0218tiri \u0219i investiga\u021bii esen\u021biale din capital\u0103","publisher":{"@id":"https:\/\/buletin.de\/bucuresti\/#organization"},"potentialAction":[{"@type":"SearchAction","target":{"@type":"EntryPoint","urlTemplate":"https:\/\/buletin.de\/bucuresti\/?s={search_term_string}"},"query-input":{"@type":"PropertyValueSpecification","valueRequired":true,"valueName":"search_term_string"}}],"inLanguage":"en-GB"},{"@type":"Organization","@id":"https:\/\/buletin.de\/bucuresti\/#organization","name":"Buletin de Bucure\u0219ti","url":"https:\/\/buletin.de\/bucuresti\/","logo":{"@type":"ImageObject","inLanguage":"en-GB","@id":"https:\/\/buletin.de\/bucuresti\/#\/schema\/logo\/image\/","url":"https:\/\/buletin.de\/bucuresti\/wp-content\/uploads\/logo-bdb-full-wide-vernil-transparent.png","contentUrl":"https:\/\/buletin.de\/bucuresti\/wp-content\/uploads\/logo-bdb-full-wide-vernil-transparent.png","width":1782,"height":626,"caption":"Buletin de Bucure\u0219ti"},"image":{"@id":"https:\/\/buletin.de\/bucuresti\/#\/schema\/logo\/image\/"},"sameAs":["https:\/\/www.facebook.com\/buletin.de.buc","https:\/\/www.instagram.com\/buletinde.bucuresti\/"]},{"@type":"Person","@id":"https:\/\/buletin.de\/bucuresti\/#\/schema\/person\/af0e820905fa3334c5c1cc437d882ff3","name":"Fredi Radu","image":{"@type":"ImageObject","inLanguage":"en-GB","@id":"https:\/\/secure.gravatar.com\/avatar\/6601925ca6cb7a4d8aa653d20ebe68e0588c85daaebac2407463e3dfff63599c?s=96&d=monsterid&r=g0c80ca1df7ee47b93a354c9d2ba58e97","url":"https:\/\/secure.gravatar.com\/avatar\/6601925ca6cb7a4d8aa653d20ebe68e0588c85daaebac2407463e3dfff63599c?s=96&d=monsterid&r=g","contentUrl":"https:\/\/secure.gravatar.com\/avatar\/6601925ca6cb7a4d8aa653d20ebe68e0588c85daaebac2407463e3dfff63599c?s=96&d=monsterid&r=g","caption":"Fredi Radu"},"url":"https:\/\/buletin.de\/bucuresti\/author\/radu\/"}]}},"authors":[{"term_id":26106,"user_id":26,"is_guest":0,"slug":"radu","display_name":"Fredi Radu","avatar_url":"https:\/\/secure.gravatar.com\/avatar\/6601925ca6cb7a4d8aa653d20ebe68e0588c85daaebac2407463e3dfff63599c?s=96&d=monsterid&r=g","0":null,"1":"","2":"","3":"","4":"","5":"","6":"","7":"","8":""}],"_links":{"self":[{"href":"https:\/\/buletin.de\/bucuresti\/wp-json\/wp\/v2\/posts\/23541","targetHints":{"allow":["GET"]}}],"collection":[{"href":"https:\/\/buletin.de\/bucuresti\/wp-json\/wp\/v2\/posts"}],"about":[{"href":"https:\/\/buletin.de\/bucuresti\/wp-json\/wp\/v2\/types\/post"}],"author":[{"embeddable":true,"href":"https:\/\/buletin.de\/bucuresti\/wp-json\/wp\/v2\/users\/26"}],"replies":[{"embeddable":true,"href":"https:\/\/buletin.de\/bucuresti\/wp-json\/wp\/v2\/comments?post=23541"}],"version-history":[{"count":1,"href":"https:\/\/buletin.de\/bucuresti\/wp-json\/wp\/v2\/posts\/23541\/revisions"}],"predecessor-version":[{"id":23543,"href":"https:\/\/buletin.de\/bucuresti\/wp-json\/wp\/v2\/posts\/23541\/revisions\/23543"}],"wp:featuredmedia":[{"embeddable":true,"href":"https:\/\/buletin.de\/bucuresti\/wp-json\/wp\/v2\/media\/23542"}],"wp:attachment":[{"href":"https:\/\/buletin.de\/bucuresti\/wp-json\/wp\/v2\/media?parent=23541"}],"wp:term":[{"taxonomy":"category","embeddable":true,"href":"https:\/\/buletin.de\/bucuresti\/wp-json\/wp\/v2\/categories?post=23541"},{"taxonomy":"post_tag","embeddable":true,"href":"https:\/\/buletin.de\/bucuresti\/wp-json\/wp\/v2\/tags?post=23541"},{"taxonomy":"author","embeddable":true,"href":"https:\/\/buletin.de\/bucuresti\/wp-json\/wp\/v2\/ppma_author?post=23541"}],"curies":[{"name":"wp","href":"https:\/\/api.w.org\/{rel}","templated":true}]}}