{"id":23537,"date":"2021-04-19T16:17:37","date_gmt":"2021-04-19T13:17:37","guid":{"rendered":"https:\/\/buletin.de\/bucuresti\/?p=23537"},"modified":"2021-04-19T16:17:38","modified_gmt":"2021-04-19T13:17:38","slug":"primarul-general-al-capitalei-nicusor-dan-in-izolare-pana-in-data-de-30-aprilie-fetita-lui-a-fost-diagnosticata-cu-covid-19","status":"publish","type":"post","link":"https:\/\/buletin.de\/bucuresti\/primarul-general-al-capitalei-nicusor-dan-in-izolare-pana-in-data-de-30-aprilie-fetita-lui-a-fost-diagnosticata-cu-covid-19\/","title":{"rendered":"Primarul general al Capitalei, Nicu\u0219or Dan, \u00een izolare p\u00e2n\u0103 \u00een data de 30 aprilie. Feti\u021ba lui a fost diagnosticat\u0103 cu COVID-19"},"content":{"rendered":"\n<p><strong>Primarul general al Capitalei, Nicu\u0219or Dan, a anun\u021bat c\u0103 va fi \u00een izolare p\u00e2n\u0103 \u00een data de 30 aprilie, av\u00e2nd \u00een vedere c\u0103 feti\u021ba acestuia a fost diagnosticat\u0103 cu COVID-19.<\/strong><\/p>\n\n\n\n<p>\u201dFeti\u021ba mea Aheea a ie\u0219it pozitiv\u0103 la testul COVID-19. Nu are simptome, nu sunt motive de \u00eengrijorare. Eu am ie\u0219it negativ la testare dar, fiind contact direct, trebuie s\u0103 stau \u00een izolare 14 zile (de la testul ei), p\u00e2n\u0103 vineri, 30 aprilie. Voi continua s\u0103-mi \u00eendeplinesc obliga\u021biile de primar lucr\u00e2nd de acas\u0103. Mult\u0103 s\u0103n\u0103tate tuturor!\u201d, a scris primarul general al Capitalei, Nicu\u0219or Dan, pe pagina sa de Facebook.<\/p>\n\n\n\n<iframe src=\"https:\/\/www.facebook.com\/plugins\/post.php?href=https%3A%2F%2Fwww.facebook.com%2FNicusorDan.ro%2Fposts%2F3900070796737171&#038;width=500&#038;show_text=true&#038;height=225&#038;appId\" width=\"500\" height=\"225\" style=\"border:none;overflow:hidden\" scrolling=\"no\" frameborder=\"0\" allowfullscreen=\"true\" allow=\"autoplay; clipboard-write; encrypted-media; picture-in-picture; web-share\"><\/iframe>\n","protected":false},"excerpt":{"rendered":"<p>Primarul general al Capitalei, Nicu\u0219or Dan, a anun\u021bat c\u0103 va fi \u00een izolare p\u00e2n\u0103 \u00een data de 30 aprilie, av\u00e2nd \u00een vedere c\u0103 feti\u021ba acestuia a fost diagnosticat\u0103 cu COVID-19. \u201dFeti\u021ba mea Aheea a ie\u0219it pozitiv\u0103 la testul COVID-19. Nu are simptome, nu sunt motive de \u00eengrijorare. Eu am ie\u0219it negativ la testare dar, fiind [&hellip;]<\/p>\n","protected":false},"author":25,"featured_media":23359,"comment_status":"closed","ping_status":"open","sticky":false,"template":"","format":"standard","meta":{"_acf_changed":false,"inline_featured_image":false,"ngg_post_thumbnail":0,"footnotes":""},"categories":[996,62],"tags":[643,223],"ppma_author":[22597],"class_list":["post-23537","post","type-post","status-publish","format-standard","has-post-thumbnail","hentry","category-covid-19","category-stiri","tag-covid19","tag-nicusor-dan"],"acf":[],"yoast_head":"<!-- This site is optimized with the Yoast SEO Premium plugin v25.3 (Yoast SEO v27.4) - https:\/\/yoast.com\/product\/yoast-seo-premium-wordpress\/ -->\n<title>Primarul general al Capitalei, Nicu\u0219or Dan, \u00een izolare p\u00e2n\u0103 \u00een data de 30 aprilie. Feti\u021ba lui a fost diagnosticat\u0103 cu COVID-19 - Buletin de Bucure\u0219ti<\/title>\n<meta name=\"robots\" content=\"index, follow, max-snippet:-1, max-image-preview:large, max-video-preview:-1\" \/>\n<link rel=\"canonical\" href=\"https:\/\/buletin.de\/bucuresti\/primarul-general-al-capitalei-nicusor-dan-in-izolare-pana-in-data-de-30-aprilie-fetita-lui-a-fost-diagnosticata-cu-covid-19\/\" \/>\n<meta property=\"og:locale\" content=\"en_GB\" \/>\n<meta property=\"og:type\" content=\"article\" \/>\n<meta property=\"og:title\" content=\"Primarul general al Capitalei, Nicu\u0219or Dan, \u00een izolare p\u00e2n\u0103 \u00een data de 30 aprilie. Feti\u021ba lui a fost diagnosticat\u0103 cu COVID-19\" \/>\n<meta property=\"og:description\" content=\"Primarul general al Capitalei, Nicu\u0219or Dan, a anun\u021bat c\u0103 va fi \u00een izolare p\u00e2n\u0103 \u00een data de 30 aprilie, av\u00e2nd \u00een vedere c\u0103 feti\u021ba acestuia a fost diagnosticat\u0103 cu COVID-19. \u201dFeti\u021ba mea Aheea a ie\u0219it pozitiv\u0103 la testul COVID-19. Nu are simptome, nu sunt motive de \u00eengrijorare. Eu am ie\u0219it negativ la testare dar, fiind [&hellip;]\" \/>\n<meta property=\"og:url\" content=\"https:\/\/buletin.de\/bucuresti\/primarul-general-al-capitalei-nicusor-dan-in-izolare-pana-in-data-de-30-aprilie-fetita-lui-a-fost-diagnosticata-cu-covid-19\/\" \/>\n<meta property=\"og:site_name\" content=\"Buletin de Bucure\u0219ti\" \/>\n<meta property=\"article:publisher\" content=\"https:\/\/www.facebook.com\/buletin.de.buc\" \/>\n<meta property=\"article:published_time\" content=\"2021-04-19T13:17:37+00:00\" \/>\n<meta property=\"article:modified_time\" content=\"2021-04-19T13:17:38+00:00\" \/>\n<meta property=\"og:image\" content=\"https:\/\/buletin.de\/bucuresti\/wp-content\/uploads\/nicdan.jpg\" \/>\n\t<meta property=\"og:image:width\" content=\"1600\" \/>\n\t<meta property=\"og:image:height\" content=\"1066\" \/>\n\t<meta property=\"og:image:type\" content=\"image\/jpeg\" \/>\n<meta name=\"author\" content=\"Ana Tudor\" \/>\n<meta name=\"twitter:card\" content=\"summary_large_image\" \/>\n<meta name=\"twitter:label1\" content=\"Written by\" \/>\n\t<meta name=\"twitter:data1\" content=\"Ana Tudor\" \/>\n\t<meta name=\"twitter:label2\" content=\"Estimated reading time\" \/>\n\t<meta name=\"twitter:data2\" content=\"1 minute\" \/>\n<script type=\"application\/ld+json\" class=\"yoast-schema-graph\">{\"@context\":\"https:\\\/\\\/schema.org\",\"@graph\":[{\"@type\":\"Article\",\"@id\":\"https:\\\/\\\/buletin.de\\\/bucuresti\\\/primarul-general-al-capitalei-nicusor-dan-in-izolare-pana-in-data-de-30-aprilie-fetita-lui-a-fost-diagnosticata-cu-covid-19\\\/#article\",\"isPartOf\":{\"@id\":\"https:\\\/\\\/buletin.de\\\/bucuresti\\\/primarul-general-al-capitalei-nicusor-dan-in-izolare-pana-in-data-de-30-aprilie-fetita-lui-a-fost-diagnosticata-cu-covid-19\\\/\"},\"author\":{\"name\":\"Ana Tudor\",\"@id\":\"https:\\\/\\\/buletin.de\\\/bucuresti\\\/#\\\/schema\\\/person\\\/8ce85bbda5515a1abb525993294155a8\"},\"headline\":\"Primarul general al Capitalei, Nicu\u0219or Dan, \u00een izolare p\u00e2n\u0103 \u00een data de 30 aprilie. Feti\u021ba lui a fost diagnosticat\u0103 cu COVID-19\",\"datePublished\":\"2021-04-19T13:17:37+00:00\",\"dateModified\":\"2021-04-19T13:17:38+00:00\",\"mainEntityOfPage\":{\"@id\":\"https:\\\/\\\/buletin.de\\\/bucuresti\\\/primarul-general-al-capitalei-nicusor-dan-in-izolare-pana-in-data-de-30-aprilie-fetita-lui-a-fost-diagnosticata-cu-covid-19\\\/\"},\"wordCount\":133,\"publisher\":{\"@id\":\"https:\\\/\\\/buletin.de\\\/bucuresti\\\/#organization\"},\"image\":{\"@id\":\"https:\\\/\\\/buletin.de\\\/bucuresti\\\/primarul-general-al-capitalei-nicusor-dan-in-izolare-pana-in-data-de-30-aprilie-fetita-lui-a-fost-diagnosticata-cu-covid-19\\\/#primaryimage\"},\"thumbnailUrl\":\"https:\\\/\\\/buletin.de\\\/bucuresti\\\/wp-content\\\/uploads\\\/nicdan.jpg\",\"keywords\":[\"covid19\",\"nicusor dan\"],\"articleSection\":[\"Covid-19\",\"\u0218tiri\"],\"inLanguage\":\"en-GB\",\"copyrightYear\":\"2021\",\"copyrightHolder\":{\"@id\":\"https:\\\/\\\/buletin.de\\\/bucuresti\\\/#organization\"}},{\"@type\":\"WebPage\",\"@id\":\"https:\\\/\\\/buletin.de\\\/bucuresti\\\/primarul-general-al-capitalei-nicusor-dan-in-izolare-pana-in-data-de-30-aprilie-fetita-lui-a-fost-diagnosticata-cu-covid-19\\\/\",\"url\":\"https:\\\/\\\/buletin.de\\\/bucuresti\\\/primarul-general-al-capitalei-nicusor-dan-in-izolare-pana-in-data-de-30-aprilie-fetita-lui-a-fost-diagnosticata-cu-covid-19\\\/\",\"name\":\"Primarul general al Capitalei, Nicu\u0219or Dan, \u00een izolare p\u00e2n\u0103 \u00een data de 30 aprilie. Feti\u021ba lui a fost diagnosticat\u0103 cu COVID-19 - Buletin de Bucure\u0219ti\",\"isPartOf\":{\"@id\":\"https:\\\/\\\/buletin.de\\\/bucuresti\\\/#website\"},\"primaryImageOfPage\":{\"@id\":\"https:\\\/\\\/buletin.de\\\/bucuresti\\\/primarul-general-al-capitalei-nicusor-dan-in-izolare-pana-in-data-de-30-aprilie-fetita-lui-a-fost-diagnosticata-cu-covid-19\\\/#primaryimage\"},\"image\":{\"@id\":\"https:\\\/\\\/buletin.de\\\/bucuresti\\\/primarul-general-al-capitalei-nicusor-dan-in-izolare-pana-in-data-de-30-aprilie-fetita-lui-a-fost-diagnosticata-cu-covid-19\\\/#primaryimage\"},\"thumbnailUrl\":\"https:\\\/\\\/buletin.de\\\/bucuresti\\\/wp-content\\\/uploads\\\/nicdan.jpg\",\"datePublished\":\"2021-04-19T13:17:37+00:00\",\"dateModified\":\"2021-04-19T13:17:38+00:00\",\"breadcrumb\":{\"@id\":\"https:\\\/\\\/buletin.de\\\/bucuresti\\\/primarul-general-al-capitalei-nicusor-dan-in-izolare-pana-in-data-de-30-aprilie-fetita-lui-a-fost-diagnosticata-cu-covid-19\\\/#breadcrumb\"},\"inLanguage\":\"en-GB\",\"potentialAction\":[{\"@type\":\"ReadAction\",\"target\":[\"https:\\\/\\\/buletin.de\\\/bucuresti\\\/primarul-general-al-capitalei-nicusor-dan-in-izolare-pana-in-data-de-30-aprilie-fetita-lui-a-fost-diagnosticata-cu-covid-19\\\/\"]}]},{\"@type\":\"ImageObject\",\"inLanguage\":\"en-GB\",\"@id\":\"https:\\\/\\\/buletin.de\\\/bucuresti\\\/primarul-general-al-capitalei-nicusor-dan-in-izolare-pana-in-data-de-30-aprilie-fetita-lui-a-fost-diagnosticata-cu-covid-19\\\/#primaryimage\",\"url\":\"https:\\\/\\\/buletin.de\\\/bucuresti\\\/wp-content\\\/uploads\\\/nicdan.jpg\",\"contentUrl\":\"https:\\\/\\\/buletin.de\\\/bucuresti\\\/wp-content\\\/uploads\\\/nicdan.jpg\",\"width\":1600,\"height\":1066},{\"@type\":\"BreadcrumbList\",\"@id\":\"https:\\\/\\\/buletin.de\\\/bucuresti\\\/primarul-general-al-capitalei-nicusor-dan-in-izolare-pana-in-data-de-30-aprilie-fetita-lui-a-fost-diagnosticata-cu-covid-19\\\/#breadcrumb\",\"itemListElement\":[{\"@type\":\"ListItem\",\"position\":1,\"name\":\"Acas\u0103\",\"item\":\"https:\\\/\\\/buletin.de\\\/bucuresti\\\/\"},{\"@type\":\"ListItem\",\"position\":2,\"name\":\"Primarul general al Capitalei, Nicu\u0219or Dan, \u00een izolare p\u00e2n\u0103 \u00een data de 30 aprilie. Feti\u021ba lui a fost diagnosticat\u0103 cu COVID-19\"}]},{\"@type\":\"WebSite\",\"@id\":\"https:\\\/\\\/buletin.de\\\/bucuresti\\\/#website\",\"url\":\"https:\\\/\\\/buletin.de\\\/bucuresti\\\/\",\"name\":\"Buletin de Bucure\u0219ti\",\"description\":\"\u0218tiri \u0219i investiga\u021bii esen\u021biale din capital\u0103\",\"publisher\":{\"@id\":\"https:\\\/\\\/buletin.de\\\/bucuresti\\\/#organization\"},\"potentialAction\":[{\"@type\":\"SearchAction\",\"target\":{\"@type\":\"EntryPoint\",\"urlTemplate\":\"https:\\\/\\\/buletin.de\\\/bucuresti\\\/?s={search_term_string}\"},\"query-input\":{\"@type\":\"PropertyValueSpecification\",\"valueRequired\":true,\"valueName\":\"search_term_string\"}}],\"inLanguage\":\"en-GB\"},{\"@type\":\"Organization\",\"@id\":\"https:\\\/\\\/buletin.de\\\/bucuresti\\\/#organization\",\"name\":\"Buletin de Bucure\u0219ti\",\"url\":\"https:\\\/\\\/buletin.de\\\/bucuresti\\\/\",\"logo\":{\"@type\":\"ImageObject\",\"inLanguage\":\"en-GB\",\"@id\":\"https:\\\/\\\/buletin.de\\\/bucuresti\\\/#\\\/schema\\\/logo\\\/image\\\/\",\"url\":\"https:\\\/\\\/buletin.de\\\/bucuresti\\\/wp-content\\\/uploads\\\/logo-bdb-full-wide-vernil-transparent.png\",\"contentUrl\":\"https:\\\/\\\/buletin.de\\\/bucuresti\\\/wp-content\\\/uploads\\\/logo-bdb-full-wide-vernil-transparent.png\",\"width\":1782,\"height\":626,\"caption\":\"Buletin de Bucure\u0219ti\"},\"image\":{\"@id\":\"https:\\\/\\\/buletin.de\\\/bucuresti\\\/#\\\/schema\\\/logo\\\/image\\\/\"},\"sameAs\":[\"https:\\\/\\\/www.facebook.com\\\/buletin.de.buc\",\"https:\\\/\\\/www.instagram.com\\\/buletinde.bucuresti\\\/\"]},{\"@type\":\"Person\",\"@id\":\"https:\\\/\\\/buletin.de\\\/bucuresti\\\/#\\\/schema\\\/person\\\/8ce85bbda5515a1abb525993294155a8\",\"name\":\"Ana Tudor\",\"image\":{\"@type\":\"ImageObject\",\"inLanguage\":\"en-GB\",\"@id\":\"https:\\\/\\\/secure.gravatar.com\\\/avatar\\\/390c40e2d9367046adb10d832317e3f5fb181fdecb236cb1a8187477756ae24a?s=96&d=monsterid&r=g0f86ad5d6b77046fd61bd633bbfa4a29\",\"url\":\"https:\\\/\\\/secure.gravatar.com\\\/avatar\\\/390c40e2d9367046adb10d832317e3f5fb181fdecb236cb1a8187477756ae24a?s=96&d=monsterid&r=g\",\"contentUrl\":\"https:\\\/\\\/secure.gravatar.com\\\/avatar\\\/390c40e2d9367046adb10d832317e3f5fb181fdecb236cb1a8187477756ae24a?s=96&d=monsterid&r=g\",\"caption\":\"Ana Tudor\"},\"url\":\"https:\\\/\\\/buletin.de\\\/bucuresti\\\/author\\\/anamaria\\\/\"}]}<\/script>\n<!-- \/ Yoast SEO Premium plugin. -->","yoast_head_json":{"title":"Primarul general al Capitalei, Nicu\u0219or Dan, \u00een izolare p\u00e2n\u0103 \u00een data de 30 aprilie. Feti\u021ba lui a fost diagnosticat\u0103 cu COVID-19 - Buletin de Bucure\u0219ti","robots":{"index":"index","follow":"follow","max-snippet":"max-snippet:-1","max-image-preview":"max-image-preview:large","max-video-preview":"max-video-preview:-1"},"canonical":"https:\/\/buletin.de\/bucuresti\/primarul-general-al-capitalei-nicusor-dan-in-izolare-pana-in-data-de-30-aprilie-fetita-lui-a-fost-diagnosticata-cu-covid-19\/","og_locale":"en_GB","og_type":"article","og_title":"Primarul general al Capitalei, Nicu\u0219or Dan, \u00een izolare p\u00e2n\u0103 \u00een data de 30 aprilie. Feti\u021ba lui a fost diagnosticat\u0103 cu COVID-19","og_description":"Primarul general al Capitalei, Nicu\u0219or Dan, a anun\u021bat c\u0103 va fi \u00een izolare p\u00e2n\u0103 \u00een data de 30 aprilie, av\u00e2nd \u00een vedere c\u0103 feti\u021ba acestuia a fost diagnosticat\u0103 cu COVID-19. \u201dFeti\u021ba mea Aheea a ie\u0219it pozitiv\u0103 la testul COVID-19. Nu are simptome, nu sunt motive de \u00eengrijorare. Eu am ie\u0219it negativ la testare dar, fiind [&hellip;]","og_url":"https:\/\/buletin.de\/bucuresti\/primarul-general-al-capitalei-nicusor-dan-in-izolare-pana-in-data-de-30-aprilie-fetita-lui-a-fost-diagnosticata-cu-covid-19\/","og_site_name":"Buletin de Bucure\u0219ti","article_publisher":"https:\/\/www.facebook.com\/buletin.de.buc","article_published_time":"2021-04-19T13:17:37+00:00","article_modified_time":"2021-04-19T13:17:38+00:00","og_image":[{"width":1600,"height":1066,"url":"https:\/\/buletin.de\/bucuresti\/wp-content\/uploads\/nicdan.jpg","type":"image\/jpeg"}],"author":"Ana Tudor","twitter_card":"summary_large_image","twitter_misc":{"Written by":"Ana Tudor","Estimated reading time":"1 minute"},"schema":{"@context":"https:\/\/schema.org","@graph":[{"@type":"Article","@id":"https:\/\/buletin.de\/bucuresti\/primarul-general-al-capitalei-nicusor-dan-in-izolare-pana-in-data-de-30-aprilie-fetita-lui-a-fost-diagnosticata-cu-covid-19\/#article","isPartOf":{"@id":"https:\/\/buletin.de\/bucuresti\/primarul-general-al-capitalei-nicusor-dan-in-izolare-pana-in-data-de-30-aprilie-fetita-lui-a-fost-diagnosticata-cu-covid-19\/"},"author":{"name":"Ana Tudor","@id":"https:\/\/buletin.de\/bucuresti\/#\/schema\/person\/8ce85bbda5515a1abb525993294155a8"},"headline":"Primarul general al Capitalei, Nicu\u0219or Dan, \u00een izolare p\u00e2n\u0103 \u00een data de 30 aprilie. Feti\u021ba lui a fost diagnosticat\u0103 cu COVID-19","datePublished":"2021-04-19T13:17:37+00:00","dateModified":"2021-04-19T13:17:38+00:00","mainEntityOfPage":{"@id":"https:\/\/buletin.de\/bucuresti\/primarul-general-al-capitalei-nicusor-dan-in-izolare-pana-in-data-de-30-aprilie-fetita-lui-a-fost-diagnosticata-cu-covid-19\/"},"wordCount":133,"publisher":{"@id":"https:\/\/buletin.de\/bucuresti\/#organization"},"image":{"@id":"https:\/\/buletin.de\/bucuresti\/primarul-general-al-capitalei-nicusor-dan-in-izolare-pana-in-data-de-30-aprilie-fetita-lui-a-fost-diagnosticata-cu-covid-19\/#primaryimage"},"thumbnailUrl":"https:\/\/buletin.de\/bucuresti\/wp-content\/uploads\/nicdan.jpg","keywords":["covid19","nicusor dan"],"articleSection":["Covid-19","\u0218tiri"],"inLanguage":"en-GB","copyrightYear":"2021","copyrightHolder":{"@id":"https:\/\/buletin.de\/bucuresti\/#organization"}},{"@type":"WebPage","@id":"https:\/\/buletin.de\/bucuresti\/primarul-general-al-capitalei-nicusor-dan-in-izolare-pana-in-data-de-30-aprilie-fetita-lui-a-fost-diagnosticata-cu-covid-19\/","url":"https:\/\/buletin.de\/bucuresti\/primarul-general-al-capitalei-nicusor-dan-in-izolare-pana-in-data-de-30-aprilie-fetita-lui-a-fost-diagnosticata-cu-covid-19\/","name":"Primarul general al Capitalei, Nicu\u0219or Dan, \u00een izolare p\u00e2n\u0103 \u00een data de 30 aprilie. Feti\u021ba lui a fost diagnosticat\u0103 cu COVID-19 - Buletin de Bucure\u0219ti","isPartOf":{"@id":"https:\/\/buletin.de\/bucuresti\/#website"},"primaryImageOfPage":{"@id":"https:\/\/buletin.de\/bucuresti\/primarul-general-al-capitalei-nicusor-dan-in-izolare-pana-in-data-de-30-aprilie-fetita-lui-a-fost-diagnosticata-cu-covid-19\/#primaryimage"},"image":{"@id":"https:\/\/buletin.de\/bucuresti\/primarul-general-al-capitalei-nicusor-dan-in-izolare-pana-in-data-de-30-aprilie-fetita-lui-a-fost-diagnosticata-cu-covid-19\/#primaryimage"},"thumbnailUrl":"https:\/\/buletin.de\/bucuresti\/wp-content\/uploads\/nicdan.jpg","datePublished":"2021-04-19T13:17:37+00:00","dateModified":"2021-04-19T13:17:38+00:00","breadcrumb":{"@id":"https:\/\/buletin.de\/bucuresti\/primarul-general-al-capitalei-nicusor-dan-in-izolare-pana-in-data-de-30-aprilie-fetita-lui-a-fost-diagnosticata-cu-covid-19\/#breadcrumb"},"inLanguage":"en-GB","potentialAction":[{"@type":"ReadAction","target":["https:\/\/buletin.de\/bucuresti\/primarul-general-al-capitalei-nicusor-dan-in-izolare-pana-in-data-de-30-aprilie-fetita-lui-a-fost-diagnosticata-cu-covid-19\/"]}]},{"@type":"ImageObject","inLanguage":"en-GB","@id":"https:\/\/buletin.de\/bucuresti\/primarul-general-al-capitalei-nicusor-dan-in-izolare-pana-in-data-de-30-aprilie-fetita-lui-a-fost-diagnosticata-cu-covid-19\/#primaryimage","url":"https:\/\/buletin.de\/bucuresti\/wp-content\/uploads\/nicdan.jpg","contentUrl":"https:\/\/buletin.de\/bucuresti\/wp-content\/uploads\/nicdan.jpg","width":1600,"height":1066},{"@type":"BreadcrumbList","@id":"https:\/\/buletin.de\/bucuresti\/primarul-general-al-capitalei-nicusor-dan-in-izolare-pana-in-data-de-30-aprilie-fetita-lui-a-fost-diagnosticata-cu-covid-19\/#breadcrumb","itemListElement":[{"@type":"ListItem","position":1,"name":"Acas\u0103","item":"https:\/\/buletin.de\/bucuresti\/"},{"@type":"ListItem","position":2,"name":"Primarul general al Capitalei, Nicu\u0219or Dan, \u00een izolare p\u00e2n\u0103 \u00een data de 30 aprilie. Feti\u021ba lui a fost diagnosticat\u0103 cu COVID-19"}]},{"@type":"WebSite","@id":"https:\/\/buletin.de\/bucuresti\/#website","url":"https:\/\/buletin.de\/bucuresti\/","name":"Buletin de Bucure\u0219ti","description":"\u0218tiri \u0219i investiga\u021bii esen\u021biale din capital\u0103","publisher":{"@id":"https:\/\/buletin.de\/bucuresti\/#organization"},"potentialAction":[{"@type":"SearchAction","target":{"@type":"EntryPoint","urlTemplate":"https:\/\/buletin.de\/bucuresti\/?s={search_term_string}"},"query-input":{"@type":"PropertyValueSpecification","valueRequired":true,"valueName":"search_term_string"}}],"inLanguage":"en-GB"},{"@type":"Organization","@id":"https:\/\/buletin.de\/bucuresti\/#organization","name":"Buletin de Bucure\u0219ti","url":"https:\/\/buletin.de\/bucuresti\/","logo":{"@type":"ImageObject","inLanguage":"en-GB","@id":"https:\/\/buletin.de\/bucuresti\/#\/schema\/logo\/image\/","url":"https:\/\/buletin.de\/bucuresti\/wp-content\/uploads\/logo-bdb-full-wide-vernil-transparent.png","contentUrl":"https:\/\/buletin.de\/bucuresti\/wp-content\/uploads\/logo-bdb-full-wide-vernil-transparent.png","width":1782,"height":626,"caption":"Buletin de Bucure\u0219ti"},"image":{"@id":"https:\/\/buletin.de\/bucuresti\/#\/schema\/logo\/image\/"},"sameAs":["https:\/\/www.facebook.com\/buletin.de.buc","https:\/\/www.instagram.com\/buletinde.bucuresti\/"]},{"@type":"Person","@id":"https:\/\/buletin.de\/bucuresti\/#\/schema\/person\/8ce85bbda5515a1abb525993294155a8","name":"Ana Tudor","image":{"@type":"ImageObject","inLanguage":"en-GB","@id":"https:\/\/secure.gravatar.com\/avatar\/390c40e2d9367046adb10d832317e3f5fb181fdecb236cb1a8187477756ae24a?s=96&d=monsterid&r=g0f86ad5d6b77046fd61bd633bbfa4a29","url":"https:\/\/secure.gravatar.com\/avatar\/390c40e2d9367046adb10d832317e3f5fb181fdecb236cb1a8187477756ae24a?s=96&d=monsterid&r=g","contentUrl":"https:\/\/secure.gravatar.com\/avatar\/390c40e2d9367046adb10d832317e3f5fb181fdecb236cb1a8187477756ae24a?s=96&d=monsterid&r=g","caption":"Ana Tudor"},"url":"https:\/\/buletin.de\/bucuresti\/author\/anamaria\/"}]}},"authors":[{"term_id":22597,"user_id":25,"is_guest":0,"slug":"anamaria","display_name":"Ana Tudor","avatar_url":"https:\/\/secure.gravatar.com\/avatar\/390c40e2d9367046adb10d832317e3f5fb181fdecb236cb1a8187477756ae24a?s=96&d=monsterid&r=g","0":null,"1":"","2":"","3":"","4":"","5":"","6":"","7":"","8":""}],"_links":{"self":[{"href":"https:\/\/buletin.de\/bucuresti\/wp-json\/wp\/v2\/posts\/23537","targetHints":{"allow":["GET"]}}],"collection":[{"href":"https:\/\/buletin.de\/bucuresti\/wp-json\/wp\/v2\/posts"}],"about":[{"href":"https:\/\/buletin.de\/bucuresti\/wp-json\/wp\/v2\/types\/post"}],"author":[{"embeddable":true,"href":"https:\/\/buletin.de\/bucuresti\/wp-json\/wp\/v2\/users\/25"}],"replies":[{"embeddable":true,"href":"https:\/\/buletin.de\/bucuresti\/wp-json\/wp\/v2\/comments?post=23537"}],"version-history":[{"count":1,"href":"https:\/\/buletin.de\/bucuresti\/wp-json\/wp\/v2\/posts\/23537\/revisions"}],"predecessor-version":[{"id":23538,"href":"https:\/\/buletin.de\/bucuresti\/wp-json\/wp\/v2\/posts\/23537\/revisions\/23538"}],"wp:featuredmedia":[{"embeddable":true,"href":"https:\/\/buletin.de\/bucuresti\/wp-json\/wp\/v2\/media\/23359"}],"wp:attachment":[{"href":"https:\/\/buletin.de\/bucuresti\/wp-json\/wp\/v2\/media?parent=23537"}],"wp:term":[{"taxonomy":"category","embeddable":true,"href":"https:\/\/buletin.de\/bucuresti\/wp-json\/wp\/v2\/categories?post=23537"},{"taxonomy":"post_tag","embeddable":true,"href":"https:\/\/buletin.de\/bucuresti\/wp-json\/wp\/v2\/tags?post=23537"},{"taxonomy":"author","embeddable":true,"href":"https:\/\/buletin.de\/bucuresti\/wp-json\/wp\/v2\/ppma_author?post=23537"}],"curies":[{"name":"wp","href":"https:\/\/api.w.org\/{rel}","templated":true}]}}