{"id":23370,"date":"2021-04-15T16:21:17","date_gmt":"2021-04-15T13:21:17","guid":{"rendered":"https:\/\/buletin.de\/bucuresti\/?p=23370"},"modified":"2021-04-15T16:21:17","modified_gmt":"2021-04-15T13:21:17","slug":"9600-de-locuri-libere-la-vaccinare-in-bucuresti-2150-pentru-moderna","status":"publish","type":"post","link":"https:\/\/buletin.de\/bucuresti\/9600-de-locuri-libere-la-vaccinare-in-bucuresti-2150-pentru-moderna\/","title":{"rendered":"9600 de locuri libere la vaccinare, \u00een Bucure\u0219ti. 2150 pentru Moderna"},"content":{"rendered":"\n<p>La ora 16.00, \u00een platforma de vaccinare erau 9600 de locuri libere \u00een Capital\u0103, din care 2150 pentru serul de la Moderna. Cei care vor sa se imunizeze trebuie sa intre pe platforma oficial\u0103, \u0219\u0103-\u0219i fac\u0103 cont \u0219i s\u0103 se programeze, f\u0103r\u0103 a mai sta pe o list\u0103 de a\u0219teptare.<\/p>\n\n\n\n<p>Cele mai multe locuri libere sunt la Romexpo, pentru serul de la Astra Zeneca &#8211; 2858. \u00cen total, serul este disponibil \u00een 6 centre.<\/p>\n\n\n\n<figure class=\"wp-block-image size-large\"><img fetchpriority=\"high\" decoding=\"async\" width=\"900\" height=\"506\" src=\"data:image\/gif;base64,R0lGODlhAQABAAAAACH5BAEKAAEALAAAAAABAAEAAAICTAEAOw==\" data-src=\"https:\/\/buletin.de\/bucuresti\/wp-content\/uploads\/image-620-900x506.png\" alt=\"\" class=\"wp-image-23373 lazyload\" data-sizes=\"auto\" data-srcset=\"https:\/\/buletin.de\/bucuresti\/wp-content\/uploads\/image-620-900x506.png 900w, https:\/\/buletin.de\/bucuresti\/wp-content\/uploads\/image-620-300x169.png 300w, https:\/\/buletin.de\/bucuresti\/wp-content\/uploads\/image-620-768x432.png 768w, https:\/\/buletin.de\/bucuresti\/wp-content\/uploads\/image-620-1060x596.png 1060w, https:\/\/buletin.de\/bucuresti\/wp-content\/uploads\/image-620-550x309.png 550w, https:\/\/buletin.de\/bucuresti\/wp-content\/uploads\/image-620-889x500.png 889w, https:\/\/buletin.de\/bucuresti\/wp-content\/uploads\/image-620-600x337.png 600w, https:\/\/buletin.de\/bucuresti\/wp-content\/uploads\/image-620.png 1366w\" sizes=\"(max-width: 900px) 100vw, 900px\" \/><figcaption>sursa vaccin.live<\/figcaption><\/figure>\n\n\n\n<p>\u0218i serul celor de la Moderna este disponibil la Romexpo, \u00eentr-unul din centrele nou \u00eenfiin\u021bate &#8211; 2158.<\/p>\n\n\n\n<figure class=\"wp-block-image size-large\"><img decoding=\"async\" width=\"900\" height=\"293\" src=\"data:image\/gif;base64,R0lGODlhAQABAAAAACH5BAEKAAEALAAAAAABAAEAAAICTAEAOw==\" data-src=\"https:\/\/buletin.de\/bucuresti\/wp-content\/uploads\/image-621-900x293.png\" alt=\"\" class=\"wp-image-23374 lazyload\" data-sizes=\"auto\" data-srcset=\"https:\/\/buletin.de\/bucuresti\/wp-content\/uploads\/image-621-900x293.png 900w, https:\/\/buletin.de\/bucuresti\/wp-content\/uploads\/image-621-300x98.png 300w, https:\/\/buletin.de\/bucuresti\/wp-content\/uploads\/image-621-768x250.png 768w, https:\/\/buletin.de\/bucuresti\/wp-content\/uploads\/image-621-1060x345.png 1060w, https:\/\/buletin.de\/bucuresti\/wp-content\/uploads\/image-621-550x179.png 550w, https:\/\/buletin.de\/bucuresti\/wp-content\/uploads\/image-621-600x195.png 600w, https:\/\/buletin.de\/bucuresti\/wp-content\/uploads\/image-621.png 1319w\" sizes=\"(max-width: 900px) 100vw, 900px\" \/><figcaption>sursa vaccin.live<\/figcaption><\/figure>\n\n\n\n<p>Sunt \u00een continuare liste de a\u0219teptare pentru vaccinul Pfizer, iar cei care se vor \u00eenscrie azi, vor avea de a\u0219teptat \u00eentre 10 zile, la Palatul Na\u021bional al Copiilor \u0219i mai mult de 150 de zile, la CentrulP BG. 30 GD. MIHAI VITEAZUL, Institutul de Pneumoftiziologie Marius Nasta, \u00a0COMANDAMENTUL BRIG\u0102ZII 1 MECANIZAT\u0102, COMANDAMENTUL LOGISTIC.<\/p>\n\n\n\n<p>\u0218i \u00een Ilfov sunt 1309 locuri libere la vaccinare, din care 629 cu Moderna.<\/p>\n\n\n\n<figure class=\"wp-block-image size-large\"><img decoding=\"async\" width=\"900\" height=\"506\" src=\"data:image\/gif;base64,R0lGODlhAQABAAAAACH5BAEKAAEALAAAAAABAAEAAAICTAEAOw==\" data-src=\"https:\/\/buletin.de\/bucuresti\/wp-content\/uploads\/image-622-900x506.png\" alt=\"\" class=\"wp-image-23376 lazyload\" data-sizes=\"auto\" data-srcset=\"https:\/\/buletin.de\/bucuresti\/wp-content\/uploads\/image-622-900x506.png 900w, https:\/\/buletin.de\/bucuresti\/wp-content\/uploads\/image-622-300x169.png 300w, https:\/\/buletin.de\/bucuresti\/wp-content\/uploads\/image-622-768x432.png 768w, https:\/\/buletin.de\/bucuresti\/wp-content\/uploads\/image-622-1060x596.png 1060w, https:\/\/buletin.de\/bucuresti\/wp-content\/uploads\/image-622-550x309.png 550w, https:\/\/buletin.de\/bucuresti\/wp-content\/uploads\/image-622-889x500.png 889w, https:\/\/buletin.de\/bucuresti\/wp-content\/uploads\/image-622-600x337.png 600w, https:\/\/buletin.de\/bucuresti\/wp-content\/uploads\/image-622.png 1366w\" sizes=\"(max-width: 900px) 100vw, 900px\" \/><figcaption>sursa vaccin.live<\/figcaption><\/figure>\n","protected":false},"excerpt":{"rendered":"<p>La ora 16.00, \u00een platforma de vaccinare erau 9600 de locuri libere \u00een Capital\u0103, din care 2150 pentru serul de la Moderna. Cei care vor sa se imunizeze trebuie sa intre pe platforma oficial\u0103, \u0219\u0103-\u0219i fac\u0103 cont \u0219i s\u0103 se programeze, f\u0103r\u0103 a mai sta pe o list\u0103 de a\u0219teptare. Cele mai multe locuri libere [&hellip;]<\/p>\n","protected":false},"author":18,"featured_media":23378,"comment_status":"closed","ping_status":"open","sticky":false,"template":"","format":"standard","meta":{"_acf_changed":false,"inline_featured_image":false,"ngg_post_thumbnail":0,"footnotes":""},"categories":[996,62],"tags":[2576],"ppma_author":[22579],"class_list":["post-23370","post","type-post","status-publish","format-standard","has-post-thumbnail","hentry","category-covid-19","category-stiri","tag-locuri-libere-vaccinare"],"acf":[],"yoast_head":"<!-- This site is optimized with the Yoast SEO Premium plugin v25.3 (Yoast SEO v27.5) - https:\/\/yoast.com\/product\/yoast-seo-premium-wordpress\/ -->\n<title>9600 de locuri libere la vaccinare, \u00een Bucure\u0219ti. 2150 pentru Moderna - Buletin de Bucure\u0219ti<\/title>\n<meta name=\"robots\" content=\"index, follow, max-snippet:-1, max-image-preview:large, max-video-preview:-1\" \/>\n<link rel=\"canonical\" href=\"https:\/\/buletin.de\/bucuresti\/9600-de-locuri-libere-la-vaccinare-in-bucuresti-2150-pentru-moderna\/\" \/>\n<meta property=\"og:locale\" content=\"en_GB\" \/>\n<meta property=\"og:type\" content=\"article\" \/>\n<meta property=\"og:title\" content=\"9600 de locuri libere la vaccinare, \u00een Bucure\u0219ti. 2150 pentru Moderna\" \/>\n<meta property=\"og:description\" content=\"La ora 16.00, \u00een platforma de vaccinare erau 9600 de locuri libere \u00een Capital\u0103, din care 2150 pentru serul de la Moderna. Cei care vor sa se imunizeze trebuie sa intre pe platforma oficial\u0103, \u0219\u0103-\u0219i fac\u0103 cont \u0219i s\u0103 se programeze, f\u0103r\u0103 a mai sta pe o list\u0103 de a\u0219teptare. Cele mai multe locuri libere [&hellip;]\" \/>\n<meta property=\"og:url\" content=\"https:\/\/buletin.de\/bucuresti\/9600-de-locuri-libere-la-vaccinare-in-bucuresti-2150-pentru-moderna\/\" \/>\n<meta property=\"og:site_name\" content=\"Buletin de Bucure\u0219ti\" \/>\n<meta property=\"article:publisher\" content=\"https:\/\/www.facebook.com\/buletin.de.buc\" \/>\n<meta property=\"article:published_time\" content=\"2021-04-15T13:21:17+00:00\" \/>\n<meta property=\"og:image\" content=\"https:\/\/buletin.de\/bucuresti\/wp-content\/uploads\/spencer-davis-lZk0QrsrV8-unsplash-scaled.jpg\" \/>\n\t<meta property=\"og:image:width\" content=\"2560\" \/>\n\t<meta property=\"og:image:height\" content=\"1696\" \/>\n\t<meta property=\"og:image:type\" content=\"image\/jpeg\" \/>\n<meta name=\"author\" content=\"Teodora Stroe\" \/>\n<meta name=\"twitter:card\" content=\"summary_large_image\" \/>\n<meta name=\"twitter:label1\" content=\"Written by\" \/>\n\t<meta name=\"twitter:data1\" content=\"Teodora Stroe\" \/>\n\t<meta name=\"twitter:label2\" content=\"Estimated reading time\" \/>\n\t<meta name=\"twitter:data2\" content=\"2 minutes\" \/>\n<script type=\"application\/ld+json\" class=\"yoast-schema-graph\">{\"@context\":\"https:\\\/\\\/schema.org\",\"@graph\":[{\"@type\":\"Article\",\"@id\":\"https:\\\/\\\/buletin.de\\\/bucuresti\\\/9600-de-locuri-libere-la-vaccinare-in-bucuresti-2150-pentru-moderna\\\/#article\",\"isPartOf\":{\"@id\":\"https:\\\/\\\/buletin.de\\\/bucuresti\\\/9600-de-locuri-libere-la-vaccinare-in-bucuresti-2150-pentru-moderna\\\/\"},\"author\":{\"name\":\"Teodora Stroe\",\"@id\":\"https:\\\/\\\/buletin.de\\\/bucuresti\\\/#\\\/schema\\\/person\\\/d369d7ddc775abece205795e0b804614\"},\"headline\":\"9600 de locuri libere la vaccinare, \u00een Bucure\u0219ti. 2150 pentru Moderna\",\"datePublished\":\"2021-04-15T13:21:17+00:00\",\"mainEntityOfPage\":{\"@id\":\"https:\\\/\\\/buletin.de\\\/bucuresti\\\/9600-de-locuri-libere-la-vaccinare-in-bucuresti-2150-pentru-moderna\\\/\"},\"wordCount\":173,\"publisher\":{\"@id\":\"https:\\\/\\\/buletin.de\\\/bucuresti\\\/#organization\"},\"image\":{\"@id\":\"https:\\\/\\\/buletin.de\\\/bucuresti\\\/9600-de-locuri-libere-la-vaccinare-in-bucuresti-2150-pentru-moderna\\\/#primaryimage\"},\"thumbnailUrl\":\"https:\\\/\\\/buletin.de\\\/bucuresti\\\/wp-content\\\/uploads\\\/spencer-davis-lZk0QrsrV8-unsplash-scaled.jpg\",\"keywords\":[\"locuri libere vaccinare\"],\"articleSection\":[\"Covid-19\",\"\u0218tiri\"],\"inLanguage\":\"en-GB\",\"copyrightYear\":\"2021\",\"copyrightHolder\":{\"@id\":\"https:\\\/\\\/buletin.de\\\/bucuresti\\\/#organization\"}},{\"@type\":\"WebPage\",\"@id\":\"https:\\\/\\\/buletin.de\\\/bucuresti\\\/9600-de-locuri-libere-la-vaccinare-in-bucuresti-2150-pentru-moderna\\\/\",\"url\":\"https:\\\/\\\/buletin.de\\\/bucuresti\\\/9600-de-locuri-libere-la-vaccinare-in-bucuresti-2150-pentru-moderna\\\/\",\"name\":\"9600 de locuri libere la vaccinare, \u00een Bucure\u0219ti. 2150 pentru Moderna - Buletin de Bucure\u0219ti\",\"isPartOf\":{\"@id\":\"https:\\\/\\\/buletin.de\\\/bucuresti\\\/#website\"},\"primaryImageOfPage\":{\"@id\":\"https:\\\/\\\/buletin.de\\\/bucuresti\\\/9600-de-locuri-libere-la-vaccinare-in-bucuresti-2150-pentru-moderna\\\/#primaryimage\"},\"image\":{\"@id\":\"https:\\\/\\\/buletin.de\\\/bucuresti\\\/9600-de-locuri-libere-la-vaccinare-in-bucuresti-2150-pentru-moderna\\\/#primaryimage\"},\"thumbnailUrl\":\"https:\\\/\\\/buletin.de\\\/bucuresti\\\/wp-content\\\/uploads\\\/spencer-davis-lZk0QrsrV8-unsplash-scaled.jpg\",\"datePublished\":\"2021-04-15T13:21:17+00:00\",\"breadcrumb\":{\"@id\":\"https:\\\/\\\/buletin.de\\\/bucuresti\\\/9600-de-locuri-libere-la-vaccinare-in-bucuresti-2150-pentru-moderna\\\/#breadcrumb\"},\"inLanguage\":\"en-GB\",\"potentialAction\":[{\"@type\":\"ReadAction\",\"target\":[\"https:\\\/\\\/buletin.de\\\/bucuresti\\\/9600-de-locuri-libere-la-vaccinare-in-bucuresti-2150-pentru-moderna\\\/\"]}]},{\"@type\":\"ImageObject\",\"inLanguage\":\"en-GB\",\"@id\":\"https:\\\/\\\/buletin.de\\\/bucuresti\\\/9600-de-locuri-libere-la-vaccinare-in-bucuresti-2150-pentru-moderna\\\/#primaryimage\",\"url\":\"https:\\\/\\\/buletin.de\\\/bucuresti\\\/wp-content\\\/uploads\\\/spencer-davis-lZk0QrsrV8-unsplash-scaled.jpg\",\"contentUrl\":\"https:\\\/\\\/buletin.de\\\/bucuresti\\\/wp-content\\\/uploads\\\/spencer-davis-lZk0QrsrV8-unsplash-scaled.jpg\",\"width\":2560,\"height\":1696},{\"@type\":\"BreadcrumbList\",\"@id\":\"https:\\\/\\\/buletin.de\\\/bucuresti\\\/9600-de-locuri-libere-la-vaccinare-in-bucuresti-2150-pentru-moderna\\\/#breadcrumb\",\"itemListElement\":[{\"@type\":\"ListItem\",\"position\":1,\"name\":\"Acas\u0103\",\"item\":\"https:\\\/\\\/buletin.de\\\/bucuresti\\\/\"},{\"@type\":\"ListItem\",\"position\":2,\"name\":\"9600 de locuri libere la vaccinare, \u00een Bucure\u0219ti. 2150 pentru Moderna\"}]},{\"@type\":\"WebSite\",\"@id\":\"https:\\\/\\\/buletin.de\\\/bucuresti\\\/#website\",\"url\":\"https:\\\/\\\/buletin.de\\\/bucuresti\\\/\",\"name\":\"Buletin de Bucure\u0219ti\",\"description\":\"\u0218tiri \u0219i investiga\u021bii esen\u021biale din capital\u0103\",\"publisher\":{\"@id\":\"https:\\\/\\\/buletin.de\\\/bucuresti\\\/#organization\"},\"potentialAction\":[{\"@type\":\"SearchAction\",\"target\":{\"@type\":\"EntryPoint\",\"urlTemplate\":\"https:\\\/\\\/buletin.de\\\/bucuresti\\\/?s={search_term_string}\"},\"query-input\":{\"@type\":\"PropertyValueSpecification\",\"valueRequired\":true,\"valueName\":\"search_term_string\"}}],\"inLanguage\":\"en-GB\"},{\"@type\":\"Organization\",\"@id\":\"https:\\\/\\\/buletin.de\\\/bucuresti\\\/#organization\",\"name\":\"Buletin de Bucure\u0219ti\",\"url\":\"https:\\\/\\\/buletin.de\\\/bucuresti\\\/\",\"logo\":{\"@type\":\"ImageObject\",\"inLanguage\":\"en-GB\",\"@id\":\"https:\\\/\\\/buletin.de\\\/bucuresti\\\/#\\\/schema\\\/logo\\\/image\\\/\",\"url\":\"https:\\\/\\\/buletin.de\\\/bucuresti\\\/wp-content\\\/uploads\\\/logo-bdb-full-wide-vernil-transparent.png\",\"contentUrl\":\"https:\\\/\\\/buletin.de\\\/bucuresti\\\/wp-content\\\/uploads\\\/logo-bdb-full-wide-vernil-transparent.png\",\"width\":1782,\"height\":626,\"caption\":\"Buletin de Bucure\u0219ti\"},\"image\":{\"@id\":\"https:\\\/\\\/buletin.de\\\/bucuresti\\\/#\\\/schema\\\/logo\\\/image\\\/\"},\"sameAs\":[\"https:\\\/\\\/www.facebook.com\\\/buletin.de.buc\",\"https:\\\/\\\/www.instagram.com\\\/buletinde.bucuresti\\\/\"]},{\"@type\":\"Person\",\"@id\":\"https:\\\/\\\/buletin.de\\\/bucuresti\\\/#\\\/schema\\\/person\\\/d369d7ddc775abece205795e0b804614\",\"name\":\"Teodora Stroe\",\"image\":{\"@type\":\"ImageObject\",\"inLanguage\":\"en-GB\",\"@id\":\"https:\\\/\\\/secure.gravatar.com\\\/avatar\\\/2560b4cd9f5f1bc100b123158e657d75584bd1c3e1d9c69285720b9457c1b78d?s=96&d=monsterid&r=gc104800242ba5f2d78dd5d7dc4df08b6\",\"url\":\"https:\\\/\\\/secure.gravatar.com\\\/avatar\\\/2560b4cd9f5f1bc100b123158e657d75584bd1c3e1d9c69285720b9457c1b78d?s=96&d=monsterid&r=g\",\"contentUrl\":\"https:\\\/\\\/secure.gravatar.com\\\/avatar\\\/2560b4cd9f5f1bc100b123158e657d75584bd1c3e1d9c69285720b9457c1b78d?s=96&d=monsterid&r=g\",\"caption\":\"Teodora Stroe\"},\"url\":\"https:\\\/\\\/buletin.de\\\/bucuresti\\\/author\\\/simonacarlugea\\\/\"}]}<\/script>\n<!-- \/ Yoast SEO Premium plugin. -->","yoast_head_json":{"title":"9600 de locuri libere la vaccinare, \u00een Bucure\u0219ti. 2150 pentru Moderna - Buletin de Bucure\u0219ti","robots":{"index":"index","follow":"follow","max-snippet":"max-snippet:-1","max-image-preview":"max-image-preview:large","max-video-preview":"max-video-preview:-1"},"canonical":"https:\/\/buletin.de\/bucuresti\/9600-de-locuri-libere-la-vaccinare-in-bucuresti-2150-pentru-moderna\/","og_locale":"en_GB","og_type":"article","og_title":"9600 de locuri libere la vaccinare, \u00een Bucure\u0219ti. 2150 pentru Moderna","og_description":"La ora 16.00, \u00een platforma de vaccinare erau 9600 de locuri libere \u00een Capital\u0103, din care 2150 pentru serul de la Moderna. Cei care vor sa se imunizeze trebuie sa intre pe platforma oficial\u0103, \u0219\u0103-\u0219i fac\u0103 cont \u0219i s\u0103 se programeze, f\u0103r\u0103 a mai sta pe o list\u0103 de a\u0219teptare. Cele mai multe locuri libere [&hellip;]","og_url":"https:\/\/buletin.de\/bucuresti\/9600-de-locuri-libere-la-vaccinare-in-bucuresti-2150-pentru-moderna\/","og_site_name":"Buletin de Bucure\u0219ti","article_publisher":"https:\/\/www.facebook.com\/buletin.de.buc","article_published_time":"2021-04-15T13:21:17+00:00","og_image":[{"width":2560,"height":1696,"url":"https:\/\/buletin.de\/bucuresti\/wp-content\/uploads\/spencer-davis-lZk0QrsrV8-unsplash-scaled.jpg","type":"image\/jpeg"}],"author":"Teodora Stroe","twitter_card":"summary_large_image","twitter_misc":{"Written by":"Teodora Stroe","Estimated reading time":"2 minutes"},"schema":{"@context":"https:\/\/schema.org","@graph":[{"@type":"Article","@id":"https:\/\/buletin.de\/bucuresti\/9600-de-locuri-libere-la-vaccinare-in-bucuresti-2150-pentru-moderna\/#article","isPartOf":{"@id":"https:\/\/buletin.de\/bucuresti\/9600-de-locuri-libere-la-vaccinare-in-bucuresti-2150-pentru-moderna\/"},"author":{"name":"Teodora Stroe","@id":"https:\/\/buletin.de\/bucuresti\/#\/schema\/person\/d369d7ddc775abece205795e0b804614"},"headline":"9600 de locuri libere la vaccinare, \u00een Bucure\u0219ti. 2150 pentru Moderna","datePublished":"2021-04-15T13:21:17+00:00","mainEntityOfPage":{"@id":"https:\/\/buletin.de\/bucuresti\/9600-de-locuri-libere-la-vaccinare-in-bucuresti-2150-pentru-moderna\/"},"wordCount":173,"publisher":{"@id":"https:\/\/buletin.de\/bucuresti\/#organization"},"image":{"@id":"https:\/\/buletin.de\/bucuresti\/9600-de-locuri-libere-la-vaccinare-in-bucuresti-2150-pentru-moderna\/#primaryimage"},"thumbnailUrl":"https:\/\/buletin.de\/bucuresti\/wp-content\/uploads\/spencer-davis-lZk0QrsrV8-unsplash-scaled.jpg","keywords":["locuri libere vaccinare"],"articleSection":["Covid-19","\u0218tiri"],"inLanguage":"en-GB","copyrightYear":"2021","copyrightHolder":{"@id":"https:\/\/buletin.de\/bucuresti\/#organization"}},{"@type":"WebPage","@id":"https:\/\/buletin.de\/bucuresti\/9600-de-locuri-libere-la-vaccinare-in-bucuresti-2150-pentru-moderna\/","url":"https:\/\/buletin.de\/bucuresti\/9600-de-locuri-libere-la-vaccinare-in-bucuresti-2150-pentru-moderna\/","name":"9600 de locuri libere la vaccinare, \u00een Bucure\u0219ti. 2150 pentru Moderna - Buletin de Bucure\u0219ti","isPartOf":{"@id":"https:\/\/buletin.de\/bucuresti\/#website"},"primaryImageOfPage":{"@id":"https:\/\/buletin.de\/bucuresti\/9600-de-locuri-libere-la-vaccinare-in-bucuresti-2150-pentru-moderna\/#primaryimage"},"image":{"@id":"https:\/\/buletin.de\/bucuresti\/9600-de-locuri-libere-la-vaccinare-in-bucuresti-2150-pentru-moderna\/#primaryimage"},"thumbnailUrl":"https:\/\/buletin.de\/bucuresti\/wp-content\/uploads\/spencer-davis-lZk0QrsrV8-unsplash-scaled.jpg","datePublished":"2021-04-15T13:21:17+00:00","breadcrumb":{"@id":"https:\/\/buletin.de\/bucuresti\/9600-de-locuri-libere-la-vaccinare-in-bucuresti-2150-pentru-moderna\/#breadcrumb"},"inLanguage":"en-GB","potentialAction":[{"@type":"ReadAction","target":["https:\/\/buletin.de\/bucuresti\/9600-de-locuri-libere-la-vaccinare-in-bucuresti-2150-pentru-moderna\/"]}]},{"@type":"ImageObject","inLanguage":"en-GB","@id":"https:\/\/buletin.de\/bucuresti\/9600-de-locuri-libere-la-vaccinare-in-bucuresti-2150-pentru-moderna\/#primaryimage","url":"https:\/\/buletin.de\/bucuresti\/wp-content\/uploads\/spencer-davis-lZk0QrsrV8-unsplash-scaled.jpg","contentUrl":"https:\/\/buletin.de\/bucuresti\/wp-content\/uploads\/spencer-davis-lZk0QrsrV8-unsplash-scaled.jpg","width":2560,"height":1696},{"@type":"BreadcrumbList","@id":"https:\/\/buletin.de\/bucuresti\/9600-de-locuri-libere-la-vaccinare-in-bucuresti-2150-pentru-moderna\/#breadcrumb","itemListElement":[{"@type":"ListItem","position":1,"name":"Acas\u0103","item":"https:\/\/buletin.de\/bucuresti\/"},{"@type":"ListItem","position":2,"name":"9600 de locuri libere la vaccinare, \u00een Bucure\u0219ti. 2150 pentru Moderna"}]},{"@type":"WebSite","@id":"https:\/\/buletin.de\/bucuresti\/#website","url":"https:\/\/buletin.de\/bucuresti\/","name":"Buletin de Bucure\u0219ti","description":"\u0218tiri \u0219i investiga\u021bii esen\u021biale din capital\u0103","publisher":{"@id":"https:\/\/buletin.de\/bucuresti\/#organization"},"potentialAction":[{"@type":"SearchAction","target":{"@type":"EntryPoint","urlTemplate":"https:\/\/buletin.de\/bucuresti\/?s={search_term_string}"},"query-input":{"@type":"PropertyValueSpecification","valueRequired":true,"valueName":"search_term_string"}}],"inLanguage":"en-GB"},{"@type":"Organization","@id":"https:\/\/buletin.de\/bucuresti\/#organization","name":"Buletin de Bucure\u0219ti","url":"https:\/\/buletin.de\/bucuresti\/","logo":{"@type":"ImageObject","inLanguage":"en-GB","@id":"https:\/\/buletin.de\/bucuresti\/#\/schema\/logo\/image\/","url":"https:\/\/buletin.de\/bucuresti\/wp-content\/uploads\/logo-bdb-full-wide-vernil-transparent.png","contentUrl":"https:\/\/buletin.de\/bucuresti\/wp-content\/uploads\/logo-bdb-full-wide-vernil-transparent.png","width":1782,"height":626,"caption":"Buletin de Bucure\u0219ti"},"image":{"@id":"https:\/\/buletin.de\/bucuresti\/#\/schema\/logo\/image\/"},"sameAs":["https:\/\/www.facebook.com\/buletin.de.buc","https:\/\/www.instagram.com\/buletinde.bucuresti\/"]},{"@type":"Person","@id":"https:\/\/buletin.de\/bucuresti\/#\/schema\/person\/d369d7ddc775abece205795e0b804614","name":"Teodora Stroe","image":{"@type":"ImageObject","inLanguage":"en-GB","@id":"https:\/\/secure.gravatar.com\/avatar\/2560b4cd9f5f1bc100b123158e657d75584bd1c3e1d9c69285720b9457c1b78d?s=96&d=monsterid&r=gc104800242ba5f2d78dd5d7dc4df08b6","url":"https:\/\/secure.gravatar.com\/avatar\/2560b4cd9f5f1bc100b123158e657d75584bd1c3e1d9c69285720b9457c1b78d?s=96&d=monsterid&r=g","contentUrl":"https:\/\/secure.gravatar.com\/avatar\/2560b4cd9f5f1bc100b123158e657d75584bd1c3e1d9c69285720b9457c1b78d?s=96&d=monsterid&r=g","caption":"Teodora Stroe"},"url":"https:\/\/buletin.de\/bucuresti\/author\/simonacarlugea\/"}]}},"authors":[{"term_id":22579,"user_id":18,"is_guest":0,"slug":"simonacarlugea","display_name":"Teodora Stroe","avatar_url":"https:\/\/secure.gravatar.com\/avatar\/2560b4cd9f5f1bc100b123158e657d75584bd1c3e1d9c69285720b9457c1b78d?s=96&d=monsterid&r=g","0":null,"1":"","2":"","3":"","4":"","5":"","6":"","7":"","8":""}],"_links":{"self":[{"href":"https:\/\/buletin.de\/bucuresti\/wp-json\/wp\/v2\/posts\/23370","targetHints":{"allow":["GET"]}}],"collection":[{"href":"https:\/\/buletin.de\/bucuresti\/wp-json\/wp\/v2\/posts"}],"about":[{"href":"https:\/\/buletin.de\/bucuresti\/wp-json\/wp\/v2\/types\/post"}],"author":[{"embeddable":true,"href":"https:\/\/buletin.de\/bucuresti\/wp-json\/wp\/v2\/users\/18"}],"replies":[{"embeddable":true,"href":"https:\/\/buletin.de\/bucuresti\/wp-json\/wp\/v2\/comments?post=23370"}],"version-history":[{"count":2,"href":"https:\/\/buletin.de\/bucuresti\/wp-json\/wp\/v2\/posts\/23370\/revisions"}],"predecessor-version":[{"id":23377,"href":"https:\/\/buletin.de\/bucuresti\/wp-json\/wp\/v2\/posts\/23370\/revisions\/23377"}],"wp:featuredmedia":[{"embeddable":true,"href":"https:\/\/buletin.de\/bucuresti\/wp-json\/wp\/v2\/media\/23378"}],"wp:attachment":[{"href":"https:\/\/buletin.de\/bucuresti\/wp-json\/wp\/v2\/media?parent=23370"}],"wp:term":[{"taxonomy":"category","embeddable":true,"href":"https:\/\/buletin.de\/bucuresti\/wp-json\/wp\/v2\/categories?post=23370"},{"taxonomy":"post_tag","embeddable":true,"href":"https:\/\/buletin.de\/bucuresti\/wp-json\/wp\/v2\/tags?post=23370"},{"taxonomy":"author","embeddable":true,"href":"https:\/\/buletin.de\/bucuresti\/wp-json\/wp\/v2\/ppma_author?post=23370"}],"curies":[{"name":"wp","href":"https:\/\/api.w.org\/{rel}","templated":true}]}}