{"id":23322,"date":"2021-04-15T17:21:07","date_gmt":"2021-04-15T14:21:07","guid":{"rendered":"https:\/\/buletin.de\/bucuresti\/?p=23322"},"modified":"2021-04-15T17:26:21","modified_gmt":"2021-04-15T14:26:21","slug":"firma-unui-fost-comisar-sef-de-politie-cercetata-pentru-ca-a-pus-in-pericol-vieti-patrimoniui-public-si-privat-fostul-politist-condamnat-pentru-ucidere-din-culpa-in-2012","status":"publish","type":"post","link":"https:\/\/buletin.de\/bucuresti\/firma-unui-fost-comisar-sef-de-politie-cercetata-pentru-ca-a-pus-in-pericol-vieti-patrimoniui-public-si-privat-fostul-politist-condamnat-pentru-ucidere-din-culpa-in-2012\/","title":{"rendered":"Firma unui fost comisar \u0219ef de poli\u021bie, cercetat\u0103 pentru c\u0103 a pus \u00een pericol vie\u021bi, patrimoniui public \u0219i privat | Fostul poli\u021bist, condamnat pentru ucidere din culp\u0103 \u00een 2012"},"content":{"rendered":"\n<p>Ac\u021biune de amploare a poli\u021bi\u0219tilor \u0219i trupelor speciale, ast\u0103zi, \u00een 28 de jude\u021be \u0219i Bucure\u0219ti. Totul dup\u0103 ce o firm\u0103 din Bucure\u0219ti ar fi v\u00e2ndut pe bani grei servicii fictive. Procurorii spun c\u0103, timp de 3 ani, firma a mimat \u00eentre\u021binerea \u0219i \u00eenlocuirea echipamentelor de protec\u021bie \u00eempotriva incendiilor. Clien\u021bii firmei &#8211; spitale, unit\u0103\u021bi militare, aeroporturi, companii de stat \u0219i private. Concluzia anchetatorilor &#8211; o bomb\u0103 cu ceas! Patronul firmei este un fost comisar de poli\u021bie, condamnat pentru ucidere din culp\u0103 \u00een 2012, la \u00eenchisoare cu suspendare.<\/p>\n\n\n\n<h2 class=\"wp-block-heading\">De la Maramure\u0219, la Bucure\u0219ti<\/h2>\n\n\n\n<p>\u00cen 2010, Ciprian \u0219i Dan Hotico pun bazele firmei UKRO SECURITY &#8211; S.R.L., cu sediul \u00een Baia Mare, jude\u021bul Maramure\u0219. Domeniul principal de activitate: grupa CAEN 802 -activit\u0103\u021bi de servicii privind sistemele de securizare. <\/p>\n\n\n\n<p>\u00cen 2011, sediul social al firmei se muta \u00een Bucure\u0219ti \u0219i numele se schimb\u0103 \u00een KRO SECURITY DIVIZIA MEDICALA &#8211; S.R.L., asocia\u021bii find aceia\u0219i.  3 ani mai t\u00e2rziu, \u00een 2014, din firm\u0103 iese Dan Hotico \u0219i intr\u0103 Gheorghe Tomescu, iar numele se schimb\u0103 din nou, \u00een Fire &amp; Rescue Services SRL, cu sediul \u00een Bucure\u0219ti.<\/p>\n\n\n\n<p>\u00cen 2019, Ciprian Hotico se retrage \u0219i el din firm\u0103, unic asociat r\u0103m\u00e2n\u00e2nd Gheorghe Tomescu. <\/p>\n\n\n\n<h2 class=\"wp-block-heading\">Gheorghe Tomescu, fost comisar \u0219ef la Poli\u021bia Cluj, condamnat pentru omor<\/h2>\n\n\n\n<p>\u00cen octombrie 2010, presa scria despre un accident \u00een care a fost implicat un poli\u021bist de la Poli\u021bia Rutier\u0103 Cluj. Comisarul \u0219ef Gheorghe Tomescu a accidentat mortal un b\u0103rbat de 39 de ani, pe o trecere de pietoni din satul&nbsp;Reteag Cluj, \u0219i a fugit de la locul faptei. A fost judecat pentru ucidere din culp\u0103 \u0219i a primit o pedeaps\u0103 cu suspedare. <\/p>\n\n\n\n<p>La vremea aceea, presa vorbea despre leg\u0103turi str\u00e2nse ale lui Tomescu cu \u0219efi din DGPI dar \u0219i cu oameni politici din Cluj. <\/p>\n\n\n\n<p><a href=\"https:\/\/zcj.ro\/eveniment\/--81994.html\">https:\/\/zcj.ro\/eveniment\/&#8211;81994.html<\/a><\/p>\n\n\n\n<p>Am \u00eencercat s\u0103 luam leg\u0103tura cu Gheorghe Tomescu dar nu a r\u0103spuns nici la telefon, nici la mesaje.<\/p>\n\n\n\n<h2 class=\"wp-block-heading\">Afacerile firmei, \u00eenfloritoare<\/h2>\n\n\n\n<p>Conform datelor de pe risco.ro, afacerile firmei au luat av\u00e2nt dup\u0103 2015, c\u00e2nd au \u00eenceput s\u0103 aib\u0103 \u0219i tot mai multe contracte cu statul.<\/p>\n\n\n\n<figure class=\"wp-block-image size-large\"><a href=\"https:\/\/buletin.de\/bucuresti\/wp-content\/uploads\/image-615.png\"><img fetchpriority=\"high\" decoding=\"async\" width=\"900\" height=\"423\" src=\"data:image\/gif;base64,R0lGODlhAQABAAAAACH5BAEKAAEALAAAAAABAAEAAAICTAEAOw==\" data-src=\"https:\/\/buletin.de\/bucuresti\/wp-content\/uploads\/image-615-900x423.png\" alt=\"\" class=\"wp-image-23328 lazyload\" data-sizes=\"auto\" data-srcset=\"https:\/\/buletin.de\/bucuresti\/wp-content\/uploads\/image-615-900x423.png 900w, https:\/\/buletin.de\/bucuresti\/wp-content\/uploads\/image-615-300x141.png 300w, https:\/\/buletin.de\/bucuresti\/wp-content\/uploads\/image-615-768x361.png 768w, https:\/\/buletin.de\/bucuresti\/wp-content\/uploads\/image-615-550x258.png 550w, https:\/\/buletin.de\/bucuresti\/wp-content\/uploads\/image-615-600x282.png 600w, https:\/\/buletin.de\/bucuresti\/wp-content\/uploads\/image-615.png 1041w\" sizes=\"(max-width: 900px) 100vw, 900px\" \/><\/a><figcaption>sursa Risco.ro<\/figcaption><\/figure>\n\n\n\n<p>Din datele financiare pe 2020, publicate de ministerul Finan\u021belor, anul trecut a fost cel mai bun din istoria firmei &#8211; profit de 7,27 milioane de lei.<\/p>\n\n\n\n<figure class=\"wp-block-image size-large\"><a href=\"https:\/\/buletin.de\/bucuresti\/wp-content\/uploads\/image-617.png\"><img decoding=\"async\" width=\"693\" height=\"219\" src=\"data:image\/gif;base64,R0lGODlhAQABAAAAACH5BAEKAAEALAAAAAABAAEAAAICTAEAOw==\" data-src=\"https:\/\/buletin.de\/bucuresti\/wp-content\/uploads\/image-617.png\" alt=\"\" class=\"wp-image-23331 lazyload\" data-sizes=\"auto\" data-srcset=\"https:\/\/buletin.de\/bucuresti\/wp-content\/uploads\/image-617.png 693w, https:\/\/buletin.de\/bucuresti\/wp-content\/uploads\/image-617-300x95.png 300w, https:\/\/buletin.de\/bucuresti\/wp-content\/uploads\/image-617-550x174.png 550w, https:\/\/buletin.de\/bucuresti\/wp-content\/uploads\/image-617-600x190.png 600w\" sizes=\"(max-width: 693px) 100vw, 693px\" \/><\/a><\/figure>\n\n\n\n<h2 class=\"wp-block-heading\">7 ani &#8211; 2090 de contracte publice, 3,5 milioane de lei<\/h2>\n\n\n\n<p>Firma apare \u00een SEAP, cu contracte \u00eencheiate prin achizi\u021bie direct\u0103, la 40 de coduri CPV. Cele mai importante sunt \u00eens\u0103 3 &#8211; servicii de reparare \u0219i \u00eentre\u021biere a echipamentelor de stingere a incendiilor extinctoare \u0219i echipamente de stingere a incendiilor.<\/p>\n\n\n\n<figure class=\"wp-block-table is-style-stripes\"><table><tbody><tr><td>Cod CPV<\/td><td>Contracte<\/td><td>RON<\/td><\/tr><tr><td>Servicii de reparare si de intretinere a echipamentului de stingere a incendiilor (Rev.2)<\/td><td>1,460<\/td><td>1,854,758.05<\/td><\/tr><tr><td>Extinctoare (Rev.2)<\/td><td>266<\/td><td>548,878.98<\/td><\/tr><tr><td>Echipament de stingere a incendiilor (Rev.2)<\/td><td>119<\/td><td>303,423.82<\/td><\/tr><\/tbody><\/table><figcaption>sursa SEAP<\/figcaption><\/figure>\n\n\n\n<p>\u00cen ultimii 7 ani, nu mai pu\u021bin de 655 de entit\u0103\u021bi publice din toat\u0103 \u021bara au cump\u0103rat servicii \u0219i produse de la SC Fire &amp; Rescue Services, \u00een valoare total\u0103 de 3,5 milioane de lei. De la spitale, prim\u0103rii, la aeroporturi, companii de transport, unit\u0103\u021bi militare sau penitenciare. Printre cei mai buni clien\u021bi, cu contracte de peste 50.000 de lei, DGSAPC sector 3 \u0219i Radet.<\/p>\n\n\n\n<figure class=\"wp-block-table is-style-stripes\"><table><tbody><tr><td>Autoritate<\/td><td>Nr. Contracte<\/td><td>Suma total\u0103<\/td><\/tr><tr><td>COMPANIA NATIONALA DE ADMINISTRARE A INFRASTRUCTURII RUTIERE S.A.<\/td><td>8<\/td><td>196,254<\/td><\/tr><tr><td>Ministerul Apararii &#8211; Unitatea Militara&nbsp; 01158<\/td><td>2<\/td><td>127,192<\/td><\/tr><tr><td>COMPANIA NATIONALA LOTERIA ROM\u00c2NA S.A.<\/td><td>7<\/td><td>103,398<\/td><\/tr><tr><td>JUDETUL CLUJ (CONSILIUL JUDETEAN)<\/td><td>8<\/td><td>95,199<\/td><\/tr><tr><td>SPITALUL JUDETEAN DE URGENTA BRAILA<\/td><td>3<\/td><td>75,397<\/td><\/tr><tr><td>Universitatea de Medicina si Farmacie &#8220;Iuliu Hatieganu&#8221; Cluj-Napoca<\/td><td>17<\/td><td>63,246<\/td><\/tr><tr><td>Regia Autonoma de Distributie a Energiei Termice Bucuresti<\/td><td>4<\/td><td>61,623<\/td><\/tr><tr><td>DIRECTIA GENERALA DE ASISTENTA SOCIALA SI PROTECTIA COPILULUI SECTOR 3<\/td><td>3<\/td><td>58,030<\/td><\/tr><tr><td>CT BUS S.A.<\/td><td>2<\/td><td>54,000<\/td><\/tr><tr><td>SPITALUL JUDETEAN&nbsp; DE URGENTA SLATINA<\/td><td>1<\/td><td>50,906<\/td><\/tr><tr><td>SOCIETATEA NATIONALA RADIOCOMUNICATII<\/td><td>2<\/td><td>50,667<\/td><\/tr><\/tbody><\/table><figcaption>sursa SEAP<\/figcaption><\/figure>\n\n\n\n<p>De pe pagina de internet a firmei afl\u0103m c\u0103, pe l\u00e2ng\u0103 aceste institu\u021bii publice, de serviciile firmei au beneficat \u0219i importante societ\u0103\u021bi private: supermarketuri, lan\u021buri de benzin\u0103rii, fabrici.<\/p>\n\n\n\n<h2 class=\"wp-block-heading\">Servicii doar pe h\u00e2rtie<\/h2>\n\n\n\n<p>Joaca de-a serviciile de mentenan\u021b\u0103 PSI s-a terminat la Mure\u0219. Procurorii de la Parchetul de pe l\u00e2ng\u0103 Tribunalul Mure\u0219 au deschis un dosar de cercetare penal\u0103, privind infrac\u021biuni de , la persoane b\u0103nuite de \u00een\u0219el\u0103ciune, evaziune fiscal\u0103, sp\u0103lare a banilor, complicitate la sp\u0103lare a banilor, fals \u00een \u00eenscrisuri sub semn\u0103tur\u0103 privat\u0103 \u0219i uz de fals.<\/p>\n\n\n\n<p>Ce spun de fapt anchetatorii? C\u0103 firma cu pricina a prestat servicii de mentenan\u021b\u0103 \u0219i \u00eenlocuire a echipamentelor de prevenire a incendiilor, <strong>doar pe h\u00e2rtie<\/strong>. <\/p>\n\n\n\n<p><em>\u00cen baza contractelor, ar fi avut obliga\u021bia s\u0103 presteze servicii de mentenan\u021b\u0103 (verificare, \u00eenc\u0103rcare, reparare) a echipamentelor de protec\u021bie (extinctoare, hidran\u021bi). Aceste servicii s-ar fi realizat f\u0103r\u0103 verificarea efectiv\u0103 a bunei func\u021bion\u0103ri, astfel s-ar fi \u00eenlocuit sigilii, etichete de conformitate \u0219i de valabilitate<\/em>, <em> <\/em>se arat\u0103 \u00een comunicatul IGPR.<\/p>\n\n\n\n<p>Anchetatorii au scos \u00een eviden\u021b\u0103, \u00een comunicatul de pres\u0103, gravitatea faptelor pe care le investigheaz\u0103 \u0219i c\u00e2t de periculos putea fi dac\u0103, de echipamentele cu pricina ar fi avut nevoie cineva \u00een caz de incendiu.<\/p>\n\n\n\n<p><em>Gravitatea este dat\u0103 de amploarea actelor materiale care vizau inclusiv spitale, \u0219coli, unit\u0103\u021bi militare, penitenciare, sedii ale unor institu\u021bii publice, sta\u021bii de alimentare cu carburant, companii de transport public, companii de transport aeriene, companii de producere a energiei termice, electrice \u0219i nucleare, combinat chimic etc. (&#8230;)Gradul de periculozitate al faptelor comise este foarte ridicat prin crearea unei st\u0103ri de pericol cu privire la via\u021ba, s\u0103n\u0103tatea, \u0219i integritatea persoanelor, c\u00e2t \u0219i cu privire la patrimoniul acestora.<\/em>, se arat\u0103 \u00een comunicat.<\/p>\n\n\n\n<p>Din informa\u021biile prezentate de anchetatori reiese c\u0103 activitatea ilicit\u0103 a firmei ar fi fost <strong>f\u0103r\u0103<\/strong> complicitatea celor care pl\u0103teau pentru serviciile lor.<\/p>\n\n\n\n<p><em>Beneficiarii s-ar fi aflat \u00een eroare cu privire la func\u021bionalitatea \u0219i calitatea echipamentelor de stingere a incendiilor, fapt pentru care ar fi achitat sume considerabile pentru aceste servicii<\/em>., se mai men\u021bioneaz\u0103 \u00een comunicat.<\/p>\n\n\n\n<p>Politi\u0219ti \u0219i trupe speciale au descins la 218 adrese din toat\u0103 \u021bara pentru a c\u0103uta probe \u00een acest dosar. <\/p>\n\n\n\n<p>Vom reveni<\/p>\n\n\n\n<p><\/p>\n\n\n\n<p><\/p>\n","protected":false},"excerpt":{"rendered":"<p>Ac\u021biune de amploare a poli\u021bi\u0219tilor \u0219i trupelor speciale, ast\u0103zi, \u00een 28 de jude\u021be \u0219i Bucure\u0219ti. Totul dup\u0103 ce o firm\u0103 din Bucure\u0219ti ar fi v\u00e2ndut pe bani grei servicii fictive. Procurorii spun c\u0103, timp de 3 ani, firma a mimat \u00eentre\u021binerea \u0219i \u00eenlocuirea echipamentelor de protec\u021bie \u00eempotriva incendiilor. Clien\u021bii firmei &#8211; spitale, unit\u0103\u021bi militare, aeroporturi, [&hellip;]<\/p>\n","protected":false},"author":18,"featured_media":23338,"comment_status":"closed","ping_status":"open","sticky":false,"template":"","format":"standard","meta":{"_acf_changed":false,"inline_featured_image":false,"ngg_post_thumbnail":0,"footnotes":""},"categories":[62],"tags":[],"ppma_author":[22579],"class_list":["post-23322","post","type-post","status-publish","format-standard","has-post-thumbnail","hentry","category-stiri"],"acf":[],"yoast_head":"<!-- This site is optimized with the Yoast SEO Premium plugin v25.3 (Yoast SEO v27.4) - https:\/\/yoast.com\/product\/yoast-seo-premium-wordpress\/ -->\n<title>Firma unui fost comisar \u0219ef de poli\u021bie, cercetat\u0103 pentru c\u0103 a pus \u00een pericol vie\u021bi, patrimoniui public \u0219i privat | Fostul poli\u021bist, condamnat pentru ucidere din culp\u0103 \u00een 2012 - Buletin de Bucure\u0219ti<\/title>\n<meta name=\"robots\" content=\"index, follow, max-snippet:-1, max-image-preview:large, max-video-preview:-1\" \/>\n<link rel=\"canonical\" href=\"https:\/\/buletin.de\/bucuresti\/firma-unui-fost-comisar-sef-de-politie-cercetata-pentru-ca-a-pus-in-pericol-vieti-patrimoniui-public-si-privat-fostul-politist-condamnat-pentru-ucidere-din-culpa-in-2012\/\" \/>\n<meta property=\"og:locale\" content=\"en_GB\" \/>\n<meta property=\"og:type\" content=\"article\" \/>\n<meta property=\"og:title\" content=\"Firma unui fost comisar \u0219ef de poli\u021bie, cercetat\u0103 pentru c\u0103 a pus \u00een pericol vie\u021bi, patrimoniui public \u0219i privat | Fostul poli\u021bist, condamnat pentru ucidere din culp\u0103 \u00een 2012\" \/>\n<meta property=\"og:description\" content=\"Ac\u021biune de amploare a poli\u021bi\u0219tilor \u0219i trupelor speciale, ast\u0103zi, \u00een 28 de jude\u021be \u0219i Bucure\u0219ti. Totul dup\u0103 ce o firm\u0103 din Bucure\u0219ti ar fi v\u00e2ndut pe bani grei servicii fictive. Procurorii spun c\u0103, timp de 3 ani, firma a mimat \u00eentre\u021binerea \u0219i \u00eenlocuirea echipamentelor de protec\u021bie \u00eempotriva incendiilor. Clien\u021bii firmei &#8211; spitale, unit\u0103\u021bi militare, aeroporturi, [&hellip;]\" \/>\n<meta property=\"og:url\" content=\"https:\/\/buletin.de\/bucuresti\/firma-unui-fost-comisar-sef-de-politie-cercetata-pentru-ca-a-pus-in-pericol-vieti-patrimoniui-public-si-privat-fostul-politist-condamnat-pentru-ucidere-din-culpa-in-2012\/\" \/>\n<meta property=\"og:site_name\" content=\"Buletin de Bucure\u0219ti\" \/>\n<meta property=\"article:publisher\" content=\"https:\/\/www.facebook.com\/buletin.de.buc\" \/>\n<meta property=\"article:published_time\" content=\"2021-04-15T14:21:07+00:00\" \/>\n<meta property=\"article:modified_time\" content=\"2021-04-15T14:26:21+00:00\" \/>\n<meta property=\"og:image\" content=\"https:\/\/buletin.de\/bucuresti\/wp-content\/uploads\/piotr-chrobot-M0WbGFRTXqU-unsplash-scaled.jpg\" \/>\n\t<meta property=\"og:image:width\" content=\"2560\" \/>\n\t<meta property=\"og:image:height\" content=\"1710\" \/>\n\t<meta property=\"og:image:type\" content=\"image\/jpeg\" \/>\n<meta name=\"author\" content=\"Teodora Stroe\" \/>\n<meta name=\"twitter:card\" content=\"summary_large_image\" \/>\n<meta name=\"twitter:label1\" content=\"Written by\" \/>\n\t<meta name=\"twitter:data1\" content=\"Teodora Stroe\" \/>\n\t<meta name=\"twitter:label2\" content=\"Estimated reading time\" \/>\n\t<meta name=\"twitter:data2\" content=\"5 minutes\" \/>\n<script type=\"application\/ld+json\" class=\"yoast-schema-graph\">{\"@context\":\"https:\\\/\\\/schema.org\",\"@graph\":[{\"@type\":\"Article\",\"@id\":\"https:\\\/\\\/buletin.de\\\/bucuresti\\\/firma-unui-fost-comisar-sef-de-politie-cercetata-pentru-ca-a-pus-in-pericol-vieti-patrimoniui-public-si-privat-fostul-politist-condamnat-pentru-ucidere-din-culpa-in-2012\\\/#article\",\"isPartOf\":{\"@id\":\"https:\\\/\\\/buletin.de\\\/bucuresti\\\/firma-unui-fost-comisar-sef-de-politie-cercetata-pentru-ca-a-pus-in-pericol-vieti-patrimoniui-public-si-privat-fostul-politist-condamnat-pentru-ucidere-din-culpa-in-2012\\\/\"},\"author\":{\"name\":\"Teodora Stroe\",\"@id\":\"https:\\\/\\\/buletin.de\\\/bucuresti\\\/#\\\/schema\\\/person\\\/d369d7ddc775abece205795e0b804614\"},\"headline\":\"Firma unui fost comisar \u0219ef de poli\u021bie, cercetat\u0103 pentru c\u0103 a pus \u00een pericol vie\u021bi, patrimoniui public \u0219i privat | Fostul poli\u021bist, condamnat pentru ucidere din culp\u0103 \u00een 2012\",\"datePublished\":\"2021-04-15T14:21:07+00:00\",\"dateModified\":\"2021-04-15T14:26:21+00:00\",\"mainEntityOfPage\":{\"@id\":\"https:\\\/\\\/buletin.de\\\/bucuresti\\\/firma-unui-fost-comisar-sef-de-politie-cercetata-pentru-ca-a-pus-in-pericol-vieti-patrimoniui-public-si-privat-fostul-politist-condamnat-pentru-ucidere-din-culpa-in-2012\\\/\"},\"wordCount\":1032,\"publisher\":{\"@id\":\"https:\\\/\\\/buletin.de\\\/bucuresti\\\/#organization\"},\"image\":{\"@id\":\"https:\\\/\\\/buletin.de\\\/bucuresti\\\/firma-unui-fost-comisar-sef-de-politie-cercetata-pentru-ca-a-pus-in-pericol-vieti-patrimoniui-public-si-privat-fostul-politist-condamnat-pentru-ucidere-din-culpa-in-2012\\\/#primaryimage\"},\"thumbnailUrl\":\"https:\\\/\\\/buletin.de\\\/bucuresti\\\/wp-content\\\/uploads\\\/piotr-chrobot-M0WbGFRTXqU-unsplash-scaled.jpg\",\"articleSection\":[\"\u0218tiri\"],\"inLanguage\":\"en-GB\",\"copyrightYear\":\"2021\",\"copyrightHolder\":{\"@id\":\"https:\\\/\\\/buletin.de\\\/bucuresti\\\/#organization\"}},{\"@type\":\"WebPage\",\"@id\":\"https:\\\/\\\/buletin.de\\\/bucuresti\\\/firma-unui-fost-comisar-sef-de-politie-cercetata-pentru-ca-a-pus-in-pericol-vieti-patrimoniui-public-si-privat-fostul-politist-condamnat-pentru-ucidere-din-culpa-in-2012\\\/\",\"url\":\"https:\\\/\\\/buletin.de\\\/bucuresti\\\/firma-unui-fost-comisar-sef-de-politie-cercetata-pentru-ca-a-pus-in-pericol-vieti-patrimoniui-public-si-privat-fostul-politist-condamnat-pentru-ucidere-din-culpa-in-2012\\\/\",\"name\":\"Firma unui fost comisar \u0219ef de poli\u021bie, cercetat\u0103 pentru c\u0103 a pus \u00een pericol vie\u021bi, patrimoniui public \u0219i privat | Fostul poli\u021bist, condamnat pentru ucidere din culp\u0103 \u00een 2012 - Buletin de Bucure\u0219ti\",\"isPartOf\":{\"@id\":\"https:\\\/\\\/buletin.de\\\/bucuresti\\\/#website\"},\"primaryImageOfPage\":{\"@id\":\"https:\\\/\\\/buletin.de\\\/bucuresti\\\/firma-unui-fost-comisar-sef-de-politie-cercetata-pentru-ca-a-pus-in-pericol-vieti-patrimoniui-public-si-privat-fostul-politist-condamnat-pentru-ucidere-din-culpa-in-2012\\\/#primaryimage\"},\"image\":{\"@id\":\"https:\\\/\\\/buletin.de\\\/bucuresti\\\/firma-unui-fost-comisar-sef-de-politie-cercetata-pentru-ca-a-pus-in-pericol-vieti-patrimoniui-public-si-privat-fostul-politist-condamnat-pentru-ucidere-din-culpa-in-2012\\\/#primaryimage\"},\"thumbnailUrl\":\"https:\\\/\\\/buletin.de\\\/bucuresti\\\/wp-content\\\/uploads\\\/piotr-chrobot-M0WbGFRTXqU-unsplash-scaled.jpg\",\"datePublished\":\"2021-04-15T14:21:07+00:00\",\"dateModified\":\"2021-04-15T14:26:21+00:00\",\"breadcrumb\":{\"@id\":\"https:\\\/\\\/buletin.de\\\/bucuresti\\\/firma-unui-fost-comisar-sef-de-politie-cercetata-pentru-ca-a-pus-in-pericol-vieti-patrimoniui-public-si-privat-fostul-politist-condamnat-pentru-ucidere-din-culpa-in-2012\\\/#breadcrumb\"},\"inLanguage\":\"en-GB\",\"potentialAction\":[{\"@type\":\"ReadAction\",\"target\":[\"https:\\\/\\\/buletin.de\\\/bucuresti\\\/firma-unui-fost-comisar-sef-de-politie-cercetata-pentru-ca-a-pus-in-pericol-vieti-patrimoniui-public-si-privat-fostul-politist-condamnat-pentru-ucidere-din-culpa-in-2012\\\/\"]}]},{\"@type\":\"ImageObject\",\"inLanguage\":\"en-GB\",\"@id\":\"https:\\\/\\\/buletin.de\\\/bucuresti\\\/firma-unui-fost-comisar-sef-de-politie-cercetata-pentru-ca-a-pus-in-pericol-vieti-patrimoniui-public-si-privat-fostul-politist-condamnat-pentru-ucidere-din-culpa-in-2012\\\/#primaryimage\",\"url\":\"https:\\\/\\\/buletin.de\\\/bucuresti\\\/wp-content\\\/uploads\\\/piotr-chrobot-M0WbGFRTXqU-unsplash-scaled.jpg\",\"contentUrl\":\"https:\\\/\\\/buletin.de\\\/bucuresti\\\/wp-content\\\/uploads\\\/piotr-chrobot-M0WbGFRTXqU-unsplash-scaled.jpg\",\"width\":2560,\"height\":1710},{\"@type\":\"BreadcrumbList\",\"@id\":\"https:\\\/\\\/buletin.de\\\/bucuresti\\\/firma-unui-fost-comisar-sef-de-politie-cercetata-pentru-ca-a-pus-in-pericol-vieti-patrimoniui-public-si-privat-fostul-politist-condamnat-pentru-ucidere-din-culpa-in-2012\\\/#breadcrumb\",\"itemListElement\":[{\"@type\":\"ListItem\",\"position\":1,\"name\":\"Acas\u0103\",\"item\":\"https:\\\/\\\/buletin.de\\\/bucuresti\\\/\"},{\"@type\":\"ListItem\",\"position\":2,\"name\":\"Firma unui fost comisar \u0219ef de poli\u021bie, cercetat\u0103 pentru c\u0103 a pus \u00een pericol vie\u021bi, patrimoniui public \u0219i privat | Fostul poli\u021bist, condamnat pentru ucidere din culp\u0103 \u00een 2012\"}]},{\"@type\":\"WebSite\",\"@id\":\"https:\\\/\\\/buletin.de\\\/bucuresti\\\/#website\",\"url\":\"https:\\\/\\\/buletin.de\\\/bucuresti\\\/\",\"name\":\"Buletin de Bucure\u0219ti\",\"description\":\"\u0218tiri \u0219i investiga\u021bii esen\u021biale din capital\u0103\",\"publisher\":{\"@id\":\"https:\\\/\\\/buletin.de\\\/bucuresti\\\/#organization\"},\"potentialAction\":[{\"@type\":\"SearchAction\",\"target\":{\"@type\":\"EntryPoint\",\"urlTemplate\":\"https:\\\/\\\/buletin.de\\\/bucuresti\\\/?s={search_term_string}\"},\"query-input\":{\"@type\":\"PropertyValueSpecification\",\"valueRequired\":true,\"valueName\":\"search_term_string\"}}],\"inLanguage\":\"en-GB\"},{\"@type\":\"Organization\",\"@id\":\"https:\\\/\\\/buletin.de\\\/bucuresti\\\/#organization\",\"name\":\"Buletin de Bucure\u0219ti\",\"url\":\"https:\\\/\\\/buletin.de\\\/bucuresti\\\/\",\"logo\":{\"@type\":\"ImageObject\",\"inLanguage\":\"en-GB\",\"@id\":\"https:\\\/\\\/buletin.de\\\/bucuresti\\\/#\\\/schema\\\/logo\\\/image\\\/\",\"url\":\"https:\\\/\\\/buletin.de\\\/bucuresti\\\/wp-content\\\/uploads\\\/logo-bdb-full-wide-vernil-transparent.png\",\"contentUrl\":\"https:\\\/\\\/buletin.de\\\/bucuresti\\\/wp-content\\\/uploads\\\/logo-bdb-full-wide-vernil-transparent.png\",\"width\":1782,\"height\":626,\"caption\":\"Buletin de Bucure\u0219ti\"},\"image\":{\"@id\":\"https:\\\/\\\/buletin.de\\\/bucuresti\\\/#\\\/schema\\\/logo\\\/image\\\/\"},\"sameAs\":[\"https:\\\/\\\/www.facebook.com\\\/buletin.de.buc\",\"https:\\\/\\\/www.instagram.com\\\/buletinde.bucuresti\\\/\"]},{\"@type\":\"Person\",\"@id\":\"https:\\\/\\\/buletin.de\\\/bucuresti\\\/#\\\/schema\\\/person\\\/d369d7ddc775abece205795e0b804614\",\"name\":\"Teodora Stroe\",\"image\":{\"@type\":\"ImageObject\",\"inLanguage\":\"en-GB\",\"@id\":\"https:\\\/\\\/secure.gravatar.com\\\/avatar\\\/2560b4cd9f5f1bc100b123158e657d75584bd1c3e1d9c69285720b9457c1b78d?s=96&d=monsterid&r=gc104800242ba5f2d78dd5d7dc4df08b6\",\"url\":\"https:\\\/\\\/secure.gravatar.com\\\/avatar\\\/2560b4cd9f5f1bc100b123158e657d75584bd1c3e1d9c69285720b9457c1b78d?s=96&d=monsterid&r=g\",\"contentUrl\":\"https:\\\/\\\/secure.gravatar.com\\\/avatar\\\/2560b4cd9f5f1bc100b123158e657d75584bd1c3e1d9c69285720b9457c1b78d?s=96&d=monsterid&r=g\",\"caption\":\"Teodora Stroe\"},\"url\":\"https:\\\/\\\/buletin.de\\\/bucuresti\\\/author\\\/simonacarlugea\\\/\"}]}<\/script>\n<!-- \/ Yoast SEO Premium plugin. -->","yoast_head_json":{"title":"Firma unui fost comisar \u0219ef de poli\u021bie, cercetat\u0103 pentru c\u0103 a pus \u00een pericol vie\u021bi, patrimoniui public \u0219i privat | Fostul poli\u021bist, condamnat pentru ucidere din culp\u0103 \u00een 2012 - Buletin de Bucure\u0219ti","robots":{"index":"index","follow":"follow","max-snippet":"max-snippet:-1","max-image-preview":"max-image-preview:large","max-video-preview":"max-video-preview:-1"},"canonical":"https:\/\/buletin.de\/bucuresti\/firma-unui-fost-comisar-sef-de-politie-cercetata-pentru-ca-a-pus-in-pericol-vieti-patrimoniui-public-si-privat-fostul-politist-condamnat-pentru-ucidere-din-culpa-in-2012\/","og_locale":"en_GB","og_type":"article","og_title":"Firma unui fost comisar \u0219ef de poli\u021bie, cercetat\u0103 pentru c\u0103 a pus \u00een pericol vie\u021bi, patrimoniui public \u0219i privat | Fostul poli\u021bist, condamnat pentru ucidere din culp\u0103 \u00een 2012","og_description":"Ac\u021biune de amploare a poli\u021bi\u0219tilor \u0219i trupelor speciale, ast\u0103zi, \u00een 28 de jude\u021be \u0219i Bucure\u0219ti. Totul dup\u0103 ce o firm\u0103 din Bucure\u0219ti ar fi v\u00e2ndut pe bani grei servicii fictive. Procurorii spun c\u0103, timp de 3 ani, firma a mimat \u00eentre\u021binerea \u0219i \u00eenlocuirea echipamentelor de protec\u021bie \u00eempotriva incendiilor. Clien\u021bii firmei &#8211; spitale, unit\u0103\u021bi militare, aeroporturi, [&hellip;]","og_url":"https:\/\/buletin.de\/bucuresti\/firma-unui-fost-comisar-sef-de-politie-cercetata-pentru-ca-a-pus-in-pericol-vieti-patrimoniui-public-si-privat-fostul-politist-condamnat-pentru-ucidere-din-culpa-in-2012\/","og_site_name":"Buletin de Bucure\u0219ti","article_publisher":"https:\/\/www.facebook.com\/buletin.de.buc","article_published_time":"2021-04-15T14:21:07+00:00","article_modified_time":"2021-04-15T14:26:21+00:00","og_image":[{"width":2560,"height":1710,"url":"https:\/\/buletin.de\/bucuresti\/wp-content\/uploads\/piotr-chrobot-M0WbGFRTXqU-unsplash-scaled.jpg","type":"image\/jpeg"}],"author":"Teodora Stroe","twitter_card":"summary_large_image","twitter_misc":{"Written by":"Teodora Stroe","Estimated reading time":"5 minutes"},"schema":{"@context":"https:\/\/schema.org","@graph":[{"@type":"Article","@id":"https:\/\/buletin.de\/bucuresti\/firma-unui-fost-comisar-sef-de-politie-cercetata-pentru-ca-a-pus-in-pericol-vieti-patrimoniui-public-si-privat-fostul-politist-condamnat-pentru-ucidere-din-culpa-in-2012\/#article","isPartOf":{"@id":"https:\/\/buletin.de\/bucuresti\/firma-unui-fost-comisar-sef-de-politie-cercetata-pentru-ca-a-pus-in-pericol-vieti-patrimoniui-public-si-privat-fostul-politist-condamnat-pentru-ucidere-din-culpa-in-2012\/"},"author":{"name":"Teodora Stroe","@id":"https:\/\/buletin.de\/bucuresti\/#\/schema\/person\/d369d7ddc775abece205795e0b804614"},"headline":"Firma unui fost comisar \u0219ef de poli\u021bie, cercetat\u0103 pentru c\u0103 a pus \u00een pericol vie\u021bi, patrimoniui public \u0219i privat | Fostul poli\u021bist, condamnat pentru ucidere din culp\u0103 \u00een 2012","datePublished":"2021-04-15T14:21:07+00:00","dateModified":"2021-04-15T14:26:21+00:00","mainEntityOfPage":{"@id":"https:\/\/buletin.de\/bucuresti\/firma-unui-fost-comisar-sef-de-politie-cercetata-pentru-ca-a-pus-in-pericol-vieti-patrimoniui-public-si-privat-fostul-politist-condamnat-pentru-ucidere-din-culpa-in-2012\/"},"wordCount":1032,"publisher":{"@id":"https:\/\/buletin.de\/bucuresti\/#organization"},"image":{"@id":"https:\/\/buletin.de\/bucuresti\/firma-unui-fost-comisar-sef-de-politie-cercetata-pentru-ca-a-pus-in-pericol-vieti-patrimoniui-public-si-privat-fostul-politist-condamnat-pentru-ucidere-din-culpa-in-2012\/#primaryimage"},"thumbnailUrl":"https:\/\/buletin.de\/bucuresti\/wp-content\/uploads\/piotr-chrobot-M0WbGFRTXqU-unsplash-scaled.jpg","articleSection":["\u0218tiri"],"inLanguage":"en-GB","copyrightYear":"2021","copyrightHolder":{"@id":"https:\/\/buletin.de\/bucuresti\/#organization"}},{"@type":"WebPage","@id":"https:\/\/buletin.de\/bucuresti\/firma-unui-fost-comisar-sef-de-politie-cercetata-pentru-ca-a-pus-in-pericol-vieti-patrimoniui-public-si-privat-fostul-politist-condamnat-pentru-ucidere-din-culpa-in-2012\/","url":"https:\/\/buletin.de\/bucuresti\/firma-unui-fost-comisar-sef-de-politie-cercetata-pentru-ca-a-pus-in-pericol-vieti-patrimoniui-public-si-privat-fostul-politist-condamnat-pentru-ucidere-din-culpa-in-2012\/","name":"Firma unui fost comisar \u0219ef de poli\u021bie, cercetat\u0103 pentru c\u0103 a pus \u00een pericol vie\u021bi, patrimoniui public \u0219i privat | Fostul poli\u021bist, condamnat pentru ucidere din culp\u0103 \u00een 2012 - Buletin de Bucure\u0219ti","isPartOf":{"@id":"https:\/\/buletin.de\/bucuresti\/#website"},"primaryImageOfPage":{"@id":"https:\/\/buletin.de\/bucuresti\/firma-unui-fost-comisar-sef-de-politie-cercetata-pentru-ca-a-pus-in-pericol-vieti-patrimoniui-public-si-privat-fostul-politist-condamnat-pentru-ucidere-din-culpa-in-2012\/#primaryimage"},"image":{"@id":"https:\/\/buletin.de\/bucuresti\/firma-unui-fost-comisar-sef-de-politie-cercetata-pentru-ca-a-pus-in-pericol-vieti-patrimoniui-public-si-privat-fostul-politist-condamnat-pentru-ucidere-din-culpa-in-2012\/#primaryimage"},"thumbnailUrl":"https:\/\/buletin.de\/bucuresti\/wp-content\/uploads\/piotr-chrobot-M0WbGFRTXqU-unsplash-scaled.jpg","datePublished":"2021-04-15T14:21:07+00:00","dateModified":"2021-04-15T14:26:21+00:00","breadcrumb":{"@id":"https:\/\/buletin.de\/bucuresti\/firma-unui-fost-comisar-sef-de-politie-cercetata-pentru-ca-a-pus-in-pericol-vieti-patrimoniui-public-si-privat-fostul-politist-condamnat-pentru-ucidere-din-culpa-in-2012\/#breadcrumb"},"inLanguage":"en-GB","potentialAction":[{"@type":"ReadAction","target":["https:\/\/buletin.de\/bucuresti\/firma-unui-fost-comisar-sef-de-politie-cercetata-pentru-ca-a-pus-in-pericol-vieti-patrimoniui-public-si-privat-fostul-politist-condamnat-pentru-ucidere-din-culpa-in-2012\/"]}]},{"@type":"ImageObject","inLanguage":"en-GB","@id":"https:\/\/buletin.de\/bucuresti\/firma-unui-fost-comisar-sef-de-politie-cercetata-pentru-ca-a-pus-in-pericol-vieti-patrimoniui-public-si-privat-fostul-politist-condamnat-pentru-ucidere-din-culpa-in-2012\/#primaryimage","url":"https:\/\/buletin.de\/bucuresti\/wp-content\/uploads\/piotr-chrobot-M0WbGFRTXqU-unsplash-scaled.jpg","contentUrl":"https:\/\/buletin.de\/bucuresti\/wp-content\/uploads\/piotr-chrobot-M0WbGFRTXqU-unsplash-scaled.jpg","width":2560,"height":1710},{"@type":"BreadcrumbList","@id":"https:\/\/buletin.de\/bucuresti\/firma-unui-fost-comisar-sef-de-politie-cercetata-pentru-ca-a-pus-in-pericol-vieti-patrimoniui-public-si-privat-fostul-politist-condamnat-pentru-ucidere-din-culpa-in-2012\/#breadcrumb","itemListElement":[{"@type":"ListItem","position":1,"name":"Acas\u0103","item":"https:\/\/buletin.de\/bucuresti\/"},{"@type":"ListItem","position":2,"name":"Firma unui fost comisar \u0219ef de poli\u021bie, cercetat\u0103 pentru c\u0103 a pus \u00een pericol vie\u021bi, patrimoniui public \u0219i privat | Fostul poli\u021bist, condamnat pentru ucidere din culp\u0103 \u00een 2012"}]},{"@type":"WebSite","@id":"https:\/\/buletin.de\/bucuresti\/#website","url":"https:\/\/buletin.de\/bucuresti\/","name":"Buletin de Bucure\u0219ti","description":"\u0218tiri \u0219i investiga\u021bii esen\u021biale din capital\u0103","publisher":{"@id":"https:\/\/buletin.de\/bucuresti\/#organization"},"potentialAction":[{"@type":"SearchAction","target":{"@type":"EntryPoint","urlTemplate":"https:\/\/buletin.de\/bucuresti\/?s={search_term_string}"},"query-input":{"@type":"PropertyValueSpecification","valueRequired":true,"valueName":"search_term_string"}}],"inLanguage":"en-GB"},{"@type":"Organization","@id":"https:\/\/buletin.de\/bucuresti\/#organization","name":"Buletin de Bucure\u0219ti","url":"https:\/\/buletin.de\/bucuresti\/","logo":{"@type":"ImageObject","inLanguage":"en-GB","@id":"https:\/\/buletin.de\/bucuresti\/#\/schema\/logo\/image\/","url":"https:\/\/buletin.de\/bucuresti\/wp-content\/uploads\/logo-bdb-full-wide-vernil-transparent.png","contentUrl":"https:\/\/buletin.de\/bucuresti\/wp-content\/uploads\/logo-bdb-full-wide-vernil-transparent.png","width":1782,"height":626,"caption":"Buletin de Bucure\u0219ti"},"image":{"@id":"https:\/\/buletin.de\/bucuresti\/#\/schema\/logo\/image\/"},"sameAs":["https:\/\/www.facebook.com\/buletin.de.buc","https:\/\/www.instagram.com\/buletinde.bucuresti\/"]},{"@type":"Person","@id":"https:\/\/buletin.de\/bucuresti\/#\/schema\/person\/d369d7ddc775abece205795e0b804614","name":"Teodora Stroe","image":{"@type":"ImageObject","inLanguage":"en-GB","@id":"https:\/\/secure.gravatar.com\/avatar\/2560b4cd9f5f1bc100b123158e657d75584bd1c3e1d9c69285720b9457c1b78d?s=96&d=monsterid&r=gc104800242ba5f2d78dd5d7dc4df08b6","url":"https:\/\/secure.gravatar.com\/avatar\/2560b4cd9f5f1bc100b123158e657d75584bd1c3e1d9c69285720b9457c1b78d?s=96&d=monsterid&r=g","contentUrl":"https:\/\/secure.gravatar.com\/avatar\/2560b4cd9f5f1bc100b123158e657d75584bd1c3e1d9c69285720b9457c1b78d?s=96&d=monsterid&r=g","caption":"Teodora Stroe"},"url":"https:\/\/buletin.de\/bucuresti\/author\/simonacarlugea\/"}]}},"authors":[{"term_id":22579,"user_id":18,"is_guest":0,"slug":"simonacarlugea","display_name":"Teodora Stroe","avatar_url":"https:\/\/secure.gravatar.com\/avatar\/2560b4cd9f5f1bc100b123158e657d75584bd1c3e1d9c69285720b9457c1b78d?s=96&d=monsterid&r=g","0":null,"1":"","2":"","3":"","4":"","5":"","6":"","7":"","8":""}],"_links":{"self":[{"href":"https:\/\/buletin.de\/bucuresti\/wp-json\/wp\/v2\/posts\/23322","targetHints":{"allow":["GET"]}}],"collection":[{"href":"https:\/\/buletin.de\/bucuresti\/wp-json\/wp\/v2\/posts"}],"about":[{"href":"https:\/\/buletin.de\/bucuresti\/wp-json\/wp\/v2\/types\/post"}],"author":[{"embeddable":true,"href":"https:\/\/buletin.de\/bucuresti\/wp-json\/wp\/v2\/users\/18"}],"replies":[{"embeddable":true,"href":"https:\/\/buletin.de\/bucuresti\/wp-json\/wp\/v2\/comments?post=23322"}],"version-history":[{"count":19,"href":"https:\/\/buletin.de\/bucuresti\/wp-json\/wp\/v2\/posts\/23322\/revisions"}],"predecessor-version":[{"id":23384,"href":"https:\/\/buletin.de\/bucuresti\/wp-json\/wp\/v2\/posts\/23322\/revisions\/23384"}],"wp:featuredmedia":[{"embeddable":true,"href":"https:\/\/buletin.de\/bucuresti\/wp-json\/wp\/v2\/media\/23338"}],"wp:attachment":[{"href":"https:\/\/buletin.de\/bucuresti\/wp-json\/wp\/v2\/media?parent=23322"}],"wp:term":[{"taxonomy":"category","embeddable":true,"href":"https:\/\/buletin.de\/bucuresti\/wp-json\/wp\/v2\/categories?post=23322"},{"taxonomy":"post_tag","embeddable":true,"href":"https:\/\/buletin.de\/bucuresti\/wp-json\/wp\/v2\/tags?post=23322"},{"taxonomy":"author","embeddable":true,"href":"https:\/\/buletin.de\/bucuresti\/wp-json\/wp\/v2\/ppma_author?post=23322"}],"curies":[{"name":"wp","href":"https:\/\/api.w.org\/{rel}","templated":true}]}}