{"id":23298,"date":"2021-04-15T08:57:41","date_gmt":"2021-04-15T05:57:41","guid":{"rendered":"https:\/\/buletin.de\/bucuresti\/?p=23298"},"modified":"2021-04-15T08:57:42","modified_gmt":"2021-04-15T05:57:42","slug":"ancheta-de-amploare-si-perchezitii-la-o-firma-care-se-ocupa-cu-securitatea-la-incendii-firma-asigura-mentenanta-la-institutii-publice-scoli-si-unitati-militare","status":"publish","type":"post","link":"https:\/\/buletin.de\/bucuresti\/ancheta-de-amploare-si-perchezitii-la-o-firma-care-se-ocupa-cu-securitatea-la-incendii-firma-asigura-mentenanta-la-institutii-publice-scoli-si-unitati-militare\/","title":{"rendered":"Anchet\u0103 de amploare \u0219i perchezi\u021bii la o firm\u0103 care se ocupa cu securitatea la incendii. Firma asigura mentenan\u021ba la institu\u021bii publice, \u0219coli \u0219i unit\u0103\u021bi militare"},"content":{"rendered":"\n<p>Poli\u021bi\u0219tii \u0219i trupele speciale, sub coordonare procurorilor de la Parchetul de pe l\u00e2ng\u0103 Tribunalul Mure\u0219, fac perchezi\u021bii, \u00een aceast\u0103 diminea\u021b\u0103, la 218 de adrese din Bucure\u0219ti \u0219i alte 28 de jude\u021be, la persoane b\u0103nuite de \u00een\u0219el\u0103ciune, evaziune fiscal\u0103, sp\u0103lare a banilor, complicitate la sp\u0103lare a banilor, fals \u00een \u00eenscrisuri sub semn\u0103tur\u0103 privat\u0103 \u0219i uz de fals. Vizat\u0103 este o firm\u0103 din Bucure\u0219ti care, \u00een ultimii 2 ani, ar fi asigurat servicii de mentenan\u021b\u0103 pentru echipamentele PSI, la institu\u021bii publice, \u0219coli, o companie de transport aerian, penitenciare, unit\u0103\u021bi militare \u0219i companii publice.<\/p>\n\n\n\n<p>Din cercet\u0103ri a reie\u0219it c\u0103 o societate comercial\u0103 din Bucure\u0219ti, av\u00e2nd ca obiect principal de activitate \u201eactivit\u0103\u021bi de lupt\u0103 \u00eempotriva incendiilor \u0219i de prevenire a acestora\u201d, \u00eencep\u00e2nd din 2019, ar fi avut acces la numeroase contracte cu institu\u021bii publice \u0219i private de interes na\u021bional.<\/p>\n\n\n\n<p><em>\u00cen baza contractelor, ar fi avut obliga\u021bia s\u0103 presteze servicii de mentenan\u021b\u0103 (verificare, \u00eenc\u0103rcare, reparare) a echipamentelor de protec\u021bie (extinctoare, hidran\u021bi). Aceste servicii s-ar fi realizat f\u0103r\u0103 verificarea efectiv\u0103 a bunei func\u021bion\u0103ri, astfel s-ar fi \u00eenlocuit sigilii, etichete de conformitate \u0219i de valabilitate<\/em>, scrie \u00een comunicatul IGPR.<\/p>\n\n\n\n<p>Conform anchetatorilor, <em>gravitatea este dat\u0103 de amploarea actelor materiale care vizau inclusiv spitale, \u0219coli, unit\u0103\u021bi militare, penitenciare, sedii ale unor institu\u021bii publice, sta\u021bii de alimentare cu carburant, companii de transport public, companii de transport aeriene, companii de producere a energiei termice, electrice \u0219i nucleare, combinat chimic etc<\/em>.<\/p>\n\n\n\n<p>Procurorii \u00eel mai acuz\u0103 pe administratorul firmei, c\u0103 nu ar fi \u00eenregistrat totalitatea veniturilor realizate.<\/p>\n\n\n\n<p>Ac\u021biunea se desf\u0103\u0219oar\u0103 sub supravegherea&nbsp; Parchetului de pe l\u00e2ng\u0103 Tribunalul Mure\u0219 \u0219i are loc \u00een Bucure\u0219ti (40), Mure\u0219 (23), Arad (2), Alba (3), Arge\u0219 (7), Bac\u0103u (1), Bra\u0219ov (8), Buz\u0103u (8), Bistri\u021ba-N\u0103s\u0103ud (2), C\u0103l\u0103ra\u0219i (2), Cluj (32), Constan\u021ba (8), D\u00e2mbovi\u021ba (4), Dolj (5), Hunedoara (3), Gala\u021bi (1), Giurgiu (1), Ia\u0219i (4), Ilfov (7), Maramure\u0219 (7), Mehedin\u021bi (3), Olt (13), Prahova (6), Satu-Mare (4), S\u0103laj (3), Suceava (8), Timi\u0219 (6) Teleorman (1) \u0219i V\u00e2lcea (6).<\/p>\n\n\n\n<p>Suportul este asigurat de Direc\u021bia Opera\u021biuni Speciale din cadrul Poli\u021biei Rom\u00e2ne.<\/p>\n\n\n\n<p>La activit\u0103\u021bi particip\u0103 lupt\u0103tori ai Serviciului pentru Interven\u0163ii \u015fi Ac\u0163iuni Speciale \u0219i lucr\u0103tori din cadrul D.G.A. Mure\u0219.<\/p>\n\n\n\n<p><\/p>\n\n\n\n<p>sursa foto cover Politia Rom\u00e2n\u0103<\/p>\n","protected":false},"excerpt":{"rendered":"<p>Poli\u021bi\u0219tii \u0219i trupele speciale, sub coordonare procurorilor de la Parchetul de pe l\u00e2ng\u0103 Tribunalul Mure\u0219, fac perchezi\u021bii, \u00een aceast\u0103 diminea\u021b\u0103, la 218 de adrese din Bucure\u0219ti \u0219i alte 28 de jude\u021be, la persoane b\u0103nuite de \u00een\u0219el\u0103ciune, evaziune fiscal\u0103, sp\u0103lare a banilor, complicitate la sp\u0103lare a banilor, fals \u00een \u00eenscrisuri sub semn\u0103tur\u0103 privat\u0103 \u0219i uz de [&hellip;]<\/p>\n","protected":false},"author":18,"featured_media":23299,"comment_status":"closed","ping_status":"open","sticky":false,"template":"","format":"standard","meta":{"_acf_changed":false,"inline_featured_image":false,"ngg_post_thumbnail":0,"footnotes":""},"categories":[1],"tags":[2584,2583],"ppma_author":[22579],"class_list":["post-23298","post","type-post","status-publish","format-standard","has-post-thumbnail","hentry","category-diverse","tag-firme-psi","tag-perechezitii"],"acf":[],"yoast_head":"<!-- This site is optimized with the Yoast SEO Premium plugin v25.3 (Yoast SEO v27.5) - https:\/\/yoast.com\/product\/yoast-seo-premium-wordpress\/ -->\n<title>Anchet\u0103 de amploare \u0219i perchezi\u021bii la o firm\u0103 care se ocupa cu securitatea la incendii. Firma asigura mentenan\u021ba la institu\u021bii publice, \u0219coli \u0219i unit\u0103\u021bi militare - Buletin de Bucure\u0219ti<\/title>\n<meta name=\"robots\" content=\"index, follow, max-snippet:-1, max-image-preview:large, max-video-preview:-1\" \/>\n<link rel=\"canonical\" href=\"https:\/\/buletin.de\/bucuresti\/ancheta-de-amploare-si-perchezitii-la-o-firma-care-se-ocupa-cu-securitatea-la-incendii-firma-asigura-mentenanta-la-institutii-publice-scoli-si-unitati-militare\/\" \/>\n<meta property=\"og:locale\" content=\"en_GB\" \/>\n<meta property=\"og:type\" content=\"article\" \/>\n<meta property=\"og:title\" content=\"Anchet\u0103 de amploare \u0219i perchezi\u021bii la o firm\u0103 care se ocupa cu securitatea la incendii. Firma asigura mentenan\u021ba la institu\u021bii publice, \u0219coli \u0219i unit\u0103\u021bi militare\" \/>\n<meta property=\"og:description\" content=\"Poli\u021bi\u0219tii \u0219i trupele speciale, sub coordonare procurorilor de la Parchetul de pe l\u00e2ng\u0103 Tribunalul Mure\u0219, fac perchezi\u021bii, \u00een aceast\u0103 diminea\u021b\u0103, la 218 de adrese din Bucure\u0219ti \u0219i alte 28 de jude\u021be, la persoane b\u0103nuite de \u00een\u0219el\u0103ciune, evaziune fiscal\u0103, sp\u0103lare a banilor, complicitate la sp\u0103lare a banilor, fals \u00een \u00eenscrisuri sub semn\u0103tur\u0103 privat\u0103 \u0219i uz de [&hellip;]\" \/>\n<meta property=\"og:url\" content=\"https:\/\/buletin.de\/bucuresti\/ancheta-de-amploare-si-perchezitii-la-o-firma-care-se-ocupa-cu-securitatea-la-incendii-firma-asigura-mentenanta-la-institutii-publice-scoli-si-unitati-militare\/\" \/>\n<meta property=\"og:site_name\" content=\"Buletin de Bucure\u0219ti\" \/>\n<meta property=\"article:publisher\" content=\"https:\/\/www.facebook.com\/buletin.de.buc\" \/>\n<meta property=\"article:published_time\" content=\"2021-04-15T05:57:41+00:00\" \/>\n<meta property=\"article:modified_time\" content=\"2021-04-15T05:57:42+00:00\" \/>\n<meta property=\"og:image\" content=\"https:\/\/buletin.de\/bucuresti\/wp-content\/uploads\/21-04-15-08-20-17big_4.jpeg\" \/>\n\t<meta property=\"og:image:width\" content=\"540\" \/>\n\t<meta property=\"og:image:height\" content=\"315\" \/>\n\t<meta property=\"og:image:type\" content=\"image\/jpeg\" \/>\n<meta name=\"author\" content=\"Teodora Stroe\" \/>\n<meta name=\"twitter:card\" content=\"summary_large_image\" \/>\n<meta name=\"twitter:label1\" content=\"Written by\" \/>\n\t<meta name=\"twitter:data1\" content=\"Teodora Stroe\" \/>\n\t<meta name=\"twitter:label2\" content=\"Estimated reading time\" \/>\n\t<meta name=\"twitter:data2\" content=\"2 minutes\" \/>\n<script type=\"application\/ld+json\" class=\"yoast-schema-graph\">{\"@context\":\"https:\\\/\\\/schema.org\",\"@graph\":[{\"@type\":\"Article\",\"@id\":\"https:\\\/\\\/buletin.de\\\/bucuresti\\\/ancheta-de-amploare-si-perchezitii-la-o-firma-care-se-ocupa-cu-securitatea-la-incendii-firma-asigura-mentenanta-la-institutii-publice-scoli-si-unitati-militare\\\/#article\",\"isPartOf\":{\"@id\":\"https:\\\/\\\/buletin.de\\\/bucuresti\\\/ancheta-de-amploare-si-perchezitii-la-o-firma-care-se-ocupa-cu-securitatea-la-incendii-firma-asigura-mentenanta-la-institutii-publice-scoli-si-unitati-militare\\\/\"},\"author\":{\"name\":\"Teodora Stroe\",\"@id\":\"https:\\\/\\\/buletin.de\\\/bucuresti\\\/#\\\/schema\\\/person\\\/d369d7ddc775abece205795e0b804614\"},\"headline\":\"Anchet\u0103 de amploare \u0219i perchezi\u021bii la o firm\u0103 care se ocupa cu securitatea la incendii. Firma asigura mentenan\u021ba la institu\u021bii publice, \u0219coli \u0219i unit\u0103\u021bi militare\",\"datePublished\":\"2021-04-15T05:57:41+00:00\",\"dateModified\":\"2021-04-15T05:57:42+00:00\",\"mainEntityOfPage\":{\"@id\":\"https:\\\/\\\/buletin.de\\\/bucuresti\\\/ancheta-de-amploare-si-perchezitii-la-o-firma-care-se-ocupa-cu-securitatea-la-incendii-firma-asigura-mentenanta-la-institutii-publice-scoli-si-unitati-militare\\\/\"},\"wordCount\":414,\"publisher\":{\"@id\":\"https:\\\/\\\/buletin.de\\\/bucuresti\\\/#organization\"},\"image\":{\"@id\":\"https:\\\/\\\/buletin.de\\\/bucuresti\\\/ancheta-de-amploare-si-perchezitii-la-o-firma-care-se-ocupa-cu-securitatea-la-incendii-firma-asigura-mentenanta-la-institutii-publice-scoli-si-unitati-militare\\\/#primaryimage\"},\"thumbnailUrl\":\"https:\\\/\\\/buletin.de\\\/bucuresti\\\/wp-content\\\/uploads\\\/21-04-15-08-20-17big_4.jpeg\",\"keywords\":[\"firme PSI\",\"perechezitii\"],\"articleSection\":[\"Diverse\"],\"inLanguage\":\"en-GB\",\"copyrightYear\":\"2021\",\"copyrightHolder\":{\"@id\":\"https:\\\/\\\/buletin.de\\\/bucuresti\\\/#organization\"}},{\"@type\":\"WebPage\",\"@id\":\"https:\\\/\\\/buletin.de\\\/bucuresti\\\/ancheta-de-amploare-si-perchezitii-la-o-firma-care-se-ocupa-cu-securitatea-la-incendii-firma-asigura-mentenanta-la-institutii-publice-scoli-si-unitati-militare\\\/\",\"url\":\"https:\\\/\\\/buletin.de\\\/bucuresti\\\/ancheta-de-amploare-si-perchezitii-la-o-firma-care-se-ocupa-cu-securitatea-la-incendii-firma-asigura-mentenanta-la-institutii-publice-scoli-si-unitati-militare\\\/\",\"name\":\"Anchet\u0103 de amploare \u0219i perchezi\u021bii la o firm\u0103 care se ocupa cu securitatea la incendii. Firma asigura mentenan\u021ba la institu\u021bii publice, \u0219coli \u0219i unit\u0103\u021bi militare - Buletin de Bucure\u0219ti\",\"isPartOf\":{\"@id\":\"https:\\\/\\\/buletin.de\\\/bucuresti\\\/#website\"},\"primaryImageOfPage\":{\"@id\":\"https:\\\/\\\/buletin.de\\\/bucuresti\\\/ancheta-de-amploare-si-perchezitii-la-o-firma-care-se-ocupa-cu-securitatea-la-incendii-firma-asigura-mentenanta-la-institutii-publice-scoli-si-unitati-militare\\\/#primaryimage\"},\"image\":{\"@id\":\"https:\\\/\\\/buletin.de\\\/bucuresti\\\/ancheta-de-amploare-si-perchezitii-la-o-firma-care-se-ocupa-cu-securitatea-la-incendii-firma-asigura-mentenanta-la-institutii-publice-scoli-si-unitati-militare\\\/#primaryimage\"},\"thumbnailUrl\":\"https:\\\/\\\/buletin.de\\\/bucuresti\\\/wp-content\\\/uploads\\\/21-04-15-08-20-17big_4.jpeg\",\"datePublished\":\"2021-04-15T05:57:41+00:00\",\"dateModified\":\"2021-04-15T05:57:42+00:00\",\"breadcrumb\":{\"@id\":\"https:\\\/\\\/buletin.de\\\/bucuresti\\\/ancheta-de-amploare-si-perchezitii-la-o-firma-care-se-ocupa-cu-securitatea-la-incendii-firma-asigura-mentenanta-la-institutii-publice-scoli-si-unitati-militare\\\/#breadcrumb\"},\"inLanguage\":\"en-GB\",\"potentialAction\":[{\"@type\":\"ReadAction\",\"target\":[\"https:\\\/\\\/buletin.de\\\/bucuresti\\\/ancheta-de-amploare-si-perchezitii-la-o-firma-care-se-ocupa-cu-securitatea-la-incendii-firma-asigura-mentenanta-la-institutii-publice-scoli-si-unitati-militare\\\/\"]}]},{\"@type\":\"ImageObject\",\"inLanguage\":\"en-GB\",\"@id\":\"https:\\\/\\\/buletin.de\\\/bucuresti\\\/ancheta-de-amploare-si-perchezitii-la-o-firma-care-se-ocupa-cu-securitatea-la-incendii-firma-asigura-mentenanta-la-institutii-publice-scoli-si-unitati-militare\\\/#primaryimage\",\"url\":\"https:\\\/\\\/buletin.de\\\/bucuresti\\\/wp-content\\\/uploads\\\/21-04-15-08-20-17big_4.jpeg\",\"contentUrl\":\"https:\\\/\\\/buletin.de\\\/bucuresti\\\/wp-content\\\/uploads\\\/21-04-15-08-20-17big_4.jpeg\",\"width\":540,\"height\":315},{\"@type\":\"BreadcrumbList\",\"@id\":\"https:\\\/\\\/buletin.de\\\/bucuresti\\\/ancheta-de-amploare-si-perchezitii-la-o-firma-care-se-ocupa-cu-securitatea-la-incendii-firma-asigura-mentenanta-la-institutii-publice-scoli-si-unitati-militare\\\/#breadcrumb\",\"itemListElement\":[{\"@type\":\"ListItem\",\"position\":1,\"name\":\"Acas\u0103\",\"item\":\"https:\\\/\\\/buletin.de\\\/bucuresti\\\/\"},{\"@type\":\"ListItem\",\"position\":2,\"name\":\"Anchet\u0103 de amploare \u0219i perchezi\u021bii la o firm\u0103 care se ocupa cu securitatea la incendii. Firma asigura mentenan\u021ba la institu\u021bii publice, \u0219coli \u0219i unit\u0103\u021bi militare\"}]},{\"@type\":\"WebSite\",\"@id\":\"https:\\\/\\\/buletin.de\\\/bucuresti\\\/#website\",\"url\":\"https:\\\/\\\/buletin.de\\\/bucuresti\\\/\",\"name\":\"Buletin de Bucure\u0219ti\",\"description\":\"\u0218tiri \u0219i investiga\u021bii esen\u021biale din capital\u0103\",\"publisher\":{\"@id\":\"https:\\\/\\\/buletin.de\\\/bucuresti\\\/#organization\"},\"potentialAction\":[{\"@type\":\"SearchAction\",\"target\":{\"@type\":\"EntryPoint\",\"urlTemplate\":\"https:\\\/\\\/buletin.de\\\/bucuresti\\\/?s={search_term_string}\"},\"query-input\":{\"@type\":\"PropertyValueSpecification\",\"valueRequired\":true,\"valueName\":\"search_term_string\"}}],\"inLanguage\":\"en-GB\"},{\"@type\":\"Organization\",\"@id\":\"https:\\\/\\\/buletin.de\\\/bucuresti\\\/#organization\",\"name\":\"Buletin de Bucure\u0219ti\",\"url\":\"https:\\\/\\\/buletin.de\\\/bucuresti\\\/\",\"logo\":{\"@type\":\"ImageObject\",\"inLanguage\":\"en-GB\",\"@id\":\"https:\\\/\\\/buletin.de\\\/bucuresti\\\/#\\\/schema\\\/logo\\\/image\\\/\",\"url\":\"https:\\\/\\\/buletin.de\\\/bucuresti\\\/wp-content\\\/uploads\\\/logo-bdb-full-wide-vernil-transparent.png\",\"contentUrl\":\"https:\\\/\\\/buletin.de\\\/bucuresti\\\/wp-content\\\/uploads\\\/logo-bdb-full-wide-vernil-transparent.png\",\"width\":1782,\"height\":626,\"caption\":\"Buletin de Bucure\u0219ti\"},\"image\":{\"@id\":\"https:\\\/\\\/buletin.de\\\/bucuresti\\\/#\\\/schema\\\/logo\\\/image\\\/\"},\"sameAs\":[\"https:\\\/\\\/www.facebook.com\\\/buletin.de.buc\",\"https:\\\/\\\/www.instagram.com\\\/buletinde.bucuresti\\\/\"]},{\"@type\":\"Person\",\"@id\":\"https:\\\/\\\/buletin.de\\\/bucuresti\\\/#\\\/schema\\\/person\\\/d369d7ddc775abece205795e0b804614\",\"name\":\"Teodora Stroe\",\"image\":{\"@type\":\"ImageObject\",\"inLanguage\":\"en-GB\",\"@id\":\"https:\\\/\\\/secure.gravatar.com\\\/avatar\\\/2560b4cd9f5f1bc100b123158e657d75584bd1c3e1d9c69285720b9457c1b78d?s=96&d=monsterid&r=gc104800242ba5f2d78dd5d7dc4df08b6\",\"url\":\"https:\\\/\\\/secure.gravatar.com\\\/avatar\\\/2560b4cd9f5f1bc100b123158e657d75584bd1c3e1d9c69285720b9457c1b78d?s=96&d=monsterid&r=g\",\"contentUrl\":\"https:\\\/\\\/secure.gravatar.com\\\/avatar\\\/2560b4cd9f5f1bc100b123158e657d75584bd1c3e1d9c69285720b9457c1b78d?s=96&d=monsterid&r=g\",\"caption\":\"Teodora Stroe\"},\"url\":\"https:\\\/\\\/buletin.de\\\/bucuresti\\\/author\\\/simonacarlugea\\\/\"}]}<\/script>\n<!-- \/ Yoast SEO Premium plugin. -->","yoast_head_json":{"title":"Anchet\u0103 de amploare \u0219i perchezi\u021bii la o firm\u0103 care se ocupa cu securitatea la incendii. Firma asigura mentenan\u021ba la institu\u021bii publice, \u0219coli \u0219i unit\u0103\u021bi militare - Buletin de Bucure\u0219ti","robots":{"index":"index","follow":"follow","max-snippet":"max-snippet:-1","max-image-preview":"max-image-preview:large","max-video-preview":"max-video-preview:-1"},"canonical":"https:\/\/buletin.de\/bucuresti\/ancheta-de-amploare-si-perchezitii-la-o-firma-care-se-ocupa-cu-securitatea-la-incendii-firma-asigura-mentenanta-la-institutii-publice-scoli-si-unitati-militare\/","og_locale":"en_GB","og_type":"article","og_title":"Anchet\u0103 de amploare \u0219i perchezi\u021bii la o firm\u0103 care se ocupa cu securitatea la incendii. Firma asigura mentenan\u021ba la institu\u021bii publice, \u0219coli \u0219i unit\u0103\u021bi militare","og_description":"Poli\u021bi\u0219tii \u0219i trupele speciale, sub coordonare procurorilor de la Parchetul de pe l\u00e2ng\u0103 Tribunalul Mure\u0219, fac perchezi\u021bii, \u00een aceast\u0103 diminea\u021b\u0103, la 218 de adrese din Bucure\u0219ti \u0219i alte 28 de jude\u021be, la persoane b\u0103nuite de \u00een\u0219el\u0103ciune, evaziune fiscal\u0103, sp\u0103lare a banilor, complicitate la sp\u0103lare a banilor, fals \u00een \u00eenscrisuri sub semn\u0103tur\u0103 privat\u0103 \u0219i uz de [&hellip;]","og_url":"https:\/\/buletin.de\/bucuresti\/ancheta-de-amploare-si-perchezitii-la-o-firma-care-se-ocupa-cu-securitatea-la-incendii-firma-asigura-mentenanta-la-institutii-publice-scoli-si-unitati-militare\/","og_site_name":"Buletin de Bucure\u0219ti","article_publisher":"https:\/\/www.facebook.com\/buletin.de.buc","article_published_time":"2021-04-15T05:57:41+00:00","article_modified_time":"2021-04-15T05:57:42+00:00","og_image":[{"width":540,"height":315,"url":"https:\/\/buletin.de\/bucuresti\/wp-content\/uploads\/21-04-15-08-20-17big_4.jpeg","type":"image\/jpeg"}],"author":"Teodora Stroe","twitter_card":"summary_large_image","twitter_misc":{"Written by":"Teodora Stroe","Estimated reading time":"2 minutes"},"schema":{"@context":"https:\/\/schema.org","@graph":[{"@type":"Article","@id":"https:\/\/buletin.de\/bucuresti\/ancheta-de-amploare-si-perchezitii-la-o-firma-care-se-ocupa-cu-securitatea-la-incendii-firma-asigura-mentenanta-la-institutii-publice-scoli-si-unitati-militare\/#article","isPartOf":{"@id":"https:\/\/buletin.de\/bucuresti\/ancheta-de-amploare-si-perchezitii-la-o-firma-care-se-ocupa-cu-securitatea-la-incendii-firma-asigura-mentenanta-la-institutii-publice-scoli-si-unitati-militare\/"},"author":{"name":"Teodora Stroe","@id":"https:\/\/buletin.de\/bucuresti\/#\/schema\/person\/d369d7ddc775abece205795e0b804614"},"headline":"Anchet\u0103 de amploare \u0219i perchezi\u021bii la o firm\u0103 care se ocupa cu securitatea la incendii. Firma asigura mentenan\u021ba la institu\u021bii publice, \u0219coli \u0219i unit\u0103\u021bi militare","datePublished":"2021-04-15T05:57:41+00:00","dateModified":"2021-04-15T05:57:42+00:00","mainEntityOfPage":{"@id":"https:\/\/buletin.de\/bucuresti\/ancheta-de-amploare-si-perchezitii-la-o-firma-care-se-ocupa-cu-securitatea-la-incendii-firma-asigura-mentenanta-la-institutii-publice-scoli-si-unitati-militare\/"},"wordCount":414,"publisher":{"@id":"https:\/\/buletin.de\/bucuresti\/#organization"},"image":{"@id":"https:\/\/buletin.de\/bucuresti\/ancheta-de-amploare-si-perchezitii-la-o-firma-care-se-ocupa-cu-securitatea-la-incendii-firma-asigura-mentenanta-la-institutii-publice-scoli-si-unitati-militare\/#primaryimage"},"thumbnailUrl":"https:\/\/buletin.de\/bucuresti\/wp-content\/uploads\/21-04-15-08-20-17big_4.jpeg","keywords":["firme PSI","perechezitii"],"articleSection":["Diverse"],"inLanguage":"en-GB","copyrightYear":"2021","copyrightHolder":{"@id":"https:\/\/buletin.de\/bucuresti\/#organization"}},{"@type":"WebPage","@id":"https:\/\/buletin.de\/bucuresti\/ancheta-de-amploare-si-perchezitii-la-o-firma-care-se-ocupa-cu-securitatea-la-incendii-firma-asigura-mentenanta-la-institutii-publice-scoli-si-unitati-militare\/","url":"https:\/\/buletin.de\/bucuresti\/ancheta-de-amploare-si-perchezitii-la-o-firma-care-se-ocupa-cu-securitatea-la-incendii-firma-asigura-mentenanta-la-institutii-publice-scoli-si-unitati-militare\/","name":"Anchet\u0103 de amploare \u0219i perchezi\u021bii la o firm\u0103 care se ocupa cu securitatea la incendii. Firma asigura mentenan\u021ba la institu\u021bii publice, \u0219coli \u0219i unit\u0103\u021bi militare - Buletin de Bucure\u0219ti","isPartOf":{"@id":"https:\/\/buletin.de\/bucuresti\/#website"},"primaryImageOfPage":{"@id":"https:\/\/buletin.de\/bucuresti\/ancheta-de-amploare-si-perchezitii-la-o-firma-care-se-ocupa-cu-securitatea-la-incendii-firma-asigura-mentenanta-la-institutii-publice-scoli-si-unitati-militare\/#primaryimage"},"image":{"@id":"https:\/\/buletin.de\/bucuresti\/ancheta-de-amploare-si-perchezitii-la-o-firma-care-se-ocupa-cu-securitatea-la-incendii-firma-asigura-mentenanta-la-institutii-publice-scoli-si-unitati-militare\/#primaryimage"},"thumbnailUrl":"https:\/\/buletin.de\/bucuresti\/wp-content\/uploads\/21-04-15-08-20-17big_4.jpeg","datePublished":"2021-04-15T05:57:41+00:00","dateModified":"2021-04-15T05:57:42+00:00","breadcrumb":{"@id":"https:\/\/buletin.de\/bucuresti\/ancheta-de-amploare-si-perchezitii-la-o-firma-care-se-ocupa-cu-securitatea-la-incendii-firma-asigura-mentenanta-la-institutii-publice-scoli-si-unitati-militare\/#breadcrumb"},"inLanguage":"en-GB","potentialAction":[{"@type":"ReadAction","target":["https:\/\/buletin.de\/bucuresti\/ancheta-de-amploare-si-perchezitii-la-o-firma-care-se-ocupa-cu-securitatea-la-incendii-firma-asigura-mentenanta-la-institutii-publice-scoli-si-unitati-militare\/"]}]},{"@type":"ImageObject","inLanguage":"en-GB","@id":"https:\/\/buletin.de\/bucuresti\/ancheta-de-amploare-si-perchezitii-la-o-firma-care-se-ocupa-cu-securitatea-la-incendii-firma-asigura-mentenanta-la-institutii-publice-scoli-si-unitati-militare\/#primaryimage","url":"https:\/\/buletin.de\/bucuresti\/wp-content\/uploads\/21-04-15-08-20-17big_4.jpeg","contentUrl":"https:\/\/buletin.de\/bucuresti\/wp-content\/uploads\/21-04-15-08-20-17big_4.jpeg","width":540,"height":315},{"@type":"BreadcrumbList","@id":"https:\/\/buletin.de\/bucuresti\/ancheta-de-amploare-si-perchezitii-la-o-firma-care-se-ocupa-cu-securitatea-la-incendii-firma-asigura-mentenanta-la-institutii-publice-scoli-si-unitati-militare\/#breadcrumb","itemListElement":[{"@type":"ListItem","position":1,"name":"Acas\u0103","item":"https:\/\/buletin.de\/bucuresti\/"},{"@type":"ListItem","position":2,"name":"Anchet\u0103 de amploare \u0219i perchezi\u021bii la o firm\u0103 care se ocupa cu securitatea la incendii. Firma asigura mentenan\u021ba la institu\u021bii publice, \u0219coli \u0219i unit\u0103\u021bi militare"}]},{"@type":"WebSite","@id":"https:\/\/buletin.de\/bucuresti\/#website","url":"https:\/\/buletin.de\/bucuresti\/","name":"Buletin de Bucure\u0219ti","description":"\u0218tiri \u0219i investiga\u021bii esen\u021biale din capital\u0103","publisher":{"@id":"https:\/\/buletin.de\/bucuresti\/#organization"},"potentialAction":[{"@type":"SearchAction","target":{"@type":"EntryPoint","urlTemplate":"https:\/\/buletin.de\/bucuresti\/?s={search_term_string}"},"query-input":{"@type":"PropertyValueSpecification","valueRequired":true,"valueName":"search_term_string"}}],"inLanguage":"en-GB"},{"@type":"Organization","@id":"https:\/\/buletin.de\/bucuresti\/#organization","name":"Buletin de Bucure\u0219ti","url":"https:\/\/buletin.de\/bucuresti\/","logo":{"@type":"ImageObject","inLanguage":"en-GB","@id":"https:\/\/buletin.de\/bucuresti\/#\/schema\/logo\/image\/","url":"https:\/\/buletin.de\/bucuresti\/wp-content\/uploads\/logo-bdb-full-wide-vernil-transparent.png","contentUrl":"https:\/\/buletin.de\/bucuresti\/wp-content\/uploads\/logo-bdb-full-wide-vernil-transparent.png","width":1782,"height":626,"caption":"Buletin de Bucure\u0219ti"},"image":{"@id":"https:\/\/buletin.de\/bucuresti\/#\/schema\/logo\/image\/"},"sameAs":["https:\/\/www.facebook.com\/buletin.de.buc","https:\/\/www.instagram.com\/buletinde.bucuresti\/"]},{"@type":"Person","@id":"https:\/\/buletin.de\/bucuresti\/#\/schema\/person\/d369d7ddc775abece205795e0b804614","name":"Teodora Stroe","image":{"@type":"ImageObject","inLanguage":"en-GB","@id":"https:\/\/secure.gravatar.com\/avatar\/2560b4cd9f5f1bc100b123158e657d75584bd1c3e1d9c69285720b9457c1b78d?s=96&d=monsterid&r=gc104800242ba5f2d78dd5d7dc4df08b6","url":"https:\/\/secure.gravatar.com\/avatar\/2560b4cd9f5f1bc100b123158e657d75584bd1c3e1d9c69285720b9457c1b78d?s=96&d=monsterid&r=g","contentUrl":"https:\/\/secure.gravatar.com\/avatar\/2560b4cd9f5f1bc100b123158e657d75584bd1c3e1d9c69285720b9457c1b78d?s=96&d=monsterid&r=g","caption":"Teodora Stroe"},"url":"https:\/\/buletin.de\/bucuresti\/author\/simonacarlugea\/"}]}},"authors":[{"term_id":22579,"user_id":18,"is_guest":0,"slug":"simonacarlugea","display_name":"Teodora Stroe","avatar_url":"https:\/\/secure.gravatar.com\/avatar\/2560b4cd9f5f1bc100b123158e657d75584bd1c3e1d9c69285720b9457c1b78d?s=96&d=monsterid&r=g","0":null,"1":"","2":"","3":"","4":"","5":"","6":"","7":"","8":""}],"_links":{"self":[{"href":"https:\/\/buletin.de\/bucuresti\/wp-json\/wp\/v2\/posts\/23298","targetHints":{"allow":["GET"]}}],"collection":[{"href":"https:\/\/buletin.de\/bucuresti\/wp-json\/wp\/v2\/posts"}],"about":[{"href":"https:\/\/buletin.de\/bucuresti\/wp-json\/wp\/v2\/types\/post"}],"author":[{"embeddable":true,"href":"https:\/\/buletin.de\/bucuresti\/wp-json\/wp\/v2\/users\/18"}],"replies":[{"embeddable":true,"href":"https:\/\/buletin.de\/bucuresti\/wp-json\/wp\/v2\/comments?post=23298"}],"version-history":[{"count":2,"href":"https:\/\/buletin.de\/bucuresti\/wp-json\/wp\/v2\/posts\/23298\/revisions"}],"predecessor-version":[{"id":23301,"href":"https:\/\/buletin.de\/bucuresti\/wp-json\/wp\/v2\/posts\/23298\/revisions\/23301"}],"wp:featuredmedia":[{"embeddable":true,"href":"https:\/\/buletin.de\/bucuresti\/wp-json\/wp\/v2\/media\/23299"}],"wp:attachment":[{"href":"https:\/\/buletin.de\/bucuresti\/wp-json\/wp\/v2\/media?parent=23298"}],"wp:term":[{"taxonomy":"category","embeddable":true,"href":"https:\/\/buletin.de\/bucuresti\/wp-json\/wp\/v2\/categories?post=23298"},{"taxonomy":"post_tag","embeddable":true,"href":"https:\/\/buletin.de\/bucuresti\/wp-json\/wp\/v2\/tags?post=23298"},{"taxonomy":"author","embeddable":true,"href":"https:\/\/buletin.de\/bucuresti\/wp-json\/wp\/v2\/ppma_author?post=23298"}],"curies":[{"name":"wp","href":"https:\/\/api.w.org\/{rel}","templated":true}]}}