{"id":23268,"date":"2021-04-13T21:52:53","date_gmt":"2021-04-13T18:52:53","guid":{"rendered":"https:\/\/buletin.de\/bucuresti\/?p=23268"},"modified":"2021-04-13T21:54:49","modified_gmt":"2021-04-13T18:54:49","slug":"s-au-modificat-criteriile-de-carantinare-a-localitatilor-se-iau-in-calcul-7-criterii","status":"publish","type":"post","link":"https:\/\/buletin.de\/bucuresti\/s-au-modificat-criteriile-de-carantinare-a-localitatilor-se-iau-in-calcul-7-criterii\/","title":{"rendered":"S-au modificat criteriile de carantinare a localit\u0103\u021bilor. Se iau \u00een calcul 7 criterii"},"content":{"rendered":"\n<p>Ministerul S\u0103n\u0103t\u0103\u021bii a modificat criteriile dup\u0103 care se instituie m\u0103sura carantin\u0103rii localit\u0103\u021bilor. Ordinul de ministru care stipuleaz\u0103 toate aceste modific\u0103ri, semnat de secretarul de stat Andreea Moldovan, a fost publicat \u00een aceast\u0103 sear\u0103, \u00een <a href=\"https:\/\/www.monitoruloficial.ro\/Monitorul-Oficial--PI--382--2021.html\">Monitorul Oficial<\/a>. Pe l\u00e2ng\u0103 rata de inciden\u021b\u0103 vor mai fi luate \u00een calcul num\u0103rul de teste efectuate \u0219i gradul de ocupare a spitalelor.<\/p>\n\n\n\n<p>Ordinul publicat ast\u0103zi, completeaz\u0103 ordinul ministrului S\u0103n\u0103t\u0103\u021bii nr. 1.309\/2020 privind modalitatea de aplicare a m\u0103surilor de prevenire \u0219i limitare a \u00eemboln\u0103virilor cu SARS-CoV-2, din 22 iulie 2020. Au fost introduse alte 6 noi criterii \u00een evaluarea situa\u021biei epidemiologice \u00een care se afl\u0103 o localitate, \u0219i \u00een func\u021bie de care se decide m\u0103sura carantin\u0103rii, pe l\u00e2ng\u0103 rata de inciden\u021b\u0103. <\/p>\n\n\n\n<p>Astfel, vor fi luate \u00een calcul num\u0103rul de teste efectuate \u00een ultimele 7 zile, rata de pozitivitate \u00een ultimele 14 zile, rata de inciden\u021b\u0103 cumulat\u0103, trendul inciden\u021bei cumulate, num\u0103r de cazuri din focare, gradul de ocupare a paturilor ATI din jude\u021b \u0219i gradul de ocupare a paturilor COVID. Fiecare dintre criterii are intervale de referin\u021b\u0103 \u0219i punctaje.<\/p>\n\n\n\n<p>Exist\u0103 2 grile diferite, \u00een func\u021bie de m\u0103rimea localit\u0103\u021bii. Pentru localit\u0103\u021bi mari, cu peste 100.000 de locuitori, un punctaj peste 60 \u00eenseamn\u0103 carantinare. La localit\u0103\u021bile mai mici, punctajul care impune carantinarea este 70.<\/p>\n\n\n\n<figure class=\"wp-block-image size-large\"><a href=\"https:\/\/buletin.de\/bucuresti\/wp-content\/uploads\/image-608.png\"><img fetchpriority=\"high\" decoding=\"async\" width=\"777\" height=\"503\" src=\"data:image\/gif;base64,R0lGODlhAQABAAAAACH5BAEKAAEALAAAAAABAAEAAAICTAEAOw==\" data-src=\"https:\/\/buletin.de\/bucuresti\/wp-content\/uploads\/image-608.png\" alt=\"\" class=\"wp-image-23269 lazyload\" data-sizes=\"auto\" data-srcset=\"https:\/\/buletin.de\/bucuresti\/wp-content\/uploads\/image-608.png 777w, https:\/\/buletin.de\/bucuresti\/wp-content\/uploads\/image-608-300x194.png 300w, https:\/\/buletin.de\/bucuresti\/wp-content\/uploads\/image-608-768x497.png 768w, https:\/\/buletin.de\/bucuresti\/wp-content\/uploads\/image-608-550x356.png 550w, https:\/\/buletin.de\/bucuresti\/wp-content\/uploads\/image-608-772x500.png 772w, https:\/\/buletin.de\/bucuresti\/wp-content\/uploads\/image-608-600x388.png 600w\" sizes=\"(max-width: 777px) 100vw, 777px\" \/><\/a><\/figure>\n\n\n\n<figure class=\"wp-block-image size-large\"><img decoding=\"async\" width=\"775\" height=\"401\" src=\"data:image\/gif;base64,R0lGODlhAQABAAAAACH5BAEKAAEALAAAAAABAAEAAAICTAEAOw==\" data-src=\"https:\/\/buletin.de\/bucuresti\/wp-content\/uploads\/image-609.png\" alt=\"\" class=\"wp-image-23270 lazyload\" data-sizes=\"auto\" data-srcset=\"https:\/\/buletin.de\/bucuresti\/wp-content\/uploads\/image-609.png 775w, https:\/\/buletin.de\/bucuresti\/wp-content\/uploads\/image-609-300x155.png 300w, https:\/\/buletin.de\/bucuresti\/wp-content\/uploads\/image-609-768x397.png 768w, https:\/\/buletin.de\/bucuresti\/wp-content\/uploads\/image-609-550x285.png 550w, https:\/\/buletin.de\/bucuresti\/wp-content\/uploads\/image-609-600x310.png 600w\" sizes=\"(max-width: 775px) 100vw, 775px\" \/><\/figure>\n\n\n\n<p>Revenirea din starea de carantin\u0103 se face, pentru toate tipurile de localit\u0103\u021bi, dac\u0103 rata de inciden\u021b\u0103 cumulat\u0103 la 14 zile scade sub 3 cazuri la mia de locuitori.<\/p>\n\n\n\n<p>Ordinul de ministru intr\u0103 \u00een vigoare dup\u0103 publicarea \u00een MO.<\/p>\n","protected":false},"excerpt":{"rendered":"<p>Ministerul S\u0103n\u0103t\u0103\u021bii a modificat criteriile dup\u0103 care se instituie m\u0103sura carantin\u0103rii localit\u0103\u021bilor. Ordinul de ministru care stipuleaz\u0103 toate aceste modific\u0103ri, semnat de secretarul de stat Andreea Moldovan, a fost publicat \u00een aceast\u0103 sear\u0103, \u00een Monitorul Oficial. Pe l\u00e2ng\u0103 rata de inciden\u021b\u0103 vor mai fi luate \u00een calcul num\u0103rul de teste efectuate \u0219i gradul de ocupare [&hellip;]<\/p>\n","protected":false},"author":18,"featured_media":23273,"comment_status":"closed","ping_status":"open","sticky":false,"template":"","format":"standard","meta":{"_acf_changed":false,"inline_featured_image":false,"ngg_post_thumbnail":0,"footnotes":""},"categories":[62],"tags":[641,2580],"ppma_author":[22579],"class_list":["post-23268","post","type-post","status-publish","format-standard","has-post-thumbnail","hentry","category-stiri","tag-carantina","tag-criterii-noi"],"acf":[],"yoast_head":"<!-- This site is optimized with the Yoast SEO Premium plugin v25.3 (Yoast SEO v27.4) - https:\/\/yoast.com\/product\/yoast-seo-premium-wordpress\/ -->\n<title>S-au modificat criteriile de carantinare a localit\u0103\u021bilor. Se iau \u00een calcul 7 criterii - Buletin de Bucure\u0219ti<\/title>\n<meta name=\"robots\" content=\"index, follow, max-snippet:-1, max-image-preview:large, max-video-preview:-1\" \/>\n<link rel=\"canonical\" href=\"https:\/\/buletin.de\/bucuresti\/s-au-modificat-criteriile-de-carantinare-a-localitatilor-se-iau-in-calcul-7-criterii\/\" \/>\n<meta property=\"og:locale\" content=\"en_GB\" \/>\n<meta property=\"og:type\" content=\"article\" \/>\n<meta property=\"og:title\" content=\"S-au modificat criteriile de carantinare a localit\u0103\u021bilor. Se iau \u00een calcul 7 criterii\" \/>\n<meta property=\"og:description\" content=\"Ministerul S\u0103n\u0103t\u0103\u021bii a modificat criteriile dup\u0103 care se instituie m\u0103sura carantin\u0103rii localit\u0103\u021bilor. Ordinul de ministru care stipuleaz\u0103 toate aceste modific\u0103ri, semnat de secretarul de stat Andreea Moldovan, a fost publicat \u00een aceast\u0103 sear\u0103, \u00een Monitorul Oficial. Pe l\u00e2ng\u0103 rata de inciden\u021b\u0103 vor mai fi luate \u00een calcul num\u0103rul de teste efectuate \u0219i gradul de ocupare [&hellip;]\" \/>\n<meta property=\"og:url\" content=\"https:\/\/buletin.de\/bucuresti\/s-au-modificat-criteriile-de-carantinare-a-localitatilor-se-iau-in-calcul-7-criterii\/\" \/>\n<meta property=\"og:site_name\" content=\"Buletin de Bucure\u0219ti\" \/>\n<meta property=\"article:publisher\" content=\"https:\/\/www.facebook.com\/buletin.de.buc\" \/>\n<meta property=\"article:published_time\" content=\"2021-04-13T18:52:53+00:00\" \/>\n<meta property=\"article:modified_time\" content=\"2021-04-13T18:54:49+00:00\" \/>\n<meta property=\"og:image\" content=\"https:\/\/buletin.de\/bucuresti\/wp-content\/uploads\/matteo-jorjoson-nmUOtF68SYE-unsplash-scaled.jpg\" \/>\n\t<meta property=\"og:image:width\" content=\"2560\" \/>\n\t<meta property=\"og:image:height\" content=\"1709\" \/>\n\t<meta property=\"og:image:type\" content=\"image\/jpeg\" \/>\n<meta name=\"author\" content=\"Teodora Stroe\" \/>\n<meta name=\"twitter:card\" content=\"summary_large_image\" \/>\n<meta name=\"twitter:label1\" content=\"Written by\" \/>\n\t<meta name=\"twitter:data1\" content=\"Teodora Stroe\" \/>\n\t<meta name=\"twitter:label2\" content=\"Estimated reading time\" \/>\n\t<meta name=\"twitter:data2\" content=\"2 minutes\" \/>\n<script type=\"application\/ld+json\" class=\"yoast-schema-graph\">{\"@context\":\"https:\\\/\\\/schema.org\",\"@graph\":[{\"@type\":\"Article\",\"@id\":\"https:\\\/\\\/buletin.de\\\/bucuresti\\\/s-au-modificat-criteriile-de-carantinare-a-localitatilor-se-iau-in-calcul-7-criterii\\\/#article\",\"isPartOf\":{\"@id\":\"https:\\\/\\\/buletin.de\\\/bucuresti\\\/s-au-modificat-criteriile-de-carantinare-a-localitatilor-se-iau-in-calcul-7-criterii\\\/\"},\"author\":{\"name\":\"Teodora Stroe\",\"@id\":\"https:\\\/\\\/buletin.de\\\/bucuresti\\\/#\\\/schema\\\/person\\\/d369d7ddc775abece205795e0b804614\"},\"headline\":\"S-au modificat criteriile de carantinare a localit\u0103\u021bilor. Se iau \u00een calcul 7 criterii\",\"datePublished\":\"2021-04-13T18:52:53+00:00\",\"dateModified\":\"2021-04-13T18:54:49+00:00\",\"mainEntityOfPage\":{\"@id\":\"https:\\\/\\\/buletin.de\\\/bucuresti\\\/s-au-modificat-criteriile-de-carantinare-a-localitatilor-se-iau-in-calcul-7-criterii\\\/\"},\"wordCount\":273,\"publisher\":{\"@id\":\"https:\\\/\\\/buletin.de\\\/bucuresti\\\/#organization\"},\"image\":{\"@id\":\"https:\\\/\\\/buletin.de\\\/bucuresti\\\/s-au-modificat-criteriile-de-carantinare-a-localitatilor-se-iau-in-calcul-7-criterii\\\/#primaryimage\"},\"thumbnailUrl\":\"https:\\\/\\\/buletin.de\\\/bucuresti\\\/wp-content\\\/uploads\\\/matteo-jorjoson-nmUOtF68SYE-unsplash-scaled.jpg\",\"keywords\":[\"carantina\",\"criterii noi\"],\"articleSection\":[\"\u0218tiri\"],\"inLanguage\":\"en-GB\",\"copyrightYear\":\"2021\",\"copyrightHolder\":{\"@id\":\"https:\\\/\\\/buletin.de\\\/bucuresti\\\/#organization\"}},{\"@type\":\"WebPage\",\"@id\":\"https:\\\/\\\/buletin.de\\\/bucuresti\\\/s-au-modificat-criteriile-de-carantinare-a-localitatilor-se-iau-in-calcul-7-criterii\\\/\",\"url\":\"https:\\\/\\\/buletin.de\\\/bucuresti\\\/s-au-modificat-criteriile-de-carantinare-a-localitatilor-se-iau-in-calcul-7-criterii\\\/\",\"name\":\"S-au modificat criteriile de carantinare a localit\u0103\u021bilor. Se iau \u00een calcul 7 criterii - Buletin de Bucure\u0219ti\",\"isPartOf\":{\"@id\":\"https:\\\/\\\/buletin.de\\\/bucuresti\\\/#website\"},\"primaryImageOfPage\":{\"@id\":\"https:\\\/\\\/buletin.de\\\/bucuresti\\\/s-au-modificat-criteriile-de-carantinare-a-localitatilor-se-iau-in-calcul-7-criterii\\\/#primaryimage\"},\"image\":{\"@id\":\"https:\\\/\\\/buletin.de\\\/bucuresti\\\/s-au-modificat-criteriile-de-carantinare-a-localitatilor-se-iau-in-calcul-7-criterii\\\/#primaryimage\"},\"thumbnailUrl\":\"https:\\\/\\\/buletin.de\\\/bucuresti\\\/wp-content\\\/uploads\\\/matteo-jorjoson-nmUOtF68SYE-unsplash-scaled.jpg\",\"datePublished\":\"2021-04-13T18:52:53+00:00\",\"dateModified\":\"2021-04-13T18:54:49+00:00\",\"breadcrumb\":{\"@id\":\"https:\\\/\\\/buletin.de\\\/bucuresti\\\/s-au-modificat-criteriile-de-carantinare-a-localitatilor-se-iau-in-calcul-7-criterii\\\/#breadcrumb\"},\"inLanguage\":\"en-GB\",\"potentialAction\":[{\"@type\":\"ReadAction\",\"target\":[\"https:\\\/\\\/buletin.de\\\/bucuresti\\\/s-au-modificat-criteriile-de-carantinare-a-localitatilor-se-iau-in-calcul-7-criterii\\\/\"]}]},{\"@type\":\"ImageObject\",\"inLanguage\":\"en-GB\",\"@id\":\"https:\\\/\\\/buletin.de\\\/bucuresti\\\/s-au-modificat-criteriile-de-carantinare-a-localitatilor-se-iau-in-calcul-7-criterii\\\/#primaryimage\",\"url\":\"https:\\\/\\\/buletin.de\\\/bucuresti\\\/wp-content\\\/uploads\\\/matteo-jorjoson-nmUOtF68SYE-unsplash-scaled.jpg\",\"contentUrl\":\"https:\\\/\\\/buletin.de\\\/bucuresti\\\/wp-content\\\/uploads\\\/matteo-jorjoson-nmUOtF68SYE-unsplash-scaled.jpg\",\"width\":2560,\"height\":1709},{\"@type\":\"BreadcrumbList\",\"@id\":\"https:\\\/\\\/buletin.de\\\/bucuresti\\\/s-au-modificat-criteriile-de-carantinare-a-localitatilor-se-iau-in-calcul-7-criterii\\\/#breadcrumb\",\"itemListElement\":[{\"@type\":\"ListItem\",\"position\":1,\"name\":\"Acas\u0103\",\"item\":\"https:\\\/\\\/buletin.de\\\/bucuresti\\\/\"},{\"@type\":\"ListItem\",\"position\":2,\"name\":\"S-au modificat criteriile de carantinare a localit\u0103\u021bilor. Se iau \u00een calcul 7 criterii\"}]},{\"@type\":\"WebSite\",\"@id\":\"https:\\\/\\\/buletin.de\\\/bucuresti\\\/#website\",\"url\":\"https:\\\/\\\/buletin.de\\\/bucuresti\\\/\",\"name\":\"Buletin de Bucure\u0219ti\",\"description\":\"\u0218tiri \u0219i investiga\u021bii esen\u021biale din capital\u0103\",\"publisher\":{\"@id\":\"https:\\\/\\\/buletin.de\\\/bucuresti\\\/#organization\"},\"potentialAction\":[{\"@type\":\"SearchAction\",\"target\":{\"@type\":\"EntryPoint\",\"urlTemplate\":\"https:\\\/\\\/buletin.de\\\/bucuresti\\\/?s={search_term_string}\"},\"query-input\":{\"@type\":\"PropertyValueSpecification\",\"valueRequired\":true,\"valueName\":\"search_term_string\"}}],\"inLanguage\":\"en-GB\"},{\"@type\":\"Organization\",\"@id\":\"https:\\\/\\\/buletin.de\\\/bucuresti\\\/#organization\",\"name\":\"Buletin de Bucure\u0219ti\",\"url\":\"https:\\\/\\\/buletin.de\\\/bucuresti\\\/\",\"logo\":{\"@type\":\"ImageObject\",\"inLanguage\":\"en-GB\",\"@id\":\"https:\\\/\\\/buletin.de\\\/bucuresti\\\/#\\\/schema\\\/logo\\\/image\\\/\",\"url\":\"https:\\\/\\\/buletin.de\\\/bucuresti\\\/wp-content\\\/uploads\\\/logo-bdb-full-wide-vernil-transparent.png\",\"contentUrl\":\"https:\\\/\\\/buletin.de\\\/bucuresti\\\/wp-content\\\/uploads\\\/logo-bdb-full-wide-vernil-transparent.png\",\"width\":1782,\"height\":626,\"caption\":\"Buletin de Bucure\u0219ti\"},\"image\":{\"@id\":\"https:\\\/\\\/buletin.de\\\/bucuresti\\\/#\\\/schema\\\/logo\\\/image\\\/\"},\"sameAs\":[\"https:\\\/\\\/www.facebook.com\\\/buletin.de.buc\",\"https:\\\/\\\/www.instagram.com\\\/buletinde.bucuresti\\\/\"]},{\"@type\":\"Person\",\"@id\":\"https:\\\/\\\/buletin.de\\\/bucuresti\\\/#\\\/schema\\\/person\\\/d369d7ddc775abece205795e0b804614\",\"name\":\"Teodora Stroe\",\"image\":{\"@type\":\"ImageObject\",\"inLanguage\":\"en-GB\",\"@id\":\"https:\\\/\\\/secure.gravatar.com\\\/avatar\\\/2560b4cd9f5f1bc100b123158e657d75584bd1c3e1d9c69285720b9457c1b78d?s=96&d=monsterid&r=gc104800242ba5f2d78dd5d7dc4df08b6\",\"url\":\"https:\\\/\\\/secure.gravatar.com\\\/avatar\\\/2560b4cd9f5f1bc100b123158e657d75584bd1c3e1d9c69285720b9457c1b78d?s=96&d=monsterid&r=g\",\"contentUrl\":\"https:\\\/\\\/secure.gravatar.com\\\/avatar\\\/2560b4cd9f5f1bc100b123158e657d75584bd1c3e1d9c69285720b9457c1b78d?s=96&d=monsterid&r=g\",\"caption\":\"Teodora Stroe\"},\"url\":\"https:\\\/\\\/buletin.de\\\/bucuresti\\\/author\\\/simonacarlugea\\\/\"}]}<\/script>\n<!-- \/ Yoast SEO Premium plugin. -->","yoast_head_json":{"title":"S-au modificat criteriile de carantinare a localit\u0103\u021bilor. Se iau \u00een calcul 7 criterii - Buletin de Bucure\u0219ti","robots":{"index":"index","follow":"follow","max-snippet":"max-snippet:-1","max-image-preview":"max-image-preview:large","max-video-preview":"max-video-preview:-1"},"canonical":"https:\/\/buletin.de\/bucuresti\/s-au-modificat-criteriile-de-carantinare-a-localitatilor-se-iau-in-calcul-7-criterii\/","og_locale":"en_GB","og_type":"article","og_title":"S-au modificat criteriile de carantinare a localit\u0103\u021bilor. Se iau \u00een calcul 7 criterii","og_description":"Ministerul S\u0103n\u0103t\u0103\u021bii a modificat criteriile dup\u0103 care se instituie m\u0103sura carantin\u0103rii localit\u0103\u021bilor. Ordinul de ministru care stipuleaz\u0103 toate aceste modific\u0103ri, semnat de secretarul de stat Andreea Moldovan, a fost publicat \u00een aceast\u0103 sear\u0103, \u00een Monitorul Oficial. Pe l\u00e2ng\u0103 rata de inciden\u021b\u0103 vor mai fi luate \u00een calcul num\u0103rul de teste efectuate \u0219i gradul de ocupare [&hellip;]","og_url":"https:\/\/buletin.de\/bucuresti\/s-au-modificat-criteriile-de-carantinare-a-localitatilor-se-iau-in-calcul-7-criterii\/","og_site_name":"Buletin de Bucure\u0219ti","article_publisher":"https:\/\/www.facebook.com\/buletin.de.buc","article_published_time":"2021-04-13T18:52:53+00:00","article_modified_time":"2021-04-13T18:54:49+00:00","og_image":[{"width":2560,"height":1709,"url":"https:\/\/buletin.de\/bucuresti\/wp-content\/uploads\/matteo-jorjoson-nmUOtF68SYE-unsplash-scaled.jpg","type":"image\/jpeg"}],"author":"Teodora Stroe","twitter_card":"summary_large_image","twitter_misc":{"Written by":"Teodora Stroe","Estimated reading time":"2 minutes"},"schema":{"@context":"https:\/\/schema.org","@graph":[{"@type":"Article","@id":"https:\/\/buletin.de\/bucuresti\/s-au-modificat-criteriile-de-carantinare-a-localitatilor-se-iau-in-calcul-7-criterii\/#article","isPartOf":{"@id":"https:\/\/buletin.de\/bucuresti\/s-au-modificat-criteriile-de-carantinare-a-localitatilor-se-iau-in-calcul-7-criterii\/"},"author":{"name":"Teodora Stroe","@id":"https:\/\/buletin.de\/bucuresti\/#\/schema\/person\/d369d7ddc775abece205795e0b804614"},"headline":"S-au modificat criteriile de carantinare a localit\u0103\u021bilor. Se iau \u00een calcul 7 criterii","datePublished":"2021-04-13T18:52:53+00:00","dateModified":"2021-04-13T18:54:49+00:00","mainEntityOfPage":{"@id":"https:\/\/buletin.de\/bucuresti\/s-au-modificat-criteriile-de-carantinare-a-localitatilor-se-iau-in-calcul-7-criterii\/"},"wordCount":273,"publisher":{"@id":"https:\/\/buletin.de\/bucuresti\/#organization"},"image":{"@id":"https:\/\/buletin.de\/bucuresti\/s-au-modificat-criteriile-de-carantinare-a-localitatilor-se-iau-in-calcul-7-criterii\/#primaryimage"},"thumbnailUrl":"https:\/\/buletin.de\/bucuresti\/wp-content\/uploads\/matteo-jorjoson-nmUOtF68SYE-unsplash-scaled.jpg","keywords":["carantina","criterii noi"],"articleSection":["\u0218tiri"],"inLanguage":"en-GB","copyrightYear":"2021","copyrightHolder":{"@id":"https:\/\/buletin.de\/bucuresti\/#organization"}},{"@type":"WebPage","@id":"https:\/\/buletin.de\/bucuresti\/s-au-modificat-criteriile-de-carantinare-a-localitatilor-se-iau-in-calcul-7-criterii\/","url":"https:\/\/buletin.de\/bucuresti\/s-au-modificat-criteriile-de-carantinare-a-localitatilor-se-iau-in-calcul-7-criterii\/","name":"S-au modificat criteriile de carantinare a localit\u0103\u021bilor. Se iau \u00een calcul 7 criterii - Buletin de Bucure\u0219ti","isPartOf":{"@id":"https:\/\/buletin.de\/bucuresti\/#website"},"primaryImageOfPage":{"@id":"https:\/\/buletin.de\/bucuresti\/s-au-modificat-criteriile-de-carantinare-a-localitatilor-se-iau-in-calcul-7-criterii\/#primaryimage"},"image":{"@id":"https:\/\/buletin.de\/bucuresti\/s-au-modificat-criteriile-de-carantinare-a-localitatilor-se-iau-in-calcul-7-criterii\/#primaryimage"},"thumbnailUrl":"https:\/\/buletin.de\/bucuresti\/wp-content\/uploads\/matteo-jorjoson-nmUOtF68SYE-unsplash-scaled.jpg","datePublished":"2021-04-13T18:52:53+00:00","dateModified":"2021-04-13T18:54:49+00:00","breadcrumb":{"@id":"https:\/\/buletin.de\/bucuresti\/s-au-modificat-criteriile-de-carantinare-a-localitatilor-se-iau-in-calcul-7-criterii\/#breadcrumb"},"inLanguage":"en-GB","potentialAction":[{"@type":"ReadAction","target":["https:\/\/buletin.de\/bucuresti\/s-au-modificat-criteriile-de-carantinare-a-localitatilor-se-iau-in-calcul-7-criterii\/"]}]},{"@type":"ImageObject","inLanguage":"en-GB","@id":"https:\/\/buletin.de\/bucuresti\/s-au-modificat-criteriile-de-carantinare-a-localitatilor-se-iau-in-calcul-7-criterii\/#primaryimage","url":"https:\/\/buletin.de\/bucuresti\/wp-content\/uploads\/matteo-jorjoson-nmUOtF68SYE-unsplash-scaled.jpg","contentUrl":"https:\/\/buletin.de\/bucuresti\/wp-content\/uploads\/matteo-jorjoson-nmUOtF68SYE-unsplash-scaled.jpg","width":2560,"height":1709},{"@type":"BreadcrumbList","@id":"https:\/\/buletin.de\/bucuresti\/s-au-modificat-criteriile-de-carantinare-a-localitatilor-se-iau-in-calcul-7-criterii\/#breadcrumb","itemListElement":[{"@type":"ListItem","position":1,"name":"Acas\u0103","item":"https:\/\/buletin.de\/bucuresti\/"},{"@type":"ListItem","position":2,"name":"S-au modificat criteriile de carantinare a localit\u0103\u021bilor. Se iau \u00een calcul 7 criterii"}]},{"@type":"WebSite","@id":"https:\/\/buletin.de\/bucuresti\/#website","url":"https:\/\/buletin.de\/bucuresti\/","name":"Buletin de Bucure\u0219ti","description":"\u0218tiri \u0219i investiga\u021bii esen\u021biale din capital\u0103","publisher":{"@id":"https:\/\/buletin.de\/bucuresti\/#organization"},"potentialAction":[{"@type":"SearchAction","target":{"@type":"EntryPoint","urlTemplate":"https:\/\/buletin.de\/bucuresti\/?s={search_term_string}"},"query-input":{"@type":"PropertyValueSpecification","valueRequired":true,"valueName":"search_term_string"}}],"inLanguage":"en-GB"},{"@type":"Organization","@id":"https:\/\/buletin.de\/bucuresti\/#organization","name":"Buletin de Bucure\u0219ti","url":"https:\/\/buletin.de\/bucuresti\/","logo":{"@type":"ImageObject","inLanguage":"en-GB","@id":"https:\/\/buletin.de\/bucuresti\/#\/schema\/logo\/image\/","url":"https:\/\/buletin.de\/bucuresti\/wp-content\/uploads\/logo-bdb-full-wide-vernil-transparent.png","contentUrl":"https:\/\/buletin.de\/bucuresti\/wp-content\/uploads\/logo-bdb-full-wide-vernil-transparent.png","width":1782,"height":626,"caption":"Buletin de Bucure\u0219ti"},"image":{"@id":"https:\/\/buletin.de\/bucuresti\/#\/schema\/logo\/image\/"},"sameAs":["https:\/\/www.facebook.com\/buletin.de.buc","https:\/\/www.instagram.com\/buletinde.bucuresti\/"]},{"@type":"Person","@id":"https:\/\/buletin.de\/bucuresti\/#\/schema\/person\/d369d7ddc775abece205795e0b804614","name":"Teodora Stroe","image":{"@type":"ImageObject","inLanguage":"en-GB","@id":"https:\/\/secure.gravatar.com\/avatar\/2560b4cd9f5f1bc100b123158e657d75584bd1c3e1d9c69285720b9457c1b78d?s=96&d=monsterid&r=gc104800242ba5f2d78dd5d7dc4df08b6","url":"https:\/\/secure.gravatar.com\/avatar\/2560b4cd9f5f1bc100b123158e657d75584bd1c3e1d9c69285720b9457c1b78d?s=96&d=monsterid&r=g","contentUrl":"https:\/\/secure.gravatar.com\/avatar\/2560b4cd9f5f1bc100b123158e657d75584bd1c3e1d9c69285720b9457c1b78d?s=96&d=monsterid&r=g","caption":"Teodora Stroe"},"url":"https:\/\/buletin.de\/bucuresti\/author\/simonacarlugea\/"}]}},"authors":[{"term_id":22579,"user_id":18,"is_guest":0,"slug":"simonacarlugea","display_name":"Teodora Stroe","avatar_url":"https:\/\/secure.gravatar.com\/avatar\/2560b4cd9f5f1bc100b123158e657d75584bd1c3e1d9c69285720b9457c1b78d?s=96&d=monsterid&r=g","0":null,"1":"","2":"","3":"","4":"","5":"","6":"","7":"","8":""}],"_links":{"self":[{"href":"https:\/\/buletin.de\/bucuresti\/wp-json\/wp\/v2\/posts\/23268","targetHints":{"allow":["GET"]}}],"collection":[{"href":"https:\/\/buletin.de\/bucuresti\/wp-json\/wp\/v2\/posts"}],"about":[{"href":"https:\/\/buletin.de\/bucuresti\/wp-json\/wp\/v2\/types\/post"}],"author":[{"embeddable":true,"href":"https:\/\/buletin.de\/bucuresti\/wp-json\/wp\/v2\/users\/18"}],"replies":[{"embeddable":true,"href":"https:\/\/buletin.de\/bucuresti\/wp-json\/wp\/v2\/comments?post=23268"}],"version-history":[{"count":3,"href":"https:\/\/buletin.de\/bucuresti\/wp-json\/wp\/v2\/posts\/23268\/revisions"}],"predecessor-version":[{"id":23274,"href":"https:\/\/buletin.de\/bucuresti\/wp-json\/wp\/v2\/posts\/23268\/revisions\/23274"}],"wp:featuredmedia":[{"embeddable":true,"href":"https:\/\/buletin.de\/bucuresti\/wp-json\/wp\/v2\/media\/23273"}],"wp:attachment":[{"href":"https:\/\/buletin.de\/bucuresti\/wp-json\/wp\/v2\/media?parent=23268"}],"wp:term":[{"taxonomy":"category","embeddable":true,"href":"https:\/\/buletin.de\/bucuresti\/wp-json\/wp\/v2\/categories?post=23268"},{"taxonomy":"post_tag","embeddable":true,"href":"https:\/\/buletin.de\/bucuresti\/wp-json\/wp\/v2\/tags?post=23268"},{"taxonomy":"author","embeddable":true,"href":"https:\/\/buletin.de\/bucuresti\/wp-json\/wp\/v2\/ppma_author?post=23268"}],"curies":[{"name":"wp","href":"https:\/\/api.w.org\/{rel}","templated":true}]}}