{"id":23264,"date":"2021-04-13T16:20:43","date_gmt":"2021-04-13T13:20:43","guid":{"rendered":"https:\/\/buletin.de\/bucuresti\/?p=23264"},"modified":"2021-04-13T16:22:52","modified_gmt":"2021-04-13T13:22:52","slug":"neculai-ontanu-condamnat-definitiv-la-3-ani-de-inchisoare-cu-suspendare","status":"publish","type":"post","link":"https:\/\/buletin.de\/bucuresti\/neculai-ontanu-condamnat-definitiv-la-3-ani-de-inchisoare-cu-suspendare\/","title":{"rendered":"Neculai On\u021banu, condamnat definitiv la 3 ani de \u00eenchisoare cu suspendare"},"content":{"rendered":"\n<p><strong>\u00cenalta Curte de Casa\u021bie \u0219i Justi\u021bie (ICCJ) l-a condamnat, ast\u0103zi, prin sentin\u021b\u0103 definitiv\u0103 pe Neculai On\u021banu, fostul primar al Sectorului 2, la 3 ani de \u00eenchisoare cu suspendare pentru luare de mit\u0103. Al\u0103turi de fostul edil, avocata Loredana Radu a fost condamnat\u0103 la 3 ani \u0219i 5 luni de \u00eenchisoare cu suspendare. <\/strong><\/p>\n\n\n\n<p>Fostul edil al Sectorului 2 a fost trimis \u00een judecat\u0103 \u00een 2016 de procurorii DNA, acuz\u00e2ndu-l c\u0103 a luat mit\u0103 un teren de 1.500 de metri p\u0103tra\u0163i care valora 4,2 milioane de euro. Mita a fost primit\u0103 pentru a retroceda mai multe terenuri. <\/p>\n\n\n\n<p>Curtea de Apel Bucure\u0219ti a decis \u00een iulie 2017 \u00eencetarea procesului ca efect al intervenirii prescrip\u0163iei. Decizia instan\u0163ei nu a fost definitiv\u0103, iar DNA&nbsp;a f\u0103cut apel la decizia Cur\u021bii de Apel.<\/p>\n\n\n\n<p>Neculai On\u0163anu a avut patru mandate de primar al sectorului 2, \u00eencep\u00e2nd cu anul 2000, iar faptele pentru care a fost acuzat s-au petrecut \u00een perioada 2006-2007.<\/p>\n\n\n\n<p>Surs\u0103 Foto: Facebook\/Neculai On\u021banu <br><\/p>\n","protected":false},"excerpt":{"rendered":"<p>\u00cenalta Curte de Casa\u021bie \u0219i Justi\u021bie (ICCJ) l-a condamnat, ast\u0103zi, prin sentin\u021b\u0103 definitiv\u0103 pe Neculai On\u021banu, fostul primar al Sectorului 2, la 3 ani de \u00eenchisoare cu suspendare pentru luare de mit\u0103. Al\u0103turi de fostul edil, avocata Loredana Radu a fost condamnat\u0103 la 3 ani \u0219i 5 luni de \u00eenchisoare cu suspendare. Fostul edil al [&hellip;]<\/p>\n","protected":false},"author":17,"featured_media":23265,"comment_status":"closed","ping_status":"open","sticky":false,"template":"","format":"standard","meta":{"_acf_changed":false,"inline_featured_image":false,"ngg_post_thumbnail":0,"footnotes":""},"categories":[62],"tags":[875,2579,2577,2578,229],"ppma_author":[22576],"class_list":["post-23264","post","type-post","status-publish","format-standard","has-post-thumbnail","hentry","category-stiri","tag-dna","tag-iccj","tag-inchisoare-cu-suspendare","tag-neculai-ontanu","tag-sector-2"],"acf":[],"yoast_head":"<!-- This site is optimized with the Yoast SEO Premium plugin v25.3 (Yoast SEO v27.4) - https:\/\/yoast.com\/product\/yoast-seo-premium-wordpress\/ -->\n<title>Neculai On\u021banu, condamnat definitiv la 3 ani de \u00eenchisoare cu suspendare - Buletin de Bucure\u0219ti<\/title>\n<meta name=\"robots\" content=\"index, follow, max-snippet:-1, max-image-preview:large, max-video-preview:-1\" \/>\n<link rel=\"canonical\" href=\"https:\/\/buletin.de\/bucuresti\/neculai-ontanu-condamnat-definitiv-la-3-ani-de-inchisoare-cu-suspendare\/\" \/>\n<meta property=\"og:locale\" content=\"en_GB\" \/>\n<meta property=\"og:type\" content=\"article\" \/>\n<meta property=\"og:title\" content=\"Neculai On\u021banu, condamnat definitiv la 3 ani de \u00eenchisoare cu suspendare\" \/>\n<meta property=\"og:description\" content=\"\u00cenalta Curte de Casa\u021bie \u0219i Justi\u021bie (ICCJ) l-a condamnat, ast\u0103zi, prin sentin\u021b\u0103 definitiv\u0103 pe Neculai On\u021banu, fostul primar al Sectorului 2, la 3 ani de \u00eenchisoare cu suspendare pentru luare de mit\u0103. Al\u0103turi de fostul edil, avocata Loredana Radu a fost condamnat\u0103 la 3 ani \u0219i 5 luni de \u00eenchisoare cu suspendare. Fostul edil al [&hellip;]\" \/>\n<meta property=\"og:url\" content=\"https:\/\/buletin.de\/bucuresti\/neculai-ontanu-condamnat-definitiv-la-3-ani-de-inchisoare-cu-suspendare\/\" \/>\n<meta property=\"og:site_name\" content=\"Buletin de Bucure\u0219ti\" \/>\n<meta property=\"article:publisher\" content=\"https:\/\/www.facebook.com\/buletin.de.buc\" \/>\n<meta property=\"article:published_time\" content=\"2021-04-13T13:20:43+00:00\" \/>\n<meta property=\"article:modified_time\" content=\"2021-04-13T13:22:52+00:00\" \/>\n<meta property=\"og:image\" content=\"https:\/\/buletin.de\/bucuresti\/wp-content\/uploads\/120106090_1267183666966846_4965670557779380136_n.jpg\" \/>\n\t<meta property=\"og:image:width\" content=\"1600\" \/>\n\t<meta property=\"og:image:height\" content=\"1200\" \/>\n\t<meta property=\"og:image:type\" content=\"image\/jpeg\" \/>\n<meta name=\"author\" content=\"Florin R\u00e2\u0219teiu\" \/>\n<meta name=\"twitter:card\" content=\"summary_large_image\" \/>\n<meta name=\"twitter:label1\" content=\"Written by\" \/>\n\t<meta name=\"twitter:data1\" content=\"Florin R\u00e2\u0219teiu\" \/>\n\t<meta name=\"twitter:label2\" content=\"Estimated reading time\" \/>\n\t<meta name=\"twitter:data2\" content=\"1 minute\" \/>\n<script type=\"application\/ld+json\" class=\"yoast-schema-graph\">{\"@context\":\"https:\\\/\\\/schema.org\",\"@graph\":[{\"@type\":\"Article\",\"@id\":\"https:\\\/\\\/buletin.de\\\/bucuresti\\\/neculai-ontanu-condamnat-definitiv-la-3-ani-de-inchisoare-cu-suspendare\\\/#article\",\"isPartOf\":{\"@id\":\"https:\\\/\\\/buletin.de\\\/bucuresti\\\/neculai-ontanu-condamnat-definitiv-la-3-ani-de-inchisoare-cu-suspendare\\\/\"},\"author\":{\"name\":\"Florin R\u00e2\u0219teiu\",\"@id\":\"https:\\\/\\\/buletin.de\\\/bucuresti\\\/#\\\/schema\\\/person\\\/b0686d7a8b666c6afc78239777fd8a89\"},\"headline\":\"Neculai On\u021banu, condamnat definitiv la 3 ani de \u00eenchisoare cu suspendare\",\"datePublished\":\"2021-04-13T13:20:43+00:00\",\"dateModified\":\"2021-04-13T13:22:52+00:00\",\"mainEntityOfPage\":{\"@id\":\"https:\\\/\\\/buletin.de\\\/bucuresti\\\/neculai-ontanu-condamnat-definitiv-la-3-ani-de-inchisoare-cu-suspendare\\\/\"},\"wordCount\":176,\"publisher\":{\"@id\":\"https:\\\/\\\/buletin.de\\\/bucuresti\\\/#organization\"},\"image\":{\"@id\":\"https:\\\/\\\/buletin.de\\\/bucuresti\\\/neculai-ontanu-condamnat-definitiv-la-3-ani-de-inchisoare-cu-suspendare\\\/#primaryimage\"},\"thumbnailUrl\":\"https:\\\/\\\/buletin.de\\\/bucuresti\\\/wp-content\\\/uploads\\\/120106090_1267183666966846_4965670557779380136_n.jpg\",\"keywords\":[\"dna\",\"ICCJ\",\"\u00cenchisoare cu suspendare\",\"Neculai On\u021banu\",\"Sector 2\"],\"articleSection\":[\"\u0218tiri\"],\"inLanguage\":\"en-GB\",\"copyrightYear\":\"2021\",\"copyrightHolder\":{\"@id\":\"https:\\\/\\\/buletin.de\\\/bucuresti\\\/#organization\"}},{\"@type\":\"WebPage\",\"@id\":\"https:\\\/\\\/buletin.de\\\/bucuresti\\\/neculai-ontanu-condamnat-definitiv-la-3-ani-de-inchisoare-cu-suspendare\\\/\",\"url\":\"https:\\\/\\\/buletin.de\\\/bucuresti\\\/neculai-ontanu-condamnat-definitiv-la-3-ani-de-inchisoare-cu-suspendare\\\/\",\"name\":\"Neculai On\u021banu, condamnat definitiv la 3 ani de \u00eenchisoare cu suspendare - Buletin de Bucure\u0219ti\",\"isPartOf\":{\"@id\":\"https:\\\/\\\/buletin.de\\\/bucuresti\\\/#website\"},\"primaryImageOfPage\":{\"@id\":\"https:\\\/\\\/buletin.de\\\/bucuresti\\\/neculai-ontanu-condamnat-definitiv-la-3-ani-de-inchisoare-cu-suspendare\\\/#primaryimage\"},\"image\":{\"@id\":\"https:\\\/\\\/buletin.de\\\/bucuresti\\\/neculai-ontanu-condamnat-definitiv-la-3-ani-de-inchisoare-cu-suspendare\\\/#primaryimage\"},\"thumbnailUrl\":\"https:\\\/\\\/buletin.de\\\/bucuresti\\\/wp-content\\\/uploads\\\/120106090_1267183666966846_4965670557779380136_n.jpg\",\"datePublished\":\"2021-04-13T13:20:43+00:00\",\"dateModified\":\"2021-04-13T13:22:52+00:00\",\"breadcrumb\":{\"@id\":\"https:\\\/\\\/buletin.de\\\/bucuresti\\\/neculai-ontanu-condamnat-definitiv-la-3-ani-de-inchisoare-cu-suspendare\\\/#breadcrumb\"},\"inLanguage\":\"en-GB\",\"potentialAction\":[{\"@type\":\"ReadAction\",\"target\":[\"https:\\\/\\\/buletin.de\\\/bucuresti\\\/neculai-ontanu-condamnat-definitiv-la-3-ani-de-inchisoare-cu-suspendare\\\/\"]}]},{\"@type\":\"ImageObject\",\"inLanguage\":\"en-GB\",\"@id\":\"https:\\\/\\\/buletin.de\\\/bucuresti\\\/neculai-ontanu-condamnat-definitiv-la-3-ani-de-inchisoare-cu-suspendare\\\/#primaryimage\",\"url\":\"https:\\\/\\\/buletin.de\\\/bucuresti\\\/wp-content\\\/uploads\\\/120106090_1267183666966846_4965670557779380136_n.jpg\",\"contentUrl\":\"https:\\\/\\\/buletin.de\\\/bucuresti\\\/wp-content\\\/uploads\\\/120106090_1267183666966846_4965670557779380136_n.jpg\",\"width\":1600,\"height\":1200},{\"@type\":\"BreadcrumbList\",\"@id\":\"https:\\\/\\\/buletin.de\\\/bucuresti\\\/neculai-ontanu-condamnat-definitiv-la-3-ani-de-inchisoare-cu-suspendare\\\/#breadcrumb\",\"itemListElement\":[{\"@type\":\"ListItem\",\"position\":1,\"name\":\"Acas\u0103\",\"item\":\"https:\\\/\\\/buletin.de\\\/bucuresti\\\/\"},{\"@type\":\"ListItem\",\"position\":2,\"name\":\"Neculai On\u021banu, condamnat definitiv la 3 ani de \u00eenchisoare cu suspendare\"}]},{\"@type\":\"WebSite\",\"@id\":\"https:\\\/\\\/buletin.de\\\/bucuresti\\\/#website\",\"url\":\"https:\\\/\\\/buletin.de\\\/bucuresti\\\/\",\"name\":\"Buletin de Bucure\u0219ti\",\"description\":\"\u0218tiri \u0219i investiga\u021bii esen\u021biale din capital\u0103\",\"publisher\":{\"@id\":\"https:\\\/\\\/buletin.de\\\/bucuresti\\\/#organization\"},\"potentialAction\":[{\"@type\":\"SearchAction\",\"target\":{\"@type\":\"EntryPoint\",\"urlTemplate\":\"https:\\\/\\\/buletin.de\\\/bucuresti\\\/?s={search_term_string}\"},\"query-input\":{\"@type\":\"PropertyValueSpecification\",\"valueRequired\":true,\"valueName\":\"search_term_string\"}}],\"inLanguage\":\"en-GB\"},{\"@type\":\"Organization\",\"@id\":\"https:\\\/\\\/buletin.de\\\/bucuresti\\\/#organization\",\"name\":\"Buletin de Bucure\u0219ti\",\"url\":\"https:\\\/\\\/buletin.de\\\/bucuresti\\\/\",\"logo\":{\"@type\":\"ImageObject\",\"inLanguage\":\"en-GB\",\"@id\":\"https:\\\/\\\/buletin.de\\\/bucuresti\\\/#\\\/schema\\\/logo\\\/image\\\/\",\"url\":\"https:\\\/\\\/buletin.de\\\/bucuresti\\\/wp-content\\\/uploads\\\/logo-bdb-full-wide-vernil-transparent.png\",\"contentUrl\":\"https:\\\/\\\/buletin.de\\\/bucuresti\\\/wp-content\\\/uploads\\\/logo-bdb-full-wide-vernil-transparent.png\",\"width\":1782,\"height\":626,\"caption\":\"Buletin de Bucure\u0219ti\"},\"image\":{\"@id\":\"https:\\\/\\\/buletin.de\\\/bucuresti\\\/#\\\/schema\\\/logo\\\/image\\\/\"},\"sameAs\":[\"https:\\\/\\\/www.facebook.com\\\/buletin.de.buc\",\"https:\\\/\\\/www.instagram.com\\\/buletinde.bucuresti\\\/\"]},{\"@type\":\"Person\",\"@id\":\"https:\\\/\\\/buletin.de\\\/bucuresti\\\/#\\\/schema\\\/person\\\/b0686d7a8b666c6afc78239777fd8a89\",\"name\":\"Florin R\u00e2\u0219teiu\",\"image\":{\"@type\":\"ImageObject\",\"inLanguage\":\"en-GB\",\"@id\":\"https:\\\/\\\/buletin.de\\\/bucuresti\\\/wp-content\\\/uploads\\\/Florin-Rasteiu-96x96.jpgf0a6fe28453aa12f0a60e4d0a2e3a78c\",\"url\":\"https:\\\/\\\/buletin.de\\\/bucuresti\\\/wp-content\\\/uploads\\\/Florin-Rasteiu-96x96.jpg\",\"contentUrl\":\"https:\\\/\\\/buletin.de\\\/bucuresti\\\/wp-content\\\/uploads\\\/Florin-Rasteiu-96x96.jpg\",\"caption\":\"Florin R\u00e2\u0219teiu\"},\"description\":\"Jurnalist de investiga\u021bie. Lucreaz\u0103 de aproape 6 ani la Buletin de Bucure\u0219ti, unde a publicat articole care scot la suprafa\u021b\u0103 corup\u021bia din Capital\u0103. Analizeaz\u0103 baze de date zilnic \u0219i scoate pove\u0219ti din exceluri pline de cifre. Pune reflectorul pe adev\u0103r cu fiecare ocazie. A c\u00e2\u0219tigat premiul I la categoria Pres\u0103 Local\u0103 \u00een 2025 \u0219i locul al II-lea la aceea\u0219i categorie \u00een 2024 \u00een cadrul Premiilor Superscrieri pentru jurnalism independent.\",\"url\":\"https:\\\/\\\/buletin.de\\\/bucuresti\\\/author\\\/florinrasteiu\\\/\"}]}<\/script>\n<!-- \/ Yoast SEO Premium plugin. -->","yoast_head_json":{"title":"Neculai On\u021banu, condamnat definitiv la 3 ani de \u00eenchisoare cu suspendare - Buletin de Bucure\u0219ti","robots":{"index":"index","follow":"follow","max-snippet":"max-snippet:-1","max-image-preview":"max-image-preview:large","max-video-preview":"max-video-preview:-1"},"canonical":"https:\/\/buletin.de\/bucuresti\/neculai-ontanu-condamnat-definitiv-la-3-ani-de-inchisoare-cu-suspendare\/","og_locale":"en_GB","og_type":"article","og_title":"Neculai On\u021banu, condamnat definitiv la 3 ani de \u00eenchisoare cu suspendare","og_description":"\u00cenalta Curte de Casa\u021bie \u0219i Justi\u021bie (ICCJ) l-a condamnat, ast\u0103zi, prin sentin\u021b\u0103 definitiv\u0103 pe Neculai On\u021banu, fostul primar al Sectorului 2, la 3 ani de \u00eenchisoare cu suspendare pentru luare de mit\u0103. Al\u0103turi de fostul edil, avocata Loredana Radu a fost condamnat\u0103 la 3 ani \u0219i 5 luni de \u00eenchisoare cu suspendare. Fostul edil al [&hellip;]","og_url":"https:\/\/buletin.de\/bucuresti\/neculai-ontanu-condamnat-definitiv-la-3-ani-de-inchisoare-cu-suspendare\/","og_site_name":"Buletin de Bucure\u0219ti","article_publisher":"https:\/\/www.facebook.com\/buletin.de.buc","article_published_time":"2021-04-13T13:20:43+00:00","article_modified_time":"2021-04-13T13:22:52+00:00","og_image":[{"width":1600,"height":1200,"url":"https:\/\/buletin.de\/bucuresti\/wp-content\/uploads\/120106090_1267183666966846_4965670557779380136_n.jpg","type":"image\/jpeg"}],"author":"Florin R\u00e2\u0219teiu","twitter_card":"summary_large_image","twitter_misc":{"Written by":"Florin R\u00e2\u0219teiu","Estimated reading time":"1 minute"},"schema":{"@context":"https:\/\/schema.org","@graph":[{"@type":"Article","@id":"https:\/\/buletin.de\/bucuresti\/neculai-ontanu-condamnat-definitiv-la-3-ani-de-inchisoare-cu-suspendare\/#article","isPartOf":{"@id":"https:\/\/buletin.de\/bucuresti\/neculai-ontanu-condamnat-definitiv-la-3-ani-de-inchisoare-cu-suspendare\/"},"author":{"name":"Florin R\u00e2\u0219teiu","@id":"https:\/\/buletin.de\/bucuresti\/#\/schema\/person\/b0686d7a8b666c6afc78239777fd8a89"},"headline":"Neculai On\u021banu, condamnat definitiv la 3 ani de \u00eenchisoare cu suspendare","datePublished":"2021-04-13T13:20:43+00:00","dateModified":"2021-04-13T13:22:52+00:00","mainEntityOfPage":{"@id":"https:\/\/buletin.de\/bucuresti\/neculai-ontanu-condamnat-definitiv-la-3-ani-de-inchisoare-cu-suspendare\/"},"wordCount":176,"publisher":{"@id":"https:\/\/buletin.de\/bucuresti\/#organization"},"image":{"@id":"https:\/\/buletin.de\/bucuresti\/neculai-ontanu-condamnat-definitiv-la-3-ani-de-inchisoare-cu-suspendare\/#primaryimage"},"thumbnailUrl":"https:\/\/buletin.de\/bucuresti\/wp-content\/uploads\/120106090_1267183666966846_4965670557779380136_n.jpg","keywords":["dna","ICCJ","\u00cenchisoare cu suspendare","Neculai On\u021banu","Sector 2"],"articleSection":["\u0218tiri"],"inLanguage":"en-GB","copyrightYear":"2021","copyrightHolder":{"@id":"https:\/\/buletin.de\/bucuresti\/#organization"}},{"@type":"WebPage","@id":"https:\/\/buletin.de\/bucuresti\/neculai-ontanu-condamnat-definitiv-la-3-ani-de-inchisoare-cu-suspendare\/","url":"https:\/\/buletin.de\/bucuresti\/neculai-ontanu-condamnat-definitiv-la-3-ani-de-inchisoare-cu-suspendare\/","name":"Neculai On\u021banu, condamnat definitiv la 3 ani de \u00eenchisoare cu suspendare - Buletin de Bucure\u0219ti","isPartOf":{"@id":"https:\/\/buletin.de\/bucuresti\/#website"},"primaryImageOfPage":{"@id":"https:\/\/buletin.de\/bucuresti\/neculai-ontanu-condamnat-definitiv-la-3-ani-de-inchisoare-cu-suspendare\/#primaryimage"},"image":{"@id":"https:\/\/buletin.de\/bucuresti\/neculai-ontanu-condamnat-definitiv-la-3-ani-de-inchisoare-cu-suspendare\/#primaryimage"},"thumbnailUrl":"https:\/\/buletin.de\/bucuresti\/wp-content\/uploads\/120106090_1267183666966846_4965670557779380136_n.jpg","datePublished":"2021-04-13T13:20:43+00:00","dateModified":"2021-04-13T13:22:52+00:00","breadcrumb":{"@id":"https:\/\/buletin.de\/bucuresti\/neculai-ontanu-condamnat-definitiv-la-3-ani-de-inchisoare-cu-suspendare\/#breadcrumb"},"inLanguage":"en-GB","potentialAction":[{"@type":"ReadAction","target":["https:\/\/buletin.de\/bucuresti\/neculai-ontanu-condamnat-definitiv-la-3-ani-de-inchisoare-cu-suspendare\/"]}]},{"@type":"ImageObject","inLanguage":"en-GB","@id":"https:\/\/buletin.de\/bucuresti\/neculai-ontanu-condamnat-definitiv-la-3-ani-de-inchisoare-cu-suspendare\/#primaryimage","url":"https:\/\/buletin.de\/bucuresti\/wp-content\/uploads\/120106090_1267183666966846_4965670557779380136_n.jpg","contentUrl":"https:\/\/buletin.de\/bucuresti\/wp-content\/uploads\/120106090_1267183666966846_4965670557779380136_n.jpg","width":1600,"height":1200},{"@type":"BreadcrumbList","@id":"https:\/\/buletin.de\/bucuresti\/neculai-ontanu-condamnat-definitiv-la-3-ani-de-inchisoare-cu-suspendare\/#breadcrumb","itemListElement":[{"@type":"ListItem","position":1,"name":"Acas\u0103","item":"https:\/\/buletin.de\/bucuresti\/"},{"@type":"ListItem","position":2,"name":"Neculai On\u021banu, condamnat definitiv la 3 ani de \u00eenchisoare cu suspendare"}]},{"@type":"WebSite","@id":"https:\/\/buletin.de\/bucuresti\/#website","url":"https:\/\/buletin.de\/bucuresti\/","name":"Buletin de Bucure\u0219ti","description":"\u0218tiri \u0219i investiga\u021bii esen\u021biale din capital\u0103","publisher":{"@id":"https:\/\/buletin.de\/bucuresti\/#organization"},"potentialAction":[{"@type":"SearchAction","target":{"@type":"EntryPoint","urlTemplate":"https:\/\/buletin.de\/bucuresti\/?s={search_term_string}"},"query-input":{"@type":"PropertyValueSpecification","valueRequired":true,"valueName":"search_term_string"}}],"inLanguage":"en-GB"},{"@type":"Organization","@id":"https:\/\/buletin.de\/bucuresti\/#organization","name":"Buletin de Bucure\u0219ti","url":"https:\/\/buletin.de\/bucuresti\/","logo":{"@type":"ImageObject","inLanguage":"en-GB","@id":"https:\/\/buletin.de\/bucuresti\/#\/schema\/logo\/image\/","url":"https:\/\/buletin.de\/bucuresti\/wp-content\/uploads\/logo-bdb-full-wide-vernil-transparent.png","contentUrl":"https:\/\/buletin.de\/bucuresti\/wp-content\/uploads\/logo-bdb-full-wide-vernil-transparent.png","width":1782,"height":626,"caption":"Buletin de Bucure\u0219ti"},"image":{"@id":"https:\/\/buletin.de\/bucuresti\/#\/schema\/logo\/image\/"},"sameAs":["https:\/\/www.facebook.com\/buletin.de.buc","https:\/\/www.instagram.com\/buletinde.bucuresti\/"]},{"@type":"Person","@id":"https:\/\/buletin.de\/bucuresti\/#\/schema\/person\/b0686d7a8b666c6afc78239777fd8a89","name":"Florin R\u00e2\u0219teiu","image":{"@type":"ImageObject","inLanguage":"en-GB","@id":"https:\/\/buletin.de\/bucuresti\/wp-content\/uploads\/Florin-Rasteiu-96x96.jpgf0a6fe28453aa12f0a60e4d0a2e3a78c","url":"https:\/\/buletin.de\/bucuresti\/wp-content\/uploads\/Florin-Rasteiu-96x96.jpg","contentUrl":"https:\/\/buletin.de\/bucuresti\/wp-content\/uploads\/Florin-Rasteiu-96x96.jpg","caption":"Florin R\u00e2\u0219teiu"},"description":"Jurnalist de investiga\u021bie. Lucreaz\u0103 de aproape 6 ani la Buletin de Bucure\u0219ti, unde a publicat articole care scot la suprafa\u021b\u0103 corup\u021bia din Capital\u0103. Analizeaz\u0103 baze de date zilnic \u0219i scoate pove\u0219ti din exceluri pline de cifre. Pune reflectorul pe adev\u0103r cu fiecare ocazie. A c\u00e2\u0219tigat premiul I la categoria Pres\u0103 Local\u0103 \u00een 2025 \u0219i locul al II-lea la aceea\u0219i categorie \u00een 2024 \u00een cadrul Premiilor Superscrieri pentru jurnalism independent.","url":"https:\/\/buletin.de\/bucuresti\/author\/florinrasteiu\/"}]}},"authors":[{"term_id":22576,"user_id":17,"is_guest":0,"slug":"florinrasteiu","display_name":"Florin R\u00e2\u0219teiu","avatar_url":"https:\/\/buletin.de\/bucuresti\/wp-content\/uploads\/Florin-Rasteiu-96x96.jpg","0":null,"1":"","2":"","3":"","4":"","5":"","6":"","7":"","8":""}],"_links":{"self":[{"href":"https:\/\/buletin.de\/bucuresti\/wp-json\/wp\/v2\/posts\/23264","targetHints":{"allow":["GET"]}}],"collection":[{"href":"https:\/\/buletin.de\/bucuresti\/wp-json\/wp\/v2\/posts"}],"about":[{"href":"https:\/\/buletin.de\/bucuresti\/wp-json\/wp\/v2\/types\/post"}],"author":[{"embeddable":true,"href":"https:\/\/buletin.de\/bucuresti\/wp-json\/wp\/v2\/users\/17"}],"replies":[{"embeddable":true,"href":"https:\/\/buletin.de\/bucuresti\/wp-json\/wp\/v2\/comments?post=23264"}],"version-history":[{"count":2,"href":"https:\/\/buletin.de\/bucuresti\/wp-json\/wp\/v2\/posts\/23264\/revisions"}],"predecessor-version":[{"id":23267,"href":"https:\/\/buletin.de\/bucuresti\/wp-json\/wp\/v2\/posts\/23264\/revisions\/23267"}],"wp:featuredmedia":[{"embeddable":true,"href":"https:\/\/buletin.de\/bucuresti\/wp-json\/wp\/v2\/media\/23265"}],"wp:attachment":[{"href":"https:\/\/buletin.de\/bucuresti\/wp-json\/wp\/v2\/media?parent=23264"}],"wp:term":[{"taxonomy":"category","embeddable":true,"href":"https:\/\/buletin.de\/bucuresti\/wp-json\/wp\/v2\/categories?post=23264"},{"taxonomy":"post_tag","embeddable":true,"href":"https:\/\/buletin.de\/bucuresti\/wp-json\/wp\/v2\/tags?post=23264"},{"taxonomy":"author","embeddable":true,"href":"https:\/\/buletin.de\/bucuresti\/wp-json\/wp\/v2\/ppma_author?post=23264"}],"curies":[{"name":"wp","href":"https:\/\/api.w.org\/{rel}","templated":true}]}}