{"id":23253,"date":"2021-04-13T14:25:58","date_gmt":"2021-04-13T11:25:58","guid":{"rendered":"https:\/\/buletin.de\/bucuresti\/?p=23253"},"modified":"2021-04-13T14:27:52","modified_gmt":"2021-04-13T11:27:52","slug":"mii-de-locuri-libere-la-vaccinare-cu-astra-zeneca-in-bucuresti-ilfov-si-judetele-limotrofe-moderna-e-dispobil-la-fetesti-si-fierbinti","status":"publish","type":"post","link":"https:\/\/buletin.de\/bucuresti\/mii-de-locuri-libere-la-vaccinare-cu-astra-zeneca-in-bucuresti-ilfov-si-judetele-limotrofe-moderna-e-dispobil-la-fetesti-si-fierbinti\/","title":{"rendered":"Mii de locuri libere la vaccinare cu Astra Zeneca, \u00een Bucure\u0219ti, Ilfov \u0219i jude\u021bele limotrofe | Moderna e disponibil la Fete\u0219ti \u0219i Fierbin\u021bi"},"content":{"rendered":"\n<p>Comitetul Na\u021bional de Coordonare a Activit\u0103\u021bilor privid Vaccinarea \u00eempotriva COVID-19 (CNCAV) a anun\u021bat c\u0103 vaccinarea cu Astra Zeneca este la liber. E suficient ca, cei care doresc s\u0103 se imunizeze cu serul de la Astra Zeneca s\u0103 se prezinte la un centru de vaccinare, care are locuri libere, cu o carte de identitate. Va primi serul pe loc.  \u00cen Bucure\u0219ti \u0219i jude\u021bele limitrofe sunt, \u00een acest moment, peste 15.000 de doze de ser Astra Zeneca disponibile.<\/p>\n\n\n\n<p><strong>Bucure\u0219ti &#8211; 7444 doze <\/strong><\/p>\n\n\n\n<p>\u00cen Capital\u0103 sunt 5 centre de vaccinare care au disponibil vaccin Astra Zeneca: Romexpo, Institutul C.I. Parhon, Circul Mitropolitan, Grand Arena Mall \u0219i Centrul Multifunc\u021bional Sf. Andrei. <\/p>\n\n\n\n<p><strong>Ilfov &#8211; 1307 doze<\/strong><\/p>\n\n\n\n<p>\u00cen Ilfov, sunt disponibile doze de vaccin Astra Zeneca \u00een 4 centre : Medicavol Voluntari, Sala de sport Chitila, Centru Medical M\u0103gurele, Mogosoaia<\/p>\n\n\n\n<p>\u00cen jude\u021bele limitrofe cele mai multe locuri libere sunt \u00een Prahova &#8211; 2697, apoi \u00een D\u00e2mbovi\u021ba 2088, \u00een Giurgiu sunt 896, \u00een C\u0103l\u0103ra\u0219i 856, Ialomi\u021ba 560.<\/p>\n\n\n\n<p>In Ialomi\u021ba exist\u0103 2 centre \u00een care mai sunt locuri libere \u0219i la imunizarea cu serul de la Moderna. 19 locuri la Fete\u0219ti \u0219i 171 la Fierbin\u021bi.<\/p>\n\n\n\n<figure class=\"wp-block-image size-large\"><img fetchpriority=\"high\" decoding=\"async\" width=\"900\" height=\"288\" src=\"data:image\/gif;base64,R0lGODlhAQABAAAAACH5BAEKAAEALAAAAAABAAEAAAICTAEAOw==\" data-src=\"https:\/\/buletin.de\/bucuresti\/wp-content\/uploads\/image-607-900x288.png\" alt=\"\" class=\"wp-image-23258 lazyload\" data-sizes=\"auto\" data-srcset=\"https:\/\/buletin.de\/bucuresti\/wp-content\/uploads\/image-607-900x288.png 900w, https:\/\/buletin.de\/bucuresti\/wp-content\/uploads\/image-607-300x96.png 300w, https:\/\/buletin.de\/bucuresti\/wp-content\/uploads\/image-607-768x246.png 768w, https:\/\/buletin.de\/bucuresti\/wp-content\/uploads\/image-607-1060x339.png 1060w, https:\/\/buletin.de\/bucuresti\/wp-content\/uploads\/image-607-550x176.png 550w, https:\/\/buletin.de\/bucuresti\/wp-content\/uploads\/image-607-600x192.png 600w, https:\/\/buletin.de\/bucuresti\/wp-content\/uploads\/image-607.png 1323w\" sizes=\"(max-width: 900px) 100vw, 900px\" \/><\/figure>\n\n\n\n<p><\/p>\n\n\n\n<p class=\"has-text-align-left\"><\/p>\n\n\n\n<p><\/p>\n","protected":false},"excerpt":{"rendered":"<p>Comitetul Na\u021bional de Coordonare a Activit\u0103\u021bilor privid Vaccinarea \u00eempotriva COVID-19 (CNCAV) a anun\u021bat c\u0103 vaccinarea cu Astra Zeneca este la liber. E suficient ca, cei care doresc s\u0103 se imunizeze cu serul de la Astra Zeneca s\u0103 se prezinte la un centru de vaccinare, care are locuri libere, cu o carte de identitate. Va primi [&hellip;]<\/p>\n","protected":false},"author":18,"featured_media":23259,"comment_status":"closed","ping_status":"open","sticky":false,"template":"","format":"standard","meta":{"_acf_changed":false,"inline_featured_image":false,"ngg_post_thumbnail":0,"footnotes":""},"categories":[996,62],"tags":[2367,2576],"ppma_author":[22579],"class_list":["post-23253","post","type-post","status-publish","format-standard","has-post-thumbnail","hentry","category-covid-19","category-stiri","tag-astra-zeneca","tag-locuri-libere-vaccinare"],"acf":[],"yoast_head":"<!-- This site is optimized with the Yoast SEO Premium plugin v25.3 (Yoast SEO v27.4) - https:\/\/yoast.com\/product\/yoast-seo-premium-wordpress\/ -->\n<title>Mii de locuri libere la vaccinare cu Astra Zeneca, \u00een Bucure\u0219ti, Ilfov \u0219i jude\u021bele limotrofe | Moderna e disponibil la Fete\u0219ti \u0219i Fierbin\u021bi - Buletin de Bucure\u0219ti<\/title>\n<meta name=\"robots\" content=\"index, follow, max-snippet:-1, max-image-preview:large, max-video-preview:-1\" \/>\n<link rel=\"canonical\" href=\"https:\/\/buletin.de\/bucuresti\/mii-de-locuri-libere-la-vaccinare-cu-astra-zeneca-in-bucuresti-ilfov-si-judetele-limotrofe-moderna-e-dispobil-la-fetesti-si-fierbinti\/\" \/>\n<meta property=\"og:locale\" content=\"en_GB\" \/>\n<meta property=\"og:type\" content=\"article\" \/>\n<meta property=\"og:title\" content=\"Mii de locuri libere la vaccinare cu Astra Zeneca, \u00een Bucure\u0219ti, Ilfov \u0219i jude\u021bele limotrofe | Moderna e disponibil la Fete\u0219ti \u0219i Fierbin\u021bi\" \/>\n<meta property=\"og:description\" content=\"Comitetul Na\u021bional de Coordonare a Activit\u0103\u021bilor privid Vaccinarea \u00eempotriva COVID-19 (CNCAV) a anun\u021bat c\u0103 vaccinarea cu Astra Zeneca este la liber. E suficient ca, cei care doresc s\u0103 se imunizeze cu serul de la Astra Zeneca s\u0103 se prezinte la un centru de vaccinare, care are locuri libere, cu o carte de identitate. Va primi [&hellip;]\" \/>\n<meta property=\"og:url\" content=\"https:\/\/buletin.de\/bucuresti\/mii-de-locuri-libere-la-vaccinare-cu-astra-zeneca-in-bucuresti-ilfov-si-judetele-limotrofe-moderna-e-dispobil-la-fetesti-si-fierbinti\/\" \/>\n<meta property=\"og:site_name\" content=\"Buletin de Bucure\u0219ti\" \/>\n<meta property=\"article:publisher\" content=\"https:\/\/www.facebook.com\/buletin.de.buc\" \/>\n<meta property=\"article:published_time\" content=\"2021-04-13T11:25:58+00:00\" \/>\n<meta property=\"article:modified_time\" content=\"2021-04-13T11:27:52+00:00\" \/>\n<meta property=\"og:image\" content=\"https:\/\/buletin.de\/bucuresti\/wp-content\/uploads\/mufid-majnun-cM1aU42FnRg-unsplash-scaled.jpg\" \/>\n\t<meta property=\"og:image:width\" content=\"2560\" \/>\n\t<meta property=\"og:image:height\" content=\"1707\" \/>\n\t<meta property=\"og:image:type\" content=\"image\/jpeg\" \/>\n<meta name=\"author\" content=\"Teodora Stroe\" \/>\n<meta name=\"twitter:card\" content=\"summary_large_image\" \/>\n<meta name=\"twitter:label1\" content=\"Written by\" \/>\n\t<meta name=\"twitter:data1\" content=\"Teodora Stroe\" \/>\n\t<meta name=\"twitter:label2\" content=\"Estimated reading time\" \/>\n\t<meta name=\"twitter:data2\" content=\"2 minutes\" \/>\n<script type=\"application\/ld+json\" class=\"yoast-schema-graph\">{\"@context\":\"https:\\\/\\\/schema.org\",\"@graph\":[{\"@type\":\"Article\",\"@id\":\"https:\\\/\\\/buletin.de\\\/bucuresti\\\/mii-de-locuri-libere-la-vaccinare-cu-astra-zeneca-in-bucuresti-ilfov-si-judetele-limotrofe-moderna-e-dispobil-la-fetesti-si-fierbinti\\\/#article\",\"isPartOf\":{\"@id\":\"https:\\\/\\\/buletin.de\\\/bucuresti\\\/mii-de-locuri-libere-la-vaccinare-cu-astra-zeneca-in-bucuresti-ilfov-si-judetele-limotrofe-moderna-e-dispobil-la-fetesti-si-fierbinti\\\/\"},\"author\":{\"name\":\"Teodora Stroe\",\"@id\":\"https:\\\/\\\/buletin.de\\\/bucuresti\\\/#\\\/schema\\\/person\\\/d369d7ddc775abece205795e0b804614\"},\"headline\":\"Mii de locuri libere la vaccinare cu Astra Zeneca, \u00een Bucure\u0219ti, Ilfov \u0219i jude\u021bele limotrofe | Moderna e disponibil la Fete\u0219ti \u0219i Fierbin\u021bi\",\"datePublished\":\"2021-04-13T11:25:58+00:00\",\"dateModified\":\"2021-04-13T11:27:52+00:00\",\"mainEntityOfPage\":{\"@id\":\"https:\\\/\\\/buletin.de\\\/bucuresti\\\/mii-de-locuri-libere-la-vaccinare-cu-astra-zeneca-in-bucuresti-ilfov-si-judetele-limotrofe-moderna-e-dispobil-la-fetesti-si-fierbinti\\\/\"},\"wordCount\":218,\"publisher\":{\"@id\":\"https:\\\/\\\/buletin.de\\\/bucuresti\\\/#organization\"},\"image\":{\"@id\":\"https:\\\/\\\/buletin.de\\\/bucuresti\\\/mii-de-locuri-libere-la-vaccinare-cu-astra-zeneca-in-bucuresti-ilfov-si-judetele-limotrofe-moderna-e-dispobil-la-fetesti-si-fierbinti\\\/#primaryimage\"},\"thumbnailUrl\":\"https:\\\/\\\/buletin.de\\\/bucuresti\\\/wp-content\\\/uploads\\\/mufid-majnun-cM1aU42FnRg-unsplash-scaled.jpg\",\"keywords\":[\"astra zeneca\",\"locuri libere vaccinare\"],\"articleSection\":[\"Covid-19\",\"\u0218tiri\"],\"inLanguage\":\"en-GB\",\"copyrightYear\":\"2021\",\"copyrightHolder\":{\"@id\":\"https:\\\/\\\/buletin.de\\\/bucuresti\\\/#organization\"}},{\"@type\":\"WebPage\",\"@id\":\"https:\\\/\\\/buletin.de\\\/bucuresti\\\/mii-de-locuri-libere-la-vaccinare-cu-astra-zeneca-in-bucuresti-ilfov-si-judetele-limotrofe-moderna-e-dispobil-la-fetesti-si-fierbinti\\\/\",\"url\":\"https:\\\/\\\/buletin.de\\\/bucuresti\\\/mii-de-locuri-libere-la-vaccinare-cu-astra-zeneca-in-bucuresti-ilfov-si-judetele-limotrofe-moderna-e-dispobil-la-fetesti-si-fierbinti\\\/\",\"name\":\"Mii de locuri libere la vaccinare cu Astra Zeneca, \u00een Bucure\u0219ti, Ilfov \u0219i jude\u021bele limotrofe | Moderna e disponibil la Fete\u0219ti \u0219i Fierbin\u021bi - Buletin de Bucure\u0219ti\",\"isPartOf\":{\"@id\":\"https:\\\/\\\/buletin.de\\\/bucuresti\\\/#website\"},\"primaryImageOfPage\":{\"@id\":\"https:\\\/\\\/buletin.de\\\/bucuresti\\\/mii-de-locuri-libere-la-vaccinare-cu-astra-zeneca-in-bucuresti-ilfov-si-judetele-limotrofe-moderna-e-dispobil-la-fetesti-si-fierbinti\\\/#primaryimage\"},\"image\":{\"@id\":\"https:\\\/\\\/buletin.de\\\/bucuresti\\\/mii-de-locuri-libere-la-vaccinare-cu-astra-zeneca-in-bucuresti-ilfov-si-judetele-limotrofe-moderna-e-dispobil-la-fetesti-si-fierbinti\\\/#primaryimage\"},\"thumbnailUrl\":\"https:\\\/\\\/buletin.de\\\/bucuresti\\\/wp-content\\\/uploads\\\/mufid-majnun-cM1aU42FnRg-unsplash-scaled.jpg\",\"datePublished\":\"2021-04-13T11:25:58+00:00\",\"dateModified\":\"2021-04-13T11:27:52+00:00\",\"breadcrumb\":{\"@id\":\"https:\\\/\\\/buletin.de\\\/bucuresti\\\/mii-de-locuri-libere-la-vaccinare-cu-astra-zeneca-in-bucuresti-ilfov-si-judetele-limotrofe-moderna-e-dispobil-la-fetesti-si-fierbinti\\\/#breadcrumb\"},\"inLanguage\":\"en-GB\",\"potentialAction\":[{\"@type\":\"ReadAction\",\"target\":[\"https:\\\/\\\/buletin.de\\\/bucuresti\\\/mii-de-locuri-libere-la-vaccinare-cu-astra-zeneca-in-bucuresti-ilfov-si-judetele-limotrofe-moderna-e-dispobil-la-fetesti-si-fierbinti\\\/\"]}]},{\"@type\":\"ImageObject\",\"inLanguage\":\"en-GB\",\"@id\":\"https:\\\/\\\/buletin.de\\\/bucuresti\\\/mii-de-locuri-libere-la-vaccinare-cu-astra-zeneca-in-bucuresti-ilfov-si-judetele-limotrofe-moderna-e-dispobil-la-fetesti-si-fierbinti\\\/#primaryimage\",\"url\":\"https:\\\/\\\/buletin.de\\\/bucuresti\\\/wp-content\\\/uploads\\\/mufid-majnun-cM1aU42FnRg-unsplash-scaled.jpg\",\"contentUrl\":\"https:\\\/\\\/buletin.de\\\/bucuresti\\\/wp-content\\\/uploads\\\/mufid-majnun-cM1aU42FnRg-unsplash-scaled.jpg\",\"width\":2560,\"height\":1707},{\"@type\":\"BreadcrumbList\",\"@id\":\"https:\\\/\\\/buletin.de\\\/bucuresti\\\/mii-de-locuri-libere-la-vaccinare-cu-astra-zeneca-in-bucuresti-ilfov-si-judetele-limotrofe-moderna-e-dispobil-la-fetesti-si-fierbinti\\\/#breadcrumb\",\"itemListElement\":[{\"@type\":\"ListItem\",\"position\":1,\"name\":\"Acas\u0103\",\"item\":\"https:\\\/\\\/buletin.de\\\/bucuresti\\\/\"},{\"@type\":\"ListItem\",\"position\":2,\"name\":\"Mii de locuri libere la vaccinare cu Astra Zeneca, \u00een Bucure\u0219ti, Ilfov \u0219i jude\u021bele limotrofe | Moderna e disponibil la Fete\u0219ti \u0219i Fierbin\u021bi\"}]},{\"@type\":\"WebSite\",\"@id\":\"https:\\\/\\\/buletin.de\\\/bucuresti\\\/#website\",\"url\":\"https:\\\/\\\/buletin.de\\\/bucuresti\\\/\",\"name\":\"Buletin de Bucure\u0219ti\",\"description\":\"\u0218tiri \u0219i investiga\u021bii esen\u021biale din capital\u0103\",\"publisher\":{\"@id\":\"https:\\\/\\\/buletin.de\\\/bucuresti\\\/#organization\"},\"potentialAction\":[{\"@type\":\"SearchAction\",\"target\":{\"@type\":\"EntryPoint\",\"urlTemplate\":\"https:\\\/\\\/buletin.de\\\/bucuresti\\\/?s={search_term_string}\"},\"query-input\":{\"@type\":\"PropertyValueSpecification\",\"valueRequired\":true,\"valueName\":\"search_term_string\"}}],\"inLanguage\":\"en-GB\"},{\"@type\":\"Organization\",\"@id\":\"https:\\\/\\\/buletin.de\\\/bucuresti\\\/#organization\",\"name\":\"Buletin de Bucure\u0219ti\",\"url\":\"https:\\\/\\\/buletin.de\\\/bucuresti\\\/\",\"logo\":{\"@type\":\"ImageObject\",\"inLanguage\":\"en-GB\",\"@id\":\"https:\\\/\\\/buletin.de\\\/bucuresti\\\/#\\\/schema\\\/logo\\\/image\\\/\",\"url\":\"https:\\\/\\\/buletin.de\\\/bucuresti\\\/wp-content\\\/uploads\\\/logo-bdb-full-wide-vernil-transparent.png\",\"contentUrl\":\"https:\\\/\\\/buletin.de\\\/bucuresti\\\/wp-content\\\/uploads\\\/logo-bdb-full-wide-vernil-transparent.png\",\"width\":1782,\"height\":626,\"caption\":\"Buletin de Bucure\u0219ti\"},\"image\":{\"@id\":\"https:\\\/\\\/buletin.de\\\/bucuresti\\\/#\\\/schema\\\/logo\\\/image\\\/\"},\"sameAs\":[\"https:\\\/\\\/www.facebook.com\\\/buletin.de.buc\",\"https:\\\/\\\/www.instagram.com\\\/buletinde.bucuresti\\\/\"]},{\"@type\":\"Person\",\"@id\":\"https:\\\/\\\/buletin.de\\\/bucuresti\\\/#\\\/schema\\\/person\\\/d369d7ddc775abece205795e0b804614\",\"name\":\"Teodora Stroe\",\"image\":{\"@type\":\"ImageObject\",\"inLanguage\":\"en-GB\",\"@id\":\"https:\\\/\\\/secure.gravatar.com\\\/avatar\\\/2560b4cd9f5f1bc100b123158e657d75584bd1c3e1d9c69285720b9457c1b78d?s=96&d=monsterid&r=gc104800242ba5f2d78dd5d7dc4df08b6\",\"url\":\"https:\\\/\\\/secure.gravatar.com\\\/avatar\\\/2560b4cd9f5f1bc100b123158e657d75584bd1c3e1d9c69285720b9457c1b78d?s=96&d=monsterid&r=g\",\"contentUrl\":\"https:\\\/\\\/secure.gravatar.com\\\/avatar\\\/2560b4cd9f5f1bc100b123158e657d75584bd1c3e1d9c69285720b9457c1b78d?s=96&d=monsterid&r=g\",\"caption\":\"Teodora Stroe\"},\"url\":\"https:\\\/\\\/buletin.de\\\/bucuresti\\\/author\\\/simonacarlugea\\\/\"}]}<\/script>\n<!-- \/ Yoast SEO Premium plugin. -->","yoast_head_json":{"title":"Mii de locuri libere la vaccinare cu Astra Zeneca, \u00een Bucure\u0219ti, Ilfov \u0219i jude\u021bele limotrofe | Moderna e disponibil la Fete\u0219ti \u0219i Fierbin\u021bi - Buletin de Bucure\u0219ti","robots":{"index":"index","follow":"follow","max-snippet":"max-snippet:-1","max-image-preview":"max-image-preview:large","max-video-preview":"max-video-preview:-1"},"canonical":"https:\/\/buletin.de\/bucuresti\/mii-de-locuri-libere-la-vaccinare-cu-astra-zeneca-in-bucuresti-ilfov-si-judetele-limotrofe-moderna-e-dispobil-la-fetesti-si-fierbinti\/","og_locale":"en_GB","og_type":"article","og_title":"Mii de locuri libere la vaccinare cu Astra Zeneca, \u00een Bucure\u0219ti, Ilfov \u0219i jude\u021bele limotrofe | Moderna e disponibil la Fete\u0219ti \u0219i Fierbin\u021bi","og_description":"Comitetul Na\u021bional de Coordonare a Activit\u0103\u021bilor privid Vaccinarea \u00eempotriva COVID-19 (CNCAV) a anun\u021bat c\u0103 vaccinarea cu Astra Zeneca este la liber. E suficient ca, cei care doresc s\u0103 se imunizeze cu serul de la Astra Zeneca s\u0103 se prezinte la un centru de vaccinare, care are locuri libere, cu o carte de identitate. Va primi [&hellip;]","og_url":"https:\/\/buletin.de\/bucuresti\/mii-de-locuri-libere-la-vaccinare-cu-astra-zeneca-in-bucuresti-ilfov-si-judetele-limotrofe-moderna-e-dispobil-la-fetesti-si-fierbinti\/","og_site_name":"Buletin de Bucure\u0219ti","article_publisher":"https:\/\/www.facebook.com\/buletin.de.buc","article_published_time":"2021-04-13T11:25:58+00:00","article_modified_time":"2021-04-13T11:27:52+00:00","og_image":[{"width":2560,"height":1707,"url":"https:\/\/buletin.de\/bucuresti\/wp-content\/uploads\/mufid-majnun-cM1aU42FnRg-unsplash-scaled.jpg","type":"image\/jpeg"}],"author":"Teodora Stroe","twitter_card":"summary_large_image","twitter_misc":{"Written by":"Teodora Stroe","Estimated reading time":"2 minutes"},"schema":{"@context":"https:\/\/schema.org","@graph":[{"@type":"Article","@id":"https:\/\/buletin.de\/bucuresti\/mii-de-locuri-libere-la-vaccinare-cu-astra-zeneca-in-bucuresti-ilfov-si-judetele-limotrofe-moderna-e-dispobil-la-fetesti-si-fierbinti\/#article","isPartOf":{"@id":"https:\/\/buletin.de\/bucuresti\/mii-de-locuri-libere-la-vaccinare-cu-astra-zeneca-in-bucuresti-ilfov-si-judetele-limotrofe-moderna-e-dispobil-la-fetesti-si-fierbinti\/"},"author":{"name":"Teodora Stroe","@id":"https:\/\/buletin.de\/bucuresti\/#\/schema\/person\/d369d7ddc775abece205795e0b804614"},"headline":"Mii de locuri libere la vaccinare cu Astra Zeneca, \u00een Bucure\u0219ti, Ilfov \u0219i jude\u021bele limotrofe | Moderna e disponibil la Fete\u0219ti \u0219i Fierbin\u021bi","datePublished":"2021-04-13T11:25:58+00:00","dateModified":"2021-04-13T11:27:52+00:00","mainEntityOfPage":{"@id":"https:\/\/buletin.de\/bucuresti\/mii-de-locuri-libere-la-vaccinare-cu-astra-zeneca-in-bucuresti-ilfov-si-judetele-limotrofe-moderna-e-dispobil-la-fetesti-si-fierbinti\/"},"wordCount":218,"publisher":{"@id":"https:\/\/buletin.de\/bucuresti\/#organization"},"image":{"@id":"https:\/\/buletin.de\/bucuresti\/mii-de-locuri-libere-la-vaccinare-cu-astra-zeneca-in-bucuresti-ilfov-si-judetele-limotrofe-moderna-e-dispobil-la-fetesti-si-fierbinti\/#primaryimage"},"thumbnailUrl":"https:\/\/buletin.de\/bucuresti\/wp-content\/uploads\/mufid-majnun-cM1aU42FnRg-unsplash-scaled.jpg","keywords":["astra zeneca","locuri libere vaccinare"],"articleSection":["Covid-19","\u0218tiri"],"inLanguage":"en-GB","copyrightYear":"2021","copyrightHolder":{"@id":"https:\/\/buletin.de\/bucuresti\/#organization"}},{"@type":"WebPage","@id":"https:\/\/buletin.de\/bucuresti\/mii-de-locuri-libere-la-vaccinare-cu-astra-zeneca-in-bucuresti-ilfov-si-judetele-limotrofe-moderna-e-dispobil-la-fetesti-si-fierbinti\/","url":"https:\/\/buletin.de\/bucuresti\/mii-de-locuri-libere-la-vaccinare-cu-astra-zeneca-in-bucuresti-ilfov-si-judetele-limotrofe-moderna-e-dispobil-la-fetesti-si-fierbinti\/","name":"Mii de locuri libere la vaccinare cu Astra Zeneca, \u00een Bucure\u0219ti, Ilfov \u0219i jude\u021bele limotrofe | Moderna e disponibil la Fete\u0219ti \u0219i Fierbin\u021bi - Buletin de Bucure\u0219ti","isPartOf":{"@id":"https:\/\/buletin.de\/bucuresti\/#website"},"primaryImageOfPage":{"@id":"https:\/\/buletin.de\/bucuresti\/mii-de-locuri-libere-la-vaccinare-cu-astra-zeneca-in-bucuresti-ilfov-si-judetele-limotrofe-moderna-e-dispobil-la-fetesti-si-fierbinti\/#primaryimage"},"image":{"@id":"https:\/\/buletin.de\/bucuresti\/mii-de-locuri-libere-la-vaccinare-cu-astra-zeneca-in-bucuresti-ilfov-si-judetele-limotrofe-moderna-e-dispobil-la-fetesti-si-fierbinti\/#primaryimage"},"thumbnailUrl":"https:\/\/buletin.de\/bucuresti\/wp-content\/uploads\/mufid-majnun-cM1aU42FnRg-unsplash-scaled.jpg","datePublished":"2021-04-13T11:25:58+00:00","dateModified":"2021-04-13T11:27:52+00:00","breadcrumb":{"@id":"https:\/\/buletin.de\/bucuresti\/mii-de-locuri-libere-la-vaccinare-cu-astra-zeneca-in-bucuresti-ilfov-si-judetele-limotrofe-moderna-e-dispobil-la-fetesti-si-fierbinti\/#breadcrumb"},"inLanguage":"en-GB","potentialAction":[{"@type":"ReadAction","target":["https:\/\/buletin.de\/bucuresti\/mii-de-locuri-libere-la-vaccinare-cu-astra-zeneca-in-bucuresti-ilfov-si-judetele-limotrofe-moderna-e-dispobil-la-fetesti-si-fierbinti\/"]}]},{"@type":"ImageObject","inLanguage":"en-GB","@id":"https:\/\/buletin.de\/bucuresti\/mii-de-locuri-libere-la-vaccinare-cu-astra-zeneca-in-bucuresti-ilfov-si-judetele-limotrofe-moderna-e-dispobil-la-fetesti-si-fierbinti\/#primaryimage","url":"https:\/\/buletin.de\/bucuresti\/wp-content\/uploads\/mufid-majnun-cM1aU42FnRg-unsplash-scaled.jpg","contentUrl":"https:\/\/buletin.de\/bucuresti\/wp-content\/uploads\/mufid-majnun-cM1aU42FnRg-unsplash-scaled.jpg","width":2560,"height":1707},{"@type":"BreadcrumbList","@id":"https:\/\/buletin.de\/bucuresti\/mii-de-locuri-libere-la-vaccinare-cu-astra-zeneca-in-bucuresti-ilfov-si-judetele-limotrofe-moderna-e-dispobil-la-fetesti-si-fierbinti\/#breadcrumb","itemListElement":[{"@type":"ListItem","position":1,"name":"Acas\u0103","item":"https:\/\/buletin.de\/bucuresti\/"},{"@type":"ListItem","position":2,"name":"Mii de locuri libere la vaccinare cu Astra Zeneca, \u00een Bucure\u0219ti, Ilfov \u0219i jude\u021bele limotrofe | Moderna e disponibil la Fete\u0219ti \u0219i Fierbin\u021bi"}]},{"@type":"WebSite","@id":"https:\/\/buletin.de\/bucuresti\/#website","url":"https:\/\/buletin.de\/bucuresti\/","name":"Buletin de Bucure\u0219ti","description":"\u0218tiri \u0219i investiga\u021bii esen\u021biale din capital\u0103","publisher":{"@id":"https:\/\/buletin.de\/bucuresti\/#organization"},"potentialAction":[{"@type":"SearchAction","target":{"@type":"EntryPoint","urlTemplate":"https:\/\/buletin.de\/bucuresti\/?s={search_term_string}"},"query-input":{"@type":"PropertyValueSpecification","valueRequired":true,"valueName":"search_term_string"}}],"inLanguage":"en-GB"},{"@type":"Organization","@id":"https:\/\/buletin.de\/bucuresti\/#organization","name":"Buletin de Bucure\u0219ti","url":"https:\/\/buletin.de\/bucuresti\/","logo":{"@type":"ImageObject","inLanguage":"en-GB","@id":"https:\/\/buletin.de\/bucuresti\/#\/schema\/logo\/image\/","url":"https:\/\/buletin.de\/bucuresti\/wp-content\/uploads\/logo-bdb-full-wide-vernil-transparent.png","contentUrl":"https:\/\/buletin.de\/bucuresti\/wp-content\/uploads\/logo-bdb-full-wide-vernil-transparent.png","width":1782,"height":626,"caption":"Buletin de Bucure\u0219ti"},"image":{"@id":"https:\/\/buletin.de\/bucuresti\/#\/schema\/logo\/image\/"},"sameAs":["https:\/\/www.facebook.com\/buletin.de.buc","https:\/\/www.instagram.com\/buletinde.bucuresti\/"]},{"@type":"Person","@id":"https:\/\/buletin.de\/bucuresti\/#\/schema\/person\/d369d7ddc775abece205795e0b804614","name":"Teodora Stroe","image":{"@type":"ImageObject","inLanguage":"en-GB","@id":"https:\/\/secure.gravatar.com\/avatar\/2560b4cd9f5f1bc100b123158e657d75584bd1c3e1d9c69285720b9457c1b78d?s=96&d=monsterid&r=gc104800242ba5f2d78dd5d7dc4df08b6","url":"https:\/\/secure.gravatar.com\/avatar\/2560b4cd9f5f1bc100b123158e657d75584bd1c3e1d9c69285720b9457c1b78d?s=96&d=monsterid&r=g","contentUrl":"https:\/\/secure.gravatar.com\/avatar\/2560b4cd9f5f1bc100b123158e657d75584bd1c3e1d9c69285720b9457c1b78d?s=96&d=monsterid&r=g","caption":"Teodora Stroe"},"url":"https:\/\/buletin.de\/bucuresti\/author\/simonacarlugea\/"}]}},"authors":[{"term_id":22579,"user_id":18,"is_guest":0,"slug":"simonacarlugea","display_name":"Teodora Stroe","avatar_url":"https:\/\/secure.gravatar.com\/avatar\/2560b4cd9f5f1bc100b123158e657d75584bd1c3e1d9c69285720b9457c1b78d?s=96&d=monsterid&r=g","0":null,"1":"","2":"","3":"","4":"","5":"","6":"","7":"","8":""}],"_links":{"self":[{"href":"https:\/\/buletin.de\/bucuresti\/wp-json\/wp\/v2\/posts\/23253","targetHints":{"allow":["GET"]}}],"collection":[{"href":"https:\/\/buletin.de\/bucuresti\/wp-json\/wp\/v2\/posts"}],"about":[{"href":"https:\/\/buletin.de\/bucuresti\/wp-json\/wp\/v2\/types\/post"}],"author":[{"embeddable":true,"href":"https:\/\/buletin.de\/bucuresti\/wp-json\/wp\/v2\/users\/18"}],"replies":[{"embeddable":true,"href":"https:\/\/buletin.de\/bucuresti\/wp-json\/wp\/v2\/comments?post=23253"}],"version-history":[{"count":5,"href":"https:\/\/buletin.de\/bucuresti\/wp-json\/wp\/v2\/posts\/23253\/revisions"}],"predecessor-version":[{"id":23263,"href":"https:\/\/buletin.de\/bucuresti\/wp-json\/wp\/v2\/posts\/23253\/revisions\/23263"}],"wp:featuredmedia":[{"embeddable":true,"href":"https:\/\/buletin.de\/bucuresti\/wp-json\/wp\/v2\/media\/23259"}],"wp:attachment":[{"href":"https:\/\/buletin.de\/bucuresti\/wp-json\/wp\/v2\/media?parent=23253"}],"wp:term":[{"taxonomy":"category","embeddable":true,"href":"https:\/\/buletin.de\/bucuresti\/wp-json\/wp\/v2\/categories?post=23253"},{"taxonomy":"post_tag","embeddable":true,"href":"https:\/\/buletin.de\/bucuresti\/wp-json\/wp\/v2\/tags?post=23253"},{"taxonomy":"author","embeddable":true,"href":"https:\/\/buletin.de\/bucuresti\/wp-json\/wp\/v2\/ppma_author?post=23253"}],"curies":[{"name":"wp","href":"https:\/\/api.w.org\/{rel}","templated":true}]}}