{"id":23239,"date":"2021-04-13T10:57:00","date_gmt":"2021-04-13T07:57:00","guid":{"rendered":"https:\/\/buletin.de\/bucuresti\/?p=23239"},"modified":"2021-04-13T10:57:00","modified_gmt":"2021-04-13T07:57:00","slug":"sectorul-1-demolarea-chioscurilor-ilegale-din-subteran-continua-la-statia-basarab","status":"publish","type":"post","link":"https:\/\/buletin.de\/bucuresti\/sectorul-1-demolarea-chioscurilor-ilegale-din-subteran-continua-la-statia-basarab\/","title":{"rendered":"Sectorul 1 | Demolarea chio\u0219curilor ilegale din subteran continu\u0103 la sta\u021bia Basarab"},"content":{"rendered":"\n<p>Primarul Sectorului 1, Clotilde Armand, a anun\u021bat, mar\u021bi diminea\u021b\u0103, \u00eentr-o postare pe Facebook, c\u0103 au fost demolate primele magazine amplasate ilegal la sta\u021bia de metrou Basarab. Continu\u0103, astfel, ac\u021biunea care a \u00eenceput s\u0103pt\u0103m\u00e2na trecut\u0103 \u00een Sectorul 2, la sta\u021bia \u0218tefan cel Mare.<\/p>\n\n\n\n<figure class=\"wp-block-image size-large\"><img fetchpriority=\"high\" decoding=\"async\" width=\"611\" height=\"717\" src=\"data:image\/gif;base64,R0lGODlhAQABAAAAACH5BAEKAAEALAAAAAABAAEAAAICTAEAOw==\" data-src=\"https:\/\/buletin.de\/bucuresti\/wp-content\/uploads\/fbca.png\" alt=\"\" class=\"wp-image-23240 lazyload\" data-sizes=\"auto\" data-srcset=\"https:\/\/buletin.de\/bucuresti\/wp-content\/uploads\/fbca.png 611w, https:\/\/buletin.de\/bucuresti\/wp-content\/uploads\/fbca-256x300.png 256w, https:\/\/buletin.de\/bucuresti\/wp-content\/uploads\/fbca-550x645.png 550w, https:\/\/buletin.de\/bucuresti\/wp-content\/uploads\/fbca-426x500.png 426w, https:\/\/buletin.de\/bucuresti\/wp-content\/uploads\/fbca-600x704.png 600w\" sizes=\"(max-width: 611px) 100vw, 611px\" \/><\/figure>\n\n\n\n<p>\u201cAu fost date jos primele construc\u021bii ilegale de la sta\u021bia de metrou Basarab. Vom continua s\u0103 punem legea \u00een aplicare \u0219i la celelalte sta\u021bii de metrou de pe raza Sectorului 1. Comercian\u021bii care au avut aceste spa\u021bii vor fi ajuta\u021bi de prim\u0103rie s\u0103-\u0219i desf\u0103\u0219oare activitatea \u00een alt\u0103 zon\u0103\u201d, se arat\u0103 \u00een mesajul transmis de Clotilde Armand.<\/p>\n\n\n\n<p>Lucr\u0103rile de demolare \u00eencepute s\u0103pt\u0103m\u00e2na trecut\u0103 au generat reac\u021bii de nemul\u021bumire din partea comercian\u021bilor \u0219i a fost nevoie de interven\u021bia jandarmilor. Eliberarea spa\u021biilor din subteran vine \u00een contextul \u00een care, \u00een martie, Metrorex a anun\u021bat c\u0103, \u00eenc\u0103 din 2018, contractul de asociere \u00een participa\u021biune dintre compania de transport \u0219i firma sindicatului USLM, a ajuns la termen, astfel c\u0103 ocuparea spa\u021biilor de c\u0103tre chio\u0219curi este \u00een afara legii. Au urmat proteste din partea lucr\u0103torilor de la metrou, care au cobor\u00e2t pe c\u0103ile de circula\u021bie bloc\u00e2nd circula\u021bia trenurilor.<\/p>\n\n\n\n<p>Prim-ministrul Florin C\u00ee\u021bu l-a acuzat de organizarea protestelor pe Ion R\u0103doi, fost deputat PSD \u0219i liderul sindicatului USLM \u0219i a numit protestul \u201cilegal\u201d \u0219i \u0219antaj \u201c\u00een stil mafiot\u201d. \u00cen replic\u0103, sindicatul USLM a transmis, printr-un comunicat de pres\u0103, c\u0103 toate magazinele de la metrou au fost construite conform legii \u0219i cu aprobarea Metrorex \u0219i c\u0103 80% dintre acestea sunt de\u021binute de sindicatele din metrou.<\/p>\n\n\n\n<p>\u201cAc\u021biunile de ast\u0103zi \u0219i scandalul f\u0103cut de oamenii liderului de cartel, R\u0103doi, sunt o ultim\u0103 zv\u00e2cnire a mafiei\u201d, a transmis \u0219i ministrul Transporturilor, C\u0103t\u0103lin Drul\u0103, \u00eentr-o conferin\u021b\u0103 de pres\u0103. Acesta a anun\u021bat c\u0103 ac\u021biunea de demolare a chio\u0219curilor va continua \u00een toate sectoarele Bucure\u0219tiului.<\/p>\n","protected":false},"excerpt":{"rendered":"<p>Primarul Sectorului 1, Clotilde Armand, a anun\u021bat, mar\u021bi diminea\u021b\u0103, \u00eentr-o postare pe Facebook, c\u0103 au fost demolate primele magazine amplasate ilegal la sta\u021bia de metrou Basarab. Continu\u0103, astfel, ac\u021biunea care a \u00eenceput s\u0103pt\u0103m\u00e2na trecut\u0103 \u00een Sectorul 2, la sta\u021bia \u0218tefan cel Mare. \u201cAu fost date jos primele construc\u021bii ilegale de la sta\u021bia de metrou Basarab. [&hellip;]<\/p>\n","protected":false},"author":26,"featured_media":0,"comment_status":"closed","ping_status":"open","sticky":false,"template":"","format":"standard","meta":{"_acf_changed":false,"inline_featured_image":false,"ngg_post_thumbnail":0,"footnotes":""},"categories":[62],"tags":[],"ppma_author":[26106],"class_list":["post-23239","post","type-post","status-publish","format-standard","hentry","category-stiri"],"acf":[],"yoast_head":"<!-- This site is optimized with the Yoast SEO Premium plugin v25.3 (Yoast SEO v27.5) - https:\/\/yoast.com\/product\/yoast-seo-premium-wordpress\/ -->\n<title>Sectorul 1 | Demolarea chio\u0219curilor ilegale din subteran continu\u0103 la sta\u021bia Basarab - Buletin de Bucure\u0219ti<\/title>\n<meta name=\"robots\" content=\"index, follow, max-snippet:-1, max-image-preview:large, max-video-preview:-1\" \/>\n<link rel=\"canonical\" href=\"https:\/\/buletin.de\/bucuresti\/sectorul-1-demolarea-chioscurilor-ilegale-din-subteran-continua-la-statia-basarab\/\" \/>\n<meta property=\"og:locale\" content=\"en_GB\" \/>\n<meta property=\"og:type\" content=\"article\" \/>\n<meta property=\"og:title\" content=\"Sectorul 1 | Demolarea chio\u0219curilor ilegale din subteran continu\u0103 la sta\u021bia Basarab\" \/>\n<meta property=\"og:description\" content=\"Primarul Sectorului 1, Clotilde Armand, a anun\u021bat, mar\u021bi diminea\u021b\u0103, \u00eentr-o postare pe Facebook, c\u0103 au fost demolate primele magazine amplasate ilegal la sta\u021bia de metrou Basarab. Continu\u0103, astfel, ac\u021biunea care a \u00eenceput s\u0103pt\u0103m\u00e2na trecut\u0103 \u00een Sectorul 2, la sta\u021bia \u0218tefan cel Mare. \u201cAu fost date jos primele construc\u021bii ilegale de la sta\u021bia de metrou Basarab. [&hellip;]\" \/>\n<meta property=\"og:url\" content=\"https:\/\/buletin.de\/bucuresti\/sectorul-1-demolarea-chioscurilor-ilegale-din-subteran-continua-la-statia-basarab\/\" \/>\n<meta property=\"og:site_name\" content=\"Buletin de Bucure\u0219ti\" \/>\n<meta property=\"article:publisher\" content=\"https:\/\/www.facebook.com\/buletin.de.buc\" \/>\n<meta property=\"article:published_time\" content=\"2021-04-13T07:57:00+00:00\" \/>\n<meta property=\"og:image\" content=\"https:\/\/buletin.de\/bucuresti\/wp-content\/uploads\/fbca.png\" \/>\n<meta name=\"author\" content=\"Fredi Radu\" \/>\n<meta name=\"twitter:card\" content=\"summary_large_image\" \/>\n<meta name=\"twitter:label1\" content=\"Written by\" \/>\n\t<meta name=\"twitter:data1\" content=\"Fredi Radu\" \/>\n\t<meta name=\"twitter:label2\" content=\"Estimated reading time\" \/>\n\t<meta name=\"twitter:data2\" content=\"2 minutes\" \/>\n<script type=\"application\/ld+json\" class=\"yoast-schema-graph\">{\"@context\":\"https:\\\/\\\/schema.org\",\"@graph\":[{\"@type\":\"Article\",\"@id\":\"https:\\\/\\\/buletin.de\\\/bucuresti\\\/sectorul-1-demolarea-chioscurilor-ilegale-din-subteran-continua-la-statia-basarab\\\/#article\",\"isPartOf\":{\"@id\":\"https:\\\/\\\/buletin.de\\\/bucuresti\\\/sectorul-1-demolarea-chioscurilor-ilegale-din-subteran-continua-la-statia-basarab\\\/\"},\"author\":{\"name\":\"Fredi Radu\",\"@id\":\"https:\\\/\\\/buletin.de\\\/bucuresti\\\/#\\\/schema\\\/person\\\/af0e820905fa3334c5c1cc437d882ff3\"},\"headline\":\"Sectorul 1 | Demolarea chio\u0219curilor ilegale din subteran continu\u0103 la sta\u021bia Basarab\",\"datePublished\":\"2021-04-13T07:57:00+00:00\",\"mainEntityOfPage\":{\"@id\":\"https:\\\/\\\/buletin.de\\\/bucuresti\\\/sectorul-1-demolarea-chioscurilor-ilegale-din-subteran-continua-la-statia-basarab\\\/\"},\"wordCount\":351,\"publisher\":{\"@id\":\"https:\\\/\\\/buletin.de\\\/bucuresti\\\/#organization\"},\"image\":{\"@id\":\"https:\\\/\\\/buletin.de\\\/bucuresti\\\/sectorul-1-demolarea-chioscurilor-ilegale-din-subteran-continua-la-statia-basarab\\\/#primaryimage\"},\"thumbnailUrl\":\"https:\\\/\\\/buletin.de\\\/bucuresti\\\/wp-content\\\/uploads\\\/fbca.png\",\"articleSection\":[\"\u0218tiri\"],\"inLanguage\":\"en-GB\",\"copyrightYear\":\"2021\",\"copyrightHolder\":{\"@id\":\"https:\\\/\\\/buletin.de\\\/bucuresti\\\/#organization\"}},{\"@type\":\"WebPage\",\"@id\":\"https:\\\/\\\/buletin.de\\\/bucuresti\\\/sectorul-1-demolarea-chioscurilor-ilegale-din-subteran-continua-la-statia-basarab\\\/\",\"url\":\"https:\\\/\\\/buletin.de\\\/bucuresti\\\/sectorul-1-demolarea-chioscurilor-ilegale-din-subteran-continua-la-statia-basarab\\\/\",\"name\":\"Sectorul 1 | Demolarea chio\u0219curilor ilegale din subteran continu\u0103 la sta\u021bia Basarab - Buletin de Bucure\u0219ti\",\"isPartOf\":{\"@id\":\"https:\\\/\\\/buletin.de\\\/bucuresti\\\/#website\"},\"primaryImageOfPage\":{\"@id\":\"https:\\\/\\\/buletin.de\\\/bucuresti\\\/sectorul-1-demolarea-chioscurilor-ilegale-din-subteran-continua-la-statia-basarab\\\/#primaryimage\"},\"image\":{\"@id\":\"https:\\\/\\\/buletin.de\\\/bucuresti\\\/sectorul-1-demolarea-chioscurilor-ilegale-din-subteran-continua-la-statia-basarab\\\/#primaryimage\"},\"thumbnailUrl\":\"https:\\\/\\\/buletin.de\\\/bucuresti\\\/wp-content\\\/uploads\\\/fbca.png\",\"datePublished\":\"2021-04-13T07:57:00+00:00\",\"breadcrumb\":{\"@id\":\"https:\\\/\\\/buletin.de\\\/bucuresti\\\/sectorul-1-demolarea-chioscurilor-ilegale-din-subteran-continua-la-statia-basarab\\\/#breadcrumb\"},\"inLanguage\":\"en-GB\",\"potentialAction\":[{\"@type\":\"ReadAction\",\"target\":[\"https:\\\/\\\/buletin.de\\\/bucuresti\\\/sectorul-1-demolarea-chioscurilor-ilegale-din-subteran-continua-la-statia-basarab\\\/\"]}]},{\"@type\":\"ImageObject\",\"inLanguage\":\"en-GB\",\"@id\":\"https:\\\/\\\/buletin.de\\\/bucuresti\\\/sectorul-1-demolarea-chioscurilor-ilegale-din-subteran-continua-la-statia-basarab\\\/#primaryimage\",\"url\":\"https:\\\/\\\/buletin.de\\\/bucuresti\\\/wp-content\\\/uploads\\\/fbca.png\",\"contentUrl\":\"https:\\\/\\\/buletin.de\\\/bucuresti\\\/wp-content\\\/uploads\\\/fbca.png\",\"width\":611,\"height\":717},{\"@type\":\"BreadcrumbList\",\"@id\":\"https:\\\/\\\/buletin.de\\\/bucuresti\\\/sectorul-1-demolarea-chioscurilor-ilegale-din-subteran-continua-la-statia-basarab\\\/#breadcrumb\",\"itemListElement\":[{\"@type\":\"ListItem\",\"position\":1,\"name\":\"Acas\u0103\",\"item\":\"https:\\\/\\\/buletin.de\\\/bucuresti\\\/\"},{\"@type\":\"ListItem\",\"position\":2,\"name\":\"Sectorul 1 | Demolarea chio\u0219curilor ilegale din subteran continu\u0103 la sta\u021bia Basarab\"}]},{\"@type\":\"WebSite\",\"@id\":\"https:\\\/\\\/buletin.de\\\/bucuresti\\\/#website\",\"url\":\"https:\\\/\\\/buletin.de\\\/bucuresti\\\/\",\"name\":\"Buletin de Bucure\u0219ti\",\"description\":\"\u0218tiri \u0219i investiga\u021bii esen\u021biale din capital\u0103\",\"publisher\":{\"@id\":\"https:\\\/\\\/buletin.de\\\/bucuresti\\\/#organization\"},\"potentialAction\":[{\"@type\":\"SearchAction\",\"target\":{\"@type\":\"EntryPoint\",\"urlTemplate\":\"https:\\\/\\\/buletin.de\\\/bucuresti\\\/?s={search_term_string}\"},\"query-input\":{\"@type\":\"PropertyValueSpecification\",\"valueRequired\":true,\"valueName\":\"search_term_string\"}}],\"inLanguage\":\"en-GB\"},{\"@type\":\"Organization\",\"@id\":\"https:\\\/\\\/buletin.de\\\/bucuresti\\\/#organization\",\"name\":\"Buletin de Bucure\u0219ti\",\"url\":\"https:\\\/\\\/buletin.de\\\/bucuresti\\\/\",\"logo\":{\"@type\":\"ImageObject\",\"inLanguage\":\"en-GB\",\"@id\":\"https:\\\/\\\/buletin.de\\\/bucuresti\\\/#\\\/schema\\\/logo\\\/image\\\/\",\"url\":\"https:\\\/\\\/buletin.de\\\/bucuresti\\\/wp-content\\\/uploads\\\/logo-bdb-full-wide-vernil-transparent.png\",\"contentUrl\":\"https:\\\/\\\/buletin.de\\\/bucuresti\\\/wp-content\\\/uploads\\\/logo-bdb-full-wide-vernil-transparent.png\",\"width\":1782,\"height\":626,\"caption\":\"Buletin de Bucure\u0219ti\"},\"image\":{\"@id\":\"https:\\\/\\\/buletin.de\\\/bucuresti\\\/#\\\/schema\\\/logo\\\/image\\\/\"},\"sameAs\":[\"https:\\\/\\\/www.facebook.com\\\/buletin.de.buc\",\"https:\\\/\\\/www.instagram.com\\\/buletinde.bucuresti\\\/\"]},{\"@type\":\"Person\",\"@id\":\"https:\\\/\\\/buletin.de\\\/bucuresti\\\/#\\\/schema\\\/person\\\/af0e820905fa3334c5c1cc437d882ff3\",\"name\":\"Fredi Radu\",\"image\":{\"@type\":\"ImageObject\",\"inLanguage\":\"en-GB\",\"@id\":\"https:\\\/\\\/secure.gravatar.com\\\/avatar\\\/6601925ca6cb7a4d8aa653d20ebe68e0588c85daaebac2407463e3dfff63599c?s=96&d=monsterid&r=g0c80ca1df7ee47b93a354c9d2ba58e97\",\"url\":\"https:\\\/\\\/secure.gravatar.com\\\/avatar\\\/6601925ca6cb7a4d8aa653d20ebe68e0588c85daaebac2407463e3dfff63599c?s=96&d=monsterid&r=g\",\"contentUrl\":\"https:\\\/\\\/secure.gravatar.com\\\/avatar\\\/6601925ca6cb7a4d8aa653d20ebe68e0588c85daaebac2407463e3dfff63599c?s=96&d=monsterid&r=g\",\"caption\":\"Fredi Radu\"},\"url\":\"https:\\\/\\\/buletin.de\\\/bucuresti\\\/author\\\/radu\\\/\"}]}<\/script>\n<!-- \/ Yoast SEO Premium plugin. -->","yoast_head_json":{"title":"Sectorul 1 | Demolarea chio\u0219curilor ilegale din subteran continu\u0103 la sta\u021bia Basarab - Buletin de Bucure\u0219ti","robots":{"index":"index","follow":"follow","max-snippet":"max-snippet:-1","max-image-preview":"max-image-preview:large","max-video-preview":"max-video-preview:-1"},"canonical":"https:\/\/buletin.de\/bucuresti\/sectorul-1-demolarea-chioscurilor-ilegale-din-subteran-continua-la-statia-basarab\/","og_locale":"en_GB","og_type":"article","og_title":"Sectorul 1 | Demolarea chio\u0219curilor ilegale din subteran continu\u0103 la sta\u021bia Basarab","og_description":"Primarul Sectorului 1, Clotilde Armand, a anun\u021bat, mar\u021bi diminea\u021b\u0103, \u00eentr-o postare pe Facebook, c\u0103 au fost demolate primele magazine amplasate ilegal la sta\u021bia de metrou Basarab. Continu\u0103, astfel, ac\u021biunea care a \u00eenceput s\u0103pt\u0103m\u00e2na trecut\u0103 \u00een Sectorul 2, la sta\u021bia \u0218tefan cel Mare. \u201cAu fost date jos primele construc\u021bii ilegale de la sta\u021bia de metrou Basarab. [&hellip;]","og_url":"https:\/\/buletin.de\/bucuresti\/sectorul-1-demolarea-chioscurilor-ilegale-din-subteran-continua-la-statia-basarab\/","og_site_name":"Buletin de Bucure\u0219ti","article_publisher":"https:\/\/www.facebook.com\/buletin.de.buc","article_published_time":"2021-04-13T07:57:00+00:00","og_image":[{"url":"https:\/\/buletin.de\/bucuresti\/wp-content\/uploads\/fbca.png","type":"","width":"","height":""}],"author":"Fredi Radu","twitter_card":"summary_large_image","twitter_misc":{"Written by":"Fredi Radu","Estimated reading time":"2 minutes"},"schema":{"@context":"https:\/\/schema.org","@graph":[{"@type":"Article","@id":"https:\/\/buletin.de\/bucuresti\/sectorul-1-demolarea-chioscurilor-ilegale-din-subteran-continua-la-statia-basarab\/#article","isPartOf":{"@id":"https:\/\/buletin.de\/bucuresti\/sectorul-1-demolarea-chioscurilor-ilegale-din-subteran-continua-la-statia-basarab\/"},"author":{"name":"Fredi Radu","@id":"https:\/\/buletin.de\/bucuresti\/#\/schema\/person\/af0e820905fa3334c5c1cc437d882ff3"},"headline":"Sectorul 1 | Demolarea chio\u0219curilor ilegale din subteran continu\u0103 la sta\u021bia Basarab","datePublished":"2021-04-13T07:57:00+00:00","mainEntityOfPage":{"@id":"https:\/\/buletin.de\/bucuresti\/sectorul-1-demolarea-chioscurilor-ilegale-din-subteran-continua-la-statia-basarab\/"},"wordCount":351,"publisher":{"@id":"https:\/\/buletin.de\/bucuresti\/#organization"},"image":{"@id":"https:\/\/buletin.de\/bucuresti\/sectorul-1-demolarea-chioscurilor-ilegale-din-subteran-continua-la-statia-basarab\/#primaryimage"},"thumbnailUrl":"https:\/\/buletin.de\/bucuresti\/wp-content\/uploads\/fbca.png","articleSection":["\u0218tiri"],"inLanguage":"en-GB","copyrightYear":"2021","copyrightHolder":{"@id":"https:\/\/buletin.de\/bucuresti\/#organization"}},{"@type":"WebPage","@id":"https:\/\/buletin.de\/bucuresti\/sectorul-1-demolarea-chioscurilor-ilegale-din-subteran-continua-la-statia-basarab\/","url":"https:\/\/buletin.de\/bucuresti\/sectorul-1-demolarea-chioscurilor-ilegale-din-subteran-continua-la-statia-basarab\/","name":"Sectorul 1 | Demolarea chio\u0219curilor ilegale din subteran continu\u0103 la sta\u021bia Basarab - Buletin de Bucure\u0219ti","isPartOf":{"@id":"https:\/\/buletin.de\/bucuresti\/#website"},"primaryImageOfPage":{"@id":"https:\/\/buletin.de\/bucuresti\/sectorul-1-demolarea-chioscurilor-ilegale-din-subteran-continua-la-statia-basarab\/#primaryimage"},"image":{"@id":"https:\/\/buletin.de\/bucuresti\/sectorul-1-demolarea-chioscurilor-ilegale-din-subteran-continua-la-statia-basarab\/#primaryimage"},"thumbnailUrl":"https:\/\/buletin.de\/bucuresti\/wp-content\/uploads\/fbca.png","datePublished":"2021-04-13T07:57:00+00:00","breadcrumb":{"@id":"https:\/\/buletin.de\/bucuresti\/sectorul-1-demolarea-chioscurilor-ilegale-din-subteran-continua-la-statia-basarab\/#breadcrumb"},"inLanguage":"en-GB","potentialAction":[{"@type":"ReadAction","target":["https:\/\/buletin.de\/bucuresti\/sectorul-1-demolarea-chioscurilor-ilegale-din-subteran-continua-la-statia-basarab\/"]}]},{"@type":"ImageObject","inLanguage":"en-GB","@id":"https:\/\/buletin.de\/bucuresti\/sectorul-1-demolarea-chioscurilor-ilegale-din-subteran-continua-la-statia-basarab\/#primaryimage","url":"https:\/\/buletin.de\/bucuresti\/wp-content\/uploads\/fbca.png","contentUrl":"https:\/\/buletin.de\/bucuresti\/wp-content\/uploads\/fbca.png","width":611,"height":717},{"@type":"BreadcrumbList","@id":"https:\/\/buletin.de\/bucuresti\/sectorul-1-demolarea-chioscurilor-ilegale-din-subteran-continua-la-statia-basarab\/#breadcrumb","itemListElement":[{"@type":"ListItem","position":1,"name":"Acas\u0103","item":"https:\/\/buletin.de\/bucuresti\/"},{"@type":"ListItem","position":2,"name":"Sectorul 1 | Demolarea chio\u0219curilor ilegale din subteran continu\u0103 la sta\u021bia Basarab"}]},{"@type":"WebSite","@id":"https:\/\/buletin.de\/bucuresti\/#website","url":"https:\/\/buletin.de\/bucuresti\/","name":"Buletin de Bucure\u0219ti","description":"\u0218tiri \u0219i investiga\u021bii esen\u021biale din capital\u0103","publisher":{"@id":"https:\/\/buletin.de\/bucuresti\/#organization"},"potentialAction":[{"@type":"SearchAction","target":{"@type":"EntryPoint","urlTemplate":"https:\/\/buletin.de\/bucuresti\/?s={search_term_string}"},"query-input":{"@type":"PropertyValueSpecification","valueRequired":true,"valueName":"search_term_string"}}],"inLanguage":"en-GB"},{"@type":"Organization","@id":"https:\/\/buletin.de\/bucuresti\/#organization","name":"Buletin de Bucure\u0219ti","url":"https:\/\/buletin.de\/bucuresti\/","logo":{"@type":"ImageObject","inLanguage":"en-GB","@id":"https:\/\/buletin.de\/bucuresti\/#\/schema\/logo\/image\/","url":"https:\/\/buletin.de\/bucuresti\/wp-content\/uploads\/logo-bdb-full-wide-vernil-transparent.png","contentUrl":"https:\/\/buletin.de\/bucuresti\/wp-content\/uploads\/logo-bdb-full-wide-vernil-transparent.png","width":1782,"height":626,"caption":"Buletin de Bucure\u0219ti"},"image":{"@id":"https:\/\/buletin.de\/bucuresti\/#\/schema\/logo\/image\/"},"sameAs":["https:\/\/www.facebook.com\/buletin.de.buc","https:\/\/www.instagram.com\/buletinde.bucuresti\/"]},{"@type":"Person","@id":"https:\/\/buletin.de\/bucuresti\/#\/schema\/person\/af0e820905fa3334c5c1cc437d882ff3","name":"Fredi Radu","image":{"@type":"ImageObject","inLanguage":"en-GB","@id":"https:\/\/secure.gravatar.com\/avatar\/6601925ca6cb7a4d8aa653d20ebe68e0588c85daaebac2407463e3dfff63599c?s=96&d=monsterid&r=g0c80ca1df7ee47b93a354c9d2ba58e97","url":"https:\/\/secure.gravatar.com\/avatar\/6601925ca6cb7a4d8aa653d20ebe68e0588c85daaebac2407463e3dfff63599c?s=96&d=monsterid&r=g","contentUrl":"https:\/\/secure.gravatar.com\/avatar\/6601925ca6cb7a4d8aa653d20ebe68e0588c85daaebac2407463e3dfff63599c?s=96&d=monsterid&r=g","caption":"Fredi Radu"},"url":"https:\/\/buletin.de\/bucuresti\/author\/radu\/"}]}},"authors":[{"term_id":26106,"user_id":26,"is_guest":0,"slug":"radu","display_name":"Fredi Radu","avatar_url":"https:\/\/secure.gravatar.com\/avatar\/6601925ca6cb7a4d8aa653d20ebe68e0588c85daaebac2407463e3dfff63599c?s=96&d=monsterid&r=g","0":null,"1":"","2":"","3":"","4":"","5":"","6":"","7":"","8":""}],"_links":{"self":[{"href":"https:\/\/buletin.de\/bucuresti\/wp-json\/wp\/v2\/posts\/23239","targetHints":{"allow":["GET"]}}],"collection":[{"href":"https:\/\/buletin.de\/bucuresti\/wp-json\/wp\/v2\/posts"}],"about":[{"href":"https:\/\/buletin.de\/bucuresti\/wp-json\/wp\/v2\/types\/post"}],"author":[{"embeddable":true,"href":"https:\/\/buletin.de\/bucuresti\/wp-json\/wp\/v2\/users\/26"}],"replies":[{"embeddable":true,"href":"https:\/\/buletin.de\/bucuresti\/wp-json\/wp\/v2\/comments?post=23239"}],"version-history":[{"count":2,"href":"https:\/\/buletin.de\/bucuresti\/wp-json\/wp\/v2\/posts\/23239\/revisions"}],"predecessor-version":[{"id":23251,"href":"https:\/\/buletin.de\/bucuresti\/wp-json\/wp\/v2\/posts\/23239\/revisions\/23251"}],"wp:attachment":[{"href":"https:\/\/buletin.de\/bucuresti\/wp-json\/wp\/v2\/media?parent=23239"}],"wp:term":[{"taxonomy":"category","embeddable":true,"href":"https:\/\/buletin.de\/bucuresti\/wp-json\/wp\/v2\/categories?post=23239"},{"taxonomy":"post_tag","embeddable":true,"href":"https:\/\/buletin.de\/bucuresti\/wp-json\/wp\/v2\/tags?post=23239"},{"taxonomy":"author","embeddable":true,"href":"https:\/\/buletin.de\/bucuresti\/wp-json\/wp\/v2\/ppma_author?post=23239"}],"curies":[{"name":"wp","href":"https:\/\/api.w.org\/{rel}","templated":true}]}}