{"id":23155,"date":"2021-04-12T13:22:06","date_gmt":"2021-04-12T10:22:06","guid":{"rendered":"https:\/\/buletin.de\/bucuresti\/?p=23155"},"modified":"2021-05-09T11:15:48","modified_gmt":"2021-05-09T08:15:48","slug":"centrul-infiintat-de-daniel-florea-ca-sa-concureze-ong-ului-lui-valeriu-nicolae-acuzat-ca-a-primit-finantari-ilegale-angajatii-neplatiti-din-decembrie","status":"publish","type":"post","link":"https:\/\/buletin.de\/bucuresti\/centrul-infiintat-de-daniel-florea-ca-sa-concureze-ong-ului-lui-valeriu-nicolae-acuzat-ca-a-primit-finantari-ilegale-angajatii-neplatiti-din-decembrie\/","title":{"rendered":"Centrul \u00eenfiin\u021bat de Daniel Florea ca s\u0103 concureze ONG-ului lui Valeriu Nicolae,  acuzat c\u0103 a primit finan\u021b\u0103ri ilegale. Angaja\u021bii, nepl\u0103ti\u021bi din decembrie"},"content":{"rendered":"\n<p><em>Centrul Curaj unde \u00ee\u0219i f\u0103ceau temele copiii din Ferentari a fost \u00eenchis din cauza datoriilor \u0219i a finan\u021b\u0103rilor ilegale care s-au adunat \u00een timpul fostei administra\u021bii Daniel Florea. Angaja\u021bii nu au mai fost pl\u0103ti\u021bi din decembrie, de\u0219i au mers la munc\u0103 p\u00e2n\u0103 \u00een martie. <\/em><\/p>\n\n\n\n<p>A trecut un an de c\u00e2nd Ana* i-a \u00eent\u00e2lnit prima oar\u0103 pe copiii de la Centrul Curaj din Ferentari. \u00cen fiecare zi, de la 10 la 17, f\u0103cea teme, teatru sau cursuri de dezvoltare personal\u0103 \u00eentr-o sal\u0103 din \u0219coala nr. 136, cea de l\u00e2ng\u0103 faimoasa Aleea Livezilor din sectorul 5.<\/p>\n\n\n\n<p>Ultimul salariu l-a primit \u00een decembrie 2020, \u00eens\u0103 a continuat s\u0103 lucreze cu copiii p\u00e2n\u0103 \u00een martie, c\u00e2nd centrul \u0219i-a sistat activitatea. Acum e \u00een concendiu, ca to\u021bi ceilal\u021bi angaja\u021bi, \u0219i nu \u0219tie c\u00e2nd sau dac\u0103 o s\u0103 primeasc\u0103 banii care i se cuvin. Cu copiii care vor s\u0103 se \u00eentoarc\u0103 \u00een centru vorbe\u0219te deseori pe Whatsapp, \u00eens\u0103 nici lor nu le poate spune c\u00e2nd o s\u0103 se revad\u0103. Pentru c\u0103 nu \u0219tie.<\/p>\n\n\n\n<blockquote class=\"wp-block-quote is-layout-flow wp-block-quote-is-layout-flow\"><p>\u201eNu ne d\u0103 nimeni niciun fel de explica\u021bie. \u00cencerc\u0103m sub toate formele s\u0103 lu\u0103m leg\u0103tura cu d\u00e2n\u0219ii. [n.r. conducerea] [&#8230;] Nu \u0219tim ce avem de f\u0103cut. Nu vrea nimeni s\u0103 vorbeasc\u0103 cu noi absolut nimic.\u201d<\/p><cite>angajata Centrului Curaj<\/cite><\/blockquote>\n\n\n\n<div class=\"wp-block-image\"><figure class=\"aligncenter size-large is-resized\"><img fetchpriority=\"high\" decoding=\"async\" src=\"data:image\/gif;base64,R0lGODlhAQABAAAAACH5BAEKAAEALAAAAAABAAEAAAICTAEAOw==\" data-src=\"https:\/\/buletin.de\/bucuresti\/wp-content\/uploads\/83176111_2239145053052804_4041984887517872128_n_censored-900x675.jpg\" alt=\"\" class=\"wp-image-23158 lazyload\" width=\"900\" height=\"675\" data-sizes=\"auto\" data-srcset=\"https:\/\/buletin.de\/bucuresti\/wp-content\/uploads\/83176111_2239145053052804_4041984887517872128_n_censored-900x675.jpg 900w, https:\/\/buletin.de\/bucuresti\/wp-content\/uploads\/83176111_2239145053052804_4041984887517872128_n_censored-300x225.jpg 300w, https:\/\/buletin.de\/bucuresti\/wp-content\/uploads\/83176111_2239145053052804_4041984887517872128_n_censored-768x576.jpg 768w, https:\/\/buletin.de\/bucuresti\/wp-content\/uploads\/83176111_2239145053052804_4041984887517872128_n_censored-550x413.jpg 550w, https:\/\/buletin.de\/bucuresti\/wp-content\/uploads\/83176111_2239145053052804_4041984887517872128_n_censored-667x500.jpg 667w, https:\/\/buletin.de\/bucuresti\/wp-content\/uploads\/83176111_2239145053052804_4041984887517872128_n_censored-600x450.jpg 600w, https:\/\/buletin.de\/bucuresti\/wp-content\/uploads\/83176111_2239145053052804_4041984887517872128_n_censored.jpg 960w\" sizes=\"(max-width: 900px) 100vw, 900px\" \/><\/figure><\/div>\n\n\n\n<div class=\"wp-block-image\"><figure class=\"aligncenter size-large is-resized\"><img decoding=\"async\" src=\"data:image\/gif;base64,R0lGODlhAQABAAAAACH5BAEKAAEALAAAAAABAAEAAAICTAEAOw==\" data-src=\"https:\/\/buletin.de\/bucuresti\/wp-content\/uploads\/82602383_2239144173052892_4153136485064769536_n_censored-900x675.jpg\" alt=\"\" class=\"wp-image-23159 lazyload\" width=\"900\" height=\"675\" data-sizes=\"auto\" data-srcset=\"https:\/\/buletin.de\/bucuresti\/wp-content\/uploads\/82602383_2239144173052892_4153136485064769536_n_censored-900x675.jpg 900w, https:\/\/buletin.de\/bucuresti\/wp-content\/uploads\/82602383_2239144173052892_4153136485064769536_n_censored-300x225.jpg 300w, https:\/\/buletin.de\/bucuresti\/wp-content\/uploads\/82602383_2239144173052892_4153136485064769536_n_censored-768x576.jpg 768w, https:\/\/buletin.de\/bucuresti\/wp-content\/uploads\/82602383_2239144173052892_4153136485064769536_n_censored-550x413.jpg 550w, https:\/\/buletin.de\/bucuresti\/wp-content\/uploads\/82602383_2239144173052892_4153136485064769536_n_censored-667x500.jpg 667w, https:\/\/buletin.de\/bucuresti\/wp-content\/uploads\/82602383_2239144173052892_4153136485064769536_n_censored-600x450.jpg 600w, https:\/\/buletin.de\/bucuresti\/wp-content\/uploads\/82602383_2239144173052892_4153136485064769536_n_censored.jpg 960w\" sizes=\"(max-width: 900px) 100vw, 900px\" \/><\/figure><\/div>\n\n\n\n<div class=\"wp-block-image\"><figure class=\"aligncenter size-large is-resized\"><img decoding=\"async\" src=\"data:image\/gif;base64,R0lGODlhAQABAAAAACH5BAEKAAEALAAAAAABAAEAAAICTAEAOw==\" data-src=\"https:\/\/buletin.de\/bucuresti\/wp-content\/uploads\/83142759_2239144759719500_9030325600635584512_n_censored-900x675.jpg\" alt=\"\" class=\"wp-image-23160 lazyload\" width=\"900\" height=\"675\" data-sizes=\"auto\" data-srcset=\"https:\/\/buletin.de\/bucuresti\/wp-content\/uploads\/83142759_2239144759719500_9030325600635584512_n_censored-900x675.jpg 900w, https:\/\/buletin.de\/bucuresti\/wp-content\/uploads\/83142759_2239144759719500_9030325600635584512_n_censored-300x225.jpg 300w, https:\/\/buletin.de\/bucuresti\/wp-content\/uploads\/83142759_2239144759719500_9030325600635584512_n_censored-768x576.jpg 768w, https:\/\/buletin.de\/bucuresti\/wp-content\/uploads\/83142759_2239144759719500_9030325600635584512_n_censored-550x413.jpg 550w, https:\/\/buletin.de\/bucuresti\/wp-content\/uploads\/83142759_2239144759719500_9030325600635584512_n_censored-667x500.jpg 667w, https:\/\/buletin.de\/bucuresti\/wp-content\/uploads\/83142759_2239144759719500_9030325600635584512_n_censored-600x450.jpg 600w, https:\/\/buletin.de\/bucuresti\/wp-content\/uploads\/83142759_2239144759719500_9030325600635584512_n_censored.jpg 960w\" sizes=\"(max-width: 900px) 100vw, 900px\" \/><\/figure><\/div>\n\n\n\n<p><\/p>\n\n\n\n<p>Ana este angajata Asocia\u021biei Grupul de Ac\u021biune Local\u0103 (GAL) \u201e\u00cempreun\u0103 dezvolt\u0103m sectorul 5\u201d, un ONG \u00eenfiin\u021bat de fostul primar al sectorului 5, Daniel Florea. \u00cen 2019, asocia\u021bia GAL a deschis Centrul Curaj \u0219i l-a folosit ca pretext pentru a \u00eei evacua pe Valeriu Nicolae \u0219i voluntarii s\u0103i din \u0219coala nr. 136, acolo unde au f\u0103cut teme cu elevii din Ferentari timp de 12 ani.<\/p>\n\n\n\n<p>Un an mai t\u00e2rziu, \u00een 2020, auditorii Cur\u021bii de Conturi au descoperit <a href=\"https:\/\/buletin.de\/bucuresti\/curtea-de-conturi-asociatia-infiintata-de-daniel-florea-sa-concureze-cu-ong-ul-lui-valeriu-nicolae-a-primit-ilegal-2-milioane-de-lei\/\">o abatere financiar\u0103 de dou\u0103 milioane de lei.<\/a> Conform raportului, asocia\u021bia GAL nu ar fi trebuit s\u0103 primeasc\u0103 bani din bugetul local deoarece nu era de utilitate public\u0103. Cel care a finan\u021bat ONG-ul este Daniel Florea, fostul primar al sectorului 5.<\/p>\n\n\n\n<blockquote class=\"wp-block-quote is-layout-flow wp-block-quote-is-layout-flow\"><p>&nbsp;\u201eNoi nu avem nicio vin\u0103 pentru ce s-a \u00eent\u00e2mplat acolo, am \u00een\u021beles c\u0103 au fost ni\u0219te fraude, nu \u0219tiu ce.. Nu avem noi nicio vin\u0103, noi suntem simpli angaja\u021bi care nu au semnat absolut nimic.\u201d<\/p><cite>Ana<\/cite><\/blockquote>\n\n\n\n<p><strong>Ana \u0219i ceilal\u021bi angaja\u021bi de la Centrul Curaj nu \u0219i-au mai primit salariile din decembrie, de\u0219i au mers la lucru zilnic p\u00e2n\u0103 s-a sistat activitatea, la \u00eenceput de martie.<\/strong> Am trimis un mail asocia\u021biei GAL \u0219i am \u00eentrebat care este motivul. Situa\u021bia juridic\u0103 este incert\u0103, ne-a r\u0103spuns un reprezentant, exist\u00e2nd finan\u021b\u0103ri ilegale \u0219i cheltuieli nejustificate. Nu se \u0219tie c\u00e2nd va fi reluat\u0103 activitatea.<\/p>\n\n\n\n<blockquote class=\"wp-block-quote is-layout-flow wp-block-quote-is-layout-flow\"><p>\u201eAngaja\u021bii asocia\u021biei GAL nu \u0219i-au primit salariile deoarece \u00een momentul de fa\u021b\u0103 exist\u0103 o situa\u021bie juridic\u0103 incert\u0103, asocia\u021bia av\u00e2nd datorii de aprox. 1 mil de lei, exist\u00e2nd finan\u021b\u0103ri ilegale \u0219i cheltuieli nejustificate, a\u0219a cum reiese din documentele publicate pe site-ul Prim\u0103riei Sector 5 \u0219i din raportul Cur\u021bii de Conturi. Nu v\u0103 putem oferi mai multe detalii, deoarece exist\u0103 deja \u00een curs mai multe anchete ale organelor abilitate.\u201d<\/p><cite>Asocia\u021bia GAL<\/cite><\/blockquote>\n\n\n\n<p>\u00cen \u0219edin\u021ba de consiliu a sectorului 5 din 26 februarie, primarul Cristian Popescu Piedone <a href=\"https:\/\/www.facebook.com\/PrimariaSectorului5Bucuresti\/videos\/637776030338752\">a declarat<\/a> c\u0103 \u00eenchiderea centrului Curaj a avut loc din cauza faptului c\u0103 acesta func\u021biona f\u0103r\u0103 autoriza\u021bie de la Direc\u021bia de S\u0103n\u0103tate Public\u0103 \u0219i pentru c\u0103 \u201e<em>au \u00eenc\u0103lcat toate normele posibile<\/em>\u201d. Reprezentan\u021bii asocia\u021biei GAL nu au men\u021bionat nimic legat de asta \u00een r\u0103spunsul pe care ni l-au transmis.<\/p>\n\n\n\n<p><\/p>\n\n\n\n<p>Surs\u0103: toate fotografiile din acest articol au fost preluate de pe pagina de Facebook a Asocia\u021biei GAL<\/p>\n\n\n\n<p><em>*Ana este un nume fictiv deoarece persoana cu care am discutat ne-a cerut s\u0103 \u00eei p\u0103str\u0103m anonimitatea.<\/em><\/p>\n","protected":false},"excerpt":{"rendered":"<p>Centrul Curaj unde \u00ee\u0219i f\u0103ceau temele copiii din Ferentari a fost \u00eenchis din cauza datoriilor \u0219i a finan\u021b\u0103rilor ilegale care s-au adunat \u00een timpul fostei administra\u021bii Daniel Florea. Angaja\u021bii nu au mai fost pl\u0103ti\u021bi din decembrie, de\u0219i au mers la munc\u0103 p\u00e2n\u0103 \u00een martie. A trecut un an de c\u00e2nd Ana* i-a \u00eent\u00e2lnit prima oar\u0103 [&hellip;]<\/p>\n","protected":false},"author":6,"featured_media":23158,"comment_status":"closed","ping_status":"open","sticky":false,"template":"","format":"standard","meta":{"_acf_changed":false,"inline_featured_image":false,"ngg_post_thumbnail":0,"footnotes":""},"categories":[24,62],"tags":[2399,2558,2559,79],"ppma_author":[22588],"class_list":["post-23155","post","type-post","status-publish","format-standard","has-post-thumbnail","hentry","category-primarie","category-stiri","tag-asociatia-gal","tag-centru-curaj","tag-copiii-din-ferentari","tag-ferentari"],"acf":[],"yoast_head":"<!-- This site is optimized with the Yoast SEO Premium plugin v25.3 (Yoast SEO v27.5) - https:\/\/yoast.com\/product\/yoast-seo-premium-wordpress\/ -->\n<title>Centrul \u00eenfiin\u021bat de Daniel Florea ca s\u0103 concureze ONG-ului lui Valeriu Nicolae, acuzat c\u0103 a primit finan\u021b\u0103ri ilegale. Angaja\u021bii, nepl\u0103ti\u021bi din decembrie - Buletin de Bucure\u0219ti<\/title>\n<meta name=\"robots\" content=\"index, follow, max-snippet:-1, max-image-preview:large, max-video-preview:-1\" \/>\n<link rel=\"canonical\" href=\"https:\/\/buletin.de\/bucuresti\/centrul-infiintat-de-daniel-florea-ca-sa-concureze-ong-ului-lui-valeriu-nicolae-acuzat-ca-a-primit-finantari-ilegale-angajatii-neplatiti-din-decembrie\/\" \/>\n<meta property=\"og:locale\" content=\"en_GB\" \/>\n<meta property=\"og:type\" content=\"article\" \/>\n<meta property=\"og:title\" content=\"Centrul \u00eenfiin\u021bat de Daniel Florea ca s\u0103 concureze ONG-ului lui Valeriu Nicolae, acuzat c\u0103 a primit finan\u021b\u0103ri ilegale. Angaja\u021bii, nepl\u0103ti\u021bi din decembrie\" \/>\n<meta property=\"og:description\" content=\"Centrul Curaj unde \u00ee\u0219i f\u0103ceau temele copiii din Ferentari a fost \u00eenchis din cauza datoriilor \u0219i a finan\u021b\u0103rilor ilegale care s-au adunat \u00een timpul fostei administra\u021bii Daniel Florea. Angaja\u021bii nu au mai fost pl\u0103ti\u021bi din decembrie, de\u0219i au mers la munc\u0103 p\u00e2n\u0103 \u00een martie. A trecut un an de c\u00e2nd Ana* i-a \u00eent\u00e2lnit prima oar\u0103 [&hellip;]\" \/>\n<meta property=\"og:url\" content=\"https:\/\/buletin.de\/bucuresti\/centrul-infiintat-de-daniel-florea-ca-sa-concureze-ong-ului-lui-valeriu-nicolae-acuzat-ca-a-primit-finantari-ilegale-angajatii-neplatiti-din-decembrie\/\" \/>\n<meta property=\"og:site_name\" content=\"Buletin de Bucure\u0219ti\" \/>\n<meta property=\"article:publisher\" content=\"https:\/\/www.facebook.com\/buletin.de.buc\" \/>\n<meta property=\"article:published_time\" content=\"2021-04-12T10:22:06+00:00\" \/>\n<meta property=\"article:modified_time\" content=\"2021-05-09T08:15:48+00:00\" \/>\n<meta property=\"og:image\" content=\"https:\/\/buletin.de\/bucuresti\/wp-content\/uploads\/83176111_2239145053052804_4041984887517872128_n_censored.jpg\" \/>\n\t<meta property=\"og:image:width\" content=\"960\" \/>\n\t<meta property=\"og:image:height\" content=\"720\" \/>\n\t<meta property=\"og:image:type\" content=\"image\/jpeg\" \/>\n<meta name=\"author\" content=\"Bianca Albu\" \/>\n<meta name=\"twitter:card\" content=\"summary_large_image\" \/>\n<meta name=\"twitter:label1\" content=\"Written by\" \/>\n\t<meta name=\"twitter:data1\" content=\"Bianca Albu\" \/>\n\t<meta name=\"twitter:label2\" content=\"Estimated reading time\" \/>\n\t<meta name=\"twitter:data2\" content=\"4 minutes\" \/>\n<script type=\"application\/ld+json\" class=\"yoast-schema-graph\">{\"@context\":\"https:\\\/\\\/schema.org\",\"@graph\":[{\"@type\":\"Article\",\"@id\":\"https:\\\/\\\/buletin.de\\\/bucuresti\\\/centrul-infiintat-de-daniel-florea-ca-sa-concureze-ong-ului-lui-valeriu-nicolae-acuzat-ca-a-primit-finantari-ilegale-angajatii-neplatiti-din-decembrie\\\/#article\",\"isPartOf\":{\"@id\":\"https:\\\/\\\/buletin.de\\\/bucuresti\\\/centrul-infiintat-de-daniel-florea-ca-sa-concureze-ong-ului-lui-valeriu-nicolae-acuzat-ca-a-primit-finantari-ilegale-angajatii-neplatiti-din-decembrie\\\/\"},\"author\":{\"name\":\"Bianca Albu\",\"@id\":\"https:\\\/\\\/buletin.de\\\/bucuresti\\\/#\\\/schema\\\/person\\\/295dc2228d2dc79294d636619468dc7f\"},\"headline\":\"Centrul \u00eenfiin\u021bat de Daniel Florea ca s\u0103 concureze ONG-ului lui Valeriu Nicolae, acuzat c\u0103 a primit finan\u021b\u0103ri ilegale. Angaja\u021bii, nepl\u0103ti\u021bi din decembrie\",\"datePublished\":\"2021-04-12T10:22:06+00:00\",\"dateModified\":\"2021-05-09T08:15:48+00:00\",\"mainEntityOfPage\":{\"@id\":\"https:\\\/\\\/buletin.de\\\/bucuresti\\\/centrul-infiintat-de-daniel-florea-ca-sa-concureze-ong-ului-lui-valeriu-nicolae-acuzat-ca-a-primit-finantari-ilegale-angajatii-neplatiti-din-decembrie\\\/\"},\"wordCount\":676,\"publisher\":{\"@id\":\"https:\\\/\\\/buletin.de\\\/bucuresti\\\/#organization\"},\"image\":{\"@id\":\"https:\\\/\\\/buletin.de\\\/bucuresti\\\/centrul-infiintat-de-daniel-florea-ca-sa-concureze-ong-ului-lui-valeriu-nicolae-acuzat-ca-a-primit-finantari-ilegale-angajatii-neplatiti-din-decembrie\\\/#primaryimage\"},\"thumbnailUrl\":\"https:\\\/\\\/buletin.de\\\/bucuresti\\\/wp-content\\\/uploads\\\/83176111_2239145053052804_4041984887517872128_n_censored.jpg\",\"keywords\":[\"asociatia gal\",\"centru curaj\",\"copiii din ferentari\",\"ferentari\"],\"articleSection\":[\"Prim\u0103rie\",\"\u0218tiri\"],\"inLanguage\":\"en-GB\",\"copyrightYear\":\"2021\",\"copyrightHolder\":{\"@id\":\"https:\\\/\\\/buletin.de\\\/bucuresti\\\/#organization\"}},{\"@type\":\"WebPage\",\"@id\":\"https:\\\/\\\/buletin.de\\\/bucuresti\\\/centrul-infiintat-de-daniel-florea-ca-sa-concureze-ong-ului-lui-valeriu-nicolae-acuzat-ca-a-primit-finantari-ilegale-angajatii-neplatiti-din-decembrie\\\/\",\"url\":\"https:\\\/\\\/buletin.de\\\/bucuresti\\\/centrul-infiintat-de-daniel-florea-ca-sa-concureze-ong-ului-lui-valeriu-nicolae-acuzat-ca-a-primit-finantari-ilegale-angajatii-neplatiti-din-decembrie\\\/\",\"name\":\"Centrul \u00eenfiin\u021bat de Daniel Florea ca s\u0103 concureze ONG-ului lui Valeriu Nicolae, acuzat c\u0103 a primit finan\u021b\u0103ri ilegale. Angaja\u021bii, nepl\u0103ti\u021bi din decembrie - Buletin de Bucure\u0219ti\",\"isPartOf\":{\"@id\":\"https:\\\/\\\/buletin.de\\\/bucuresti\\\/#website\"},\"primaryImageOfPage\":{\"@id\":\"https:\\\/\\\/buletin.de\\\/bucuresti\\\/centrul-infiintat-de-daniel-florea-ca-sa-concureze-ong-ului-lui-valeriu-nicolae-acuzat-ca-a-primit-finantari-ilegale-angajatii-neplatiti-din-decembrie\\\/#primaryimage\"},\"image\":{\"@id\":\"https:\\\/\\\/buletin.de\\\/bucuresti\\\/centrul-infiintat-de-daniel-florea-ca-sa-concureze-ong-ului-lui-valeriu-nicolae-acuzat-ca-a-primit-finantari-ilegale-angajatii-neplatiti-din-decembrie\\\/#primaryimage\"},\"thumbnailUrl\":\"https:\\\/\\\/buletin.de\\\/bucuresti\\\/wp-content\\\/uploads\\\/83176111_2239145053052804_4041984887517872128_n_censored.jpg\",\"datePublished\":\"2021-04-12T10:22:06+00:00\",\"dateModified\":\"2021-05-09T08:15:48+00:00\",\"breadcrumb\":{\"@id\":\"https:\\\/\\\/buletin.de\\\/bucuresti\\\/centrul-infiintat-de-daniel-florea-ca-sa-concureze-ong-ului-lui-valeriu-nicolae-acuzat-ca-a-primit-finantari-ilegale-angajatii-neplatiti-din-decembrie\\\/#breadcrumb\"},\"inLanguage\":\"en-GB\",\"potentialAction\":[{\"@type\":\"ReadAction\",\"target\":[\"https:\\\/\\\/buletin.de\\\/bucuresti\\\/centrul-infiintat-de-daniel-florea-ca-sa-concureze-ong-ului-lui-valeriu-nicolae-acuzat-ca-a-primit-finantari-ilegale-angajatii-neplatiti-din-decembrie\\\/\"]}]},{\"@type\":\"ImageObject\",\"inLanguage\":\"en-GB\",\"@id\":\"https:\\\/\\\/buletin.de\\\/bucuresti\\\/centrul-infiintat-de-daniel-florea-ca-sa-concureze-ong-ului-lui-valeriu-nicolae-acuzat-ca-a-primit-finantari-ilegale-angajatii-neplatiti-din-decembrie\\\/#primaryimage\",\"url\":\"https:\\\/\\\/buletin.de\\\/bucuresti\\\/wp-content\\\/uploads\\\/83176111_2239145053052804_4041984887517872128_n_censored.jpg\",\"contentUrl\":\"https:\\\/\\\/buletin.de\\\/bucuresti\\\/wp-content\\\/uploads\\\/83176111_2239145053052804_4041984887517872128_n_censored.jpg\",\"width\":960,\"height\":720},{\"@type\":\"BreadcrumbList\",\"@id\":\"https:\\\/\\\/buletin.de\\\/bucuresti\\\/centrul-infiintat-de-daniel-florea-ca-sa-concureze-ong-ului-lui-valeriu-nicolae-acuzat-ca-a-primit-finantari-ilegale-angajatii-neplatiti-din-decembrie\\\/#breadcrumb\",\"itemListElement\":[{\"@type\":\"ListItem\",\"position\":1,\"name\":\"Acas\u0103\",\"item\":\"https:\\\/\\\/buletin.de\\\/bucuresti\\\/\"},{\"@type\":\"ListItem\",\"position\":2,\"name\":\"Centrul \u00eenfiin\u021bat de Daniel Florea ca s\u0103 concureze ONG-ului lui Valeriu Nicolae, acuzat c\u0103 a primit finan\u021b\u0103ri ilegale. Angaja\u021bii, nepl\u0103ti\u021bi din decembrie\"}]},{\"@type\":\"WebSite\",\"@id\":\"https:\\\/\\\/buletin.de\\\/bucuresti\\\/#website\",\"url\":\"https:\\\/\\\/buletin.de\\\/bucuresti\\\/\",\"name\":\"Buletin de Bucure\u0219ti\",\"description\":\"\u0218tiri \u0219i investiga\u021bii esen\u021biale din capital\u0103\",\"publisher\":{\"@id\":\"https:\\\/\\\/buletin.de\\\/bucuresti\\\/#organization\"},\"potentialAction\":[{\"@type\":\"SearchAction\",\"target\":{\"@type\":\"EntryPoint\",\"urlTemplate\":\"https:\\\/\\\/buletin.de\\\/bucuresti\\\/?s={search_term_string}\"},\"query-input\":{\"@type\":\"PropertyValueSpecification\",\"valueRequired\":true,\"valueName\":\"search_term_string\"}}],\"inLanguage\":\"en-GB\"},{\"@type\":\"Organization\",\"@id\":\"https:\\\/\\\/buletin.de\\\/bucuresti\\\/#organization\",\"name\":\"Buletin de Bucure\u0219ti\",\"url\":\"https:\\\/\\\/buletin.de\\\/bucuresti\\\/\",\"logo\":{\"@type\":\"ImageObject\",\"inLanguage\":\"en-GB\",\"@id\":\"https:\\\/\\\/buletin.de\\\/bucuresti\\\/#\\\/schema\\\/logo\\\/image\\\/\",\"url\":\"https:\\\/\\\/buletin.de\\\/bucuresti\\\/wp-content\\\/uploads\\\/logo-bdb-full-wide-vernil-transparent.png\",\"contentUrl\":\"https:\\\/\\\/buletin.de\\\/bucuresti\\\/wp-content\\\/uploads\\\/logo-bdb-full-wide-vernil-transparent.png\",\"width\":1782,\"height\":626,\"caption\":\"Buletin de Bucure\u0219ti\"},\"image\":{\"@id\":\"https:\\\/\\\/buletin.de\\\/bucuresti\\\/#\\\/schema\\\/logo\\\/image\\\/\"},\"sameAs\":[\"https:\\\/\\\/www.facebook.com\\\/buletin.de.buc\",\"https:\\\/\\\/www.instagram.com\\\/buletinde.bucuresti\\\/\"]},{\"@type\":\"Person\",\"@id\":\"https:\\\/\\\/buletin.de\\\/bucuresti\\\/#\\\/schema\\\/person\\\/295dc2228d2dc79294d636619468dc7f\",\"name\":\"Bianca Albu\",\"image\":{\"@type\":\"ImageObject\",\"inLanguage\":\"en-GB\",\"@id\":\"https:\\\/\\\/secure.gravatar.com\\\/avatar\\\/3df2e34e20f529e6fd7be4311ee1f7c4ec4aa886971590baf6fa214b15743516?s=96&d=monsterid&r=gf541c715eeec409ce8101252a3c0d8a7\",\"url\":\"https:\\\/\\\/secure.gravatar.com\\\/avatar\\\/3df2e34e20f529e6fd7be4311ee1f7c4ec4aa886971590baf6fa214b15743516?s=96&d=monsterid&r=g\",\"contentUrl\":\"https:\\\/\\\/secure.gravatar.com\\\/avatar\\\/3df2e34e20f529e6fd7be4311ee1f7c4ec4aa886971590baf6fa214b15743516?s=96&d=monsterid&r=g\",\"caption\":\"Bianca Albu\"},\"description\":\"Reporter\",\"url\":\"https:\\\/\\\/buletin.de\\\/bucuresti\\\/author\\\/biancaalbu\\\/\"}]}<\/script>\n<!-- \/ Yoast SEO Premium plugin. -->","yoast_head_json":{"title":"Centrul \u00eenfiin\u021bat de Daniel Florea ca s\u0103 concureze ONG-ului lui Valeriu Nicolae, acuzat c\u0103 a primit finan\u021b\u0103ri ilegale. Angaja\u021bii, nepl\u0103ti\u021bi din decembrie - Buletin de Bucure\u0219ti","robots":{"index":"index","follow":"follow","max-snippet":"max-snippet:-1","max-image-preview":"max-image-preview:large","max-video-preview":"max-video-preview:-1"},"canonical":"https:\/\/buletin.de\/bucuresti\/centrul-infiintat-de-daniel-florea-ca-sa-concureze-ong-ului-lui-valeriu-nicolae-acuzat-ca-a-primit-finantari-ilegale-angajatii-neplatiti-din-decembrie\/","og_locale":"en_GB","og_type":"article","og_title":"Centrul \u00eenfiin\u021bat de Daniel Florea ca s\u0103 concureze ONG-ului lui Valeriu Nicolae, acuzat c\u0103 a primit finan\u021b\u0103ri ilegale. Angaja\u021bii, nepl\u0103ti\u021bi din decembrie","og_description":"Centrul Curaj unde \u00ee\u0219i f\u0103ceau temele copiii din Ferentari a fost \u00eenchis din cauza datoriilor \u0219i a finan\u021b\u0103rilor ilegale care s-au adunat \u00een timpul fostei administra\u021bii Daniel Florea. Angaja\u021bii nu au mai fost pl\u0103ti\u021bi din decembrie, de\u0219i au mers la munc\u0103 p\u00e2n\u0103 \u00een martie. A trecut un an de c\u00e2nd Ana* i-a \u00eent\u00e2lnit prima oar\u0103 [&hellip;]","og_url":"https:\/\/buletin.de\/bucuresti\/centrul-infiintat-de-daniel-florea-ca-sa-concureze-ong-ului-lui-valeriu-nicolae-acuzat-ca-a-primit-finantari-ilegale-angajatii-neplatiti-din-decembrie\/","og_site_name":"Buletin de Bucure\u0219ti","article_publisher":"https:\/\/www.facebook.com\/buletin.de.buc","article_published_time":"2021-04-12T10:22:06+00:00","article_modified_time":"2021-05-09T08:15:48+00:00","og_image":[{"width":960,"height":720,"url":"https:\/\/buletin.de\/bucuresti\/wp-content\/uploads\/83176111_2239145053052804_4041984887517872128_n_censored.jpg","type":"image\/jpeg"}],"author":"Bianca Albu","twitter_card":"summary_large_image","twitter_misc":{"Written by":"Bianca Albu","Estimated reading time":"4 minutes"},"schema":{"@context":"https:\/\/schema.org","@graph":[{"@type":"Article","@id":"https:\/\/buletin.de\/bucuresti\/centrul-infiintat-de-daniel-florea-ca-sa-concureze-ong-ului-lui-valeriu-nicolae-acuzat-ca-a-primit-finantari-ilegale-angajatii-neplatiti-din-decembrie\/#article","isPartOf":{"@id":"https:\/\/buletin.de\/bucuresti\/centrul-infiintat-de-daniel-florea-ca-sa-concureze-ong-ului-lui-valeriu-nicolae-acuzat-ca-a-primit-finantari-ilegale-angajatii-neplatiti-din-decembrie\/"},"author":{"name":"Bianca Albu","@id":"https:\/\/buletin.de\/bucuresti\/#\/schema\/person\/295dc2228d2dc79294d636619468dc7f"},"headline":"Centrul \u00eenfiin\u021bat de Daniel Florea ca s\u0103 concureze ONG-ului lui Valeriu Nicolae, acuzat c\u0103 a primit finan\u021b\u0103ri ilegale. Angaja\u021bii, nepl\u0103ti\u021bi din decembrie","datePublished":"2021-04-12T10:22:06+00:00","dateModified":"2021-05-09T08:15:48+00:00","mainEntityOfPage":{"@id":"https:\/\/buletin.de\/bucuresti\/centrul-infiintat-de-daniel-florea-ca-sa-concureze-ong-ului-lui-valeriu-nicolae-acuzat-ca-a-primit-finantari-ilegale-angajatii-neplatiti-din-decembrie\/"},"wordCount":676,"publisher":{"@id":"https:\/\/buletin.de\/bucuresti\/#organization"},"image":{"@id":"https:\/\/buletin.de\/bucuresti\/centrul-infiintat-de-daniel-florea-ca-sa-concureze-ong-ului-lui-valeriu-nicolae-acuzat-ca-a-primit-finantari-ilegale-angajatii-neplatiti-din-decembrie\/#primaryimage"},"thumbnailUrl":"https:\/\/buletin.de\/bucuresti\/wp-content\/uploads\/83176111_2239145053052804_4041984887517872128_n_censored.jpg","keywords":["asociatia gal","centru curaj","copiii din ferentari","ferentari"],"articleSection":["Prim\u0103rie","\u0218tiri"],"inLanguage":"en-GB","copyrightYear":"2021","copyrightHolder":{"@id":"https:\/\/buletin.de\/bucuresti\/#organization"}},{"@type":"WebPage","@id":"https:\/\/buletin.de\/bucuresti\/centrul-infiintat-de-daniel-florea-ca-sa-concureze-ong-ului-lui-valeriu-nicolae-acuzat-ca-a-primit-finantari-ilegale-angajatii-neplatiti-din-decembrie\/","url":"https:\/\/buletin.de\/bucuresti\/centrul-infiintat-de-daniel-florea-ca-sa-concureze-ong-ului-lui-valeriu-nicolae-acuzat-ca-a-primit-finantari-ilegale-angajatii-neplatiti-din-decembrie\/","name":"Centrul \u00eenfiin\u021bat de Daniel Florea ca s\u0103 concureze ONG-ului lui Valeriu Nicolae, acuzat c\u0103 a primit finan\u021b\u0103ri ilegale. Angaja\u021bii, nepl\u0103ti\u021bi din decembrie - Buletin de Bucure\u0219ti","isPartOf":{"@id":"https:\/\/buletin.de\/bucuresti\/#website"},"primaryImageOfPage":{"@id":"https:\/\/buletin.de\/bucuresti\/centrul-infiintat-de-daniel-florea-ca-sa-concureze-ong-ului-lui-valeriu-nicolae-acuzat-ca-a-primit-finantari-ilegale-angajatii-neplatiti-din-decembrie\/#primaryimage"},"image":{"@id":"https:\/\/buletin.de\/bucuresti\/centrul-infiintat-de-daniel-florea-ca-sa-concureze-ong-ului-lui-valeriu-nicolae-acuzat-ca-a-primit-finantari-ilegale-angajatii-neplatiti-din-decembrie\/#primaryimage"},"thumbnailUrl":"https:\/\/buletin.de\/bucuresti\/wp-content\/uploads\/83176111_2239145053052804_4041984887517872128_n_censored.jpg","datePublished":"2021-04-12T10:22:06+00:00","dateModified":"2021-05-09T08:15:48+00:00","breadcrumb":{"@id":"https:\/\/buletin.de\/bucuresti\/centrul-infiintat-de-daniel-florea-ca-sa-concureze-ong-ului-lui-valeriu-nicolae-acuzat-ca-a-primit-finantari-ilegale-angajatii-neplatiti-din-decembrie\/#breadcrumb"},"inLanguage":"en-GB","potentialAction":[{"@type":"ReadAction","target":["https:\/\/buletin.de\/bucuresti\/centrul-infiintat-de-daniel-florea-ca-sa-concureze-ong-ului-lui-valeriu-nicolae-acuzat-ca-a-primit-finantari-ilegale-angajatii-neplatiti-din-decembrie\/"]}]},{"@type":"ImageObject","inLanguage":"en-GB","@id":"https:\/\/buletin.de\/bucuresti\/centrul-infiintat-de-daniel-florea-ca-sa-concureze-ong-ului-lui-valeriu-nicolae-acuzat-ca-a-primit-finantari-ilegale-angajatii-neplatiti-din-decembrie\/#primaryimage","url":"https:\/\/buletin.de\/bucuresti\/wp-content\/uploads\/83176111_2239145053052804_4041984887517872128_n_censored.jpg","contentUrl":"https:\/\/buletin.de\/bucuresti\/wp-content\/uploads\/83176111_2239145053052804_4041984887517872128_n_censored.jpg","width":960,"height":720},{"@type":"BreadcrumbList","@id":"https:\/\/buletin.de\/bucuresti\/centrul-infiintat-de-daniel-florea-ca-sa-concureze-ong-ului-lui-valeriu-nicolae-acuzat-ca-a-primit-finantari-ilegale-angajatii-neplatiti-din-decembrie\/#breadcrumb","itemListElement":[{"@type":"ListItem","position":1,"name":"Acas\u0103","item":"https:\/\/buletin.de\/bucuresti\/"},{"@type":"ListItem","position":2,"name":"Centrul \u00eenfiin\u021bat de Daniel Florea ca s\u0103 concureze ONG-ului lui Valeriu Nicolae, acuzat c\u0103 a primit finan\u021b\u0103ri ilegale. Angaja\u021bii, nepl\u0103ti\u021bi din decembrie"}]},{"@type":"WebSite","@id":"https:\/\/buletin.de\/bucuresti\/#website","url":"https:\/\/buletin.de\/bucuresti\/","name":"Buletin de Bucure\u0219ti","description":"\u0218tiri \u0219i investiga\u021bii esen\u021biale din capital\u0103","publisher":{"@id":"https:\/\/buletin.de\/bucuresti\/#organization"},"potentialAction":[{"@type":"SearchAction","target":{"@type":"EntryPoint","urlTemplate":"https:\/\/buletin.de\/bucuresti\/?s={search_term_string}"},"query-input":{"@type":"PropertyValueSpecification","valueRequired":true,"valueName":"search_term_string"}}],"inLanguage":"en-GB"},{"@type":"Organization","@id":"https:\/\/buletin.de\/bucuresti\/#organization","name":"Buletin de Bucure\u0219ti","url":"https:\/\/buletin.de\/bucuresti\/","logo":{"@type":"ImageObject","inLanguage":"en-GB","@id":"https:\/\/buletin.de\/bucuresti\/#\/schema\/logo\/image\/","url":"https:\/\/buletin.de\/bucuresti\/wp-content\/uploads\/logo-bdb-full-wide-vernil-transparent.png","contentUrl":"https:\/\/buletin.de\/bucuresti\/wp-content\/uploads\/logo-bdb-full-wide-vernil-transparent.png","width":1782,"height":626,"caption":"Buletin de Bucure\u0219ti"},"image":{"@id":"https:\/\/buletin.de\/bucuresti\/#\/schema\/logo\/image\/"},"sameAs":["https:\/\/www.facebook.com\/buletin.de.buc","https:\/\/www.instagram.com\/buletinde.bucuresti\/"]},{"@type":"Person","@id":"https:\/\/buletin.de\/bucuresti\/#\/schema\/person\/295dc2228d2dc79294d636619468dc7f","name":"Bianca Albu","image":{"@type":"ImageObject","inLanguage":"en-GB","@id":"https:\/\/secure.gravatar.com\/avatar\/3df2e34e20f529e6fd7be4311ee1f7c4ec4aa886971590baf6fa214b15743516?s=96&d=monsterid&r=gf541c715eeec409ce8101252a3c0d8a7","url":"https:\/\/secure.gravatar.com\/avatar\/3df2e34e20f529e6fd7be4311ee1f7c4ec4aa886971590baf6fa214b15743516?s=96&d=monsterid&r=g","contentUrl":"https:\/\/secure.gravatar.com\/avatar\/3df2e34e20f529e6fd7be4311ee1f7c4ec4aa886971590baf6fa214b15743516?s=96&d=monsterid&r=g","caption":"Bianca Albu"},"description":"Reporter","url":"https:\/\/buletin.de\/bucuresti\/author\/biancaalbu\/"}]}},"authors":[{"term_id":22588,"user_id":6,"is_guest":0,"slug":"biancaalbu","display_name":"Bianca Albu","avatar_url":"https:\/\/secure.gravatar.com\/avatar\/3df2e34e20f529e6fd7be4311ee1f7c4ec4aa886971590baf6fa214b15743516?s=96&d=monsterid&r=g","0":null,"1":"","2":"","3":"","4":"","5":"","6":"","7":"","8":""}],"_links":{"self":[{"href":"https:\/\/buletin.de\/bucuresti\/wp-json\/wp\/v2\/posts\/23155","targetHints":{"allow":["GET"]}}],"collection":[{"href":"https:\/\/buletin.de\/bucuresti\/wp-json\/wp\/v2\/posts"}],"about":[{"href":"https:\/\/buletin.de\/bucuresti\/wp-json\/wp\/v2\/types\/post"}],"author":[{"embeddable":true,"href":"https:\/\/buletin.de\/bucuresti\/wp-json\/wp\/v2\/users\/6"}],"replies":[{"embeddable":true,"href":"https:\/\/buletin.de\/bucuresti\/wp-json\/wp\/v2\/comments?post=23155"}],"version-history":[{"count":9,"href":"https:\/\/buletin.de\/bucuresti\/wp-json\/wp\/v2\/posts\/23155\/revisions"}],"predecessor-version":[{"id":24262,"href":"https:\/\/buletin.de\/bucuresti\/wp-json\/wp\/v2\/posts\/23155\/revisions\/24262"}],"wp:featuredmedia":[{"embeddable":true,"href":"https:\/\/buletin.de\/bucuresti\/wp-json\/wp\/v2\/media\/23158"}],"wp:attachment":[{"href":"https:\/\/buletin.de\/bucuresti\/wp-json\/wp\/v2\/media?parent=23155"}],"wp:term":[{"taxonomy":"category","embeddable":true,"href":"https:\/\/buletin.de\/bucuresti\/wp-json\/wp\/v2\/categories?post=23155"},{"taxonomy":"post_tag","embeddable":true,"href":"https:\/\/buletin.de\/bucuresti\/wp-json\/wp\/v2\/tags?post=23155"},{"taxonomy":"author","embeddable":true,"href":"https:\/\/buletin.de\/bucuresti\/wp-json\/wp\/v2\/ppma_author?post=23155"}],"curies":[{"name":"wp","href":"https:\/\/api.w.org\/{rel}","templated":true}]}}