{"id":23154,"date":"2021-04-12T13:49:20","date_gmt":"2021-04-12T10:49:20","guid":{"rendered":"https:\/\/buletin.de\/bucuresti\/?p=23154"},"modified":"2021-04-12T13:51:09","modified_gmt":"2021-04-12T10:51:09","slug":"ciprian-ciucu-e-prea-multa-mizerie-trebuie-amenajat-cu-buldozerul-ce-se-intampla-cu-muntii-de-moloz-dintre-militari-si-drumul-taberei","status":"publish","type":"post","link":"https:\/\/buletin.de\/bucuresti\/ciprian-ciucu-e-prea-multa-mizerie-trebuie-amenajat-cu-buldozerul-ce-se-intampla-cu-muntii-de-moloz-dintre-militari-si-drumul-taberei\/","title":{"rendered":"Ciprian Ciucu: &#8220;E prea mult\u0103 mizerie, trebuie amenajat cu buldozerul!&#8221;. Ce se \u00eent\u00e2mpl\u0103 cu mun\u021bii de moloz dintre Militari \u0219i Drumul Taberei"},"content":{"rendered":"\n<p>Primarul Sectorului 6, Ciprian Ciucu, a transmis, duminic\u0103, printr-o postare pe Facebook, o serie de concluzii \u00een urma vizitei pe Strada Liniei, artera care desparte cartierele Drumul Taberei \u0219i Militari, p\u00e2n\u0103 la Valea Cascadelor. \u00cen acest moment \u00eens\u0103, zona e \u00eengropat\u0103 sub mun\u021bi de gunoaie. Edilul aminte\u0219te c\u0103 exist\u0103 un proiect urbanistic mai vechi care presupune transformarea terenurilor dintre cele dou\u0103 mari artere ale Sectorului 6, Bulevardul Iuliu Maniu \u0219i Bulevardul Timi\u0219oara, \u00eentr-o nou\u0103 arter\u0103. Astfel, noua cale de circula\u021bie ar trebui, ipotetic, s\u0103 decongestioneze cele dou\u0103 bulevarde, greu \u00eencercate de num\u0103rul mare de ma\u0219ini care le tranziteaz\u0103 zilnic. <\/p>\n\n\n\n<p>Conform informa\u021biilor furnizate de Ciprian Ciucu, din punct de vedere al propriet\u0103\u021bii, o parte din zon\u0103 apar\u021bine unui num\u0103r mare de persoane, fizice sau juridice, 10% din terenuri sunt \u00een administra\u021bia Prim\u0103riei Sectorului 6. iar cea mai mare parte apar\u021bine Prim\u0103riei Generale. Terenurile au ajuns la Prim\u0103ria General\u0103 \u00een 2017, dup\u0103 ce primarul general Gabriela Firea \u0219i ministrul Transporturilor de la acea vreme, Felix Stroe, au semnat un protocol de transfer terenuri de la Ministerul Transporturilor la PMB, care a inclus \u0219i Strada Liniei.<\/p>\n\n\n\n<ul class=\"wp-block-list\"><li><em>Una dintre linii este \u00een proprietatea Sc Somaco SA, o firm\u0103 privat\u0103. Aceast\u0103 firm\u0103 privat\u0103 ne-a f\u0103cut oferta de a o cump\u0103ra. Pentru a putea face o evaluare corect\u0103 avem nevoie de acordul PMB ca \u00een numele \u0219i \u00een beneficiul PMB s\u0103 putem achizi\u021biona acea linie \u0219i o l\u0103\u021bime adiacent\u0103 de cca. 5m, pentru o lungime de cca. 3km.<\/em><\/li><li><em> O alt\u0103 linie este proprietatea public\u0103 a statului \u0219i administrat\u0103 de c\u0103tre CFR. Suntem \u00een discu\u021bii cu CFR pentru a \u00eenchiria linia\u00a0 lor in vederea unor amenaj\u0103ri provizorii, de tip parc.<\/em><\/li><li><em> O mare parte din teren este administrat\u0103 de c\u0103tre PMB, prin Administra\u021bia Str\u0103zilor, care \u00een trecut dorea ca aici sa mai fac\u0103 \u00eenc\u0103 o strad\u0103&#8230;<\/em><\/li><li><em> Zonele, d.p.d.v. func\u021bional, sunt extrem de diferite, de la industrial, zone de protec\u021bie militar\u0103 \/ SRI, transport feroviar \u0219i, malluri, mai nou, locuire cu densitate mare!<\/em><\/li><li><em> O alt\u0103 linie este proprietatea public\u0103 a statului \u0219i administrat\u0103 de c\u0103tre CFR. Suntem \u00een discu\u021bii cu CFR pentru a \u00eenchiria linia\u00a0 lor in vederea unor amenaj\u0103ri provizorii, de tip parc.<\/em><\/li><li><em> O mare parte din teren este administrat\u0103 de c\u0103tre PMB, prin Administra\u021bia Str\u0103zilor, care \u00een trecut dorea ca aici sa mai fac\u0103 \u00eenc\u0103 o strad\u0103&#8230;<\/em><\/li><li><em> Zonele, d.p.d.v. func\u021bional, sunt extrem de diferite, de la industrial, zone de protec\u021bie militar\u0103 \/ SRI, transport feroviar \u0219i, malluri, mai nou, locuire cu densitate mare!<\/em>, a scris Ciprian Ciucu, pe pagina sa de Facebook.<\/li><\/ul>\n\n\n\n<p>\u00cen opinia edilului de la Sectorul 6 exist\u0103, \u00een acest moment, mai multe abord\u0103ri \u00een ceea ce prive\u0219te amenjarea zonei, cu sau f\u0103r\u0103 participarea Prim\u0103riei Generale. <\/p>\n\n\n\n<ul class=\"wp-block-list\"><li><em> Prim\u0103ria Sectorului 6, urmeaz\u0103 Prim\u0103ria General\u0103 \u0219i o sus\u021bine \u00een aplicarea viziunii proprii \u00een ceea ce prive\u0219te trenul urban, cu rug\u0103mintea ca PMB s\u0103 prezinte o analiz\u0103 (matricea origine &#8211; destina\u021bie) care s\u0103 arate de unde aduce c\u0103l\u0103torii \u0219i unde \u00eei duce&#8230; Mai ales \u00een contextul \u00een care avem deja dou\u0103 bulevarde mari (Iuliu Maniu \u0219i Timi\u0219oara) plasate paralel, la distan\u021be foarte mici. \u0218i \u00een contextul \u00een care inten\u021bion\u0103m conectarea Bd. Timi\u0219oara cu ambele \u0219osele de centur\u0103 (cea existent\u0103 \u0219i cea \u00een construc\u021bie). Nota bene, se intersecteaz\u0103 \u0219i cu c\u00e2teva str\u0103zi \u0219i ar fi nevoie de bariere. Mai mult, e nevoie de lucr\u0103ri, nicio linie nu este acum func\u021bional\u0103, toate sunt sub de\u0219euri din construc\u021bii.&nbsp;<\/em><\/li><li><em>Prim\u0103ria Sectorului 6 are, f\u0103c\u00e2nd abstrac\u021bie de proiectul PMB, (dar \u00een realitate nu facem abstrac\u021bie!) dou\u0103 op\u021biuni pentru aceast\u0103 strad\u0103: (1) o igienizare \u0219i amenaj\u0103ri peisagistice minimale temporare \u0219i reversibile \u0219i (2) un proiect spectaculos de promenad\u0103, axat pe transport alternativ, cu pasarele peste str\u0103zile cu care se intersecteaz\u0103, care s\u0103 atrag\u0103 oamenii pentru petrecerea timpului liber. Prima op\u021biune nu este sustenabila, cu siguran\u021b\u0103 nu va atrage oamenii, zona e prea d\u0103r\u0103p\u0103nat\u0103 \u0219i va atrage iar doar mizerie<\/em><\/li><\/ul>\n\n\n\n<p>O interven\u021bie \u00een zon\u0103 este \u00eens\u0103, imperios necesar\u0103 din cauza mun\u021bilor de gunoaie care zac acum peste tot.<\/p>\n\n\n\n<ul class=\"wp-block-list\"><li><em>Nu cred c\u0103 are rost s\u0103 mai organiz\u0103m \u00eenc\u0103 o ac\u021biune de voluntariat \u00een zon\u0103 pentru igienizare. E prea mult\u0103 mizerie, trebuie amenajat cu buldozerul! A mai fost odat\u0103 igienizat\u0103 de c\u0103tre ADP, dar unii cet\u0103\u021beni din zon\u0103, dar \u0219i dezvoltatori imobiliari au readus-o \u00een starea \u00een care o \u0219tim cu to\u021bii.<\/em><\/li><li><em>O s\u0103 o lu\u0103m pe buc\u0103\u021bele, vom prioritiza terenurile din administrarea noastr\u0103, vom implica dezvoltatorii care sunt direct interesa\u021bi s\u0103 ajute. \u00cen rest, cred c\u0103 s-ar impune o dezbatere la nivel de Sector 6 \/PMB cu privire la ce facem cu toat\u0103 Strada Liniei. Guvernul e un juc\u0103tor important, dar cu siguran\u021b\u0103 ne va sus\u021bine \u00een ceea ce decidem noi\u201d<\/em>, se arat\u0103 \u00een postarea primarului Ciprian Ciucu.<\/li><\/ul>\n\n\n\n<p>Surs\u0103 foto: Facebook Ciprian Ciucu<\/p>\n","protected":false},"excerpt":{"rendered":"<p>Primarul Sectorului 6, Ciprian Ciucu, a transmis, duminic\u0103, printr-o postare pe Facebook, o serie de concluzii \u00een urma vizitei pe Strada Liniei, artera care desparte cartierele Drumul Taberei \u0219i Militari, p\u00e2n\u0103 la Valea Cascadelor. \u00cen acest moment \u00eens\u0103, zona e \u00eengropat\u0103 sub mun\u021bi de gunoaie. Edilul aminte\u0219te c\u0103 exist\u0103 un proiect urbanistic mai vechi care [&hellip;]<\/p>\n","protected":false},"author":26,"featured_media":23156,"comment_status":"closed","ping_status":"open","sticky":false,"template":"","format":"standard","meta":{"_acf_changed":false,"inline_featured_image":false,"ngg_post_thumbnail":0,"footnotes":""},"categories":[24,62],"tags":[],"ppma_author":[26106],"class_list":["post-23154","post","type-post","status-publish","format-standard","has-post-thumbnail","hentry","category-primarie","category-stiri"],"acf":[],"yoast_head":"<!-- This site is optimized with the Yoast SEO Premium plugin v25.3 (Yoast SEO v27.5) - https:\/\/yoast.com\/product\/yoast-seo-premium-wordpress\/ -->\n<title>Ciprian Ciucu: &quot;E prea mult\u0103 mizerie, trebuie amenajat cu buldozerul!&quot;. Ce se \u00eent\u00e2mpl\u0103 cu mun\u021bii de moloz dintre Militari \u0219i Drumul Taberei - Buletin de Bucure\u0219ti<\/title>\n<meta name=\"robots\" content=\"index, follow, max-snippet:-1, max-image-preview:large, max-video-preview:-1\" \/>\n<link rel=\"canonical\" href=\"https:\/\/buletin.de\/bucuresti\/ciprian-ciucu-e-prea-multa-mizerie-trebuie-amenajat-cu-buldozerul-ce-se-intampla-cu-muntii-de-moloz-dintre-militari-si-drumul-taberei\/\" \/>\n<meta property=\"og:locale\" content=\"en_GB\" \/>\n<meta property=\"og:type\" content=\"article\" \/>\n<meta property=\"og:title\" content=\"Ciprian Ciucu: &quot;E prea mult\u0103 mizerie, trebuie amenajat cu buldozerul!&quot;. Ce se \u00eent\u00e2mpl\u0103 cu mun\u021bii de moloz dintre Militari \u0219i Drumul Taberei\" \/>\n<meta property=\"og:description\" content=\"Primarul Sectorului 6, Ciprian Ciucu, a transmis, duminic\u0103, printr-o postare pe Facebook, o serie de concluzii \u00een urma vizitei pe Strada Liniei, artera care desparte cartierele Drumul Taberei \u0219i Militari, p\u00e2n\u0103 la Valea Cascadelor. \u00cen acest moment \u00eens\u0103, zona e \u00eengropat\u0103 sub mun\u021bi de gunoaie. Edilul aminte\u0219te c\u0103 exist\u0103 un proiect urbanistic mai vechi care [&hellip;]\" \/>\n<meta property=\"og:url\" content=\"https:\/\/buletin.de\/bucuresti\/ciprian-ciucu-e-prea-multa-mizerie-trebuie-amenajat-cu-buldozerul-ce-se-intampla-cu-muntii-de-moloz-dintre-militari-si-drumul-taberei\/\" \/>\n<meta property=\"og:site_name\" content=\"Buletin de Bucure\u0219ti\" \/>\n<meta property=\"article:publisher\" content=\"https:\/\/www.facebook.com\/buletin.de.buc\" \/>\n<meta property=\"article:published_time\" content=\"2021-04-12T10:49:20+00:00\" \/>\n<meta property=\"article:modified_time\" content=\"2021-04-12T10:51:09+00:00\" \/>\n<meta property=\"og:image\" content=\"https:\/\/buletin.de\/bucuresti\/wp-content\/uploads\/ciucu-1.jpg\" \/>\n\t<meta property=\"og:image:width\" content=\"1440\" \/>\n\t<meta property=\"og:image:height\" content=\"1440\" \/>\n\t<meta property=\"og:image:type\" content=\"image\/jpeg\" \/>\n<meta name=\"author\" content=\"Fredi Radu\" \/>\n<meta name=\"twitter:card\" content=\"summary_large_image\" \/>\n<meta name=\"twitter:label1\" content=\"Written by\" \/>\n\t<meta name=\"twitter:data1\" content=\"Fredi Radu\" \/>\n\t<meta name=\"twitter:label2\" content=\"Estimated reading time\" \/>\n\t<meta name=\"twitter:data2\" content=\"4 minutes\" \/>\n<script type=\"application\/ld+json\" class=\"yoast-schema-graph\">{\"@context\":\"https:\\\/\\\/schema.org\",\"@graph\":[{\"@type\":\"Article\",\"@id\":\"https:\\\/\\\/buletin.de\\\/bucuresti\\\/ciprian-ciucu-e-prea-multa-mizerie-trebuie-amenajat-cu-buldozerul-ce-se-intampla-cu-muntii-de-moloz-dintre-militari-si-drumul-taberei\\\/#article\",\"isPartOf\":{\"@id\":\"https:\\\/\\\/buletin.de\\\/bucuresti\\\/ciprian-ciucu-e-prea-multa-mizerie-trebuie-amenajat-cu-buldozerul-ce-se-intampla-cu-muntii-de-moloz-dintre-militari-si-drumul-taberei\\\/\"},\"author\":{\"name\":\"Fredi Radu\",\"@id\":\"https:\\\/\\\/buletin.de\\\/bucuresti\\\/#\\\/schema\\\/person\\\/af0e820905fa3334c5c1cc437d882ff3\"},\"headline\":\"Ciprian Ciucu: &#8220;E prea mult\u0103 mizerie, trebuie amenajat cu buldozerul!&#8221;. Ce se \u00eent\u00e2mpl\u0103 cu mun\u021bii de moloz dintre Militari \u0219i Drumul Taberei\",\"datePublished\":\"2021-04-12T10:49:20+00:00\",\"dateModified\":\"2021-04-12T10:51:09+00:00\",\"mainEntityOfPage\":{\"@id\":\"https:\\\/\\\/buletin.de\\\/bucuresti\\\/ciprian-ciucu-e-prea-multa-mizerie-trebuie-amenajat-cu-buldozerul-ce-se-intampla-cu-muntii-de-moloz-dintre-militari-si-drumul-taberei\\\/\"},\"wordCount\":878,\"publisher\":{\"@id\":\"https:\\\/\\\/buletin.de\\\/bucuresti\\\/#organization\"},\"image\":{\"@id\":\"https:\\\/\\\/buletin.de\\\/bucuresti\\\/ciprian-ciucu-e-prea-multa-mizerie-trebuie-amenajat-cu-buldozerul-ce-se-intampla-cu-muntii-de-moloz-dintre-militari-si-drumul-taberei\\\/#primaryimage\"},\"thumbnailUrl\":\"https:\\\/\\\/buletin.de\\\/bucuresti\\\/wp-content\\\/uploads\\\/ciucu-1.jpg\",\"articleSection\":[\"Prim\u0103rie\",\"\u0218tiri\"],\"inLanguage\":\"en-GB\",\"copyrightYear\":\"2021\",\"copyrightHolder\":{\"@id\":\"https:\\\/\\\/buletin.de\\\/bucuresti\\\/#organization\"}},{\"@type\":\"WebPage\",\"@id\":\"https:\\\/\\\/buletin.de\\\/bucuresti\\\/ciprian-ciucu-e-prea-multa-mizerie-trebuie-amenajat-cu-buldozerul-ce-se-intampla-cu-muntii-de-moloz-dintre-militari-si-drumul-taberei\\\/\",\"url\":\"https:\\\/\\\/buletin.de\\\/bucuresti\\\/ciprian-ciucu-e-prea-multa-mizerie-trebuie-amenajat-cu-buldozerul-ce-se-intampla-cu-muntii-de-moloz-dintre-militari-si-drumul-taberei\\\/\",\"name\":\"Ciprian Ciucu: \\\"E prea mult\u0103 mizerie, trebuie amenajat cu buldozerul!\\\". Ce se \u00eent\u00e2mpl\u0103 cu mun\u021bii de moloz dintre Militari \u0219i Drumul Taberei - Buletin de Bucure\u0219ti\",\"isPartOf\":{\"@id\":\"https:\\\/\\\/buletin.de\\\/bucuresti\\\/#website\"},\"primaryImageOfPage\":{\"@id\":\"https:\\\/\\\/buletin.de\\\/bucuresti\\\/ciprian-ciucu-e-prea-multa-mizerie-trebuie-amenajat-cu-buldozerul-ce-se-intampla-cu-muntii-de-moloz-dintre-militari-si-drumul-taberei\\\/#primaryimage\"},\"image\":{\"@id\":\"https:\\\/\\\/buletin.de\\\/bucuresti\\\/ciprian-ciucu-e-prea-multa-mizerie-trebuie-amenajat-cu-buldozerul-ce-se-intampla-cu-muntii-de-moloz-dintre-militari-si-drumul-taberei\\\/#primaryimage\"},\"thumbnailUrl\":\"https:\\\/\\\/buletin.de\\\/bucuresti\\\/wp-content\\\/uploads\\\/ciucu-1.jpg\",\"datePublished\":\"2021-04-12T10:49:20+00:00\",\"dateModified\":\"2021-04-12T10:51:09+00:00\",\"breadcrumb\":{\"@id\":\"https:\\\/\\\/buletin.de\\\/bucuresti\\\/ciprian-ciucu-e-prea-multa-mizerie-trebuie-amenajat-cu-buldozerul-ce-se-intampla-cu-muntii-de-moloz-dintre-militari-si-drumul-taberei\\\/#breadcrumb\"},\"inLanguage\":\"en-GB\",\"potentialAction\":[{\"@type\":\"ReadAction\",\"target\":[\"https:\\\/\\\/buletin.de\\\/bucuresti\\\/ciprian-ciucu-e-prea-multa-mizerie-trebuie-amenajat-cu-buldozerul-ce-se-intampla-cu-muntii-de-moloz-dintre-militari-si-drumul-taberei\\\/\"]}]},{\"@type\":\"ImageObject\",\"inLanguage\":\"en-GB\",\"@id\":\"https:\\\/\\\/buletin.de\\\/bucuresti\\\/ciprian-ciucu-e-prea-multa-mizerie-trebuie-amenajat-cu-buldozerul-ce-se-intampla-cu-muntii-de-moloz-dintre-militari-si-drumul-taberei\\\/#primaryimage\",\"url\":\"https:\\\/\\\/buletin.de\\\/bucuresti\\\/wp-content\\\/uploads\\\/ciucu-1.jpg\",\"contentUrl\":\"https:\\\/\\\/buletin.de\\\/bucuresti\\\/wp-content\\\/uploads\\\/ciucu-1.jpg\",\"width\":1440,\"height\":1440},{\"@type\":\"BreadcrumbList\",\"@id\":\"https:\\\/\\\/buletin.de\\\/bucuresti\\\/ciprian-ciucu-e-prea-multa-mizerie-trebuie-amenajat-cu-buldozerul-ce-se-intampla-cu-muntii-de-moloz-dintre-militari-si-drumul-taberei\\\/#breadcrumb\",\"itemListElement\":[{\"@type\":\"ListItem\",\"position\":1,\"name\":\"Acas\u0103\",\"item\":\"https:\\\/\\\/buletin.de\\\/bucuresti\\\/\"},{\"@type\":\"ListItem\",\"position\":2,\"name\":\"Ciprian Ciucu: &#8220;E prea mult\u0103 mizerie, trebuie amenajat cu buldozerul!&#8221;. Ce se \u00eent\u00e2mpl\u0103 cu mun\u021bii de moloz dintre Militari \u0219i Drumul Taberei\"}]},{\"@type\":\"WebSite\",\"@id\":\"https:\\\/\\\/buletin.de\\\/bucuresti\\\/#website\",\"url\":\"https:\\\/\\\/buletin.de\\\/bucuresti\\\/\",\"name\":\"Buletin de Bucure\u0219ti\",\"description\":\"\u0218tiri \u0219i investiga\u021bii esen\u021biale din capital\u0103\",\"publisher\":{\"@id\":\"https:\\\/\\\/buletin.de\\\/bucuresti\\\/#organization\"},\"potentialAction\":[{\"@type\":\"SearchAction\",\"target\":{\"@type\":\"EntryPoint\",\"urlTemplate\":\"https:\\\/\\\/buletin.de\\\/bucuresti\\\/?s={search_term_string}\"},\"query-input\":{\"@type\":\"PropertyValueSpecification\",\"valueRequired\":true,\"valueName\":\"search_term_string\"}}],\"inLanguage\":\"en-GB\"},{\"@type\":\"Organization\",\"@id\":\"https:\\\/\\\/buletin.de\\\/bucuresti\\\/#organization\",\"name\":\"Buletin de Bucure\u0219ti\",\"url\":\"https:\\\/\\\/buletin.de\\\/bucuresti\\\/\",\"logo\":{\"@type\":\"ImageObject\",\"inLanguage\":\"en-GB\",\"@id\":\"https:\\\/\\\/buletin.de\\\/bucuresti\\\/#\\\/schema\\\/logo\\\/image\\\/\",\"url\":\"https:\\\/\\\/buletin.de\\\/bucuresti\\\/wp-content\\\/uploads\\\/logo-bdb-full-wide-vernil-transparent.png\",\"contentUrl\":\"https:\\\/\\\/buletin.de\\\/bucuresti\\\/wp-content\\\/uploads\\\/logo-bdb-full-wide-vernil-transparent.png\",\"width\":1782,\"height\":626,\"caption\":\"Buletin de Bucure\u0219ti\"},\"image\":{\"@id\":\"https:\\\/\\\/buletin.de\\\/bucuresti\\\/#\\\/schema\\\/logo\\\/image\\\/\"},\"sameAs\":[\"https:\\\/\\\/www.facebook.com\\\/buletin.de.buc\",\"https:\\\/\\\/www.instagram.com\\\/buletinde.bucuresti\\\/\"]},{\"@type\":\"Person\",\"@id\":\"https:\\\/\\\/buletin.de\\\/bucuresti\\\/#\\\/schema\\\/person\\\/af0e820905fa3334c5c1cc437d882ff3\",\"name\":\"Fredi Radu\",\"image\":{\"@type\":\"ImageObject\",\"inLanguage\":\"en-GB\",\"@id\":\"https:\\\/\\\/secure.gravatar.com\\\/avatar\\\/6601925ca6cb7a4d8aa653d20ebe68e0588c85daaebac2407463e3dfff63599c?s=96&d=monsterid&r=g0c80ca1df7ee47b93a354c9d2ba58e97\",\"url\":\"https:\\\/\\\/secure.gravatar.com\\\/avatar\\\/6601925ca6cb7a4d8aa653d20ebe68e0588c85daaebac2407463e3dfff63599c?s=96&d=monsterid&r=g\",\"contentUrl\":\"https:\\\/\\\/secure.gravatar.com\\\/avatar\\\/6601925ca6cb7a4d8aa653d20ebe68e0588c85daaebac2407463e3dfff63599c?s=96&d=monsterid&r=g\",\"caption\":\"Fredi Radu\"},\"url\":\"https:\\\/\\\/buletin.de\\\/bucuresti\\\/author\\\/radu\\\/\"}]}<\/script>\n<!-- \/ Yoast SEO Premium plugin. -->","yoast_head_json":{"title":"Ciprian Ciucu: \"E prea mult\u0103 mizerie, trebuie amenajat cu buldozerul!\". Ce se \u00eent\u00e2mpl\u0103 cu mun\u021bii de moloz dintre Militari \u0219i Drumul Taberei - Buletin de Bucure\u0219ti","robots":{"index":"index","follow":"follow","max-snippet":"max-snippet:-1","max-image-preview":"max-image-preview:large","max-video-preview":"max-video-preview:-1"},"canonical":"https:\/\/buletin.de\/bucuresti\/ciprian-ciucu-e-prea-multa-mizerie-trebuie-amenajat-cu-buldozerul-ce-se-intampla-cu-muntii-de-moloz-dintre-militari-si-drumul-taberei\/","og_locale":"en_GB","og_type":"article","og_title":"Ciprian Ciucu: \"E prea mult\u0103 mizerie, trebuie amenajat cu buldozerul!\". Ce se \u00eent\u00e2mpl\u0103 cu mun\u021bii de moloz dintre Militari \u0219i Drumul Taberei","og_description":"Primarul Sectorului 6, Ciprian Ciucu, a transmis, duminic\u0103, printr-o postare pe Facebook, o serie de concluzii \u00een urma vizitei pe Strada Liniei, artera care desparte cartierele Drumul Taberei \u0219i Militari, p\u00e2n\u0103 la Valea Cascadelor. \u00cen acest moment \u00eens\u0103, zona e \u00eengropat\u0103 sub mun\u021bi de gunoaie. Edilul aminte\u0219te c\u0103 exist\u0103 un proiect urbanistic mai vechi care [&hellip;]","og_url":"https:\/\/buletin.de\/bucuresti\/ciprian-ciucu-e-prea-multa-mizerie-trebuie-amenajat-cu-buldozerul-ce-se-intampla-cu-muntii-de-moloz-dintre-militari-si-drumul-taberei\/","og_site_name":"Buletin de Bucure\u0219ti","article_publisher":"https:\/\/www.facebook.com\/buletin.de.buc","article_published_time":"2021-04-12T10:49:20+00:00","article_modified_time":"2021-04-12T10:51:09+00:00","og_image":[{"width":1440,"height":1440,"url":"https:\/\/buletin.de\/bucuresti\/wp-content\/uploads\/ciucu-1.jpg","type":"image\/jpeg"}],"author":"Fredi Radu","twitter_card":"summary_large_image","twitter_misc":{"Written by":"Fredi Radu","Estimated reading time":"4 minutes"},"schema":{"@context":"https:\/\/schema.org","@graph":[{"@type":"Article","@id":"https:\/\/buletin.de\/bucuresti\/ciprian-ciucu-e-prea-multa-mizerie-trebuie-amenajat-cu-buldozerul-ce-se-intampla-cu-muntii-de-moloz-dintre-militari-si-drumul-taberei\/#article","isPartOf":{"@id":"https:\/\/buletin.de\/bucuresti\/ciprian-ciucu-e-prea-multa-mizerie-trebuie-amenajat-cu-buldozerul-ce-se-intampla-cu-muntii-de-moloz-dintre-militari-si-drumul-taberei\/"},"author":{"name":"Fredi Radu","@id":"https:\/\/buletin.de\/bucuresti\/#\/schema\/person\/af0e820905fa3334c5c1cc437d882ff3"},"headline":"Ciprian Ciucu: &#8220;E prea mult\u0103 mizerie, trebuie amenajat cu buldozerul!&#8221;. Ce se \u00eent\u00e2mpl\u0103 cu mun\u021bii de moloz dintre Militari \u0219i Drumul Taberei","datePublished":"2021-04-12T10:49:20+00:00","dateModified":"2021-04-12T10:51:09+00:00","mainEntityOfPage":{"@id":"https:\/\/buletin.de\/bucuresti\/ciprian-ciucu-e-prea-multa-mizerie-trebuie-amenajat-cu-buldozerul-ce-se-intampla-cu-muntii-de-moloz-dintre-militari-si-drumul-taberei\/"},"wordCount":878,"publisher":{"@id":"https:\/\/buletin.de\/bucuresti\/#organization"},"image":{"@id":"https:\/\/buletin.de\/bucuresti\/ciprian-ciucu-e-prea-multa-mizerie-trebuie-amenajat-cu-buldozerul-ce-se-intampla-cu-muntii-de-moloz-dintre-militari-si-drumul-taberei\/#primaryimage"},"thumbnailUrl":"https:\/\/buletin.de\/bucuresti\/wp-content\/uploads\/ciucu-1.jpg","articleSection":["Prim\u0103rie","\u0218tiri"],"inLanguage":"en-GB","copyrightYear":"2021","copyrightHolder":{"@id":"https:\/\/buletin.de\/bucuresti\/#organization"}},{"@type":"WebPage","@id":"https:\/\/buletin.de\/bucuresti\/ciprian-ciucu-e-prea-multa-mizerie-trebuie-amenajat-cu-buldozerul-ce-se-intampla-cu-muntii-de-moloz-dintre-militari-si-drumul-taberei\/","url":"https:\/\/buletin.de\/bucuresti\/ciprian-ciucu-e-prea-multa-mizerie-trebuie-amenajat-cu-buldozerul-ce-se-intampla-cu-muntii-de-moloz-dintre-militari-si-drumul-taberei\/","name":"Ciprian Ciucu: \"E prea mult\u0103 mizerie, trebuie amenajat cu buldozerul!\". Ce se \u00eent\u00e2mpl\u0103 cu mun\u021bii de moloz dintre Militari \u0219i Drumul Taberei - Buletin de Bucure\u0219ti","isPartOf":{"@id":"https:\/\/buletin.de\/bucuresti\/#website"},"primaryImageOfPage":{"@id":"https:\/\/buletin.de\/bucuresti\/ciprian-ciucu-e-prea-multa-mizerie-trebuie-amenajat-cu-buldozerul-ce-se-intampla-cu-muntii-de-moloz-dintre-militari-si-drumul-taberei\/#primaryimage"},"image":{"@id":"https:\/\/buletin.de\/bucuresti\/ciprian-ciucu-e-prea-multa-mizerie-trebuie-amenajat-cu-buldozerul-ce-se-intampla-cu-muntii-de-moloz-dintre-militari-si-drumul-taberei\/#primaryimage"},"thumbnailUrl":"https:\/\/buletin.de\/bucuresti\/wp-content\/uploads\/ciucu-1.jpg","datePublished":"2021-04-12T10:49:20+00:00","dateModified":"2021-04-12T10:51:09+00:00","breadcrumb":{"@id":"https:\/\/buletin.de\/bucuresti\/ciprian-ciucu-e-prea-multa-mizerie-trebuie-amenajat-cu-buldozerul-ce-se-intampla-cu-muntii-de-moloz-dintre-militari-si-drumul-taberei\/#breadcrumb"},"inLanguage":"en-GB","potentialAction":[{"@type":"ReadAction","target":["https:\/\/buletin.de\/bucuresti\/ciprian-ciucu-e-prea-multa-mizerie-trebuie-amenajat-cu-buldozerul-ce-se-intampla-cu-muntii-de-moloz-dintre-militari-si-drumul-taberei\/"]}]},{"@type":"ImageObject","inLanguage":"en-GB","@id":"https:\/\/buletin.de\/bucuresti\/ciprian-ciucu-e-prea-multa-mizerie-trebuie-amenajat-cu-buldozerul-ce-se-intampla-cu-muntii-de-moloz-dintre-militari-si-drumul-taberei\/#primaryimage","url":"https:\/\/buletin.de\/bucuresti\/wp-content\/uploads\/ciucu-1.jpg","contentUrl":"https:\/\/buletin.de\/bucuresti\/wp-content\/uploads\/ciucu-1.jpg","width":1440,"height":1440},{"@type":"BreadcrumbList","@id":"https:\/\/buletin.de\/bucuresti\/ciprian-ciucu-e-prea-multa-mizerie-trebuie-amenajat-cu-buldozerul-ce-se-intampla-cu-muntii-de-moloz-dintre-militari-si-drumul-taberei\/#breadcrumb","itemListElement":[{"@type":"ListItem","position":1,"name":"Acas\u0103","item":"https:\/\/buletin.de\/bucuresti\/"},{"@type":"ListItem","position":2,"name":"Ciprian Ciucu: &#8220;E prea mult\u0103 mizerie, trebuie amenajat cu buldozerul!&#8221;. Ce se \u00eent\u00e2mpl\u0103 cu mun\u021bii de moloz dintre Militari \u0219i Drumul Taberei"}]},{"@type":"WebSite","@id":"https:\/\/buletin.de\/bucuresti\/#website","url":"https:\/\/buletin.de\/bucuresti\/","name":"Buletin de Bucure\u0219ti","description":"\u0218tiri \u0219i investiga\u021bii esen\u021biale din capital\u0103","publisher":{"@id":"https:\/\/buletin.de\/bucuresti\/#organization"},"potentialAction":[{"@type":"SearchAction","target":{"@type":"EntryPoint","urlTemplate":"https:\/\/buletin.de\/bucuresti\/?s={search_term_string}"},"query-input":{"@type":"PropertyValueSpecification","valueRequired":true,"valueName":"search_term_string"}}],"inLanguage":"en-GB"},{"@type":"Organization","@id":"https:\/\/buletin.de\/bucuresti\/#organization","name":"Buletin de Bucure\u0219ti","url":"https:\/\/buletin.de\/bucuresti\/","logo":{"@type":"ImageObject","inLanguage":"en-GB","@id":"https:\/\/buletin.de\/bucuresti\/#\/schema\/logo\/image\/","url":"https:\/\/buletin.de\/bucuresti\/wp-content\/uploads\/logo-bdb-full-wide-vernil-transparent.png","contentUrl":"https:\/\/buletin.de\/bucuresti\/wp-content\/uploads\/logo-bdb-full-wide-vernil-transparent.png","width":1782,"height":626,"caption":"Buletin de Bucure\u0219ti"},"image":{"@id":"https:\/\/buletin.de\/bucuresti\/#\/schema\/logo\/image\/"},"sameAs":["https:\/\/www.facebook.com\/buletin.de.buc","https:\/\/www.instagram.com\/buletinde.bucuresti\/"]},{"@type":"Person","@id":"https:\/\/buletin.de\/bucuresti\/#\/schema\/person\/af0e820905fa3334c5c1cc437d882ff3","name":"Fredi Radu","image":{"@type":"ImageObject","inLanguage":"en-GB","@id":"https:\/\/secure.gravatar.com\/avatar\/6601925ca6cb7a4d8aa653d20ebe68e0588c85daaebac2407463e3dfff63599c?s=96&d=monsterid&r=g0c80ca1df7ee47b93a354c9d2ba58e97","url":"https:\/\/secure.gravatar.com\/avatar\/6601925ca6cb7a4d8aa653d20ebe68e0588c85daaebac2407463e3dfff63599c?s=96&d=monsterid&r=g","contentUrl":"https:\/\/secure.gravatar.com\/avatar\/6601925ca6cb7a4d8aa653d20ebe68e0588c85daaebac2407463e3dfff63599c?s=96&d=monsterid&r=g","caption":"Fredi Radu"},"url":"https:\/\/buletin.de\/bucuresti\/author\/radu\/"}]}},"authors":[{"term_id":26106,"user_id":26,"is_guest":0,"slug":"radu","display_name":"Fredi Radu","avatar_url":"https:\/\/secure.gravatar.com\/avatar\/6601925ca6cb7a4d8aa653d20ebe68e0588c85daaebac2407463e3dfff63599c?s=96&d=monsterid&r=g","0":null,"1":"","2":"","3":"","4":"","5":"","6":"","7":"","8":""}],"_links":{"self":[{"href":"https:\/\/buletin.de\/bucuresti\/wp-json\/wp\/v2\/posts\/23154","targetHints":{"allow":["GET"]}}],"collection":[{"href":"https:\/\/buletin.de\/bucuresti\/wp-json\/wp\/v2\/posts"}],"about":[{"href":"https:\/\/buletin.de\/bucuresti\/wp-json\/wp\/v2\/types\/post"}],"author":[{"embeddable":true,"href":"https:\/\/buletin.de\/bucuresti\/wp-json\/wp\/v2\/users\/26"}],"replies":[{"embeddable":true,"href":"https:\/\/buletin.de\/bucuresti\/wp-json\/wp\/v2\/comments?post=23154"}],"version-history":[{"count":9,"href":"https:\/\/buletin.de\/bucuresti\/wp-json\/wp\/v2\/posts\/23154\/revisions"}],"predecessor-version":[{"id":23186,"href":"https:\/\/buletin.de\/bucuresti\/wp-json\/wp\/v2\/posts\/23154\/revisions\/23186"}],"wp:featuredmedia":[{"embeddable":true,"href":"https:\/\/buletin.de\/bucuresti\/wp-json\/wp\/v2\/media\/23156"}],"wp:attachment":[{"href":"https:\/\/buletin.de\/bucuresti\/wp-json\/wp\/v2\/media?parent=23154"}],"wp:term":[{"taxonomy":"category","embeddable":true,"href":"https:\/\/buletin.de\/bucuresti\/wp-json\/wp\/v2\/categories?post=23154"},{"taxonomy":"post_tag","embeddable":true,"href":"https:\/\/buletin.de\/bucuresti\/wp-json\/wp\/v2\/tags?post=23154"},{"taxonomy":"author","embeddable":true,"href":"https:\/\/buletin.de\/bucuresti\/wp-json\/wp\/v2\/ppma_author?post=23154"}],"curies":[{"name":"wp","href":"https:\/\/api.w.org\/{rel}","templated":true}]}}