{"id":23109,"date":"2021-04-09T22:56:08","date_gmt":"2021-04-09T19:56:08","guid":{"rendered":"https:\/\/buletin.de\/bucuresti\/?p=23109"},"modified":"2021-04-09T22:56:09","modified_gmt":"2021-04-09T19:56:09","slug":"pacienti-evacuati-spitalul-foisor","status":"publish","type":"post","link":"https:\/\/buletin.de\/bucuresti\/pacienti-evacuati-spitalul-foisor\/","title":{"rendered":"(FOTO) Zeci de pacien\u021bi de la Spitalul \u201dFoi\u0219or\u201d, unii abia opera\u021bi, evacua\u021bi \u00een plin\u0103 noapte la alte spitale din Capital\u0103. \u201dFoi\u0219or\u201d devine unitate COVID"},"content":{"rendered":"\n<p><strong>Zeci de oameni sunt evacua\u021bi din Spitalul Clinic de Ortopedie, Traumatologie \u0219i TBC Osteoarticular  \u201dFoi\u0219or\u201d vineri sear\u0103, \u00eentruc\u00e2t unitatea medical\u0103 s-a transformat \u00een institu\u021bie suport COVID. Unii dintre pacien\u021bii sco\u0219i afar\u0103 din spital pe t\u0103rgi sunt abia opera\u021bi \u0219i sunt transfera\u021bi spre alte unit\u0103\u021bi spitalice\u0219ti din Capital\u0103, \u00een timp ce al\u021bii au fost trimi\u0219i acas\u0103.<\/strong><\/p>\n\n\n\n<p>\u201dAm fost operat\u0103 ieri, am o protez\u0103 de \u0219old. Sunt transferat\u0103 la Floreasca\u201d, a declarat una dintre pacientele care era evacuat\u0103 cu targa din spital.<\/p>\n\n\n\n<p>\u201dSunt operat\u0103 la genunchiul st\u00e2ng. Ni s-a spus c\u0103 Raed Arafat a dat acest ordin. Nu-i frumos s\u0103 ne scoat\u0103 din spital acum, noaptea\u201d, a declarat o alt\u0103 pacient\u0103, care a suferit o interven\u021bie chirurgical\u0103 \u00een timpul acestei s\u0103pt\u0103m\u00e2ni.<\/p>\n\n\n\n<p>Secretarul de Stat Raed Arafat a declarat vineri seara, la Antena 3, c\u0103 Spitalul \u201dFoi\u0219or\u201d dispune de 21 de paturi la terapie intensiv\u0103 \u0219i de alte 200 de paturi pe oxigen.<\/p>\n\n\n\n<p>\u201eSub jum\u0103tate din sec\u021bia de terapie intensiv\u0103 era ocupat\u0103. S\u00e2mb\u0103t\u0103 diminea\u021b\u0103 spitalul va \u00eencepe s\u0103 primeasc\u0103 pacien\u021bi COVID\u201d, a precizat Raed Arafat.<\/p>\n\n\n\n<p>La Foi\u0219or erau interna\u021bi 90 de bolnavi. 20 de pacien\u021bi vor fi muta\u021bi, \u00een timp ce 70 vor fi trimi\u0219i acas\u0103.<\/p>\n\n\n\n<p>Spitalul va avea 90 de paturi COVID \u00een sec\u021bii, cu oxigen, \u0219i 20 de paturi la ATI.<\/p>\n\n\n\n<p>La fa\u021ba locului se afl\u0103 jandarmi \u0219i poli\u021bi\u0219ti, \u00een timp ce mai mul\u021bi oameni s-au adunat \u00een fa\u021ba spitalului pentru a protesta.<\/p>\n\n\n\n<figure class=\"wp-block-gallery columns-3 is-cropped wp-block-gallery-1 is-layout-flex wp-block-gallery-is-layout-flex\"><ul class=\"blocks-gallery-grid\"><li class=\"blocks-gallery-item\"><figure><img fetchpriority=\"high\" decoding=\"async\" width=\"675\" height=\"900\" src=\"data:image\/gif;base64,R0lGODlhAQABAAAAACH5BAEKAAEALAAAAAABAAEAAAICTAEAOw==\" data-src=\"https:\/\/buletin.de\/bucuresti\/wp-content\/uploads\/30e6a7da-f7ce-44ba-bf02-048b0929811b-675x900.jpg\" alt=\"\" data-id=\"23110\" data-full-url=\"https:\/\/buletin.de\/bucuresti\/wp-content\/uploads\/30e6a7da-f7ce-44ba-bf02-048b0929811b.jpg\" data-link=\"https:\/\/buletin.de\/bucuresti\/?attachment_id=23110\" class=\"wp-image-23110 lazyload\" data-sizes=\"auto\" data-srcset=\"https:\/\/buletin.de\/bucuresti\/wp-content\/uploads\/30e6a7da-f7ce-44ba-bf02-048b0929811b-675x900.jpg 675w, https:\/\/buletin.de\/bucuresti\/wp-content\/uploads\/30e6a7da-f7ce-44ba-bf02-048b0929811b-225x300.jpg 225w, https:\/\/buletin.de\/bucuresti\/wp-content\/uploads\/30e6a7da-f7ce-44ba-bf02-048b0929811b-768x1024.jpg 768w, https:\/\/buletin.de\/bucuresti\/wp-content\/uploads\/30e6a7da-f7ce-44ba-bf02-048b0929811b-1152x1536.jpg 1152w, https:\/\/buletin.de\/bucuresti\/wp-content\/uploads\/30e6a7da-f7ce-44ba-bf02-048b0929811b-1060x1413.jpg 1060w, https:\/\/buletin.de\/bucuresti\/wp-content\/uploads\/30e6a7da-f7ce-44ba-bf02-048b0929811b-550x733.jpg 550w, https:\/\/buletin.de\/bucuresti\/wp-content\/uploads\/30e6a7da-f7ce-44ba-bf02-048b0929811b-375x500.jpg 375w, https:\/\/buletin.de\/bucuresti\/wp-content\/uploads\/30e6a7da-f7ce-44ba-bf02-048b0929811b-810x1080.jpg 810w, https:\/\/buletin.de\/bucuresti\/wp-content\/uploads\/30e6a7da-f7ce-44ba-bf02-048b0929811b-600x800.jpg 600w, https:\/\/buletin.de\/bucuresti\/wp-content\/uploads\/30e6a7da-f7ce-44ba-bf02-048b0929811b.jpg 1200w\" sizes=\"(max-width: 675px) 100vw, 675px\" \/><\/figure><\/li><li class=\"blocks-gallery-item\"><figure><img decoding=\"async\" width=\"675\" height=\"900\" src=\"data:image\/gif;base64,R0lGODlhAQABAAAAACH5BAEKAAEALAAAAAABAAEAAAICTAEAOw==\" data-src=\"https:\/\/buletin.de\/bucuresti\/wp-content\/uploads\/50b320d2-8d17-41db-9a0e-dc3010a40efe-675x900.jpg\" alt=\"\" data-id=\"23111\" data-full-url=\"https:\/\/buletin.de\/bucuresti\/wp-content\/uploads\/50b320d2-8d17-41db-9a0e-dc3010a40efe.jpg\" data-link=\"https:\/\/buletin.de\/bucuresti\/?attachment_id=23111\" class=\"wp-image-23111 lazyload\" data-sizes=\"auto\" data-srcset=\"https:\/\/buletin.de\/bucuresti\/wp-content\/uploads\/50b320d2-8d17-41db-9a0e-dc3010a40efe-675x900.jpg 675w, https:\/\/buletin.de\/bucuresti\/wp-content\/uploads\/50b320d2-8d17-41db-9a0e-dc3010a40efe-225x300.jpg 225w, https:\/\/buletin.de\/bucuresti\/wp-content\/uploads\/50b320d2-8d17-41db-9a0e-dc3010a40efe-768x1024.jpg 768w, https:\/\/buletin.de\/bucuresti\/wp-content\/uploads\/50b320d2-8d17-41db-9a0e-dc3010a40efe-1152x1536.jpg 1152w, https:\/\/buletin.de\/bucuresti\/wp-content\/uploads\/50b320d2-8d17-41db-9a0e-dc3010a40efe-1060x1413.jpg 1060w, https:\/\/buletin.de\/bucuresti\/wp-content\/uploads\/50b320d2-8d17-41db-9a0e-dc3010a40efe-550x733.jpg 550w, https:\/\/buletin.de\/bucuresti\/wp-content\/uploads\/50b320d2-8d17-41db-9a0e-dc3010a40efe-375x500.jpg 375w, https:\/\/buletin.de\/bucuresti\/wp-content\/uploads\/50b320d2-8d17-41db-9a0e-dc3010a40efe-810x1080.jpg 810w, https:\/\/buletin.de\/bucuresti\/wp-content\/uploads\/50b320d2-8d17-41db-9a0e-dc3010a40efe-600x800.jpg 600w, https:\/\/buletin.de\/bucuresti\/wp-content\/uploads\/50b320d2-8d17-41db-9a0e-dc3010a40efe.jpg 1200w\" sizes=\"(max-width: 675px) 100vw, 675px\" \/><\/figure><\/li><li class=\"blocks-gallery-item\"><figure><img decoding=\"async\" width=\"900\" height=\"675\" src=\"data:image\/gif;base64,R0lGODlhAQABAAAAACH5BAEKAAEALAAAAAABAAEAAAICTAEAOw==\" data-src=\"https:\/\/buletin.de\/bucuresti\/wp-content\/uploads\/61ee0a29-5779-4f51-8647-787f7df342df-900x675.jpg\" alt=\"\" data-id=\"23112\" data-full-url=\"https:\/\/buletin.de\/bucuresti\/wp-content\/uploads\/61ee0a29-5779-4f51-8647-787f7df342df.jpg\" data-link=\"https:\/\/buletin.de\/bucuresti\/?attachment_id=23112\" class=\"wp-image-23112 lazyload\" data-sizes=\"auto\" data-srcset=\"https:\/\/buletin.de\/bucuresti\/wp-content\/uploads\/61ee0a29-5779-4f51-8647-787f7df342df-900x675.jpg 900w, https:\/\/buletin.de\/bucuresti\/wp-content\/uploads\/61ee0a29-5779-4f51-8647-787f7df342df-300x225.jpg 300w, https:\/\/buletin.de\/bucuresti\/wp-content\/uploads\/61ee0a29-5779-4f51-8647-787f7df342df-768x576.jpg 768w, https:\/\/buletin.de\/bucuresti\/wp-content\/uploads\/61ee0a29-5779-4f51-8647-787f7df342df-1536x1152.jpg 1536w, https:\/\/buletin.de\/bucuresti\/wp-content\/uploads\/61ee0a29-5779-4f51-8647-787f7df342df-1060x795.jpg 1060w, https:\/\/buletin.de\/bucuresti\/wp-content\/uploads\/61ee0a29-5779-4f51-8647-787f7df342df-550x413.jpg 550w, https:\/\/buletin.de\/bucuresti\/wp-content\/uploads\/61ee0a29-5779-4f51-8647-787f7df342df-667x500.jpg 667w, https:\/\/buletin.de\/bucuresti\/wp-content\/uploads\/61ee0a29-5779-4f51-8647-787f7df342df-1440x1080.jpg 1440w, https:\/\/buletin.de\/bucuresti\/wp-content\/uploads\/61ee0a29-5779-4f51-8647-787f7df342df-600x450.jpg 600w, https:\/\/buletin.de\/bucuresti\/wp-content\/uploads\/61ee0a29-5779-4f51-8647-787f7df342df.jpg 1600w\" sizes=\"(max-width: 900px) 100vw, 900px\" \/><\/figure><\/li><li class=\"blocks-gallery-item\"><figure><img loading=\"lazy\" decoding=\"async\" width=\"900\" height=\"675\" src=\"data:image\/gif;base64,R0lGODlhAQABAAAAACH5BAEKAAEALAAAAAABAAEAAAICTAEAOw==\" data-src=\"https:\/\/buletin.de\/bucuresti\/wp-content\/uploads\/a2f8eaa2-5d48-4e30-a4ae-5faa57a459b8-900x675.jpg\" alt=\"\" data-id=\"23113\" data-full-url=\"https:\/\/buletin.de\/bucuresti\/wp-content\/uploads\/a2f8eaa2-5d48-4e30-a4ae-5faa57a459b8.jpg\" data-link=\"https:\/\/buletin.de\/bucuresti\/?attachment_id=23113\" class=\"wp-image-23113 lazyload\" data-sizes=\"auto\" data-srcset=\"https:\/\/buletin.de\/bucuresti\/wp-content\/uploads\/a2f8eaa2-5d48-4e30-a4ae-5faa57a459b8-900x675.jpg 900w, https:\/\/buletin.de\/bucuresti\/wp-content\/uploads\/a2f8eaa2-5d48-4e30-a4ae-5faa57a459b8-300x225.jpg 300w, https:\/\/buletin.de\/bucuresti\/wp-content\/uploads\/a2f8eaa2-5d48-4e30-a4ae-5faa57a459b8-768x576.jpg 768w, https:\/\/buletin.de\/bucuresti\/wp-content\/uploads\/a2f8eaa2-5d48-4e30-a4ae-5faa57a459b8-1536x1152.jpg 1536w, https:\/\/buletin.de\/bucuresti\/wp-content\/uploads\/a2f8eaa2-5d48-4e30-a4ae-5faa57a459b8-1060x795.jpg 1060w, https:\/\/buletin.de\/bucuresti\/wp-content\/uploads\/a2f8eaa2-5d48-4e30-a4ae-5faa57a459b8-550x413.jpg 550w, https:\/\/buletin.de\/bucuresti\/wp-content\/uploads\/a2f8eaa2-5d48-4e30-a4ae-5faa57a459b8-667x500.jpg 667w, https:\/\/buletin.de\/bucuresti\/wp-content\/uploads\/a2f8eaa2-5d48-4e30-a4ae-5faa57a459b8-1440x1080.jpg 1440w, https:\/\/buletin.de\/bucuresti\/wp-content\/uploads\/a2f8eaa2-5d48-4e30-a4ae-5faa57a459b8-600x450.jpg 600w, https:\/\/buletin.de\/bucuresti\/wp-content\/uploads\/a2f8eaa2-5d48-4e30-a4ae-5faa57a459b8.jpg 1600w\" sizes=\"(max-width: 900px) 100vw, 900px\" \/><\/figure><\/li><li class=\"blocks-gallery-item\"><figure><img loading=\"lazy\" decoding=\"async\" width=\"900\" height=\"675\" src=\"data:image\/gif;base64,R0lGODlhAQABAAAAACH5BAEKAAEALAAAAAABAAEAAAICTAEAOw==\" data-src=\"https:\/\/buletin.de\/bucuresti\/wp-content\/uploads\/c1d319e4-1a76-4c35-966b-6f2d2a6a2625-900x675.jpg\" alt=\"\" data-id=\"23114\" data-full-url=\"https:\/\/buletin.de\/bucuresti\/wp-content\/uploads\/c1d319e4-1a76-4c35-966b-6f2d2a6a2625.jpg\" data-link=\"https:\/\/buletin.de\/bucuresti\/?attachment_id=23114\" class=\"wp-image-23114 lazyload\" data-sizes=\"auto\" data-srcset=\"https:\/\/buletin.de\/bucuresti\/wp-content\/uploads\/c1d319e4-1a76-4c35-966b-6f2d2a6a2625-900x675.jpg 900w, https:\/\/buletin.de\/bucuresti\/wp-content\/uploads\/c1d319e4-1a76-4c35-966b-6f2d2a6a2625-300x225.jpg 300w, https:\/\/buletin.de\/bucuresti\/wp-content\/uploads\/c1d319e4-1a76-4c35-966b-6f2d2a6a2625-768x576.jpg 768w, https:\/\/buletin.de\/bucuresti\/wp-content\/uploads\/c1d319e4-1a76-4c35-966b-6f2d2a6a2625-1536x1152.jpg 1536w, https:\/\/buletin.de\/bucuresti\/wp-content\/uploads\/c1d319e4-1a76-4c35-966b-6f2d2a6a2625-1060x795.jpg 1060w, https:\/\/buletin.de\/bucuresti\/wp-content\/uploads\/c1d319e4-1a76-4c35-966b-6f2d2a6a2625-550x413.jpg 550w, https:\/\/buletin.de\/bucuresti\/wp-content\/uploads\/c1d319e4-1a76-4c35-966b-6f2d2a6a2625-667x500.jpg 667w, https:\/\/buletin.de\/bucuresti\/wp-content\/uploads\/c1d319e4-1a76-4c35-966b-6f2d2a6a2625-1440x1080.jpg 1440w, https:\/\/buletin.de\/bucuresti\/wp-content\/uploads\/c1d319e4-1a76-4c35-966b-6f2d2a6a2625-600x450.jpg 600w, https:\/\/buletin.de\/bucuresti\/wp-content\/uploads\/c1d319e4-1a76-4c35-966b-6f2d2a6a2625.jpg 1600w\" sizes=\"(max-width: 900px) 100vw, 900px\" \/><\/figure><\/li><li class=\"blocks-gallery-item\"><figure><img loading=\"lazy\" decoding=\"async\" width=\"900\" height=\"675\" src=\"data:image\/gif;base64,R0lGODlhAQABAAAAACH5BAEKAAEALAAAAAABAAEAAAICTAEAOw==\" data-src=\"https:\/\/buletin.de\/bucuresti\/wp-content\/uploads\/ca89b548-5bd7-4e9b-8200-333736446728-900x675.jpg\" alt=\"\" data-id=\"23115\" data-full-url=\"https:\/\/buletin.de\/bucuresti\/wp-content\/uploads\/ca89b548-5bd7-4e9b-8200-333736446728.jpg\" data-link=\"https:\/\/buletin.de\/bucuresti\/?attachment_id=23115\" class=\"wp-image-23115 lazyload\" data-sizes=\"auto\" data-srcset=\"https:\/\/buletin.de\/bucuresti\/wp-content\/uploads\/ca89b548-5bd7-4e9b-8200-333736446728-900x675.jpg 900w, https:\/\/buletin.de\/bucuresti\/wp-content\/uploads\/ca89b548-5bd7-4e9b-8200-333736446728-300x225.jpg 300w, https:\/\/buletin.de\/bucuresti\/wp-content\/uploads\/ca89b548-5bd7-4e9b-8200-333736446728-768x576.jpg 768w, https:\/\/buletin.de\/bucuresti\/wp-content\/uploads\/ca89b548-5bd7-4e9b-8200-333736446728-1536x1152.jpg 1536w, https:\/\/buletin.de\/bucuresti\/wp-content\/uploads\/ca89b548-5bd7-4e9b-8200-333736446728-1060x795.jpg 1060w, https:\/\/buletin.de\/bucuresti\/wp-content\/uploads\/ca89b548-5bd7-4e9b-8200-333736446728-550x413.jpg 550w, https:\/\/buletin.de\/bucuresti\/wp-content\/uploads\/ca89b548-5bd7-4e9b-8200-333736446728-667x500.jpg 667w, https:\/\/buletin.de\/bucuresti\/wp-content\/uploads\/ca89b548-5bd7-4e9b-8200-333736446728-1440x1080.jpg 1440w, https:\/\/buletin.de\/bucuresti\/wp-content\/uploads\/ca89b548-5bd7-4e9b-8200-333736446728-600x450.jpg 600w, https:\/\/buletin.de\/bucuresti\/wp-content\/uploads\/ca89b548-5bd7-4e9b-8200-333736446728.jpg 1600w\" sizes=\"(max-width: 900px) 100vw, 900px\" \/><\/figure><\/li><li class=\"blocks-gallery-item\"><figure><img loading=\"lazy\" decoding=\"async\" width=\"900\" height=\"675\" src=\"data:image\/gif;base64,R0lGODlhAQABAAAAACH5BAEKAAEALAAAAAABAAEAAAICTAEAOw==\" data-src=\"https:\/\/buletin.de\/bucuresti\/wp-content\/uploads\/d33dee8d-a1ac-4dfc-a5e1-91cee538419b-900x675.jpg\" alt=\"\" data-id=\"23116\" data-full-url=\"https:\/\/buletin.de\/bucuresti\/wp-content\/uploads\/d33dee8d-a1ac-4dfc-a5e1-91cee538419b.jpg\" data-link=\"https:\/\/buletin.de\/bucuresti\/?attachment_id=23116\" class=\"wp-image-23116 lazyload\" data-sizes=\"auto\" data-srcset=\"https:\/\/buletin.de\/bucuresti\/wp-content\/uploads\/d33dee8d-a1ac-4dfc-a5e1-91cee538419b-900x675.jpg 900w, https:\/\/buletin.de\/bucuresti\/wp-content\/uploads\/d33dee8d-a1ac-4dfc-a5e1-91cee538419b-300x225.jpg 300w, https:\/\/buletin.de\/bucuresti\/wp-content\/uploads\/d33dee8d-a1ac-4dfc-a5e1-91cee538419b-768x576.jpg 768w, https:\/\/buletin.de\/bucuresti\/wp-content\/uploads\/d33dee8d-a1ac-4dfc-a5e1-91cee538419b-1536x1152.jpg 1536w, https:\/\/buletin.de\/bucuresti\/wp-content\/uploads\/d33dee8d-a1ac-4dfc-a5e1-91cee538419b-1060x795.jpg 1060w, https:\/\/buletin.de\/bucuresti\/wp-content\/uploads\/d33dee8d-a1ac-4dfc-a5e1-91cee538419b-550x413.jpg 550w, https:\/\/buletin.de\/bucuresti\/wp-content\/uploads\/d33dee8d-a1ac-4dfc-a5e1-91cee538419b-667x500.jpg 667w, https:\/\/buletin.de\/bucuresti\/wp-content\/uploads\/d33dee8d-a1ac-4dfc-a5e1-91cee538419b-1440x1080.jpg 1440w, https:\/\/buletin.de\/bucuresti\/wp-content\/uploads\/d33dee8d-a1ac-4dfc-a5e1-91cee538419b-600x450.jpg 600w, https:\/\/buletin.de\/bucuresti\/wp-content\/uploads\/d33dee8d-a1ac-4dfc-a5e1-91cee538419b.jpg 1600w\" sizes=\"(max-width: 900px) 100vw, 900px\" \/><\/figure><\/li><li class=\"blocks-gallery-item\"><figure><img loading=\"lazy\" decoding=\"async\" width=\"900\" height=\"501\" src=\"data:image\/gif;base64,R0lGODlhAQABAAAAACH5BAEKAAEALAAAAAABAAEAAAICTAEAOw==\" data-src=\"https:\/\/buletin.de\/bucuresti\/wp-content\/uploads\/foisor-1-900x501.jpg\" alt=\"\" data-id=\"23117\" data-full-url=\"https:\/\/buletin.de\/bucuresti\/wp-content\/uploads\/foisor-1.jpg\" data-link=\"https:\/\/buletin.de\/bucuresti\/?attachment_id=23117\" class=\"wp-image-23117 lazyload\" data-sizes=\"auto\" data-srcset=\"https:\/\/buletin.de\/bucuresti\/wp-content\/uploads\/foisor-1-900x501.jpg 900w, https:\/\/buletin.de\/bucuresti\/wp-content\/uploads\/foisor-1-300x167.jpg 300w, https:\/\/buletin.de\/bucuresti\/wp-content\/uploads\/foisor-1-768x427.jpg 768w, https:\/\/buletin.de\/bucuresti\/wp-content\/uploads\/foisor-1-1060x590.jpg 1060w, https:\/\/buletin.de\/bucuresti\/wp-content\/uploads\/foisor-1-550x306.jpg 550w, https:\/\/buletin.de\/bucuresti\/wp-content\/uploads\/foisor-1-898x500.jpg 898w, https:\/\/buletin.de\/bucuresti\/wp-content\/uploads\/foisor-1-600x334.jpg 600w, https:\/\/buletin.de\/bucuresti\/wp-content\/uploads\/foisor-1.jpg 1105w\" sizes=\"(max-width: 900px) 100vw, 900px\" \/><\/figure><\/li><li class=\"blocks-gallery-item\"><figure><img loading=\"lazy\" decoding=\"async\" width=\"900\" height=\"493\" src=\"data:image\/gif;base64,R0lGODlhAQABAAAAACH5BAEKAAEALAAAAAABAAEAAAICTAEAOw==\" data-src=\"https:\/\/buletin.de\/bucuresti\/wp-content\/uploads\/foisor-2-900x493.jpg\" alt=\"\" data-id=\"23118\" data-full-url=\"https:\/\/buletin.de\/bucuresti\/wp-content\/uploads\/foisor-2.jpg\" data-link=\"https:\/\/buletin.de\/bucuresti\/?attachment_id=23118\" class=\"wp-image-23118 lazyload\" data-sizes=\"auto\" data-srcset=\"https:\/\/buletin.de\/bucuresti\/wp-content\/uploads\/foisor-2-900x493.jpg 900w, https:\/\/buletin.de\/bucuresti\/wp-content\/uploads\/foisor-2-300x164.jpg 300w, https:\/\/buletin.de\/bucuresti\/wp-content\/uploads\/foisor-2-768x420.jpg 768w, https:\/\/buletin.de\/bucuresti\/wp-content\/uploads\/foisor-2-1060x580.jpg 1060w, https:\/\/buletin.de\/bucuresti\/wp-content\/uploads\/foisor-2-550x301.jpg 550w, https:\/\/buletin.de\/bucuresti\/wp-content\/uploads\/foisor-2-913x500.jpg 913w, https:\/\/buletin.de\/bucuresti\/wp-content\/uploads\/foisor-2-600x329.jpg 600w, https:\/\/buletin.de\/bucuresti\/wp-content\/uploads\/foisor-2.jpg 1105w\" sizes=\"(max-width: 900px) 100vw, 900px\" \/><\/figure><\/li><li class=\"blocks-gallery-item\"><figure><img loading=\"lazy\" decoding=\"async\" width=\"900\" height=\"516\" src=\"data:image\/gif;base64,R0lGODlhAQABAAAAACH5BAEKAAEALAAAAAABAAEAAAICTAEAOw==\" data-src=\"https:\/\/buletin.de\/bucuresti\/wp-content\/uploads\/foisor-3-900x516.jpg\" alt=\"\" data-id=\"23119\" data-full-url=\"https:\/\/buletin.de\/bucuresti\/wp-content\/uploads\/foisor-3.jpg\" data-link=\"https:\/\/buletin.de\/bucuresti\/?attachment_id=23119\" class=\"wp-image-23119 lazyload\" data-sizes=\"auto\" data-srcset=\"https:\/\/buletin.de\/bucuresti\/wp-content\/uploads\/foisor-3-900x516.jpg 900w, https:\/\/buletin.de\/bucuresti\/wp-content\/uploads\/foisor-3-300x172.jpg 300w, https:\/\/buletin.de\/bucuresti\/wp-content\/uploads\/foisor-3-768x441.jpg 768w, https:\/\/buletin.de\/bucuresti\/wp-content\/uploads\/foisor-3-1060x608.jpg 1060w, https:\/\/buletin.de\/bucuresti\/wp-content\/uploads\/foisor-3-550x316.jpg 550w, https:\/\/buletin.de\/bucuresti\/wp-content\/uploads\/foisor-3-872x500.jpg 872w, https:\/\/buletin.de\/bucuresti\/wp-content\/uploads\/foisor-3-600x344.jpg 600w, https:\/\/buletin.de\/bucuresti\/wp-content\/uploads\/foisor-3.jpg 1065w\" sizes=\"(max-width: 900px) 100vw, 900px\" \/><\/figure><\/li><li class=\"blocks-gallery-item\"><figure><img loading=\"lazy\" decoding=\"async\" width=\"900\" height=\"496\" src=\"data:image\/gif;base64,R0lGODlhAQABAAAAACH5BAEKAAEALAAAAAABAAEAAAICTAEAOw==\" data-src=\"https:\/\/buletin.de\/bucuresti\/wp-content\/uploads\/foisor-4-900x496.jpg\" alt=\"\" data-id=\"23120\" data-full-url=\"https:\/\/buletin.de\/bucuresti\/wp-content\/uploads\/foisor-4.jpg\" data-link=\"https:\/\/buletin.de\/bucuresti\/?attachment_id=23120\" class=\"wp-image-23120 lazyload\" data-sizes=\"auto\" data-srcset=\"https:\/\/buletin.de\/bucuresti\/wp-content\/uploads\/foisor-4-900x496.jpg 900w, https:\/\/buletin.de\/bucuresti\/wp-content\/uploads\/foisor-4-300x165.jpg 300w, https:\/\/buletin.de\/bucuresti\/wp-content\/uploads\/foisor-4-768x423.jpg 768w, https:\/\/buletin.de\/bucuresti\/wp-content\/uploads\/foisor-4-1060x584.jpg 1060w, https:\/\/buletin.de\/bucuresti\/wp-content\/uploads\/foisor-4-550x303.jpg 550w, https:\/\/buletin.de\/bucuresti\/wp-content\/uploads\/foisor-4-908x500.jpg 908w, https:\/\/buletin.de\/bucuresti\/wp-content\/uploads\/foisor-4-600x331.jpg 600w, https:\/\/buletin.de\/bucuresti\/wp-content\/uploads\/foisor-4.jpg 1091w\" sizes=\"(max-width: 900px) 100vw, 900px\" \/><\/figure><\/li><\/ul><\/figure>\n","protected":false},"excerpt":{"rendered":"<p>Zeci de oameni sunt evacua\u021bi din Spitalul Clinic de Ortopedie, Traumatologie \u0219i TBC Osteoarticular \u201dFoi\u0219or\u201d vineri sear\u0103, \u00eentruc\u00e2t unitatea medical\u0103 s-a transformat \u00een institu\u021bie suport COVID. Unii dintre pacien\u021bii sco\u0219i afar\u0103 din spital pe t\u0103rgi sunt abia opera\u021bi \u0219i sunt transfera\u021bi spre alte unit\u0103\u021bi spitalice\u0219ti din Capital\u0103, \u00een timp ce al\u021bii au fost trimi\u0219i acas\u0103. [&hellip;]<\/p>\n","protected":false},"author":25,"featured_media":23111,"comment_status":"closed","ping_status":"open","sticky":false,"template":"","format":"standard","meta":{"_acf_changed":false,"inline_featured_image":false,"ngg_post_thumbnail":0,"footnotes":""},"categories":[4],"tags":[2398,738,2554],"ppma_author":[22597],"class_list":["post-23109","post","type-post","status-publish","format-standard","has-post-thumbnail","hentry","category-sanatate","tag-evacuare","tag-raed-arafat","tag-spitalul-foisor"],"acf":[],"yoast_head":"<!-- This site is optimized with the Yoast SEO Premium plugin v25.3 (Yoast SEO v27.5) - https:\/\/yoast.com\/product\/yoast-seo-premium-wordpress\/ -->\n<title>(FOTO) Zeci de pacien\u021bi de la Spitalul \u201dFoi\u0219or\u201d, unii abia opera\u021bi, evacua\u021bi \u00een plin\u0103 noapte la alte spitale din Capital\u0103. \u201dFoi\u0219or\u201d devine unitate COVID - Buletin de Bucure\u0219ti<\/title>\n<meta name=\"robots\" content=\"index, follow, max-snippet:-1, max-image-preview:large, max-video-preview:-1\" \/>\n<link rel=\"canonical\" href=\"https:\/\/buletin.de\/bucuresti\/pacienti-evacuati-spitalul-foisor\/\" \/>\n<meta property=\"og:locale\" content=\"en_GB\" \/>\n<meta property=\"og:type\" content=\"article\" \/>\n<meta property=\"og:title\" content=\"(FOTO) Zeci de pacien\u021bi de la Spitalul \u201dFoi\u0219or\u201d, unii abia opera\u021bi, evacua\u021bi \u00een plin\u0103 noapte la alte spitale din Capital\u0103. \u201dFoi\u0219or\u201d devine unitate COVID\" \/>\n<meta property=\"og:description\" content=\"Zeci de oameni sunt evacua\u021bi din Spitalul Clinic de Ortopedie, Traumatologie \u0219i TBC Osteoarticular \u201dFoi\u0219or\u201d vineri sear\u0103, \u00eentruc\u00e2t unitatea medical\u0103 s-a transformat \u00een institu\u021bie suport COVID. Unii dintre pacien\u021bii sco\u0219i afar\u0103 din spital pe t\u0103rgi sunt abia opera\u021bi \u0219i sunt transfera\u021bi spre alte unit\u0103\u021bi spitalice\u0219ti din Capital\u0103, \u00een timp ce al\u021bii au fost trimi\u0219i acas\u0103. [&hellip;]\" \/>\n<meta property=\"og:url\" content=\"https:\/\/buletin.de\/bucuresti\/pacienti-evacuati-spitalul-foisor\/\" \/>\n<meta property=\"og:site_name\" content=\"Buletin de Bucure\u0219ti\" \/>\n<meta property=\"article:publisher\" content=\"https:\/\/www.facebook.com\/buletin.de.buc\" \/>\n<meta property=\"article:published_time\" content=\"2021-04-09T19:56:08+00:00\" \/>\n<meta property=\"article:modified_time\" content=\"2021-04-09T19:56:09+00:00\" \/>\n<meta property=\"og:image\" content=\"https:\/\/buletin.de\/bucuresti\/wp-content\/uploads\/50b320d2-8d17-41db-9a0e-dc3010a40efe.jpg\" \/>\n\t<meta property=\"og:image:width\" content=\"1200\" \/>\n\t<meta property=\"og:image:height\" content=\"1600\" \/>\n\t<meta property=\"og:image:type\" content=\"image\/jpeg\" \/>\n<meta name=\"author\" content=\"Ana Tudor\" \/>\n<meta name=\"twitter:card\" content=\"summary_large_image\" \/>\n<meta name=\"twitter:label1\" content=\"Written by\" \/>\n\t<meta name=\"twitter:data1\" content=\"Ana Tudor\" \/>\n\t<meta name=\"twitter:label2\" content=\"Estimated reading time\" \/>\n\t<meta name=\"twitter:data2\" content=\"4 minutes\" \/>\n<script type=\"application\/ld+json\" class=\"yoast-schema-graph\">{\"@context\":\"https:\\\/\\\/schema.org\",\"@graph\":[{\"@type\":\"Article\",\"@id\":\"https:\\\/\\\/buletin.de\\\/bucuresti\\\/pacienti-evacuati-spitalul-foisor\\\/#article\",\"isPartOf\":{\"@id\":\"https:\\\/\\\/buletin.de\\\/bucuresti\\\/pacienti-evacuati-spitalul-foisor\\\/\"},\"author\":{\"name\":\"Ana Tudor\",\"@id\":\"https:\\\/\\\/buletin.de\\\/bucuresti\\\/#\\\/schema\\\/person\\\/8ce85bbda5515a1abb525993294155a8\"},\"headline\":\"(FOTO) Zeci de pacien\u021bi de la Spitalul \u201dFoi\u0219or\u201d, unii abia opera\u021bi, evacua\u021bi \u00een plin\u0103 noapte la alte spitale din Capital\u0103. \u201dFoi\u0219or\u201d devine unitate COVID\",\"datePublished\":\"2021-04-09T19:56:08+00:00\",\"dateModified\":\"2021-04-09T19:56:09+00:00\",\"mainEntityOfPage\":{\"@id\":\"https:\\\/\\\/buletin.de\\\/bucuresti\\\/pacienti-evacuati-spitalul-foisor\\\/\"},\"wordCount\":288,\"publisher\":{\"@id\":\"https:\\\/\\\/buletin.de\\\/bucuresti\\\/#organization\"},\"image\":{\"@id\":\"https:\\\/\\\/buletin.de\\\/bucuresti\\\/pacienti-evacuati-spitalul-foisor\\\/#primaryimage\"},\"thumbnailUrl\":\"https:\\\/\\\/buletin.de\\\/bucuresti\\\/wp-content\\\/uploads\\\/50b320d2-8d17-41db-9a0e-dc3010a40efe.jpg\",\"keywords\":[\"evacuare\",\"raed arafat\",\"spitalul foisor\"],\"articleSection\":[\"S\u0103n\u0103tate\"],\"inLanguage\":\"en-GB\",\"copyrightYear\":\"2021\",\"copyrightHolder\":{\"@id\":\"https:\\\/\\\/buletin.de\\\/bucuresti\\\/#organization\"}},{\"@type\":\"WebPage\",\"@id\":\"https:\\\/\\\/buletin.de\\\/bucuresti\\\/pacienti-evacuati-spitalul-foisor\\\/\",\"url\":\"https:\\\/\\\/buletin.de\\\/bucuresti\\\/pacienti-evacuati-spitalul-foisor\\\/\",\"name\":\"(FOTO) Zeci de pacien\u021bi de la Spitalul \u201dFoi\u0219or\u201d, unii abia opera\u021bi, evacua\u021bi \u00een plin\u0103 noapte la alte spitale din Capital\u0103. \u201dFoi\u0219or\u201d devine unitate COVID - Buletin de Bucure\u0219ti\",\"isPartOf\":{\"@id\":\"https:\\\/\\\/buletin.de\\\/bucuresti\\\/#website\"},\"primaryImageOfPage\":{\"@id\":\"https:\\\/\\\/buletin.de\\\/bucuresti\\\/pacienti-evacuati-spitalul-foisor\\\/#primaryimage\"},\"image\":{\"@id\":\"https:\\\/\\\/buletin.de\\\/bucuresti\\\/pacienti-evacuati-spitalul-foisor\\\/#primaryimage\"},\"thumbnailUrl\":\"https:\\\/\\\/buletin.de\\\/bucuresti\\\/wp-content\\\/uploads\\\/50b320d2-8d17-41db-9a0e-dc3010a40efe.jpg\",\"datePublished\":\"2021-04-09T19:56:08+00:00\",\"dateModified\":\"2021-04-09T19:56:09+00:00\",\"breadcrumb\":{\"@id\":\"https:\\\/\\\/buletin.de\\\/bucuresti\\\/pacienti-evacuati-spitalul-foisor\\\/#breadcrumb\"},\"inLanguage\":\"en-GB\",\"potentialAction\":[{\"@type\":\"ReadAction\",\"target\":[\"https:\\\/\\\/buletin.de\\\/bucuresti\\\/pacienti-evacuati-spitalul-foisor\\\/\"]}]},{\"@type\":\"ImageObject\",\"inLanguage\":\"en-GB\",\"@id\":\"https:\\\/\\\/buletin.de\\\/bucuresti\\\/pacienti-evacuati-spitalul-foisor\\\/#primaryimage\",\"url\":\"https:\\\/\\\/buletin.de\\\/bucuresti\\\/wp-content\\\/uploads\\\/50b320d2-8d17-41db-9a0e-dc3010a40efe.jpg\",\"contentUrl\":\"https:\\\/\\\/buletin.de\\\/bucuresti\\\/wp-content\\\/uploads\\\/50b320d2-8d17-41db-9a0e-dc3010a40efe.jpg\",\"width\":1200,\"height\":1600},{\"@type\":\"BreadcrumbList\",\"@id\":\"https:\\\/\\\/buletin.de\\\/bucuresti\\\/pacienti-evacuati-spitalul-foisor\\\/#breadcrumb\",\"itemListElement\":[{\"@type\":\"ListItem\",\"position\":1,\"name\":\"Acas\u0103\",\"item\":\"https:\\\/\\\/buletin.de\\\/bucuresti\\\/\"},{\"@type\":\"ListItem\",\"position\":2,\"name\":\"(FOTO) Zeci de pacien\u021bi de la Spitalul \u201dFoi\u0219or\u201d, unii abia opera\u021bi, evacua\u021bi \u00een plin\u0103 noapte la alte spitale din Capital\u0103. \u201dFoi\u0219or\u201d devine unitate COVID\"}]},{\"@type\":\"WebSite\",\"@id\":\"https:\\\/\\\/buletin.de\\\/bucuresti\\\/#website\",\"url\":\"https:\\\/\\\/buletin.de\\\/bucuresti\\\/\",\"name\":\"Buletin de Bucure\u0219ti\",\"description\":\"\u0218tiri \u0219i investiga\u021bii esen\u021biale din capital\u0103\",\"publisher\":{\"@id\":\"https:\\\/\\\/buletin.de\\\/bucuresti\\\/#organization\"},\"potentialAction\":[{\"@type\":\"SearchAction\",\"target\":{\"@type\":\"EntryPoint\",\"urlTemplate\":\"https:\\\/\\\/buletin.de\\\/bucuresti\\\/?s={search_term_string}\"},\"query-input\":{\"@type\":\"PropertyValueSpecification\",\"valueRequired\":true,\"valueName\":\"search_term_string\"}}],\"inLanguage\":\"en-GB\"},{\"@type\":\"Organization\",\"@id\":\"https:\\\/\\\/buletin.de\\\/bucuresti\\\/#organization\",\"name\":\"Buletin de Bucure\u0219ti\",\"url\":\"https:\\\/\\\/buletin.de\\\/bucuresti\\\/\",\"logo\":{\"@type\":\"ImageObject\",\"inLanguage\":\"en-GB\",\"@id\":\"https:\\\/\\\/buletin.de\\\/bucuresti\\\/#\\\/schema\\\/logo\\\/image\\\/\",\"url\":\"https:\\\/\\\/buletin.de\\\/bucuresti\\\/wp-content\\\/uploads\\\/logo-bdb-full-wide-vernil-transparent.png\",\"contentUrl\":\"https:\\\/\\\/buletin.de\\\/bucuresti\\\/wp-content\\\/uploads\\\/logo-bdb-full-wide-vernil-transparent.png\",\"width\":1782,\"height\":626,\"caption\":\"Buletin de Bucure\u0219ti\"},\"image\":{\"@id\":\"https:\\\/\\\/buletin.de\\\/bucuresti\\\/#\\\/schema\\\/logo\\\/image\\\/\"},\"sameAs\":[\"https:\\\/\\\/www.facebook.com\\\/buletin.de.buc\",\"https:\\\/\\\/www.instagram.com\\\/buletinde.bucuresti\\\/\"]},{\"@type\":\"Person\",\"@id\":\"https:\\\/\\\/buletin.de\\\/bucuresti\\\/#\\\/schema\\\/person\\\/8ce85bbda5515a1abb525993294155a8\",\"name\":\"Ana Tudor\",\"image\":{\"@type\":\"ImageObject\",\"inLanguage\":\"en-GB\",\"@id\":\"https:\\\/\\\/secure.gravatar.com\\\/avatar\\\/390c40e2d9367046adb10d832317e3f5fb181fdecb236cb1a8187477756ae24a?s=96&d=monsterid&r=g0f86ad5d6b77046fd61bd633bbfa4a29\",\"url\":\"https:\\\/\\\/secure.gravatar.com\\\/avatar\\\/390c40e2d9367046adb10d832317e3f5fb181fdecb236cb1a8187477756ae24a?s=96&d=monsterid&r=g\",\"contentUrl\":\"https:\\\/\\\/secure.gravatar.com\\\/avatar\\\/390c40e2d9367046adb10d832317e3f5fb181fdecb236cb1a8187477756ae24a?s=96&d=monsterid&r=g\",\"caption\":\"Ana Tudor\"},\"url\":\"https:\\\/\\\/buletin.de\\\/bucuresti\\\/author\\\/anamaria\\\/\"}]}<\/script>\n<!-- \/ Yoast SEO Premium plugin. -->","yoast_head_json":{"title":"(FOTO) Zeci de pacien\u021bi de la Spitalul \u201dFoi\u0219or\u201d, unii abia opera\u021bi, evacua\u021bi \u00een plin\u0103 noapte la alte spitale din Capital\u0103. \u201dFoi\u0219or\u201d devine unitate COVID - Buletin de Bucure\u0219ti","robots":{"index":"index","follow":"follow","max-snippet":"max-snippet:-1","max-image-preview":"max-image-preview:large","max-video-preview":"max-video-preview:-1"},"canonical":"https:\/\/buletin.de\/bucuresti\/pacienti-evacuati-spitalul-foisor\/","og_locale":"en_GB","og_type":"article","og_title":"(FOTO) Zeci de pacien\u021bi de la Spitalul \u201dFoi\u0219or\u201d, unii abia opera\u021bi, evacua\u021bi \u00een plin\u0103 noapte la alte spitale din Capital\u0103. \u201dFoi\u0219or\u201d devine unitate COVID","og_description":"Zeci de oameni sunt evacua\u021bi din Spitalul Clinic de Ortopedie, Traumatologie \u0219i TBC Osteoarticular \u201dFoi\u0219or\u201d vineri sear\u0103, \u00eentruc\u00e2t unitatea medical\u0103 s-a transformat \u00een institu\u021bie suport COVID. Unii dintre pacien\u021bii sco\u0219i afar\u0103 din spital pe t\u0103rgi sunt abia opera\u021bi \u0219i sunt transfera\u021bi spre alte unit\u0103\u021bi spitalice\u0219ti din Capital\u0103, \u00een timp ce al\u021bii au fost trimi\u0219i acas\u0103. [&hellip;]","og_url":"https:\/\/buletin.de\/bucuresti\/pacienti-evacuati-spitalul-foisor\/","og_site_name":"Buletin de Bucure\u0219ti","article_publisher":"https:\/\/www.facebook.com\/buletin.de.buc","article_published_time":"2021-04-09T19:56:08+00:00","article_modified_time":"2021-04-09T19:56:09+00:00","og_image":[{"width":1200,"height":1600,"url":"https:\/\/buletin.de\/bucuresti\/wp-content\/uploads\/50b320d2-8d17-41db-9a0e-dc3010a40efe.jpg","type":"image\/jpeg"}],"author":"Ana Tudor","twitter_card":"summary_large_image","twitter_misc":{"Written by":"Ana Tudor","Estimated reading time":"4 minutes"},"schema":{"@context":"https:\/\/schema.org","@graph":[{"@type":"Article","@id":"https:\/\/buletin.de\/bucuresti\/pacienti-evacuati-spitalul-foisor\/#article","isPartOf":{"@id":"https:\/\/buletin.de\/bucuresti\/pacienti-evacuati-spitalul-foisor\/"},"author":{"name":"Ana Tudor","@id":"https:\/\/buletin.de\/bucuresti\/#\/schema\/person\/8ce85bbda5515a1abb525993294155a8"},"headline":"(FOTO) Zeci de pacien\u021bi de la Spitalul \u201dFoi\u0219or\u201d, unii abia opera\u021bi, evacua\u021bi \u00een plin\u0103 noapte la alte spitale din Capital\u0103. \u201dFoi\u0219or\u201d devine unitate COVID","datePublished":"2021-04-09T19:56:08+00:00","dateModified":"2021-04-09T19:56:09+00:00","mainEntityOfPage":{"@id":"https:\/\/buletin.de\/bucuresti\/pacienti-evacuati-spitalul-foisor\/"},"wordCount":288,"publisher":{"@id":"https:\/\/buletin.de\/bucuresti\/#organization"},"image":{"@id":"https:\/\/buletin.de\/bucuresti\/pacienti-evacuati-spitalul-foisor\/#primaryimage"},"thumbnailUrl":"https:\/\/buletin.de\/bucuresti\/wp-content\/uploads\/50b320d2-8d17-41db-9a0e-dc3010a40efe.jpg","keywords":["evacuare","raed arafat","spitalul foisor"],"articleSection":["S\u0103n\u0103tate"],"inLanguage":"en-GB","copyrightYear":"2021","copyrightHolder":{"@id":"https:\/\/buletin.de\/bucuresti\/#organization"}},{"@type":"WebPage","@id":"https:\/\/buletin.de\/bucuresti\/pacienti-evacuati-spitalul-foisor\/","url":"https:\/\/buletin.de\/bucuresti\/pacienti-evacuati-spitalul-foisor\/","name":"(FOTO) Zeci de pacien\u021bi de la Spitalul \u201dFoi\u0219or\u201d, unii abia opera\u021bi, evacua\u021bi \u00een plin\u0103 noapte la alte spitale din Capital\u0103. \u201dFoi\u0219or\u201d devine unitate COVID - Buletin de Bucure\u0219ti","isPartOf":{"@id":"https:\/\/buletin.de\/bucuresti\/#website"},"primaryImageOfPage":{"@id":"https:\/\/buletin.de\/bucuresti\/pacienti-evacuati-spitalul-foisor\/#primaryimage"},"image":{"@id":"https:\/\/buletin.de\/bucuresti\/pacienti-evacuati-spitalul-foisor\/#primaryimage"},"thumbnailUrl":"https:\/\/buletin.de\/bucuresti\/wp-content\/uploads\/50b320d2-8d17-41db-9a0e-dc3010a40efe.jpg","datePublished":"2021-04-09T19:56:08+00:00","dateModified":"2021-04-09T19:56:09+00:00","breadcrumb":{"@id":"https:\/\/buletin.de\/bucuresti\/pacienti-evacuati-spitalul-foisor\/#breadcrumb"},"inLanguage":"en-GB","potentialAction":[{"@type":"ReadAction","target":["https:\/\/buletin.de\/bucuresti\/pacienti-evacuati-spitalul-foisor\/"]}]},{"@type":"ImageObject","inLanguage":"en-GB","@id":"https:\/\/buletin.de\/bucuresti\/pacienti-evacuati-spitalul-foisor\/#primaryimage","url":"https:\/\/buletin.de\/bucuresti\/wp-content\/uploads\/50b320d2-8d17-41db-9a0e-dc3010a40efe.jpg","contentUrl":"https:\/\/buletin.de\/bucuresti\/wp-content\/uploads\/50b320d2-8d17-41db-9a0e-dc3010a40efe.jpg","width":1200,"height":1600},{"@type":"BreadcrumbList","@id":"https:\/\/buletin.de\/bucuresti\/pacienti-evacuati-spitalul-foisor\/#breadcrumb","itemListElement":[{"@type":"ListItem","position":1,"name":"Acas\u0103","item":"https:\/\/buletin.de\/bucuresti\/"},{"@type":"ListItem","position":2,"name":"(FOTO) Zeci de pacien\u021bi de la Spitalul \u201dFoi\u0219or\u201d, unii abia opera\u021bi, evacua\u021bi \u00een plin\u0103 noapte la alte spitale din Capital\u0103. \u201dFoi\u0219or\u201d devine unitate COVID"}]},{"@type":"WebSite","@id":"https:\/\/buletin.de\/bucuresti\/#website","url":"https:\/\/buletin.de\/bucuresti\/","name":"Buletin de Bucure\u0219ti","description":"\u0218tiri \u0219i investiga\u021bii esen\u021biale din capital\u0103","publisher":{"@id":"https:\/\/buletin.de\/bucuresti\/#organization"},"potentialAction":[{"@type":"SearchAction","target":{"@type":"EntryPoint","urlTemplate":"https:\/\/buletin.de\/bucuresti\/?s={search_term_string}"},"query-input":{"@type":"PropertyValueSpecification","valueRequired":true,"valueName":"search_term_string"}}],"inLanguage":"en-GB"},{"@type":"Organization","@id":"https:\/\/buletin.de\/bucuresti\/#organization","name":"Buletin de Bucure\u0219ti","url":"https:\/\/buletin.de\/bucuresti\/","logo":{"@type":"ImageObject","inLanguage":"en-GB","@id":"https:\/\/buletin.de\/bucuresti\/#\/schema\/logo\/image\/","url":"https:\/\/buletin.de\/bucuresti\/wp-content\/uploads\/logo-bdb-full-wide-vernil-transparent.png","contentUrl":"https:\/\/buletin.de\/bucuresti\/wp-content\/uploads\/logo-bdb-full-wide-vernil-transparent.png","width":1782,"height":626,"caption":"Buletin de Bucure\u0219ti"},"image":{"@id":"https:\/\/buletin.de\/bucuresti\/#\/schema\/logo\/image\/"},"sameAs":["https:\/\/www.facebook.com\/buletin.de.buc","https:\/\/www.instagram.com\/buletinde.bucuresti\/"]},{"@type":"Person","@id":"https:\/\/buletin.de\/bucuresti\/#\/schema\/person\/8ce85bbda5515a1abb525993294155a8","name":"Ana Tudor","image":{"@type":"ImageObject","inLanguage":"en-GB","@id":"https:\/\/secure.gravatar.com\/avatar\/390c40e2d9367046adb10d832317e3f5fb181fdecb236cb1a8187477756ae24a?s=96&d=monsterid&r=g0f86ad5d6b77046fd61bd633bbfa4a29","url":"https:\/\/secure.gravatar.com\/avatar\/390c40e2d9367046adb10d832317e3f5fb181fdecb236cb1a8187477756ae24a?s=96&d=monsterid&r=g","contentUrl":"https:\/\/secure.gravatar.com\/avatar\/390c40e2d9367046adb10d832317e3f5fb181fdecb236cb1a8187477756ae24a?s=96&d=monsterid&r=g","caption":"Ana Tudor"},"url":"https:\/\/buletin.de\/bucuresti\/author\/anamaria\/"}]}},"authors":[{"term_id":22597,"user_id":25,"is_guest":0,"slug":"anamaria","display_name":"Ana Tudor","avatar_url":"https:\/\/secure.gravatar.com\/avatar\/390c40e2d9367046adb10d832317e3f5fb181fdecb236cb1a8187477756ae24a?s=96&d=monsterid&r=g","0":null,"1":"","2":"","3":"","4":"","5":"","6":"","7":"","8":""}],"_links":{"self":[{"href":"https:\/\/buletin.de\/bucuresti\/wp-json\/wp\/v2\/posts\/23109","targetHints":{"allow":["GET"]}}],"collection":[{"href":"https:\/\/buletin.de\/bucuresti\/wp-json\/wp\/v2\/posts"}],"about":[{"href":"https:\/\/buletin.de\/bucuresti\/wp-json\/wp\/v2\/types\/post"}],"author":[{"embeddable":true,"href":"https:\/\/buletin.de\/bucuresti\/wp-json\/wp\/v2\/users\/25"}],"replies":[{"embeddable":true,"href":"https:\/\/buletin.de\/bucuresti\/wp-json\/wp\/v2\/comments?post=23109"}],"version-history":[{"count":2,"href":"https:\/\/buletin.de\/bucuresti\/wp-json\/wp\/v2\/posts\/23109\/revisions"}],"predecessor-version":[{"id":23122,"href":"https:\/\/buletin.de\/bucuresti\/wp-json\/wp\/v2\/posts\/23109\/revisions\/23122"}],"wp:featuredmedia":[{"embeddable":true,"href":"https:\/\/buletin.de\/bucuresti\/wp-json\/wp\/v2\/media\/23111"}],"wp:attachment":[{"href":"https:\/\/buletin.de\/bucuresti\/wp-json\/wp\/v2\/media?parent=23109"}],"wp:term":[{"taxonomy":"category","embeddable":true,"href":"https:\/\/buletin.de\/bucuresti\/wp-json\/wp\/v2\/categories?post=23109"},{"taxonomy":"post_tag","embeddable":true,"href":"https:\/\/buletin.de\/bucuresti\/wp-json\/wp\/v2\/tags?post=23109"},{"taxonomy":"author","embeddable":true,"href":"https:\/\/buletin.de\/bucuresti\/wp-json\/wp\/v2\/ppma_author?post=23109"}],"curies":[{"name":"wp","href":"https:\/\/api.w.org\/{rel}","templated":true}]}}