{"id":23076,"date":"2021-04-08T21:12:16","date_gmt":"2021-04-08T18:12:16","guid":{"rendered":"https:\/\/buletin.de\/bucuresti\/?p=23076"},"modified":"2021-04-08T21:12:17","modified_gmt":"2021-04-08T18:12:17","slug":"presiunea-publica-a-castigat-clotilde-armand-a-retras-de-pe-ordinea-de-zi-proiectul-ce-prevedea-taierea-ajutorului-de-chirie","status":"publish","type":"post","link":"https:\/\/buletin.de\/bucuresti\/presiunea-publica-a-castigat-clotilde-armand-a-retras-de-pe-ordinea-de-zi-proiectul-ce-prevedea-taierea-ajutorului-de-chirie\/","title":{"rendered":"Presiunea public\u0103 a c\u00e2\u0219tigat. Clotilde Armand a retras de pe ordinea de zi proiectul ce prevedea t\u0103ierea ajutorului de chirie"},"content":{"rendered":"\n<p>Un proiect de hot\u0103r\u00e2re ce prevedea t\u0103ierea ajutorului de chirie pentru solicitan\u021bii de locuin\u021be sociale a fost retras de pe ordinea de zi a Consiliului Local al Sectorului 1, dup\u0103 ce acesta a st\u00e2rnit o revolt\u0103 serioas\u0103 \u00een mediul online.<\/p>\n\n\n\n<figure class=\"wp-block-image size-large\"><img fetchpriority=\"high\" decoding=\"async\" width=\"900\" height=\"246\" src=\"data:image\/gif;base64,R0lGODlhAQABAAAAACH5BAEKAAEALAAAAAABAAEAAAICTAEAOw==\" data-src=\"https:\/\/buletin.de\/bucuresti\/wp-content\/uploads\/proiect-hotarare-1-900x246.jpg\" alt=\"\" class=\"wp-image-23077 lazyload\" data-sizes=\"auto\" data-srcset=\"https:\/\/buletin.de\/bucuresti\/wp-content\/uploads\/proiect-hotarare-1-900x246.jpg 900w, https:\/\/buletin.de\/bucuresti\/wp-content\/uploads\/proiect-hotarare-1-300x82.jpg 300w, https:\/\/buletin.de\/bucuresti\/wp-content\/uploads\/proiect-hotarare-1-768x210.jpg 768w, https:\/\/buletin.de\/bucuresti\/wp-content\/uploads\/proiect-hotarare-1-1060x290.jpg 1060w, https:\/\/buletin.de\/bucuresti\/wp-content\/uploads\/proiect-hotarare-1-550x151.jpg 550w, https:\/\/buletin.de\/bucuresti\/wp-content\/uploads\/proiect-hotarare-1-600x164.jpg 600w, https:\/\/buletin.de\/bucuresti\/wp-content\/uploads\/proiect-hotarare-1.jpg 1494w\" sizes=\"(max-width: 900px) 100vw, 900px\" \/><figcaption>Proiectul de hot\u0103r\u00e2re prevedea t\u0103ierea ajutorului de urgen\u021b\u0103 pentru plata chiriei<\/figcaption><\/figure>\n\n\n\n<p>Mai mult, reprezentan\u021bii ini\u021biativei <a href=\"https:\/\/www.facebook.com\/Frontul-Comun-pentru-Dreptul-la-Locuire-675979395796221\">Frontul Comun pentru Dreptul la Locuire<\/a> anun\u021baser\u0103 c\u0103 luni, 12 aprilie, vor organiza un protest \u00een fa\u021ba Prim\u0103riei Sectorului 1, pentru a opri votarea proiectului.<\/p>\n\n\n\n<p>\u201eV\u0103 chem\u0103m al\u0103turi de noi luni, la ora 11:00, \u00een fa\u021ba Prim\u0103riei Sectorului 1, pentru a le cere consilierilor locali s\u0103 NU voteze t\u0103ierea ajutorului de chirie pentru solicitan\u021bii de locuin\u021be sociale. Suntem furioase \u0219i furio\u0219i c\u0103 noului primar al Sectorului 1 efectiv nu \u00eei pas\u0103 care sunt efectele sociale ale proiectelor sale \u0219i, din c\u00e2te vedem, mai degrab\u0103 \u0219i-ar dori ca familiile care nu \u00ee\u0219i pot permite chirii de sute de euro s\u0103 dispar\u0103 din sectorul s\u0103u. Nu vom permite a\u0219a ceva \u0219i vom lupta al\u0103turi de familiile afectate pentru dreptul tuturor la locuire decent\u0103!\u201d, se preciza \u00een apelul de chemare la protest, publicat miercuri pe pagina de Facebook a ini\u021biativei.<\/p>\n\n\n\n<iframe src=\"https:\/\/www.facebook.com\/plugins\/post.php?href=https%3A%2F%2Fwww.facebook.com%2Fpermalink.php%3Fstory_fbid%3D3994474660613328%26id%3D675979395796221&#038;width=500&#038;show_text=true&#038;height=664&#038;appId\" width=\"500\" height=\"664\" style=\"border:none;overflow:hidden\" scrolling=\"no\" frameborder=\"0\" allowfullscreen=\"true\" allow=\"autoplay; clipboard-write; encrypted-media; picture-in-picture; web-share\"><\/iframe>\n\n\n\n<p>O zi mai t\u00e2rziu, dup\u0103 nenum\u0103rate nemul\u021bumiri exprimate \u00een mediul online, Clotilde Armand, primarul Sectorului 1, a retras proiectul de hot\u0103r\u00e2re de pe ordinea de azi.<\/p>\n\n\n\n<figure class=\"wp-block-image size-large\"><img decoding=\"async\" width=\"900\" height=\"687\" src=\"data:image\/gif;base64,R0lGODlhAQABAAAAACH5BAEKAAEALAAAAAABAAEAAAICTAEAOw==\" data-src=\"https:\/\/buletin.de\/bucuresti\/wp-content\/uploads\/retragere-proiect-s1-900x687.jpg\" alt=\"\" class=\"wp-image-23078 lazyload\" data-sizes=\"auto\" data-srcset=\"https:\/\/buletin.de\/bucuresti\/wp-content\/uploads\/retragere-proiect-s1-900x687.jpg 900w, https:\/\/buletin.de\/bucuresti\/wp-content\/uploads\/retragere-proiect-s1-300x229.jpg 300w, https:\/\/buletin.de\/bucuresti\/wp-content\/uploads\/retragere-proiect-s1-768x587.jpg 768w, https:\/\/buletin.de\/bucuresti\/wp-content\/uploads\/retragere-proiect-s1-550x420.jpg 550w, https:\/\/buletin.de\/bucuresti\/wp-content\/uploads\/retragere-proiect-s1-655x500.jpg 655w, https:\/\/buletin.de\/bucuresti\/wp-content\/uploads\/retragere-proiect-s1-600x458.jpg 600w, https:\/\/buletin.de\/bucuresti\/wp-content\/uploads\/retragere-proiect-s1.jpg 1024w\" sizes=\"(max-width: 900px) 100vw, 900px\" \/><\/figure>\n\n\n\n<p>Anun\u021bul a fost f\u0103cut de Ionel Stoica, purt\u0103torul de cuv\u00e2nt al Prim\u0103riei Sectorului 1.<\/p>\n\n\n\n<p>\u201dPentru c\u0103 foarte mul\u021bi prieteni \u0219i reprezentan\u021bii unor asocia\u021bii m-au \u00eentrebat despre posibila \u00eencetare a acord\u0103rii unui ajutor de urgen\u021b\u0103 pentru plata chiriei, ca m\u0103sur\u0103 de prevenire \u0219i combatere a marginaliz\u0103rii sociale c\u0103tre persoanele\/ familiile care figureaz\u0103 pe listele de priorit\u0103\u021bi aprobate anual de Consiliul Local al Sectorului 1 al Municipiului Bucure\u0219ti, v\u0103 anun\u021b c\u0103 Primarul Sectorului 1, Clotilde Armand, a solicitat retragerea proiectului de pe ordinea de zi a Consiliului Local al Sectorului 1, din data de 12 aprilie 2021\u201d, a precizat acesta.<\/p>\n\n\n\n<iframe src=\"https:\/\/www.facebook.com\/plugins\/post.php?href=https%3A%2F%2Fwww.facebook.com%2Fionel.stoica.7%2Fposts%2F4334290709915123&#038;width=500&#038;show_text=true&#038;height=586&#038;appId\" width=\"500\" height=\"586\" style=\"border:none;overflow:hidden\" scrolling=\"no\" frameborder=\"0\" allowfullscreen=\"true\" allow=\"autoplay; clipboard-write; encrypted-media; picture-in-picture; web-share\"><\/iframe>\n\n\n\n<p>Ioana Vlad, activist\u0103 \u00een cadrul Frontului Comun pentru Locuin\u021be, a precizat, pentru <a href=\"https:\/\/buletin.de\/bucuresti\/\">Buletin de Bucure\u0219ti, <\/a>c\u0103 exist\u0103 posibilitatea ca acest proiect s\u0103 fie repus pe ordinea de zi alt\u0103 dat\u0103.<\/p>\n\n\n\n<p>\u201eCe s-a \u00eent\u00e2mplat ast\u0103zi reprezint\u0103 o mica victorie pentru noi. \u00cen lipsa presiunii publice, este foarte posibil ca acest proiect s\u0103 revin\u0103 pe ordinea de zi. Acesta face parte dintr-o serie de proiecte care amenin\u021b\u0103 drepturile sociale\u201d, a declarat Ioana Vlad.<\/p>\n","protected":false},"excerpt":{"rendered":"<p>Un proiect de hot\u0103r\u00e2re ce prevedea t\u0103ierea ajutorului de chirie pentru solicitan\u021bii de locuin\u021be sociale a fost retras de pe ordinea de zi a Consiliului Local al Sectorului 1, dup\u0103 ce acesta a st\u00e2rnit o revolt\u0103 serioas\u0103 \u00een mediul online. Mai mult, reprezentan\u021bii ini\u021biativei Frontul Comun pentru Dreptul la Locuire anun\u021baser\u0103 c\u0103 luni, 12 aprilie, [&hellip;]<\/p>\n","protected":false},"author":25,"featured_media":23077,"comment_status":"closed","ping_status":"open","sticky":false,"template":"","format":"standard","meta":{"_acf_changed":false,"inline_featured_image":false,"ngg_post_thumbnail":0,"footnotes":""},"categories":[24],"tags":[2548,1487,2550,2549,2547,309],"ppma_author":[22597],"class_list":["post-23076","post","type-post","status-publish","format-standard","has-post-thumbnail","hentry","category-primarie","tag-ajutor-de-chirie","tag-clotilde-armand","tag-frontul-comun-pentru-dreptul-la-locuire","tag-ionel-stoica","tag-locuinte","tag-primaria-sector-1"],"acf":[],"yoast_head":"<!-- This site is optimized with the Yoast SEO Premium plugin v25.3 (Yoast SEO v27.4) - https:\/\/yoast.com\/product\/yoast-seo-premium-wordpress\/ -->\n<title>Presiunea public\u0103 a c\u00e2\u0219tigat. Clotilde Armand a retras de pe ordinea de zi proiectul ce prevedea t\u0103ierea ajutorului de chirie - Buletin de Bucure\u0219ti<\/title>\n<meta name=\"robots\" content=\"index, follow, max-snippet:-1, max-image-preview:large, max-video-preview:-1\" \/>\n<link rel=\"canonical\" href=\"https:\/\/buletin.de\/bucuresti\/presiunea-publica-a-castigat-clotilde-armand-a-retras-de-pe-ordinea-de-zi-proiectul-ce-prevedea-taierea-ajutorului-de-chirie\/\" \/>\n<meta property=\"og:locale\" content=\"en_GB\" \/>\n<meta property=\"og:type\" content=\"article\" \/>\n<meta property=\"og:title\" content=\"Presiunea public\u0103 a c\u00e2\u0219tigat. Clotilde Armand a retras de pe ordinea de zi proiectul ce prevedea t\u0103ierea ajutorului de chirie\" \/>\n<meta property=\"og:description\" content=\"Un proiect de hot\u0103r\u00e2re ce prevedea t\u0103ierea ajutorului de chirie pentru solicitan\u021bii de locuin\u021be sociale a fost retras de pe ordinea de zi a Consiliului Local al Sectorului 1, dup\u0103 ce acesta a st\u00e2rnit o revolt\u0103 serioas\u0103 \u00een mediul online. Mai mult, reprezentan\u021bii ini\u021biativei Frontul Comun pentru Dreptul la Locuire anun\u021baser\u0103 c\u0103 luni, 12 aprilie, [&hellip;]\" \/>\n<meta property=\"og:url\" content=\"https:\/\/buletin.de\/bucuresti\/presiunea-publica-a-castigat-clotilde-armand-a-retras-de-pe-ordinea-de-zi-proiectul-ce-prevedea-taierea-ajutorului-de-chirie\/\" \/>\n<meta property=\"og:site_name\" content=\"Buletin de Bucure\u0219ti\" \/>\n<meta property=\"article:publisher\" content=\"https:\/\/www.facebook.com\/buletin.de.buc\" \/>\n<meta property=\"article:published_time\" content=\"2021-04-08T18:12:16+00:00\" \/>\n<meta property=\"article:modified_time\" content=\"2021-04-08T18:12:17+00:00\" \/>\n<meta property=\"og:image\" content=\"https:\/\/buletin.de\/bucuresti\/wp-content\/uploads\/proiect-hotarare-1.jpg\" \/>\n\t<meta property=\"og:image:width\" content=\"1494\" \/>\n\t<meta property=\"og:image:height\" content=\"409\" \/>\n\t<meta property=\"og:image:type\" content=\"image\/jpeg\" \/>\n<meta name=\"author\" content=\"Ana Tudor\" \/>\n<meta name=\"twitter:card\" content=\"summary_large_image\" \/>\n<meta name=\"twitter:label1\" content=\"Written by\" \/>\n\t<meta name=\"twitter:data1\" content=\"Ana Tudor\" \/>\n\t<meta name=\"twitter:label2\" content=\"Estimated reading time\" \/>\n\t<meta name=\"twitter:data2\" content=\"3 minutes\" \/>\n<script type=\"application\/ld+json\" class=\"yoast-schema-graph\">{\"@context\":\"https:\\\/\\\/schema.org\",\"@graph\":[{\"@type\":\"Article\",\"@id\":\"https:\\\/\\\/buletin.de\\\/bucuresti\\\/presiunea-publica-a-castigat-clotilde-armand-a-retras-de-pe-ordinea-de-zi-proiectul-ce-prevedea-taierea-ajutorului-de-chirie\\\/#article\",\"isPartOf\":{\"@id\":\"https:\\\/\\\/buletin.de\\\/bucuresti\\\/presiunea-publica-a-castigat-clotilde-armand-a-retras-de-pe-ordinea-de-zi-proiectul-ce-prevedea-taierea-ajutorului-de-chirie\\\/\"},\"author\":{\"name\":\"Ana Tudor\",\"@id\":\"https:\\\/\\\/buletin.de\\\/bucuresti\\\/#\\\/schema\\\/person\\\/8ce85bbda5515a1abb525993294155a8\"},\"headline\":\"Presiunea public\u0103 a c\u00e2\u0219tigat. Clotilde Armand a retras de pe ordinea de zi proiectul ce prevedea t\u0103ierea ajutorului de chirie\",\"datePublished\":\"2021-04-08T18:12:16+00:00\",\"dateModified\":\"2021-04-08T18:12:17+00:00\",\"mainEntityOfPage\":{\"@id\":\"https:\\\/\\\/buletin.de\\\/bucuresti\\\/presiunea-publica-a-castigat-clotilde-armand-a-retras-de-pe-ordinea-de-zi-proiectul-ce-prevedea-taierea-ajutorului-de-chirie\\\/\"},\"wordCount\":446,\"publisher\":{\"@id\":\"https:\\\/\\\/buletin.de\\\/bucuresti\\\/#organization\"},\"image\":{\"@id\":\"https:\\\/\\\/buletin.de\\\/bucuresti\\\/presiunea-publica-a-castigat-clotilde-armand-a-retras-de-pe-ordinea-de-zi-proiectul-ce-prevedea-taierea-ajutorului-de-chirie\\\/#primaryimage\"},\"thumbnailUrl\":\"https:\\\/\\\/buletin.de\\\/bucuresti\\\/wp-content\\\/uploads\\\/proiect-hotarare-1.jpg\",\"keywords\":[\"ajutor de chirie\",\"clotilde armand\",\"frontul comun pentru dreptul la locuire\",\"ionel stoica\",\"locuinte\",\"primaria sector 1\"],\"articleSection\":[\"Prim\u0103rie\"],\"inLanguage\":\"en-GB\",\"copyrightYear\":\"2021\",\"copyrightHolder\":{\"@id\":\"https:\\\/\\\/buletin.de\\\/bucuresti\\\/#organization\"}},{\"@type\":\"WebPage\",\"@id\":\"https:\\\/\\\/buletin.de\\\/bucuresti\\\/presiunea-publica-a-castigat-clotilde-armand-a-retras-de-pe-ordinea-de-zi-proiectul-ce-prevedea-taierea-ajutorului-de-chirie\\\/\",\"url\":\"https:\\\/\\\/buletin.de\\\/bucuresti\\\/presiunea-publica-a-castigat-clotilde-armand-a-retras-de-pe-ordinea-de-zi-proiectul-ce-prevedea-taierea-ajutorului-de-chirie\\\/\",\"name\":\"Presiunea public\u0103 a c\u00e2\u0219tigat. Clotilde Armand a retras de pe ordinea de zi proiectul ce prevedea t\u0103ierea ajutorului de chirie - Buletin de Bucure\u0219ti\",\"isPartOf\":{\"@id\":\"https:\\\/\\\/buletin.de\\\/bucuresti\\\/#website\"},\"primaryImageOfPage\":{\"@id\":\"https:\\\/\\\/buletin.de\\\/bucuresti\\\/presiunea-publica-a-castigat-clotilde-armand-a-retras-de-pe-ordinea-de-zi-proiectul-ce-prevedea-taierea-ajutorului-de-chirie\\\/#primaryimage\"},\"image\":{\"@id\":\"https:\\\/\\\/buletin.de\\\/bucuresti\\\/presiunea-publica-a-castigat-clotilde-armand-a-retras-de-pe-ordinea-de-zi-proiectul-ce-prevedea-taierea-ajutorului-de-chirie\\\/#primaryimage\"},\"thumbnailUrl\":\"https:\\\/\\\/buletin.de\\\/bucuresti\\\/wp-content\\\/uploads\\\/proiect-hotarare-1.jpg\",\"datePublished\":\"2021-04-08T18:12:16+00:00\",\"dateModified\":\"2021-04-08T18:12:17+00:00\",\"breadcrumb\":{\"@id\":\"https:\\\/\\\/buletin.de\\\/bucuresti\\\/presiunea-publica-a-castigat-clotilde-armand-a-retras-de-pe-ordinea-de-zi-proiectul-ce-prevedea-taierea-ajutorului-de-chirie\\\/#breadcrumb\"},\"inLanguage\":\"en-GB\",\"potentialAction\":[{\"@type\":\"ReadAction\",\"target\":[\"https:\\\/\\\/buletin.de\\\/bucuresti\\\/presiunea-publica-a-castigat-clotilde-armand-a-retras-de-pe-ordinea-de-zi-proiectul-ce-prevedea-taierea-ajutorului-de-chirie\\\/\"]}]},{\"@type\":\"ImageObject\",\"inLanguage\":\"en-GB\",\"@id\":\"https:\\\/\\\/buletin.de\\\/bucuresti\\\/presiunea-publica-a-castigat-clotilde-armand-a-retras-de-pe-ordinea-de-zi-proiectul-ce-prevedea-taierea-ajutorului-de-chirie\\\/#primaryimage\",\"url\":\"https:\\\/\\\/buletin.de\\\/bucuresti\\\/wp-content\\\/uploads\\\/proiect-hotarare-1.jpg\",\"contentUrl\":\"https:\\\/\\\/buletin.de\\\/bucuresti\\\/wp-content\\\/uploads\\\/proiect-hotarare-1.jpg\",\"width\":1494,\"height\":409},{\"@type\":\"BreadcrumbList\",\"@id\":\"https:\\\/\\\/buletin.de\\\/bucuresti\\\/presiunea-publica-a-castigat-clotilde-armand-a-retras-de-pe-ordinea-de-zi-proiectul-ce-prevedea-taierea-ajutorului-de-chirie\\\/#breadcrumb\",\"itemListElement\":[{\"@type\":\"ListItem\",\"position\":1,\"name\":\"Acas\u0103\",\"item\":\"https:\\\/\\\/buletin.de\\\/bucuresti\\\/\"},{\"@type\":\"ListItem\",\"position\":2,\"name\":\"Presiunea public\u0103 a c\u00e2\u0219tigat. Clotilde Armand a retras de pe ordinea de zi proiectul ce prevedea t\u0103ierea ajutorului de chirie\"}]},{\"@type\":\"WebSite\",\"@id\":\"https:\\\/\\\/buletin.de\\\/bucuresti\\\/#website\",\"url\":\"https:\\\/\\\/buletin.de\\\/bucuresti\\\/\",\"name\":\"Buletin de Bucure\u0219ti\",\"description\":\"\u0218tiri \u0219i investiga\u021bii esen\u021biale din capital\u0103\",\"publisher\":{\"@id\":\"https:\\\/\\\/buletin.de\\\/bucuresti\\\/#organization\"},\"potentialAction\":[{\"@type\":\"SearchAction\",\"target\":{\"@type\":\"EntryPoint\",\"urlTemplate\":\"https:\\\/\\\/buletin.de\\\/bucuresti\\\/?s={search_term_string}\"},\"query-input\":{\"@type\":\"PropertyValueSpecification\",\"valueRequired\":true,\"valueName\":\"search_term_string\"}}],\"inLanguage\":\"en-GB\"},{\"@type\":\"Organization\",\"@id\":\"https:\\\/\\\/buletin.de\\\/bucuresti\\\/#organization\",\"name\":\"Buletin de Bucure\u0219ti\",\"url\":\"https:\\\/\\\/buletin.de\\\/bucuresti\\\/\",\"logo\":{\"@type\":\"ImageObject\",\"inLanguage\":\"en-GB\",\"@id\":\"https:\\\/\\\/buletin.de\\\/bucuresti\\\/#\\\/schema\\\/logo\\\/image\\\/\",\"url\":\"https:\\\/\\\/buletin.de\\\/bucuresti\\\/wp-content\\\/uploads\\\/logo-bdb-full-wide-vernil-transparent.png\",\"contentUrl\":\"https:\\\/\\\/buletin.de\\\/bucuresti\\\/wp-content\\\/uploads\\\/logo-bdb-full-wide-vernil-transparent.png\",\"width\":1782,\"height\":626,\"caption\":\"Buletin de Bucure\u0219ti\"},\"image\":{\"@id\":\"https:\\\/\\\/buletin.de\\\/bucuresti\\\/#\\\/schema\\\/logo\\\/image\\\/\"},\"sameAs\":[\"https:\\\/\\\/www.facebook.com\\\/buletin.de.buc\",\"https:\\\/\\\/www.instagram.com\\\/buletinde.bucuresti\\\/\"]},{\"@type\":\"Person\",\"@id\":\"https:\\\/\\\/buletin.de\\\/bucuresti\\\/#\\\/schema\\\/person\\\/8ce85bbda5515a1abb525993294155a8\",\"name\":\"Ana Tudor\",\"image\":{\"@type\":\"ImageObject\",\"inLanguage\":\"en-GB\",\"@id\":\"https:\\\/\\\/secure.gravatar.com\\\/avatar\\\/390c40e2d9367046adb10d832317e3f5fb181fdecb236cb1a8187477756ae24a?s=96&d=monsterid&r=g0f86ad5d6b77046fd61bd633bbfa4a29\",\"url\":\"https:\\\/\\\/secure.gravatar.com\\\/avatar\\\/390c40e2d9367046adb10d832317e3f5fb181fdecb236cb1a8187477756ae24a?s=96&d=monsterid&r=g\",\"contentUrl\":\"https:\\\/\\\/secure.gravatar.com\\\/avatar\\\/390c40e2d9367046adb10d832317e3f5fb181fdecb236cb1a8187477756ae24a?s=96&d=monsterid&r=g\",\"caption\":\"Ana Tudor\"},\"url\":\"https:\\\/\\\/buletin.de\\\/bucuresti\\\/author\\\/anamaria\\\/\"}]}<\/script>\n<!-- \/ Yoast SEO Premium plugin. -->","yoast_head_json":{"title":"Presiunea public\u0103 a c\u00e2\u0219tigat. Clotilde Armand a retras de pe ordinea de zi proiectul ce prevedea t\u0103ierea ajutorului de chirie - Buletin de Bucure\u0219ti","robots":{"index":"index","follow":"follow","max-snippet":"max-snippet:-1","max-image-preview":"max-image-preview:large","max-video-preview":"max-video-preview:-1"},"canonical":"https:\/\/buletin.de\/bucuresti\/presiunea-publica-a-castigat-clotilde-armand-a-retras-de-pe-ordinea-de-zi-proiectul-ce-prevedea-taierea-ajutorului-de-chirie\/","og_locale":"en_GB","og_type":"article","og_title":"Presiunea public\u0103 a c\u00e2\u0219tigat. Clotilde Armand a retras de pe ordinea de zi proiectul ce prevedea t\u0103ierea ajutorului de chirie","og_description":"Un proiect de hot\u0103r\u00e2re ce prevedea t\u0103ierea ajutorului de chirie pentru solicitan\u021bii de locuin\u021be sociale a fost retras de pe ordinea de zi a Consiliului Local al Sectorului 1, dup\u0103 ce acesta a st\u00e2rnit o revolt\u0103 serioas\u0103 \u00een mediul online. Mai mult, reprezentan\u021bii ini\u021biativei Frontul Comun pentru Dreptul la Locuire anun\u021baser\u0103 c\u0103 luni, 12 aprilie, [&hellip;]","og_url":"https:\/\/buletin.de\/bucuresti\/presiunea-publica-a-castigat-clotilde-armand-a-retras-de-pe-ordinea-de-zi-proiectul-ce-prevedea-taierea-ajutorului-de-chirie\/","og_site_name":"Buletin de Bucure\u0219ti","article_publisher":"https:\/\/www.facebook.com\/buletin.de.buc","article_published_time":"2021-04-08T18:12:16+00:00","article_modified_time":"2021-04-08T18:12:17+00:00","og_image":[{"width":1494,"height":409,"url":"https:\/\/buletin.de\/bucuresti\/wp-content\/uploads\/proiect-hotarare-1.jpg","type":"image\/jpeg"}],"author":"Ana Tudor","twitter_card":"summary_large_image","twitter_misc":{"Written by":"Ana Tudor","Estimated reading time":"3 minutes"},"schema":{"@context":"https:\/\/schema.org","@graph":[{"@type":"Article","@id":"https:\/\/buletin.de\/bucuresti\/presiunea-publica-a-castigat-clotilde-armand-a-retras-de-pe-ordinea-de-zi-proiectul-ce-prevedea-taierea-ajutorului-de-chirie\/#article","isPartOf":{"@id":"https:\/\/buletin.de\/bucuresti\/presiunea-publica-a-castigat-clotilde-armand-a-retras-de-pe-ordinea-de-zi-proiectul-ce-prevedea-taierea-ajutorului-de-chirie\/"},"author":{"name":"Ana Tudor","@id":"https:\/\/buletin.de\/bucuresti\/#\/schema\/person\/8ce85bbda5515a1abb525993294155a8"},"headline":"Presiunea public\u0103 a c\u00e2\u0219tigat. Clotilde Armand a retras de pe ordinea de zi proiectul ce prevedea t\u0103ierea ajutorului de chirie","datePublished":"2021-04-08T18:12:16+00:00","dateModified":"2021-04-08T18:12:17+00:00","mainEntityOfPage":{"@id":"https:\/\/buletin.de\/bucuresti\/presiunea-publica-a-castigat-clotilde-armand-a-retras-de-pe-ordinea-de-zi-proiectul-ce-prevedea-taierea-ajutorului-de-chirie\/"},"wordCount":446,"publisher":{"@id":"https:\/\/buletin.de\/bucuresti\/#organization"},"image":{"@id":"https:\/\/buletin.de\/bucuresti\/presiunea-publica-a-castigat-clotilde-armand-a-retras-de-pe-ordinea-de-zi-proiectul-ce-prevedea-taierea-ajutorului-de-chirie\/#primaryimage"},"thumbnailUrl":"https:\/\/buletin.de\/bucuresti\/wp-content\/uploads\/proiect-hotarare-1.jpg","keywords":["ajutor de chirie","clotilde armand","frontul comun pentru dreptul la locuire","ionel stoica","locuinte","primaria sector 1"],"articleSection":["Prim\u0103rie"],"inLanguage":"en-GB","copyrightYear":"2021","copyrightHolder":{"@id":"https:\/\/buletin.de\/bucuresti\/#organization"}},{"@type":"WebPage","@id":"https:\/\/buletin.de\/bucuresti\/presiunea-publica-a-castigat-clotilde-armand-a-retras-de-pe-ordinea-de-zi-proiectul-ce-prevedea-taierea-ajutorului-de-chirie\/","url":"https:\/\/buletin.de\/bucuresti\/presiunea-publica-a-castigat-clotilde-armand-a-retras-de-pe-ordinea-de-zi-proiectul-ce-prevedea-taierea-ajutorului-de-chirie\/","name":"Presiunea public\u0103 a c\u00e2\u0219tigat. Clotilde Armand a retras de pe ordinea de zi proiectul ce prevedea t\u0103ierea ajutorului de chirie - Buletin de Bucure\u0219ti","isPartOf":{"@id":"https:\/\/buletin.de\/bucuresti\/#website"},"primaryImageOfPage":{"@id":"https:\/\/buletin.de\/bucuresti\/presiunea-publica-a-castigat-clotilde-armand-a-retras-de-pe-ordinea-de-zi-proiectul-ce-prevedea-taierea-ajutorului-de-chirie\/#primaryimage"},"image":{"@id":"https:\/\/buletin.de\/bucuresti\/presiunea-publica-a-castigat-clotilde-armand-a-retras-de-pe-ordinea-de-zi-proiectul-ce-prevedea-taierea-ajutorului-de-chirie\/#primaryimage"},"thumbnailUrl":"https:\/\/buletin.de\/bucuresti\/wp-content\/uploads\/proiect-hotarare-1.jpg","datePublished":"2021-04-08T18:12:16+00:00","dateModified":"2021-04-08T18:12:17+00:00","breadcrumb":{"@id":"https:\/\/buletin.de\/bucuresti\/presiunea-publica-a-castigat-clotilde-armand-a-retras-de-pe-ordinea-de-zi-proiectul-ce-prevedea-taierea-ajutorului-de-chirie\/#breadcrumb"},"inLanguage":"en-GB","potentialAction":[{"@type":"ReadAction","target":["https:\/\/buletin.de\/bucuresti\/presiunea-publica-a-castigat-clotilde-armand-a-retras-de-pe-ordinea-de-zi-proiectul-ce-prevedea-taierea-ajutorului-de-chirie\/"]}]},{"@type":"ImageObject","inLanguage":"en-GB","@id":"https:\/\/buletin.de\/bucuresti\/presiunea-publica-a-castigat-clotilde-armand-a-retras-de-pe-ordinea-de-zi-proiectul-ce-prevedea-taierea-ajutorului-de-chirie\/#primaryimage","url":"https:\/\/buletin.de\/bucuresti\/wp-content\/uploads\/proiect-hotarare-1.jpg","contentUrl":"https:\/\/buletin.de\/bucuresti\/wp-content\/uploads\/proiect-hotarare-1.jpg","width":1494,"height":409},{"@type":"BreadcrumbList","@id":"https:\/\/buletin.de\/bucuresti\/presiunea-publica-a-castigat-clotilde-armand-a-retras-de-pe-ordinea-de-zi-proiectul-ce-prevedea-taierea-ajutorului-de-chirie\/#breadcrumb","itemListElement":[{"@type":"ListItem","position":1,"name":"Acas\u0103","item":"https:\/\/buletin.de\/bucuresti\/"},{"@type":"ListItem","position":2,"name":"Presiunea public\u0103 a c\u00e2\u0219tigat. Clotilde Armand a retras de pe ordinea de zi proiectul ce prevedea t\u0103ierea ajutorului de chirie"}]},{"@type":"WebSite","@id":"https:\/\/buletin.de\/bucuresti\/#website","url":"https:\/\/buletin.de\/bucuresti\/","name":"Buletin de Bucure\u0219ti","description":"\u0218tiri \u0219i investiga\u021bii esen\u021biale din capital\u0103","publisher":{"@id":"https:\/\/buletin.de\/bucuresti\/#organization"},"potentialAction":[{"@type":"SearchAction","target":{"@type":"EntryPoint","urlTemplate":"https:\/\/buletin.de\/bucuresti\/?s={search_term_string}"},"query-input":{"@type":"PropertyValueSpecification","valueRequired":true,"valueName":"search_term_string"}}],"inLanguage":"en-GB"},{"@type":"Organization","@id":"https:\/\/buletin.de\/bucuresti\/#organization","name":"Buletin de Bucure\u0219ti","url":"https:\/\/buletin.de\/bucuresti\/","logo":{"@type":"ImageObject","inLanguage":"en-GB","@id":"https:\/\/buletin.de\/bucuresti\/#\/schema\/logo\/image\/","url":"https:\/\/buletin.de\/bucuresti\/wp-content\/uploads\/logo-bdb-full-wide-vernil-transparent.png","contentUrl":"https:\/\/buletin.de\/bucuresti\/wp-content\/uploads\/logo-bdb-full-wide-vernil-transparent.png","width":1782,"height":626,"caption":"Buletin de Bucure\u0219ti"},"image":{"@id":"https:\/\/buletin.de\/bucuresti\/#\/schema\/logo\/image\/"},"sameAs":["https:\/\/www.facebook.com\/buletin.de.buc","https:\/\/www.instagram.com\/buletinde.bucuresti\/"]},{"@type":"Person","@id":"https:\/\/buletin.de\/bucuresti\/#\/schema\/person\/8ce85bbda5515a1abb525993294155a8","name":"Ana Tudor","image":{"@type":"ImageObject","inLanguage":"en-GB","@id":"https:\/\/secure.gravatar.com\/avatar\/390c40e2d9367046adb10d832317e3f5fb181fdecb236cb1a8187477756ae24a?s=96&d=monsterid&r=g0f86ad5d6b77046fd61bd633bbfa4a29","url":"https:\/\/secure.gravatar.com\/avatar\/390c40e2d9367046adb10d832317e3f5fb181fdecb236cb1a8187477756ae24a?s=96&d=monsterid&r=g","contentUrl":"https:\/\/secure.gravatar.com\/avatar\/390c40e2d9367046adb10d832317e3f5fb181fdecb236cb1a8187477756ae24a?s=96&d=monsterid&r=g","caption":"Ana Tudor"},"url":"https:\/\/buletin.de\/bucuresti\/author\/anamaria\/"}]}},"authors":[{"term_id":22597,"user_id":25,"is_guest":0,"slug":"anamaria","display_name":"Ana Tudor","avatar_url":"https:\/\/secure.gravatar.com\/avatar\/390c40e2d9367046adb10d832317e3f5fb181fdecb236cb1a8187477756ae24a?s=96&d=monsterid&r=g","0":null,"1":"","2":"","3":"","4":"","5":"","6":"","7":"","8":""}],"_links":{"self":[{"href":"https:\/\/buletin.de\/bucuresti\/wp-json\/wp\/v2\/posts\/23076","targetHints":{"allow":["GET"]}}],"collection":[{"href":"https:\/\/buletin.de\/bucuresti\/wp-json\/wp\/v2\/posts"}],"about":[{"href":"https:\/\/buletin.de\/bucuresti\/wp-json\/wp\/v2\/types\/post"}],"author":[{"embeddable":true,"href":"https:\/\/buletin.de\/bucuresti\/wp-json\/wp\/v2\/users\/25"}],"replies":[{"embeddable":true,"href":"https:\/\/buletin.de\/bucuresti\/wp-json\/wp\/v2\/comments?post=23076"}],"version-history":[{"count":2,"href":"https:\/\/buletin.de\/bucuresti\/wp-json\/wp\/v2\/posts\/23076\/revisions"}],"predecessor-version":[{"id":23080,"href":"https:\/\/buletin.de\/bucuresti\/wp-json\/wp\/v2\/posts\/23076\/revisions\/23080"}],"wp:featuredmedia":[{"embeddable":true,"href":"https:\/\/buletin.de\/bucuresti\/wp-json\/wp\/v2\/media\/23077"}],"wp:attachment":[{"href":"https:\/\/buletin.de\/bucuresti\/wp-json\/wp\/v2\/media?parent=23076"}],"wp:term":[{"taxonomy":"category","embeddable":true,"href":"https:\/\/buletin.de\/bucuresti\/wp-json\/wp\/v2\/categories?post=23076"},{"taxonomy":"post_tag","embeddable":true,"href":"https:\/\/buletin.de\/bucuresti\/wp-json\/wp\/v2\/tags?post=23076"},{"taxonomy":"author","embeddable":true,"href":"https:\/\/buletin.de\/bucuresti\/wp-json\/wp\/v2\/ppma_author?post=23076"}],"curies":[{"name":"wp","href":"https:\/\/api.w.org\/{rel}","templated":true}]}}