{"id":23075,"date":"2021-04-08T21:16:08","date_gmt":"2021-04-08T18:16:08","guid":{"rendered":"https:\/\/buletin.de\/bucuresti\/?p=23075"},"modified":"2021-04-08T21:16:20","modified_gmt":"2021-04-08T18:16:20","slug":"ghid-de-bune-practici-pentru-prevenirea-raspandirii-sars-cov2-in-magazinele-din-capitala","status":"publish","type":"post","link":"https:\/\/buletin.de\/bucuresti\/ghid-de-bune-practici-pentru-prevenirea-raspandirii-sars-cov2-in-magazinele-din-capitala\/","title":{"rendered":"Ghid de bune practici pentru prevenirea r\u0103sp\u00e2ndirii Sars-Cov2, \u00een magazinele din Capital\u0103"},"content":{"rendered":"\n<p>Prefectura Bucure\u0219ti a \u00eentocmit un <strong>Ghid de bune practici<\/strong>, privind aplicarea, \u00een cadrul operatorilor economici care opereaz\u0103 servicii de v\u00e2nzare cu am\u0103nuntul, a m\u0103surilor de prevenire a r\u0103sp\u00e2ndirii virusului Sars-Cov 2. Ghidul a fost conceput dup\u0103 o serie de consult\u0103ri la care au participat: Prefectura Bucure\u0219ti, Asocia\u021bia Marilor Re\u021bele Comerciale din Rom\u00e2nia (AMRCR), Asocia\u021bia Na\u021bional\u0103 a Comercian\u021bilor Mici \u0219i Mijlocii din Rom\u00e2nia (ANCMMR), Organiza\u021bia Patronal\u0103 a Retailerilor din Rom\u00e2nia (RORETAIL), Asocia\u021bia Investitorilor de Real Estate din Rom\u00e2nia (AREI), reprezentan\u021bi ai Prim\u0103riilor sectoarelor din Bucure\u0219ti.<\/p>\n\n\n\n<p>M\u0103surile prev\u0103zute \u00een ghid sunt menite s\u0103 evite formarea aglomer\u0103rilor \u0219i s\u0103 asigure respectarea Hot\u0103r\u00e2rii CMBSU \u00a0nr 19 din 27.03.2021.<\/p>\n\n\n\n<p>Toate p\u0103r\u0163ile au stabilit prin consens urm\u0103toarele ac\u0163iuni ca fiind bune practici la nivelul comercian\u0163ilor:<\/p>\n\n\n\n<ol class=\"wp-block-list\" type=\"1\"><li>Afi\u015farea la intrarea \u00een magazin, la loc vizibil, a unui afi\u015f \u00een care s\u0103 fie men\u0163ionat num\u0103rul maxim de clien\u0163i care pot fi prezen\u0163i simultan \u00een acel magazin. Afi\u015ful trebuie s\u0103 fie cel pu\u0163in de m\u0103rime A4 \u015fi caracterele s\u0103 fie suficient de mari pentru a fi vizibile de la distan\u0163\u0103. Este propus urm\u0103torul text:<\/li><\/ol>\n\n\n\n<p><strong><em>Pentru a putea respecta regula distan\u0163\u0103rii fizice, \u00een acest magazin pot fi prezen\u0163i simultan &#8230;. clien\u0163i.<\/em><\/strong><\/p>\n\n\n\n<ul class=\"wp-block-list\"><li>Modul de clacul pentru num\u0103rul maxim de clien\u0163i va fi f\u0103cut prin raportare la cota de max 7m.p.-client pentru magazinele mari, de tip mall, supermarket, hypermarket sau prin raportare la obliga\u0163ia asigur\u0103rii distan\u0163\u0103rii de 2m \u00eentre clien\u0163i pentru magazinele mici \u015fi mijlocii.<\/li><\/ul>\n\n\n\n<ul class=\"wp-block-list\"><li>Fiecare magazin va trebui s\u0103 dispun\u0103 m\u0103surile necesare pentru a evita aglomerarea. M\u0103surile dispuse sunt la alegerea fiec\u0103rui operator economic, acesta put\u00e2nd s\u0103 evalueze concret situa\u021bia \u0219i s\u0103 decid\u0103. Printre m\u0103surile sugerate sunt: (i) limitarea num\u0103rului de co\u0219uri sau c\u0103rucioare disponibile la num\u0103rul maxim de clien\u021bi care pot fi simultan \u00een magazin, (ii) asigurarea contoriz\u0103rii electronice sau (iii) asigurarea contoriz\u0103rii mecanice sau orice alt mijloc pe care operatorul economic \u00eel consider\u0103 eficient \u0219i potrivit situa\u021biei proprii.<\/li><\/ul>\n\n\n\n<ul class=\"wp-block-list\"><li>La atingerea limitei de clien\u0163i, operatorul va opri accesul clien\u0163ilor \u00een magazin, urm\u00e2nd a permite accesul pe m\u0103sura eliber\u0103rii capacit\u0103\u0163ii.<\/li><\/ul>\n\n\n\n<p>Ghidul este afi\u0219at \u0219i pe site-ul Institu\u021biei Prefectului din Municipiul Bucure\u0219ti.<\/p>\n\n\n\n<p><\/p>\n","protected":false},"excerpt":{"rendered":"<p>Prefectura Bucure\u0219ti a \u00eentocmit un Ghid de bune practici, privind aplicarea, \u00een cadrul operatorilor economici care opereaz\u0103 servicii de v\u00e2nzare cu am\u0103nuntul, a m\u0103surilor de prevenire a r\u0103sp\u00e2ndirii virusului Sars-Cov 2. Ghidul a fost conceput dup\u0103 o serie de consult\u0103ri la care au participat: Prefectura Bucure\u0219ti, Asocia\u021bia Marilor Re\u021bele Comerciale din Rom\u00e2nia (AMRCR), Asocia\u021bia Na\u021bional\u0103 [&hellip;]<\/p>\n","protected":false},"author":18,"featured_media":23082,"comment_status":"closed","ping_status":"open","sticky":false,"template":"","format":"standard","meta":{"_acf_changed":false,"inline_featured_image":false,"ngg_post_thumbnail":0,"footnotes":""},"categories":[996,62],"tags":[2551,679,1407],"ppma_author":[22579],"class_list":["post-23075","post","type-post","status-publish","format-standard","has-post-thumbnail","hentry","category-covid-19","category-stiri","tag-ghid-de-bune-practici","tag-magazine","tag-prefectura"],"acf":[],"yoast_head":"<!-- This site is optimized with the Yoast SEO Premium plugin v25.3 (Yoast SEO v27.4) - https:\/\/yoast.com\/product\/yoast-seo-premium-wordpress\/ -->\n<title>Ghid de bune practici pentru prevenirea r\u0103sp\u00e2ndirii Sars-Cov2, \u00een magazinele din Capital\u0103 - Buletin de Bucure\u0219ti<\/title>\n<meta name=\"robots\" content=\"index, follow, max-snippet:-1, max-image-preview:large, max-video-preview:-1\" \/>\n<link rel=\"canonical\" href=\"https:\/\/buletin.de\/bucuresti\/ghid-de-bune-practici-pentru-prevenirea-raspandirii-sars-cov2-in-magazinele-din-capitala\/\" \/>\n<meta property=\"og:locale\" content=\"en_GB\" \/>\n<meta property=\"og:type\" content=\"article\" \/>\n<meta property=\"og:title\" content=\"Ghid de bune practici pentru prevenirea r\u0103sp\u00e2ndirii Sars-Cov2, \u00een magazinele din Capital\u0103\" \/>\n<meta property=\"og:description\" content=\"Prefectura Bucure\u0219ti a \u00eentocmit un Ghid de bune practici, privind aplicarea, \u00een cadrul operatorilor economici care opereaz\u0103 servicii de v\u00e2nzare cu am\u0103nuntul, a m\u0103surilor de prevenire a r\u0103sp\u00e2ndirii virusului Sars-Cov 2. Ghidul a fost conceput dup\u0103 o serie de consult\u0103ri la care au participat: Prefectura Bucure\u0219ti, Asocia\u021bia Marilor Re\u021bele Comerciale din Rom\u00e2nia (AMRCR), Asocia\u021bia Na\u021bional\u0103 [&hellip;]\" \/>\n<meta property=\"og:url\" content=\"https:\/\/buletin.de\/bucuresti\/ghid-de-bune-practici-pentru-prevenirea-raspandirii-sars-cov2-in-magazinele-din-capitala\/\" \/>\n<meta property=\"og:site_name\" content=\"Buletin de Bucure\u0219ti\" \/>\n<meta property=\"article:publisher\" content=\"https:\/\/www.facebook.com\/buletin.de.buc\" \/>\n<meta property=\"article:published_time\" content=\"2021-04-08T18:16:08+00:00\" \/>\n<meta property=\"article:modified_time\" content=\"2021-04-08T18:16:20+00:00\" \/>\n<meta property=\"og:image\" content=\"https:\/\/buletin.de\/bucuresti\/wp-content\/uploads\/k8-sWEpcc0Rm0U-unsplash-scaled.jpg\" \/>\n\t<meta property=\"og:image:width\" content=\"1705\" \/>\n\t<meta property=\"og:image:height\" content=\"2560\" \/>\n\t<meta property=\"og:image:type\" content=\"image\/jpeg\" \/>\n<meta name=\"author\" content=\"Teodora Stroe\" \/>\n<meta name=\"twitter:card\" content=\"summary_large_image\" \/>\n<meta name=\"twitter:label1\" content=\"Written by\" \/>\n\t<meta name=\"twitter:data1\" content=\"Teodora Stroe\" \/>\n\t<meta name=\"twitter:label2\" content=\"Estimated reading time\" \/>\n\t<meta name=\"twitter:data2\" content=\"2 minutes\" \/>\n<script type=\"application\/ld+json\" class=\"yoast-schema-graph\">{\"@context\":\"https:\\\/\\\/schema.org\",\"@graph\":[{\"@type\":\"Article\",\"@id\":\"https:\\\/\\\/buletin.de\\\/bucuresti\\\/ghid-de-bune-practici-pentru-prevenirea-raspandirii-sars-cov2-in-magazinele-din-capitala\\\/#article\",\"isPartOf\":{\"@id\":\"https:\\\/\\\/buletin.de\\\/bucuresti\\\/ghid-de-bune-practici-pentru-prevenirea-raspandirii-sars-cov2-in-magazinele-din-capitala\\\/\"},\"author\":{\"name\":\"Teodora Stroe\",\"@id\":\"https:\\\/\\\/buletin.de\\\/bucuresti\\\/#\\\/schema\\\/person\\\/d369d7ddc775abece205795e0b804614\"},\"headline\":\"Ghid de bune practici pentru prevenirea r\u0103sp\u00e2ndirii Sars-Cov2, \u00een magazinele din Capital\u0103\",\"datePublished\":\"2021-04-08T18:16:08+00:00\",\"dateModified\":\"2021-04-08T18:16:20+00:00\",\"mainEntityOfPage\":{\"@id\":\"https:\\\/\\\/buletin.de\\\/bucuresti\\\/ghid-de-bune-practici-pentru-prevenirea-raspandirii-sars-cov2-in-magazinele-din-capitala\\\/\"},\"wordCount\":425,\"publisher\":{\"@id\":\"https:\\\/\\\/buletin.de\\\/bucuresti\\\/#organization\"},\"image\":{\"@id\":\"https:\\\/\\\/buletin.de\\\/bucuresti\\\/ghid-de-bune-practici-pentru-prevenirea-raspandirii-sars-cov2-in-magazinele-din-capitala\\\/#primaryimage\"},\"thumbnailUrl\":\"https:\\\/\\\/buletin.de\\\/bucuresti\\\/wp-content\\\/uploads\\\/k8-sWEpcc0Rm0U-unsplash-scaled.jpg\",\"keywords\":[\"ghid de bune practici\",\"magazine\",\"prefectura\"],\"articleSection\":[\"Covid-19\",\"\u0218tiri\"],\"inLanguage\":\"en-GB\",\"copyrightYear\":\"2021\",\"copyrightHolder\":{\"@id\":\"https:\\\/\\\/buletin.de\\\/bucuresti\\\/#organization\"}},{\"@type\":\"WebPage\",\"@id\":\"https:\\\/\\\/buletin.de\\\/bucuresti\\\/ghid-de-bune-practici-pentru-prevenirea-raspandirii-sars-cov2-in-magazinele-din-capitala\\\/\",\"url\":\"https:\\\/\\\/buletin.de\\\/bucuresti\\\/ghid-de-bune-practici-pentru-prevenirea-raspandirii-sars-cov2-in-magazinele-din-capitala\\\/\",\"name\":\"Ghid de bune practici pentru prevenirea r\u0103sp\u00e2ndirii Sars-Cov2, \u00een magazinele din Capital\u0103 - Buletin de Bucure\u0219ti\",\"isPartOf\":{\"@id\":\"https:\\\/\\\/buletin.de\\\/bucuresti\\\/#website\"},\"primaryImageOfPage\":{\"@id\":\"https:\\\/\\\/buletin.de\\\/bucuresti\\\/ghid-de-bune-practici-pentru-prevenirea-raspandirii-sars-cov2-in-magazinele-din-capitala\\\/#primaryimage\"},\"image\":{\"@id\":\"https:\\\/\\\/buletin.de\\\/bucuresti\\\/ghid-de-bune-practici-pentru-prevenirea-raspandirii-sars-cov2-in-magazinele-din-capitala\\\/#primaryimage\"},\"thumbnailUrl\":\"https:\\\/\\\/buletin.de\\\/bucuresti\\\/wp-content\\\/uploads\\\/k8-sWEpcc0Rm0U-unsplash-scaled.jpg\",\"datePublished\":\"2021-04-08T18:16:08+00:00\",\"dateModified\":\"2021-04-08T18:16:20+00:00\",\"breadcrumb\":{\"@id\":\"https:\\\/\\\/buletin.de\\\/bucuresti\\\/ghid-de-bune-practici-pentru-prevenirea-raspandirii-sars-cov2-in-magazinele-din-capitala\\\/#breadcrumb\"},\"inLanguage\":\"en-GB\",\"potentialAction\":[{\"@type\":\"ReadAction\",\"target\":[\"https:\\\/\\\/buletin.de\\\/bucuresti\\\/ghid-de-bune-practici-pentru-prevenirea-raspandirii-sars-cov2-in-magazinele-din-capitala\\\/\"]}]},{\"@type\":\"ImageObject\",\"inLanguage\":\"en-GB\",\"@id\":\"https:\\\/\\\/buletin.de\\\/bucuresti\\\/ghid-de-bune-practici-pentru-prevenirea-raspandirii-sars-cov2-in-magazinele-din-capitala\\\/#primaryimage\",\"url\":\"https:\\\/\\\/buletin.de\\\/bucuresti\\\/wp-content\\\/uploads\\\/k8-sWEpcc0Rm0U-unsplash-scaled.jpg\",\"contentUrl\":\"https:\\\/\\\/buletin.de\\\/bucuresti\\\/wp-content\\\/uploads\\\/k8-sWEpcc0Rm0U-unsplash-scaled.jpg\",\"width\":1705,\"height\":2560},{\"@type\":\"BreadcrumbList\",\"@id\":\"https:\\\/\\\/buletin.de\\\/bucuresti\\\/ghid-de-bune-practici-pentru-prevenirea-raspandirii-sars-cov2-in-magazinele-din-capitala\\\/#breadcrumb\",\"itemListElement\":[{\"@type\":\"ListItem\",\"position\":1,\"name\":\"Acas\u0103\",\"item\":\"https:\\\/\\\/buletin.de\\\/bucuresti\\\/\"},{\"@type\":\"ListItem\",\"position\":2,\"name\":\"Ghid de bune practici pentru prevenirea r\u0103sp\u00e2ndirii Sars-Cov2, \u00een magazinele din Capital\u0103\"}]},{\"@type\":\"WebSite\",\"@id\":\"https:\\\/\\\/buletin.de\\\/bucuresti\\\/#website\",\"url\":\"https:\\\/\\\/buletin.de\\\/bucuresti\\\/\",\"name\":\"Buletin de Bucure\u0219ti\",\"description\":\"\u0218tiri \u0219i investiga\u021bii esen\u021biale din capital\u0103\",\"publisher\":{\"@id\":\"https:\\\/\\\/buletin.de\\\/bucuresti\\\/#organization\"},\"potentialAction\":[{\"@type\":\"SearchAction\",\"target\":{\"@type\":\"EntryPoint\",\"urlTemplate\":\"https:\\\/\\\/buletin.de\\\/bucuresti\\\/?s={search_term_string}\"},\"query-input\":{\"@type\":\"PropertyValueSpecification\",\"valueRequired\":true,\"valueName\":\"search_term_string\"}}],\"inLanguage\":\"en-GB\"},{\"@type\":\"Organization\",\"@id\":\"https:\\\/\\\/buletin.de\\\/bucuresti\\\/#organization\",\"name\":\"Buletin de Bucure\u0219ti\",\"url\":\"https:\\\/\\\/buletin.de\\\/bucuresti\\\/\",\"logo\":{\"@type\":\"ImageObject\",\"inLanguage\":\"en-GB\",\"@id\":\"https:\\\/\\\/buletin.de\\\/bucuresti\\\/#\\\/schema\\\/logo\\\/image\\\/\",\"url\":\"https:\\\/\\\/buletin.de\\\/bucuresti\\\/wp-content\\\/uploads\\\/logo-bdb-full-wide-vernil-transparent.png\",\"contentUrl\":\"https:\\\/\\\/buletin.de\\\/bucuresti\\\/wp-content\\\/uploads\\\/logo-bdb-full-wide-vernil-transparent.png\",\"width\":1782,\"height\":626,\"caption\":\"Buletin de Bucure\u0219ti\"},\"image\":{\"@id\":\"https:\\\/\\\/buletin.de\\\/bucuresti\\\/#\\\/schema\\\/logo\\\/image\\\/\"},\"sameAs\":[\"https:\\\/\\\/www.facebook.com\\\/buletin.de.buc\",\"https:\\\/\\\/www.instagram.com\\\/buletinde.bucuresti\\\/\"]},{\"@type\":\"Person\",\"@id\":\"https:\\\/\\\/buletin.de\\\/bucuresti\\\/#\\\/schema\\\/person\\\/d369d7ddc775abece205795e0b804614\",\"name\":\"Teodora Stroe\",\"image\":{\"@type\":\"ImageObject\",\"inLanguage\":\"en-GB\",\"@id\":\"https:\\\/\\\/secure.gravatar.com\\\/avatar\\\/2560b4cd9f5f1bc100b123158e657d75584bd1c3e1d9c69285720b9457c1b78d?s=96&d=monsterid&r=gc104800242ba5f2d78dd5d7dc4df08b6\",\"url\":\"https:\\\/\\\/secure.gravatar.com\\\/avatar\\\/2560b4cd9f5f1bc100b123158e657d75584bd1c3e1d9c69285720b9457c1b78d?s=96&d=monsterid&r=g\",\"contentUrl\":\"https:\\\/\\\/secure.gravatar.com\\\/avatar\\\/2560b4cd9f5f1bc100b123158e657d75584bd1c3e1d9c69285720b9457c1b78d?s=96&d=monsterid&r=g\",\"caption\":\"Teodora Stroe\"},\"url\":\"https:\\\/\\\/buletin.de\\\/bucuresti\\\/author\\\/simonacarlugea\\\/\"}]}<\/script>\n<!-- \/ Yoast SEO Premium plugin. -->","yoast_head_json":{"title":"Ghid de bune practici pentru prevenirea r\u0103sp\u00e2ndirii Sars-Cov2, \u00een magazinele din Capital\u0103 - Buletin de Bucure\u0219ti","robots":{"index":"index","follow":"follow","max-snippet":"max-snippet:-1","max-image-preview":"max-image-preview:large","max-video-preview":"max-video-preview:-1"},"canonical":"https:\/\/buletin.de\/bucuresti\/ghid-de-bune-practici-pentru-prevenirea-raspandirii-sars-cov2-in-magazinele-din-capitala\/","og_locale":"en_GB","og_type":"article","og_title":"Ghid de bune practici pentru prevenirea r\u0103sp\u00e2ndirii Sars-Cov2, \u00een magazinele din Capital\u0103","og_description":"Prefectura Bucure\u0219ti a \u00eentocmit un Ghid de bune practici, privind aplicarea, \u00een cadrul operatorilor economici care opereaz\u0103 servicii de v\u00e2nzare cu am\u0103nuntul, a m\u0103surilor de prevenire a r\u0103sp\u00e2ndirii virusului Sars-Cov 2. Ghidul a fost conceput dup\u0103 o serie de consult\u0103ri la care au participat: Prefectura Bucure\u0219ti, Asocia\u021bia Marilor Re\u021bele Comerciale din Rom\u00e2nia (AMRCR), Asocia\u021bia Na\u021bional\u0103 [&hellip;]","og_url":"https:\/\/buletin.de\/bucuresti\/ghid-de-bune-practici-pentru-prevenirea-raspandirii-sars-cov2-in-magazinele-din-capitala\/","og_site_name":"Buletin de Bucure\u0219ti","article_publisher":"https:\/\/www.facebook.com\/buletin.de.buc","article_published_time":"2021-04-08T18:16:08+00:00","article_modified_time":"2021-04-08T18:16:20+00:00","og_image":[{"width":1705,"height":2560,"url":"https:\/\/buletin.de\/bucuresti\/wp-content\/uploads\/k8-sWEpcc0Rm0U-unsplash-scaled.jpg","type":"image\/jpeg"}],"author":"Teodora Stroe","twitter_card":"summary_large_image","twitter_misc":{"Written by":"Teodora Stroe","Estimated reading time":"2 minutes"},"schema":{"@context":"https:\/\/schema.org","@graph":[{"@type":"Article","@id":"https:\/\/buletin.de\/bucuresti\/ghid-de-bune-practici-pentru-prevenirea-raspandirii-sars-cov2-in-magazinele-din-capitala\/#article","isPartOf":{"@id":"https:\/\/buletin.de\/bucuresti\/ghid-de-bune-practici-pentru-prevenirea-raspandirii-sars-cov2-in-magazinele-din-capitala\/"},"author":{"name":"Teodora Stroe","@id":"https:\/\/buletin.de\/bucuresti\/#\/schema\/person\/d369d7ddc775abece205795e0b804614"},"headline":"Ghid de bune practici pentru prevenirea r\u0103sp\u00e2ndirii Sars-Cov2, \u00een magazinele din Capital\u0103","datePublished":"2021-04-08T18:16:08+00:00","dateModified":"2021-04-08T18:16:20+00:00","mainEntityOfPage":{"@id":"https:\/\/buletin.de\/bucuresti\/ghid-de-bune-practici-pentru-prevenirea-raspandirii-sars-cov2-in-magazinele-din-capitala\/"},"wordCount":425,"publisher":{"@id":"https:\/\/buletin.de\/bucuresti\/#organization"},"image":{"@id":"https:\/\/buletin.de\/bucuresti\/ghid-de-bune-practici-pentru-prevenirea-raspandirii-sars-cov2-in-magazinele-din-capitala\/#primaryimage"},"thumbnailUrl":"https:\/\/buletin.de\/bucuresti\/wp-content\/uploads\/k8-sWEpcc0Rm0U-unsplash-scaled.jpg","keywords":["ghid de bune practici","magazine","prefectura"],"articleSection":["Covid-19","\u0218tiri"],"inLanguage":"en-GB","copyrightYear":"2021","copyrightHolder":{"@id":"https:\/\/buletin.de\/bucuresti\/#organization"}},{"@type":"WebPage","@id":"https:\/\/buletin.de\/bucuresti\/ghid-de-bune-practici-pentru-prevenirea-raspandirii-sars-cov2-in-magazinele-din-capitala\/","url":"https:\/\/buletin.de\/bucuresti\/ghid-de-bune-practici-pentru-prevenirea-raspandirii-sars-cov2-in-magazinele-din-capitala\/","name":"Ghid de bune practici pentru prevenirea r\u0103sp\u00e2ndirii Sars-Cov2, \u00een magazinele din Capital\u0103 - Buletin de Bucure\u0219ti","isPartOf":{"@id":"https:\/\/buletin.de\/bucuresti\/#website"},"primaryImageOfPage":{"@id":"https:\/\/buletin.de\/bucuresti\/ghid-de-bune-practici-pentru-prevenirea-raspandirii-sars-cov2-in-magazinele-din-capitala\/#primaryimage"},"image":{"@id":"https:\/\/buletin.de\/bucuresti\/ghid-de-bune-practici-pentru-prevenirea-raspandirii-sars-cov2-in-magazinele-din-capitala\/#primaryimage"},"thumbnailUrl":"https:\/\/buletin.de\/bucuresti\/wp-content\/uploads\/k8-sWEpcc0Rm0U-unsplash-scaled.jpg","datePublished":"2021-04-08T18:16:08+00:00","dateModified":"2021-04-08T18:16:20+00:00","breadcrumb":{"@id":"https:\/\/buletin.de\/bucuresti\/ghid-de-bune-practici-pentru-prevenirea-raspandirii-sars-cov2-in-magazinele-din-capitala\/#breadcrumb"},"inLanguage":"en-GB","potentialAction":[{"@type":"ReadAction","target":["https:\/\/buletin.de\/bucuresti\/ghid-de-bune-practici-pentru-prevenirea-raspandirii-sars-cov2-in-magazinele-din-capitala\/"]}]},{"@type":"ImageObject","inLanguage":"en-GB","@id":"https:\/\/buletin.de\/bucuresti\/ghid-de-bune-practici-pentru-prevenirea-raspandirii-sars-cov2-in-magazinele-din-capitala\/#primaryimage","url":"https:\/\/buletin.de\/bucuresti\/wp-content\/uploads\/k8-sWEpcc0Rm0U-unsplash-scaled.jpg","contentUrl":"https:\/\/buletin.de\/bucuresti\/wp-content\/uploads\/k8-sWEpcc0Rm0U-unsplash-scaled.jpg","width":1705,"height":2560},{"@type":"BreadcrumbList","@id":"https:\/\/buletin.de\/bucuresti\/ghid-de-bune-practici-pentru-prevenirea-raspandirii-sars-cov2-in-magazinele-din-capitala\/#breadcrumb","itemListElement":[{"@type":"ListItem","position":1,"name":"Acas\u0103","item":"https:\/\/buletin.de\/bucuresti\/"},{"@type":"ListItem","position":2,"name":"Ghid de bune practici pentru prevenirea r\u0103sp\u00e2ndirii Sars-Cov2, \u00een magazinele din Capital\u0103"}]},{"@type":"WebSite","@id":"https:\/\/buletin.de\/bucuresti\/#website","url":"https:\/\/buletin.de\/bucuresti\/","name":"Buletin de Bucure\u0219ti","description":"\u0218tiri \u0219i investiga\u021bii esen\u021biale din capital\u0103","publisher":{"@id":"https:\/\/buletin.de\/bucuresti\/#organization"},"potentialAction":[{"@type":"SearchAction","target":{"@type":"EntryPoint","urlTemplate":"https:\/\/buletin.de\/bucuresti\/?s={search_term_string}"},"query-input":{"@type":"PropertyValueSpecification","valueRequired":true,"valueName":"search_term_string"}}],"inLanguage":"en-GB"},{"@type":"Organization","@id":"https:\/\/buletin.de\/bucuresti\/#organization","name":"Buletin de Bucure\u0219ti","url":"https:\/\/buletin.de\/bucuresti\/","logo":{"@type":"ImageObject","inLanguage":"en-GB","@id":"https:\/\/buletin.de\/bucuresti\/#\/schema\/logo\/image\/","url":"https:\/\/buletin.de\/bucuresti\/wp-content\/uploads\/logo-bdb-full-wide-vernil-transparent.png","contentUrl":"https:\/\/buletin.de\/bucuresti\/wp-content\/uploads\/logo-bdb-full-wide-vernil-transparent.png","width":1782,"height":626,"caption":"Buletin de Bucure\u0219ti"},"image":{"@id":"https:\/\/buletin.de\/bucuresti\/#\/schema\/logo\/image\/"},"sameAs":["https:\/\/www.facebook.com\/buletin.de.buc","https:\/\/www.instagram.com\/buletinde.bucuresti\/"]},{"@type":"Person","@id":"https:\/\/buletin.de\/bucuresti\/#\/schema\/person\/d369d7ddc775abece205795e0b804614","name":"Teodora Stroe","image":{"@type":"ImageObject","inLanguage":"en-GB","@id":"https:\/\/secure.gravatar.com\/avatar\/2560b4cd9f5f1bc100b123158e657d75584bd1c3e1d9c69285720b9457c1b78d?s=96&d=monsterid&r=gc104800242ba5f2d78dd5d7dc4df08b6","url":"https:\/\/secure.gravatar.com\/avatar\/2560b4cd9f5f1bc100b123158e657d75584bd1c3e1d9c69285720b9457c1b78d?s=96&d=monsterid&r=g","contentUrl":"https:\/\/secure.gravatar.com\/avatar\/2560b4cd9f5f1bc100b123158e657d75584bd1c3e1d9c69285720b9457c1b78d?s=96&d=monsterid&r=g","caption":"Teodora Stroe"},"url":"https:\/\/buletin.de\/bucuresti\/author\/simonacarlugea\/"}]}},"authors":[{"term_id":22579,"user_id":18,"is_guest":0,"slug":"simonacarlugea","display_name":"Teodora Stroe","avatar_url":"https:\/\/secure.gravatar.com\/avatar\/2560b4cd9f5f1bc100b123158e657d75584bd1c3e1d9c69285720b9457c1b78d?s=96&d=monsterid&r=g","0":null,"1":"","2":"","3":"","4":"","5":"","6":"","7":"","8":""}],"_links":{"self":[{"href":"https:\/\/buletin.de\/bucuresti\/wp-json\/wp\/v2\/posts\/23075","targetHints":{"allow":["GET"]}}],"collection":[{"href":"https:\/\/buletin.de\/bucuresti\/wp-json\/wp\/v2\/posts"}],"about":[{"href":"https:\/\/buletin.de\/bucuresti\/wp-json\/wp\/v2\/types\/post"}],"author":[{"embeddable":true,"href":"https:\/\/buletin.de\/bucuresti\/wp-json\/wp\/v2\/users\/18"}],"replies":[{"embeddable":true,"href":"https:\/\/buletin.de\/bucuresti\/wp-json\/wp\/v2\/comments?post=23075"}],"version-history":[{"count":2,"href":"https:\/\/buletin.de\/bucuresti\/wp-json\/wp\/v2\/posts\/23075\/revisions"}],"predecessor-version":[{"id":23084,"href":"https:\/\/buletin.de\/bucuresti\/wp-json\/wp\/v2\/posts\/23075\/revisions\/23084"}],"wp:featuredmedia":[{"embeddable":true,"href":"https:\/\/buletin.de\/bucuresti\/wp-json\/wp\/v2\/media\/23082"}],"wp:attachment":[{"href":"https:\/\/buletin.de\/bucuresti\/wp-json\/wp\/v2\/media?parent=23075"}],"wp:term":[{"taxonomy":"category","embeddable":true,"href":"https:\/\/buletin.de\/bucuresti\/wp-json\/wp\/v2\/categories?post=23075"},{"taxonomy":"post_tag","embeddable":true,"href":"https:\/\/buletin.de\/bucuresti\/wp-json\/wp\/v2\/tags?post=23075"},{"taxonomy":"author","embeddable":true,"href":"https:\/\/buletin.de\/bucuresti\/wp-json\/wp\/v2\/ppma_author?post=23075"}],"curies":[{"name":"wp","href":"https:\/\/api.w.org\/{rel}","templated":true}]}}