{"id":23028,"date":"2021-04-07T17:36:58","date_gmt":"2021-04-07T14:36:58","guid":{"rendered":"https:\/\/buletin.de\/bucuresti\/?p=23028"},"modified":"2021-04-07T17:36:59","modified_gmt":"2021-04-07T14:36:59","slug":"ministrul-transporturilor-actiunile-de-astazi-si-scandalul-facut-de-oamenii-liderului-de-cartel-radoi-sunt-o-ultima-zvacnire-a-mafiei","status":"publish","type":"post","link":"https:\/\/buletin.de\/bucuresti\/ministrul-transporturilor-actiunile-de-astazi-si-scandalul-facut-de-oamenii-liderului-de-cartel-radoi-sunt-o-ultima-zvacnire-a-mafiei\/","title":{"rendered":"Ministrul Transporturilor: &#8220;Ac\u021biunile de ast\u0103zi \u0219i scandalul f\u0103cut de oamenii liderului de cartel, R\u0103doi, sunt o ultim\u0103 zv\u00e2cnire a mafiei&#8221;"},"content":{"rendered":"\n<blockquote class=\"wp-block-quote is-layout-flow wp-block-quote-is-layout-flow\"><p>\u201cAc\u021biunile de ast\u0103zi \u0219i scandalul f\u0103cut de oamenii liderului de cartel, R\u0103doi, sunt o ultim\u0103 zv\u00e2cnire a mafiei. A putut toat\u0103 lumea s\u0103 vad\u0103 ast\u0103zi c\u0103 acel a\u0219a-zis protest, blocarea ilegal\u0103 a metroului bucure\u0219tean, a fost exact o ac\u021biune de tip cartel pentru p\u0103strarea sursei puterii ilicite, talciocul subteran \u0219i banii care s-au \u00eenv\u00e2rtit \u00een jurul lui.\u201d<\/p><cite>Ministrul Transporturilor, C\u0103t\u0103lin Drul\u0103<\/cite><\/blockquote>\n\n\n\n<p>Ministrul Transporturilor, C\u0103t\u0103lin Drul\u0103, a sus\u021binut, ast\u0103zi, o conferin\u021b\u0103 de pres\u0103, dup\u0103 prima ac\u021biune a autorit\u0103\u021bilor de demolare a spa\u021biilor comerciale de la metrou, \u00een Sectorul 2 la sta\u021bia \u0218tefan cel Mare.<\/p>\n\n\n\n<p>C\u0103t\u0103lin Drul\u0103 i-a mul\u021bumit primarului sectorului 2, Radu Mihaiu, pentru participarea la ac\u021biune dar \u0219i directorului general al Metrorex, care a fost surprins \u00eencerc\u00e2nd s\u0103 deschid\u0103 u\u0219a unuia dintre spa\u021biile evacuate cu ajutorul unei r\u0103ngi.<\/p>\n\n\n\n<p><em>\u201cAm v\u0103zut comentarii despre folosirea, de c\u0103tre directorul general, a unei r\u0103ngi. \u0218i vreau s\u0103 spun c\u0103 da, un cartel se destructureaz\u0103 cu ranga<\/em>\u201d, a mai spus acesta.<\/p>\n\n\n\n<p>Drul\u0103 a \u00eenceput prin a sublinia c\u0103 \u201clegea este lege \u0219i unde-i lege, nu-i tocmeal\u0103\u201d \u0219i a continuat prin a reaminti contextul \u00een care a ap\u0103rut conflictul dintre Metrorex \u0219i firma sindicatului USLM, condus de Ion R\u0103doi.<\/p>\n\n\n\n<p><em>Toat\u0103 infrastructura de metrou, sta\u021biile de metrou sunt domeniu public, sunt proprietate public\u0103.<\/em> <em>Este dat\u0103 \u00een concesiune pe 49 de ani printr-un contract semnat \u00eentre statul rom\u00e2n \u0219i Metrorex la \u00eenceputul anilor 2000, iar concesionarului \u00eei revine obliga\u021bia de a \u021bine \u00een bun\u0103 ordine acest domeniu public.<\/em> <em>Acele construc\u021bii provizorii cunoscute sub numele de \u201cspa\u021bii comerciale\u201d sunt ilegale sub multiple aspecte. Cel mai important este c\u0103 nu au autoriza\u021bie de construire sau alt aviz emis de o autoritate a administra\u021biei, nu au dreptul legal comercial de a ocupa acel domeniu public, a existat un contract nefericit, o asociere \u00een participa\u021biune \u00eentre metrou \u0219i firma sindicatului \u00een care firma sindicatului era asociat principal, contract care a ajuns la termen \u00een 2018. Deci de aproape 3 ani de zile acele spa\u021bii sunt ocupate f\u0103r\u0103 drept \u0219i firma sindicatului \u00eencaseaz\u0103 bani pe domeniul public f\u0103r\u0103 drept.<\/em>, a declarat ministrul Transporturilor.<\/p>\n\n\n\n<p><em>Nu \u00een ultimul r\u00e2nd, este foarte important c\u0103 sunt nenum\u0103rate rapoarte ale ISU \u0219i ale serviciilor specializate din Metrorex care identific\u0103, ca problem\u0103 de siguran\u021b\u0103 la incendii, o problem\u0103 de siguran\u021b\u0103 \u00een situa\u021bii de urgen\u021b\u0103, amplasarea acestor spa\u021bii comerciale.<\/em>, a mai spus ministrul Transporturilor, C\u0103t\u0103lin Drul\u0103.<\/p>\n\n\n\n<p>Ministrul a ad\u0103ugat c\u0103 astfel de ac\u021biuni urmeaz\u0103 s\u0103 fie desf\u0103\u0219urate \u0219i \u00een celelalte sectoare ale Capitalei \u0219i c\u0103, dup\u0103 eliberarea spa\u021biilor, orice eventual\u0103 activitate din subteran trebuie s\u0103 respecte at\u00e2t normele ISU c\u00e2t \u0219i indica\u021biile unor arhitec\u021bi \u0219i s\u0103 aduc\u0103 beneficii financiare statului. Acesta nu a men\u021bionat, \u00eens\u0103, dac\u0103 toate sta\u021biile de metrou au aviz ISU, dar a precizat c\u0103 Metrorex s-a adresat DSU \u00een urm\u0103 cu dou\u0103 s\u0103pt\u0103m\u00e2ni \u00een efortul de a aduce zonele din subteran \u00een legalitate.<\/p>\n\n\n\n<p>Surs\u0103 foto: Facebook Radu Mihaiu<\/p>\n","protected":false},"excerpt":{"rendered":"<p>\u201cAc\u021biunile de ast\u0103zi \u0219i scandalul f\u0103cut de oamenii liderului de cartel, R\u0103doi, sunt o ultim\u0103 zv\u00e2cnire a mafiei. A putut toat\u0103 lumea s\u0103 vad\u0103 ast\u0103zi c\u0103 acel a\u0219a-zis protest, blocarea ilegal\u0103 a metroului bucure\u0219tean, a fost exact o ac\u021biune de tip cartel pentru p\u0103strarea sursei puterii ilicite, talciocul subteran \u0219i banii care s-au \u00eenv\u00e2rtit \u00een [&hellip;]<\/p>\n","protected":false},"author":26,"featured_media":23029,"comment_status":"closed","ping_status":"open","sticky":false,"template":"","format":"standard","meta":{"_acf_changed":false,"inline_featured_image":false,"ngg_post_thumbnail":0,"footnotes":""},"categories":[62],"tags":[],"ppma_author":[26106],"class_list":["post-23028","post","type-post","status-publish","format-standard","has-post-thumbnail","hentry","category-stiri"],"acf":[],"yoast_head":"<!-- This site is optimized with the Yoast SEO Premium plugin v25.3 (Yoast SEO v27.5) - https:\/\/yoast.com\/product\/yoast-seo-premium-wordpress\/ -->\n<title>Ministrul Transporturilor: &quot;Ac\u021biunile de ast\u0103zi \u0219i scandalul f\u0103cut de oamenii liderului de cartel, R\u0103doi, sunt o ultim\u0103 zv\u00e2cnire a mafiei&quot; - Buletin de Bucure\u0219ti<\/title>\n<meta name=\"robots\" content=\"index, follow, max-snippet:-1, max-image-preview:large, max-video-preview:-1\" \/>\n<link rel=\"canonical\" href=\"https:\/\/buletin.de\/bucuresti\/ministrul-transporturilor-actiunile-de-astazi-si-scandalul-facut-de-oamenii-liderului-de-cartel-radoi-sunt-o-ultima-zvacnire-a-mafiei\/\" \/>\n<meta property=\"og:locale\" content=\"en_GB\" \/>\n<meta property=\"og:type\" content=\"article\" \/>\n<meta property=\"og:title\" content=\"Ministrul Transporturilor: &quot;Ac\u021biunile de ast\u0103zi \u0219i scandalul f\u0103cut de oamenii liderului de cartel, R\u0103doi, sunt o ultim\u0103 zv\u00e2cnire a mafiei&quot;\" \/>\n<meta property=\"og:description\" content=\"\u201cAc\u021biunile de ast\u0103zi \u0219i scandalul f\u0103cut de oamenii liderului de cartel, R\u0103doi, sunt o ultim\u0103 zv\u00e2cnire a mafiei. A putut toat\u0103 lumea s\u0103 vad\u0103 ast\u0103zi c\u0103 acel a\u0219a-zis protest, blocarea ilegal\u0103 a metroului bucure\u0219tean, a fost exact o ac\u021biune de tip cartel pentru p\u0103strarea sursei puterii ilicite, talciocul subteran \u0219i banii care s-au \u00eenv\u00e2rtit \u00een [&hellip;]\" \/>\n<meta property=\"og:url\" content=\"https:\/\/buletin.de\/bucuresti\/ministrul-transporturilor-actiunile-de-astazi-si-scandalul-facut-de-oamenii-liderului-de-cartel-radoi-sunt-o-ultima-zvacnire-a-mafiei\/\" \/>\n<meta property=\"og:site_name\" content=\"Buletin de Bucure\u0219ti\" \/>\n<meta property=\"article:publisher\" content=\"https:\/\/www.facebook.com\/buletin.de.buc\" \/>\n<meta property=\"article:published_time\" content=\"2021-04-07T14:36:58+00:00\" \/>\n<meta property=\"article:modified_time\" content=\"2021-04-07T14:36:59+00:00\" \/>\n<meta property=\"og:image\" content=\"https:\/\/buletin.de\/bucuresti\/wp-content\/uploads\/RADU-MIHAIU-FB.jpg\" \/>\n\t<meta property=\"og:image:width\" content=\"1440\" \/>\n\t<meta property=\"og:image:height\" content=\"958\" \/>\n\t<meta property=\"og:image:type\" content=\"image\/jpeg\" \/>\n<meta name=\"author\" content=\"Fredi Radu\" \/>\n<meta name=\"twitter:card\" content=\"summary_large_image\" \/>\n<meta name=\"twitter:label1\" content=\"Written by\" \/>\n\t<meta name=\"twitter:data1\" content=\"Fredi Radu\" \/>\n\t<meta name=\"twitter:label2\" content=\"Estimated reading time\" \/>\n\t<meta name=\"twitter:data2\" content=\"3 minutes\" \/>\n<script type=\"application\/ld+json\" class=\"yoast-schema-graph\">{\"@context\":\"https:\\\/\\\/schema.org\",\"@graph\":[{\"@type\":\"Article\",\"@id\":\"https:\\\/\\\/buletin.de\\\/bucuresti\\\/ministrul-transporturilor-actiunile-de-astazi-si-scandalul-facut-de-oamenii-liderului-de-cartel-radoi-sunt-o-ultima-zvacnire-a-mafiei\\\/#article\",\"isPartOf\":{\"@id\":\"https:\\\/\\\/buletin.de\\\/bucuresti\\\/ministrul-transporturilor-actiunile-de-astazi-si-scandalul-facut-de-oamenii-liderului-de-cartel-radoi-sunt-o-ultima-zvacnire-a-mafiei\\\/\"},\"author\":{\"name\":\"Fredi Radu\",\"@id\":\"https:\\\/\\\/buletin.de\\\/bucuresti\\\/#\\\/schema\\\/person\\\/af0e820905fa3334c5c1cc437d882ff3\"},\"headline\":\"Ministrul Transporturilor: &#8220;Ac\u021biunile de ast\u0103zi \u0219i scandalul f\u0103cut de oamenii liderului de cartel, R\u0103doi, sunt o ultim\u0103 zv\u00e2cnire a mafiei&#8221;\",\"datePublished\":\"2021-04-07T14:36:58+00:00\",\"dateModified\":\"2021-04-07T14:36:59+00:00\",\"mainEntityOfPage\":{\"@id\":\"https:\\\/\\\/buletin.de\\\/bucuresti\\\/ministrul-transporturilor-actiunile-de-astazi-si-scandalul-facut-de-oamenii-liderului-de-cartel-radoi-sunt-o-ultima-zvacnire-a-mafiei\\\/\"},\"wordCount\":554,\"publisher\":{\"@id\":\"https:\\\/\\\/buletin.de\\\/bucuresti\\\/#organization\"},\"image\":{\"@id\":\"https:\\\/\\\/buletin.de\\\/bucuresti\\\/ministrul-transporturilor-actiunile-de-astazi-si-scandalul-facut-de-oamenii-liderului-de-cartel-radoi-sunt-o-ultima-zvacnire-a-mafiei\\\/#primaryimage\"},\"thumbnailUrl\":\"https:\\\/\\\/buletin.de\\\/bucuresti\\\/wp-content\\\/uploads\\\/RADU-MIHAIU-FB.jpg\",\"articleSection\":[\"\u0218tiri\"],\"inLanguage\":\"en-GB\",\"copyrightYear\":\"2021\",\"copyrightHolder\":{\"@id\":\"https:\\\/\\\/buletin.de\\\/bucuresti\\\/#organization\"}},{\"@type\":\"WebPage\",\"@id\":\"https:\\\/\\\/buletin.de\\\/bucuresti\\\/ministrul-transporturilor-actiunile-de-astazi-si-scandalul-facut-de-oamenii-liderului-de-cartel-radoi-sunt-o-ultima-zvacnire-a-mafiei\\\/\",\"url\":\"https:\\\/\\\/buletin.de\\\/bucuresti\\\/ministrul-transporturilor-actiunile-de-astazi-si-scandalul-facut-de-oamenii-liderului-de-cartel-radoi-sunt-o-ultima-zvacnire-a-mafiei\\\/\",\"name\":\"Ministrul Transporturilor: \\\"Ac\u021biunile de ast\u0103zi \u0219i scandalul f\u0103cut de oamenii liderului de cartel, R\u0103doi, sunt o ultim\u0103 zv\u00e2cnire a mafiei\\\" - Buletin de Bucure\u0219ti\",\"isPartOf\":{\"@id\":\"https:\\\/\\\/buletin.de\\\/bucuresti\\\/#website\"},\"primaryImageOfPage\":{\"@id\":\"https:\\\/\\\/buletin.de\\\/bucuresti\\\/ministrul-transporturilor-actiunile-de-astazi-si-scandalul-facut-de-oamenii-liderului-de-cartel-radoi-sunt-o-ultima-zvacnire-a-mafiei\\\/#primaryimage\"},\"image\":{\"@id\":\"https:\\\/\\\/buletin.de\\\/bucuresti\\\/ministrul-transporturilor-actiunile-de-astazi-si-scandalul-facut-de-oamenii-liderului-de-cartel-radoi-sunt-o-ultima-zvacnire-a-mafiei\\\/#primaryimage\"},\"thumbnailUrl\":\"https:\\\/\\\/buletin.de\\\/bucuresti\\\/wp-content\\\/uploads\\\/RADU-MIHAIU-FB.jpg\",\"datePublished\":\"2021-04-07T14:36:58+00:00\",\"dateModified\":\"2021-04-07T14:36:59+00:00\",\"breadcrumb\":{\"@id\":\"https:\\\/\\\/buletin.de\\\/bucuresti\\\/ministrul-transporturilor-actiunile-de-astazi-si-scandalul-facut-de-oamenii-liderului-de-cartel-radoi-sunt-o-ultima-zvacnire-a-mafiei\\\/#breadcrumb\"},\"inLanguage\":\"en-GB\",\"potentialAction\":[{\"@type\":\"ReadAction\",\"target\":[\"https:\\\/\\\/buletin.de\\\/bucuresti\\\/ministrul-transporturilor-actiunile-de-astazi-si-scandalul-facut-de-oamenii-liderului-de-cartel-radoi-sunt-o-ultima-zvacnire-a-mafiei\\\/\"]}]},{\"@type\":\"ImageObject\",\"inLanguage\":\"en-GB\",\"@id\":\"https:\\\/\\\/buletin.de\\\/bucuresti\\\/ministrul-transporturilor-actiunile-de-astazi-si-scandalul-facut-de-oamenii-liderului-de-cartel-radoi-sunt-o-ultima-zvacnire-a-mafiei\\\/#primaryimage\",\"url\":\"https:\\\/\\\/buletin.de\\\/bucuresti\\\/wp-content\\\/uploads\\\/RADU-MIHAIU-FB.jpg\",\"contentUrl\":\"https:\\\/\\\/buletin.de\\\/bucuresti\\\/wp-content\\\/uploads\\\/RADU-MIHAIU-FB.jpg\",\"width\":1440,\"height\":958},{\"@type\":\"BreadcrumbList\",\"@id\":\"https:\\\/\\\/buletin.de\\\/bucuresti\\\/ministrul-transporturilor-actiunile-de-astazi-si-scandalul-facut-de-oamenii-liderului-de-cartel-radoi-sunt-o-ultima-zvacnire-a-mafiei\\\/#breadcrumb\",\"itemListElement\":[{\"@type\":\"ListItem\",\"position\":1,\"name\":\"Acas\u0103\",\"item\":\"https:\\\/\\\/buletin.de\\\/bucuresti\\\/\"},{\"@type\":\"ListItem\",\"position\":2,\"name\":\"Ministrul Transporturilor: &#8220;Ac\u021biunile de ast\u0103zi \u0219i scandalul f\u0103cut de oamenii liderului de cartel, R\u0103doi, sunt o ultim\u0103 zv\u00e2cnire a mafiei&#8221;\"}]},{\"@type\":\"WebSite\",\"@id\":\"https:\\\/\\\/buletin.de\\\/bucuresti\\\/#website\",\"url\":\"https:\\\/\\\/buletin.de\\\/bucuresti\\\/\",\"name\":\"Buletin de Bucure\u0219ti\",\"description\":\"\u0218tiri \u0219i investiga\u021bii esen\u021biale din capital\u0103\",\"publisher\":{\"@id\":\"https:\\\/\\\/buletin.de\\\/bucuresti\\\/#organization\"},\"potentialAction\":[{\"@type\":\"SearchAction\",\"target\":{\"@type\":\"EntryPoint\",\"urlTemplate\":\"https:\\\/\\\/buletin.de\\\/bucuresti\\\/?s={search_term_string}\"},\"query-input\":{\"@type\":\"PropertyValueSpecification\",\"valueRequired\":true,\"valueName\":\"search_term_string\"}}],\"inLanguage\":\"en-GB\"},{\"@type\":\"Organization\",\"@id\":\"https:\\\/\\\/buletin.de\\\/bucuresti\\\/#organization\",\"name\":\"Buletin de Bucure\u0219ti\",\"url\":\"https:\\\/\\\/buletin.de\\\/bucuresti\\\/\",\"logo\":{\"@type\":\"ImageObject\",\"inLanguage\":\"en-GB\",\"@id\":\"https:\\\/\\\/buletin.de\\\/bucuresti\\\/#\\\/schema\\\/logo\\\/image\\\/\",\"url\":\"https:\\\/\\\/buletin.de\\\/bucuresti\\\/wp-content\\\/uploads\\\/logo-bdb-full-wide-vernil-transparent.png\",\"contentUrl\":\"https:\\\/\\\/buletin.de\\\/bucuresti\\\/wp-content\\\/uploads\\\/logo-bdb-full-wide-vernil-transparent.png\",\"width\":1782,\"height\":626,\"caption\":\"Buletin de Bucure\u0219ti\"},\"image\":{\"@id\":\"https:\\\/\\\/buletin.de\\\/bucuresti\\\/#\\\/schema\\\/logo\\\/image\\\/\"},\"sameAs\":[\"https:\\\/\\\/www.facebook.com\\\/buletin.de.buc\",\"https:\\\/\\\/www.instagram.com\\\/buletinde.bucuresti\\\/\"]},{\"@type\":\"Person\",\"@id\":\"https:\\\/\\\/buletin.de\\\/bucuresti\\\/#\\\/schema\\\/person\\\/af0e820905fa3334c5c1cc437d882ff3\",\"name\":\"Fredi Radu\",\"image\":{\"@type\":\"ImageObject\",\"inLanguage\":\"en-GB\",\"@id\":\"https:\\\/\\\/secure.gravatar.com\\\/avatar\\\/6601925ca6cb7a4d8aa653d20ebe68e0588c85daaebac2407463e3dfff63599c?s=96&d=monsterid&r=g0c80ca1df7ee47b93a354c9d2ba58e97\",\"url\":\"https:\\\/\\\/secure.gravatar.com\\\/avatar\\\/6601925ca6cb7a4d8aa653d20ebe68e0588c85daaebac2407463e3dfff63599c?s=96&d=monsterid&r=g\",\"contentUrl\":\"https:\\\/\\\/secure.gravatar.com\\\/avatar\\\/6601925ca6cb7a4d8aa653d20ebe68e0588c85daaebac2407463e3dfff63599c?s=96&d=monsterid&r=g\",\"caption\":\"Fredi Radu\"},\"url\":\"https:\\\/\\\/buletin.de\\\/bucuresti\\\/author\\\/radu\\\/\"}]}<\/script>\n<!-- \/ Yoast SEO Premium plugin. -->","yoast_head_json":{"title":"Ministrul Transporturilor: \"Ac\u021biunile de ast\u0103zi \u0219i scandalul f\u0103cut de oamenii liderului de cartel, R\u0103doi, sunt o ultim\u0103 zv\u00e2cnire a mafiei\" - Buletin de Bucure\u0219ti","robots":{"index":"index","follow":"follow","max-snippet":"max-snippet:-1","max-image-preview":"max-image-preview:large","max-video-preview":"max-video-preview:-1"},"canonical":"https:\/\/buletin.de\/bucuresti\/ministrul-transporturilor-actiunile-de-astazi-si-scandalul-facut-de-oamenii-liderului-de-cartel-radoi-sunt-o-ultima-zvacnire-a-mafiei\/","og_locale":"en_GB","og_type":"article","og_title":"Ministrul Transporturilor: \"Ac\u021biunile de ast\u0103zi \u0219i scandalul f\u0103cut de oamenii liderului de cartel, R\u0103doi, sunt o ultim\u0103 zv\u00e2cnire a mafiei\"","og_description":"\u201cAc\u021biunile de ast\u0103zi \u0219i scandalul f\u0103cut de oamenii liderului de cartel, R\u0103doi, sunt o ultim\u0103 zv\u00e2cnire a mafiei. A putut toat\u0103 lumea s\u0103 vad\u0103 ast\u0103zi c\u0103 acel a\u0219a-zis protest, blocarea ilegal\u0103 a metroului bucure\u0219tean, a fost exact o ac\u021biune de tip cartel pentru p\u0103strarea sursei puterii ilicite, talciocul subteran \u0219i banii care s-au \u00eenv\u00e2rtit \u00een [&hellip;]","og_url":"https:\/\/buletin.de\/bucuresti\/ministrul-transporturilor-actiunile-de-astazi-si-scandalul-facut-de-oamenii-liderului-de-cartel-radoi-sunt-o-ultima-zvacnire-a-mafiei\/","og_site_name":"Buletin de Bucure\u0219ti","article_publisher":"https:\/\/www.facebook.com\/buletin.de.buc","article_published_time":"2021-04-07T14:36:58+00:00","article_modified_time":"2021-04-07T14:36:59+00:00","og_image":[{"width":1440,"height":958,"url":"https:\/\/buletin.de\/bucuresti\/wp-content\/uploads\/RADU-MIHAIU-FB.jpg","type":"image\/jpeg"}],"author":"Fredi Radu","twitter_card":"summary_large_image","twitter_misc":{"Written by":"Fredi Radu","Estimated reading time":"3 minutes"},"schema":{"@context":"https:\/\/schema.org","@graph":[{"@type":"Article","@id":"https:\/\/buletin.de\/bucuresti\/ministrul-transporturilor-actiunile-de-astazi-si-scandalul-facut-de-oamenii-liderului-de-cartel-radoi-sunt-o-ultima-zvacnire-a-mafiei\/#article","isPartOf":{"@id":"https:\/\/buletin.de\/bucuresti\/ministrul-transporturilor-actiunile-de-astazi-si-scandalul-facut-de-oamenii-liderului-de-cartel-radoi-sunt-o-ultima-zvacnire-a-mafiei\/"},"author":{"name":"Fredi Radu","@id":"https:\/\/buletin.de\/bucuresti\/#\/schema\/person\/af0e820905fa3334c5c1cc437d882ff3"},"headline":"Ministrul Transporturilor: &#8220;Ac\u021biunile de ast\u0103zi \u0219i scandalul f\u0103cut de oamenii liderului de cartel, R\u0103doi, sunt o ultim\u0103 zv\u00e2cnire a mafiei&#8221;","datePublished":"2021-04-07T14:36:58+00:00","dateModified":"2021-04-07T14:36:59+00:00","mainEntityOfPage":{"@id":"https:\/\/buletin.de\/bucuresti\/ministrul-transporturilor-actiunile-de-astazi-si-scandalul-facut-de-oamenii-liderului-de-cartel-radoi-sunt-o-ultima-zvacnire-a-mafiei\/"},"wordCount":554,"publisher":{"@id":"https:\/\/buletin.de\/bucuresti\/#organization"},"image":{"@id":"https:\/\/buletin.de\/bucuresti\/ministrul-transporturilor-actiunile-de-astazi-si-scandalul-facut-de-oamenii-liderului-de-cartel-radoi-sunt-o-ultima-zvacnire-a-mafiei\/#primaryimage"},"thumbnailUrl":"https:\/\/buletin.de\/bucuresti\/wp-content\/uploads\/RADU-MIHAIU-FB.jpg","articleSection":["\u0218tiri"],"inLanguage":"en-GB","copyrightYear":"2021","copyrightHolder":{"@id":"https:\/\/buletin.de\/bucuresti\/#organization"}},{"@type":"WebPage","@id":"https:\/\/buletin.de\/bucuresti\/ministrul-transporturilor-actiunile-de-astazi-si-scandalul-facut-de-oamenii-liderului-de-cartel-radoi-sunt-o-ultima-zvacnire-a-mafiei\/","url":"https:\/\/buletin.de\/bucuresti\/ministrul-transporturilor-actiunile-de-astazi-si-scandalul-facut-de-oamenii-liderului-de-cartel-radoi-sunt-o-ultima-zvacnire-a-mafiei\/","name":"Ministrul Transporturilor: \"Ac\u021biunile de ast\u0103zi \u0219i scandalul f\u0103cut de oamenii liderului de cartel, R\u0103doi, sunt o ultim\u0103 zv\u00e2cnire a mafiei\" - Buletin de Bucure\u0219ti","isPartOf":{"@id":"https:\/\/buletin.de\/bucuresti\/#website"},"primaryImageOfPage":{"@id":"https:\/\/buletin.de\/bucuresti\/ministrul-transporturilor-actiunile-de-astazi-si-scandalul-facut-de-oamenii-liderului-de-cartel-radoi-sunt-o-ultima-zvacnire-a-mafiei\/#primaryimage"},"image":{"@id":"https:\/\/buletin.de\/bucuresti\/ministrul-transporturilor-actiunile-de-astazi-si-scandalul-facut-de-oamenii-liderului-de-cartel-radoi-sunt-o-ultima-zvacnire-a-mafiei\/#primaryimage"},"thumbnailUrl":"https:\/\/buletin.de\/bucuresti\/wp-content\/uploads\/RADU-MIHAIU-FB.jpg","datePublished":"2021-04-07T14:36:58+00:00","dateModified":"2021-04-07T14:36:59+00:00","breadcrumb":{"@id":"https:\/\/buletin.de\/bucuresti\/ministrul-transporturilor-actiunile-de-astazi-si-scandalul-facut-de-oamenii-liderului-de-cartel-radoi-sunt-o-ultima-zvacnire-a-mafiei\/#breadcrumb"},"inLanguage":"en-GB","potentialAction":[{"@type":"ReadAction","target":["https:\/\/buletin.de\/bucuresti\/ministrul-transporturilor-actiunile-de-astazi-si-scandalul-facut-de-oamenii-liderului-de-cartel-radoi-sunt-o-ultima-zvacnire-a-mafiei\/"]}]},{"@type":"ImageObject","inLanguage":"en-GB","@id":"https:\/\/buletin.de\/bucuresti\/ministrul-transporturilor-actiunile-de-astazi-si-scandalul-facut-de-oamenii-liderului-de-cartel-radoi-sunt-o-ultima-zvacnire-a-mafiei\/#primaryimage","url":"https:\/\/buletin.de\/bucuresti\/wp-content\/uploads\/RADU-MIHAIU-FB.jpg","contentUrl":"https:\/\/buletin.de\/bucuresti\/wp-content\/uploads\/RADU-MIHAIU-FB.jpg","width":1440,"height":958},{"@type":"BreadcrumbList","@id":"https:\/\/buletin.de\/bucuresti\/ministrul-transporturilor-actiunile-de-astazi-si-scandalul-facut-de-oamenii-liderului-de-cartel-radoi-sunt-o-ultima-zvacnire-a-mafiei\/#breadcrumb","itemListElement":[{"@type":"ListItem","position":1,"name":"Acas\u0103","item":"https:\/\/buletin.de\/bucuresti\/"},{"@type":"ListItem","position":2,"name":"Ministrul Transporturilor: &#8220;Ac\u021biunile de ast\u0103zi \u0219i scandalul f\u0103cut de oamenii liderului de cartel, R\u0103doi, sunt o ultim\u0103 zv\u00e2cnire a mafiei&#8221;"}]},{"@type":"WebSite","@id":"https:\/\/buletin.de\/bucuresti\/#website","url":"https:\/\/buletin.de\/bucuresti\/","name":"Buletin de Bucure\u0219ti","description":"\u0218tiri \u0219i investiga\u021bii esen\u021biale din capital\u0103","publisher":{"@id":"https:\/\/buletin.de\/bucuresti\/#organization"},"potentialAction":[{"@type":"SearchAction","target":{"@type":"EntryPoint","urlTemplate":"https:\/\/buletin.de\/bucuresti\/?s={search_term_string}"},"query-input":{"@type":"PropertyValueSpecification","valueRequired":true,"valueName":"search_term_string"}}],"inLanguage":"en-GB"},{"@type":"Organization","@id":"https:\/\/buletin.de\/bucuresti\/#organization","name":"Buletin de Bucure\u0219ti","url":"https:\/\/buletin.de\/bucuresti\/","logo":{"@type":"ImageObject","inLanguage":"en-GB","@id":"https:\/\/buletin.de\/bucuresti\/#\/schema\/logo\/image\/","url":"https:\/\/buletin.de\/bucuresti\/wp-content\/uploads\/logo-bdb-full-wide-vernil-transparent.png","contentUrl":"https:\/\/buletin.de\/bucuresti\/wp-content\/uploads\/logo-bdb-full-wide-vernil-transparent.png","width":1782,"height":626,"caption":"Buletin de Bucure\u0219ti"},"image":{"@id":"https:\/\/buletin.de\/bucuresti\/#\/schema\/logo\/image\/"},"sameAs":["https:\/\/www.facebook.com\/buletin.de.buc","https:\/\/www.instagram.com\/buletinde.bucuresti\/"]},{"@type":"Person","@id":"https:\/\/buletin.de\/bucuresti\/#\/schema\/person\/af0e820905fa3334c5c1cc437d882ff3","name":"Fredi Radu","image":{"@type":"ImageObject","inLanguage":"en-GB","@id":"https:\/\/secure.gravatar.com\/avatar\/6601925ca6cb7a4d8aa653d20ebe68e0588c85daaebac2407463e3dfff63599c?s=96&d=monsterid&r=g0c80ca1df7ee47b93a354c9d2ba58e97","url":"https:\/\/secure.gravatar.com\/avatar\/6601925ca6cb7a4d8aa653d20ebe68e0588c85daaebac2407463e3dfff63599c?s=96&d=monsterid&r=g","contentUrl":"https:\/\/secure.gravatar.com\/avatar\/6601925ca6cb7a4d8aa653d20ebe68e0588c85daaebac2407463e3dfff63599c?s=96&d=monsterid&r=g","caption":"Fredi Radu"},"url":"https:\/\/buletin.de\/bucuresti\/author\/radu\/"}]}},"authors":[{"term_id":26106,"user_id":26,"is_guest":0,"slug":"radu","display_name":"Fredi Radu","avatar_url":"https:\/\/secure.gravatar.com\/avatar\/6601925ca6cb7a4d8aa653d20ebe68e0588c85daaebac2407463e3dfff63599c?s=96&d=monsterid&r=g","0":null,"1":"","2":"","3":"","4":"","5":"","6":"","7":"","8":""}],"_links":{"self":[{"href":"https:\/\/buletin.de\/bucuresti\/wp-json\/wp\/v2\/posts\/23028","targetHints":{"allow":["GET"]}}],"collection":[{"href":"https:\/\/buletin.de\/bucuresti\/wp-json\/wp\/v2\/posts"}],"about":[{"href":"https:\/\/buletin.de\/bucuresti\/wp-json\/wp\/v2\/types\/post"}],"author":[{"embeddable":true,"href":"https:\/\/buletin.de\/bucuresti\/wp-json\/wp\/v2\/users\/26"}],"replies":[{"embeddable":true,"href":"https:\/\/buletin.de\/bucuresti\/wp-json\/wp\/v2\/comments?post=23028"}],"version-history":[{"count":4,"href":"https:\/\/buletin.de\/bucuresti\/wp-json\/wp\/v2\/posts\/23028\/revisions"}],"predecessor-version":[{"id":23041,"href":"https:\/\/buletin.de\/bucuresti\/wp-json\/wp\/v2\/posts\/23028\/revisions\/23041"}],"wp:featuredmedia":[{"embeddable":true,"href":"https:\/\/buletin.de\/bucuresti\/wp-json\/wp\/v2\/media\/23029"}],"wp:attachment":[{"href":"https:\/\/buletin.de\/bucuresti\/wp-json\/wp\/v2\/media?parent=23028"}],"wp:term":[{"taxonomy":"category","embeddable":true,"href":"https:\/\/buletin.de\/bucuresti\/wp-json\/wp\/v2\/categories?post=23028"},{"taxonomy":"post_tag","embeddable":true,"href":"https:\/\/buletin.de\/bucuresti\/wp-json\/wp\/v2\/tags?post=23028"},{"taxonomy":"author","embeddable":true,"href":"https:\/\/buletin.de\/bucuresti\/wp-json\/wp\/v2\/ppma_author?post=23028"}],"curies":[{"name":"wp","href":"https:\/\/api.w.org\/{rel}","templated":true}]}}