{"id":22960,"date":"2021-04-05T20:59:55","date_gmt":"2021-04-05T17:59:55","guid":{"rendered":"https:\/\/buletin.de\/bucuresti\/?p=22960"},"modified":"2021-04-05T21:12:08","modified_gmt":"2021-04-05T18:12:08","slug":"burse-elevi-sectorul-3","status":"publish","type":"post","link":"https:\/\/buletin.de\/bucuresti\/burse-elevi-sectorul-3\/","title":{"rendered":"Peste 18.000 de burse pentru elevi vor fi acordate \u00een Sectorul 3. 15 elevi vor primi c\u00e2te 1.000 de lei\/lun\u0103 pentru c\u0103 au avut media general\u0103 10"},"content":{"rendered":"\n<p><em><strong>18.089 de burse vor fi acordate elevilor din \u0219colile de stat din Sectorul 3, aferente semestrului II al anului \u0219colar 2020-2021, cu aproape 5.000 mai multe fa\u021b\u0103 de primul semestru al aceluia\u0219i an. Proiectul de hot\u0103r\u00e2re care reglementeaz\u0103 acordarea acestor burse a fost adoptat cu unanimitate.<\/strong><\/em><\/p>\n\n\n\n<p><strong>Elevii din ciclul primar vor primi:<\/strong><\/p>\n\n\n\n<ul class=\"wp-block-list\"><li>43 burse de performan\u021b\u0103, \u00een valoare de 200 lei lunar;<\/li><li>3 burse de merit pentru rezultatele ob\u021binute la etapele jude\u021bene ale olimpiadelor\/concursurilor \u0219i competi\u021biilor\/concursurilor cultural artistice, \u00een valoare de 100 de lei pe lun\u0103;<\/li><li>825 de burse de ajutor social, \u00een cuantum de 150 de lei pe lun\u0103;<\/li><li>28 de burse de ajutor social-ocazional, \u00een valoare de 150 de lei;<\/li><\/ul>\n\n\n\n<p><strong>Elevii din ciclul gimnazial:<\/strong><\/p>\n\n\n\n<ul class=\"wp-block-list\"><li>40 burse de performan\u021b\u0103 \u2013 200 lei lunar;<\/li><li>1.040 burse de merit \u2013 media general\u0103 8,50-8,99 \u2013 100 lei lunar;<\/li><li>2.096 burse de merit \u2013 media general\u0103 9,00-9,49 \u2013 120 lei lunar;<\/li><li>5.582 burse de merit \u2013 media general\u0103 9,50-10,00 \u2013 140 lei lunar;<\/li><li>304 burse de studiu \u2013 150 lei lunar;<\/li><li>795 burse de ajutor social \u2013 150 lei lunar;<\/li><li>19 burse ajutor social ocazional \u2013 150 lei lunar;<\/li><\/ul>\n\n\n\n<p><strong>Elevii din ciclul liceal:<\/strong><\/p>\n\n\n\n<ul class=\"wp-block-list\"><li>31 burse de performan\u021b\u0103 \u2013 400 lei\/lun\u0103;<\/li><li>1.429 burse de merit \u2013 media general\u0103 8,50-8,99 \u2013 200 lei\/lun\u0103;<\/li><li>2.293 burse de merit \u2013 media general\u0103 9,00-9,49 \u2013 220 lei\/lun\u0103;<\/li><li>1.442 burse de merit \u2013 media general\u0103 9,50-10,00 \u2013 240 lei\/lun\u0103;<\/li><li>6 burse de merit \u2013 etape jude\u021bene -olimpiade\/concursuri \u0219i competi\u021bii\/concursuri artistice \u2013 200 lei\/lun\u0103;<\/li><li>15 burse de merit pentru elevii care au absolvit anul \u0219colar 2019-2020 cu media general\u0103 10,00 \u2013 1.000 lei\/lun\u0103;<\/li><li>551 burse de studiu \u2013 300 lei\/lun\u0103;<\/li><li>1.447 burse de ajutor social \u2013 300 lei\/lun\u0103;<\/li><\/ul>\n\n\n\n<p>Pentru semestrul II din anul \u0219colar 2020-2021 se acord\u0103 cu 4.556 mai multe burse fa\u021b\u0103 de semestrul I al aceluia\u0219i an \u0219colar.<\/p>\n\n\n\n<p>Proiectul de hot\u0103r\u00e2re cu privire la acordarea burselor \u00een sectorul 3 poate fi consultat <a href=\"https:\/\/www.primarie3.ro\/images\/uploads\/consiliu_local\/punctul_2_din_05.04.2021.pdf\">AICI.<\/a><\/p>\n\n\n\n<p>\u0218edin\u021ba integral\u0103 a Consiliului Local al Sectorului 3:<\/p>\n\n\n\n<iframe width=\"727\" height=\"409\" src=\"https:\/\/www.youtube.com\/embed\/TooEcMVouLM\" title=\"YouTube video player\" frameborder=\"0\" allow=\"accelerometer; autoplay; clipboard-write; encrypted-media; gyroscope; picture-in-picture\" allowfullscreen=\"\"><\/iframe>\n\n\n\n<p><\/p>\n","protected":false},"excerpt":{"rendered":"<p>18.089 de burse vor fi acordate elevilor din \u0219colile de stat din Sectorul 3, aferente semestrului II al anului \u0219colar 2020-2021, cu aproape 5.000 mai multe fa\u021b\u0103 de primul semestru al aceluia\u0219i an. Proiectul de hot\u0103r\u00e2re care reglementeaz\u0103 acordarea acestor burse a fost adoptat cu unanimitate. Elevii din ciclul primar vor primi: 43 burse de [&hellip;]<\/p>\n","protected":false},"author":25,"featured_media":22961,"comment_status":"closed","ping_status":"open","sticky":false,"template":"","format":"standard","meta":{"_acf_changed":false,"inline_featured_image":false,"ngg_post_thumbnail":0,"footnotes":""},"categories":[62],"tags":[9,2503,2527,480,1669,2320],"ppma_author":[22597],"class_list":["post-22960","post","type-post","status-publish","format-standard","has-post-thumbnail","hentry","category-stiri","tag-bucuresti","tag-burse-elevi","tag-consiliul-local-sector-3","tag-elevi","tag-sedinta-consiliu-local","tag-sedinta-de-consiliu"],"acf":[],"yoast_head":"<!-- This site is optimized with the Yoast SEO Premium plugin v25.3 (Yoast SEO v27.4) - https:\/\/yoast.com\/product\/yoast-seo-premium-wordpress\/ -->\n<title>Peste 18.000 de burse pentru elevi vor fi acordate \u00een Sectorul 3. 15 elevi vor primi c\u00e2te 1.000 de lei\/lun\u0103 pentru c\u0103au avut media general\u0103 10.<\/title>\n<meta name=\"description\" content=\"18.089 de burse vor fi acordate elevilor din \u0219colile de stat din Sectorul 3, aferente semestrului II al anului \u0219colar 2020-2021, cu aproape 5.000 mai multe fa\u021b\u0103 de primul semestru al aceluia\u0219i an. Proiectul de hot\u0103r\u00e2re care reglementeaz\u0103 acordarea acestor burse a fost votat \u00een unanimitate.\" \/>\n<meta name=\"robots\" content=\"index, follow, max-snippet:-1, max-image-preview:large, max-video-preview:-1\" \/>\n<link rel=\"canonical\" href=\"https:\/\/buletin.de\/bucuresti\/burse-elevi-sectorul-3\/\" \/>\n<meta property=\"og:locale\" content=\"en_GB\" \/>\n<meta property=\"og:type\" content=\"article\" \/>\n<meta property=\"og:title\" content=\"Peste 18.000 de burse pentru elevi vor fi acordate \u00een Sectorul 3. 15 elevi vor primi c\u00e2te 1.000 de lei\/lun\u0103 pentru c\u0103 au avut media general\u0103 10\" \/>\n<meta property=\"og:description\" content=\"18.089 de burse vor fi acordate elevilor din \u0219colile de stat din Sectorul 3, aferente semestrului II al anului \u0219colar 2020-2021, cu aproape 5.000 mai multe fa\u021b\u0103 de primul semestru al aceluia\u0219i an. Proiectul de hot\u0103r\u00e2re care reglementeaz\u0103 acordarea acestor burse a fost votat \u00een unanimitate.\" \/>\n<meta property=\"og:url\" content=\"https:\/\/buletin.de\/bucuresti\/burse-elevi-sectorul-3\/\" \/>\n<meta property=\"og:site_name\" content=\"Buletin de Bucure\u0219ti\" \/>\n<meta property=\"article:publisher\" content=\"https:\/\/www.facebook.com\/buletin.de.buc\" \/>\n<meta property=\"article:published_time\" content=\"2021-04-05T17:59:55+00:00\" \/>\n<meta property=\"article:modified_time\" content=\"2021-04-05T18:12:08+00:00\" \/>\n<meta property=\"og:image\" content=\"https:\/\/buletin.de\/bucuresti\/wp-content\/uploads\/sedinta-s3.jpg\" \/>\n\t<meta property=\"og:image:width\" content=\"1363\" \/>\n\t<meta property=\"og:image:height\" content=\"631\" \/>\n\t<meta property=\"og:image:type\" content=\"image\/jpeg\" \/>\n<meta name=\"author\" content=\"Ana Tudor\" \/>\n<meta name=\"twitter:card\" content=\"summary_large_image\" \/>\n<meta name=\"twitter:label1\" content=\"Written by\" \/>\n\t<meta name=\"twitter:data1\" content=\"Ana Tudor\" \/>\n\t<meta name=\"twitter:label2\" content=\"Estimated reading time\" \/>\n\t<meta name=\"twitter:data2\" content=\"2 minutes\" \/>\n<script type=\"application\/ld+json\" class=\"yoast-schema-graph\">{\"@context\":\"https:\\\/\\\/schema.org\",\"@graph\":[{\"@type\":\"Article\",\"@id\":\"https:\\\/\\\/buletin.de\\\/bucuresti\\\/burse-elevi-sectorul-3\\\/#article\",\"isPartOf\":{\"@id\":\"https:\\\/\\\/buletin.de\\\/bucuresti\\\/burse-elevi-sectorul-3\\\/\"},\"author\":{\"name\":\"Ana Tudor\",\"@id\":\"https:\\\/\\\/buletin.de\\\/bucuresti\\\/#\\\/schema\\\/person\\\/8ce85bbda5515a1abb525993294155a8\"},\"headline\":\"Peste 18.000 de burse pentru elevi vor fi acordate \u00een Sectorul 3. 15 elevi vor primi c\u00e2te 1.000 de lei\\\/lun\u0103 pentru c\u0103 au avut media general\u0103 10\",\"datePublished\":\"2021-04-05T17:59:55+00:00\",\"dateModified\":\"2021-04-05T18:12:08+00:00\",\"mainEntityOfPage\":{\"@id\":\"https:\\\/\\\/buletin.de\\\/bucuresti\\\/burse-elevi-sectorul-3\\\/\"},\"wordCount\":304,\"publisher\":{\"@id\":\"https:\\\/\\\/buletin.de\\\/bucuresti\\\/#organization\"},\"image\":{\"@id\":\"https:\\\/\\\/buletin.de\\\/bucuresti\\\/burse-elevi-sectorul-3\\\/#primaryimage\"},\"thumbnailUrl\":\"https:\\\/\\\/buletin.de\\\/bucuresti\\\/wp-content\\\/uploads\\\/sedinta-s3.jpg\",\"keywords\":[\"bucuresti\",\"burse elevi\",\"consiliul local sector 3\",\"elevi\",\"Sedinta Consiliu Local\",\"sedinta de consiliu\"],\"articleSection\":[\"\u0218tiri\"],\"inLanguage\":\"en-GB\",\"copyrightYear\":\"2021\",\"copyrightHolder\":{\"@id\":\"https:\\\/\\\/buletin.de\\\/bucuresti\\\/#organization\"}},{\"@type\":\"WebPage\",\"@id\":\"https:\\\/\\\/buletin.de\\\/bucuresti\\\/burse-elevi-sectorul-3\\\/\",\"url\":\"https:\\\/\\\/buletin.de\\\/bucuresti\\\/burse-elevi-sectorul-3\\\/\",\"name\":\"Peste 18.000 de burse pentru elevi vor fi acordate \u00een Sectorul 3. 15 elevi vor primi c\u00e2te 1.000 de lei\\\/lun\u0103 pentru c\u0103au avut media general\u0103 10.\",\"isPartOf\":{\"@id\":\"https:\\\/\\\/buletin.de\\\/bucuresti\\\/#website\"},\"primaryImageOfPage\":{\"@id\":\"https:\\\/\\\/buletin.de\\\/bucuresti\\\/burse-elevi-sectorul-3\\\/#primaryimage\"},\"image\":{\"@id\":\"https:\\\/\\\/buletin.de\\\/bucuresti\\\/burse-elevi-sectorul-3\\\/#primaryimage\"},\"thumbnailUrl\":\"https:\\\/\\\/buletin.de\\\/bucuresti\\\/wp-content\\\/uploads\\\/sedinta-s3.jpg\",\"datePublished\":\"2021-04-05T17:59:55+00:00\",\"dateModified\":\"2021-04-05T18:12:08+00:00\",\"description\":\"18.089 de burse vor fi acordate elevilor din \u0219colile de stat din Sectorul 3, aferente semestrului II al anului \u0219colar 2020-2021, cu aproape 5.000 mai multe fa\u021b\u0103 de primul semestru al aceluia\u0219i an. Proiectul de hot\u0103r\u00e2re care reglementeaz\u0103 acordarea acestor burse a fost votat \u00een unanimitate.\",\"breadcrumb\":{\"@id\":\"https:\\\/\\\/buletin.de\\\/bucuresti\\\/burse-elevi-sectorul-3\\\/#breadcrumb\"},\"inLanguage\":\"en-GB\",\"potentialAction\":[{\"@type\":\"ReadAction\",\"target\":[\"https:\\\/\\\/buletin.de\\\/bucuresti\\\/burse-elevi-sectorul-3\\\/\"]}]},{\"@type\":\"ImageObject\",\"inLanguage\":\"en-GB\",\"@id\":\"https:\\\/\\\/buletin.de\\\/bucuresti\\\/burse-elevi-sectorul-3\\\/#primaryimage\",\"url\":\"https:\\\/\\\/buletin.de\\\/bucuresti\\\/wp-content\\\/uploads\\\/sedinta-s3.jpg\",\"contentUrl\":\"https:\\\/\\\/buletin.de\\\/bucuresti\\\/wp-content\\\/uploads\\\/sedinta-s3.jpg\",\"width\":1363,\"height\":631},{\"@type\":\"BreadcrumbList\",\"@id\":\"https:\\\/\\\/buletin.de\\\/bucuresti\\\/burse-elevi-sectorul-3\\\/#breadcrumb\",\"itemListElement\":[{\"@type\":\"ListItem\",\"position\":1,\"name\":\"Acas\u0103\",\"item\":\"https:\\\/\\\/buletin.de\\\/bucuresti\\\/\"},{\"@type\":\"ListItem\",\"position\":2,\"name\":\"Peste 18.000 de burse pentru elevi vor fi acordate \u00een Sectorul 3. 15 elevi vor primi c\u00e2te 1.000 de lei\\\/lun\u0103 pentru c\u0103 au avut media general\u0103 10\"}]},{\"@type\":\"WebSite\",\"@id\":\"https:\\\/\\\/buletin.de\\\/bucuresti\\\/#website\",\"url\":\"https:\\\/\\\/buletin.de\\\/bucuresti\\\/\",\"name\":\"Buletin de Bucure\u0219ti\",\"description\":\"\u0218tiri \u0219i investiga\u021bii esen\u021biale din capital\u0103\",\"publisher\":{\"@id\":\"https:\\\/\\\/buletin.de\\\/bucuresti\\\/#organization\"},\"potentialAction\":[{\"@type\":\"SearchAction\",\"target\":{\"@type\":\"EntryPoint\",\"urlTemplate\":\"https:\\\/\\\/buletin.de\\\/bucuresti\\\/?s={search_term_string}\"},\"query-input\":{\"@type\":\"PropertyValueSpecification\",\"valueRequired\":true,\"valueName\":\"search_term_string\"}}],\"inLanguage\":\"en-GB\"},{\"@type\":\"Organization\",\"@id\":\"https:\\\/\\\/buletin.de\\\/bucuresti\\\/#organization\",\"name\":\"Buletin de Bucure\u0219ti\",\"url\":\"https:\\\/\\\/buletin.de\\\/bucuresti\\\/\",\"logo\":{\"@type\":\"ImageObject\",\"inLanguage\":\"en-GB\",\"@id\":\"https:\\\/\\\/buletin.de\\\/bucuresti\\\/#\\\/schema\\\/logo\\\/image\\\/\",\"url\":\"https:\\\/\\\/buletin.de\\\/bucuresti\\\/wp-content\\\/uploads\\\/logo-bdb-full-wide-vernil-transparent.png\",\"contentUrl\":\"https:\\\/\\\/buletin.de\\\/bucuresti\\\/wp-content\\\/uploads\\\/logo-bdb-full-wide-vernil-transparent.png\",\"width\":1782,\"height\":626,\"caption\":\"Buletin de Bucure\u0219ti\"},\"image\":{\"@id\":\"https:\\\/\\\/buletin.de\\\/bucuresti\\\/#\\\/schema\\\/logo\\\/image\\\/\"},\"sameAs\":[\"https:\\\/\\\/www.facebook.com\\\/buletin.de.buc\",\"https:\\\/\\\/www.instagram.com\\\/buletinde.bucuresti\\\/\"]},{\"@type\":\"Person\",\"@id\":\"https:\\\/\\\/buletin.de\\\/bucuresti\\\/#\\\/schema\\\/person\\\/8ce85bbda5515a1abb525993294155a8\",\"name\":\"Ana Tudor\",\"image\":{\"@type\":\"ImageObject\",\"inLanguage\":\"en-GB\",\"@id\":\"https:\\\/\\\/secure.gravatar.com\\\/avatar\\\/390c40e2d9367046adb10d832317e3f5fb181fdecb236cb1a8187477756ae24a?s=96&d=monsterid&r=g0f86ad5d6b77046fd61bd633bbfa4a29\",\"url\":\"https:\\\/\\\/secure.gravatar.com\\\/avatar\\\/390c40e2d9367046adb10d832317e3f5fb181fdecb236cb1a8187477756ae24a?s=96&d=monsterid&r=g\",\"contentUrl\":\"https:\\\/\\\/secure.gravatar.com\\\/avatar\\\/390c40e2d9367046adb10d832317e3f5fb181fdecb236cb1a8187477756ae24a?s=96&d=monsterid&r=g\",\"caption\":\"Ana Tudor\"},\"url\":\"https:\\\/\\\/buletin.de\\\/bucuresti\\\/author\\\/anamaria\\\/\"}]}<\/script>\n<!-- \/ Yoast SEO Premium plugin. -->","yoast_head_json":{"title":"Peste 18.000 de burse pentru elevi vor fi acordate \u00een Sectorul 3. 15 elevi vor primi c\u00e2te 1.000 de lei\/lun\u0103 pentru c\u0103au avut media general\u0103 10.","description":"18.089 de burse vor fi acordate elevilor din \u0219colile de stat din Sectorul 3, aferente semestrului II al anului \u0219colar 2020-2021, cu aproape 5.000 mai multe fa\u021b\u0103 de primul semestru al aceluia\u0219i an. Proiectul de hot\u0103r\u00e2re care reglementeaz\u0103 acordarea acestor burse a fost votat \u00een unanimitate.","robots":{"index":"index","follow":"follow","max-snippet":"max-snippet:-1","max-image-preview":"max-image-preview:large","max-video-preview":"max-video-preview:-1"},"canonical":"https:\/\/buletin.de\/bucuresti\/burse-elevi-sectorul-3\/","og_locale":"en_GB","og_type":"article","og_title":"Peste 18.000 de burse pentru elevi vor fi acordate \u00een Sectorul 3. 15 elevi vor primi c\u00e2te 1.000 de lei\/lun\u0103 pentru c\u0103 au avut media general\u0103 10","og_description":"18.089 de burse vor fi acordate elevilor din \u0219colile de stat din Sectorul 3, aferente semestrului II al anului \u0219colar 2020-2021, cu aproape 5.000 mai multe fa\u021b\u0103 de primul semestru al aceluia\u0219i an. Proiectul de hot\u0103r\u00e2re care reglementeaz\u0103 acordarea acestor burse a fost votat \u00een unanimitate.","og_url":"https:\/\/buletin.de\/bucuresti\/burse-elevi-sectorul-3\/","og_site_name":"Buletin de Bucure\u0219ti","article_publisher":"https:\/\/www.facebook.com\/buletin.de.buc","article_published_time":"2021-04-05T17:59:55+00:00","article_modified_time":"2021-04-05T18:12:08+00:00","og_image":[{"width":1363,"height":631,"url":"https:\/\/buletin.de\/bucuresti\/wp-content\/uploads\/sedinta-s3.jpg","type":"image\/jpeg"}],"author":"Ana Tudor","twitter_card":"summary_large_image","twitter_misc":{"Written by":"Ana Tudor","Estimated reading time":"2 minutes"},"schema":{"@context":"https:\/\/schema.org","@graph":[{"@type":"Article","@id":"https:\/\/buletin.de\/bucuresti\/burse-elevi-sectorul-3\/#article","isPartOf":{"@id":"https:\/\/buletin.de\/bucuresti\/burse-elevi-sectorul-3\/"},"author":{"name":"Ana Tudor","@id":"https:\/\/buletin.de\/bucuresti\/#\/schema\/person\/8ce85bbda5515a1abb525993294155a8"},"headline":"Peste 18.000 de burse pentru elevi vor fi acordate \u00een Sectorul 3. 15 elevi vor primi c\u00e2te 1.000 de lei\/lun\u0103 pentru c\u0103 au avut media general\u0103 10","datePublished":"2021-04-05T17:59:55+00:00","dateModified":"2021-04-05T18:12:08+00:00","mainEntityOfPage":{"@id":"https:\/\/buletin.de\/bucuresti\/burse-elevi-sectorul-3\/"},"wordCount":304,"publisher":{"@id":"https:\/\/buletin.de\/bucuresti\/#organization"},"image":{"@id":"https:\/\/buletin.de\/bucuresti\/burse-elevi-sectorul-3\/#primaryimage"},"thumbnailUrl":"https:\/\/buletin.de\/bucuresti\/wp-content\/uploads\/sedinta-s3.jpg","keywords":["bucuresti","burse elevi","consiliul local sector 3","elevi","Sedinta Consiliu Local","sedinta de consiliu"],"articleSection":["\u0218tiri"],"inLanguage":"en-GB","copyrightYear":"2021","copyrightHolder":{"@id":"https:\/\/buletin.de\/bucuresti\/#organization"}},{"@type":"WebPage","@id":"https:\/\/buletin.de\/bucuresti\/burse-elevi-sectorul-3\/","url":"https:\/\/buletin.de\/bucuresti\/burse-elevi-sectorul-3\/","name":"Peste 18.000 de burse pentru elevi vor fi acordate \u00een Sectorul 3. 15 elevi vor primi c\u00e2te 1.000 de lei\/lun\u0103 pentru c\u0103au avut media general\u0103 10.","isPartOf":{"@id":"https:\/\/buletin.de\/bucuresti\/#website"},"primaryImageOfPage":{"@id":"https:\/\/buletin.de\/bucuresti\/burse-elevi-sectorul-3\/#primaryimage"},"image":{"@id":"https:\/\/buletin.de\/bucuresti\/burse-elevi-sectorul-3\/#primaryimage"},"thumbnailUrl":"https:\/\/buletin.de\/bucuresti\/wp-content\/uploads\/sedinta-s3.jpg","datePublished":"2021-04-05T17:59:55+00:00","dateModified":"2021-04-05T18:12:08+00:00","description":"18.089 de burse vor fi acordate elevilor din \u0219colile de stat din Sectorul 3, aferente semestrului II al anului \u0219colar 2020-2021, cu aproape 5.000 mai multe fa\u021b\u0103 de primul semestru al aceluia\u0219i an. Proiectul de hot\u0103r\u00e2re care reglementeaz\u0103 acordarea acestor burse a fost votat \u00een unanimitate.","breadcrumb":{"@id":"https:\/\/buletin.de\/bucuresti\/burse-elevi-sectorul-3\/#breadcrumb"},"inLanguage":"en-GB","potentialAction":[{"@type":"ReadAction","target":["https:\/\/buletin.de\/bucuresti\/burse-elevi-sectorul-3\/"]}]},{"@type":"ImageObject","inLanguage":"en-GB","@id":"https:\/\/buletin.de\/bucuresti\/burse-elevi-sectorul-3\/#primaryimage","url":"https:\/\/buletin.de\/bucuresti\/wp-content\/uploads\/sedinta-s3.jpg","contentUrl":"https:\/\/buletin.de\/bucuresti\/wp-content\/uploads\/sedinta-s3.jpg","width":1363,"height":631},{"@type":"BreadcrumbList","@id":"https:\/\/buletin.de\/bucuresti\/burse-elevi-sectorul-3\/#breadcrumb","itemListElement":[{"@type":"ListItem","position":1,"name":"Acas\u0103","item":"https:\/\/buletin.de\/bucuresti\/"},{"@type":"ListItem","position":2,"name":"Peste 18.000 de burse pentru elevi vor fi acordate \u00een Sectorul 3. 15 elevi vor primi c\u00e2te 1.000 de lei\/lun\u0103 pentru c\u0103 au avut media general\u0103 10"}]},{"@type":"WebSite","@id":"https:\/\/buletin.de\/bucuresti\/#website","url":"https:\/\/buletin.de\/bucuresti\/","name":"Buletin de Bucure\u0219ti","description":"\u0218tiri \u0219i investiga\u021bii esen\u021biale din capital\u0103","publisher":{"@id":"https:\/\/buletin.de\/bucuresti\/#organization"},"potentialAction":[{"@type":"SearchAction","target":{"@type":"EntryPoint","urlTemplate":"https:\/\/buletin.de\/bucuresti\/?s={search_term_string}"},"query-input":{"@type":"PropertyValueSpecification","valueRequired":true,"valueName":"search_term_string"}}],"inLanguage":"en-GB"},{"@type":"Organization","@id":"https:\/\/buletin.de\/bucuresti\/#organization","name":"Buletin de Bucure\u0219ti","url":"https:\/\/buletin.de\/bucuresti\/","logo":{"@type":"ImageObject","inLanguage":"en-GB","@id":"https:\/\/buletin.de\/bucuresti\/#\/schema\/logo\/image\/","url":"https:\/\/buletin.de\/bucuresti\/wp-content\/uploads\/logo-bdb-full-wide-vernil-transparent.png","contentUrl":"https:\/\/buletin.de\/bucuresti\/wp-content\/uploads\/logo-bdb-full-wide-vernil-transparent.png","width":1782,"height":626,"caption":"Buletin de Bucure\u0219ti"},"image":{"@id":"https:\/\/buletin.de\/bucuresti\/#\/schema\/logo\/image\/"},"sameAs":["https:\/\/www.facebook.com\/buletin.de.buc","https:\/\/www.instagram.com\/buletinde.bucuresti\/"]},{"@type":"Person","@id":"https:\/\/buletin.de\/bucuresti\/#\/schema\/person\/8ce85bbda5515a1abb525993294155a8","name":"Ana Tudor","image":{"@type":"ImageObject","inLanguage":"en-GB","@id":"https:\/\/secure.gravatar.com\/avatar\/390c40e2d9367046adb10d832317e3f5fb181fdecb236cb1a8187477756ae24a?s=96&d=monsterid&r=g0f86ad5d6b77046fd61bd633bbfa4a29","url":"https:\/\/secure.gravatar.com\/avatar\/390c40e2d9367046adb10d832317e3f5fb181fdecb236cb1a8187477756ae24a?s=96&d=monsterid&r=g","contentUrl":"https:\/\/secure.gravatar.com\/avatar\/390c40e2d9367046adb10d832317e3f5fb181fdecb236cb1a8187477756ae24a?s=96&d=monsterid&r=g","caption":"Ana Tudor"},"url":"https:\/\/buletin.de\/bucuresti\/author\/anamaria\/"}]}},"authors":[{"term_id":22597,"user_id":25,"is_guest":0,"slug":"anamaria","display_name":"Ana Tudor","avatar_url":"https:\/\/secure.gravatar.com\/avatar\/390c40e2d9367046adb10d832317e3f5fb181fdecb236cb1a8187477756ae24a?s=96&d=monsterid&r=g","0":null,"1":"","2":"","3":"","4":"","5":"","6":"","7":"","8":""}],"_links":{"self":[{"href":"https:\/\/buletin.de\/bucuresti\/wp-json\/wp\/v2\/posts\/22960","targetHints":{"allow":["GET"]}}],"collection":[{"href":"https:\/\/buletin.de\/bucuresti\/wp-json\/wp\/v2\/posts"}],"about":[{"href":"https:\/\/buletin.de\/bucuresti\/wp-json\/wp\/v2\/types\/post"}],"author":[{"embeddable":true,"href":"https:\/\/buletin.de\/bucuresti\/wp-json\/wp\/v2\/users\/25"}],"replies":[{"embeddable":true,"href":"https:\/\/buletin.de\/bucuresti\/wp-json\/wp\/v2\/comments?post=22960"}],"version-history":[{"count":5,"href":"https:\/\/buletin.de\/bucuresti\/wp-json\/wp\/v2\/posts\/22960\/revisions"}],"predecessor-version":[{"id":22966,"href":"https:\/\/buletin.de\/bucuresti\/wp-json\/wp\/v2\/posts\/22960\/revisions\/22966"}],"wp:featuredmedia":[{"embeddable":true,"href":"https:\/\/buletin.de\/bucuresti\/wp-json\/wp\/v2\/media\/22961"}],"wp:attachment":[{"href":"https:\/\/buletin.de\/bucuresti\/wp-json\/wp\/v2\/media?parent=22960"}],"wp:term":[{"taxonomy":"category","embeddable":true,"href":"https:\/\/buletin.de\/bucuresti\/wp-json\/wp\/v2\/categories?post=22960"},{"taxonomy":"post_tag","embeddable":true,"href":"https:\/\/buletin.de\/bucuresti\/wp-json\/wp\/v2\/tags?post=22960"},{"taxonomy":"author","embeddable":true,"href":"https:\/\/buletin.de\/bucuresti\/wp-json\/wp\/v2\/ppma_author?post=22960"}],"curies":[{"name":"wp","href":"https:\/\/api.w.org\/{rel}","templated":true}]}}