{"id":22879,"date":"2021-04-05T16:50:05","date_gmt":"2021-04-05T13:50:05","guid":{"rendered":"https:\/\/buletin.de\/bucuresti\/?p=22879"},"modified":"2021-04-05T17:06:27","modified_gmt":"2021-04-05T14:06:27","slug":"consilier-judetean-din-ilfov-la-poiana-brasov-a-fost-mai-mult-socializare-decat-curs-de-formare-profesionala","status":"publish","type":"post","link":"https:\/\/buletin.de\/bucuresti\/consilier-judetean-din-ilfov-la-poiana-brasov-a-fost-mai-mult-socializare-decat-curs-de-formare-profesionala\/","title":{"rendered":"Consilier Jude\u021bean din Ilfov: \u201dLa Poiana Bra\u0219ov a fost mai mult socializare, dec\u00e2t curs de formare profesional\u0103.\u201d"},"content":{"rendered":"\n<p><strong>Dup\u0103 2 luni de insisten\u021be, Consiliul Jude\u021bean Ilfov a r\u0103spuns solicit\u0103rii Buletin de Bucure\u0219ti cu privire la stagiul de <em>formare profesional\u0103<\/em> de la Poiana Bra\u0219ov care a costat 146.000 de le. Doar c\u0103 nu a explicat \u0219i de ce a fost nevoie de excursia la Bra\u0219ov \u0219i nu s-a putut organiza ceva mai ieftin, \u00een Bucure\u0219ti. \u0218i nici de ce au participat 26 de consilieri, de\u0219i legea spune c\u0103, \u00een interior, adun\u0103rile nu pot avea mai mult de 25 de persoane. Despre cursul organizat \u00eentr-un hotel de 4 stele, Buletin de Bucure\u0219ti a scris <a href=\"https:\/\/buletin.de\/bucuresti\/achizitii-in-pandemie-26-de-angajati-ai-cj-ilfov-1100-de-euro-de-persoana-5-zile-la-poiana-brasov-ca-sa-invete-sa-comunice-cu-contribabilii\/\">aici<\/a>.<\/strong><\/p>\n\n\n\n<h2 class=\"wp-block-heading\"><strong>Ale\u0219ii locali AU DREPTUL la cursuri<\/strong>. <strong>Nimic despre obliga\u021bii<\/strong><\/h2>\n\n\n\n<p>\u00cen r\u0103spunsul primit de Buletin de Bucure\u0219ti de la Consiliul Jude\u021bean Ilfov, se men\u021bioneaz\u0103 c\u0103, la curs, au participat <em><strong>ale\u0219ii locali.<\/strong> <\/em>Consiliul Jude\u021bean Ilfov are 32 de consilieri (16 PNL, 5 Alian\u0163a Social Liberal\u0103, 5 Alian\u0163a USR\/PLUS, 4 Pro Rom\u00e2nia \u015fi 2 PMP), deci nu to\u021bi au participat la stagiul de formare profesional\u0103. <\/p>\n\n\n\n<p>Consiliul Jude\u021bean Ilfov ne-a reamintit, \u00een r\u0103spunsul primit, c\u0103 prin lege, ale\u0219ii locali au dreptul la preg\u0103tire, formare \u0219i perfec\u021bionare profesional\u0103. <\/p>\n\n\n\n<figure class=\"wp-block-image size-large\"><a href=\"https:\/\/buletin.de\/bucuresti\/wp-content\/uploads\/image-602.png\"><img fetchpriority=\"high\" decoding=\"async\" width=\"819\" height=\"492\" src=\"data:image\/gif;base64,R0lGODlhAQABAAAAACH5BAEKAAEALAAAAAABAAEAAAICTAEAOw==\" data-src=\"https:\/\/buletin.de\/bucuresti\/wp-content\/uploads\/image-602.png\" alt=\"\" class=\"wp-image-22886 lazyload\" data-sizes=\"auto\" data-srcset=\"https:\/\/buletin.de\/bucuresti\/wp-content\/uploads\/image-602.png 819w, https:\/\/buletin.de\/bucuresti\/wp-content\/uploads\/image-602-300x180.png 300w, https:\/\/buletin.de\/bucuresti\/wp-content\/uploads\/image-602-768x461.png 768w, https:\/\/buletin.de\/bucuresti\/wp-content\/uploads\/image-602-550x330.png 550w, https:\/\/buletin.de\/bucuresti\/wp-content\/uploads\/image-602-600x360.png 600w\" sizes=\"(max-width: 819px) 100vw, 819px\" \/><\/a><figcaption>R\u0103spuns CJ Ilfov pentru Buletin de Bucure\u0219ti<\/figcaption><\/figure>\n\n\n\n<p>Ce nu ne-au explicat \u00eens\u0103 reprezentan\u021bii CJ Ilfov este de ce s-au cheltuit 146.000 de lei, din banii publici, pentru o deplasare de 5 zile la un hotel de 4 stele din Poiana Bra\u0219ov, \u0219i nu s-a g\u0103sit o varianta mai ieftin\u0103 de organizare, la Bucure\u0219ti.<\/p>\n\n\n\n<h2 class=\"wp-block-heading\">Cazare \u00een regim de single, \u00een camere de 80 de mp<\/h2>\n\n\n\n<p>Consilierul jude\u021bean, Gabriel C\u0103rbunaru, de la USR, a fost la cursurile de la Poiana Bra\u0219ov. Nu a stat dec\u00e2t trei zile pentru c\u0103 i s-a p\u0103rut o pierdere de timp, pe bani publici.<\/p>\n\n\n\n<p><em>Dincolo de unele detalii previzibile dinainte \u2013 cum ar fi loca\u021bia (Poiana Bra\u0219ov) \u0219i hotelul \u2013 m-a frapat faptul c\u0103 <strong>am fost caza\u021bi individual \u00een camere de 80mp<\/strong> \u2013 o camer\u0103 av\u00e2nd dou\u0103 paturi duble. A\u0219adar, condi\u021biile de cazare au fost la un nivel pe care pu\u021bini oameni \u0219i-l permit. Al doilea aspect care m-a pus pe g\u00e2nduri a fost faptul c\u0103 &#8211; de\u0219i conform agendei primite cursurile aveau o durat\u0103 de 6 ore zilnic &#8211; luni diminea\u021ba s-a setat la nivel informal o agend\u0103 care le-a redus la 3 ore \/ zi. Practic, \u00een restul zilei programul era liber<\/em>, a declarat Gabriel C\u0103rbunaru, pentru Buletin de Bucure\u0219ti.<\/p>\n\n\n\n<figure class=\"wp-block-image size-large\"><img decoding=\"async\" width=\"900\" height=\"598\" src=\"data:image\/gif;base64,R0lGODlhAQABAAAAACH5BAEKAAEALAAAAAABAAEAAAICTAEAOw==\" data-src=\"https:\/\/buletin.de\/bucuresti\/wp-content\/uploads\/6-Dubla-Executive.jpg\" alt=\"\" class=\"wp-image-22957 lazyload\" data-sizes=\"auto\" data-srcset=\"https:\/\/buletin.de\/bucuresti\/wp-content\/uploads\/6-Dubla-Executive.jpg 900w, https:\/\/buletin.de\/bucuresti\/wp-content\/uploads\/6-Dubla-Executive-300x199.jpg 300w, https:\/\/buletin.de\/bucuresti\/wp-content\/uploads\/6-Dubla-Executive-768x510.jpg 768w, https:\/\/buletin.de\/bucuresti\/wp-content\/uploads\/6-Dubla-Executive-550x365.jpg 550w, https:\/\/buletin.de\/bucuresti\/wp-content\/uploads\/6-Dubla-Executive-753x500.jpg 753w, https:\/\/buletin.de\/bucuresti\/wp-content\/uploads\/6-Dubla-Executive-600x399.jpg 600w\" sizes=\"(max-width: 900px) 100vw, 900px\" \/><figcaption>sursa foto http:\/\/brasov.imparatulromanilor.ro\/galerie\/<\/figcaption><\/figure>\n\n\n\n<p>Mai mult, c\u00e2nd a ajuns acas\u0103, a trimit un feedback pre\u0219edintelui CJ Ilfov. Cursurile de formare s\u0103 fie mai mult\u0103 preg\u0103tire, \u0219i mai pu\u021bin\u0103 socializare.<\/p>\n\n\n\n<p> <em>A\u0219 sugera ca urm\u0103toarele astfel de training-uri s\u0103 pun\u0103 mai mult accent \u0219i con\u021binut pe componenta de preg\u0103tire iar partea de socializare \u0219i relaxare s\u0103 vin\u0103 eventual doar ca bonus adi\u021bional. Nu \u00een ultimul r\u00e2nd, cred c\u0103 astfel de evenimente se pot organiza \u0219i mai aproape de domiciliu, \u00een condi\u021bii de cost mai apropiate de realitatea zilelor \u00een care tr\u0103im<\/em>., a scris consilierul jude\u021bean, Gabriel C\u0103rbunaru, \u00een adresa trimis\u0103 pre\u0219edintelui CJ Ilfov.<\/p>\n\n\n\n<h2 class=\"wp-block-heading\">Legea spune 25 de persoane. CJ Ilfov a trimis 26<\/h2>\n\n\n\n<p>Conform licita\u021biei, la curs au participat 26 de persoane. \u00cen HG de prelungire a st\u0103rii de alert\u0103, este specificat clar c\u0103, la adun\u0103rile organizate \u00een spa\u021bii \u00eenchise, nu pot participa mai mult de 25 de persoane. Conform r\u0103spunsului CJ Ilfov, <em><strong>au fost respectate intocmai<\/strong><\/em> <em><strong>prevederile legate de incidente st\u0103rii de alert\u0103.<\/strong><\/em> <\/p>\n\n\n\n<figure class=\"wp-block-image size-large\"><img decoding=\"async\" width=\"724\" height=\"320\" src=\"data:image\/gif;base64,R0lGODlhAQABAAAAACH5BAEKAAEALAAAAAABAAEAAAICTAEAOw==\" data-src=\"https:\/\/buletin.de\/bucuresti\/wp-content\/uploads\/image-603.png\" alt=\"\" class=\"wp-image-22889 lazyload\" data-sizes=\"auto\" data-srcset=\"https:\/\/buletin.de\/bucuresti\/wp-content\/uploads\/image-603.png 724w, https:\/\/buletin.de\/bucuresti\/wp-content\/uploads\/image-603-300x133.png 300w, https:\/\/buletin.de\/bucuresti\/wp-content\/uploads\/image-603-550x243.png 550w, https:\/\/buletin.de\/bucuresti\/wp-content\/uploads\/image-603-600x265.png 600w\" sizes=\"(max-width: 724px) 100vw, 724px\" \/><figcaption>sursa Monitorul Oficial<\/figcaption><\/figure>\n\n\n\n<p>sursa FOTO http:\/\/brasov.imparatulromanilor.ro\/galerie\/<\/p>\n","protected":false},"excerpt":{"rendered":"<p>Dup\u0103 2 luni de insisten\u021be, Consiliul Jude\u021bean Ilfov a r\u0103spuns solicit\u0103rii Buletin de Bucure\u0219ti cu privire la stagiul de formare profesional\u0103 de la Poiana Bra\u0219ov care a costat 146.000 de le. Doar c\u0103 nu a explicat \u0219i de ce a fost nevoie de excursia la Bra\u0219ov \u0219i nu s-a putut organiza ceva mai ieftin, \u00een [&hellip;]<\/p>\n","protected":false},"author":18,"featured_media":22954,"comment_status":"closed","ping_status":"open","sticky":false,"template":"","format":"standard","meta":{"_acf_changed":false,"inline_featured_image":false,"ngg_post_thumbnail":0,"footnotes":""},"categories":[1432,62],"tags":[282,2525],"ppma_author":[22579],"class_list":["post-22879","post","type-post","status-publish","format-standard","has-post-thumbnail","hentry","category-buletin-de-ilfov","category-stiri","tag-bani-publici","tag-formare-profesionala"],"acf":[],"yoast_head":"<!-- This site is optimized with the Yoast SEO Premium plugin v25.3 (Yoast SEO v27.4) - https:\/\/yoast.com\/product\/yoast-seo-premium-wordpress\/ -->\n<title>Consilier Jude\u021bean din Ilfov: \u201dLa Poiana Bra\u0219ov a fost mai mult socializare, dec\u00e2t curs de formare profesional\u0103.\u201d - Buletin de Bucure\u0219ti<\/title>\n<meta name=\"robots\" content=\"index, follow, max-snippet:-1, max-image-preview:large, max-video-preview:-1\" \/>\n<link rel=\"canonical\" href=\"https:\/\/buletin.de\/bucuresti\/consilier-judetean-din-ilfov-la-poiana-brasov-a-fost-mai-mult-socializare-decat-curs-de-formare-profesionala\/\" \/>\n<meta property=\"og:locale\" content=\"en_GB\" \/>\n<meta property=\"og:type\" content=\"article\" \/>\n<meta property=\"og:title\" content=\"Consilier Jude\u021bean din Ilfov: \u201dLa Poiana Bra\u0219ov a fost mai mult socializare, dec\u00e2t curs de formare profesional\u0103.\u201d\" \/>\n<meta property=\"og:description\" content=\"Dup\u0103 2 luni de insisten\u021be, Consiliul Jude\u021bean Ilfov a r\u0103spuns solicit\u0103rii Buletin de Bucure\u0219ti cu privire la stagiul de formare profesional\u0103 de la Poiana Bra\u0219ov care a costat 146.000 de le. Doar c\u0103 nu a explicat \u0219i de ce a fost nevoie de excursia la Bra\u0219ov \u0219i nu s-a putut organiza ceva mai ieftin, \u00een [&hellip;]\" \/>\n<meta property=\"og:url\" content=\"https:\/\/buletin.de\/bucuresti\/consilier-judetean-din-ilfov-la-poiana-brasov-a-fost-mai-mult-socializare-decat-curs-de-formare-profesionala\/\" \/>\n<meta property=\"og:site_name\" content=\"Buletin de Bucure\u0219ti\" \/>\n<meta property=\"article:publisher\" content=\"https:\/\/www.facebook.com\/buletin.de.buc\" \/>\n<meta property=\"article:published_time\" content=\"2021-04-05T13:50:05+00:00\" \/>\n<meta property=\"article:modified_time\" content=\"2021-04-05T14:06:27+00:00\" \/>\n<meta property=\"og:image\" content=\"https:\/\/buletin.de\/bucuresti\/wp-content\/uploads\/4-Premier-Suite.jpg\" \/>\n\t<meta property=\"og:image:width\" content=\"900\" \/>\n\t<meta property=\"og:image:height\" content=\"594\" \/>\n\t<meta property=\"og:image:type\" content=\"image\/jpeg\" \/>\n<meta name=\"author\" content=\"Teodora Stroe\" \/>\n<meta name=\"twitter:card\" content=\"summary_large_image\" \/>\n<meta name=\"twitter:label1\" content=\"Written by\" \/>\n\t<meta name=\"twitter:data1\" content=\"Teodora Stroe\" \/>\n\t<meta name=\"twitter:label2\" content=\"Estimated reading time\" \/>\n\t<meta name=\"twitter:data2\" content=\"3 minutes\" \/>\n<script type=\"application\/ld+json\" class=\"yoast-schema-graph\">{\"@context\":\"https:\\\/\\\/schema.org\",\"@graph\":[{\"@type\":\"Article\",\"@id\":\"https:\\\/\\\/buletin.de\\\/bucuresti\\\/consilier-judetean-din-ilfov-la-poiana-brasov-a-fost-mai-mult-socializare-decat-curs-de-formare-profesionala\\\/#article\",\"isPartOf\":{\"@id\":\"https:\\\/\\\/buletin.de\\\/bucuresti\\\/consilier-judetean-din-ilfov-la-poiana-brasov-a-fost-mai-mult-socializare-decat-curs-de-formare-profesionala\\\/\"},\"author\":{\"name\":\"Teodora Stroe\",\"@id\":\"https:\\\/\\\/buletin.de\\\/bucuresti\\\/#\\\/schema\\\/person\\\/d369d7ddc775abece205795e0b804614\"},\"headline\":\"Consilier Jude\u021bean din Ilfov: \u201dLa Poiana Bra\u0219ov a fost mai mult socializare, dec\u00e2t curs de formare profesional\u0103.\u201d\",\"datePublished\":\"2021-04-05T13:50:05+00:00\",\"dateModified\":\"2021-04-05T14:06:27+00:00\",\"mainEntityOfPage\":{\"@id\":\"https:\\\/\\\/buletin.de\\\/bucuresti\\\/consilier-judetean-din-ilfov-la-poiana-brasov-a-fost-mai-mult-socializare-decat-curs-de-formare-profesionala\\\/\"},\"wordCount\":625,\"publisher\":{\"@id\":\"https:\\\/\\\/buletin.de\\\/bucuresti\\\/#organization\"},\"image\":{\"@id\":\"https:\\\/\\\/buletin.de\\\/bucuresti\\\/consilier-judetean-din-ilfov-la-poiana-brasov-a-fost-mai-mult-socializare-decat-curs-de-formare-profesionala\\\/#primaryimage\"},\"thumbnailUrl\":\"https:\\\/\\\/buletin.de\\\/bucuresti\\\/wp-content\\\/uploads\\\/4-Premier-Suite.jpg\",\"keywords\":[\"bani publici\",\"formare profesionala\"],\"articleSection\":[\"Buletin de Ilfov\",\"\u0218tiri\"],\"inLanguage\":\"en-GB\",\"copyrightYear\":\"2021\",\"copyrightHolder\":{\"@id\":\"https:\\\/\\\/buletin.de\\\/bucuresti\\\/#organization\"}},{\"@type\":\"WebPage\",\"@id\":\"https:\\\/\\\/buletin.de\\\/bucuresti\\\/consilier-judetean-din-ilfov-la-poiana-brasov-a-fost-mai-mult-socializare-decat-curs-de-formare-profesionala\\\/\",\"url\":\"https:\\\/\\\/buletin.de\\\/bucuresti\\\/consilier-judetean-din-ilfov-la-poiana-brasov-a-fost-mai-mult-socializare-decat-curs-de-formare-profesionala\\\/\",\"name\":\"Consilier Jude\u021bean din Ilfov: \u201dLa Poiana Bra\u0219ov a fost mai mult socializare, dec\u00e2t curs de formare profesional\u0103.\u201d - Buletin de Bucure\u0219ti\",\"isPartOf\":{\"@id\":\"https:\\\/\\\/buletin.de\\\/bucuresti\\\/#website\"},\"primaryImageOfPage\":{\"@id\":\"https:\\\/\\\/buletin.de\\\/bucuresti\\\/consilier-judetean-din-ilfov-la-poiana-brasov-a-fost-mai-mult-socializare-decat-curs-de-formare-profesionala\\\/#primaryimage\"},\"image\":{\"@id\":\"https:\\\/\\\/buletin.de\\\/bucuresti\\\/consilier-judetean-din-ilfov-la-poiana-brasov-a-fost-mai-mult-socializare-decat-curs-de-formare-profesionala\\\/#primaryimage\"},\"thumbnailUrl\":\"https:\\\/\\\/buletin.de\\\/bucuresti\\\/wp-content\\\/uploads\\\/4-Premier-Suite.jpg\",\"datePublished\":\"2021-04-05T13:50:05+00:00\",\"dateModified\":\"2021-04-05T14:06:27+00:00\",\"breadcrumb\":{\"@id\":\"https:\\\/\\\/buletin.de\\\/bucuresti\\\/consilier-judetean-din-ilfov-la-poiana-brasov-a-fost-mai-mult-socializare-decat-curs-de-formare-profesionala\\\/#breadcrumb\"},\"inLanguage\":\"en-GB\",\"potentialAction\":[{\"@type\":\"ReadAction\",\"target\":[\"https:\\\/\\\/buletin.de\\\/bucuresti\\\/consilier-judetean-din-ilfov-la-poiana-brasov-a-fost-mai-mult-socializare-decat-curs-de-formare-profesionala\\\/\"]}]},{\"@type\":\"ImageObject\",\"inLanguage\":\"en-GB\",\"@id\":\"https:\\\/\\\/buletin.de\\\/bucuresti\\\/consilier-judetean-din-ilfov-la-poiana-brasov-a-fost-mai-mult-socializare-decat-curs-de-formare-profesionala\\\/#primaryimage\",\"url\":\"https:\\\/\\\/buletin.de\\\/bucuresti\\\/wp-content\\\/uploads\\\/4-Premier-Suite.jpg\",\"contentUrl\":\"https:\\\/\\\/buletin.de\\\/bucuresti\\\/wp-content\\\/uploads\\\/4-Premier-Suite.jpg\",\"width\":900,\"height\":594},{\"@type\":\"BreadcrumbList\",\"@id\":\"https:\\\/\\\/buletin.de\\\/bucuresti\\\/consilier-judetean-din-ilfov-la-poiana-brasov-a-fost-mai-mult-socializare-decat-curs-de-formare-profesionala\\\/#breadcrumb\",\"itemListElement\":[{\"@type\":\"ListItem\",\"position\":1,\"name\":\"Acas\u0103\",\"item\":\"https:\\\/\\\/buletin.de\\\/bucuresti\\\/\"},{\"@type\":\"ListItem\",\"position\":2,\"name\":\"Consilier Jude\u021bean din Ilfov: \u201dLa Poiana Bra\u0219ov a fost mai mult socializare, dec\u00e2t curs de formare profesional\u0103.\u201d\"}]},{\"@type\":\"WebSite\",\"@id\":\"https:\\\/\\\/buletin.de\\\/bucuresti\\\/#website\",\"url\":\"https:\\\/\\\/buletin.de\\\/bucuresti\\\/\",\"name\":\"Buletin de Bucure\u0219ti\",\"description\":\"\u0218tiri \u0219i investiga\u021bii esen\u021biale din capital\u0103\",\"publisher\":{\"@id\":\"https:\\\/\\\/buletin.de\\\/bucuresti\\\/#organization\"},\"potentialAction\":[{\"@type\":\"SearchAction\",\"target\":{\"@type\":\"EntryPoint\",\"urlTemplate\":\"https:\\\/\\\/buletin.de\\\/bucuresti\\\/?s={search_term_string}\"},\"query-input\":{\"@type\":\"PropertyValueSpecification\",\"valueRequired\":true,\"valueName\":\"search_term_string\"}}],\"inLanguage\":\"en-GB\"},{\"@type\":\"Organization\",\"@id\":\"https:\\\/\\\/buletin.de\\\/bucuresti\\\/#organization\",\"name\":\"Buletin de Bucure\u0219ti\",\"url\":\"https:\\\/\\\/buletin.de\\\/bucuresti\\\/\",\"logo\":{\"@type\":\"ImageObject\",\"inLanguage\":\"en-GB\",\"@id\":\"https:\\\/\\\/buletin.de\\\/bucuresti\\\/#\\\/schema\\\/logo\\\/image\\\/\",\"url\":\"https:\\\/\\\/buletin.de\\\/bucuresti\\\/wp-content\\\/uploads\\\/logo-bdb-full-wide-vernil-transparent.png\",\"contentUrl\":\"https:\\\/\\\/buletin.de\\\/bucuresti\\\/wp-content\\\/uploads\\\/logo-bdb-full-wide-vernil-transparent.png\",\"width\":1782,\"height\":626,\"caption\":\"Buletin de Bucure\u0219ti\"},\"image\":{\"@id\":\"https:\\\/\\\/buletin.de\\\/bucuresti\\\/#\\\/schema\\\/logo\\\/image\\\/\"},\"sameAs\":[\"https:\\\/\\\/www.facebook.com\\\/buletin.de.buc\",\"https:\\\/\\\/www.instagram.com\\\/buletinde.bucuresti\\\/\"]},{\"@type\":\"Person\",\"@id\":\"https:\\\/\\\/buletin.de\\\/bucuresti\\\/#\\\/schema\\\/person\\\/d369d7ddc775abece205795e0b804614\",\"name\":\"Teodora Stroe\",\"image\":{\"@type\":\"ImageObject\",\"inLanguage\":\"en-GB\",\"@id\":\"https:\\\/\\\/secure.gravatar.com\\\/avatar\\\/2560b4cd9f5f1bc100b123158e657d75584bd1c3e1d9c69285720b9457c1b78d?s=96&d=monsterid&r=gc104800242ba5f2d78dd5d7dc4df08b6\",\"url\":\"https:\\\/\\\/secure.gravatar.com\\\/avatar\\\/2560b4cd9f5f1bc100b123158e657d75584bd1c3e1d9c69285720b9457c1b78d?s=96&d=monsterid&r=g\",\"contentUrl\":\"https:\\\/\\\/secure.gravatar.com\\\/avatar\\\/2560b4cd9f5f1bc100b123158e657d75584bd1c3e1d9c69285720b9457c1b78d?s=96&d=monsterid&r=g\",\"caption\":\"Teodora Stroe\"},\"url\":\"https:\\\/\\\/buletin.de\\\/bucuresti\\\/author\\\/simonacarlugea\\\/\"}]}<\/script>\n<!-- \/ Yoast SEO Premium plugin. -->","yoast_head_json":{"title":"Consilier Jude\u021bean din Ilfov: \u201dLa Poiana Bra\u0219ov a fost mai mult socializare, dec\u00e2t curs de formare profesional\u0103.\u201d - Buletin de Bucure\u0219ti","robots":{"index":"index","follow":"follow","max-snippet":"max-snippet:-1","max-image-preview":"max-image-preview:large","max-video-preview":"max-video-preview:-1"},"canonical":"https:\/\/buletin.de\/bucuresti\/consilier-judetean-din-ilfov-la-poiana-brasov-a-fost-mai-mult-socializare-decat-curs-de-formare-profesionala\/","og_locale":"en_GB","og_type":"article","og_title":"Consilier Jude\u021bean din Ilfov: \u201dLa Poiana Bra\u0219ov a fost mai mult socializare, dec\u00e2t curs de formare profesional\u0103.\u201d","og_description":"Dup\u0103 2 luni de insisten\u021be, Consiliul Jude\u021bean Ilfov a r\u0103spuns solicit\u0103rii Buletin de Bucure\u0219ti cu privire la stagiul de formare profesional\u0103 de la Poiana Bra\u0219ov care a costat 146.000 de le. Doar c\u0103 nu a explicat \u0219i de ce a fost nevoie de excursia la Bra\u0219ov \u0219i nu s-a putut organiza ceva mai ieftin, \u00een [&hellip;]","og_url":"https:\/\/buletin.de\/bucuresti\/consilier-judetean-din-ilfov-la-poiana-brasov-a-fost-mai-mult-socializare-decat-curs-de-formare-profesionala\/","og_site_name":"Buletin de Bucure\u0219ti","article_publisher":"https:\/\/www.facebook.com\/buletin.de.buc","article_published_time":"2021-04-05T13:50:05+00:00","article_modified_time":"2021-04-05T14:06:27+00:00","og_image":[{"width":900,"height":594,"url":"https:\/\/buletin.de\/bucuresti\/wp-content\/uploads\/4-Premier-Suite.jpg","type":"image\/jpeg"}],"author":"Teodora Stroe","twitter_card":"summary_large_image","twitter_misc":{"Written by":"Teodora Stroe","Estimated reading time":"3 minutes"},"schema":{"@context":"https:\/\/schema.org","@graph":[{"@type":"Article","@id":"https:\/\/buletin.de\/bucuresti\/consilier-judetean-din-ilfov-la-poiana-brasov-a-fost-mai-mult-socializare-decat-curs-de-formare-profesionala\/#article","isPartOf":{"@id":"https:\/\/buletin.de\/bucuresti\/consilier-judetean-din-ilfov-la-poiana-brasov-a-fost-mai-mult-socializare-decat-curs-de-formare-profesionala\/"},"author":{"name":"Teodora Stroe","@id":"https:\/\/buletin.de\/bucuresti\/#\/schema\/person\/d369d7ddc775abece205795e0b804614"},"headline":"Consilier Jude\u021bean din Ilfov: \u201dLa Poiana Bra\u0219ov a fost mai mult socializare, dec\u00e2t curs de formare profesional\u0103.\u201d","datePublished":"2021-04-05T13:50:05+00:00","dateModified":"2021-04-05T14:06:27+00:00","mainEntityOfPage":{"@id":"https:\/\/buletin.de\/bucuresti\/consilier-judetean-din-ilfov-la-poiana-brasov-a-fost-mai-mult-socializare-decat-curs-de-formare-profesionala\/"},"wordCount":625,"publisher":{"@id":"https:\/\/buletin.de\/bucuresti\/#organization"},"image":{"@id":"https:\/\/buletin.de\/bucuresti\/consilier-judetean-din-ilfov-la-poiana-brasov-a-fost-mai-mult-socializare-decat-curs-de-formare-profesionala\/#primaryimage"},"thumbnailUrl":"https:\/\/buletin.de\/bucuresti\/wp-content\/uploads\/4-Premier-Suite.jpg","keywords":["bani publici","formare profesionala"],"articleSection":["Buletin de Ilfov","\u0218tiri"],"inLanguage":"en-GB","copyrightYear":"2021","copyrightHolder":{"@id":"https:\/\/buletin.de\/bucuresti\/#organization"}},{"@type":"WebPage","@id":"https:\/\/buletin.de\/bucuresti\/consilier-judetean-din-ilfov-la-poiana-brasov-a-fost-mai-mult-socializare-decat-curs-de-formare-profesionala\/","url":"https:\/\/buletin.de\/bucuresti\/consilier-judetean-din-ilfov-la-poiana-brasov-a-fost-mai-mult-socializare-decat-curs-de-formare-profesionala\/","name":"Consilier Jude\u021bean din Ilfov: \u201dLa Poiana Bra\u0219ov a fost mai mult socializare, dec\u00e2t curs de formare profesional\u0103.\u201d - Buletin de Bucure\u0219ti","isPartOf":{"@id":"https:\/\/buletin.de\/bucuresti\/#website"},"primaryImageOfPage":{"@id":"https:\/\/buletin.de\/bucuresti\/consilier-judetean-din-ilfov-la-poiana-brasov-a-fost-mai-mult-socializare-decat-curs-de-formare-profesionala\/#primaryimage"},"image":{"@id":"https:\/\/buletin.de\/bucuresti\/consilier-judetean-din-ilfov-la-poiana-brasov-a-fost-mai-mult-socializare-decat-curs-de-formare-profesionala\/#primaryimage"},"thumbnailUrl":"https:\/\/buletin.de\/bucuresti\/wp-content\/uploads\/4-Premier-Suite.jpg","datePublished":"2021-04-05T13:50:05+00:00","dateModified":"2021-04-05T14:06:27+00:00","breadcrumb":{"@id":"https:\/\/buletin.de\/bucuresti\/consilier-judetean-din-ilfov-la-poiana-brasov-a-fost-mai-mult-socializare-decat-curs-de-formare-profesionala\/#breadcrumb"},"inLanguage":"en-GB","potentialAction":[{"@type":"ReadAction","target":["https:\/\/buletin.de\/bucuresti\/consilier-judetean-din-ilfov-la-poiana-brasov-a-fost-mai-mult-socializare-decat-curs-de-formare-profesionala\/"]}]},{"@type":"ImageObject","inLanguage":"en-GB","@id":"https:\/\/buletin.de\/bucuresti\/consilier-judetean-din-ilfov-la-poiana-brasov-a-fost-mai-mult-socializare-decat-curs-de-formare-profesionala\/#primaryimage","url":"https:\/\/buletin.de\/bucuresti\/wp-content\/uploads\/4-Premier-Suite.jpg","contentUrl":"https:\/\/buletin.de\/bucuresti\/wp-content\/uploads\/4-Premier-Suite.jpg","width":900,"height":594},{"@type":"BreadcrumbList","@id":"https:\/\/buletin.de\/bucuresti\/consilier-judetean-din-ilfov-la-poiana-brasov-a-fost-mai-mult-socializare-decat-curs-de-formare-profesionala\/#breadcrumb","itemListElement":[{"@type":"ListItem","position":1,"name":"Acas\u0103","item":"https:\/\/buletin.de\/bucuresti\/"},{"@type":"ListItem","position":2,"name":"Consilier Jude\u021bean din Ilfov: \u201dLa Poiana Bra\u0219ov a fost mai mult socializare, dec\u00e2t curs de formare profesional\u0103.\u201d"}]},{"@type":"WebSite","@id":"https:\/\/buletin.de\/bucuresti\/#website","url":"https:\/\/buletin.de\/bucuresti\/","name":"Buletin de Bucure\u0219ti","description":"\u0218tiri \u0219i investiga\u021bii esen\u021biale din capital\u0103","publisher":{"@id":"https:\/\/buletin.de\/bucuresti\/#organization"},"potentialAction":[{"@type":"SearchAction","target":{"@type":"EntryPoint","urlTemplate":"https:\/\/buletin.de\/bucuresti\/?s={search_term_string}"},"query-input":{"@type":"PropertyValueSpecification","valueRequired":true,"valueName":"search_term_string"}}],"inLanguage":"en-GB"},{"@type":"Organization","@id":"https:\/\/buletin.de\/bucuresti\/#organization","name":"Buletin de Bucure\u0219ti","url":"https:\/\/buletin.de\/bucuresti\/","logo":{"@type":"ImageObject","inLanguage":"en-GB","@id":"https:\/\/buletin.de\/bucuresti\/#\/schema\/logo\/image\/","url":"https:\/\/buletin.de\/bucuresti\/wp-content\/uploads\/logo-bdb-full-wide-vernil-transparent.png","contentUrl":"https:\/\/buletin.de\/bucuresti\/wp-content\/uploads\/logo-bdb-full-wide-vernil-transparent.png","width":1782,"height":626,"caption":"Buletin de Bucure\u0219ti"},"image":{"@id":"https:\/\/buletin.de\/bucuresti\/#\/schema\/logo\/image\/"},"sameAs":["https:\/\/www.facebook.com\/buletin.de.buc","https:\/\/www.instagram.com\/buletinde.bucuresti\/"]},{"@type":"Person","@id":"https:\/\/buletin.de\/bucuresti\/#\/schema\/person\/d369d7ddc775abece205795e0b804614","name":"Teodora Stroe","image":{"@type":"ImageObject","inLanguage":"en-GB","@id":"https:\/\/secure.gravatar.com\/avatar\/2560b4cd9f5f1bc100b123158e657d75584bd1c3e1d9c69285720b9457c1b78d?s=96&d=monsterid&r=gc104800242ba5f2d78dd5d7dc4df08b6","url":"https:\/\/secure.gravatar.com\/avatar\/2560b4cd9f5f1bc100b123158e657d75584bd1c3e1d9c69285720b9457c1b78d?s=96&d=monsterid&r=g","contentUrl":"https:\/\/secure.gravatar.com\/avatar\/2560b4cd9f5f1bc100b123158e657d75584bd1c3e1d9c69285720b9457c1b78d?s=96&d=monsterid&r=g","caption":"Teodora Stroe"},"url":"https:\/\/buletin.de\/bucuresti\/author\/simonacarlugea\/"}]}},"authors":[{"term_id":22579,"user_id":18,"is_guest":0,"slug":"simonacarlugea","display_name":"Teodora Stroe","avatar_url":"https:\/\/secure.gravatar.com\/avatar\/2560b4cd9f5f1bc100b123158e657d75584bd1c3e1d9c69285720b9457c1b78d?s=96&d=monsterid&r=g","0":null,"1":"","2":"","3":"","4":"","5":"","6":"","7":"","8":""}],"_links":{"self":[{"href":"https:\/\/buletin.de\/bucuresti\/wp-json\/wp\/v2\/posts\/22879","targetHints":{"allow":["GET"]}}],"collection":[{"href":"https:\/\/buletin.de\/bucuresti\/wp-json\/wp\/v2\/posts"}],"about":[{"href":"https:\/\/buletin.de\/bucuresti\/wp-json\/wp\/v2\/types\/post"}],"author":[{"embeddable":true,"href":"https:\/\/buletin.de\/bucuresti\/wp-json\/wp\/v2\/users\/18"}],"replies":[{"embeddable":true,"href":"https:\/\/buletin.de\/bucuresti\/wp-json\/wp\/v2\/comments?post=22879"}],"version-history":[{"count":14,"href":"https:\/\/buletin.de\/bucuresti\/wp-json\/wp\/v2\/posts\/22879\/revisions"}],"predecessor-version":[{"id":22959,"href":"https:\/\/buletin.de\/bucuresti\/wp-json\/wp\/v2\/posts\/22879\/revisions\/22959"}],"wp:featuredmedia":[{"embeddable":true,"href":"https:\/\/buletin.de\/bucuresti\/wp-json\/wp\/v2\/media\/22954"}],"wp:attachment":[{"href":"https:\/\/buletin.de\/bucuresti\/wp-json\/wp\/v2\/media?parent=22879"}],"wp:term":[{"taxonomy":"category","embeddable":true,"href":"https:\/\/buletin.de\/bucuresti\/wp-json\/wp\/v2\/categories?post=22879"},{"taxonomy":"post_tag","embeddable":true,"href":"https:\/\/buletin.de\/bucuresti\/wp-json\/wp\/v2\/tags?post=22879"},{"taxonomy":"author","embeddable":true,"href":"https:\/\/buletin.de\/bucuresti\/wp-json\/wp\/v2\/ppma_author?post=22879"}],"curies":[{"name":"wp","href":"https:\/\/api.w.org\/{rel}","templated":true}]}}