{"id":22859,"date":"2021-04-01T15:55:44","date_gmt":"2021-04-01T12:55:44","guid":{"rendered":"https:\/\/buletin.de\/bucuresti\/?p=22859"},"modified":"2021-04-01T15:55:45","modified_gmt":"2021-04-01T12:55:45","slug":"fosta-directoare-a-teatrului-odeon-repusa-in-functie-dupa-ce-a-fost-demisa-abuziv-de-gabriela-firea","status":"publish","type":"post","link":"https:\/\/buletin.de\/bucuresti\/fosta-directoare-a-teatrului-odeon-repusa-in-functie-dupa-ce-a-fost-demisa-abuziv-de-gabriela-firea\/","title":{"rendered":"Fosta directoare a Teatrului Odeon, repus\u0103 \u00een func\u021bie dup\u0103 ce a fost demis\u0103 abuziv de Gabriela Firea"},"content":{"rendered":"\n<p><strong>Fosta directoare a Teatrului Odeon, Dorina Laz\u0103r, a fost repus\u0103 \u00een func\u021bie dup\u0103 ce aceasta a fost demis\u0103 abuziv \u00een 2017, a anun\u021bat Nicu\u0219or Dan. Instan\u021ba a decis anul trecut ca Dorina Laz\u0103r s\u0103 fie repus\u0103 \u00een func\u021bie, s\u0103 i se pl\u0103teasc\u0103 drepturilor salariale pentru perioada de suspendare \u0219i 1 leu daune morale, a\u0219a cum a cerut actri\u021ba simbolic, \u00eens\u0103 Gabriela Firea a ignorat hot\u0103r\u00e2rea \u0219i a refuzat s\u0103 o pun\u0103 \u00een aplicare.<\/strong><\/p>\n\n\n\n<div class=\"fb-post\" data-href=\"https:\/\/www.facebook.com\/NicusorDan.ro\/posts\/3845302622213989\" data-width=\"500\" data-show-text=\"true\"><blockquote cite=\"https:\/\/www.facebook.com\/NicusorDan.ro\/posts\/3845302622213989\" class=\"fb-xfbml-parse-ignore\"><p>Am semnat ieri dispozi\u021bia privind reintegrarea doamnei Dorina Laz\u0103r pe postul de manager al Teatrului Odeon, aflat \u00een&#8230;<\/p>Posted by <a href=\"https:\/\/www.facebook.com\/NicusorDan.ro\/\">Nicu\u0219or Dan<\/a> on&nbsp;<a href=\"https:\/\/www.facebook.com\/NicusorDan.ro\/posts\/3845302622213989\">Thursday, April 1, 2021<\/a><\/blockquote><\/div>\n\n\n\n<p><\/p>\n\n\n\n<p>Buletin de Bucure\u0219ti a scris \u00een vara anului 2020 <a href=\"https:\/\/buletin.de\/bucuresti\/instanta-a-decis-ca-dorina-lazar-fosta-directoare-a-teatrului-odeon-a-fost-demisa-ilegal-primaria-capitalei-refuza-sa-o-repuna-in-functie\/\">povestea actric\u021bei Dorina Laz\u0103r \u0219i lupta pe care a dus-o \u00een s\u0103lile de judecat\u0103<\/a> timp de trei ani cu fosta administra\u021bie Firea.<\/p>\n\n\n\n<p>&nbsp;Odat\u0103 cu venirea Gabrielei Firea la conducerea Capitalei au ap\u0103rut \u0219i multe opinii legate de ea, pro sau contra. Contabila angajat\u0103 la Teatrul Odeon din subordinea Prim\u0103riei Bucure\u0219ti f\u0103cea parte din categoria contra. Avea \u00een jur de 60 de ani c\u00e2nd \u0219i-a f\u0103cut profil de Facebook \u0219i a \u00eenceput s\u0103 dea comentarii \u0219i s\u0103 distribuie con\u021binut anti PSD \u0219i anti Firea.<\/p>\n\n\n\n<p>Consilierii din direc\u021bia de cultur\u0103 angaja\u021bi de Gabriela Firea au ac\u021bionat. Au chemat-o pe Dorina Laz\u0103r \u00een birou \u0219i, \u00een cuvintele aproximative pe care \u0219i le aminte\u0219te actri\u021ba, i-au spus: \u201e<em>Doamn\u0103, contabila dumneavoastr\u0103 e foarte vehement\u0103. N-a\u021bi putea s-o mai potoli\u021bi pu\u021bin?<\/em>\u201d. Directoarea Teatrului Odeon a refuzat.<\/p>\n\n\n\n<blockquote class=\"wp-block-quote is-layout-flow wp-block-quote-is-layout-flow\"><p>E o femeie la 60 de ani. Eu nu m\u0103 apuc s\u0103 bag pumnul \u00een gur\u0103 nim\u0103nui. Nu am nimic ce s\u0103-i repro\u0219ez \u00een materie de profesionalism, nimic, nimic. Am ie\u0219it bine la toate controalele. Ce face ea acas\u0103, ce face ea cu telefonul, asta este treaba ei.<\/p><cite>fosta directoare a Teatrului Odeon, Dorina Laz\u0103r<\/cite><\/blockquote>\n\n\n\n<p><\/p>\n\n\n\n<p>Corpul de Control din cadrul PMB a venit \u00een inspec\u021bie la teatru, dup\u0103 care au chemat-o pe Dorina Laz\u0103r \u00een fa\u021ba unei comisii unde i s-a repro\u0219at c\u00e2t de prost a condus Teatrul Odeon. \u0218efa cadrelor i-a atras din nou aten\u021bia cu privire la contabila \u201e<em>cam strident\u0103, care vorbe\u0219te, care posteaz\u0103<\/em>\u201d. O lun\u0103 mai t\u00e2rziu un func\u021bionar public a anun\u021bat-o pe doamna Laz\u0103r c\u0103 a fost demis\u0103.<\/p>\n\n\n\n<p>La 3 zile dup\u0103, directoarea de personal din PMB \u0219i Cristian \u0218ofron, actor la Teatrul Notarra la momentul respectiv, au intrat \u00een biroul Dorinei Laz\u0103r \u0219i i-au aruncat lucrurile. Cristian \u0218ofron a fost instalat \u00een func\u021bia de director pe care o exercit\u0103 \u0219i ast\u0103zi, de\u0219i judec\u0103toria a hot\u0103r\u00e2t cu mai bine de dou\u0103 luni \u00een urm\u0103 ca doamna Laz\u0103r s\u0103-\u0219i recapete pozi\u021bia. \u00cen 2017, \u00een momentul concedierii, cei din jurul ei i-au spus c\u0103 e un conflict de munc\u0103 care se va rezolva \u00een trei s\u0103pt\u0103m\u00e2ni.<\/p>\n\n\n\n<p>\u00cen iunie 2020 un judec\u0103tor a demonstrat c\u0103 primarul nu are competen\u021ba legal\u0103 de a dispune \u00eencetarea contractului de management, a\u0219a cum era contractul semnat de Dorina Laz\u0103r, dec\u00e2t \u00een condi\u021biile \u00een care Comisia Special\u0103 de Evaluare stabile\u0219te o evaluare anual\u0103 cu nota sub 7. Ori doamna Laz\u0103r a luat peste 9 \u00een anul \u00een care a fost demis\u0103. Conform legisla\u021biei \u00een vigoare, \u00een orice alt\u0103 situa\u021bie doar instan\u021ba de judecat\u0103 poate rezilia un astfel de contract.<\/p>\n","protected":false},"excerpt":{"rendered":"<p>Fosta directoare a Teatrului Odeon, Dorina Laz\u0103r, a fost repus\u0103 \u00een func\u021bie dup\u0103 ce aceasta a fost demis\u0103 abuziv \u00een 2017, a anun\u021bat Nicu\u0219or Dan. Instan\u021ba a decis anul trecut ca Dorina Laz\u0103r s\u0103 fie repus\u0103 \u00een func\u021bie, s\u0103 i se pl\u0103teasc\u0103 drepturilor salariale pentru perioada de suspendare \u0219i 1 leu daune morale, a\u0219a cum [&hellip;]<\/p>\n","protected":false},"author":6,"featured_media":10909,"comment_status":"closed","ping_status":"open","sticky":false,"template":"","format":"standard","meta":{"_acf_changed":false,"inline_featured_image":false,"ngg_post_thumbnail":0,"footnotes":""},"categories":[81,24,62],"tags":[1484,36,223,1485],"ppma_author":[22588],"class_list":["post-22859","post","type-post","status-publish","format-standard","has-post-thumbnail","hentry","category-cultura","category-primarie","category-stiri","tag-dorina-lazar","tag-gabriela-firea","tag-nicusor-dan","tag-teatru-odeon"],"acf":[],"yoast_head":"<!-- This site is optimized with the Yoast SEO Premium plugin v25.3 (Yoast SEO v27.4) - https:\/\/yoast.com\/product\/yoast-seo-premium-wordpress\/ -->\n<title>Fosta directoare a Teatrului Odeon, repus\u0103 \u00een func\u021bie dup\u0103 ce a fost demis\u0103 abuziv de Gabriela Firea - Buletin de Bucure\u0219ti<\/title>\n<meta name=\"robots\" content=\"index, follow, max-snippet:-1, max-image-preview:large, max-video-preview:-1\" \/>\n<link rel=\"canonical\" href=\"https:\/\/buletin.de\/bucuresti\/fosta-directoare-a-teatrului-odeon-repusa-in-functie-dupa-ce-a-fost-demisa-abuziv-de-gabriela-firea\/\" \/>\n<meta property=\"og:locale\" content=\"en_GB\" \/>\n<meta property=\"og:type\" content=\"article\" \/>\n<meta property=\"og:title\" content=\"Fosta directoare a Teatrului Odeon, repus\u0103 \u00een func\u021bie dup\u0103 ce a fost demis\u0103 abuziv de Gabriela Firea\" \/>\n<meta property=\"og:description\" content=\"Fosta directoare a Teatrului Odeon, Dorina Laz\u0103r, a fost repus\u0103 \u00een func\u021bie dup\u0103 ce aceasta a fost demis\u0103 abuziv \u00een 2017, a anun\u021bat Nicu\u0219or Dan. Instan\u021ba a decis anul trecut ca Dorina Laz\u0103r s\u0103 fie repus\u0103 \u00een func\u021bie, s\u0103 i se pl\u0103teasc\u0103 drepturilor salariale pentru perioada de suspendare \u0219i 1 leu daune morale, a\u0219a cum [&hellip;]\" \/>\n<meta property=\"og:url\" content=\"https:\/\/buletin.de\/bucuresti\/fosta-directoare-a-teatrului-odeon-repusa-in-functie-dupa-ce-a-fost-demisa-abuziv-de-gabriela-firea\/\" \/>\n<meta property=\"og:site_name\" content=\"Buletin de Bucure\u0219ti\" \/>\n<meta property=\"article:publisher\" content=\"https:\/\/www.facebook.com\/buletin.de.buc\" \/>\n<meta property=\"article:published_time\" content=\"2021-04-01T12:55:44+00:00\" \/>\n<meta property=\"article:modified_time\" content=\"2021-04-01T12:55:45+00:00\" \/>\n<meta property=\"og:image\" content=\"https:\/\/buletin.de\/bucuresti\/wp-content\/uploads\/BeFunky-collage-1-5-900x484.png\" \/>\n\t<meta property=\"og:image:width\" content=\"900\" \/>\n\t<meta property=\"og:image:height\" content=\"484\" \/>\n\t<meta property=\"og:image:type\" content=\"image\/png\" \/>\n<meta name=\"author\" content=\"Bianca Albu\" \/>\n<meta name=\"twitter:card\" content=\"summary_large_image\" \/>\n<meta name=\"twitter:label1\" content=\"Written by\" \/>\n\t<meta name=\"twitter:data1\" content=\"Bianca Albu\" \/>\n\t<meta name=\"twitter:label2\" content=\"Estimated reading time\" \/>\n\t<meta name=\"twitter:data2\" content=\"3 minutes\" \/>\n<script type=\"application\/ld+json\" class=\"yoast-schema-graph\">{\"@context\":\"https:\\\/\\\/schema.org\",\"@graph\":[{\"@type\":\"Article\",\"@id\":\"https:\\\/\\\/buletin.de\\\/bucuresti\\\/fosta-directoare-a-teatrului-odeon-repusa-in-functie-dupa-ce-a-fost-demisa-abuziv-de-gabriela-firea\\\/#article\",\"isPartOf\":{\"@id\":\"https:\\\/\\\/buletin.de\\\/bucuresti\\\/fosta-directoare-a-teatrului-odeon-repusa-in-functie-dupa-ce-a-fost-demisa-abuziv-de-gabriela-firea\\\/\"},\"author\":{\"name\":\"Bianca Albu\",\"@id\":\"https:\\\/\\\/buletin.de\\\/bucuresti\\\/#\\\/schema\\\/person\\\/295dc2228d2dc79294d636619468dc7f\"},\"headline\":\"Fosta directoare a Teatrului Odeon, repus\u0103 \u00een func\u021bie dup\u0103 ce a fost demis\u0103 abuziv de Gabriela Firea\",\"datePublished\":\"2021-04-01T12:55:44+00:00\",\"dateModified\":\"2021-04-01T12:55:45+00:00\",\"mainEntityOfPage\":{\"@id\":\"https:\\\/\\\/buletin.de\\\/bucuresti\\\/fosta-directoare-a-teatrului-odeon-repusa-in-functie-dupa-ce-a-fost-demisa-abuziv-de-gabriela-firea\\\/\"},\"wordCount\":609,\"publisher\":{\"@id\":\"https:\\\/\\\/buletin.de\\\/bucuresti\\\/#organization\"},\"image\":{\"@id\":\"https:\\\/\\\/buletin.de\\\/bucuresti\\\/fosta-directoare-a-teatrului-odeon-repusa-in-functie-dupa-ce-a-fost-demisa-abuziv-de-gabriela-firea\\\/#primaryimage\"},\"thumbnailUrl\":\"https:\\\/\\\/buletin.de\\\/bucuresti\\\/wp-content\\\/uploads\\\/BeFunky-collage-1-5.png\",\"keywords\":[\"dorina lazar\",\"gabriela firea\",\"nicusor dan\",\"teatru odeon\"],\"articleSection\":[\"Cultur\u0103\",\"Prim\u0103rie\",\"\u0218tiri\"],\"inLanguage\":\"en-GB\",\"copyrightYear\":\"2021\",\"copyrightHolder\":{\"@id\":\"https:\\\/\\\/buletin.de\\\/bucuresti\\\/#organization\"}},{\"@type\":\"WebPage\",\"@id\":\"https:\\\/\\\/buletin.de\\\/bucuresti\\\/fosta-directoare-a-teatrului-odeon-repusa-in-functie-dupa-ce-a-fost-demisa-abuziv-de-gabriela-firea\\\/\",\"url\":\"https:\\\/\\\/buletin.de\\\/bucuresti\\\/fosta-directoare-a-teatrului-odeon-repusa-in-functie-dupa-ce-a-fost-demisa-abuziv-de-gabriela-firea\\\/\",\"name\":\"Fosta directoare a Teatrului Odeon, repus\u0103 \u00een func\u021bie dup\u0103 ce a fost demis\u0103 abuziv de Gabriela Firea - Buletin de Bucure\u0219ti\",\"isPartOf\":{\"@id\":\"https:\\\/\\\/buletin.de\\\/bucuresti\\\/#website\"},\"primaryImageOfPage\":{\"@id\":\"https:\\\/\\\/buletin.de\\\/bucuresti\\\/fosta-directoare-a-teatrului-odeon-repusa-in-functie-dupa-ce-a-fost-demisa-abuziv-de-gabriela-firea\\\/#primaryimage\"},\"image\":{\"@id\":\"https:\\\/\\\/buletin.de\\\/bucuresti\\\/fosta-directoare-a-teatrului-odeon-repusa-in-functie-dupa-ce-a-fost-demisa-abuziv-de-gabriela-firea\\\/#primaryimage\"},\"thumbnailUrl\":\"https:\\\/\\\/buletin.de\\\/bucuresti\\\/wp-content\\\/uploads\\\/BeFunky-collage-1-5.png\",\"datePublished\":\"2021-04-01T12:55:44+00:00\",\"dateModified\":\"2021-04-01T12:55:45+00:00\",\"breadcrumb\":{\"@id\":\"https:\\\/\\\/buletin.de\\\/bucuresti\\\/fosta-directoare-a-teatrului-odeon-repusa-in-functie-dupa-ce-a-fost-demisa-abuziv-de-gabriela-firea\\\/#breadcrumb\"},\"inLanguage\":\"en-GB\",\"potentialAction\":[{\"@type\":\"ReadAction\",\"target\":[\"https:\\\/\\\/buletin.de\\\/bucuresti\\\/fosta-directoare-a-teatrului-odeon-repusa-in-functie-dupa-ce-a-fost-demisa-abuziv-de-gabriela-firea\\\/\"]}]},{\"@type\":\"ImageObject\",\"inLanguage\":\"en-GB\",\"@id\":\"https:\\\/\\\/buletin.de\\\/bucuresti\\\/fosta-directoare-a-teatrului-odeon-repusa-in-functie-dupa-ce-a-fost-demisa-abuziv-de-gabriela-firea\\\/#primaryimage\",\"url\":\"https:\\\/\\\/buletin.de\\\/bucuresti\\\/wp-content\\\/uploads\\\/BeFunky-collage-1-5.png\",\"contentUrl\":\"https:\\\/\\\/buletin.de\\\/bucuresti\\\/wp-content\\\/uploads\\\/BeFunky-collage-1-5.png\",\"width\":3264,\"height\":1757},{\"@type\":\"BreadcrumbList\",\"@id\":\"https:\\\/\\\/buletin.de\\\/bucuresti\\\/fosta-directoare-a-teatrului-odeon-repusa-in-functie-dupa-ce-a-fost-demisa-abuziv-de-gabriela-firea\\\/#breadcrumb\",\"itemListElement\":[{\"@type\":\"ListItem\",\"position\":1,\"name\":\"Acas\u0103\",\"item\":\"https:\\\/\\\/buletin.de\\\/bucuresti\\\/\"},{\"@type\":\"ListItem\",\"position\":2,\"name\":\"Fosta directoare a Teatrului Odeon, repus\u0103 \u00een func\u021bie dup\u0103 ce a fost demis\u0103 abuziv de Gabriela Firea\"}]},{\"@type\":\"WebSite\",\"@id\":\"https:\\\/\\\/buletin.de\\\/bucuresti\\\/#website\",\"url\":\"https:\\\/\\\/buletin.de\\\/bucuresti\\\/\",\"name\":\"Buletin de Bucure\u0219ti\",\"description\":\"\u0218tiri \u0219i investiga\u021bii esen\u021biale din capital\u0103\",\"publisher\":{\"@id\":\"https:\\\/\\\/buletin.de\\\/bucuresti\\\/#organization\"},\"potentialAction\":[{\"@type\":\"SearchAction\",\"target\":{\"@type\":\"EntryPoint\",\"urlTemplate\":\"https:\\\/\\\/buletin.de\\\/bucuresti\\\/?s={search_term_string}\"},\"query-input\":{\"@type\":\"PropertyValueSpecification\",\"valueRequired\":true,\"valueName\":\"search_term_string\"}}],\"inLanguage\":\"en-GB\"},{\"@type\":\"Organization\",\"@id\":\"https:\\\/\\\/buletin.de\\\/bucuresti\\\/#organization\",\"name\":\"Buletin de Bucure\u0219ti\",\"url\":\"https:\\\/\\\/buletin.de\\\/bucuresti\\\/\",\"logo\":{\"@type\":\"ImageObject\",\"inLanguage\":\"en-GB\",\"@id\":\"https:\\\/\\\/buletin.de\\\/bucuresti\\\/#\\\/schema\\\/logo\\\/image\\\/\",\"url\":\"https:\\\/\\\/buletin.de\\\/bucuresti\\\/wp-content\\\/uploads\\\/logo-bdb-full-wide-vernil-transparent.png\",\"contentUrl\":\"https:\\\/\\\/buletin.de\\\/bucuresti\\\/wp-content\\\/uploads\\\/logo-bdb-full-wide-vernil-transparent.png\",\"width\":1782,\"height\":626,\"caption\":\"Buletin de Bucure\u0219ti\"},\"image\":{\"@id\":\"https:\\\/\\\/buletin.de\\\/bucuresti\\\/#\\\/schema\\\/logo\\\/image\\\/\"},\"sameAs\":[\"https:\\\/\\\/www.facebook.com\\\/buletin.de.buc\",\"https:\\\/\\\/www.instagram.com\\\/buletinde.bucuresti\\\/\"]},{\"@type\":\"Person\",\"@id\":\"https:\\\/\\\/buletin.de\\\/bucuresti\\\/#\\\/schema\\\/person\\\/295dc2228d2dc79294d636619468dc7f\",\"name\":\"Bianca Albu\",\"image\":{\"@type\":\"ImageObject\",\"inLanguage\":\"en-GB\",\"@id\":\"https:\\\/\\\/secure.gravatar.com\\\/avatar\\\/3df2e34e20f529e6fd7be4311ee1f7c4ec4aa886971590baf6fa214b15743516?s=96&d=monsterid&r=gf541c715eeec409ce8101252a3c0d8a7\",\"url\":\"https:\\\/\\\/secure.gravatar.com\\\/avatar\\\/3df2e34e20f529e6fd7be4311ee1f7c4ec4aa886971590baf6fa214b15743516?s=96&d=monsterid&r=g\",\"contentUrl\":\"https:\\\/\\\/secure.gravatar.com\\\/avatar\\\/3df2e34e20f529e6fd7be4311ee1f7c4ec4aa886971590baf6fa214b15743516?s=96&d=monsterid&r=g\",\"caption\":\"Bianca Albu\"},\"description\":\"Reporter\",\"url\":\"https:\\\/\\\/buletin.de\\\/bucuresti\\\/author\\\/biancaalbu\\\/\"}]}<\/script>\n<!-- \/ Yoast SEO Premium plugin. -->","yoast_head_json":{"title":"Fosta directoare a Teatrului Odeon, repus\u0103 \u00een func\u021bie dup\u0103 ce a fost demis\u0103 abuziv de Gabriela Firea - Buletin de Bucure\u0219ti","robots":{"index":"index","follow":"follow","max-snippet":"max-snippet:-1","max-image-preview":"max-image-preview:large","max-video-preview":"max-video-preview:-1"},"canonical":"https:\/\/buletin.de\/bucuresti\/fosta-directoare-a-teatrului-odeon-repusa-in-functie-dupa-ce-a-fost-demisa-abuziv-de-gabriela-firea\/","og_locale":"en_GB","og_type":"article","og_title":"Fosta directoare a Teatrului Odeon, repus\u0103 \u00een func\u021bie dup\u0103 ce a fost demis\u0103 abuziv de Gabriela Firea","og_description":"Fosta directoare a Teatrului Odeon, Dorina Laz\u0103r, a fost repus\u0103 \u00een func\u021bie dup\u0103 ce aceasta a fost demis\u0103 abuziv \u00een 2017, a anun\u021bat Nicu\u0219or Dan. Instan\u021ba a decis anul trecut ca Dorina Laz\u0103r s\u0103 fie repus\u0103 \u00een func\u021bie, s\u0103 i se pl\u0103teasc\u0103 drepturilor salariale pentru perioada de suspendare \u0219i 1 leu daune morale, a\u0219a cum [&hellip;]","og_url":"https:\/\/buletin.de\/bucuresti\/fosta-directoare-a-teatrului-odeon-repusa-in-functie-dupa-ce-a-fost-demisa-abuziv-de-gabriela-firea\/","og_site_name":"Buletin de Bucure\u0219ti","article_publisher":"https:\/\/www.facebook.com\/buletin.de.buc","article_published_time":"2021-04-01T12:55:44+00:00","article_modified_time":"2021-04-01T12:55:45+00:00","og_image":[{"width":900,"height":484,"url":"https:\/\/buletin.de\/bucuresti\/wp-content\/uploads\/BeFunky-collage-1-5-900x484.png","type":"image\/png"}],"author":"Bianca Albu","twitter_card":"summary_large_image","twitter_misc":{"Written by":"Bianca Albu","Estimated reading time":"3 minutes"},"schema":{"@context":"https:\/\/schema.org","@graph":[{"@type":"Article","@id":"https:\/\/buletin.de\/bucuresti\/fosta-directoare-a-teatrului-odeon-repusa-in-functie-dupa-ce-a-fost-demisa-abuziv-de-gabriela-firea\/#article","isPartOf":{"@id":"https:\/\/buletin.de\/bucuresti\/fosta-directoare-a-teatrului-odeon-repusa-in-functie-dupa-ce-a-fost-demisa-abuziv-de-gabriela-firea\/"},"author":{"name":"Bianca Albu","@id":"https:\/\/buletin.de\/bucuresti\/#\/schema\/person\/295dc2228d2dc79294d636619468dc7f"},"headline":"Fosta directoare a Teatrului Odeon, repus\u0103 \u00een func\u021bie dup\u0103 ce a fost demis\u0103 abuziv de Gabriela Firea","datePublished":"2021-04-01T12:55:44+00:00","dateModified":"2021-04-01T12:55:45+00:00","mainEntityOfPage":{"@id":"https:\/\/buletin.de\/bucuresti\/fosta-directoare-a-teatrului-odeon-repusa-in-functie-dupa-ce-a-fost-demisa-abuziv-de-gabriela-firea\/"},"wordCount":609,"publisher":{"@id":"https:\/\/buletin.de\/bucuresti\/#organization"},"image":{"@id":"https:\/\/buletin.de\/bucuresti\/fosta-directoare-a-teatrului-odeon-repusa-in-functie-dupa-ce-a-fost-demisa-abuziv-de-gabriela-firea\/#primaryimage"},"thumbnailUrl":"https:\/\/buletin.de\/bucuresti\/wp-content\/uploads\/BeFunky-collage-1-5.png","keywords":["dorina lazar","gabriela firea","nicusor dan","teatru odeon"],"articleSection":["Cultur\u0103","Prim\u0103rie","\u0218tiri"],"inLanguage":"en-GB","copyrightYear":"2021","copyrightHolder":{"@id":"https:\/\/buletin.de\/bucuresti\/#organization"}},{"@type":"WebPage","@id":"https:\/\/buletin.de\/bucuresti\/fosta-directoare-a-teatrului-odeon-repusa-in-functie-dupa-ce-a-fost-demisa-abuziv-de-gabriela-firea\/","url":"https:\/\/buletin.de\/bucuresti\/fosta-directoare-a-teatrului-odeon-repusa-in-functie-dupa-ce-a-fost-demisa-abuziv-de-gabriela-firea\/","name":"Fosta directoare a Teatrului Odeon, repus\u0103 \u00een func\u021bie dup\u0103 ce a fost demis\u0103 abuziv de Gabriela Firea - Buletin de Bucure\u0219ti","isPartOf":{"@id":"https:\/\/buletin.de\/bucuresti\/#website"},"primaryImageOfPage":{"@id":"https:\/\/buletin.de\/bucuresti\/fosta-directoare-a-teatrului-odeon-repusa-in-functie-dupa-ce-a-fost-demisa-abuziv-de-gabriela-firea\/#primaryimage"},"image":{"@id":"https:\/\/buletin.de\/bucuresti\/fosta-directoare-a-teatrului-odeon-repusa-in-functie-dupa-ce-a-fost-demisa-abuziv-de-gabriela-firea\/#primaryimage"},"thumbnailUrl":"https:\/\/buletin.de\/bucuresti\/wp-content\/uploads\/BeFunky-collage-1-5.png","datePublished":"2021-04-01T12:55:44+00:00","dateModified":"2021-04-01T12:55:45+00:00","breadcrumb":{"@id":"https:\/\/buletin.de\/bucuresti\/fosta-directoare-a-teatrului-odeon-repusa-in-functie-dupa-ce-a-fost-demisa-abuziv-de-gabriela-firea\/#breadcrumb"},"inLanguage":"en-GB","potentialAction":[{"@type":"ReadAction","target":["https:\/\/buletin.de\/bucuresti\/fosta-directoare-a-teatrului-odeon-repusa-in-functie-dupa-ce-a-fost-demisa-abuziv-de-gabriela-firea\/"]}]},{"@type":"ImageObject","inLanguage":"en-GB","@id":"https:\/\/buletin.de\/bucuresti\/fosta-directoare-a-teatrului-odeon-repusa-in-functie-dupa-ce-a-fost-demisa-abuziv-de-gabriela-firea\/#primaryimage","url":"https:\/\/buletin.de\/bucuresti\/wp-content\/uploads\/BeFunky-collage-1-5.png","contentUrl":"https:\/\/buletin.de\/bucuresti\/wp-content\/uploads\/BeFunky-collage-1-5.png","width":3264,"height":1757},{"@type":"BreadcrumbList","@id":"https:\/\/buletin.de\/bucuresti\/fosta-directoare-a-teatrului-odeon-repusa-in-functie-dupa-ce-a-fost-demisa-abuziv-de-gabriela-firea\/#breadcrumb","itemListElement":[{"@type":"ListItem","position":1,"name":"Acas\u0103","item":"https:\/\/buletin.de\/bucuresti\/"},{"@type":"ListItem","position":2,"name":"Fosta directoare a Teatrului Odeon, repus\u0103 \u00een func\u021bie dup\u0103 ce a fost demis\u0103 abuziv de Gabriela Firea"}]},{"@type":"WebSite","@id":"https:\/\/buletin.de\/bucuresti\/#website","url":"https:\/\/buletin.de\/bucuresti\/","name":"Buletin de Bucure\u0219ti","description":"\u0218tiri \u0219i investiga\u021bii esen\u021biale din capital\u0103","publisher":{"@id":"https:\/\/buletin.de\/bucuresti\/#organization"},"potentialAction":[{"@type":"SearchAction","target":{"@type":"EntryPoint","urlTemplate":"https:\/\/buletin.de\/bucuresti\/?s={search_term_string}"},"query-input":{"@type":"PropertyValueSpecification","valueRequired":true,"valueName":"search_term_string"}}],"inLanguage":"en-GB"},{"@type":"Organization","@id":"https:\/\/buletin.de\/bucuresti\/#organization","name":"Buletin de Bucure\u0219ti","url":"https:\/\/buletin.de\/bucuresti\/","logo":{"@type":"ImageObject","inLanguage":"en-GB","@id":"https:\/\/buletin.de\/bucuresti\/#\/schema\/logo\/image\/","url":"https:\/\/buletin.de\/bucuresti\/wp-content\/uploads\/logo-bdb-full-wide-vernil-transparent.png","contentUrl":"https:\/\/buletin.de\/bucuresti\/wp-content\/uploads\/logo-bdb-full-wide-vernil-transparent.png","width":1782,"height":626,"caption":"Buletin de Bucure\u0219ti"},"image":{"@id":"https:\/\/buletin.de\/bucuresti\/#\/schema\/logo\/image\/"},"sameAs":["https:\/\/www.facebook.com\/buletin.de.buc","https:\/\/www.instagram.com\/buletinde.bucuresti\/"]},{"@type":"Person","@id":"https:\/\/buletin.de\/bucuresti\/#\/schema\/person\/295dc2228d2dc79294d636619468dc7f","name":"Bianca Albu","image":{"@type":"ImageObject","inLanguage":"en-GB","@id":"https:\/\/secure.gravatar.com\/avatar\/3df2e34e20f529e6fd7be4311ee1f7c4ec4aa886971590baf6fa214b15743516?s=96&d=monsterid&r=gf541c715eeec409ce8101252a3c0d8a7","url":"https:\/\/secure.gravatar.com\/avatar\/3df2e34e20f529e6fd7be4311ee1f7c4ec4aa886971590baf6fa214b15743516?s=96&d=monsterid&r=g","contentUrl":"https:\/\/secure.gravatar.com\/avatar\/3df2e34e20f529e6fd7be4311ee1f7c4ec4aa886971590baf6fa214b15743516?s=96&d=monsterid&r=g","caption":"Bianca Albu"},"description":"Reporter","url":"https:\/\/buletin.de\/bucuresti\/author\/biancaalbu\/"}]}},"authors":[{"term_id":22588,"user_id":6,"is_guest":0,"slug":"biancaalbu","display_name":"Bianca Albu","avatar_url":"https:\/\/secure.gravatar.com\/avatar\/3df2e34e20f529e6fd7be4311ee1f7c4ec4aa886971590baf6fa214b15743516?s=96&d=monsterid&r=g","0":null,"1":"","2":"","3":"","4":"","5":"","6":"","7":"","8":""}],"_links":{"self":[{"href":"https:\/\/buletin.de\/bucuresti\/wp-json\/wp\/v2\/posts\/22859","targetHints":{"allow":["GET"]}}],"collection":[{"href":"https:\/\/buletin.de\/bucuresti\/wp-json\/wp\/v2\/posts"}],"about":[{"href":"https:\/\/buletin.de\/bucuresti\/wp-json\/wp\/v2\/types\/post"}],"author":[{"embeddable":true,"href":"https:\/\/buletin.de\/bucuresti\/wp-json\/wp\/v2\/users\/6"}],"replies":[{"embeddable":true,"href":"https:\/\/buletin.de\/bucuresti\/wp-json\/wp\/v2\/comments?post=22859"}],"version-history":[{"count":2,"href":"https:\/\/buletin.de\/bucuresti\/wp-json\/wp\/v2\/posts\/22859\/revisions"}],"predecessor-version":[{"id":22861,"href":"https:\/\/buletin.de\/bucuresti\/wp-json\/wp\/v2\/posts\/22859\/revisions\/22861"}],"wp:featuredmedia":[{"embeddable":true,"href":"https:\/\/buletin.de\/bucuresti\/wp-json\/wp\/v2\/media\/10909"}],"wp:attachment":[{"href":"https:\/\/buletin.de\/bucuresti\/wp-json\/wp\/v2\/media?parent=22859"}],"wp:term":[{"taxonomy":"category","embeddable":true,"href":"https:\/\/buletin.de\/bucuresti\/wp-json\/wp\/v2\/categories?post=22859"},{"taxonomy":"post_tag","embeddable":true,"href":"https:\/\/buletin.de\/bucuresti\/wp-json\/wp\/v2\/tags?post=22859"},{"taxonomy":"author","embeddable":true,"href":"https:\/\/buletin.de\/bucuresti\/wp-json\/wp\/v2\/ppma_author?post=22859"}],"curies":[{"name":"wp","href":"https:\/\/api.w.org\/{rel}","templated":true}]}}