{"id":22844,"date":"2021-04-01T13:45:16","date_gmt":"2021-04-01T10:45:16","guid":{"rendered":"https:\/\/buletin.de\/bucuresti\/?p=22844"},"modified":"2021-04-01T13:48:59","modified_gmt":"2021-04-01T10:48:59","slug":"ciprian-ciucu-anunta-ca-dubleaza-investitiile-si-ca-face-restructurari-dgaspc-principala-institutie-vizata-vrem-sa-curatam-schema-de-personal","status":"publish","type":"post","link":"https:\/\/buletin.de\/bucuresti\/ciprian-ciucu-anunta-ca-dubleaza-investitiile-si-ca-face-restructurari-dgaspc-principala-institutie-vizata-vrem-sa-curatam-schema-de-personal\/","title":{"rendered":"Ciprian Ciucu anun\u021b\u0103 c\u0103 dubleaz\u0103 investi\u021biile \u0219i c\u0103 face restructur\u0103ri. DGASPC, principala institu\u021bie vizat\u0103: \u201cVrem s\u0103 cur\u0103\u021b\u0103m schema de personal\u201d"},"content":{"rendered":"\n<p><strong>Primarul Sectorului 6, Ciprian Ciucu a anun\u021bat c\u0103 \u00een proiectul de buget pe 2021 sunt prev\u0103zute investi\u021bii \u00een cuantum de 30% din total, o sum\u0103 dubl\u0103 fa\u021b\u0103 de bugetul anterior. Mai mult, o serie de institu\u021bii vor fi restructurate pentru \u201ca cur\u0103\u021ba schema de personal\u201d. &nbsp;<\/strong><\/p>\n\n\n\n<p>Direc\u0163ia General\u0103 de Asisten\u0163\u0103 Social\u0103 \u015fi Protec\u0163ia Copilului din sector este principala institu\u021bie vizat\u0103. Aceasta avea un buget de aproape 50 de milioane de euro \u0219i peste 1.000 de angaja\u021bi, la nivelul anului 2019.<\/p>\n\n\n\n<p>Institu\u021bia este condus\u0103 de Gabriela Schmutzer despre care <a href=\"https:\/\/pressone.ro\/bugetarii-care-castiga-mai-bine-decat-presedintele-romaniei\/\">PressOne<\/a> a dezv\u0103luit, \u00een 2017, c\u0103 este unul dintre cel mai bine pl\u0103ti\u021bi bugetari din Rom\u00e2nia, cu o leaf\u0103 de 16.500 de lei pe lun\u0103, peste cea a pre\u015fedintelui Klaus Iohannis, de 14.139 de lei, plus alte beneficii financiare ca urmare a unor \u201cactivit\u0103\u021bi \u00een cadrul proiectelor europene\u201d derulate de DGASPC Sector 6.<\/p>\n\n\n\n<p>\u201c<em>Noi deja ne-am f\u0103cut analizele interne. Problema este c\u0103 nu avem standarde de cost pe centre de servicii sociale \u0219i ceea ce vom face e s\u0103 cur\u0103\u021b\u0103m schema de personal pe baza analizei proprii, pentru c\u0103 primaria are capacitatea s\u0103 fac\u0103 analize proprii pe acest domeniu. \u00a0\u00cen prima etapa <strong>vor fi disponibiliza\u021bi 100 de oameni <\/strong>f\u0103r\u0103 a desfiin\u021ba niciun serviciu. Acolo salariile sunt mai mari, <strong>au fost posturi v\u00e2nate de-a lungul timpului \u0219i s-au acumulat posturi peste posturi.<\/strong> Salariul aici este mult mai mare dec\u00e2t media din celelalte institu\u021bii, plus multe alte sporuri. \u00a0Ace\u0219ti oameni pot s\u0103 mearg\u0103 s\u0103 lucreze \u0219i \u00een privat. Trebuie neap\u0103rat s\u0103 eficientiz\u0103m aceste costuri \u0219i aceste servicii<\/em>\u201d, a spus primarul Ciucu.<\/p>\n\n\n\n<figure class=\"wp-block-image size-large\"><img fetchpriority=\"high\" decoding=\"async\" width=\"900\" height=\"600\" src=\"data:image\/gif;base64,R0lGODlhAQABAAAAACH5BAEKAAEALAAAAAABAAEAAAICTAEAOw==\" data-src=\"https:\/\/buletin.de\/bucuresti\/wp-content\/uploads\/ID159650_INQUAM_Photos_Sabin_Cirstoveanu-900x600.jpg\" alt=\"\" class=\"wp-image-22846 lazyload\" data-sizes=\"auto\" data-srcset=\"https:\/\/buletin.de\/bucuresti\/wp-content\/uploads\/ID159650_INQUAM_Photos_Sabin_Cirstoveanu-900x600.jpg 900w, https:\/\/buletin.de\/bucuresti\/wp-content\/uploads\/ID159650_INQUAM_Photos_Sabin_Cirstoveanu-300x200.jpg 300w, https:\/\/buletin.de\/bucuresti\/wp-content\/uploads\/ID159650_INQUAM_Photos_Sabin_Cirstoveanu-768x512.jpg 768w, https:\/\/buletin.de\/bucuresti\/wp-content\/uploads\/ID159650_INQUAM_Photos_Sabin_Cirstoveanu-1536x1024.jpg 1536w, https:\/\/buletin.de\/bucuresti\/wp-content\/uploads\/ID159650_INQUAM_Photos_Sabin_Cirstoveanu-1060x706.jpg 1060w, https:\/\/buletin.de\/bucuresti\/wp-content\/uploads\/ID159650_INQUAM_Photos_Sabin_Cirstoveanu-550x367.jpg 550w, https:\/\/buletin.de\/bucuresti\/wp-content\/uploads\/ID159650_INQUAM_Photos_Sabin_Cirstoveanu-750x500.jpg 750w, https:\/\/buletin.de\/bucuresti\/wp-content\/uploads\/ID159650_INQUAM_Photos_Sabin_Cirstoveanu-1920x1280.jpg 1920w, https:\/\/buletin.de\/bucuresti\/wp-content\/uploads\/ID159650_INQUAM_Photos_Sabin_Cirstoveanu-1620x1080.jpg 1620w, https:\/\/buletin.de\/bucuresti\/wp-content\/uploads\/ID159650_INQUAM_Photos_Sabin_Cirstoveanu-600x400.jpg 600w, https:\/\/buletin.de\/bucuresti\/wp-content\/uploads\/ID159650_INQUAM_Photos_Sabin_Cirstoveanu.jpg 2000w\" sizes=\"(max-width: 900px) 100vw, 900px\" \/><figcaption>Cipriam Ciucu a anun\u021bat c\u0103 proiectul de buget va fi \u00een dezbatere public\u0103 p\u00e2n\u0103 pe 15 aprilie. (FOTO: Inquam Photos\/Sabin Cirstoveanu)<\/figcaption><\/figure>\n\n\n\n<p>Proiectul de buget, lansat ast\u0103zi \u00een dezbatere public\u0103, va fi supus la vot pe 15 aprilie \u0219i prevede \u00eenceperea investi\u021biilor ca parte a unor angajamente ale primarul Sectorului 6 pentru patru urm\u0103torii ani.<\/p>\n\n\n\n<p>Printre acestea se num\u0103r\u0103:<\/p>\n\n\n\n<ul class=\"wp-block-list\"><li><strong>Amenajarea pentru promenada si relaxare a digului Lacului Morii<\/strong><\/li><li><strong>Continuarea lucr\u0103rilor la Centrul Cultural Favorit<\/strong><\/li><li><strong>Amenajarea Cinematografului Giule\u0219ti<\/strong><\/li><li><strong>Amenajarea str\u0103zii Liniei(parc lung \u0219i verde)<\/strong><\/li><li><strong>Lucr\u0103ri peisagistice pe Bulevardul Drumul Taberei<\/strong><\/li><li><strong>Cai de acces noi: Drumul expres Valea Larg\u0103, prelungire Bulevardul Timi\u0219oara \u2013 DNCB, Bd. Preciziei- DNCB, Drumul Osiei, Drumul Ro\u021bii<\/strong><\/li><li><strong>\u00cenv\u0103\u021b\u0103m\u00e2nt(4 gr\u0103dini\u021be noi, 5 corpuri de \u0219coli noi, 7 unit\u0103\u021bi de \u00eenv\u0103\u021b\u0103m\u00e2nt eficientizate energetic, 21 de \u0219coli cu lucr\u0103ri pentru ob\u021binerea avizului ISU)<\/strong><\/li><li><strong>6 parc\u0103ri reziden\u021biale pentru biciclete, acoperite \u0219i securizate<\/strong><\/li><\/ul>\n\n\n\n<p>Proiectul de buget pe 2021 prevede chetuieli totale de aproximativ 260 milioane de euro.<\/p>\n","protected":false},"excerpt":{"rendered":"<p>Primarul Sectorului 6, Ciprian Ciucu a anun\u021bat c\u0103 \u00een proiectul de buget pe 2021 sunt prev\u0103zute investi\u021bii \u00een cuantum de 30% din total, o sum\u0103 dubl\u0103 fa\u021b\u0103 de bugetul anterior. Mai mult, o serie de institu\u021bii vor fi restructurate pentru \u201ca cur\u0103\u021ba schema de personal\u201d. &nbsp; Direc\u0163ia General\u0103 de Asisten\u0163\u0103 Social\u0103 \u015fi Protec\u0163ia Copilului din [&hellip;]<\/p>\n","protected":false},"author":10,"featured_media":22845,"comment_status":"closed","ping_status":"open","sticky":false,"template":"","format":"standard","meta":{"_acf_changed":false,"inline_featured_image":false,"ngg_post_thumbnail":0,"footnotes":""},"categories":[24],"tags":[1114,2385,868,1101],"ppma_author":[22575],"class_list":["post-22844","post","type-post","status-publish","format-standard","has-post-thumbnail","hentry","category-primarie","tag-ciucu","tag-dgaspc","tag-disponibilizari","tag-investitii"],"acf":[],"yoast_head":"<!-- This site is optimized with the Yoast SEO Premium plugin v25.3 (Yoast SEO v27.4) - https:\/\/yoast.com\/product\/yoast-seo-premium-wordpress\/ -->\n<title>Ciprian Ciucu anun\u021b\u0103 c\u0103 dubleaz\u0103 investi\u021biile \u0219i c\u0103 face restructur\u0103ri. DGASPC, principala institu\u021bie vizat\u0103: \u201cVrem s\u0103 cur\u0103\u021b\u0103m schema de personal\u201d - Buletin de Bucure\u0219ti<\/title>\n<meta name=\"robots\" content=\"index, follow, max-snippet:-1, max-image-preview:large, max-video-preview:-1\" \/>\n<link rel=\"canonical\" href=\"https:\/\/buletin.de\/bucuresti\/ciprian-ciucu-anunta-ca-dubleaza-investitiile-si-ca-face-restructurari-dgaspc-principala-institutie-vizata-vrem-sa-curatam-schema-de-personal\/\" \/>\n<meta property=\"og:locale\" content=\"en_GB\" \/>\n<meta property=\"og:type\" content=\"article\" \/>\n<meta property=\"og:title\" content=\"Ciprian Ciucu anun\u021b\u0103 c\u0103 dubleaz\u0103 investi\u021biile \u0219i c\u0103 face restructur\u0103ri. DGASPC, principala institu\u021bie vizat\u0103: \u201cVrem s\u0103 cur\u0103\u021b\u0103m schema de personal\u201d\" \/>\n<meta property=\"og:description\" content=\"Primarul Sectorului 6, Ciprian Ciucu a anun\u021bat c\u0103 \u00een proiectul de buget pe 2021 sunt prev\u0103zute investi\u021bii \u00een cuantum de 30% din total, o sum\u0103 dubl\u0103 fa\u021b\u0103 de bugetul anterior. Mai mult, o serie de institu\u021bii vor fi restructurate pentru \u201ca cur\u0103\u021ba schema de personal\u201d. &nbsp; Direc\u0163ia General\u0103 de Asisten\u0163\u0103 Social\u0103 \u015fi Protec\u0163ia Copilului din [&hellip;]\" \/>\n<meta property=\"og:url\" content=\"https:\/\/buletin.de\/bucuresti\/ciprian-ciucu-anunta-ca-dubleaza-investitiile-si-ca-face-restructurari-dgaspc-principala-institutie-vizata-vrem-sa-curatam-schema-de-personal\/\" \/>\n<meta property=\"og:site_name\" content=\"Buletin de Bucure\u0219ti\" \/>\n<meta property=\"article:publisher\" content=\"https:\/\/www.facebook.com\/buletin.de.buc\" \/>\n<meta property=\"article:published_time\" content=\"2021-04-01T10:45:16+00:00\" \/>\n<meta property=\"article:modified_time\" content=\"2021-04-01T10:48:59+00:00\" \/>\n<meta property=\"og:image\" content=\"https:\/\/buletin.de\/bucuresti\/wp-content\/uploads\/alocari-executie.jpeg\" \/>\n\t<meta property=\"og:image:width\" content=\"1053\" \/>\n\t<meta property=\"og:image:height\" content=\"578\" \/>\n\t<meta property=\"og:image:type\" content=\"image\/jpeg\" \/>\n<meta name=\"author\" content=\"C\u0103t\u0103lin Dosca\u0219\" \/>\n<meta name=\"twitter:card\" content=\"summary_large_image\" \/>\n<meta name=\"twitter:label1\" content=\"Written by\" \/>\n\t<meta name=\"twitter:data1\" content=\"C\u0103t\u0103lin Dosca\u0219\" \/>\n\t<meta name=\"twitter:label2\" content=\"Estimated reading time\" \/>\n\t<meta name=\"twitter:data2\" content=\"2 minutes\" \/>\n<script type=\"application\/ld+json\" class=\"yoast-schema-graph\">{\"@context\":\"https:\\\/\\\/schema.org\",\"@graph\":[{\"@type\":\"Article\",\"@id\":\"https:\\\/\\\/buletin.de\\\/bucuresti\\\/ciprian-ciucu-anunta-ca-dubleaza-investitiile-si-ca-face-restructurari-dgaspc-principala-institutie-vizata-vrem-sa-curatam-schema-de-personal\\\/#article\",\"isPartOf\":{\"@id\":\"https:\\\/\\\/buletin.de\\\/bucuresti\\\/ciprian-ciucu-anunta-ca-dubleaza-investitiile-si-ca-face-restructurari-dgaspc-principala-institutie-vizata-vrem-sa-curatam-schema-de-personal\\\/\"},\"author\":{\"name\":\"C\u0103t\u0103lin Dosca\u0219\",\"@id\":\"https:\\\/\\\/buletin.de\\\/bucuresti\\\/#\\\/schema\\\/person\\\/31117187ed4d0bdb0a4c7d6acc79d0f8\"},\"headline\":\"Ciprian Ciucu anun\u021b\u0103 c\u0103 dubleaz\u0103 investi\u021biile \u0219i c\u0103 face restructur\u0103ri. DGASPC, principala institu\u021bie vizat\u0103: \u201cVrem s\u0103 cur\u0103\u021b\u0103m schema de personal\u201d\",\"datePublished\":\"2021-04-01T10:45:16+00:00\",\"dateModified\":\"2021-04-01T10:48:59+00:00\",\"mainEntityOfPage\":{\"@id\":\"https:\\\/\\\/buletin.de\\\/bucuresti\\\/ciprian-ciucu-anunta-ca-dubleaza-investitiile-si-ca-face-restructurari-dgaspc-principala-institutie-vizata-vrem-sa-curatam-schema-de-personal\\\/\"},\"wordCount\":465,\"publisher\":{\"@id\":\"https:\\\/\\\/buletin.de\\\/bucuresti\\\/#organization\"},\"image\":{\"@id\":\"https:\\\/\\\/buletin.de\\\/bucuresti\\\/ciprian-ciucu-anunta-ca-dubleaza-investitiile-si-ca-face-restructurari-dgaspc-principala-institutie-vizata-vrem-sa-curatam-schema-de-personal\\\/#primaryimage\"},\"thumbnailUrl\":\"https:\\\/\\\/buletin.de\\\/bucuresti\\\/wp-content\\\/uploads\\\/alocari-executie.jpeg\",\"keywords\":[\"ciucu\",\"dgaspc\",\"disponibilizari\",\"investitii\"],\"articleSection\":[\"Prim\u0103rie\"],\"inLanguage\":\"en-GB\",\"copyrightYear\":\"2021\",\"copyrightHolder\":{\"@id\":\"https:\\\/\\\/buletin.de\\\/bucuresti\\\/#organization\"}},{\"@type\":\"WebPage\",\"@id\":\"https:\\\/\\\/buletin.de\\\/bucuresti\\\/ciprian-ciucu-anunta-ca-dubleaza-investitiile-si-ca-face-restructurari-dgaspc-principala-institutie-vizata-vrem-sa-curatam-schema-de-personal\\\/\",\"url\":\"https:\\\/\\\/buletin.de\\\/bucuresti\\\/ciprian-ciucu-anunta-ca-dubleaza-investitiile-si-ca-face-restructurari-dgaspc-principala-institutie-vizata-vrem-sa-curatam-schema-de-personal\\\/\",\"name\":\"Ciprian Ciucu anun\u021b\u0103 c\u0103 dubleaz\u0103 investi\u021biile \u0219i c\u0103 face restructur\u0103ri. DGASPC, principala institu\u021bie vizat\u0103: \u201cVrem s\u0103 cur\u0103\u021b\u0103m schema de personal\u201d - Buletin de Bucure\u0219ti\",\"isPartOf\":{\"@id\":\"https:\\\/\\\/buletin.de\\\/bucuresti\\\/#website\"},\"primaryImageOfPage\":{\"@id\":\"https:\\\/\\\/buletin.de\\\/bucuresti\\\/ciprian-ciucu-anunta-ca-dubleaza-investitiile-si-ca-face-restructurari-dgaspc-principala-institutie-vizata-vrem-sa-curatam-schema-de-personal\\\/#primaryimage\"},\"image\":{\"@id\":\"https:\\\/\\\/buletin.de\\\/bucuresti\\\/ciprian-ciucu-anunta-ca-dubleaza-investitiile-si-ca-face-restructurari-dgaspc-principala-institutie-vizata-vrem-sa-curatam-schema-de-personal\\\/#primaryimage\"},\"thumbnailUrl\":\"https:\\\/\\\/buletin.de\\\/bucuresti\\\/wp-content\\\/uploads\\\/alocari-executie.jpeg\",\"datePublished\":\"2021-04-01T10:45:16+00:00\",\"dateModified\":\"2021-04-01T10:48:59+00:00\",\"breadcrumb\":{\"@id\":\"https:\\\/\\\/buletin.de\\\/bucuresti\\\/ciprian-ciucu-anunta-ca-dubleaza-investitiile-si-ca-face-restructurari-dgaspc-principala-institutie-vizata-vrem-sa-curatam-schema-de-personal\\\/#breadcrumb\"},\"inLanguage\":\"en-GB\",\"potentialAction\":[{\"@type\":\"ReadAction\",\"target\":[\"https:\\\/\\\/buletin.de\\\/bucuresti\\\/ciprian-ciucu-anunta-ca-dubleaza-investitiile-si-ca-face-restructurari-dgaspc-principala-institutie-vizata-vrem-sa-curatam-schema-de-personal\\\/\"]}]},{\"@type\":\"ImageObject\",\"inLanguage\":\"en-GB\",\"@id\":\"https:\\\/\\\/buletin.de\\\/bucuresti\\\/ciprian-ciucu-anunta-ca-dubleaza-investitiile-si-ca-face-restructurari-dgaspc-principala-institutie-vizata-vrem-sa-curatam-schema-de-personal\\\/#primaryimage\",\"url\":\"https:\\\/\\\/buletin.de\\\/bucuresti\\\/wp-content\\\/uploads\\\/alocari-executie.jpeg\",\"contentUrl\":\"https:\\\/\\\/buletin.de\\\/bucuresti\\\/wp-content\\\/uploads\\\/alocari-executie.jpeg\",\"width\":1053,\"height\":578},{\"@type\":\"BreadcrumbList\",\"@id\":\"https:\\\/\\\/buletin.de\\\/bucuresti\\\/ciprian-ciucu-anunta-ca-dubleaza-investitiile-si-ca-face-restructurari-dgaspc-principala-institutie-vizata-vrem-sa-curatam-schema-de-personal\\\/#breadcrumb\",\"itemListElement\":[{\"@type\":\"ListItem\",\"position\":1,\"name\":\"Acas\u0103\",\"item\":\"https:\\\/\\\/buletin.de\\\/bucuresti\\\/\"},{\"@type\":\"ListItem\",\"position\":2,\"name\":\"Ciprian Ciucu anun\u021b\u0103 c\u0103 dubleaz\u0103 investi\u021biile \u0219i c\u0103 face restructur\u0103ri. DGASPC, principala institu\u021bie vizat\u0103: \u201cVrem s\u0103 cur\u0103\u021b\u0103m schema de personal\u201d\"}]},{\"@type\":\"WebSite\",\"@id\":\"https:\\\/\\\/buletin.de\\\/bucuresti\\\/#website\",\"url\":\"https:\\\/\\\/buletin.de\\\/bucuresti\\\/\",\"name\":\"Buletin de Bucure\u0219ti\",\"description\":\"\u0218tiri \u0219i investiga\u021bii esen\u021biale din capital\u0103\",\"publisher\":{\"@id\":\"https:\\\/\\\/buletin.de\\\/bucuresti\\\/#organization\"},\"potentialAction\":[{\"@type\":\"SearchAction\",\"target\":{\"@type\":\"EntryPoint\",\"urlTemplate\":\"https:\\\/\\\/buletin.de\\\/bucuresti\\\/?s={search_term_string}\"},\"query-input\":{\"@type\":\"PropertyValueSpecification\",\"valueRequired\":true,\"valueName\":\"search_term_string\"}}],\"inLanguage\":\"en-GB\"},{\"@type\":\"Organization\",\"@id\":\"https:\\\/\\\/buletin.de\\\/bucuresti\\\/#organization\",\"name\":\"Buletin de Bucure\u0219ti\",\"url\":\"https:\\\/\\\/buletin.de\\\/bucuresti\\\/\",\"logo\":{\"@type\":\"ImageObject\",\"inLanguage\":\"en-GB\",\"@id\":\"https:\\\/\\\/buletin.de\\\/bucuresti\\\/#\\\/schema\\\/logo\\\/image\\\/\",\"url\":\"https:\\\/\\\/buletin.de\\\/bucuresti\\\/wp-content\\\/uploads\\\/logo-bdb-full-wide-vernil-transparent.png\",\"contentUrl\":\"https:\\\/\\\/buletin.de\\\/bucuresti\\\/wp-content\\\/uploads\\\/logo-bdb-full-wide-vernil-transparent.png\",\"width\":1782,\"height\":626,\"caption\":\"Buletin de Bucure\u0219ti\"},\"image\":{\"@id\":\"https:\\\/\\\/buletin.de\\\/bucuresti\\\/#\\\/schema\\\/logo\\\/image\\\/\"},\"sameAs\":[\"https:\\\/\\\/www.facebook.com\\\/buletin.de.buc\",\"https:\\\/\\\/www.instagram.com\\\/buletinde.bucuresti\\\/\"]},{\"@type\":\"Person\",\"@id\":\"https:\\\/\\\/buletin.de\\\/bucuresti\\\/#\\\/schema\\\/person\\\/31117187ed4d0bdb0a4c7d6acc79d0f8\",\"name\":\"C\u0103t\u0103lin Dosca\u0219\",\"image\":{\"@type\":\"ImageObject\",\"inLanguage\":\"en-GB\",\"@id\":\"https:\\\/\\\/buletin.de\\\/bucuresti\\\/wp-content\\\/uploads\\\/Catalin-Doscas-e1732731064764-96x96.jpga93e2943bb3b1c1f9ead823df6e6317a\",\"url\":\"https:\\\/\\\/buletin.de\\\/bucuresti\\\/wp-content\\\/uploads\\\/Catalin-Doscas-e1732731064764-96x96.jpg\",\"contentUrl\":\"https:\\\/\\\/buletin.de\\\/bucuresti\\\/wp-content\\\/uploads\\\/Catalin-Doscas-e1732731064764-96x96.jpg\",\"caption\":\"C\u0103t\u0103lin Dosca\u0219\"},\"description\":\"Reporter \u0219i redactor-\u0219ef Buletin de Bucure\u0219ti. Lucreaz\u0103 \u00een mass-media de la v\u00e2rsta de 15 ani, c\u00e2nd a publicat primele articole \u00een presa local\u0103 din Tecuci. \u00cen Bucure\u0219ti a lucrat \u00een redac\u021bii radio ca reporter, redactor \u0219i prezentator (StudentFM, Na\u021bionalFM, Radio Total, Smart FM), unde a acoperit domeniile politic, economic, social \u0219i externe. Ulterior, a fost editor-coordonator al postului Realitatea FM. Experien\u021ba \u00een jurnalismul online a dob\u00e2ndit-o la portalul B365.ro, unde a fost editor. \u00cen 2012 s-a angajat \u00een televiziune. La Realitatea TV a fost, pe r\u00e2nd, reporter la sec\u021bia Social, reporter special la emisiunea de reportaje \u0219i anchete \u201eReporterii Realit\u0103\u021bii\u201d, dar \u0219i editor al jurnalelor de \u0219tiri. Ulterior, a f\u0103cut parte din sec\u021bia de Investiga\u021bii de la Digi24 \u0219i a lucrat la campania \u201eRom\u00e2nia furat\u0103\u201d. A revenit \u00een presa scris\u0103 \u00een 2017, ca reporter special, \u00een cadrul unui proiect de repozi\u021bionare a tabloidului Libertatea \u00een cotidian generalist. Este jurnalist Buletin de Bucure\u0219ti din 2019.\",\"url\":\"https:\\\/\\\/buletin.de\\\/bucuresti\\\/author\\\/catalin\\\/\"}]}<\/script>\n<!-- \/ Yoast SEO Premium plugin. -->","yoast_head_json":{"title":"Ciprian Ciucu anun\u021b\u0103 c\u0103 dubleaz\u0103 investi\u021biile \u0219i c\u0103 face restructur\u0103ri. DGASPC, principala institu\u021bie vizat\u0103: \u201cVrem s\u0103 cur\u0103\u021b\u0103m schema de personal\u201d - Buletin de Bucure\u0219ti","robots":{"index":"index","follow":"follow","max-snippet":"max-snippet:-1","max-image-preview":"max-image-preview:large","max-video-preview":"max-video-preview:-1"},"canonical":"https:\/\/buletin.de\/bucuresti\/ciprian-ciucu-anunta-ca-dubleaza-investitiile-si-ca-face-restructurari-dgaspc-principala-institutie-vizata-vrem-sa-curatam-schema-de-personal\/","og_locale":"en_GB","og_type":"article","og_title":"Ciprian Ciucu anun\u021b\u0103 c\u0103 dubleaz\u0103 investi\u021biile \u0219i c\u0103 face restructur\u0103ri. DGASPC, principala institu\u021bie vizat\u0103: \u201cVrem s\u0103 cur\u0103\u021b\u0103m schema de personal\u201d","og_description":"Primarul Sectorului 6, Ciprian Ciucu a anun\u021bat c\u0103 \u00een proiectul de buget pe 2021 sunt prev\u0103zute investi\u021bii \u00een cuantum de 30% din total, o sum\u0103 dubl\u0103 fa\u021b\u0103 de bugetul anterior. Mai mult, o serie de institu\u021bii vor fi restructurate pentru \u201ca cur\u0103\u021ba schema de personal\u201d. &nbsp; Direc\u0163ia General\u0103 de Asisten\u0163\u0103 Social\u0103 \u015fi Protec\u0163ia Copilului din [&hellip;]","og_url":"https:\/\/buletin.de\/bucuresti\/ciprian-ciucu-anunta-ca-dubleaza-investitiile-si-ca-face-restructurari-dgaspc-principala-institutie-vizata-vrem-sa-curatam-schema-de-personal\/","og_site_name":"Buletin de Bucure\u0219ti","article_publisher":"https:\/\/www.facebook.com\/buletin.de.buc","article_published_time":"2021-04-01T10:45:16+00:00","article_modified_time":"2021-04-01T10:48:59+00:00","og_image":[{"width":1053,"height":578,"url":"https:\/\/buletin.de\/bucuresti\/wp-content\/uploads\/alocari-executie.jpeg","type":"image\/jpeg"}],"author":"C\u0103t\u0103lin Dosca\u0219","twitter_card":"summary_large_image","twitter_misc":{"Written by":"C\u0103t\u0103lin Dosca\u0219","Estimated reading time":"2 minutes"},"schema":{"@context":"https:\/\/schema.org","@graph":[{"@type":"Article","@id":"https:\/\/buletin.de\/bucuresti\/ciprian-ciucu-anunta-ca-dubleaza-investitiile-si-ca-face-restructurari-dgaspc-principala-institutie-vizata-vrem-sa-curatam-schema-de-personal\/#article","isPartOf":{"@id":"https:\/\/buletin.de\/bucuresti\/ciprian-ciucu-anunta-ca-dubleaza-investitiile-si-ca-face-restructurari-dgaspc-principala-institutie-vizata-vrem-sa-curatam-schema-de-personal\/"},"author":{"name":"C\u0103t\u0103lin Dosca\u0219","@id":"https:\/\/buletin.de\/bucuresti\/#\/schema\/person\/31117187ed4d0bdb0a4c7d6acc79d0f8"},"headline":"Ciprian Ciucu anun\u021b\u0103 c\u0103 dubleaz\u0103 investi\u021biile \u0219i c\u0103 face restructur\u0103ri. DGASPC, principala institu\u021bie vizat\u0103: \u201cVrem s\u0103 cur\u0103\u021b\u0103m schema de personal\u201d","datePublished":"2021-04-01T10:45:16+00:00","dateModified":"2021-04-01T10:48:59+00:00","mainEntityOfPage":{"@id":"https:\/\/buletin.de\/bucuresti\/ciprian-ciucu-anunta-ca-dubleaza-investitiile-si-ca-face-restructurari-dgaspc-principala-institutie-vizata-vrem-sa-curatam-schema-de-personal\/"},"wordCount":465,"publisher":{"@id":"https:\/\/buletin.de\/bucuresti\/#organization"},"image":{"@id":"https:\/\/buletin.de\/bucuresti\/ciprian-ciucu-anunta-ca-dubleaza-investitiile-si-ca-face-restructurari-dgaspc-principala-institutie-vizata-vrem-sa-curatam-schema-de-personal\/#primaryimage"},"thumbnailUrl":"https:\/\/buletin.de\/bucuresti\/wp-content\/uploads\/alocari-executie.jpeg","keywords":["ciucu","dgaspc","disponibilizari","investitii"],"articleSection":["Prim\u0103rie"],"inLanguage":"en-GB","copyrightYear":"2021","copyrightHolder":{"@id":"https:\/\/buletin.de\/bucuresti\/#organization"}},{"@type":"WebPage","@id":"https:\/\/buletin.de\/bucuresti\/ciprian-ciucu-anunta-ca-dubleaza-investitiile-si-ca-face-restructurari-dgaspc-principala-institutie-vizata-vrem-sa-curatam-schema-de-personal\/","url":"https:\/\/buletin.de\/bucuresti\/ciprian-ciucu-anunta-ca-dubleaza-investitiile-si-ca-face-restructurari-dgaspc-principala-institutie-vizata-vrem-sa-curatam-schema-de-personal\/","name":"Ciprian Ciucu anun\u021b\u0103 c\u0103 dubleaz\u0103 investi\u021biile \u0219i c\u0103 face restructur\u0103ri. DGASPC, principala institu\u021bie vizat\u0103: \u201cVrem s\u0103 cur\u0103\u021b\u0103m schema de personal\u201d - Buletin de Bucure\u0219ti","isPartOf":{"@id":"https:\/\/buletin.de\/bucuresti\/#website"},"primaryImageOfPage":{"@id":"https:\/\/buletin.de\/bucuresti\/ciprian-ciucu-anunta-ca-dubleaza-investitiile-si-ca-face-restructurari-dgaspc-principala-institutie-vizata-vrem-sa-curatam-schema-de-personal\/#primaryimage"},"image":{"@id":"https:\/\/buletin.de\/bucuresti\/ciprian-ciucu-anunta-ca-dubleaza-investitiile-si-ca-face-restructurari-dgaspc-principala-institutie-vizata-vrem-sa-curatam-schema-de-personal\/#primaryimage"},"thumbnailUrl":"https:\/\/buletin.de\/bucuresti\/wp-content\/uploads\/alocari-executie.jpeg","datePublished":"2021-04-01T10:45:16+00:00","dateModified":"2021-04-01T10:48:59+00:00","breadcrumb":{"@id":"https:\/\/buletin.de\/bucuresti\/ciprian-ciucu-anunta-ca-dubleaza-investitiile-si-ca-face-restructurari-dgaspc-principala-institutie-vizata-vrem-sa-curatam-schema-de-personal\/#breadcrumb"},"inLanguage":"en-GB","potentialAction":[{"@type":"ReadAction","target":["https:\/\/buletin.de\/bucuresti\/ciprian-ciucu-anunta-ca-dubleaza-investitiile-si-ca-face-restructurari-dgaspc-principala-institutie-vizata-vrem-sa-curatam-schema-de-personal\/"]}]},{"@type":"ImageObject","inLanguage":"en-GB","@id":"https:\/\/buletin.de\/bucuresti\/ciprian-ciucu-anunta-ca-dubleaza-investitiile-si-ca-face-restructurari-dgaspc-principala-institutie-vizata-vrem-sa-curatam-schema-de-personal\/#primaryimage","url":"https:\/\/buletin.de\/bucuresti\/wp-content\/uploads\/alocari-executie.jpeg","contentUrl":"https:\/\/buletin.de\/bucuresti\/wp-content\/uploads\/alocari-executie.jpeg","width":1053,"height":578},{"@type":"BreadcrumbList","@id":"https:\/\/buletin.de\/bucuresti\/ciprian-ciucu-anunta-ca-dubleaza-investitiile-si-ca-face-restructurari-dgaspc-principala-institutie-vizata-vrem-sa-curatam-schema-de-personal\/#breadcrumb","itemListElement":[{"@type":"ListItem","position":1,"name":"Acas\u0103","item":"https:\/\/buletin.de\/bucuresti\/"},{"@type":"ListItem","position":2,"name":"Ciprian Ciucu anun\u021b\u0103 c\u0103 dubleaz\u0103 investi\u021biile \u0219i c\u0103 face restructur\u0103ri. DGASPC, principala institu\u021bie vizat\u0103: \u201cVrem s\u0103 cur\u0103\u021b\u0103m schema de personal\u201d"}]},{"@type":"WebSite","@id":"https:\/\/buletin.de\/bucuresti\/#website","url":"https:\/\/buletin.de\/bucuresti\/","name":"Buletin de Bucure\u0219ti","description":"\u0218tiri \u0219i investiga\u021bii esen\u021biale din capital\u0103","publisher":{"@id":"https:\/\/buletin.de\/bucuresti\/#organization"},"potentialAction":[{"@type":"SearchAction","target":{"@type":"EntryPoint","urlTemplate":"https:\/\/buletin.de\/bucuresti\/?s={search_term_string}"},"query-input":{"@type":"PropertyValueSpecification","valueRequired":true,"valueName":"search_term_string"}}],"inLanguage":"en-GB"},{"@type":"Organization","@id":"https:\/\/buletin.de\/bucuresti\/#organization","name":"Buletin de Bucure\u0219ti","url":"https:\/\/buletin.de\/bucuresti\/","logo":{"@type":"ImageObject","inLanguage":"en-GB","@id":"https:\/\/buletin.de\/bucuresti\/#\/schema\/logo\/image\/","url":"https:\/\/buletin.de\/bucuresti\/wp-content\/uploads\/logo-bdb-full-wide-vernil-transparent.png","contentUrl":"https:\/\/buletin.de\/bucuresti\/wp-content\/uploads\/logo-bdb-full-wide-vernil-transparent.png","width":1782,"height":626,"caption":"Buletin de Bucure\u0219ti"},"image":{"@id":"https:\/\/buletin.de\/bucuresti\/#\/schema\/logo\/image\/"},"sameAs":["https:\/\/www.facebook.com\/buletin.de.buc","https:\/\/www.instagram.com\/buletinde.bucuresti\/"]},{"@type":"Person","@id":"https:\/\/buletin.de\/bucuresti\/#\/schema\/person\/31117187ed4d0bdb0a4c7d6acc79d0f8","name":"C\u0103t\u0103lin Dosca\u0219","image":{"@type":"ImageObject","inLanguage":"en-GB","@id":"https:\/\/buletin.de\/bucuresti\/wp-content\/uploads\/Catalin-Doscas-e1732731064764-96x96.jpga93e2943bb3b1c1f9ead823df6e6317a","url":"https:\/\/buletin.de\/bucuresti\/wp-content\/uploads\/Catalin-Doscas-e1732731064764-96x96.jpg","contentUrl":"https:\/\/buletin.de\/bucuresti\/wp-content\/uploads\/Catalin-Doscas-e1732731064764-96x96.jpg","caption":"C\u0103t\u0103lin Dosca\u0219"},"description":"Reporter \u0219i redactor-\u0219ef Buletin de Bucure\u0219ti. Lucreaz\u0103 \u00een mass-media de la v\u00e2rsta de 15 ani, c\u00e2nd a publicat primele articole \u00een presa local\u0103 din Tecuci. \u00cen Bucure\u0219ti a lucrat \u00een redac\u021bii radio ca reporter, redactor \u0219i prezentator (StudentFM, Na\u021bionalFM, Radio Total, Smart FM), unde a acoperit domeniile politic, economic, social \u0219i externe. Ulterior, a fost editor-coordonator al postului Realitatea FM. Experien\u021ba \u00een jurnalismul online a dob\u00e2ndit-o la portalul B365.ro, unde a fost editor. \u00cen 2012 s-a angajat \u00een televiziune. La Realitatea TV a fost, pe r\u00e2nd, reporter la sec\u021bia Social, reporter special la emisiunea de reportaje \u0219i anchete \u201eReporterii Realit\u0103\u021bii\u201d, dar \u0219i editor al jurnalelor de \u0219tiri. Ulterior, a f\u0103cut parte din sec\u021bia de Investiga\u021bii de la Digi24 \u0219i a lucrat la campania \u201eRom\u00e2nia furat\u0103\u201d. A revenit \u00een presa scris\u0103 \u00een 2017, ca reporter special, \u00een cadrul unui proiect de repozi\u021bionare a tabloidului Libertatea \u00een cotidian generalist. Este jurnalist Buletin de Bucure\u0219ti din 2019.","url":"https:\/\/buletin.de\/bucuresti\/author\/catalin\/"}]}},"authors":[{"term_id":22575,"user_id":10,"is_guest":0,"slug":"catalin","display_name":"C\u0103t\u0103lin Dosca\u0219","avatar_url":"https:\/\/buletin.de\/bucuresti\/wp-content\/uploads\/Catalin-Doscas-e1732731064764-96x96.jpg","0":null,"1":"","2":"","3":"","4":"","5":"","6":"","7":"","8":""}],"_links":{"self":[{"href":"https:\/\/buletin.de\/bucuresti\/wp-json\/wp\/v2\/posts\/22844","targetHints":{"allow":["GET"]}}],"collection":[{"href":"https:\/\/buletin.de\/bucuresti\/wp-json\/wp\/v2\/posts"}],"about":[{"href":"https:\/\/buletin.de\/bucuresti\/wp-json\/wp\/v2\/types\/post"}],"author":[{"embeddable":true,"href":"https:\/\/buletin.de\/bucuresti\/wp-json\/wp\/v2\/users\/10"}],"replies":[{"embeddable":true,"href":"https:\/\/buletin.de\/bucuresti\/wp-json\/wp\/v2\/comments?post=22844"}],"version-history":[{"count":3,"href":"https:\/\/buletin.de\/bucuresti\/wp-json\/wp\/v2\/posts\/22844\/revisions"}],"predecessor-version":[{"id":22850,"href":"https:\/\/buletin.de\/bucuresti\/wp-json\/wp\/v2\/posts\/22844\/revisions\/22850"}],"wp:featuredmedia":[{"embeddable":true,"href":"https:\/\/buletin.de\/bucuresti\/wp-json\/wp\/v2\/media\/22845"}],"wp:attachment":[{"href":"https:\/\/buletin.de\/bucuresti\/wp-json\/wp\/v2\/media?parent=22844"}],"wp:term":[{"taxonomy":"category","embeddable":true,"href":"https:\/\/buletin.de\/bucuresti\/wp-json\/wp\/v2\/categories?post=22844"},{"taxonomy":"post_tag","embeddable":true,"href":"https:\/\/buletin.de\/bucuresti\/wp-json\/wp\/v2\/tags?post=22844"},{"taxonomy":"author","embeddable":true,"href":"https:\/\/buletin.de\/bucuresti\/wp-json\/wp\/v2\/ppma_author?post=22844"}],"curies":[{"name":"wp","href":"https:\/\/api.w.org\/{rel}","templated":true}]}}