{"id":22833,"date":"2021-04-01T10:33:58","date_gmt":"2021-04-01T07:33:58","guid":{"rendered":"https:\/\/buletin.de\/bucuresti\/?p=22833"},"modified":"2021-04-01T14:24:05","modified_gmt":"2021-04-01T11:24:05","slug":"cum-l-a-pacalit-drula-pe-radoi-sindicalistii-au-recunoscut-in-scris-ca-vineri-nu-a-fost-un-protest-spontan","status":"publish","type":"post","link":"https:\/\/buletin.de\/bucuresti\/cum-l-a-pacalit-drula-pe-radoi-sindicalistii-au-recunoscut-in-scris-ca-vineri-nu-a-fost-un-protest-spontan\/","title":{"rendered":"Cum l-a p\u0103c\u0103lit Drul\u0103 pe R\u0103doi: Sindicali\u0219tii au recunoscut \u00een scris c\u0103 vineri nu a fost un protest spontan"},"content":{"rendered":"\n<p><strong>\u00cen acela\u0219i proces verbal cu care sindicatului lui Ion R\u0103doi \u0219i-a clamat victoria \u00een spa\u021biul public \u00eempotriva ministrului Transporturilor, C\u0103t\u0103lin Drul\u0103, apar c\u00e2teva cuvinte cheie care \u00eenclin\u0103 balan\u021ba puternic \u00een cazul r\u0103zboiului de uzur\u0103 din subteran. \u201cOprirea voluntar\u0103 a lucrului\u201d este asumat\u0103 \u0219i semnat\u0103 de liderii sindicali, care au recunoscut oficial c\u0103 nu a fost vorba de un protest spontan, de\u0219i ini\u021bial aceasta era comunicarea oficial\u0103 dinspre USLM. Asta \u00eenseamn\u0103 \u00eenc\u0103lcarea a cel pu\u021bin dou\u0103 prevederi din Codul Muncii.<\/strong> <\/p>\n\n\n\n<p>Procesul-verbal a ap\u0103rut \u00een spa\u021biul public iar Unitatea \u2013 Sindicatul Liber Din Metrou(USLM) a anun\u021bat c\u0103 \u201cMetrorex nu va face disponibiliz\u0103ri\u201d, \u201cmic\u0219orarea salariilor se va discuta\u201d, \u201cUSLM este sindicatul reprezentativ\u201d \u0219i \u201cp\u0103r\u021bile convin c\u0103 nu vor fi ini\u021biate m\u0103suri disciplinare\u201d.<\/p>\n\n\n\n<p>\u201c<em>Dac\u0103 v\u0103 uita\u021bi o s\u0103 vede\u021bi ca ei au pus temele de discu\u021bie propuse ca \u0219i concluzii. Referitor la cercet\u0103rile interne, nu la cele penale, asta e o \u0219tire veche. A fost \u00een acordul de la Prefectur\u0103, \u00eenc\u0103 de vineri, c\u0103 o s\u0103pt\u0103m\u00e2na, p\u00e2n\u0103 pe 5 aprilie, s\u0103 fie suspendate eventualele cercet\u0103ri disciplinare interne. De luni se aplic\u0103 \u0219i aceste m\u0103suri disciplinare<\/em>\u201d, a declarat Drul\u0103 la conferin\u021ba de pres\u0103 organizat\u0103 la Guvern.<\/p>\n\n\n\n<p>Documentul, semnat \u00eentre conducerea Metrorex \u0219i sindicat, mai are \u00eens\u0103 o pagin\u0103. Acolo apare negru pe alb \u201c<strong>oprirea voluntar\u0103 a lucrului<\/strong>\u201d. Asta \u00een condi\u021biile \u00een care conflictul de munc\u0103 nu a fost declarat la Tribunal iar greva organizat\u0103, la care au participat angaja\u021bi afla\u021bi \u00een libere, a fost anun\u021bat\u0103 drept protest spontan.<\/p>\n\n\n\n<p>Dac\u0103 ar fi r\u0103mas oficial o adunare spontan\u0103, sindicali\u0219tii ar fi fost proteja\u021bi de Constitu\u021bia Rom\u00e2niei dar \u0219i de Conven\u021bia European\u0103 a Drepturilor Omului care garanteaz\u0103 libertatea \u00eentrunirilor. <\/p>\n\n\n\n<p>Or, potrivit Codului Muncii, grevele declan\u0219ate \u00een unit\u0103\u021bi care presteaz\u0103 servicii esen\u021biale pentru popula\u021bie, f\u0103r\u0103 asigurarea a cel pu\u021bin 1\/3 din activitate, sunt ilegale. <\/p>\n\n\n\n<p>Mai mult, protestul de vineri nu a fost precedat nici m\u0103car de o grev\u0103 de avertisment a\u0219a cum ar fi trebuit \u00een mod normal \u0219i \u00eencalc\u0103 \u0219i prevederile ordonan\u021bei privind instituirea st\u0103rii de alert\u0103. <\/p>\n\n\n\n<p>Potrivit acestui act normativ, &#8220;pe durata st\u0103rii de alert\u0103 <strong>se interzice declararea, declan\u0219area sau desf\u0103\u0219urarea <\/strong>conflictelor colective de munc\u0103 \u00een unit\u0103\u021bile sistemului energetic na\u021bional, [&#8230;] \u00een <strong>unit\u0103\u021bile care asigur\u0103 transportul \u00een comun<\/strong> \u0219i salubrizarea localit\u0103\u021bilor, precum \u0219i aprovizionarea popula\u021biei cu gaze, energie electric\u0103, c\u0103ldur\u0103 \u0219i ap\u0103\u201d.<\/p>\n\n\n\n<figure class=\"wp-block-image size-large\"><img fetchpriority=\"high\" decoding=\"async\" width=\"675\" height=\"900\" src=\"data:image\/gif;base64,R0lGODlhAQABAAAAACH5BAEKAAEALAAAAAABAAEAAAICTAEAOw==\" data-src=\"https:\/\/buletin.de\/bucuresti\/wp-content\/uploads\/167343634_10220903589871867_5031900943802998076_n-675x900.jpg\" alt=\"\" class=\"wp-image-22834 lazyload\" data-sizes=\"auto\" data-srcset=\"https:\/\/buletin.de\/bucuresti\/wp-content\/uploads\/167343634_10220903589871867_5031900943802998076_n-675x900.jpg 675w, https:\/\/buletin.de\/bucuresti\/wp-content\/uploads\/167343634_10220903589871867_5031900943802998076_n-225x300.jpg 225w, https:\/\/buletin.de\/bucuresti\/wp-content\/uploads\/167343634_10220903589871867_5031900943802998076_n-550x733.jpg 550w, https:\/\/buletin.de\/bucuresti\/wp-content\/uploads\/167343634_10220903589871867_5031900943802998076_n-375x500.jpg 375w, https:\/\/buletin.de\/bucuresti\/wp-content\/uploads\/167343634_10220903589871867_5031900943802998076_n-600x800.jpg 600w, https:\/\/buletin.de\/bucuresti\/wp-content\/uploads\/167343634_10220903589871867_5031900943802998076_n.jpg 720w\" sizes=\"(max-width: 675px) 100vw, 675px\" \/><figcaption>USLM a recunoscut \u00een scris c\u0103 nu a fost vorba de un protest spontan. (sursa: <strong><a href=\"https:\/\/www.facebook.com\/photo?fbid=10220903589831866&amp;set=a.1707931770484\">Cristina Sbirn<\/a><\/strong>)<\/figcaption><\/figure>\n\n\n\n<p>\u201c<em>Nu negociem legea. Chiar ei au semnat \u00eentr-un proces verbal ca ac\u021biunea de vineri a fost o oprire voluntar\u0103 a lucrului. Am cerut Tribunalului s\u0103 constate c\u0103 aceasta este o forma de grev\u0103 nelegal\u0103 \u0219i exist\u0103 o ac\u021biune de recuperare, prev\u0103zuta de lege, pentru aceste pagube<\/em>\u201d, a mai spus ministrul Transporturilor.<\/p>\n\n\n\n<p>Totodat\u0103, ministrul Transporturilor a mai precizat c\u0103 \u00een cazul \u00een care spa\u021biile comerciale de la metrou nu vor fi eliberate p\u00e2n\u0103 pe 2 aprilie, se va dispune evacuarea \u0219i apoi demolarea lor.<\/p>\n\n\n\n<p>CITE\u0218TE \u0218I<\/p>\n\n\n\n<p><a href=\"https:\/\/buletin.de\/bucuresti\/editorial-secretul-puterii-lui-ion-radoi\/\">EDITORIAL | Secretul puterii lui Ion R\u0103doi<\/a><\/p>\n\n\n\n<p><a href=\"https:\/\/buletin.de\/bucuresti\/ion-radoi-anunta-ca-are-sprijinul-sindicatelor-din-azerbaidjan-albania-bulgaria-moldova-si-turcia\/\">Ion R\u0103doi anun\u021b\u0103 c\u0103 are sprijinul sindicatelor din Azerbaidjan, Albania, Bulgaria, Moldova \u0219i Turcia<\/a><\/p>\n\n\n\n<p><a href=\"https:\/\/buletin.de\/bucuresti\/sindicatul-metrorex-cedeaza-4-din-incasarile-pentru-spatiile-comerciale-din-subteran-catre-companie-modificarea-propusa-scade-veniturile-la-60-pentru-organizatie\/\">Sindicatul Metrorex cedeaz\u0103 4% din \u00eencas\u0103rile pentru spa\u021biile comerciale din subteran c\u0103tre companie. Modificarea propus\u0103 scade veniturile la 60% pentru organiza\u021bie<\/a><\/p>\n\n\n\n<p><a href=\"https:\/\/buletin.de\/bucuresti\/exclusiv-paradisul-salarial-de-la-metrorex-al-13-lea-salariu-prime-de-craciun-8-martie-pasti-1-iunie-ziua-lucratorului-la-metrou-si-sporuri-de-pana-la-40-plus-alte-beneficii-pentru-sindicalis\/\">EXCLUSIV | Paradisul salarial de la Metrorex: al 13-lea salariu, prime de Cr\u0103ciun, 8 Martie, Pa\u0219ti, 1 Iunie, Ziua Lucr\u0103torului la Metrou \u0219i sporuri de p\u00e2n\u0103 la 40%. Plus alte beneficii pentru sindicali\u0219ti<\/a><\/p>\n\n\n\n<p><a href=\"https:\/\/buletin.de\/bucuresti\/conducerea-metrorex-se-solidarizeaza-cu-sindicatul-impotriva-ministrului-transporturilor\/\">Conducerea Metrorex se solidarizeaz\u0103 cu sindicatul \u00eempotriva ministrului Transporturilor: \u201c\u00cen mod normal, acest tip de comunicare nu ar trebui s\u0103 fie uzual\u201d<\/a><\/p>\n\n\n\n<p><a href=\"https:\/\/buletin.de\/bucuresti\/exclusiv-contractele-pentru-spatiile-comerciale-si-platile-catre-firma-sindicatului-de-la-metrorex-verificate-de-ministerul-transporturilor-mai-sunt-vizate-orele-suplimentare-si-contractele-de-mun\/\">EXCLUSIV | Contractele pentru spa\u021biile comerciale \u0219i pl\u0103\u021bile c\u0103tre firma sindicatului de la Metrorex, verificate de Ministerul Transporturilor. Mai sunt vizate orele suplimentare \u0219i contractele de munc\u0103<\/a><\/p>\n\n\n\n<p>FOTO: Inquam Photos\/Octav Ganea<\/p>\n","protected":false},"excerpt":{"rendered":"<p>\u00cen acela\u0219i proces verbal cu care sindicatului lui Ion R\u0103doi \u0219i-a clamat victoria \u00een spa\u021biul public \u00eempotriva ministrului Transporturilor, C\u0103t\u0103lin Drul\u0103, apar c\u00e2teva cuvinte cheie care \u00eenclin\u0103 balan\u021ba puternic \u00een cazul r\u0103zboiului de uzur\u0103 din subteran. \u201cOprirea voluntar\u0103 a lucrului\u201d este asumat\u0103 \u0219i semnat\u0103 de liderii sindicali, care au recunoscut oficial c\u0103 nu a fost [&hellip;]<\/p>\n","protected":false},"author":10,"featured_media":22836,"comment_status":"closed","ping_status":"open","sticky":false,"template":"","format":"standard","meta":{"_acf_changed":false,"inline_featured_image":false,"ngg_post_thumbnail":0,"footnotes":""},"categories":[650],"tags":[2514,2247,2442,1809],"ppma_author":[22575],"class_list":["post-22833","post","type-post","status-publish","format-standard","has-post-thumbnail","hentry","category-transport","tag-codul-muncii","tag-drula","tag-greva","tag-radoi"],"acf":[],"yoast_head":"<!-- This site is optimized with the Yoast SEO Premium plugin v25.3 (Yoast SEO v27.5) - https:\/\/yoast.com\/product\/yoast-seo-premium-wordpress\/ -->\n<title>Cum l-a p\u0103c\u0103lit Drul\u0103 pe R\u0103doi: Sindicali\u0219tii au recunoscut \u00een scris c\u0103 vineri nu a fost un protest spontan - Buletin de Bucure\u0219ti<\/title>\n<meta name=\"robots\" content=\"index, follow, max-snippet:-1, max-image-preview:large, max-video-preview:-1\" \/>\n<link rel=\"canonical\" href=\"https:\/\/buletin.de\/bucuresti\/cum-l-a-pacalit-drula-pe-radoi-sindicalistii-au-recunoscut-in-scris-ca-vineri-nu-a-fost-un-protest-spontan\/\" \/>\n<meta property=\"og:locale\" content=\"en_GB\" \/>\n<meta property=\"og:type\" content=\"article\" \/>\n<meta property=\"og:title\" content=\"Cum l-a p\u0103c\u0103lit Drul\u0103 pe R\u0103doi: Sindicali\u0219tii au recunoscut \u00een scris c\u0103 vineri nu a fost un protest spontan\" \/>\n<meta property=\"og:description\" content=\"\u00cen acela\u0219i proces verbal cu care sindicatului lui Ion R\u0103doi \u0219i-a clamat victoria \u00een spa\u021biul public \u00eempotriva ministrului Transporturilor, C\u0103t\u0103lin Drul\u0103, apar c\u00e2teva cuvinte cheie care \u00eenclin\u0103 balan\u021ba puternic \u00een cazul r\u0103zboiului de uzur\u0103 din subteran. \u201cOprirea voluntar\u0103 a lucrului\u201d este asumat\u0103 \u0219i semnat\u0103 de liderii sindicali, care au recunoscut oficial c\u0103 nu a fost [&hellip;]\" \/>\n<meta property=\"og:url\" content=\"https:\/\/buletin.de\/bucuresti\/cum-l-a-pacalit-drula-pe-radoi-sindicalistii-au-recunoscut-in-scris-ca-vineri-nu-a-fost-un-protest-spontan\/\" \/>\n<meta property=\"og:site_name\" content=\"Buletin de Bucure\u0219ti\" \/>\n<meta property=\"article:publisher\" content=\"https:\/\/www.facebook.com\/buletin.de.buc\" \/>\n<meta property=\"article:published_time\" content=\"2021-04-01T07:33:58+00:00\" \/>\n<meta property=\"article:modified_time\" content=\"2021-04-01T11:24:05+00:00\" \/>\n<meta property=\"og:image\" content=\"https:\/\/buletin.de\/bucuresti\/wp-content\/uploads\/drula.jpg\" \/>\n\t<meta property=\"og:image:width\" content=\"2425\" \/>\n\t<meta property=\"og:image:height\" content=\"1100\" \/>\n\t<meta property=\"og:image:type\" content=\"image\/jpeg\" \/>\n<meta name=\"author\" content=\"C\u0103t\u0103lin Dosca\u0219\" \/>\n<meta name=\"twitter:card\" content=\"summary_large_image\" \/>\n<meta name=\"twitter:label1\" content=\"Written by\" \/>\n\t<meta name=\"twitter:data1\" content=\"C\u0103t\u0103lin Dosca\u0219\" \/>\n\t<meta name=\"twitter:label2\" content=\"Estimated reading time\" \/>\n\t<meta name=\"twitter:data2\" content=\"3 minutes\" \/>\n<script type=\"application\/ld+json\" class=\"yoast-schema-graph\">{\"@context\":\"https:\\\/\\\/schema.org\",\"@graph\":[{\"@type\":\"Article\",\"@id\":\"https:\\\/\\\/buletin.de\\\/bucuresti\\\/cum-l-a-pacalit-drula-pe-radoi-sindicalistii-au-recunoscut-in-scris-ca-vineri-nu-a-fost-un-protest-spontan\\\/#article\",\"isPartOf\":{\"@id\":\"https:\\\/\\\/buletin.de\\\/bucuresti\\\/cum-l-a-pacalit-drula-pe-radoi-sindicalistii-au-recunoscut-in-scris-ca-vineri-nu-a-fost-un-protest-spontan\\\/\"},\"author\":{\"name\":\"C\u0103t\u0103lin Dosca\u0219\",\"@id\":\"https:\\\/\\\/buletin.de\\\/bucuresti\\\/#\\\/schema\\\/person\\\/31117187ed4d0bdb0a4c7d6acc79d0f8\"},\"headline\":\"Cum l-a p\u0103c\u0103lit Drul\u0103 pe R\u0103doi: Sindicali\u0219tii au recunoscut \u00een scris c\u0103 vineri nu a fost un protest spontan\",\"datePublished\":\"2021-04-01T07:33:58+00:00\",\"dateModified\":\"2021-04-01T11:24:05+00:00\",\"mainEntityOfPage\":{\"@id\":\"https:\\\/\\\/buletin.de\\\/bucuresti\\\/cum-l-a-pacalit-drula-pe-radoi-sindicalistii-au-recunoscut-in-scris-ca-vineri-nu-a-fost-un-protest-spontan\\\/\"},\"wordCount\":698,\"publisher\":{\"@id\":\"https:\\\/\\\/buletin.de\\\/bucuresti\\\/#organization\"},\"image\":{\"@id\":\"https:\\\/\\\/buletin.de\\\/bucuresti\\\/cum-l-a-pacalit-drula-pe-radoi-sindicalistii-au-recunoscut-in-scris-ca-vineri-nu-a-fost-un-protest-spontan\\\/#primaryimage\"},\"thumbnailUrl\":\"https:\\\/\\\/buletin.de\\\/bucuresti\\\/wp-content\\\/uploads\\\/drula.jpg\",\"keywords\":[\"codul muncii\",\"drula\",\"greva\",\"radoi\"],\"articleSection\":[\"Transport\"],\"inLanguage\":\"en-GB\",\"copyrightYear\":\"2021\",\"copyrightHolder\":{\"@id\":\"https:\\\/\\\/buletin.de\\\/bucuresti\\\/#organization\"}},{\"@type\":\"WebPage\",\"@id\":\"https:\\\/\\\/buletin.de\\\/bucuresti\\\/cum-l-a-pacalit-drula-pe-radoi-sindicalistii-au-recunoscut-in-scris-ca-vineri-nu-a-fost-un-protest-spontan\\\/\",\"url\":\"https:\\\/\\\/buletin.de\\\/bucuresti\\\/cum-l-a-pacalit-drula-pe-radoi-sindicalistii-au-recunoscut-in-scris-ca-vineri-nu-a-fost-un-protest-spontan\\\/\",\"name\":\"Cum l-a p\u0103c\u0103lit Drul\u0103 pe R\u0103doi: Sindicali\u0219tii au recunoscut \u00een scris c\u0103 vineri nu a fost un protest spontan - Buletin de Bucure\u0219ti\",\"isPartOf\":{\"@id\":\"https:\\\/\\\/buletin.de\\\/bucuresti\\\/#website\"},\"primaryImageOfPage\":{\"@id\":\"https:\\\/\\\/buletin.de\\\/bucuresti\\\/cum-l-a-pacalit-drula-pe-radoi-sindicalistii-au-recunoscut-in-scris-ca-vineri-nu-a-fost-un-protest-spontan\\\/#primaryimage\"},\"image\":{\"@id\":\"https:\\\/\\\/buletin.de\\\/bucuresti\\\/cum-l-a-pacalit-drula-pe-radoi-sindicalistii-au-recunoscut-in-scris-ca-vineri-nu-a-fost-un-protest-spontan\\\/#primaryimage\"},\"thumbnailUrl\":\"https:\\\/\\\/buletin.de\\\/bucuresti\\\/wp-content\\\/uploads\\\/drula.jpg\",\"datePublished\":\"2021-04-01T07:33:58+00:00\",\"dateModified\":\"2021-04-01T11:24:05+00:00\",\"breadcrumb\":{\"@id\":\"https:\\\/\\\/buletin.de\\\/bucuresti\\\/cum-l-a-pacalit-drula-pe-radoi-sindicalistii-au-recunoscut-in-scris-ca-vineri-nu-a-fost-un-protest-spontan\\\/#breadcrumb\"},\"inLanguage\":\"en-GB\",\"potentialAction\":[{\"@type\":\"ReadAction\",\"target\":[\"https:\\\/\\\/buletin.de\\\/bucuresti\\\/cum-l-a-pacalit-drula-pe-radoi-sindicalistii-au-recunoscut-in-scris-ca-vineri-nu-a-fost-un-protest-spontan\\\/\"]}]},{\"@type\":\"ImageObject\",\"inLanguage\":\"en-GB\",\"@id\":\"https:\\\/\\\/buletin.de\\\/bucuresti\\\/cum-l-a-pacalit-drula-pe-radoi-sindicalistii-au-recunoscut-in-scris-ca-vineri-nu-a-fost-un-protest-spontan\\\/#primaryimage\",\"url\":\"https:\\\/\\\/buletin.de\\\/bucuresti\\\/wp-content\\\/uploads\\\/drula.jpg\",\"contentUrl\":\"https:\\\/\\\/buletin.de\\\/bucuresti\\\/wp-content\\\/uploads\\\/drula.jpg\",\"width\":2425,\"height\":1100},{\"@type\":\"BreadcrumbList\",\"@id\":\"https:\\\/\\\/buletin.de\\\/bucuresti\\\/cum-l-a-pacalit-drula-pe-radoi-sindicalistii-au-recunoscut-in-scris-ca-vineri-nu-a-fost-un-protest-spontan\\\/#breadcrumb\",\"itemListElement\":[{\"@type\":\"ListItem\",\"position\":1,\"name\":\"Acas\u0103\",\"item\":\"https:\\\/\\\/buletin.de\\\/bucuresti\\\/\"},{\"@type\":\"ListItem\",\"position\":2,\"name\":\"Cum l-a p\u0103c\u0103lit Drul\u0103 pe R\u0103doi: Sindicali\u0219tii au recunoscut \u00een scris c\u0103 vineri nu a fost un protest spontan\"}]},{\"@type\":\"WebSite\",\"@id\":\"https:\\\/\\\/buletin.de\\\/bucuresti\\\/#website\",\"url\":\"https:\\\/\\\/buletin.de\\\/bucuresti\\\/\",\"name\":\"Buletin de Bucure\u0219ti\",\"description\":\"\u0218tiri \u0219i investiga\u021bii esen\u021biale din capital\u0103\",\"publisher\":{\"@id\":\"https:\\\/\\\/buletin.de\\\/bucuresti\\\/#organization\"},\"potentialAction\":[{\"@type\":\"SearchAction\",\"target\":{\"@type\":\"EntryPoint\",\"urlTemplate\":\"https:\\\/\\\/buletin.de\\\/bucuresti\\\/?s={search_term_string}\"},\"query-input\":{\"@type\":\"PropertyValueSpecification\",\"valueRequired\":true,\"valueName\":\"search_term_string\"}}],\"inLanguage\":\"en-GB\"},{\"@type\":\"Organization\",\"@id\":\"https:\\\/\\\/buletin.de\\\/bucuresti\\\/#organization\",\"name\":\"Buletin de Bucure\u0219ti\",\"url\":\"https:\\\/\\\/buletin.de\\\/bucuresti\\\/\",\"logo\":{\"@type\":\"ImageObject\",\"inLanguage\":\"en-GB\",\"@id\":\"https:\\\/\\\/buletin.de\\\/bucuresti\\\/#\\\/schema\\\/logo\\\/image\\\/\",\"url\":\"https:\\\/\\\/buletin.de\\\/bucuresti\\\/wp-content\\\/uploads\\\/logo-bdb-full-wide-vernil-transparent.png\",\"contentUrl\":\"https:\\\/\\\/buletin.de\\\/bucuresti\\\/wp-content\\\/uploads\\\/logo-bdb-full-wide-vernil-transparent.png\",\"width\":1782,\"height\":626,\"caption\":\"Buletin de Bucure\u0219ti\"},\"image\":{\"@id\":\"https:\\\/\\\/buletin.de\\\/bucuresti\\\/#\\\/schema\\\/logo\\\/image\\\/\"},\"sameAs\":[\"https:\\\/\\\/www.facebook.com\\\/buletin.de.buc\",\"https:\\\/\\\/www.instagram.com\\\/buletinde.bucuresti\\\/\"]},{\"@type\":\"Person\",\"@id\":\"https:\\\/\\\/buletin.de\\\/bucuresti\\\/#\\\/schema\\\/person\\\/31117187ed4d0bdb0a4c7d6acc79d0f8\",\"name\":\"C\u0103t\u0103lin Dosca\u0219\",\"image\":{\"@type\":\"ImageObject\",\"inLanguage\":\"en-GB\",\"@id\":\"https:\\\/\\\/buletin.de\\\/bucuresti\\\/wp-content\\\/uploads\\\/Catalin-Doscas-e1732731064764-96x96.jpga93e2943bb3b1c1f9ead823df6e6317a\",\"url\":\"https:\\\/\\\/buletin.de\\\/bucuresti\\\/wp-content\\\/uploads\\\/Catalin-Doscas-e1732731064764-96x96.jpg\",\"contentUrl\":\"https:\\\/\\\/buletin.de\\\/bucuresti\\\/wp-content\\\/uploads\\\/Catalin-Doscas-e1732731064764-96x96.jpg\",\"caption\":\"C\u0103t\u0103lin Dosca\u0219\"},\"description\":\"Reporter \u0219i redactor-\u0219ef Buletin de Bucure\u0219ti. Lucreaz\u0103 \u00een mass-media de la v\u00e2rsta de 15 ani, c\u00e2nd a publicat primele articole \u00een presa local\u0103 din Tecuci. \u00cen Bucure\u0219ti a lucrat \u00een redac\u021bii radio ca reporter, redactor \u0219i prezentator (StudentFM, Na\u021bionalFM, Radio Total, Smart FM), unde a acoperit domeniile politic, economic, social \u0219i externe. Ulterior, a fost editor-coordonator al postului Realitatea FM. Experien\u021ba \u00een jurnalismul online a dob\u00e2ndit-o la portalul B365.ro, unde a fost editor. \u00cen 2012 s-a angajat \u00een televiziune. La Realitatea TV a fost, pe r\u00e2nd, reporter la sec\u021bia Social, reporter special la emisiunea de reportaje \u0219i anchete \u201eReporterii Realit\u0103\u021bii\u201d, dar \u0219i editor al jurnalelor de \u0219tiri. Ulterior, a f\u0103cut parte din sec\u021bia de Investiga\u021bii de la Digi24 \u0219i a lucrat la campania \u201eRom\u00e2nia furat\u0103\u201d. A revenit \u00een presa scris\u0103 \u00een 2017, ca reporter special, \u00een cadrul unui proiect de repozi\u021bionare a tabloidului Libertatea \u00een cotidian generalist. Este jurnalist Buletin de Bucure\u0219ti din 2019.\",\"url\":\"https:\\\/\\\/buletin.de\\\/bucuresti\\\/author\\\/catalin\\\/\"}]}<\/script>\n<!-- \/ Yoast SEO Premium plugin. -->","yoast_head_json":{"title":"Cum l-a p\u0103c\u0103lit Drul\u0103 pe R\u0103doi: Sindicali\u0219tii au recunoscut \u00een scris c\u0103 vineri nu a fost un protest spontan - Buletin de Bucure\u0219ti","robots":{"index":"index","follow":"follow","max-snippet":"max-snippet:-1","max-image-preview":"max-image-preview:large","max-video-preview":"max-video-preview:-1"},"canonical":"https:\/\/buletin.de\/bucuresti\/cum-l-a-pacalit-drula-pe-radoi-sindicalistii-au-recunoscut-in-scris-ca-vineri-nu-a-fost-un-protest-spontan\/","og_locale":"en_GB","og_type":"article","og_title":"Cum l-a p\u0103c\u0103lit Drul\u0103 pe R\u0103doi: Sindicali\u0219tii au recunoscut \u00een scris c\u0103 vineri nu a fost un protest spontan","og_description":"\u00cen acela\u0219i proces verbal cu care sindicatului lui Ion R\u0103doi \u0219i-a clamat victoria \u00een spa\u021biul public \u00eempotriva ministrului Transporturilor, C\u0103t\u0103lin Drul\u0103, apar c\u00e2teva cuvinte cheie care \u00eenclin\u0103 balan\u021ba puternic \u00een cazul r\u0103zboiului de uzur\u0103 din subteran. \u201cOprirea voluntar\u0103 a lucrului\u201d este asumat\u0103 \u0219i semnat\u0103 de liderii sindicali, care au recunoscut oficial c\u0103 nu a fost [&hellip;]","og_url":"https:\/\/buletin.de\/bucuresti\/cum-l-a-pacalit-drula-pe-radoi-sindicalistii-au-recunoscut-in-scris-ca-vineri-nu-a-fost-un-protest-spontan\/","og_site_name":"Buletin de Bucure\u0219ti","article_publisher":"https:\/\/www.facebook.com\/buletin.de.buc","article_published_time":"2021-04-01T07:33:58+00:00","article_modified_time":"2021-04-01T11:24:05+00:00","og_image":[{"width":2425,"height":1100,"url":"https:\/\/buletin.de\/bucuresti\/wp-content\/uploads\/drula.jpg","type":"image\/jpeg"}],"author":"C\u0103t\u0103lin Dosca\u0219","twitter_card":"summary_large_image","twitter_misc":{"Written by":"C\u0103t\u0103lin Dosca\u0219","Estimated reading time":"3 minutes"},"schema":{"@context":"https:\/\/schema.org","@graph":[{"@type":"Article","@id":"https:\/\/buletin.de\/bucuresti\/cum-l-a-pacalit-drula-pe-radoi-sindicalistii-au-recunoscut-in-scris-ca-vineri-nu-a-fost-un-protest-spontan\/#article","isPartOf":{"@id":"https:\/\/buletin.de\/bucuresti\/cum-l-a-pacalit-drula-pe-radoi-sindicalistii-au-recunoscut-in-scris-ca-vineri-nu-a-fost-un-protest-spontan\/"},"author":{"name":"C\u0103t\u0103lin Dosca\u0219","@id":"https:\/\/buletin.de\/bucuresti\/#\/schema\/person\/31117187ed4d0bdb0a4c7d6acc79d0f8"},"headline":"Cum l-a p\u0103c\u0103lit Drul\u0103 pe R\u0103doi: Sindicali\u0219tii au recunoscut \u00een scris c\u0103 vineri nu a fost un protest spontan","datePublished":"2021-04-01T07:33:58+00:00","dateModified":"2021-04-01T11:24:05+00:00","mainEntityOfPage":{"@id":"https:\/\/buletin.de\/bucuresti\/cum-l-a-pacalit-drula-pe-radoi-sindicalistii-au-recunoscut-in-scris-ca-vineri-nu-a-fost-un-protest-spontan\/"},"wordCount":698,"publisher":{"@id":"https:\/\/buletin.de\/bucuresti\/#organization"},"image":{"@id":"https:\/\/buletin.de\/bucuresti\/cum-l-a-pacalit-drula-pe-radoi-sindicalistii-au-recunoscut-in-scris-ca-vineri-nu-a-fost-un-protest-spontan\/#primaryimage"},"thumbnailUrl":"https:\/\/buletin.de\/bucuresti\/wp-content\/uploads\/drula.jpg","keywords":["codul muncii","drula","greva","radoi"],"articleSection":["Transport"],"inLanguage":"en-GB","copyrightYear":"2021","copyrightHolder":{"@id":"https:\/\/buletin.de\/bucuresti\/#organization"}},{"@type":"WebPage","@id":"https:\/\/buletin.de\/bucuresti\/cum-l-a-pacalit-drula-pe-radoi-sindicalistii-au-recunoscut-in-scris-ca-vineri-nu-a-fost-un-protest-spontan\/","url":"https:\/\/buletin.de\/bucuresti\/cum-l-a-pacalit-drula-pe-radoi-sindicalistii-au-recunoscut-in-scris-ca-vineri-nu-a-fost-un-protest-spontan\/","name":"Cum l-a p\u0103c\u0103lit Drul\u0103 pe R\u0103doi: Sindicali\u0219tii au recunoscut \u00een scris c\u0103 vineri nu a fost un protest spontan - Buletin de Bucure\u0219ti","isPartOf":{"@id":"https:\/\/buletin.de\/bucuresti\/#website"},"primaryImageOfPage":{"@id":"https:\/\/buletin.de\/bucuresti\/cum-l-a-pacalit-drula-pe-radoi-sindicalistii-au-recunoscut-in-scris-ca-vineri-nu-a-fost-un-protest-spontan\/#primaryimage"},"image":{"@id":"https:\/\/buletin.de\/bucuresti\/cum-l-a-pacalit-drula-pe-radoi-sindicalistii-au-recunoscut-in-scris-ca-vineri-nu-a-fost-un-protest-spontan\/#primaryimage"},"thumbnailUrl":"https:\/\/buletin.de\/bucuresti\/wp-content\/uploads\/drula.jpg","datePublished":"2021-04-01T07:33:58+00:00","dateModified":"2021-04-01T11:24:05+00:00","breadcrumb":{"@id":"https:\/\/buletin.de\/bucuresti\/cum-l-a-pacalit-drula-pe-radoi-sindicalistii-au-recunoscut-in-scris-ca-vineri-nu-a-fost-un-protest-spontan\/#breadcrumb"},"inLanguage":"en-GB","potentialAction":[{"@type":"ReadAction","target":["https:\/\/buletin.de\/bucuresti\/cum-l-a-pacalit-drula-pe-radoi-sindicalistii-au-recunoscut-in-scris-ca-vineri-nu-a-fost-un-protest-spontan\/"]}]},{"@type":"ImageObject","inLanguage":"en-GB","@id":"https:\/\/buletin.de\/bucuresti\/cum-l-a-pacalit-drula-pe-radoi-sindicalistii-au-recunoscut-in-scris-ca-vineri-nu-a-fost-un-protest-spontan\/#primaryimage","url":"https:\/\/buletin.de\/bucuresti\/wp-content\/uploads\/drula.jpg","contentUrl":"https:\/\/buletin.de\/bucuresti\/wp-content\/uploads\/drula.jpg","width":2425,"height":1100},{"@type":"BreadcrumbList","@id":"https:\/\/buletin.de\/bucuresti\/cum-l-a-pacalit-drula-pe-radoi-sindicalistii-au-recunoscut-in-scris-ca-vineri-nu-a-fost-un-protest-spontan\/#breadcrumb","itemListElement":[{"@type":"ListItem","position":1,"name":"Acas\u0103","item":"https:\/\/buletin.de\/bucuresti\/"},{"@type":"ListItem","position":2,"name":"Cum l-a p\u0103c\u0103lit Drul\u0103 pe R\u0103doi: Sindicali\u0219tii au recunoscut \u00een scris c\u0103 vineri nu a fost un protest spontan"}]},{"@type":"WebSite","@id":"https:\/\/buletin.de\/bucuresti\/#website","url":"https:\/\/buletin.de\/bucuresti\/","name":"Buletin de Bucure\u0219ti","description":"\u0218tiri \u0219i investiga\u021bii esen\u021biale din capital\u0103","publisher":{"@id":"https:\/\/buletin.de\/bucuresti\/#organization"},"potentialAction":[{"@type":"SearchAction","target":{"@type":"EntryPoint","urlTemplate":"https:\/\/buletin.de\/bucuresti\/?s={search_term_string}"},"query-input":{"@type":"PropertyValueSpecification","valueRequired":true,"valueName":"search_term_string"}}],"inLanguage":"en-GB"},{"@type":"Organization","@id":"https:\/\/buletin.de\/bucuresti\/#organization","name":"Buletin de Bucure\u0219ti","url":"https:\/\/buletin.de\/bucuresti\/","logo":{"@type":"ImageObject","inLanguage":"en-GB","@id":"https:\/\/buletin.de\/bucuresti\/#\/schema\/logo\/image\/","url":"https:\/\/buletin.de\/bucuresti\/wp-content\/uploads\/logo-bdb-full-wide-vernil-transparent.png","contentUrl":"https:\/\/buletin.de\/bucuresti\/wp-content\/uploads\/logo-bdb-full-wide-vernil-transparent.png","width":1782,"height":626,"caption":"Buletin de Bucure\u0219ti"},"image":{"@id":"https:\/\/buletin.de\/bucuresti\/#\/schema\/logo\/image\/"},"sameAs":["https:\/\/www.facebook.com\/buletin.de.buc","https:\/\/www.instagram.com\/buletinde.bucuresti\/"]},{"@type":"Person","@id":"https:\/\/buletin.de\/bucuresti\/#\/schema\/person\/31117187ed4d0bdb0a4c7d6acc79d0f8","name":"C\u0103t\u0103lin Dosca\u0219","image":{"@type":"ImageObject","inLanguage":"en-GB","@id":"https:\/\/buletin.de\/bucuresti\/wp-content\/uploads\/Catalin-Doscas-e1732731064764-96x96.jpga93e2943bb3b1c1f9ead823df6e6317a","url":"https:\/\/buletin.de\/bucuresti\/wp-content\/uploads\/Catalin-Doscas-e1732731064764-96x96.jpg","contentUrl":"https:\/\/buletin.de\/bucuresti\/wp-content\/uploads\/Catalin-Doscas-e1732731064764-96x96.jpg","caption":"C\u0103t\u0103lin Dosca\u0219"},"description":"Reporter \u0219i redactor-\u0219ef Buletin de Bucure\u0219ti. Lucreaz\u0103 \u00een mass-media de la v\u00e2rsta de 15 ani, c\u00e2nd a publicat primele articole \u00een presa local\u0103 din Tecuci. \u00cen Bucure\u0219ti a lucrat \u00een redac\u021bii radio ca reporter, redactor \u0219i prezentator (StudentFM, Na\u021bionalFM, Radio Total, Smart FM), unde a acoperit domeniile politic, economic, social \u0219i externe. Ulterior, a fost editor-coordonator al postului Realitatea FM. Experien\u021ba \u00een jurnalismul online a dob\u00e2ndit-o la portalul B365.ro, unde a fost editor. \u00cen 2012 s-a angajat \u00een televiziune. La Realitatea TV a fost, pe r\u00e2nd, reporter la sec\u021bia Social, reporter special la emisiunea de reportaje \u0219i anchete \u201eReporterii Realit\u0103\u021bii\u201d, dar \u0219i editor al jurnalelor de \u0219tiri. Ulterior, a f\u0103cut parte din sec\u021bia de Investiga\u021bii de la Digi24 \u0219i a lucrat la campania \u201eRom\u00e2nia furat\u0103\u201d. A revenit \u00een presa scris\u0103 \u00een 2017, ca reporter special, \u00een cadrul unui proiect de repozi\u021bionare a tabloidului Libertatea \u00een cotidian generalist. Este jurnalist Buletin de Bucure\u0219ti din 2019.","url":"https:\/\/buletin.de\/bucuresti\/author\/catalin\/"}]}},"authors":[{"term_id":22575,"user_id":10,"is_guest":0,"slug":"catalin","display_name":"C\u0103t\u0103lin Dosca\u0219","avatar_url":"https:\/\/buletin.de\/bucuresti\/wp-content\/uploads\/Catalin-Doscas-e1732731064764-96x96.jpg","0":null,"1":"","2":"","3":"","4":"","5":"","6":"","7":"","8":""}],"_links":{"self":[{"href":"https:\/\/buletin.de\/bucuresti\/wp-json\/wp\/v2\/posts\/22833","targetHints":{"allow":["GET"]}}],"collection":[{"href":"https:\/\/buletin.de\/bucuresti\/wp-json\/wp\/v2\/posts"}],"about":[{"href":"https:\/\/buletin.de\/bucuresti\/wp-json\/wp\/v2\/types\/post"}],"author":[{"embeddable":true,"href":"https:\/\/buletin.de\/bucuresti\/wp-json\/wp\/v2\/users\/10"}],"replies":[{"embeddable":true,"href":"https:\/\/buletin.de\/bucuresti\/wp-json\/wp\/v2\/comments?post=22833"}],"version-history":[{"count":9,"href":"https:\/\/buletin.de\/bucuresti\/wp-json\/wp\/v2\/posts\/22833\/revisions"}],"predecessor-version":[{"id":22855,"href":"https:\/\/buletin.de\/bucuresti\/wp-json\/wp\/v2\/posts\/22833\/revisions\/22855"}],"wp:featuredmedia":[{"embeddable":true,"href":"https:\/\/buletin.de\/bucuresti\/wp-json\/wp\/v2\/media\/22836"}],"wp:attachment":[{"href":"https:\/\/buletin.de\/bucuresti\/wp-json\/wp\/v2\/media?parent=22833"}],"wp:term":[{"taxonomy":"category","embeddable":true,"href":"https:\/\/buletin.de\/bucuresti\/wp-json\/wp\/v2\/categories?post=22833"},{"taxonomy":"post_tag","embeddable":true,"href":"https:\/\/buletin.de\/bucuresti\/wp-json\/wp\/v2\/tags?post=22833"},{"taxonomy":"author","embeddable":true,"href":"https:\/\/buletin.de\/bucuresti\/wp-json\/wp\/v2\/ppma_author?post=22833"}],"curies":[{"name":"wp","href":"https:\/\/api.w.org\/{rel}","templated":true}]}}