{"id":22813,"date":"2021-03-31T17:43:24","date_gmt":"2021-03-31T14:43:24","guid":{"rendered":"https:\/\/buletin.de\/bucuresti\/?p=22813"},"modified":"2021-03-31T17:43:25","modified_gmt":"2021-03-31T14:43:25","slug":"24-de-mii-de-elevi-din-sectorul-2-vor-primi-burse-in-acest-semestru","status":"publish","type":"post","link":"https:\/\/buletin.de\/bucuresti\/24-de-mii-de-elevi-din-sectorul-2-vor-primi-burse-in-acest-semestru\/","title":{"rendered":"24 de mii de elevi din Sectorul 2 vor primi burse \u00een acest semestru"},"content":{"rendered":"\n<p><strong>Consiliul Local Sector 2 a aprobat, ast\u0103zi, cuantumul \u0219i num\u0103rul burselor care vor fi acordate \u00een acest semestru. 24.146 elevi vor primi bruse, cu 8.000 mai mul\u021bi dec\u00e2t semestrul trecut. Cuantumul nu s-a modificat fa\u021b\u0103 de semestrul trecut. Valoarea unei burse de merit poate ajunge p\u00e2n\u0103 la 600 lei, \u00een timp ce valoarea unei burse de performan\u021b\u0103 ajunge p\u00e2n\u0103 la 1200 lei pe lun\u0103.<\/strong><\/p>\n\n\n\n<blockquote class=\"wp-block-quote is-layout-flow wp-block-quote-is-layout-flow\"><p>Am propus s\u0103 se p\u0103streze cuantumurile, asta de\u0219i ele pur \u0219i simplu au explodat. Avem 24 de mii de burse, fa\u021b\u0103 de 18 mii \u00een primul semestru. Este un efort bugetar imens, aproximativ 30 milioane de lei.<\/p><cite>A declarat Radu Mihaiu \u00een cadrul \u0219edin\u021bei de Consiliu Local <\/cite><\/blockquote>\n\n\n\n<p>Cuantumurile burselor pentru fiecare categorie \u00een parte, stabilite \u00eenc\u0103 din semestru trecut, sunt urm\u0103toarele: <\/p>\n\n\n\n<h4 class=\"wp-block-heading\"><strong>Burse de merit<\/strong><\/h4>\n\n\n\n<ul class=\"wp-block-list\"><li>8,50-8,99 &#8211; 100 de lei\/lun\u0103<\/li><li>9,00-9,49 &#8211; 155 de lei\/ lun\u0103<\/li><li>9,50-9,99 &#8211; 300 de lei\/lun\u0103<\/li><li>10 &#8211; 600 de lei\/lun\u0103<\/li><\/ul>\n\n\n\n<h4 class=\"wp-block-heading\"><strong>Burse sociale<\/strong><\/h4>\n\n\n\n<ul class=\"wp-block-list\"><li>elevi orfani sau bolnavi- 350 de lei\/lun\u0103<\/li><li>elevi care provin din mediul rural- 150 de lei\/lun\u0103<\/li><li>elevi care provin din familii cu venituri mici- 350 de lei\/lun\u0103<\/li><\/ul>\n\n\n\n<h4 class=\"wp-block-heading\"><strong>Burse de studiu- 200 de lei\/lun\u0103<\/strong><\/h4>\n\n\n\n<h4 class=\"wp-block-heading\"><strong>Burse de performan\u021b\u0103<\/strong><\/h4>\n\n\n\n<ul class=\"wp-block-list\"><li>Locul 1 la etapele na\u021bionale- 1200 de lei\/lun\u0103<\/li><li>Locul 2 la etapele na\u021bionale- 1100 de lei\/lun\u0103<\/li><li>Locul 3 la etapele na\u021bionale- 1000 de lei\/lun\u0103<\/li><\/ul>\n\n\n\n<figure class=\"wp-block-image size-large\"><img fetchpriority=\"high\" decoding=\"async\" width=\"646\" height=\"806\" src=\"data:image\/gif;base64,R0lGODlhAQABAAAAACH5BAEKAAEALAAAAAABAAEAAAICTAEAOw==\" data-src=\"https:\/\/buletin.de\/bucuresti\/wp-content\/uploads\/Screenshot-193.png\" alt=\"\" class=\"wp-image-22814 lazyload\" data-sizes=\"auto\" data-srcset=\"https:\/\/buletin.de\/bucuresti\/wp-content\/uploads\/Screenshot-193.png 646w, https:\/\/buletin.de\/bucuresti\/wp-content\/uploads\/Screenshot-193-240x300.png 240w, https:\/\/buletin.de\/bucuresti\/wp-content\/uploads\/Screenshot-193-550x686.png 550w, https:\/\/buletin.de\/bucuresti\/wp-content\/uploads\/Screenshot-193-401x500.png 401w, https:\/\/buletin.de\/bucuresti\/wp-content\/uploads\/Screenshot-193-600x749.png 600w\" sizes=\"(max-width: 646px) 100vw, 646px\" \/><figcaption><a href=\"http:\/\/public.ps2.ro\/Administratie%20Publica%20Locala\/Proiecte%20CLS2\/2021\/2021-03-31%20SEDINTA%20ORDINARA\/\">Anexa nr.1<\/a> a Hot\u0103r\u00e2rii Consiliului Local <\/figcaption><\/figure>\n\n\n\n<p>\u00cencep\u00e2nd cu acest semestru, <a href=\"https:\/\/www.edu.ro\/guvernul-aprobat-cuantumul-minim-al-burselor-de-performan%C8%9B%C4%83-de-merit-de-studiu-%C8%99i-de-ajutor-social\">Guvernul urmeaz\u0103 s\u0103 acorde o sum\u0103 \u00een cuantum de 100 de lei<\/a> pentru fiecare burs\u0103 \u00een parte, \u00eens\u0103, \u00een Sectorul 2, ace\u0219ti bani vor fi inclu\u0219i \u00een cuantumurile aprobate. <\/p>\n\n\n\n<p>C\u0103t\u0103lina Ifrim, pre\u0219edintele Consiliului Municipal al Elevilor Bucure\u0219ti, a declarat pentru Buletin de Bucure\u0219ti c\u0103 elevi sunt mul\u021bumi\u021bi de aceste cuantumuri \u0219i c\u0103 bursele au fost stabilite \u00een urma unui dialog al primarului cu reprezentan\u021bii elevilor. <\/p>\n\n\n\n<blockquote class=\"wp-block-quote is-layout-flow wp-block-quote-is-layout-flow\"><p>Consiliul Municipal al Elevilor Bucure\u0219ti salut\u0103 decizia Prim\u0103riei Sectorului 2 cu privire la cuantumurile \u0219i sumele acordate \u00een perspectiva finan\u021b\u0103rii burselor \u0219colare. \u00cen ceea ce prive\u0219te prioritizarea educa\u021biei, \u00eencuraj\u0103m \u0219i celelalte prim\u0103rii s\u0103 abordeze metoda Consiliului Local din sectorul 2 al Capitalei. \u021ain s\u0103 amintesc faptul c\u0103 primarul acestei unit\u0103\u021bi teritorial-administrative, Radu Mihaiu, a acceptat invita\u021bia Consiliului \u0219i s-a al\u0103turat dialogului ini\u021biat de elevii reprezentan\u021bi \u00een decursul semestrului trecut, aspect reflectat \u00een deciziile adoptate \u00een \u0219edin\u021ba de ast\u0103zi. De asemenea, sper\u0103m s\u0103 ne putem bucura, c\u00e2t de cur\u00e2nd posibil, de aceast\u0103 normalitate \u00een respectarea legii burselor \u0219i acordarea lor \u0219i \u00een restul sectoarelor.<\/p><cite>A declarat C\u0103t\u0103lina Ifrim, pre\u0219edinte CMEB<\/cite><\/blockquote>\n\n\n\n<p>Proiectul de Hot\u0103r\u00e2re a fost adoptat \u00een \u0219edin\u021ba de ast\u0103zi cu unanimitate de c\u0103tre consilierii locali din Sectorul 2. <\/p>\n\n\n\n<p>Surs\u0103 Foto: <a href=\"https:\/\/www.facebook.com\/consiliulelevilor.bucuresti\/posts\/3735062426610937?__cft__[0]=AZXUw-TBeXPpjHlrvExK_fmkC_MhnRDhgO6O9_qVUc98yqTmDIvca5gkFX8xNBDgGLrLWh3STx1LY3MpKd1zyeHAQiQJ8lVx1c_sTOu_MyyguNqWKDg1lOAVhvLOOIXFXvwjG5M5V9rM-txVIt8F9_tc&amp;__tn__=%2CO%2CP-R\">Chira Dan Gheorghe\/Facebook<\/a><\/p>\n","protected":false},"excerpt":{"rendered":"<p>Consiliul Local Sector 2 a aprobat, ast\u0103zi, cuantumul \u0219i num\u0103rul burselor care vor fi acordate \u00een acest semestru. 24.146 elevi vor primi bruse, cu 8.000 mai mul\u021bi dec\u00e2t semestrul trecut. Cuantumul nu s-a modificat fa\u021b\u0103 de semestrul trecut. Valoarea unei burse de merit poate ajunge p\u00e2n\u0103 la 600 lei, \u00een timp ce valoarea unei burse [&hellip;]<\/p>\n","protected":false},"author":17,"featured_media":22815,"comment_status":"closed","ping_status":"open","sticky":false,"template":"","format":"standard","meta":{"_acf_changed":false,"inline_featured_image":false,"ngg_post_thumbnail":0,"footnotes":""},"categories":[24,62],"tags":[229],"ppma_author":[22576],"class_list":["post-22813","post","type-post","status-publish","format-standard","has-post-thumbnail","hentry","category-primarie","category-stiri","tag-sector-2"],"acf":[],"yoast_head":"<!-- This site is optimized with the Yoast SEO Premium plugin v25.3 (Yoast SEO v27.4) - https:\/\/yoast.com\/product\/yoast-seo-premium-wordpress\/ -->\n<title>24 de mii de elevi din Sectorul 2 vor primi burse \u00een acest semestru - Buletin de Bucure\u0219ti<\/title>\n<meta name=\"robots\" content=\"index, follow, max-snippet:-1, max-image-preview:large, max-video-preview:-1\" \/>\n<link rel=\"canonical\" href=\"https:\/\/buletin.de\/bucuresti\/24-de-mii-de-elevi-din-sectorul-2-vor-primi-burse-in-acest-semestru\/\" \/>\n<meta property=\"og:locale\" content=\"en_GB\" \/>\n<meta property=\"og:type\" content=\"article\" \/>\n<meta property=\"og:title\" content=\"24 de mii de elevi din Sectorul 2 vor primi burse \u00een acest semestru\" \/>\n<meta property=\"og:description\" content=\"Consiliul Local Sector 2 a aprobat, ast\u0103zi, cuantumul \u0219i num\u0103rul burselor care vor fi acordate \u00een acest semestru. 24.146 elevi vor primi bruse, cu 8.000 mai mul\u021bi dec\u00e2t semestrul trecut. Cuantumul nu s-a modificat fa\u021b\u0103 de semestrul trecut. Valoarea unei burse de merit poate ajunge p\u00e2n\u0103 la 600 lei, \u00een timp ce valoarea unei burse [&hellip;]\" \/>\n<meta property=\"og:url\" content=\"https:\/\/buletin.de\/bucuresti\/24-de-mii-de-elevi-din-sectorul-2-vor-primi-burse-in-acest-semestru\/\" \/>\n<meta property=\"og:site_name\" content=\"Buletin de Bucure\u0219ti\" \/>\n<meta property=\"article:publisher\" content=\"https:\/\/www.facebook.com\/buletin.de.buc\" \/>\n<meta property=\"article:published_time\" content=\"2021-03-31T14:43:24+00:00\" \/>\n<meta property=\"article:modified_time\" content=\"2021-03-31T14:43:25+00:00\" \/>\n<meta property=\"og:image\" content=\"https:\/\/buletin.de\/bucuresti\/wp-content\/uploads\/161297088_3735058663277980_24194046645113196_n.jpg\" \/>\n\t<meta property=\"og:image:width\" content=\"960\" \/>\n\t<meta property=\"og:image:height\" content=\"640\" \/>\n\t<meta property=\"og:image:type\" content=\"image\/jpeg\" \/>\n<meta name=\"author\" content=\"Florin R\u00e2\u0219teiu\" \/>\n<meta name=\"twitter:card\" content=\"summary_large_image\" \/>\n<meta name=\"twitter:label1\" content=\"Written by\" \/>\n\t<meta name=\"twitter:data1\" content=\"Florin R\u00e2\u0219teiu\" \/>\n\t<meta name=\"twitter:label2\" content=\"Estimated reading time\" \/>\n\t<meta name=\"twitter:data2\" content=\"3 minutes\" \/>\n<script type=\"application\/ld+json\" class=\"yoast-schema-graph\">{\"@context\":\"https:\\\/\\\/schema.org\",\"@graph\":[{\"@type\":\"Article\",\"@id\":\"https:\\\/\\\/buletin.de\\\/bucuresti\\\/24-de-mii-de-elevi-din-sectorul-2-vor-primi-burse-in-acest-semestru\\\/#article\",\"isPartOf\":{\"@id\":\"https:\\\/\\\/buletin.de\\\/bucuresti\\\/24-de-mii-de-elevi-din-sectorul-2-vor-primi-burse-in-acest-semestru\\\/\"},\"author\":{\"name\":\"Florin R\u00e2\u0219teiu\",\"@id\":\"https:\\\/\\\/buletin.de\\\/bucuresti\\\/#\\\/schema\\\/person\\\/b0686d7a8b666c6afc78239777fd8a89\"},\"headline\":\"24 de mii de elevi din Sectorul 2 vor primi burse \u00een acest semestru\",\"datePublished\":\"2021-03-31T14:43:24+00:00\",\"dateModified\":\"2021-03-31T14:43:25+00:00\",\"mainEntityOfPage\":{\"@id\":\"https:\\\/\\\/buletin.de\\\/bucuresti\\\/24-de-mii-de-elevi-din-sectorul-2-vor-primi-burse-in-acest-semestru\\\/\"},\"wordCount\":465,\"publisher\":{\"@id\":\"https:\\\/\\\/buletin.de\\\/bucuresti\\\/#organization\"},\"image\":{\"@id\":\"https:\\\/\\\/buletin.de\\\/bucuresti\\\/24-de-mii-de-elevi-din-sectorul-2-vor-primi-burse-in-acest-semestru\\\/#primaryimage\"},\"thumbnailUrl\":\"https:\\\/\\\/buletin.de\\\/bucuresti\\\/wp-content\\\/uploads\\\/161297088_3735058663277980_24194046645113196_n.jpg\",\"keywords\":[\"Sector 2\"],\"articleSection\":[\"Prim\u0103rie\",\"\u0218tiri\"],\"inLanguage\":\"en-GB\",\"copyrightYear\":\"2021\",\"copyrightHolder\":{\"@id\":\"https:\\\/\\\/buletin.de\\\/bucuresti\\\/#organization\"}},{\"@type\":\"WebPage\",\"@id\":\"https:\\\/\\\/buletin.de\\\/bucuresti\\\/24-de-mii-de-elevi-din-sectorul-2-vor-primi-burse-in-acest-semestru\\\/\",\"url\":\"https:\\\/\\\/buletin.de\\\/bucuresti\\\/24-de-mii-de-elevi-din-sectorul-2-vor-primi-burse-in-acest-semestru\\\/\",\"name\":\"24 de mii de elevi din Sectorul 2 vor primi burse \u00een acest semestru - Buletin de Bucure\u0219ti\",\"isPartOf\":{\"@id\":\"https:\\\/\\\/buletin.de\\\/bucuresti\\\/#website\"},\"primaryImageOfPage\":{\"@id\":\"https:\\\/\\\/buletin.de\\\/bucuresti\\\/24-de-mii-de-elevi-din-sectorul-2-vor-primi-burse-in-acest-semestru\\\/#primaryimage\"},\"image\":{\"@id\":\"https:\\\/\\\/buletin.de\\\/bucuresti\\\/24-de-mii-de-elevi-din-sectorul-2-vor-primi-burse-in-acest-semestru\\\/#primaryimage\"},\"thumbnailUrl\":\"https:\\\/\\\/buletin.de\\\/bucuresti\\\/wp-content\\\/uploads\\\/161297088_3735058663277980_24194046645113196_n.jpg\",\"datePublished\":\"2021-03-31T14:43:24+00:00\",\"dateModified\":\"2021-03-31T14:43:25+00:00\",\"breadcrumb\":{\"@id\":\"https:\\\/\\\/buletin.de\\\/bucuresti\\\/24-de-mii-de-elevi-din-sectorul-2-vor-primi-burse-in-acest-semestru\\\/#breadcrumb\"},\"inLanguage\":\"en-GB\",\"potentialAction\":[{\"@type\":\"ReadAction\",\"target\":[\"https:\\\/\\\/buletin.de\\\/bucuresti\\\/24-de-mii-de-elevi-din-sectorul-2-vor-primi-burse-in-acest-semestru\\\/\"]}]},{\"@type\":\"ImageObject\",\"inLanguage\":\"en-GB\",\"@id\":\"https:\\\/\\\/buletin.de\\\/bucuresti\\\/24-de-mii-de-elevi-din-sectorul-2-vor-primi-burse-in-acest-semestru\\\/#primaryimage\",\"url\":\"https:\\\/\\\/buletin.de\\\/bucuresti\\\/wp-content\\\/uploads\\\/161297088_3735058663277980_24194046645113196_n.jpg\",\"contentUrl\":\"https:\\\/\\\/buletin.de\\\/bucuresti\\\/wp-content\\\/uploads\\\/161297088_3735058663277980_24194046645113196_n.jpg\",\"width\":960,\"height\":640},{\"@type\":\"BreadcrumbList\",\"@id\":\"https:\\\/\\\/buletin.de\\\/bucuresti\\\/24-de-mii-de-elevi-din-sectorul-2-vor-primi-burse-in-acest-semestru\\\/#breadcrumb\",\"itemListElement\":[{\"@type\":\"ListItem\",\"position\":1,\"name\":\"Acas\u0103\",\"item\":\"https:\\\/\\\/buletin.de\\\/bucuresti\\\/\"},{\"@type\":\"ListItem\",\"position\":2,\"name\":\"24 de mii de elevi din Sectorul 2 vor primi burse \u00een acest semestru\"}]},{\"@type\":\"WebSite\",\"@id\":\"https:\\\/\\\/buletin.de\\\/bucuresti\\\/#website\",\"url\":\"https:\\\/\\\/buletin.de\\\/bucuresti\\\/\",\"name\":\"Buletin de Bucure\u0219ti\",\"description\":\"\u0218tiri \u0219i investiga\u021bii esen\u021biale din capital\u0103\",\"publisher\":{\"@id\":\"https:\\\/\\\/buletin.de\\\/bucuresti\\\/#organization\"},\"potentialAction\":[{\"@type\":\"SearchAction\",\"target\":{\"@type\":\"EntryPoint\",\"urlTemplate\":\"https:\\\/\\\/buletin.de\\\/bucuresti\\\/?s={search_term_string}\"},\"query-input\":{\"@type\":\"PropertyValueSpecification\",\"valueRequired\":true,\"valueName\":\"search_term_string\"}}],\"inLanguage\":\"en-GB\"},{\"@type\":\"Organization\",\"@id\":\"https:\\\/\\\/buletin.de\\\/bucuresti\\\/#organization\",\"name\":\"Buletin de Bucure\u0219ti\",\"url\":\"https:\\\/\\\/buletin.de\\\/bucuresti\\\/\",\"logo\":{\"@type\":\"ImageObject\",\"inLanguage\":\"en-GB\",\"@id\":\"https:\\\/\\\/buletin.de\\\/bucuresti\\\/#\\\/schema\\\/logo\\\/image\\\/\",\"url\":\"https:\\\/\\\/buletin.de\\\/bucuresti\\\/wp-content\\\/uploads\\\/logo-bdb-full-wide-vernil-transparent.png\",\"contentUrl\":\"https:\\\/\\\/buletin.de\\\/bucuresti\\\/wp-content\\\/uploads\\\/logo-bdb-full-wide-vernil-transparent.png\",\"width\":1782,\"height\":626,\"caption\":\"Buletin de Bucure\u0219ti\"},\"image\":{\"@id\":\"https:\\\/\\\/buletin.de\\\/bucuresti\\\/#\\\/schema\\\/logo\\\/image\\\/\"},\"sameAs\":[\"https:\\\/\\\/www.facebook.com\\\/buletin.de.buc\",\"https:\\\/\\\/www.instagram.com\\\/buletinde.bucuresti\\\/\"]},{\"@type\":\"Person\",\"@id\":\"https:\\\/\\\/buletin.de\\\/bucuresti\\\/#\\\/schema\\\/person\\\/b0686d7a8b666c6afc78239777fd8a89\",\"name\":\"Florin R\u00e2\u0219teiu\",\"image\":{\"@type\":\"ImageObject\",\"inLanguage\":\"en-GB\",\"@id\":\"https:\\\/\\\/buletin.de\\\/bucuresti\\\/wp-content\\\/uploads\\\/Florin-Rasteiu-96x96.jpgf0a6fe28453aa12f0a60e4d0a2e3a78c\",\"url\":\"https:\\\/\\\/buletin.de\\\/bucuresti\\\/wp-content\\\/uploads\\\/Florin-Rasteiu-96x96.jpg\",\"contentUrl\":\"https:\\\/\\\/buletin.de\\\/bucuresti\\\/wp-content\\\/uploads\\\/Florin-Rasteiu-96x96.jpg\",\"caption\":\"Florin R\u00e2\u0219teiu\"},\"description\":\"Jurnalist de investiga\u021bie. Lucreaz\u0103 de aproape 6 ani la Buletin de Bucure\u0219ti, unde a publicat articole care scot la suprafa\u021b\u0103 corup\u021bia din Capital\u0103. Analizeaz\u0103 baze de date zilnic \u0219i scoate pove\u0219ti din exceluri pline de cifre. Pune reflectorul pe adev\u0103r cu fiecare ocazie. A c\u00e2\u0219tigat premiul I la categoria Pres\u0103 Local\u0103 \u00een 2025 \u0219i locul al II-lea la aceea\u0219i categorie \u00een 2024 \u00een cadrul Premiilor Superscrieri pentru jurnalism independent.\",\"url\":\"https:\\\/\\\/buletin.de\\\/bucuresti\\\/author\\\/florinrasteiu\\\/\"}]}<\/script>\n<!-- \/ Yoast SEO Premium plugin. -->","yoast_head_json":{"title":"24 de mii de elevi din Sectorul 2 vor primi burse \u00een acest semestru - Buletin de Bucure\u0219ti","robots":{"index":"index","follow":"follow","max-snippet":"max-snippet:-1","max-image-preview":"max-image-preview:large","max-video-preview":"max-video-preview:-1"},"canonical":"https:\/\/buletin.de\/bucuresti\/24-de-mii-de-elevi-din-sectorul-2-vor-primi-burse-in-acest-semestru\/","og_locale":"en_GB","og_type":"article","og_title":"24 de mii de elevi din Sectorul 2 vor primi burse \u00een acest semestru","og_description":"Consiliul Local Sector 2 a aprobat, ast\u0103zi, cuantumul \u0219i num\u0103rul burselor care vor fi acordate \u00een acest semestru. 24.146 elevi vor primi bruse, cu 8.000 mai mul\u021bi dec\u00e2t semestrul trecut. Cuantumul nu s-a modificat fa\u021b\u0103 de semestrul trecut. Valoarea unei burse de merit poate ajunge p\u00e2n\u0103 la 600 lei, \u00een timp ce valoarea unei burse [&hellip;]","og_url":"https:\/\/buletin.de\/bucuresti\/24-de-mii-de-elevi-din-sectorul-2-vor-primi-burse-in-acest-semestru\/","og_site_name":"Buletin de Bucure\u0219ti","article_publisher":"https:\/\/www.facebook.com\/buletin.de.buc","article_published_time":"2021-03-31T14:43:24+00:00","article_modified_time":"2021-03-31T14:43:25+00:00","og_image":[{"width":960,"height":640,"url":"https:\/\/buletin.de\/bucuresti\/wp-content\/uploads\/161297088_3735058663277980_24194046645113196_n.jpg","type":"image\/jpeg"}],"author":"Florin R\u00e2\u0219teiu","twitter_card":"summary_large_image","twitter_misc":{"Written by":"Florin R\u00e2\u0219teiu","Estimated reading time":"3 minutes"},"schema":{"@context":"https:\/\/schema.org","@graph":[{"@type":"Article","@id":"https:\/\/buletin.de\/bucuresti\/24-de-mii-de-elevi-din-sectorul-2-vor-primi-burse-in-acest-semestru\/#article","isPartOf":{"@id":"https:\/\/buletin.de\/bucuresti\/24-de-mii-de-elevi-din-sectorul-2-vor-primi-burse-in-acest-semestru\/"},"author":{"name":"Florin R\u00e2\u0219teiu","@id":"https:\/\/buletin.de\/bucuresti\/#\/schema\/person\/b0686d7a8b666c6afc78239777fd8a89"},"headline":"24 de mii de elevi din Sectorul 2 vor primi burse \u00een acest semestru","datePublished":"2021-03-31T14:43:24+00:00","dateModified":"2021-03-31T14:43:25+00:00","mainEntityOfPage":{"@id":"https:\/\/buletin.de\/bucuresti\/24-de-mii-de-elevi-din-sectorul-2-vor-primi-burse-in-acest-semestru\/"},"wordCount":465,"publisher":{"@id":"https:\/\/buletin.de\/bucuresti\/#organization"},"image":{"@id":"https:\/\/buletin.de\/bucuresti\/24-de-mii-de-elevi-din-sectorul-2-vor-primi-burse-in-acest-semestru\/#primaryimage"},"thumbnailUrl":"https:\/\/buletin.de\/bucuresti\/wp-content\/uploads\/161297088_3735058663277980_24194046645113196_n.jpg","keywords":["Sector 2"],"articleSection":["Prim\u0103rie","\u0218tiri"],"inLanguage":"en-GB","copyrightYear":"2021","copyrightHolder":{"@id":"https:\/\/buletin.de\/bucuresti\/#organization"}},{"@type":"WebPage","@id":"https:\/\/buletin.de\/bucuresti\/24-de-mii-de-elevi-din-sectorul-2-vor-primi-burse-in-acest-semestru\/","url":"https:\/\/buletin.de\/bucuresti\/24-de-mii-de-elevi-din-sectorul-2-vor-primi-burse-in-acest-semestru\/","name":"24 de mii de elevi din Sectorul 2 vor primi burse \u00een acest semestru - Buletin de Bucure\u0219ti","isPartOf":{"@id":"https:\/\/buletin.de\/bucuresti\/#website"},"primaryImageOfPage":{"@id":"https:\/\/buletin.de\/bucuresti\/24-de-mii-de-elevi-din-sectorul-2-vor-primi-burse-in-acest-semestru\/#primaryimage"},"image":{"@id":"https:\/\/buletin.de\/bucuresti\/24-de-mii-de-elevi-din-sectorul-2-vor-primi-burse-in-acest-semestru\/#primaryimage"},"thumbnailUrl":"https:\/\/buletin.de\/bucuresti\/wp-content\/uploads\/161297088_3735058663277980_24194046645113196_n.jpg","datePublished":"2021-03-31T14:43:24+00:00","dateModified":"2021-03-31T14:43:25+00:00","breadcrumb":{"@id":"https:\/\/buletin.de\/bucuresti\/24-de-mii-de-elevi-din-sectorul-2-vor-primi-burse-in-acest-semestru\/#breadcrumb"},"inLanguage":"en-GB","potentialAction":[{"@type":"ReadAction","target":["https:\/\/buletin.de\/bucuresti\/24-de-mii-de-elevi-din-sectorul-2-vor-primi-burse-in-acest-semestru\/"]}]},{"@type":"ImageObject","inLanguage":"en-GB","@id":"https:\/\/buletin.de\/bucuresti\/24-de-mii-de-elevi-din-sectorul-2-vor-primi-burse-in-acest-semestru\/#primaryimage","url":"https:\/\/buletin.de\/bucuresti\/wp-content\/uploads\/161297088_3735058663277980_24194046645113196_n.jpg","contentUrl":"https:\/\/buletin.de\/bucuresti\/wp-content\/uploads\/161297088_3735058663277980_24194046645113196_n.jpg","width":960,"height":640},{"@type":"BreadcrumbList","@id":"https:\/\/buletin.de\/bucuresti\/24-de-mii-de-elevi-din-sectorul-2-vor-primi-burse-in-acest-semestru\/#breadcrumb","itemListElement":[{"@type":"ListItem","position":1,"name":"Acas\u0103","item":"https:\/\/buletin.de\/bucuresti\/"},{"@type":"ListItem","position":2,"name":"24 de mii de elevi din Sectorul 2 vor primi burse \u00een acest semestru"}]},{"@type":"WebSite","@id":"https:\/\/buletin.de\/bucuresti\/#website","url":"https:\/\/buletin.de\/bucuresti\/","name":"Buletin de Bucure\u0219ti","description":"\u0218tiri \u0219i investiga\u021bii esen\u021biale din capital\u0103","publisher":{"@id":"https:\/\/buletin.de\/bucuresti\/#organization"},"potentialAction":[{"@type":"SearchAction","target":{"@type":"EntryPoint","urlTemplate":"https:\/\/buletin.de\/bucuresti\/?s={search_term_string}"},"query-input":{"@type":"PropertyValueSpecification","valueRequired":true,"valueName":"search_term_string"}}],"inLanguage":"en-GB"},{"@type":"Organization","@id":"https:\/\/buletin.de\/bucuresti\/#organization","name":"Buletin de Bucure\u0219ti","url":"https:\/\/buletin.de\/bucuresti\/","logo":{"@type":"ImageObject","inLanguage":"en-GB","@id":"https:\/\/buletin.de\/bucuresti\/#\/schema\/logo\/image\/","url":"https:\/\/buletin.de\/bucuresti\/wp-content\/uploads\/logo-bdb-full-wide-vernil-transparent.png","contentUrl":"https:\/\/buletin.de\/bucuresti\/wp-content\/uploads\/logo-bdb-full-wide-vernil-transparent.png","width":1782,"height":626,"caption":"Buletin de Bucure\u0219ti"},"image":{"@id":"https:\/\/buletin.de\/bucuresti\/#\/schema\/logo\/image\/"},"sameAs":["https:\/\/www.facebook.com\/buletin.de.buc","https:\/\/www.instagram.com\/buletinde.bucuresti\/"]},{"@type":"Person","@id":"https:\/\/buletin.de\/bucuresti\/#\/schema\/person\/b0686d7a8b666c6afc78239777fd8a89","name":"Florin R\u00e2\u0219teiu","image":{"@type":"ImageObject","inLanguage":"en-GB","@id":"https:\/\/buletin.de\/bucuresti\/wp-content\/uploads\/Florin-Rasteiu-96x96.jpgf0a6fe28453aa12f0a60e4d0a2e3a78c","url":"https:\/\/buletin.de\/bucuresti\/wp-content\/uploads\/Florin-Rasteiu-96x96.jpg","contentUrl":"https:\/\/buletin.de\/bucuresti\/wp-content\/uploads\/Florin-Rasteiu-96x96.jpg","caption":"Florin R\u00e2\u0219teiu"},"description":"Jurnalist de investiga\u021bie. Lucreaz\u0103 de aproape 6 ani la Buletin de Bucure\u0219ti, unde a publicat articole care scot la suprafa\u021b\u0103 corup\u021bia din Capital\u0103. Analizeaz\u0103 baze de date zilnic \u0219i scoate pove\u0219ti din exceluri pline de cifre. Pune reflectorul pe adev\u0103r cu fiecare ocazie. A c\u00e2\u0219tigat premiul I la categoria Pres\u0103 Local\u0103 \u00een 2025 \u0219i locul al II-lea la aceea\u0219i categorie \u00een 2024 \u00een cadrul Premiilor Superscrieri pentru jurnalism independent.","url":"https:\/\/buletin.de\/bucuresti\/author\/florinrasteiu\/"}]}},"authors":[{"term_id":22576,"user_id":17,"is_guest":0,"slug":"florinrasteiu","display_name":"Florin R\u00e2\u0219teiu","avatar_url":"https:\/\/buletin.de\/bucuresti\/wp-content\/uploads\/Florin-Rasteiu-96x96.jpg","0":null,"1":"","2":"","3":"","4":"","5":"","6":"","7":"","8":""}],"_links":{"self":[{"href":"https:\/\/buletin.de\/bucuresti\/wp-json\/wp\/v2\/posts\/22813","targetHints":{"allow":["GET"]}}],"collection":[{"href":"https:\/\/buletin.de\/bucuresti\/wp-json\/wp\/v2\/posts"}],"about":[{"href":"https:\/\/buletin.de\/bucuresti\/wp-json\/wp\/v2\/types\/post"}],"author":[{"embeddable":true,"href":"https:\/\/buletin.de\/bucuresti\/wp-json\/wp\/v2\/users\/17"}],"replies":[{"embeddable":true,"href":"https:\/\/buletin.de\/bucuresti\/wp-json\/wp\/v2\/comments?post=22813"}],"version-history":[{"count":2,"href":"https:\/\/buletin.de\/bucuresti\/wp-json\/wp\/v2\/posts\/22813\/revisions"}],"predecessor-version":[{"id":22817,"href":"https:\/\/buletin.de\/bucuresti\/wp-json\/wp\/v2\/posts\/22813\/revisions\/22817"}],"wp:featuredmedia":[{"embeddable":true,"href":"https:\/\/buletin.de\/bucuresti\/wp-json\/wp\/v2\/media\/22815"}],"wp:attachment":[{"href":"https:\/\/buletin.de\/bucuresti\/wp-json\/wp\/v2\/media?parent=22813"}],"wp:term":[{"taxonomy":"category","embeddable":true,"href":"https:\/\/buletin.de\/bucuresti\/wp-json\/wp\/v2\/categories?post=22813"},{"taxonomy":"post_tag","embeddable":true,"href":"https:\/\/buletin.de\/bucuresti\/wp-json\/wp\/v2\/tags?post=22813"},{"taxonomy":"author","embeddable":true,"href":"https:\/\/buletin.de\/bucuresti\/wp-json\/wp\/v2\/ppma_author?post=22813"}],"curies":[{"name":"wp","href":"https:\/\/api.w.org\/{rel}","templated":true}]}}