{"id":22608,"date":"2021-03-29T11:49:53","date_gmt":"2021-03-29T08:49:53","guid":{"rendered":"https:\/\/buletin.de\/bucuresti\/?p=22608"},"modified":"2023-09-19T14:58:44","modified_gmt":"2023-09-19T12:58:44","slug":"institutul-bals-banii-europeni-pentru-combaterea-pandemiei-la-o-firma-acuzata-de-dare-de-mita","status":"publish","type":"post","link":"https:\/\/buletin.de\/bucuresti\/institutul-bals-banii-europeni-pentru-combaterea-pandemiei-la-o-firma-acuzata-de-dare-de-mita\/","title":{"rendered":"Institutul Bal\u0219 | Banii europeni pentru combaterea pandemiei, la o firm\u0103 acuzat\u0103 de dare de mit\u0103"},"content":{"rendered":"\n<p><em>C\u00e2teva milioane de lei din fondurile europene absorbite de Institutul Bal\u0219 \u00een anul pandemiei au ajuns \u00een conturile unor firme controversate. Printre patronii c\u00e2\u0219tig\u0103tori se afl\u0103 unul acuzat c\u0103 ar fi dat mit\u0103 Ministerului S\u0103n\u0103t\u0103\u021bii pentru a c\u00e2\u0219tiga licita\u021bii, o fost\u0103 consilier\u0103 \u00een cadrul Ministerului Sportului condus atunci de PSD \u0219i ac\u021bionarul unei firme care, \u00een urm\u0103 cu zece ani, a f\u0103cut trafic cu ovule prevalate \u00een Rom\u00e2nia.<\/em><\/p>\n\n\n\n<div class=\"wp-block-group\"><div class=\"wp-block-group__inner-container is-layout-flow wp-block-group-is-layout-flow\">\n<p class=\"has-text-align-center sustine\" style=\"font-size:22px\"><strong>Dac\u0103 \u00ee\u021bi place ce facem \u0219i vrei s\u0103 ne sus\u021bii,<br><a href=\"https:\/\/its.funky.ong\/CFbuletin\">te rug\u0103m s\u0103 contribui la campania noastr\u0103 de crowdfunding<\/a><\/strong><\/p>\n\n\n\n<style>\n.sustine {\npadding: 30px;\nmargin: 40px auto!important;\nborder-radius: 30px;\nmax-width: 500px;\ndisplay: block;\nbackground: rgb(255,240,170);\nbackground: radial-gradient(circle, rgba(255,240,170,1) 48%, rgba(255,240,170,1) 85%, rgba(252,235,153,0.4906337535014006) 100%);\n}\n.sustine a:hover {\ncolor: red!important;\n}\n<\/style>\n<\/div><\/div>\n\n\n\n<p>\u00cen ultimul an, Institutul de Boli Infec\u021bioase Matei Bal\u0219 a func\u021bionat \u00een prima linie de lupt\u0103 anti-Covid. Pentru a putea combate pandemia \u0219i gestiona num\u0103rul ridicat de cazuri, Institutul a apelat la fonduri europene. P\u00e2n\u0103 acum a cheltuit peste 24 de milioane de lei pe echipamente \u0219i aparatur\u0103 medical\u0103. Dar unde au ajuns banii?<\/p>\n\n\n\n<p>\u00cen episodul al doilea din seria \u201eBanii europeni \u00een pandemie\u201d, verific\u0103m cine sunt firmele din spatele milioanelor de lei \u0219i cum a \u00eemp\u0103r\u021bit fostul manager Adrian Streinu-Cercel contractele.<\/p>\n\n\n\n<div class=\"wp-block-buttons is-content-justification-center is-layout-flex wp-container-core-buttons-is-layout-16018d1d wp-block-buttons-is-layout-flex\">\n<div class=\"wp-block-button\"><a class=\"wp-block-button__link has-white-color has-vivid-red-background-color has-text-color has-background wp-element-button\" href=\"https:\/\/buletin.de\/bucuresti\/banii-europeni-in-pandemie-ep-1-bani-cheltuiti-fara-transparenta-de-administratia-spitalelor-bucuresti\/\" target=\"_blank\" rel=\"noreferrer noopener\">Cite\u0219te episodul I<\/a><\/div>\n<\/div>\n\n\n\n<div class=\"infogram-embed\" data-id=\"856b3624-7641-4f72-bd72-dd316b62338c\" data-type=\"interactive\" data-title=\"Firme c\u00e2\u0219tig\u0103toare - M. Bal\u0219\"><\/div><script>!function(e,i,n,s){var t=\"InfogramEmbeds\",d=e.getElementsByTagName(\"script\")[0];if(window[t]&&window[t].initialized)window[t].process&&window[t].process();else if(!e.getElementById(n)){var o=e.createElement(\"script\");o.async=1,o.id=n,o.src=\"https:\/\/e.infogram.com\/js\/dist\/embed-loader-min.js\",d.parentNode.insertBefore(o,d)}}(document,0,\"infogram-async\");<\/script>\n\n\n\n<h2 class=\"wp-block-heading\">Firma care a \u201ecrescut\u201d d\u00e2nd mit\u0103 la Ministerul S\u0103n\u0103t\u0103\u021bii<\/h2>\n\n\n\n<p>Anul trecut, Dutchmed a primit de la Adrian Streinu-Cercel, managerul Institutului Bal\u0219 la vremea respectiv\u0103, 2.3 milioane de lei din fonduri europene. Doar o mic\u0103 parte, 240 mii de lei, au fost atribui\u021bi prin licita\u021bie. Restul de peste dou\u0103 milioane de lei s-au dat prin negociere f\u0103r\u0103 publicare &#8211; 6 echipamente pentru asistare pulmonar\u0103, la 345 mii de lei bucata.<\/p>\n\n\n\n<p>Nu e prima data c\u00e2nd \u00een conturile Dutchmed ajung bani dinafar\u0103. \u00cen 2008-2011, firma a ob\u021binut mai multe contracte de la Ministerul S\u0103n\u0103t\u0103\u021bii pentru achizi\u021bii finan\u021bate din fonduri ale B\u0103ncii Mondiale \u0219i B\u0103ncii Europene de Investi\u021bii. C\u00e2\u021biva ani mai t\u00e2rziu, Direc\u021bia Na\u021bional\u0103 Anticorup\u021bie (DNA) a spus c\u0103 patronul olandez <a href=\"http:\/\/www.pna.ro\/comunicat.xhtml?id=5435\">Van Halewijn Dirk ar fi dat mit\u0103<\/a> pentru ca firma sa s\u0103 c\u00e2\u0219tige aceste achizi\u021bii.<\/p>\n\n\n\n<blockquote class=\"wp-block-quote is-layout-flow wp-block-quote-is-layout-flow\">\n<p>\u201e\u00cen perioada 2008-2011, inculpatul Van Halewijn Dirk, \u00een scopul de a c\u00e2\u0219tiga pentru firma sa, DUTCHMED BV, o pozi\u021bie privilegiat\u0103 pe pia\u021ba rom\u00e2neasc\u0103 a aparaturii medicale, a pus la cale un sistem prin care \u00ee\u0219i asigura sprijinul func\u021bionarilor implica\u021bi \u00een proceduri de achizi\u021bii publice organizate de Ministerul S\u0103n\u0103t\u0103\u021bii.\u201d <\/p>\n<cite>DNA<\/cite><\/blockquote>\n\n\n\n<p>Conform comunicatului DNA, Van Halewijn Dirk a oferit excursii de lux \u00een Amsterdam \u0219i \u00een Italia unor func\u021bionari publici din cadrul Ministerului S\u0103n\u0103t\u0103\u021bii, a pl\u0103tit pentru a ob\u021bine informa\u021bii pe care nu ar fi trebuit s\u0103 le cunoasc\u0103 \u0219i, ca s\u0103 se asigure c\u0103 va c\u00e2\u0219tiga licita\u021bia, l-a convins pe un membru al comisiei de redactare a specifica\u021biilor tehnice s\u0103 modeleze caietul de sarcini \u00een folosul lui.  &nbsp;&nbsp;<\/p>\n\n\n\n<p>Acum Dutchmed nu mai face afaceri cu Ministerul S\u0103n\u0103t\u0103\u021bii, \u00eens\u0103 se bucur\u0103 de o colaborare apropiat\u0103 cu Institutul Matei Bal\u0219. Cel mai b\u0103nos contract semnat este un acord cadru \u00een valoare de 46 milioane de lei, la care se adaug\u0103 alte contracte de ordinul miilor sau milioanelor de lei.<\/p>\n\n\n\n<p>Am cerut Institutului Matei Bal\u0219, printr-o solicitare oficial\u0103, s\u0103 ne transmit\u0103 documentele care stau la baza negocierilor f\u0103r\u0103 publicare care s-au achitat din fonduri europene, a\u0219a cum este \u0219i contractul de 2 milioane de lei cu Dutchmed. De\u0219i ne-au trimis c\u00e2teva informa\u021bii, au omis s\u0103 le includ\u0103 \u0219i pe cele legate de Dutchmed.<\/p>\n\n\n\n<p><\/p>\n\n\n\n<h2 class=\"wp-block-heading\">Firma unei consiliere dintr-un fost guvern PSD<\/h2>\n\n\n\n<p>Anul trecut, Gema Equipments, o firm\u0103 cu sediul \u00eentr-o vil\u0103 de pe strada Despot Vod\u0103, a c\u00e2\u0219tigat jum\u0103tate de milion de lei, decontat din fonduri europene, pentru furnizarea unui sistem suport cardiopulmonar. A fost singura firm\u0103 care a depus ofert\u0103, iar Institutul Bal\u0219 a acceptat-o.<\/p>\n\n\n\n<p>Atunci c\u00e2nd a \u00eenfiin\u021bat firma, \u00een 2017, Ana Alexandra Stanca, \u00een v\u00e2rst\u0103 de 29 de ani, era consilier personal al secretarului de stat \u00een cadrul Ministerul Tineretului \u0219i Sportului de o lun\u0103. Ministerul era condus de PSD-istul Marius Dunca, parte din guvernul Grindeanu. <\/p>\n\n\n<div class=\"wp-block-image\">\n<figure class=\"aligncenter size-large\"><a href=\"https:\/\/buletin.de\/bucuresti\/wp-content\/uploads\/Screenshot_1-58.png\" target=\"_blank\" rel=\"noopener\"><img fetchpriority=\"high\" decoding=\"async\" width=\"900\" height=\"454\" src=\"data:image\/gif;base64,R0lGODlhAQABAAAAACH5BAEKAAEALAAAAAABAAEAAAICTAEAOw==\" data-src=\"https:\/\/buletin.de\/bucuresti\/wp-content\/uploads\/Screenshot_1-58-900x454.png\" alt=\"\" class=\"wp-image-22611 lazyload\" data-sizes=\"auto\" data-srcset=\"https:\/\/buletin.de\/bucuresti\/wp-content\/uploads\/Screenshot_1-58-900x454.png 900w, https:\/\/buletin.de\/bucuresti\/wp-content\/uploads\/Screenshot_1-58-300x151.png 300w, https:\/\/buletin.de\/bucuresti\/wp-content\/uploads\/Screenshot_1-58-768x388.png 768w, https:\/\/buletin.de\/bucuresti\/wp-content\/uploads\/Screenshot_1-58-1060x535.png 1060w, https:\/\/buletin.de\/bucuresti\/wp-content\/uploads\/Screenshot_1-58-550x278.png 550w, https:\/\/buletin.de\/bucuresti\/wp-content\/uploads\/Screenshot_1-58-991x500.png 991w, https:\/\/buletin.de\/bucuresti\/wp-content\/uploads\/Screenshot_1-58-600x303.png 600w, https:\/\/buletin.de\/bucuresti\/wp-content\/uploads\/Screenshot_1-58.png 1371w\" sizes=\"(max-width: 900px) 100vw, 900px\" \/><\/a><\/figure>\n<\/div>\n\n\n<p><\/p>\n\n\n\n<p>Acum Gema Equipments a ajuns deja la o cifr\u0103 de afaceri care dep\u0103\u0219e\u0219te 30 de milioane de lei \u0219i se bucur\u0103 de contracte cu mai multe spitale din Capital\u0103, precum Spitalul Elias, Spitalul Malaxa, Spitalul Universitar de Urgen\u021b\u0103 Bucure\u0219ti sau Spitalul Colentina.<\/p>\n\n\n\n<p>Adrian Marinescu, directorul medical al Institutului de Boli Infec\u021bioase, ne-a zis c\u0103 func\u021bia pe care a de\u021binut-o proprietara firmei nu a influen\u021bat decizia de a atribui acest contract. Totodat\u0103, reprezentatul Gema Equipments ne-a transmis c\u0103 procedura de achizi\u021bie s-a desf\u0103\u0219urat respect\u00e2nd toate rigorile legale.<\/p>\n\n\n\n<blockquote class=\"wp-block-quote is-layout-flow wp-block-quote-is-layout-flow\">\n<p>\u201e\u00cen ceea ce prive\u0219te achizi\u021bia public\u0103 la care face\u021bi referire, am luat cuno\u0219tiin\u021b\u0103 despre acesta \u00een urma invita\u021biei oficiale de participare la NFPPAP echipamente medicale COVID \u2013 transmis\u0103 pe mailul societ\u0103\u021bii, \u00eempreun\u0103 cu documentele aferente procedurii (caiet de sarcini, invita\u021bie). Procedura de achizi\u021bie s-a desf\u0103\u0219urat cu respectarea strict\u0103 a rigorilor legale \u0219i a caietului de sarcini.\u201d<\/p>\n<cite>Proprietar Gema Equipments<\/cite><\/blockquote>\n\n\n\n<p><\/p>\n\n\n\n<h2 class=\"wp-block-heading\">Firma pentru care Liviu Dragnea ar fi f\u0103cut un amendament cu dedica\u021bie \u00een legea bugetului<\/h2>\n\n\n\n<p>Din totalul de 24 de milioane de lei absorbite de Institutul Matei Bal\u0219 prin fonduri europene, 78 mii lei s-au dus la AMS 2000 Trading Impex pentru trei hote bacterilogice. O sum\u0103 mic\u0103, dac\u0103 o compar\u0103m cu alte contracte. Sumele mai mari care au ajuns \u00een buzunarul patronilor au fost achitate, \u00een schimb, din bugetul propriu. Colaborarea dintre cele dou\u0103 dureaz\u0103 de cel pu\u021bin patru ani, \u00eens\u0103 AMS 2000 Trading Impex prime\u0219te contracte de la statul rom\u00e2n \u00eenc\u0103 din 2009. \u00cen total a c\u00e2\u0219tigat peste 300 milioane de lei din bani publici.<\/p>\n\n\n\n<p>Paula Dragomir, director general, ne-a spus c\u0103 atribuirea contractului a respectat procedurile prev\u0103zute \u00een Legea achizi\u021biilor publice.<\/p>\n\n\n\n<blockquote class=\"wp-block-quote is-layout-flow wp-block-quote-is-layout-flow\">\n<p>\u201eAvem peste 75 de angaja\u021bi, iar ast\u0103zi suntem una dintre cele mai experimentate, bine cunoscute \u0219i serioase companii care activeaz\u0103 pe aceast\u0103 pia\u021b\u0103. Av\u00e2nd \u00een vedere c\u0103 societatea noastr\u0103 furnizeaz\u0103 echipamente pentru uz medical, printre clien\u021bii no\u0219tri se num\u0103r\u0103 \u0219i unele spitale publice din Rom\u00e2nia cu care \u00eencheiem contracte de furnizare, exclusiv \u00een conformitate cu legisla\u021bia achizi\u021biilor publice.\u201d<\/p>\n<cite>Director AMS 2000 Trading Impex<\/cite><\/blockquote>\n\n\n\n<p>Buletin de Bucure\u0219ti a scris anul trecut despre cum, \u00een timpul st\u0103rii de urgen\u021b\u0103, firma <a href=\"https:\/\/buletin.de\/bucuresti\/bani-rapizi-din-teste-rapide-de-la-export-neautorizat-cu-ovule-si-embrioni-la-teste-covid-19-ep-3\/\">a v\u00e2ndut teste rapide de depistare Covid-19<\/a> c\u0103tre nou\u0103 institu\u021bii din Bucure\u0219ti. Administra\u021bia Spitalelor \u0219i Serviciilor Medicale Bucure\u0219ti (ASSMB) a pl\u0103tit atunci peste 230 mii de lei pentru aceste teste.<\/p>\n\n\n\n<p>La pachet cu istoricul \u00eendelungat al firmei vine \u0219i un scandal.<\/p>\n\n\n\n<p>La c\u00e2\u021biva ani dup\u0103 revolu\u021bia din 1989, c\u00e2nd investitorii intrau tot mai puternic \u00een Rom\u00e2nia, a ap\u0103rut A.M.S. 2000 Trading, fondat\u0103 de doi cet\u0103\u021beni israelieni: Yizhar David \u0219i Hof Yaacov. Mai trec c\u00e2\u021biva ani \u0219i o parte din AMS 2000 devine proprietate a unui offshore din Cipru \u2013 Sunstring Limited, iar cealalt\u0103 parte r\u0103m\u00e2ne la Hof Yaacov.<\/p>\n\n\n\n<p>Conform <a href=\"https:\/\/www.g4media.ro\/cazul-testelor-prenatale-pentru-care-dragnea-aloca-jumatate-de-miliard-de-lei-direct-de-la-buget-un-cetatean-israelian-implicat-intr-un-scandal-international-cu-trafic-cu-ovule-e-actionar-la-firma-ca.html\">G4Media<\/a>, Yaacov Hof a fost ac\u021bionarul firmei Global Art. <strong>BBC a ar\u0103tat \u00een 2005 c\u0103 a f\u0103cut export cu ovule \u0219i embrioni umani prevala\u021bi \u00een Rom\u00e2nia<\/strong>. La momentul respectiv <a href=\"https:\/\/jurnalul.ro\/stiri\/observator\/ovule-de-export-produse-in-abator-51321.html\">Jurnalul Na\u021bional<\/a> scria c\u0103 \u201e<em>Speciali\u0219tii cita\u021bi de jurnali\u0219tii britanici le repro\u0219eaz\u0103 ginecologilor \u0219i embriologilor care gestioneaz\u0103 afacerea \u201cGlobal Art\u201d c\u0103 recolteaz\u0103 ovule din Rom\u00e2nia, le fecundeaz\u0103 cu sperma unor b\u0103rba\u021bi din str\u0103in\u0103tate \u0219i, cu embrionii astfel obtinu\u021bi, fertilizeaz\u0103 cupluri care pl\u0103tesc cu bani grei fericirea de a avea copii.<\/em>\u201d<\/p>\n\n\n\n<p>Aceea\u0219i investiga\u021bie G4Media a ar\u0103tat c\u0103, \u00een 2019, Liviu Dragnea, pe atunci pre\u0219edintele PSD \u0219i al Camerei Deputa\u021bilor, a depus un amendament la legea bugetului prin care vrea s\u0103 aloce bani Ministerului S\u0103n\u0103t\u0103\u021bii pentru a cump\u0103ra teste prenatale Panorama. Firma care comercializa \u00een Rom\u00e2nia aceste teste Panorama este chiar AMS 2000 Trading Impex. Dragnea a scris \u00een amendamentul la buget c\u0103 \u201dProgramul Panorama presupune test\u0103ri prenatale, fiind estimat un num\u0103r de 200.000 de paciente anual cu un cost\/investiga\u021bie de 2.500 lei\u201d. Astfel rezult\u0103 o sum\u0103 anual\u0103 de 500 de milioane de lei cheltui\u021bi din bani publici pentru testele prenatale v\u00e2ndute de acela\u0219i beneficiar care a f\u0103cut trafic cu ovule \u0219i embriori.<\/p>\n\n\n\n<h2 class=\"wp-block-heading\">Firma care vinde la suprapre\u021b<\/h2>\n\n\n\n<p>Anul trecut, <a href=\"https:\/\/buletin.de\/bucuresti\/investigatie-de-garda-personalul-medical-de-la-spitalul-colentina-obligat-sa-faca-economie-la-echipamente-de-protectie-cumparate-la-suprapret\/\">o investiga\u021bie De Gard\u0103<\/a> marca Buletin de Bucure\u0219ti a ar\u0103tat c\u0103 Spitalul Colentina a cump\u0103rat trei mii de combinezoane la suprapre\u021b, \u00een timp ce cadrelor medicale li se cerea s\u0103 fac\u0103 economie la echipamente de protec\u021bie. Institutul Bal\u0219 a achizi\u021bionat de la aceea\u0219i firm\u0103 p\u0103guboas\u0103 trei sta\u021bii centrale de monitorizare cu 130 de mii de lei decontan\u021bi din fonduri europene.<\/p>\n\n\n\n<p>Principala activitate a Med Healthcare Project este, conform Ministerului Finan\u021belor, consultan\u021ba. \u00cen timpul pandemiei, \u00eens\u0103, toat\u0103 aten\u021bia s-a dus c\u0103tre comer\u021bul cu articole medicale, de altfel \u0219i cea mai profitabil\u0103 pia\u021b\u0103 a anului. A\u0219a a ajuns proprietarul firmei, Alexandru Cristian Toader, la doar 25 de ani, s\u0103 fie intermediar \u00eentre o firm\u0103 de mod\u0103 \u0219i compania Unifarm pentru un import de 2.2 milioane de m\u0103\u0219ti. C\u0103t\u0103lin Tolontan \u0219i R\u0103zvan Lu\u021bac au ar\u0103tat cum acestea au fost <a href=\"https:\/\/www.tolo.ro\/2020\/04\/09\/dat-afara-din-sri-fostul-comandor-alexandru-sas-a-importat-prin-firma-sotiei-22-milioane-de-masti-pentru-covid-19-din-china-care-au-ajuns-la-pret-dublu-la-unifarm-si-in-spitale\/\">v\u00e2ndute la pre\u021b dublu<\/a> statului rom\u00e2n de c\u0103tre Pop-Up, firma so\u021biei unui fost cadru al Serviciilor Rom\u00e2ne de Informa\u021bii (SRI), Alexandru Sas.<\/p>\n\n\n\n<blockquote class=\"wp-block-quote is-layout-flow wp-block-quote-is-layout-flow\">\n<p>\u201eTipul procedurii a fost licita\u021bie public\u0103 deschis\u0103 online, iar criteriul de atribuire a fost pre\u021bul cel mai mic. Med Healthcare Project a fost singurul ofertant care a depus ofert\u0103.\u201d <\/p>\n<cite>Adrian Marinescu, director medical Institutul Bal\u0219<\/cite><\/blockquote>\n\n\n\n<p>Reprezentan\u021bii Med Healthcare Project \u0219i Dutchmed au refuzat s\u0103 comenteze asupra celor scrise mai sus.<\/p>\n\n\n\n<p><em>Grafic\u0103: Ion Mate\u0219<br>Surs\u0103 cover foto: Octav Ganea\/INQUAM<\/em><\/p>\n\n\n\n<div class=\"wp-block-group\"><div class=\"wp-block-group__inner-container is-layout-flow wp-block-group-is-layout-flow\">\n<p style=\"font-size:23px\"><em>The production of this investigation was supported by a grant from the <a href=\"https:\/\/www.investigativejournalismforeu.net\" target=\"_blank\" rel=\"noreferrer noopener\">Investigative Journalism for Europe<\/a> (IJ4EU) fund<\/em>.<\/p>\n\n\n\n<div class=\"wp-block-image\"><figure class=\"aligncenter size-large\"><a href=\"https:\/\/www.investigativejournalismforeu.net\" target=\"_blank\" rel=\"noopener\"><img decoding=\"async\" width=\"596\" height=\"298\" src=\"data:image\/gif;base64,R0lGODlhAQABAAAAACH5BAEKAAEALAAAAAABAAEAAAICTAEAOw==\" data-src=\"https:\/\/buletin.de\/bucuresti\/wp-content\/uploads\/IJ4EU-Logo@3x.png\" alt=\"\" class=\"wp-image-22114 lazyload\" data-sizes=\"auto\" data-srcset=\"https:\/\/buletin.de\/bucuresti\/wp-content\/uploads\/IJ4EU-Logo@3x.png 596w, https:\/\/buletin.de\/bucuresti\/wp-content\/uploads\/IJ4EU-Logo@3x-300x150.png 300w, https:\/\/buletin.de\/bucuresti\/wp-content\/uploads\/IJ4EU-Logo@3x-550x275.png 550w\" sizes=\"(max-width: 596px) 100vw, 596px\" \/><\/a><\/figure><\/div>\n<\/div><\/div>\n","protected":false},"excerpt":{"rendered":"<p>C\u00e2teva milioane de lei din fondurile europene absorbite de Institutul Bal\u0219 \u00een anul pandemiei au ajuns \u00een conturile unor firme controversate. Printre patronii c\u00e2\u0219tig\u0103tori se afl\u0103 unul acuzat c\u0103 ar fi dat mit\u0103 Ministerului S\u0103n\u0103t\u0103\u021bii pentru a c\u00e2\u0219tiga licita\u021bii, o fost\u0103 consilier\u0103 \u00een cadrul Ministerului Sportului condus atunci de PSD \u0219i ac\u021bionarul unei firme care, [&hellip;]<\/p>\n","protected":false},"author":6,"featured_media":22615,"comment_status":"closed","ping_status":"open","sticky":false,"template":"","format":"standard","meta":{"_acf_changed":false,"inline_featured_image":false,"ngg_post_thumbnail":0,"footnotes":""},"categories":[996,6213,4],"tags":[720,2433,643,2486],"ppma_author":[22588],"class_list":["post-22608","post","type-post","status-publish","format-standard","has-post-thumbnail","hentry","category-covid-19","category-investigatii","category-sanatate","tag-achizitii-in-pandemie","tag-banii-europeni-in-pandemie","tag-covid19","tag-institutul-bals"],"acf":[],"yoast_head":"<!-- This site is optimized with the Yoast SEO Premium plugin v25.3 (Yoast SEO v27.5) - https:\/\/yoast.com\/product\/yoast-seo-premium-wordpress\/ -->\n<title>Institutul Bal\u0219 | Banii europeni pentru combaterea pandemiei, la o firm\u0103 acuzat\u0103 de dare de mit\u0103 - Buletin de Bucure\u0219ti<\/title>\n<meta name=\"robots\" content=\"index, follow, max-snippet:-1, max-image-preview:large, max-video-preview:-1\" \/>\n<link rel=\"canonical\" href=\"https:\/\/buletin.de\/bucuresti\/institutul-bals-banii-europeni-pentru-combaterea-pandemiei-la-o-firma-acuzata-de-dare-de-mita\/\" \/>\n<meta property=\"og:locale\" content=\"en_GB\" \/>\n<meta property=\"og:type\" content=\"article\" \/>\n<meta property=\"og:title\" content=\"Institutul Bal\u0219 | Banii europeni pentru combaterea pandemiei, la o firm\u0103 acuzat\u0103 de dare de mit\u0103\" \/>\n<meta property=\"og:description\" content=\"C\u00e2teva milioane de lei din fondurile europene absorbite de Institutul Bal\u0219 \u00een anul pandemiei au ajuns \u00een conturile unor firme controversate. Printre patronii c\u00e2\u0219tig\u0103tori se afl\u0103 unul acuzat c\u0103 ar fi dat mit\u0103 Ministerului S\u0103n\u0103t\u0103\u021bii pentru a c\u00e2\u0219tiga licita\u021bii, o fost\u0103 consilier\u0103 \u00een cadrul Ministerului Sportului condus atunci de PSD \u0219i ac\u021bionarul unei firme care, [&hellip;]\" \/>\n<meta property=\"og:url\" content=\"https:\/\/buletin.de\/bucuresti\/institutul-bals-banii-europeni-pentru-combaterea-pandemiei-la-o-firma-acuzata-de-dare-de-mita\/\" \/>\n<meta property=\"og:site_name\" content=\"Buletin de Bucure\u0219ti\" \/>\n<meta property=\"article:publisher\" content=\"https:\/\/www.facebook.com\/buletin.de.buc\" \/>\n<meta property=\"article:published_time\" content=\"2021-03-29T08:49:53+00:00\" \/>\n<meta property=\"article:modified_time\" content=\"2023-09-19T12:58:44+00:00\" \/>\n<meta property=\"og:image\" content=\"https:\/\/buletin.de\/bucuresti\/wp-content\/uploads\/ID136948_INQUAM_Photos_Octav_Ganea-scaled.jpg\" \/>\n\t<meta property=\"og:image:width\" content=\"2560\" \/>\n\t<meta property=\"og:image:height\" content=\"1707\" \/>\n\t<meta property=\"og:image:type\" content=\"image\/jpeg\" \/>\n<meta name=\"author\" content=\"Bianca Albu\" \/>\n<meta name=\"twitter:card\" content=\"summary_large_image\" \/>\n<meta name=\"twitter:label1\" content=\"Written by\" \/>\n\t<meta name=\"twitter:data1\" content=\"Bianca Albu\" \/>\n\t<meta name=\"twitter:label2\" content=\"Estimated reading time\" \/>\n\t<meta name=\"twitter:data2\" content=\"6 minutes\" \/>\n<script type=\"application\/ld+json\" class=\"yoast-schema-graph\">{\"@context\":\"https:\\\/\\\/schema.org\",\"@graph\":[{\"@type\":\"Article\",\"@id\":\"https:\\\/\\\/buletin.de\\\/bucuresti\\\/institutul-bals-banii-europeni-pentru-combaterea-pandemiei-la-o-firma-acuzata-de-dare-de-mita\\\/#article\",\"isPartOf\":{\"@id\":\"https:\\\/\\\/buletin.de\\\/bucuresti\\\/institutul-bals-banii-europeni-pentru-combaterea-pandemiei-la-o-firma-acuzata-de-dare-de-mita\\\/\"},\"author\":{\"name\":\"Bianca Albu\",\"@id\":\"https:\\\/\\\/buletin.de\\\/bucuresti\\\/#\\\/schema\\\/person\\\/295dc2228d2dc79294d636619468dc7f\"},\"headline\":\"Institutul Bal\u0219 | Banii europeni pentru combaterea pandemiei, la o firm\u0103 acuzat\u0103 de dare de mit\u0103\",\"datePublished\":\"2021-03-29T08:49:53+00:00\",\"dateModified\":\"2023-09-19T12:58:44+00:00\",\"mainEntityOfPage\":{\"@id\":\"https:\\\/\\\/buletin.de\\\/bucuresti\\\/institutul-bals-banii-europeni-pentru-combaterea-pandemiei-la-o-firma-acuzata-de-dare-de-mita\\\/\"},\"wordCount\":1644,\"publisher\":{\"@id\":\"https:\\\/\\\/buletin.de\\\/bucuresti\\\/#organization\"},\"image\":{\"@id\":\"https:\\\/\\\/buletin.de\\\/bucuresti\\\/institutul-bals-banii-europeni-pentru-combaterea-pandemiei-la-o-firma-acuzata-de-dare-de-mita\\\/#primaryimage\"},\"thumbnailUrl\":\"https:\\\/\\\/buletin.de\\\/bucuresti\\\/wp-content\\\/uploads\\\/ID136948_INQUAM_Photos_Octav_Ganea-scaled.jpg\",\"keywords\":[\"achizitii in pandemie\",\"Banii europeni \u00een pandemie\",\"covid19\",\"institutul bals\"],\"articleSection\":[\"Covid-19\",\"Investiga\u021bii\",\"S\u0103n\u0103tate\"],\"inLanguage\":\"en-GB\",\"copyrightYear\":\"2021\",\"copyrightHolder\":{\"@id\":\"https:\\\/\\\/buletin.de\\\/bucuresti\\\/#organization\"}},{\"@type\":\"WebPage\",\"@id\":\"https:\\\/\\\/buletin.de\\\/bucuresti\\\/institutul-bals-banii-europeni-pentru-combaterea-pandemiei-la-o-firma-acuzata-de-dare-de-mita\\\/\",\"url\":\"https:\\\/\\\/buletin.de\\\/bucuresti\\\/institutul-bals-banii-europeni-pentru-combaterea-pandemiei-la-o-firma-acuzata-de-dare-de-mita\\\/\",\"name\":\"Institutul Bal\u0219 | Banii europeni pentru combaterea pandemiei, la o firm\u0103 acuzat\u0103 de dare de mit\u0103 - Buletin de Bucure\u0219ti\",\"isPartOf\":{\"@id\":\"https:\\\/\\\/buletin.de\\\/bucuresti\\\/#website\"},\"primaryImageOfPage\":{\"@id\":\"https:\\\/\\\/buletin.de\\\/bucuresti\\\/institutul-bals-banii-europeni-pentru-combaterea-pandemiei-la-o-firma-acuzata-de-dare-de-mita\\\/#primaryimage\"},\"image\":{\"@id\":\"https:\\\/\\\/buletin.de\\\/bucuresti\\\/institutul-bals-banii-europeni-pentru-combaterea-pandemiei-la-o-firma-acuzata-de-dare-de-mita\\\/#primaryimage\"},\"thumbnailUrl\":\"https:\\\/\\\/buletin.de\\\/bucuresti\\\/wp-content\\\/uploads\\\/ID136948_INQUAM_Photos_Octav_Ganea-scaled.jpg\",\"datePublished\":\"2021-03-29T08:49:53+00:00\",\"dateModified\":\"2023-09-19T12:58:44+00:00\",\"breadcrumb\":{\"@id\":\"https:\\\/\\\/buletin.de\\\/bucuresti\\\/institutul-bals-banii-europeni-pentru-combaterea-pandemiei-la-o-firma-acuzata-de-dare-de-mita\\\/#breadcrumb\"},\"inLanguage\":\"en-GB\",\"potentialAction\":[{\"@type\":\"ReadAction\",\"target\":[\"https:\\\/\\\/buletin.de\\\/bucuresti\\\/institutul-bals-banii-europeni-pentru-combaterea-pandemiei-la-o-firma-acuzata-de-dare-de-mita\\\/\"]}]},{\"@type\":\"ImageObject\",\"inLanguage\":\"en-GB\",\"@id\":\"https:\\\/\\\/buletin.de\\\/bucuresti\\\/institutul-bals-banii-europeni-pentru-combaterea-pandemiei-la-o-firma-acuzata-de-dare-de-mita\\\/#primaryimage\",\"url\":\"https:\\\/\\\/buletin.de\\\/bucuresti\\\/wp-content\\\/uploads\\\/ID136948_INQUAM_Photos_Octav_Ganea-scaled.jpg\",\"contentUrl\":\"https:\\\/\\\/buletin.de\\\/bucuresti\\\/wp-content\\\/uploads\\\/ID136948_INQUAM_Photos_Octav_Ganea-scaled.jpg\",\"width\":2560,\"height\":1707},{\"@type\":\"BreadcrumbList\",\"@id\":\"https:\\\/\\\/buletin.de\\\/bucuresti\\\/institutul-bals-banii-europeni-pentru-combaterea-pandemiei-la-o-firma-acuzata-de-dare-de-mita\\\/#breadcrumb\",\"itemListElement\":[{\"@type\":\"ListItem\",\"position\":1,\"name\":\"Acas\u0103\",\"item\":\"https:\\\/\\\/buletin.de\\\/bucuresti\\\/\"},{\"@type\":\"ListItem\",\"position\":2,\"name\":\"Institutul Bal\u0219 | Banii europeni pentru combaterea pandemiei, la o firm\u0103 acuzat\u0103 de dare de mit\u0103\"}]},{\"@type\":\"WebSite\",\"@id\":\"https:\\\/\\\/buletin.de\\\/bucuresti\\\/#website\",\"url\":\"https:\\\/\\\/buletin.de\\\/bucuresti\\\/\",\"name\":\"Buletin de Bucure\u0219ti\",\"description\":\"\u0218tiri \u0219i investiga\u021bii esen\u021biale din capital\u0103\",\"publisher\":{\"@id\":\"https:\\\/\\\/buletin.de\\\/bucuresti\\\/#organization\"},\"potentialAction\":[{\"@type\":\"SearchAction\",\"target\":{\"@type\":\"EntryPoint\",\"urlTemplate\":\"https:\\\/\\\/buletin.de\\\/bucuresti\\\/?s={search_term_string}\"},\"query-input\":{\"@type\":\"PropertyValueSpecification\",\"valueRequired\":true,\"valueName\":\"search_term_string\"}}],\"inLanguage\":\"en-GB\"},{\"@type\":\"Organization\",\"@id\":\"https:\\\/\\\/buletin.de\\\/bucuresti\\\/#organization\",\"name\":\"Buletin de Bucure\u0219ti\",\"url\":\"https:\\\/\\\/buletin.de\\\/bucuresti\\\/\",\"logo\":{\"@type\":\"ImageObject\",\"inLanguage\":\"en-GB\",\"@id\":\"https:\\\/\\\/buletin.de\\\/bucuresti\\\/#\\\/schema\\\/logo\\\/image\\\/\",\"url\":\"https:\\\/\\\/buletin.de\\\/bucuresti\\\/wp-content\\\/uploads\\\/logo-bdb-full-wide-vernil-transparent.png\",\"contentUrl\":\"https:\\\/\\\/buletin.de\\\/bucuresti\\\/wp-content\\\/uploads\\\/logo-bdb-full-wide-vernil-transparent.png\",\"width\":1782,\"height\":626,\"caption\":\"Buletin de Bucure\u0219ti\"},\"image\":{\"@id\":\"https:\\\/\\\/buletin.de\\\/bucuresti\\\/#\\\/schema\\\/logo\\\/image\\\/\"},\"sameAs\":[\"https:\\\/\\\/www.facebook.com\\\/buletin.de.buc\",\"https:\\\/\\\/www.instagram.com\\\/buletinde.bucuresti\\\/\"]},{\"@type\":\"Person\",\"@id\":\"https:\\\/\\\/buletin.de\\\/bucuresti\\\/#\\\/schema\\\/person\\\/295dc2228d2dc79294d636619468dc7f\",\"name\":\"Bianca Albu\",\"image\":{\"@type\":\"ImageObject\",\"inLanguage\":\"en-GB\",\"@id\":\"https:\\\/\\\/secure.gravatar.com\\\/avatar\\\/3df2e34e20f529e6fd7be4311ee1f7c4ec4aa886971590baf6fa214b15743516?s=96&d=monsterid&r=gf541c715eeec409ce8101252a3c0d8a7\",\"url\":\"https:\\\/\\\/secure.gravatar.com\\\/avatar\\\/3df2e34e20f529e6fd7be4311ee1f7c4ec4aa886971590baf6fa214b15743516?s=96&d=monsterid&r=g\",\"contentUrl\":\"https:\\\/\\\/secure.gravatar.com\\\/avatar\\\/3df2e34e20f529e6fd7be4311ee1f7c4ec4aa886971590baf6fa214b15743516?s=96&d=monsterid&r=g\",\"caption\":\"Bianca Albu\"},\"description\":\"Reporter\",\"url\":\"https:\\\/\\\/buletin.de\\\/bucuresti\\\/author\\\/biancaalbu\\\/\"}]}<\/script>\n<!-- \/ Yoast SEO Premium plugin. -->","yoast_head_json":{"title":"Institutul Bal\u0219 | Banii europeni pentru combaterea pandemiei, la o firm\u0103 acuzat\u0103 de dare de mit\u0103 - Buletin de Bucure\u0219ti","robots":{"index":"index","follow":"follow","max-snippet":"max-snippet:-1","max-image-preview":"max-image-preview:large","max-video-preview":"max-video-preview:-1"},"canonical":"https:\/\/buletin.de\/bucuresti\/institutul-bals-banii-europeni-pentru-combaterea-pandemiei-la-o-firma-acuzata-de-dare-de-mita\/","og_locale":"en_GB","og_type":"article","og_title":"Institutul Bal\u0219 | Banii europeni pentru combaterea pandemiei, la o firm\u0103 acuzat\u0103 de dare de mit\u0103","og_description":"C\u00e2teva milioane de lei din fondurile europene absorbite de Institutul Bal\u0219 \u00een anul pandemiei au ajuns \u00een conturile unor firme controversate. Printre patronii c\u00e2\u0219tig\u0103tori se afl\u0103 unul acuzat c\u0103 ar fi dat mit\u0103 Ministerului S\u0103n\u0103t\u0103\u021bii pentru a c\u00e2\u0219tiga licita\u021bii, o fost\u0103 consilier\u0103 \u00een cadrul Ministerului Sportului condus atunci de PSD \u0219i ac\u021bionarul unei firme care, [&hellip;]","og_url":"https:\/\/buletin.de\/bucuresti\/institutul-bals-banii-europeni-pentru-combaterea-pandemiei-la-o-firma-acuzata-de-dare-de-mita\/","og_site_name":"Buletin de Bucure\u0219ti","article_publisher":"https:\/\/www.facebook.com\/buletin.de.buc","article_published_time":"2021-03-29T08:49:53+00:00","article_modified_time":"2023-09-19T12:58:44+00:00","og_image":[{"width":2560,"height":1707,"url":"https:\/\/buletin.de\/bucuresti\/wp-content\/uploads\/ID136948_INQUAM_Photos_Octav_Ganea-scaled.jpg","type":"image\/jpeg"}],"author":"Bianca Albu","twitter_card":"summary_large_image","twitter_misc":{"Written by":"Bianca Albu","Estimated reading time":"6 minutes"},"schema":{"@context":"https:\/\/schema.org","@graph":[{"@type":"Article","@id":"https:\/\/buletin.de\/bucuresti\/institutul-bals-banii-europeni-pentru-combaterea-pandemiei-la-o-firma-acuzata-de-dare-de-mita\/#article","isPartOf":{"@id":"https:\/\/buletin.de\/bucuresti\/institutul-bals-banii-europeni-pentru-combaterea-pandemiei-la-o-firma-acuzata-de-dare-de-mita\/"},"author":{"name":"Bianca Albu","@id":"https:\/\/buletin.de\/bucuresti\/#\/schema\/person\/295dc2228d2dc79294d636619468dc7f"},"headline":"Institutul Bal\u0219 | Banii europeni pentru combaterea pandemiei, la o firm\u0103 acuzat\u0103 de dare de mit\u0103","datePublished":"2021-03-29T08:49:53+00:00","dateModified":"2023-09-19T12:58:44+00:00","mainEntityOfPage":{"@id":"https:\/\/buletin.de\/bucuresti\/institutul-bals-banii-europeni-pentru-combaterea-pandemiei-la-o-firma-acuzata-de-dare-de-mita\/"},"wordCount":1644,"publisher":{"@id":"https:\/\/buletin.de\/bucuresti\/#organization"},"image":{"@id":"https:\/\/buletin.de\/bucuresti\/institutul-bals-banii-europeni-pentru-combaterea-pandemiei-la-o-firma-acuzata-de-dare-de-mita\/#primaryimage"},"thumbnailUrl":"https:\/\/buletin.de\/bucuresti\/wp-content\/uploads\/ID136948_INQUAM_Photos_Octav_Ganea-scaled.jpg","keywords":["achizitii in pandemie","Banii europeni \u00een pandemie","covid19","institutul bals"],"articleSection":["Covid-19","Investiga\u021bii","S\u0103n\u0103tate"],"inLanguage":"en-GB","copyrightYear":"2021","copyrightHolder":{"@id":"https:\/\/buletin.de\/bucuresti\/#organization"}},{"@type":"WebPage","@id":"https:\/\/buletin.de\/bucuresti\/institutul-bals-banii-europeni-pentru-combaterea-pandemiei-la-o-firma-acuzata-de-dare-de-mita\/","url":"https:\/\/buletin.de\/bucuresti\/institutul-bals-banii-europeni-pentru-combaterea-pandemiei-la-o-firma-acuzata-de-dare-de-mita\/","name":"Institutul Bal\u0219 | Banii europeni pentru combaterea pandemiei, la o firm\u0103 acuzat\u0103 de dare de mit\u0103 - Buletin de Bucure\u0219ti","isPartOf":{"@id":"https:\/\/buletin.de\/bucuresti\/#website"},"primaryImageOfPage":{"@id":"https:\/\/buletin.de\/bucuresti\/institutul-bals-banii-europeni-pentru-combaterea-pandemiei-la-o-firma-acuzata-de-dare-de-mita\/#primaryimage"},"image":{"@id":"https:\/\/buletin.de\/bucuresti\/institutul-bals-banii-europeni-pentru-combaterea-pandemiei-la-o-firma-acuzata-de-dare-de-mita\/#primaryimage"},"thumbnailUrl":"https:\/\/buletin.de\/bucuresti\/wp-content\/uploads\/ID136948_INQUAM_Photos_Octav_Ganea-scaled.jpg","datePublished":"2021-03-29T08:49:53+00:00","dateModified":"2023-09-19T12:58:44+00:00","breadcrumb":{"@id":"https:\/\/buletin.de\/bucuresti\/institutul-bals-banii-europeni-pentru-combaterea-pandemiei-la-o-firma-acuzata-de-dare-de-mita\/#breadcrumb"},"inLanguage":"en-GB","potentialAction":[{"@type":"ReadAction","target":["https:\/\/buletin.de\/bucuresti\/institutul-bals-banii-europeni-pentru-combaterea-pandemiei-la-o-firma-acuzata-de-dare-de-mita\/"]}]},{"@type":"ImageObject","inLanguage":"en-GB","@id":"https:\/\/buletin.de\/bucuresti\/institutul-bals-banii-europeni-pentru-combaterea-pandemiei-la-o-firma-acuzata-de-dare-de-mita\/#primaryimage","url":"https:\/\/buletin.de\/bucuresti\/wp-content\/uploads\/ID136948_INQUAM_Photos_Octav_Ganea-scaled.jpg","contentUrl":"https:\/\/buletin.de\/bucuresti\/wp-content\/uploads\/ID136948_INQUAM_Photos_Octav_Ganea-scaled.jpg","width":2560,"height":1707},{"@type":"BreadcrumbList","@id":"https:\/\/buletin.de\/bucuresti\/institutul-bals-banii-europeni-pentru-combaterea-pandemiei-la-o-firma-acuzata-de-dare-de-mita\/#breadcrumb","itemListElement":[{"@type":"ListItem","position":1,"name":"Acas\u0103","item":"https:\/\/buletin.de\/bucuresti\/"},{"@type":"ListItem","position":2,"name":"Institutul Bal\u0219 | Banii europeni pentru combaterea pandemiei, la o firm\u0103 acuzat\u0103 de dare de mit\u0103"}]},{"@type":"WebSite","@id":"https:\/\/buletin.de\/bucuresti\/#website","url":"https:\/\/buletin.de\/bucuresti\/","name":"Buletin de Bucure\u0219ti","description":"\u0218tiri \u0219i investiga\u021bii esen\u021biale din capital\u0103","publisher":{"@id":"https:\/\/buletin.de\/bucuresti\/#organization"},"potentialAction":[{"@type":"SearchAction","target":{"@type":"EntryPoint","urlTemplate":"https:\/\/buletin.de\/bucuresti\/?s={search_term_string}"},"query-input":{"@type":"PropertyValueSpecification","valueRequired":true,"valueName":"search_term_string"}}],"inLanguage":"en-GB"},{"@type":"Organization","@id":"https:\/\/buletin.de\/bucuresti\/#organization","name":"Buletin de Bucure\u0219ti","url":"https:\/\/buletin.de\/bucuresti\/","logo":{"@type":"ImageObject","inLanguage":"en-GB","@id":"https:\/\/buletin.de\/bucuresti\/#\/schema\/logo\/image\/","url":"https:\/\/buletin.de\/bucuresti\/wp-content\/uploads\/logo-bdb-full-wide-vernil-transparent.png","contentUrl":"https:\/\/buletin.de\/bucuresti\/wp-content\/uploads\/logo-bdb-full-wide-vernil-transparent.png","width":1782,"height":626,"caption":"Buletin de Bucure\u0219ti"},"image":{"@id":"https:\/\/buletin.de\/bucuresti\/#\/schema\/logo\/image\/"},"sameAs":["https:\/\/www.facebook.com\/buletin.de.buc","https:\/\/www.instagram.com\/buletinde.bucuresti\/"]},{"@type":"Person","@id":"https:\/\/buletin.de\/bucuresti\/#\/schema\/person\/295dc2228d2dc79294d636619468dc7f","name":"Bianca Albu","image":{"@type":"ImageObject","inLanguage":"en-GB","@id":"https:\/\/secure.gravatar.com\/avatar\/3df2e34e20f529e6fd7be4311ee1f7c4ec4aa886971590baf6fa214b15743516?s=96&d=monsterid&r=gf541c715eeec409ce8101252a3c0d8a7","url":"https:\/\/secure.gravatar.com\/avatar\/3df2e34e20f529e6fd7be4311ee1f7c4ec4aa886971590baf6fa214b15743516?s=96&d=monsterid&r=g","contentUrl":"https:\/\/secure.gravatar.com\/avatar\/3df2e34e20f529e6fd7be4311ee1f7c4ec4aa886971590baf6fa214b15743516?s=96&d=monsterid&r=g","caption":"Bianca Albu"},"description":"Reporter","url":"https:\/\/buletin.de\/bucuresti\/author\/biancaalbu\/"}]}},"authors":[{"term_id":22588,"user_id":6,"is_guest":0,"slug":"biancaalbu","display_name":"Bianca Albu","avatar_url":"https:\/\/secure.gravatar.com\/avatar\/3df2e34e20f529e6fd7be4311ee1f7c4ec4aa886971590baf6fa214b15743516?s=96&d=monsterid&r=g","0":null,"1":"","2":"","3":"","4":"","5":"","6":"","7":"","8":""}],"_links":{"self":[{"href":"https:\/\/buletin.de\/bucuresti\/wp-json\/wp\/v2\/posts\/22608","targetHints":{"allow":["GET"]}}],"collection":[{"href":"https:\/\/buletin.de\/bucuresti\/wp-json\/wp\/v2\/posts"}],"about":[{"href":"https:\/\/buletin.de\/bucuresti\/wp-json\/wp\/v2\/types\/post"}],"author":[{"embeddable":true,"href":"https:\/\/buletin.de\/bucuresti\/wp-json\/wp\/v2\/users\/6"}],"replies":[{"embeddable":true,"href":"https:\/\/buletin.de\/bucuresti\/wp-json\/wp\/v2\/comments?post=22608"}],"version-history":[{"count":12,"href":"https:\/\/buletin.de\/bucuresti\/wp-json\/wp\/v2\/posts\/22608\/revisions"}],"predecessor-version":[{"id":62747,"href":"https:\/\/buletin.de\/bucuresti\/wp-json\/wp\/v2\/posts\/22608\/revisions\/62747"}],"wp:featuredmedia":[{"embeddable":true,"href":"https:\/\/buletin.de\/bucuresti\/wp-json\/wp\/v2\/media\/22615"}],"wp:attachment":[{"href":"https:\/\/buletin.de\/bucuresti\/wp-json\/wp\/v2\/media?parent=22608"}],"wp:term":[{"taxonomy":"category","embeddable":true,"href":"https:\/\/buletin.de\/bucuresti\/wp-json\/wp\/v2\/categories?post=22608"},{"taxonomy":"post_tag","embeddable":true,"href":"https:\/\/buletin.de\/bucuresti\/wp-json\/wp\/v2\/tags?post=22608"},{"taxonomy":"author","embeddable":true,"href":"https:\/\/buletin.de\/bucuresti\/wp-json\/wp\/v2\/ppma_author?post=22608"}],"curies":[{"name":"wp","href":"https:\/\/api.w.org\/{rel}","templated":true}]}}