{"id":22530,"date":"2021-04-01T10:05:37","date_gmt":"2021-04-01T08:05:37","guid":{"rendered":"https:\/\/buletin.de\/bucuresti\/?p=22530"},"modified":"2023-09-19T14:56:08","modified_gmt":"2023-09-19T12:56:08","slug":"cine-sunt-cei-care-conduc-cluburile-de-fite-din-capitala-amendate-de-politisti-in-weekend-ep-2-patronii-loft-conectati-cu-un-fost-sef-sri-si-cu-persoane-cercetate-penal","status":"publish","type":"post","link":"https:\/\/buletin.de\/bucuresti\/cine-sunt-cei-care-conduc-cluburile-de-fite-din-capitala-amendate-de-politisti-in-weekend-ep-2-patronii-loft-conectati-cu-un-fost-sef-sri-si-cu-persoane-cercetate-penal\/","title":{"rendered":"Cine sunt cei care conduc cluburile de fi\u021be din Capital\u0103 amendate de poli\u021bi\u0219ti \u00een weekend. Ep. 2. Patronii Loft, conecta\u021bi cu un fost \u0219ef SRI \u0219i cu persoane cercetate penal"},"content":{"rendered":"\n<p><em>Clubul Loft Diplomat din parcul Her\u0103str\u0103u a fost amendat pe 27 martie cu 10.000 lei pentru nerespectarea regulilor de siguran\u021b\u0103 \u00eempotriva Covid-19. Iar aceasta nu e prima abatere. \u00cen spatele clubului, se afl\u0103 oameni de afaceri cu conexiuni influente, precum Ion Biri\u0219, ginerele unui fost \u0219ef SRI, sau Petre Berciu, partener de afaceri cu Remus Truic\u0103, fostul \u0219ef de cabinet \u00een guvernul Adrian N\u0103stase.<\/em><\/p>\n\n\n\n<p>S\u00e2mb\u0103t\u0103, 27 martie, Bucure\u0219ti \u2013 Cazurile de Covid-19 sunt \u00een cre\u0219tere, iar autorit\u0103\u021bile decid s\u0103 \u00een\u0103spreasc\u0103 m\u0103surile de restric\u021bie. Cluburile de fi\u021be de pe malul lacului Her\u0103str\u0103u continu\u0103 s\u0103 fie pline de oameni care petrec f\u0103r\u0103 masc\u0103, f\u0103r\u0103 distan\u021bare social\u0103, f\u0103r\u0103 grij\u0103 de pandemie. Asta \u00een ciuda faptului c\u0103, \u00een urm\u0103 cu o s\u0103pt\u0103m\u00e2n\u0103, mai multe <a href=\"https:\/\/buletin.de\/bucuresti\/cine-sunt-cei-care-conduc-cluburile-de-fite-din-capitala-amendate-de-politisti-in-weekend-unii-dintre-patroni-conectati-politic\/\">filmule\u021be publicate pe social media cu petrecerile din Her\u0103str\u0103u<\/a> au st\u00e2rnit un scandal public.<\/p>\n\n\n\n<p><\/p>\n\n\n\n<div class=\"wp-block-image\"><figure class=\"aligncenter size-large is-resized\"><img fetchpriority=\"high\" decoding=\"async\" src=\"data:image\/gif;base64,R0lGODlhAQABAAAAACH5BAEKAAEALAAAAAABAAEAAAICTAEAOw==\" data-src=\"https:\/\/buletin.de\/bucuresti\/wp-content\/uploads\/vps1-1-4-900x538.png\" alt=\"\" class=\"wp-image-22531 lazyload\" width=\"900\" height=\"538\" data-sizes=\"auto\" data-srcset=\"https:\/\/buletin.de\/bucuresti\/wp-content\/uploads\/vps1-1-4-900x538.png 900w, https:\/\/buletin.de\/bucuresti\/wp-content\/uploads\/vps1-1-4-300x179.png 300w, https:\/\/buletin.de\/bucuresti\/wp-content\/uploads\/vps1-1-4-768x459.png 768w, https:\/\/buletin.de\/bucuresti\/wp-content\/uploads\/vps1-1-4-1536x919.png 1536w, https:\/\/buletin.de\/bucuresti\/wp-content\/uploads\/vps1-1-4-2048x1225.png 2048w, https:\/\/buletin.de\/bucuresti\/wp-content\/uploads\/vps1-1-4-1060x634.png 1060w, https:\/\/buletin.de\/bucuresti\/wp-content\/uploads\/vps1-1-4-550x329.png 550w, https:\/\/buletin.de\/bucuresti\/wp-content\/uploads\/vps1-1-4-836x500.png 836w, https:\/\/buletin.de\/bucuresti\/wp-content\/uploads\/vps1-1-4-1920x1148.png 1920w, https:\/\/buletin.de\/bucuresti\/wp-content\/uploads\/vps1-1-4-1806x1080.png 1806w, https:\/\/buletin.de\/bucuresti\/wp-content\/uploads\/vps1-1-4-600x359.png 600w\" sizes=\"(max-width: 900px) 100vw, 900px\" \/><figcaption>Instagram Stories capturate \u00een seara de 27 martie \u00een Loft<\/figcaption><\/figure><\/div>\n\n\n\n<p>Loft Diplomat este unul dintre cluburile care au fost amendate s\u00e2mb\u0103t\u0103, 27 martie, cu 10.000 lei, pentru \u00eenc\u0103lcarea m\u0103surilor privind combaterea efectelor pandemiei de COVID-19. \u201e<em>Totodat\u0103, av\u00e2nd \u00een vedere c\u0103 operatorul economic a mai fost sanc\u021bionat, este analizat\u0103 de c\u0103tre Direc\u021bia de S\u0103n\u0103tate Public\u0103 \u0219i m\u0103sura de&nbsp; suspendare a activit\u0103\u021bii<\/em>\u201d, scrie \u00eentr-un comunicat al Poli\u021biei. Am \u00eencercat s\u0103 afl\u0103m dac\u0103 s-a decis suspendarea, \u00eens\u0103 nu ne-a r\u0103spuns nimeni de la DSP. <a href=\"https:\/\/www.digi24.ro\/stiri\/actualitate\/lista-cluburi-cunoscute-din-bucuresti-inchise-in-urma-controalelor-amenzile-primite-pentru-incalcarea-restrictiilor-1475723?fbclid=IwAR3OeVMDJfF3kIyNoNFop1T5JVgqcWSMHR_8JXqTUOVdWbgCu6jiT58UD_Q\">Digi24<\/a> a anun\u021bat c\u0103 activitatea Loft a fost suspendat\u0103 pentru 30 de zile. Pozele de pe Instagram arat\u0103 opusul: persoane care stau la teras\u0103 \u0219i se bucur\u0103 de brunch.<\/p>\n\n\n\n<div class=\"wp-block-image\"><figure class=\"aligncenter size-large is-resized\"><img decoding=\"async\" src=\"data:image\/gif;base64,R0lGODlhAQABAAAAACH5BAEKAAEALAAAAAABAAEAAAICTAEAOw==\" data-src=\"https:\/\/buletin.de\/bucuresti\/wp-content\/uploads\/Screenshot_17-3-900x580.png\" alt=\"\" class=\"wp-image-22781 lazyload\" width=\"900\" height=\"580\" data-sizes=\"auto\" data-srcset=\"https:\/\/buletin.de\/bucuresti\/wp-content\/uploads\/Screenshot_17-3-900x580.png 900w, https:\/\/buletin.de\/bucuresti\/wp-content\/uploads\/Screenshot_17-3-300x193.png 300w, https:\/\/buletin.de\/bucuresti\/wp-content\/uploads\/Screenshot_17-3-768x495.png 768w, https:\/\/buletin.de\/bucuresti\/wp-content\/uploads\/Screenshot_17-3-550x354.png 550w, https:\/\/buletin.de\/bucuresti\/wp-content\/uploads\/Screenshot_17-3-776x500.png 776w, https:\/\/buletin.de\/bucuresti\/wp-content\/uploads\/Screenshot_17-3-600x386.png 600w, https:\/\/buletin.de\/bucuresti\/wp-content\/uploads\/Screenshot_17-3.png 941w\" sizes=\"(max-width: 900px) 100vw, 900px\" \/><figcaption>Poz\u0103 de pe Instagram publicat\u0103 pe 30 martie<\/figcaption><\/figure><\/div>\n\n\n\n<p><\/p>\n\n\n\n<div class=\"wp-block-image\"><figure class=\"aligncenter size-large is-resized\"><img decoding=\"async\" src=\"data:image\/gif;base64,R0lGODlhAQABAAAAACH5BAEKAAEALAAAAAABAAEAAAICTAEAOw==\" data-src=\"https:\/\/buletin.de\/bucuresti\/wp-content\/uploads\/Screenshot_4-26.png\" alt=\"\" class=\"wp-image-22532 lazyload\" width=\"813\" height=\"595\" data-sizes=\"auto\" data-srcset=\"https:\/\/buletin.de\/bucuresti\/wp-content\/uploads\/Screenshot_4-26.png 813w, https:\/\/buletin.de\/bucuresti\/wp-content\/uploads\/Screenshot_4-26-300x220.png 300w, https:\/\/buletin.de\/bucuresti\/wp-content\/uploads\/Screenshot_4-26-768x562.png 768w, https:\/\/buletin.de\/bucuresti\/wp-content\/uploads\/Screenshot_4-26-550x403.png 550w, https:\/\/buletin.de\/bucuresti\/wp-content\/uploads\/Screenshot_4-26-683x500.png 683w, https:\/\/buletin.de\/bucuresti\/wp-content\/uploads\/Screenshot_4-26-600x439.png 600w\" sizes=\"(max-width: 813px) 100vw, 813px\" \/><figcaption>Poz\u0103 de pe Instagram capturat\u0103 pe 28 martie<\/figcaption><\/figure><\/div>\n\n\n\n<p><\/p>\n\n\n\n<p>Loft Diplomat este controlat de grupul HERS \u2013 High End Restaurant Solutions. Portofoliul lor include mai multe localuri de lux din \u021bar\u0103, precum El Capitan Snagov, Magellan&#8217;s \u0219i Office Predeal. Cei doi patroni cunoscu\u021bi ai Loft sunt Petru Berciu \u0219i Ion Biri\u0219. \u201e<em>Pentru noi e o surs\u0103 de experien\u0163e memorabile<\/em>\u201d, a declarat cel din urm\u0103 \u00eentr-un interviu pentru <a href=\"https:\/\/life.ro\/istoria-clubbingului-de-lux-din-bucuresti-loft\/\">Life.ro.<\/a><\/p>\n\n\n\n<p><strong>Ion Andrei Biri\u0219<\/strong> este nepotul lui Teodor Biri\u0219, ex-primarul Snagovului. Totodat\u0103, este ginerele fostului director al Serviciului Rom\u00e2n de Informa\u021bii (SRI), Virgil M\u0103gureanu, care \u00een 2017 a fost trimis \u00een judecat\u0103 \u00een dosarul Mineriadei pentru infrac\u021biuni contra umanit\u0103\u021bii. Ion Biri\u0219 a fost partener de afaceri cu Remus Truic\u0103, fostul \u0219ef de cabinet \u00een guvernul Adrian N\u0103stase, condamnat la \u00eenchisoare \u00een dosarul retroced\u0103rii ilegale a Fermei regale de la B\u0103neasa.<\/p>\n\n\n\n<div class=\"wp-block-image\"><figure class=\"aligncenter size-large is-resized\"><img loading=\"lazy\" decoding=\"async\" src=\"data:image\/gif;base64,R0lGODlhAQABAAAAACH5BAEKAAEALAAAAAABAAEAAAICTAEAOw==\" data-src=\"https:\/\/buletin.de\/bucuresti\/wp-content\/uploads\/Screenshot_1-57-900x472.png\" alt=\"\" class=\"wp-image-22533 lazyload\" width=\"900\" height=\"472\" data-sizes=\"auto\" data-srcset=\"https:\/\/buletin.de\/bucuresti\/wp-content\/uploads\/Screenshot_1-57-900x472.png 900w, https:\/\/buletin.de\/bucuresti\/wp-content\/uploads\/Screenshot_1-57-300x157.png 300w, https:\/\/buletin.de\/bucuresti\/wp-content\/uploads\/Screenshot_1-57-768x403.png 768w, https:\/\/buletin.de\/bucuresti\/wp-content\/uploads\/Screenshot_1-57-550x288.png 550w, https:\/\/buletin.de\/bucuresti\/wp-content\/uploads\/Screenshot_1-57-600x315.png 600w, https:\/\/buletin.de\/bucuresti\/wp-content\/uploads\/Screenshot_1-57.png 931w\" sizes=\"(max-width: 900px) 100vw, 900px\" \/><\/figure><\/div>\n\n\n\n<p><\/p>\n\n\n\n<p>Patronul Loft a colaborat \u0219i cu Vladimir Cohn, fost ac\u021bionar al clubului de fotbal Dinamo, \u0219i cu Nicolae Dumitru, zis Niro, cel care a pus bazele complexului comercial Europa \u0219i Dragonul Ro\u0219u din Bucure\u0219ti. O investiga\u021bie <a href=\"https:\/\/www.riseproject.ro\/articol\/iluzia-lui-niro\/\">Rise Project<\/a> arat\u0103 c\u0103 numele lui Niro apare \u00een #ParadisePapers, o scurgere de informa\u021bii din paradisurile fiscale \u2013 folosite de corpora\u021bii, politicieni \u0219i de crima organizat\u0103 ca s\u0103 pl\u0103teasc\u0103 taxe mai mici \u00een \u021b\u0103rile de origine sau s\u0103-\u0219i ascund\u0103 averile. Niro a fost condamnat, \u00een 2016, la doi ani \u0219i patru luni de \u00eenchisoare pentru trafic de influen\u021b\u0103 \u00een dosarul Microsoft.<\/p>\n\n\n\n<p>So\u021bia lui Ion Biri\u0219, Anca Biri\u0219, de\u021bine \u00eempreun\u0103 cu Lumini\u021ba Petrovici o firm\u0103. Lumini\u021ba Petrovici este so\u021bia lui R\u0103zvan Petrovici, <a href=\"https:\/\/www.mpublic.ro\/ro\/content\/c_08-07-2020-13-07\">trimis \u00een judecat\u0103<\/a> pentru evaziune fiscal\u0103 de peste 1.6 milioane de EURO.<\/p>\n\n\n\n<p>\u00cen 2011, <strong>Petre Berciu<\/strong>, zis \u0219i Pepe, ap\u0103rea \u00een <a href=\"https:\/\/www.forbes.ro\/petru-berciu-500-miliardari-editia-2011_0_4287-13390\">top 500 de miliardari din revista Forbes<\/a>. Averea estimat\u0103 era undeva \u00een jur de 13-14 milioane de euro. El de\u021bine firma BDG Import, prin care face import \u0219i distribu\u021bie de b\u0103uturi alcoolice precum Jack Daniel\u2019s, Metaxa, Evian sau Jagermeister. Este prieten de zeci de ani cu Ion Biri\u0219 \u0219i a colaborat \u00eempreun\u0103 cu el cu Remus Truic\u0103, Cohn \u0219i Niro.<\/p>\n\n\n\n<div class=\"wp-block-image\"><figure class=\"aligncenter size-large is-resized\"><img loading=\"lazy\" decoding=\"async\" src=\"data:image\/gif;base64,R0lGODlhAQABAAAAACH5BAEKAAEALAAAAAABAAEAAAICTAEAOw==\" data-src=\"https:\/\/buletin.de\/bucuresti\/wp-content\/uploads\/Screenshot_3-43-900x615.png\" alt=\"\" class=\"wp-image-22534 lazyload\" width=\"900\" height=\"615\" data-sizes=\"auto\" data-srcset=\"https:\/\/buletin.de\/bucuresti\/wp-content\/uploads\/Screenshot_3-43-900x615.png 900w, https:\/\/buletin.de\/bucuresti\/wp-content\/uploads\/Screenshot_3-43-300x205.png 300w, https:\/\/buletin.de\/bucuresti\/wp-content\/uploads\/Screenshot_3-43-768x524.png 768w, https:\/\/buletin.de\/bucuresti\/wp-content\/uploads\/Screenshot_3-43-550x376.png 550w, https:\/\/buletin.de\/bucuresti\/wp-content\/uploads\/Screenshot_3-43-732x500.png 732w, https:\/\/buletin.de\/bucuresti\/wp-content\/uploads\/Screenshot_3-43-600x410.png 600w, https:\/\/buletin.de\/bucuresti\/wp-content\/uploads\/Screenshot_3-43.png 930w\" sizes=\"(max-width: 900px) 100vw, 900px\" \/><\/figure><\/div>\n\n\n\n<p><\/p>\n\n\n\n<blockquote class=\"wp-block-quote is-layout-flow wp-block-quote-is-layout-flow\"><p>\u201eCel\u0103lalt aspect e al prieteniei noastre [n.r. cu Pepe] de 25 de ani. Tr\u0103im \u00eempreun\u0103, ne-am crescut copiii \u00eempreun\u0103, construim business \u00eempreun\u0103 \u0219i uite c\u0103 func\u021bioneaz\u0103. Pleac\u0103 de la realism \u0219i de la&nbsp; bun sim\u021b. Fiecare \u0219tim \u0219i apreciem calit\u0103\u021bile celuilalt, ne recunoa\u0219tem limitele. Ne-am format \u00eempreun\u0103 profesional, dar \u0219i ca oameni, \u00eemp\u0103rt\u0103\u0219im acelea\u0219i valori.\u201d<\/p><cite>a declarat Ion Biri\u0219 \u00eentr-un interviu pentru <a href=\"https:\/\/foodbiz.ro\/amp\/2018\/09\/10\/ion-biris-si-petru-berciu-business-si-prietenie-de-25-de-ani\/\">foodbiz.ro<\/a><\/cite><\/blockquote>\n\n\n\n<p>Pe l\u00e2ng\u0103 cei doi, prin firmele care controleaz\u0103 sau au controlat Loft Diplomat au trecut mai mul\u021bi asocia\u021bi. \u00cei prezent\u0103m pe c\u00e2\u021biva dintre ei, pe scurt, mai jos.<\/p>\n\n\n\n<p><strong>Cristina Pazare<\/strong>. A fost jurnalist la Evenimentul Zilei \u0219i acum lucreaz\u0103 la Life.ro. Este so\u0163ia lui Dan Pazara, directorul de comunicare corporate al OMV Petrom \u0219i una dintre persoanele implicate \u00een privatizarea Romtelecom.<\/p>\n\n\n\n<p><strong>Petre Dan M\u0103lu\u0219el<\/strong>, zis Mielu. Este cel care se ocup\u0103 \u00een special de clubul din Predeal. O <a href=\"https:\/\/mfe.gov.ro\/wp-content\/uploads\/2020\/07\/341b98684d425b9ee531b43ab921acce.pdf\">declara\u021bie de avere<\/a> de anul trecut a lui Simion Alb, expert la Ministerul Fondurilor Europene, fostul \u015fef al Biroului de Turism din New York, arat\u0103 c\u0103 acesta l-a \u00eemprumutat pe Dan M\u0103lu\u0219el cu 9.000 EURO.<\/p>\n\n\n\n<div class=\"wp-block-image\"><figure class=\"aligncenter size-large is-resized\"><img loading=\"lazy\" decoding=\"async\" src=\"data:image\/gif;base64,R0lGODlhAQABAAAAACH5BAEKAAEALAAAAAABAAEAAAICTAEAOw==\" data-src=\"https:\/\/buletin.de\/bucuresti\/wp-content\/uploads\/Screenshot_5-20.png\" alt=\"\" class=\"wp-image-22535 lazyload\" width=\"778\" height=\"382\" data-sizes=\"auto\" data-srcset=\"https:\/\/buletin.de\/bucuresti\/wp-content\/uploads\/Screenshot_5-20.png 778w, https:\/\/buletin.de\/bucuresti\/wp-content\/uploads\/Screenshot_5-20-300x147.png 300w, https:\/\/buletin.de\/bucuresti\/wp-content\/uploads\/Screenshot_5-20-768x377.png 768w, https:\/\/buletin.de\/bucuresti\/wp-content\/uploads\/Screenshot_5-20-550x270.png 550w, https:\/\/buletin.de\/bucuresti\/wp-content\/uploads\/Screenshot_5-20-600x295.png 600w\" sizes=\"(max-width: 778px) 100vw, 778px\" \/><\/figure><\/div>\n\n\n\n<div class=\"wp-block-image\"><figure class=\"aligncenter size-large is-resized\"><img loading=\"lazy\" decoding=\"async\" src=\"data:image\/gif;base64,R0lGODlhAQABAAAAACH5BAEKAAEALAAAAAABAAEAAAICTAEAOw==\" data-src=\"https:\/\/buletin.de\/bucuresti\/wp-content\/uploads\/Screenshot_2-47-900x576.png\" alt=\"\" class=\"wp-image-22536 lazyload\" width=\"900\" height=\"576\" data-sizes=\"auto\" data-srcset=\"https:\/\/buletin.de\/bucuresti\/wp-content\/uploads\/Screenshot_2-47-900x576.png 900w, https:\/\/buletin.de\/bucuresti\/wp-content\/uploads\/Screenshot_2-47-300x192.png 300w, https:\/\/buletin.de\/bucuresti\/wp-content\/uploads\/Screenshot_2-47-768x491.png 768w, https:\/\/buletin.de\/bucuresti\/wp-content\/uploads\/Screenshot_2-47-550x352.png 550w, https:\/\/buletin.de\/bucuresti\/wp-content\/uploads\/Screenshot_2-47-782x500.png 782w, https:\/\/buletin.de\/bucuresti\/wp-content\/uploads\/Screenshot_2-47-600x384.png 600w, https:\/\/buletin.de\/bucuresti\/wp-content\/uploads\/Screenshot_2-47.png 932w\" sizes=\"(max-width: 900px) 100vw, 900px\" \/><\/figure><\/div>\n\n\n\n<p><\/p>\n\n\n\n<p><strong>Hugo Vitzman.<\/strong> Este avocat din 1993, dar profeseaz\u0103 \u00een domeniul juridic din 1978, conform site-ului vitzman.com. \u00cen acela\u0219i timp, este partener de afaceri cu cei de mai sus \u00een firma Global Drinks International.<\/p>\n\n\n\n<p><\/p>\n\n\n\n<p>Am \u00eencercat s\u0103 lu\u0103m leg\u0103tura cu un reprezentant Loft, \u00eens\u0103, de\u0219i mesajele noastre au fost citite, nu am primit niciun r\u0103spuns.<\/p>\n\n\n\n<p><\/p>\n\n\n\n<p>A contribuit: Florin R\u00e2\u0219teiu<\/p>\n","protected":false},"excerpt":{"rendered":"<p>Clubul Loft Diplomat din parcul Her\u0103str\u0103u a fost amendat pe 27 martie cu 10.000 lei pentru nerespectarea regulilor de siguran\u021b\u0103 \u00eempotriva Covid-19. Iar aceasta nu e prima abatere. \u00cen spatele clubului, se afl\u0103 oameni de afaceri cu conexiuni influente, precum Ion Biri\u0219, ginerele unui fost \u0219ef SRI, sau Petre Berciu, partener de afaceri cu Remus [&hellip;]<\/p>\n","protected":false},"author":6,"featured_media":22531,"comment_status":"closed","ping_status":"open","sticky":false,"template":"","format":"standard","meta":{"_acf_changed":false,"inline_featured_image":false,"ngg_post_thumbnail":0,"footnotes":""},"categories":[996,6213,62],"tags":[2473,2472,2465,2474],"ppma_author":[22588],"class_list":["post-22530","post","type-post","status-publish","format-standard","has-post-thumbnail","hentry","category-covid-19","category-investigatii","category-stiri","tag-amenda-covid19","tag-club-in-pandemie","tag-loft","tag-petrecere-in-pandemie"],"acf":[],"yoast_head":"<!-- This site is optimized with the Yoast SEO Premium plugin v25.3 (Yoast SEO v27.5) - https:\/\/yoast.com\/product\/yoast-seo-premium-wordpress\/ -->\n<title>Cine sunt cei care conduc cluburile de fi\u021be din Capital\u0103 amendate de poli\u021bi\u0219ti \u00een weekend. Ep. 2. Patronii Loft, conecta\u021bi cu un fost \u0219ef SRI \u0219i cu persoane cercetate penal - Buletin de Bucure\u0219ti<\/title>\n<meta name=\"robots\" content=\"index, follow, max-snippet:-1, max-image-preview:large, max-video-preview:-1\" \/>\n<link rel=\"canonical\" href=\"https:\/\/buletin.de\/bucuresti\/cine-sunt-cei-care-conduc-cluburile-de-fite-din-capitala-amendate-de-politisti-in-weekend-ep-2-patronii-loft-conectati-cu-un-fost-sef-sri-si-cu-persoane-cercetate-penal\/\" \/>\n<meta property=\"og:locale\" content=\"en_GB\" \/>\n<meta property=\"og:type\" content=\"article\" \/>\n<meta property=\"og:title\" content=\"Cine sunt cei care conduc cluburile de fi\u021be din Capital\u0103 amendate de poli\u021bi\u0219ti \u00een weekend. Ep. 2. Patronii Loft, conecta\u021bi cu un fost \u0219ef SRI \u0219i cu persoane cercetate penal\" \/>\n<meta property=\"og:description\" content=\"Clubul Loft Diplomat din parcul Her\u0103str\u0103u a fost amendat pe 27 martie cu 10.000 lei pentru nerespectarea regulilor de siguran\u021b\u0103 \u00eempotriva Covid-19. Iar aceasta nu e prima abatere. \u00cen spatele clubului, se afl\u0103 oameni de afaceri cu conexiuni influente, precum Ion Biri\u0219, ginerele unui fost \u0219ef SRI, sau Petre Berciu, partener de afaceri cu Remus [&hellip;]\" \/>\n<meta property=\"og:url\" content=\"https:\/\/buletin.de\/bucuresti\/cine-sunt-cei-care-conduc-cluburile-de-fite-din-capitala-amendate-de-politisti-in-weekend-ep-2-patronii-loft-conectati-cu-un-fost-sef-sri-si-cu-persoane-cercetate-penal\/\" \/>\n<meta property=\"og:site_name\" content=\"Buletin de Bucure\u0219ti\" \/>\n<meta property=\"article:publisher\" content=\"https:\/\/www.facebook.com\/buletin.de.buc\" \/>\n<meta property=\"article:published_time\" content=\"2021-04-01T08:05:37+00:00\" \/>\n<meta property=\"article:modified_time\" content=\"2023-09-19T12:56:08+00:00\" \/>\n<meta property=\"og:image\" content=\"https:\/\/buletin.de\/bucuresti\/wp-content\/uploads\/vps1-1-4.png\" \/>\n\t<meta property=\"og:image:width\" content=\"3264\" \/>\n\t<meta property=\"og:image:height\" content=\"1952\" \/>\n\t<meta property=\"og:image:type\" content=\"image\/png\" \/>\n<meta name=\"author\" content=\"Bianca Albu\" \/>\n<meta name=\"twitter:card\" content=\"summary_large_image\" \/>\n<meta name=\"twitter:label1\" content=\"Written by\" \/>\n\t<meta name=\"twitter:data1\" content=\"Bianca Albu\" \/>\n\t<meta name=\"twitter:label2\" content=\"Estimated reading time\" \/>\n\t<meta name=\"twitter:data2\" content=\"5 minutes\" \/>\n<script type=\"application\/ld+json\" class=\"yoast-schema-graph\">{\"@context\":\"https:\\\/\\\/schema.org\",\"@graph\":[{\"@type\":\"Article\",\"@id\":\"https:\\\/\\\/buletin.de\\\/bucuresti\\\/cine-sunt-cei-care-conduc-cluburile-de-fite-din-capitala-amendate-de-politisti-in-weekend-ep-2-patronii-loft-conectati-cu-un-fost-sef-sri-si-cu-persoane-cercetate-penal\\\/#article\",\"isPartOf\":{\"@id\":\"https:\\\/\\\/buletin.de\\\/bucuresti\\\/cine-sunt-cei-care-conduc-cluburile-de-fite-din-capitala-amendate-de-politisti-in-weekend-ep-2-patronii-loft-conectati-cu-un-fost-sef-sri-si-cu-persoane-cercetate-penal\\\/\"},\"author\":{\"name\":\"Bianca Albu\",\"@id\":\"https:\\\/\\\/buletin.de\\\/bucuresti\\\/#\\\/schema\\\/person\\\/295dc2228d2dc79294d636619468dc7f\"},\"headline\":\"Cine sunt cei care conduc cluburile de fi\u021be din Capital\u0103 amendate de poli\u021bi\u0219ti \u00een weekend. Ep. 2. Patronii Loft, conecta\u021bi cu un fost \u0219ef SRI \u0219i cu persoane cercetate penal\",\"datePublished\":\"2021-04-01T08:05:37+00:00\",\"dateModified\":\"2023-09-19T12:56:08+00:00\",\"mainEntityOfPage\":{\"@id\":\"https:\\\/\\\/buletin.de\\\/bucuresti\\\/cine-sunt-cei-care-conduc-cluburile-de-fite-din-capitala-amendate-de-politisti-in-weekend-ep-2-patronii-loft-conectati-cu-un-fost-sef-sri-si-cu-persoane-cercetate-penal\\\/\"},\"wordCount\":936,\"publisher\":{\"@id\":\"https:\\\/\\\/buletin.de\\\/bucuresti\\\/#organization\"},\"image\":{\"@id\":\"https:\\\/\\\/buletin.de\\\/bucuresti\\\/cine-sunt-cei-care-conduc-cluburile-de-fite-din-capitala-amendate-de-politisti-in-weekend-ep-2-patronii-loft-conectati-cu-un-fost-sef-sri-si-cu-persoane-cercetate-penal\\\/#primaryimage\"},\"thumbnailUrl\":\"https:\\\/\\\/buletin.de\\\/bucuresti\\\/wp-content\\\/uploads\\\/vps1-1-4.png\",\"keywords\":[\"amenda covid19\",\"club in pandemie\",\"Loft\",\"petrecere in pandemie\"],\"articleSection\":[\"Covid-19\",\"Investiga\u021bii\",\"\u0218tiri\"],\"inLanguage\":\"en-GB\",\"copyrightYear\":\"2021\",\"copyrightHolder\":{\"@id\":\"https:\\\/\\\/buletin.de\\\/bucuresti\\\/#organization\"}},{\"@type\":\"WebPage\",\"@id\":\"https:\\\/\\\/buletin.de\\\/bucuresti\\\/cine-sunt-cei-care-conduc-cluburile-de-fite-din-capitala-amendate-de-politisti-in-weekend-ep-2-patronii-loft-conectati-cu-un-fost-sef-sri-si-cu-persoane-cercetate-penal\\\/\",\"url\":\"https:\\\/\\\/buletin.de\\\/bucuresti\\\/cine-sunt-cei-care-conduc-cluburile-de-fite-din-capitala-amendate-de-politisti-in-weekend-ep-2-patronii-loft-conectati-cu-un-fost-sef-sri-si-cu-persoane-cercetate-penal\\\/\",\"name\":\"Cine sunt cei care conduc cluburile de fi\u021be din Capital\u0103 amendate de poli\u021bi\u0219ti \u00een weekend. Ep. 2. Patronii Loft, conecta\u021bi cu un fost \u0219ef SRI \u0219i cu persoane cercetate penal - Buletin de Bucure\u0219ti\",\"isPartOf\":{\"@id\":\"https:\\\/\\\/buletin.de\\\/bucuresti\\\/#website\"},\"primaryImageOfPage\":{\"@id\":\"https:\\\/\\\/buletin.de\\\/bucuresti\\\/cine-sunt-cei-care-conduc-cluburile-de-fite-din-capitala-amendate-de-politisti-in-weekend-ep-2-patronii-loft-conectati-cu-un-fost-sef-sri-si-cu-persoane-cercetate-penal\\\/#primaryimage\"},\"image\":{\"@id\":\"https:\\\/\\\/buletin.de\\\/bucuresti\\\/cine-sunt-cei-care-conduc-cluburile-de-fite-din-capitala-amendate-de-politisti-in-weekend-ep-2-patronii-loft-conectati-cu-un-fost-sef-sri-si-cu-persoane-cercetate-penal\\\/#primaryimage\"},\"thumbnailUrl\":\"https:\\\/\\\/buletin.de\\\/bucuresti\\\/wp-content\\\/uploads\\\/vps1-1-4.png\",\"datePublished\":\"2021-04-01T08:05:37+00:00\",\"dateModified\":\"2023-09-19T12:56:08+00:00\",\"breadcrumb\":{\"@id\":\"https:\\\/\\\/buletin.de\\\/bucuresti\\\/cine-sunt-cei-care-conduc-cluburile-de-fite-din-capitala-amendate-de-politisti-in-weekend-ep-2-patronii-loft-conectati-cu-un-fost-sef-sri-si-cu-persoane-cercetate-penal\\\/#breadcrumb\"},\"inLanguage\":\"en-GB\",\"potentialAction\":[{\"@type\":\"ReadAction\",\"target\":[\"https:\\\/\\\/buletin.de\\\/bucuresti\\\/cine-sunt-cei-care-conduc-cluburile-de-fite-din-capitala-amendate-de-politisti-in-weekend-ep-2-patronii-loft-conectati-cu-un-fost-sef-sri-si-cu-persoane-cercetate-penal\\\/\"]}]},{\"@type\":\"ImageObject\",\"inLanguage\":\"en-GB\",\"@id\":\"https:\\\/\\\/buletin.de\\\/bucuresti\\\/cine-sunt-cei-care-conduc-cluburile-de-fite-din-capitala-amendate-de-politisti-in-weekend-ep-2-patronii-loft-conectati-cu-un-fost-sef-sri-si-cu-persoane-cercetate-penal\\\/#primaryimage\",\"url\":\"https:\\\/\\\/buletin.de\\\/bucuresti\\\/wp-content\\\/uploads\\\/vps1-1-4.png\",\"contentUrl\":\"https:\\\/\\\/buletin.de\\\/bucuresti\\\/wp-content\\\/uploads\\\/vps1-1-4.png\",\"width\":3264,\"height\":1952},{\"@type\":\"BreadcrumbList\",\"@id\":\"https:\\\/\\\/buletin.de\\\/bucuresti\\\/cine-sunt-cei-care-conduc-cluburile-de-fite-din-capitala-amendate-de-politisti-in-weekend-ep-2-patronii-loft-conectati-cu-un-fost-sef-sri-si-cu-persoane-cercetate-penal\\\/#breadcrumb\",\"itemListElement\":[{\"@type\":\"ListItem\",\"position\":1,\"name\":\"Acas\u0103\",\"item\":\"https:\\\/\\\/buletin.de\\\/bucuresti\\\/\"},{\"@type\":\"ListItem\",\"position\":2,\"name\":\"Cine sunt cei care conduc cluburile de fi\u021be din Capital\u0103 amendate de poli\u021bi\u0219ti \u00een weekend. Ep. 2. Patronii Loft, conecta\u021bi cu un fost \u0219ef SRI \u0219i cu persoane cercetate penal\"}]},{\"@type\":\"WebSite\",\"@id\":\"https:\\\/\\\/buletin.de\\\/bucuresti\\\/#website\",\"url\":\"https:\\\/\\\/buletin.de\\\/bucuresti\\\/\",\"name\":\"Buletin de Bucure\u0219ti\",\"description\":\"\u0218tiri \u0219i investiga\u021bii esen\u021biale din capital\u0103\",\"publisher\":{\"@id\":\"https:\\\/\\\/buletin.de\\\/bucuresti\\\/#organization\"},\"potentialAction\":[{\"@type\":\"SearchAction\",\"target\":{\"@type\":\"EntryPoint\",\"urlTemplate\":\"https:\\\/\\\/buletin.de\\\/bucuresti\\\/?s={search_term_string}\"},\"query-input\":{\"@type\":\"PropertyValueSpecification\",\"valueRequired\":true,\"valueName\":\"search_term_string\"}}],\"inLanguage\":\"en-GB\"},{\"@type\":\"Organization\",\"@id\":\"https:\\\/\\\/buletin.de\\\/bucuresti\\\/#organization\",\"name\":\"Buletin de Bucure\u0219ti\",\"url\":\"https:\\\/\\\/buletin.de\\\/bucuresti\\\/\",\"logo\":{\"@type\":\"ImageObject\",\"inLanguage\":\"en-GB\",\"@id\":\"https:\\\/\\\/buletin.de\\\/bucuresti\\\/#\\\/schema\\\/logo\\\/image\\\/\",\"url\":\"https:\\\/\\\/buletin.de\\\/bucuresti\\\/wp-content\\\/uploads\\\/logo-bdb-full-wide-vernil-transparent.png\",\"contentUrl\":\"https:\\\/\\\/buletin.de\\\/bucuresti\\\/wp-content\\\/uploads\\\/logo-bdb-full-wide-vernil-transparent.png\",\"width\":1782,\"height\":626,\"caption\":\"Buletin de Bucure\u0219ti\"},\"image\":{\"@id\":\"https:\\\/\\\/buletin.de\\\/bucuresti\\\/#\\\/schema\\\/logo\\\/image\\\/\"},\"sameAs\":[\"https:\\\/\\\/www.facebook.com\\\/buletin.de.buc\",\"https:\\\/\\\/www.instagram.com\\\/buletinde.bucuresti\\\/\"]},{\"@type\":\"Person\",\"@id\":\"https:\\\/\\\/buletin.de\\\/bucuresti\\\/#\\\/schema\\\/person\\\/295dc2228d2dc79294d636619468dc7f\",\"name\":\"Bianca Albu\",\"image\":{\"@type\":\"ImageObject\",\"inLanguage\":\"en-GB\",\"@id\":\"https:\\\/\\\/secure.gravatar.com\\\/avatar\\\/3df2e34e20f529e6fd7be4311ee1f7c4ec4aa886971590baf6fa214b15743516?s=96&d=monsterid&r=gf541c715eeec409ce8101252a3c0d8a7\",\"url\":\"https:\\\/\\\/secure.gravatar.com\\\/avatar\\\/3df2e34e20f529e6fd7be4311ee1f7c4ec4aa886971590baf6fa214b15743516?s=96&d=monsterid&r=g\",\"contentUrl\":\"https:\\\/\\\/secure.gravatar.com\\\/avatar\\\/3df2e34e20f529e6fd7be4311ee1f7c4ec4aa886971590baf6fa214b15743516?s=96&d=monsterid&r=g\",\"caption\":\"Bianca Albu\"},\"description\":\"Reporter\",\"url\":\"https:\\\/\\\/buletin.de\\\/bucuresti\\\/author\\\/biancaalbu\\\/\"}]}<\/script>\n<!-- \/ Yoast SEO Premium plugin. -->","yoast_head_json":{"title":"Cine sunt cei care conduc cluburile de fi\u021be din Capital\u0103 amendate de poli\u021bi\u0219ti \u00een weekend. Ep. 2. Patronii Loft, conecta\u021bi cu un fost \u0219ef SRI \u0219i cu persoane cercetate penal - Buletin de Bucure\u0219ti","robots":{"index":"index","follow":"follow","max-snippet":"max-snippet:-1","max-image-preview":"max-image-preview:large","max-video-preview":"max-video-preview:-1"},"canonical":"https:\/\/buletin.de\/bucuresti\/cine-sunt-cei-care-conduc-cluburile-de-fite-din-capitala-amendate-de-politisti-in-weekend-ep-2-patronii-loft-conectati-cu-un-fost-sef-sri-si-cu-persoane-cercetate-penal\/","og_locale":"en_GB","og_type":"article","og_title":"Cine sunt cei care conduc cluburile de fi\u021be din Capital\u0103 amendate de poli\u021bi\u0219ti \u00een weekend. Ep. 2. Patronii Loft, conecta\u021bi cu un fost \u0219ef SRI \u0219i cu persoane cercetate penal","og_description":"Clubul Loft Diplomat din parcul Her\u0103str\u0103u a fost amendat pe 27 martie cu 10.000 lei pentru nerespectarea regulilor de siguran\u021b\u0103 \u00eempotriva Covid-19. Iar aceasta nu e prima abatere. \u00cen spatele clubului, se afl\u0103 oameni de afaceri cu conexiuni influente, precum Ion Biri\u0219, ginerele unui fost \u0219ef SRI, sau Petre Berciu, partener de afaceri cu Remus [&hellip;]","og_url":"https:\/\/buletin.de\/bucuresti\/cine-sunt-cei-care-conduc-cluburile-de-fite-din-capitala-amendate-de-politisti-in-weekend-ep-2-patronii-loft-conectati-cu-un-fost-sef-sri-si-cu-persoane-cercetate-penal\/","og_site_name":"Buletin de Bucure\u0219ti","article_publisher":"https:\/\/www.facebook.com\/buletin.de.buc","article_published_time":"2021-04-01T08:05:37+00:00","article_modified_time":"2023-09-19T12:56:08+00:00","og_image":[{"width":3264,"height":1952,"url":"https:\/\/buletin.de\/bucuresti\/wp-content\/uploads\/vps1-1-4.png","type":"image\/png"}],"author":"Bianca Albu","twitter_card":"summary_large_image","twitter_misc":{"Written by":"Bianca Albu","Estimated reading time":"5 minutes"},"schema":{"@context":"https:\/\/schema.org","@graph":[{"@type":"Article","@id":"https:\/\/buletin.de\/bucuresti\/cine-sunt-cei-care-conduc-cluburile-de-fite-din-capitala-amendate-de-politisti-in-weekend-ep-2-patronii-loft-conectati-cu-un-fost-sef-sri-si-cu-persoane-cercetate-penal\/#article","isPartOf":{"@id":"https:\/\/buletin.de\/bucuresti\/cine-sunt-cei-care-conduc-cluburile-de-fite-din-capitala-amendate-de-politisti-in-weekend-ep-2-patronii-loft-conectati-cu-un-fost-sef-sri-si-cu-persoane-cercetate-penal\/"},"author":{"name":"Bianca Albu","@id":"https:\/\/buletin.de\/bucuresti\/#\/schema\/person\/295dc2228d2dc79294d636619468dc7f"},"headline":"Cine sunt cei care conduc cluburile de fi\u021be din Capital\u0103 amendate de poli\u021bi\u0219ti \u00een weekend. Ep. 2. Patronii Loft, conecta\u021bi cu un fost \u0219ef SRI \u0219i cu persoane cercetate penal","datePublished":"2021-04-01T08:05:37+00:00","dateModified":"2023-09-19T12:56:08+00:00","mainEntityOfPage":{"@id":"https:\/\/buletin.de\/bucuresti\/cine-sunt-cei-care-conduc-cluburile-de-fite-din-capitala-amendate-de-politisti-in-weekend-ep-2-patronii-loft-conectati-cu-un-fost-sef-sri-si-cu-persoane-cercetate-penal\/"},"wordCount":936,"publisher":{"@id":"https:\/\/buletin.de\/bucuresti\/#organization"},"image":{"@id":"https:\/\/buletin.de\/bucuresti\/cine-sunt-cei-care-conduc-cluburile-de-fite-din-capitala-amendate-de-politisti-in-weekend-ep-2-patronii-loft-conectati-cu-un-fost-sef-sri-si-cu-persoane-cercetate-penal\/#primaryimage"},"thumbnailUrl":"https:\/\/buletin.de\/bucuresti\/wp-content\/uploads\/vps1-1-4.png","keywords":["amenda covid19","club in pandemie","Loft","petrecere in pandemie"],"articleSection":["Covid-19","Investiga\u021bii","\u0218tiri"],"inLanguage":"en-GB","copyrightYear":"2021","copyrightHolder":{"@id":"https:\/\/buletin.de\/bucuresti\/#organization"}},{"@type":"WebPage","@id":"https:\/\/buletin.de\/bucuresti\/cine-sunt-cei-care-conduc-cluburile-de-fite-din-capitala-amendate-de-politisti-in-weekend-ep-2-patronii-loft-conectati-cu-un-fost-sef-sri-si-cu-persoane-cercetate-penal\/","url":"https:\/\/buletin.de\/bucuresti\/cine-sunt-cei-care-conduc-cluburile-de-fite-din-capitala-amendate-de-politisti-in-weekend-ep-2-patronii-loft-conectati-cu-un-fost-sef-sri-si-cu-persoane-cercetate-penal\/","name":"Cine sunt cei care conduc cluburile de fi\u021be din Capital\u0103 amendate de poli\u021bi\u0219ti \u00een weekend. Ep. 2. Patronii Loft, conecta\u021bi cu un fost \u0219ef SRI \u0219i cu persoane cercetate penal - Buletin de Bucure\u0219ti","isPartOf":{"@id":"https:\/\/buletin.de\/bucuresti\/#website"},"primaryImageOfPage":{"@id":"https:\/\/buletin.de\/bucuresti\/cine-sunt-cei-care-conduc-cluburile-de-fite-din-capitala-amendate-de-politisti-in-weekend-ep-2-patronii-loft-conectati-cu-un-fost-sef-sri-si-cu-persoane-cercetate-penal\/#primaryimage"},"image":{"@id":"https:\/\/buletin.de\/bucuresti\/cine-sunt-cei-care-conduc-cluburile-de-fite-din-capitala-amendate-de-politisti-in-weekend-ep-2-patronii-loft-conectati-cu-un-fost-sef-sri-si-cu-persoane-cercetate-penal\/#primaryimage"},"thumbnailUrl":"https:\/\/buletin.de\/bucuresti\/wp-content\/uploads\/vps1-1-4.png","datePublished":"2021-04-01T08:05:37+00:00","dateModified":"2023-09-19T12:56:08+00:00","breadcrumb":{"@id":"https:\/\/buletin.de\/bucuresti\/cine-sunt-cei-care-conduc-cluburile-de-fite-din-capitala-amendate-de-politisti-in-weekend-ep-2-patronii-loft-conectati-cu-un-fost-sef-sri-si-cu-persoane-cercetate-penal\/#breadcrumb"},"inLanguage":"en-GB","potentialAction":[{"@type":"ReadAction","target":["https:\/\/buletin.de\/bucuresti\/cine-sunt-cei-care-conduc-cluburile-de-fite-din-capitala-amendate-de-politisti-in-weekend-ep-2-patronii-loft-conectati-cu-un-fost-sef-sri-si-cu-persoane-cercetate-penal\/"]}]},{"@type":"ImageObject","inLanguage":"en-GB","@id":"https:\/\/buletin.de\/bucuresti\/cine-sunt-cei-care-conduc-cluburile-de-fite-din-capitala-amendate-de-politisti-in-weekend-ep-2-patronii-loft-conectati-cu-un-fost-sef-sri-si-cu-persoane-cercetate-penal\/#primaryimage","url":"https:\/\/buletin.de\/bucuresti\/wp-content\/uploads\/vps1-1-4.png","contentUrl":"https:\/\/buletin.de\/bucuresti\/wp-content\/uploads\/vps1-1-4.png","width":3264,"height":1952},{"@type":"BreadcrumbList","@id":"https:\/\/buletin.de\/bucuresti\/cine-sunt-cei-care-conduc-cluburile-de-fite-din-capitala-amendate-de-politisti-in-weekend-ep-2-patronii-loft-conectati-cu-un-fost-sef-sri-si-cu-persoane-cercetate-penal\/#breadcrumb","itemListElement":[{"@type":"ListItem","position":1,"name":"Acas\u0103","item":"https:\/\/buletin.de\/bucuresti\/"},{"@type":"ListItem","position":2,"name":"Cine sunt cei care conduc cluburile de fi\u021be din Capital\u0103 amendate de poli\u021bi\u0219ti \u00een weekend. Ep. 2. Patronii Loft, conecta\u021bi cu un fost \u0219ef SRI \u0219i cu persoane cercetate penal"}]},{"@type":"WebSite","@id":"https:\/\/buletin.de\/bucuresti\/#website","url":"https:\/\/buletin.de\/bucuresti\/","name":"Buletin de Bucure\u0219ti","description":"\u0218tiri \u0219i investiga\u021bii esen\u021biale din capital\u0103","publisher":{"@id":"https:\/\/buletin.de\/bucuresti\/#organization"},"potentialAction":[{"@type":"SearchAction","target":{"@type":"EntryPoint","urlTemplate":"https:\/\/buletin.de\/bucuresti\/?s={search_term_string}"},"query-input":{"@type":"PropertyValueSpecification","valueRequired":true,"valueName":"search_term_string"}}],"inLanguage":"en-GB"},{"@type":"Organization","@id":"https:\/\/buletin.de\/bucuresti\/#organization","name":"Buletin de Bucure\u0219ti","url":"https:\/\/buletin.de\/bucuresti\/","logo":{"@type":"ImageObject","inLanguage":"en-GB","@id":"https:\/\/buletin.de\/bucuresti\/#\/schema\/logo\/image\/","url":"https:\/\/buletin.de\/bucuresti\/wp-content\/uploads\/logo-bdb-full-wide-vernil-transparent.png","contentUrl":"https:\/\/buletin.de\/bucuresti\/wp-content\/uploads\/logo-bdb-full-wide-vernil-transparent.png","width":1782,"height":626,"caption":"Buletin de Bucure\u0219ti"},"image":{"@id":"https:\/\/buletin.de\/bucuresti\/#\/schema\/logo\/image\/"},"sameAs":["https:\/\/www.facebook.com\/buletin.de.buc","https:\/\/www.instagram.com\/buletinde.bucuresti\/"]},{"@type":"Person","@id":"https:\/\/buletin.de\/bucuresti\/#\/schema\/person\/295dc2228d2dc79294d636619468dc7f","name":"Bianca Albu","image":{"@type":"ImageObject","inLanguage":"en-GB","@id":"https:\/\/secure.gravatar.com\/avatar\/3df2e34e20f529e6fd7be4311ee1f7c4ec4aa886971590baf6fa214b15743516?s=96&d=monsterid&r=gf541c715eeec409ce8101252a3c0d8a7","url":"https:\/\/secure.gravatar.com\/avatar\/3df2e34e20f529e6fd7be4311ee1f7c4ec4aa886971590baf6fa214b15743516?s=96&d=monsterid&r=g","contentUrl":"https:\/\/secure.gravatar.com\/avatar\/3df2e34e20f529e6fd7be4311ee1f7c4ec4aa886971590baf6fa214b15743516?s=96&d=monsterid&r=g","caption":"Bianca Albu"},"description":"Reporter","url":"https:\/\/buletin.de\/bucuresti\/author\/biancaalbu\/"}]}},"authors":[{"term_id":22588,"user_id":6,"is_guest":0,"slug":"biancaalbu","display_name":"Bianca Albu","avatar_url":"https:\/\/secure.gravatar.com\/avatar\/3df2e34e20f529e6fd7be4311ee1f7c4ec4aa886971590baf6fa214b15743516?s=96&d=monsterid&r=g","0":null,"1":"","2":"","3":"","4":"","5":"","6":"","7":"","8":""}],"_links":{"self":[{"href":"https:\/\/buletin.de\/bucuresti\/wp-json\/wp\/v2\/posts\/22530","targetHints":{"allow":["GET"]}}],"collection":[{"href":"https:\/\/buletin.de\/bucuresti\/wp-json\/wp\/v2\/posts"}],"about":[{"href":"https:\/\/buletin.de\/bucuresti\/wp-json\/wp\/v2\/types\/post"}],"author":[{"embeddable":true,"href":"https:\/\/buletin.de\/bucuresti\/wp-json\/wp\/v2\/users\/6"}],"replies":[{"embeddable":true,"href":"https:\/\/buletin.de\/bucuresti\/wp-json\/wp\/v2\/comments?post=22530"}],"version-history":[{"count":10,"href":"https:\/\/buletin.de\/bucuresti\/wp-json\/wp\/v2\/posts\/22530\/revisions"}],"predecessor-version":[{"id":22832,"href":"https:\/\/buletin.de\/bucuresti\/wp-json\/wp\/v2\/posts\/22530\/revisions\/22832"}],"wp:featuredmedia":[{"embeddable":true,"href":"https:\/\/buletin.de\/bucuresti\/wp-json\/wp\/v2\/media\/22531"}],"wp:attachment":[{"href":"https:\/\/buletin.de\/bucuresti\/wp-json\/wp\/v2\/media?parent=22530"}],"wp:term":[{"taxonomy":"category","embeddable":true,"href":"https:\/\/buletin.de\/bucuresti\/wp-json\/wp\/v2\/categories?post=22530"},{"taxonomy":"post_tag","embeddable":true,"href":"https:\/\/buletin.de\/bucuresti\/wp-json\/wp\/v2\/tags?post=22530"},{"taxonomy":"author","embeddable":true,"href":"https:\/\/buletin.de\/bucuresti\/wp-json\/wp\/v2\/ppma_author?post=22530"}],"curies":[{"name":"wp","href":"https:\/\/api.w.org\/{rel}","templated":true}]}}