{"id":22459,"date":"2021-03-27T22:51:43","date_gmt":"2021-03-27T19:51:43","guid":{"rendered":"https:\/\/buletin.de\/bucuresti\/?p=22459"},"modified":"2021-03-31T13:47:31","modified_gmt":"2021-03-31T10:47:31","slug":"bamboo-primul-club-inchis-in-pandemie","status":"publish","type":"post","link":"https:\/\/buletin.de\/bucuresti\/bamboo-primul-club-inchis-in-pandemie\/","title":{"rendered":"Bamboo, primul club \u00eenchis \u00een pandemie"},"content":{"rendered":"\n<p><strong>Bamboo este primul club \u00eenchis \u00een pandemia de coronavirus, a anun\u021bat, s\u00e2mb\u0103t\u0103 sear\u0103, primarul Sectorului 2, Radu Mihaiu.<\/strong><\/p>\n\n\n\n<p>\u00cen club se preg\u0103tise o petrecere care ar fi trebuit s\u0103 aib\u0103 loc \u00een aceast\u0103 sear\u0103 \u0219i care era anun\u021bat\u0103 de dou\u0103 zile. Anun\u021bul a fost f\u0103cut de primarul sectorului 2, Radu Mihaiu care a descins, \u00een aceast\u0103 sear\u0103 la Bamboo unde se amenajaze o construc\u021bie, spune edilul, ilegal\u0103. <\/p>\n\n\n\n<p><strong>Declara\u021bia complet\u0103 a primarului Radu Mihaiu:<\/strong><\/p>\n\n\n\n<p>\u201d\u00cen seara asta la Bamboo: Poli\u021bia Rom\u00e2n\u0103, Poli\u021bia Local\u0103, Direc\u021bia de S\u0103n\u0103tate Public\u0103, Serviciul de investigare a criminalit\u0103\u021bii economice. Nu ne juc\u0103m, legea e lege pentru to\u021bi.<\/p>\n\n\n\n<p>Sanc\u021biuni aplicate: amend\u0103 \u0219i suspendarea activit\u0103\u021bii.<\/p>\n\n\n\n<p>Una dintre cele mai mari probleme a Rom\u00e2niei e c\u0103 unii se cred mai cu mo\u021b. \u00cen\u0219uruba\u021bii politici, sponsorii re\u021belelor de influen\u021b\u0103 \u0219i al\u021bi bi\u0219ni\u021bari conecta\u021bi la cine trebuie, opereaz\u0103 f\u0103\u021bi\u0219 \u00een afara legii. Pentru c\u0103 pot. Pentru c\u0103 li s-a permis. Pentru c\u0103 au ajuns s\u0103 cread\u0103 c\u0103 au mo\u0219tenit \u021bara \u00eentreag\u0103 \u0219i pe noi to\u021bi ceilal\u021bi la pachet.<\/p>\n\n\n\n<p>Eu nu permit a\u0219a ceva.<\/p>\n\n\n\n<p>Zilele trecute Poli\u021bia Local\u0103 a descoperit c\u0103 la fostul club Bamboo se construie\u0219te un cort de\u0219i nu au autoriza\u021bie. Nici nu aveau cum s\u0103 aib\u0103, spa\u021biul respectiv e sit arheologic protejat \u0219i nu se poate construi pe el nimic. Au documentat cazul \u0219i au formulat o pl\u00e2ngere penal\u0103, conform procedurilor. Totu\u0219i, povestea nu s-a terminat aici. Au continuat. Locuitorii din zon\u0103 ne-au transmis c\u0103 se lucreaz\u0103 \u00een continuare, ba mai mult, se f\u0103ceau probe de sunet. Se preg\u0103teau s\u0103 organizeze petreceri de fi\u021be \u00een ciuda pandemiei.<\/p>\n\n\n\n<p>Joi eram pe teren \u0219i fiind \u00een zon\u0103 am zis s\u0103 verific personal ce se \u00eent\u00e2mpl\u0103. Nu mi s-a permis accesul. Ieri diminea\u021b\u0103 am revenit, al\u0103turi de Poli\u021bia Rom\u00e2n\u0103 \u0219i Poli\u021bia Local\u0103. \u0218i-au organizat un cort cu mese, lumini, inclusiv candelabre. Administratorii nu au fost de g\u0103sit. Nu putea nimeni de acolo s\u0103 explice ce se \u00eent\u00e2mpl\u0103. T\u0103ceau m\u00e2lc \u0219i d\u0103deau din umeri.<\/p>\n\n\n\n<p>Azi au dat drumul la petrecere, dar eram preg\u0103ti\u021bi. Toate institu\u021biile cu competen\u021be pe zona de activitate din acest caz fuseser\u0103 alertate. S-a aplicat legea la virgul\u0103. \u0218i s-a suspendat activitatea.<\/p>\n\n\n\n<p>NU vor organiza petreceri ilegale acolo. NU vor func\u021biona f\u0103r\u0103 autoriza\u021bie. NU vor putea ocoli legea cum au fost obi\u0219nui\u021bi p\u00e2n\u0103 acum. Dac\u0103 vor s\u0103 deschid\u0103 ceva, orice, acolo sau oriunde, trebuie s\u0103 respecte procedurile \u00een vigoare. Altfel nu se poate\u201d.<\/p>\n\n\n\n<iframe src=\"https:\/\/www.facebook.com\/plugins\/post.php?href=https%3A%2F%2Fwww.facebook.com%2FRaduMihaiuUSR%2Fposts%2F1358591924517091&amp;width=500&amp;show_text=true&amp;height=731&amp;appId\" width=\"500\" height=\"731\" style=\"border:none;overflow:hidden\" scrolling=\"no\" frameborder=\"0\" allowfullscreen=\"true\" allow=\"autoplay; clipboard-write; encrypted-media; picture-in-picture; web-share\"><\/iframe>\n\n\n\n<p>\u00cen urm\u0103 cu dou\u0103 zile, conducerea clubului anun\u021ba c\u0103 s\u00e2mb\u0103ta aceasta va avea loc o petrecere care va \u00eencepe la ora 01:00 \u0219i se va termina la 06:00 diminea\u021ba.<\/p>\n\n\n\n<figure class=\"wp-block-image size-large\"><img fetchpriority=\"high\" decoding=\"async\" width=\"495\" height=\"387\" src=\"data:image\/gif;base64,R0lGODlhAQABAAAAACH5BAEKAAEALAAAAAABAAEAAAICTAEAOw==\" data-src=\"https:\/\/buletin.de\/bucuresti\/wp-content\/uploads\/anunt-bamboo-petrecere.jpg\" alt=\"\" class=\"wp-image-22467 lazyload\" data-sizes=\"auto\" data-srcset=\"https:\/\/buletin.de\/bucuresti\/wp-content\/uploads\/anunt-bamboo-petrecere.jpg 495w, https:\/\/buletin.de\/bucuresti\/wp-content\/uploads\/anunt-bamboo-petrecere-300x235.jpg 300w\" sizes=\"(max-width: 495px) 100vw, 495px\" \/><figcaption>Anun\u021bul cu petrecerea a fost postat pe pagina de Facebook a clubului<\/figcaption><\/figure>\n\n\n\n<figure class=\"wp-block-image size-large\"><img decoding=\"async\" width=\"900\" height=\"885\" src=\"data:image\/gif;base64,R0lGODlhAQABAAAAACH5BAEKAAEALAAAAAABAAEAAAICTAEAOw==\" data-src=\"https:\/\/buletin.de\/bucuresti\/wp-content\/uploads\/bamboo-petrecere-900x885.jpg\" alt=\"\" class=\"wp-image-22468 lazyload\" data-sizes=\"auto\" data-srcset=\"https:\/\/buletin.de\/bucuresti\/wp-content\/uploads\/bamboo-petrecere-900x885.jpg 900w, https:\/\/buletin.de\/bucuresti\/wp-content\/uploads\/bamboo-petrecere-300x295.jpg 300w, https:\/\/buletin.de\/bucuresti\/wp-content\/uploads\/bamboo-petrecere-768x755.jpg 768w, https:\/\/buletin.de\/bucuresti\/wp-content\/uploads\/bamboo-petrecere-1060x1043.jpg 1060w, https:\/\/buletin.de\/bucuresti\/wp-content\/uploads\/bamboo-petrecere-550x541.jpg 550w, https:\/\/buletin.de\/bucuresti\/wp-content\/uploads\/bamboo-petrecere-508x500.jpg 508w, https:\/\/buletin.de\/bucuresti\/wp-content\/uploads\/bamboo-petrecere-1098x1080.jpg 1098w, https:\/\/buletin.de\/bucuresti\/wp-content\/uploads\/bamboo-petrecere-600x590.jpg 600w, https:\/\/buletin.de\/bucuresti\/wp-content\/uploads\/bamboo-petrecere.jpg 1218w\" sizes=\"(max-width: 900px) 100vw, 900px\" \/><\/figure>\n","protected":false},"excerpt":{"rendered":"<p>Bamboo este primul club \u00eenchis \u00een pandemia de coronavirus, a anun\u021bat, s\u00e2mb\u0103t\u0103 sear\u0103, primarul Sectorului 2, Radu Mihaiu. \u00cen club se preg\u0103tise o petrecere care ar fi trebuit s\u0103 aib\u0103 loc \u00een aceast\u0103 sear\u0103 \u0219i care era anun\u021bat\u0103 de dou\u0103 zile. Anun\u021bul a fost f\u0103cut de primarul sectorului 2, Radu Mihaiu care a descins, \u00een [&hellip;]<\/p>\n","protected":false},"author":25,"featured_media":22460,"comment_status":"closed","ping_status":"open","sticky":false,"template":"","format":"standard","meta":{"_acf_changed":false,"inline_featured_image":false,"ngg_post_thumbnail":0,"footnotes":""},"categories":[996,62],"tags":[1896,2462,9,640,643,2186,1344],"ppma_author":[22597],"class_list":["post-22459","post","type-post","status-publish","format-standard","has-post-thumbnail","hentry","category-covid-19","category-stiri","tag-activitate-suspendata","tag-bamboo","tag-bucuresti","tag-covid","tag-covid19","tag-inchidere","tag-restrictii-2"],"acf":[],"yoast_head":"<!-- This site is optimized with the Yoast SEO Premium plugin v25.3 (Yoast SEO v27.4) - https:\/\/yoast.com\/product\/yoast-seo-premium-wordpress\/ -->\n<title>Bamboo, primul club \u00eenchis \u00een pandemie - Buletin de Bucure\u0219ti<\/title>\n<meta name=\"robots\" content=\"index, follow, max-snippet:-1, max-image-preview:large, max-video-preview:-1\" \/>\n<link rel=\"canonical\" href=\"https:\/\/buletin.de\/bucuresti\/bamboo-primul-club-inchis-in-pandemie\/\" \/>\n<meta property=\"og:locale\" content=\"en_GB\" \/>\n<meta property=\"og:type\" content=\"article\" \/>\n<meta property=\"og:title\" content=\"Bamboo, primul club \u00eenchis \u00een pandemie\" \/>\n<meta property=\"og:description\" content=\"Bamboo este primul club \u00eenchis \u00een pandemia de coronavirus, a anun\u021bat, s\u00e2mb\u0103t\u0103 sear\u0103, primarul Sectorului 2, Radu Mihaiu. \u00cen club se preg\u0103tise o petrecere care ar fi trebuit s\u0103 aib\u0103 loc \u00een aceast\u0103 sear\u0103 \u0219i care era anun\u021bat\u0103 de dou\u0103 zile. Anun\u021bul a fost f\u0103cut de primarul sectorului 2, Radu Mihaiu care a descins, \u00een [&hellip;]\" \/>\n<meta property=\"og:url\" content=\"https:\/\/buletin.de\/bucuresti\/bamboo-primul-club-inchis-in-pandemie\/\" \/>\n<meta property=\"og:site_name\" content=\"Buletin de Bucure\u0219ti\" \/>\n<meta property=\"article:publisher\" content=\"https:\/\/www.facebook.com\/buletin.de.buc\" \/>\n<meta property=\"article:published_time\" content=\"2021-03-27T19:51:43+00:00\" \/>\n<meta property=\"article:modified_time\" content=\"2021-03-31T10:47:31+00:00\" \/>\n<meta property=\"og:image\" content=\"https:\/\/buletin.de\/bucuresti\/wp-content\/uploads\/bamboo.jpg\" \/>\n\t<meta property=\"og:image:width\" content=\"1210\" \/>\n\t<meta property=\"og:image:height\" content=\"1200\" \/>\n\t<meta property=\"og:image:type\" content=\"image\/jpeg\" \/>\n<meta name=\"author\" content=\"Ana Tudor\" \/>\n<meta name=\"twitter:card\" content=\"summary_large_image\" \/>\n<meta name=\"twitter:label1\" content=\"Written by\" \/>\n\t<meta name=\"twitter:data1\" content=\"Ana Tudor\" \/>\n\t<meta name=\"twitter:label2\" content=\"Estimated reading time\" \/>\n\t<meta name=\"twitter:data2\" content=\"3 minutes\" \/>\n<script type=\"application\/ld+json\" class=\"yoast-schema-graph\">{\"@context\":\"https:\\\/\\\/schema.org\",\"@graph\":[{\"@type\":\"Article\",\"@id\":\"https:\\\/\\\/buletin.de\\\/bucuresti\\\/bamboo-primul-club-inchis-in-pandemie\\\/#article\",\"isPartOf\":{\"@id\":\"https:\\\/\\\/buletin.de\\\/bucuresti\\\/bamboo-primul-club-inchis-in-pandemie\\\/\"},\"author\":{\"name\":\"Ana Tudor\",\"@id\":\"https:\\\/\\\/buletin.de\\\/bucuresti\\\/#\\\/schema\\\/person\\\/8ce85bbda5515a1abb525993294155a8\"},\"headline\":\"Bamboo, primul club \u00eenchis \u00een pandemie\",\"datePublished\":\"2021-03-27T19:51:43+00:00\",\"dateModified\":\"2021-03-31T10:47:31+00:00\",\"mainEntityOfPage\":{\"@id\":\"https:\\\/\\\/buletin.de\\\/bucuresti\\\/bamboo-primul-club-inchis-in-pandemie\\\/\"},\"wordCount\":503,\"publisher\":{\"@id\":\"https:\\\/\\\/buletin.de\\\/bucuresti\\\/#organization\"},\"image\":{\"@id\":\"https:\\\/\\\/buletin.de\\\/bucuresti\\\/bamboo-primul-club-inchis-in-pandemie\\\/#primaryimage\"},\"thumbnailUrl\":\"https:\\\/\\\/buletin.de\\\/bucuresti\\\/wp-content\\\/uploads\\\/bamboo.jpg\",\"keywords\":[\"activitate suspendata\",\"bamboo\",\"bucuresti\",\"covid\",\"covid19\",\"inchidere\",\"restrictii\"],\"articleSection\":[\"Covid-19\",\"\u0218tiri\"],\"inLanguage\":\"en-GB\",\"copyrightYear\":\"2021\",\"copyrightHolder\":{\"@id\":\"https:\\\/\\\/buletin.de\\\/bucuresti\\\/#organization\"}},{\"@type\":\"WebPage\",\"@id\":\"https:\\\/\\\/buletin.de\\\/bucuresti\\\/bamboo-primul-club-inchis-in-pandemie\\\/\",\"url\":\"https:\\\/\\\/buletin.de\\\/bucuresti\\\/bamboo-primul-club-inchis-in-pandemie\\\/\",\"name\":\"Bamboo, primul club \u00eenchis \u00een pandemie - Buletin de Bucure\u0219ti\",\"isPartOf\":{\"@id\":\"https:\\\/\\\/buletin.de\\\/bucuresti\\\/#website\"},\"primaryImageOfPage\":{\"@id\":\"https:\\\/\\\/buletin.de\\\/bucuresti\\\/bamboo-primul-club-inchis-in-pandemie\\\/#primaryimage\"},\"image\":{\"@id\":\"https:\\\/\\\/buletin.de\\\/bucuresti\\\/bamboo-primul-club-inchis-in-pandemie\\\/#primaryimage\"},\"thumbnailUrl\":\"https:\\\/\\\/buletin.de\\\/bucuresti\\\/wp-content\\\/uploads\\\/bamboo.jpg\",\"datePublished\":\"2021-03-27T19:51:43+00:00\",\"dateModified\":\"2021-03-31T10:47:31+00:00\",\"breadcrumb\":{\"@id\":\"https:\\\/\\\/buletin.de\\\/bucuresti\\\/bamboo-primul-club-inchis-in-pandemie\\\/#breadcrumb\"},\"inLanguage\":\"en-GB\",\"potentialAction\":[{\"@type\":\"ReadAction\",\"target\":[\"https:\\\/\\\/buletin.de\\\/bucuresti\\\/bamboo-primul-club-inchis-in-pandemie\\\/\"]}]},{\"@type\":\"ImageObject\",\"inLanguage\":\"en-GB\",\"@id\":\"https:\\\/\\\/buletin.de\\\/bucuresti\\\/bamboo-primul-club-inchis-in-pandemie\\\/#primaryimage\",\"url\":\"https:\\\/\\\/buletin.de\\\/bucuresti\\\/wp-content\\\/uploads\\\/bamboo.jpg\",\"contentUrl\":\"https:\\\/\\\/buletin.de\\\/bucuresti\\\/wp-content\\\/uploads\\\/bamboo.jpg\",\"width\":1210,\"height\":1200},{\"@type\":\"BreadcrumbList\",\"@id\":\"https:\\\/\\\/buletin.de\\\/bucuresti\\\/bamboo-primul-club-inchis-in-pandemie\\\/#breadcrumb\",\"itemListElement\":[{\"@type\":\"ListItem\",\"position\":1,\"name\":\"Acas\u0103\",\"item\":\"https:\\\/\\\/buletin.de\\\/bucuresti\\\/\"},{\"@type\":\"ListItem\",\"position\":2,\"name\":\"Bamboo, primul club \u00eenchis \u00een pandemie\"}]},{\"@type\":\"WebSite\",\"@id\":\"https:\\\/\\\/buletin.de\\\/bucuresti\\\/#website\",\"url\":\"https:\\\/\\\/buletin.de\\\/bucuresti\\\/\",\"name\":\"Buletin de Bucure\u0219ti\",\"description\":\"\u0218tiri \u0219i investiga\u021bii esen\u021biale din capital\u0103\",\"publisher\":{\"@id\":\"https:\\\/\\\/buletin.de\\\/bucuresti\\\/#organization\"},\"potentialAction\":[{\"@type\":\"SearchAction\",\"target\":{\"@type\":\"EntryPoint\",\"urlTemplate\":\"https:\\\/\\\/buletin.de\\\/bucuresti\\\/?s={search_term_string}\"},\"query-input\":{\"@type\":\"PropertyValueSpecification\",\"valueRequired\":true,\"valueName\":\"search_term_string\"}}],\"inLanguage\":\"en-GB\"},{\"@type\":\"Organization\",\"@id\":\"https:\\\/\\\/buletin.de\\\/bucuresti\\\/#organization\",\"name\":\"Buletin de Bucure\u0219ti\",\"url\":\"https:\\\/\\\/buletin.de\\\/bucuresti\\\/\",\"logo\":{\"@type\":\"ImageObject\",\"inLanguage\":\"en-GB\",\"@id\":\"https:\\\/\\\/buletin.de\\\/bucuresti\\\/#\\\/schema\\\/logo\\\/image\\\/\",\"url\":\"https:\\\/\\\/buletin.de\\\/bucuresti\\\/wp-content\\\/uploads\\\/logo-bdb-full-wide-vernil-transparent.png\",\"contentUrl\":\"https:\\\/\\\/buletin.de\\\/bucuresti\\\/wp-content\\\/uploads\\\/logo-bdb-full-wide-vernil-transparent.png\",\"width\":1782,\"height\":626,\"caption\":\"Buletin de Bucure\u0219ti\"},\"image\":{\"@id\":\"https:\\\/\\\/buletin.de\\\/bucuresti\\\/#\\\/schema\\\/logo\\\/image\\\/\"},\"sameAs\":[\"https:\\\/\\\/www.facebook.com\\\/buletin.de.buc\",\"https:\\\/\\\/www.instagram.com\\\/buletinde.bucuresti\\\/\"]},{\"@type\":\"Person\",\"@id\":\"https:\\\/\\\/buletin.de\\\/bucuresti\\\/#\\\/schema\\\/person\\\/8ce85bbda5515a1abb525993294155a8\",\"name\":\"Ana Tudor\",\"image\":{\"@type\":\"ImageObject\",\"inLanguage\":\"en-GB\",\"@id\":\"https:\\\/\\\/secure.gravatar.com\\\/avatar\\\/390c40e2d9367046adb10d832317e3f5fb181fdecb236cb1a8187477756ae24a?s=96&d=monsterid&r=g0f86ad5d6b77046fd61bd633bbfa4a29\",\"url\":\"https:\\\/\\\/secure.gravatar.com\\\/avatar\\\/390c40e2d9367046adb10d832317e3f5fb181fdecb236cb1a8187477756ae24a?s=96&d=monsterid&r=g\",\"contentUrl\":\"https:\\\/\\\/secure.gravatar.com\\\/avatar\\\/390c40e2d9367046adb10d832317e3f5fb181fdecb236cb1a8187477756ae24a?s=96&d=monsterid&r=g\",\"caption\":\"Ana Tudor\"},\"url\":\"https:\\\/\\\/buletin.de\\\/bucuresti\\\/author\\\/anamaria\\\/\"}]}<\/script>\n<!-- \/ Yoast SEO Premium plugin. -->","yoast_head_json":{"title":"Bamboo, primul club \u00eenchis \u00een pandemie - Buletin de Bucure\u0219ti","robots":{"index":"index","follow":"follow","max-snippet":"max-snippet:-1","max-image-preview":"max-image-preview:large","max-video-preview":"max-video-preview:-1"},"canonical":"https:\/\/buletin.de\/bucuresti\/bamboo-primul-club-inchis-in-pandemie\/","og_locale":"en_GB","og_type":"article","og_title":"Bamboo, primul club \u00eenchis \u00een pandemie","og_description":"Bamboo este primul club \u00eenchis \u00een pandemia de coronavirus, a anun\u021bat, s\u00e2mb\u0103t\u0103 sear\u0103, primarul Sectorului 2, Radu Mihaiu. \u00cen club se preg\u0103tise o petrecere care ar fi trebuit s\u0103 aib\u0103 loc \u00een aceast\u0103 sear\u0103 \u0219i care era anun\u021bat\u0103 de dou\u0103 zile. Anun\u021bul a fost f\u0103cut de primarul sectorului 2, Radu Mihaiu care a descins, \u00een [&hellip;]","og_url":"https:\/\/buletin.de\/bucuresti\/bamboo-primul-club-inchis-in-pandemie\/","og_site_name":"Buletin de Bucure\u0219ti","article_publisher":"https:\/\/www.facebook.com\/buletin.de.buc","article_published_time":"2021-03-27T19:51:43+00:00","article_modified_time":"2021-03-31T10:47:31+00:00","og_image":[{"width":1210,"height":1200,"url":"https:\/\/buletin.de\/bucuresti\/wp-content\/uploads\/bamboo.jpg","type":"image\/jpeg"}],"author":"Ana Tudor","twitter_card":"summary_large_image","twitter_misc":{"Written by":"Ana Tudor","Estimated reading time":"3 minutes"},"schema":{"@context":"https:\/\/schema.org","@graph":[{"@type":"Article","@id":"https:\/\/buletin.de\/bucuresti\/bamboo-primul-club-inchis-in-pandemie\/#article","isPartOf":{"@id":"https:\/\/buletin.de\/bucuresti\/bamboo-primul-club-inchis-in-pandemie\/"},"author":{"name":"Ana Tudor","@id":"https:\/\/buletin.de\/bucuresti\/#\/schema\/person\/8ce85bbda5515a1abb525993294155a8"},"headline":"Bamboo, primul club \u00eenchis \u00een pandemie","datePublished":"2021-03-27T19:51:43+00:00","dateModified":"2021-03-31T10:47:31+00:00","mainEntityOfPage":{"@id":"https:\/\/buletin.de\/bucuresti\/bamboo-primul-club-inchis-in-pandemie\/"},"wordCount":503,"publisher":{"@id":"https:\/\/buletin.de\/bucuresti\/#organization"},"image":{"@id":"https:\/\/buletin.de\/bucuresti\/bamboo-primul-club-inchis-in-pandemie\/#primaryimage"},"thumbnailUrl":"https:\/\/buletin.de\/bucuresti\/wp-content\/uploads\/bamboo.jpg","keywords":["activitate suspendata","bamboo","bucuresti","covid","covid19","inchidere","restrictii"],"articleSection":["Covid-19","\u0218tiri"],"inLanguage":"en-GB","copyrightYear":"2021","copyrightHolder":{"@id":"https:\/\/buletin.de\/bucuresti\/#organization"}},{"@type":"WebPage","@id":"https:\/\/buletin.de\/bucuresti\/bamboo-primul-club-inchis-in-pandemie\/","url":"https:\/\/buletin.de\/bucuresti\/bamboo-primul-club-inchis-in-pandemie\/","name":"Bamboo, primul club \u00eenchis \u00een pandemie - Buletin de Bucure\u0219ti","isPartOf":{"@id":"https:\/\/buletin.de\/bucuresti\/#website"},"primaryImageOfPage":{"@id":"https:\/\/buletin.de\/bucuresti\/bamboo-primul-club-inchis-in-pandemie\/#primaryimage"},"image":{"@id":"https:\/\/buletin.de\/bucuresti\/bamboo-primul-club-inchis-in-pandemie\/#primaryimage"},"thumbnailUrl":"https:\/\/buletin.de\/bucuresti\/wp-content\/uploads\/bamboo.jpg","datePublished":"2021-03-27T19:51:43+00:00","dateModified":"2021-03-31T10:47:31+00:00","breadcrumb":{"@id":"https:\/\/buletin.de\/bucuresti\/bamboo-primul-club-inchis-in-pandemie\/#breadcrumb"},"inLanguage":"en-GB","potentialAction":[{"@type":"ReadAction","target":["https:\/\/buletin.de\/bucuresti\/bamboo-primul-club-inchis-in-pandemie\/"]}]},{"@type":"ImageObject","inLanguage":"en-GB","@id":"https:\/\/buletin.de\/bucuresti\/bamboo-primul-club-inchis-in-pandemie\/#primaryimage","url":"https:\/\/buletin.de\/bucuresti\/wp-content\/uploads\/bamboo.jpg","contentUrl":"https:\/\/buletin.de\/bucuresti\/wp-content\/uploads\/bamboo.jpg","width":1210,"height":1200},{"@type":"BreadcrumbList","@id":"https:\/\/buletin.de\/bucuresti\/bamboo-primul-club-inchis-in-pandemie\/#breadcrumb","itemListElement":[{"@type":"ListItem","position":1,"name":"Acas\u0103","item":"https:\/\/buletin.de\/bucuresti\/"},{"@type":"ListItem","position":2,"name":"Bamboo, primul club \u00eenchis \u00een pandemie"}]},{"@type":"WebSite","@id":"https:\/\/buletin.de\/bucuresti\/#website","url":"https:\/\/buletin.de\/bucuresti\/","name":"Buletin de Bucure\u0219ti","description":"\u0218tiri \u0219i investiga\u021bii esen\u021biale din capital\u0103","publisher":{"@id":"https:\/\/buletin.de\/bucuresti\/#organization"},"potentialAction":[{"@type":"SearchAction","target":{"@type":"EntryPoint","urlTemplate":"https:\/\/buletin.de\/bucuresti\/?s={search_term_string}"},"query-input":{"@type":"PropertyValueSpecification","valueRequired":true,"valueName":"search_term_string"}}],"inLanguage":"en-GB"},{"@type":"Organization","@id":"https:\/\/buletin.de\/bucuresti\/#organization","name":"Buletin de Bucure\u0219ti","url":"https:\/\/buletin.de\/bucuresti\/","logo":{"@type":"ImageObject","inLanguage":"en-GB","@id":"https:\/\/buletin.de\/bucuresti\/#\/schema\/logo\/image\/","url":"https:\/\/buletin.de\/bucuresti\/wp-content\/uploads\/logo-bdb-full-wide-vernil-transparent.png","contentUrl":"https:\/\/buletin.de\/bucuresti\/wp-content\/uploads\/logo-bdb-full-wide-vernil-transparent.png","width":1782,"height":626,"caption":"Buletin de Bucure\u0219ti"},"image":{"@id":"https:\/\/buletin.de\/bucuresti\/#\/schema\/logo\/image\/"},"sameAs":["https:\/\/www.facebook.com\/buletin.de.buc","https:\/\/www.instagram.com\/buletinde.bucuresti\/"]},{"@type":"Person","@id":"https:\/\/buletin.de\/bucuresti\/#\/schema\/person\/8ce85bbda5515a1abb525993294155a8","name":"Ana Tudor","image":{"@type":"ImageObject","inLanguage":"en-GB","@id":"https:\/\/secure.gravatar.com\/avatar\/390c40e2d9367046adb10d832317e3f5fb181fdecb236cb1a8187477756ae24a?s=96&d=monsterid&r=g0f86ad5d6b77046fd61bd633bbfa4a29","url":"https:\/\/secure.gravatar.com\/avatar\/390c40e2d9367046adb10d832317e3f5fb181fdecb236cb1a8187477756ae24a?s=96&d=monsterid&r=g","contentUrl":"https:\/\/secure.gravatar.com\/avatar\/390c40e2d9367046adb10d832317e3f5fb181fdecb236cb1a8187477756ae24a?s=96&d=monsterid&r=g","caption":"Ana Tudor"},"url":"https:\/\/buletin.de\/bucuresti\/author\/anamaria\/"}]}},"authors":[{"term_id":22597,"user_id":25,"is_guest":0,"slug":"anamaria","display_name":"Ana Tudor","avatar_url":"https:\/\/secure.gravatar.com\/avatar\/390c40e2d9367046adb10d832317e3f5fb181fdecb236cb1a8187477756ae24a?s=96&d=monsterid&r=g","0":null,"1":"","2":"","3":"","4":"","5":"","6":"","7":"","8":""}],"_links":{"self":[{"href":"https:\/\/buletin.de\/bucuresti\/wp-json\/wp\/v2\/posts\/22459","targetHints":{"allow":["GET"]}}],"collection":[{"href":"https:\/\/buletin.de\/bucuresti\/wp-json\/wp\/v2\/posts"}],"about":[{"href":"https:\/\/buletin.de\/bucuresti\/wp-json\/wp\/v2\/types\/post"}],"author":[{"embeddable":true,"href":"https:\/\/buletin.de\/bucuresti\/wp-json\/wp\/v2\/users\/25"}],"replies":[{"embeddable":true,"href":"https:\/\/buletin.de\/bucuresti\/wp-json\/wp\/v2\/comments?post=22459"}],"version-history":[{"count":4,"href":"https:\/\/buletin.de\/bucuresti\/wp-json\/wp\/v2\/posts\/22459\/revisions"}],"predecessor-version":[{"id":22469,"href":"https:\/\/buletin.de\/bucuresti\/wp-json\/wp\/v2\/posts\/22459\/revisions\/22469"}],"wp:featuredmedia":[{"embeddable":true,"href":"https:\/\/buletin.de\/bucuresti\/wp-json\/wp\/v2\/media\/22460"}],"wp:attachment":[{"href":"https:\/\/buletin.de\/bucuresti\/wp-json\/wp\/v2\/media?parent=22459"}],"wp:term":[{"taxonomy":"category","embeddable":true,"href":"https:\/\/buletin.de\/bucuresti\/wp-json\/wp\/v2\/categories?post=22459"},{"taxonomy":"post_tag","embeddable":true,"href":"https:\/\/buletin.de\/bucuresti\/wp-json\/wp\/v2\/tags?post=22459"},{"taxonomy":"author","embeddable":true,"href":"https:\/\/buletin.de\/bucuresti\/wp-json\/wp\/v2\/ppma_author?post=22459"}],"curies":[{"name":"wp","href":"https:\/\/api.w.org\/{rel}","templated":true}]}}