{"id":22280,"date":"2021-03-25T21:36:48","date_gmt":"2021-03-25T18:36:48","guid":{"rendered":"https:\/\/buletin.de\/bucuresti\/?p=22280"},"modified":"2021-03-25T21:39:42","modified_gmt":"2021-03-25T18:39:42","slug":"restrictii-noi-de-maine-in-bucuresti-magazinele-se-inchid-la-18-circulatia-se-interzice-dupa-ora-20","status":"publish","type":"post","link":"https:\/\/buletin.de\/bucuresti\/restrictii-noi-de-maine-in-bucuresti-magazinele-se-inchid-la-18-circulatia-se-interzice-dupa-ora-20\/","title":{"rendered":"Restric\u021bii noi de m\u00e2ine \u00een Bucure\u0219ti! Magazinele se \u00eenchid la 18, circula\u021bia se interzice dup\u0103 ora 20"},"content":{"rendered":"\n<p>Guvernul a decis, \u00een aceast\u0103 sear\u0103, o serie nou\u0103 de m\u0103suri pentru combaterea r\u0103sp\u00e2ndirii SARS COV2.  Restric\u021biile vor fi aplicate \u00eencep\u00e2nd de m\u00e2ine, dup\u0103 publicarea \u00een Monitorul Oficial. <\/p>\n\n\n\n<p>Care sunt principalele decizii:<\/p>\n\n\n\n<p><strong>Intervalele orare \u00een care e permis\u0103 circula\u021bia<\/strong><\/p>\n\n\n\n<ul class=\"wp-block-list\"><li>dac\u0103 rata de inciden\u021b\u0103 \u00eentr-o localitate este <strong>mai mic\u0103 dec\u00e2t 4<\/strong>, circula\u021bia este permis\u0103 <strong>p\u00e2n\u0103 la ora 22<\/strong><\/li><li>dac\u0103 rata de inciden\u021b\u0103 \u00eentr-o localitate este<strong> mai mare dec\u00e2t 4<\/strong>, circula\u021bia este permis\u0103 \u00een zilele de vineri, s\u00e2mb\u0103t\u0103 \u0219i duminic\u0103 p\u00e2n\u0103 la ora 20. Se va reveni la programul anterior c\u00e2nd rata de inciden\u021b\u0103 <strong>scade sub 3,5<\/strong><\/li><li>dac\u0103 rata de inciden\u021b\u0103 \u00eentr-o localitate este <strong>mai mare dec\u00e2t 7,5<\/strong>, circula\u021bia este permis\u0103 \u00een <strong>toate zilele s\u0103pt\u0103m\u00e2nii p\u00e2n\u0103 la ora 20<\/strong>. Se va reveni la programul anterior c\u00e2nd rata de <strong>inciden\u021b\u0103 scade sub 7<\/strong><\/li><\/ul>\n\n\n\n<p><strong>Programul operatorilor economici<\/strong><\/p>\n\n\n\n<ul class=\"wp-block-list\" id=\"block-802d643e-8b08-4933-b4c8-beec6d297b93\"><li>dac\u0103 rata de inciden\u021b\u0103 \u00eentr-o localitate este <strong>mai mic\u0103 dec\u00e2t 4<\/strong>, activitatea operatorilor economici este permis\u0103 <strong>p\u00e2n\u0103 la ora 22<\/strong><\/li><li>dac\u0103 rata de inciden\u021b\u0103 \u00eentr-o localitate este<strong> mai mare dec\u00e2t 4<\/strong>, activitatea operatorilor economici este permis\u0103 \u00een zilele de <strong>vineri, s\u00e2mb\u0103t\u0103 \u0219i duminic\u0103 p\u00e2n\u0103 la ora 18<\/strong>. Se va reveni la programul anterior c\u00e2nd rata de inciden\u021b\u0103 <strong>scade sub 3,5<\/strong><\/li><li>dac\u0103 rata de inciden\u021b\u0103 \u00eentr-o localitate este <strong>mai mare dec\u00e2t 7,5<\/strong>, activitatea operatorilor economici este permis\u0103 \u00een <strong>toate zilele s\u0103pt\u0103m\u00e2nii p\u00e2n\u0103 la ora 18<\/strong>. Se va reveni la programul anterior c\u00e2nd rata de <strong>inciden\u021b\u0103 scade sub 7<\/strong><\/li><\/ul>\n\n\n\n<p><strong>Alte decizii:<\/strong><\/p>\n\n\n\n<ul class=\"wp-block-list\"><li>Va fi limitat num\u0103rul de persoane care au acces la un moment dat \u00een spa\u021biile comerciale<\/li><li>S\u0103lile de fitness vor fi \u00eenchise<\/li><li>In noaptea de 27.03 spre 28.03 m\u0103sura circula\u021biei pe timpul nop\u021bii va fi extins\u0103 <strong>p\u00e2n\u0103 la ora 22<\/strong> pentru cei care particip\u0103 la s\u0103rb\u0103toarea religioas\u0103 <strong>Pesah<\/strong><\/li><li>In noaptea de 3 spre 4 aprilie e permis\u0103 circula\u021bia \u00eentre 20 \u0219i 02 pentru cei care particip\u0103 la slujba de Pastele catolic.<\/li><li>Marea Britanie iese de pe lista \u021b\u0103rilor cu risc epidemiologic ridicat<\/li><\/ul>\n\n\n\n<p>Restric\u021biile de circula\u021bie sau relaxarea lor vor intra automat \u00een vigoare la modificare ratei de inciden\u021b\u0103, f\u0103r\u0103 a fi nevoie de decizii locale ale CSU.<\/p>\n\n\n\n<p>Hot\u0103r\u00e2rea emis\u0103 ast\u0103zi de Guvern e valabil\u0103 pan\u0103 pe 24 de aprilie.<\/p>\n\n\n\n<p>sursa foto cover Facebook Guvernul Rom\u00e2niei<\/p>\n\n\n\n<p><\/p>\n","protected":false},"excerpt":{"rendered":"<p>Guvernul a decis, \u00een aceast\u0103 sear\u0103, o serie nou\u0103 de m\u0103suri pentru combaterea r\u0103sp\u00e2ndirii SARS COV2. Restric\u021biile vor fi aplicate \u00eencep\u00e2nd de m\u00e2ine, dup\u0103 publicarea \u00een Monitorul Oficial. Care sunt principalele decizii: Intervalele orare \u00een care e permis\u0103 circula\u021bia dac\u0103 rata de inciden\u021b\u0103 \u00eentr-o localitate este mai mic\u0103 dec\u00e2t 4, circula\u021bia este permis\u0103 p\u00e2n\u0103 la [&hellip;]<\/p>\n","protected":false},"author":18,"featured_media":22282,"comment_status":"closed","ping_status":"open","sticky":false,"template":"","format":"standard","meta":{"_acf_changed":false,"inline_featured_image":false,"ngg_post_thumbnail":0,"footnotes":""},"categories":[996,4,62],"tags":[640,667,787],"ppma_author":[22579],"class_list":["post-22280","post","type-post","status-publish","format-standard","has-post-thumbnail","hentry","category-covid-19","category-sanatate","category-stiri","tag-covid","tag-guvern","tag-restrictii-circulatie"],"acf":[],"yoast_head":"<!-- This site is optimized with the Yoast SEO Premium plugin v25.3 (Yoast SEO v27.5) - https:\/\/yoast.com\/product\/yoast-seo-premium-wordpress\/ -->\n<title>Restric\u021bii noi de m\u00e2ine \u00een Bucure\u0219ti! Magazinele se \u00eenchid la 18, circula\u021bia se interzice dup\u0103 ora 20 - Buletin de Bucure\u0219ti<\/title>\n<meta name=\"robots\" content=\"index, follow, max-snippet:-1, max-image-preview:large, max-video-preview:-1\" \/>\n<link rel=\"canonical\" href=\"https:\/\/buletin.de\/bucuresti\/restrictii-noi-de-maine-in-bucuresti-magazinele-se-inchid-la-18-circulatia-se-interzice-dupa-ora-20\/\" \/>\n<meta property=\"og:locale\" content=\"en_GB\" \/>\n<meta property=\"og:type\" content=\"article\" \/>\n<meta property=\"og:title\" content=\"Restric\u021bii noi de m\u00e2ine \u00een Bucure\u0219ti! Magazinele se \u00eenchid la 18, circula\u021bia se interzice dup\u0103 ora 20\" \/>\n<meta property=\"og:description\" content=\"Guvernul a decis, \u00een aceast\u0103 sear\u0103, o serie nou\u0103 de m\u0103suri pentru combaterea r\u0103sp\u00e2ndirii SARS COV2. Restric\u021biile vor fi aplicate \u00eencep\u00e2nd de m\u00e2ine, dup\u0103 publicarea \u00een Monitorul Oficial. Care sunt principalele decizii: Intervalele orare \u00een care e permis\u0103 circula\u021bia dac\u0103 rata de inciden\u021b\u0103 \u00eentr-o localitate este mai mic\u0103 dec\u00e2t 4, circula\u021bia este permis\u0103 p\u00e2n\u0103 la [&hellip;]\" \/>\n<meta property=\"og:url\" content=\"https:\/\/buletin.de\/bucuresti\/restrictii-noi-de-maine-in-bucuresti-magazinele-se-inchid-la-18-circulatia-se-interzice-dupa-ora-20\/\" \/>\n<meta property=\"og:site_name\" content=\"Buletin de Bucure\u0219ti\" \/>\n<meta property=\"article:publisher\" content=\"https:\/\/www.facebook.com\/buletin.de.buc\" \/>\n<meta property=\"article:published_time\" content=\"2021-03-25T18:36:48+00:00\" \/>\n<meta property=\"article:modified_time\" content=\"2021-03-25T18:39:42+00:00\" \/>\n<meta property=\"og:image\" content=\"https:\/\/buletin.de\/bucuresti\/wp-content\/uploads\/6df3a96b-090d-4829-9a8d-96922aa359a5.jpg\" \/>\n\t<meta property=\"og:image:width\" content=\"1600\" \/>\n\t<meta property=\"og:image:height\" content=\"1076\" \/>\n\t<meta property=\"og:image:type\" content=\"image\/jpeg\" \/>\n<meta name=\"author\" content=\"Teodora Stroe\" \/>\n<meta name=\"twitter:card\" content=\"summary_large_image\" \/>\n<meta name=\"twitter:label1\" content=\"Written by\" \/>\n\t<meta name=\"twitter:data1\" content=\"Teodora Stroe\" \/>\n\t<meta name=\"twitter:label2\" content=\"Estimated reading time\" \/>\n\t<meta name=\"twitter:data2\" content=\"2 minutes\" \/>\n<script type=\"application\/ld+json\" class=\"yoast-schema-graph\">{\"@context\":\"https:\\\/\\\/schema.org\",\"@graph\":[{\"@type\":\"Article\",\"@id\":\"https:\\\/\\\/buletin.de\\\/bucuresti\\\/restrictii-noi-de-maine-in-bucuresti-magazinele-se-inchid-la-18-circulatia-se-interzice-dupa-ora-20\\\/#article\",\"isPartOf\":{\"@id\":\"https:\\\/\\\/buletin.de\\\/bucuresti\\\/restrictii-noi-de-maine-in-bucuresti-magazinele-se-inchid-la-18-circulatia-se-interzice-dupa-ora-20\\\/\"},\"author\":{\"name\":\"Teodora Stroe\",\"@id\":\"https:\\\/\\\/buletin.de\\\/bucuresti\\\/#\\\/schema\\\/person\\\/d369d7ddc775abece205795e0b804614\"},\"headline\":\"Restric\u021bii noi de m\u00e2ine \u00een Bucure\u0219ti! Magazinele se \u00eenchid la 18, circula\u021bia se interzice dup\u0103 ora 20\",\"datePublished\":\"2021-03-25T18:36:48+00:00\",\"dateModified\":\"2021-03-25T18:39:42+00:00\",\"mainEntityOfPage\":{\"@id\":\"https:\\\/\\\/buletin.de\\\/bucuresti\\\/restrictii-noi-de-maine-in-bucuresti-magazinele-se-inchid-la-18-circulatia-se-interzice-dupa-ora-20\\\/\"},\"wordCount\":405,\"publisher\":{\"@id\":\"https:\\\/\\\/buletin.de\\\/bucuresti\\\/#organization\"},\"image\":{\"@id\":\"https:\\\/\\\/buletin.de\\\/bucuresti\\\/restrictii-noi-de-maine-in-bucuresti-magazinele-se-inchid-la-18-circulatia-se-interzice-dupa-ora-20\\\/#primaryimage\"},\"thumbnailUrl\":\"https:\\\/\\\/buletin.de\\\/bucuresti\\\/wp-content\\\/uploads\\\/6df3a96b-090d-4829-9a8d-96922aa359a5.jpg\",\"keywords\":[\"covid\",\"guvern\",\"restrictii circulatie\"],\"articleSection\":[\"Covid-19\",\"S\u0103n\u0103tate\",\"\u0218tiri\"],\"inLanguage\":\"en-GB\",\"copyrightYear\":\"2021\",\"copyrightHolder\":{\"@id\":\"https:\\\/\\\/buletin.de\\\/bucuresti\\\/#organization\"}},{\"@type\":\"WebPage\",\"@id\":\"https:\\\/\\\/buletin.de\\\/bucuresti\\\/restrictii-noi-de-maine-in-bucuresti-magazinele-se-inchid-la-18-circulatia-se-interzice-dupa-ora-20\\\/\",\"url\":\"https:\\\/\\\/buletin.de\\\/bucuresti\\\/restrictii-noi-de-maine-in-bucuresti-magazinele-se-inchid-la-18-circulatia-se-interzice-dupa-ora-20\\\/\",\"name\":\"Restric\u021bii noi de m\u00e2ine \u00een Bucure\u0219ti! Magazinele se \u00eenchid la 18, circula\u021bia se interzice dup\u0103 ora 20 - Buletin de Bucure\u0219ti\",\"isPartOf\":{\"@id\":\"https:\\\/\\\/buletin.de\\\/bucuresti\\\/#website\"},\"primaryImageOfPage\":{\"@id\":\"https:\\\/\\\/buletin.de\\\/bucuresti\\\/restrictii-noi-de-maine-in-bucuresti-magazinele-se-inchid-la-18-circulatia-se-interzice-dupa-ora-20\\\/#primaryimage\"},\"image\":{\"@id\":\"https:\\\/\\\/buletin.de\\\/bucuresti\\\/restrictii-noi-de-maine-in-bucuresti-magazinele-se-inchid-la-18-circulatia-se-interzice-dupa-ora-20\\\/#primaryimage\"},\"thumbnailUrl\":\"https:\\\/\\\/buletin.de\\\/bucuresti\\\/wp-content\\\/uploads\\\/6df3a96b-090d-4829-9a8d-96922aa359a5.jpg\",\"datePublished\":\"2021-03-25T18:36:48+00:00\",\"dateModified\":\"2021-03-25T18:39:42+00:00\",\"breadcrumb\":{\"@id\":\"https:\\\/\\\/buletin.de\\\/bucuresti\\\/restrictii-noi-de-maine-in-bucuresti-magazinele-se-inchid-la-18-circulatia-se-interzice-dupa-ora-20\\\/#breadcrumb\"},\"inLanguage\":\"en-GB\",\"potentialAction\":[{\"@type\":\"ReadAction\",\"target\":[\"https:\\\/\\\/buletin.de\\\/bucuresti\\\/restrictii-noi-de-maine-in-bucuresti-magazinele-se-inchid-la-18-circulatia-se-interzice-dupa-ora-20\\\/\"]}]},{\"@type\":\"ImageObject\",\"inLanguage\":\"en-GB\",\"@id\":\"https:\\\/\\\/buletin.de\\\/bucuresti\\\/restrictii-noi-de-maine-in-bucuresti-magazinele-se-inchid-la-18-circulatia-se-interzice-dupa-ora-20\\\/#primaryimage\",\"url\":\"https:\\\/\\\/buletin.de\\\/bucuresti\\\/wp-content\\\/uploads\\\/6df3a96b-090d-4829-9a8d-96922aa359a5.jpg\",\"contentUrl\":\"https:\\\/\\\/buletin.de\\\/bucuresti\\\/wp-content\\\/uploads\\\/6df3a96b-090d-4829-9a8d-96922aa359a5.jpg\",\"width\":1600,\"height\":1076},{\"@type\":\"BreadcrumbList\",\"@id\":\"https:\\\/\\\/buletin.de\\\/bucuresti\\\/restrictii-noi-de-maine-in-bucuresti-magazinele-se-inchid-la-18-circulatia-se-interzice-dupa-ora-20\\\/#breadcrumb\",\"itemListElement\":[{\"@type\":\"ListItem\",\"position\":1,\"name\":\"Acas\u0103\",\"item\":\"https:\\\/\\\/buletin.de\\\/bucuresti\\\/\"},{\"@type\":\"ListItem\",\"position\":2,\"name\":\"Restric\u021bii noi de m\u00e2ine \u00een Bucure\u0219ti! Magazinele se \u00eenchid la 18, circula\u021bia se interzice dup\u0103 ora 20\"}]},{\"@type\":\"WebSite\",\"@id\":\"https:\\\/\\\/buletin.de\\\/bucuresti\\\/#website\",\"url\":\"https:\\\/\\\/buletin.de\\\/bucuresti\\\/\",\"name\":\"Buletin de Bucure\u0219ti\",\"description\":\"\u0218tiri \u0219i investiga\u021bii esen\u021biale din capital\u0103\",\"publisher\":{\"@id\":\"https:\\\/\\\/buletin.de\\\/bucuresti\\\/#organization\"},\"potentialAction\":[{\"@type\":\"SearchAction\",\"target\":{\"@type\":\"EntryPoint\",\"urlTemplate\":\"https:\\\/\\\/buletin.de\\\/bucuresti\\\/?s={search_term_string}\"},\"query-input\":{\"@type\":\"PropertyValueSpecification\",\"valueRequired\":true,\"valueName\":\"search_term_string\"}}],\"inLanguage\":\"en-GB\"},{\"@type\":\"Organization\",\"@id\":\"https:\\\/\\\/buletin.de\\\/bucuresti\\\/#organization\",\"name\":\"Buletin de Bucure\u0219ti\",\"url\":\"https:\\\/\\\/buletin.de\\\/bucuresti\\\/\",\"logo\":{\"@type\":\"ImageObject\",\"inLanguage\":\"en-GB\",\"@id\":\"https:\\\/\\\/buletin.de\\\/bucuresti\\\/#\\\/schema\\\/logo\\\/image\\\/\",\"url\":\"https:\\\/\\\/buletin.de\\\/bucuresti\\\/wp-content\\\/uploads\\\/logo-bdb-full-wide-vernil-transparent.png\",\"contentUrl\":\"https:\\\/\\\/buletin.de\\\/bucuresti\\\/wp-content\\\/uploads\\\/logo-bdb-full-wide-vernil-transparent.png\",\"width\":1782,\"height\":626,\"caption\":\"Buletin de Bucure\u0219ti\"},\"image\":{\"@id\":\"https:\\\/\\\/buletin.de\\\/bucuresti\\\/#\\\/schema\\\/logo\\\/image\\\/\"},\"sameAs\":[\"https:\\\/\\\/www.facebook.com\\\/buletin.de.buc\",\"https:\\\/\\\/www.instagram.com\\\/buletinde.bucuresti\\\/\"]},{\"@type\":\"Person\",\"@id\":\"https:\\\/\\\/buletin.de\\\/bucuresti\\\/#\\\/schema\\\/person\\\/d369d7ddc775abece205795e0b804614\",\"name\":\"Teodora Stroe\",\"image\":{\"@type\":\"ImageObject\",\"inLanguage\":\"en-GB\",\"@id\":\"https:\\\/\\\/secure.gravatar.com\\\/avatar\\\/2560b4cd9f5f1bc100b123158e657d75584bd1c3e1d9c69285720b9457c1b78d?s=96&d=monsterid&r=gc104800242ba5f2d78dd5d7dc4df08b6\",\"url\":\"https:\\\/\\\/secure.gravatar.com\\\/avatar\\\/2560b4cd9f5f1bc100b123158e657d75584bd1c3e1d9c69285720b9457c1b78d?s=96&d=monsterid&r=g\",\"contentUrl\":\"https:\\\/\\\/secure.gravatar.com\\\/avatar\\\/2560b4cd9f5f1bc100b123158e657d75584bd1c3e1d9c69285720b9457c1b78d?s=96&d=monsterid&r=g\",\"caption\":\"Teodora Stroe\"},\"url\":\"https:\\\/\\\/buletin.de\\\/bucuresti\\\/author\\\/simonacarlugea\\\/\"}]}<\/script>\n<!-- \/ Yoast SEO Premium plugin. -->","yoast_head_json":{"title":"Restric\u021bii noi de m\u00e2ine \u00een Bucure\u0219ti! Magazinele se \u00eenchid la 18, circula\u021bia se interzice dup\u0103 ora 20 - Buletin de Bucure\u0219ti","robots":{"index":"index","follow":"follow","max-snippet":"max-snippet:-1","max-image-preview":"max-image-preview:large","max-video-preview":"max-video-preview:-1"},"canonical":"https:\/\/buletin.de\/bucuresti\/restrictii-noi-de-maine-in-bucuresti-magazinele-se-inchid-la-18-circulatia-se-interzice-dupa-ora-20\/","og_locale":"en_GB","og_type":"article","og_title":"Restric\u021bii noi de m\u00e2ine \u00een Bucure\u0219ti! Magazinele se \u00eenchid la 18, circula\u021bia se interzice dup\u0103 ora 20","og_description":"Guvernul a decis, \u00een aceast\u0103 sear\u0103, o serie nou\u0103 de m\u0103suri pentru combaterea r\u0103sp\u00e2ndirii SARS COV2. Restric\u021biile vor fi aplicate \u00eencep\u00e2nd de m\u00e2ine, dup\u0103 publicarea \u00een Monitorul Oficial. Care sunt principalele decizii: Intervalele orare \u00een care e permis\u0103 circula\u021bia dac\u0103 rata de inciden\u021b\u0103 \u00eentr-o localitate este mai mic\u0103 dec\u00e2t 4, circula\u021bia este permis\u0103 p\u00e2n\u0103 la [&hellip;]","og_url":"https:\/\/buletin.de\/bucuresti\/restrictii-noi-de-maine-in-bucuresti-magazinele-se-inchid-la-18-circulatia-se-interzice-dupa-ora-20\/","og_site_name":"Buletin de Bucure\u0219ti","article_publisher":"https:\/\/www.facebook.com\/buletin.de.buc","article_published_time":"2021-03-25T18:36:48+00:00","article_modified_time":"2021-03-25T18:39:42+00:00","og_image":[{"width":1600,"height":1076,"url":"https:\/\/buletin.de\/bucuresti\/wp-content\/uploads\/6df3a96b-090d-4829-9a8d-96922aa359a5.jpg","type":"image\/jpeg"}],"author":"Teodora Stroe","twitter_card":"summary_large_image","twitter_misc":{"Written by":"Teodora Stroe","Estimated reading time":"2 minutes"},"schema":{"@context":"https:\/\/schema.org","@graph":[{"@type":"Article","@id":"https:\/\/buletin.de\/bucuresti\/restrictii-noi-de-maine-in-bucuresti-magazinele-se-inchid-la-18-circulatia-se-interzice-dupa-ora-20\/#article","isPartOf":{"@id":"https:\/\/buletin.de\/bucuresti\/restrictii-noi-de-maine-in-bucuresti-magazinele-se-inchid-la-18-circulatia-se-interzice-dupa-ora-20\/"},"author":{"name":"Teodora Stroe","@id":"https:\/\/buletin.de\/bucuresti\/#\/schema\/person\/d369d7ddc775abece205795e0b804614"},"headline":"Restric\u021bii noi de m\u00e2ine \u00een Bucure\u0219ti! Magazinele se \u00eenchid la 18, circula\u021bia se interzice dup\u0103 ora 20","datePublished":"2021-03-25T18:36:48+00:00","dateModified":"2021-03-25T18:39:42+00:00","mainEntityOfPage":{"@id":"https:\/\/buletin.de\/bucuresti\/restrictii-noi-de-maine-in-bucuresti-magazinele-se-inchid-la-18-circulatia-se-interzice-dupa-ora-20\/"},"wordCount":405,"publisher":{"@id":"https:\/\/buletin.de\/bucuresti\/#organization"},"image":{"@id":"https:\/\/buletin.de\/bucuresti\/restrictii-noi-de-maine-in-bucuresti-magazinele-se-inchid-la-18-circulatia-se-interzice-dupa-ora-20\/#primaryimage"},"thumbnailUrl":"https:\/\/buletin.de\/bucuresti\/wp-content\/uploads\/6df3a96b-090d-4829-9a8d-96922aa359a5.jpg","keywords":["covid","guvern","restrictii circulatie"],"articleSection":["Covid-19","S\u0103n\u0103tate","\u0218tiri"],"inLanguage":"en-GB","copyrightYear":"2021","copyrightHolder":{"@id":"https:\/\/buletin.de\/bucuresti\/#organization"}},{"@type":"WebPage","@id":"https:\/\/buletin.de\/bucuresti\/restrictii-noi-de-maine-in-bucuresti-magazinele-se-inchid-la-18-circulatia-se-interzice-dupa-ora-20\/","url":"https:\/\/buletin.de\/bucuresti\/restrictii-noi-de-maine-in-bucuresti-magazinele-se-inchid-la-18-circulatia-se-interzice-dupa-ora-20\/","name":"Restric\u021bii noi de m\u00e2ine \u00een Bucure\u0219ti! Magazinele se \u00eenchid la 18, circula\u021bia se interzice dup\u0103 ora 20 - Buletin de Bucure\u0219ti","isPartOf":{"@id":"https:\/\/buletin.de\/bucuresti\/#website"},"primaryImageOfPage":{"@id":"https:\/\/buletin.de\/bucuresti\/restrictii-noi-de-maine-in-bucuresti-magazinele-se-inchid-la-18-circulatia-se-interzice-dupa-ora-20\/#primaryimage"},"image":{"@id":"https:\/\/buletin.de\/bucuresti\/restrictii-noi-de-maine-in-bucuresti-magazinele-se-inchid-la-18-circulatia-se-interzice-dupa-ora-20\/#primaryimage"},"thumbnailUrl":"https:\/\/buletin.de\/bucuresti\/wp-content\/uploads\/6df3a96b-090d-4829-9a8d-96922aa359a5.jpg","datePublished":"2021-03-25T18:36:48+00:00","dateModified":"2021-03-25T18:39:42+00:00","breadcrumb":{"@id":"https:\/\/buletin.de\/bucuresti\/restrictii-noi-de-maine-in-bucuresti-magazinele-se-inchid-la-18-circulatia-se-interzice-dupa-ora-20\/#breadcrumb"},"inLanguage":"en-GB","potentialAction":[{"@type":"ReadAction","target":["https:\/\/buletin.de\/bucuresti\/restrictii-noi-de-maine-in-bucuresti-magazinele-se-inchid-la-18-circulatia-se-interzice-dupa-ora-20\/"]}]},{"@type":"ImageObject","inLanguage":"en-GB","@id":"https:\/\/buletin.de\/bucuresti\/restrictii-noi-de-maine-in-bucuresti-magazinele-se-inchid-la-18-circulatia-se-interzice-dupa-ora-20\/#primaryimage","url":"https:\/\/buletin.de\/bucuresti\/wp-content\/uploads\/6df3a96b-090d-4829-9a8d-96922aa359a5.jpg","contentUrl":"https:\/\/buletin.de\/bucuresti\/wp-content\/uploads\/6df3a96b-090d-4829-9a8d-96922aa359a5.jpg","width":1600,"height":1076},{"@type":"BreadcrumbList","@id":"https:\/\/buletin.de\/bucuresti\/restrictii-noi-de-maine-in-bucuresti-magazinele-se-inchid-la-18-circulatia-se-interzice-dupa-ora-20\/#breadcrumb","itemListElement":[{"@type":"ListItem","position":1,"name":"Acas\u0103","item":"https:\/\/buletin.de\/bucuresti\/"},{"@type":"ListItem","position":2,"name":"Restric\u021bii noi de m\u00e2ine \u00een Bucure\u0219ti! Magazinele se \u00eenchid la 18, circula\u021bia se interzice dup\u0103 ora 20"}]},{"@type":"WebSite","@id":"https:\/\/buletin.de\/bucuresti\/#website","url":"https:\/\/buletin.de\/bucuresti\/","name":"Buletin de Bucure\u0219ti","description":"\u0218tiri \u0219i investiga\u021bii esen\u021biale din capital\u0103","publisher":{"@id":"https:\/\/buletin.de\/bucuresti\/#organization"},"potentialAction":[{"@type":"SearchAction","target":{"@type":"EntryPoint","urlTemplate":"https:\/\/buletin.de\/bucuresti\/?s={search_term_string}"},"query-input":{"@type":"PropertyValueSpecification","valueRequired":true,"valueName":"search_term_string"}}],"inLanguage":"en-GB"},{"@type":"Organization","@id":"https:\/\/buletin.de\/bucuresti\/#organization","name":"Buletin de Bucure\u0219ti","url":"https:\/\/buletin.de\/bucuresti\/","logo":{"@type":"ImageObject","inLanguage":"en-GB","@id":"https:\/\/buletin.de\/bucuresti\/#\/schema\/logo\/image\/","url":"https:\/\/buletin.de\/bucuresti\/wp-content\/uploads\/logo-bdb-full-wide-vernil-transparent.png","contentUrl":"https:\/\/buletin.de\/bucuresti\/wp-content\/uploads\/logo-bdb-full-wide-vernil-transparent.png","width":1782,"height":626,"caption":"Buletin de Bucure\u0219ti"},"image":{"@id":"https:\/\/buletin.de\/bucuresti\/#\/schema\/logo\/image\/"},"sameAs":["https:\/\/www.facebook.com\/buletin.de.buc","https:\/\/www.instagram.com\/buletinde.bucuresti\/"]},{"@type":"Person","@id":"https:\/\/buletin.de\/bucuresti\/#\/schema\/person\/d369d7ddc775abece205795e0b804614","name":"Teodora Stroe","image":{"@type":"ImageObject","inLanguage":"en-GB","@id":"https:\/\/secure.gravatar.com\/avatar\/2560b4cd9f5f1bc100b123158e657d75584bd1c3e1d9c69285720b9457c1b78d?s=96&d=monsterid&r=gc104800242ba5f2d78dd5d7dc4df08b6","url":"https:\/\/secure.gravatar.com\/avatar\/2560b4cd9f5f1bc100b123158e657d75584bd1c3e1d9c69285720b9457c1b78d?s=96&d=monsterid&r=g","contentUrl":"https:\/\/secure.gravatar.com\/avatar\/2560b4cd9f5f1bc100b123158e657d75584bd1c3e1d9c69285720b9457c1b78d?s=96&d=monsterid&r=g","caption":"Teodora Stroe"},"url":"https:\/\/buletin.de\/bucuresti\/author\/simonacarlugea\/"}]}},"authors":[{"term_id":22579,"user_id":18,"is_guest":0,"slug":"simonacarlugea","display_name":"Teodora Stroe","avatar_url":"https:\/\/secure.gravatar.com\/avatar\/2560b4cd9f5f1bc100b123158e657d75584bd1c3e1d9c69285720b9457c1b78d?s=96&d=monsterid&r=g","0":null,"1":"","2":"","3":"","4":"","5":"","6":"","7":"","8":""}],"_links":{"self":[{"href":"https:\/\/buletin.de\/bucuresti\/wp-json\/wp\/v2\/posts\/22280","targetHints":{"allow":["GET"]}}],"collection":[{"href":"https:\/\/buletin.de\/bucuresti\/wp-json\/wp\/v2\/posts"}],"about":[{"href":"https:\/\/buletin.de\/bucuresti\/wp-json\/wp\/v2\/types\/post"}],"author":[{"embeddable":true,"href":"https:\/\/buletin.de\/bucuresti\/wp-json\/wp\/v2\/users\/18"}],"replies":[{"embeddable":true,"href":"https:\/\/buletin.de\/bucuresti\/wp-json\/wp\/v2\/comments?post=22280"}],"version-history":[{"count":3,"href":"https:\/\/buletin.de\/bucuresti\/wp-json\/wp\/v2\/posts\/22280\/revisions"}],"predecessor-version":[{"id":22284,"href":"https:\/\/buletin.de\/bucuresti\/wp-json\/wp\/v2\/posts\/22280\/revisions\/22284"}],"wp:featuredmedia":[{"embeddable":true,"href":"https:\/\/buletin.de\/bucuresti\/wp-json\/wp\/v2\/media\/22282"}],"wp:attachment":[{"href":"https:\/\/buletin.de\/bucuresti\/wp-json\/wp\/v2\/media?parent=22280"}],"wp:term":[{"taxonomy":"category","embeddable":true,"href":"https:\/\/buletin.de\/bucuresti\/wp-json\/wp\/v2\/categories?post=22280"},{"taxonomy":"post_tag","embeddable":true,"href":"https:\/\/buletin.de\/bucuresti\/wp-json\/wp\/v2\/tags?post=22280"},{"taxonomy":"author","embeddable":true,"href":"https:\/\/buletin.de\/bucuresti\/wp-json\/wp\/v2\/ppma_author?post=22280"}],"curies":[{"name":"wp","href":"https:\/\/api.w.org\/{rel}","templated":true}]}}