{"id":2214,"date":"2019-11-29T17:40:01","date_gmt":"2019-11-29T14:40:01","guid":{"rendered":"https:\/\/buletin.de\/bucuresti\/?p=2214"},"modified":"2019-11-29T23:24:11","modified_gmt":"2019-11-29T20:24:11","slug":"tudorache-a-avut-dreptate-a-trecut-guvernul-consilierii-pnl-sunt-de-acord-sa-dea-10-milioane-de-lei-pentru-catedrala","status":"publish","type":"post","link":"https:\/\/buletin.de\/bucuresti\/tudorache-a-avut-dreptate-a-trecut-guvernul-consilierii-pnl-sunt-de-acord-sa-dea-10-milioane-de-lei-pentru-catedrala\/","title":{"rendered":"Tudorache a avut dreptate: a trecut guvernul, consilierii PNL sunt de acord s\u0103 dea 10 milioane de lei pentru Catedral\u0103"},"content":{"rendered":"\n<p><em>A trecut o lun\u0103 de la disputa despre finan\u021barea Catedralei M\u00e2ntuirii dintre consilierii PNL \u0219i primarul sectorului 1. Tudorache i-a acuzat de un joc politic \u0219i le-a zis c\u0103 dup\u0103 ce trece guvernul cu siguran\u021b\u0103 \u00ee\u0219i vor da acordul. Guvernul Orban s-a instalat, iar consilierii PNL din sectorul 1 au aprobat ieri dona\u021bia de 10 milioane de lei c\u0103tre Catedrala M\u00e2ntuirii Neamului. <\/em><\/p>\n\n\n\n<p>\u00cen urm\u0103 cu o lun\u0103, pe ordinea de zi a \u0219edin\u021bei Consiliului Local al Sectorului 1 se afla <a href=\"https:\/\/buletin.de\/bucuresti\/scandal-la-sectorul-1-primarul-tudorache-a-vrut-sa-mai-10-milioane-de-lei-pentru-catedrala-mantuirii-neamului-dar-nu-a-avut-succes\/\">acordarea unei dona\u021bii de 10 milioane de lei pentru Catedrala M\u00e2ntuirii Neamului<\/a>. Proiectul nu a trecut pentru c\u0103 reprezentan\u021bii PNL au cerut explica\u021bii cu privire la cum sunt cheltui\u021bi respectivii bani \u0219i la necesitatea unei dona\u021bii at\u00e2t de consistente. Primarul Tudorache i-a acuzat, atunci, de un joc politic:<\/p>\n\n\n\n<blockquote class=\"wp-block-quote is-layout-flow wp-block-quote-is-layout-flow\"><p> O s\u0103 vorbesc cu domnul Cr\u00e2nga\u0219u [preot- n.r.], dumnealui este cel care \u021bine leg\u0103tura cu noi. Deci \u0219tia foarte bine, a vorbit cu domnul Orban \u0219i \u0219tia c\u0103 nu o s\u0103 vota\u021bi ast\u0103zi. <br><strong>A spus c\u0103 ve\u021bi vota dup\u0103 ce va trece guvernul, deci cu siguran\u021b\u0103 dup\u0103 ce va trece guvernul o s\u0103 ne da\u021bi votul<\/strong>.\u201d <\/p><cite> PRIMAR SECTOR 1 DANIEL TUDORACHE <\/cite><\/blockquote>\n\n\n\n<p>Consilierii PNL s-au ar\u0103tat extrem de deranja\u021bi de afirma\u021bia primarului sectorului 1, lucru care s-a transformat \u00eentr-o mic\u0103 disput\u0103. Ei au afirmat c\u0103 \u201e<em>\u00een consiliul local sector 1 voteaz\u0103 cei 6 consilieri PNL, nu voteaz\u0103 domnul Ludovic Orban sau conducerea partidului<\/em>\u201d.<\/p>\n\n\n\n<p>Spusele lui Daniel Tudorache s-au adeverit ieri, la \u0219edin\u021ba de consiliu. <strong>Guvernul Orban a trecut, iar consilierii PNL au votat pentru<\/strong> acordarea a 10 milioane de lei Catedralei M\u00e2ntuirii Neamului. PNL \u0219i-a motivat alegerea printr-un <a href=\"https:\/\/pnl.ro\/pnl-sustine-cresterea-burselor-pentru-copiii-din-sectorul-1-si-proiecte-de-interes-national\/?fbclid=IwAR0UNcspola60BXUAvQ0f8eSqJmqWU5zlniYAhLG3WtzJ8CoUVD4U3IuklU\">comunicat postat pe site-ul lor<\/a>.<\/p>\n\n\n\n<p><em>\u201e\u00cen prealabil, pentru c\u0103 ne pas\u0103 de banii cet\u0103\u021benilor din sector \u0219i vrem s\u0103 \u0219tim exact stadiul proiectelor pentru care se solicit\u0103 finan\u021bare de la Sectorul 1, o echip\u0103 format\u0103 din consilieri locali \u0219i membri ai conducerii PNL Sector 1 a vizitat \u0219antierul unde se construie\u0219te Catedrala Neamului \u0219i a discutat cu inginerii care coordoneaz\u0103 proiectul, a v\u0103zut la fa\u021ba locului situa\u021bia lucr\u0103rilor \u0219i a aflat direct de la surs\u0103 necesit\u0103\u021bile urgente.<\/em><\/p>\n\n\n\n<p><em>Astfel, \u00een acest moment exist\u0103 un risc iminent de sistare a lucr\u0103rilor, f\u0103r\u0103 conservare, banii disponibili fiind suficien\u021bi pentru plata contractorilor \u0219i derularea salariilor doar p\u00e2n\u0103 la jum\u0103tatea lunii decembrie.\u201d<\/em><\/p>\n\n\n\n<p>De\u0219i o parte din reprezentan\u021bii PNL din sala de \u0219edin\u021b\u0103 au votat \u00een favoarea finan\u021b\u0103rii, nu au fost prezen\u021bi destui consilieri locali pentru ca proiectul s\u0103 treac\u0103 mai departe. <\/p>\n\n\n\n<p><em>Editor: Oana Despa<\/em><\/p>\n","protected":false},"excerpt":{"rendered":"<p>A trecut o lun\u0103 de la disputa despre finan\u021barea Catedralei M\u00e2ntuirii dintre consilierii PNL \u0219i primarul sectorului 1. Tudorache i-a acuzat de un joc politic \u0219i le-a zis c\u0103 dup\u0103 ce trece guvernul cu siguran\u021b\u0103 \u00ee\u0219i vor da acordul. Guvernul Orban s-a instalat, iar consilierii PNL din sectorul 1 au aprobat ieri dona\u021bia de 10 [&hellip;]<\/p>\n","protected":false},"author":6,"featured_media":1905,"comment_status":"closed","ping_status":"open","sticky":false,"template":"","format":"standard","meta":{"_acf_changed":false,"inline_featured_image":false,"ngg_post_thumbnail":0,"footnotes":""},"categories":[81,24],"tags":[308],"ppma_author":[22588],"class_list":["post-2214","post","type-post","status-publish","format-standard","has-post-thumbnail","hentry","category-cultura","category-primarie","tag-sector-1"],"acf":[],"yoast_head":"<!-- This site is optimized with the Yoast SEO Premium plugin v25.3 (Yoast SEO v27.4) - https:\/\/yoast.com\/product\/yoast-seo-premium-wordpress\/ -->\n<title>Tudorache a avut dreptate: a trecut guvernul, consilierii PNL sunt de acord s\u0103 dea 10 milioane de lei pentru Catedral\u0103 - Buletin de Bucure\u0219ti<\/title>\n<meta name=\"robots\" content=\"index, follow, max-snippet:-1, max-image-preview:large, max-video-preview:-1\" \/>\n<link rel=\"canonical\" href=\"https:\/\/buletin.de\/bucuresti\/tudorache-a-avut-dreptate-a-trecut-guvernul-consilierii-pnl-sunt-de-acord-sa-dea-10-milioane-de-lei-pentru-catedrala\/\" \/>\n<meta property=\"og:locale\" content=\"en_GB\" \/>\n<meta property=\"og:type\" content=\"article\" \/>\n<meta property=\"og:title\" content=\"Tudorache a avut dreptate: a trecut guvernul, consilierii PNL sunt de acord s\u0103 dea 10 milioane de lei pentru Catedral\u0103\" \/>\n<meta property=\"og:description\" content=\"A trecut o lun\u0103 de la disputa despre finan\u021barea Catedralei M\u00e2ntuirii dintre consilierii PNL \u0219i primarul sectorului 1. Tudorache i-a acuzat de un joc politic \u0219i le-a zis c\u0103 dup\u0103 ce trece guvernul cu siguran\u021b\u0103 \u00ee\u0219i vor da acordul. Guvernul Orban s-a instalat, iar consilierii PNL din sectorul 1 au aprobat ieri dona\u021bia de 10 [&hellip;]\" \/>\n<meta property=\"og:url\" content=\"https:\/\/buletin.de\/bucuresti\/tudorache-a-avut-dreptate-a-trecut-guvernul-consilierii-pnl-sunt-de-acord-sa-dea-10-milioane-de-lei-pentru-catedrala\/\" \/>\n<meta property=\"og:site_name\" content=\"Buletin de Bucure\u0219ti\" \/>\n<meta property=\"article:publisher\" content=\"https:\/\/www.facebook.com\/buletin.de.buc\" \/>\n<meta property=\"article:published_time\" content=\"2019-11-29T14:40:01+00:00\" \/>\n<meta property=\"article:modified_time\" content=\"2019-11-29T20:24:11+00:00\" \/>\n<meta property=\"og:image\" content=\"https:\/\/buletin.de\/bucuresti\/wp-content\/uploads\/MTS8088-scaled.jpg\" \/>\n\t<meta property=\"og:image:width\" content=\"2560\" \/>\n\t<meta property=\"og:image:height\" content=\"1703\" \/>\n\t<meta property=\"og:image:type\" content=\"image\/jpeg\" \/>\n<meta name=\"author\" content=\"Bianca Albu\" \/>\n<meta name=\"twitter:card\" content=\"summary_large_image\" \/>\n<meta name=\"twitter:label1\" content=\"Written by\" \/>\n\t<meta name=\"twitter:data1\" content=\"Bianca Albu\" \/>\n\t<meta name=\"twitter:label2\" content=\"Estimated reading time\" \/>\n\t<meta name=\"twitter:data2\" content=\"2 minutes\" \/>\n<script type=\"application\/ld+json\" class=\"yoast-schema-graph\">{\"@context\":\"https:\\\/\\\/schema.org\",\"@graph\":[{\"@type\":\"Article\",\"@id\":\"https:\\\/\\\/buletin.de\\\/bucuresti\\\/tudorache-a-avut-dreptate-a-trecut-guvernul-consilierii-pnl-sunt-de-acord-sa-dea-10-milioane-de-lei-pentru-catedrala\\\/#article\",\"isPartOf\":{\"@id\":\"https:\\\/\\\/buletin.de\\\/bucuresti\\\/tudorache-a-avut-dreptate-a-trecut-guvernul-consilierii-pnl-sunt-de-acord-sa-dea-10-milioane-de-lei-pentru-catedrala\\\/\"},\"author\":{\"name\":\"Bianca Albu\",\"@id\":\"https:\\\/\\\/buletin.de\\\/bucuresti\\\/#\\\/schema\\\/person\\\/295dc2228d2dc79294d636619468dc7f\"},\"headline\":\"Tudorache a avut dreptate: a trecut guvernul, consilierii PNL sunt de acord s\u0103 dea 10 milioane de lei pentru Catedral\u0103\",\"datePublished\":\"2019-11-29T14:40:01+00:00\",\"dateModified\":\"2019-11-29T20:24:11+00:00\",\"mainEntityOfPage\":{\"@id\":\"https:\\\/\\\/buletin.de\\\/bucuresti\\\/tudorache-a-avut-dreptate-a-trecut-guvernul-consilierii-pnl-sunt-de-acord-sa-dea-10-milioane-de-lei-pentru-catedrala\\\/\"},\"wordCount\":454,\"publisher\":{\"@id\":\"https:\\\/\\\/buletin.de\\\/bucuresti\\\/#organization\"},\"image\":{\"@id\":\"https:\\\/\\\/buletin.de\\\/bucuresti\\\/tudorache-a-avut-dreptate-a-trecut-guvernul-consilierii-pnl-sunt-de-acord-sa-dea-10-milioane-de-lei-pentru-catedrala\\\/#primaryimage\"},\"thumbnailUrl\":\"https:\\\/\\\/buletin.de\\\/bucuresti\\\/wp-content\\\/uploads\\\/MTS8088-scaled.jpg\",\"keywords\":[\"Sector 1\"],\"articleSection\":[\"Cultur\u0103\",\"Prim\u0103rie\"],\"inLanguage\":\"en-GB\",\"copyrightYear\":\"2019\",\"copyrightHolder\":{\"@id\":\"https:\\\/\\\/buletin.de\\\/bucuresti\\\/#organization\"}},{\"@type\":\"WebPage\",\"@id\":\"https:\\\/\\\/buletin.de\\\/bucuresti\\\/tudorache-a-avut-dreptate-a-trecut-guvernul-consilierii-pnl-sunt-de-acord-sa-dea-10-milioane-de-lei-pentru-catedrala\\\/\",\"url\":\"https:\\\/\\\/buletin.de\\\/bucuresti\\\/tudorache-a-avut-dreptate-a-trecut-guvernul-consilierii-pnl-sunt-de-acord-sa-dea-10-milioane-de-lei-pentru-catedrala\\\/\",\"name\":\"Tudorache a avut dreptate: a trecut guvernul, consilierii PNL sunt de acord s\u0103 dea 10 milioane de lei pentru Catedral\u0103 - Buletin de Bucure\u0219ti\",\"isPartOf\":{\"@id\":\"https:\\\/\\\/buletin.de\\\/bucuresti\\\/#website\"},\"primaryImageOfPage\":{\"@id\":\"https:\\\/\\\/buletin.de\\\/bucuresti\\\/tudorache-a-avut-dreptate-a-trecut-guvernul-consilierii-pnl-sunt-de-acord-sa-dea-10-milioane-de-lei-pentru-catedrala\\\/#primaryimage\"},\"image\":{\"@id\":\"https:\\\/\\\/buletin.de\\\/bucuresti\\\/tudorache-a-avut-dreptate-a-trecut-guvernul-consilierii-pnl-sunt-de-acord-sa-dea-10-milioane-de-lei-pentru-catedrala\\\/#primaryimage\"},\"thumbnailUrl\":\"https:\\\/\\\/buletin.de\\\/bucuresti\\\/wp-content\\\/uploads\\\/MTS8088-scaled.jpg\",\"datePublished\":\"2019-11-29T14:40:01+00:00\",\"dateModified\":\"2019-11-29T20:24:11+00:00\",\"breadcrumb\":{\"@id\":\"https:\\\/\\\/buletin.de\\\/bucuresti\\\/tudorache-a-avut-dreptate-a-trecut-guvernul-consilierii-pnl-sunt-de-acord-sa-dea-10-milioane-de-lei-pentru-catedrala\\\/#breadcrumb\"},\"inLanguage\":\"en-GB\",\"potentialAction\":[{\"@type\":\"ReadAction\",\"target\":[\"https:\\\/\\\/buletin.de\\\/bucuresti\\\/tudorache-a-avut-dreptate-a-trecut-guvernul-consilierii-pnl-sunt-de-acord-sa-dea-10-milioane-de-lei-pentru-catedrala\\\/\"]}]},{\"@type\":\"ImageObject\",\"inLanguage\":\"en-GB\",\"@id\":\"https:\\\/\\\/buletin.de\\\/bucuresti\\\/tudorache-a-avut-dreptate-a-trecut-guvernul-consilierii-pnl-sunt-de-acord-sa-dea-10-milioane-de-lei-pentru-catedrala\\\/#primaryimage\",\"url\":\"https:\\\/\\\/buletin.de\\\/bucuresti\\\/wp-content\\\/uploads\\\/MTS8088-scaled.jpg\",\"contentUrl\":\"https:\\\/\\\/buletin.de\\\/bucuresti\\\/wp-content\\\/uploads\\\/MTS8088-scaled.jpg\",\"width\":2560,\"height\":1703},{\"@type\":\"BreadcrumbList\",\"@id\":\"https:\\\/\\\/buletin.de\\\/bucuresti\\\/tudorache-a-avut-dreptate-a-trecut-guvernul-consilierii-pnl-sunt-de-acord-sa-dea-10-milioane-de-lei-pentru-catedrala\\\/#breadcrumb\",\"itemListElement\":[{\"@type\":\"ListItem\",\"position\":1,\"name\":\"Acas\u0103\",\"item\":\"https:\\\/\\\/buletin.de\\\/bucuresti\\\/\"},{\"@type\":\"ListItem\",\"position\":2,\"name\":\"Tudorache a avut dreptate: a trecut guvernul, consilierii PNL sunt de acord s\u0103 dea 10 milioane de lei pentru Catedral\u0103\"}]},{\"@type\":\"WebSite\",\"@id\":\"https:\\\/\\\/buletin.de\\\/bucuresti\\\/#website\",\"url\":\"https:\\\/\\\/buletin.de\\\/bucuresti\\\/\",\"name\":\"Buletin de Bucure\u0219ti\",\"description\":\"\u0218tiri \u0219i investiga\u021bii esen\u021biale din capital\u0103\",\"publisher\":{\"@id\":\"https:\\\/\\\/buletin.de\\\/bucuresti\\\/#organization\"},\"potentialAction\":[{\"@type\":\"SearchAction\",\"target\":{\"@type\":\"EntryPoint\",\"urlTemplate\":\"https:\\\/\\\/buletin.de\\\/bucuresti\\\/?s={search_term_string}\"},\"query-input\":{\"@type\":\"PropertyValueSpecification\",\"valueRequired\":true,\"valueName\":\"search_term_string\"}}],\"inLanguage\":\"en-GB\"},{\"@type\":\"Organization\",\"@id\":\"https:\\\/\\\/buletin.de\\\/bucuresti\\\/#organization\",\"name\":\"Buletin de Bucure\u0219ti\",\"url\":\"https:\\\/\\\/buletin.de\\\/bucuresti\\\/\",\"logo\":{\"@type\":\"ImageObject\",\"inLanguage\":\"en-GB\",\"@id\":\"https:\\\/\\\/buletin.de\\\/bucuresti\\\/#\\\/schema\\\/logo\\\/image\\\/\",\"url\":\"https:\\\/\\\/buletin.de\\\/bucuresti\\\/wp-content\\\/uploads\\\/logo-bdb-full-wide-vernil-transparent.png\",\"contentUrl\":\"https:\\\/\\\/buletin.de\\\/bucuresti\\\/wp-content\\\/uploads\\\/logo-bdb-full-wide-vernil-transparent.png\",\"width\":1782,\"height\":626,\"caption\":\"Buletin de Bucure\u0219ti\"},\"image\":{\"@id\":\"https:\\\/\\\/buletin.de\\\/bucuresti\\\/#\\\/schema\\\/logo\\\/image\\\/\"},\"sameAs\":[\"https:\\\/\\\/www.facebook.com\\\/buletin.de.buc\",\"https:\\\/\\\/www.instagram.com\\\/buletinde.bucuresti\\\/\"]},{\"@type\":\"Person\",\"@id\":\"https:\\\/\\\/buletin.de\\\/bucuresti\\\/#\\\/schema\\\/person\\\/295dc2228d2dc79294d636619468dc7f\",\"name\":\"Bianca Albu\",\"image\":{\"@type\":\"ImageObject\",\"inLanguage\":\"en-GB\",\"@id\":\"https:\\\/\\\/secure.gravatar.com\\\/avatar\\\/3df2e34e20f529e6fd7be4311ee1f7c4ec4aa886971590baf6fa214b15743516?s=96&d=monsterid&r=gf541c715eeec409ce8101252a3c0d8a7\",\"url\":\"https:\\\/\\\/secure.gravatar.com\\\/avatar\\\/3df2e34e20f529e6fd7be4311ee1f7c4ec4aa886971590baf6fa214b15743516?s=96&d=monsterid&r=g\",\"contentUrl\":\"https:\\\/\\\/secure.gravatar.com\\\/avatar\\\/3df2e34e20f529e6fd7be4311ee1f7c4ec4aa886971590baf6fa214b15743516?s=96&d=monsterid&r=g\",\"caption\":\"Bianca Albu\"},\"description\":\"Reporter\",\"url\":\"https:\\\/\\\/buletin.de\\\/bucuresti\\\/author\\\/biancaalbu\\\/\"}]}<\/script>\n<!-- \/ Yoast SEO Premium plugin. -->","yoast_head_json":{"title":"Tudorache a avut dreptate: a trecut guvernul, consilierii PNL sunt de acord s\u0103 dea 10 milioane de lei pentru Catedral\u0103 - Buletin de Bucure\u0219ti","robots":{"index":"index","follow":"follow","max-snippet":"max-snippet:-1","max-image-preview":"max-image-preview:large","max-video-preview":"max-video-preview:-1"},"canonical":"https:\/\/buletin.de\/bucuresti\/tudorache-a-avut-dreptate-a-trecut-guvernul-consilierii-pnl-sunt-de-acord-sa-dea-10-milioane-de-lei-pentru-catedrala\/","og_locale":"en_GB","og_type":"article","og_title":"Tudorache a avut dreptate: a trecut guvernul, consilierii PNL sunt de acord s\u0103 dea 10 milioane de lei pentru Catedral\u0103","og_description":"A trecut o lun\u0103 de la disputa despre finan\u021barea Catedralei M\u00e2ntuirii dintre consilierii PNL \u0219i primarul sectorului 1. Tudorache i-a acuzat de un joc politic \u0219i le-a zis c\u0103 dup\u0103 ce trece guvernul cu siguran\u021b\u0103 \u00ee\u0219i vor da acordul. Guvernul Orban s-a instalat, iar consilierii PNL din sectorul 1 au aprobat ieri dona\u021bia de 10 [&hellip;]","og_url":"https:\/\/buletin.de\/bucuresti\/tudorache-a-avut-dreptate-a-trecut-guvernul-consilierii-pnl-sunt-de-acord-sa-dea-10-milioane-de-lei-pentru-catedrala\/","og_site_name":"Buletin de Bucure\u0219ti","article_publisher":"https:\/\/www.facebook.com\/buletin.de.buc","article_published_time":"2019-11-29T14:40:01+00:00","article_modified_time":"2019-11-29T20:24:11+00:00","og_image":[{"width":2560,"height":1703,"url":"https:\/\/buletin.de\/bucuresti\/wp-content\/uploads\/MTS8088-scaled.jpg","type":"image\/jpeg"}],"author":"Bianca Albu","twitter_card":"summary_large_image","twitter_misc":{"Written by":"Bianca Albu","Estimated reading time":"2 minutes"},"schema":{"@context":"https:\/\/schema.org","@graph":[{"@type":"Article","@id":"https:\/\/buletin.de\/bucuresti\/tudorache-a-avut-dreptate-a-trecut-guvernul-consilierii-pnl-sunt-de-acord-sa-dea-10-milioane-de-lei-pentru-catedrala\/#article","isPartOf":{"@id":"https:\/\/buletin.de\/bucuresti\/tudorache-a-avut-dreptate-a-trecut-guvernul-consilierii-pnl-sunt-de-acord-sa-dea-10-milioane-de-lei-pentru-catedrala\/"},"author":{"name":"Bianca Albu","@id":"https:\/\/buletin.de\/bucuresti\/#\/schema\/person\/295dc2228d2dc79294d636619468dc7f"},"headline":"Tudorache a avut dreptate: a trecut guvernul, consilierii PNL sunt de acord s\u0103 dea 10 milioane de lei pentru Catedral\u0103","datePublished":"2019-11-29T14:40:01+00:00","dateModified":"2019-11-29T20:24:11+00:00","mainEntityOfPage":{"@id":"https:\/\/buletin.de\/bucuresti\/tudorache-a-avut-dreptate-a-trecut-guvernul-consilierii-pnl-sunt-de-acord-sa-dea-10-milioane-de-lei-pentru-catedrala\/"},"wordCount":454,"publisher":{"@id":"https:\/\/buletin.de\/bucuresti\/#organization"},"image":{"@id":"https:\/\/buletin.de\/bucuresti\/tudorache-a-avut-dreptate-a-trecut-guvernul-consilierii-pnl-sunt-de-acord-sa-dea-10-milioane-de-lei-pentru-catedrala\/#primaryimage"},"thumbnailUrl":"https:\/\/buletin.de\/bucuresti\/wp-content\/uploads\/MTS8088-scaled.jpg","keywords":["Sector 1"],"articleSection":["Cultur\u0103","Prim\u0103rie"],"inLanguage":"en-GB","copyrightYear":"2019","copyrightHolder":{"@id":"https:\/\/buletin.de\/bucuresti\/#organization"}},{"@type":"WebPage","@id":"https:\/\/buletin.de\/bucuresti\/tudorache-a-avut-dreptate-a-trecut-guvernul-consilierii-pnl-sunt-de-acord-sa-dea-10-milioane-de-lei-pentru-catedrala\/","url":"https:\/\/buletin.de\/bucuresti\/tudorache-a-avut-dreptate-a-trecut-guvernul-consilierii-pnl-sunt-de-acord-sa-dea-10-milioane-de-lei-pentru-catedrala\/","name":"Tudorache a avut dreptate: a trecut guvernul, consilierii PNL sunt de acord s\u0103 dea 10 milioane de lei pentru Catedral\u0103 - Buletin de Bucure\u0219ti","isPartOf":{"@id":"https:\/\/buletin.de\/bucuresti\/#website"},"primaryImageOfPage":{"@id":"https:\/\/buletin.de\/bucuresti\/tudorache-a-avut-dreptate-a-trecut-guvernul-consilierii-pnl-sunt-de-acord-sa-dea-10-milioane-de-lei-pentru-catedrala\/#primaryimage"},"image":{"@id":"https:\/\/buletin.de\/bucuresti\/tudorache-a-avut-dreptate-a-trecut-guvernul-consilierii-pnl-sunt-de-acord-sa-dea-10-milioane-de-lei-pentru-catedrala\/#primaryimage"},"thumbnailUrl":"https:\/\/buletin.de\/bucuresti\/wp-content\/uploads\/MTS8088-scaled.jpg","datePublished":"2019-11-29T14:40:01+00:00","dateModified":"2019-11-29T20:24:11+00:00","breadcrumb":{"@id":"https:\/\/buletin.de\/bucuresti\/tudorache-a-avut-dreptate-a-trecut-guvernul-consilierii-pnl-sunt-de-acord-sa-dea-10-milioane-de-lei-pentru-catedrala\/#breadcrumb"},"inLanguage":"en-GB","potentialAction":[{"@type":"ReadAction","target":["https:\/\/buletin.de\/bucuresti\/tudorache-a-avut-dreptate-a-trecut-guvernul-consilierii-pnl-sunt-de-acord-sa-dea-10-milioane-de-lei-pentru-catedrala\/"]}]},{"@type":"ImageObject","inLanguage":"en-GB","@id":"https:\/\/buletin.de\/bucuresti\/tudorache-a-avut-dreptate-a-trecut-guvernul-consilierii-pnl-sunt-de-acord-sa-dea-10-milioane-de-lei-pentru-catedrala\/#primaryimage","url":"https:\/\/buletin.de\/bucuresti\/wp-content\/uploads\/MTS8088-scaled.jpg","contentUrl":"https:\/\/buletin.de\/bucuresti\/wp-content\/uploads\/MTS8088-scaled.jpg","width":2560,"height":1703},{"@type":"BreadcrumbList","@id":"https:\/\/buletin.de\/bucuresti\/tudorache-a-avut-dreptate-a-trecut-guvernul-consilierii-pnl-sunt-de-acord-sa-dea-10-milioane-de-lei-pentru-catedrala\/#breadcrumb","itemListElement":[{"@type":"ListItem","position":1,"name":"Acas\u0103","item":"https:\/\/buletin.de\/bucuresti\/"},{"@type":"ListItem","position":2,"name":"Tudorache a avut dreptate: a trecut guvernul, consilierii PNL sunt de acord s\u0103 dea 10 milioane de lei pentru Catedral\u0103"}]},{"@type":"WebSite","@id":"https:\/\/buletin.de\/bucuresti\/#website","url":"https:\/\/buletin.de\/bucuresti\/","name":"Buletin de Bucure\u0219ti","description":"\u0218tiri \u0219i investiga\u021bii esen\u021biale din capital\u0103","publisher":{"@id":"https:\/\/buletin.de\/bucuresti\/#organization"},"potentialAction":[{"@type":"SearchAction","target":{"@type":"EntryPoint","urlTemplate":"https:\/\/buletin.de\/bucuresti\/?s={search_term_string}"},"query-input":{"@type":"PropertyValueSpecification","valueRequired":true,"valueName":"search_term_string"}}],"inLanguage":"en-GB"},{"@type":"Organization","@id":"https:\/\/buletin.de\/bucuresti\/#organization","name":"Buletin de Bucure\u0219ti","url":"https:\/\/buletin.de\/bucuresti\/","logo":{"@type":"ImageObject","inLanguage":"en-GB","@id":"https:\/\/buletin.de\/bucuresti\/#\/schema\/logo\/image\/","url":"https:\/\/buletin.de\/bucuresti\/wp-content\/uploads\/logo-bdb-full-wide-vernil-transparent.png","contentUrl":"https:\/\/buletin.de\/bucuresti\/wp-content\/uploads\/logo-bdb-full-wide-vernil-transparent.png","width":1782,"height":626,"caption":"Buletin de Bucure\u0219ti"},"image":{"@id":"https:\/\/buletin.de\/bucuresti\/#\/schema\/logo\/image\/"},"sameAs":["https:\/\/www.facebook.com\/buletin.de.buc","https:\/\/www.instagram.com\/buletinde.bucuresti\/"]},{"@type":"Person","@id":"https:\/\/buletin.de\/bucuresti\/#\/schema\/person\/295dc2228d2dc79294d636619468dc7f","name":"Bianca Albu","image":{"@type":"ImageObject","inLanguage":"en-GB","@id":"https:\/\/secure.gravatar.com\/avatar\/3df2e34e20f529e6fd7be4311ee1f7c4ec4aa886971590baf6fa214b15743516?s=96&d=monsterid&r=gf541c715eeec409ce8101252a3c0d8a7","url":"https:\/\/secure.gravatar.com\/avatar\/3df2e34e20f529e6fd7be4311ee1f7c4ec4aa886971590baf6fa214b15743516?s=96&d=monsterid&r=g","contentUrl":"https:\/\/secure.gravatar.com\/avatar\/3df2e34e20f529e6fd7be4311ee1f7c4ec4aa886971590baf6fa214b15743516?s=96&d=monsterid&r=g","caption":"Bianca Albu"},"description":"Reporter","url":"https:\/\/buletin.de\/bucuresti\/author\/biancaalbu\/"}]}},"authors":[{"term_id":22588,"user_id":6,"is_guest":0,"slug":"biancaalbu","display_name":"Bianca Albu","avatar_url":"https:\/\/secure.gravatar.com\/avatar\/3df2e34e20f529e6fd7be4311ee1f7c4ec4aa886971590baf6fa214b15743516?s=96&d=monsterid&r=g","0":null,"1":"","2":"","3":"","4":"","5":"","6":"","7":"","8":""}],"_links":{"self":[{"href":"https:\/\/buletin.de\/bucuresti\/wp-json\/wp\/v2\/posts\/2214","targetHints":{"allow":["GET"]}}],"collection":[{"href":"https:\/\/buletin.de\/bucuresti\/wp-json\/wp\/v2\/posts"}],"about":[{"href":"https:\/\/buletin.de\/bucuresti\/wp-json\/wp\/v2\/types\/post"}],"author":[{"embeddable":true,"href":"https:\/\/buletin.de\/bucuresti\/wp-json\/wp\/v2\/users\/6"}],"replies":[{"embeddable":true,"href":"https:\/\/buletin.de\/bucuresti\/wp-json\/wp\/v2\/comments?post=2214"}],"version-history":[{"count":5,"href":"https:\/\/buletin.de\/bucuresti\/wp-json\/wp\/v2\/posts\/2214\/revisions"}],"predecessor-version":[{"id":2228,"href":"https:\/\/buletin.de\/bucuresti\/wp-json\/wp\/v2\/posts\/2214\/revisions\/2228"}],"wp:featuredmedia":[{"embeddable":true,"href":"https:\/\/buletin.de\/bucuresti\/wp-json\/wp\/v2\/media\/1905"}],"wp:attachment":[{"href":"https:\/\/buletin.de\/bucuresti\/wp-json\/wp\/v2\/media?parent=2214"}],"wp:term":[{"taxonomy":"category","embeddable":true,"href":"https:\/\/buletin.de\/bucuresti\/wp-json\/wp\/v2\/categories?post=2214"},{"taxonomy":"post_tag","embeddable":true,"href":"https:\/\/buletin.de\/bucuresti\/wp-json\/wp\/v2\/tags?post=2214"},{"taxonomy":"author","embeddable":true,"href":"https:\/\/buletin.de\/bucuresti\/wp-json\/wp\/v2\/ppma_author?post=2214"}],"curies":[{"name":"wp","href":"https:\/\/api.w.org\/{rel}","templated":true}]}}