{"id":22138,"date":"2021-03-23T17:34:28","date_gmt":"2021-03-23T14:34:28","guid":{"rendered":"https:\/\/buletin.de\/bucuresti\/?p=22138"},"modified":"2021-03-23T17:34:29","modified_gmt":"2021-03-23T14:34:29","slug":"prefectul-capitalei-alin-stoica-despre-scoli-conform-ordinului-comun-asa-cum-arata-acum-la-peste-6-la-mie-ar-trebui-sa-treaca-in-online","status":"publish","type":"post","link":"https:\/\/buletin.de\/bucuresti\/prefectul-capitalei-alin-stoica-despre-scoli-conform-ordinului-comun-asa-cum-arata-acum-la-peste-6-la-mie-ar-trebui-sa-treaca-in-online\/","title":{"rendered":"Prefectul Capitalei, Alin Stoica, despre \u0219coli: \u201dConform ordinului comun, a\u0219a cum arat\u0103 acum, la peste 6 la mie ar trebui s\u0103 treac\u0103 \u00een online\u201d"},"content":{"rendered":"\n<p><strong>Prefectul Capitalei, Alin Stoica, a venit cu mai multe declara\u021bii, mar\u021bi, \u00een ziua \u00een care rata de inciden\u021b\u0103 \u00een Bucure\u0219ti a ajuns de 6,22 cazuri de infectare cu SARS-CoV-2 la mia de locuitori.<\/strong><\/p>\n\n\n\n<p><strong>Declara\u021biile complete ale prefectului Alin Stoica:<\/strong><\/p>\n\n\n\n<p>Ast\u0103zi nu am convocat \u0219edin\u021ba Comitetului pentru Situa\u021bii de Urgen\u021b\u0103. Ast\u0103zi am cerut de la to\u021bi membrii CNSU propuneri de m\u0103suri.<\/p>\n\n\n\n<p>A\u0219tept \u00een continuare de la DSP analiza tehnico-\u0219tiin\u021bific\u0103 \u0219i propunerile de m\u0103suri din partea lor. Ei lucreaz\u0103 \u00een acest moment, a\u0219a cum am discutat \u0219i ieri.<\/p>\n\n\n\n<p>Avem \u00een plan telemunca pentru angaja\u021bii no\u0219tri, unde nu s-a f\u0103cut acest lucru. \u00cens\u0103 pentru popula\u021bia general\u0103 exist\u0103 deja pentru companiile din \u00eentreaga \u021bar\u0103. Exist\u0103 deja norme privind decalarea programului la venire \u0219i la plecare \u0219i de telemunc\u0103.<\/p>\n\n\n\n<p><strong>Ce propuneri a primit de la Ministerul S\u0103n\u0103t\u0103\u021bii?<\/strong><\/p>\n\n\n\n<p>Deocamdat\u0103 nu am primit. \u00cen\u021beleg c\u0103 la Ministerul S\u0103n\u0103t\u0103\u021bii exist\u0103 un comitet tehnico-\u0219tiin\u021bific la ora 16:00. Suntem \u00een leg\u0103tur\u0103 at\u00e2t cu ministerul, c\u00e2t \u0219i cu Prim\u0103ria Capitalei \u0219i cu Ministerul de Interne.<\/p>\n\n\n\n<p><strong>Ce scenarii ia \u00een calcul \u00een cazul \u00een care rata de inciden\u021b\u0103 cre\u0219te?<\/strong><\/p>\n\n\n\n<p>E clar c\u0103 inciden\u021ba cre\u0219te \u0219i cre\u0219te abrupt \u00een ultimele zile, deci trebuie s\u0103 ne g\u00e2ndim la m\u0103suri suplimentare fa\u021b\u0103 de cele de ast\u0103zi. La momentul acesta, am dispus deja \u00een\u0103sprirea controalelor, mai ales \u00een zonele pe care deja le \u0219ti\u021bi c\u0103 sunt problematice \u0219i c\u0103ut\u0103m inclusiv, \u00eempreun\u0103 cu Ministerul S\u0103n\u0103t\u0103\u021bii \u0219i Inspec\u021bia Sanitar\u0103, c\u0103ut\u0103m baza legal\u0103 pentru a suspenda activitatea celor care nu \u00een\u021beleg s\u0103 respecte normele sanitare.<\/p>\n\n\n\n<p><strong>Recomand\u0103 \u00eenchiderea mallurilor mai devreme \u00een weekend sau \u00eenchiderea total\u0103?<\/strong><\/p>\n\n\n\n<p>Nu am eu o recomandare. A\u0219tept recomand\u0103rile tuturor membrilor pe specialit\u0103\u021bile respective din CNSU. Eu, \u00een calitate de reprezentant al Guvernului, am datoria s\u0103 impun acele m\u0103suri pe care institu\u021biile abilitate le consider\u0103 necesare.<\/p>\n\n\n\n<p><strong>De ce \u00een Bucure\u0219ti nu se impune carantina, \u00een condi\u021biile \u00een care \u00een alte ora\u0219e a fost instituit\u0103 aceast\u0103 m\u0103sur\u0103?<\/strong><\/p>\n\n\n\n<p>Situa\u021biile sunt diferite. Bucure\u0219tiul, dac\u0103 este s\u0103 judec\u0103m, are cam 25% din economia na\u021bional\u0103, mare parte din popula\u021bie, este o aglomerare urban\u0103 destul de mare, trebuie luate \u00een considerare toate aceste elemente \u00een momentul \u00een care se impun m\u0103suri, ca s\u0103 \u0219tim dac\u0103 acele m\u0103suri sunt sau nu eficiente.<\/p>\n\n\n\n<p><strong>\u0218colile \u0219i gr\u0103dini\u021bele se vor \u00eenchide?<\/strong><\/p>\n\n\n\n<p>Conform ordinului comun, a\u0219a cum arat\u0103 acum, la peste 6 la mie ar trebui s\u0103 treac\u0103 \u00een online.<\/p>\n\n\n\n<p><strong>Adic\u0103 de m\u00e2ine to\u021bi elevii vor trece \u00een online?<\/strong><\/p>\n\n\n\n<p>Pe ordinul comun al Ministerului Educa\u021biei \u0219i al S\u0103n\u0103t\u0103\u021bii de azi, da, ar trebui s\u0103 intre \u00een online.<\/p>\n\n\n\n<p>Nu, copiii nu intr\u0103 automat \u00een online. \u00centr-adev\u0103r, vom lua aceast\u0103 m\u0103sur\u0103 \u00een momentul \u00een care Inspectoratul \u0218colar ne va propune. \u00cenc\u0103 nu ne-a transmis aceast\u0103 propunere.<\/p>\n\n\n\n<p><strong>Cum se calculeaz\u0103 acest indice care a fost raportat ast\u0103zi? Se cunoa\u0219te exact num\u0103rul de locuitori ai Capitalei \u0219i al celor din jude\u021bul Ilfov?<\/strong><\/p>\n\n\n\n<p>La Capital\u0103 \u0219tiu c\u0103 se calculeaz\u0103 la un num\u0103r de aproximaativ 2.190.000 de locuitori.<\/p>\n\n\n\n<p><strong>Ce propuneri s-au primit p\u00e2n\u0103 acum?<\/strong><\/p>\n\n\n\n<p>Cei mai mul\u021bi dintre membrii Comitetului propun men\u021binerea m\u0103surilor de p\u00e2n\u0103 acum \u0219i \u00een\u0103sprirea controalelor.<\/p>\n\n\n\n<p><strong>Ce se \u00eent\u00e2mpl\u0103 cu cet\u0103\u021benii care \u0219i-au f\u0103cut vaccinul, at\u00e2t prima doz\u0103, c\u00e2t \u0219i rapelul. Vor avea acelea\u0219i m\u0103suri de respectat?<\/strong><\/p>\n\n\n\n<p>M\u0103surile nu privesc anumi\u021bi cet\u0103\u021beni, privesc popula\u021bia general\u0103. Nu avem m\u0103suri diferite pentru diferi\u021bi cet\u0103\u021beni. M\u0103surile mai drastic ear putea fi luate p\u00e2n\u0103 la sf\u00e2r\u0219itul s\u0103pt\u0103m\u00e2nii.<\/p>\n\n\n\n<p><strong>Ce se \u00eent\u00e2mpl\u0103 cu terasele?<\/strong><\/p>\n\n\n\n<p>Eu mi-a\u0219 dori s\u0103 le suspend\u0103m activitatea, dac\u0103 nu respect\u0103 normele \u00een vigoare.<\/p>\n\n\n\n<p><strong>Se carantineaz\u0103 Bucure\u0219tiul \u0219i Ilfovul?<\/strong><\/p>\n\n\n\n<p>Nu carantin\u0103m. Se iau \u00een calcul m\u0103suri care s\u0103 protejeze mai bine s\u0103n\u0103tatea popula\u021biei.<\/p>\n\n\n\n<p><strong>Dar Ministerul S\u0103n\u0103t\u0103\u021bii spune c\u0103 nu exclude posibilitatea carantin\u0103rii popula\u021biei.<\/strong><\/p>\n\n\n\n<p>Deocamdat\u0103 nu este exclus\u0103 nicio posibilitate.<\/p>\n","protected":false},"excerpt":{"rendered":"<p>Prefectul Capitalei, Alin Stoica, a venit cu mai multe declara\u021bii, mar\u021bi, \u00een ziua \u00een care rata de inciden\u021b\u0103 \u00een Bucure\u0219ti a ajuns de 6,22 cazuri de infectare cu SARS-CoV-2 la mia de locuitori. Declara\u021biile complete ale prefectului Alin Stoica: Ast\u0103zi nu am convocat \u0219edin\u021ba Comitetului pentru Situa\u021bii de Urgen\u021b\u0103. Ast\u0103zi am cerut de la to\u021bi [&hellip;]<\/p>\n","protected":false},"author":25,"featured_media":22139,"comment_status":"closed","ping_status":"open","sticky":false,"template":"","format":"standard","meta":{"_acf_changed":false,"inline_featured_image":false,"ngg_post_thumbnail":0,"footnotes":""},"categories":[996,62],"tags":[2430,9,641,686,640,643,2428,1514,160],"ppma_author":[22597],"class_list":["post-22138","post","type-post","status-publish","format-standard","has-post-thumbnail","hentry","category-covid-19","category-stiri","tag-alin-stoica","tag-bucuresti","tag-carantina","tag-carantina-totala","tag-covid","tag-covid19","tag-inchidere-scoli","tag-prefect","tag-scoli"],"acf":[],"yoast_head":"<!-- This site is optimized with the Yoast SEO Premium plugin v25.3 (Yoast SEO v27.5) - https:\/\/yoast.com\/product\/yoast-seo-premium-wordpress\/ -->\n<title>Prefectul Capitalei, Alin Stoica, despre \u0219coli: \u201dConform ordinului comun, a\u0219a cum arat\u0103 acum, la peste 6 la mie ar trebui s\u0103 treac\u0103 \u00een online\u201d - Buletin de Bucure\u0219ti<\/title>\n<meta name=\"robots\" content=\"index, follow, max-snippet:-1, max-image-preview:large, max-video-preview:-1\" \/>\n<link rel=\"canonical\" href=\"https:\/\/buletin.de\/bucuresti\/prefectul-capitalei-alin-stoica-despre-scoli-conform-ordinului-comun-asa-cum-arata-acum-la-peste-6-la-mie-ar-trebui-sa-treaca-in-online\/\" \/>\n<meta property=\"og:locale\" content=\"en_GB\" \/>\n<meta property=\"og:type\" content=\"article\" \/>\n<meta property=\"og:title\" content=\"Prefectul Capitalei, Alin Stoica, despre \u0219coli: \u201dConform ordinului comun, a\u0219a cum arat\u0103 acum, la peste 6 la mie ar trebui s\u0103 treac\u0103 \u00een online\u201d\" \/>\n<meta property=\"og:description\" content=\"Prefectul Capitalei, Alin Stoica, a venit cu mai multe declara\u021bii, mar\u021bi, \u00een ziua \u00een care rata de inciden\u021b\u0103 \u00een Bucure\u0219ti a ajuns de 6,22 cazuri de infectare cu SARS-CoV-2 la mia de locuitori. Declara\u021biile complete ale prefectului Alin Stoica: Ast\u0103zi nu am convocat \u0219edin\u021ba Comitetului pentru Situa\u021bii de Urgen\u021b\u0103. Ast\u0103zi am cerut de la to\u021bi [&hellip;]\" \/>\n<meta property=\"og:url\" content=\"https:\/\/buletin.de\/bucuresti\/prefectul-capitalei-alin-stoica-despre-scoli-conform-ordinului-comun-asa-cum-arata-acum-la-peste-6-la-mie-ar-trebui-sa-treaca-in-online\/\" \/>\n<meta property=\"og:site_name\" content=\"Buletin de Bucure\u0219ti\" \/>\n<meta property=\"article:publisher\" content=\"https:\/\/www.facebook.com\/buletin.de.buc\" \/>\n<meta property=\"article:published_time\" content=\"2021-03-23T14:34:28+00:00\" \/>\n<meta property=\"article:modified_time\" content=\"2021-03-23T14:34:29+00:00\" \/>\n<meta property=\"og:image\" content=\"https:\/\/buletin.de\/bucuresti\/wp-content\/uploads\/alin-stoica.jpg\" \/>\n\t<meta property=\"og:image:width\" content=\"1920\" \/>\n\t<meta property=\"og:image:height\" content=\"1080\" \/>\n\t<meta property=\"og:image:type\" content=\"image\/jpeg\" \/>\n<meta name=\"author\" content=\"Ana Tudor\" \/>\n<meta name=\"twitter:card\" content=\"summary_large_image\" \/>\n<meta name=\"twitter:label1\" content=\"Written by\" \/>\n\t<meta name=\"twitter:data1\" content=\"Ana Tudor\" \/>\n\t<meta name=\"twitter:label2\" content=\"Estimated reading time\" \/>\n\t<meta name=\"twitter:data2\" content=\"3 minutes\" \/>\n<script type=\"application\/ld+json\" class=\"yoast-schema-graph\">{\"@context\":\"https:\\\/\\\/schema.org\",\"@graph\":[{\"@type\":\"Article\",\"@id\":\"https:\\\/\\\/buletin.de\\\/bucuresti\\\/prefectul-capitalei-alin-stoica-despre-scoli-conform-ordinului-comun-asa-cum-arata-acum-la-peste-6-la-mie-ar-trebui-sa-treaca-in-online\\\/#article\",\"isPartOf\":{\"@id\":\"https:\\\/\\\/buletin.de\\\/bucuresti\\\/prefectul-capitalei-alin-stoica-despre-scoli-conform-ordinului-comun-asa-cum-arata-acum-la-peste-6-la-mie-ar-trebui-sa-treaca-in-online\\\/\"},\"author\":{\"name\":\"Ana Tudor\",\"@id\":\"https:\\\/\\\/buletin.de\\\/bucuresti\\\/#\\\/schema\\\/person\\\/8ce85bbda5515a1abb525993294155a8\"},\"headline\":\"Prefectul Capitalei, Alin Stoica, despre \u0219coli: \u201dConform ordinului comun, a\u0219a cum arat\u0103 acum, la peste 6 la mie ar trebui s\u0103 treac\u0103 \u00een online\u201d\",\"datePublished\":\"2021-03-23T14:34:28+00:00\",\"dateModified\":\"2021-03-23T14:34:29+00:00\",\"mainEntityOfPage\":{\"@id\":\"https:\\\/\\\/buletin.de\\\/bucuresti\\\/prefectul-capitalei-alin-stoica-despre-scoli-conform-ordinului-comun-asa-cum-arata-acum-la-peste-6-la-mie-ar-trebui-sa-treaca-in-online\\\/\"},\"wordCount\":737,\"publisher\":{\"@id\":\"https:\\\/\\\/buletin.de\\\/bucuresti\\\/#organization\"},\"image\":{\"@id\":\"https:\\\/\\\/buletin.de\\\/bucuresti\\\/prefectul-capitalei-alin-stoica-despre-scoli-conform-ordinului-comun-asa-cum-arata-acum-la-peste-6-la-mie-ar-trebui-sa-treaca-in-online\\\/#primaryimage\"},\"thumbnailUrl\":\"https:\\\/\\\/buletin.de\\\/bucuresti\\\/wp-content\\\/uploads\\\/alin-stoica.jpg\",\"keywords\":[\"alin stoica\",\"bucuresti\",\"carantina\",\"carantina totala\",\"covid\",\"covid19\",\"inchidere scoli\",\"prefect\",\"scoli\"],\"articleSection\":[\"Covid-19\",\"\u0218tiri\"],\"inLanguage\":\"en-GB\",\"copyrightYear\":\"2021\",\"copyrightHolder\":{\"@id\":\"https:\\\/\\\/buletin.de\\\/bucuresti\\\/#organization\"}},{\"@type\":\"WebPage\",\"@id\":\"https:\\\/\\\/buletin.de\\\/bucuresti\\\/prefectul-capitalei-alin-stoica-despre-scoli-conform-ordinului-comun-asa-cum-arata-acum-la-peste-6-la-mie-ar-trebui-sa-treaca-in-online\\\/\",\"url\":\"https:\\\/\\\/buletin.de\\\/bucuresti\\\/prefectul-capitalei-alin-stoica-despre-scoli-conform-ordinului-comun-asa-cum-arata-acum-la-peste-6-la-mie-ar-trebui-sa-treaca-in-online\\\/\",\"name\":\"Prefectul Capitalei, Alin Stoica, despre \u0219coli: \u201dConform ordinului comun, a\u0219a cum arat\u0103 acum, la peste 6 la mie ar trebui s\u0103 treac\u0103 \u00een online\u201d - Buletin de Bucure\u0219ti\",\"isPartOf\":{\"@id\":\"https:\\\/\\\/buletin.de\\\/bucuresti\\\/#website\"},\"primaryImageOfPage\":{\"@id\":\"https:\\\/\\\/buletin.de\\\/bucuresti\\\/prefectul-capitalei-alin-stoica-despre-scoli-conform-ordinului-comun-asa-cum-arata-acum-la-peste-6-la-mie-ar-trebui-sa-treaca-in-online\\\/#primaryimage\"},\"image\":{\"@id\":\"https:\\\/\\\/buletin.de\\\/bucuresti\\\/prefectul-capitalei-alin-stoica-despre-scoli-conform-ordinului-comun-asa-cum-arata-acum-la-peste-6-la-mie-ar-trebui-sa-treaca-in-online\\\/#primaryimage\"},\"thumbnailUrl\":\"https:\\\/\\\/buletin.de\\\/bucuresti\\\/wp-content\\\/uploads\\\/alin-stoica.jpg\",\"datePublished\":\"2021-03-23T14:34:28+00:00\",\"dateModified\":\"2021-03-23T14:34:29+00:00\",\"breadcrumb\":{\"@id\":\"https:\\\/\\\/buletin.de\\\/bucuresti\\\/prefectul-capitalei-alin-stoica-despre-scoli-conform-ordinului-comun-asa-cum-arata-acum-la-peste-6-la-mie-ar-trebui-sa-treaca-in-online\\\/#breadcrumb\"},\"inLanguage\":\"en-GB\",\"potentialAction\":[{\"@type\":\"ReadAction\",\"target\":[\"https:\\\/\\\/buletin.de\\\/bucuresti\\\/prefectul-capitalei-alin-stoica-despre-scoli-conform-ordinului-comun-asa-cum-arata-acum-la-peste-6-la-mie-ar-trebui-sa-treaca-in-online\\\/\"]}]},{\"@type\":\"ImageObject\",\"inLanguage\":\"en-GB\",\"@id\":\"https:\\\/\\\/buletin.de\\\/bucuresti\\\/prefectul-capitalei-alin-stoica-despre-scoli-conform-ordinului-comun-asa-cum-arata-acum-la-peste-6-la-mie-ar-trebui-sa-treaca-in-online\\\/#primaryimage\",\"url\":\"https:\\\/\\\/buletin.de\\\/bucuresti\\\/wp-content\\\/uploads\\\/alin-stoica.jpg\",\"contentUrl\":\"https:\\\/\\\/buletin.de\\\/bucuresti\\\/wp-content\\\/uploads\\\/alin-stoica.jpg\",\"width\":1920,\"height\":1080},{\"@type\":\"BreadcrumbList\",\"@id\":\"https:\\\/\\\/buletin.de\\\/bucuresti\\\/prefectul-capitalei-alin-stoica-despre-scoli-conform-ordinului-comun-asa-cum-arata-acum-la-peste-6-la-mie-ar-trebui-sa-treaca-in-online\\\/#breadcrumb\",\"itemListElement\":[{\"@type\":\"ListItem\",\"position\":1,\"name\":\"Acas\u0103\",\"item\":\"https:\\\/\\\/buletin.de\\\/bucuresti\\\/\"},{\"@type\":\"ListItem\",\"position\":2,\"name\":\"Prefectul Capitalei, Alin Stoica, despre \u0219coli: \u201dConform ordinului comun, a\u0219a cum arat\u0103 acum, la peste 6 la mie ar trebui s\u0103 treac\u0103 \u00een online\u201d\"}]},{\"@type\":\"WebSite\",\"@id\":\"https:\\\/\\\/buletin.de\\\/bucuresti\\\/#website\",\"url\":\"https:\\\/\\\/buletin.de\\\/bucuresti\\\/\",\"name\":\"Buletin de Bucure\u0219ti\",\"description\":\"\u0218tiri \u0219i investiga\u021bii esen\u021biale din capital\u0103\",\"publisher\":{\"@id\":\"https:\\\/\\\/buletin.de\\\/bucuresti\\\/#organization\"},\"potentialAction\":[{\"@type\":\"SearchAction\",\"target\":{\"@type\":\"EntryPoint\",\"urlTemplate\":\"https:\\\/\\\/buletin.de\\\/bucuresti\\\/?s={search_term_string}\"},\"query-input\":{\"@type\":\"PropertyValueSpecification\",\"valueRequired\":true,\"valueName\":\"search_term_string\"}}],\"inLanguage\":\"en-GB\"},{\"@type\":\"Organization\",\"@id\":\"https:\\\/\\\/buletin.de\\\/bucuresti\\\/#organization\",\"name\":\"Buletin de Bucure\u0219ti\",\"url\":\"https:\\\/\\\/buletin.de\\\/bucuresti\\\/\",\"logo\":{\"@type\":\"ImageObject\",\"inLanguage\":\"en-GB\",\"@id\":\"https:\\\/\\\/buletin.de\\\/bucuresti\\\/#\\\/schema\\\/logo\\\/image\\\/\",\"url\":\"https:\\\/\\\/buletin.de\\\/bucuresti\\\/wp-content\\\/uploads\\\/logo-bdb-full-wide-vernil-transparent.png\",\"contentUrl\":\"https:\\\/\\\/buletin.de\\\/bucuresti\\\/wp-content\\\/uploads\\\/logo-bdb-full-wide-vernil-transparent.png\",\"width\":1782,\"height\":626,\"caption\":\"Buletin de Bucure\u0219ti\"},\"image\":{\"@id\":\"https:\\\/\\\/buletin.de\\\/bucuresti\\\/#\\\/schema\\\/logo\\\/image\\\/\"},\"sameAs\":[\"https:\\\/\\\/www.facebook.com\\\/buletin.de.buc\",\"https:\\\/\\\/www.instagram.com\\\/buletinde.bucuresti\\\/\"]},{\"@type\":\"Person\",\"@id\":\"https:\\\/\\\/buletin.de\\\/bucuresti\\\/#\\\/schema\\\/person\\\/8ce85bbda5515a1abb525993294155a8\",\"name\":\"Ana Tudor\",\"image\":{\"@type\":\"ImageObject\",\"inLanguage\":\"en-GB\",\"@id\":\"https:\\\/\\\/secure.gravatar.com\\\/avatar\\\/390c40e2d9367046adb10d832317e3f5fb181fdecb236cb1a8187477756ae24a?s=96&d=monsterid&r=g0f86ad5d6b77046fd61bd633bbfa4a29\",\"url\":\"https:\\\/\\\/secure.gravatar.com\\\/avatar\\\/390c40e2d9367046adb10d832317e3f5fb181fdecb236cb1a8187477756ae24a?s=96&d=monsterid&r=g\",\"contentUrl\":\"https:\\\/\\\/secure.gravatar.com\\\/avatar\\\/390c40e2d9367046adb10d832317e3f5fb181fdecb236cb1a8187477756ae24a?s=96&d=monsterid&r=g\",\"caption\":\"Ana Tudor\"},\"url\":\"https:\\\/\\\/buletin.de\\\/bucuresti\\\/author\\\/anamaria\\\/\"}]}<\/script>\n<!-- \/ Yoast SEO Premium plugin. -->","yoast_head_json":{"title":"Prefectul Capitalei, Alin Stoica, despre \u0219coli: \u201dConform ordinului comun, a\u0219a cum arat\u0103 acum, la peste 6 la mie ar trebui s\u0103 treac\u0103 \u00een online\u201d - Buletin de Bucure\u0219ti","robots":{"index":"index","follow":"follow","max-snippet":"max-snippet:-1","max-image-preview":"max-image-preview:large","max-video-preview":"max-video-preview:-1"},"canonical":"https:\/\/buletin.de\/bucuresti\/prefectul-capitalei-alin-stoica-despre-scoli-conform-ordinului-comun-asa-cum-arata-acum-la-peste-6-la-mie-ar-trebui-sa-treaca-in-online\/","og_locale":"en_GB","og_type":"article","og_title":"Prefectul Capitalei, Alin Stoica, despre \u0219coli: \u201dConform ordinului comun, a\u0219a cum arat\u0103 acum, la peste 6 la mie ar trebui s\u0103 treac\u0103 \u00een online\u201d","og_description":"Prefectul Capitalei, Alin Stoica, a venit cu mai multe declara\u021bii, mar\u021bi, \u00een ziua \u00een care rata de inciden\u021b\u0103 \u00een Bucure\u0219ti a ajuns de 6,22 cazuri de infectare cu SARS-CoV-2 la mia de locuitori. Declara\u021biile complete ale prefectului Alin Stoica: Ast\u0103zi nu am convocat \u0219edin\u021ba Comitetului pentru Situa\u021bii de Urgen\u021b\u0103. Ast\u0103zi am cerut de la to\u021bi [&hellip;]","og_url":"https:\/\/buletin.de\/bucuresti\/prefectul-capitalei-alin-stoica-despre-scoli-conform-ordinului-comun-asa-cum-arata-acum-la-peste-6-la-mie-ar-trebui-sa-treaca-in-online\/","og_site_name":"Buletin de Bucure\u0219ti","article_publisher":"https:\/\/www.facebook.com\/buletin.de.buc","article_published_time":"2021-03-23T14:34:28+00:00","article_modified_time":"2021-03-23T14:34:29+00:00","og_image":[{"width":1920,"height":1080,"url":"https:\/\/buletin.de\/bucuresti\/wp-content\/uploads\/alin-stoica.jpg","type":"image\/jpeg"}],"author":"Ana Tudor","twitter_card":"summary_large_image","twitter_misc":{"Written by":"Ana Tudor","Estimated reading time":"3 minutes"},"schema":{"@context":"https:\/\/schema.org","@graph":[{"@type":"Article","@id":"https:\/\/buletin.de\/bucuresti\/prefectul-capitalei-alin-stoica-despre-scoli-conform-ordinului-comun-asa-cum-arata-acum-la-peste-6-la-mie-ar-trebui-sa-treaca-in-online\/#article","isPartOf":{"@id":"https:\/\/buletin.de\/bucuresti\/prefectul-capitalei-alin-stoica-despre-scoli-conform-ordinului-comun-asa-cum-arata-acum-la-peste-6-la-mie-ar-trebui-sa-treaca-in-online\/"},"author":{"name":"Ana Tudor","@id":"https:\/\/buletin.de\/bucuresti\/#\/schema\/person\/8ce85bbda5515a1abb525993294155a8"},"headline":"Prefectul Capitalei, Alin Stoica, despre \u0219coli: \u201dConform ordinului comun, a\u0219a cum arat\u0103 acum, la peste 6 la mie ar trebui s\u0103 treac\u0103 \u00een online\u201d","datePublished":"2021-03-23T14:34:28+00:00","dateModified":"2021-03-23T14:34:29+00:00","mainEntityOfPage":{"@id":"https:\/\/buletin.de\/bucuresti\/prefectul-capitalei-alin-stoica-despre-scoli-conform-ordinului-comun-asa-cum-arata-acum-la-peste-6-la-mie-ar-trebui-sa-treaca-in-online\/"},"wordCount":737,"publisher":{"@id":"https:\/\/buletin.de\/bucuresti\/#organization"},"image":{"@id":"https:\/\/buletin.de\/bucuresti\/prefectul-capitalei-alin-stoica-despre-scoli-conform-ordinului-comun-asa-cum-arata-acum-la-peste-6-la-mie-ar-trebui-sa-treaca-in-online\/#primaryimage"},"thumbnailUrl":"https:\/\/buletin.de\/bucuresti\/wp-content\/uploads\/alin-stoica.jpg","keywords":["alin stoica","bucuresti","carantina","carantina totala","covid","covid19","inchidere scoli","prefect","scoli"],"articleSection":["Covid-19","\u0218tiri"],"inLanguage":"en-GB","copyrightYear":"2021","copyrightHolder":{"@id":"https:\/\/buletin.de\/bucuresti\/#organization"}},{"@type":"WebPage","@id":"https:\/\/buletin.de\/bucuresti\/prefectul-capitalei-alin-stoica-despre-scoli-conform-ordinului-comun-asa-cum-arata-acum-la-peste-6-la-mie-ar-trebui-sa-treaca-in-online\/","url":"https:\/\/buletin.de\/bucuresti\/prefectul-capitalei-alin-stoica-despre-scoli-conform-ordinului-comun-asa-cum-arata-acum-la-peste-6-la-mie-ar-trebui-sa-treaca-in-online\/","name":"Prefectul Capitalei, Alin Stoica, despre \u0219coli: \u201dConform ordinului comun, a\u0219a cum arat\u0103 acum, la peste 6 la mie ar trebui s\u0103 treac\u0103 \u00een online\u201d - Buletin de Bucure\u0219ti","isPartOf":{"@id":"https:\/\/buletin.de\/bucuresti\/#website"},"primaryImageOfPage":{"@id":"https:\/\/buletin.de\/bucuresti\/prefectul-capitalei-alin-stoica-despre-scoli-conform-ordinului-comun-asa-cum-arata-acum-la-peste-6-la-mie-ar-trebui-sa-treaca-in-online\/#primaryimage"},"image":{"@id":"https:\/\/buletin.de\/bucuresti\/prefectul-capitalei-alin-stoica-despre-scoli-conform-ordinului-comun-asa-cum-arata-acum-la-peste-6-la-mie-ar-trebui-sa-treaca-in-online\/#primaryimage"},"thumbnailUrl":"https:\/\/buletin.de\/bucuresti\/wp-content\/uploads\/alin-stoica.jpg","datePublished":"2021-03-23T14:34:28+00:00","dateModified":"2021-03-23T14:34:29+00:00","breadcrumb":{"@id":"https:\/\/buletin.de\/bucuresti\/prefectul-capitalei-alin-stoica-despre-scoli-conform-ordinului-comun-asa-cum-arata-acum-la-peste-6-la-mie-ar-trebui-sa-treaca-in-online\/#breadcrumb"},"inLanguage":"en-GB","potentialAction":[{"@type":"ReadAction","target":["https:\/\/buletin.de\/bucuresti\/prefectul-capitalei-alin-stoica-despre-scoli-conform-ordinului-comun-asa-cum-arata-acum-la-peste-6-la-mie-ar-trebui-sa-treaca-in-online\/"]}]},{"@type":"ImageObject","inLanguage":"en-GB","@id":"https:\/\/buletin.de\/bucuresti\/prefectul-capitalei-alin-stoica-despre-scoli-conform-ordinului-comun-asa-cum-arata-acum-la-peste-6-la-mie-ar-trebui-sa-treaca-in-online\/#primaryimage","url":"https:\/\/buletin.de\/bucuresti\/wp-content\/uploads\/alin-stoica.jpg","contentUrl":"https:\/\/buletin.de\/bucuresti\/wp-content\/uploads\/alin-stoica.jpg","width":1920,"height":1080},{"@type":"BreadcrumbList","@id":"https:\/\/buletin.de\/bucuresti\/prefectul-capitalei-alin-stoica-despre-scoli-conform-ordinului-comun-asa-cum-arata-acum-la-peste-6-la-mie-ar-trebui-sa-treaca-in-online\/#breadcrumb","itemListElement":[{"@type":"ListItem","position":1,"name":"Acas\u0103","item":"https:\/\/buletin.de\/bucuresti\/"},{"@type":"ListItem","position":2,"name":"Prefectul Capitalei, Alin Stoica, despre \u0219coli: \u201dConform ordinului comun, a\u0219a cum arat\u0103 acum, la peste 6 la mie ar trebui s\u0103 treac\u0103 \u00een online\u201d"}]},{"@type":"WebSite","@id":"https:\/\/buletin.de\/bucuresti\/#website","url":"https:\/\/buletin.de\/bucuresti\/","name":"Buletin de Bucure\u0219ti","description":"\u0218tiri \u0219i investiga\u021bii esen\u021biale din capital\u0103","publisher":{"@id":"https:\/\/buletin.de\/bucuresti\/#organization"},"potentialAction":[{"@type":"SearchAction","target":{"@type":"EntryPoint","urlTemplate":"https:\/\/buletin.de\/bucuresti\/?s={search_term_string}"},"query-input":{"@type":"PropertyValueSpecification","valueRequired":true,"valueName":"search_term_string"}}],"inLanguage":"en-GB"},{"@type":"Organization","@id":"https:\/\/buletin.de\/bucuresti\/#organization","name":"Buletin de Bucure\u0219ti","url":"https:\/\/buletin.de\/bucuresti\/","logo":{"@type":"ImageObject","inLanguage":"en-GB","@id":"https:\/\/buletin.de\/bucuresti\/#\/schema\/logo\/image\/","url":"https:\/\/buletin.de\/bucuresti\/wp-content\/uploads\/logo-bdb-full-wide-vernil-transparent.png","contentUrl":"https:\/\/buletin.de\/bucuresti\/wp-content\/uploads\/logo-bdb-full-wide-vernil-transparent.png","width":1782,"height":626,"caption":"Buletin de Bucure\u0219ti"},"image":{"@id":"https:\/\/buletin.de\/bucuresti\/#\/schema\/logo\/image\/"},"sameAs":["https:\/\/www.facebook.com\/buletin.de.buc","https:\/\/www.instagram.com\/buletinde.bucuresti\/"]},{"@type":"Person","@id":"https:\/\/buletin.de\/bucuresti\/#\/schema\/person\/8ce85bbda5515a1abb525993294155a8","name":"Ana Tudor","image":{"@type":"ImageObject","inLanguage":"en-GB","@id":"https:\/\/secure.gravatar.com\/avatar\/390c40e2d9367046adb10d832317e3f5fb181fdecb236cb1a8187477756ae24a?s=96&d=monsterid&r=g0f86ad5d6b77046fd61bd633bbfa4a29","url":"https:\/\/secure.gravatar.com\/avatar\/390c40e2d9367046adb10d832317e3f5fb181fdecb236cb1a8187477756ae24a?s=96&d=monsterid&r=g","contentUrl":"https:\/\/secure.gravatar.com\/avatar\/390c40e2d9367046adb10d832317e3f5fb181fdecb236cb1a8187477756ae24a?s=96&d=monsterid&r=g","caption":"Ana Tudor"},"url":"https:\/\/buletin.de\/bucuresti\/author\/anamaria\/"}]}},"authors":[{"term_id":22597,"user_id":25,"is_guest":0,"slug":"anamaria","display_name":"Ana Tudor","avatar_url":"https:\/\/secure.gravatar.com\/avatar\/390c40e2d9367046adb10d832317e3f5fb181fdecb236cb1a8187477756ae24a?s=96&d=monsterid&r=g","0":null,"1":"","2":"","3":"","4":"","5":"","6":"","7":"","8":""}],"_links":{"self":[{"href":"https:\/\/buletin.de\/bucuresti\/wp-json\/wp\/v2\/posts\/22138","targetHints":{"allow":["GET"]}}],"collection":[{"href":"https:\/\/buletin.de\/bucuresti\/wp-json\/wp\/v2\/posts"}],"about":[{"href":"https:\/\/buletin.de\/bucuresti\/wp-json\/wp\/v2\/types\/post"}],"author":[{"embeddable":true,"href":"https:\/\/buletin.de\/bucuresti\/wp-json\/wp\/v2\/users\/25"}],"replies":[{"embeddable":true,"href":"https:\/\/buletin.de\/bucuresti\/wp-json\/wp\/v2\/comments?post=22138"}],"version-history":[{"count":1,"href":"https:\/\/buletin.de\/bucuresti\/wp-json\/wp\/v2\/posts\/22138\/revisions"}],"predecessor-version":[{"id":22140,"href":"https:\/\/buletin.de\/bucuresti\/wp-json\/wp\/v2\/posts\/22138\/revisions\/22140"}],"wp:featuredmedia":[{"embeddable":true,"href":"https:\/\/buletin.de\/bucuresti\/wp-json\/wp\/v2\/media\/22139"}],"wp:attachment":[{"href":"https:\/\/buletin.de\/bucuresti\/wp-json\/wp\/v2\/media?parent=22138"}],"wp:term":[{"taxonomy":"category","embeddable":true,"href":"https:\/\/buletin.de\/bucuresti\/wp-json\/wp\/v2\/categories?post=22138"},{"taxonomy":"post_tag","embeddable":true,"href":"https:\/\/buletin.de\/bucuresti\/wp-json\/wp\/v2\/tags?post=22138"},{"taxonomy":"author","embeddable":true,"href":"https:\/\/buletin.de\/bucuresti\/wp-json\/wp\/v2\/ppma_author?post=22138"}],"curies":[{"name":"wp","href":"https:\/\/api.w.org\/{rel}","templated":true}]}}