{"id":21917,"date":"2021-03-21T13:50:57","date_gmt":"2021-03-21T10:50:57","guid":{"rendered":"https:\/\/buletin.de\/bucuresti\/?p=21917"},"modified":"2021-03-23T18:00:00","modified_gmt":"2021-03-23T15:00:00","slug":"capitala-nu-intra-in-carantina-terasele-insa-vor-fi-inchise-daca-au-minim-doi-pereti","status":"publish","type":"post","link":"https:\/\/buletin.de\/bucuresti\/capitala-nu-intra-in-carantina-terasele-insa-vor-fi-inchise-daca-au-minim-doi-pereti\/","title":{"rendered":"Capitala nu intr\u0103 \u00een carantin\u0103, de\u0219i rata de inciden\u021b\u0103 este de 5,33! Terasele \u00eens\u0103 vor fi \u00eenchise dac\u0103 au minim doi pere\u021bi"},"content":{"rendered":"\n<p><strong>A fost \u0219edin\u021b\u0103 a Comitetului Municipal pentru Situa\u021bii de Urgen\u021b\u0103 Bucure\u0219ti ast\u0103zi la pr\u00e2nz iar decizia luat\u0103 a fost de prelungire a restric\u021biilor deja \u00een vigoare \u00een Capital\u0103 pentru \u00eenc\u0103 14 zile. \u00cen plus au ap\u0103rut norme noi care vizeaz\u0103 activitatea pe terase &#8211; dac\u0103 au acoperi\u0219 \u0219i minim doi pere\u021bi, vor fi \u00eenchise. Rata de inciden\u021b\u0103 \u00een Bucure\u0219ti a ajuns ast\u0103zi la 5,33\/mia de locuitori.<\/strong><\/p>\n\n\n\n<p>Conform comunicatului de pres\u0103, transmis \u00een urm\u0103 cu pu\u021bin timp de Prefectura Bucure\u0219ti, se men\u021bin urm\u0103toarele dispozi\u021bii:<\/p>\n\n\n\n<p><br><em>\u00cen unit\u0103\u021bile de \u00eenv\u0103\u021b\u0103m\u00e2nt participarea la ore se desf\u0103\u0219oar\u0103 astfel:<br>&nbsp;<br>A.&nbsp;&nbsp; Cu prezen\u021b\u0103 fizic\u0103 pentru:<\/em><\/p>\n\n\n\n<ul class=\"wp-block-list\"><li><em>to\u021bi&nbsp;pre\u0219colarii \u0219i elevii din \u00eenv\u0103\u021b\u0103m\u00e2ntul primar,<\/em><\/li><li><em>elevii din clasele a VIII-a,&nbsp;a XII-a,&nbsp;a XIII-a \u0219i&nbsp;elevii din anii terminali din \u00eenv\u0103\u021b\u0103m\u00e2ntul profesional \u0219i postliceal, cu respectarea \u015fi aplicarea tuturor normelor de protec\u0163ie, p\u00e2n\u0103 la jum\u0103tate din num\u0103rul total de elevi \u00eenmatricula\u021bi \u00een&nbsp;respectivele clase terminale;<\/em><\/li><li><br><em><strong>Este permis\u0103 organizarea cu prezen\u021ba fizic\u0103 \u00een unit\u0103\u021bile de \u00eenv\u0103\u021b\u0103m\u00e2nt&nbsp; a urm\u0103toarelor activit\u0103\u021bi:<\/strong><\/em><\/li><\/ul>\n\n\n\n<ul class=\"wp-block-list\"><li>s<em>imul\u0103rile&nbsp;examenelor na\u021bionale \u0219i a examenelor pentru anii terminali;<\/em><\/li><li><em>evalu\u0103rile na\u021bionale;<\/em><\/li><li><em>orele remediale pentru toate clasele.<\/em><\/li><\/ul>\n\n\n\n<p>B.&nbsp;&nbsp; <em>Participarea zilnic\u0103, \u00een sistem online, a elevilor din celelalte clase\/ani de studiu.<\/em><br>&nbsp;<br>\u00cen comunicatul de pres\u0103 se men\u021bioneaz\u0103 acum \u0219i ce \u00eenseamn\u0103 teras\u0103 deschis\u0103, \u00een sensul aplic\u0103rii prezentelor restric\u021bii. Astfel, vor fi \u00eenchise spa\u021biile care sunt delimitate de acoperi\u0219 sau plafon \u0219i au minim 2 pere\u021bi. La cele care vor putea func\u021biona trebuie asigurat\u0103 distan\u021ba minim\u0103 de 2 m \u00eentre mese \u0219i sunt permise doar 6 persoane la o mas\u0103, dac\u0103 sunt membri ai aceleia\u0219i familii.<\/p>\n\n\n\n<p><em>Se interzice activitatea cu publicul a operatorilor economici &nbsp;care desf\u0103\u015foar\u0103 activit\u0103\u0163i de preparare, comercializare \u015fi consum al produselor alimentare \u015fi\/sau b\u0103uturilor alcoolice \u015fi nealcoolice, de tipul restaurantelor \u015fi cafenelelor, \u00een interiorul cl\u0103dirilor, precum \u0219i \u00een interiorul altor<strong> spa\u021bii publice \u00eenchise care au acoperi\u0219, plafon sau tavan \u0219i care sunt delimitate de cel pu\u021bin doi pere\u021bi, indiferent de faptul c\u0103 sunt construc\u021bii cu caracter temporar sau permanent;<\/strong><\/em><\/p>\n\n\n\n<p><em>Este permis\u0103 prepararea, comercializarea \u0219i consumul produselor alimentare \u0219i b\u0103uturilor alcoolice \u0219i nealcoolice \u00een spa\u021biile special destinate dispuse \u00een exteriorul cl\u0103dirilor, \u00een aer liber, precum \u0219i \u00een spa\u021biile publice <span><b>dac\u0103 au un tavan \u0219i un singur perete cu asigurarea unei <\/b><\/span><strong>distan\u021be de minimum 2 metri \u00eentre mese \u015fi participarea a maximum 6 persoane la o mas\u0103,<\/strong> dac\u0103 sunt din familii diferite \u0219i cu respectarea m\u0103surilor de protec\u021bie sanitar\u0103 stabilite&nbsp;prin ordin comun al ministrului S\u0103n\u0103t\u0103\u021bii, ministrului Economiei, Antreprenoriatului \u0219i Turismului \u0219i al pre\u0219edintelui Autorit\u0103\u021bii Na\u021bionale Sanitare Veterinare \u0219i pentru Siguran\u021ba Alimentelor;<\/em><\/p>\n\n\n\n<p>R\u0103m\u00e2n \u00een vigoare \u0219i urm\u0103toarele restric\u021bii:<\/p>\n\n\n\n<p><em>Se interzice activitatea restaurantelor \u0219i a cafenelelor din interiorul hotelurilor, pensiunilor sau altor unit\u0103\u021bi de cazare, cu excep\u021bia deservirii persoanelor cazate \u00een interiorul acestor unit\u0103\u021bi;<\/em><\/p>\n\n\n\n<p><em>Este permis\u0103 prepararea hranei \u0219i comercializarea produselor alimentare \u0219i b\u0103uturilor alcoolice \u0219i nealcoolice care nu se consum\u0103 \u00een spa\u021biile respective;<\/em><\/p>\n\n\n\n<p><em>Nu este permis\u0103 activitatea \u00een baruri, cluburi \u0219i discoteci;<br>Este interzis\u0103 activitatea cu publicul a operatorilor economici licen\u021bia\u021bi \u00een domeniul jocurilor de noroc, cu excep\u021bia desf\u0103\u0219ur\u0103rii activit\u0103\u021bii de comercializare a biletelor de tip LOTO, pariuri \u0219i loz, cu respectarea m\u0103surilor de protec\u021bie sanitar\u0103;<\/em><\/p>\n\n\n\n<p><em>Este interzis\u0103 organizarea \u0219i desf\u0103\u0219urarea activit\u0103\u021bii cu publicul \u00een cadrul cinematografelor, institu\u021biilor de spectacole \u015fi\/sau concerte, inclusiv celor de tipul drive-in;<\/em><\/p>\n\n\n\n<p><em>Este interzis\u0103 organizarea \u0219i desf\u0103\u0219urarea \u00een aer liber a spectacolelor, concertelor, festivalurilor publice \u015fi private sau a altor evenimente cultural.<\/em><\/p>\n\n\n\n<p><em>Este obligatorie purtarea m\u0103\u0219tii de protec\u021bie, astfel \u00eenc\u00e2t s\u0103 acopere nasul \u0219i gura pentru toate persoanele care au \u00eemplinit v\u00e2rsta de 5 ani, \u00een toate spa\u021biile publice<\/em><br>&nbsp;<br>&nbsp;&nbsp;&nbsp;&nbsp;&nbsp;&nbsp;&nbsp;\u00cen func\u021bie de evolu\u021bia situa\u021biei epidemiologice la nivelul Municipiului Bucure\u0219ti se va putea institui orice alt\u0103 m\u0103sur\u0103 de siguran\u021b\u0103 cu avizul Direc\u021biei de S\u0103n\u0103tate Public\u0103 a Municipiului Bucure\u0219ti \u0219i cu respectarea normelor legale \u00een vigoare.<\/p>\n\n\n\n<p>&nbsp;Comitetul Municipiului Bucure\u015fti pentru Situa\u0163ii de Urgen\u0163\u0103 a luat aceste decizii dup\u0103 ce,  la nivelul Municipiului Bucure\u0219ti rata de inciden\u021b\u0103 cumulat\u0103 calculat\u0103 la 14 zile, \u00een data de 21.03.2021 a ajuns la <strong>5,33\/1000 <\/strong>locuitori. <strong>M\u0103surile stabilite mai sus intr\u0103 \u00een vigoare \u00een aceast\u0103 noapte, de la ora 0.00  \u0219i vor fi reevaluate peste 14 zile.<\/strong><br>&nbsp;<\/p>\n","protected":false},"excerpt":{"rendered":"<p>A fost \u0219edin\u021b\u0103 a Comitetului Municipal pentru Situa\u021bii de Urgen\u021b\u0103 Bucure\u0219ti ast\u0103zi la pr\u00e2nz iar decizia luat\u0103 a fost de prelungire a restric\u021biilor deja \u00een vigoare \u00een Capital\u0103 pentru \u00eenc\u0103 14 zile. \u00cen plus au ap\u0103rut norme noi care vizeaz\u0103 activitatea pe terase &#8211; dac\u0103 au acoperi\u0219 \u0219i minim doi pere\u021bi, vor fi \u00eenchise. Rata [&hellip;]<\/p>\n","protected":false},"author":18,"featured_media":21919,"comment_status":"closed","ping_status":"open","sticky":false,"template":"","format":"standard","meta":{"_acf_changed":false,"inline_featured_image":false,"ngg_post_thumbnail":0,"footnotes":""},"categories":[1585,996,62],"tags":[9,640,1344],"ppma_author":[22579],"class_list":["post-21917","post","type-post","status-publish","format-standard","has-post-thumbnail","hentry","category-buletin-de-bucuresti-in-pandemie","category-covid-19","category-stiri","tag-bucuresti","tag-covid","tag-restrictii-2"],"acf":[],"yoast_head":"<!-- This site is optimized with the Yoast SEO Premium plugin v25.3 (Yoast SEO v27.5) - https:\/\/yoast.com\/product\/yoast-seo-premium-wordpress\/ -->\n<title>Capitala nu intr\u0103 \u00een carantin\u0103, de\u0219i rata de inciden\u021b\u0103 este de 5,33! Terasele \u00eens\u0103 vor fi \u00eenchise dac\u0103 au minim doi pere\u021bi - Buletin de Bucure\u0219ti<\/title>\n<meta name=\"robots\" content=\"index, follow, max-snippet:-1, max-image-preview:large, max-video-preview:-1\" \/>\n<link rel=\"canonical\" href=\"https:\/\/buletin.de\/bucuresti\/capitala-nu-intra-in-carantina-terasele-insa-vor-fi-inchise-daca-au-minim-doi-pereti\/\" \/>\n<meta property=\"og:locale\" content=\"en_GB\" \/>\n<meta property=\"og:type\" content=\"article\" \/>\n<meta property=\"og:title\" content=\"Capitala nu intr\u0103 \u00een carantin\u0103, de\u0219i rata de inciden\u021b\u0103 este de 5,33! Terasele \u00eens\u0103 vor fi \u00eenchise dac\u0103 au minim doi pere\u021bi\" \/>\n<meta property=\"og:description\" content=\"A fost \u0219edin\u021b\u0103 a Comitetului Municipal pentru Situa\u021bii de Urgen\u021b\u0103 Bucure\u0219ti ast\u0103zi la pr\u00e2nz iar decizia luat\u0103 a fost de prelungire a restric\u021biilor deja \u00een vigoare \u00een Capital\u0103 pentru \u00eenc\u0103 14 zile. \u00cen plus au ap\u0103rut norme noi care vizeaz\u0103 activitatea pe terase &#8211; dac\u0103 au acoperi\u0219 \u0219i minim doi pere\u021bi, vor fi \u00eenchise. Rata [&hellip;]\" \/>\n<meta property=\"og:url\" content=\"https:\/\/buletin.de\/bucuresti\/capitala-nu-intra-in-carantina-terasele-insa-vor-fi-inchise-daca-au-minim-doi-pereti\/\" \/>\n<meta property=\"og:site_name\" content=\"Buletin de Bucure\u0219ti\" \/>\n<meta property=\"article:publisher\" content=\"https:\/\/www.facebook.com\/buletin.de.buc\" \/>\n<meta property=\"article:published_time\" content=\"2021-03-21T10:50:57+00:00\" \/>\n<meta property=\"article:modified_time\" content=\"2021-03-23T15:00:00+00:00\" \/>\n<meta property=\"og:image\" content=\"https:\/\/buletin.de\/bucuresti\/wp-content\/uploads\/159291436_5216566538413785_920544757559802841_n.jpg\" \/>\n\t<meta property=\"og:image:width\" content=\"641\" \/>\n\t<meta property=\"og:image:height\" content=\"335\" \/>\n\t<meta property=\"og:image:type\" content=\"image\/jpeg\" \/>\n<meta name=\"author\" content=\"Teodora Stroe\" \/>\n<meta name=\"twitter:card\" content=\"summary_large_image\" \/>\n<meta name=\"twitter:label1\" content=\"Written by\" \/>\n\t<meta name=\"twitter:data1\" content=\"Teodora Stroe\" \/>\n\t<meta name=\"twitter:label2\" content=\"Estimated reading time\" \/>\n\t<meta name=\"twitter:data2\" content=\"3 minutes\" \/>\n<script type=\"application\/ld+json\" class=\"yoast-schema-graph\">{\"@context\":\"https:\\\/\\\/schema.org\",\"@graph\":[{\"@type\":\"Article\",\"@id\":\"https:\\\/\\\/buletin.de\\\/bucuresti\\\/capitala-nu-intra-in-carantina-terasele-insa-vor-fi-inchise-daca-au-minim-doi-pereti\\\/#article\",\"isPartOf\":{\"@id\":\"https:\\\/\\\/buletin.de\\\/bucuresti\\\/capitala-nu-intra-in-carantina-terasele-insa-vor-fi-inchise-daca-au-minim-doi-pereti\\\/\"},\"author\":{\"name\":\"Teodora Stroe\",\"@id\":\"https:\\\/\\\/buletin.de\\\/bucuresti\\\/#\\\/schema\\\/person\\\/d369d7ddc775abece205795e0b804614\"},\"headline\":\"Capitala nu intr\u0103 \u00een carantin\u0103, de\u0219i rata de inciden\u021b\u0103 este de 5,33! Terasele \u00eens\u0103 vor fi \u00eenchise dac\u0103 au minim doi pere\u021bi\",\"datePublished\":\"2021-03-21T10:50:57+00:00\",\"dateModified\":\"2021-03-23T15:00:00+00:00\",\"mainEntityOfPage\":{\"@id\":\"https:\\\/\\\/buletin.de\\\/bucuresti\\\/capitala-nu-intra-in-carantina-terasele-insa-vor-fi-inchise-daca-au-minim-doi-pereti\\\/\"},\"wordCount\":807,\"publisher\":{\"@id\":\"https:\\\/\\\/buletin.de\\\/bucuresti\\\/#organization\"},\"image\":{\"@id\":\"https:\\\/\\\/buletin.de\\\/bucuresti\\\/capitala-nu-intra-in-carantina-terasele-insa-vor-fi-inchise-daca-au-minim-doi-pereti\\\/#primaryimage\"},\"thumbnailUrl\":\"https:\\\/\\\/buletin.de\\\/bucuresti\\\/wp-content\\\/uploads\\\/159291436_5216566538413785_920544757559802841_n.jpg\",\"keywords\":[\"bucuresti\",\"covid\",\"restrictii\"],\"articleSection\":[\"Buletin de Bucure\u0219ti \u00een pandemie\",\"Covid-19\",\"\u0218tiri\"],\"inLanguage\":\"en-GB\",\"copyrightYear\":\"2021\",\"copyrightHolder\":{\"@id\":\"https:\\\/\\\/buletin.de\\\/bucuresti\\\/#organization\"}},{\"@type\":\"WebPage\",\"@id\":\"https:\\\/\\\/buletin.de\\\/bucuresti\\\/capitala-nu-intra-in-carantina-terasele-insa-vor-fi-inchise-daca-au-minim-doi-pereti\\\/\",\"url\":\"https:\\\/\\\/buletin.de\\\/bucuresti\\\/capitala-nu-intra-in-carantina-terasele-insa-vor-fi-inchise-daca-au-minim-doi-pereti\\\/\",\"name\":\"Capitala nu intr\u0103 \u00een carantin\u0103, de\u0219i rata de inciden\u021b\u0103 este de 5,33! Terasele \u00eens\u0103 vor fi \u00eenchise dac\u0103 au minim doi pere\u021bi - Buletin de Bucure\u0219ti\",\"isPartOf\":{\"@id\":\"https:\\\/\\\/buletin.de\\\/bucuresti\\\/#website\"},\"primaryImageOfPage\":{\"@id\":\"https:\\\/\\\/buletin.de\\\/bucuresti\\\/capitala-nu-intra-in-carantina-terasele-insa-vor-fi-inchise-daca-au-minim-doi-pereti\\\/#primaryimage\"},\"image\":{\"@id\":\"https:\\\/\\\/buletin.de\\\/bucuresti\\\/capitala-nu-intra-in-carantina-terasele-insa-vor-fi-inchise-daca-au-minim-doi-pereti\\\/#primaryimage\"},\"thumbnailUrl\":\"https:\\\/\\\/buletin.de\\\/bucuresti\\\/wp-content\\\/uploads\\\/159291436_5216566538413785_920544757559802841_n.jpg\",\"datePublished\":\"2021-03-21T10:50:57+00:00\",\"dateModified\":\"2021-03-23T15:00:00+00:00\",\"breadcrumb\":{\"@id\":\"https:\\\/\\\/buletin.de\\\/bucuresti\\\/capitala-nu-intra-in-carantina-terasele-insa-vor-fi-inchise-daca-au-minim-doi-pereti\\\/#breadcrumb\"},\"inLanguage\":\"en-GB\",\"potentialAction\":[{\"@type\":\"ReadAction\",\"target\":[\"https:\\\/\\\/buletin.de\\\/bucuresti\\\/capitala-nu-intra-in-carantina-terasele-insa-vor-fi-inchise-daca-au-minim-doi-pereti\\\/\"]}]},{\"@type\":\"ImageObject\",\"inLanguage\":\"en-GB\",\"@id\":\"https:\\\/\\\/buletin.de\\\/bucuresti\\\/capitala-nu-intra-in-carantina-terasele-insa-vor-fi-inchise-daca-au-minim-doi-pereti\\\/#primaryimage\",\"url\":\"https:\\\/\\\/buletin.de\\\/bucuresti\\\/wp-content\\\/uploads\\\/159291436_5216566538413785_920544757559802841_n.jpg\",\"contentUrl\":\"https:\\\/\\\/buletin.de\\\/bucuresti\\\/wp-content\\\/uploads\\\/159291436_5216566538413785_920544757559802841_n.jpg\",\"width\":641,\"height\":335},{\"@type\":\"BreadcrumbList\",\"@id\":\"https:\\\/\\\/buletin.de\\\/bucuresti\\\/capitala-nu-intra-in-carantina-terasele-insa-vor-fi-inchise-daca-au-minim-doi-pereti\\\/#breadcrumb\",\"itemListElement\":[{\"@type\":\"ListItem\",\"position\":1,\"name\":\"Acas\u0103\",\"item\":\"https:\\\/\\\/buletin.de\\\/bucuresti\\\/\"},{\"@type\":\"ListItem\",\"position\":2,\"name\":\"Capitala nu intr\u0103 \u00een carantin\u0103, de\u0219i rata de inciden\u021b\u0103 este de 5,33! Terasele \u00eens\u0103 vor fi \u00eenchise dac\u0103 au minim doi pere\u021bi\"}]},{\"@type\":\"WebSite\",\"@id\":\"https:\\\/\\\/buletin.de\\\/bucuresti\\\/#website\",\"url\":\"https:\\\/\\\/buletin.de\\\/bucuresti\\\/\",\"name\":\"Buletin de Bucure\u0219ti\",\"description\":\"\u0218tiri \u0219i investiga\u021bii esen\u021biale din capital\u0103\",\"publisher\":{\"@id\":\"https:\\\/\\\/buletin.de\\\/bucuresti\\\/#organization\"},\"potentialAction\":[{\"@type\":\"SearchAction\",\"target\":{\"@type\":\"EntryPoint\",\"urlTemplate\":\"https:\\\/\\\/buletin.de\\\/bucuresti\\\/?s={search_term_string}\"},\"query-input\":{\"@type\":\"PropertyValueSpecification\",\"valueRequired\":true,\"valueName\":\"search_term_string\"}}],\"inLanguage\":\"en-GB\"},{\"@type\":\"Organization\",\"@id\":\"https:\\\/\\\/buletin.de\\\/bucuresti\\\/#organization\",\"name\":\"Buletin de Bucure\u0219ti\",\"url\":\"https:\\\/\\\/buletin.de\\\/bucuresti\\\/\",\"logo\":{\"@type\":\"ImageObject\",\"inLanguage\":\"en-GB\",\"@id\":\"https:\\\/\\\/buletin.de\\\/bucuresti\\\/#\\\/schema\\\/logo\\\/image\\\/\",\"url\":\"https:\\\/\\\/buletin.de\\\/bucuresti\\\/wp-content\\\/uploads\\\/logo-bdb-full-wide-vernil-transparent.png\",\"contentUrl\":\"https:\\\/\\\/buletin.de\\\/bucuresti\\\/wp-content\\\/uploads\\\/logo-bdb-full-wide-vernil-transparent.png\",\"width\":1782,\"height\":626,\"caption\":\"Buletin de Bucure\u0219ti\"},\"image\":{\"@id\":\"https:\\\/\\\/buletin.de\\\/bucuresti\\\/#\\\/schema\\\/logo\\\/image\\\/\"},\"sameAs\":[\"https:\\\/\\\/www.facebook.com\\\/buletin.de.buc\",\"https:\\\/\\\/www.instagram.com\\\/buletinde.bucuresti\\\/\"]},{\"@type\":\"Person\",\"@id\":\"https:\\\/\\\/buletin.de\\\/bucuresti\\\/#\\\/schema\\\/person\\\/d369d7ddc775abece205795e0b804614\",\"name\":\"Teodora Stroe\",\"image\":{\"@type\":\"ImageObject\",\"inLanguage\":\"en-GB\",\"@id\":\"https:\\\/\\\/secure.gravatar.com\\\/avatar\\\/2560b4cd9f5f1bc100b123158e657d75584bd1c3e1d9c69285720b9457c1b78d?s=96&d=monsterid&r=gc104800242ba5f2d78dd5d7dc4df08b6\",\"url\":\"https:\\\/\\\/secure.gravatar.com\\\/avatar\\\/2560b4cd9f5f1bc100b123158e657d75584bd1c3e1d9c69285720b9457c1b78d?s=96&d=monsterid&r=g\",\"contentUrl\":\"https:\\\/\\\/secure.gravatar.com\\\/avatar\\\/2560b4cd9f5f1bc100b123158e657d75584bd1c3e1d9c69285720b9457c1b78d?s=96&d=monsterid&r=g\",\"caption\":\"Teodora Stroe\"},\"url\":\"https:\\\/\\\/buletin.de\\\/bucuresti\\\/author\\\/simonacarlugea\\\/\"}]}<\/script>\n<!-- \/ Yoast SEO Premium plugin. -->","yoast_head_json":{"title":"Capitala nu intr\u0103 \u00een carantin\u0103, de\u0219i rata de inciden\u021b\u0103 este de 5,33! Terasele \u00eens\u0103 vor fi \u00eenchise dac\u0103 au minim doi pere\u021bi - Buletin de Bucure\u0219ti","robots":{"index":"index","follow":"follow","max-snippet":"max-snippet:-1","max-image-preview":"max-image-preview:large","max-video-preview":"max-video-preview:-1"},"canonical":"https:\/\/buletin.de\/bucuresti\/capitala-nu-intra-in-carantina-terasele-insa-vor-fi-inchise-daca-au-minim-doi-pereti\/","og_locale":"en_GB","og_type":"article","og_title":"Capitala nu intr\u0103 \u00een carantin\u0103, de\u0219i rata de inciden\u021b\u0103 este de 5,33! Terasele \u00eens\u0103 vor fi \u00eenchise dac\u0103 au minim doi pere\u021bi","og_description":"A fost \u0219edin\u021b\u0103 a Comitetului Municipal pentru Situa\u021bii de Urgen\u021b\u0103 Bucure\u0219ti ast\u0103zi la pr\u00e2nz iar decizia luat\u0103 a fost de prelungire a restric\u021biilor deja \u00een vigoare \u00een Capital\u0103 pentru \u00eenc\u0103 14 zile. \u00cen plus au ap\u0103rut norme noi care vizeaz\u0103 activitatea pe terase &#8211; dac\u0103 au acoperi\u0219 \u0219i minim doi pere\u021bi, vor fi \u00eenchise. Rata [&hellip;]","og_url":"https:\/\/buletin.de\/bucuresti\/capitala-nu-intra-in-carantina-terasele-insa-vor-fi-inchise-daca-au-minim-doi-pereti\/","og_site_name":"Buletin de Bucure\u0219ti","article_publisher":"https:\/\/www.facebook.com\/buletin.de.buc","article_published_time":"2021-03-21T10:50:57+00:00","article_modified_time":"2021-03-23T15:00:00+00:00","og_image":[{"width":641,"height":335,"url":"https:\/\/buletin.de\/bucuresti\/wp-content\/uploads\/159291436_5216566538413785_920544757559802841_n.jpg","type":"image\/jpeg"}],"author":"Teodora Stroe","twitter_card":"summary_large_image","twitter_misc":{"Written by":"Teodora Stroe","Estimated reading time":"3 minutes"},"schema":{"@context":"https:\/\/schema.org","@graph":[{"@type":"Article","@id":"https:\/\/buletin.de\/bucuresti\/capitala-nu-intra-in-carantina-terasele-insa-vor-fi-inchise-daca-au-minim-doi-pereti\/#article","isPartOf":{"@id":"https:\/\/buletin.de\/bucuresti\/capitala-nu-intra-in-carantina-terasele-insa-vor-fi-inchise-daca-au-minim-doi-pereti\/"},"author":{"name":"Teodora Stroe","@id":"https:\/\/buletin.de\/bucuresti\/#\/schema\/person\/d369d7ddc775abece205795e0b804614"},"headline":"Capitala nu intr\u0103 \u00een carantin\u0103, de\u0219i rata de inciden\u021b\u0103 este de 5,33! Terasele \u00eens\u0103 vor fi \u00eenchise dac\u0103 au minim doi pere\u021bi","datePublished":"2021-03-21T10:50:57+00:00","dateModified":"2021-03-23T15:00:00+00:00","mainEntityOfPage":{"@id":"https:\/\/buletin.de\/bucuresti\/capitala-nu-intra-in-carantina-terasele-insa-vor-fi-inchise-daca-au-minim-doi-pereti\/"},"wordCount":807,"publisher":{"@id":"https:\/\/buletin.de\/bucuresti\/#organization"},"image":{"@id":"https:\/\/buletin.de\/bucuresti\/capitala-nu-intra-in-carantina-terasele-insa-vor-fi-inchise-daca-au-minim-doi-pereti\/#primaryimage"},"thumbnailUrl":"https:\/\/buletin.de\/bucuresti\/wp-content\/uploads\/159291436_5216566538413785_920544757559802841_n.jpg","keywords":["bucuresti","covid","restrictii"],"articleSection":["Buletin de Bucure\u0219ti \u00een pandemie","Covid-19","\u0218tiri"],"inLanguage":"en-GB","copyrightYear":"2021","copyrightHolder":{"@id":"https:\/\/buletin.de\/bucuresti\/#organization"}},{"@type":"WebPage","@id":"https:\/\/buletin.de\/bucuresti\/capitala-nu-intra-in-carantina-terasele-insa-vor-fi-inchise-daca-au-minim-doi-pereti\/","url":"https:\/\/buletin.de\/bucuresti\/capitala-nu-intra-in-carantina-terasele-insa-vor-fi-inchise-daca-au-minim-doi-pereti\/","name":"Capitala nu intr\u0103 \u00een carantin\u0103, de\u0219i rata de inciden\u021b\u0103 este de 5,33! Terasele \u00eens\u0103 vor fi \u00eenchise dac\u0103 au minim doi pere\u021bi - Buletin de Bucure\u0219ti","isPartOf":{"@id":"https:\/\/buletin.de\/bucuresti\/#website"},"primaryImageOfPage":{"@id":"https:\/\/buletin.de\/bucuresti\/capitala-nu-intra-in-carantina-terasele-insa-vor-fi-inchise-daca-au-minim-doi-pereti\/#primaryimage"},"image":{"@id":"https:\/\/buletin.de\/bucuresti\/capitala-nu-intra-in-carantina-terasele-insa-vor-fi-inchise-daca-au-minim-doi-pereti\/#primaryimage"},"thumbnailUrl":"https:\/\/buletin.de\/bucuresti\/wp-content\/uploads\/159291436_5216566538413785_920544757559802841_n.jpg","datePublished":"2021-03-21T10:50:57+00:00","dateModified":"2021-03-23T15:00:00+00:00","breadcrumb":{"@id":"https:\/\/buletin.de\/bucuresti\/capitala-nu-intra-in-carantina-terasele-insa-vor-fi-inchise-daca-au-minim-doi-pereti\/#breadcrumb"},"inLanguage":"en-GB","potentialAction":[{"@type":"ReadAction","target":["https:\/\/buletin.de\/bucuresti\/capitala-nu-intra-in-carantina-terasele-insa-vor-fi-inchise-daca-au-minim-doi-pereti\/"]}]},{"@type":"ImageObject","inLanguage":"en-GB","@id":"https:\/\/buletin.de\/bucuresti\/capitala-nu-intra-in-carantina-terasele-insa-vor-fi-inchise-daca-au-minim-doi-pereti\/#primaryimage","url":"https:\/\/buletin.de\/bucuresti\/wp-content\/uploads\/159291436_5216566538413785_920544757559802841_n.jpg","contentUrl":"https:\/\/buletin.de\/bucuresti\/wp-content\/uploads\/159291436_5216566538413785_920544757559802841_n.jpg","width":641,"height":335},{"@type":"BreadcrumbList","@id":"https:\/\/buletin.de\/bucuresti\/capitala-nu-intra-in-carantina-terasele-insa-vor-fi-inchise-daca-au-minim-doi-pereti\/#breadcrumb","itemListElement":[{"@type":"ListItem","position":1,"name":"Acas\u0103","item":"https:\/\/buletin.de\/bucuresti\/"},{"@type":"ListItem","position":2,"name":"Capitala nu intr\u0103 \u00een carantin\u0103, de\u0219i rata de inciden\u021b\u0103 este de 5,33! Terasele \u00eens\u0103 vor fi \u00eenchise dac\u0103 au minim doi pere\u021bi"}]},{"@type":"WebSite","@id":"https:\/\/buletin.de\/bucuresti\/#website","url":"https:\/\/buletin.de\/bucuresti\/","name":"Buletin de Bucure\u0219ti","description":"\u0218tiri \u0219i investiga\u021bii esen\u021biale din capital\u0103","publisher":{"@id":"https:\/\/buletin.de\/bucuresti\/#organization"},"potentialAction":[{"@type":"SearchAction","target":{"@type":"EntryPoint","urlTemplate":"https:\/\/buletin.de\/bucuresti\/?s={search_term_string}"},"query-input":{"@type":"PropertyValueSpecification","valueRequired":true,"valueName":"search_term_string"}}],"inLanguage":"en-GB"},{"@type":"Organization","@id":"https:\/\/buletin.de\/bucuresti\/#organization","name":"Buletin de Bucure\u0219ti","url":"https:\/\/buletin.de\/bucuresti\/","logo":{"@type":"ImageObject","inLanguage":"en-GB","@id":"https:\/\/buletin.de\/bucuresti\/#\/schema\/logo\/image\/","url":"https:\/\/buletin.de\/bucuresti\/wp-content\/uploads\/logo-bdb-full-wide-vernil-transparent.png","contentUrl":"https:\/\/buletin.de\/bucuresti\/wp-content\/uploads\/logo-bdb-full-wide-vernil-transparent.png","width":1782,"height":626,"caption":"Buletin de Bucure\u0219ti"},"image":{"@id":"https:\/\/buletin.de\/bucuresti\/#\/schema\/logo\/image\/"},"sameAs":["https:\/\/www.facebook.com\/buletin.de.buc","https:\/\/www.instagram.com\/buletinde.bucuresti\/"]},{"@type":"Person","@id":"https:\/\/buletin.de\/bucuresti\/#\/schema\/person\/d369d7ddc775abece205795e0b804614","name":"Teodora Stroe","image":{"@type":"ImageObject","inLanguage":"en-GB","@id":"https:\/\/secure.gravatar.com\/avatar\/2560b4cd9f5f1bc100b123158e657d75584bd1c3e1d9c69285720b9457c1b78d?s=96&d=monsterid&r=gc104800242ba5f2d78dd5d7dc4df08b6","url":"https:\/\/secure.gravatar.com\/avatar\/2560b4cd9f5f1bc100b123158e657d75584bd1c3e1d9c69285720b9457c1b78d?s=96&d=monsterid&r=g","contentUrl":"https:\/\/secure.gravatar.com\/avatar\/2560b4cd9f5f1bc100b123158e657d75584bd1c3e1d9c69285720b9457c1b78d?s=96&d=monsterid&r=g","caption":"Teodora Stroe"},"url":"https:\/\/buletin.de\/bucuresti\/author\/simonacarlugea\/"}]}},"authors":[{"term_id":22579,"user_id":18,"is_guest":0,"slug":"simonacarlugea","display_name":"Teodora Stroe","avatar_url":"https:\/\/secure.gravatar.com\/avatar\/2560b4cd9f5f1bc100b123158e657d75584bd1c3e1d9c69285720b9457c1b78d?s=96&d=monsterid&r=g","0":null,"1":"","2":"","3":"","4":"","5":"","6":"","7":"","8":""}],"_links":{"self":[{"href":"https:\/\/buletin.de\/bucuresti\/wp-json\/wp\/v2\/posts\/21917","targetHints":{"allow":["GET"]}}],"collection":[{"href":"https:\/\/buletin.de\/bucuresti\/wp-json\/wp\/v2\/posts"}],"about":[{"href":"https:\/\/buletin.de\/bucuresti\/wp-json\/wp\/v2\/types\/post"}],"author":[{"embeddable":true,"href":"https:\/\/buletin.de\/bucuresti\/wp-json\/wp\/v2\/users\/18"}],"replies":[{"embeddable":true,"href":"https:\/\/buletin.de\/bucuresti\/wp-json\/wp\/v2\/comments?post=21917"}],"version-history":[{"count":7,"href":"https:\/\/buletin.de\/bucuresti\/wp-json\/wp\/v2\/posts\/21917\/revisions"}],"predecessor-version":[{"id":21942,"href":"https:\/\/buletin.de\/bucuresti\/wp-json\/wp\/v2\/posts\/21917\/revisions\/21942"}],"wp:featuredmedia":[{"embeddable":true,"href":"https:\/\/buletin.de\/bucuresti\/wp-json\/wp\/v2\/media\/21919"}],"wp:attachment":[{"href":"https:\/\/buletin.de\/bucuresti\/wp-json\/wp\/v2\/media?parent=21917"}],"wp:term":[{"taxonomy":"category","embeddable":true,"href":"https:\/\/buletin.de\/bucuresti\/wp-json\/wp\/v2\/categories?post=21917"},{"taxonomy":"post_tag","embeddable":true,"href":"https:\/\/buletin.de\/bucuresti\/wp-json\/wp\/v2\/tags?post=21917"},{"taxonomy":"author","embeddable":true,"href":"https:\/\/buletin.de\/bucuresti\/wp-json\/wp\/v2\/ppma_author?post=21917"}],"curies":[{"name":"wp","href":"https:\/\/api.w.org\/{rel}","templated":true}]}}