{"id":21914,"date":"2021-03-20T21:53:00","date_gmt":"2021-03-20T18:53:00","guid":{"rendered":"https:\/\/buletin.de\/bucuresti\/?p=21914"},"modified":"2021-03-20T21:53:00","modified_gmt":"2021-03-20T18:53:00","slug":"peste-1000-de-persoane-au-protestat-in-capitala-fata-de-restrictiile-impuse-de-autoritati","status":"publish","type":"post","link":"https:\/\/buletin.de\/bucuresti\/peste-1000-de-persoane-au-protestat-in-capitala-fata-de-restrictiile-impuse-de-autoritati\/","title":{"rendered":"Peste 1000 de persoane au protestat, \u00een Capital\u0103, fa\u021b\u0103 de restric\u021biile impuse de autorit\u0103\u021bi"},"content":{"rendered":"\n<p><strong>Peste 1000 de manifestan\u021bi au protestat, ast\u0103zi, \u00een Pia\u021ba Victoriei \u0219i Pia\u021ba Universit\u0103\u021bii din Bucure\u0219ti fa\u021b\u0103 de purtarea m\u0103\u0219tii. Participan\u021bii s-au declarat \u00eempotriva UE, flutur\u00e2nd steaguri \u0219i pancarte cu mesaje anti-UE sau \u00eempotriva pa\u0219apoartelor de vaccinare. Organizatorul a fost amendat de Jandarmeria Bucure\u0219ti cu 7.000 de lei pentru dep\u0103\u0219irea num\u0103rului de 100 de participan\u021bi.<\/strong><\/p>\n\n\n\n<p>\u00cen Pia\u021b\u0103 au prezen\u021bi oameni de toate v\u00e2rstele, au fost adu\u0219i inclusiv copii. De asemenea, au fost aduse baloane cu mesajul: \u201eJos dictatura militar\u0103\u201d. <\/p>\n\n\n\n<p>Conform Jandarmeriei Bucure\u0219ti, participan\u0163ii la aceste adun\u0103ri publice care nu s-au conformat recomand\u0103rilor for\u0163elor de ordine \u015fi nu au respectat m\u0103surile sanitare de protec\u0163ie individual\u0103 prev\u0103zute de legisla\u0163ie vor fi identifica\u0163i \u015fi sanc\u0163iona\u0163i \u00een raport de prevederile legale \u00eenc\u0103lcate.<\/p>\n\n\n\n<blockquote class=\"wp-block-quote is-layout-flow wp-block-quote-is-layout-flow\"><p>Organizatorii activit\u0103\u021bii vor fi sanc\u021biona\u021bi contraven\u021bional pentru c\u0103 nu au luat m\u0103surile necesare astfel \u00eenc\u00e2t s\u0103 nu permit\u0103 dep\u0103\u0219irea num\u0103rului maxim de 100 de participan\u021bi \u0219i pentru c\u0103 nu au asigurat respectarea de c\u0103tre ace\u0219tia a celorlalte m\u0103suri de protec\u021bie sanitar\u0103, \u00een conformitate cu prevederile H.G. 293 din 2021 privind prelungirea st\u0103rii de alert\u0103 pe teritoriul Rom\u00e2niei<\/p><cite>Se arat\u0103 \u00een comunicatul Jandarmeriei Bucure\u0219ti<\/cite><\/blockquote>\n\n\n\n<p>Tot ast\u0103zi au fost organizate proteste fa\u021b\u0103 de m\u0103surile impuse pentru limitarea pandemiei de Covid-19.<\/p>\n\n\n\n<p>Surs\u0103 Foto: Facebook\/Alian\u021ba pentru Unirea Rom\u00e2nilor &#8211; AUR<\/p>\n","protected":false},"excerpt":{"rendered":"<p>Peste 1000 de manifestan\u021bi au protestat, ast\u0103zi, \u00een Pia\u021ba Victoriei \u0219i Pia\u021ba Universit\u0103\u021bii din Bucure\u0219ti fa\u021b\u0103 de purtarea m\u0103\u0219tii. Participan\u021bii s-au declarat \u00eempotriva UE, flutur\u00e2nd steaguri \u0219i pancarte cu mesaje anti-UE sau \u00eempotriva pa\u0219apoartelor de vaccinare. Organizatorul a fost amendat de Jandarmeria Bucure\u0219ti cu 7.000 de lei pentru dep\u0103\u0219irea num\u0103rului de 100 de participan\u021bi. \u00cen [&hellip;]<\/p>\n","protected":false},"author":17,"featured_media":21915,"comment_status":"closed","ping_status":"open","sticky":false,"template":"","format":"standard","meta":{"_acf_changed":false,"inline_featured_image":false,"ngg_post_thumbnail":0,"footnotes":""},"categories":[62],"tags":[],"ppma_author":[22576],"class_list":["post-21914","post","type-post","status-publish","format-standard","has-post-thumbnail","hentry","category-stiri"],"acf":[],"yoast_head":"<!-- This site is optimized with the Yoast SEO Premium plugin v25.3 (Yoast SEO v27.5) - https:\/\/yoast.com\/product\/yoast-seo-premium-wordpress\/ -->\n<title>Peste 1000 de persoane au protestat, \u00een Capital\u0103, fa\u021b\u0103 de restric\u021biile impuse de autorit\u0103\u021bi - Buletin de Bucure\u0219ti<\/title>\n<meta name=\"robots\" content=\"index, follow, max-snippet:-1, max-image-preview:large, max-video-preview:-1\" \/>\n<link rel=\"canonical\" href=\"https:\/\/buletin.de\/bucuresti\/peste-1000-de-persoane-au-protestat-in-capitala-fata-de-restrictiile-impuse-de-autoritati\/\" \/>\n<meta property=\"og:locale\" content=\"en_GB\" \/>\n<meta property=\"og:type\" content=\"article\" \/>\n<meta property=\"og:title\" content=\"Peste 1000 de persoane au protestat, \u00een Capital\u0103, fa\u021b\u0103 de restric\u021biile impuse de autorit\u0103\u021bi\" \/>\n<meta property=\"og:description\" content=\"Peste 1000 de manifestan\u021bi au protestat, ast\u0103zi, \u00een Pia\u021ba Victoriei \u0219i Pia\u021ba Universit\u0103\u021bii din Bucure\u0219ti fa\u021b\u0103 de purtarea m\u0103\u0219tii. Participan\u021bii s-au declarat \u00eempotriva UE, flutur\u00e2nd steaguri \u0219i pancarte cu mesaje anti-UE sau \u00eempotriva pa\u0219apoartelor de vaccinare. Organizatorul a fost amendat de Jandarmeria Bucure\u0219ti cu 7.000 de lei pentru dep\u0103\u0219irea num\u0103rului de 100 de participan\u021bi. \u00cen [&hellip;]\" \/>\n<meta property=\"og:url\" content=\"https:\/\/buletin.de\/bucuresti\/peste-1000-de-persoane-au-protestat-in-capitala-fata-de-restrictiile-impuse-de-autoritati\/\" \/>\n<meta property=\"og:site_name\" content=\"Buletin de Bucure\u0219ti\" \/>\n<meta property=\"article:publisher\" content=\"https:\/\/www.facebook.com\/buletin.de.buc\" \/>\n<meta property=\"article:published_time\" content=\"2021-03-20T18:53:00+00:00\" \/>\n<meta property=\"og:image\" content=\"https:\/\/buletin.de\/bucuresti\/wp-content\/uploads\/157997369_286466149505126_6485550249307271374_o.jpg\" \/>\n\t<meta property=\"og:image:width\" content=\"2048\" \/>\n\t<meta property=\"og:image:height\" content=\"1536\" \/>\n\t<meta property=\"og:image:type\" content=\"image\/jpeg\" \/>\n<meta name=\"author\" content=\"Florin R\u00e2\u0219teiu\" \/>\n<meta name=\"twitter:card\" content=\"summary_large_image\" \/>\n<meta name=\"twitter:label1\" content=\"Written by\" \/>\n\t<meta name=\"twitter:data1\" content=\"Florin R\u00e2\u0219teiu\" \/>\n\t<meta name=\"twitter:label2\" content=\"Estimated reading time\" \/>\n\t<meta name=\"twitter:data2\" content=\"1 minute\" \/>\n<script type=\"application\/ld+json\" class=\"yoast-schema-graph\">{\"@context\":\"https:\\\/\\\/schema.org\",\"@graph\":[{\"@type\":\"Article\",\"@id\":\"https:\\\/\\\/buletin.de\\\/bucuresti\\\/peste-1000-de-persoane-au-protestat-in-capitala-fata-de-restrictiile-impuse-de-autoritati\\\/#article\",\"isPartOf\":{\"@id\":\"https:\\\/\\\/buletin.de\\\/bucuresti\\\/peste-1000-de-persoane-au-protestat-in-capitala-fata-de-restrictiile-impuse-de-autoritati\\\/\"},\"author\":{\"name\":\"Florin R\u00e2\u0219teiu\",\"@id\":\"https:\\\/\\\/buletin.de\\\/bucuresti\\\/#\\\/schema\\\/person\\\/b0686d7a8b666c6afc78239777fd8a89\"},\"headline\":\"Peste 1000 de persoane au protestat, \u00een Capital\u0103, fa\u021b\u0103 de restric\u021biile impuse de autorit\u0103\u021bi\",\"datePublished\":\"2021-03-20T18:53:00+00:00\",\"mainEntityOfPage\":{\"@id\":\"https:\\\/\\\/buletin.de\\\/bucuresti\\\/peste-1000-de-persoane-au-protestat-in-capitala-fata-de-restrictiile-impuse-de-autoritati\\\/\"},\"wordCount\":264,\"publisher\":{\"@id\":\"https:\\\/\\\/buletin.de\\\/bucuresti\\\/#organization\"},\"image\":{\"@id\":\"https:\\\/\\\/buletin.de\\\/bucuresti\\\/peste-1000-de-persoane-au-protestat-in-capitala-fata-de-restrictiile-impuse-de-autoritati\\\/#primaryimage\"},\"thumbnailUrl\":\"https:\\\/\\\/buletin.de\\\/bucuresti\\\/wp-content\\\/uploads\\\/157997369_286466149505126_6485550249307271374_o.jpg\",\"articleSection\":[\"\u0218tiri\"],\"inLanguage\":\"en-GB\",\"copyrightYear\":\"2021\",\"copyrightHolder\":{\"@id\":\"https:\\\/\\\/buletin.de\\\/bucuresti\\\/#organization\"}},{\"@type\":\"WebPage\",\"@id\":\"https:\\\/\\\/buletin.de\\\/bucuresti\\\/peste-1000-de-persoane-au-protestat-in-capitala-fata-de-restrictiile-impuse-de-autoritati\\\/\",\"url\":\"https:\\\/\\\/buletin.de\\\/bucuresti\\\/peste-1000-de-persoane-au-protestat-in-capitala-fata-de-restrictiile-impuse-de-autoritati\\\/\",\"name\":\"Peste 1000 de persoane au protestat, \u00een Capital\u0103, fa\u021b\u0103 de restric\u021biile impuse de autorit\u0103\u021bi - Buletin de Bucure\u0219ti\",\"isPartOf\":{\"@id\":\"https:\\\/\\\/buletin.de\\\/bucuresti\\\/#website\"},\"primaryImageOfPage\":{\"@id\":\"https:\\\/\\\/buletin.de\\\/bucuresti\\\/peste-1000-de-persoane-au-protestat-in-capitala-fata-de-restrictiile-impuse-de-autoritati\\\/#primaryimage\"},\"image\":{\"@id\":\"https:\\\/\\\/buletin.de\\\/bucuresti\\\/peste-1000-de-persoane-au-protestat-in-capitala-fata-de-restrictiile-impuse-de-autoritati\\\/#primaryimage\"},\"thumbnailUrl\":\"https:\\\/\\\/buletin.de\\\/bucuresti\\\/wp-content\\\/uploads\\\/157997369_286466149505126_6485550249307271374_o.jpg\",\"datePublished\":\"2021-03-20T18:53:00+00:00\",\"breadcrumb\":{\"@id\":\"https:\\\/\\\/buletin.de\\\/bucuresti\\\/peste-1000-de-persoane-au-protestat-in-capitala-fata-de-restrictiile-impuse-de-autoritati\\\/#breadcrumb\"},\"inLanguage\":\"en-GB\",\"potentialAction\":[{\"@type\":\"ReadAction\",\"target\":[\"https:\\\/\\\/buletin.de\\\/bucuresti\\\/peste-1000-de-persoane-au-protestat-in-capitala-fata-de-restrictiile-impuse-de-autoritati\\\/\"]}]},{\"@type\":\"ImageObject\",\"inLanguage\":\"en-GB\",\"@id\":\"https:\\\/\\\/buletin.de\\\/bucuresti\\\/peste-1000-de-persoane-au-protestat-in-capitala-fata-de-restrictiile-impuse-de-autoritati\\\/#primaryimage\",\"url\":\"https:\\\/\\\/buletin.de\\\/bucuresti\\\/wp-content\\\/uploads\\\/157997369_286466149505126_6485550249307271374_o.jpg\",\"contentUrl\":\"https:\\\/\\\/buletin.de\\\/bucuresti\\\/wp-content\\\/uploads\\\/157997369_286466149505126_6485550249307271374_o.jpg\",\"width\":2048,\"height\":1536},{\"@type\":\"BreadcrumbList\",\"@id\":\"https:\\\/\\\/buletin.de\\\/bucuresti\\\/peste-1000-de-persoane-au-protestat-in-capitala-fata-de-restrictiile-impuse-de-autoritati\\\/#breadcrumb\",\"itemListElement\":[{\"@type\":\"ListItem\",\"position\":1,\"name\":\"Acas\u0103\",\"item\":\"https:\\\/\\\/buletin.de\\\/bucuresti\\\/\"},{\"@type\":\"ListItem\",\"position\":2,\"name\":\"Peste 1000 de persoane au protestat, \u00een Capital\u0103, fa\u021b\u0103 de restric\u021biile impuse de autorit\u0103\u021bi\"}]},{\"@type\":\"WebSite\",\"@id\":\"https:\\\/\\\/buletin.de\\\/bucuresti\\\/#website\",\"url\":\"https:\\\/\\\/buletin.de\\\/bucuresti\\\/\",\"name\":\"Buletin de Bucure\u0219ti\",\"description\":\"\u0218tiri \u0219i investiga\u021bii esen\u021biale din capital\u0103\",\"publisher\":{\"@id\":\"https:\\\/\\\/buletin.de\\\/bucuresti\\\/#organization\"},\"potentialAction\":[{\"@type\":\"SearchAction\",\"target\":{\"@type\":\"EntryPoint\",\"urlTemplate\":\"https:\\\/\\\/buletin.de\\\/bucuresti\\\/?s={search_term_string}\"},\"query-input\":{\"@type\":\"PropertyValueSpecification\",\"valueRequired\":true,\"valueName\":\"search_term_string\"}}],\"inLanguage\":\"en-GB\"},{\"@type\":\"Organization\",\"@id\":\"https:\\\/\\\/buletin.de\\\/bucuresti\\\/#organization\",\"name\":\"Buletin de Bucure\u0219ti\",\"url\":\"https:\\\/\\\/buletin.de\\\/bucuresti\\\/\",\"logo\":{\"@type\":\"ImageObject\",\"inLanguage\":\"en-GB\",\"@id\":\"https:\\\/\\\/buletin.de\\\/bucuresti\\\/#\\\/schema\\\/logo\\\/image\\\/\",\"url\":\"https:\\\/\\\/buletin.de\\\/bucuresti\\\/wp-content\\\/uploads\\\/logo-bdb-full-wide-vernil-transparent.png\",\"contentUrl\":\"https:\\\/\\\/buletin.de\\\/bucuresti\\\/wp-content\\\/uploads\\\/logo-bdb-full-wide-vernil-transparent.png\",\"width\":1782,\"height\":626,\"caption\":\"Buletin de Bucure\u0219ti\"},\"image\":{\"@id\":\"https:\\\/\\\/buletin.de\\\/bucuresti\\\/#\\\/schema\\\/logo\\\/image\\\/\"},\"sameAs\":[\"https:\\\/\\\/www.facebook.com\\\/buletin.de.buc\",\"https:\\\/\\\/www.instagram.com\\\/buletinde.bucuresti\\\/\"]},{\"@type\":\"Person\",\"@id\":\"https:\\\/\\\/buletin.de\\\/bucuresti\\\/#\\\/schema\\\/person\\\/b0686d7a8b666c6afc78239777fd8a89\",\"name\":\"Florin R\u00e2\u0219teiu\",\"image\":{\"@type\":\"ImageObject\",\"inLanguage\":\"en-GB\",\"@id\":\"https:\\\/\\\/buletin.de\\\/bucuresti\\\/wp-content\\\/uploads\\\/Florin-Rasteiu-96x96.jpgf0a6fe28453aa12f0a60e4d0a2e3a78c\",\"url\":\"https:\\\/\\\/buletin.de\\\/bucuresti\\\/wp-content\\\/uploads\\\/Florin-Rasteiu-96x96.jpg\",\"contentUrl\":\"https:\\\/\\\/buletin.de\\\/bucuresti\\\/wp-content\\\/uploads\\\/Florin-Rasteiu-96x96.jpg\",\"caption\":\"Florin R\u00e2\u0219teiu\"},\"description\":\"Jurnalist de investiga\u021bie. Lucreaz\u0103 de aproape 6 ani la Buletin de Bucure\u0219ti, unde a publicat articole care scot la suprafa\u021b\u0103 corup\u021bia din Capital\u0103. Analizeaz\u0103 baze de date zilnic \u0219i scoate pove\u0219ti din exceluri pline de cifre. Pune reflectorul pe adev\u0103r cu fiecare ocazie. A c\u00e2\u0219tigat premiul I la categoria Pres\u0103 Local\u0103 \u00een 2025 \u0219i locul al II-lea la aceea\u0219i categorie \u00een 2024 \u00een cadrul Premiilor Superscrieri pentru jurnalism independent.\",\"url\":\"https:\\\/\\\/buletin.de\\\/bucuresti\\\/author\\\/florinrasteiu\\\/\"}]}<\/script>\n<!-- \/ Yoast SEO Premium plugin. -->","yoast_head_json":{"title":"Peste 1000 de persoane au protestat, \u00een Capital\u0103, fa\u021b\u0103 de restric\u021biile impuse de autorit\u0103\u021bi - Buletin de Bucure\u0219ti","robots":{"index":"index","follow":"follow","max-snippet":"max-snippet:-1","max-image-preview":"max-image-preview:large","max-video-preview":"max-video-preview:-1"},"canonical":"https:\/\/buletin.de\/bucuresti\/peste-1000-de-persoane-au-protestat-in-capitala-fata-de-restrictiile-impuse-de-autoritati\/","og_locale":"en_GB","og_type":"article","og_title":"Peste 1000 de persoane au protestat, \u00een Capital\u0103, fa\u021b\u0103 de restric\u021biile impuse de autorit\u0103\u021bi","og_description":"Peste 1000 de manifestan\u021bi au protestat, ast\u0103zi, \u00een Pia\u021ba Victoriei \u0219i Pia\u021ba Universit\u0103\u021bii din Bucure\u0219ti fa\u021b\u0103 de purtarea m\u0103\u0219tii. Participan\u021bii s-au declarat \u00eempotriva UE, flutur\u00e2nd steaguri \u0219i pancarte cu mesaje anti-UE sau \u00eempotriva pa\u0219apoartelor de vaccinare. Organizatorul a fost amendat de Jandarmeria Bucure\u0219ti cu 7.000 de lei pentru dep\u0103\u0219irea num\u0103rului de 100 de participan\u021bi. \u00cen [&hellip;]","og_url":"https:\/\/buletin.de\/bucuresti\/peste-1000-de-persoane-au-protestat-in-capitala-fata-de-restrictiile-impuse-de-autoritati\/","og_site_name":"Buletin de Bucure\u0219ti","article_publisher":"https:\/\/www.facebook.com\/buletin.de.buc","article_published_time":"2021-03-20T18:53:00+00:00","og_image":[{"width":2048,"height":1536,"url":"https:\/\/buletin.de\/bucuresti\/wp-content\/uploads\/157997369_286466149505126_6485550249307271374_o.jpg","type":"image\/jpeg"}],"author":"Florin R\u00e2\u0219teiu","twitter_card":"summary_large_image","twitter_misc":{"Written by":"Florin R\u00e2\u0219teiu","Estimated reading time":"1 minute"},"schema":{"@context":"https:\/\/schema.org","@graph":[{"@type":"Article","@id":"https:\/\/buletin.de\/bucuresti\/peste-1000-de-persoane-au-protestat-in-capitala-fata-de-restrictiile-impuse-de-autoritati\/#article","isPartOf":{"@id":"https:\/\/buletin.de\/bucuresti\/peste-1000-de-persoane-au-protestat-in-capitala-fata-de-restrictiile-impuse-de-autoritati\/"},"author":{"name":"Florin R\u00e2\u0219teiu","@id":"https:\/\/buletin.de\/bucuresti\/#\/schema\/person\/b0686d7a8b666c6afc78239777fd8a89"},"headline":"Peste 1000 de persoane au protestat, \u00een Capital\u0103, fa\u021b\u0103 de restric\u021biile impuse de autorit\u0103\u021bi","datePublished":"2021-03-20T18:53:00+00:00","mainEntityOfPage":{"@id":"https:\/\/buletin.de\/bucuresti\/peste-1000-de-persoane-au-protestat-in-capitala-fata-de-restrictiile-impuse-de-autoritati\/"},"wordCount":264,"publisher":{"@id":"https:\/\/buletin.de\/bucuresti\/#organization"},"image":{"@id":"https:\/\/buletin.de\/bucuresti\/peste-1000-de-persoane-au-protestat-in-capitala-fata-de-restrictiile-impuse-de-autoritati\/#primaryimage"},"thumbnailUrl":"https:\/\/buletin.de\/bucuresti\/wp-content\/uploads\/157997369_286466149505126_6485550249307271374_o.jpg","articleSection":["\u0218tiri"],"inLanguage":"en-GB","copyrightYear":"2021","copyrightHolder":{"@id":"https:\/\/buletin.de\/bucuresti\/#organization"}},{"@type":"WebPage","@id":"https:\/\/buletin.de\/bucuresti\/peste-1000-de-persoane-au-protestat-in-capitala-fata-de-restrictiile-impuse-de-autoritati\/","url":"https:\/\/buletin.de\/bucuresti\/peste-1000-de-persoane-au-protestat-in-capitala-fata-de-restrictiile-impuse-de-autoritati\/","name":"Peste 1000 de persoane au protestat, \u00een Capital\u0103, fa\u021b\u0103 de restric\u021biile impuse de autorit\u0103\u021bi - Buletin de Bucure\u0219ti","isPartOf":{"@id":"https:\/\/buletin.de\/bucuresti\/#website"},"primaryImageOfPage":{"@id":"https:\/\/buletin.de\/bucuresti\/peste-1000-de-persoane-au-protestat-in-capitala-fata-de-restrictiile-impuse-de-autoritati\/#primaryimage"},"image":{"@id":"https:\/\/buletin.de\/bucuresti\/peste-1000-de-persoane-au-protestat-in-capitala-fata-de-restrictiile-impuse-de-autoritati\/#primaryimage"},"thumbnailUrl":"https:\/\/buletin.de\/bucuresti\/wp-content\/uploads\/157997369_286466149505126_6485550249307271374_o.jpg","datePublished":"2021-03-20T18:53:00+00:00","breadcrumb":{"@id":"https:\/\/buletin.de\/bucuresti\/peste-1000-de-persoane-au-protestat-in-capitala-fata-de-restrictiile-impuse-de-autoritati\/#breadcrumb"},"inLanguage":"en-GB","potentialAction":[{"@type":"ReadAction","target":["https:\/\/buletin.de\/bucuresti\/peste-1000-de-persoane-au-protestat-in-capitala-fata-de-restrictiile-impuse-de-autoritati\/"]}]},{"@type":"ImageObject","inLanguage":"en-GB","@id":"https:\/\/buletin.de\/bucuresti\/peste-1000-de-persoane-au-protestat-in-capitala-fata-de-restrictiile-impuse-de-autoritati\/#primaryimage","url":"https:\/\/buletin.de\/bucuresti\/wp-content\/uploads\/157997369_286466149505126_6485550249307271374_o.jpg","contentUrl":"https:\/\/buletin.de\/bucuresti\/wp-content\/uploads\/157997369_286466149505126_6485550249307271374_o.jpg","width":2048,"height":1536},{"@type":"BreadcrumbList","@id":"https:\/\/buletin.de\/bucuresti\/peste-1000-de-persoane-au-protestat-in-capitala-fata-de-restrictiile-impuse-de-autoritati\/#breadcrumb","itemListElement":[{"@type":"ListItem","position":1,"name":"Acas\u0103","item":"https:\/\/buletin.de\/bucuresti\/"},{"@type":"ListItem","position":2,"name":"Peste 1000 de persoane au protestat, \u00een Capital\u0103, fa\u021b\u0103 de restric\u021biile impuse de autorit\u0103\u021bi"}]},{"@type":"WebSite","@id":"https:\/\/buletin.de\/bucuresti\/#website","url":"https:\/\/buletin.de\/bucuresti\/","name":"Buletin de Bucure\u0219ti","description":"\u0218tiri \u0219i investiga\u021bii esen\u021biale din capital\u0103","publisher":{"@id":"https:\/\/buletin.de\/bucuresti\/#organization"},"potentialAction":[{"@type":"SearchAction","target":{"@type":"EntryPoint","urlTemplate":"https:\/\/buletin.de\/bucuresti\/?s={search_term_string}"},"query-input":{"@type":"PropertyValueSpecification","valueRequired":true,"valueName":"search_term_string"}}],"inLanguage":"en-GB"},{"@type":"Organization","@id":"https:\/\/buletin.de\/bucuresti\/#organization","name":"Buletin de Bucure\u0219ti","url":"https:\/\/buletin.de\/bucuresti\/","logo":{"@type":"ImageObject","inLanguage":"en-GB","@id":"https:\/\/buletin.de\/bucuresti\/#\/schema\/logo\/image\/","url":"https:\/\/buletin.de\/bucuresti\/wp-content\/uploads\/logo-bdb-full-wide-vernil-transparent.png","contentUrl":"https:\/\/buletin.de\/bucuresti\/wp-content\/uploads\/logo-bdb-full-wide-vernil-transparent.png","width":1782,"height":626,"caption":"Buletin de Bucure\u0219ti"},"image":{"@id":"https:\/\/buletin.de\/bucuresti\/#\/schema\/logo\/image\/"},"sameAs":["https:\/\/www.facebook.com\/buletin.de.buc","https:\/\/www.instagram.com\/buletinde.bucuresti\/"]},{"@type":"Person","@id":"https:\/\/buletin.de\/bucuresti\/#\/schema\/person\/b0686d7a8b666c6afc78239777fd8a89","name":"Florin R\u00e2\u0219teiu","image":{"@type":"ImageObject","inLanguage":"en-GB","@id":"https:\/\/buletin.de\/bucuresti\/wp-content\/uploads\/Florin-Rasteiu-96x96.jpgf0a6fe28453aa12f0a60e4d0a2e3a78c","url":"https:\/\/buletin.de\/bucuresti\/wp-content\/uploads\/Florin-Rasteiu-96x96.jpg","contentUrl":"https:\/\/buletin.de\/bucuresti\/wp-content\/uploads\/Florin-Rasteiu-96x96.jpg","caption":"Florin R\u00e2\u0219teiu"},"description":"Jurnalist de investiga\u021bie. Lucreaz\u0103 de aproape 6 ani la Buletin de Bucure\u0219ti, unde a publicat articole care scot la suprafa\u021b\u0103 corup\u021bia din Capital\u0103. Analizeaz\u0103 baze de date zilnic \u0219i scoate pove\u0219ti din exceluri pline de cifre. Pune reflectorul pe adev\u0103r cu fiecare ocazie. A c\u00e2\u0219tigat premiul I la categoria Pres\u0103 Local\u0103 \u00een 2025 \u0219i locul al II-lea la aceea\u0219i categorie \u00een 2024 \u00een cadrul Premiilor Superscrieri pentru jurnalism independent.","url":"https:\/\/buletin.de\/bucuresti\/author\/florinrasteiu\/"}]}},"authors":[{"term_id":22576,"user_id":17,"is_guest":0,"slug":"florinrasteiu","display_name":"Florin R\u00e2\u0219teiu","avatar_url":"https:\/\/buletin.de\/bucuresti\/wp-content\/uploads\/Florin-Rasteiu-96x96.jpg","0":null,"1":"","2":"","3":"","4":"","5":"","6":"","7":"","8":""}],"_links":{"self":[{"href":"https:\/\/buletin.de\/bucuresti\/wp-json\/wp\/v2\/posts\/21914","targetHints":{"allow":["GET"]}}],"collection":[{"href":"https:\/\/buletin.de\/bucuresti\/wp-json\/wp\/v2\/posts"}],"about":[{"href":"https:\/\/buletin.de\/bucuresti\/wp-json\/wp\/v2\/types\/post"}],"author":[{"embeddable":true,"href":"https:\/\/buletin.de\/bucuresti\/wp-json\/wp\/v2\/users\/17"}],"replies":[{"embeddable":true,"href":"https:\/\/buletin.de\/bucuresti\/wp-json\/wp\/v2\/comments?post=21914"}],"version-history":[{"count":1,"href":"https:\/\/buletin.de\/bucuresti\/wp-json\/wp\/v2\/posts\/21914\/revisions"}],"predecessor-version":[{"id":21916,"href":"https:\/\/buletin.de\/bucuresti\/wp-json\/wp\/v2\/posts\/21914\/revisions\/21916"}],"wp:featuredmedia":[{"embeddable":true,"href":"https:\/\/buletin.de\/bucuresti\/wp-json\/wp\/v2\/media\/21915"}],"wp:attachment":[{"href":"https:\/\/buletin.de\/bucuresti\/wp-json\/wp\/v2\/media?parent=21914"}],"wp:term":[{"taxonomy":"category","embeddable":true,"href":"https:\/\/buletin.de\/bucuresti\/wp-json\/wp\/v2\/categories?post=21914"},{"taxonomy":"post_tag","embeddable":true,"href":"https:\/\/buletin.de\/bucuresti\/wp-json\/wp\/v2\/tags?post=21914"},{"taxonomy":"author","embeddable":true,"href":"https:\/\/buletin.de\/bucuresti\/wp-json\/wp\/v2\/ppma_author?post=21914"}],"curies":[{"name":"wp","href":"https:\/\/api.w.org\/{rel}","templated":true}]}}