{"id":21912,"date":"2021-03-20T19:39:38","date_gmt":"2021-03-20T16:39:38","guid":{"rendered":"https:\/\/buletin.de\/bucuresti\/?p=21912"},"modified":"2021-03-20T19:39:39","modified_gmt":"2021-03-20T16:39:39","slug":"localitatile-domnesti-jilava-pantelimon-si-voluntari-intra-in-carantina","status":"publish","type":"post","link":"https:\/\/buletin.de\/bucuresti\/localitatile-domnesti-jilava-pantelimon-si-voluntari-intra-in-carantina\/","title":{"rendered":"Localit\u0103\u021bile Domne\u0219ti, Jilava, Pantelimon \u0219i Voluntari intr\u0103 \u00een carantin\u0103"},"content":{"rendered":"\n<p><strong>Comitetul Jude\u021bean pentru Situa\u021bii de Urgen\u021b\u0103 Ilfov a decis ca localit\u0103\u021bile Domne\u0219ti, Pantelimon, Jilava \u0219i Voluntari s\u0103 intre \u00een carantin\u0103 pe o perioad\u0103 de 14 zile, \u00eencep\u00e2nd din aceast\u0103 sear\u0103 de la 22:00. <\/strong><\/p>\n\n\n\n<p>Cele patru localit\u0103\u021bi ilfovene au intrat \u00een carantin\u0103 din cauz\u0103 c\u0103 rata de inciden\u021b\u0103 a infect\u0103rilor din ultimele zile a trecut dep\u0103\u0219it 6\/1000 de locuitori, dup\u0103 cum urmeaz\u0103: <\/p>\n\n\n\n<ul class=\"wp-block-list\"><li><a href=\"https:\/\/if.prefectura.mai.gov.ro\/wp-content\/uploads\/sites\/55\/2021\/03\/Hotararea-CJSU-IF-nr.-38_19.03.2021-propunere-instituire-carantina-Domnesti.pdf\">Domne\u0219ti <\/a>&#8211; 6.98\/1000 de locuitori <\/li><li><a href=\"https:\/\/if.prefectura.mai.gov.ro\/wp-content\/uploads\/sites\/55\/2021\/03\/Hotararea-CJSU-IF-nr.-39_19.03.2021-propunere-instituire-carantina-Jilava.pdf\">Jilava <\/a>&#8211; 6,66\/1000 de locuitori<\/li><li><a href=\"https:\/\/if.prefectura.mai.gov.ro\/wp-content\/uploads\/sites\/55\/2021\/03\/Hotararea-CJSU-IF-nr.-40_19.03.2021-propunere-instituire-carantina-Pantelimon.pdf\">Pantelimon <\/a>&#8211; 6,82\/1000 de locuitori<\/li><li><a href=\"https:\/\/if.prefectura.mai.gov.ro\/wp-content\/uploads\/sites\/55\/2021\/03\/Hotararea-CJSU-IF-nr.-41_19.03.2021-propunere-instituire-carantina-Voluntari.pdf\">Voluntari <\/a>&#8211; 7,43\/1000 de locuitori<\/li><\/ul>\n\n\n\n<p>Pe durata carantinei, este interzis\u0103 intrarea \u0219i ie\u0219irea persoanelor din zona carantinat\u0103, cu excep\u021bia situa\u021biile exceptate prin lege \u2013 deplasare de \u0219i la locul de munc\u0103, \u0219coal\u0103 sau situa\u021bii de urgen\u021b\u0103 \u0219amd. \u00cen toate cazurile, oamenii trebuie s\u0103 aib\u0103 asupra lor declara\u021bii pe proprie r\u0103spundere sau adeverin\u021be de la angajatori.<\/p>\n\n\n\n<p>Toate unit\u0103\u021bile de \u00eenv\u0103\u021b\u0103m\u00e2nt din cele patru localit\u0103\u021bi vor trece la sistemul de educa\u021bie online, indiferent de clas\u0103.<\/p>\n\n\n\n<p>\u00cen acest moment, \u00een Ilfov sunt carantinate 14 localit\u0103\u021bi, dintr-un total de 40 de comune \u0219i ora\u0219e. <\/p>\n\n\n\n<p>Surs\u0103 Foto: Arhiva Buletin de Bucure\u0219ti <\/p>\n","protected":false},"excerpt":{"rendered":"<p>Comitetul Jude\u021bean pentru Situa\u021bii de Urgen\u021b\u0103 Ilfov a decis ca localit\u0103\u021bile Domne\u0219ti, Pantelimon, Jilava \u0219i Voluntari s\u0103 intre \u00een carantin\u0103 pe o perioad\u0103 de 14 zile, \u00eencep\u00e2nd din aceast\u0103 sear\u0103 de la 22:00. Cele patru localit\u0103\u021bi ilfovene au intrat \u00een carantin\u0103 din cauz\u0103 c\u0103 rata de inciden\u021b\u0103 a infect\u0103rilor din ultimele zile a trecut dep\u0103\u0219it [&hellip;]<\/p>\n","protected":false},"author":17,"featured_media":17548,"comment_status":"closed","ping_status":"open","sticky":false,"template":"","format":"standard","meta":{"_acf_changed":false,"inline_featured_image":false,"ngg_post_thumbnail":0,"footnotes":""},"categories":[62],"tags":[],"ppma_author":[22576],"class_list":["post-21912","post","type-post","status-publish","format-standard","has-post-thumbnail","hentry","category-stiri"],"acf":[],"yoast_head":"<!-- This site is optimized with the Yoast SEO Premium plugin v25.3 (Yoast SEO v27.5) - https:\/\/yoast.com\/product\/yoast-seo-premium-wordpress\/ -->\n<title>Localit\u0103\u021bile Domne\u0219ti, Jilava, Pantelimon \u0219i Voluntari intr\u0103 \u00een carantin\u0103 - Buletin de Bucure\u0219ti<\/title>\n<meta name=\"robots\" content=\"index, follow, max-snippet:-1, max-image-preview:large, max-video-preview:-1\" \/>\n<link rel=\"canonical\" href=\"https:\/\/buletin.de\/bucuresti\/localitatile-domnesti-jilava-pantelimon-si-voluntari-intra-in-carantina\/\" \/>\n<meta property=\"og:locale\" content=\"en_GB\" \/>\n<meta property=\"og:type\" content=\"article\" \/>\n<meta property=\"og:title\" content=\"Localit\u0103\u021bile Domne\u0219ti, Jilava, Pantelimon \u0219i Voluntari intr\u0103 \u00een carantin\u0103\" \/>\n<meta property=\"og:description\" content=\"Comitetul Jude\u021bean pentru Situa\u021bii de Urgen\u021b\u0103 Ilfov a decis ca localit\u0103\u021bile Domne\u0219ti, Pantelimon, Jilava \u0219i Voluntari s\u0103 intre \u00een carantin\u0103 pe o perioad\u0103 de 14 zile, \u00eencep\u00e2nd din aceast\u0103 sear\u0103 de la 22:00. Cele patru localit\u0103\u021bi ilfovene au intrat \u00een carantin\u0103 din cauz\u0103 c\u0103 rata de inciden\u021b\u0103 a infect\u0103rilor din ultimele zile a trecut dep\u0103\u0219it [&hellip;]\" \/>\n<meta property=\"og:url\" content=\"https:\/\/buletin.de\/bucuresti\/localitatile-domnesti-jilava-pantelimon-si-voluntari-intra-in-carantina\/\" \/>\n<meta property=\"og:site_name\" content=\"Buletin de Bucure\u0219ti\" \/>\n<meta property=\"article:publisher\" content=\"https:\/\/www.facebook.com\/buletin.de.buc\" \/>\n<meta property=\"article:published_time\" content=\"2021-03-20T16:39:38+00:00\" \/>\n<meta property=\"article:modified_time\" content=\"2021-03-20T16:39:39+00:00\" \/>\n<meta property=\"og:image\" content=\"https:\/\/buletin.de\/bucuresti\/wp-content\/uploads\/Cimitir_Orasenesc-Voluntari5.jpg\" \/>\n\t<meta property=\"og:image:width\" content=\"894\" \/>\n\t<meta property=\"og:image:height\" content=\"503\" \/>\n\t<meta property=\"og:image:type\" content=\"image\/jpeg\" \/>\n<meta name=\"author\" content=\"Florin R\u00e2\u0219teiu\" \/>\n<meta name=\"twitter:card\" content=\"summary_large_image\" \/>\n<meta name=\"twitter:label1\" content=\"Written by\" \/>\n\t<meta name=\"twitter:data1\" content=\"Florin R\u00e2\u0219teiu\" \/>\n\t<meta name=\"twitter:label2\" content=\"Estimated reading time\" \/>\n\t<meta name=\"twitter:data2\" content=\"1 minute\" \/>\n<script type=\"application\/ld+json\" class=\"yoast-schema-graph\">{\"@context\":\"https:\\\/\\\/schema.org\",\"@graph\":[{\"@type\":\"Article\",\"@id\":\"https:\\\/\\\/buletin.de\\\/bucuresti\\\/localitatile-domnesti-jilava-pantelimon-si-voluntari-intra-in-carantina\\\/#article\",\"isPartOf\":{\"@id\":\"https:\\\/\\\/buletin.de\\\/bucuresti\\\/localitatile-domnesti-jilava-pantelimon-si-voluntari-intra-in-carantina\\\/\"},\"author\":{\"name\":\"Florin R\u00e2\u0219teiu\",\"@id\":\"https:\\\/\\\/buletin.de\\\/bucuresti\\\/#\\\/schema\\\/person\\\/b0686d7a8b666c6afc78239777fd8a89\"},\"headline\":\"Localit\u0103\u021bile Domne\u0219ti, Jilava, Pantelimon \u0219i Voluntari intr\u0103 \u00een carantin\u0103\",\"datePublished\":\"2021-03-20T16:39:38+00:00\",\"dateModified\":\"2021-03-20T16:39:39+00:00\",\"mainEntityOfPage\":{\"@id\":\"https:\\\/\\\/buletin.de\\\/bucuresti\\\/localitatile-domnesti-jilava-pantelimon-si-voluntari-intra-in-carantina\\\/\"},\"wordCount\":197,\"publisher\":{\"@id\":\"https:\\\/\\\/buletin.de\\\/bucuresti\\\/#organization\"},\"image\":{\"@id\":\"https:\\\/\\\/buletin.de\\\/bucuresti\\\/localitatile-domnesti-jilava-pantelimon-si-voluntari-intra-in-carantina\\\/#primaryimage\"},\"thumbnailUrl\":\"https:\\\/\\\/buletin.de\\\/bucuresti\\\/wp-content\\\/uploads\\\/Cimitir_Orasenesc-Voluntari5.jpg\",\"articleSection\":[\"\u0218tiri\"],\"inLanguage\":\"en-GB\",\"copyrightYear\":\"2021\",\"copyrightHolder\":{\"@id\":\"https:\\\/\\\/buletin.de\\\/bucuresti\\\/#organization\"}},{\"@type\":\"WebPage\",\"@id\":\"https:\\\/\\\/buletin.de\\\/bucuresti\\\/localitatile-domnesti-jilava-pantelimon-si-voluntari-intra-in-carantina\\\/\",\"url\":\"https:\\\/\\\/buletin.de\\\/bucuresti\\\/localitatile-domnesti-jilava-pantelimon-si-voluntari-intra-in-carantina\\\/\",\"name\":\"Localit\u0103\u021bile Domne\u0219ti, Jilava, Pantelimon \u0219i Voluntari intr\u0103 \u00een carantin\u0103 - Buletin de Bucure\u0219ti\",\"isPartOf\":{\"@id\":\"https:\\\/\\\/buletin.de\\\/bucuresti\\\/#website\"},\"primaryImageOfPage\":{\"@id\":\"https:\\\/\\\/buletin.de\\\/bucuresti\\\/localitatile-domnesti-jilava-pantelimon-si-voluntari-intra-in-carantina\\\/#primaryimage\"},\"image\":{\"@id\":\"https:\\\/\\\/buletin.de\\\/bucuresti\\\/localitatile-domnesti-jilava-pantelimon-si-voluntari-intra-in-carantina\\\/#primaryimage\"},\"thumbnailUrl\":\"https:\\\/\\\/buletin.de\\\/bucuresti\\\/wp-content\\\/uploads\\\/Cimitir_Orasenesc-Voluntari5.jpg\",\"datePublished\":\"2021-03-20T16:39:38+00:00\",\"dateModified\":\"2021-03-20T16:39:39+00:00\",\"breadcrumb\":{\"@id\":\"https:\\\/\\\/buletin.de\\\/bucuresti\\\/localitatile-domnesti-jilava-pantelimon-si-voluntari-intra-in-carantina\\\/#breadcrumb\"},\"inLanguage\":\"en-GB\",\"potentialAction\":[{\"@type\":\"ReadAction\",\"target\":[\"https:\\\/\\\/buletin.de\\\/bucuresti\\\/localitatile-domnesti-jilava-pantelimon-si-voluntari-intra-in-carantina\\\/\"]}]},{\"@type\":\"ImageObject\",\"inLanguage\":\"en-GB\",\"@id\":\"https:\\\/\\\/buletin.de\\\/bucuresti\\\/localitatile-domnesti-jilava-pantelimon-si-voluntari-intra-in-carantina\\\/#primaryimage\",\"url\":\"https:\\\/\\\/buletin.de\\\/bucuresti\\\/wp-content\\\/uploads\\\/Cimitir_Orasenesc-Voluntari5.jpg\",\"contentUrl\":\"https:\\\/\\\/buletin.de\\\/bucuresti\\\/wp-content\\\/uploads\\\/Cimitir_Orasenesc-Voluntari5.jpg\",\"width\":894,\"height\":503},{\"@type\":\"BreadcrumbList\",\"@id\":\"https:\\\/\\\/buletin.de\\\/bucuresti\\\/localitatile-domnesti-jilava-pantelimon-si-voluntari-intra-in-carantina\\\/#breadcrumb\",\"itemListElement\":[{\"@type\":\"ListItem\",\"position\":1,\"name\":\"Acas\u0103\",\"item\":\"https:\\\/\\\/buletin.de\\\/bucuresti\\\/\"},{\"@type\":\"ListItem\",\"position\":2,\"name\":\"Localit\u0103\u021bile Domne\u0219ti, Jilava, Pantelimon \u0219i Voluntari intr\u0103 \u00een carantin\u0103\"}]},{\"@type\":\"WebSite\",\"@id\":\"https:\\\/\\\/buletin.de\\\/bucuresti\\\/#website\",\"url\":\"https:\\\/\\\/buletin.de\\\/bucuresti\\\/\",\"name\":\"Buletin de Bucure\u0219ti\",\"description\":\"\u0218tiri \u0219i investiga\u021bii esen\u021biale din capital\u0103\",\"publisher\":{\"@id\":\"https:\\\/\\\/buletin.de\\\/bucuresti\\\/#organization\"},\"potentialAction\":[{\"@type\":\"SearchAction\",\"target\":{\"@type\":\"EntryPoint\",\"urlTemplate\":\"https:\\\/\\\/buletin.de\\\/bucuresti\\\/?s={search_term_string}\"},\"query-input\":{\"@type\":\"PropertyValueSpecification\",\"valueRequired\":true,\"valueName\":\"search_term_string\"}}],\"inLanguage\":\"en-GB\"},{\"@type\":\"Organization\",\"@id\":\"https:\\\/\\\/buletin.de\\\/bucuresti\\\/#organization\",\"name\":\"Buletin de Bucure\u0219ti\",\"url\":\"https:\\\/\\\/buletin.de\\\/bucuresti\\\/\",\"logo\":{\"@type\":\"ImageObject\",\"inLanguage\":\"en-GB\",\"@id\":\"https:\\\/\\\/buletin.de\\\/bucuresti\\\/#\\\/schema\\\/logo\\\/image\\\/\",\"url\":\"https:\\\/\\\/buletin.de\\\/bucuresti\\\/wp-content\\\/uploads\\\/logo-bdb-full-wide-vernil-transparent.png\",\"contentUrl\":\"https:\\\/\\\/buletin.de\\\/bucuresti\\\/wp-content\\\/uploads\\\/logo-bdb-full-wide-vernil-transparent.png\",\"width\":1782,\"height\":626,\"caption\":\"Buletin de Bucure\u0219ti\"},\"image\":{\"@id\":\"https:\\\/\\\/buletin.de\\\/bucuresti\\\/#\\\/schema\\\/logo\\\/image\\\/\"},\"sameAs\":[\"https:\\\/\\\/www.facebook.com\\\/buletin.de.buc\",\"https:\\\/\\\/www.instagram.com\\\/buletinde.bucuresti\\\/\"]},{\"@type\":\"Person\",\"@id\":\"https:\\\/\\\/buletin.de\\\/bucuresti\\\/#\\\/schema\\\/person\\\/b0686d7a8b666c6afc78239777fd8a89\",\"name\":\"Florin R\u00e2\u0219teiu\",\"image\":{\"@type\":\"ImageObject\",\"inLanguage\":\"en-GB\",\"@id\":\"https:\\\/\\\/buletin.de\\\/bucuresti\\\/wp-content\\\/uploads\\\/Florin-Rasteiu-96x96.jpgf0a6fe28453aa12f0a60e4d0a2e3a78c\",\"url\":\"https:\\\/\\\/buletin.de\\\/bucuresti\\\/wp-content\\\/uploads\\\/Florin-Rasteiu-96x96.jpg\",\"contentUrl\":\"https:\\\/\\\/buletin.de\\\/bucuresti\\\/wp-content\\\/uploads\\\/Florin-Rasteiu-96x96.jpg\",\"caption\":\"Florin R\u00e2\u0219teiu\"},\"description\":\"Jurnalist de investiga\u021bie. Lucreaz\u0103 de aproape 6 ani la Buletin de Bucure\u0219ti, unde a publicat articole care scot la suprafa\u021b\u0103 corup\u021bia din Capital\u0103. Analizeaz\u0103 baze de date zilnic \u0219i scoate pove\u0219ti din exceluri pline de cifre. Pune reflectorul pe adev\u0103r cu fiecare ocazie. A c\u00e2\u0219tigat premiul I la categoria Pres\u0103 Local\u0103 \u00een 2025 \u0219i locul al II-lea la aceea\u0219i categorie \u00een 2024 \u00een cadrul Premiilor Superscrieri pentru jurnalism independent.\",\"url\":\"https:\\\/\\\/buletin.de\\\/bucuresti\\\/author\\\/florinrasteiu\\\/\"}]}<\/script>\n<!-- \/ Yoast SEO Premium plugin. -->","yoast_head_json":{"title":"Localit\u0103\u021bile Domne\u0219ti, Jilava, Pantelimon \u0219i Voluntari intr\u0103 \u00een carantin\u0103 - Buletin de Bucure\u0219ti","robots":{"index":"index","follow":"follow","max-snippet":"max-snippet:-1","max-image-preview":"max-image-preview:large","max-video-preview":"max-video-preview:-1"},"canonical":"https:\/\/buletin.de\/bucuresti\/localitatile-domnesti-jilava-pantelimon-si-voluntari-intra-in-carantina\/","og_locale":"en_GB","og_type":"article","og_title":"Localit\u0103\u021bile Domne\u0219ti, Jilava, Pantelimon \u0219i Voluntari intr\u0103 \u00een carantin\u0103","og_description":"Comitetul Jude\u021bean pentru Situa\u021bii de Urgen\u021b\u0103 Ilfov a decis ca localit\u0103\u021bile Domne\u0219ti, Pantelimon, Jilava \u0219i Voluntari s\u0103 intre \u00een carantin\u0103 pe o perioad\u0103 de 14 zile, \u00eencep\u00e2nd din aceast\u0103 sear\u0103 de la 22:00. Cele patru localit\u0103\u021bi ilfovene au intrat \u00een carantin\u0103 din cauz\u0103 c\u0103 rata de inciden\u021b\u0103 a infect\u0103rilor din ultimele zile a trecut dep\u0103\u0219it [&hellip;]","og_url":"https:\/\/buletin.de\/bucuresti\/localitatile-domnesti-jilava-pantelimon-si-voluntari-intra-in-carantina\/","og_site_name":"Buletin de Bucure\u0219ti","article_publisher":"https:\/\/www.facebook.com\/buletin.de.buc","article_published_time":"2021-03-20T16:39:38+00:00","article_modified_time":"2021-03-20T16:39:39+00:00","og_image":[{"width":894,"height":503,"url":"https:\/\/buletin.de\/bucuresti\/wp-content\/uploads\/Cimitir_Orasenesc-Voluntari5.jpg","type":"image\/jpeg"}],"author":"Florin R\u00e2\u0219teiu","twitter_card":"summary_large_image","twitter_misc":{"Written by":"Florin R\u00e2\u0219teiu","Estimated reading time":"1 minute"},"schema":{"@context":"https:\/\/schema.org","@graph":[{"@type":"Article","@id":"https:\/\/buletin.de\/bucuresti\/localitatile-domnesti-jilava-pantelimon-si-voluntari-intra-in-carantina\/#article","isPartOf":{"@id":"https:\/\/buletin.de\/bucuresti\/localitatile-domnesti-jilava-pantelimon-si-voluntari-intra-in-carantina\/"},"author":{"name":"Florin R\u00e2\u0219teiu","@id":"https:\/\/buletin.de\/bucuresti\/#\/schema\/person\/b0686d7a8b666c6afc78239777fd8a89"},"headline":"Localit\u0103\u021bile Domne\u0219ti, Jilava, Pantelimon \u0219i Voluntari intr\u0103 \u00een carantin\u0103","datePublished":"2021-03-20T16:39:38+00:00","dateModified":"2021-03-20T16:39:39+00:00","mainEntityOfPage":{"@id":"https:\/\/buletin.de\/bucuresti\/localitatile-domnesti-jilava-pantelimon-si-voluntari-intra-in-carantina\/"},"wordCount":197,"publisher":{"@id":"https:\/\/buletin.de\/bucuresti\/#organization"},"image":{"@id":"https:\/\/buletin.de\/bucuresti\/localitatile-domnesti-jilava-pantelimon-si-voluntari-intra-in-carantina\/#primaryimage"},"thumbnailUrl":"https:\/\/buletin.de\/bucuresti\/wp-content\/uploads\/Cimitir_Orasenesc-Voluntari5.jpg","articleSection":["\u0218tiri"],"inLanguage":"en-GB","copyrightYear":"2021","copyrightHolder":{"@id":"https:\/\/buletin.de\/bucuresti\/#organization"}},{"@type":"WebPage","@id":"https:\/\/buletin.de\/bucuresti\/localitatile-domnesti-jilava-pantelimon-si-voluntari-intra-in-carantina\/","url":"https:\/\/buletin.de\/bucuresti\/localitatile-domnesti-jilava-pantelimon-si-voluntari-intra-in-carantina\/","name":"Localit\u0103\u021bile Domne\u0219ti, Jilava, Pantelimon \u0219i Voluntari intr\u0103 \u00een carantin\u0103 - Buletin de Bucure\u0219ti","isPartOf":{"@id":"https:\/\/buletin.de\/bucuresti\/#website"},"primaryImageOfPage":{"@id":"https:\/\/buletin.de\/bucuresti\/localitatile-domnesti-jilava-pantelimon-si-voluntari-intra-in-carantina\/#primaryimage"},"image":{"@id":"https:\/\/buletin.de\/bucuresti\/localitatile-domnesti-jilava-pantelimon-si-voluntari-intra-in-carantina\/#primaryimage"},"thumbnailUrl":"https:\/\/buletin.de\/bucuresti\/wp-content\/uploads\/Cimitir_Orasenesc-Voluntari5.jpg","datePublished":"2021-03-20T16:39:38+00:00","dateModified":"2021-03-20T16:39:39+00:00","breadcrumb":{"@id":"https:\/\/buletin.de\/bucuresti\/localitatile-domnesti-jilava-pantelimon-si-voluntari-intra-in-carantina\/#breadcrumb"},"inLanguage":"en-GB","potentialAction":[{"@type":"ReadAction","target":["https:\/\/buletin.de\/bucuresti\/localitatile-domnesti-jilava-pantelimon-si-voluntari-intra-in-carantina\/"]}]},{"@type":"ImageObject","inLanguage":"en-GB","@id":"https:\/\/buletin.de\/bucuresti\/localitatile-domnesti-jilava-pantelimon-si-voluntari-intra-in-carantina\/#primaryimage","url":"https:\/\/buletin.de\/bucuresti\/wp-content\/uploads\/Cimitir_Orasenesc-Voluntari5.jpg","contentUrl":"https:\/\/buletin.de\/bucuresti\/wp-content\/uploads\/Cimitir_Orasenesc-Voluntari5.jpg","width":894,"height":503},{"@type":"BreadcrumbList","@id":"https:\/\/buletin.de\/bucuresti\/localitatile-domnesti-jilava-pantelimon-si-voluntari-intra-in-carantina\/#breadcrumb","itemListElement":[{"@type":"ListItem","position":1,"name":"Acas\u0103","item":"https:\/\/buletin.de\/bucuresti\/"},{"@type":"ListItem","position":2,"name":"Localit\u0103\u021bile Domne\u0219ti, Jilava, Pantelimon \u0219i Voluntari intr\u0103 \u00een carantin\u0103"}]},{"@type":"WebSite","@id":"https:\/\/buletin.de\/bucuresti\/#website","url":"https:\/\/buletin.de\/bucuresti\/","name":"Buletin de Bucure\u0219ti","description":"\u0218tiri \u0219i investiga\u021bii esen\u021biale din capital\u0103","publisher":{"@id":"https:\/\/buletin.de\/bucuresti\/#organization"},"potentialAction":[{"@type":"SearchAction","target":{"@type":"EntryPoint","urlTemplate":"https:\/\/buletin.de\/bucuresti\/?s={search_term_string}"},"query-input":{"@type":"PropertyValueSpecification","valueRequired":true,"valueName":"search_term_string"}}],"inLanguage":"en-GB"},{"@type":"Organization","@id":"https:\/\/buletin.de\/bucuresti\/#organization","name":"Buletin de Bucure\u0219ti","url":"https:\/\/buletin.de\/bucuresti\/","logo":{"@type":"ImageObject","inLanguage":"en-GB","@id":"https:\/\/buletin.de\/bucuresti\/#\/schema\/logo\/image\/","url":"https:\/\/buletin.de\/bucuresti\/wp-content\/uploads\/logo-bdb-full-wide-vernil-transparent.png","contentUrl":"https:\/\/buletin.de\/bucuresti\/wp-content\/uploads\/logo-bdb-full-wide-vernil-transparent.png","width":1782,"height":626,"caption":"Buletin de Bucure\u0219ti"},"image":{"@id":"https:\/\/buletin.de\/bucuresti\/#\/schema\/logo\/image\/"},"sameAs":["https:\/\/www.facebook.com\/buletin.de.buc","https:\/\/www.instagram.com\/buletinde.bucuresti\/"]},{"@type":"Person","@id":"https:\/\/buletin.de\/bucuresti\/#\/schema\/person\/b0686d7a8b666c6afc78239777fd8a89","name":"Florin R\u00e2\u0219teiu","image":{"@type":"ImageObject","inLanguage":"en-GB","@id":"https:\/\/buletin.de\/bucuresti\/wp-content\/uploads\/Florin-Rasteiu-96x96.jpgf0a6fe28453aa12f0a60e4d0a2e3a78c","url":"https:\/\/buletin.de\/bucuresti\/wp-content\/uploads\/Florin-Rasteiu-96x96.jpg","contentUrl":"https:\/\/buletin.de\/bucuresti\/wp-content\/uploads\/Florin-Rasteiu-96x96.jpg","caption":"Florin R\u00e2\u0219teiu"},"description":"Jurnalist de investiga\u021bie. Lucreaz\u0103 de aproape 6 ani la Buletin de Bucure\u0219ti, unde a publicat articole care scot la suprafa\u021b\u0103 corup\u021bia din Capital\u0103. Analizeaz\u0103 baze de date zilnic \u0219i scoate pove\u0219ti din exceluri pline de cifre. Pune reflectorul pe adev\u0103r cu fiecare ocazie. A c\u00e2\u0219tigat premiul I la categoria Pres\u0103 Local\u0103 \u00een 2025 \u0219i locul al II-lea la aceea\u0219i categorie \u00een 2024 \u00een cadrul Premiilor Superscrieri pentru jurnalism independent.","url":"https:\/\/buletin.de\/bucuresti\/author\/florinrasteiu\/"}]}},"authors":[{"term_id":22576,"user_id":17,"is_guest":0,"slug":"florinrasteiu","display_name":"Florin R\u00e2\u0219teiu","avatar_url":"https:\/\/buletin.de\/bucuresti\/wp-content\/uploads\/Florin-Rasteiu-96x96.jpg","0":null,"1":"","2":"","3":"","4":"","5":"","6":"","7":"","8":""}],"_links":{"self":[{"href":"https:\/\/buletin.de\/bucuresti\/wp-json\/wp\/v2\/posts\/21912","targetHints":{"allow":["GET"]}}],"collection":[{"href":"https:\/\/buletin.de\/bucuresti\/wp-json\/wp\/v2\/posts"}],"about":[{"href":"https:\/\/buletin.de\/bucuresti\/wp-json\/wp\/v2\/types\/post"}],"author":[{"embeddable":true,"href":"https:\/\/buletin.de\/bucuresti\/wp-json\/wp\/v2\/users\/17"}],"replies":[{"embeddable":true,"href":"https:\/\/buletin.de\/bucuresti\/wp-json\/wp\/v2\/comments?post=21912"}],"version-history":[{"count":1,"href":"https:\/\/buletin.de\/bucuresti\/wp-json\/wp\/v2\/posts\/21912\/revisions"}],"predecessor-version":[{"id":21913,"href":"https:\/\/buletin.de\/bucuresti\/wp-json\/wp\/v2\/posts\/21912\/revisions\/21913"}],"wp:featuredmedia":[{"embeddable":true,"href":"https:\/\/buletin.de\/bucuresti\/wp-json\/wp\/v2\/media\/17548"}],"wp:attachment":[{"href":"https:\/\/buletin.de\/bucuresti\/wp-json\/wp\/v2\/media?parent=21912"}],"wp:term":[{"taxonomy":"category","embeddable":true,"href":"https:\/\/buletin.de\/bucuresti\/wp-json\/wp\/v2\/categories?post=21912"},{"taxonomy":"post_tag","embeddable":true,"href":"https:\/\/buletin.de\/bucuresti\/wp-json\/wp\/v2\/tags?post=21912"},{"taxonomy":"author","embeddable":true,"href":"https:\/\/buletin.de\/bucuresti\/wp-json\/wp\/v2\/ppma_author?post=21912"}],"curies":[{"name":"wp","href":"https:\/\/api.w.org\/{rel}","templated":true}]}}