{"id":21871,"date":"2021-03-19T18:17:51","date_gmt":"2021-03-19T15:17:51","guid":{"rendered":"https:\/\/buletin.de\/bucuresti\/?p=21871"},"modified":"2021-03-19T18:17:52","modified_gmt":"2021-03-19T15:17:52","slug":"trenul-metropolitan-bucuresti","status":"publish","type":"post","link":"https:\/\/buletin.de\/bucuresti\/trenul-metropolitan-bucuresti\/","title":{"rendered":"Trenul metropolitan din jurul Bucure\u0219tiului, un proiect de 530 de milioane de euro"},"content":{"rendered":"\n<p><strong>Nou\u0103 proiecte \u00een valoare de aproximativ 530 de milioane de euro ar urma s\u0103 rezolve problema traficului din Bucure\u0219ti, prin realizarea proiectului trenului metropolitan.<\/strong><\/p>\n\n\n\n<p>Traseul trenului metropolitan ar urma s\u0103 fie creat pe infrastructura deja existent\u0103 a C\u0103ilor Ferate Rom\u00e2ne (CFR), a anun\u021bat vineri primarul general al Capitalei, Nicu\u0219or Dan.<\/p>\n\n\n\n<p>\u201dPentru realizarea trenului metropolitan pe infrastructura existent\u0103 a CFR, am propus finan\u021barea prin PNRR a 9 proiecte complementare, 8 dintre ele dedicate moderniz\u0103rii celor 8 linii de cale ferat\u0103 \u0219i unul dedicat achizi\u021biei de trenuri. Lucr\u0103rile de modernizare a c\u0103ilor ferate includ repara\u021bii capitale ale \u0219inelor, reabilitarea sta\u021biilor existente \u0219i construirea de noi sta\u021bii, modernizarea trecerilor la nivel, pasaje rutiere, electrificarea liniilor, iar \u00een privin\u021ba mijloacelor de transport avem \u00een vedere achizi\u021bia a 50 de trenuri electrice\u201d, a scris primarul Bucure\u0219tiului <a href=\"https:\/\/www.facebook.com\/NicusorDan.ro\/posts\/3809162499161335\" target=\"_blank\" rel=\"noreferrer noopener\">\u00eentr-o postare pe Facebook.<\/a><\/p>\n\n\n\n<p>Cum vor fi \u00eemp\u0103r\u021bite cele opt tronsoane:<\/p>\n\n\n\n<ul class=\"wp-block-list\"><li>Primul tronson: Gara Obor \u2013 Chiajna \u2013 Gara de Vest;<\/li><li>Al doilea tronson: Gara de Nord\/Basarab \u2013 Gara de Vest \u2013 Progresul;<\/li><li>Tronsonul 3: Gara de Vest \u2013 Sta\u021bia Vasile Milea;<\/li><li>Tronsonul 4: Gara de Nord \u2013 Chitila \u2013 Scrovi\u0219tea;<\/li><li>Tronsonul 5: Gara Obor \u2013 Br\u0103ne\u0219ti \u2013 Islaz;<\/li><li>Tronsonul 6: Gara de Nord \u2013 Chiajna \u2013 Gr\u0103dinari;<\/li><li>Tronsonul 7: Gara de Nord \u2013 Mogo\u0219oaia \u2013 Gr\u0103di\u0219tea;<\/li><li>Tronsonul 8: Gara de Nord \u2013 S\u0103b\u0103reni.<\/li><\/ul>\n\n\n\n<p>\u201dValoarea total\u0103 a acestor 9 proiecte este de circa 530 de milioane de euro, iar \u00een realizarea trenului metropolitan vom colabora cu Ministerul Transporturilor, cu Consiliul Jude\u021bean Ilfov \u0219i cu prim\u0103riile mai multor localit\u0103\u021bi \u00eenvecinate Capitalei. E o investi\u021bie de mare anvergur\u0103, care va avea un impact pozitiv at\u00e2t asupra mobilit\u0103\u021bii \u00een Bucure\u0219ti \u0219i Ilfov, c\u00e2t \u0219i asupra calit\u0103\u021bii mediului\u201d, a mai precizat Nicu\u0219or Dan.<\/p>\n","protected":false},"excerpt":{"rendered":"<p>Nou\u0103 proiecte \u00een valoare de aproximativ 530 de milioane de euro ar urma s\u0103 rezolve problema traficului din Bucure\u0219ti, prin realizarea proiectului trenului metropolitan. Traseul trenului metropolitan ar urma s\u0103 fie creat pe infrastructura deja existent\u0103 a C\u0103ilor Ferate Rom\u00e2ne (CFR), a anun\u021bat vineri primarul general al Capitalei, Nicu\u0219or Dan. \u201dPentru realizarea trenului metropolitan pe [&hellip;]<\/p>\n","protected":false},"author":25,"featured_media":21874,"comment_status":"closed","ping_status":"open","sticky":false,"template":"","format":"standard","meta":{"_acf_changed":false,"inline_featured_image":false,"ngg_post_thumbnail":0,"footnotes":""},"categories":[24,62],"tags":[9,223,276,2412],"ppma_author":[22597],"class_list":["post-21871","post","type-post","status-publish","format-standard","has-post-thumbnail","hentry","category-primarie","category-stiri","tag-bucuresti","tag-nicusor-dan","tag-primaria-bucuresti","tag-trenul-metropolitan"],"acf":[],"yoast_head":"<!-- This site is optimized with the Yoast SEO Premium plugin v25.3 (Yoast SEO v27.4) - https:\/\/yoast.com\/product\/yoast-seo-premium-wordpress\/ -->\n<title>Trenul metropolitan din jurul Bucure\u0219tiului, un proiect de 530 de milioane de euro - Buletin de Bucure\u0219ti<\/title>\n<meta name=\"description\" content=\"Trenul metropolitan din jurul Bucure\u0219tiului, un proiect de 530 de milioane de euro\" \/>\n<meta name=\"robots\" content=\"index, follow, max-snippet:-1, max-image-preview:large, max-video-preview:-1\" \/>\n<link rel=\"canonical\" href=\"https:\/\/buletin.de\/bucuresti\/trenul-metropolitan-bucuresti\/\" \/>\n<meta property=\"og:locale\" content=\"en_GB\" \/>\n<meta property=\"og:type\" content=\"article\" \/>\n<meta property=\"og:title\" content=\"Trenul metropolitan din jurul Bucure\u0219tiului, un proiect de 530 de milioane de euro\" \/>\n<meta property=\"og:description\" content=\"Trenul metropolitan din jurul Bucure\u0219tiului, un proiect de 530 de milioane de euro\" \/>\n<meta property=\"og:url\" content=\"https:\/\/buletin.de\/bucuresti\/trenul-metropolitan-bucuresti\/\" \/>\n<meta property=\"og:site_name\" content=\"Buletin de Bucure\u0219ti\" \/>\n<meta property=\"article:publisher\" content=\"https:\/\/www.facebook.com\/buletin.de.buc\" \/>\n<meta property=\"article:published_time\" content=\"2021-03-19T15:17:51+00:00\" \/>\n<meta property=\"article:modified_time\" content=\"2021-03-19T15:17:52+00:00\" \/>\n<meta property=\"og:image\" content=\"https:\/\/buletin.de\/bucuresti\/wp-content\/uploads\/trenul-metropolitan.jpg\" \/>\n\t<meta property=\"og:image:width\" content=\"1000\" \/>\n\t<meta property=\"og:image:height\" content=\"1000\" \/>\n\t<meta property=\"og:image:type\" content=\"image\/jpeg\" \/>\n<meta name=\"author\" content=\"Ana Tudor\" \/>\n<meta name=\"twitter:card\" content=\"summary_large_image\" \/>\n<meta name=\"twitter:label1\" content=\"Written by\" \/>\n\t<meta name=\"twitter:data1\" content=\"Ana Tudor\" \/>\n\t<meta name=\"twitter:label2\" content=\"Estimated reading time\" \/>\n\t<meta name=\"twitter:data2\" content=\"2 minutes\" \/>\n<script type=\"application\/ld+json\" class=\"yoast-schema-graph\">{\"@context\":\"https:\\\/\\\/schema.org\",\"@graph\":[{\"@type\":\"Article\",\"@id\":\"https:\\\/\\\/buletin.de\\\/bucuresti\\\/trenul-metropolitan-bucuresti\\\/#article\",\"isPartOf\":{\"@id\":\"https:\\\/\\\/buletin.de\\\/bucuresti\\\/trenul-metropolitan-bucuresti\\\/\"},\"author\":{\"name\":\"Ana Tudor\",\"@id\":\"https:\\\/\\\/buletin.de\\\/bucuresti\\\/#\\\/schema\\\/person\\\/8ce85bbda5515a1abb525993294155a8\"},\"headline\":\"Trenul metropolitan din jurul Bucure\u0219tiului, un proiect de 530 de milioane de euro\",\"datePublished\":\"2021-03-19T15:17:51+00:00\",\"dateModified\":\"2021-03-19T15:17:52+00:00\",\"mainEntityOfPage\":{\"@id\":\"https:\\\/\\\/buletin.de\\\/bucuresti\\\/trenul-metropolitan-bucuresti\\\/\"},\"wordCount\":305,\"publisher\":{\"@id\":\"https:\\\/\\\/buletin.de\\\/bucuresti\\\/#organization\"},\"image\":{\"@id\":\"https:\\\/\\\/buletin.de\\\/bucuresti\\\/trenul-metropolitan-bucuresti\\\/#primaryimage\"},\"thumbnailUrl\":\"https:\\\/\\\/buletin.de\\\/bucuresti\\\/wp-content\\\/uploads\\\/trenul-metropolitan.jpg\",\"keywords\":[\"bucuresti\",\"nicusor dan\",\"primaria bucuresti\",\"trenul metropolitan\"],\"articleSection\":[\"Prim\u0103rie\",\"\u0218tiri\"],\"inLanguage\":\"en-GB\",\"copyrightYear\":\"2021\",\"copyrightHolder\":{\"@id\":\"https:\\\/\\\/buletin.de\\\/bucuresti\\\/#organization\"}},{\"@type\":\"WebPage\",\"@id\":\"https:\\\/\\\/buletin.de\\\/bucuresti\\\/trenul-metropolitan-bucuresti\\\/\",\"url\":\"https:\\\/\\\/buletin.de\\\/bucuresti\\\/trenul-metropolitan-bucuresti\\\/\",\"name\":\"Trenul metropolitan din jurul Bucure\u0219tiului, un proiect de 530 de milioane de euro - Buletin de Bucure\u0219ti\",\"isPartOf\":{\"@id\":\"https:\\\/\\\/buletin.de\\\/bucuresti\\\/#website\"},\"primaryImageOfPage\":{\"@id\":\"https:\\\/\\\/buletin.de\\\/bucuresti\\\/trenul-metropolitan-bucuresti\\\/#primaryimage\"},\"image\":{\"@id\":\"https:\\\/\\\/buletin.de\\\/bucuresti\\\/trenul-metropolitan-bucuresti\\\/#primaryimage\"},\"thumbnailUrl\":\"https:\\\/\\\/buletin.de\\\/bucuresti\\\/wp-content\\\/uploads\\\/trenul-metropolitan.jpg\",\"datePublished\":\"2021-03-19T15:17:51+00:00\",\"dateModified\":\"2021-03-19T15:17:52+00:00\",\"description\":\"Trenul metropolitan din jurul Bucure\u0219tiului, un proiect de 530 de milioane de euro\",\"breadcrumb\":{\"@id\":\"https:\\\/\\\/buletin.de\\\/bucuresti\\\/trenul-metropolitan-bucuresti\\\/#breadcrumb\"},\"inLanguage\":\"en-GB\",\"potentialAction\":[{\"@type\":\"ReadAction\",\"target\":[\"https:\\\/\\\/buletin.de\\\/bucuresti\\\/trenul-metropolitan-bucuresti\\\/\"]}]},{\"@type\":\"ImageObject\",\"inLanguage\":\"en-GB\",\"@id\":\"https:\\\/\\\/buletin.de\\\/bucuresti\\\/trenul-metropolitan-bucuresti\\\/#primaryimage\",\"url\":\"https:\\\/\\\/buletin.de\\\/bucuresti\\\/wp-content\\\/uploads\\\/trenul-metropolitan.jpg\",\"contentUrl\":\"https:\\\/\\\/buletin.de\\\/bucuresti\\\/wp-content\\\/uploads\\\/trenul-metropolitan.jpg\",\"width\":1000,\"height\":1000},{\"@type\":\"BreadcrumbList\",\"@id\":\"https:\\\/\\\/buletin.de\\\/bucuresti\\\/trenul-metropolitan-bucuresti\\\/#breadcrumb\",\"itemListElement\":[{\"@type\":\"ListItem\",\"position\":1,\"name\":\"Acas\u0103\",\"item\":\"https:\\\/\\\/buletin.de\\\/bucuresti\\\/\"},{\"@type\":\"ListItem\",\"position\":2,\"name\":\"Trenul metropolitan din jurul Bucure\u0219tiului, un proiect de 530 de milioane de euro\"}]},{\"@type\":\"WebSite\",\"@id\":\"https:\\\/\\\/buletin.de\\\/bucuresti\\\/#website\",\"url\":\"https:\\\/\\\/buletin.de\\\/bucuresti\\\/\",\"name\":\"Buletin de Bucure\u0219ti\",\"description\":\"\u0218tiri \u0219i investiga\u021bii esen\u021biale din capital\u0103\",\"publisher\":{\"@id\":\"https:\\\/\\\/buletin.de\\\/bucuresti\\\/#organization\"},\"potentialAction\":[{\"@type\":\"SearchAction\",\"target\":{\"@type\":\"EntryPoint\",\"urlTemplate\":\"https:\\\/\\\/buletin.de\\\/bucuresti\\\/?s={search_term_string}\"},\"query-input\":{\"@type\":\"PropertyValueSpecification\",\"valueRequired\":true,\"valueName\":\"search_term_string\"}}],\"inLanguage\":\"en-GB\"},{\"@type\":\"Organization\",\"@id\":\"https:\\\/\\\/buletin.de\\\/bucuresti\\\/#organization\",\"name\":\"Buletin de Bucure\u0219ti\",\"url\":\"https:\\\/\\\/buletin.de\\\/bucuresti\\\/\",\"logo\":{\"@type\":\"ImageObject\",\"inLanguage\":\"en-GB\",\"@id\":\"https:\\\/\\\/buletin.de\\\/bucuresti\\\/#\\\/schema\\\/logo\\\/image\\\/\",\"url\":\"https:\\\/\\\/buletin.de\\\/bucuresti\\\/wp-content\\\/uploads\\\/logo-bdb-full-wide-vernil-transparent.png\",\"contentUrl\":\"https:\\\/\\\/buletin.de\\\/bucuresti\\\/wp-content\\\/uploads\\\/logo-bdb-full-wide-vernil-transparent.png\",\"width\":1782,\"height\":626,\"caption\":\"Buletin de Bucure\u0219ti\"},\"image\":{\"@id\":\"https:\\\/\\\/buletin.de\\\/bucuresti\\\/#\\\/schema\\\/logo\\\/image\\\/\"},\"sameAs\":[\"https:\\\/\\\/www.facebook.com\\\/buletin.de.buc\",\"https:\\\/\\\/www.instagram.com\\\/buletinde.bucuresti\\\/\"]},{\"@type\":\"Person\",\"@id\":\"https:\\\/\\\/buletin.de\\\/bucuresti\\\/#\\\/schema\\\/person\\\/8ce85bbda5515a1abb525993294155a8\",\"name\":\"Ana Tudor\",\"image\":{\"@type\":\"ImageObject\",\"inLanguage\":\"en-GB\",\"@id\":\"https:\\\/\\\/secure.gravatar.com\\\/avatar\\\/390c40e2d9367046adb10d832317e3f5fb181fdecb236cb1a8187477756ae24a?s=96&d=monsterid&r=g0f86ad5d6b77046fd61bd633bbfa4a29\",\"url\":\"https:\\\/\\\/secure.gravatar.com\\\/avatar\\\/390c40e2d9367046adb10d832317e3f5fb181fdecb236cb1a8187477756ae24a?s=96&d=monsterid&r=g\",\"contentUrl\":\"https:\\\/\\\/secure.gravatar.com\\\/avatar\\\/390c40e2d9367046adb10d832317e3f5fb181fdecb236cb1a8187477756ae24a?s=96&d=monsterid&r=g\",\"caption\":\"Ana Tudor\"},\"url\":\"https:\\\/\\\/buletin.de\\\/bucuresti\\\/author\\\/anamaria\\\/\"}]}<\/script>\n<!-- \/ Yoast SEO Premium plugin. -->","yoast_head_json":{"title":"Trenul metropolitan din jurul Bucure\u0219tiului, un proiect de 530 de milioane de euro - Buletin de Bucure\u0219ti","description":"Trenul metropolitan din jurul Bucure\u0219tiului, un proiect de 530 de milioane de euro","robots":{"index":"index","follow":"follow","max-snippet":"max-snippet:-1","max-image-preview":"max-image-preview:large","max-video-preview":"max-video-preview:-1"},"canonical":"https:\/\/buletin.de\/bucuresti\/trenul-metropolitan-bucuresti\/","og_locale":"en_GB","og_type":"article","og_title":"Trenul metropolitan din jurul Bucure\u0219tiului, un proiect de 530 de milioane de euro","og_description":"Trenul metropolitan din jurul Bucure\u0219tiului, un proiect de 530 de milioane de euro","og_url":"https:\/\/buletin.de\/bucuresti\/trenul-metropolitan-bucuresti\/","og_site_name":"Buletin de Bucure\u0219ti","article_publisher":"https:\/\/www.facebook.com\/buletin.de.buc","article_published_time":"2021-03-19T15:17:51+00:00","article_modified_time":"2021-03-19T15:17:52+00:00","og_image":[{"width":1000,"height":1000,"url":"https:\/\/buletin.de\/bucuresti\/wp-content\/uploads\/trenul-metropolitan.jpg","type":"image\/jpeg"}],"author":"Ana Tudor","twitter_card":"summary_large_image","twitter_misc":{"Written by":"Ana Tudor","Estimated reading time":"2 minutes"},"schema":{"@context":"https:\/\/schema.org","@graph":[{"@type":"Article","@id":"https:\/\/buletin.de\/bucuresti\/trenul-metropolitan-bucuresti\/#article","isPartOf":{"@id":"https:\/\/buletin.de\/bucuresti\/trenul-metropolitan-bucuresti\/"},"author":{"name":"Ana Tudor","@id":"https:\/\/buletin.de\/bucuresti\/#\/schema\/person\/8ce85bbda5515a1abb525993294155a8"},"headline":"Trenul metropolitan din jurul Bucure\u0219tiului, un proiect de 530 de milioane de euro","datePublished":"2021-03-19T15:17:51+00:00","dateModified":"2021-03-19T15:17:52+00:00","mainEntityOfPage":{"@id":"https:\/\/buletin.de\/bucuresti\/trenul-metropolitan-bucuresti\/"},"wordCount":305,"publisher":{"@id":"https:\/\/buletin.de\/bucuresti\/#organization"},"image":{"@id":"https:\/\/buletin.de\/bucuresti\/trenul-metropolitan-bucuresti\/#primaryimage"},"thumbnailUrl":"https:\/\/buletin.de\/bucuresti\/wp-content\/uploads\/trenul-metropolitan.jpg","keywords":["bucuresti","nicusor dan","primaria bucuresti","trenul metropolitan"],"articleSection":["Prim\u0103rie","\u0218tiri"],"inLanguage":"en-GB","copyrightYear":"2021","copyrightHolder":{"@id":"https:\/\/buletin.de\/bucuresti\/#organization"}},{"@type":"WebPage","@id":"https:\/\/buletin.de\/bucuresti\/trenul-metropolitan-bucuresti\/","url":"https:\/\/buletin.de\/bucuresti\/trenul-metropolitan-bucuresti\/","name":"Trenul metropolitan din jurul Bucure\u0219tiului, un proiect de 530 de milioane de euro - Buletin de Bucure\u0219ti","isPartOf":{"@id":"https:\/\/buletin.de\/bucuresti\/#website"},"primaryImageOfPage":{"@id":"https:\/\/buletin.de\/bucuresti\/trenul-metropolitan-bucuresti\/#primaryimage"},"image":{"@id":"https:\/\/buletin.de\/bucuresti\/trenul-metropolitan-bucuresti\/#primaryimage"},"thumbnailUrl":"https:\/\/buletin.de\/bucuresti\/wp-content\/uploads\/trenul-metropolitan.jpg","datePublished":"2021-03-19T15:17:51+00:00","dateModified":"2021-03-19T15:17:52+00:00","description":"Trenul metropolitan din jurul Bucure\u0219tiului, un proiect de 530 de milioane de euro","breadcrumb":{"@id":"https:\/\/buletin.de\/bucuresti\/trenul-metropolitan-bucuresti\/#breadcrumb"},"inLanguage":"en-GB","potentialAction":[{"@type":"ReadAction","target":["https:\/\/buletin.de\/bucuresti\/trenul-metropolitan-bucuresti\/"]}]},{"@type":"ImageObject","inLanguage":"en-GB","@id":"https:\/\/buletin.de\/bucuresti\/trenul-metropolitan-bucuresti\/#primaryimage","url":"https:\/\/buletin.de\/bucuresti\/wp-content\/uploads\/trenul-metropolitan.jpg","contentUrl":"https:\/\/buletin.de\/bucuresti\/wp-content\/uploads\/trenul-metropolitan.jpg","width":1000,"height":1000},{"@type":"BreadcrumbList","@id":"https:\/\/buletin.de\/bucuresti\/trenul-metropolitan-bucuresti\/#breadcrumb","itemListElement":[{"@type":"ListItem","position":1,"name":"Acas\u0103","item":"https:\/\/buletin.de\/bucuresti\/"},{"@type":"ListItem","position":2,"name":"Trenul metropolitan din jurul Bucure\u0219tiului, un proiect de 530 de milioane de euro"}]},{"@type":"WebSite","@id":"https:\/\/buletin.de\/bucuresti\/#website","url":"https:\/\/buletin.de\/bucuresti\/","name":"Buletin de Bucure\u0219ti","description":"\u0218tiri \u0219i investiga\u021bii esen\u021biale din capital\u0103","publisher":{"@id":"https:\/\/buletin.de\/bucuresti\/#organization"},"potentialAction":[{"@type":"SearchAction","target":{"@type":"EntryPoint","urlTemplate":"https:\/\/buletin.de\/bucuresti\/?s={search_term_string}"},"query-input":{"@type":"PropertyValueSpecification","valueRequired":true,"valueName":"search_term_string"}}],"inLanguage":"en-GB"},{"@type":"Organization","@id":"https:\/\/buletin.de\/bucuresti\/#organization","name":"Buletin de Bucure\u0219ti","url":"https:\/\/buletin.de\/bucuresti\/","logo":{"@type":"ImageObject","inLanguage":"en-GB","@id":"https:\/\/buletin.de\/bucuresti\/#\/schema\/logo\/image\/","url":"https:\/\/buletin.de\/bucuresti\/wp-content\/uploads\/logo-bdb-full-wide-vernil-transparent.png","contentUrl":"https:\/\/buletin.de\/bucuresti\/wp-content\/uploads\/logo-bdb-full-wide-vernil-transparent.png","width":1782,"height":626,"caption":"Buletin de Bucure\u0219ti"},"image":{"@id":"https:\/\/buletin.de\/bucuresti\/#\/schema\/logo\/image\/"},"sameAs":["https:\/\/www.facebook.com\/buletin.de.buc","https:\/\/www.instagram.com\/buletinde.bucuresti\/"]},{"@type":"Person","@id":"https:\/\/buletin.de\/bucuresti\/#\/schema\/person\/8ce85bbda5515a1abb525993294155a8","name":"Ana Tudor","image":{"@type":"ImageObject","inLanguage":"en-GB","@id":"https:\/\/secure.gravatar.com\/avatar\/390c40e2d9367046adb10d832317e3f5fb181fdecb236cb1a8187477756ae24a?s=96&d=monsterid&r=g0f86ad5d6b77046fd61bd633bbfa4a29","url":"https:\/\/secure.gravatar.com\/avatar\/390c40e2d9367046adb10d832317e3f5fb181fdecb236cb1a8187477756ae24a?s=96&d=monsterid&r=g","contentUrl":"https:\/\/secure.gravatar.com\/avatar\/390c40e2d9367046adb10d832317e3f5fb181fdecb236cb1a8187477756ae24a?s=96&d=monsterid&r=g","caption":"Ana Tudor"},"url":"https:\/\/buletin.de\/bucuresti\/author\/anamaria\/"}]}},"authors":[{"term_id":22597,"user_id":25,"is_guest":0,"slug":"anamaria","display_name":"Ana Tudor","avatar_url":"https:\/\/secure.gravatar.com\/avatar\/390c40e2d9367046adb10d832317e3f5fb181fdecb236cb1a8187477756ae24a?s=96&d=monsterid&r=g","0":null,"1":"","2":"","3":"","4":"","5":"","6":"","7":"","8":""}],"_links":{"self":[{"href":"https:\/\/buletin.de\/bucuresti\/wp-json\/wp\/v2\/posts\/21871","targetHints":{"allow":["GET"]}}],"collection":[{"href":"https:\/\/buletin.de\/bucuresti\/wp-json\/wp\/v2\/posts"}],"about":[{"href":"https:\/\/buletin.de\/bucuresti\/wp-json\/wp\/v2\/types\/post"}],"author":[{"embeddable":true,"href":"https:\/\/buletin.de\/bucuresti\/wp-json\/wp\/v2\/users\/25"}],"replies":[{"embeddable":true,"href":"https:\/\/buletin.de\/bucuresti\/wp-json\/wp\/v2\/comments?post=21871"}],"version-history":[{"count":1,"href":"https:\/\/buletin.de\/bucuresti\/wp-json\/wp\/v2\/posts\/21871\/revisions"}],"predecessor-version":[{"id":21876,"href":"https:\/\/buletin.de\/bucuresti\/wp-json\/wp\/v2\/posts\/21871\/revisions\/21876"}],"wp:featuredmedia":[{"embeddable":true,"href":"https:\/\/buletin.de\/bucuresti\/wp-json\/wp\/v2\/media\/21874"}],"wp:attachment":[{"href":"https:\/\/buletin.de\/bucuresti\/wp-json\/wp\/v2\/media?parent=21871"}],"wp:term":[{"taxonomy":"category","embeddable":true,"href":"https:\/\/buletin.de\/bucuresti\/wp-json\/wp\/v2\/categories?post=21871"},{"taxonomy":"post_tag","embeddable":true,"href":"https:\/\/buletin.de\/bucuresti\/wp-json\/wp\/v2\/tags?post=21871"},{"taxonomy":"author","embeddable":true,"href":"https:\/\/buletin.de\/bucuresti\/wp-json\/wp\/v2\/ppma_author?post=21871"}],"curies":[{"name":"wp","href":"https:\/\/api.w.org\/{rel}","templated":true}]}}