{"id":216283,"date":"2026-09-06T17:08:16","date_gmt":"2026-09-06T14:08:16","guid":{"rendered":"https:\/\/buletin.de\/bucuresti\/?p=216283"},"modified":"2026-09-06T17:08:17","modified_gmt":"2026-09-06T14:08:17","slug":"incendiu-in-gara-buftea-o-locomotiva-a-unui-tren-de-marfa-a-fost-cuprinsa-de-flacari-club-feroviar","status":"publish","type":"post","link":"https:\/\/buletin.de\/bucuresti\/incendiu-in-gara-buftea-o-locomotiva-a-unui-tren-de-marfa-a-fost-cuprinsa-de-flacari-club-feroviar\/","title":{"rendered":"Incendiu \u00een gara Buftea. O locomotiv\u0103 a unui tren de marf\u0103 a fost cuprins\u0103 de fl\u0103c\u0103ri | Club Feroviar"},"content":{"rendered":"\n<p class=\"wp-block-paragraph\"><strong>O locomotiv\u0103 a unui tren de marf\u0103 a fost cuprins\u0103 de fl\u0103c\u0103ri, \u00een dup\u0103-amiaza zilei de duminic\u0103, \u00een Gara Buftea. Locomotiva, DA 929 a Carpatica Feroviar Rom\u00e2nia, alimentat\u0103 cu motorin\u0103, a ars \u00een totalitate, conform informa\u021biilor transmise de <a href=\"https:\/\/clubferoviar.ro\/incendiu-in-gara-buftea-pompieri\/\" data-type=\"link\" data-id=\"https:\/\/clubferoviar.ro\/incendiu-in-gara-buftea-pompieri\/\">Club Feroviar<\/a>. <\/strong><\/p>\n\n\n\n<p class=\"wp-block-paragraph\">\u00cen urma acestui incident, pompierii Inspectoratului pentru Situa\u021bii de Urgen\u021b\u0103 Bucure\u0219ti-Ilfov au intervenit la fa\u021ba locului cu patru autospeciale de stingere cu ap\u0103 \u0219i spum\u0103 (ASAS). Dintre acestea, una este de capacitate sporit\u0103. De asemenea, \u00een gara Vuftea a ajuns \u0219i o autospecial\u0103 de prim\u0103 interven\u021bie \u0219i comand\u0103.<\/p>\n\n\n\n<p class=\"wp-block-paragraph\">Trenul transport\u0103 piatr\u0103 spart\u0103.<\/p>\n\n\n\n<p class=\"wp-block-paragraph\"><strong>CITE\u0218TE \u0218I <a href=\"https:\/\/buletin.de\/bucuresti\/m6-otopeni-structura-de-rezistenta-pe-sectiunea-sud-este-aproape-gata-sfanta-maria-mai-are-sub-500-de-metri-pana-la-statia-expozitiei\/\" data-type=\"post\" data-id=\"216136\">M6 Otopeni | Structura de rezisten\u021b\u0103 pe sec\u021biunea sud este aproape gata. \u201eSf\u00e2nta Maria\u201d mai are sub 500 de metri p\u00e2n\u0103 la sta\u021bia Expozi\u021biei<\/a><\/strong><\/p>\n\n\n\n<h2 id=\"h-linia-de-contact-scoasa-de-sub-tensiune\" class=\"wp-block-heading\">Linia de contact, scoas\u0103 de sub tensiune<\/h2>\n\n\n\n<p class=\"wp-block-paragraph\">Conform informa\u021biilor transmise de Compania Na\u021bional\u0103 de C\u0103i Ferate \u201dCFR\u201d \u2013 SA, incidentul s-a produs \u00een jurul orei 14:40. Pentru a permite interven\u021bia pompierilor \u00een condi\u021bii sigure, a fost nevoie ca linia de contact s\u0103 fie scoas\u0103 temporar de sub tensiune, \u00eentre Peri\u0219 \u2013 Chitila , pe ambele fire de circula\u021bie. <\/p>\n\n\n\n<p class=\"wp-block-paragraph\">Astfel c\u0103, circula\u021bia feroviar\u0103 \u00eentre sta\u021biile men\u021bionate anterior a fost afectat\u0103 p\u00e2n\u0103 la finalizarea interven\u021biei. La fa\u021ba locului au intervenit \u0219i echipe ale CFR S.A., care urm\u0103resc evolu\u021bia situa\u021biei \u0219i care vor efectua verific\u0103rile necesare \u00eenainte de reluarea circula\u021biei \u00een condi\u021bii normale.<\/p>\n\n\n\n<p class=\"wp-block-paragraph\"><strong>\u00centregul material pe <a href=\"https:\/\/clubferoviar.ro\/incendiu-in-gara-buftea-pompieri\/\" target=\"_blank\" rel=\"noreferrer noopener\">Club Feroviar<\/a>.<\/strong><\/p>\n\n\n\n<p class=\"wp-block-paragraph\"><strong>CITE\u0218TE \u0218I <a href=\"https:\/\/buletin.de\/bucuresti\/la-noapte-se-redeschide-circulatia-pe-pasajul-basarab-dupa-aproape-trei-luni-de-lucrari-tramvaiele-revin-de-luni-odata-cu-inceperea-scolii\/\" data-type=\"post\" data-id=\"216275\">La noapte se redeschide circula\u021bia pe Pasajul Basarab, dup\u0103 aproape trei luni de lucr\u0103ri. Tramvaiele revin de luni, odat\u0103 cu \u00eenceperea \u0219colii<\/a><\/strong><\/p>\n\n\n\n<h2 id=\"h-intarzieri-de-peste-80-000-de-minute-pentru-trenurile-din-gara-de-nord-in-ultimul-an\" class=\"wp-block-heading\">\u00cent\u00e2rzieri de peste 80.000 de minute pentru trenurile din Gara de Nord, \u00een ultimul an<\/h2>\n\n\n\n<p class=\"wp-block-paragraph\">Trenurile \u00eendrumate de Regionala C\u0103i Ferate Bucure\u0219ti au \u00eenregistrat, \u00een ultimul an, \u00eent\u00e2rzieri de peste 390.000 de minute, echivalentul a circa nou\u0103 luni. Numai la nivelul G\u0103rii de Nord, s-au \u00eenregistrat \u00eent\u00e2rzieri de peste 80.800 de minute, adic\u0103 circa 56 de zile, potrivit informa\u021biilor transmise de CFR Infrastructur\u0103 pentru Buletin de Bucure\u0219ti.<\/p>\n\n\n\n<p class=\"wp-block-paragraph\"><em>\u201e\u00cen perioada 01.08.2025 \u2013 01.08.2026, trenurile \u00eendrumate din sta\u021bia CF\u00a0 Bucure\u0219ti Nord au \u00eenregistrat, cumulat,<strong>\u00a0<\/strong><mark style=\"background-color:rgba(0, 0, 0, 0)\" class=\"has-inline-color has-vivid-red-color\"><strong>80.858 de minute de \u00eent\u00e2rziere<\/strong>.<\/mark><\/em><\/p>\n\n\n\n<p class=\"wp-block-paragraph\"><em>Pe raza de activitate a SRCF Bucure\u0219ti au fost \u00eenregistrate, \u00een perioada 01.08.2025 \u2013 01.08.2026,<strong>\u00a0<mark style=\"background-color:rgba(0, 0, 0, 0)\" class=\"has-inline-color has-vivid-red-color\">392.649 de minute de \u00eent\u00e2rziere<\/mark><\/strong>.\u201d<\/em>, a transmis Compania Na\u021bional\u0103 de C\u0103i Ferate CFR S.A., la solicitarea\u00a0<strong>Buletin de Bucure\u0219ti.<\/strong><\/p>\n\n\n\n<p class=\"wp-block-paragraph\"><strong>Un calcul simplu arat\u0103 c\u0103 cele 392.649 de minute de \u00eent\u00e2rziere \u00eenregistrate la nivelul \u00eentregii regionale reprezint\u0103 circa 272 zile, 16 ore \u0219i 9 minute, echivalentul a aproximativ nou\u0103 luni.<\/strong><\/p>\n\n\n\n<p class=\"wp-block-paragraph\">Restric\u021biile de vitez\u0103 au fost principala cauz\u0103 pentru care s-au \u00eenregistrat \u00eent\u00e2rzieri\u00a0la \u00eendrumarea \u00een circula\u021bie\u00a0(87.695 de minute), urmate de lucr\u0103rile de modernizare, (79.469 de minute), a transmis CFR Infrastructur\u0103. Mai mult detalii \u00een pot fi citite <strong><a href=\"https:\/\/buletin.de\/bucuresti\/trenurile-indrumate-din-gara-de-nord-au-inregistrat-intarzieri-de-peste-80-000-de-minute-in-ultimul-an-aproape-noua-luni-de-intarziere-la-nivelul-intregii-regionale-bucuresti\/\" data-type=\"link\" data-id=\"https:\/\/buletin.de\/bucuresti\/trenurile-indrumate-din-gara-de-nord-au-inregistrat-intarzieri-de-peste-80-000-de-minute-in-ultimul-an-aproape-noua-luni-de-intarziere-la-nivelul-intregii-regionale-bucuresti\/\">AICI<\/a><\/strong>. <\/p>\n\n\n\n<p class=\"wp-block-paragraph\"><strong>CITE\u0218TE \u0218I <a href=\"https:\/\/buletin.de\/bucuresti\/tarom-intrerupe-zborurile-din-bucuresti-catre-belgrad-la-finalul-lunii-octombrie-cursa-a-intrat-in-portofoliul-operatorului-in-urma-cu-17-ani\/\" data-type=\"post\" data-id=\"216217\">TAROM \u00eentrerupe zborurile din Bucure\u0219ti c\u0103tre Belgrad la finalul lunii octombrie. Cursa a intrat \u00een portofoliul operatorului \u00een urm\u0103 cu 17 ani<\/a><br><\/strong><\/p>\n","protected":false},"excerpt":{"rendered":"<p>O locomotiv\u0103 a unui tren de marf\u0103 a fost cuprins\u0103 de fl\u0103c\u0103ri, \u00een dup\u0103-amiaza zilei de duminic\u0103, \u00een Gara Buftea. Locomotiva, DA 929 a Carpatica Feroviar Rom\u00e2nia, alimentat\u0103 cu motorin\u0103, a ars \u00een totalitate, conform informa\u021biilor transmise de Club Feroviar. \u00cen urma acestui incident, pompierii Inspectoratului pentru Situa\u021bii de Urgen\u021b\u0103 Bucure\u0219ti-Ilfov au intervenit la fa\u021ba [&hellip;]<\/p>\n","protected":false},"author":1,"featured_media":216285,"comment_status":"closed","ping_status":"open","sticky":false,"template":"","format":"standard","meta":{"_acf_changed":false,"inline_featured_image":false,"ngg_post_thumbnail":0,"footnotes":""},"categories":[6994,5762,650],"tags":[599,30656,341,30657,22754],"ppma_author":[22583],"class_list":["post-216283","post","type-post","status-publish","format-standard","has-post-thumbnail","hentry","category-stiri-2","category-main","category-transport","tag-cfr","tag-gara-buftea","tag-incendiu","tag-locomotiva-cuprinsa-de-flacari","tag-marfar"],"acf":[],"a3_pvc":{"activated":false,"total_views":0,"today_views":0},"yoast_head":"<!-- This site is optimized with the Yoast SEO Premium plugin v28.0 (Yoast SEO v28.4) - https:\/\/yoast.com\/product\/yoast-seo-premium-wordpress\/ -->\n<title>Incendiu \u00een gara Buftea. O locomotiv\u0103 a unui tren de marf\u0103 a fost cuprins\u0103 de fl\u0103c\u0103ri | Club Feroviar - Buletin de Bucure\u0219ti<\/title>\n<meta name=\"description\" content=\"O locomotiv\u0103 a unui tren de marf\u0103 a fost cuprins\u0103 de fl\u0103c\u0103ri, \u00een dup\u0103-amiaza zilei de duminic\u0103, \u00een Gara Buftea.\" \/>\n<meta name=\"robots\" content=\"index, follow, max-snippet:-1, max-image-preview:large, max-video-preview:-1\" \/>\n<link rel=\"canonical\" href=\"https:\/\/buletin.de\/bucuresti\/incendiu-in-gara-buftea-o-locomotiva-a-unui-tren-de-marfa-a-fost-cuprinsa-de-flacari-club-feroviar\/\" \/>\n<meta property=\"og:locale\" content=\"en_GB\" \/>\n<meta property=\"og:type\" content=\"article\" \/>\n<meta property=\"og:title\" content=\"Incendiu \u00een gara Buftea. O locomotiv\u0103 a unui tren de marf\u0103 a fost cuprins\u0103 de fl\u0103c\u0103ri | Club Feroviar\" \/>\n<meta property=\"og:description\" content=\"O locomotiv\u0103 a unui tren de marf\u0103 a fost cuprins\u0103 de fl\u0103c\u0103ri, \u00een dup\u0103-amiaza zilei de duminic\u0103, \u00een Gara Buftea.\" \/>\n<meta property=\"og:url\" content=\"https:\/\/buletin.de\/bucuresti\/incendiu-in-gara-buftea-o-locomotiva-a-unui-tren-de-marfa-a-fost-cuprinsa-de-flacari-club-feroviar\/\" \/>\n<meta property=\"og:site_name\" content=\"Buletin de Bucure\u0219ti\" \/>\n<meta property=\"article:publisher\" content=\"https:\/\/www.facebook.com\/buletin.de.buc\" \/>\n<meta property=\"article:published_time\" content=\"2026-09-06T14:08:16+00:00\" \/>\n<meta property=\"article:modified_time\" content=\"2026-09-06T14:08:17+00:00\" \/>\n<meta property=\"og:image\" content=\"https:\/\/buletin.de\/bucuresti\/wp-content\/uploads\/2026\/09\/Incendiu-gara-buftea.jpg\" \/>\n\t<meta property=\"og:image:width\" content=\"1920\" \/>\n\t<meta property=\"og:image:height\" content=\"1080\" \/>\n\t<meta property=\"og:image:type\" content=\"image\/jpeg\" \/>\n<meta name=\"author\" content=\"Redac\u021bia Buletin de Bucure\u0219ti\" \/>\n<meta name=\"twitter:card\" content=\"summary_large_image\" \/>\n<meta name=\"twitter:label1\" content=\"Written by\" \/>\n\t<meta name=\"twitter:data1\" content=\"Redac\u021bia Buletin de Bucure\u0219ti\" \/>\n\t<meta name=\"twitter:label2\" content=\"Estimated reading time\" \/>\n\t<meta name=\"twitter:data2\" content=\"3 minutes\" \/>\n<script type=\"application\/ld+json\" class=\"yoast-schema-graph\">{\"@context\":\"https:\\\/\\\/schema.org\",\"@graph\":[{\"@type\":\"Article\",\"@id\":\"https:\\\/\\\/buletin.de\\\/bucuresti\\\/incendiu-in-gara-buftea-o-locomotiva-a-unui-tren-de-marfa-a-fost-cuprinsa-de-flacari-club-feroviar\\\/#article\",\"isPartOf\":{\"@id\":\"https:\\\/\\\/buletin.de\\\/bucuresti\\\/incendiu-in-gara-buftea-o-locomotiva-a-unui-tren-de-marfa-a-fost-cuprinsa-de-flacari-club-feroviar\\\/\"},\"author\":{\"name\":\"Redac\u021bia Buletin de Bucure\u0219ti\",\"@id\":\"https:\\\/\\\/buletin.de\\\/bucuresti\\\/#\\\/schema\\\/person\\\/2bbcf854e5f2419a13804af574d06ab1\"},\"headline\":\"Incendiu \u00een gara Buftea. O locomotiv\u0103 a unui tren de marf\u0103 a fost cuprins\u0103 de fl\u0103c\u0103ri | Club Feroviar\",\"datePublished\":\"2026-09-06T14:08:16+00:00\",\"dateModified\":\"2026-09-06T14:08:17+00:00\",\"mainEntityOfPage\":{\"@id\":\"https:\\\/\\\/buletin.de\\\/bucuresti\\\/incendiu-in-gara-buftea-o-locomotiva-a-unui-tren-de-marfa-a-fost-cuprinsa-de-flacari-club-feroviar\\\/\"},\"wordCount\":517,\"publisher\":{\"@id\":\"https:\\\/\\\/buletin.de\\\/bucuresti\\\/#organization\"},\"image\":{\"@id\":\"https:\\\/\\\/buletin.de\\\/bucuresti\\\/incendiu-in-gara-buftea-o-locomotiva-a-unui-tren-de-marfa-a-fost-cuprinsa-de-flacari-club-feroviar\\\/#primaryimage\"},\"thumbnailUrl\":\"https:\\\/\\\/buletin.de\\\/bucuresti\\\/wp-content\\\/uploads\\\/2026\\\/09\\\/Incendiu-gara-buftea.jpg\",\"keywords\":[\"cfr\",\"gara Buftea\",\"incendiu\",\"locomotiv\u0103 cuprins\u0103 de fl\u0103c\u0103ri\",\"marfar\"],\"articleSection\":[\"Articole\",\"Main\",\"Transport\"],\"inLanguage\":\"en-GB\",\"copyrightYear\":\"2026\",\"copyrightHolder\":{\"@id\":\"https:\\\/\\\/buletin.de\\\/bucuresti\\\/#organization\"}},{\"@type\":\"WebPage\",\"@id\":\"https:\\\/\\\/buletin.de\\\/bucuresti\\\/incendiu-in-gara-buftea-o-locomotiva-a-unui-tren-de-marfa-a-fost-cuprinsa-de-flacari-club-feroviar\\\/\",\"url\":\"https:\\\/\\\/buletin.de\\\/bucuresti\\\/incendiu-in-gara-buftea-o-locomotiva-a-unui-tren-de-marfa-a-fost-cuprinsa-de-flacari-club-feroviar\\\/\",\"name\":\"Incendiu \u00een gara Buftea. O locomotiv\u0103 a unui tren de marf\u0103 a fost cuprins\u0103 de fl\u0103c\u0103ri | Club Feroviar - Buletin de Bucure\u0219ti\",\"isPartOf\":{\"@id\":\"https:\\\/\\\/buletin.de\\\/bucuresti\\\/#website\"},\"primaryImageOfPage\":{\"@id\":\"https:\\\/\\\/buletin.de\\\/bucuresti\\\/incendiu-in-gara-buftea-o-locomotiva-a-unui-tren-de-marfa-a-fost-cuprinsa-de-flacari-club-feroviar\\\/#primaryimage\"},\"image\":{\"@id\":\"https:\\\/\\\/buletin.de\\\/bucuresti\\\/incendiu-in-gara-buftea-o-locomotiva-a-unui-tren-de-marfa-a-fost-cuprinsa-de-flacari-club-feroviar\\\/#primaryimage\"},\"thumbnailUrl\":\"https:\\\/\\\/buletin.de\\\/bucuresti\\\/wp-content\\\/uploads\\\/2026\\\/09\\\/Incendiu-gara-buftea.jpg\",\"datePublished\":\"2026-09-06T14:08:16+00:00\",\"dateModified\":\"2026-09-06T14:08:17+00:00\",\"description\":\"O locomotiv\u0103 a unui tren de marf\u0103 a fost cuprins\u0103 de fl\u0103c\u0103ri, \u00een dup\u0103-amiaza zilei de duminic\u0103, \u00een Gara Buftea.\",\"breadcrumb\":{\"@id\":\"https:\\\/\\\/buletin.de\\\/bucuresti\\\/incendiu-in-gara-buftea-o-locomotiva-a-unui-tren-de-marfa-a-fost-cuprinsa-de-flacari-club-feroviar\\\/#breadcrumb\"},\"inLanguage\":\"en-GB\",\"potentialAction\":[{\"@type\":\"ReadAction\",\"target\":[\"https:\\\/\\\/buletin.de\\\/bucuresti\\\/incendiu-in-gara-buftea-o-locomotiva-a-unui-tren-de-marfa-a-fost-cuprinsa-de-flacari-club-feroviar\\\/\"]}]},{\"@type\":\"ImageObject\",\"inLanguage\":\"en-GB\",\"@id\":\"https:\\\/\\\/buletin.de\\\/bucuresti\\\/incendiu-in-gara-buftea-o-locomotiva-a-unui-tren-de-marfa-a-fost-cuprinsa-de-flacari-club-feroviar\\\/#primaryimage\",\"url\":\"https:\\\/\\\/buletin.de\\\/bucuresti\\\/wp-content\\\/uploads\\\/2026\\\/09\\\/Incendiu-gara-buftea.jpg\",\"contentUrl\":\"https:\\\/\\\/buletin.de\\\/bucuresti\\\/wp-content\\\/uploads\\\/2026\\\/09\\\/Incendiu-gara-buftea.jpg\",\"width\":1920,\"height\":1080,\"caption\":\"Surs\u0103 foto: Club Feroviar\"},{\"@type\":\"BreadcrumbList\",\"@id\":\"https:\\\/\\\/buletin.de\\\/bucuresti\\\/incendiu-in-gara-buftea-o-locomotiva-a-unui-tren-de-marfa-a-fost-cuprinsa-de-flacari-club-feroviar\\\/#breadcrumb\",\"itemListElement\":[{\"@type\":\"ListItem\",\"position\":1,\"name\":\"Acas\u0103\",\"item\":\"https:\\\/\\\/buletin.de\\\/bucuresti\\\/\"},{\"@type\":\"ListItem\",\"position\":2,\"name\":\"Incendiu \u00een gara Buftea. O locomotiv\u0103 a unui tren de marf\u0103 a fost cuprins\u0103 de fl\u0103c\u0103ri | Club Feroviar\"}]},{\"@type\":\"WebSite\",\"@id\":\"https:\\\/\\\/buletin.de\\\/bucuresti\\\/#website\",\"url\":\"https:\\\/\\\/buletin.de\\\/bucuresti\\\/\",\"name\":\"Buletin de Bucure\u0219ti\",\"description\":\"\u0218tiri \u0219i investiga\u021bii esen\u021biale din capital\u0103\",\"publisher\":{\"@id\":\"https:\\\/\\\/buletin.de\\\/bucuresti\\\/#organization\"},\"potentialAction\":[{\"@type\":\"SearchAction\",\"target\":{\"@type\":\"EntryPoint\",\"urlTemplate\":\"https:\\\/\\\/buletin.de\\\/bucuresti\\\/?s={search_term_string}\"},\"query-input\":{\"@type\":\"PropertyValueSpecification\",\"valueRequired\":true,\"valueName\":\"search_term_string\"}}],\"inLanguage\":\"en-GB\"},{\"@type\":\"Organization\",\"@id\":\"https:\\\/\\\/buletin.de\\\/bucuresti\\\/#organization\",\"name\":\"Buletin de Bucure\u0219ti\",\"url\":\"https:\\\/\\\/buletin.de\\\/bucuresti\\\/\",\"logo\":{\"@type\":\"ImageObject\",\"inLanguage\":\"en-GB\",\"@id\":\"https:\\\/\\\/buletin.de\\\/bucuresti\\\/#\\\/schema\\\/logo\\\/image\\\/\",\"url\":\"https:\\\/\\\/buletin.de\\\/bucuresti\\\/wp-content\\\/uploads\\\/logo-bdb-full-wide-vernil-transparent.png\",\"contentUrl\":\"https:\\\/\\\/buletin.de\\\/bucuresti\\\/wp-content\\\/uploads\\\/logo-bdb-full-wide-vernil-transparent.png\",\"width\":1782,\"height\":626,\"caption\":\"Buletin de Bucure\u0219ti\"},\"image\":{\"@id\":\"https:\\\/\\\/buletin.de\\\/bucuresti\\\/#\\\/schema\\\/logo\\\/image\\\/\"},\"sameAs\":[\"https:\\\/\\\/www.facebook.com\\\/buletin.de.buc\",\"https:\\\/\\\/www.instagram.com\\\/buletinde.bucuresti\\\/\"]},{\"@type\":\"Person\",\"@id\":\"https:\\\/\\\/buletin.de\\\/bucuresti\\\/#\\\/schema\\\/person\\\/2bbcf854e5f2419a13804af574d06ab1\",\"name\":\"Redac\u021bia Buletin de Bucure\u0219ti\",\"image\":{\"@type\":\"ImageObject\",\"inLanguage\":\"en-GB\",\"@id\":\"https:\\\/\\\/secure.gravatar.com\\\/avatar\\\/18c5342381ed1a08620e6280424e3e5efc958618f5d67c522c9e44c1bc6f9226?s=96&d=monsterid&r=g60c7cd0ad92c68c049fcd4bb3504d609\",\"url\":\"https:\\\/\\\/secure.gravatar.com\\\/avatar\\\/18c5342381ed1a08620e6280424e3e5efc958618f5d67c522c9e44c1bc6f9226?s=96&d=monsterid&r=g\",\"contentUrl\":\"https:\\\/\\\/secure.gravatar.com\\\/avatar\\\/18c5342381ed1a08620e6280424e3e5efc958618f5d67c522c9e44c1bc6f9226?s=96&d=monsterid&r=g\",\"caption\":\"Redac\u021bia Buletin de Bucure\u0219ti\"},\"description\":\"Buletin de Bucure\u0219ti exist\u0103 din vara anului 2019.\",\"url\":\"https:\\\/\\\/buletin.de\\\/bucuresti\\\/author\\\/adminbuletin\\\/\"}]}<\/script>\n<!-- \/ Yoast SEO Premium plugin. -->","yoast_head_json":{"title":"Incendiu \u00een gara Buftea. O locomotiv\u0103 a unui tren de marf\u0103 a fost cuprins\u0103 de fl\u0103c\u0103ri | Club Feroviar - Buletin de Bucure\u0219ti","description":"O locomotiv\u0103 a unui tren de marf\u0103 a fost cuprins\u0103 de fl\u0103c\u0103ri, \u00een dup\u0103-amiaza zilei de duminic\u0103, \u00een Gara Buftea.","robots":{"index":"index","follow":"follow","max-snippet":"max-snippet:-1","max-image-preview":"max-image-preview:large","max-video-preview":"max-video-preview:-1"},"canonical":"https:\/\/buletin.de\/bucuresti\/incendiu-in-gara-buftea-o-locomotiva-a-unui-tren-de-marfa-a-fost-cuprinsa-de-flacari-club-feroviar\/","og_locale":"en_GB","og_type":"article","og_title":"Incendiu \u00een gara Buftea. O locomotiv\u0103 a unui tren de marf\u0103 a fost cuprins\u0103 de fl\u0103c\u0103ri | Club Feroviar","og_description":"O locomotiv\u0103 a unui tren de marf\u0103 a fost cuprins\u0103 de fl\u0103c\u0103ri, \u00een dup\u0103-amiaza zilei de duminic\u0103, \u00een Gara Buftea.","og_url":"https:\/\/buletin.de\/bucuresti\/incendiu-in-gara-buftea-o-locomotiva-a-unui-tren-de-marfa-a-fost-cuprinsa-de-flacari-club-feroviar\/","og_site_name":"Buletin de Bucure\u0219ti","article_publisher":"https:\/\/www.facebook.com\/buletin.de.buc","article_published_time":"2026-09-06T14:08:16+00:00","article_modified_time":"2026-09-06T14:08:17+00:00","og_image":[{"width":1920,"height":1080,"url":"https:\/\/buletin.de\/bucuresti\/wp-content\/uploads\/2026\/09\/Incendiu-gara-buftea.jpg","type":"image\/jpeg"}],"author":"Redac\u021bia Buletin de Bucure\u0219ti","twitter_card":"summary_large_image","twitter_misc":{"Written by":"Redac\u021bia Buletin de Bucure\u0219ti","Estimated reading time":"3 minutes"},"schema":{"@context":"https:\/\/schema.org","@graph":[{"@type":"Article","@id":"https:\/\/buletin.de\/bucuresti\/incendiu-in-gara-buftea-o-locomotiva-a-unui-tren-de-marfa-a-fost-cuprinsa-de-flacari-club-feroviar\/#article","isPartOf":{"@id":"https:\/\/buletin.de\/bucuresti\/incendiu-in-gara-buftea-o-locomotiva-a-unui-tren-de-marfa-a-fost-cuprinsa-de-flacari-club-feroviar\/"},"author":{"name":"Redac\u021bia Buletin de Bucure\u0219ti","@id":"https:\/\/buletin.de\/bucuresti\/#\/schema\/person\/2bbcf854e5f2419a13804af574d06ab1"},"headline":"Incendiu \u00een gara Buftea. O locomotiv\u0103 a unui tren de marf\u0103 a fost cuprins\u0103 de fl\u0103c\u0103ri | Club Feroviar","datePublished":"2026-09-06T14:08:16+00:00","dateModified":"2026-09-06T14:08:17+00:00","mainEntityOfPage":{"@id":"https:\/\/buletin.de\/bucuresti\/incendiu-in-gara-buftea-o-locomotiva-a-unui-tren-de-marfa-a-fost-cuprinsa-de-flacari-club-feroviar\/"},"wordCount":517,"publisher":{"@id":"https:\/\/buletin.de\/bucuresti\/#organization"},"image":{"@id":"https:\/\/buletin.de\/bucuresti\/incendiu-in-gara-buftea-o-locomotiva-a-unui-tren-de-marfa-a-fost-cuprinsa-de-flacari-club-feroviar\/#primaryimage"},"thumbnailUrl":"https:\/\/buletin.de\/bucuresti\/wp-content\/uploads\/2026\/09\/Incendiu-gara-buftea.jpg","keywords":["cfr","gara Buftea","incendiu","locomotiv\u0103 cuprins\u0103 de fl\u0103c\u0103ri","marfar"],"articleSection":["Articole","Main","Transport"],"inLanguage":"en-GB","copyrightYear":"2026","copyrightHolder":{"@id":"https:\/\/buletin.de\/bucuresti\/#organization"}},{"@type":"WebPage","@id":"https:\/\/buletin.de\/bucuresti\/incendiu-in-gara-buftea-o-locomotiva-a-unui-tren-de-marfa-a-fost-cuprinsa-de-flacari-club-feroviar\/","url":"https:\/\/buletin.de\/bucuresti\/incendiu-in-gara-buftea-o-locomotiva-a-unui-tren-de-marfa-a-fost-cuprinsa-de-flacari-club-feroviar\/","name":"Incendiu \u00een gara Buftea. O locomotiv\u0103 a unui tren de marf\u0103 a fost cuprins\u0103 de fl\u0103c\u0103ri | Club Feroviar - Buletin de Bucure\u0219ti","isPartOf":{"@id":"https:\/\/buletin.de\/bucuresti\/#website"},"primaryImageOfPage":{"@id":"https:\/\/buletin.de\/bucuresti\/incendiu-in-gara-buftea-o-locomotiva-a-unui-tren-de-marfa-a-fost-cuprinsa-de-flacari-club-feroviar\/#primaryimage"},"image":{"@id":"https:\/\/buletin.de\/bucuresti\/incendiu-in-gara-buftea-o-locomotiva-a-unui-tren-de-marfa-a-fost-cuprinsa-de-flacari-club-feroviar\/#primaryimage"},"thumbnailUrl":"https:\/\/buletin.de\/bucuresti\/wp-content\/uploads\/2026\/09\/Incendiu-gara-buftea.jpg","datePublished":"2026-09-06T14:08:16+00:00","dateModified":"2026-09-06T14:08:17+00:00","description":"O locomotiv\u0103 a unui tren de marf\u0103 a fost cuprins\u0103 de fl\u0103c\u0103ri, \u00een dup\u0103-amiaza zilei de duminic\u0103, \u00een Gara Buftea.","breadcrumb":{"@id":"https:\/\/buletin.de\/bucuresti\/incendiu-in-gara-buftea-o-locomotiva-a-unui-tren-de-marfa-a-fost-cuprinsa-de-flacari-club-feroviar\/#breadcrumb"},"inLanguage":"en-GB","potentialAction":[{"@type":"ReadAction","target":["https:\/\/buletin.de\/bucuresti\/incendiu-in-gara-buftea-o-locomotiva-a-unui-tren-de-marfa-a-fost-cuprinsa-de-flacari-club-feroviar\/"]}]},{"@type":"ImageObject","inLanguage":"en-GB","@id":"https:\/\/buletin.de\/bucuresti\/incendiu-in-gara-buftea-o-locomotiva-a-unui-tren-de-marfa-a-fost-cuprinsa-de-flacari-club-feroviar\/#primaryimage","url":"https:\/\/buletin.de\/bucuresti\/wp-content\/uploads\/2026\/09\/Incendiu-gara-buftea.jpg","contentUrl":"https:\/\/buletin.de\/bucuresti\/wp-content\/uploads\/2026\/09\/Incendiu-gara-buftea.jpg","width":1920,"height":1080,"caption":"Surs\u0103 foto: Club Feroviar"},{"@type":"BreadcrumbList","@id":"https:\/\/buletin.de\/bucuresti\/incendiu-in-gara-buftea-o-locomotiva-a-unui-tren-de-marfa-a-fost-cuprinsa-de-flacari-club-feroviar\/#breadcrumb","itemListElement":[{"@type":"ListItem","position":1,"name":"Acas\u0103","item":"https:\/\/buletin.de\/bucuresti\/"},{"@type":"ListItem","position":2,"name":"Incendiu \u00een gara Buftea. O locomotiv\u0103 a unui tren de marf\u0103 a fost cuprins\u0103 de fl\u0103c\u0103ri | Club Feroviar"}]},{"@type":"WebSite","@id":"https:\/\/buletin.de\/bucuresti\/#website","url":"https:\/\/buletin.de\/bucuresti\/","name":"Buletin de Bucure\u0219ti","description":"\u0218tiri \u0219i investiga\u021bii esen\u021biale din capital\u0103","publisher":{"@id":"https:\/\/buletin.de\/bucuresti\/#organization"},"potentialAction":[{"@type":"SearchAction","target":{"@type":"EntryPoint","urlTemplate":"https:\/\/buletin.de\/bucuresti\/?s={search_term_string}"},"query-input":{"@type":"PropertyValueSpecification","valueRequired":true,"valueName":"search_term_string"}}],"inLanguage":"en-GB"},{"@type":"Organization","@id":"https:\/\/buletin.de\/bucuresti\/#organization","name":"Buletin de Bucure\u0219ti","url":"https:\/\/buletin.de\/bucuresti\/","logo":{"@type":"ImageObject","inLanguage":"en-GB","@id":"https:\/\/buletin.de\/bucuresti\/#\/schema\/logo\/image\/","url":"https:\/\/buletin.de\/bucuresti\/wp-content\/uploads\/logo-bdb-full-wide-vernil-transparent.png","contentUrl":"https:\/\/buletin.de\/bucuresti\/wp-content\/uploads\/logo-bdb-full-wide-vernil-transparent.png","width":1782,"height":626,"caption":"Buletin de Bucure\u0219ti"},"image":{"@id":"https:\/\/buletin.de\/bucuresti\/#\/schema\/logo\/image\/"},"sameAs":["https:\/\/www.facebook.com\/buletin.de.buc","https:\/\/www.instagram.com\/buletinde.bucuresti\/"]},{"@type":"Person","@id":"https:\/\/buletin.de\/bucuresti\/#\/schema\/person\/2bbcf854e5f2419a13804af574d06ab1","name":"Redac\u021bia Buletin de Bucure\u0219ti","image":{"@type":"ImageObject","inLanguage":"en-GB","@id":"https:\/\/secure.gravatar.com\/avatar\/18c5342381ed1a08620e6280424e3e5efc958618f5d67c522c9e44c1bc6f9226?s=96&d=monsterid&r=g60c7cd0ad92c68c049fcd4bb3504d609","url":"https:\/\/secure.gravatar.com\/avatar\/18c5342381ed1a08620e6280424e3e5efc958618f5d67c522c9e44c1bc6f9226?s=96&d=monsterid&r=g","contentUrl":"https:\/\/secure.gravatar.com\/avatar\/18c5342381ed1a08620e6280424e3e5efc958618f5d67c522c9e44c1bc6f9226?s=96&d=monsterid&r=g","caption":"Redac\u021bia Buletin de Bucure\u0219ti"},"description":"Buletin de Bucure\u0219ti exist\u0103 din vara anului 2019.","url":"https:\/\/buletin.de\/bucuresti\/author\/adminbuletin\/"}]}},"authors":[{"term_id":22583,"user_id":1,"is_guest":0,"slug":"adminbuletin","display_name":"Redac\u021bia Buletin de Bucure\u0219ti","avatar_url":"https:\/\/secure.gravatar.com\/avatar\/18c5342381ed1a08620e6280424e3e5efc958618f5d67c522c9e44c1bc6f9226?s=96&d=monsterid&r=g","author_category":"","first_name":"Redac\u021bia Buletin de Bucure\u0219ti","last_name":"","user_url":"","job_title":"","description":"Buletin de Bucure\u0219ti exist\u0103 din vara anului 2019."}],"_links":{"self":[{"href":"https:\/\/buletin.de\/bucuresti\/wp-json\/wp\/v2\/posts\/216283","targetHints":{"allow":["GET"]}}],"collection":[{"href":"https:\/\/buletin.de\/bucuresti\/wp-json\/wp\/v2\/posts"}],"about":[{"href":"https:\/\/buletin.de\/bucuresti\/wp-json\/wp\/v2\/types\/post"}],"author":[{"embeddable":true,"href":"https:\/\/buletin.de\/bucuresti\/wp-json\/wp\/v2\/users\/1"}],"replies":[{"embeddable":true,"href":"https:\/\/buletin.de\/bucuresti\/wp-json\/wp\/v2\/comments?post=216283"}],"version-history":[{"count":2,"href":"https:\/\/buletin.de\/bucuresti\/wp-json\/wp\/v2\/posts\/216283\/revisions"}],"predecessor-version":[{"id":216288,"href":"https:\/\/buletin.de\/bucuresti\/wp-json\/wp\/v2\/posts\/216283\/revisions\/216288"}],"wp:featuredmedia":[{"embeddable":true,"href":"https:\/\/buletin.de\/bucuresti\/wp-json\/wp\/v2\/media\/216285"}],"wp:attachment":[{"href":"https:\/\/buletin.de\/bucuresti\/wp-json\/wp\/v2\/media?parent=216283"}],"wp:term":[{"taxonomy":"category","embeddable":true,"href":"https:\/\/buletin.de\/bucuresti\/wp-json\/wp\/v2\/categories?post=216283"},{"taxonomy":"post_tag","embeddable":true,"href":"https:\/\/buletin.de\/bucuresti\/wp-json\/wp\/v2\/tags?post=216283"},{"taxonomy":"author","embeddable":true,"href":"https:\/\/buletin.de\/bucuresti\/wp-json\/wp\/v2\/ppma_author?post=216283"}],"curies":[{"name":"wp","href":"https:\/\/api.w.org\/{rel}","templated":true}]}}