{"id":216275,"date":"2026-09-06T16:31:52","date_gmt":"2026-09-06T13:31:52","guid":{"rendered":"https:\/\/buletin.de\/bucuresti\/?p=216275"},"modified":"2026-09-06T16:31:53","modified_gmt":"2026-09-06T13:31:53","slug":"la-noapte-se-redeschide-circulatia-pe-pasajul-basarab-dupa-aproape-trei-luni-de-lucrari-tramvaiele-revin-de-luni-odata-cu-inceperea-scolii","status":"publish","type":"post","link":"https:\/\/buletin.de\/bucuresti\/la-noapte-se-redeschide-circulatia-pe-pasajul-basarab-dupa-aproape-trei-luni-de-lucrari-tramvaiele-revin-de-luni-odata-cu-inceperea-scolii\/","title":{"rendered":"La noapte se redeschide circula\u021bia pe Pasajul Basarab, dup\u0103 aproape trei luni de lucr\u0103ri. Tramvaiele revin de luni, odat\u0103 cu \u00eenceperea \u0219colii"},"content":{"rendered":"\n<p class=\"wp-block-paragraph\"><strong>\u00cencep\u00e2nd din noaptea de duminic\u0103, 6 septembrie 2026, \u0219oferii din Bucure\u0219ti vor putea s\u0103 circule iar pe Pasajul Basarab, restric\u021biile de trafic de aici urm\u00e2nd s\u0103 fie ridicate. <a href=\"https:\/\/www.facebook.com\/PMBucuresti\/posts\/pfbid0xUch6PSws15TuKvKagUwg9CeT5mM6NAvww8mKvTF6zpKww9Daiac2n4RTQBQWD7Bl\" data-type=\"link\" data-id=\"https:\/\/www.facebook.com\/PMBucuresti\/posts\/pfbid0xUch6PSws15TuKvKagUwg9CeT5mM6NAvww8mKvTF6zpKww9Daiac2n4RTQBQWD7Bl\" target=\"_blank\" rel=\"noreferrer noopener\">Conform informa\u021biilor oferite de Prim\u0103ria Capitalei<\/a>, traficul urmeaz\u0103 s\u0103 fie reluat \u00een condi\u021bii normale \u00eencep\u00e2nd cu ora 23:00. <\/strong><\/p>\n\n\n\n<p class=\"wp-block-paragraph\">\u00cen ceea ce prive\u0219te circula\u021bia tramvaielor de pod, aceast\u0103 urmeaz\u0103 s\u0103 fie reluat\u0103 \u00eencep\u00e2nd cu ziua de luni, 7 septembrie, (prima zi de \u0219coal\u0103) de la ora 05:00. Pe pasaj circul\u0103 liniile 1, 10, 4, 11 \u0219i 47. <\/p>\n\n\n\n<p class=\"wp-block-paragraph\">Lucr\u0103rile pentru punerea \u00een siguran\u021b\u0103 a Pasajului Basarab au fost demarate la \u00eenceputul verii, \u00een data de 20 iunie. P\u00e2n\u0103 \u00een prezent, administra\u021bia local\u0103 s-a concentrat asupra lucr\u0103rilor care afectau traficul din zon\u0103. Astfel c\u0103, p\u00e2n\u0103 \u00een prezent: <\/p>\n\n\n\n<ul class=\"wp-block-list\">\n<li>A fost ref\u0103cut\u0103 complet \u0219i protejat\u0103 structura podului care avea avea. Elementele de beton, pilonii \u0219i partea de dedesubt a structurii erau afectate;<\/li>\n\n\n\n<li>Au fost cur\u0103\u021bate \u0219i reparate sistemele de scurgere a apelor pluviale, inclusiv cele de pe calea de rulare a tramvaielor. Acestea nu mai func\u021bionau motiv pentru care structura era plin\u0103 de rugin\u0103;<\/li>\n\n\n\n<li>Au fost reparat \u0219i vopsite elementele metalice, inclusiv bordurile \u0219i balustradele,<\/li>\n\n\n\n<li>Au fost finalizate lucr\u0103rile de asfaltare, hidroizola\u021bia, rosturile de dilata\u021bie \u0219i realizate marcajele rutiere.<\/li>\n<\/ul>\n\n\n\n<p class=\"wp-block-paragraph\"><strong>CITE\u0218TE \u0218I <a href=\"https:\/\/buletin.de\/bucuresti\/elevii-se-intorc-maine-la-scoala-dupa-trei-luni-de-pauza-cand-sunt-programate-principalele-vacante-si-examene-in-bucuresti-si-ilfov\/\" data-type=\"post\" data-id=\"216227\">Elevii se \u00eentorc m\u00e2ine la \u0219coal\u0103, dup\u0103 trei luni de pauz\u0103. C\u00e2nd sunt programate principalele vacan\u021be \u0219i examene \u00een Bucure\u0219ti \u0219i Ilfov<\/a><\/strong><\/p>\n\n\n\n<h2 id=\"h-ce-lucrari-urmeaza-sa-fie-efectuate-pe-pasajul-basarab\" class=\"wp-block-heading\">Ce lucr\u0103ri urmeaz\u0103 s\u0103 fie efectuate pe Pasajul Basarab <\/h2>\n\n\n\n<p class=\"wp-block-paragraph\">\u00cen perioada urm\u0103toare, o alt\u0103 serie de lucr\u0103ri, care nu va impacta negativ circula\u021bia ma\u0219inilor pe pod, urmeaz\u0103 s\u0103 fie efectuate. Muncitorii se vor ocupa de \u00eenlocuirea gardurile ruginite, dar \u0219i a panourilor de protec\u021bie fonetic\u0103, astfel \u00eenc\u00e2t persoanele care locuiesc \u00een zon\u0103 s\u0103 nu ma fie constant deranjate de trafic. <\/p>\n\n\n\n<p class=\"wp-block-paragraph\">Pe l\u00e2ng\u0103 asta, vor fi cur\u0103\u021bate \u0219i protejate toate suprafe\u021bele de beton ale pasajului pe care nu s-a intervenit p\u00e2n\u0103 \u00een acest moment. <\/p>\n\n\n\n<p class=\"wp-block-paragraph\">Ultimul punct pe lista de lucr\u0103ri ce urmeaz\u0103 s\u0103 fie realizate este reprezentat de reabilitarea sta\u021biei de tramvai de pe pod. Mai precis, se va interveni asupra plexiglas-ului, sc\u0103rilor, lifturilor \u0219i a sc\u0103rii rulante. Prim\u0103ria a informat c\u0103 zona pietonal\u0103 a fost sp\u0103lat\u0103 pentru a fi preg\u0103tit\u0103 pentru reluarea traficului. <\/p>\n\n\n\n<p class=\"wp-block-paragraph\"><strong>CITE\u0218TE \u0218I <a href=\"https:\/\/buletin.de\/bucuresti\/bucurestiul-ramane-spart-cu-santiere-majore-cel-putin-inca-doi-ani-ciucu-nu-ma-injura-lumea-pe-strada-vor-mai-fi-santiere-noi-urmeaza-lucrari-de-pietonizare\/\" data-type=\"post\" data-id=\"215552\">Bucure\u0219tiul r\u0103m\u00e2ne \u201espart\u201d cu \u0219antiere majore \u00eenc\u0103 doi ani. Ciucu: \u201eNu m\u0103 \u00eenjur\u0103 lumea pe strad\u0103. Vor mai fi \u0219antiere noi, urmeaz\u0103 lucr\u0103ri de pietonalizare\u201d<\/a><\/strong><\/p>\n\n\n\n<h2 id=\"h-liniile-54-\u0219i-610-suspendate-de-luni\" class=\"wp-block-heading\">Liniile 54 \u0219i 610, suspendate de luni<\/h2>\n\n\n\n<p class=\"wp-block-paragraph\">Circula\u021bia tramvaielor pe Pasajul Basarab va fi reluat\u0103 pe 7 septembrie, prima zi a anului \u0219colar 2026-2027.A\u0219adar, liniile 1 \u0219i 10 vor reveni la traseele de baz\u0103, iar liniile 4, 11, \u0219i 47 vor fi re\u00eenfiin\u021bate. \u00cen acest context, liniile 54 \u0219i 610 vor fi suspendate, anun\u021b\u0103 Societatea de Transport Bucure\u0219ti (STB).<\/p>\n\n\n\n<p class=\"wp-block-paragraph\"><strong>Linia 1<\/strong>\u00a0va func\u021biona \u00eentre terminalele \u201eRomprim\u201d \u0219i \u201eBd. Banu Manta\u201d, astfel:<\/p>\n\n\n\n<ul class=\"wp-block-list\">\n<li>Traseu dus: \u201eRomprim\u201d, Sos. Olteni\u0163ei, Calea V\u0103c\u0103re\u015fti, Pasaj Mihai Bravu, \u015eos. Mihai Bravu, \u015eos. \u015etefan cel Mare, Bd. Iancu de Hunedoara, \u015eos. Nicolae Titulescu \u201eBd. Banu Manta\u201d;<\/li>\n\n\n\n<li>Traseu \u020bntors: \u201eBd. Banu Manta\u201d, \u015eos. Nicolae Titulescu, Pasajul Basarab, Bd. Doina Cornea, Bd. G-ral Paul Teodorescu, Bd. Timi\u015foara, Str. Progresul, Str. Dr. Constantin Istrati, \u015eos. Viilor, \u015eos. Olteni\u0163ei, \u201eRomprim\u201d.<\/li>\n<\/ul>\n\n\n\n<p class=\"wp-block-paragraph\"><strong>Linia 4<\/strong>&nbsp;va func\u021biona \u00eentre terminalele \u201e\u0218ura Mare\u201d \u0219i \u201eZe\u021barilor\u201d, astfel:<\/p>\n\n\n\n<ul class=\"wp-block-list\">\n<li>Traseu dus: \u201e\u0218ura Mare\u201d, Str. \u0218ura Mare, \u0218os. Giurgiului, Str. Alexandru Anghel, Str. Ze\u021barilor, \u201eZe\u021barilor\u201d;<\/li>\n\n\n\n<li>Traseu \u00eentors: \u201eZe\u021barilor\u201d, Str. Ze\u021barilor, Str. Alexandru Anghel, \u0218os. Giurgiului, \u0218os. Olteni\u021bei, Str. \u0218ura Mare, \u201e\u0218ura Mare\u201d.<\/li>\n<\/ul>\n\n\n\n<p class=\"wp-block-paragraph\"><strong>Linia 10<\/strong>&nbsp;va func\u021biona \u00eentre terminalele \u201eRomprim\u201d \u0219i \u201eBd. Banu Manta\u201d, astfel:<\/p>\n\n\n\n<ul class=\"wp-block-list\">\n<li>Traseu dus: \u201eRomprim\u201d, Sos. Olteni\u0163ei, Pia\u021ba Eroii Revolu\u021biei, \u0218os. Viilor, Str. Dr. Constantin Istrati, Str. Progresului, Bd. Timi\u0219oara, Bd. G-ral Paul Teodorescu, Bd. Doina Cornea, Pasajul Basarab, \u015eos. Nicolae Titulescu, \u201eBd. Banu Manta\u201d;<\/li>\n\n\n\n<li>Traseu \u020bntors: \u201eBd. Banu Manta\u201d, \u0218os. Nicolae Titulescu, Bd. Iancu de Hunedoara, \u0218os. \u0218tefan cel Mare, \u0218os. Mihai Bravu, Calea V\u0103c\u0103re\u0219ti, \u015eos. Olteni\u0163ei, \u201eRomprim\u201d.<\/li>\n<\/ul>\n\n\n\n<p class=\"wp-block-paragraph\"><strong>Linia 11<\/strong>&nbsp;va func\u021biona \u00eentre terminalele \u201eZe\u021barilor\u201d \u0219i \u201eCartier Giule\u0219ti\u201d, astfel:<\/p>\n\n\n\n<ul class=\"wp-block-list\">\n<li>Traseu dus: \u201eZe\u021barilor\u201d, Prelugirea Ferentari, Calea Ferentari, Calea Rahovei, Str. Progresului, Bd. Timi\u0219oara, Bd. G-ral Paul Teodorescu, Bd. Doina Cornea, Calea Giule\u0219ti, \u201eCartier Giule\u0219ti\u201d;<\/li>\n\n\n\n<li>Traseu \u020bntors: \u201eCartier Giule\u0219ti\u201d, Calea Giule\u0219ti, Bd. Doina Carnea, Bd. G-ral Paul Teodorescu, Bd. Timi\u0219oara, Str. Progresului, Calea Rahovei, Calea Ferentari, Prelungirea Ferentari, \u201eZe\u021barilor\u201d.<\/li>\n<\/ul>\n\n\n\n<p class=\"wp-block-paragraph\"><strong>Linia 47<\/strong>&nbsp;va func\u021biona \u00eentre terminalele \u201eGhencea\u201d \u0219i \u201ePia\u021ba Unirii\u201d, astfel:<\/p>\n\n\n\n<ul class=\"wp-block-list\">\n<li>Traseu dus: \u201eGhencea\u201d, Bd. Ghencea, Calea 13 Septembrie, Str. Progresului, Str. Dr. Constantin Istrati, Str. 11 Iunie, Bd. Regina Maria, \u201ePia\u021ba Uniri\u201d;<\/li>\n\n\n\n<li>Traseu \u020bntors: \u201ePia\u021ba Unirii\u201d, Bd. Regina Maria, Str. 11 Iunie, Str. Dr. Constantin Istrati, Str. Progresului, Calea 13 Septembrie, Bd. Ghencea, \u201eGhencea\u201d.<\/li>\n<\/ul>\n\n\n\n<p class=\"wp-block-paragraph\"><strong>CITE\u0218TE \u0218I <a href=\"https:\/\/buletin.de\/bucuresti\/m6-otopeni-structura-de-rezistenta-pe-sectiunea-sud-este-aproape-gata-sfanta-maria-mai-are-sub-500-de-metri-pana-la-statia-expozitiei\/\" data-type=\"post\" data-id=\"216136\">M6 Otopeni | Structura de rezisten\u021b\u0103 pe sec\u021biunea sud este aproape gata. \u201eSf\u00e2nta Maria\u201d mai are sub 500 de metri p\u00e2n\u0103 la sta\u021bia Expozi\u021biei<\/a><\/strong><\/p>\n\n\n\n<h2 id=\"h-inaugurat-acum-15-ani-pasajul-nu-a-fost-inca-recep\u021bionat\" class=\"wp-block-heading\">Inaugurat acum 15 ani, pasajul nu a fost \u00eenc\u0103 recep\u021bionat<\/h2>\n\n\n\n<p class=\"wp-block-paragraph\">Cu toate c\u0103 Pasajul Basarab a fost finalizat \u0219i pus la dispozi\u021bia \u0219oferilor din Bucure\u0219ti \u00een urma cu 15 ani, el nu a fost recep\u021bionat de Prim\u0103ria Capitalei nici p\u00e2n\u0103 \u00een prezent. Din acest motiv, administra\u021bia local\u0103 nu a putut efectua<a href=\"https:\/\/buletin.de\/bucuresti\/incep-lucrarile-la-pasajul-basarab-dat-in-folosinta-acum-15-ani-dar-nereceptionat-santierul-se-deschide-in-cateva-zile\/\" target=\"_blank\" rel=\"noreferrer noopener\">\u00a0lucr\u0103ri de mentenan\u021b\u0103 asupra podului,<\/a> acesta ajung\u00e2nd s\u0103 se degradeze semnificativ \u00een timp.<\/p>\n\n\n\n<p class=\"wp-block-paragraph\">De altfel, nici cur\u0103\u021barea sau paza podului nu au fost finan\u021bate de Prim\u0103ria General\u0103, \u00eentruc\u00e2t structura nu se afl\u0103 \u00een patrimoniul municipalit\u0103\u021bii.<\/p>\n\n\n\n<p class=\"wp-block-paragraph\"><strong>Pentru a putea realiza recep\u021bia, pasajul trebuie reabilitat \u0219i adus la standarde de siguran\u021b\u0103. A\u0219adar, dup\u0103 15 ani de abandon, costul total al investi\u021biei ajunge la aproape 250 de milioane de euro.<\/strong><\/p>\n\n\n\n<p class=\"wp-block-paragraph\">\u00cen mai 2026, Consiliul General a decis majorarea costului ini\u021bial, din 2005, cu peste 21 de milioane de euro. Suma finan\u021beaz\u0103 exclusiv repara\u021bii urgente, necesare pentru semnarea recep\u021biei finale cu antreprenorul.<\/p>\n\n\n\n<p class=\"wp-block-paragraph\"><strong>CITE\u0218TE \u0218I <a href=\"https:\/\/buletin.de\/bucuresti\/s-au-ridicat-restrictiile-din-piata-unirii-ce-se-intampla-cu-fantanile-si-parcul-din-centrul-bucurestiului-dupa-lucrarile-la-planseu\/\" data-type=\"post\" data-id=\"216234\">S-au ridicat restric\u021biile din Pia\u021ba Unirii. Ce se \u00eent\u00e2mpl\u0103 cu f\u00e2nt\u00e2nile \u0219i parcul din centrul Bucure\u0219tiului dup\u0103 lucr\u0103rile la plan\u0219eu<\/a><\/strong><\/p>\n","protected":false},"excerpt":{"rendered":"<p>\u00cencep\u00e2nd din noaptea de duminic\u0103, 6 septembrie 2026, \u0219oferii din Bucure\u0219ti vor putea s\u0103 circule iar pe Pasajul Basarab, restric\u021biile de trafic de aici urm\u00e2nd s\u0103 fie ridicate. Conform informa\u021biilor oferite de Prim\u0103ria Capitalei, traficul urmeaz\u0103 s\u0103 fie reluat \u00een condi\u021bii normale \u00eencep\u00e2nd cu ora 23:00. \u00cen ceea ce prive\u0219te circula\u021bia tramvaielor de pod, aceast\u0103 [&hellip;]<\/p>\n","protected":false},"author":66,"featured_media":216279,"comment_status":"closed","ping_status":"open","sticky":false,"template":"","format":"standard","meta":{"_acf_changed":false,"inline_featured_image":false,"ngg_post_thumbnail":0,"footnotes":""},"categories":[6994,5762,650],"tags":[2063,9178,22892,2328,30654,30655,28338],"ppma_author":[26103],"class_list":["post-216275","post","type-post","status-publish","format-standard","has-post-thumbnail","hentry","category-stiri-2","category-main","category-transport","tag-bucuresti-2","tag-lucrari-de-consolidare","tag-pasajul-basarab","tag-primaria-capitalei-2","tag-reluarea-circulatiei","tag-restrictii-ridicate-2","tag-traficul-rutier"],"acf":[],"a3_pvc":{"activated":false,"total_views":0,"today_views":0},"yoast_head":"<!-- This site is optimized with the Yoast SEO Premium plugin v28.0 (Yoast SEO v28.4) - https:\/\/yoast.com\/product\/yoast-seo-premium-wordpress\/ -->\n<title>La noapte se redeschide circula\u021bia pe Pasajul Basarab, dup\u0103 aproape trei luni de lucr\u0103ri. Tramvaiele revin de luni, odat\u0103 cu \u00eenceperea \u0219colii - Buletin de Bucure\u0219ti<\/title>\n<meta name=\"description\" content=\"\u00cencep\u00e2nd din noaptea de duminic\u0103, 6 septembrie 2026, \u0219oferii din Bucure\u0219ti vor putea s\u0103 circule iar pe Pasajul Basarab.\" \/>\n<meta name=\"robots\" content=\"index, follow, max-snippet:-1, max-image-preview:large, max-video-preview:-1\" \/>\n<link rel=\"canonical\" href=\"https:\/\/buletin.de\/bucuresti\/la-noapte-se-redeschide-circulatia-pe-pasajul-basarab-dupa-aproape-trei-luni-de-lucrari-tramvaiele-revin-de-luni-odata-cu-inceperea-scolii\/\" \/>\n<meta property=\"og:locale\" content=\"en_GB\" \/>\n<meta property=\"og:type\" content=\"article\" \/>\n<meta property=\"og:title\" content=\"La noapte se redeschide circula\u021bia pe Pasajul Basarab, dup\u0103 aproape trei luni de lucr\u0103ri. Tramvaiele revin de luni, odat\u0103 cu \u00eenceperea \u0219colii\" \/>\n<meta property=\"og:description\" content=\"\u00cencep\u00e2nd din noaptea de duminic\u0103, 6 septembrie 2026, \u0219oferii din Bucure\u0219ti vor putea s\u0103 circule iar pe Pasajul Basarab.\" \/>\n<meta property=\"og:url\" content=\"https:\/\/buletin.de\/bucuresti\/la-noapte-se-redeschide-circulatia-pe-pasajul-basarab-dupa-aproape-trei-luni-de-lucrari-tramvaiele-revin-de-luni-odata-cu-inceperea-scolii\/\" \/>\n<meta property=\"og:site_name\" content=\"Buletin de Bucure\u0219ti\" \/>\n<meta property=\"article:publisher\" content=\"https:\/\/www.facebook.com\/buletin.de.buc\" \/>\n<meta property=\"article:published_time\" content=\"2026-09-06T13:31:52+00:00\" \/>\n<meta property=\"article:modified_time\" content=\"2026-09-06T13:31:53+00:00\" \/>\n<meta property=\"og:image\" content=\"https:\/\/buletin.de\/bucuresti\/wp-content\/uploads\/2026\/09\/Reluare-trafic-de-Pasajul-Basarab.jpeg\" \/>\n\t<meta property=\"og:image:width\" content=\"2048\" \/>\n\t<meta property=\"og:image:height\" content=\"1365\" \/>\n\t<meta property=\"og:image:type\" content=\"image\/jpeg\" \/>\n<meta name=\"author\" content=\"Deniz Garguli\" \/>\n<meta name=\"twitter:card\" content=\"summary_large_image\" \/>\n<meta name=\"twitter:label1\" content=\"Written by\" \/>\n\t<meta name=\"twitter:data1\" content=\"Deniz Garguli\" \/>\n\t<meta name=\"twitter:label2\" content=\"Estimated reading time\" \/>\n\t<meta name=\"twitter:data2\" content=\"5 minutes\" \/>\n<script type=\"application\/ld+json\" class=\"yoast-schema-graph\">{\"@context\":\"https:\\\/\\\/schema.org\",\"@graph\":[{\"@type\":\"Article\",\"@id\":\"https:\\\/\\\/buletin.de\\\/bucuresti\\\/la-noapte-se-redeschide-circulatia-pe-pasajul-basarab-dupa-aproape-trei-luni-de-lucrari-tramvaiele-revin-de-luni-odata-cu-inceperea-scolii\\\/#article\",\"isPartOf\":{\"@id\":\"https:\\\/\\\/buletin.de\\\/bucuresti\\\/la-noapte-se-redeschide-circulatia-pe-pasajul-basarab-dupa-aproape-trei-luni-de-lucrari-tramvaiele-revin-de-luni-odata-cu-inceperea-scolii\\\/\"},\"author\":{\"name\":\"Deniz Garguli\",\"@id\":\"https:\\\/\\\/buletin.de\\\/bucuresti\\\/#\\\/schema\\\/person\\\/8badd0805392c02e16b744e0d5cd3625\"},\"headline\":\"La noapte se redeschide circula\u021bia pe Pasajul Basarab, dup\u0103 aproape trei luni de lucr\u0103ri. Tramvaiele revin de luni, odat\u0103 cu \u00eenceperea \u0219colii\",\"datePublished\":\"2026-09-06T13:31:52+00:00\",\"dateModified\":\"2026-09-06T13:31:53+00:00\",\"mainEntityOfPage\":{\"@id\":\"https:\\\/\\\/buletin.de\\\/bucuresti\\\/la-noapte-se-redeschide-circulatia-pe-pasajul-basarab-dupa-aproape-trei-luni-de-lucrari-tramvaiele-revin-de-luni-odata-cu-inceperea-scolii\\\/\"},\"wordCount\":1056,\"publisher\":{\"@id\":\"https:\\\/\\\/buletin.de\\\/bucuresti\\\/#organization\"},\"image\":{\"@id\":\"https:\\\/\\\/buletin.de\\\/bucuresti\\\/la-noapte-se-redeschide-circulatia-pe-pasajul-basarab-dupa-aproape-trei-luni-de-lucrari-tramvaiele-revin-de-luni-odata-cu-inceperea-scolii\\\/#primaryimage\"},\"thumbnailUrl\":\"https:\\\/\\\/buletin.de\\\/bucuresti\\\/wp-content\\\/uploads\\\/2026\\\/09\\\/Reluare-trafic-de-Pasajul-Basarab.jpeg\",\"keywords\":[\"Bucure\u0219ti\",\"lucr\u0103ri de consolidare\",\"pasajul basarab\",\"Prim\u0103ria Capitalei\",\"Reluarea circula\u021biei\",\"restric\u021bii ridicate\",\"traficul rutier\"],\"articleSection\":[\"Articole\",\"Main\",\"Transport\"],\"inLanguage\":\"en-GB\",\"copyrightYear\":\"2026\",\"copyrightHolder\":{\"@id\":\"https:\\\/\\\/buletin.de\\\/bucuresti\\\/#organization\"}},{\"@type\":\"WebPage\",\"@id\":\"https:\\\/\\\/buletin.de\\\/bucuresti\\\/la-noapte-se-redeschide-circulatia-pe-pasajul-basarab-dupa-aproape-trei-luni-de-lucrari-tramvaiele-revin-de-luni-odata-cu-inceperea-scolii\\\/\",\"url\":\"https:\\\/\\\/buletin.de\\\/bucuresti\\\/la-noapte-se-redeschide-circulatia-pe-pasajul-basarab-dupa-aproape-trei-luni-de-lucrari-tramvaiele-revin-de-luni-odata-cu-inceperea-scolii\\\/\",\"name\":\"La noapte se redeschide circula\u021bia pe Pasajul Basarab, dup\u0103 aproape trei luni de lucr\u0103ri. Tramvaiele revin de luni, odat\u0103 cu \u00eenceperea \u0219colii - Buletin de Bucure\u0219ti\",\"isPartOf\":{\"@id\":\"https:\\\/\\\/buletin.de\\\/bucuresti\\\/#website\"},\"primaryImageOfPage\":{\"@id\":\"https:\\\/\\\/buletin.de\\\/bucuresti\\\/la-noapte-se-redeschide-circulatia-pe-pasajul-basarab-dupa-aproape-trei-luni-de-lucrari-tramvaiele-revin-de-luni-odata-cu-inceperea-scolii\\\/#primaryimage\"},\"image\":{\"@id\":\"https:\\\/\\\/buletin.de\\\/bucuresti\\\/la-noapte-se-redeschide-circulatia-pe-pasajul-basarab-dupa-aproape-trei-luni-de-lucrari-tramvaiele-revin-de-luni-odata-cu-inceperea-scolii\\\/#primaryimage\"},\"thumbnailUrl\":\"https:\\\/\\\/buletin.de\\\/bucuresti\\\/wp-content\\\/uploads\\\/2026\\\/09\\\/Reluare-trafic-de-Pasajul-Basarab.jpeg\",\"datePublished\":\"2026-09-06T13:31:52+00:00\",\"dateModified\":\"2026-09-06T13:31:53+00:00\",\"description\":\"\u00cencep\u00e2nd din noaptea de duminic\u0103, 6 septembrie 2026, \u0219oferii din Bucure\u0219ti vor putea s\u0103 circule iar pe Pasajul Basarab.\",\"breadcrumb\":{\"@id\":\"https:\\\/\\\/buletin.de\\\/bucuresti\\\/la-noapte-se-redeschide-circulatia-pe-pasajul-basarab-dupa-aproape-trei-luni-de-lucrari-tramvaiele-revin-de-luni-odata-cu-inceperea-scolii\\\/#breadcrumb\"},\"inLanguage\":\"en-GB\",\"potentialAction\":[{\"@type\":\"ReadAction\",\"target\":[\"https:\\\/\\\/buletin.de\\\/bucuresti\\\/la-noapte-se-redeschide-circulatia-pe-pasajul-basarab-dupa-aproape-trei-luni-de-lucrari-tramvaiele-revin-de-luni-odata-cu-inceperea-scolii\\\/\"]}]},{\"@type\":\"ImageObject\",\"inLanguage\":\"en-GB\",\"@id\":\"https:\\\/\\\/buletin.de\\\/bucuresti\\\/la-noapte-se-redeschide-circulatia-pe-pasajul-basarab-dupa-aproape-trei-luni-de-lucrari-tramvaiele-revin-de-luni-odata-cu-inceperea-scolii\\\/#primaryimage\",\"url\":\"https:\\\/\\\/buletin.de\\\/bucuresti\\\/wp-content\\\/uploads\\\/2026\\\/09\\\/Reluare-trafic-de-Pasajul-Basarab.jpeg\",\"contentUrl\":\"https:\\\/\\\/buletin.de\\\/bucuresti\\\/wp-content\\\/uploads\\\/2026\\\/09\\\/Reluare-trafic-de-Pasajul-Basarab.jpeg\",\"width\":2048,\"height\":1365,\"caption\":\"Surs\u0103 foto: Prim\u0103ria Capitalei\\\/FB\"},{\"@type\":\"BreadcrumbList\",\"@id\":\"https:\\\/\\\/buletin.de\\\/bucuresti\\\/la-noapte-se-redeschide-circulatia-pe-pasajul-basarab-dupa-aproape-trei-luni-de-lucrari-tramvaiele-revin-de-luni-odata-cu-inceperea-scolii\\\/#breadcrumb\",\"itemListElement\":[{\"@type\":\"ListItem\",\"position\":1,\"name\":\"Acas\u0103\",\"item\":\"https:\\\/\\\/buletin.de\\\/bucuresti\\\/\"},{\"@type\":\"ListItem\",\"position\":2,\"name\":\"La noapte se redeschide circula\u021bia pe Pasajul Basarab, dup\u0103 aproape trei luni de lucr\u0103ri. Tramvaiele revin de luni, odat\u0103 cu \u00eenceperea \u0219colii\"}]},{\"@type\":\"WebSite\",\"@id\":\"https:\\\/\\\/buletin.de\\\/bucuresti\\\/#website\",\"url\":\"https:\\\/\\\/buletin.de\\\/bucuresti\\\/\",\"name\":\"Buletin de Bucure\u0219ti\",\"description\":\"\u0218tiri \u0219i investiga\u021bii esen\u021biale din capital\u0103\",\"publisher\":{\"@id\":\"https:\\\/\\\/buletin.de\\\/bucuresti\\\/#organization\"},\"potentialAction\":[{\"@type\":\"SearchAction\",\"target\":{\"@type\":\"EntryPoint\",\"urlTemplate\":\"https:\\\/\\\/buletin.de\\\/bucuresti\\\/?s={search_term_string}\"},\"query-input\":{\"@type\":\"PropertyValueSpecification\",\"valueRequired\":true,\"valueName\":\"search_term_string\"}}],\"inLanguage\":\"en-GB\"},{\"@type\":\"Organization\",\"@id\":\"https:\\\/\\\/buletin.de\\\/bucuresti\\\/#organization\",\"name\":\"Buletin de Bucure\u0219ti\",\"url\":\"https:\\\/\\\/buletin.de\\\/bucuresti\\\/\",\"logo\":{\"@type\":\"ImageObject\",\"inLanguage\":\"en-GB\",\"@id\":\"https:\\\/\\\/buletin.de\\\/bucuresti\\\/#\\\/schema\\\/logo\\\/image\\\/\",\"url\":\"https:\\\/\\\/buletin.de\\\/bucuresti\\\/wp-content\\\/uploads\\\/logo-bdb-full-wide-vernil-transparent.png\",\"contentUrl\":\"https:\\\/\\\/buletin.de\\\/bucuresti\\\/wp-content\\\/uploads\\\/logo-bdb-full-wide-vernil-transparent.png\",\"width\":1782,\"height\":626,\"caption\":\"Buletin de Bucure\u0219ti\"},\"image\":{\"@id\":\"https:\\\/\\\/buletin.de\\\/bucuresti\\\/#\\\/schema\\\/logo\\\/image\\\/\"},\"sameAs\":[\"https:\\\/\\\/www.facebook.com\\\/buletin.de.buc\",\"https:\\\/\\\/www.instagram.com\\\/buletinde.bucuresti\\\/\"]},{\"@type\":\"Person\",\"@id\":\"https:\\\/\\\/buletin.de\\\/bucuresti\\\/#\\\/schema\\\/person\\\/8badd0805392c02e16b744e0d5cd3625\",\"name\":\"Deniz Garguli\",\"image\":{\"@type\":\"ImageObject\",\"inLanguage\":\"en-GB\",\"@id\":\"https:\\\/\\\/buletin.de\\\/bucuresti\\\/wp-content\\\/uploads\\\/2026\\\/06\\\/BDB_Deniz-1-96x96.jpgba95f600d547b787bc58e580a19f8dac\",\"url\":\"https:\\\/\\\/buletin.de\\\/bucuresti\\\/wp-content\\\/uploads\\\/2026\\\/06\\\/BDB_Deniz-1-96x96.jpg\",\"contentUrl\":\"https:\\\/\\\/buletin.de\\\/bucuresti\\\/wp-content\\\/uploads\\\/2026\\\/06\\\/BDB_Deniz-1-96x96.jpg\",\"caption\":\"Deniz Garguli\"},\"description\":\"N\u0103scut\u0103 \u0219i crescut\u0103 \u00een Capital\u0103, dorin\u021ba de a fi la curent cu tot ce se \u00eent\u00e2mpl\u0103 \u00een Bucure\u0219ti a \u00eempins-o c\u0103tre pres\u0103, mai cu seam\u0103 c\u0103tre cea local\u0103. A lucrat vreme de patru ani la B365, unde s-a ocupat de \u0219tiri despre ora\u0219 \u0219i oamenii care locuiesc \u00een el. Din 2026 s-a al\u0103turat echipei Buletin de Bucure\u0219ti.\",\"url\":\"https:\\\/\\\/buletin.de\\\/bucuresti\\\/author\\\/deniz-garguli\\\/\"}]}<\/script>\n<!-- \/ Yoast SEO Premium plugin. -->","yoast_head_json":{"title":"La noapte se redeschide circula\u021bia pe Pasajul Basarab, dup\u0103 aproape trei luni de lucr\u0103ri. Tramvaiele revin de luni, odat\u0103 cu \u00eenceperea \u0219colii - Buletin de Bucure\u0219ti","description":"\u00cencep\u00e2nd din noaptea de duminic\u0103, 6 septembrie 2026, \u0219oferii din Bucure\u0219ti vor putea s\u0103 circule iar pe Pasajul Basarab.","robots":{"index":"index","follow":"follow","max-snippet":"max-snippet:-1","max-image-preview":"max-image-preview:large","max-video-preview":"max-video-preview:-1"},"canonical":"https:\/\/buletin.de\/bucuresti\/la-noapte-se-redeschide-circulatia-pe-pasajul-basarab-dupa-aproape-trei-luni-de-lucrari-tramvaiele-revin-de-luni-odata-cu-inceperea-scolii\/","og_locale":"en_GB","og_type":"article","og_title":"La noapte se redeschide circula\u021bia pe Pasajul Basarab, dup\u0103 aproape trei luni de lucr\u0103ri. Tramvaiele revin de luni, odat\u0103 cu \u00eenceperea \u0219colii","og_description":"\u00cencep\u00e2nd din noaptea de duminic\u0103, 6 septembrie 2026, \u0219oferii din Bucure\u0219ti vor putea s\u0103 circule iar pe Pasajul Basarab.","og_url":"https:\/\/buletin.de\/bucuresti\/la-noapte-se-redeschide-circulatia-pe-pasajul-basarab-dupa-aproape-trei-luni-de-lucrari-tramvaiele-revin-de-luni-odata-cu-inceperea-scolii\/","og_site_name":"Buletin de Bucure\u0219ti","article_publisher":"https:\/\/www.facebook.com\/buletin.de.buc","article_published_time":"2026-09-06T13:31:52+00:00","article_modified_time":"2026-09-06T13:31:53+00:00","og_image":[{"width":2048,"height":1365,"url":"https:\/\/buletin.de\/bucuresti\/wp-content\/uploads\/2026\/09\/Reluare-trafic-de-Pasajul-Basarab.jpeg","type":"image\/jpeg"}],"author":"Deniz Garguli","twitter_card":"summary_large_image","twitter_misc":{"Written by":"Deniz Garguli","Estimated reading time":"5 minutes"},"schema":{"@context":"https:\/\/schema.org","@graph":[{"@type":"Article","@id":"https:\/\/buletin.de\/bucuresti\/la-noapte-se-redeschide-circulatia-pe-pasajul-basarab-dupa-aproape-trei-luni-de-lucrari-tramvaiele-revin-de-luni-odata-cu-inceperea-scolii\/#article","isPartOf":{"@id":"https:\/\/buletin.de\/bucuresti\/la-noapte-se-redeschide-circulatia-pe-pasajul-basarab-dupa-aproape-trei-luni-de-lucrari-tramvaiele-revin-de-luni-odata-cu-inceperea-scolii\/"},"author":{"name":"Deniz Garguli","@id":"https:\/\/buletin.de\/bucuresti\/#\/schema\/person\/8badd0805392c02e16b744e0d5cd3625"},"headline":"La noapte se redeschide circula\u021bia pe Pasajul Basarab, dup\u0103 aproape trei luni de lucr\u0103ri. Tramvaiele revin de luni, odat\u0103 cu \u00eenceperea \u0219colii","datePublished":"2026-09-06T13:31:52+00:00","dateModified":"2026-09-06T13:31:53+00:00","mainEntityOfPage":{"@id":"https:\/\/buletin.de\/bucuresti\/la-noapte-se-redeschide-circulatia-pe-pasajul-basarab-dupa-aproape-trei-luni-de-lucrari-tramvaiele-revin-de-luni-odata-cu-inceperea-scolii\/"},"wordCount":1056,"publisher":{"@id":"https:\/\/buletin.de\/bucuresti\/#organization"},"image":{"@id":"https:\/\/buletin.de\/bucuresti\/la-noapte-se-redeschide-circulatia-pe-pasajul-basarab-dupa-aproape-trei-luni-de-lucrari-tramvaiele-revin-de-luni-odata-cu-inceperea-scolii\/#primaryimage"},"thumbnailUrl":"https:\/\/buletin.de\/bucuresti\/wp-content\/uploads\/2026\/09\/Reluare-trafic-de-Pasajul-Basarab.jpeg","keywords":["Bucure\u0219ti","lucr\u0103ri de consolidare","pasajul basarab","Prim\u0103ria Capitalei","Reluarea circula\u021biei","restric\u021bii ridicate","traficul rutier"],"articleSection":["Articole","Main","Transport"],"inLanguage":"en-GB","copyrightYear":"2026","copyrightHolder":{"@id":"https:\/\/buletin.de\/bucuresti\/#organization"}},{"@type":"WebPage","@id":"https:\/\/buletin.de\/bucuresti\/la-noapte-se-redeschide-circulatia-pe-pasajul-basarab-dupa-aproape-trei-luni-de-lucrari-tramvaiele-revin-de-luni-odata-cu-inceperea-scolii\/","url":"https:\/\/buletin.de\/bucuresti\/la-noapte-se-redeschide-circulatia-pe-pasajul-basarab-dupa-aproape-trei-luni-de-lucrari-tramvaiele-revin-de-luni-odata-cu-inceperea-scolii\/","name":"La noapte se redeschide circula\u021bia pe Pasajul Basarab, dup\u0103 aproape trei luni de lucr\u0103ri. Tramvaiele revin de luni, odat\u0103 cu \u00eenceperea \u0219colii - Buletin de Bucure\u0219ti","isPartOf":{"@id":"https:\/\/buletin.de\/bucuresti\/#website"},"primaryImageOfPage":{"@id":"https:\/\/buletin.de\/bucuresti\/la-noapte-se-redeschide-circulatia-pe-pasajul-basarab-dupa-aproape-trei-luni-de-lucrari-tramvaiele-revin-de-luni-odata-cu-inceperea-scolii\/#primaryimage"},"image":{"@id":"https:\/\/buletin.de\/bucuresti\/la-noapte-se-redeschide-circulatia-pe-pasajul-basarab-dupa-aproape-trei-luni-de-lucrari-tramvaiele-revin-de-luni-odata-cu-inceperea-scolii\/#primaryimage"},"thumbnailUrl":"https:\/\/buletin.de\/bucuresti\/wp-content\/uploads\/2026\/09\/Reluare-trafic-de-Pasajul-Basarab.jpeg","datePublished":"2026-09-06T13:31:52+00:00","dateModified":"2026-09-06T13:31:53+00:00","description":"\u00cencep\u00e2nd din noaptea de duminic\u0103, 6 septembrie 2026, \u0219oferii din Bucure\u0219ti vor putea s\u0103 circule iar pe Pasajul Basarab.","breadcrumb":{"@id":"https:\/\/buletin.de\/bucuresti\/la-noapte-se-redeschide-circulatia-pe-pasajul-basarab-dupa-aproape-trei-luni-de-lucrari-tramvaiele-revin-de-luni-odata-cu-inceperea-scolii\/#breadcrumb"},"inLanguage":"en-GB","potentialAction":[{"@type":"ReadAction","target":["https:\/\/buletin.de\/bucuresti\/la-noapte-se-redeschide-circulatia-pe-pasajul-basarab-dupa-aproape-trei-luni-de-lucrari-tramvaiele-revin-de-luni-odata-cu-inceperea-scolii\/"]}]},{"@type":"ImageObject","inLanguage":"en-GB","@id":"https:\/\/buletin.de\/bucuresti\/la-noapte-se-redeschide-circulatia-pe-pasajul-basarab-dupa-aproape-trei-luni-de-lucrari-tramvaiele-revin-de-luni-odata-cu-inceperea-scolii\/#primaryimage","url":"https:\/\/buletin.de\/bucuresti\/wp-content\/uploads\/2026\/09\/Reluare-trafic-de-Pasajul-Basarab.jpeg","contentUrl":"https:\/\/buletin.de\/bucuresti\/wp-content\/uploads\/2026\/09\/Reluare-trafic-de-Pasajul-Basarab.jpeg","width":2048,"height":1365,"caption":"Surs\u0103 foto: Prim\u0103ria Capitalei\/FB"},{"@type":"BreadcrumbList","@id":"https:\/\/buletin.de\/bucuresti\/la-noapte-se-redeschide-circulatia-pe-pasajul-basarab-dupa-aproape-trei-luni-de-lucrari-tramvaiele-revin-de-luni-odata-cu-inceperea-scolii\/#breadcrumb","itemListElement":[{"@type":"ListItem","position":1,"name":"Acas\u0103","item":"https:\/\/buletin.de\/bucuresti\/"},{"@type":"ListItem","position":2,"name":"La noapte se redeschide circula\u021bia pe Pasajul Basarab, dup\u0103 aproape trei luni de lucr\u0103ri. Tramvaiele revin de luni, odat\u0103 cu \u00eenceperea \u0219colii"}]},{"@type":"WebSite","@id":"https:\/\/buletin.de\/bucuresti\/#website","url":"https:\/\/buletin.de\/bucuresti\/","name":"Buletin de Bucure\u0219ti","description":"\u0218tiri \u0219i investiga\u021bii esen\u021biale din capital\u0103","publisher":{"@id":"https:\/\/buletin.de\/bucuresti\/#organization"},"potentialAction":[{"@type":"SearchAction","target":{"@type":"EntryPoint","urlTemplate":"https:\/\/buletin.de\/bucuresti\/?s={search_term_string}"},"query-input":{"@type":"PropertyValueSpecification","valueRequired":true,"valueName":"search_term_string"}}],"inLanguage":"en-GB"},{"@type":"Organization","@id":"https:\/\/buletin.de\/bucuresti\/#organization","name":"Buletin de Bucure\u0219ti","url":"https:\/\/buletin.de\/bucuresti\/","logo":{"@type":"ImageObject","inLanguage":"en-GB","@id":"https:\/\/buletin.de\/bucuresti\/#\/schema\/logo\/image\/","url":"https:\/\/buletin.de\/bucuresti\/wp-content\/uploads\/logo-bdb-full-wide-vernil-transparent.png","contentUrl":"https:\/\/buletin.de\/bucuresti\/wp-content\/uploads\/logo-bdb-full-wide-vernil-transparent.png","width":1782,"height":626,"caption":"Buletin de Bucure\u0219ti"},"image":{"@id":"https:\/\/buletin.de\/bucuresti\/#\/schema\/logo\/image\/"},"sameAs":["https:\/\/www.facebook.com\/buletin.de.buc","https:\/\/www.instagram.com\/buletinde.bucuresti\/"]},{"@type":"Person","@id":"https:\/\/buletin.de\/bucuresti\/#\/schema\/person\/8badd0805392c02e16b744e0d5cd3625","name":"Deniz Garguli","image":{"@type":"ImageObject","inLanguage":"en-GB","@id":"https:\/\/buletin.de\/bucuresti\/wp-content\/uploads\/2026\/06\/BDB_Deniz-1-96x96.jpgba95f600d547b787bc58e580a19f8dac","url":"https:\/\/buletin.de\/bucuresti\/wp-content\/uploads\/2026\/06\/BDB_Deniz-1-96x96.jpg","contentUrl":"https:\/\/buletin.de\/bucuresti\/wp-content\/uploads\/2026\/06\/BDB_Deniz-1-96x96.jpg","caption":"Deniz Garguli"},"description":"N\u0103scut\u0103 \u0219i crescut\u0103 \u00een Capital\u0103, dorin\u021ba de a fi la curent cu tot ce se \u00eent\u00e2mpl\u0103 \u00een Bucure\u0219ti a \u00eempins-o c\u0103tre pres\u0103, mai cu seam\u0103 c\u0103tre cea local\u0103. A lucrat vreme de patru ani la B365, unde s-a ocupat de \u0219tiri despre ora\u0219 \u0219i oamenii care locuiesc \u00een el. Din 2026 s-a al\u0103turat echipei Buletin de Bucure\u0219ti.","url":"https:\/\/buletin.de\/bucuresti\/author\/deniz-garguli\/"}]}},"authors":[{"term_id":26103,"user_id":66,"is_guest":0,"slug":"deniz-garguli","display_name":"Deniz Garguli","avatar_url":"https:\/\/buletin.de\/bucuresti\/wp-content\/uploads\/2026\/06\/BDB_Deniz-1-96x96.jpg","author_category":"","first_name":"Deniz","last_name":"Garguli","user_url":"","job_title":"","description":"N\u0103scut\u0103 \u0219i crescut\u0103 \u00een Capital\u0103, dorin\u021ba de a fi la curent cu tot ce se \u00eent\u00e2mpl\u0103 \u00een Bucure\u0219ti a \u00eempins-o c\u0103tre pres\u0103, mai cu seam\u0103 c\u0103tre cea local\u0103. A lucrat vreme de patru ani la B365, unde s-a ocupat de \u0219tiri despre ora\u0219 \u0219i oamenii care locuiesc \u00een el. Din 2026 s-a al\u0103turat echipei Buletin de Bucure\u0219ti."}],"_links":{"self":[{"href":"https:\/\/buletin.de\/bucuresti\/wp-json\/wp\/v2\/posts\/216275","targetHints":{"allow":["GET"]}}],"collection":[{"href":"https:\/\/buletin.de\/bucuresti\/wp-json\/wp\/v2\/posts"}],"about":[{"href":"https:\/\/buletin.de\/bucuresti\/wp-json\/wp\/v2\/types\/post"}],"author":[{"embeddable":true,"href":"https:\/\/buletin.de\/bucuresti\/wp-json\/wp\/v2\/users\/66"}],"replies":[{"embeddable":true,"href":"https:\/\/buletin.de\/bucuresti\/wp-json\/wp\/v2\/comments?post=216275"}],"version-history":[{"count":3,"href":"https:\/\/buletin.de\/bucuresti\/wp-json\/wp\/v2\/posts\/216275\/revisions"}],"predecessor-version":[{"id":216281,"href":"https:\/\/buletin.de\/bucuresti\/wp-json\/wp\/v2\/posts\/216275\/revisions\/216281"}],"wp:featuredmedia":[{"embeddable":true,"href":"https:\/\/buletin.de\/bucuresti\/wp-json\/wp\/v2\/media\/216279"}],"wp:attachment":[{"href":"https:\/\/buletin.de\/bucuresti\/wp-json\/wp\/v2\/media?parent=216275"}],"wp:term":[{"taxonomy":"category","embeddable":true,"href":"https:\/\/buletin.de\/bucuresti\/wp-json\/wp\/v2\/categories?post=216275"},{"taxonomy":"post_tag","embeddable":true,"href":"https:\/\/buletin.de\/bucuresti\/wp-json\/wp\/v2\/tags?post=216275"},{"taxonomy":"author","embeddable":true,"href":"https:\/\/buletin.de\/bucuresti\/wp-json\/wp\/v2\/ppma_author?post=216275"}],"curies":[{"name":"wp","href":"https:\/\/api.w.org\/{rel}","templated":true}]}}